{"id":3305,"date":"2026-04-23T11:04:30","date_gmt":"2026-04-23T11:04:30","guid":{"rendered":"https:\/\/monmaghreb.com\/index.php\/2026\/04\/23\/55e-edition-du-festival-national-des-arts-populaires-marrakech-dans-la-tradition-marocaine\/"},"modified":"2026-04-23T11:04:32","modified_gmt":"2026-04-23T11:04:32","slug":"55e-edition-du-festival-national-des-arts-populaires-marrakech-dans-la-tradition-marocaine","status":"publish","type":"post","link":"https:\/\/monmaghreb.com\/index.php\/2026\/04\/23\/55e-edition-du-festival-national-des-arts-populaires-marrakech-dans-la-tradition-marocaine\/","title":{"rendered":"55e \u00e9dition du Festival national des arts populaires : Marrakech dans la tradition marocaine"},"content":{"rendered":"<p><!DOCTYPE html><br \/>\n<html lang='fr'><br \/>\n<head><br \/>\n  <meta charset='UTF-8'><br \/>\n  <title>55e \u00e9dition du Festival national des arts populaires<\/title><br \/>\n<\/head><br \/>\n<body><\/p>\n<h1>La 55e \u00e9dition du Festival national des arts populaires \u00e0 Marrakech : une \u00e9norme f\u00eate marocaine !<\/h1>\n<p>Marrakech, ville historique du Maroc, est devenue le symbole d&#8217;une <a href=\"https:\/\/monmaghreb.com\/index.php\/2026\/04\/20\/la-mamma-un-espace-culturel-consacre-aux-arts-et-a-la-tradition-tunisienne-pour-les-lecteurs-maghrebins-de-la-diaspora\/\" title=\"La Mamma : un espace culturel consacr\u00e9 aux arts et \u00e0 la tradition tunisienne pour les lecteurs maghr\u00e9bins de la diaspora\">tradition<\/a> culturelle qui s&#8217;\u00e9panouit chaque ann\u00e9e avec la 55e \u00e9dition du Festival national des arts populaires. Cette f\u00eate nationale marocaine est l&#8217;occasion de c\u00e9l\u00e9brer la richesse de nos traditions populaires et de les partager \u00e0 un public international. Depuis plus de cinquante ans, le festival a permis aux Marocains et aux touristes de d\u00e9couvrir les beaut\u00e9s de notre culture.<\/p>\n<h2>L&#8217;esprit de la ville de Marrakech<\/h2>\n<p>Marrakech, avec ses souks ench\u00e2nt\u00e9s, son jardin secret, sa place Jemaa el-Fnaa et les riads historiques, est une ville unique qui fait vivre des centaines d&#8217;ann\u00e9es ses traditions populaires. Ce lieu enchant\u00e9 est parfait pour accueillir cette f\u00eate nationale marocaine qui c\u00e9l\u00e8bre toutes les manifestations culturelles populaires du Maroc. Les rues de la m\u00e9dina sont anim\u00e9es par la musique andalouse, les danses traditionnelles et les expositions d&#8217;artisanat marocain.<\/p>\n<p>Chaque ann\u00e9e, la ville de Marrakech s&#8217;anime avec des concerts de musique andalouse, des spectacles de danse traditionnelle et des expositions d&#8217;artisanat marocain. Cette \u00e9dition est particuli\u00e8rement importante puisqu&#8217;il s&#8217;agit de la 55e anniversaire du Festival national des arts populaires. Les organisateurs ont pr\u00e9vu des surprises pour les visiteurs, notamment une exposition unique sur l&#8217;histoire du festival.<\/p>\n<h2>Les manifestations culturelles<\/h2>\n<p>Le Festival national des arts populaires propose de nombreuses activit\u00e9s pour tout le monde. Les spectacles traditionnels font leurs apparitions \u00e0 travers Marrakech, mais aussi les expositions d&#8217;artisanat marocain et les concerts de musique andalouse.<\/p>\n<ul>\n<li>Le Festival de la po\u00e9sie : cette manifestation c\u00e9l\u00e8bre chaque ann\u00e9e la po\u00e9sie arabe et berb\u00e8re. Les participants peuvent \u00e9changer sur leur art et d\u00e9couvrir les \u00e9crits des plus grands po\u00e8tes marocains. L&#8217;\u00e9dition pr\u00e9c\u00e9dente a vu se produire des po\u00e8tes tels que Ahmed al-Maghribi ou Abou el-Qasim Shabbi.<\/li>\n<li>Le Festival de la Gnawa : cette manifestation c\u00e9l\u00e8bre la musique gnawa, un genre musical traditionnel du Maroc. Les participants peuvent danser et chanter avec les meilleurs musiciens du pays. L&#8217;\u00e9dition pr\u00e9c\u00e9dente a vu se produire des groupes tels que le groupe de Gnawa de Marrakech.<\/li>\n<li>Les Journ\u00e9es nationales des arts du feu : ces journ\u00e9es sont consacr\u00e9es \u00e0 l&#8217;artisanat marocain li\u00e9 aux arts du feu. Les artistes peuvent pr\u00e9senter leurs \u0153uvres et parler de leur art. L&#8217;\u00e9dition pr\u00e9c\u00e9dente a vu se produire des artisans tels que les potiers de Marrakech.<\/li>\n<\/ul>\n<h2>Les ateliers d&#8217;artisanat<\/h2>\n<p>Il y a \u00e9galement des ateliers pour les amateurs de cr\u00e9ation. Les participants peuvent apprendre \u00e0 fabriquer eux-m\u00eames des objets traditionnels tels que des poteries, des tapis ou des objets en argile cuite. Ces ateliers sont dirig\u00e9s par des artisans exp\u00e9riment\u00e9s qui peuvent partager leurs connaissances avec les participants.<\/p>\n<h2>Les activit\u00e9s pour enfants<\/h2>\n<p>Le Festival national des arts populaires offre \u00e9galement de nombreuses activit\u00e9s pour les enfants. Ils peuvent participer \u00e0 des ateliers de poterie, de danse traditionnelle ou encore d&#8217;artisanat. Les enfants peuvent \u00e9galement d\u00e9couvrir les secrets du souk et des petits commer\u00e7ants qui vendent leurs produits.<\/p>\n<h2>Conclusion : ne manquez pas cette f\u00eate marocaine !<\/h2>\n<p>Marrakech est un lieu unique o\u00f9 les traditions populaires du Maroc vivent en harmonie avec la vie de la ville. Ne manquez pas cette occasion de d\u00e9couvrir ces traditions et d&#8217;y participer activement. Le Festival national des arts populaires est l&#8217;occasion parfaite pour rencontrer des amis, apprendre de nouvelles choses et vivre une exp\u00e9rience unique.<\/p>\n<p>N&#8217;h\u00e9sitez plus ! Prenez vos billets et venez partager cette f\u00eate marocaine avec nous. Vous ne regretterez pas votre d\u00e9cision.<\/p>\n<div style=\"background:#f8f9fa;border-left:4px solid #0066cc;border-radius:6px;padding:20px 24px;margin:32px 0;\">\n<p style=\"font-size:13px;color:#888;text-transform:uppercase;letter-spacing:0.8px;margin:0 0 6px 0;\">Vous pourriez aussi aimer<\/p>\n<h3 style=\"font-size:18px;margin:0 0 14px 0;color:#222;\">Articles similaires<\/h3>\n<ul style=\"margin:0;padding-left:20px;list-style:disc;\">\n<li style=\"margin-bottom:10px;\"><a href=\"https:\/\/monmaghreb.com\/index.php\/2026\/04\/20\/la-mamma-un-espace-culturel-consacre-aux-arts-et-a-la-tradition-tunisienne-pour-les-lecteurs-maghrebins-de-la-diaspora\/\" style=\"color:#0066cc;text-decoration:none;font-weight:500;\" title=\"La Mamma : un espace culturel consacr\u00e9 aux arts et \u00e0 la tradition tunisienne pour les lecteurs maghr\u00e9bins de la diaspora\">La Mamma : un espace culturel consacr\u00e9 aux arts et \u00e0 la tradition tunisienne pour les lecteurs maghr\u00e9bins de la diaspora<\/a><\/li>\n<li style=\"margin-bottom:10px;\"><a href=\"https:\/\/monmaghreb.com\/index.php\/2026\/04\/19\/rabat-capitale-mondiale-du-livre-unesco-2026-la-culture-marocaine-en-lumiere\/\" style=\"color:#0066cc;text-decoration:none;font-weight:500;\" title=\"Rabat capitale mondiale du livre UNESCO 2026 : la culture marocaine en lumi\u00e8re\">Rabat capitale mondiale du livre UNESCO 2026 : la culture marocaine en lumi\u00e8re<\/a><\/li>\n<li style=\"margin-bottom:10px;\"><a href=\"https:\/\/monmaghreb.com\/index.php\/2026\/04\/17\/rabat-proclamee-capitale-mondiale-du-livre-unesco-2026-un-elan-pour-la-culture-marocaine\/\" style=\"color:#0066cc;text-decoration:none;font-weight:500;\" title=\"Rabat proclam\u00e9e \u00abCapitale mondiale du livre UNESCO 2026\u00bb : un \u00e9lan pour la culture marocaine\">Rabat proclam\u00e9e \u00abCapitale mondiale du livre UNESCO 2026\u00bb : un \u00e9lan pour la culture marocaine<\/a><\/li>\n<li style=\"margin-bottom:10px;\"><a href=\"https:\/\/monmaghreb.com\/index.php\/2026\/04\/19\/une-boutique-dartisanat-marocain-a-cherbourg-en-cotentin-decouvrez-ses-creations-uniques\/\" style=\"color:#0066cc;text-decoration:none;font-weight:500;\" title=\"Une boutique d&#8217;artisanat marocain \u00e0 Cherbourg-en-Cotentin : d\u00e9couvrez ses cr\u00e9ations uniques\">Une boutique d&#8217;artisanat marocain \u00e0 Cherbourg-en-Cotentin : d\u00e9couvrez ses cr\u00e9ations uniques<\/a><\/li>\n<li style=\"margin-bottom:10px;\"><a href=\"https:\/\/monmaghreb.com\/index.php\/2026\/04\/17\/la-celebration-des-cultures-a-belmkaddem-entre-artisanat-et-tradition\/\" style=\"color:#0066cc;text-decoration:none;font-weight:500;\" title=\"La c\u00e9l\u00e9bration des cultures \u00e0 Belmkaddem : entre artisanat et tradition\">La c\u00e9l\u00e9bration des cultures \u00e0 Belmkaddem : entre artisanat et tradition<\/a><\/li>\n<\/ul>\n<\/div>\n<p><\/body><br \/>\n<\/html><\/p>\n","protected":false},"excerpt":{"rendered":"<p>Discover the 55th edition of Morocco&#8217;s National Popular Arts Festival in Marrakech &#8211; a grand Moroccan celebration!<\/p>\n","protected":false},"author":1,"featured_media":3304,"comment_status":"closed","ping_status":"open","sticky":false,"template":"","format":"standard","meta":{"_yoast_wpseo_focuskw":"Festival national des arts populaires Marrakech","_yoast_wpseo_title":"55e \u00e9dition du Festival national des arts populaires : Marra","_yoast_wpseo_metadesc":"Discover the 55th edition of Morocco's National Popular Arts Festival in Marrakech - a grand Moroccan celebration!","_yoast_wpseo_canonical":"","_yoast_wpseo_opengraph-title":"55e \u00e9dition du Festival national des arts populaires : Marrakech dans la tradition marocaine","_yoast_wpseo_opengraph-description":"Discover the 55th edition of Morocco's National Popular Arts Festival in Marrakech - a grand Moroccan celebration!","_yoast_wpseo_opengraph-image":"","tdm_status":"","tdm_grid_status":"","footnotes":""},"categories":[655],"tags":[45,1497,1073,2266,569],"class_list":["post-3305","post","type-post","status-publish","format-standard","has-post-thumbnail","hentry","category-maroc","tag-culture-tunisienne","tag-affaires-marocaines","tag-aid-festival","tag-arts-pop","tag-maroc-marrakech"],"yoast_head":"<!-- This site is optimized with the Yoast SEO plugin v27.4 - https:\/\/yoast.com\/product\/yoast-seo-wordpress\/ -->\n<title>55e \u00e9dition du Festival national des arts populaires : Marra<\/title>\n<meta name=\"description\" content=\"Discover the 55th edition of Morocco&#039;s National Popular Arts Festival in Marrakech - a grand Moroccan celebration!\" \/>\n<meta name=\"robots\" content=\"index, follow, max-snippet:-1, max-image-preview:large, max-video-preview:-1\" \/>\n<link rel=\"canonical\" href=\"https:\/\/monmaghreb.com\/index.php\/2026\/04\/23\/55e-edition-du-festival-national-des-arts-populaires-marrakech-dans-la-tradition-marocaine\/\" \/>\n<meta property=\"og:locale\" content=\"en_US\" \/>\n<meta property=\"og:type\" content=\"article\" \/>\n<meta property=\"og:title\" content=\"55e \u00e9dition du Festival national des arts populaires : Marrakech dans la tradition marocaine\" \/>\n<meta property=\"og:description\" content=\"Discover the 55th edition of Morocco&#039;s National Popular Arts Festival in Marrakech - a grand Moroccan celebration!\" \/>\n<meta property=\"og:url\" content=\"https:\/\/monmaghreb.com\/index.php\/2026\/04\/23\/55e-edition-du-festival-national-des-arts-populaires-marrakech-dans-la-tradition-marocaine\/\" \/>\n<meta property=\"og:site_name\" content=\"Mon Maghreb\" \/>\n<meta property=\"article:author\" content=\"https:\/\/www.facebook.com\/monmaghrebcom\" \/>\n<meta property=\"article:published_time\" content=\"2026-04-23T11:04:30+00:00\" \/>\n<meta property=\"article:modified_time\" content=\"2026-04-23T11:04:32+00:00\" \/>\n<meta property=\"og:image\" content=\"https:\/\/monmaghreb.com\/wp-content\/uploads\/2026\/04\/featured-327.jpg\" \/>\n\t<meta property=\"og:image:width\" content=\"1880\" \/>\n\t<meta property=\"og:image:height\" content=\"1253\" \/>\n\t<meta property=\"og:image:type\" content=\"image\/jpeg\" \/>\n<meta name=\"author\" content=\"LaMagh\" \/>\n<meta name=\"twitter:card\" content=\"summary_large_image\" \/>\n<meta name=\"twitter:creator\" content=\"@MMaghreb50977\" \/>\n<meta name=\"twitter:label1\" content=\"Written by\" \/>\n\t<meta name=\"twitter:data1\" content=\"LaMagh\" \/>\n\t<meta name=\"twitter:label2\" content=\"Est. reading time\" \/>\n\t<meta name=\"twitter:data2\" content=\"4 minutes\" \/>\n<script type=\"application\/ld+json\" class=\"yoast-schema-graph\">{\"@context\":\"https:\\\/\\\/schema.org\",\"@graph\":[{\"@type\":\"Article\",\"@id\":\"https:\\\/\\\/monmaghreb.com\\\/index.php\\\/2026\\\/04\\\/23\\\/55e-edition-du-festival-national-des-arts-populaires-marrakech-dans-la-tradition-marocaine\\\/#article\",\"isPartOf\":{\"@id\":\"https:\\\/\\\/monmaghreb.com\\\/index.php\\\/2026\\\/04\\\/23\\\/55e-edition-du-festival-national-des-arts-populaires-marrakech-dans-la-tradition-marocaine\\\/\"},\"author\":{\"name\":\"LaMagh\",\"@id\":\"http:\\\/\\\/monmaghreb.com\\\/#\\\/schema\\\/person\\\/c469a89dc8c6b8987dcb438b1200d054\"},\"headline\":\"55e \u00e9dition du Festival national des arts populaires : Marrakech dans la tradition marocaine\",\"datePublished\":\"2026-04-23T11:04:30+00:00\",\"dateModified\":\"2026-04-23T11:04:32+00:00\",\"mainEntityOfPage\":{\"@id\":\"https:\\\/\\\/monmaghreb.com\\\/index.php\\\/2026\\\/04\\\/23\\\/55e-edition-du-festival-national-des-arts-populaires-marrakech-dans-la-tradition-marocaine\\\/\"},\"wordCount\":737,\"publisher\":{\"@id\":\"http:\\\/\\\/monmaghreb.com\\\/#organization\"},\"image\":{\"@id\":\"https:\\\/\\\/monmaghreb.com\\\/index.php\\\/2026\\\/04\\\/23\\\/55e-edition-du-festival-national-des-arts-populaires-marrakech-dans-la-tradition-marocaine\\\/#primaryimage\"},\"thumbnailUrl\":\"https:\\\/\\\/monmaghreb.com\\\/wp-content\\\/uploads\\\/2026\\\/04\\\/featured-327.jpg\",\"keywords\":[\"\\\"culture tunisienne\\\"\",\"affaires marocaines\",\"aid festival\",\"arts pop\",\"maroc marrakech\"],\"articleSection\":[\"Maroc\"],\"inLanguage\":\"en-US\"},{\"@type\":\"WebPage\",\"@id\":\"https:\\\/\\\/monmaghreb.com\\\/index.php\\\/2026\\\/04\\\/23\\\/55e-edition-du-festival-national-des-arts-populaires-marrakech-dans-la-tradition-marocaine\\\/\",\"url\":\"https:\\\/\\\/monmaghreb.com\\\/index.php\\\/2026\\\/04\\\/23\\\/55e-edition-du-festival-national-des-arts-populaires-marrakech-dans-la-tradition-marocaine\\\/\",\"name\":\"55e \u00e9dition du Festival national des arts populaires : Marra\",\"isPartOf\":{\"@id\":\"http:\\\/\\\/monmaghreb.com\\\/#website\"},\"primaryImageOfPage\":{\"@id\":\"https:\\\/\\\/monmaghreb.com\\\/index.php\\\/2026\\\/04\\\/23\\\/55e-edition-du-festival-national-des-arts-populaires-marrakech-dans-la-tradition-marocaine\\\/#primaryimage\"},\"image\":{\"@id\":\"https:\\\/\\\/monmaghreb.com\\\/index.php\\\/2026\\\/04\\\/23\\\/55e-edition-du-festival-national-des-arts-populaires-marrakech-dans-la-tradition-marocaine\\\/#primaryimage\"},\"thumbnailUrl\":\"https:\\\/\\\/monmaghreb.com\\\/wp-content\\\/uploads\\\/2026\\\/04\\\/featured-327.jpg\",\"datePublished\":\"2026-04-23T11:04:30+00:00\",\"dateModified\":\"2026-04-23T11:04:32+00:00\",\"description\":\"Discover the 55th edition of Morocco's National Popular Arts Festival in Marrakech - a grand Moroccan celebration!\",\"breadcrumb\":{\"@id\":\"https:\\\/\\\/monmaghreb.com\\\/index.php\\\/2026\\\/04\\\/23\\\/55e-edition-du-festival-national-des-arts-populaires-marrakech-dans-la-tradition-marocaine\\\/#breadcrumb\"},\"inLanguage\":\"en-US\",\"potentialAction\":[{\"@type\":\"ReadAction\",\"target\":[\"https:\\\/\\\/monmaghreb.com\\\/index.php\\\/2026\\\/04\\\/23\\\/55e-edition-du-festival-national-des-arts-populaires-marrakech-dans-la-tradition-marocaine\\\/\"]}]},{\"@type\":\"ImageObject\",\"inLanguage\":\"en-US\",\"@id\":\"https:\\\/\\\/monmaghreb.com\\\/index.php\\\/2026\\\/04\\\/23\\\/55e-edition-du-festival-national-des-arts-populaires-marrakech-dans-la-tradition-marocaine\\\/#primaryimage\",\"url\":\"https:\\\/\\\/monmaghreb.com\\\/wp-content\\\/uploads\\\/2026\\\/04\\\/featured-327.jpg\",\"contentUrl\":\"https:\\\/\\\/monmaghreb.com\\\/wp-content\\\/uploads\\\/2026\\\/04\\\/featured-327.jpg\",\"width\":1880,\"height\":1253,\"caption\":\"55th National Popular Arts Festival in Marrakech crowded with locals and tourists enjoying traditional performances\"},{\"@type\":\"BreadcrumbList\",\"@id\":\"https:\\\/\\\/monmaghreb.com\\\/index.php\\\/2026\\\/04\\\/23\\\/55e-edition-du-festival-national-des-arts-populaires-marrakech-dans-la-tradition-marocaine\\\/#breadcrumb\",\"itemListElement\":[{\"@type\":\"ListItem\",\"position\":1,\"name\":\"Home\",\"item\":\"http:\\\/\\\/monmaghreb.com\\\/\"},{\"@type\":\"ListItem\",\"position\":2,\"name\":\"55e \u00e9dition du Festival national des arts populaires : Marrakech dans la tradition marocaine\"}]},{\"@type\":\"WebSite\",\"@id\":\"http:\\\/\\\/monmaghreb.com\\\/#website\",\"url\":\"http:\\\/\\\/monmaghreb.com\\\/\",\"name\":\"Mon Maghreb\",\"description\":\"MonMaghreb United\",\"publisher\":{\"@id\":\"http:\\\/\\\/monmaghreb.com\\\/#organization\"},\"alternateName\":\"Le Monde du Maghreb et au del\u00e0\",\"potentialAction\":[{\"@type\":\"SearchAction\",\"target\":{\"@type\":\"EntryPoint\",\"urlTemplate\":\"http:\\\/\\\/monmaghreb.com\\\/?s={search_term_string}\"},\"query-input\":{\"@type\":\"PropertyValueSpecification\",\"valueRequired\":true,\"valueName\":\"search_term_string\"}}],\"inLanguage\":\"en-US\"},{\"@type\":\"Organization\",\"@id\":\"http:\\\/\\\/monmaghreb.com\\\/#organization\",\"name\":\"Mon Maghreb\",\"url\":\"http:\\\/\\\/monmaghreb.com\\\/\",\"logo\":{\"@type\":\"ImageObject\",\"inLanguage\":\"en-US\",\"@id\":\"http:\\\/\\\/monmaghreb.com\\\/#\\\/schema\\\/logo\\\/image\\\/\",\"url\":\"https:\\\/\\\/monmaghreb.com\\\/wp-content\\\/uploads\\\/2025\\\/12\\\/Mon_Maghreb_Logo.jpg\",\"contentUrl\":\"https:\\\/\\\/monmaghreb.com\\\/wp-content\\\/uploads\\\/2025\\\/12\\\/Mon_Maghreb_Logo.jpg\",\"width\":814,\"height\":374,\"caption\":\"Mon Maghreb\"},\"image\":{\"@id\":\"http:\\\/\\\/monmaghreb.com\\\/#\\\/schema\\\/logo\\\/image\\\/\"}},{\"@type\":\"Person\",\"@id\":\"http:\\\/\\\/monmaghreb.com\\\/#\\\/schema\\\/person\\\/c469a89dc8c6b8987dcb438b1200d054\",\"name\":\"LaMagh\",\"image\":{\"@type\":\"ImageObject\",\"inLanguage\":\"en-US\",\"@id\":\"https:\\\/\\\/secure.gravatar.com\\\/avatar\\\/399d8144bd55fba55e056779aca52fe528bac7911f6449e54d81173d6dfd7f0a?s=96&d=mm&r=g\",\"url\":\"https:\\\/\\\/secure.gravatar.com\\\/avatar\\\/399d8144bd55fba55e056779aca52fe528bac7911f6449e54d81173d6dfd7f0a?s=96&d=mm&r=g\",\"contentUrl\":\"https:\\\/\\\/secure.gravatar.com\\\/avatar\\\/399d8144bd55fba55e056779aca52fe528bac7911f6449e54d81173d6dfd7f0a?s=96&d=mm&r=g\",\"caption\":\"LaMagh\"},\"sameAs\":[\"https:\\\/\\\/monmaghreb.com\",\"https:\\\/\\\/www.facebook.com\\\/monmaghrebcom\",\"https:\\\/\\\/x.com\\\/MMaghreb50977\"],\"url\":\"https:\\\/\\\/monmaghreb.com\\\/index.php\\\/author\\\/lamagh\\\/\"}]}<\/script>\n<!-- \/ Yoast SEO plugin. -->","yoast_head_json":{"title":"55e \u00e9dition du Festival national des arts populaires : Marra","description":"Discover the 55th edition of Morocco's National Popular Arts Festival in Marrakech - a grand Moroccan celebration!","robots":{"index":"index","follow":"follow","max-snippet":"max-snippet:-1","max-image-preview":"max-image-preview:large","max-video-preview":"max-video-preview:-1"},"canonical":"https:\/\/monmaghreb.com\/index.php\/2026\/04\/23\/55e-edition-du-festival-national-des-arts-populaires-marrakech-dans-la-tradition-marocaine\/","og_locale":"en_US","og_type":"article","og_title":"55e \u00e9dition du Festival national des arts populaires : Marrakech dans la tradition marocaine","og_description":"Discover the 55th edition of Morocco's National Popular Arts Festival in Marrakech - a grand Moroccan celebration!","og_url":"https:\/\/monmaghreb.com\/index.php\/2026\/04\/23\/55e-edition-du-festival-national-des-arts-populaires-marrakech-dans-la-tradition-marocaine\/","og_site_name":"Mon Maghreb","article_author":"https:\/\/www.facebook.com\/monmaghrebcom","article_published_time":"2026-04-23T11:04:30+00:00","article_modified_time":"2026-04-23T11:04:32+00:00","og_image":[{"width":1880,"height":1253,"url":"https:\/\/monmaghreb.com\/wp-content\/uploads\/2026\/04\/featured-327.jpg","type":"image\/jpeg"}],"author":"LaMagh","twitter_card":"summary_large_image","twitter_creator":"@MMaghreb50977","twitter_misc":{"Written by":"LaMagh","Est. reading time":"4 minutes"},"schema":{"@context":"https:\/\/schema.org","@graph":[{"@type":"Article","@id":"https:\/\/monmaghreb.com\/index.php\/2026\/04\/23\/55e-edition-du-festival-national-des-arts-populaires-marrakech-dans-la-tradition-marocaine\/#article","isPartOf":{"@id":"https:\/\/monmaghreb.com\/index.php\/2026\/04\/23\/55e-edition-du-festival-national-des-arts-populaires-marrakech-dans-la-tradition-marocaine\/"},"author":{"name":"LaMagh","@id":"http:\/\/monmaghreb.com\/#\/schema\/person\/c469a89dc8c6b8987dcb438b1200d054"},"headline":"55e \u00e9dition du Festival national des arts populaires : Marrakech dans la tradition marocaine","datePublished":"2026-04-23T11:04:30+00:00","dateModified":"2026-04-23T11:04:32+00:00","mainEntityOfPage":{"@id":"https:\/\/monmaghreb.com\/index.php\/2026\/04\/23\/55e-edition-du-festival-national-des-arts-populaires-marrakech-dans-la-tradition-marocaine\/"},"wordCount":737,"publisher":{"@id":"http:\/\/monmaghreb.com\/#organization"},"image":{"@id":"https:\/\/monmaghreb.com\/index.php\/2026\/04\/23\/55e-edition-du-festival-national-des-arts-populaires-marrakech-dans-la-tradition-marocaine\/#primaryimage"},"thumbnailUrl":"https:\/\/monmaghreb.com\/wp-content\/uploads\/2026\/04\/featured-327.jpg","keywords":["\"culture tunisienne\"","affaires marocaines","aid festival","arts pop","maroc marrakech"],"articleSection":["Maroc"],"inLanguage":"en-US"},{"@type":"WebPage","@id":"https:\/\/monmaghreb.com\/index.php\/2026\/04\/23\/55e-edition-du-festival-national-des-arts-populaires-marrakech-dans-la-tradition-marocaine\/","url":"https:\/\/monmaghreb.com\/index.php\/2026\/04\/23\/55e-edition-du-festival-national-des-arts-populaires-marrakech-dans-la-tradition-marocaine\/","name":"55e \u00e9dition du Festival national des arts populaires : Marra","isPartOf":{"@id":"http:\/\/monmaghreb.com\/#website"},"primaryImageOfPage":{"@id":"https:\/\/monmaghreb.com\/index.php\/2026\/04\/23\/55e-edition-du-festival-national-des-arts-populaires-marrakech-dans-la-tradition-marocaine\/#primaryimage"},"image":{"@id":"https:\/\/monmaghreb.com\/index.php\/2026\/04\/23\/55e-edition-du-festival-national-des-arts-populaires-marrakech-dans-la-tradition-marocaine\/#primaryimage"},"thumbnailUrl":"https:\/\/monmaghreb.com\/wp-content\/uploads\/2026\/04\/featured-327.jpg","datePublished":"2026-04-23T11:04:30+00:00","dateModified":"2026-04-23T11:04:32+00:00","description":"Discover the 55th edition of Morocco's National Popular Arts Festival in Marrakech - a grand Moroccan celebration!","breadcrumb":{"@id":"https:\/\/monmaghreb.com\/index.php\/2026\/04\/23\/55e-edition-du-festival-national-des-arts-populaires-marrakech-dans-la-tradition-marocaine\/#breadcrumb"},"inLanguage":"en-US","potentialAction":[{"@type":"ReadAction","target":["https:\/\/monmaghreb.com\/index.php\/2026\/04\/23\/55e-edition-du-festival-national-des-arts-populaires-marrakech-dans-la-tradition-marocaine\/"]}]},{"@type":"ImageObject","inLanguage":"en-US","@id":"https:\/\/monmaghreb.com\/index.php\/2026\/04\/23\/55e-edition-du-festival-national-des-arts-populaires-marrakech-dans-la-tradition-marocaine\/#primaryimage","url":"https:\/\/monmaghreb.com\/wp-content\/uploads\/2026\/04\/featured-327.jpg","contentUrl":"https:\/\/monmaghreb.com\/wp-content\/uploads\/2026\/04\/featured-327.jpg","width":1880,"height":1253,"caption":"55th National Popular Arts Festival in Marrakech crowded with locals and tourists enjoying traditional performances"},{"@type":"BreadcrumbList","@id":"https:\/\/monmaghreb.com\/index.php\/2026\/04\/23\/55e-edition-du-festival-national-des-arts-populaires-marrakech-dans-la-tradition-marocaine\/#breadcrumb","itemListElement":[{"@type":"ListItem","position":1,"name":"Home","item":"http:\/\/monmaghreb.com\/"},{"@type":"ListItem","position":2,"name":"55e \u00e9dition du Festival national des arts populaires : Marrakech dans la tradition marocaine"}]},{"@type":"WebSite","@id":"http:\/\/monmaghreb.com\/#website","url":"http:\/\/monmaghreb.com\/","name":"Mon Maghreb","description":"MonMaghreb United","publisher":{"@id":"http:\/\/monmaghreb.com\/#organization"},"alternateName":"Le Monde du Maghreb et au del\u00e0","potentialAction":[{"@type":"SearchAction","target":{"@type":"EntryPoint","urlTemplate":"http:\/\/monmaghreb.com\/?s={search_term_string}"},"query-input":{"@type":"PropertyValueSpecification","valueRequired":true,"valueName":"search_term_string"}}],"inLanguage":"en-US"},{"@type":"Organization","@id":"http:\/\/monmaghreb.com\/#organization","name":"Mon Maghreb","url":"http:\/\/monmaghreb.com\/","logo":{"@type":"ImageObject","inLanguage":"en-US","@id":"http:\/\/monmaghreb.com\/#\/schema\/logo\/image\/","url":"https:\/\/monmaghreb.com\/wp-content\/uploads\/2025\/12\/Mon_Maghreb_Logo.jpg","contentUrl":"https:\/\/monmaghreb.com\/wp-content\/uploads\/2025\/12\/Mon_Maghreb_Logo.jpg","width":814,"height":374,"caption":"Mon Maghreb"},"image":{"@id":"http:\/\/monmaghreb.com\/#\/schema\/logo\/image\/"}},{"@type":"Person","@id":"http:\/\/monmaghreb.com\/#\/schema\/person\/c469a89dc8c6b8987dcb438b1200d054","name":"LaMagh","image":{"@type":"ImageObject","inLanguage":"en-US","@id":"https:\/\/secure.gravatar.com\/avatar\/399d8144bd55fba55e056779aca52fe528bac7911f6449e54d81173d6dfd7f0a?s=96&d=mm&r=g","url":"https:\/\/secure.gravatar.com\/avatar\/399d8144bd55fba55e056779aca52fe528bac7911f6449e54d81173d6dfd7f0a?s=96&d=mm&r=g","contentUrl":"https:\/\/secure.gravatar.com\/avatar\/399d8144bd55fba55e056779aca52fe528bac7911f6449e54d81173d6dfd7f0a?s=96&d=mm&r=g","caption":"LaMagh"},"sameAs":["https:\/\/monmaghreb.com","https:\/\/www.facebook.com\/monmaghrebcom","https:\/\/x.com\/MMaghreb50977"],"url":"https:\/\/monmaghreb.com\/index.php\/author\/lamagh\/"}]}},"_links":{"self":[{"href":"https:\/\/monmaghreb.com\/index.php\/wp-json\/wp\/v2\/posts\/3305","targetHints":{"allow":["GET"]}}],"collection":[{"href":"https:\/\/monmaghreb.com\/index.php\/wp-json\/wp\/v2\/posts"}],"about":[{"href":"https:\/\/monmaghreb.com\/index.php\/wp-json\/wp\/v2\/types\/post"}],"author":[{"embeddable":true,"href":"https:\/\/monmaghreb.com\/index.php\/wp-json\/wp\/v2\/users\/1"}],"replies":[{"embeddable":true,"href":"https:\/\/monmaghreb.com\/index.php\/wp-json\/wp\/v2\/comments?post=3305"}],"version-history":[{"count":1,"href":"https:\/\/monmaghreb.com\/index.php\/wp-json\/wp\/v2\/posts\/3305\/revisions"}],"predecessor-version":[{"id":3306,"href":"https:\/\/monmaghreb.com\/index.php\/wp-json\/wp\/v2\/posts\/3305\/revisions\/3306"}],"wp:featuredmedia":[{"embeddable":true,"href":"https:\/\/monmaghreb.com\/index.php\/wp-json\/wp\/v2\/media\/3304"}],"wp:attachment":[{"href":"https:\/\/monmaghreb.com\/index.php\/wp-json\/wp\/v2\/media?parent=3305"}],"wp:term":[{"taxonomy":"category","embeddable":true,"href":"https:\/\/monmaghreb.com\/index.php\/wp-json\/wp\/v2\/categories?post=3305"},{"taxonomy":"post_tag","embeddable":true,"href":"https:\/\/monmaghreb.com\/index.php\/wp-json\/wp\/v2\/tags?post=3305"}],"curies":[{"name":"wp","href":"https:\/\/api.w.org\/{rel}","templated":true}]}}