{"id":3308,"date":"2026-04-23T12:27:44","date_gmt":"2026-04-23T12:27:44","guid":{"rendered":"https:\/\/monmaghreb.com\/index.php\/2026\/04\/23\/cooperation-museale-rabat-et-bruxelles-sunissent-pour-le-futur-musee-du-continent\/"},"modified":"2026-04-23T12:27:47","modified_gmt":"2026-04-23T12:27:47","slug":"cooperation-museale-rabat-et-bruxelles-sunissent-pour-le-futur-musee-du-continent","status":"publish","type":"post","link":"https:\/\/monmaghreb.com\/index.php\/2026\/04\/23\/cooperation-museale-rabat-et-bruxelles-sunissent-pour-le-futur-musee-du-continent\/","title":{"rendered":"Coop\u00e9ration mus\u00e9ale : Rabat et Bruxelles s&#8217;unissent pour le futur Mus\u00e9e du Continent"},"content":{"rendered":"<p><!DOCTYPE html><br \/>\n<html lang='fr'><br \/>\n<head><br \/>\n  <meta charset='UTF-8'><br \/>\n  <title>Coop\u00e9ration mus\u00e9ale : Rabat et Bruxelles s&#8217;unissent pour le futur Mus\u00e9e du Continent<\/title><br \/>\n<\/head><br \/>\n<body><\/p>\n<h1>Coop\u00e9ration mus\u00e9ale : Rabat et Bruxelles s&#8217;unissent pour le futur Mus\u00e9e du Continent<\/h1>\n<p>Au-del\u00e0 des fronti\u00e8res, les villes de Rabat au Maroc et Bruxelles en Belgique ont d\u00e9cidaient d&#8217;entamer une nouvelle \u00e8re de coop\u00e9ration culturelle. L&#8217;annonce de leur collaboration pour la construction d&#8217;un grand mus\u00e9e, le Mus\u00e9e du Continent, a cr\u00e9\u00e9 un \u00e9lan in\u00e9dit dans l&#8217;histoire des relations entre les pays du Maghreb et l&#8217;Europe. Cet \u00e9v\u00e9nement historique marque un pas important vers une compr\u00e9hension plus profonde de nos cultures et de nos histoire.<\/p>\n<h2>Une initiative unique en son genre<\/h2>\n<p>Le Mus\u00e9e du Continent est une initiative sans pr\u00e9c\u00e9dent qui vise \u00e0 mettre en lumi\u00e8re les cultures, les histoires et les h\u00e9ritages des diff\u00e9rents continents du monde. Gr\u00e2ce \u00e0 cette collaboration in\u00e9dite, Rabat et Bruxelles entendent r\u00e9unir leurs ressources et leurs connaissances pour cr\u00e9er un mus\u00e9e qui sera \u00e0 la pointe de l&#8217;innovation museographique.<\/p>\n<h2>Un mus\u00e9e \u00e0 grande \u00e9chelle<\/h2>\n<p>Avec une surface de plus de 40 000 m\u00e8tres carr\u00e9s, le Mus\u00e9e du Continent sera un mus\u00e9e \u00e0 grande \u00e9chelle qui abrittra plusieurs salles consacr\u00e9es aux diff\u00e9rents continents du monde. Vous y trouverez des expositions interactives qui vous feront d\u00e9couvrir les richesses culturelles des pays du Maghreb et de l&#8217;Europe, ainsi qu&#8217;une biblioth\u00e8que et une salle de conf\u00e9rences pour des \u00e9changes intellectuels.<\/p>\n<h2>Un mus\u00e9e multiculturel<\/h2>\n<p>Le Mus\u00e9e du Continent se veut \u00eatre un mus\u00e9e multiculturel qui s&#8217;engage \u00e0 pr\u00e9senter les cultures des diff\u00e9rents continents avec respect et pr\u00e9cision. Vous y d\u00e9couvrirez les traditions, les croyances et les h\u00e9ritages de chaque continent, tout en \u00e9coutant la voix des communaut\u00e9s culturelles qui l&#8217;ont cr\u00e9\u00e9.<\/p>\n<h2>Un projet de coop\u00e9ration culturelle<\/h2>\n<p>Le Mus\u00e9e du Continent est un projet de coop\u00e9ration culturelle qui met en lumi\u00e8re l&#8217;importance de la collaboration entre les pays du Maghreb et l&#8217;Europe. Ce projet se veut \u00eatre une initiative qui permettra aux deux parties de partager leurs ressources et leurs connaissances, tout en cr\u00e9ant une plateforme pour favoriser l&#8217;\u00e9change culturel.<\/p>\n<h2>Un appel \u00e0 l&#8217;action<\/h2>\n<p>Le Mus\u00e9e du Continent est un projet qui appelle \u00e0 l&#8217;action de la part des lecteurs de cette page. Si vous \u00eates int\u00e9ress\u00e9s par ce projet et souhaitez en savoir plus, ne pas h\u00e9siter \u00e0 contacter les autorit\u00e9s culturelles de Rabat ou Bruxelles.<\/p>\n<p>Ensemble, nous pouvons construire un mus\u00e9e qui sera un symbole de la coop\u00e9ration entre les pays du Maghreb et l&#8217;Europe et une plateforme pour favoriser l&#8217;\u00e9change culturel. N&#8217;h\u00e9sitez plus, rejoignez-nous dans cette aventure et faites partie de l&#8217;histoire qui se cr\u00e9era au Mus\u00e9e du Continent.<\/p>\n<p>Le mus\u00e9e sera un espace d&#8217;\u00e9change et de d\u00e9couverte o\u00f9 les visiteurs pourront apprendre et partager leurs connaissances sur les cultures des diff\u00e9rents continents. Les expositions interactives, les conf\u00e9rences et les ateliers seront autant d&#8217;occasions pour les visiteurs de s&#8217;initier \u00e0 la <a href=\"https:\/\/monmaghreb.com\/index.php\/2026\/04\/19\/rabat-capitale-mondiale-du-livre-unesco-2026-la-culture-marocaine-en-lumiere\/\" title=\"Rabat capitale mondiale du livre UNESCO 2026 : la culture marocaine en lumi\u00e8re\">culture<\/a> du Maghreb et de l&#8217;Europe.<\/p>\n<p>Les partenaires du projet sont d\u00e9j\u00e0 en train de travailler dur pour r\u00e9unir les ressources n\u00e9cessaires \u00e0 la construction du mus\u00e9e. Les autorit\u00e9s culturelles, les institutions scientifiques et les entreprises ont d\u00e9j\u00e0 manifest\u00e9 leur int\u00e9r\u00eat pour ce projet qui promet d&#8217;\u00eatre un succ\u00e8s.<\/p>\n<p>Le Mus\u00e9e du Continent sera un lieu unique o\u00f9 l&#8217;on pourra d\u00e9couvrir les cultures des diff\u00e9rents continents du monde. Il sera un espace de rencontre entre les communaut\u00e9s culturelles et une plateforme pour favoriser l&#8217;\u00e9change culturel.<\/p>\n<div style=\"background:#f8f9fa;border-left:4px solid #0066cc;border-radius:6px;padding:20px 24px;margin:32px 0;\">\n<p style=\"font-size:13px;color:#888;text-transform:uppercase;letter-spacing:0.8px;margin:0 0 6px 0;\">Vous pourriez aussi aimer<\/p>\n<h3 style=\"font-size:18px;margin:0 0 14px 0;color:#222;\">Articles similaires<\/h3>\n<ul style=\"margin:0;padding-left:20px;list-style:disc;\">\n<li style=\"margin-bottom:10px;\"><a href=\"https:\/\/monmaghreb.com\/index.php\/2026\/04\/19\/rabat-capitale-mondiale-du-livre-unesco-2026-la-culture-marocaine-en-lumiere\/\" style=\"color:#0066cc;text-decoration:none;font-weight:500;\" title=\"Rabat capitale mondiale du livre UNESCO 2026 : la culture marocaine en lumi\u00e8re\">Rabat capitale mondiale du livre UNESCO 2026 : la culture marocaine en lumi\u00e8re<\/a><\/li>\n<li style=\"margin-bottom:10px;\"><a href=\"https:\/\/monmaghreb.com\/index.php\/2026\/04\/17\/rabat-proclamee-capitale-mondiale-du-livre-unesco-2026-un-elan-pour-la-culture-marocaine\/\" style=\"color:#0066cc;text-decoration:none;font-weight:500;\" title=\"Rabat proclam\u00e9e \u00abCapitale mondiale du livre UNESCO 2026\u00bb : un \u00e9lan pour la culture marocaine\">Rabat proclam\u00e9e \u00abCapitale mondiale du livre UNESCO 2026\u00bb : un \u00e9lan pour la culture marocaine<\/a><\/li>\n<li style=\"margin-bottom:10px;\"><a href=\"https:\/\/monmaghreb.com\/index.php\/2026\/04\/19\/rabat-capitale-mondiale-du-livre-unesco-2026-un-evenement-historique-pour-la-culture-maghrebine\/\" style=\"color:#0066cc;text-decoration:none;font-weight:500;\" title=\"Rabat, capitale mondiale du livre UNESCO 2026 : un \u00e9v\u00e9nement historique pour la culture maghr\u00e9bine\">Rabat, capitale mondiale du livre UNESCO 2026 : un \u00e9v\u00e9nement historique pour la culture maghr\u00e9bine<\/a><\/li>\n<li style=\"margin-bottom:10px;\"><a href=\"https:\/\/monmaghreb.com\/index.php\/2026\/04\/20\/entrepreneuriat-au-maroc-guide-pratique-pour-commencer-des-affaires\/\" style=\"color:#0066cc;text-decoration:none;font-weight:500;\" title=\"Entrepreneuriat au Maroc : guide pratique pour commencer des affaires\">Entrepreneuriat au Maroc : guide pratique pour commencer des affaires<\/a><\/li>\n<li style=\"margin-bottom:10px;\"><a href=\"https:\/\/monmaghreb.com\/index.php\/2026\/04\/23\/55e-edition-du-festival-national-des-arts-populaires-marrakech-dans-la-tradition-marocaine\/\" style=\"color:#0066cc;text-decoration:none;font-weight:500;\" title=\"55e \u00e9dition du Festival national des arts populaires : Marrakech dans la tradition marocaine\">55e \u00e9dition du Festival national des arts populaires : Marrakech dans la tradition marocaine<\/a><\/li>\n<\/ul>\n<\/div>\n<p><\/body><br \/>\n<\/html><\/p>\n","protected":false},"excerpt":{"rendered":"<p>Coop\u00e9ration mus\u00e9ale : Rabat et Bruxelles s&#8217;unissent pour le futur Mus\u00e9e du Continent. D\u00e9couvrez comment la collaboration entre les villes de Rabat (Maroc) et Br<\/p>\n","protected":false},"author":1,"featured_media":3307,"comment_status":"closed","ping_status":"open","sticky":false,"template":"","format":"standard","meta":{"_yoast_wpseo_focuskw":"cooperation museale rabat bruxelles","_yoast_wpseo_title":"Coop\u00e9ration mus\u00e9ale : Rabat et Bruxelles s'unissent pour le","_yoast_wpseo_metadesc":"Coop\u00e9ration mus\u00e9ale : Rabat et Bruxelles s'unissent pour le futur Mus\u00e9e du Continent. D\u00e9couvrez comment la collaboration entre les villes de Rabat (Maroc) et Br","_yoast_wpseo_canonical":"","_yoast_wpseo_opengraph-title":"Coop\u00e9ration mus\u00e9ale : Rabat et Bruxelles s'unissent pour le futur Mus\u00e9e du Continent","_yoast_wpseo_opengraph-description":"Coop\u00e9ration mus\u00e9ale : Rabat et Bruxelles s'unissent pour le futur Mus\u00e9e du Continent. D\u00e9couvrez comment la collaboration entre les villes de Rabat (Maroc) et Br","_yoast_wpseo_opengraph-image":"","tdm_status":"","tdm_grid_status":"","footnotes":""},"categories":[655],"tags":[2267,2270,556,2269,2268],"class_list":["post-3308","post","type-post","status-publish","format-standard","has-post-thumbnail","hentry","category-maroc","tag-cooperation-museale","tag-culture-belge-marocaine","tag-guide-pratique","tag-maghreb-belgique","tag-rabat-brussels-museum"],"yoast_head":"<!-- This site is optimized with the Yoast SEO plugin v27.4 - https:\/\/yoast.com\/product\/yoast-seo-wordpress\/ -->\n<title>Coop\u00e9ration mus\u00e9ale : Rabat et Bruxelles s&#039;unissent pour le<\/title>\n<meta name=\"description\" content=\"Coop\u00e9ration mus\u00e9ale : Rabat et Bruxelles s&#039;unissent pour le futur Mus\u00e9e du Continent. D\u00e9couvrez comment la collaboration entre les villes de Rabat (Maroc) et Br\" \/>\n<meta name=\"robots\" content=\"index, follow, max-snippet:-1, max-image-preview:large, max-video-preview:-1\" \/>\n<link rel=\"canonical\" href=\"https:\/\/monmaghreb.com\/index.php\/2026\/04\/23\/cooperation-museale-rabat-et-bruxelles-sunissent-pour-le-futur-musee-du-continent\/\" \/>\n<meta property=\"og:locale\" content=\"en_US\" \/>\n<meta property=\"og:type\" content=\"article\" \/>\n<meta property=\"og:title\" content=\"Coop\u00e9ration mus\u00e9ale : Rabat et Bruxelles s&#039;unissent pour le futur Mus\u00e9e du Continent\" \/>\n<meta property=\"og:description\" content=\"Coop\u00e9ration mus\u00e9ale : Rabat et Bruxelles s&#039;unissent pour le futur Mus\u00e9e du Continent. D\u00e9couvrez comment la collaboration entre les villes de Rabat (Maroc) et Br\" \/>\n<meta property=\"og:url\" content=\"https:\/\/monmaghreb.com\/index.php\/2026\/04\/23\/cooperation-museale-rabat-et-bruxelles-sunissent-pour-le-futur-musee-du-continent\/\" \/>\n<meta property=\"og:site_name\" content=\"Mon Maghreb\" \/>\n<meta property=\"article:author\" content=\"https:\/\/www.facebook.com\/monmaghrebcom\" \/>\n<meta property=\"article:published_time\" content=\"2026-04-23T12:27:44+00:00\" \/>\n<meta property=\"article:modified_time\" content=\"2026-04-23T12:27:47+00:00\" \/>\n<meta property=\"og:image\" content=\"https:\/\/monmaghreb.com\/wp-content\/uploads\/2026\/04\/featured-328.jpg\" \/>\n\t<meta property=\"og:image:width\" content=\"1733\" \/>\n\t<meta property=\"og:image:height\" content=\"1300\" \/>\n\t<meta property=\"og:image:type\" content=\"image\/jpeg\" \/>\n<meta name=\"author\" content=\"LaMagh\" \/>\n<meta name=\"twitter:card\" content=\"summary_large_image\" \/>\n<meta name=\"twitter:creator\" content=\"@MMaghreb50977\" \/>\n<meta name=\"twitter:label1\" content=\"Written by\" \/>\n\t<meta name=\"twitter:data1\" content=\"LaMagh\" \/>\n\t<meta name=\"twitter:label2\" content=\"Est. reading time\" \/>\n\t<meta name=\"twitter:data2\" content=\"3 minutes\" \/>\n<script type=\"application\/ld+json\" class=\"yoast-schema-graph\">{\"@context\":\"https:\\\/\\\/schema.org\",\"@graph\":[{\"@type\":\"Article\",\"@id\":\"https:\\\/\\\/monmaghreb.com\\\/index.php\\\/2026\\\/04\\\/23\\\/cooperation-museale-rabat-et-bruxelles-sunissent-pour-le-futur-musee-du-continent\\\/#article\",\"isPartOf\":{\"@id\":\"https:\\\/\\\/monmaghreb.com\\\/index.php\\\/2026\\\/04\\\/23\\\/cooperation-museale-rabat-et-bruxelles-sunissent-pour-le-futur-musee-du-continent\\\/\"},\"author\":{\"name\":\"LaMagh\",\"@id\":\"http:\\\/\\\/monmaghreb.com\\\/#\\\/schema\\\/person\\\/c469a89dc8c6b8987dcb438b1200d054\"},\"headline\":\"Coop\u00e9ration mus\u00e9ale : Rabat et Bruxelles s&#8217;unissent pour le futur Mus\u00e9e du Continent\",\"datePublished\":\"2026-04-23T12:27:44+00:00\",\"dateModified\":\"2026-04-23T12:27:47+00:00\",\"mainEntityOfPage\":{\"@id\":\"https:\\\/\\\/monmaghreb.com\\\/index.php\\\/2026\\\/04\\\/23\\\/cooperation-museale-rabat-et-bruxelles-sunissent-pour-le-futur-musee-du-continent\\\/\"},\"wordCount\":725,\"publisher\":{\"@id\":\"http:\\\/\\\/monmaghreb.com\\\/#organization\"},\"image\":{\"@id\":\"https:\\\/\\\/monmaghreb.com\\\/index.php\\\/2026\\\/04\\\/23\\\/cooperation-museale-rabat-et-bruxelles-sunissent-pour-le-futur-musee-du-continent\\\/#primaryimage\"},\"thumbnailUrl\":\"https:\\\/\\\/monmaghreb.com\\\/wp-content\\\/uploads\\\/2026\\\/04\\\/featured-328.jpg\",\"keywords\":[\"cooperation museale\",\"culture belge marocaine\",\"guide pratique\",\"maghreb belgique\",\"rabat brussels museum\"],\"articleSection\":[\"Maroc\"],\"inLanguage\":\"en-US\"},{\"@type\":\"WebPage\",\"@id\":\"https:\\\/\\\/monmaghreb.com\\\/index.php\\\/2026\\\/04\\\/23\\\/cooperation-museale-rabat-et-bruxelles-sunissent-pour-le-futur-musee-du-continent\\\/\",\"url\":\"https:\\\/\\\/monmaghreb.com\\\/index.php\\\/2026\\\/04\\\/23\\\/cooperation-museale-rabat-et-bruxelles-sunissent-pour-le-futur-musee-du-continent\\\/\",\"name\":\"Coop\u00e9ration mus\u00e9ale : Rabat et Bruxelles s'unissent pour le\",\"isPartOf\":{\"@id\":\"http:\\\/\\\/monmaghreb.com\\\/#website\"},\"primaryImageOfPage\":{\"@id\":\"https:\\\/\\\/monmaghreb.com\\\/index.php\\\/2026\\\/04\\\/23\\\/cooperation-museale-rabat-et-bruxelles-sunissent-pour-le-futur-musee-du-continent\\\/#primaryimage\"},\"image\":{\"@id\":\"https:\\\/\\\/monmaghreb.com\\\/index.php\\\/2026\\\/04\\\/23\\\/cooperation-museale-rabat-et-bruxelles-sunissent-pour-le-futur-musee-du-continent\\\/#primaryimage\"},\"thumbnailUrl\":\"https:\\\/\\\/monmaghreb.com\\\/wp-content\\\/uploads\\\/2026\\\/04\\\/featured-328.jpg\",\"datePublished\":\"2026-04-23T12:27:44+00:00\",\"dateModified\":\"2026-04-23T12:27:47+00:00\",\"description\":\"Coop\u00e9ration mus\u00e9ale : Rabat et Bruxelles s'unissent pour le futur Mus\u00e9e du Continent. D\u00e9couvrez comment la collaboration entre les villes de Rabat (Maroc) et Br\",\"breadcrumb\":{\"@id\":\"https:\\\/\\\/monmaghreb.com\\\/index.php\\\/2026\\\/04\\\/23\\\/cooperation-museale-rabat-et-bruxelles-sunissent-pour-le-futur-musee-du-continent\\\/#breadcrumb\"},\"inLanguage\":\"en-US\",\"potentialAction\":[{\"@type\":\"ReadAction\",\"target\":[\"https:\\\/\\\/monmaghreb.com\\\/index.php\\\/2026\\\/04\\\/23\\\/cooperation-museale-rabat-et-bruxelles-sunissent-pour-le-futur-musee-du-continent\\\/\"]}]},{\"@type\":\"ImageObject\",\"inLanguage\":\"en-US\",\"@id\":\"https:\\\/\\\/monmaghreb.com\\\/index.php\\\/2026\\\/04\\\/23\\\/cooperation-museale-rabat-et-bruxelles-sunissent-pour-le-futur-musee-du-continent\\\/#primaryimage\",\"url\":\"https:\\\/\\\/monmaghreb.com\\\/wp-content\\\/uploads\\\/2026\\\/04\\\/featured-328.jpg\",\"contentUrl\":\"https:\\\/\\\/monmaghreb.com\\\/wp-content\\\/uploads\\\/2026\\\/04\\\/featured-328.jpg\",\"width\":1733,\"height\":1300,\"caption\":\"Coop\u00e9ration mus\u00e9ale entre Rabat et Bruxelles pour le futur Mus\u00e9e du Continent - Les leaders culturels de Rabat et Bruxelles d\"},{\"@type\":\"BreadcrumbList\",\"@id\":\"https:\\\/\\\/monmaghreb.com\\\/index.php\\\/2026\\\/04\\\/23\\\/cooperation-museale-rabat-et-bruxelles-sunissent-pour-le-futur-musee-du-continent\\\/#breadcrumb\",\"itemListElement\":[{\"@type\":\"ListItem\",\"position\":1,\"name\":\"Home\",\"item\":\"http:\\\/\\\/monmaghreb.com\\\/\"},{\"@type\":\"ListItem\",\"position\":2,\"name\":\"Coop\u00e9ration mus\u00e9ale : Rabat et Bruxelles s&#8217;unissent pour le futur Mus\u00e9e du Continent\"}]},{\"@type\":\"WebSite\",\"@id\":\"http:\\\/\\\/monmaghreb.com\\\/#website\",\"url\":\"http:\\\/\\\/monmaghreb.com\\\/\",\"name\":\"Mon Maghreb\",\"description\":\"MonMaghreb United\",\"publisher\":{\"@id\":\"http:\\\/\\\/monmaghreb.com\\\/#organization\"},\"alternateName\":\"Le Monde du Maghreb et au del\u00e0\",\"potentialAction\":[{\"@type\":\"SearchAction\",\"target\":{\"@type\":\"EntryPoint\",\"urlTemplate\":\"http:\\\/\\\/monmaghreb.com\\\/?s={search_term_string}\"},\"query-input\":{\"@type\":\"PropertyValueSpecification\",\"valueRequired\":true,\"valueName\":\"search_term_string\"}}],\"inLanguage\":\"en-US\"},{\"@type\":\"Organization\",\"@id\":\"http:\\\/\\\/monmaghreb.com\\\/#organization\",\"name\":\"Mon Maghreb\",\"url\":\"http:\\\/\\\/monmaghreb.com\\\/\",\"logo\":{\"@type\":\"ImageObject\",\"inLanguage\":\"en-US\",\"@id\":\"http:\\\/\\\/monmaghreb.com\\\/#\\\/schema\\\/logo\\\/image\\\/\",\"url\":\"https:\\\/\\\/monmaghreb.com\\\/wp-content\\\/uploads\\\/2025\\\/12\\\/Mon_Maghreb_Logo.jpg\",\"contentUrl\":\"https:\\\/\\\/monmaghreb.com\\\/wp-content\\\/uploads\\\/2025\\\/12\\\/Mon_Maghreb_Logo.jpg\",\"width\":814,\"height\":374,\"caption\":\"Mon Maghreb\"},\"image\":{\"@id\":\"http:\\\/\\\/monmaghreb.com\\\/#\\\/schema\\\/logo\\\/image\\\/\"}},{\"@type\":\"Person\",\"@id\":\"http:\\\/\\\/monmaghreb.com\\\/#\\\/schema\\\/person\\\/c469a89dc8c6b8987dcb438b1200d054\",\"name\":\"LaMagh\",\"image\":{\"@type\":\"ImageObject\",\"inLanguage\":\"en-US\",\"@id\":\"https:\\\/\\\/secure.gravatar.com\\\/avatar\\\/399d8144bd55fba55e056779aca52fe528bac7911f6449e54d81173d6dfd7f0a?s=96&d=mm&r=g\",\"url\":\"https:\\\/\\\/secure.gravatar.com\\\/avatar\\\/399d8144bd55fba55e056779aca52fe528bac7911f6449e54d81173d6dfd7f0a?s=96&d=mm&r=g\",\"contentUrl\":\"https:\\\/\\\/secure.gravatar.com\\\/avatar\\\/399d8144bd55fba55e056779aca52fe528bac7911f6449e54d81173d6dfd7f0a?s=96&d=mm&r=g\",\"caption\":\"LaMagh\"},\"sameAs\":[\"https:\\\/\\\/monmaghreb.com\",\"https:\\\/\\\/www.facebook.com\\\/monmaghrebcom\",\"https:\\\/\\\/x.com\\\/MMaghreb50977\"],\"url\":\"https:\\\/\\\/monmaghreb.com\\\/index.php\\\/author\\\/lamagh\\\/\"}]}<\/script>\n<!-- \/ Yoast SEO plugin. -->","yoast_head_json":{"title":"Coop\u00e9ration mus\u00e9ale : Rabat et Bruxelles s'unissent pour le","description":"Coop\u00e9ration mus\u00e9ale : Rabat et Bruxelles s'unissent pour le futur Mus\u00e9e du Continent. D\u00e9couvrez comment la collaboration entre les villes de Rabat (Maroc) et Br","robots":{"index":"index","follow":"follow","max-snippet":"max-snippet:-1","max-image-preview":"max-image-preview:large","max-video-preview":"max-video-preview:-1"},"canonical":"https:\/\/monmaghreb.com\/index.php\/2026\/04\/23\/cooperation-museale-rabat-et-bruxelles-sunissent-pour-le-futur-musee-du-continent\/","og_locale":"en_US","og_type":"article","og_title":"Coop\u00e9ration mus\u00e9ale : Rabat et Bruxelles s'unissent pour le futur Mus\u00e9e du Continent","og_description":"Coop\u00e9ration mus\u00e9ale : Rabat et Bruxelles s'unissent pour le futur Mus\u00e9e du Continent. D\u00e9couvrez comment la collaboration entre les villes de Rabat (Maroc) et Br","og_url":"https:\/\/monmaghreb.com\/index.php\/2026\/04\/23\/cooperation-museale-rabat-et-bruxelles-sunissent-pour-le-futur-musee-du-continent\/","og_site_name":"Mon Maghreb","article_author":"https:\/\/www.facebook.com\/monmaghrebcom","article_published_time":"2026-04-23T12:27:44+00:00","article_modified_time":"2026-04-23T12:27:47+00:00","og_image":[{"width":1733,"height":1300,"url":"https:\/\/monmaghreb.com\/wp-content\/uploads\/2026\/04\/featured-328.jpg","type":"image\/jpeg"}],"author":"LaMagh","twitter_card":"summary_large_image","twitter_creator":"@MMaghreb50977","twitter_misc":{"Written by":"LaMagh","Est. reading time":"3 minutes"},"schema":{"@context":"https:\/\/schema.org","@graph":[{"@type":"Article","@id":"https:\/\/monmaghreb.com\/index.php\/2026\/04\/23\/cooperation-museale-rabat-et-bruxelles-sunissent-pour-le-futur-musee-du-continent\/#article","isPartOf":{"@id":"https:\/\/monmaghreb.com\/index.php\/2026\/04\/23\/cooperation-museale-rabat-et-bruxelles-sunissent-pour-le-futur-musee-du-continent\/"},"author":{"name":"LaMagh","@id":"http:\/\/monmaghreb.com\/#\/schema\/person\/c469a89dc8c6b8987dcb438b1200d054"},"headline":"Coop\u00e9ration mus\u00e9ale : Rabat et Bruxelles s&#8217;unissent pour le futur Mus\u00e9e du Continent","datePublished":"2026-04-23T12:27:44+00:00","dateModified":"2026-04-23T12:27:47+00:00","mainEntityOfPage":{"@id":"https:\/\/monmaghreb.com\/index.php\/2026\/04\/23\/cooperation-museale-rabat-et-bruxelles-sunissent-pour-le-futur-musee-du-continent\/"},"wordCount":725,"publisher":{"@id":"http:\/\/monmaghreb.com\/#organization"},"image":{"@id":"https:\/\/monmaghreb.com\/index.php\/2026\/04\/23\/cooperation-museale-rabat-et-bruxelles-sunissent-pour-le-futur-musee-du-continent\/#primaryimage"},"thumbnailUrl":"https:\/\/monmaghreb.com\/wp-content\/uploads\/2026\/04\/featured-328.jpg","keywords":["cooperation museale","culture belge marocaine","guide pratique","maghreb belgique","rabat brussels museum"],"articleSection":["Maroc"],"inLanguage":"en-US"},{"@type":"WebPage","@id":"https:\/\/monmaghreb.com\/index.php\/2026\/04\/23\/cooperation-museale-rabat-et-bruxelles-sunissent-pour-le-futur-musee-du-continent\/","url":"https:\/\/monmaghreb.com\/index.php\/2026\/04\/23\/cooperation-museale-rabat-et-bruxelles-sunissent-pour-le-futur-musee-du-continent\/","name":"Coop\u00e9ration mus\u00e9ale : Rabat et Bruxelles s'unissent pour le","isPartOf":{"@id":"http:\/\/monmaghreb.com\/#website"},"primaryImageOfPage":{"@id":"https:\/\/monmaghreb.com\/index.php\/2026\/04\/23\/cooperation-museale-rabat-et-bruxelles-sunissent-pour-le-futur-musee-du-continent\/#primaryimage"},"image":{"@id":"https:\/\/monmaghreb.com\/index.php\/2026\/04\/23\/cooperation-museale-rabat-et-bruxelles-sunissent-pour-le-futur-musee-du-continent\/#primaryimage"},"thumbnailUrl":"https:\/\/monmaghreb.com\/wp-content\/uploads\/2026\/04\/featured-328.jpg","datePublished":"2026-04-23T12:27:44+00:00","dateModified":"2026-04-23T12:27:47+00:00","description":"Coop\u00e9ration mus\u00e9ale : Rabat et Bruxelles s'unissent pour le futur Mus\u00e9e du Continent. D\u00e9couvrez comment la collaboration entre les villes de Rabat (Maroc) et Br","breadcrumb":{"@id":"https:\/\/monmaghreb.com\/index.php\/2026\/04\/23\/cooperation-museale-rabat-et-bruxelles-sunissent-pour-le-futur-musee-du-continent\/#breadcrumb"},"inLanguage":"en-US","potentialAction":[{"@type":"ReadAction","target":["https:\/\/monmaghreb.com\/index.php\/2026\/04\/23\/cooperation-museale-rabat-et-bruxelles-sunissent-pour-le-futur-musee-du-continent\/"]}]},{"@type":"ImageObject","inLanguage":"en-US","@id":"https:\/\/monmaghreb.com\/index.php\/2026\/04\/23\/cooperation-museale-rabat-et-bruxelles-sunissent-pour-le-futur-musee-du-continent\/#primaryimage","url":"https:\/\/monmaghreb.com\/wp-content\/uploads\/2026\/04\/featured-328.jpg","contentUrl":"https:\/\/monmaghreb.com\/wp-content\/uploads\/2026\/04\/featured-328.jpg","width":1733,"height":1300,"caption":"Coop\u00e9ration mus\u00e9ale entre Rabat et Bruxelles pour le futur Mus\u00e9e du Continent - Les leaders culturels de Rabat et Bruxelles d"},{"@type":"BreadcrumbList","@id":"https:\/\/monmaghreb.com\/index.php\/2026\/04\/23\/cooperation-museale-rabat-et-bruxelles-sunissent-pour-le-futur-musee-du-continent\/#breadcrumb","itemListElement":[{"@type":"ListItem","position":1,"name":"Home","item":"http:\/\/monmaghreb.com\/"},{"@type":"ListItem","position":2,"name":"Coop\u00e9ration mus\u00e9ale : Rabat et Bruxelles s&#8217;unissent pour le futur Mus\u00e9e du Continent"}]},{"@type":"WebSite","@id":"http:\/\/monmaghreb.com\/#website","url":"http:\/\/monmaghreb.com\/","name":"Mon Maghreb","description":"MonMaghreb United","publisher":{"@id":"http:\/\/monmaghreb.com\/#organization"},"alternateName":"Le Monde du Maghreb et au del\u00e0","potentialAction":[{"@type":"SearchAction","target":{"@type":"EntryPoint","urlTemplate":"http:\/\/monmaghreb.com\/?s={search_term_string}"},"query-input":{"@type":"PropertyValueSpecification","valueRequired":true,"valueName":"search_term_string"}}],"inLanguage":"en-US"},{"@type":"Organization","@id":"http:\/\/monmaghreb.com\/#organization","name":"Mon Maghreb","url":"http:\/\/monmaghreb.com\/","logo":{"@type":"ImageObject","inLanguage":"en-US","@id":"http:\/\/monmaghreb.com\/#\/schema\/logo\/image\/","url":"https:\/\/monmaghreb.com\/wp-content\/uploads\/2025\/12\/Mon_Maghreb_Logo.jpg","contentUrl":"https:\/\/monmaghreb.com\/wp-content\/uploads\/2025\/12\/Mon_Maghreb_Logo.jpg","width":814,"height":374,"caption":"Mon Maghreb"},"image":{"@id":"http:\/\/monmaghreb.com\/#\/schema\/logo\/image\/"}},{"@type":"Person","@id":"http:\/\/monmaghreb.com\/#\/schema\/person\/c469a89dc8c6b8987dcb438b1200d054","name":"LaMagh","image":{"@type":"ImageObject","inLanguage":"en-US","@id":"https:\/\/secure.gravatar.com\/avatar\/399d8144bd55fba55e056779aca52fe528bac7911f6449e54d81173d6dfd7f0a?s=96&d=mm&r=g","url":"https:\/\/secure.gravatar.com\/avatar\/399d8144bd55fba55e056779aca52fe528bac7911f6449e54d81173d6dfd7f0a?s=96&d=mm&r=g","contentUrl":"https:\/\/secure.gravatar.com\/avatar\/399d8144bd55fba55e056779aca52fe528bac7911f6449e54d81173d6dfd7f0a?s=96&d=mm&r=g","caption":"LaMagh"},"sameAs":["https:\/\/monmaghreb.com","https:\/\/www.facebook.com\/monmaghrebcom","https:\/\/x.com\/MMaghreb50977"],"url":"https:\/\/monmaghreb.com\/index.php\/author\/lamagh\/"}]}},"_links":{"self":[{"href":"https:\/\/monmaghreb.com\/index.php\/wp-json\/wp\/v2\/posts\/3308","targetHints":{"allow":["GET"]}}],"collection":[{"href":"https:\/\/monmaghreb.com\/index.php\/wp-json\/wp\/v2\/posts"}],"about":[{"href":"https:\/\/monmaghreb.com\/index.php\/wp-json\/wp\/v2\/types\/post"}],"author":[{"embeddable":true,"href":"https:\/\/monmaghreb.com\/index.php\/wp-json\/wp\/v2\/users\/1"}],"replies":[{"embeddable":true,"href":"https:\/\/monmaghreb.com\/index.php\/wp-json\/wp\/v2\/comments?post=3308"}],"version-history":[{"count":1,"href":"https:\/\/monmaghreb.com\/index.php\/wp-json\/wp\/v2\/posts\/3308\/revisions"}],"predecessor-version":[{"id":3309,"href":"https:\/\/monmaghreb.com\/index.php\/wp-json\/wp\/v2\/posts\/3308\/revisions\/3309"}],"wp:featuredmedia":[{"embeddable":true,"href":"https:\/\/monmaghreb.com\/index.php\/wp-json\/wp\/v2\/media\/3307"}],"wp:attachment":[{"href":"https:\/\/monmaghreb.com\/index.php\/wp-json\/wp\/v2\/media?parent=3308"}],"wp:term":[{"taxonomy":"category","embeddable":true,"href":"https:\/\/monmaghreb.com\/index.php\/wp-json\/wp\/v2\/categories?post=3308"},{"taxonomy":"post_tag","embeddable":true,"href":"https:\/\/monmaghreb.com\/index.php\/wp-json\/wp\/v2\/tags?post=3308"}],"curies":[{"name":"wp","href":"https:\/\/api.w.org\/{rel}","templated":true}]}}