{"id":3332,"date":"2026-04-23T16:14:54","date_gmt":"2026-04-23T16:14:54","guid":{"rendered":"https:\/\/monmaghreb.com\/index.php\/2026\/04\/23\/partage-de-la-culture-via-la-cuisine-ramadan-et-cuisine-de-careme-reunissent-chretiens-et-musulmans\/"},"modified":"2026-04-23T16:14:58","modified_gmt":"2026-04-23T16:14:58","slug":"partage-de-la-culture-via-la-cuisine-ramadan-et-cuisine-de-careme-reunissent-chretiens-et-musulmans","status":"publish","type":"post","link":"https:\/\/monmaghreb.com\/index.php\/2026\/04\/23\/partage-de-la-culture-via-la-cuisine-ramadan-et-cuisine-de-careme-reunissent-chretiens-et-musulmans\/","title":{"rendered":"Partage de la culture via la cuisine : Ramadan et Cuisine de Car\u00eame r\u00e9unissent chr\u00e9tiens et musulmans"},"content":{"rendered":"<p><!DOCTYPE html><br \/>\n<html lang='fr'><br \/>\n<head><br \/>\n  <meta charset='UTF-8'><br \/>\n  <meta name='viewport' content='width=device-width, initial-scale=1.0'><br \/>\n  <title>Partage de la culture via la cuisine : Ramadan et Car\u00eame<\/title><br \/>\n<\/head><br \/>\n<body><\/p>\n<h1>Partage de la culture via la cuisine : Ramadan et Car\u00eame<\/h1>\n<p>  <script type=\"application\/ld+json\">\n{\n  \"@context\": \"https:\/\/schema.org\/\",\n  \"@type\": \"Recipe\",\n  \"name\": \"<a href=\"https:\/\/monmaghreb.com\/index.php\/2026\/04\/22\/kafui-lassistante-dorigine-ghaneenne-qui-partage-sa-culture-avec-les-enfants-en-france-ouest\/\" title=\"Kafui, l&#8217;assistante d&#8217;origine ghan\u00e9enne qui partage sa culture avec les enfants en France &#8211; Ouest\">Partage<\/a> de la culture via la cuisine : Ramadan et Cuisine de Car\u00eame r\u00e9unissent chr\u00e9tiens et musulmans\",\n  \"description\": \"D\u00e9couvrez comment les cuisines du Ramadan et du Car\u00eame, deux p\u00e9riodes religieuses importantes pour les musulmans et les chr\u00e9tiens, pr\u00e9sentent plusieurs similitudes.\",\n  \"prepTime\": \"PT15M\",\n  \"cookTime\": \"PT30M\",\n  \"totalTime\": \"PT45M\",\n  \"recipeYield\": \"4 portions\",\n  \"recipeIngredient\": [\n    \"200g semoule\"\n  ],\n  \"recipeInstructions\": [\n    {\n      \"@type\": \"HowToStep\",\n      \"text\": \"\u00c9tape 1: ...\"\n    }\n  ],\n  \"recipeCategory\": \"Main Course\",\n  \"recipeCuisine\": \"Marocaine\",\n  \"keywords\": \"recette,maghreb\",\n  \"datePublished\": \"2026-04-23\",\n  \"author\": {\n    \"@type\": \"Organization\",\n    \"name\": \"\"\n  },\n  \"nutrition\": {\n    \"@type\": \"NutritionInformation\",\n    \"calories\": \"350 calories\"\n  }\n}\n<\/script><\/p>\n<p>Le monde est plus petit que nous ne le pensons, ce qui est particuli\u00e8rement vrai dans le domaine de la nourriture. En effet, bien que la cuisine soit souvent associ\u00e9e \u00e0 des coutumes sp\u00e9cifiques d&#8217;un pays ou d&#8217;une culture, certains plats peuvent \u00eatre partag\u00e9s entre diff\u00e9rentes communaut\u00e9s religieuses. Ce qu&#8217;il s&#8217;agit de prouver ici est le lien qui unit la cuisine du Ramadan et celle du Car\u00eame, deux p\u00e9riodes religieuses importantes pour les musulmans et les chr\u00e9tiens.<\/p>\n<h2>L&#8217;histoire derri\u00e8re ces cuisines<\/h2>\n<p>La p\u00e9riode de Ramadan est le mois sacr\u00e9 de l&#8217;islam, qui dure 29 ou 30 jours. Pendant ce temps, les musulmans s&#8217;abstiennent de manger et de boire de jour pendant le r\u00e9veil jusqu&#8217;au coucher du soleil, afin de se purifier physiquement et spirituellement. La nuit, ils se rassemblent pour rompre le je\u00fbne et c\u00e9l\u00e9brer l&#8217;aube avec leurs familles.<\/p>\n<p>Le Car\u00eame est un temps de p\u00e9nitence dans la religion chr\u00e9tienne, qui dure 40 jours avant P\u00e2ques. Les chr\u00e9tiens se soumettent \u00e0 une abstinence alimentaire strict et prennent \u00e9galement des temps de pri\u00e8re et de r\u00e9flexion pour se pr\u00e9parer \u00e0 c\u00e9l\u00e9brer le Christ.<\/p>\n<h2>La cuisine pendant Ramadan<\/h2>\n<p>Pendant la p\u00e9riode du Ramadan, les musulmans pr\u00e9parent souvent de d\u00e9licieux plats pour rompre leur je\u00fbne. La nourriture traditionnelle est riche en ar\u00f4mes et en saveurs pour satisfaire les besoins des c\u00e9l\u00e9brants et attirer les b\u00e9n\u00e9fices spirituels.<\/p>\n<ul>\n<li><strong>Harira<\/strong>: un plat de l\u00e9gumes, poisson ou viande, avec des lentilles vertes, des \u00e9pinards et des haricots verts. Il est g\u00e9n\u00e9ralement servi en tant que soupe d&#8217;ouverture pour le je\u00fbne.<\/li>\n<li><strong>Samsa<\/strong>: une p\u00e2te feuillet\u00e9e remplie de viande hach\u00e9e, d&#8217;oignons et d&#8217;\u00e9pices, puis cuite dans un four.<\/li>\n<li><strong>Baklava<\/strong>: un d\u00e9licieux dessert sucr\u00e9 \u00e0 base de p\u00e2te phyllo, de miel ou de sirop de sucre et d&#8217;ar\u00f4mes tels que la cannelle.<\/li>\n<\/ul>\n<h2>La cuisine pendant le Car\u00eame<\/h2>\n<p>Les chr\u00e9tiens, quant \u00e0 eux, pr\u00e9parent des repas simples mais nutritifs pour se nourrir pendant leur p\u00e9riode de p\u00e9nitence. Ils veulent utiliser cette occasion pour r\u00e9fl\u00e9chir sur la vie spirituelle et les principes moraux.<\/p>\n<ul>\n<li><strong>Tarte au poisson<\/strong>: une tarte \u00e0 base de poisson, g\u00e9n\u00e9ralement du saumon ou du hareng, avec des l\u00e9gumes tels que les \u00e9pinards et les carottes.<\/li>\n<li><strong>Riz pilaf<\/strong>: un riz aromatis\u00e9 cuit avec des lentilles vertes et diverses \u00e9pices telles que le cumin et la coriandre.<\/li>\n<li><strong>Croissants aux raisins<\/strong>: des croissants doux remplis de raisins secs et sucr\u00e9s, parfum\u00e9s \u00e0 l&#8217;anis et \u00e0 la cannelle.<\/li>\n<\/ul>\n<h2>Comment les cuisines du Ramadan et du Car\u00eame sont similaires<\/h2>\n<p>Bien que ces cuisines soient pr\u00e9par\u00e9es pour des c\u00e9l\u00e9brations diff\u00e9rentes, elles pr\u00e9sentent plusieurs similitudes.<\/p>\n<ul>\n<li><strong>L&#8217;importance de la nourriture spirituelle<\/strong>: Toutes les deux, les cuisines du Ramadan et du Car\u00eame sont vues comme un moyen d&#8217;augmenter la proximit\u00e9 avec Dieu.<\/li>\n<li><strong>Le choix de plats riches en ar\u00f4mes et en saveurs<\/strong>: Les plats sont souvent pr\u00e9par\u00e9s pour satisfaire les c\u00e9l\u00e9brants, mais aussi pour augmenter leur go\u00fbt et leur valeur spirituelle.<\/li>\n<li><strong>La tradition de partager la nourriture<\/strong>: En tant que moments de c\u00e9l\u00e9bration, il est important pour les musulmans et les chr\u00e9tiens de partager leur nourriture avec leurs familles et d&#8217;autres membres de leur communaut\u00e9.<\/li>\n<\/ul>\n<h2>Comment ces cuisines peuvent nous aider \u00e0 comprendre nos diff\u00e9rences<\/h2>\n<p>En explorant les similitudes entre la cuisine du Ramadan et celle du Car\u00eame, nous pouvons mieux comprendre que nous n&#8217;avons pas toujours autant en commun qu&#8217;on le pense. En d\u00e9pit de nos diff\u00e9rences religieuses, ces cuisines montrent comment nous pouvons trouver des liens avec les autres, et comment nous pouvons tous appr\u00e9cier la beaut\u00e9 de notre diversit\u00e9 culturelle.<\/p>\n<h2>Appel \u00e0 l&#8217;action<\/h2>\n<p>Si vous \u00eates int\u00e9ress\u00e9s par ces cuisines ou par leur histoire, n&#8217;h\u00e9sitez pas \u00e0 essayer de les pr\u00e9parer pour votre propre c\u00e9l\u00e9bration. Partagez \u00e9galement vos d\u00e9couvertes avec d&#8217;autres membres de la diaspora maghr\u00e9bine et promouvez ainsi le dialogue interculturel.<\/p>\n<div style=\"background:#f8f9fa;border-left:4px solid #0066cc;border-radius:6px;padding:20px 24px;margin:32px 0;\">\n<p style=\"font-size:13px;color:#888;text-transform:uppercase;letter-spacing:0.8px;margin:0 0 6px 0;\">Vous pourriez aussi aimer<\/p>\n<h3 style=\"font-size:18px;margin:0 0 14px 0;color:#222;\">Articles similaires<\/h3>\n<ul style=\"margin:0;padding-left:20px;list-style:disc;\">\n<li style=\"margin-bottom:10px;\"><a href=\"https:\/\/monmaghreb.com\/index.php\/2026\/04\/22\/kafui-lassistante-dorigine-ghaneenne-qui-partage-sa-culture-avec-les-enfants-en-france-ouest\/\" style=\"color:#0066cc;text-decoration:none;font-weight:500;\" title=\"Kafui, l&#8217;assistante d&#8217;origine ghan\u00e9enne qui partage sa culture avec les enfants en France &#8211; Ouest\">Kafui, l&#8217;assistante d&#8217;origine ghan\u00e9enne qui partage sa culture avec les enfants en France &#8211; Ouest<\/a><\/li>\n<li style=\"margin-bottom:10px;\"><a href=\"https:\/\/monmaghreb.com\/index.php\/2026\/04\/21\/kafui-lassistante-de-langue-originaire-du-ghana-partage-sa-culture-avec-les-enfants-en-france\/\" style=\"color:#0066cc;text-decoration:none;font-weight:500;\" title=\"Kafui, l&#8217;assistante de langue originaire du Ghana partage sa culture avec les enfants en France\">Kafui, l&#8217;assistante de langue originaire du Ghana partage sa culture avec les enfants en France<\/a><\/li>\n<li style=\"margin-bottom:10px;\"><a href=\"https:\/\/monmaghreb.com\/index.php\/2026\/04\/23\/mohamed-cheikh-vainqueur-de-top-chef-2021-le-promotion-de-la-reconnaissance-globale-de-la-cuisine-algerienne\/\" style=\"color:#0066cc;text-decoration:none;font-weight:500;\" title=\"Mohamed Cheikh, Vainqueur de Top Chef 2021 : Le promotion de la reconnaissance globale de la cuisine alg\u00e9rienne\">Mohamed Cheikh, Vainqueur de Top Chef 2021 : Le promotion de la reconnaissance globale de la cuisine alg\u00e9rienne<\/a><\/li>\n<li style=\"margin-bottom:10px;\"><a href=\"https:\/\/monmaghreb.com\/index.php\/2026\/04\/22\/5-recettes-faciles-pour-le-repas-du-ftour-de-ramadan-2026\/\" style=\"color:#0066cc;text-decoration:none;font-weight:500;\" title=\"5 recettes faciles pour le repas du ftour de Ramadan 2026\">5 recettes faciles pour le repas du ftour de Ramadan 2026<\/a><\/li>\n<li style=\"margin-bottom:10px;\"><a href=\"https:\/\/monmaghreb.com\/index.php\/2026\/04\/22\/la-cuisine-algerienne-simpose-a-paris-mahdi-abid-un-autre-chef-algerien-qui-simpose\/\" style=\"color:#0066cc;text-decoration:none;font-weight:500;\" title=\"La cuisine alg\u00e9rienne s&#8217;impose \u00e0 Paris : Mahdi Abid, un autre chef alg\u00e9rien qui s\u2019impose\">La cuisine alg\u00e9rienne s&#8217;impose \u00e0 Paris : Mahdi Abid, un autre chef alg\u00e9rien qui s\u2019impose<\/a><\/li>\n<\/ul>\n<\/div>\n<h3>Pour en savoir plus<\/h3>\n<ul>\n<li><strong>L&#8217;histoire du Ramadan<\/strong>: Pour en apprendre davantage sur l&#8217;histoire du Ramadan, consultez les ressources de votre communaut\u00e9 ou des sites web de votre choix.<\/li>\n<li><strong>Les traditions du Car\u00eame<\/strong>: Pour d\u00e9couvrir plus sur les traditions du Car\u00eame, vous pouvez consulter les livres ou les sites web qui traitent de la culture chr\u00e9tienne.<\/li>\n<\/ul>\n<p><\/body><br \/>\n<\/html><\/p>\n","protected":false},"excerpt":{"rendered":"<p>Discover how the culinary traditions of Ramadan and Easter bridge religious divides, uniting Christians and Muslims. Click to learn more about shared cultural m<\/p>\n","protected":false},"author":1,"featured_media":3331,"comment_status":"closed","ping_status":"open","sticky":false,"template":"","format":"standard","meta":{"_yoast_wpseo_focuskw":"ramadan and christian-muslim food sharing","_yoast_wpseo_title":"Partage de la culture via la cuisine : Ramadan et Cuisine de","_yoast_wpseo_metadesc":"Discover how the culinary traditions of Ramadan and Easter bridge religious divides, uniting Christians and Muslims. Click to learn more about shared cultural m","_yoast_wpseo_canonical":"","_yoast_wpseo_opengraph-title":"Partage de la culture via la cuisine : Ramadan et Cuisine de Car\u00eame r\u00e9unissent chr\u00e9tiens et musulmans","_yoast_wpseo_opengraph-description":"Discover how the culinary traditions of Ramadan and Easter bridge religious divides, uniting Christians and Muslims. Click to learn more about shared cultural m","_yoast_wpseo_opengraph-image":"","tdm_status":"","tdm_grid_status":"","footnotes":""},"categories":[651],"tags":[45,1645,823,1116,691],"class_list":["post-3332","post","type-post","status-publish","format-standard","has-post-thumbnail","hentry","category-ramadan-iftar","tag-culture-tunisienne","tag-africancuisine","tag-careme-et-ramadan","tag-community-bonding","tag-middle-eastern-food"],"yoast_head":"<!-- This site is optimized with the Yoast SEO plugin v27.4 - https:\/\/yoast.com\/product\/yoast-seo-wordpress\/ -->\n<title>Partage de la culture via la cuisine : Ramadan et Cuisine de<\/title>\n<meta name=\"description\" content=\"Discover how the culinary traditions of Ramadan and Easter bridge religious divides, uniting Christians and Muslims. Click to learn more about shared cultural m\" \/>\n<meta name=\"robots\" content=\"index, follow, max-snippet:-1, max-image-preview:large, max-video-preview:-1\" \/>\n<link rel=\"canonical\" href=\"https:\/\/monmaghreb.com\/index.php\/2026\/04\/23\/partage-de-la-culture-via-la-cuisine-ramadan-et-cuisine-de-careme-reunissent-chretiens-et-musulmans\/\" \/>\n<meta property=\"og:locale\" content=\"en_US\" \/>\n<meta property=\"og:type\" content=\"article\" \/>\n<meta property=\"og:title\" content=\"Partage de la culture via la cuisine : Ramadan et Cuisine de Car\u00eame r\u00e9unissent chr\u00e9tiens et musulmans\" \/>\n<meta property=\"og:description\" content=\"Discover how the culinary traditions of Ramadan and Easter bridge religious divides, uniting Christians and Muslims. Click to learn more about shared cultural m\" \/>\n<meta property=\"og:url\" content=\"https:\/\/monmaghreb.com\/index.php\/2026\/04\/23\/partage-de-la-culture-via-la-cuisine-ramadan-et-cuisine-de-careme-reunissent-chretiens-et-musulmans\/\" \/>\n<meta property=\"og:site_name\" content=\"Mon Maghreb\" \/>\n<meta property=\"article:author\" content=\"https:\/\/www.facebook.com\/monmaghrebcom\" \/>\n<meta property=\"article:published_time\" content=\"2026-04-23T16:14:54+00:00\" \/>\n<meta property=\"article:modified_time\" content=\"2026-04-23T16:14:58+00:00\" \/>\n<meta property=\"og:image\" content=\"https:\/\/monmaghreb.com\/wp-content\/uploads\/2026\/04\/featured-336.jpg\" \/>\n\t<meta property=\"og:image:width\" content=\"1880\" \/>\n\t<meta property=\"og:image:height\" content=\"1253\" \/>\n\t<meta property=\"og:image:type\" content=\"image\/jpeg\" \/>\n<meta name=\"author\" content=\"LaMagh\" \/>\n<meta name=\"twitter:card\" content=\"summary_large_image\" \/>\n<meta name=\"twitter:creator\" content=\"@MMaghreb50977\" \/>\n<meta name=\"twitter:label1\" content=\"Written by\" \/>\n\t<meta name=\"twitter:data1\" content=\"LaMagh\" \/>\n\t<meta name=\"twitter:label2\" content=\"Est. reading time\" \/>\n\t<meta name=\"twitter:data2\" content=\"4 minutes\" \/>\n<script type=\"application\/ld+json\" class=\"yoast-schema-graph\">{\"@context\":\"https:\\\/\\\/schema.org\",\"@graph\":[{\"@type\":\"Article\",\"@id\":\"https:\\\/\\\/monmaghreb.com\\\/index.php\\\/2026\\\/04\\\/23\\\/partage-de-la-culture-via-la-cuisine-ramadan-et-cuisine-de-careme-reunissent-chretiens-et-musulmans\\\/#article\",\"isPartOf\":{\"@id\":\"https:\\\/\\\/monmaghreb.com\\\/index.php\\\/2026\\\/04\\\/23\\\/partage-de-la-culture-via-la-cuisine-ramadan-et-cuisine-de-careme-reunissent-chretiens-et-musulmans\\\/\"},\"author\":{\"name\":\"LaMagh\",\"@id\":\"http:\\\/\\\/monmaghreb.com\\\/#\\\/schema\\\/person\\\/c469a89dc8c6b8987dcb438b1200d054\"},\"headline\":\"Partage de la culture via la cuisine : Ramadan et Cuisine de Car\u00eame r\u00e9unissent chr\u00e9tiens et musulmans\",\"datePublished\":\"2026-04-23T16:14:54+00:00\",\"dateModified\":\"2026-04-23T16:14:58+00:00\",\"mainEntityOfPage\":{\"@id\":\"https:\\\/\\\/monmaghreb.com\\\/index.php\\\/2026\\\/04\\\/23\\\/partage-de-la-culture-via-la-cuisine-ramadan-et-cuisine-de-careme-reunissent-chretiens-et-musulmans\\\/\"},\"wordCount\":895,\"publisher\":{\"@id\":\"http:\\\/\\\/monmaghreb.com\\\/#organization\"},\"image\":{\"@id\":\"https:\\\/\\\/monmaghreb.com\\\/index.php\\\/2026\\\/04\\\/23\\\/partage-de-la-culture-via-la-cuisine-ramadan-et-cuisine-de-careme-reunissent-chretiens-et-musulmans\\\/#primaryimage\"},\"thumbnailUrl\":\"https:\\\/\\\/monmaghreb.com\\\/wp-content\\\/uploads\\\/2026\\\/04\\\/featured-336.jpg\",\"keywords\":[\"\\\"culture tunisienne\\\"\",\"africancuisine\",\"car\u00eame et ramadan\",\"community bonding\",\"middle eastern food\"],\"articleSection\":[\"Ramadan &amp; Iftar\"],\"inLanguage\":\"en-US\"},{\"@type\":\"WebPage\",\"@id\":\"https:\\\/\\\/monmaghreb.com\\\/index.php\\\/2026\\\/04\\\/23\\\/partage-de-la-culture-via-la-cuisine-ramadan-et-cuisine-de-careme-reunissent-chretiens-et-musulmans\\\/\",\"url\":\"https:\\\/\\\/monmaghreb.com\\\/index.php\\\/2026\\\/04\\\/23\\\/partage-de-la-culture-via-la-cuisine-ramadan-et-cuisine-de-careme-reunissent-chretiens-et-musulmans\\\/\",\"name\":\"Partage de la culture via la cuisine : Ramadan et Cuisine de\",\"isPartOf\":{\"@id\":\"http:\\\/\\\/monmaghreb.com\\\/#website\"},\"primaryImageOfPage\":{\"@id\":\"https:\\\/\\\/monmaghreb.com\\\/index.php\\\/2026\\\/04\\\/23\\\/partage-de-la-culture-via-la-cuisine-ramadan-et-cuisine-de-careme-reunissent-chretiens-et-musulmans\\\/#primaryimage\"},\"image\":{\"@id\":\"https:\\\/\\\/monmaghreb.com\\\/index.php\\\/2026\\\/04\\\/23\\\/partage-de-la-culture-via-la-cuisine-ramadan-et-cuisine-de-careme-reunissent-chretiens-et-musulmans\\\/#primaryimage\"},\"thumbnailUrl\":\"https:\\\/\\\/monmaghreb.com\\\/wp-content\\\/uploads\\\/2026\\\/04\\\/featured-336.jpg\",\"datePublished\":\"2026-04-23T16:14:54+00:00\",\"dateModified\":\"2026-04-23T16:14:58+00:00\",\"description\":\"Discover how the culinary traditions of Ramadan and Easter bridge religious divides, uniting Christians and Muslims. Click to learn more about shared cultural m\",\"breadcrumb\":{\"@id\":\"https:\\\/\\\/monmaghreb.com\\\/index.php\\\/2026\\\/04\\\/23\\\/partage-de-la-culture-via-la-cuisine-ramadan-et-cuisine-de-careme-reunissent-chretiens-et-musulmans\\\/#breadcrumb\"},\"inLanguage\":\"en-US\",\"potentialAction\":[{\"@type\":\"ReadAction\",\"target\":[\"https:\\\/\\\/monmaghreb.com\\\/index.php\\\/2026\\\/04\\\/23\\\/partage-de-la-culture-via-la-cuisine-ramadan-et-cuisine-de-careme-reunissent-chretiens-et-musulmans\\\/\"]}]},{\"@type\":\"ImageObject\",\"inLanguage\":\"en-US\",\"@id\":\"https:\\\/\\\/monmaghreb.com\\\/index.php\\\/2026\\\/04\\\/23\\\/partage-de-la-culture-via-la-cuisine-ramadan-et-cuisine-de-careme-reunissent-chretiens-et-musulmans\\\/#primaryimage\",\"url\":\"https:\\\/\\\/monmaghreb.com\\\/wp-content\\\/uploads\\\/2026\\\/04\\\/featured-336.jpg\",\"contentUrl\":\"https:\\\/\\\/monmaghreb.com\\\/wp-content\\\/uploads\\\/2026\\\/04\\\/featured-336.jpg\",\"width\":1880,\"height\":1253,\"caption\":\"Christian and Muslim families enjoying a shared meal during Ramadan and Easter\"},{\"@type\":\"BreadcrumbList\",\"@id\":\"https:\\\/\\\/monmaghreb.com\\\/index.php\\\/2026\\\/04\\\/23\\\/partage-de-la-culture-via-la-cuisine-ramadan-et-cuisine-de-careme-reunissent-chretiens-et-musulmans\\\/#breadcrumb\",\"itemListElement\":[{\"@type\":\"ListItem\",\"position\":1,\"name\":\"Home\",\"item\":\"http:\\\/\\\/monmaghreb.com\\\/\"},{\"@type\":\"ListItem\",\"position\":2,\"name\":\"Partage de la culture via la cuisine : Ramadan et Cuisine de Car\u00eame r\u00e9unissent chr\u00e9tiens et musulmans\"}]},{\"@type\":\"WebSite\",\"@id\":\"http:\\\/\\\/monmaghreb.com\\\/#website\",\"url\":\"http:\\\/\\\/monmaghreb.com\\\/\",\"name\":\"Mon Maghreb\",\"description\":\"MonMaghreb United\",\"publisher\":{\"@id\":\"http:\\\/\\\/monmaghreb.com\\\/#organization\"},\"alternateName\":\"Le Monde du Maghreb et au del\u00e0\",\"potentialAction\":[{\"@type\":\"SearchAction\",\"target\":{\"@type\":\"EntryPoint\",\"urlTemplate\":\"http:\\\/\\\/monmaghreb.com\\\/?s={search_term_string}\"},\"query-input\":{\"@type\":\"PropertyValueSpecification\",\"valueRequired\":true,\"valueName\":\"search_term_string\"}}],\"inLanguage\":\"en-US\"},{\"@type\":\"Organization\",\"@id\":\"http:\\\/\\\/monmaghreb.com\\\/#organization\",\"name\":\"Mon Maghreb\",\"url\":\"http:\\\/\\\/monmaghreb.com\\\/\",\"logo\":{\"@type\":\"ImageObject\",\"inLanguage\":\"en-US\",\"@id\":\"http:\\\/\\\/monmaghreb.com\\\/#\\\/schema\\\/logo\\\/image\\\/\",\"url\":\"https:\\\/\\\/monmaghreb.com\\\/wp-content\\\/uploads\\\/2025\\\/12\\\/Mon_Maghreb_Logo.jpg\",\"contentUrl\":\"https:\\\/\\\/monmaghreb.com\\\/wp-content\\\/uploads\\\/2025\\\/12\\\/Mon_Maghreb_Logo.jpg\",\"width\":814,\"height\":374,\"caption\":\"Mon Maghreb\"},\"image\":{\"@id\":\"http:\\\/\\\/monmaghreb.com\\\/#\\\/schema\\\/logo\\\/image\\\/\"}},{\"@type\":\"Person\",\"@id\":\"http:\\\/\\\/monmaghreb.com\\\/#\\\/schema\\\/person\\\/c469a89dc8c6b8987dcb438b1200d054\",\"name\":\"LaMagh\",\"image\":{\"@type\":\"ImageObject\",\"inLanguage\":\"en-US\",\"@id\":\"https:\\\/\\\/secure.gravatar.com\\\/avatar\\\/399d8144bd55fba55e056779aca52fe528bac7911f6449e54d81173d6dfd7f0a?s=96&d=mm&r=g\",\"url\":\"https:\\\/\\\/secure.gravatar.com\\\/avatar\\\/399d8144bd55fba55e056779aca52fe528bac7911f6449e54d81173d6dfd7f0a?s=96&d=mm&r=g\",\"contentUrl\":\"https:\\\/\\\/secure.gravatar.com\\\/avatar\\\/399d8144bd55fba55e056779aca52fe528bac7911f6449e54d81173d6dfd7f0a?s=96&d=mm&r=g\",\"caption\":\"LaMagh\"},\"sameAs\":[\"https:\\\/\\\/monmaghreb.com\",\"https:\\\/\\\/www.facebook.com\\\/monmaghrebcom\",\"https:\\\/\\\/x.com\\\/MMaghreb50977\"],\"url\":\"https:\\\/\\\/monmaghreb.com\\\/index.php\\\/author\\\/lamagh\\\/\"}]}<\/script>\n<!-- \/ Yoast SEO plugin. -->","yoast_head_json":{"title":"Partage de la culture via la cuisine : Ramadan et Cuisine de","description":"Discover how the culinary traditions of Ramadan and Easter bridge religious divides, uniting Christians and Muslims. Click to learn more about shared cultural m","robots":{"index":"index","follow":"follow","max-snippet":"max-snippet:-1","max-image-preview":"max-image-preview:large","max-video-preview":"max-video-preview:-1"},"canonical":"https:\/\/monmaghreb.com\/index.php\/2026\/04\/23\/partage-de-la-culture-via-la-cuisine-ramadan-et-cuisine-de-careme-reunissent-chretiens-et-musulmans\/","og_locale":"en_US","og_type":"article","og_title":"Partage de la culture via la cuisine : Ramadan et Cuisine de Car\u00eame r\u00e9unissent chr\u00e9tiens et musulmans","og_description":"Discover how the culinary traditions of Ramadan and Easter bridge religious divides, uniting Christians and Muslims. Click to learn more about shared cultural m","og_url":"https:\/\/monmaghreb.com\/index.php\/2026\/04\/23\/partage-de-la-culture-via-la-cuisine-ramadan-et-cuisine-de-careme-reunissent-chretiens-et-musulmans\/","og_site_name":"Mon Maghreb","article_author":"https:\/\/www.facebook.com\/monmaghrebcom","article_published_time":"2026-04-23T16:14:54+00:00","article_modified_time":"2026-04-23T16:14:58+00:00","og_image":[{"width":1880,"height":1253,"url":"https:\/\/monmaghreb.com\/wp-content\/uploads\/2026\/04\/featured-336.jpg","type":"image\/jpeg"}],"author":"LaMagh","twitter_card":"summary_large_image","twitter_creator":"@MMaghreb50977","twitter_misc":{"Written by":"LaMagh","Est. reading time":"4 minutes"},"schema":{"@context":"https:\/\/schema.org","@graph":[{"@type":"Article","@id":"https:\/\/monmaghreb.com\/index.php\/2026\/04\/23\/partage-de-la-culture-via-la-cuisine-ramadan-et-cuisine-de-careme-reunissent-chretiens-et-musulmans\/#article","isPartOf":{"@id":"https:\/\/monmaghreb.com\/index.php\/2026\/04\/23\/partage-de-la-culture-via-la-cuisine-ramadan-et-cuisine-de-careme-reunissent-chretiens-et-musulmans\/"},"author":{"name":"LaMagh","@id":"http:\/\/monmaghreb.com\/#\/schema\/person\/c469a89dc8c6b8987dcb438b1200d054"},"headline":"Partage de la culture via la cuisine : Ramadan et Cuisine de Car\u00eame r\u00e9unissent chr\u00e9tiens et musulmans","datePublished":"2026-04-23T16:14:54+00:00","dateModified":"2026-04-23T16:14:58+00:00","mainEntityOfPage":{"@id":"https:\/\/monmaghreb.com\/index.php\/2026\/04\/23\/partage-de-la-culture-via-la-cuisine-ramadan-et-cuisine-de-careme-reunissent-chretiens-et-musulmans\/"},"wordCount":895,"publisher":{"@id":"http:\/\/monmaghreb.com\/#organization"},"image":{"@id":"https:\/\/monmaghreb.com\/index.php\/2026\/04\/23\/partage-de-la-culture-via-la-cuisine-ramadan-et-cuisine-de-careme-reunissent-chretiens-et-musulmans\/#primaryimage"},"thumbnailUrl":"https:\/\/monmaghreb.com\/wp-content\/uploads\/2026\/04\/featured-336.jpg","keywords":["\"culture tunisienne\"","africancuisine","car\u00eame et ramadan","community bonding","middle eastern food"],"articleSection":["Ramadan &amp; Iftar"],"inLanguage":"en-US"},{"@type":"WebPage","@id":"https:\/\/monmaghreb.com\/index.php\/2026\/04\/23\/partage-de-la-culture-via-la-cuisine-ramadan-et-cuisine-de-careme-reunissent-chretiens-et-musulmans\/","url":"https:\/\/monmaghreb.com\/index.php\/2026\/04\/23\/partage-de-la-culture-via-la-cuisine-ramadan-et-cuisine-de-careme-reunissent-chretiens-et-musulmans\/","name":"Partage de la culture via la cuisine : Ramadan et Cuisine de","isPartOf":{"@id":"http:\/\/monmaghreb.com\/#website"},"primaryImageOfPage":{"@id":"https:\/\/monmaghreb.com\/index.php\/2026\/04\/23\/partage-de-la-culture-via-la-cuisine-ramadan-et-cuisine-de-careme-reunissent-chretiens-et-musulmans\/#primaryimage"},"image":{"@id":"https:\/\/monmaghreb.com\/index.php\/2026\/04\/23\/partage-de-la-culture-via-la-cuisine-ramadan-et-cuisine-de-careme-reunissent-chretiens-et-musulmans\/#primaryimage"},"thumbnailUrl":"https:\/\/monmaghreb.com\/wp-content\/uploads\/2026\/04\/featured-336.jpg","datePublished":"2026-04-23T16:14:54+00:00","dateModified":"2026-04-23T16:14:58+00:00","description":"Discover how the culinary traditions of Ramadan and Easter bridge religious divides, uniting Christians and Muslims. Click to learn more about shared cultural m","breadcrumb":{"@id":"https:\/\/monmaghreb.com\/index.php\/2026\/04\/23\/partage-de-la-culture-via-la-cuisine-ramadan-et-cuisine-de-careme-reunissent-chretiens-et-musulmans\/#breadcrumb"},"inLanguage":"en-US","potentialAction":[{"@type":"ReadAction","target":["https:\/\/monmaghreb.com\/index.php\/2026\/04\/23\/partage-de-la-culture-via-la-cuisine-ramadan-et-cuisine-de-careme-reunissent-chretiens-et-musulmans\/"]}]},{"@type":"ImageObject","inLanguage":"en-US","@id":"https:\/\/monmaghreb.com\/index.php\/2026\/04\/23\/partage-de-la-culture-via-la-cuisine-ramadan-et-cuisine-de-careme-reunissent-chretiens-et-musulmans\/#primaryimage","url":"https:\/\/monmaghreb.com\/wp-content\/uploads\/2026\/04\/featured-336.jpg","contentUrl":"https:\/\/monmaghreb.com\/wp-content\/uploads\/2026\/04\/featured-336.jpg","width":1880,"height":1253,"caption":"Christian and Muslim families enjoying a shared meal during Ramadan and Easter"},{"@type":"BreadcrumbList","@id":"https:\/\/monmaghreb.com\/index.php\/2026\/04\/23\/partage-de-la-culture-via-la-cuisine-ramadan-et-cuisine-de-careme-reunissent-chretiens-et-musulmans\/#breadcrumb","itemListElement":[{"@type":"ListItem","position":1,"name":"Home","item":"http:\/\/monmaghreb.com\/"},{"@type":"ListItem","position":2,"name":"Partage de la culture via la cuisine : Ramadan et Cuisine de Car\u00eame r\u00e9unissent chr\u00e9tiens et musulmans"}]},{"@type":"WebSite","@id":"http:\/\/monmaghreb.com\/#website","url":"http:\/\/monmaghreb.com\/","name":"Mon Maghreb","description":"MonMaghreb United","publisher":{"@id":"http:\/\/monmaghreb.com\/#organization"},"alternateName":"Le Monde du Maghreb et au del\u00e0","potentialAction":[{"@type":"SearchAction","target":{"@type":"EntryPoint","urlTemplate":"http:\/\/monmaghreb.com\/?s={search_term_string}"},"query-input":{"@type":"PropertyValueSpecification","valueRequired":true,"valueName":"search_term_string"}}],"inLanguage":"en-US"},{"@type":"Organization","@id":"http:\/\/monmaghreb.com\/#organization","name":"Mon Maghreb","url":"http:\/\/monmaghreb.com\/","logo":{"@type":"ImageObject","inLanguage":"en-US","@id":"http:\/\/monmaghreb.com\/#\/schema\/logo\/image\/","url":"https:\/\/monmaghreb.com\/wp-content\/uploads\/2025\/12\/Mon_Maghreb_Logo.jpg","contentUrl":"https:\/\/monmaghreb.com\/wp-content\/uploads\/2025\/12\/Mon_Maghreb_Logo.jpg","width":814,"height":374,"caption":"Mon Maghreb"},"image":{"@id":"http:\/\/monmaghreb.com\/#\/schema\/logo\/image\/"}},{"@type":"Person","@id":"http:\/\/monmaghreb.com\/#\/schema\/person\/c469a89dc8c6b8987dcb438b1200d054","name":"LaMagh","image":{"@type":"ImageObject","inLanguage":"en-US","@id":"https:\/\/secure.gravatar.com\/avatar\/399d8144bd55fba55e056779aca52fe528bac7911f6449e54d81173d6dfd7f0a?s=96&d=mm&r=g","url":"https:\/\/secure.gravatar.com\/avatar\/399d8144bd55fba55e056779aca52fe528bac7911f6449e54d81173d6dfd7f0a?s=96&d=mm&r=g","contentUrl":"https:\/\/secure.gravatar.com\/avatar\/399d8144bd55fba55e056779aca52fe528bac7911f6449e54d81173d6dfd7f0a?s=96&d=mm&r=g","caption":"LaMagh"},"sameAs":["https:\/\/monmaghreb.com","https:\/\/www.facebook.com\/monmaghrebcom","https:\/\/x.com\/MMaghreb50977"],"url":"https:\/\/monmaghreb.com\/index.php\/author\/lamagh\/"}]}},"_links":{"self":[{"href":"https:\/\/monmaghreb.com\/index.php\/wp-json\/wp\/v2\/posts\/3332","targetHints":{"allow":["GET"]}}],"collection":[{"href":"https:\/\/monmaghreb.com\/index.php\/wp-json\/wp\/v2\/posts"}],"about":[{"href":"https:\/\/monmaghreb.com\/index.php\/wp-json\/wp\/v2\/types\/post"}],"author":[{"embeddable":true,"href":"https:\/\/monmaghreb.com\/index.php\/wp-json\/wp\/v2\/users\/1"}],"replies":[{"embeddable":true,"href":"https:\/\/monmaghreb.com\/index.php\/wp-json\/wp\/v2\/comments?post=3332"}],"version-history":[{"count":1,"href":"https:\/\/monmaghreb.com\/index.php\/wp-json\/wp\/v2\/posts\/3332\/revisions"}],"predecessor-version":[{"id":3333,"href":"https:\/\/monmaghreb.com\/index.php\/wp-json\/wp\/v2\/posts\/3332\/revisions\/3333"}],"wp:featuredmedia":[{"embeddable":true,"href":"https:\/\/monmaghreb.com\/index.php\/wp-json\/wp\/v2\/media\/3331"}],"wp:attachment":[{"href":"https:\/\/monmaghreb.com\/index.php\/wp-json\/wp\/v2\/media?parent=3332"}],"wp:term":[{"taxonomy":"category","embeddable":true,"href":"https:\/\/monmaghreb.com\/index.php\/wp-json\/wp\/v2\/categories?post=3332"},{"taxonomy":"post_tag","embeddable":true,"href":"https:\/\/monmaghreb.com\/index.php\/wp-json\/wp\/v2\/tags?post=3332"}],"curies":[{"name":"wp","href":"https:\/\/api.w.org\/{rel}","templated":true}]}}