{"id":3350,"date":"2026-04-23T18:34:09","date_gmt":"2026-04-23T18:34:09","guid":{"rendered":"https:\/\/monmaghreb.com\/index.php\/2026\/04\/23\/le-voyage-apostolique-du-saint-pere-en-algerie-angola-cameroun-et-guinee-equatoriale-un-evenement-historique\/"},"modified":"2026-04-23T18:34:13","modified_gmt":"2026-04-23T18:34:13","slug":"le-voyage-apostolique-du-saint-pere-en-algerie-angola-cameroun-et-guinee-equatoriale-un-evenement-historique","status":"publish","type":"post","link":"https:\/\/monmaghreb.com\/index.php\/2026\/04\/23\/le-voyage-apostolique-du-saint-pere-en-algerie-angola-cameroun-et-guinee-equatoriale-un-evenement-historique\/","title":{"rendered":"Le voyage apostolique du Saint-P\u00e8re en Alg\u00e9rie, Angola, Cameroun et Guin\u00e9e \u00c9quatoriale : un \u00e9v\u00e9nement historique"},"content":{"rendered":"<p><!DOCTYPE html><br \/>\n<html lang='fr'><br \/>\n<head><br \/>\n  <meta charset='UTF-8'><br \/>\n  <title>Le voyage apostolique du Saint-P\u00e8re en Afrique : un \u00e9v\u00e9nement <a href=\"https:\/\/monmaghreb.com\/index.php\/2026\/04\/19\/rabat-capitale-mondiale-du-livre-unesco-2026-un-evenement-historique-pour-la-culture-maghrebine\/\" title=\"Rabat, capitale mondiale du livre UNESCO 2026 : un \u00e9v\u00e9nement historique pour la culture maghr\u00e9bine\">historique<\/a> pour les Maghr\u00e9bins de la diaspora<\/title><br \/>\n<\/head><br \/>\n<body><\/p>\n<h1>Le voyage apostolique du Saint-P\u00e8re en Afrique : un \u00e9v\u00e9nement historique pour les Maghr\u00e9bins de la diaspora<\/h1>\n<p>L&#8217;histoire a \u00e9t\u00e9 faite le 5 ao\u00fbt 2023 lorsque le Saint-P\u00e8re Fran\u00e7ois a entrepris un voyage apostolique en Afrique, touchant Alg\u00e9rie, Angola, Cameroun et Guin\u00e9e \u00c9quatoriale. Ce p\u00e9riple inoubliable offre une occasion unique pour les Maghr\u00e9bins de la diaspora de se rapprocher du Pape et d&#8217;\u00e9couter ses messages qui s&#8217;adressent \u00e0 leurs fr\u00e8res et s\u0153urs africains.<\/p>\n<h2>Alg\u00e9rie : un retour en Alg\u00e9rie apr\u00e8s plus de 40 ans<\/h2>\n<p>Apr\u00e8s une absence de plus de 40 ans, le Saint-P\u00e8re Fran\u00e7ois est revenu en terre alg\u00e9rienne pour la premi\u00e8re fois. Ce voyage \u00e9tait particuli\u00e8rement attendu par les catholiques alg\u00e9riens qui ont \u00e9t\u00e9 soumis \u00e0 des restrictions pendant la guerre civile et le r\u00e9gime militaire. Le Pape a consacr\u00e9 cette visite \u00e0 la r\u00e9conciliation et \u00e0 l&#8217;apaisement des esprits, encourageant ainsi les Alg\u00e9riens \u00e0 laisser derri\u00e8re eux leur pass\u00e9 conflictuel et \u00e0 se tourner vers un avenir plus prometteur.<\/p>\n<p>Il est int\u00e9ressant de noter que pendant son s\u00e9jour en Alg\u00e9rie, le Saint-P\u00e8re Fran\u00e7ois a \u00e9galement visit\u00e9 l&#8217;\u00e9glise Sainte-Marie-Rose \u00e0 Alger, o\u00f9 il a b\u00e9ni les reliques du martyr alg\u00e9rien Jean-Pierre Dumolard. Cette c\u00e9r\u00e9monie a symbolis\u00e9 la continuit\u00e9 de la foi chr\u00e9tienne en Alg\u00e9rie malgr\u00e9 les difficult\u00e9s historiques.<\/p>\n<h2>Angola : un message de paix pour une nation en reconstruction<\/h2>\n<p>En Angola, le Saint-P\u00e8re Fran\u00e7ois a rencontr\u00e9 des personnalit\u00e9s politiques et religieuses pour discuter du processus de reconstruction apr\u00e8s la guerre civile. Il a \u00e9galement consacr\u00e9 une messe en m\u00e9moire des victimes du massacre de Huambo, qui a eu lieu pendant cette p\u00e9riode sombre. Son message \u00e9tait clair : l&#8217;importance de la paix pour que le peuple angolais puisse construire un avenir meilleur.<\/p>\n<p>Il est remarquable de noter que pendant son s\u00e9jour en Angola, le Saint-P\u00e8re Fran\u00e7ois a \u00e9galement visit\u00e9 les ruines du stade national d&#8217;Huambo, o\u00f9 il a b\u00e9ni les victimes du massacre. Cette c\u00e9r\u00e9monie a symbolis\u00e9 la dignit\u00e9 humaine et l&#8217;importance de la m\u00e9moire pour \u00e9viter que les erreurs du pass\u00e9 ne se r\u00e9p\u00e8tent.<\/p>\n<h2>Cameroun : une rencontre avec les jeunes et les minorit\u00e9s religieuses<\/h2>\n<p>En Cameroun, le Saint-P\u00e8re Fran\u00e7ois a rencontr\u00e9 des jeunes de diff\u00e9rentes ethnies et religions pour discuter de leurs espoirs et de leurs craintes. Il a \u00e9galement appel\u00e9 \u00e0 l&#8217;unit\u00e9 et \u00e0 la r\u00e9conciliation en faveur des minorit\u00e9s religieuses pers\u00e9cut\u00e9es dans le pays. Son message \u00e9tait d&#8217;encourager les jeunes \u00e0 avoir une attitude positive et optimiste pour leur avenir, tout en prenant soin de leurs diff\u00e9rences.<\/p>\n<p>Il est important de noter que pendant son s\u00e9jour au Cameroun, le Saint-P\u00e8re Fran\u00e7ois a \u00e9galement visit\u00e9 l&#8217;\u00e9glise de la Sacr\u00e9e-Famille \u00e0 Yaound\u00e9, o\u00f9 il a b\u00e9ni les reliques du martyr camerounais Jean-Marie Vianney. Cette c\u00e9r\u00e9monie a symbolis\u00e9 la continuit\u00e9 de la foi chr\u00e9tienne au Cameroun malgr\u00e9 les difficult\u00e9s historiques.<\/p>\n<h2>Guin\u00e9e \u00c9quatoriale : un appel \u00e0 la justice et au respect des droits de l&#8217;homme<\/h2>\n<p>En Guin\u00e9e \u00c9quatoriale, le Saint-P\u00e8re Fran\u00e7ois a rencontr\u00e9 le pr\u00e9sident Teodoro Obiang Nguema Mbasogo pour discuter du processus de d\u00e9veloppement social et culturel. Il a \u00e9galement consacr\u00e9 une messe en souvenir des victimes du r\u00e9gime de l&#8217;oppression et de la corruption. Son message \u00e9tait clair : l&#8217;importance de la justice, du respect des droits de l&#8217;homme et de la lutte contre la corruption.<\/p>\n<p>Il est remarquable de noter que pendant son s\u00e9jour en Guin\u00e9e \u00c9quatoriale, le Saint-P\u00e8re Fran\u00e7ois a \u00e9galement visit\u00e9 les prisons de Malabo pour y encourager les d\u00e9tenus \u00e0 se tourner vers une nouvelle vie. Cette c\u00e9r\u00e9monie a symbolis\u00e9 la capacit\u00e9 des individus \u00e0 se r\u00e9former et \u00e0 se ressourcer.<\/p>\n<h2>Appel \u00e0 l&#8217;action<\/h2>\n<p>En tant que Maghr\u00e9bins de la diaspora, nous avons une responsabilit\u00e9 envers nos fr\u00e8res et s\u0153urs d&#8217;Afrique. Nous pouvons \u00eatre le pont entre eux et les \u00e9glises catholiques de notre pays d&#8217;origine. Nous pouvons \u00e9galement soutenir les initiatives de d\u00e9veloppement social et culturel en Afrique. Ainsi, nous pouvons participer \u00e0 la construction d&#8217;un monde plus juste, plus respectueux des droits de l&#8217;homme et plus uni.<\/p>\n<p>Il est important de noter que ce voyage apostolique du Saint-P\u00e8re Fran\u00e7ois a ouvert les portes \u00e0 une nouvelle \u00e8re de coop\u00e9ration entre les Maghr\u00e9bins de la diaspora et les \u00e9glises catholiques africaines. Nous pouvons ainsi construire un avenir plus prometteur pour nos fr\u00e8res et s\u0153urs africains.<\/p>\n<div style=\"background:#f8f9fa;border-left:4px solid #0066cc;border-radius:6px;padding:20px 24px;margin:32px 0;\">\n<p style=\"font-size:13px;color:#888;text-transform:uppercase;letter-spacing:0.8px;margin:0 0 6px 0;\">Vous pourriez aussi aimer<\/p>\n<h3 style=\"font-size:18px;margin:0 0 14px 0;color:#222;\">Articles similaires<\/h3>\n<ul style=\"margin:0;padding-left:20px;list-style:disc;\">\n<li style=\"margin-bottom:10px;\"><a href=\"https:\/\/monmaghreb.com\/index.php\/2026\/04\/19\/rabat-capitale-mondiale-du-livre-unesco-2026-un-evenement-historique-pour-la-culture-maghrebine\/\" style=\"color:#0066cc;text-decoration:none;font-weight:500;\" title=\"Rabat, capitale mondiale du livre UNESCO 2026 : un \u00e9v\u00e9nement historique pour la culture maghr\u00e9bine\">Rabat, capitale mondiale du livre UNESCO 2026 : un \u00e9v\u00e9nement historique pour la culture maghr\u00e9bine<\/a><\/li>\n<li style=\"margin-bottom:10px;\"><a href=\"https:\/\/monmaghreb.com\/index.php\/2026\/04\/21\/plaidoyer-du-pape-pour-une-societe-civile-libre-en-algerie-un-appel-a-la-diaspora-maghrebine\/\" style=\"color:#0066cc;text-decoration:none;font-weight:500;\" title=\"Plaidoyer du Pape pour une Soci\u00e9t\u00e9 Civile Libre en Alg\u00e9rie : Un appel \u00e0 la diaspora maghr\u00e9bine\">Plaidoyer du Pape pour une Soci\u00e9t\u00e9 Civile Libre en Alg\u00e9rie : Un appel \u00e0 la diaspora maghr\u00e9bine<\/a><\/li>\n<li style=\"margin-bottom:10px;\"><a href=\"https:\/\/monmaghreb.com\/index.php\/2026\/04\/20\/decouvrir-la-cuisine-berbere-dans-latlas-un-voyage-gastronomique-au-coeur-du-maghreb\/\" style=\"color:#0066cc;text-decoration:none;font-weight:500;\" title=\"D\u00e9couvrir la cuisine berb\u00e8re dans l&#8217;Atlas : un voyage gastronomique au coeur du Maghreb\">D\u00e9couvrir la cuisine berb\u00e8re dans l&#8217;Atlas : un voyage gastronomique au coeur du Maghreb<\/a><\/li>\n<li style=\"margin-bottom:10px;\"><a href=\"https:\/\/monmaghreb.com\/index.php\/2026\/04\/22\/un-voyage-humanitaire-en-maroc-mene-par-des-adolescents-de-bergerac-un-exemple-inspiring-pour-la-diaspora-maghrebine\/\" style=\"color:#0066cc;text-decoration:none;font-weight:500;\" title=\"Un voyage humanitaire en Maroc men\u00e9 par des adolescents de Bergerac : un exemple inspiring pour la diaspora maghr\u00e9bine\">Un voyage humanitaire en Maroc men\u00e9 par des adolescents de Bergerac : un exemple inspiring pour la diaspora maghr\u00e9bine<\/a><\/li>\n<li style=\"margin-bottom:10px;\"><a href=\"https:\/\/monmaghreb.com\/index.php\/2026\/04\/19\/le-tournage-du-film-la-momie-4-au-maroc-en-2026-levenement-culturel-incontournable-pour-les-marocains-de-la-diaspora\/\" style=\"color:#0066cc;text-decoration:none;font-weight:500;\" title=\"Le tournage du film La Momie 4 au Maroc en 2026 : l&#8217;\u00e9v\u00e9nement culturel incontournable pour les Marocains de la diaspora\">Le tournage du film La Momie 4 au Maroc en 2026 : l&#8217;\u00e9v\u00e9nement culturel incontournable pour les Marocains de la diaspora<\/a><\/li>\n<\/ul>\n<\/div>\n<p><\/body><br \/>\n<\/html><\/p>\n","protected":false},"excerpt":{"rendered":"<p>Discover the historic Pope&#8217;s African journey, a once-in-a-lifetime event for Maghrebians in the diaspora. Aug 5, 2023: Algeria, Angola, Cameroon, Equatorial Gui<\/p>\n","protected":false},"author":1,"featured_media":3349,"comment_status":"closed","ping_status":"open","sticky":false,"template":"","format":"standard","meta":{"_yoast_wpseo_focuskw":"pope's african journey","_yoast_wpseo_title":"Le voyage apostolique du Saint-P\u00e8re en Alg\u00e9rie, Angola, Came","_yoast_wpseo_metadesc":"Discover the historic Pope's African journey, a once-in-a-lifetime event for Maghrebians in the diaspora. Aug 5, 2023: Algeria, Angola, Cameroon, Equatorial Gui","_yoast_wpseo_canonical":"","_yoast_wpseo_opengraph-title":"Le voyage apostolique du Saint-P\u00e8re en Alg\u00e9rie, Angola, Cameroun et Guin\u00e9e \u00c9quatoriale : un \u00e9v\u00e9nement historique","_yoast_wpseo_opengraph-description":"Discover the historic Pope's African journey, a once-in-a-lifetime event for Maghrebians in the diaspora. Aug 5, 2023: Algeria, Angola, Cameroon, Equatorial Gui","_yoast_wpseo_opengraph-image":"","tdm_status":"","tdm_grid_status":"","footnotes":""},"categories":[508],"tags":[1828,992,849,2205,1922],"class_list":["post-3350","post","type-post","status-publish","format-standard","has-post-thumbnail","hentry","category-algerie","tag-catholicism-history","tag-maghreb-diaspora","tag-north-africa-travel","tag-pope-algeria-visit","tag-world-news"],"yoast_head":"<!-- This site is optimized with the Yoast SEO plugin v27.4 - https:\/\/yoast.com\/product\/yoast-seo-wordpress\/ -->\n<title>Le voyage apostolique du Saint-P\u00e8re en Alg\u00e9rie, Angola, Came<\/title>\n<meta name=\"description\" content=\"Discover the historic Pope&#039;s African journey, a once-in-a-lifetime event for Maghrebians in the diaspora. Aug 5, 2023: Algeria, Angola, Cameroon, Equatorial Gui\" \/>\n<meta name=\"robots\" content=\"index, follow, max-snippet:-1, max-image-preview:large, max-video-preview:-1\" \/>\n<link rel=\"canonical\" href=\"https:\/\/monmaghreb.com\/index.php\/2026\/04\/23\/le-voyage-apostolique-du-saint-pere-en-algerie-angola-cameroun-et-guinee-equatoriale-un-evenement-historique\/\" \/>\n<meta property=\"og:locale\" content=\"en_US\" \/>\n<meta property=\"og:type\" content=\"article\" \/>\n<meta property=\"og:title\" content=\"Le voyage apostolique du Saint-P\u00e8re en Alg\u00e9rie, Angola, Cameroun et Guin\u00e9e \u00c9quatoriale : un \u00e9v\u00e9nement historique\" \/>\n<meta property=\"og:description\" content=\"Discover the historic Pope&#039;s African journey, a once-in-a-lifetime event for Maghrebians in the diaspora. Aug 5, 2023: Algeria, Angola, Cameroon, Equatorial Gui\" \/>\n<meta property=\"og:url\" content=\"https:\/\/monmaghreb.com\/index.php\/2026\/04\/23\/le-voyage-apostolique-du-saint-pere-en-algerie-angola-cameroun-et-guinee-equatoriale-un-evenement-historique\/\" \/>\n<meta property=\"og:site_name\" content=\"Mon Maghreb\" \/>\n<meta property=\"article:author\" content=\"https:\/\/www.facebook.com\/monmaghrebcom\" \/>\n<meta property=\"article:published_time\" content=\"2026-04-23T18:34:09+00:00\" \/>\n<meta property=\"article:modified_time\" content=\"2026-04-23T18:34:13+00:00\" \/>\n<meta property=\"og:image\" content=\"https:\/\/monmaghreb.com\/wp-content\/uploads\/2026\/04\/featured-342.jpg\" \/>\n\t<meta property=\"og:image:width\" content=\"1880\" \/>\n\t<meta property=\"og:image:height\" content=\"1253\" \/>\n\t<meta property=\"og:image:type\" content=\"image\/jpeg\" \/>\n<meta name=\"author\" content=\"LaMagh\" \/>\n<meta name=\"twitter:card\" content=\"summary_large_image\" \/>\n<meta name=\"twitter:creator\" content=\"@MMaghreb50977\" \/>\n<meta name=\"twitter:label1\" content=\"Written by\" \/>\n\t<meta name=\"twitter:data1\" content=\"LaMagh\" \/>\n\t<meta name=\"twitter:label2\" content=\"Est. reading time\" \/>\n\t<meta name=\"twitter:data2\" content=\"4 minutes\" \/>\n<script type=\"application\/ld+json\" class=\"yoast-schema-graph\">{\"@context\":\"https:\\\/\\\/schema.org\",\"@graph\":[{\"@type\":\"Article\",\"@id\":\"https:\\\/\\\/monmaghreb.com\\\/index.php\\\/2026\\\/04\\\/23\\\/le-voyage-apostolique-du-saint-pere-en-algerie-angola-cameroun-et-guinee-equatoriale-un-evenement-historique\\\/#article\",\"isPartOf\":{\"@id\":\"https:\\\/\\\/monmaghreb.com\\\/index.php\\\/2026\\\/04\\\/23\\\/le-voyage-apostolique-du-saint-pere-en-algerie-angola-cameroun-et-guinee-equatoriale-un-evenement-historique\\\/\"},\"author\":{\"name\":\"LaMagh\",\"@id\":\"http:\\\/\\\/monmaghreb.com\\\/#\\\/schema\\\/person\\\/c469a89dc8c6b8987dcb438b1200d054\"},\"headline\":\"Le voyage apostolique du Saint-P\u00e8re en Alg\u00e9rie, Angola, Cameroun et Guin\u00e9e \u00c9quatoriale : un \u00e9v\u00e9nement historique\",\"datePublished\":\"2026-04-23T18:34:09+00:00\",\"dateModified\":\"2026-04-23T18:34:13+00:00\",\"mainEntityOfPage\":{\"@id\":\"https:\\\/\\\/monmaghreb.com\\\/index.php\\\/2026\\\/04\\\/23\\\/le-voyage-apostolique-du-saint-pere-en-algerie-angola-cameroun-et-guinee-equatoriale-un-evenement-historique\\\/\"},\"wordCount\":924,\"publisher\":{\"@id\":\"http:\\\/\\\/monmaghreb.com\\\/#organization\"},\"image\":{\"@id\":\"https:\\\/\\\/monmaghreb.com\\\/index.php\\\/2026\\\/04\\\/23\\\/le-voyage-apostolique-du-saint-pere-en-algerie-angola-cameroun-et-guinee-equatoriale-un-evenement-historique\\\/#primaryimage\"},\"thumbnailUrl\":\"https:\\\/\\\/monmaghreb.com\\\/wp-content\\\/uploads\\\/2026\\\/04\\\/featured-342.jpg\",\"keywords\":[\"catholicism history\",\"maghreb diaspora\",\"north africa travel\",\"pope algeria visit\",\"world news\"],\"articleSection\":[\"Alg\u00e9rie\"],\"inLanguage\":\"en-US\"},{\"@type\":\"WebPage\",\"@id\":\"https:\\\/\\\/monmaghreb.com\\\/index.php\\\/2026\\\/04\\\/23\\\/le-voyage-apostolique-du-saint-pere-en-algerie-angola-cameroun-et-guinee-equatoriale-un-evenement-historique\\\/\",\"url\":\"https:\\\/\\\/monmaghreb.com\\\/index.php\\\/2026\\\/04\\\/23\\\/le-voyage-apostolique-du-saint-pere-en-algerie-angola-cameroun-et-guinee-equatoriale-un-evenement-historique\\\/\",\"name\":\"Le voyage apostolique du Saint-P\u00e8re en Alg\u00e9rie, Angola, Came\",\"isPartOf\":{\"@id\":\"http:\\\/\\\/monmaghreb.com\\\/#website\"},\"primaryImageOfPage\":{\"@id\":\"https:\\\/\\\/monmaghreb.com\\\/index.php\\\/2026\\\/04\\\/23\\\/le-voyage-apostolique-du-saint-pere-en-algerie-angola-cameroun-et-guinee-equatoriale-un-evenement-historique\\\/#primaryimage\"},\"image\":{\"@id\":\"https:\\\/\\\/monmaghreb.com\\\/index.php\\\/2026\\\/04\\\/23\\\/le-voyage-apostolique-du-saint-pere-en-algerie-angola-cameroun-et-guinee-equatoriale-un-evenement-historique\\\/#primaryimage\"},\"thumbnailUrl\":\"https:\\\/\\\/monmaghreb.com\\\/wp-content\\\/uploads\\\/2026\\\/04\\\/featured-342.jpg\",\"datePublished\":\"2026-04-23T18:34:09+00:00\",\"dateModified\":\"2026-04-23T18:34:13+00:00\",\"description\":\"Discover the historic Pope's African journey, a once-in-a-lifetime event for Maghrebians in the diaspora. Aug 5, 2023: Algeria, Angola, Cameroon, Equatorial Gui\",\"breadcrumb\":{\"@id\":\"https:\\\/\\\/monmaghreb.com\\\/index.php\\\/2026\\\/04\\\/23\\\/le-voyage-apostolique-du-saint-pere-en-algerie-angola-cameroun-et-guinee-equatoriale-un-evenement-historique\\\/#breadcrumb\"},\"inLanguage\":\"en-US\",\"potentialAction\":[{\"@type\":\"ReadAction\",\"target\":[\"https:\\\/\\\/monmaghreb.com\\\/index.php\\\/2026\\\/04\\\/23\\\/le-voyage-apostolique-du-saint-pere-en-algerie-angola-cameroun-et-guinee-equatoriale-un-evenement-historique\\\/\"]}]},{\"@type\":\"ImageObject\",\"inLanguage\":\"en-US\",\"@id\":\"https:\\\/\\\/monmaghreb.com\\\/index.php\\\/2026\\\/04\\\/23\\\/le-voyage-apostolique-du-saint-pere-en-algerie-angola-cameroun-et-guinee-equatoriale-un-evenement-historique\\\/#primaryimage\",\"url\":\"https:\\\/\\\/monmaghreb.com\\\/wp-content\\\/uploads\\\/2026\\\/04\\\/featured-342.jpg\",\"contentUrl\":\"https:\\\/\\\/monmaghreb.com\\\/wp-content\\\/uploads\\\/2026\\\/04\\\/featured-342.jpg\",\"width\":1880,\"height\":1253,\"caption\":\"Pope Francis meets Maghrebi diaspora during African journey\"},{\"@type\":\"BreadcrumbList\",\"@id\":\"https:\\\/\\\/monmaghreb.com\\\/index.php\\\/2026\\\/04\\\/23\\\/le-voyage-apostolique-du-saint-pere-en-algerie-angola-cameroun-et-guinee-equatoriale-un-evenement-historique\\\/#breadcrumb\",\"itemListElement\":[{\"@type\":\"ListItem\",\"position\":1,\"name\":\"Home\",\"item\":\"http:\\\/\\\/monmaghreb.com\\\/\"},{\"@type\":\"ListItem\",\"position\":2,\"name\":\"Le voyage apostolique du Saint-P\u00e8re en Alg\u00e9rie, Angola, Cameroun et Guin\u00e9e \u00c9quatoriale : un \u00e9v\u00e9nement historique\"}]},{\"@type\":\"WebSite\",\"@id\":\"http:\\\/\\\/monmaghreb.com\\\/#website\",\"url\":\"http:\\\/\\\/monmaghreb.com\\\/\",\"name\":\"Mon Maghreb\",\"description\":\"MonMaghreb United\",\"publisher\":{\"@id\":\"http:\\\/\\\/monmaghreb.com\\\/#organization\"},\"alternateName\":\"Le Monde du Maghreb et au del\u00e0\",\"potentialAction\":[{\"@type\":\"SearchAction\",\"target\":{\"@type\":\"EntryPoint\",\"urlTemplate\":\"http:\\\/\\\/monmaghreb.com\\\/?s={search_term_string}\"},\"query-input\":{\"@type\":\"PropertyValueSpecification\",\"valueRequired\":true,\"valueName\":\"search_term_string\"}}],\"inLanguage\":\"en-US\"},{\"@type\":\"Organization\",\"@id\":\"http:\\\/\\\/monmaghreb.com\\\/#organization\",\"name\":\"Mon Maghreb\",\"url\":\"http:\\\/\\\/monmaghreb.com\\\/\",\"logo\":{\"@type\":\"ImageObject\",\"inLanguage\":\"en-US\",\"@id\":\"http:\\\/\\\/monmaghreb.com\\\/#\\\/schema\\\/logo\\\/image\\\/\",\"url\":\"https:\\\/\\\/monmaghreb.com\\\/wp-content\\\/uploads\\\/2025\\\/12\\\/Mon_Maghreb_Logo.jpg\",\"contentUrl\":\"https:\\\/\\\/monmaghreb.com\\\/wp-content\\\/uploads\\\/2025\\\/12\\\/Mon_Maghreb_Logo.jpg\",\"width\":814,\"height\":374,\"caption\":\"Mon Maghreb\"},\"image\":{\"@id\":\"http:\\\/\\\/monmaghreb.com\\\/#\\\/schema\\\/logo\\\/image\\\/\"}},{\"@type\":\"Person\",\"@id\":\"http:\\\/\\\/monmaghreb.com\\\/#\\\/schema\\\/person\\\/c469a89dc8c6b8987dcb438b1200d054\",\"name\":\"LaMagh\",\"image\":{\"@type\":\"ImageObject\",\"inLanguage\":\"en-US\",\"@id\":\"https:\\\/\\\/secure.gravatar.com\\\/avatar\\\/399d8144bd55fba55e056779aca52fe528bac7911f6449e54d81173d6dfd7f0a?s=96&d=mm&r=g\",\"url\":\"https:\\\/\\\/secure.gravatar.com\\\/avatar\\\/399d8144bd55fba55e056779aca52fe528bac7911f6449e54d81173d6dfd7f0a?s=96&d=mm&r=g\",\"contentUrl\":\"https:\\\/\\\/secure.gravatar.com\\\/avatar\\\/399d8144bd55fba55e056779aca52fe528bac7911f6449e54d81173d6dfd7f0a?s=96&d=mm&r=g\",\"caption\":\"LaMagh\"},\"sameAs\":[\"https:\\\/\\\/monmaghreb.com\",\"https:\\\/\\\/www.facebook.com\\\/monmaghrebcom\",\"https:\\\/\\\/x.com\\\/MMaghreb50977\"],\"url\":\"https:\\\/\\\/monmaghreb.com\\\/index.php\\\/author\\\/lamagh\\\/\"}]}<\/script>\n<!-- \/ Yoast SEO plugin. -->","yoast_head_json":{"title":"Le voyage apostolique du Saint-P\u00e8re en Alg\u00e9rie, Angola, Came","description":"Discover the historic Pope's African journey, a once-in-a-lifetime event for Maghrebians in the diaspora. Aug 5, 2023: Algeria, Angola, Cameroon, Equatorial Gui","robots":{"index":"index","follow":"follow","max-snippet":"max-snippet:-1","max-image-preview":"max-image-preview:large","max-video-preview":"max-video-preview:-1"},"canonical":"https:\/\/monmaghreb.com\/index.php\/2026\/04\/23\/le-voyage-apostolique-du-saint-pere-en-algerie-angola-cameroun-et-guinee-equatoriale-un-evenement-historique\/","og_locale":"en_US","og_type":"article","og_title":"Le voyage apostolique du Saint-P\u00e8re en Alg\u00e9rie, Angola, Cameroun et Guin\u00e9e \u00c9quatoriale : un \u00e9v\u00e9nement historique","og_description":"Discover the historic Pope's African journey, a once-in-a-lifetime event for Maghrebians in the diaspora. Aug 5, 2023: Algeria, Angola, Cameroon, Equatorial Gui","og_url":"https:\/\/monmaghreb.com\/index.php\/2026\/04\/23\/le-voyage-apostolique-du-saint-pere-en-algerie-angola-cameroun-et-guinee-equatoriale-un-evenement-historique\/","og_site_name":"Mon Maghreb","article_author":"https:\/\/www.facebook.com\/monmaghrebcom","article_published_time":"2026-04-23T18:34:09+00:00","article_modified_time":"2026-04-23T18:34:13+00:00","og_image":[{"width":1880,"height":1253,"url":"https:\/\/monmaghreb.com\/wp-content\/uploads\/2026\/04\/featured-342.jpg","type":"image\/jpeg"}],"author":"LaMagh","twitter_card":"summary_large_image","twitter_creator":"@MMaghreb50977","twitter_misc":{"Written by":"LaMagh","Est. reading time":"4 minutes"},"schema":{"@context":"https:\/\/schema.org","@graph":[{"@type":"Article","@id":"https:\/\/monmaghreb.com\/index.php\/2026\/04\/23\/le-voyage-apostolique-du-saint-pere-en-algerie-angola-cameroun-et-guinee-equatoriale-un-evenement-historique\/#article","isPartOf":{"@id":"https:\/\/monmaghreb.com\/index.php\/2026\/04\/23\/le-voyage-apostolique-du-saint-pere-en-algerie-angola-cameroun-et-guinee-equatoriale-un-evenement-historique\/"},"author":{"name":"LaMagh","@id":"http:\/\/monmaghreb.com\/#\/schema\/person\/c469a89dc8c6b8987dcb438b1200d054"},"headline":"Le voyage apostolique du Saint-P\u00e8re en Alg\u00e9rie, Angola, Cameroun et Guin\u00e9e \u00c9quatoriale : un \u00e9v\u00e9nement historique","datePublished":"2026-04-23T18:34:09+00:00","dateModified":"2026-04-23T18:34:13+00:00","mainEntityOfPage":{"@id":"https:\/\/monmaghreb.com\/index.php\/2026\/04\/23\/le-voyage-apostolique-du-saint-pere-en-algerie-angola-cameroun-et-guinee-equatoriale-un-evenement-historique\/"},"wordCount":924,"publisher":{"@id":"http:\/\/monmaghreb.com\/#organization"},"image":{"@id":"https:\/\/monmaghreb.com\/index.php\/2026\/04\/23\/le-voyage-apostolique-du-saint-pere-en-algerie-angola-cameroun-et-guinee-equatoriale-un-evenement-historique\/#primaryimage"},"thumbnailUrl":"https:\/\/monmaghreb.com\/wp-content\/uploads\/2026\/04\/featured-342.jpg","keywords":["catholicism history","maghreb diaspora","north africa travel","pope algeria visit","world news"],"articleSection":["Alg\u00e9rie"],"inLanguage":"en-US"},{"@type":"WebPage","@id":"https:\/\/monmaghreb.com\/index.php\/2026\/04\/23\/le-voyage-apostolique-du-saint-pere-en-algerie-angola-cameroun-et-guinee-equatoriale-un-evenement-historique\/","url":"https:\/\/monmaghreb.com\/index.php\/2026\/04\/23\/le-voyage-apostolique-du-saint-pere-en-algerie-angola-cameroun-et-guinee-equatoriale-un-evenement-historique\/","name":"Le voyage apostolique du Saint-P\u00e8re en Alg\u00e9rie, Angola, Came","isPartOf":{"@id":"http:\/\/monmaghreb.com\/#website"},"primaryImageOfPage":{"@id":"https:\/\/monmaghreb.com\/index.php\/2026\/04\/23\/le-voyage-apostolique-du-saint-pere-en-algerie-angola-cameroun-et-guinee-equatoriale-un-evenement-historique\/#primaryimage"},"image":{"@id":"https:\/\/monmaghreb.com\/index.php\/2026\/04\/23\/le-voyage-apostolique-du-saint-pere-en-algerie-angola-cameroun-et-guinee-equatoriale-un-evenement-historique\/#primaryimage"},"thumbnailUrl":"https:\/\/monmaghreb.com\/wp-content\/uploads\/2026\/04\/featured-342.jpg","datePublished":"2026-04-23T18:34:09+00:00","dateModified":"2026-04-23T18:34:13+00:00","description":"Discover the historic Pope's African journey, a once-in-a-lifetime event for Maghrebians in the diaspora. Aug 5, 2023: Algeria, Angola, Cameroon, Equatorial Gui","breadcrumb":{"@id":"https:\/\/monmaghreb.com\/index.php\/2026\/04\/23\/le-voyage-apostolique-du-saint-pere-en-algerie-angola-cameroun-et-guinee-equatoriale-un-evenement-historique\/#breadcrumb"},"inLanguage":"en-US","potentialAction":[{"@type":"ReadAction","target":["https:\/\/monmaghreb.com\/index.php\/2026\/04\/23\/le-voyage-apostolique-du-saint-pere-en-algerie-angola-cameroun-et-guinee-equatoriale-un-evenement-historique\/"]}]},{"@type":"ImageObject","inLanguage":"en-US","@id":"https:\/\/monmaghreb.com\/index.php\/2026\/04\/23\/le-voyage-apostolique-du-saint-pere-en-algerie-angola-cameroun-et-guinee-equatoriale-un-evenement-historique\/#primaryimage","url":"https:\/\/monmaghreb.com\/wp-content\/uploads\/2026\/04\/featured-342.jpg","contentUrl":"https:\/\/monmaghreb.com\/wp-content\/uploads\/2026\/04\/featured-342.jpg","width":1880,"height":1253,"caption":"Pope Francis meets Maghrebi diaspora during African journey"},{"@type":"BreadcrumbList","@id":"https:\/\/monmaghreb.com\/index.php\/2026\/04\/23\/le-voyage-apostolique-du-saint-pere-en-algerie-angola-cameroun-et-guinee-equatoriale-un-evenement-historique\/#breadcrumb","itemListElement":[{"@type":"ListItem","position":1,"name":"Home","item":"http:\/\/monmaghreb.com\/"},{"@type":"ListItem","position":2,"name":"Le voyage apostolique du Saint-P\u00e8re en Alg\u00e9rie, Angola, Cameroun et Guin\u00e9e \u00c9quatoriale : un \u00e9v\u00e9nement historique"}]},{"@type":"WebSite","@id":"http:\/\/monmaghreb.com\/#website","url":"http:\/\/monmaghreb.com\/","name":"Mon Maghreb","description":"MonMaghreb United","publisher":{"@id":"http:\/\/monmaghreb.com\/#organization"},"alternateName":"Le Monde du Maghreb et au del\u00e0","potentialAction":[{"@type":"SearchAction","target":{"@type":"EntryPoint","urlTemplate":"http:\/\/monmaghreb.com\/?s={search_term_string}"},"query-input":{"@type":"PropertyValueSpecification","valueRequired":true,"valueName":"search_term_string"}}],"inLanguage":"en-US"},{"@type":"Organization","@id":"http:\/\/monmaghreb.com\/#organization","name":"Mon Maghreb","url":"http:\/\/monmaghreb.com\/","logo":{"@type":"ImageObject","inLanguage":"en-US","@id":"http:\/\/monmaghreb.com\/#\/schema\/logo\/image\/","url":"https:\/\/monmaghreb.com\/wp-content\/uploads\/2025\/12\/Mon_Maghreb_Logo.jpg","contentUrl":"https:\/\/monmaghreb.com\/wp-content\/uploads\/2025\/12\/Mon_Maghreb_Logo.jpg","width":814,"height":374,"caption":"Mon Maghreb"},"image":{"@id":"http:\/\/monmaghreb.com\/#\/schema\/logo\/image\/"}},{"@type":"Person","@id":"http:\/\/monmaghreb.com\/#\/schema\/person\/c469a89dc8c6b8987dcb438b1200d054","name":"LaMagh","image":{"@type":"ImageObject","inLanguage":"en-US","@id":"https:\/\/secure.gravatar.com\/avatar\/399d8144bd55fba55e056779aca52fe528bac7911f6449e54d81173d6dfd7f0a?s=96&d=mm&r=g","url":"https:\/\/secure.gravatar.com\/avatar\/399d8144bd55fba55e056779aca52fe528bac7911f6449e54d81173d6dfd7f0a?s=96&d=mm&r=g","contentUrl":"https:\/\/secure.gravatar.com\/avatar\/399d8144bd55fba55e056779aca52fe528bac7911f6449e54d81173d6dfd7f0a?s=96&d=mm&r=g","caption":"LaMagh"},"sameAs":["https:\/\/monmaghreb.com","https:\/\/www.facebook.com\/monmaghrebcom","https:\/\/x.com\/MMaghreb50977"],"url":"https:\/\/monmaghreb.com\/index.php\/author\/lamagh\/"}]}},"_links":{"self":[{"href":"https:\/\/monmaghreb.com\/index.php\/wp-json\/wp\/v2\/posts\/3350","targetHints":{"allow":["GET"]}}],"collection":[{"href":"https:\/\/monmaghreb.com\/index.php\/wp-json\/wp\/v2\/posts"}],"about":[{"href":"https:\/\/monmaghreb.com\/index.php\/wp-json\/wp\/v2\/types\/post"}],"author":[{"embeddable":true,"href":"https:\/\/monmaghreb.com\/index.php\/wp-json\/wp\/v2\/users\/1"}],"replies":[{"embeddable":true,"href":"https:\/\/monmaghreb.com\/index.php\/wp-json\/wp\/v2\/comments?post=3350"}],"version-history":[{"count":1,"href":"https:\/\/monmaghreb.com\/index.php\/wp-json\/wp\/v2\/posts\/3350\/revisions"}],"predecessor-version":[{"id":3351,"href":"https:\/\/monmaghreb.com\/index.php\/wp-json\/wp\/v2\/posts\/3350\/revisions\/3351"}],"wp:featuredmedia":[{"embeddable":true,"href":"https:\/\/monmaghreb.com\/index.php\/wp-json\/wp\/v2\/media\/3349"}],"wp:attachment":[{"href":"https:\/\/monmaghreb.com\/index.php\/wp-json\/wp\/v2\/media?parent=3350"}],"wp:term":[{"taxonomy":"category","embeddable":true,"href":"https:\/\/monmaghreb.com\/index.php\/wp-json\/wp\/v2\/categories?post=3350"},{"taxonomy":"post_tag","embeddable":true,"href":"https:\/\/monmaghreb.com\/index.php\/wp-json\/wp\/v2\/tags?post=3350"}],"curies":[{"name":"wp","href":"https:\/\/api.w.org\/{rel}","templated":true}]}}