{"id":3353,"date":"2026-04-23T19:57:32","date_gmt":"2026-04-23T19:57:32","guid":{"rendered":"https:\/\/monmaghreb.com\/index.php\/2026\/04\/23\/le-voyage-prophetique-de-leon-xiv-en-algerie-une-histoire-a-revisiter\/"},"modified":"2026-04-23T19:57:37","modified_gmt":"2026-04-23T19:57:37","slug":"le-voyage-prophetique-de-leon-xiv-en-algerie-une-histoire-a-revisiter","status":"publish","type":"post","link":"https:\/\/monmaghreb.com\/index.php\/2026\/04\/23\/le-voyage-prophetique-de-leon-xiv-en-algerie-une-histoire-a-revisiter\/","title":{"rendered":"Le voyage proph\u00e9tique de L\u00e9on XIV en Alg\u00e9rie : une histoire \u00e0 revisiter"},"content":{"rendered":"<p><!DOCTYPE html><br \/>\n<html lang='fr'><br \/>\n<head><br \/>\n\t<meta charset='UTF-8'><br \/>\n\t<meta name='viewport' content='width=device-width, initial-scale=1.0'><br \/>\n\t<title>Le voyage proph\u00e9tique de L\u00e9on XIV en Alg\u00e9rie<\/title><br \/>\n<\/head><br \/>\n<body><\/p>\n<h1>Le voyage proph\u00e9tique de L\u00e9on XIV en Alg\u00e9rie : une histoire \u00e0 revisiter<\/h1>\n<p>L&#8217;ann\u00e9e 1896 marqua la premi\u00e8re visite d&#8217;un pape en Afrique, celle du Pape L\u00e9on XIV qui a effectu\u00e9 un voyage proph\u00e9tique en Alg\u00e9rie. Ce voyage historique est encore aujourd&#8217;hui une source de r\u00e9flexion et d&#8217;inspiration pour les lecteurs maghr\u00e9bins de la <a href=\"https:\/\/monmaghreb.com\/index.php\/2026\/04\/21\/plaidoyer-du-pape-pour-une-societe-civile-libre-en-algerie-un-appel-a-la-diaspora-maghrebine\/\" title=\"Plaidoyer du Pape pour une Soci\u00e9t\u00e9 Civile Libre en Alg\u00e9rie : Un appel \u00e0 la diaspora maghr\u00e9bine\">diaspora<\/a>.<\/p>\n<h2>Le contexte politique<\/h2>\n<p>En 1896, l&#8217;Alg\u00e9rie \u00e9tait sous domination fran\u00e7aise, un pays en pleine transformation apr\u00e8s la conqu\u00eate par Napol\u00e9on Bonaparte. Les relations entre la France et le Vatican \u00e9taient loin d&#8217;\u00eatre harmonieuses, avec des tensions autour de l&#8217;enseignement catholique en Alg\u00e9rie.<\/p>\n<p>Le Pape L\u00e9on XIV a voyag\u00e9 en Alg\u00e9rie \u00e0 l&#8217;invitation du gouvernement fran\u00e7ais pour rencontrer les autorit\u00e9s coloniales et les chr\u00e9tiens locaux. Il s&#8217;agit d&#8217;une opportunit\u00e9 unique pour le Pape de promouvoir la paix et l&#8217;amiti\u00e9 entre les deux nations.<\/p>\n<ul>\n<li>Le Pape L\u00e9on XIV a essay\u00e9 d&#8217;am\u00e9liorer les relations entre la France et le Vatican en mettant fin aux tensions sur l&#8217;enseignement catholique en Alg\u00e9rie.<\/li>\n<li>Il a \u00e9galement souhait\u00e9 soutenir les catholiques en Alg\u00e9rie face aux pers\u00e9cutions de l&#8217;\u00c9tat fran\u00e7ais, qui avaient pour objectif de r\u00e9duire le pouvoir des chr\u00e9tiens dans le pays.<\/li>\n<\/ul>\n<h2>La rencontre avec les autorit\u00e9s coloniales<\/h2>\n<p>Le Pape L\u00e9on XIV a rencontr\u00e9 les autorit\u00e9s coloniales fran\u00e7aises \u00e0 Alger, la ville principale de l&#8217;Alg\u00e9rie sous domination fran\u00e7aise. Il a plaid\u00e9 en leur faveur pour une meilleure gestion du pays et pour le respect des droits de l&#8217;Homme.<\/p>\n<p>Il a \u00e9galement pris l&#8217;opportunit\u00e9 de demander la lib\u00e9ration de prisonniers politiques en Alg\u00e9rie, qui \u00e9taient d\u00e9tenus \u00e0 cause de leurs activit\u00e9s anti-colonialistes.<\/p>\n<h2>La rencontre avec les catholiques<\/h2>\n<p>Le Pape L\u00e9on XIV a \u00e9galement rencontr\u00e9 les catholiques locaux en Alg\u00e9rie. Il a pr\u00each\u00e9 un message de paix et d&#8217;unit\u00e9, appelant tous les chr\u00e9tiens \u00e0 travailler ensemble pour le bien commun.<\/p>\n<p>Il a \u00e9galement promis sa soutien aux catholiques en Alg\u00e9rie face aux pers\u00e9cutions de l&#8217;\u00c9tat fran\u00e7ais, qui ont pour objectif de r\u00e9duire le pouvoir des chr\u00e9tiens dans le pays.<\/p>\n<h2>Les effets du voyage<\/h2>\n<p>Le voyage du Pape L\u00e9on XIV a eu des effets positifs sur les relations entre la France et le Vatican. Les deux parties ont trouv\u00e9 un terrain d&#8217;entente pour r\u00e9soudre certains de leurs probl\u00e8mes.<\/p>\n<p>Le voyage a \u00e9galement \u00e9t\u00e9 un moment important pour les catholiques en Alg\u00e9rie, qui ont vu dans le Pape L\u00e9on XIV un symbole de leur foi. Il a \u00e9t\u00e9 la source d&#8217;inspiration pour de nombreux croyants et a contribu\u00e9 \u00e0 renforcer la communaut\u00e9 chr\u00e9tienne en Alg\u00e9rie.<\/p>\n<h2>L&#8217;appel \u00e0 l&#8217;action<\/h2>\n<p>Le voyage du Pape L\u00e9on XIV en Alg\u00e9rie est encore aujourd&#8217;hui une source de r\u00e9flexion et d&#8217;inspiration pour les lecteurs maghr\u00e9bins de la diaspora. Nous invitons tous \u00e0 revisiter cette histoire et \u00e0 apprendre de ses le\u00e7ons.<\/p>\n<p>Nous appelons \u00e9galement \u00e0 soutenir nos fr\u00e8res et s\u0153urs chr\u00e9tiens en Alg\u00e9rie, qui continuent de souffrir de pers\u00e9cutions et de discriminations. Nous sommes appel\u00e9s \u00e0 suivre l&#8217;exemple du Pape L\u00e9on XIV et \u00e0 agir pour le bien commun.<\/p>\n<div style=\"background:#f8f9fa;border-left:4px solid #0066cc;border-radius:6px;padding:20px 24px;margin:32px 0;\">\n<p style=\"font-size:13px;color:#888;text-transform:uppercase;letter-spacing:0.8px;margin:0 0 6px 0;\">Vous pourriez aussi aimer<\/p>\n<h3 style=\"font-size:18px;margin:0 0 14px 0;color:#222;\">Articles similaires<\/h3>\n<ul style=\"margin:0;padding-left:20px;list-style:disc;\">\n<li style=\"margin-bottom:10px;\"><a href=\"https:\/\/monmaghreb.com\/index.php\/2026\/04\/21\/plaidoyer-du-pape-pour-une-societe-civile-libre-en-algerie-un-appel-a-la-diaspora-maghrebine\/\" style=\"color:#0066cc;text-decoration:none;font-weight:500;\" title=\"Plaidoyer du Pape pour une Soci\u00e9t\u00e9 Civile Libre en Alg\u00e9rie : Un appel \u00e0 la diaspora maghr\u00e9bine\">Plaidoyer du Pape pour une Soci\u00e9t\u00e9 Civile Libre en Alg\u00e9rie : Un appel \u00e0 la diaspora maghr\u00e9bine<\/a><\/li>\n<li style=\"margin-bottom:10px;\"><a href=\"https:\/\/monmaghreb.com\/index.php\/2026\/04\/23\/le-voyage-apostolique-du-saint-pere-en-algerie-angola-cameroun-et-guinee-equatoriale-un-evenement-historique\/\" style=\"color:#0066cc;text-decoration:none;font-weight:500;\" title=\"Le voyage apostolique du Saint-P\u00e8re en Alg\u00e9rie, Angola, Cameroun et Guin\u00e9e \u00c9quatoriale : un \u00e9v\u00e9nement historique\">Le voyage apostolique du Saint-P\u00e8re en Alg\u00e9rie, Angola, Cameroun et Guin\u00e9e \u00c9quatoriale : un \u00e9v\u00e9nement historique<\/a><\/li>\n<li style=\"margin-bottom:10px;\"><a href=\"https:\/\/monmaghreb.com\/index.php\/2026\/04\/23\/le-pape-leon-xiv-en-algerie-un-message-de-paix-et-de-pardon\/\" style=\"color:#0066cc;text-decoration:none;font-weight:500;\" title=\"Le pape L\u00e9on XIV en Alg\u00e9rie : un message de paix et de pardon\">Le pape L\u00e9on XIV en Alg\u00e9rie : un message de paix et de pardon<\/a><\/li>\n<li style=\"margin-bottom:10px;\"><a href=\"https:\/\/monmaghreb.com\/index.php\/2026\/04\/22\/un-voyage-humanitaire-en-maroc-mene-par-des-adolescents-de-bergerac-un-exemple-inspiring-pour-la-diaspora-maghrebine\/\" style=\"color:#0066cc;text-decoration:none;font-weight:500;\" title=\"Un voyage humanitaire en Maroc men\u00e9 par des adolescents de Bergerac : un exemple inspiring pour la diaspora maghr\u00e9bine\">Un voyage humanitaire en Maroc men\u00e9 par des adolescents de Bergerac : un exemple inspiring pour la diaspora maghr\u00e9bine<\/a><\/li>\n<li style=\"margin-bottom:10px;\"><a href=\"https:\/\/monmaghreb.com\/index.php\/2026\/04\/19\/rabat-capitale-mondiale-du-livre-unesco-2026-un-evenement-historique-pour-la-culture-maghrebine\/\" style=\"color:#0066cc;text-decoration:none;font-weight:500;\" title=\"Rabat, capitale mondiale du livre UNESCO 2026 : un \u00e9v\u00e9nement historique pour la culture maghr\u00e9bine\">Rabat, capitale mondiale du livre UNESCO 2026 : un \u00e9v\u00e9nement historique pour la culture maghr\u00e9bine<\/a><\/li>\n<\/ul>\n<\/div>\n<p><\/body><br \/>\n<\/html><\/p>\n","protected":false},"excerpt":{"rendered":"<p>R\u00e9visitez le voyage historique du Pape L\u00e9on XIV en Alg\u00e9rie (1896) &#8211; source de r\u00e9flexion et d&#8217;inspiration pour les lecteurs maghr\u00e9bins de la diaspora. D\u00e9couvrez <\/p>\n","protected":false},"author":1,"featured_media":3352,"comment_status":"closed","ping_status":"open","sticky":false,"template":"","format":"standard","meta":{"_yoast_wpseo_focuskw":"voyage proph\u00e9tique de L\u00e9on XIV en Alg\u00e9rie","_yoast_wpseo_title":"Le voyage proph\u00e9tique de L\u00e9on XIV en Alg\u00e9rie : une histoire","_yoast_wpseo_metadesc":"R\u00e9visitez le voyage historique du Pape L\u00e9on XIV en Alg\u00e9rie (1896) - source de r\u00e9flexion et d'inspiration pour les lecteurs maghr\u00e9bins de la diaspora. D\u00e9couvrez","_yoast_wpseo_canonical":"","_yoast_wpseo_opengraph-title":"Le voyage proph\u00e9tique de L\u00e9on XIV en Alg\u00e9rie : une histoire \u00e0 revisiter","_yoast_wpseo_opengraph-description":"R\u00e9visitez le voyage historique du Pape L\u00e9on XIV en Alg\u00e9rie (1896) - source de r\u00e9flexion et d'inspiration pour les lecteurs maghr\u00e9bins de la diaspora. D\u00e9couvrez","_yoast_wpseo_opengraph-image":"","tdm_status":"","tdm_grid_status":"","footnotes":""},"categories":[652],"tags":[2292,2291,611,1293,2290],"class_list":["post-3353","post","type-post","status-publish","format-standard","has-post-thumbnail","hentry","category-histoire-patrimoine","tag-article-historique","tag-culture-catholique","tag-diaspora-algerienne","tag-histoire-maghrebine","tag-pape-en-afrique"],"yoast_head":"<!-- This site is optimized with the Yoast SEO plugin v27.4 - https:\/\/yoast.com\/product\/yoast-seo-wordpress\/ -->\n<title>Le voyage proph\u00e9tique de L\u00e9on XIV en Alg\u00e9rie : une histoire<\/title>\n<meta name=\"description\" content=\"R\u00e9visitez le voyage historique du Pape L\u00e9on XIV en Alg\u00e9rie (1896) - source de r\u00e9flexion et d&#039;inspiration pour les lecteurs maghr\u00e9bins de la diaspora. D\u00e9couvrez\" \/>\n<meta name=\"robots\" content=\"index, follow, max-snippet:-1, max-image-preview:large, max-video-preview:-1\" \/>\n<link rel=\"canonical\" href=\"https:\/\/monmaghreb.com\/index.php\/2026\/04\/23\/le-voyage-prophetique-de-leon-xiv-en-algerie-une-histoire-a-revisiter\/\" \/>\n<meta property=\"og:locale\" content=\"en_US\" \/>\n<meta property=\"og:type\" content=\"article\" \/>\n<meta property=\"og:title\" content=\"Le voyage proph\u00e9tique de L\u00e9on XIV en Alg\u00e9rie : une histoire \u00e0 revisiter\" \/>\n<meta property=\"og:description\" content=\"R\u00e9visitez le voyage historique du Pape L\u00e9on XIV en Alg\u00e9rie (1896) - source de r\u00e9flexion et d&#039;inspiration pour les lecteurs maghr\u00e9bins de la diaspora. D\u00e9couvrez\" \/>\n<meta property=\"og:url\" content=\"https:\/\/monmaghreb.com\/index.php\/2026\/04\/23\/le-voyage-prophetique-de-leon-xiv-en-algerie-une-histoire-a-revisiter\/\" \/>\n<meta property=\"og:site_name\" content=\"Mon Maghreb\" \/>\n<meta property=\"article:author\" content=\"https:\/\/www.facebook.com\/monmaghrebcom\" \/>\n<meta property=\"article:published_time\" content=\"2026-04-23T19:57:32+00:00\" \/>\n<meta property=\"article:modified_time\" content=\"2026-04-23T19:57:37+00:00\" \/>\n<meta property=\"og:image\" content=\"https:\/\/monmaghreb.com\/wp-content\/uploads\/2026\/04\/featured-343.jpg\" \/>\n\t<meta property=\"og:image:width\" content=\"1880\" \/>\n\t<meta property=\"og:image:height\" content=\"1056\" \/>\n\t<meta property=\"og:image:type\" content=\"image\/jpeg\" \/>\n<meta name=\"author\" content=\"LaMagh\" \/>\n<meta name=\"twitter:card\" content=\"summary_large_image\" \/>\n<meta name=\"twitter:creator\" content=\"@MMaghreb50977\" \/>\n<meta name=\"twitter:label1\" content=\"Written by\" \/>\n\t<meta name=\"twitter:data1\" content=\"LaMagh\" \/>\n\t<meta name=\"twitter:label2\" content=\"Est. reading time\" \/>\n\t<meta name=\"twitter:data2\" content=\"3 minutes\" \/>\n<script type=\"application\/ld+json\" class=\"yoast-schema-graph\">{\"@context\":\"https:\\\/\\\/schema.org\",\"@graph\":[{\"@type\":\"Article\",\"@id\":\"https:\\\/\\\/monmaghreb.com\\\/index.php\\\/2026\\\/04\\\/23\\\/le-voyage-prophetique-de-leon-xiv-en-algerie-une-histoire-a-revisiter\\\/#article\",\"isPartOf\":{\"@id\":\"https:\\\/\\\/monmaghreb.com\\\/index.php\\\/2026\\\/04\\\/23\\\/le-voyage-prophetique-de-leon-xiv-en-algerie-une-histoire-a-revisiter\\\/\"},\"author\":{\"name\":\"LaMagh\",\"@id\":\"http:\\\/\\\/monmaghreb.com\\\/#\\\/schema\\\/person\\\/c469a89dc8c6b8987dcb438b1200d054\"},\"headline\":\"Le voyage proph\u00e9tique de L\u00e9on XIV en Alg\u00e9rie : une histoire \u00e0 revisiter\",\"datePublished\":\"2026-04-23T19:57:32+00:00\",\"dateModified\":\"2026-04-23T19:57:37+00:00\",\"mainEntityOfPage\":{\"@id\":\"https:\\\/\\\/monmaghreb.com\\\/index.php\\\/2026\\\/04\\\/23\\\/le-voyage-prophetique-de-leon-xiv-en-algerie-une-histoire-a-revisiter\\\/\"},\"wordCount\":682,\"publisher\":{\"@id\":\"http:\\\/\\\/monmaghreb.com\\\/#organization\"},\"image\":{\"@id\":\"https:\\\/\\\/monmaghreb.com\\\/index.php\\\/2026\\\/04\\\/23\\\/le-voyage-prophetique-de-leon-xiv-en-algerie-une-histoire-a-revisiter\\\/#primaryimage\"},\"thumbnailUrl\":\"https:\\\/\\\/monmaghreb.com\\\/wp-content\\\/uploads\\\/2026\\\/04\\\/featured-343.jpg\",\"keywords\":[\"article historique\",\"culture catholique\",\"diaspora alg\u00e9rienne\",\"histoire maghr\u00e9bine\",\"pape en afrique\"],\"articleSection\":[\"Histoire &amp; Patrimoine\"],\"inLanguage\":\"en-US\"},{\"@type\":\"WebPage\",\"@id\":\"https:\\\/\\\/monmaghreb.com\\\/index.php\\\/2026\\\/04\\\/23\\\/le-voyage-prophetique-de-leon-xiv-en-algerie-une-histoire-a-revisiter\\\/\",\"url\":\"https:\\\/\\\/monmaghreb.com\\\/index.php\\\/2026\\\/04\\\/23\\\/le-voyage-prophetique-de-leon-xiv-en-algerie-une-histoire-a-revisiter\\\/\",\"name\":\"Le voyage proph\u00e9tique de L\u00e9on XIV en Alg\u00e9rie : une histoire\",\"isPartOf\":{\"@id\":\"http:\\\/\\\/monmaghreb.com\\\/#website\"},\"primaryImageOfPage\":{\"@id\":\"https:\\\/\\\/monmaghreb.com\\\/index.php\\\/2026\\\/04\\\/23\\\/le-voyage-prophetique-de-leon-xiv-en-algerie-une-histoire-a-revisiter\\\/#primaryimage\"},\"image\":{\"@id\":\"https:\\\/\\\/monmaghreb.com\\\/index.php\\\/2026\\\/04\\\/23\\\/le-voyage-prophetique-de-leon-xiv-en-algerie-une-histoire-a-revisiter\\\/#primaryimage\"},\"thumbnailUrl\":\"https:\\\/\\\/monmaghreb.com\\\/wp-content\\\/uploads\\\/2026\\\/04\\\/featured-343.jpg\",\"datePublished\":\"2026-04-23T19:57:32+00:00\",\"dateModified\":\"2026-04-23T19:57:37+00:00\",\"description\":\"R\u00e9visitez le voyage historique du Pape L\u00e9on XIV en Alg\u00e9rie (1896) - source de r\u00e9flexion et d'inspiration pour les lecteurs maghr\u00e9bins de la diaspora. D\u00e9couvrez\",\"breadcrumb\":{\"@id\":\"https:\\\/\\\/monmaghreb.com\\\/index.php\\\/2026\\\/04\\\/23\\\/le-voyage-prophetique-de-leon-xiv-en-algerie-une-histoire-a-revisiter\\\/#breadcrumb\"},\"inLanguage\":\"en-US\",\"potentialAction\":[{\"@type\":\"ReadAction\",\"target\":[\"https:\\\/\\\/monmaghreb.com\\\/index.php\\\/2026\\\/04\\\/23\\\/le-voyage-prophetique-de-leon-xiv-en-algerie-une-histoire-a-revisiter\\\/\"]}]},{\"@type\":\"ImageObject\",\"inLanguage\":\"en-US\",\"@id\":\"https:\\\/\\\/monmaghreb.com\\\/index.php\\\/2026\\\/04\\\/23\\\/le-voyage-prophetique-de-leon-xiv-en-algerie-une-histoire-a-revisiter\\\/#primaryimage\",\"url\":\"https:\\\/\\\/monmaghreb.com\\\/wp-content\\\/uploads\\\/2026\\\/04\\\/featured-343.jpg\",\"contentUrl\":\"https:\\\/\\\/monmaghreb.com\\\/wp-content\\\/uploads\\\/2026\\\/04\\\/featured-343.jpg\",\"width\":1880,\"height\":1056,\"caption\":\"Le pape L\u00e9on XIV visitant l'Alg\u00e9rie en 1896\"},{\"@type\":\"BreadcrumbList\",\"@id\":\"https:\\\/\\\/monmaghreb.com\\\/index.php\\\/2026\\\/04\\\/23\\\/le-voyage-prophetique-de-leon-xiv-en-algerie-une-histoire-a-revisiter\\\/#breadcrumb\",\"itemListElement\":[{\"@type\":\"ListItem\",\"position\":1,\"name\":\"Home\",\"item\":\"http:\\\/\\\/monmaghreb.com\\\/\"},{\"@type\":\"ListItem\",\"position\":2,\"name\":\"Le voyage proph\u00e9tique de L\u00e9on XIV en Alg\u00e9rie : une histoire \u00e0 revisiter\"}]},{\"@type\":\"WebSite\",\"@id\":\"http:\\\/\\\/monmaghreb.com\\\/#website\",\"url\":\"http:\\\/\\\/monmaghreb.com\\\/\",\"name\":\"Mon Maghreb\",\"description\":\"MonMaghreb United\",\"publisher\":{\"@id\":\"http:\\\/\\\/monmaghreb.com\\\/#organization\"},\"alternateName\":\"Le Monde du Maghreb et au del\u00e0\",\"potentialAction\":[{\"@type\":\"SearchAction\",\"target\":{\"@type\":\"EntryPoint\",\"urlTemplate\":\"http:\\\/\\\/monmaghreb.com\\\/?s={search_term_string}\"},\"query-input\":{\"@type\":\"PropertyValueSpecification\",\"valueRequired\":true,\"valueName\":\"search_term_string\"}}],\"inLanguage\":\"en-US\"},{\"@type\":\"Organization\",\"@id\":\"http:\\\/\\\/monmaghreb.com\\\/#organization\",\"name\":\"Mon Maghreb\",\"url\":\"http:\\\/\\\/monmaghreb.com\\\/\",\"logo\":{\"@type\":\"ImageObject\",\"inLanguage\":\"en-US\",\"@id\":\"http:\\\/\\\/monmaghreb.com\\\/#\\\/schema\\\/logo\\\/image\\\/\",\"url\":\"https:\\\/\\\/monmaghreb.com\\\/wp-content\\\/uploads\\\/2025\\\/12\\\/Mon_Maghreb_Logo.jpg\",\"contentUrl\":\"https:\\\/\\\/monmaghreb.com\\\/wp-content\\\/uploads\\\/2025\\\/12\\\/Mon_Maghreb_Logo.jpg\",\"width\":814,\"height\":374,\"caption\":\"Mon Maghreb\"},\"image\":{\"@id\":\"http:\\\/\\\/monmaghreb.com\\\/#\\\/schema\\\/logo\\\/image\\\/\"}},{\"@type\":\"Person\",\"@id\":\"http:\\\/\\\/monmaghreb.com\\\/#\\\/schema\\\/person\\\/c469a89dc8c6b8987dcb438b1200d054\",\"name\":\"LaMagh\",\"image\":{\"@type\":\"ImageObject\",\"inLanguage\":\"en-US\",\"@id\":\"https:\\\/\\\/secure.gravatar.com\\\/avatar\\\/399d8144bd55fba55e056779aca52fe528bac7911f6449e54d81173d6dfd7f0a?s=96&d=mm&r=g\",\"url\":\"https:\\\/\\\/secure.gravatar.com\\\/avatar\\\/399d8144bd55fba55e056779aca52fe528bac7911f6449e54d81173d6dfd7f0a?s=96&d=mm&r=g\",\"contentUrl\":\"https:\\\/\\\/secure.gravatar.com\\\/avatar\\\/399d8144bd55fba55e056779aca52fe528bac7911f6449e54d81173d6dfd7f0a?s=96&d=mm&r=g\",\"caption\":\"LaMagh\"},\"sameAs\":[\"https:\\\/\\\/monmaghreb.com\",\"https:\\\/\\\/www.facebook.com\\\/monmaghrebcom\",\"https:\\\/\\\/x.com\\\/MMaghreb50977\"],\"url\":\"https:\\\/\\\/monmaghreb.com\\\/index.php\\\/author\\\/lamagh\\\/\"}]}<\/script>\n<!-- \/ Yoast SEO plugin. -->","yoast_head_json":{"title":"Le voyage proph\u00e9tique de L\u00e9on XIV en Alg\u00e9rie : une histoire","description":"R\u00e9visitez le voyage historique du Pape L\u00e9on XIV en Alg\u00e9rie (1896) - source de r\u00e9flexion et d'inspiration pour les lecteurs maghr\u00e9bins de la diaspora. D\u00e9couvrez","robots":{"index":"index","follow":"follow","max-snippet":"max-snippet:-1","max-image-preview":"max-image-preview:large","max-video-preview":"max-video-preview:-1"},"canonical":"https:\/\/monmaghreb.com\/index.php\/2026\/04\/23\/le-voyage-prophetique-de-leon-xiv-en-algerie-une-histoire-a-revisiter\/","og_locale":"en_US","og_type":"article","og_title":"Le voyage proph\u00e9tique de L\u00e9on XIV en Alg\u00e9rie : une histoire \u00e0 revisiter","og_description":"R\u00e9visitez le voyage historique du Pape L\u00e9on XIV en Alg\u00e9rie (1896) - source de r\u00e9flexion et d'inspiration pour les lecteurs maghr\u00e9bins de la diaspora. D\u00e9couvrez","og_url":"https:\/\/monmaghreb.com\/index.php\/2026\/04\/23\/le-voyage-prophetique-de-leon-xiv-en-algerie-une-histoire-a-revisiter\/","og_site_name":"Mon Maghreb","article_author":"https:\/\/www.facebook.com\/monmaghrebcom","article_published_time":"2026-04-23T19:57:32+00:00","article_modified_time":"2026-04-23T19:57:37+00:00","og_image":[{"width":1880,"height":1056,"url":"https:\/\/monmaghreb.com\/wp-content\/uploads\/2026\/04\/featured-343.jpg","type":"image\/jpeg"}],"author":"LaMagh","twitter_card":"summary_large_image","twitter_creator":"@MMaghreb50977","twitter_misc":{"Written by":"LaMagh","Est. reading time":"3 minutes"},"schema":{"@context":"https:\/\/schema.org","@graph":[{"@type":"Article","@id":"https:\/\/monmaghreb.com\/index.php\/2026\/04\/23\/le-voyage-prophetique-de-leon-xiv-en-algerie-une-histoire-a-revisiter\/#article","isPartOf":{"@id":"https:\/\/monmaghreb.com\/index.php\/2026\/04\/23\/le-voyage-prophetique-de-leon-xiv-en-algerie-une-histoire-a-revisiter\/"},"author":{"name":"LaMagh","@id":"http:\/\/monmaghreb.com\/#\/schema\/person\/c469a89dc8c6b8987dcb438b1200d054"},"headline":"Le voyage proph\u00e9tique de L\u00e9on XIV en Alg\u00e9rie : une histoire \u00e0 revisiter","datePublished":"2026-04-23T19:57:32+00:00","dateModified":"2026-04-23T19:57:37+00:00","mainEntityOfPage":{"@id":"https:\/\/monmaghreb.com\/index.php\/2026\/04\/23\/le-voyage-prophetique-de-leon-xiv-en-algerie-une-histoire-a-revisiter\/"},"wordCount":682,"publisher":{"@id":"http:\/\/monmaghreb.com\/#organization"},"image":{"@id":"https:\/\/monmaghreb.com\/index.php\/2026\/04\/23\/le-voyage-prophetique-de-leon-xiv-en-algerie-une-histoire-a-revisiter\/#primaryimage"},"thumbnailUrl":"https:\/\/monmaghreb.com\/wp-content\/uploads\/2026\/04\/featured-343.jpg","keywords":["article historique","culture catholique","diaspora alg\u00e9rienne","histoire maghr\u00e9bine","pape en afrique"],"articleSection":["Histoire &amp; Patrimoine"],"inLanguage":"en-US"},{"@type":"WebPage","@id":"https:\/\/monmaghreb.com\/index.php\/2026\/04\/23\/le-voyage-prophetique-de-leon-xiv-en-algerie-une-histoire-a-revisiter\/","url":"https:\/\/monmaghreb.com\/index.php\/2026\/04\/23\/le-voyage-prophetique-de-leon-xiv-en-algerie-une-histoire-a-revisiter\/","name":"Le voyage proph\u00e9tique de L\u00e9on XIV en Alg\u00e9rie : une histoire","isPartOf":{"@id":"http:\/\/monmaghreb.com\/#website"},"primaryImageOfPage":{"@id":"https:\/\/monmaghreb.com\/index.php\/2026\/04\/23\/le-voyage-prophetique-de-leon-xiv-en-algerie-une-histoire-a-revisiter\/#primaryimage"},"image":{"@id":"https:\/\/monmaghreb.com\/index.php\/2026\/04\/23\/le-voyage-prophetique-de-leon-xiv-en-algerie-une-histoire-a-revisiter\/#primaryimage"},"thumbnailUrl":"https:\/\/monmaghreb.com\/wp-content\/uploads\/2026\/04\/featured-343.jpg","datePublished":"2026-04-23T19:57:32+00:00","dateModified":"2026-04-23T19:57:37+00:00","description":"R\u00e9visitez le voyage historique du Pape L\u00e9on XIV en Alg\u00e9rie (1896) - source de r\u00e9flexion et d'inspiration pour les lecteurs maghr\u00e9bins de la diaspora. D\u00e9couvrez","breadcrumb":{"@id":"https:\/\/monmaghreb.com\/index.php\/2026\/04\/23\/le-voyage-prophetique-de-leon-xiv-en-algerie-une-histoire-a-revisiter\/#breadcrumb"},"inLanguage":"en-US","potentialAction":[{"@type":"ReadAction","target":["https:\/\/monmaghreb.com\/index.php\/2026\/04\/23\/le-voyage-prophetique-de-leon-xiv-en-algerie-une-histoire-a-revisiter\/"]}]},{"@type":"ImageObject","inLanguage":"en-US","@id":"https:\/\/monmaghreb.com\/index.php\/2026\/04\/23\/le-voyage-prophetique-de-leon-xiv-en-algerie-une-histoire-a-revisiter\/#primaryimage","url":"https:\/\/monmaghreb.com\/wp-content\/uploads\/2026\/04\/featured-343.jpg","contentUrl":"https:\/\/monmaghreb.com\/wp-content\/uploads\/2026\/04\/featured-343.jpg","width":1880,"height":1056,"caption":"Le pape L\u00e9on XIV visitant l'Alg\u00e9rie en 1896"},{"@type":"BreadcrumbList","@id":"https:\/\/monmaghreb.com\/index.php\/2026\/04\/23\/le-voyage-prophetique-de-leon-xiv-en-algerie-une-histoire-a-revisiter\/#breadcrumb","itemListElement":[{"@type":"ListItem","position":1,"name":"Home","item":"http:\/\/monmaghreb.com\/"},{"@type":"ListItem","position":2,"name":"Le voyage proph\u00e9tique de L\u00e9on XIV en Alg\u00e9rie : une histoire \u00e0 revisiter"}]},{"@type":"WebSite","@id":"http:\/\/monmaghreb.com\/#website","url":"http:\/\/monmaghreb.com\/","name":"Mon Maghreb","description":"MonMaghreb United","publisher":{"@id":"http:\/\/monmaghreb.com\/#organization"},"alternateName":"Le Monde du Maghreb et au del\u00e0","potentialAction":[{"@type":"SearchAction","target":{"@type":"EntryPoint","urlTemplate":"http:\/\/monmaghreb.com\/?s={search_term_string}"},"query-input":{"@type":"PropertyValueSpecification","valueRequired":true,"valueName":"search_term_string"}}],"inLanguage":"en-US"},{"@type":"Organization","@id":"http:\/\/monmaghreb.com\/#organization","name":"Mon Maghreb","url":"http:\/\/monmaghreb.com\/","logo":{"@type":"ImageObject","inLanguage":"en-US","@id":"http:\/\/monmaghreb.com\/#\/schema\/logo\/image\/","url":"https:\/\/monmaghreb.com\/wp-content\/uploads\/2025\/12\/Mon_Maghreb_Logo.jpg","contentUrl":"https:\/\/monmaghreb.com\/wp-content\/uploads\/2025\/12\/Mon_Maghreb_Logo.jpg","width":814,"height":374,"caption":"Mon Maghreb"},"image":{"@id":"http:\/\/monmaghreb.com\/#\/schema\/logo\/image\/"}},{"@type":"Person","@id":"http:\/\/monmaghreb.com\/#\/schema\/person\/c469a89dc8c6b8987dcb438b1200d054","name":"LaMagh","image":{"@type":"ImageObject","inLanguage":"en-US","@id":"https:\/\/secure.gravatar.com\/avatar\/399d8144bd55fba55e056779aca52fe528bac7911f6449e54d81173d6dfd7f0a?s=96&d=mm&r=g","url":"https:\/\/secure.gravatar.com\/avatar\/399d8144bd55fba55e056779aca52fe528bac7911f6449e54d81173d6dfd7f0a?s=96&d=mm&r=g","contentUrl":"https:\/\/secure.gravatar.com\/avatar\/399d8144bd55fba55e056779aca52fe528bac7911f6449e54d81173d6dfd7f0a?s=96&d=mm&r=g","caption":"LaMagh"},"sameAs":["https:\/\/monmaghreb.com","https:\/\/www.facebook.com\/monmaghrebcom","https:\/\/x.com\/MMaghreb50977"],"url":"https:\/\/monmaghreb.com\/index.php\/author\/lamagh\/"}]}},"_links":{"self":[{"href":"https:\/\/monmaghreb.com\/index.php\/wp-json\/wp\/v2\/posts\/3353","targetHints":{"allow":["GET"]}}],"collection":[{"href":"https:\/\/monmaghreb.com\/index.php\/wp-json\/wp\/v2\/posts"}],"about":[{"href":"https:\/\/monmaghreb.com\/index.php\/wp-json\/wp\/v2\/types\/post"}],"author":[{"embeddable":true,"href":"https:\/\/monmaghreb.com\/index.php\/wp-json\/wp\/v2\/users\/1"}],"replies":[{"embeddable":true,"href":"https:\/\/monmaghreb.com\/index.php\/wp-json\/wp\/v2\/comments?post=3353"}],"version-history":[{"count":1,"href":"https:\/\/monmaghreb.com\/index.php\/wp-json\/wp\/v2\/posts\/3353\/revisions"}],"predecessor-version":[{"id":3354,"href":"https:\/\/monmaghreb.com\/index.php\/wp-json\/wp\/v2\/posts\/3353\/revisions\/3354"}],"wp:featuredmedia":[{"embeddable":true,"href":"https:\/\/monmaghreb.com\/index.php\/wp-json\/wp\/v2\/media\/3352"}],"wp:attachment":[{"href":"https:\/\/monmaghreb.com\/index.php\/wp-json\/wp\/v2\/media?parent=3353"}],"wp:term":[{"taxonomy":"category","embeddable":true,"href":"https:\/\/monmaghreb.com\/index.php\/wp-json\/wp\/v2\/categories?post=3353"},{"taxonomy":"post_tag","embeddable":true,"href":"https:\/\/monmaghreb.com\/index.php\/wp-json\/wp\/v2\/tags?post=3353"}],"curies":[{"name":"wp","href":"https:\/\/api.w.org\/{rel}","templated":true}]}}