{"id":3356,"date":"2026-04-23T20:04:16","date_gmt":"2026-04-23T20:04:16","guid":{"rendered":"https:\/\/monmaghreb.com\/index.php\/2026\/04\/23\/mahdi-abid-le-chef-algerien-qui-fait-parler-delle-a-paris\/"},"modified":"2026-04-23T20:04:20","modified_gmt":"2026-04-23T20:04:20","slug":"mahdi-abid-le-chef-algerien-qui-fait-parler-delle-a-paris","status":"publish","type":"post","link":"https:\/\/monmaghreb.com\/index.php\/2026\/04\/23\/mahdi-abid-le-chef-algerien-qui-fait-parler-delle-a-paris\/","title":{"rendered":"Mahdi Abid : Le chef alg\u00e9rien qui fait parler d&#8217;elle \u00e0 Paris"},"content":{"rendered":"<p><!DOCTYPE html><br \/>\n<html lang='fr'><br \/>\n<head><br \/>\n  <meta charset='UTF-8'><br \/>\n  <meta name='viewport' content='width=device-width, initial-scale=1.0'><br \/>\n  <title>Mahdi Abid : Le chef alg\u00e9rien qui fait parler d&#8217;elle \u00e0 Paris<\/title><br \/>\n<\/head><br \/>\n<body><\/p>\n<h1>Mahdi Abid : Le chef alg\u00e9rien qui fait parler d&#8217;elle \u00e0 Paris<\/h1>\n<p>Bienvenue sur notre blog, o\u00f9 nous vous pr\u00e9senterons le chef cuisinier alg\u00e9rien Mahdi Abid. Avec une carri\u00e8re remarquable et des accolades \u00e0 son actif, il a fait parler d&#8217;elle \u00e0 Paris en tant qu&#8217;un des chefs les plus innovants de la sc\u00e8ne culinaire fran\u00e7aise. N\u00e9 en Alg\u00e9rie, Mahdi Abid a grandi dans une famille passionn\u00e9e par la cuisine. Apr\u00e8s des \u00e9tudes en France, il s&#8217;est lanc\u00e9 dans le monde de la gastronomie avec une ardeur d\u00e9termin\u00e9e.<\/p>\n<h2>Le parcours professionnel de Mahdi Abid<\/h2>\n<p>Mahdi Abid a travaill\u00e9 pour plusieurs restaurants prestigieux \u00e0 Paris, dont Le Meurice et Alain Ducasse au Plaza Ath\u00e9n\u00e9e. Son talent et sa passion l&#8217;ont amen\u00e9 \u00e0 ouvrir son propre restaurant, Le Comptoir Mahdi Abid. C&#8217;est l\u00e0 qu&#8217;il a pu exercer son cr\u00e9ativit\u00e9 culinaire en proposant une cuisine <a href=\"https:\/\/monmaghreb.com\/index.php\/2026\/04\/22\/la-cuisine-algerienne-simpose-a-paris-mahdi-abid-un-autre-chef-algerien-qui-simpose\/\" title=\"La cuisine alg\u00e9rienne s&#8217;impose \u00e0 Paris : Mahdi Abid, un autre chef alg\u00e9rien qui s\u2019impose\">alg\u00e9rienne<\/a> moderne et innovante qui a \u00e9t\u00e9 salu\u00e9e par la critique et les clients.<\/p>\n<p>Il est important de noter que Mahdi Abid n&#8217;a pas simplement reproduit des recettes traditionnelles, mais a \u00e9galement travaill\u00e9 \u00e0 am\u00e9liorer les go\u00fbts et les textures pour cr\u00e9er des plats qui sont authentiques et modernes. Sa vision \u00e9tait de fusionner la cuisine alg\u00e9rienne avec la cuisine fran\u00e7aise pour proposer une exp\u00e9rience culinaire unique.<\/p>\n<h2>La cuisine traditionnelle alg\u00e9rienne<\/h2>\n<p>Mahdi Abid est passionn\u00e9 par la cuisine traditionnelle alg\u00e9rienne et il travaille \u00e0 la fois avec des produits locaux et des ingr\u00e9dients import\u00e9s pour cr\u00e9er des plats authentiques. Il a une compr\u00e9hension profonde de la culture et de l&#8217;histoire de son pays, ce qui lui permet de cr\u00e9er des recettes qui sont \u00e0 la fois traditionnelles et modernes.<\/p>\n<p>Les plats alg\u00e9riens traditionnels, tels que les couscous, les tagines et les grillades, sont tr\u00e8s populaires au Comptoir Mahdi Abid. Cependant, Mahdi Abid est \u00e9galement pr\u00eat \u00e0 innover et \u00e0 exp\u00e9rimenter pour proposer des cr\u00e9ations culinaires uniques.<\/p>\n<h2>La collaboration avec les chefs fran\u00e7ais<\/h2>\n<p>Mahdi Abid a collabor\u00e9 avec de nombreux chefs c\u00e9l\u00e8bres en France, dont Alain Ducasse et Alain Passard. Cette collaboration a \u00e9t\u00e9 salu\u00e9e par la critique et les clients, qui appr\u00e9cient la fa\u00e7on dont Mahdi Abid fusionne les traditions avec la modernit\u00e9.<\/p>\n<p>La fusion des cuisines alg\u00e9rienne et fran\u00e7aise est un \u00e9l\u00e9ment cl\u00e9 de l&#8217;univers de Mahdi Abid. Il travaille \u00e0 cr\u00e9er des plats qui r\u00e9unissent les go\u00fbts des deux cultures, en proposant des cr\u00e9ations culinaires uniques et innovantes.<\/p>\n<h2>Le succ\u00e8s de Le Comptoir Mahdi Abid<\/h2>\n<p>Depuis son ouverture, le restaurant de Mahdi Abid a \u00e9t\u00e9 salu\u00e9 par la critique et les clients pour sa cuisine innovante et d\u00e9licieuse. Il a re\u00e7u des accolades en tant que l&#8217;un des meilleurs restaurants alg\u00e9riens \u00e0 Paris et il est devenu un endroit populaire parmi les gourmets de la ville.<\/p>\n<p>Mahdi Abid continue de travailler pour offrir une cuisine traditionnelle alg\u00e9rienne moderne et innovante qui r\u00e9unira les go\u00fbts des deux cultures. Il est d\u00e9termin\u00e9 \u00e0 partager son amour pour la cuisine avec le monde entier.<\/p>\n<h2>L&#8217;appel \u00e0 l&#8217;action<\/h2>\n<p>Si vous souhaitez d\u00e9couvrir la cuisine alg\u00e9rienne moderne et innovante, ne pas h\u00e9siter \u00e0 visiter Le Comptoir Mahdi Abid lorsque vous seront \u00e0 Paris. Vous serez surpris par la richesse des saveurs et les couleurs vives des plats.<\/p>\n<p>N&#8217;h\u00e9sitez pas \u00e0 partager cette information avec vos amis et votre famille. Nous sommes heureux de pouvoir \u00eatre le pont entre la cuisine alg\u00e9rienne traditionnelle et la sc\u00e8ne culinaire fran\u00e7aise moderne.<\/p>\n<div style=\"background:#f8f9fa;border-left:4px solid #0066cc;border-radius:6px;padding:20px 24px;margin:32px 0;\">\n<p style=\"font-size:13px;color:#888;text-transform:uppercase;letter-spacing:0.8px;margin:0 0 6px 0;\">Vous pourriez aussi aimer<\/p>\n<h3 style=\"font-size:18px;margin:0 0 14px 0;color:#222;\">Articles similaires<\/h3>\n<ul style=\"margin:0;padding-left:20px;list-style:disc;\">\n<li style=\"margin-bottom:10px;\"><a href=\"https:\/\/monmaghreb.com\/index.php\/2026\/04\/22\/la-cuisine-algerienne-simpose-a-paris-mahdi-abid-un-autre-chef-algerien-qui-simpose\/\" style=\"color:#0066cc;text-decoration:none;font-weight:500;\" title=\"La cuisine alg\u00e9rienne s&#8217;impose \u00e0 Paris : Mahdi Abid, un autre chef alg\u00e9rien qui s\u2019impose\">La cuisine alg\u00e9rienne s&#8217;impose \u00e0 Paris : Mahdi Abid, un autre chef alg\u00e9rien qui s\u2019impose<\/a><\/li>\n<li style=\"margin-bottom:10px;\"><a href=\"https:\/\/monmaghreb.com\/index.php\/2026\/04\/23\/mohamed-cheikh-vainqueur-de-top-chef-2021-le-promotion-de-la-reconnaissance-globale-de-la-cuisine-algerienne\/\" style=\"color:#0066cc;text-decoration:none;font-weight:500;\" title=\"Mohamed Cheikh, Vainqueur de Top Chef 2021 : Le promotion de la reconnaissance globale de la cuisine alg\u00e9rienne\">Mohamed Cheikh, Vainqueur de Top Chef 2021 : Le promotion de la reconnaissance globale de la cuisine alg\u00e9rienne<\/a><\/li>\n<li style=\"margin-bottom:10px;\"><a href=\"https:\/\/monmaghreb.com\/index.php\/2026\/04\/21\/mohamed-cheikh-la-voix-de-la-cuisine-algerienne-apres-sa-victoire-a-top-chef\/\" style=\"color:#0066cc;text-decoration:none;font-weight:500;\" title=\"Mohamed Cheikh, la voix de la cuisine alg\u00e9rienne apr\u00e8s sa victoire \u00e0 Top Chef\">Mohamed Cheikh, la voix de la cuisine alg\u00e9rienne apr\u00e8s sa victoire \u00e0 Top Chef<\/a><\/li>\n<li style=\"margin-bottom:10px;\"><a href=\"https:\/\/monmaghreb.com\/index.php\/2026\/04\/21\/plaidoyer-du-pape-pour-une-societe-civile-libre-en-algerie-un-appel-a-la-diaspora-maghrebine\/\" style=\"color:#0066cc;text-decoration:none;font-weight:500;\" title=\"Plaidoyer du Pape pour une Soci\u00e9t\u00e9 Civile Libre en Alg\u00e9rie : Un appel \u00e0 la diaspora maghr\u00e9bine\">Plaidoyer du Pape pour une Soci\u00e9t\u00e9 Civile Libre en Alg\u00e9rie : Un appel \u00e0 la diaspora maghr\u00e9bine<\/a><\/li>\n<li style=\"margin-bottom:10px;\"><a href=\"https:\/\/monmaghreb.com\/index.php\/2026\/04\/21\/revelation-culinaire-le-couscous-le-restaurant-algerien-en-tete-des-nouvelles-trouvailles-du-parisien\/\" style=\"color:#0066cc;text-decoration:none;font-weight:500;\" title=\"R\u00e9v\u00e9lation culinaire : Le Couscous, le restaurant alg\u00e9rien en t\u00eate des nouvelles trouvailles du Parisien\">R\u00e9v\u00e9lation culinaire : Le Couscous, le restaurant alg\u00e9rien en t\u00eate des nouvelles trouvailles du Parisien<\/a><\/li>\n<\/ul>\n<\/div>\n<p><\/body><br \/>\n<\/html><\/p>\n","protected":false},"excerpt":{"rendered":"<p>D\u00e9couvrez le chef culinaire alg\u00e9rien Mahdi Abid qui fait parler d&#8217;elle \u00e0 Paris. Une r\u00e9v\u00e9lation de la sc\u00e8ne culinaire fran\u00e7aise.<\/p>\n","protected":false},"author":1,"featured_media":3355,"comment_status":"closed","ping_status":"open","sticky":false,"template":"","format":"standard","meta":{"_yoast_wpseo_focuskw":"chef alg\u00e9rien paris","_yoast_wpseo_title":"Mahdi Abid : Le chef alg\u00e9rien qui fait parler d'elle \u00e0 Paris","_yoast_wpseo_metadesc":"D\u00e9couvrez le chef culinaire alg\u00e9rien Mahdi Abid qui fait parler d'elle \u00e0 Paris. Une r\u00e9v\u00e9lation de la sc\u00e8ne culinaire fran\u00e7aise.","_yoast_wpseo_canonical":"","_yoast_wpseo_opengraph-title":"Mahdi Abid : Le chef alg\u00e9rien qui fait parler d'elle \u00e0 Paris","_yoast_wpseo_opengraph-description":"D\u00e9couvrez le chef culinaire alg\u00e9rien Mahdi Abid qui fait parler d'elle \u00e0 Paris. Une r\u00e9v\u00e9lation de la sc\u00e8ne culinaire fran\u00e7aise.","_yoast_wpseo_opengraph-image":"","tdm_status":"","tdm_grid_status":"","footnotes":""},"categories":[647],"tags":[1361,2293,72,108,1337],"class_list":["post-3356","post","type-post","status-publish","format-standard","has-post-thumbnail","hentry","category-plats-principaux","tag-algerie-diaspora","tag-chef-francais","tag-cuisine-algerienne","tag-gastronomie-francaise","tag-interview"],"yoast_head":"<!-- This site is optimized with the Yoast SEO plugin v27.4 - https:\/\/yoast.com\/product\/yoast-seo-wordpress\/ -->\n<title>Mahdi Abid : Le chef alg\u00e9rien qui fait parler d&#039;elle \u00e0 Paris<\/title>\n<meta name=\"description\" content=\"D\u00e9couvrez le chef culinaire alg\u00e9rien Mahdi Abid qui fait parler d&#039;elle \u00e0 Paris. Une r\u00e9v\u00e9lation de la sc\u00e8ne culinaire fran\u00e7aise.\" \/>\n<meta name=\"robots\" content=\"index, follow, max-snippet:-1, max-image-preview:large, max-video-preview:-1\" \/>\n<link rel=\"canonical\" href=\"https:\/\/monmaghreb.com\/index.php\/2026\/04\/23\/mahdi-abid-le-chef-algerien-qui-fait-parler-delle-a-paris\/\" \/>\n<meta property=\"og:locale\" content=\"en_US\" \/>\n<meta property=\"og:type\" content=\"article\" \/>\n<meta property=\"og:title\" content=\"Mahdi Abid : Le chef alg\u00e9rien qui fait parler d&#039;elle \u00e0 Paris\" \/>\n<meta property=\"og:description\" content=\"D\u00e9couvrez le chef culinaire alg\u00e9rien Mahdi Abid qui fait parler d&#039;elle \u00e0 Paris. Une r\u00e9v\u00e9lation de la sc\u00e8ne culinaire fran\u00e7aise.\" \/>\n<meta property=\"og:url\" content=\"https:\/\/monmaghreb.com\/index.php\/2026\/04\/23\/mahdi-abid-le-chef-algerien-qui-fait-parler-delle-a-paris\/\" \/>\n<meta property=\"og:site_name\" content=\"Mon Maghreb\" \/>\n<meta property=\"article:author\" content=\"https:\/\/www.facebook.com\/monmaghrebcom\" \/>\n<meta property=\"article:published_time\" content=\"2026-04-23T20:04:16+00:00\" \/>\n<meta property=\"article:modified_time\" content=\"2026-04-23T20:04:20+00:00\" \/>\n<meta property=\"og:image\" content=\"https:\/\/monmaghreb.com\/wp-content\/uploads\/2026\/04\/featured-344.jpg\" \/>\n\t<meta property=\"og:image:width\" content=\"1734\" \/>\n\t<meta property=\"og:image:height\" content=\"1300\" \/>\n\t<meta property=\"og:image:type\" content=\"image\/jpeg\" \/>\n<meta name=\"author\" content=\"LaMagh\" \/>\n<meta name=\"twitter:card\" content=\"summary_large_image\" \/>\n<meta name=\"twitter:creator\" content=\"@MMaghreb50977\" \/>\n<meta name=\"twitter:label1\" content=\"Written by\" \/>\n\t<meta name=\"twitter:data1\" content=\"LaMagh\" \/>\n\t<meta name=\"twitter:label2\" content=\"Est. reading time\" \/>\n\t<meta name=\"twitter:data2\" content=\"4 minutes\" \/>\n<script type=\"application\/ld+json\" class=\"yoast-schema-graph\">{\"@context\":\"https:\\\/\\\/schema.org\",\"@graph\":[{\"@type\":\"Article\",\"@id\":\"https:\\\/\\\/monmaghreb.com\\\/index.php\\\/2026\\\/04\\\/23\\\/mahdi-abid-le-chef-algerien-qui-fait-parler-delle-a-paris\\\/#article\",\"isPartOf\":{\"@id\":\"https:\\\/\\\/monmaghreb.com\\\/index.php\\\/2026\\\/04\\\/23\\\/mahdi-abid-le-chef-algerien-qui-fait-parler-delle-a-paris\\\/\"},\"author\":{\"name\":\"LaMagh\",\"@id\":\"http:\\\/\\\/monmaghreb.com\\\/#\\\/schema\\\/person\\\/c469a89dc8c6b8987dcb438b1200d054\"},\"headline\":\"Mahdi Abid : Le chef alg\u00e9rien qui fait parler d&#8217;elle \u00e0 Paris\",\"datePublished\":\"2026-04-23T20:04:16+00:00\",\"dateModified\":\"2026-04-23T20:04:20+00:00\",\"mainEntityOfPage\":{\"@id\":\"https:\\\/\\\/monmaghreb.com\\\/index.php\\\/2026\\\/04\\\/23\\\/mahdi-abid-le-chef-algerien-qui-fait-parler-delle-a-paris\\\/\"},\"wordCount\":730,\"publisher\":{\"@id\":\"http:\\\/\\\/monmaghreb.com\\\/#organization\"},\"image\":{\"@id\":\"https:\\\/\\\/monmaghreb.com\\\/index.php\\\/2026\\\/04\\\/23\\\/mahdi-abid-le-chef-algerien-qui-fait-parler-delle-a-paris\\\/#primaryimage\"},\"thumbnailUrl\":\"https:\\\/\\\/monmaghreb.com\\\/wp-content\\\/uploads\\\/2026\\\/04\\\/featured-344.jpg\",\"keywords\":[\"alg\u00e9rie diaspora\",\"chef fran\u00e7ais\",\"cuisine alg\u00e9rienne\",\"Gastronomie fran\u00e7aise\",\"interview\"],\"articleSection\":[\"Plats Principaux\"],\"inLanguage\":\"en-US\"},{\"@type\":\"WebPage\",\"@id\":\"https:\\\/\\\/monmaghreb.com\\\/index.php\\\/2026\\\/04\\\/23\\\/mahdi-abid-le-chef-algerien-qui-fait-parler-delle-a-paris\\\/\",\"url\":\"https:\\\/\\\/monmaghreb.com\\\/index.php\\\/2026\\\/04\\\/23\\\/mahdi-abid-le-chef-algerien-qui-fait-parler-delle-a-paris\\\/\",\"name\":\"Mahdi Abid : Le chef alg\u00e9rien qui fait parler d'elle \u00e0 Paris\",\"isPartOf\":{\"@id\":\"http:\\\/\\\/monmaghreb.com\\\/#website\"},\"primaryImageOfPage\":{\"@id\":\"https:\\\/\\\/monmaghreb.com\\\/index.php\\\/2026\\\/04\\\/23\\\/mahdi-abid-le-chef-algerien-qui-fait-parler-delle-a-paris\\\/#primaryimage\"},\"image\":{\"@id\":\"https:\\\/\\\/monmaghreb.com\\\/index.php\\\/2026\\\/04\\\/23\\\/mahdi-abid-le-chef-algerien-qui-fait-parler-delle-a-paris\\\/#primaryimage\"},\"thumbnailUrl\":\"https:\\\/\\\/monmaghreb.com\\\/wp-content\\\/uploads\\\/2026\\\/04\\\/featured-344.jpg\",\"datePublished\":\"2026-04-23T20:04:16+00:00\",\"dateModified\":\"2026-04-23T20:04:20+00:00\",\"description\":\"D\u00e9couvrez le chef culinaire alg\u00e9rien Mahdi Abid qui fait parler d'elle \u00e0 Paris. Une r\u00e9v\u00e9lation de la sc\u00e8ne culinaire fran\u00e7aise.\",\"breadcrumb\":{\"@id\":\"https:\\\/\\\/monmaghreb.com\\\/index.php\\\/2026\\\/04\\\/23\\\/mahdi-abid-le-chef-algerien-qui-fait-parler-delle-a-paris\\\/#breadcrumb\"},\"inLanguage\":\"en-US\",\"potentialAction\":[{\"@type\":\"ReadAction\",\"target\":[\"https:\\\/\\\/monmaghreb.com\\\/index.php\\\/2026\\\/04\\\/23\\\/mahdi-abid-le-chef-algerien-qui-fait-parler-delle-a-paris\\\/\"]}]},{\"@type\":\"ImageObject\",\"inLanguage\":\"en-US\",\"@id\":\"https:\\\/\\\/monmaghreb.com\\\/index.php\\\/2026\\\/04\\\/23\\\/mahdi-abid-le-chef-algerien-qui-fait-parler-delle-a-paris\\\/#primaryimage\",\"url\":\"https:\\\/\\\/monmaghreb.com\\\/wp-content\\\/uploads\\\/2026\\\/04\\\/featured-344.jpg\",\"contentUrl\":\"https:\\\/\\\/monmaghreb.com\\\/wp-content\\\/uploads\\\/2026\\\/04\\\/featured-344.jpg\",\"width\":1734,\"height\":1300,\"caption\":\"Mahdi Abid, chef alg\u00e9rien en train de pr\u00e9parer une recette \u00e0 Paris\"},{\"@type\":\"BreadcrumbList\",\"@id\":\"https:\\\/\\\/monmaghreb.com\\\/index.php\\\/2026\\\/04\\\/23\\\/mahdi-abid-le-chef-algerien-qui-fait-parler-delle-a-paris\\\/#breadcrumb\",\"itemListElement\":[{\"@type\":\"ListItem\",\"position\":1,\"name\":\"Home\",\"item\":\"http:\\\/\\\/monmaghreb.com\\\/\"},{\"@type\":\"ListItem\",\"position\":2,\"name\":\"Mahdi Abid : Le chef alg\u00e9rien qui fait parler d&#8217;elle \u00e0 Paris\"}]},{\"@type\":\"WebSite\",\"@id\":\"http:\\\/\\\/monmaghreb.com\\\/#website\",\"url\":\"http:\\\/\\\/monmaghreb.com\\\/\",\"name\":\"Mon Maghreb\",\"description\":\"MonMaghreb United\",\"publisher\":{\"@id\":\"http:\\\/\\\/monmaghreb.com\\\/#organization\"},\"alternateName\":\"Le Monde du Maghreb et au del\u00e0\",\"potentialAction\":[{\"@type\":\"SearchAction\",\"target\":{\"@type\":\"EntryPoint\",\"urlTemplate\":\"http:\\\/\\\/monmaghreb.com\\\/?s={search_term_string}\"},\"query-input\":{\"@type\":\"PropertyValueSpecification\",\"valueRequired\":true,\"valueName\":\"search_term_string\"}}],\"inLanguage\":\"en-US\"},{\"@type\":\"Organization\",\"@id\":\"http:\\\/\\\/monmaghreb.com\\\/#organization\",\"name\":\"Mon Maghreb\",\"url\":\"http:\\\/\\\/monmaghreb.com\\\/\",\"logo\":{\"@type\":\"ImageObject\",\"inLanguage\":\"en-US\",\"@id\":\"http:\\\/\\\/monmaghreb.com\\\/#\\\/schema\\\/logo\\\/image\\\/\",\"url\":\"https:\\\/\\\/monmaghreb.com\\\/wp-content\\\/uploads\\\/2025\\\/12\\\/Mon_Maghreb_Logo.jpg\",\"contentUrl\":\"https:\\\/\\\/monmaghreb.com\\\/wp-content\\\/uploads\\\/2025\\\/12\\\/Mon_Maghreb_Logo.jpg\",\"width\":814,\"height\":374,\"caption\":\"Mon Maghreb\"},\"image\":{\"@id\":\"http:\\\/\\\/monmaghreb.com\\\/#\\\/schema\\\/logo\\\/image\\\/\"}},{\"@type\":\"Person\",\"@id\":\"http:\\\/\\\/monmaghreb.com\\\/#\\\/schema\\\/person\\\/c469a89dc8c6b8987dcb438b1200d054\",\"name\":\"LaMagh\",\"image\":{\"@type\":\"ImageObject\",\"inLanguage\":\"en-US\",\"@id\":\"https:\\\/\\\/secure.gravatar.com\\\/avatar\\\/399d8144bd55fba55e056779aca52fe528bac7911f6449e54d81173d6dfd7f0a?s=96&d=mm&r=g\",\"url\":\"https:\\\/\\\/secure.gravatar.com\\\/avatar\\\/399d8144bd55fba55e056779aca52fe528bac7911f6449e54d81173d6dfd7f0a?s=96&d=mm&r=g\",\"contentUrl\":\"https:\\\/\\\/secure.gravatar.com\\\/avatar\\\/399d8144bd55fba55e056779aca52fe528bac7911f6449e54d81173d6dfd7f0a?s=96&d=mm&r=g\",\"caption\":\"LaMagh\"},\"sameAs\":[\"https:\\\/\\\/monmaghreb.com\",\"https:\\\/\\\/www.facebook.com\\\/monmaghrebcom\",\"https:\\\/\\\/x.com\\\/MMaghreb50977\"],\"url\":\"https:\\\/\\\/monmaghreb.com\\\/index.php\\\/author\\\/lamagh\\\/\"}]}<\/script>\n<!-- \/ Yoast SEO plugin. -->","yoast_head_json":{"title":"Mahdi Abid : Le chef alg\u00e9rien qui fait parler d'elle \u00e0 Paris","description":"D\u00e9couvrez le chef culinaire alg\u00e9rien Mahdi Abid qui fait parler d'elle \u00e0 Paris. Une r\u00e9v\u00e9lation de la sc\u00e8ne culinaire fran\u00e7aise.","robots":{"index":"index","follow":"follow","max-snippet":"max-snippet:-1","max-image-preview":"max-image-preview:large","max-video-preview":"max-video-preview:-1"},"canonical":"https:\/\/monmaghreb.com\/index.php\/2026\/04\/23\/mahdi-abid-le-chef-algerien-qui-fait-parler-delle-a-paris\/","og_locale":"en_US","og_type":"article","og_title":"Mahdi Abid : Le chef alg\u00e9rien qui fait parler d'elle \u00e0 Paris","og_description":"D\u00e9couvrez le chef culinaire alg\u00e9rien Mahdi Abid qui fait parler d'elle \u00e0 Paris. Une r\u00e9v\u00e9lation de la sc\u00e8ne culinaire fran\u00e7aise.","og_url":"https:\/\/monmaghreb.com\/index.php\/2026\/04\/23\/mahdi-abid-le-chef-algerien-qui-fait-parler-delle-a-paris\/","og_site_name":"Mon Maghreb","article_author":"https:\/\/www.facebook.com\/monmaghrebcom","article_published_time":"2026-04-23T20:04:16+00:00","article_modified_time":"2026-04-23T20:04:20+00:00","og_image":[{"width":1734,"height":1300,"url":"https:\/\/monmaghreb.com\/wp-content\/uploads\/2026\/04\/featured-344.jpg","type":"image\/jpeg"}],"author":"LaMagh","twitter_card":"summary_large_image","twitter_creator":"@MMaghreb50977","twitter_misc":{"Written by":"LaMagh","Est. reading time":"4 minutes"},"schema":{"@context":"https:\/\/schema.org","@graph":[{"@type":"Article","@id":"https:\/\/monmaghreb.com\/index.php\/2026\/04\/23\/mahdi-abid-le-chef-algerien-qui-fait-parler-delle-a-paris\/#article","isPartOf":{"@id":"https:\/\/monmaghreb.com\/index.php\/2026\/04\/23\/mahdi-abid-le-chef-algerien-qui-fait-parler-delle-a-paris\/"},"author":{"name":"LaMagh","@id":"http:\/\/monmaghreb.com\/#\/schema\/person\/c469a89dc8c6b8987dcb438b1200d054"},"headline":"Mahdi Abid : Le chef alg\u00e9rien qui fait parler d&#8217;elle \u00e0 Paris","datePublished":"2026-04-23T20:04:16+00:00","dateModified":"2026-04-23T20:04:20+00:00","mainEntityOfPage":{"@id":"https:\/\/monmaghreb.com\/index.php\/2026\/04\/23\/mahdi-abid-le-chef-algerien-qui-fait-parler-delle-a-paris\/"},"wordCount":730,"publisher":{"@id":"http:\/\/monmaghreb.com\/#organization"},"image":{"@id":"https:\/\/monmaghreb.com\/index.php\/2026\/04\/23\/mahdi-abid-le-chef-algerien-qui-fait-parler-delle-a-paris\/#primaryimage"},"thumbnailUrl":"https:\/\/monmaghreb.com\/wp-content\/uploads\/2026\/04\/featured-344.jpg","keywords":["alg\u00e9rie diaspora","chef fran\u00e7ais","cuisine alg\u00e9rienne","Gastronomie fran\u00e7aise","interview"],"articleSection":["Plats Principaux"],"inLanguage":"en-US"},{"@type":"WebPage","@id":"https:\/\/monmaghreb.com\/index.php\/2026\/04\/23\/mahdi-abid-le-chef-algerien-qui-fait-parler-delle-a-paris\/","url":"https:\/\/monmaghreb.com\/index.php\/2026\/04\/23\/mahdi-abid-le-chef-algerien-qui-fait-parler-delle-a-paris\/","name":"Mahdi Abid : Le chef alg\u00e9rien qui fait parler d'elle \u00e0 Paris","isPartOf":{"@id":"http:\/\/monmaghreb.com\/#website"},"primaryImageOfPage":{"@id":"https:\/\/monmaghreb.com\/index.php\/2026\/04\/23\/mahdi-abid-le-chef-algerien-qui-fait-parler-delle-a-paris\/#primaryimage"},"image":{"@id":"https:\/\/monmaghreb.com\/index.php\/2026\/04\/23\/mahdi-abid-le-chef-algerien-qui-fait-parler-delle-a-paris\/#primaryimage"},"thumbnailUrl":"https:\/\/monmaghreb.com\/wp-content\/uploads\/2026\/04\/featured-344.jpg","datePublished":"2026-04-23T20:04:16+00:00","dateModified":"2026-04-23T20:04:20+00:00","description":"D\u00e9couvrez le chef culinaire alg\u00e9rien Mahdi Abid qui fait parler d'elle \u00e0 Paris. Une r\u00e9v\u00e9lation de la sc\u00e8ne culinaire fran\u00e7aise.","breadcrumb":{"@id":"https:\/\/monmaghreb.com\/index.php\/2026\/04\/23\/mahdi-abid-le-chef-algerien-qui-fait-parler-delle-a-paris\/#breadcrumb"},"inLanguage":"en-US","potentialAction":[{"@type":"ReadAction","target":["https:\/\/monmaghreb.com\/index.php\/2026\/04\/23\/mahdi-abid-le-chef-algerien-qui-fait-parler-delle-a-paris\/"]}]},{"@type":"ImageObject","inLanguage":"en-US","@id":"https:\/\/monmaghreb.com\/index.php\/2026\/04\/23\/mahdi-abid-le-chef-algerien-qui-fait-parler-delle-a-paris\/#primaryimage","url":"https:\/\/monmaghreb.com\/wp-content\/uploads\/2026\/04\/featured-344.jpg","contentUrl":"https:\/\/monmaghreb.com\/wp-content\/uploads\/2026\/04\/featured-344.jpg","width":1734,"height":1300,"caption":"Mahdi Abid, chef alg\u00e9rien en train de pr\u00e9parer une recette \u00e0 Paris"},{"@type":"BreadcrumbList","@id":"https:\/\/monmaghreb.com\/index.php\/2026\/04\/23\/mahdi-abid-le-chef-algerien-qui-fait-parler-delle-a-paris\/#breadcrumb","itemListElement":[{"@type":"ListItem","position":1,"name":"Home","item":"http:\/\/monmaghreb.com\/"},{"@type":"ListItem","position":2,"name":"Mahdi Abid : Le chef alg\u00e9rien qui fait parler d&#8217;elle \u00e0 Paris"}]},{"@type":"WebSite","@id":"http:\/\/monmaghreb.com\/#website","url":"http:\/\/monmaghreb.com\/","name":"Mon Maghreb","description":"MonMaghreb United","publisher":{"@id":"http:\/\/monmaghreb.com\/#organization"},"alternateName":"Le Monde du Maghreb et au del\u00e0","potentialAction":[{"@type":"SearchAction","target":{"@type":"EntryPoint","urlTemplate":"http:\/\/monmaghreb.com\/?s={search_term_string}"},"query-input":{"@type":"PropertyValueSpecification","valueRequired":true,"valueName":"search_term_string"}}],"inLanguage":"en-US"},{"@type":"Organization","@id":"http:\/\/monmaghreb.com\/#organization","name":"Mon Maghreb","url":"http:\/\/monmaghreb.com\/","logo":{"@type":"ImageObject","inLanguage":"en-US","@id":"http:\/\/monmaghreb.com\/#\/schema\/logo\/image\/","url":"https:\/\/monmaghreb.com\/wp-content\/uploads\/2025\/12\/Mon_Maghreb_Logo.jpg","contentUrl":"https:\/\/monmaghreb.com\/wp-content\/uploads\/2025\/12\/Mon_Maghreb_Logo.jpg","width":814,"height":374,"caption":"Mon Maghreb"},"image":{"@id":"http:\/\/monmaghreb.com\/#\/schema\/logo\/image\/"}},{"@type":"Person","@id":"http:\/\/monmaghreb.com\/#\/schema\/person\/c469a89dc8c6b8987dcb438b1200d054","name":"LaMagh","image":{"@type":"ImageObject","inLanguage":"en-US","@id":"https:\/\/secure.gravatar.com\/avatar\/399d8144bd55fba55e056779aca52fe528bac7911f6449e54d81173d6dfd7f0a?s=96&d=mm&r=g","url":"https:\/\/secure.gravatar.com\/avatar\/399d8144bd55fba55e056779aca52fe528bac7911f6449e54d81173d6dfd7f0a?s=96&d=mm&r=g","contentUrl":"https:\/\/secure.gravatar.com\/avatar\/399d8144bd55fba55e056779aca52fe528bac7911f6449e54d81173d6dfd7f0a?s=96&d=mm&r=g","caption":"LaMagh"},"sameAs":["https:\/\/monmaghreb.com","https:\/\/www.facebook.com\/monmaghrebcom","https:\/\/x.com\/MMaghreb50977"],"url":"https:\/\/monmaghreb.com\/index.php\/author\/lamagh\/"}]}},"_links":{"self":[{"href":"https:\/\/monmaghreb.com\/index.php\/wp-json\/wp\/v2\/posts\/3356","targetHints":{"allow":["GET"]}}],"collection":[{"href":"https:\/\/monmaghreb.com\/index.php\/wp-json\/wp\/v2\/posts"}],"about":[{"href":"https:\/\/monmaghreb.com\/index.php\/wp-json\/wp\/v2\/types\/post"}],"author":[{"embeddable":true,"href":"https:\/\/monmaghreb.com\/index.php\/wp-json\/wp\/v2\/users\/1"}],"replies":[{"embeddable":true,"href":"https:\/\/monmaghreb.com\/index.php\/wp-json\/wp\/v2\/comments?post=3356"}],"version-history":[{"count":1,"href":"https:\/\/monmaghreb.com\/index.php\/wp-json\/wp\/v2\/posts\/3356\/revisions"}],"predecessor-version":[{"id":3357,"href":"https:\/\/monmaghreb.com\/index.php\/wp-json\/wp\/v2\/posts\/3356\/revisions\/3357"}],"wp:featuredmedia":[{"embeddable":true,"href":"https:\/\/monmaghreb.com\/index.php\/wp-json\/wp\/v2\/media\/3355"}],"wp:attachment":[{"href":"https:\/\/monmaghreb.com\/index.php\/wp-json\/wp\/v2\/media?parent=3356"}],"wp:term":[{"taxonomy":"category","embeddable":true,"href":"https:\/\/monmaghreb.com\/index.php\/wp-json\/wp\/v2\/categories?post=3356"},{"taxonomy":"post_tag","embeddable":true,"href":"https:\/\/monmaghreb.com\/index.php\/wp-json\/wp\/v2\/tags?post=3356"}],"curies":[{"name":"wp","href":"https:\/\/api.w.org\/{rel}","templated":true}]}}