{"id":3371,"date":"2026-04-24T21:27:38","date_gmt":"2026-04-24T21:27:38","guid":{"rendered":"https:\/\/monmaghreb.com\/index.php\/2026\/04\/24\/careme-et-ramadan-la-cuisine-en-lumiere-du-jeune-des-chretiens-et-des-musulmans\/"},"modified":"2026-04-24T21:27:44","modified_gmt":"2026-04-24T21:27:44","slug":"careme-et-ramadan-la-cuisine-en-lumiere-du-jeune-des-chretiens-et-des-musulmans","status":"publish","type":"post","link":"https:\/\/monmaghreb.com\/index.php\/2026\/04\/24\/careme-et-ramadan-la-cuisine-en-lumiere-du-jeune-des-chretiens-et-des-musulmans\/","title":{"rendered":"Car\u00eame et Ramadan : la cuisine en lumi\u00e8re du je\u00fbne des chr\u00e9tiens et des musulmans"},"content":{"rendered":"<p><!DOCTYPE html><br \/>\n<html lang='fr'><br \/>\n<head><br \/>\n<meta charset='UTF-8'><br \/>\n<title>Car\u00eame et Ramadan : la cuisine en lumi\u00e8re du je\u00fbne des chr\u00e9tiens et des musulmans<\/title><br \/>\n<\/head><br \/>\n<body><\/p>\n<h1>Car\u00eame et Ramadan : la cuisine en lumi\u00e8re du je\u00fbne des chr\u00e9tiens et des musulmans<\/h1>\n<p><script type=\"application\/ld+json\">\n{\n  \"@context\": \"https:\/\/schema.org\/\",\n  \"@type\": \"Recipe\",\n  \"name\": \"Car\u00eame et Ramadan : la cuisine en lumi\u00e8re du je\u00fbne des chr\u00e9tiens et des musulmans\",\n  \"description\": \"D\u00e9couvrez les plats traditionnels du Maghreb pendant le Car\u00eame et le Ramadan, deux traditions religieuses marqu\u00e9es par le je\u00fbne.\",\n  \"prepTime\": \"PT15M\",\n  \"cookTime\": \"PT30M\",\n  \"totalTime\": \"PT45M\",\n  \"recipeYield\": \"4 portions\",\n  \"recipeIngredient\": [\n    \"200g semoule\"\n  ],\n  \"recipeInstructions\": [\n    {\n      \"@type\": \"HowToStep\",\n      \"text\": {\n        \"stepNumber\": \"1\",\n        \"instruction\": \"\u00c9tape 1: Preparez la semoule selon les instructions sur le paquet.\"\n      }\n    }\n  ],\n  \"recipeCategory\": \"Main Course\",\n  \"recipeCuisine\": \"Marocaine\",\n  \"keywords\": [\n    \"recette\",\n    \"maghreb\"\n  ],\n  \"datePublished\": \"2026-04-24\",\n  \"author\": {\n    \"@type\": \"Organization\",\n    \"name\": \"\"\n  }\n}\n<\/script><\/p>\n<p>Chaque ann\u00e9e, les jours de je\u00fbne du Car\u00eame et de Ramadan se chevauchent pour une p\u00e9riode de plusieurs semaines. Mais malgr\u00e9 cette co\u00efncidence exceptionnelle, ces deux traditions religieuses marqu\u00e9es par le je\u00fbne ne doivent pas \u00eatre confondues. Au contraire, ils pr\u00e9sentent une occasion unique pour nous apprendre plus sur la cuisine et les traditions des communaut\u00e9s maghr\u00e9bines chr\u00e9tiennes et musulmanes. Les plats traditionnels du Maghreb sont connus pour leur saveur et leur complexit\u00e9, mais \u00e9galement pour leur capacit\u00e9 \u00e0 nourrir les corps et les \u00e2mes.<\/p>\n<h2>Le je\u00fbne du Car\u00eame : une tradition mill\u00e9naire<\/h2>\n<p>Les croyants chr\u00e9tiens observent le Car\u00eame, un je\u00fbne de 40 jours \u00e0 l&#8217;approche de P\u00e2ques. Ce rite a \u00e9t\u00e9 mis en place par l&#8217;\u00c9glise catholique pour rappeler la quarante journ\u00e9es que J\u00e9sus aurait pass\u00e9es dans le d\u00e9sert avant d&#8217;\u00eatre tent\u00e9 par le Diable. Aujourd&#8217;hui, les chr\u00e9tiens du Maghreb et de l&#8217;Ouest continental continuent \u00e0 observer ce je\u00fbne en abstinence de certaines nourritures comme la viande rouge. Les plats simples et d\u00e9licieux sont pr\u00e9f\u00e9r\u00e9s pour respecter les exigences du je\u00fbne.<\/p>\n<p>Les couscous avec l\u00e9gumes sont populaires, ainsi que les soupes de poisson ou d&#8217;oignons. Mais il est \u00e9galement traditionnel d&#8217;abstenir soi-m\u00eame des aliments pr\u00e9cis comme le poisson rouge pour mieux symboliser le sacrifice et la pi\u00e9t\u00e9. Les plats de car\u00eame sont donc con\u00e7us pour \u00eatre l\u00e9gers, d\u00e9licieux et spirituels.<\/p>\n<h2>Le je\u00fbne de Ramadan : une p\u00e9riode de purification<\/h2>\n<p>Pour les musulmans, Ramadan est une p\u00e9riode de purification, o\u00f9 ils doivent observer un je\u00fbne de jour pendant environ un mois. Ce rite consiste \u00e0 ne pas prendre aucun aliment ou liquide du matin au cr\u00e9puscule. La cuisine de Ramadan se concentre sur les plats qui peuvent \u00eatre consomm\u00e9s avant le coucher du soleil pour nourrir les croyants et leur permettre de retrouver leurs forces.<\/p>\n<p>Les couscous, les tagines et les petits d\u00e9jeuners sont pr\u00e9par\u00e9s avec soin pour fournir une \u00e9nergie n\u00e9cessaire durant le jour de je\u00fbne. Les fruits frais et les boissons aguicheuses sont \u00e9galement tr\u00e8s populaires. Les plats de Ramadan sont donc con\u00e7us pour \u00eatre \u00e9nerg\u00e9tiques, savoureux et spirituels.<\/p>\n<h2>Le partage et la communaut\u00e9<\/h2>\n<p>Les deux je\u00fbnes sont \u00e9galement marqu\u00e9s par un fort sens de communaut\u00e9 et de solidarit\u00e9. Les musulmans et les chr\u00e9tiens se <a href=\"https:\/\/monmaghreb.com\/index.php\/2026\/04\/23\/partage-de-la-culture-via-la-cuisine-ramadan-et-cuisine-de-careme-reunissent-chretiens-et-musulmans\/\" title=\"Partage de la culture via la cuisine : Ramadan et Cuisine de Car\u00eame r\u00e9unissent chr\u00e9tiens et musulmans\">r\u00e9unissent<\/a> pour c\u00e9l\u00e9brer leurs traditions respectives en apportant des plats \u00e0 partager. Ce partage est une occasion unique de conna\u00eetre les autres communaut\u00e9s religieuses, d&#8217;apprendre plus sur leur culture et de faire le point sur les similitudes entre nos traditions.<\/p>\n<p>Les cuisiniers maghr\u00e9bins ont toujours \u00e9t\u00e9 connus pour leur capacit\u00e9 \u00e0 pr\u00e9parer des plats qui font r\u00e9jouir les papilles et nourrir l&#8217;\u00e2me. Les tagines, les couscous, les brik et les maafe sont des exemples de ces plats qui peuvent \u00eatre partag\u00e9s entre amis et famille.<\/p>\n<ul>\n<li>Le couscous : un plat populaire lors des je\u00fbnes religieux du Maghreb<\/li>\n<li>Les tagines : un plat traditionnel maghr\u00e9bin qui se pr\u00e9pare au long de Ramadan<\/li>\n<li>Les petits d\u00e9jeuners : des plats \u00e9nerg\u00e9tiques pr\u00e9par\u00e9s pour fournir les croyants en \u00e9nergie pendant le jour de je\u00fbne<\/li>\n<\/ul>\n<h2>La cuisine du Car\u00eame et de Ramadan, une occasion d&#8217;apprendre plus sur nos communaut\u00e9s<\/h2>\n<p>Les je\u00fbnes du Car\u00eame et de Ramadan sont une excellente occasion pour nous apprendre plus sur les traditions des communaut\u00e9s maghr\u00e9bines chr\u00e9tiennes et musulmanes. En observant ces pratiques, nous avons l&#8217;occasion de partager nos plats traditionnels avec nos pairs.<\/p>\n<p>En apprenant plus sur la cuisine du Car\u00eame et de Ramadan, nous pouvons \u00e9galement faire le point sur les similitudes entre les deux traditions et comprendre comment elles peuvent coexister dans une soci\u00e9t\u00e9 multiculturelle. Les cuisiniers maghr\u00e9bins ont toujours \u00e9t\u00e9 des ambassadeurs de leur culture et de leur foi.<\/p>\n<h2>Appel \u00e0 l&#8217;action<\/h2>\n<p>Si vous \u00eates int\u00e9ress\u00e9 par la cuisine du Car\u00eame et de Ramadan, nous vous invitons \u00e0 essayer des plats maghr\u00e9bins lors de ces deux je\u00fbnes pour apprendre plus sur nos cultures. N&#8217;h\u00e9sitez pas \u00e0 partager vos exp\u00e9riences avec les autres ou \u00e0 inviter votre famille et vos amis \u00e0 la table pour c\u00e9l\u00e9brer ensemble les traditions maghr\u00e9bines.<\/p>\n<p>Les cuisiniers maghr\u00e9bins ont toujours \u00e9t\u00e9 des artistes de la nourriture, des ma\u00eetres de la maison qui savent combiner les saveurs, les couleurs et les odeurs pour cr\u00e9er des plats qui font r\u00e9jouir les papilles. Nous vous invitons \u00e0 rejoindre cette communaut\u00e9 de cuisiniers et de partager votre amour pour la cuisine avec nous.<\/p>\n<div style=\"background:#f8f9fa;border-left:4px solid #0066cc;border-radius:6px;padding:20px 24px;margin:32px 0;\">\n<p style=\"font-size:13px;color:#888;text-transform:uppercase;letter-spacing:0.8px;margin:0 0 6px 0;\">Vous pourriez aussi aimer<\/p>\n<h3 style=\"font-size:18px;margin:0 0 14px 0;color:#222;\">Articles similaires<\/h3>\n<ul style=\"margin:0;padding-left:20px;list-style:disc;\">\n<li style=\"margin-bottom:10px;\"><a href=\"https:\/\/monmaghreb.com\/index.php\/2026\/04\/23\/partage-de-la-culture-via-la-cuisine-ramadan-et-cuisine-de-careme-reunissent-chretiens-et-musulmans\/\" style=\"color:#0066cc;text-decoration:none;font-weight:500;\" title=\"Partage de la culture via la cuisine : Ramadan et Cuisine de Car\u00eame r\u00e9unissent chr\u00e9tiens et musulmans\">Partage de la culture via la cuisine : Ramadan et Cuisine de Car\u00eame r\u00e9unissent chr\u00e9tiens et musulmans<\/a><\/li>\n<li style=\"margin-bottom:10px;\"><a href=\"https:\/\/monmaghreb.com\/index.php\/2026\/04\/22\/kafui-lassistante-dorigine-ghaneenne-qui-partage-sa-culture-avec-les-enfants-en-france-ouest\/\" style=\"color:#0066cc;text-decoration:none;font-weight:500;\" title=\"Kafui, l&#8217;assistante d&#8217;origine ghan\u00e9enne qui partage sa culture avec les enfants en France &#8211; Ouest\">Kafui, l&#8217;assistante d&#8217;origine ghan\u00e9enne qui partage sa culture avec les enfants en France &#8211; Ouest<\/a><\/li>\n<li style=\"margin-bottom:10px;\"><a href=\"https:\/\/monmaghreb.com\/index.php\/2026\/04\/21\/kafui-lassistante-de-langue-originaire-du-ghana-partage-sa-culture-avec-les-enfants-en-france\/\" style=\"color:#0066cc;text-decoration:none;font-weight:500;\" title=\"Kafui, l&#8217;assistante de langue originaire du Ghana partage sa culture avec les enfants en France\">Kafui, l&#8217;assistante de langue originaire du Ghana partage sa culture avec les enfants en France<\/a><\/li>\n<li style=\"margin-bottom:10px;\"><a href=\"https:\/\/monmaghreb.com\/index.php\/2026\/04\/20\/lartiste-zahira-tigtate-presente-lart-de-vivre-amazigh-une-exposition-qui-met-en-lumiere-la-culture-berbere-a-drancy-ccf\/\" style=\"color:#0066cc;text-decoration:none;font-weight:500;\" title=\"L&#8217;artiste Zahira Tigtate pr\u00e9sente &#8216;L\u2019Art de vivre Amazigh&#8217; : Une exposition qui met en lumi\u00e8re la culture berb\u00e8re \u00e0 Drancy CCF\">L&#8217;artiste Zahira Tigtate pr\u00e9sente &#8216;L\u2019Art de vivre Amazigh&#8217; : Une exposition qui met en lumi\u00e8re la culture berb\u00e8re \u00e0 Drancy CCF<\/a><\/li>\n<li style=\"margin-bottom:10px;\"><a href=\"https:\/\/monmaghreb.com\/index.php\/2026\/04\/19\/rabat-capitale-mondiale-du-livre-unesco-2026-la-culture-marocaine-en-lumiere\/\" style=\"color:#0066cc;text-decoration:none;font-weight:500;\" title=\"Rabat capitale mondiale du livre UNESCO 2026 : la culture marocaine en lumi\u00e8re\">Rabat capitale mondiale du livre UNESCO 2026 : la culture marocaine en lumi\u00e8re<\/a><\/li>\n<\/ul>\n<\/div>\n<p><\/body><br \/>\n<\/html><\/p>\n","protected":false},"excerpt":{"rendered":"<p>D\u00e9couvrez comment la cuisine en p\u00e9riode de Car\u00eame et de Ramadan rassemble les chr\u00e9tiens et musulmans. Une occasion unique pour apprendre plus sur ces deux tradi<\/p>\n","protected":false},"author":1,"featured_media":3370,"comment_status":"closed","ping_status":"open","sticky":false,"template":"","format":"standard","meta":{"_yoast_wpseo_focuskw":"Careme et Ramadan cuisine","_yoast_wpseo_title":"Car\u00eame et Ramadan : la cuisine en lumi\u00e8re du je\u00fbne des chr\u00e9t","_yoast_wpseo_metadesc":"D\u00e9couvrez comment la cuisine en p\u00e9riode de Car\u00eame et de Ramadan rassemble les chr\u00e9tiens et musulmans. Une occasion unique pour apprendre plus sur ces deux tradi","_yoast_wpseo_canonical":"","_yoast_wpseo_opengraph-title":"Car\u00eame et Ramadan : la cuisine en lumi\u00e8re du je\u00fbne des chr\u00e9tiens et des musulmans","_yoast_wpseo_opengraph-description":"D\u00e9couvrez comment la cuisine en p\u00e9riode de Car\u00eame et de Ramadan rassemble les chr\u00e9tiens et musulmans. Une occasion unique pour apprendre plus sur ces deux tradi","_yoast_wpseo_opengraph-image":"","tdm_status":"","tdm_grid_status":"","footnotes":""},"categories":[651],"tags":[2297,562,604,2298,563],"class_list":["post-3371","post","type-post","status-publish","format-standard","has-post-thumbnail","hentry","category-ramadan-iftar","tag-cuisine-interreligieuse","tag-cuisine-traditionnelle","tag-culture-maghrebine","tag-france-islamique","tag-guide-culinaire"],"yoast_head":"<!-- This site is optimized with the Yoast SEO plugin v27.4 - https:\/\/yoast.com\/product\/yoast-seo-wordpress\/ -->\n<title>Car\u00eame et Ramadan : la cuisine en lumi\u00e8re du je\u00fbne des chr\u00e9t<\/title>\n<meta name=\"description\" content=\"D\u00e9couvrez comment la cuisine en p\u00e9riode de Car\u00eame et de Ramadan rassemble les chr\u00e9tiens et musulmans. Une occasion unique pour apprendre plus sur ces deux tradi\" \/>\n<meta name=\"robots\" content=\"index, follow, max-snippet:-1, max-image-preview:large, max-video-preview:-1\" \/>\n<link rel=\"canonical\" href=\"https:\/\/monmaghreb.com\/index.php\/2026\/04\/24\/careme-et-ramadan-la-cuisine-en-lumiere-du-jeune-des-chretiens-et-des-musulmans\/\" \/>\n<meta property=\"og:locale\" content=\"en_US\" \/>\n<meta property=\"og:type\" content=\"article\" \/>\n<meta property=\"og:title\" content=\"Car\u00eame et Ramadan : la cuisine en lumi\u00e8re du je\u00fbne des chr\u00e9tiens et des musulmans\" \/>\n<meta property=\"og:description\" content=\"D\u00e9couvrez comment la cuisine en p\u00e9riode de Car\u00eame et de Ramadan rassemble les chr\u00e9tiens et musulmans. Une occasion unique pour apprendre plus sur ces deux tradi\" \/>\n<meta property=\"og:url\" content=\"https:\/\/monmaghreb.com\/index.php\/2026\/04\/24\/careme-et-ramadan-la-cuisine-en-lumiere-du-jeune-des-chretiens-et-des-musulmans\/\" \/>\n<meta property=\"og:site_name\" content=\"Mon Maghreb\" \/>\n<meta property=\"article:author\" content=\"https:\/\/www.facebook.com\/monmaghrebcom\" \/>\n<meta property=\"article:published_time\" content=\"2026-04-24T21:27:38+00:00\" \/>\n<meta property=\"article:modified_time\" content=\"2026-04-24T21:27:44+00:00\" \/>\n<meta property=\"og:image\" content=\"https:\/\/monmaghreb.com\/wp-content\/uploads\/2026\/04\/featured-349.jpg\" \/>\n\t<meta property=\"og:image:width\" content=\"1880\" \/>\n\t<meta property=\"og:image:height\" content=\"1253\" \/>\n\t<meta property=\"og:image:type\" content=\"image\/jpeg\" \/>\n<meta name=\"author\" content=\"LaMagh\" \/>\n<meta name=\"twitter:card\" content=\"summary_large_image\" \/>\n<meta name=\"twitter:creator\" content=\"@MMaghreb50977\" \/>\n<meta name=\"twitter:label1\" content=\"Written by\" \/>\n\t<meta name=\"twitter:data1\" content=\"LaMagh\" \/>\n\t<meta name=\"twitter:label2\" content=\"Est. reading time\" \/>\n\t<meta name=\"twitter:data2\" content=\"5 minutes\" \/>\n<script type=\"application\/ld+json\" class=\"yoast-schema-graph\">{\"@context\":\"https:\\\/\\\/schema.org\",\"@graph\":[{\"@type\":\"Article\",\"@id\":\"https:\\\/\\\/monmaghreb.com\\\/index.php\\\/2026\\\/04\\\/24\\\/careme-et-ramadan-la-cuisine-en-lumiere-du-jeune-des-chretiens-et-des-musulmans\\\/#article\",\"isPartOf\":{\"@id\":\"https:\\\/\\\/monmaghreb.com\\\/index.php\\\/2026\\\/04\\\/24\\\/careme-et-ramadan-la-cuisine-en-lumiere-du-jeune-des-chretiens-et-des-musulmans\\\/\"},\"author\":{\"name\":\"LaMagh\",\"@id\":\"http:\\\/\\\/monmaghreb.com\\\/#\\\/schema\\\/person\\\/c469a89dc8c6b8987dcb438b1200d054\"},\"headline\":\"Car\u00eame et Ramadan : la cuisine en lumi\u00e8re du je\u00fbne des chr\u00e9tiens et des musulmans\",\"datePublished\":\"2026-04-24T21:27:38+00:00\",\"dateModified\":\"2026-04-24T21:27:44+00:00\",\"mainEntityOfPage\":{\"@id\":\"https:\\\/\\\/monmaghreb.com\\\/index.php\\\/2026\\\/04\\\/24\\\/careme-et-ramadan-la-cuisine-en-lumiere-du-jeune-des-chretiens-et-des-musulmans\\\/\"},\"wordCount\":950,\"publisher\":{\"@id\":\"http:\\\/\\\/monmaghreb.com\\\/#organization\"},\"image\":{\"@id\":\"https:\\\/\\\/monmaghreb.com\\\/index.php\\\/2026\\\/04\\\/24\\\/careme-et-ramadan-la-cuisine-en-lumiere-du-jeune-des-chretiens-et-des-musulmans\\\/#primaryimage\"},\"thumbnailUrl\":\"https:\\\/\\\/monmaghreb.com\\\/wp-content\\\/uploads\\\/2026\\\/04\\\/featured-349.jpg\",\"keywords\":[\"cuisine interreligieuse\",\"cuisine traditionnelle\",\"culture maghr\u00e9bine\",\"france islamique\",\"guide culinaire\"],\"articleSection\":[\"Ramadan &amp; Iftar\"],\"inLanguage\":\"en-US\"},{\"@type\":\"WebPage\",\"@id\":\"https:\\\/\\\/monmaghreb.com\\\/index.php\\\/2026\\\/04\\\/24\\\/careme-et-ramadan-la-cuisine-en-lumiere-du-jeune-des-chretiens-et-des-musulmans\\\/\",\"url\":\"https:\\\/\\\/monmaghreb.com\\\/index.php\\\/2026\\\/04\\\/24\\\/careme-et-ramadan-la-cuisine-en-lumiere-du-jeune-des-chretiens-et-des-musulmans\\\/\",\"name\":\"Car\u00eame et Ramadan : la cuisine en lumi\u00e8re du je\u00fbne des chr\u00e9t\",\"isPartOf\":{\"@id\":\"http:\\\/\\\/monmaghreb.com\\\/#website\"},\"primaryImageOfPage\":{\"@id\":\"https:\\\/\\\/monmaghreb.com\\\/index.php\\\/2026\\\/04\\\/24\\\/careme-et-ramadan-la-cuisine-en-lumiere-du-jeune-des-chretiens-et-des-musulmans\\\/#primaryimage\"},\"image\":{\"@id\":\"https:\\\/\\\/monmaghreb.com\\\/index.php\\\/2026\\\/04\\\/24\\\/careme-et-ramadan-la-cuisine-en-lumiere-du-jeune-des-chretiens-et-des-musulmans\\\/#primaryimage\"},\"thumbnailUrl\":\"https:\\\/\\\/monmaghreb.com\\\/wp-content\\\/uploads\\\/2026\\\/04\\\/featured-349.jpg\",\"datePublished\":\"2026-04-24T21:27:38+00:00\",\"dateModified\":\"2026-04-24T21:27:44+00:00\",\"description\":\"D\u00e9couvrez comment la cuisine en p\u00e9riode de Car\u00eame et de Ramadan rassemble les chr\u00e9tiens et musulmans. Une occasion unique pour apprendre plus sur ces deux tradi\",\"breadcrumb\":{\"@id\":\"https:\\\/\\\/monmaghreb.com\\\/index.php\\\/2026\\\/04\\\/24\\\/careme-et-ramadan-la-cuisine-en-lumiere-du-jeune-des-chretiens-et-des-musulmans\\\/#breadcrumb\"},\"inLanguage\":\"en-US\",\"potentialAction\":[{\"@type\":\"ReadAction\",\"target\":[\"https:\\\/\\\/monmaghreb.com\\\/index.php\\\/2026\\\/04\\\/24\\\/careme-et-ramadan-la-cuisine-en-lumiere-du-jeune-des-chretiens-et-des-musulmans\\\/\"]}]},{\"@type\":\"ImageObject\",\"inLanguage\":\"en-US\",\"@id\":\"https:\\\/\\\/monmaghreb.com\\\/index.php\\\/2026\\\/04\\\/24\\\/careme-et-ramadan-la-cuisine-en-lumiere-du-jeune-des-chretiens-et-des-musulmans\\\/#primaryimage\",\"url\":\"https:\\\/\\\/monmaghreb.com\\\/wp-content\\\/uploads\\\/2026\\\/04\\\/featured-349.jpg\",\"contentUrl\":\"https:\\\/\\\/monmaghreb.com\\\/wp-content\\\/uploads\\\/2026\\\/04\\\/featured-349.jpg\",\"width\":1880,\"height\":1253,\"caption\":\"Famille musulmane et chr\u00e9tienne r\u00e9unies autour d'une table de cuisine en p\u00e9riode de Car\u00eame et de Ramadan\"},{\"@type\":\"BreadcrumbList\",\"@id\":\"https:\\\/\\\/monmaghreb.com\\\/index.php\\\/2026\\\/04\\\/24\\\/careme-et-ramadan-la-cuisine-en-lumiere-du-jeune-des-chretiens-et-des-musulmans\\\/#breadcrumb\",\"itemListElement\":[{\"@type\":\"ListItem\",\"position\":1,\"name\":\"Home\",\"item\":\"http:\\\/\\\/monmaghreb.com\\\/\"},{\"@type\":\"ListItem\",\"position\":2,\"name\":\"Car\u00eame et Ramadan : la cuisine en lumi\u00e8re du je\u00fbne des chr\u00e9tiens et des musulmans\"}]},{\"@type\":\"WebSite\",\"@id\":\"http:\\\/\\\/monmaghreb.com\\\/#website\",\"url\":\"http:\\\/\\\/monmaghreb.com\\\/\",\"name\":\"Mon Maghreb\",\"description\":\"MonMaghreb United\",\"publisher\":{\"@id\":\"http:\\\/\\\/monmaghreb.com\\\/#organization\"},\"alternateName\":\"Le Monde du Maghreb et au del\u00e0\",\"potentialAction\":[{\"@type\":\"SearchAction\",\"target\":{\"@type\":\"EntryPoint\",\"urlTemplate\":\"http:\\\/\\\/monmaghreb.com\\\/?s={search_term_string}\"},\"query-input\":{\"@type\":\"PropertyValueSpecification\",\"valueRequired\":true,\"valueName\":\"search_term_string\"}}],\"inLanguage\":\"en-US\"},{\"@type\":\"Organization\",\"@id\":\"http:\\\/\\\/monmaghreb.com\\\/#organization\",\"name\":\"Mon Maghreb\",\"url\":\"http:\\\/\\\/monmaghreb.com\\\/\",\"logo\":{\"@type\":\"ImageObject\",\"inLanguage\":\"en-US\",\"@id\":\"http:\\\/\\\/monmaghreb.com\\\/#\\\/schema\\\/logo\\\/image\\\/\",\"url\":\"https:\\\/\\\/monmaghreb.com\\\/wp-content\\\/uploads\\\/2025\\\/12\\\/Mon_Maghreb_Logo.jpg\",\"contentUrl\":\"https:\\\/\\\/monmaghreb.com\\\/wp-content\\\/uploads\\\/2025\\\/12\\\/Mon_Maghreb_Logo.jpg\",\"width\":814,\"height\":374,\"caption\":\"Mon Maghreb\"},\"image\":{\"@id\":\"http:\\\/\\\/monmaghreb.com\\\/#\\\/schema\\\/logo\\\/image\\\/\"}},{\"@type\":\"Person\",\"@id\":\"http:\\\/\\\/monmaghreb.com\\\/#\\\/schema\\\/person\\\/c469a89dc8c6b8987dcb438b1200d054\",\"name\":\"LaMagh\",\"image\":{\"@type\":\"ImageObject\",\"inLanguage\":\"en-US\",\"@id\":\"https:\\\/\\\/secure.gravatar.com\\\/avatar\\\/399d8144bd55fba55e056779aca52fe528bac7911f6449e54d81173d6dfd7f0a?s=96&d=mm&r=g\",\"url\":\"https:\\\/\\\/secure.gravatar.com\\\/avatar\\\/399d8144bd55fba55e056779aca52fe528bac7911f6449e54d81173d6dfd7f0a?s=96&d=mm&r=g\",\"contentUrl\":\"https:\\\/\\\/secure.gravatar.com\\\/avatar\\\/399d8144bd55fba55e056779aca52fe528bac7911f6449e54d81173d6dfd7f0a?s=96&d=mm&r=g\",\"caption\":\"LaMagh\"},\"sameAs\":[\"https:\\\/\\\/monmaghreb.com\",\"https:\\\/\\\/www.facebook.com\\\/monmaghrebcom\",\"https:\\\/\\\/x.com\\\/MMaghreb50977\"],\"url\":\"https:\\\/\\\/monmaghreb.com\\\/index.php\\\/author\\\/lamagh\\\/\"}]}<\/script>\n<!-- \/ Yoast SEO plugin. -->","yoast_head_json":{"title":"Car\u00eame et Ramadan : la cuisine en lumi\u00e8re du je\u00fbne des chr\u00e9t","description":"D\u00e9couvrez comment la cuisine en p\u00e9riode de Car\u00eame et de Ramadan rassemble les chr\u00e9tiens et musulmans. Une occasion unique pour apprendre plus sur ces deux tradi","robots":{"index":"index","follow":"follow","max-snippet":"max-snippet:-1","max-image-preview":"max-image-preview:large","max-video-preview":"max-video-preview:-1"},"canonical":"https:\/\/monmaghreb.com\/index.php\/2026\/04\/24\/careme-et-ramadan-la-cuisine-en-lumiere-du-jeune-des-chretiens-et-des-musulmans\/","og_locale":"en_US","og_type":"article","og_title":"Car\u00eame et Ramadan : la cuisine en lumi\u00e8re du je\u00fbne des chr\u00e9tiens et des musulmans","og_description":"D\u00e9couvrez comment la cuisine en p\u00e9riode de Car\u00eame et de Ramadan rassemble les chr\u00e9tiens et musulmans. Une occasion unique pour apprendre plus sur ces deux tradi","og_url":"https:\/\/monmaghreb.com\/index.php\/2026\/04\/24\/careme-et-ramadan-la-cuisine-en-lumiere-du-jeune-des-chretiens-et-des-musulmans\/","og_site_name":"Mon Maghreb","article_author":"https:\/\/www.facebook.com\/monmaghrebcom","article_published_time":"2026-04-24T21:27:38+00:00","article_modified_time":"2026-04-24T21:27:44+00:00","og_image":[{"width":1880,"height":1253,"url":"https:\/\/monmaghreb.com\/wp-content\/uploads\/2026\/04\/featured-349.jpg","type":"image\/jpeg"}],"author":"LaMagh","twitter_card":"summary_large_image","twitter_creator":"@MMaghreb50977","twitter_misc":{"Written by":"LaMagh","Est. reading time":"5 minutes"},"schema":{"@context":"https:\/\/schema.org","@graph":[{"@type":"Article","@id":"https:\/\/monmaghreb.com\/index.php\/2026\/04\/24\/careme-et-ramadan-la-cuisine-en-lumiere-du-jeune-des-chretiens-et-des-musulmans\/#article","isPartOf":{"@id":"https:\/\/monmaghreb.com\/index.php\/2026\/04\/24\/careme-et-ramadan-la-cuisine-en-lumiere-du-jeune-des-chretiens-et-des-musulmans\/"},"author":{"name":"LaMagh","@id":"http:\/\/monmaghreb.com\/#\/schema\/person\/c469a89dc8c6b8987dcb438b1200d054"},"headline":"Car\u00eame et Ramadan : la cuisine en lumi\u00e8re du je\u00fbne des chr\u00e9tiens et des musulmans","datePublished":"2026-04-24T21:27:38+00:00","dateModified":"2026-04-24T21:27:44+00:00","mainEntityOfPage":{"@id":"https:\/\/monmaghreb.com\/index.php\/2026\/04\/24\/careme-et-ramadan-la-cuisine-en-lumiere-du-jeune-des-chretiens-et-des-musulmans\/"},"wordCount":950,"publisher":{"@id":"http:\/\/monmaghreb.com\/#organization"},"image":{"@id":"https:\/\/monmaghreb.com\/index.php\/2026\/04\/24\/careme-et-ramadan-la-cuisine-en-lumiere-du-jeune-des-chretiens-et-des-musulmans\/#primaryimage"},"thumbnailUrl":"https:\/\/monmaghreb.com\/wp-content\/uploads\/2026\/04\/featured-349.jpg","keywords":["cuisine interreligieuse","cuisine traditionnelle","culture maghr\u00e9bine","france islamique","guide culinaire"],"articleSection":["Ramadan &amp; Iftar"],"inLanguage":"en-US"},{"@type":"WebPage","@id":"https:\/\/monmaghreb.com\/index.php\/2026\/04\/24\/careme-et-ramadan-la-cuisine-en-lumiere-du-jeune-des-chretiens-et-des-musulmans\/","url":"https:\/\/monmaghreb.com\/index.php\/2026\/04\/24\/careme-et-ramadan-la-cuisine-en-lumiere-du-jeune-des-chretiens-et-des-musulmans\/","name":"Car\u00eame et Ramadan : la cuisine en lumi\u00e8re du je\u00fbne des chr\u00e9t","isPartOf":{"@id":"http:\/\/monmaghreb.com\/#website"},"primaryImageOfPage":{"@id":"https:\/\/monmaghreb.com\/index.php\/2026\/04\/24\/careme-et-ramadan-la-cuisine-en-lumiere-du-jeune-des-chretiens-et-des-musulmans\/#primaryimage"},"image":{"@id":"https:\/\/monmaghreb.com\/index.php\/2026\/04\/24\/careme-et-ramadan-la-cuisine-en-lumiere-du-jeune-des-chretiens-et-des-musulmans\/#primaryimage"},"thumbnailUrl":"https:\/\/monmaghreb.com\/wp-content\/uploads\/2026\/04\/featured-349.jpg","datePublished":"2026-04-24T21:27:38+00:00","dateModified":"2026-04-24T21:27:44+00:00","description":"D\u00e9couvrez comment la cuisine en p\u00e9riode de Car\u00eame et de Ramadan rassemble les chr\u00e9tiens et musulmans. Une occasion unique pour apprendre plus sur ces deux tradi","breadcrumb":{"@id":"https:\/\/monmaghreb.com\/index.php\/2026\/04\/24\/careme-et-ramadan-la-cuisine-en-lumiere-du-jeune-des-chretiens-et-des-musulmans\/#breadcrumb"},"inLanguage":"en-US","potentialAction":[{"@type":"ReadAction","target":["https:\/\/monmaghreb.com\/index.php\/2026\/04\/24\/careme-et-ramadan-la-cuisine-en-lumiere-du-jeune-des-chretiens-et-des-musulmans\/"]}]},{"@type":"ImageObject","inLanguage":"en-US","@id":"https:\/\/monmaghreb.com\/index.php\/2026\/04\/24\/careme-et-ramadan-la-cuisine-en-lumiere-du-jeune-des-chretiens-et-des-musulmans\/#primaryimage","url":"https:\/\/monmaghreb.com\/wp-content\/uploads\/2026\/04\/featured-349.jpg","contentUrl":"https:\/\/monmaghreb.com\/wp-content\/uploads\/2026\/04\/featured-349.jpg","width":1880,"height":1253,"caption":"Famille musulmane et chr\u00e9tienne r\u00e9unies autour d'une table de cuisine en p\u00e9riode de Car\u00eame et de Ramadan"},{"@type":"BreadcrumbList","@id":"https:\/\/monmaghreb.com\/index.php\/2026\/04\/24\/careme-et-ramadan-la-cuisine-en-lumiere-du-jeune-des-chretiens-et-des-musulmans\/#breadcrumb","itemListElement":[{"@type":"ListItem","position":1,"name":"Home","item":"http:\/\/monmaghreb.com\/"},{"@type":"ListItem","position":2,"name":"Car\u00eame et Ramadan : la cuisine en lumi\u00e8re du je\u00fbne des chr\u00e9tiens et des musulmans"}]},{"@type":"WebSite","@id":"http:\/\/monmaghreb.com\/#website","url":"http:\/\/monmaghreb.com\/","name":"Mon Maghreb","description":"MonMaghreb United","publisher":{"@id":"http:\/\/monmaghreb.com\/#organization"},"alternateName":"Le Monde du Maghreb et au del\u00e0","potentialAction":[{"@type":"SearchAction","target":{"@type":"EntryPoint","urlTemplate":"http:\/\/monmaghreb.com\/?s={search_term_string}"},"query-input":{"@type":"PropertyValueSpecification","valueRequired":true,"valueName":"search_term_string"}}],"inLanguage":"en-US"},{"@type":"Organization","@id":"http:\/\/monmaghreb.com\/#organization","name":"Mon Maghreb","url":"http:\/\/monmaghreb.com\/","logo":{"@type":"ImageObject","inLanguage":"en-US","@id":"http:\/\/monmaghreb.com\/#\/schema\/logo\/image\/","url":"https:\/\/monmaghreb.com\/wp-content\/uploads\/2025\/12\/Mon_Maghreb_Logo.jpg","contentUrl":"https:\/\/monmaghreb.com\/wp-content\/uploads\/2025\/12\/Mon_Maghreb_Logo.jpg","width":814,"height":374,"caption":"Mon Maghreb"},"image":{"@id":"http:\/\/monmaghreb.com\/#\/schema\/logo\/image\/"}},{"@type":"Person","@id":"http:\/\/monmaghreb.com\/#\/schema\/person\/c469a89dc8c6b8987dcb438b1200d054","name":"LaMagh","image":{"@type":"ImageObject","inLanguage":"en-US","@id":"https:\/\/secure.gravatar.com\/avatar\/399d8144bd55fba55e056779aca52fe528bac7911f6449e54d81173d6dfd7f0a?s=96&d=mm&r=g","url":"https:\/\/secure.gravatar.com\/avatar\/399d8144bd55fba55e056779aca52fe528bac7911f6449e54d81173d6dfd7f0a?s=96&d=mm&r=g","contentUrl":"https:\/\/secure.gravatar.com\/avatar\/399d8144bd55fba55e056779aca52fe528bac7911f6449e54d81173d6dfd7f0a?s=96&d=mm&r=g","caption":"LaMagh"},"sameAs":["https:\/\/monmaghreb.com","https:\/\/www.facebook.com\/monmaghrebcom","https:\/\/x.com\/MMaghreb50977"],"url":"https:\/\/monmaghreb.com\/index.php\/author\/lamagh\/"}]}},"_links":{"self":[{"href":"https:\/\/monmaghreb.com\/index.php\/wp-json\/wp\/v2\/posts\/3371","targetHints":{"allow":["GET"]}}],"collection":[{"href":"https:\/\/monmaghreb.com\/index.php\/wp-json\/wp\/v2\/posts"}],"about":[{"href":"https:\/\/monmaghreb.com\/index.php\/wp-json\/wp\/v2\/types\/post"}],"author":[{"embeddable":true,"href":"https:\/\/monmaghreb.com\/index.php\/wp-json\/wp\/v2\/users\/1"}],"replies":[{"embeddable":true,"href":"https:\/\/monmaghreb.com\/index.php\/wp-json\/wp\/v2\/comments?post=3371"}],"version-history":[{"count":1,"href":"https:\/\/monmaghreb.com\/index.php\/wp-json\/wp\/v2\/posts\/3371\/revisions"}],"predecessor-version":[{"id":3372,"href":"https:\/\/monmaghreb.com\/index.php\/wp-json\/wp\/v2\/posts\/3371\/revisions\/3372"}],"wp:featuredmedia":[{"embeddable":true,"href":"https:\/\/monmaghreb.com\/index.php\/wp-json\/wp\/v2\/media\/3370"}],"wp:attachment":[{"href":"https:\/\/monmaghreb.com\/index.php\/wp-json\/wp\/v2\/media?parent=3371"}],"wp:term":[{"taxonomy":"category","embeddable":true,"href":"https:\/\/monmaghreb.com\/index.php\/wp-json\/wp\/v2\/categories?post=3371"},{"taxonomy":"post_tag","embeddable":true,"href":"https:\/\/monmaghreb.com\/index.php\/wp-json\/wp\/v2\/tags?post=3371"}],"curies":[{"name":"wp","href":"https:\/\/api.w.org\/{rel}","templated":true}]}}