{"id":3383,"date":"2026-04-25T00:27:54","date_gmt":"2026-04-25T00:27:54","guid":{"rendered":"https:\/\/monmaghreb.com\/index.php\/2026\/04\/25\/laugmentation-de-la-consommation-de-gaz-naturel-au-maroc-grace-a-lexploitation-du-maghreb-europe-un-nouvel-elan-pour-le-developpement-economique-marocain\/"},"modified":"2026-04-25T00:27:59","modified_gmt":"2026-04-25T00:27:59","slug":"laugmentation-de-la-consommation-de-gaz-naturel-au-maroc-grace-a-lexploitation-du-maghreb-europe-un-nouvel-elan-pour-le-developpement-economique-marocain","status":"publish","type":"post","link":"https:\/\/monmaghreb.com\/index.php\/2026\/04\/25\/laugmentation-de-la-consommation-de-gaz-naturel-au-maroc-grace-a-lexploitation-du-maghreb-europe-un-nouvel-elan-pour-le-developpement-economique-marocain\/","title":{"rendered":"L&#8217;augmentation de la consommation de gaz naturel au Maroc gr\u00e2ce \u00e0 l&#8217;exploitation du Maghreb-Europe : un nouvel \u00e9lan pour le d\u00e9veloppement \u00e9conomique marocain"},"content":{"rendered":"<p><!DOCTYPE html><br \/>\n<html lang=\"fr\"><br \/>\n<head><br \/>\n<meta charset=\"UTF-8\"><br \/>\n<title>L&#8217;augmentation de la consommation de gaz naturel au Maroc gr\u00e2ce \u00e0 l&#8217;exploitation du Maghreb-Europe : un nouvel \u00e9lan pour le <a href=\"https:\/\/monmaghreb.com\/index.php\/2026\/04\/21\/oasis-du-maghreb-patrimoine-culturel-et-developpement-durable\/\" title=\"Oasis du Maghreb : patrimoine culturel et d\u00e9veloppement durable\">d\u00e9veloppement<\/a> \u00e9conomique marocain<\/title><br \/>\n<\/head><br \/>\n<body><\/p>\n<h1>L&#8217;augmentation de la consommation de gaz naturel au Maroc gr\u00e2ce \u00e0 l&#8217;exploitation du Maghreb-Europe : un nouvel \u00e9lan pour le d\u00e9veloppement \u00e9conomique marocain<\/h1>\n<p><script type=\"application\/ld+json\">\n{\n  \"@context\": \"https:\/\/schema.org\/\",\n  \"@type\": \"Recipe\",\n  \"name\": \"L'exploitation du Maghreb-Europe et sa contribution au d\u00e9veloppement \u00e9conomique marocain\",\n  \"description\": \"Ce document explique la croissance de la consommation de gaz naturel au Maroc gr\u00e2ce \u00e0 l'exploitation du gazoduc Maghreb-Europe (MEG), sa s\u00e9curit\u00e9 \u00e9nerg\u00e9tique nationale, et les avantages potentiels pour son d\u00e9veloppement \u00e9conomique.\",\n  \"prepTime\": \"PT0M\",\n  \"cookTime\": \"PT0M\",\n  \"totalTime\": \"PT0M\",\n  \"recipeYield\": \"Un document d'information\",\n  \"recipeIngredient\": [],\n  \"recipeInstructions\": [],\n  \"recipeCategory\": \"Main Course\",\n  \"recipeCuisine\": \"Informatif\",\n  \"keywords\": [\n    \"Maroc\",\n    \"\u00e9conomie\",\n    \"gaz naturel\",\n    \"Maghreb-Europe\"\n  ],\n  \"datePublished\": \"2026-04-24\",\n  \"author\": {\n    \"@type\": \"Organization\",\n    \"name\": \"\"\n  }\n}\n<\/script><\/p>\n<p>Depuis quelques ann\u00e9es, le Maroc a connu une croissance \u00e9conomique soutenue, qui lui permet de se hisser parmi les leaders de la r\u00e9gion. Cette transformation est notamment li\u00e9e \u00e0 l&#8217;exploitation du gazoduc Maghreb-Europe (MEG), un projet qui vise \u00e0 connecter l&#8217;Alg\u00e9rie \u00e0 l&#8217;Espagne en passant par le Maroc. Avec une longueur de plus de 3000 kilom\u00e8tres, ce gazoduc a \u00e9t\u00e9 con\u00e7u pour transporter du gaz naturel vers les pays europ\u00e9ens, tout en r\u00e9pondant aux besoins locaux des trois pays concern\u00e9s.<\/p>\n<h2>Le gazoduc Maghreb-Europe : une solution pour le Maroc<\/h2>\n<p>Au-del\u00e0 de sa fonction de transporteur de gaz naturel, le MEG permet au Maroc de diversifier ses sources d&#8217;\u00e9nergie et de r\u00e9duire sa d\u00e9pendance vis-\u00e0-vis d&#8217;autres pays. Selon les chiffres officiels, la production annuelle de gaz naturel au Maroc a atteint 10 milliards de m\u00b3 en 2020.<\/p>\n<p>La plupart du gaz naturel produit au Maroc est issu des gisements de Tendrara et de Sidi-Mohamed-Brahim. Cependant, l&#8217;exploitation du MEG aidera \u00e0 accro\u00eetre les capacit\u00e9s de production et \u00e0 renforcer la s\u00e9curit\u00e9 \u00e9nerg\u00e9tique nationale.<\/p>\n<h2>La consommation de gaz naturel au Maroc : une croissance continue<\/h2>\n<p>Au fil des ans, la consommation de gaz naturel au Maroc a connu une croissance soutenue. Les industries telles que l&#8217;agriculture, la chimie et le textile ont vu leur demande en gaz naturel augmenter, ce qui a entra\u00een\u00e9 une augmentation de la production annuelle.<\/p>\n<p>La s\u00e9curit\u00e9 \u00e9nerg\u00e9tique nationale est \u00e9galement un aspect crucial pour le Maroc. Avec l&#8217;exploitation du MEG, le pays peut se doter d&#8217;une nouvelle source d&#8217;\u00e9nergie fiable et durable, ce qui permettra d&#8217;am\u00e9liorer sa balance commerciale nationale en r\u00e9duisant les importations d&#8217;\u00e9nergie.<\/p>\n<h2>Les avantages pour l&#8217;\u00e9conomie marocaine<\/h2>\n<p>L&#8217;exploitation du MEG offre plusieurs avantages potentiels pour le d\u00e9veloppement \u00e9conomique du Maroc. Les experts estiment que la nouvelle source de gaz naturel permettra \u00e0 la nation maghr\u00e9bine d&#8217;augmenter sa production industrielle et d&#8217;am\u00e9liorer son secteur \u00e9nerg\u00e9tique.<\/p>\n<ul>\n<li>Le gasoduc offre une solution pour r\u00e9pondre aux besoins croissants de gaz naturel dans les industries du Maroc, telles que l&#8217;agriculture, la chimie et le textile.<\/li>\n<li>La diminution de la d\u00e9pendance \u00e9nerg\u00e9tique au Maroc permettra d&#8217;am\u00e9liorer la balance commerciale nationale en r\u00e9duisant les importations d&#8217;\u00e9nergie.<\/li>\n<li>L&#8217;exploitation du MEG pourrait \u00e9galement cr\u00e9er des opportunit\u00e9s d&#8217;emplois et de croissance pour les entreprises locales dans le secteur de l&#8217;industrie p\u00e9troli\u00e8re.<\/li>\n<\/ul>\n<h2>Les d\u00e9fis \u00e0 surmonter<\/h2>\n<p>Bien que l&#8217;exploitation du MEG repr\u00e9sente un pas en avant pour le d\u00e9veloppement \u00e9conomique marocain, elle est accompagn\u00e9e de plusieurs d\u00e9fis.<\/p>\n<ul>\n<li>Le gasoduc n\u00e9cessite une importante investition initiale qui pourrait \u00eatre un frein pour les entreprises souhaitant s&#8217;implanter dans ce secteur.<\/li>\n<li>L&#8217;environnement et la s\u00e9curit\u00e9 sont \u00e9galement des pr\u00e9occupations li\u00e9es \u00e0 l&#8217;exploitation du MEG. Des mesures strictes doivent \u00eatre prises pour minimiser le risque environnemental et assurer la s\u00e9curit\u00e9 de cette infrastructure.<\/li>\n<li>Les entreprises qui s&#8217;implantent dans ce secteur doivent \u00e9galement prendre en compte les exigences r\u00e9glementaires et les co\u00fbts li\u00e9s \u00e0 l&#8217;exploitation du MEG.<\/li>\n<\/ul>\n<h2>L&#8217;appel \u00e0 l&#8217;action<\/h2>\n<p>Les entreprises marocaines doivent se pr\u00e9parer \u00e0 se d\u00e9velopper dans le secteur de l&#8217;industrie p\u00e9troli\u00e8re, car l&#8217;exploitation du MEG offre de grandes opportunit\u00e9s d&#8217;emplois et de croissance. Les investissements dans ce secteur sont essentiels pour renforcer la s\u00e9curit\u00e9 \u00e9nerg\u00e9tique nationale et accro\u00eetre le d\u00e9veloppement \u00e9conomique marocain.<\/p>\n<p>Il est donc primordial que les entreprises marocaines prennent en compte les d\u00e9fis li\u00e9s \u00e0 l&#8217;exploitation du MEG, tels que les co\u00fbts initiaux et les exigences r\u00e9glementaires, pour maximiser les avantages de ce projet. Enfin, il est essentiel de veiller \u00e0 la s\u00e9curit\u00e9 et \u00e0 l&#8217;environnement pour garantir un d\u00e9veloppement durable.<\/p>\n<div style=\"background:#f8f9fa;border-left:4px solid #0066cc;border-radius:6px;padding:20px 24px;margin:32px 0;\">\n<p style=\"font-size:13px;color:#888;text-transform:uppercase;letter-spacing:0.8px;margin:0 0 6px 0;\">Vous pourriez aussi aimer<\/p>\n<h3 style=\"font-size:18px;margin:0 0 14px 0;color:#222;\">Articles similaires<\/h3>\n<ul style=\"margin:0;padding-left:20px;list-style:disc;\">\n<li style=\"margin-bottom:10px;\"><a href=\"https:\/\/monmaghreb.com\/index.php\/2026\/04\/21\/oasis-du-maghreb-patrimoine-culturel-et-developpement-durable\/\" style=\"color:#0066cc;text-decoration:none;font-weight:500;\" title=\"Oasis du Maghreb : patrimoine culturel et d\u00e9veloppement durable\">Oasis du Maghreb : patrimoine culturel et d\u00e9veloppement durable<\/a><\/li>\n<li style=\"margin-bottom:10px;\"><a href=\"https:\/\/monmaghreb.com\/index.php\/2026\/04\/20\/entrepreneuriat-au-maroc-guide-pratique-pour-commencer-des-affaires\/\" style=\"color:#0066cc;text-decoration:none;font-weight:500;\" title=\"Entrepreneuriat au Maroc : guide pratique pour commencer des affaires\">Entrepreneuriat au Maroc : guide pratique pour commencer des affaires<\/a><\/li>\n<li style=\"margin-bottom:10px;\"><a href=\"https:\/\/monmaghreb.com\/index.php\/2026\/04\/22\/un-voyage-humanitaire-marocain-organise-par-des-adolescents-de-bergerac-un-exemple-dengagement-solidaire\/\" style=\"color:#0066cc;text-decoration:none;font-weight:500;\" title=\"Un voyage humanitaire marocain organis\u00e9 par des adolescents de Bergerac : un exemple d&#8217;engagement solidaire\">Un voyage humanitaire marocain organis\u00e9 par des adolescents de Bergerac : un exemple d&#8217;engagement solidaire<\/a><\/li>\n<li style=\"margin-bottom:10px;\"><a href=\"https:\/\/monmaghreb.com\/index.php\/2026\/04\/21\/le-maroc-ouvre-son-code-de-la-famille-a-la-garde-partagee-une-nouvelle-etape-vers-legalite\/\" style=\"color:#0066cc;text-decoration:none;font-weight:500;\" title=\"Le Maroc ouvre son Code de la famille \u00e0 la garde partag\u00e9e : une nouvelle \u00e9tape vers l&#8217;\u00e9galit\u00e9\">Le Maroc ouvre son Code de la famille \u00e0 la garde partag\u00e9e : une nouvelle \u00e9tape vers l&#8217;\u00e9galit\u00e9<\/a><\/li>\n<li style=\"margin-bottom:10px;\"><a href=\"https:\/\/monmaghreb.com\/index.php\/2026\/04\/19\/une-boutique-dartisanat-marocain-a-cherbourg-en-cotentin-decouvrez-ses-creations-uniques\/\" style=\"color:#0066cc;text-decoration:none;font-weight:500;\" title=\"Une boutique d&#8217;artisanat marocain \u00e0 Cherbourg-en-Cotentin : d\u00e9couvrez ses cr\u00e9ations uniques\">Une boutique d&#8217;artisanat marocain \u00e0 Cherbourg-en-Cotentin : d\u00e9couvrez ses cr\u00e9ations uniques<\/a><\/li>\n<\/ul>\n<\/div>\n<p><\/body><br \/>\n<\/html><\/p>\n","protected":false},"excerpt":{"rendered":"<p>Augmentation gaz naturel Maroc gr\u00e2ce \u00e0 Maghreb-Europe &#8211; Boost \u00e9conomique marocain<\/p>\n","protected":false},"author":1,"featured_media":3382,"comment_status":"closed","ping_status":"open","sticky":false,"template":"","format":"standard","meta":{"_yoast_wpseo_focuskw":"gaz naturel au Maroc","_yoast_wpseo_title":"L'augmentation de la consommation de gaz naturel au Maroc gr","_yoast_wpseo_metadesc":"Augmentation gaz naturel Maroc gr\u00e2ce \u00e0 Maghreb-Europe - Boost \u00e9conomique marocain","_yoast_wpseo_canonical":"","_yoast_wpseo_opengraph-title":"L'augmentation de la consommation de gaz naturel au Maroc gr\u00e2ce \u00e0 l'exploitation du Maghreb-Europe : un nouvel \u00e9lan pour le d\u00e9veloppement \u00e9conomique marocain","_yoast_wpseo_opengraph-description":"Augmentation gaz naturel Maroc gr\u00e2ce \u00e0 Maghreb-Europe - Boost \u00e9conomique marocain","_yoast_wpseo_opengraph-image":"","tdm_status":"","tdm_grid_status":"","footnotes":""},"categories":[874],"tags":[1686,1268,736,2306,2305],"class_list":["post-3383","post","type-post","status-publish","format-standard","has-post-thumbnail","hentry","category-recettes-economiques","tag-business-guide","tag-economie-marocaine","tag-energie","tag-maghrebeurope","tag-maroc-gas"],"yoast_head":"<!-- This site is optimized with the Yoast SEO plugin v27.4 - https:\/\/yoast.com\/product\/yoast-seo-wordpress\/ -->\n<title>L&#039;augmentation de la consommation de gaz naturel au Maroc gr<\/title>\n<meta name=\"description\" content=\"Augmentation gaz naturel Maroc gr\u00e2ce \u00e0 Maghreb-Europe - Boost \u00e9conomique marocain\" \/>\n<meta name=\"robots\" content=\"index, follow, max-snippet:-1, max-image-preview:large, max-video-preview:-1\" \/>\n<link rel=\"canonical\" href=\"https:\/\/monmaghreb.com\/index.php\/2026\/04\/25\/laugmentation-de-la-consommation-de-gaz-naturel-au-maroc-grace-a-lexploitation-du-maghreb-europe-un-nouvel-elan-pour-le-developpement-economique-marocain\/\" \/>\n<meta property=\"og:locale\" content=\"en_US\" \/>\n<meta property=\"og:type\" content=\"article\" \/>\n<meta property=\"og:title\" content=\"L&#039;augmentation de la consommation de gaz naturel au Maroc gr\u00e2ce \u00e0 l&#039;exploitation du Maghreb-Europe : un nouvel \u00e9lan pour le d\u00e9veloppement \u00e9conomique marocain\" \/>\n<meta property=\"og:description\" content=\"Augmentation gaz naturel Maroc gr\u00e2ce \u00e0 Maghreb-Europe - Boost \u00e9conomique marocain\" \/>\n<meta property=\"og:url\" content=\"https:\/\/monmaghreb.com\/index.php\/2026\/04\/25\/laugmentation-de-la-consommation-de-gaz-naturel-au-maroc-grace-a-lexploitation-du-maghreb-europe-un-nouvel-elan-pour-le-developpement-economique-marocain\/\" \/>\n<meta property=\"og:site_name\" content=\"Mon Maghreb\" \/>\n<meta property=\"article:author\" content=\"https:\/\/www.facebook.com\/monmaghrebcom\" \/>\n<meta property=\"article:published_time\" content=\"2026-04-25T00:27:54+00:00\" \/>\n<meta property=\"article:modified_time\" content=\"2026-04-25T00:27:59+00:00\" \/>\n<meta property=\"og:image\" content=\"https:\/\/monmaghreb.com\/wp-content\/uploads\/2026\/04\/featured-353.jpg\" \/>\n\t<meta property=\"og:image:width\" content=\"1880\" \/>\n\t<meta property=\"og:image:height\" content=\"1253\" \/>\n\t<meta property=\"og:image:type\" content=\"image\/jpeg\" \/>\n<meta name=\"author\" content=\"LaMagh\" \/>\n<meta name=\"twitter:card\" content=\"summary_large_image\" \/>\n<meta name=\"twitter:creator\" content=\"@MMaghreb50977\" \/>\n<meta name=\"twitter:label1\" content=\"Written by\" \/>\n\t<meta name=\"twitter:data1\" content=\"LaMagh\" \/>\n\t<meta name=\"twitter:label2\" content=\"Est. reading time\" \/>\n\t<meta name=\"twitter:data2\" content=\"4 minutes\" \/>\n<script type=\"application\/ld+json\" class=\"yoast-schema-graph\">{\"@context\":\"https:\\\/\\\/schema.org\",\"@graph\":[{\"@type\":\"Article\",\"@id\":\"https:\\\/\\\/monmaghreb.com\\\/index.php\\\/2026\\\/04\\\/25\\\/laugmentation-de-la-consommation-de-gaz-naturel-au-maroc-grace-a-lexploitation-du-maghreb-europe-un-nouvel-elan-pour-le-developpement-economique-marocain\\\/#article\",\"isPartOf\":{\"@id\":\"https:\\\/\\\/monmaghreb.com\\\/index.php\\\/2026\\\/04\\\/25\\\/laugmentation-de-la-consommation-de-gaz-naturel-au-maroc-grace-a-lexploitation-du-maghreb-europe-un-nouvel-elan-pour-le-developpement-economique-marocain\\\/\"},\"author\":{\"name\":\"LaMagh\",\"@id\":\"http:\\\/\\\/monmaghreb.com\\\/#\\\/schema\\\/person\\\/c469a89dc8c6b8987dcb438b1200d054\"},\"headline\":\"L&#8217;augmentation de la consommation de gaz naturel au Maroc gr\u00e2ce \u00e0 l&#8217;exploitation du Maghreb-Europe : un nouvel \u00e9lan pour le d\u00e9veloppement \u00e9conomique marocain\",\"datePublished\":\"2026-04-25T00:27:54+00:00\",\"dateModified\":\"2026-04-25T00:27:59+00:00\",\"mainEntityOfPage\":{\"@id\":\"https:\\\/\\\/monmaghreb.com\\\/index.php\\\/2026\\\/04\\\/25\\\/laugmentation-de-la-consommation-de-gaz-naturel-au-maroc-grace-a-lexploitation-du-maghreb-europe-un-nouvel-elan-pour-le-developpement-economique-marocain\\\/\"},\"wordCount\":797,\"publisher\":{\"@id\":\"http:\\\/\\\/monmaghreb.com\\\/#organization\"},\"image\":{\"@id\":\"https:\\\/\\\/monmaghreb.com\\\/index.php\\\/2026\\\/04\\\/25\\\/laugmentation-de-la-consommation-de-gaz-naturel-au-maroc-grace-a-lexploitation-du-maghreb-europe-un-nouvel-elan-pour-le-developpement-economique-marocain\\\/#primaryimage\"},\"thumbnailUrl\":\"https:\\\/\\\/monmaghreb.com\\\/wp-content\\\/uploads\\\/2026\\\/04\\\/featured-353.jpg\",\"keywords\":[\"business guide\",\"economie marocaine\",\"\u00e9nergie\",\"maghrebeurope\",\"maroc gas\"],\"articleSection\":[\"Recettes \u00c9conomiques\"],\"inLanguage\":\"en-US\"},{\"@type\":\"WebPage\",\"@id\":\"https:\\\/\\\/monmaghreb.com\\\/index.php\\\/2026\\\/04\\\/25\\\/laugmentation-de-la-consommation-de-gaz-naturel-au-maroc-grace-a-lexploitation-du-maghreb-europe-un-nouvel-elan-pour-le-developpement-economique-marocain\\\/\",\"url\":\"https:\\\/\\\/monmaghreb.com\\\/index.php\\\/2026\\\/04\\\/25\\\/laugmentation-de-la-consommation-de-gaz-naturel-au-maroc-grace-a-lexploitation-du-maghreb-europe-un-nouvel-elan-pour-le-developpement-economique-marocain\\\/\",\"name\":\"L'augmentation de la consommation de gaz naturel au Maroc gr\",\"isPartOf\":{\"@id\":\"http:\\\/\\\/monmaghreb.com\\\/#website\"},\"primaryImageOfPage\":{\"@id\":\"https:\\\/\\\/monmaghreb.com\\\/index.php\\\/2026\\\/04\\\/25\\\/laugmentation-de-la-consommation-de-gaz-naturel-au-maroc-grace-a-lexploitation-du-maghreb-europe-un-nouvel-elan-pour-le-developpement-economique-marocain\\\/#primaryimage\"},\"image\":{\"@id\":\"https:\\\/\\\/monmaghreb.com\\\/index.php\\\/2026\\\/04\\\/25\\\/laugmentation-de-la-consommation-de-gaz-naturel-au-maroc-grace-a-lexploitation-du-maghreb-europe-un-nouvel-elan-pour-le-developpement-economique-marocain\\\/#primaryimage\"},\"thumbnailUrl\":\"https:\\\/\\\/monmaghreb.com\\\/wp-content\\\/uploads\\\/2026\\\/04\\\/featured-353.jpg\",\"datePublished\":\"2026-04-25T00:27:54+00:00\",\"dateModified\":\"2026-04-25T00:27:59+00:00\",\"description\":\"Augmentation gaz naturel Maroc gr\u00e2ce \u00e0 Maghreb-Europe - Boost \u00e9conomique marocain\",\"breadcrumb\":{\"@id\":\"https:\\\/\\\/monmaghreb.com\\\/index.php\\\/2026\\\/04\\\/25\\\/laugmentation-de-la-consommation-de-gaz-naturel-au-maroc-grace-a-lexploitation-du-maghreb-europe-un-nouvel-elan-pour-le-developpement-economique-marocain\\\/#breadcrumb\"},\"inLanguage\":\"en-US\",\"potentialAction\":[{\"@type\":\"ReadAction\",\"target\":[\"https:\\\/\\\/monmaghreb.com\\\/index.php\\\/2026\\\/04\\\/25\\\/laugmentation-de-la-consommation-de-gaz-naturel-au-maroc-grace-a-lexploitation-du-maghreb-europe-un-nouvel-elan-pour-le-developpement-economique-marocain\\\/\"]}]},{\"@type\":\"ImageObject\",\"inLanguage\":\"en-US\",\"@id\":\"https:\\\/\\\/monmaghreb.com\\\/index.php\\\/2026\\\/04\\\/25\\\/laugmentation-de-la-consommation-de-gaz-naturel-au-maroc-grace-a-lexploitation-du-maghreb-europe-un-nouvel-elan-pour-le-developpement-economique-marocain\\\/#primaryimage\",\"url\":\"https:\\\/\\\/monmaghreb.com\\\/wp-content\\\/uploads\\\/2026\\\/04\\\/featured-353.jpg\",\"contentUrl\":\"https:\\\/\\\/monmaghreb.com\\\/wp-content\\\/uploads\\\/2026\\\/04\\\/featured-353.jpg\",\"width\":1880,\"height\":1253,\"caption\":\"Famille au lit avec gaz naturel chauffant l'habitation, Maroc\"},{\"@type\":\"BreadcrumbList\",\"@id\":\"https:\\\/\\\/monmaghreb.com\\\/index.php\\\/2026\\\/04\\\/25\\\/laugmentation-de-la-consommation-de-gaz-naturel-au-maroc-grace-a-lexploitation-du-maghreb-europe-un-nouvel-elan-pour-le-developpement-economique-marocain\\\/#breadcrumb\",\"itemListElement\":[{\"@type\":\"ListItem\",\"position\":1,\"name\":\"Home\",\"item\":\"http:\\\/\\\/monmaghreb.com\\\/\"},{\"@type\":\"ListItem\",\"position\":2,\"name\":\"L&#8217;augmentation de la consommation de gaz naturel au Maroc gr\u00e2ce \u00e0 l&#8217;exploitation du Maghreb-Europe : un nouvel \u00e9lan pour le d\u00e9veloppement \u00e9conomique marocain\"}]},{\"@type\":\"WebSite\",\"@id\":\"http:\\\/\\\/monmaghreb.com\\\/#website\",\"url\":\"http:\\\/\\\/monmaghreb.com\\\/\",\"name\":\"Mon Maghreb\",\"description\":\"MonMaghreb United\",\"publisher\":{\"@id\":\"http:\\\/\\\/monmaghreb.com\\\/#organization\"},\"alternateName\":\"Le Monde du Maghreb et au del\u00e0\",\"potentialAction\":[{\"@type\":\"SearchAction\",\"target\":{\"@type\":\"EntryPoint\",\"urlTemplate\":\"http:\\\/\\\/monmaghreb.com\\\/?s={search_term_string}\"},\"query-input\":{\"@type\":\"PropertyValueSpecification\",\"valueRequired\":true,\"valueName\":\"search_term_string\"}}],\"inLanguage\":\"en-US\"},{\"@type\":\"Organization\",\"@id\":\"http:\\\/\\\/monmaghreb.com\\\/#organization\",\"name\":\"Mon Maghreb\",\"url\":\"http:\\\/\\\/monmaghreb.com\\\/\",\"logo\":{\"@type\":\"ImageObject\",\"inLanguage\":\"en-US\",\"@id\":\"http:\\\/\\\/monmaghreb.com\\\/#\\\/schema\\\/logo\\\/image\\\/\",\"url\":\"https:\\\/\\\/monmaghreb.com\\\/wp-content\\\/uploads\\\/2025\\\/12\\\/Mon_Maghreb_Logo.jpg\",\"contentUrl\":\"https:\\\/\\\/monmaghreb.com\\\/wp-content\\\/uploads\\\/2025\\\/12\\\/Mon_Maghreb_Logo.jpg\",\"width\":814,\"height\":374,\"caption\":\"Mon Maghreb\"},\"image\":{\"@id\":\"http:\\\/\\\/monmaghreb.com\\\/#\\\/schema\\\/logo\\\/image\\\/\"}},{\"@type\":\"Person\",\"@id\":\"http:\\\/\\\/monmaghreb.com\\\/#\\\/schema\\\/person\\\/c469a89dc8c6b8987dcb438b1200d054\",\"name\":\"LaMagh\",\"image\":{\"@type\":\"ImageObject\",\"inLanguage\":\"en-US\",\"@id\":\"https:\\\/\\\/secure.gravatar.com\\\/avatar\\\/399d8144bd55fba55e056779aca52fe528bac7911f6449e54d81173d6dfd7f0a?s=96&d=mm&r=g\",\"url\":\"https:\\\/\\\/secure.gravatar.com\\\/avatar\\\/399d8144bd55fba55e056779aca52fe528bac7911f6449e54d81173d6dfd7f0a?s=96&d=mm&r=g\",\"contentUrl\":\"https:\\\/\\\/secure.gravatar.com\\\/avatar\\\/399d8144bd55fba55e056779aca52fe528bac7911f6449e54d81173d6dfd7f0a?s=96&d=mm&r=g\",\"caption\":\"LaMagh\"},\"sameAs\":[\"https:\\\/\\\/monmaghreb.com\",\"https:\\\/\\\/www.facebook.com\\\/monmaghrebcom\",\"https:\\\/\\\/x.com\\\/MMaghreb50977\"],\"url\":\"https:\\\/\\\/monmaghreb.com\\\/index.php\\\/author\\\/lamagh\\\/\"}]}<\/script>\n<!-- \/ Yoast SEO plugin. -->","yoast_head_json":{"title":"L'augmentation de la consommation de gaz naturel au Maroc gr","description":"Augmentation gaz naturel Maroc gr\u00e2ce \u00e0 Maghreb-Europe - Boost \u00e9conomique marocain","robots":{"index":"index","follow":"follow","max-snippet":"max-snippet:-1","max-image-preview":"max-image-preview:large","max-video-preview":"max-video-preview:-1"},"canonical":"https:\/\/monmaghreb.com\/index.php\/2026\/04\/25\/laugmentation-de-la-consommation-de-gaz-naturel-au-maroc-grace-a-lexploitation-du-maghreb-europe-un-nouvel-elan-pour-le-developpement-economique-marocain\/","og_locale":"en_US","og_type":"article","og_title":"L'augmentation de la consommation de gaz naturel au Maroc gr\u00e2ce \u00e0 l'exploitation du Maghreb-Europe : un nouvel \u00e9lan pour le d\u00e9veloppement \u00e9conomique marocain","og_description":"Augmentation gaz naturel Maroc gr\u00e2ce \u00e0 Maghreb-Europe - Boost \u00e9conomique marocain","og_url":"https:\/\/monmaghreb.com\/index.php\/2026\/04\/25\/laugmentation-de-la-consommation-de-gaz-naturel-au-maroc-grace-a-lexploitation-du-maghreb-europe-un-nouvel-elan-pour-le-developpement-economique-marocain\/","og_site_name":"Mon Maghreb","article_author":"https:\/\/www.facebook.com\/monmaghrebcom","article_published_time":"2026-04-25T00:27:54+00:00","article_modified_time":"2026-04-25T00:27:59+00:00","og_image":[{"width":1880,"height":1253,"url":"https:\/\/monmaghreb.com\/wp-content\/uploads\/2026\/04\/featured-353.jpg","type":"image\/jpeg"}],"author":"LaMagh","twitter_card":"summary_large_image","twitter_creator":"@MMaghreb50977","twitter_misc":{"Written by":"LaMagh","Est. reading time":"4 minutes"},"schema":{"@context":"https:\/\/schema.org","@graph":[{"@type":"Article","@id":"https:\/\/monmaghreb.com\/index.php\/2026\/04\/25\/laugmentation-de-la-consommation-de-gaz-naturel-au-maroc-grace-a-lexploitation-du-maghreb-europe-un-nouvel-elan-pour-le-developpement-economique-marocain\/#article","isPartOf":{"@id":"https:\/\/monmaghreb.com\/index.php\/2026\/04\/25\/laugmentation-de-la-consommation-de-gaz-naturel-au-maroc-grace-a-lexploitation-du-maghreb-europe-un-nouvel-elan-pour-le-developpement-economique-marocain\/"},"author":{"name":"LaMagh","@id":"http:\/\/monmaghreb.com\/#\/schema\/person\/c469a89dc8c6b8987dcb438b1200d054"},"headline":"L&#8217;augmentation de la consommation de gaz naturel au Maroc gr\u00e2ce \u00e0 l&#8217;exploitation du Maghreb-Europe : un nouvel \u00e9lan pour le d\u00e9veloppement \u00e9conomique marocain","datePublished":"2026-04-25T00:27:54+00:00","dateModified":"2026-04-25T00:27:59+00:00","mainEntityOfPage":{"@id":"https:\/\/monmaghreb.com\/index.php\/2026\/04\/25\/laugmentation-de-la-consommation-de-gaz-naturel-au-maroc-grace-a-lexploitation-du-maghreb-europe-un-nouvel-elan-pour-le-developpement-economique-marocain\/"},"wordCount":797,"publisher":{"@id":"http:\/\/monmaghreb.com\/#organization"},"image":{"@id":"https:\/\/monmaghreb.com\/index.php\/2026\/04\/25\/laugmentation-de-la-consommation-de-gaz-naturel-au-maroc-grace-a-lexploitation-du-maghreb-europe-un-nouvel-elan-pour-le-developpement-economique-marocain\/#primaryimage"},"thumbnailUrl":"https:\/\/monmaghreb.com\/wp-content\/uploads\/2026\/04\/featured-353.jpg","keywords":["business guide","economie marocaine","\u00e9nergie","maghrebeurope","maroc gas"],"articleSection":["Recettes \u00c9conomiques"],"inLanguage":"en-US"},{"@type":"WebPage","@id":"https:\/\/monmaghreb.com\/index.php\/2026\/04\/25\/laugmentation-de-la-consommation-de-gaz-naturel-au-maroc-grace-a-lexploitation-du-maghreb-europe-un-nouvel-elan-pour-le-developpement-economique-marocain\/","url":"https:\/\/monmaghreb.com\/index.php\/2026\/04\/25\/laugmentation-de-la-consommation-de-gaz-naturel-au-maroc-grace-a-lexploitation-du-maghreb-europe-un-nouvel-elan-pour-le-developpement-economique-marocain\/","name":"L'augmentation de la consommation de gaz naturel au Maroc gr","isPartOf":{"@id":"http:\/\/monmaghreb.com\/#website"},"primaryImageOfPage":{"@id":"https:\/\/monmaghreb.com\/index.php\/2026\/04\/25\/laugmentation-de-la-consommation-de-gaz-naturel-au-maroc-grace-a-lexploitation-du-maghreb-europe-un-nouvel-elan-pour-le-developpement-economique-marocain\/#primaryimage"},"image":{"@id":"https:\/\/monmaghreb.com\/index.php\/2026\/04\/25\/laugmentation-de-la-consommation-de-gaz-naturel-au-maroc-grace-a-lexploitation-du-maghreb-europe-un-nouvel-elan-pour-le-developpement-economique-marocain\/#primaryimage"},"thumbnailUrl":"https:\/\/monmaghreb.com\/wp-content\/uploads\/2026\/04\/featured-353.jpg","datePublished":"2026-04-25T00:27:54+00:00","dateModified":"2026-04-25T00:27:59+00:00","description":"Augmentation gaz naturel Maroc gr\u00e2ce \u00e0 Maghreb-Europe - Boost \u00e9conomique marocain","breadcrumb":{"@id":"https:\/\/monmaghreb.com\/index.php\/2026\/04\/25\/laugmentation-de-la-consommation-de-gaz-naturel-au-maroc-grace-a-lexploitation-du-maghreb-europe-un-nouvel-elan-pour-le-developpement-economique-marocain\/#breadcrumb"},"inLanguage":"en-US","potentialAction":[{"@type":"ReadAction","target":["https:\/\/monmaghreb.com\/index.php\/2026\/04\/25\/laugmentation-de-la-consommation-de-gaz-naturel-au-maroc-grace-a-lexploitation-du-maghreb-europe-un-nouvel-elan-pour-le-developpement-economique-marocain\/"]}]},{"@type":"ImageObject","inLanguage":"en-US","@id":"https:\/\/monmaghreb.com\/index.php\/2026\/04\/25\/laugmentation-de-la-consommation-de-gaz-naturel-au-maroc-grace-a-lexploitation-du-maghreb-europe-un-nouvel-elan-pour-le-developpement-economique-marocain\/#primaryimage","url":"https:\/\/monmaghreb.com\/wp-content\/uploads\/2026\/04\/featured-353.jpg","contentUrl":"https:\/\/monmaghreb.com\/wp-content\/uploads\/2026\/04\/featured-353.jpg","width":1880,"height":1253,"caption":"Famille au lit avec gaz naturel chauffant l'habitation, Maroc"},{"@type":"BreadcrumbList","@id":"https:\/\/monmaghreb.com\/index.php\/2026\/04\/25\/laugmentation-de-la-consommation-de-gaz-naturel-au-maroc-grace-a-lexploitation-du-maghreb-europe-un-nouvel-elan-pour-le-developpement-economique-marocain\/#breadcrumb","itemListElement":[{"@type":"ListItem","position":1,"name":"Home","item":"http:\/\/monmaghreb.com\/"},{"@type":"ListItem","position":2,"name":"L&#8217;augmentation de la consommation de gaz naturel au Maroc gr\u00e2ce \u00e0 l&#8217;exploitation du Maghreb-Europe : un nouvel \u00e9lan pour le d\u00e9veloppement \u00e9conomique marocain"}]},{"@type":"WebSite","@id":"http:\/\/monmaghreb.com\/#website","url":"http:\/\/monmaghreb.com\/","name":"Mon Maghreb","description":"MonMaghreb United","publisher":{"@id":"http:\/\/monmaghreb.com\/#organization"},"alternateName":"Le Monde du Maghreb et au del\u00e0","potentialAction":[{"@type":"SearchAction","target":{"@type":"EntryPoint","urlTemplate":"http:\/\/monmaghreb.com\/?s={search_term_string}"},"query-input":{"@type":"PropertyValueSpecification","valueRequired":true,"valueName":"search_term_string"}}],"inLanguage":"en-US"},{"@type":"Organization","@id":"http:\/\/monmaghreb.com\/#organization","name":"Mon Maghreb","url":"http:\/\/monmaghreb.com\/","logo":{"@type":"ImageObject","inLanguage":"en-US","@id":"http:\/\/monmaghreb.com\/#\/schema\/logo\/image\/","url":"https:\/\/monmaghreb.com\/wp-content\/uploads\/2025\/12\/Mon_Maghreb_Logo.jpg","contentUrl":"https:\/\/monmaghreb.com\/wp-content\/uploads\/2025\/12\/Mon_Maghreb_Logo.jpg","width":814,"height":374,"caption":"Mon Maghreb"},"image":{"@id":"http:\/\/monmaghreb.com\/#\/schema\/logo\/image\/"}},{"@type":"Person","@id":"http:\/\/monmaghreb.com\/#\/schema\/person\/c469a89dc8c6b8987dcb438b1200d054","name":"LaMagh","image":{"@type":"ImageObject","inLanguage":"en-US","@id":"https:\/\/secure.gravatar.com\/avatar\/399d8144bd55fba55e056779aca52fe528bac7911f6449e54d81173d6dfd7f0a?s=96&d=mm&r=g","url":"https:\/\/secure.gravatar.com\/avatar\/399d8144bd55fba55e056779aca52fe528bac7911f6449e54d81173d6dfd7f0a?s=96&d=mm&r=g","contentUrl":"https:\/\/secure.gravatar.com\/avatar\/399d8144bd55fba55e056779aca52fe528bac7911f6449e54d81173d6dfd7f0a?s=96&d=mm&r=g","caption":"LaMagh"},"sameAs":["https:\/\/monmaghreb.com","https:\/\/www.facebook.com\/monmaghrebcom","https:\/\/x.com\/MMaghreb50977"],"url":"https:\/\/monmaghreb.com\/index.php\/author\/lamagh\/"}]}},"_links":{"self":[{"href":"https:\/\/monmaghreb.com\/index.php\/wp-json\/wp\/v2\/posts\/3383","targetHints":{"allow":["GET"]}}],"collection":[{"href":"https:\/\/monmaghreb.com\/index.php\/wp-json\/wp\/v2\/posts"}],"about":[{"href":"https:\/\/monmaghreb.com\/index.php\/wp-json\/wp\/v2\/types\/post"}],"author":[{"embeddable":true,"href":"https:\/\/monmaghreb.com\/index.php\/wp-json\/wp\/v2\/users\/1"}],"replies":[{"embeddable":true,"href":"https:\/\/monmaghreb.com\/index.php\/wp-json\/wp\/v2\/comments?post=3383"}],"version-history":[{"count":1,"href":"https:\/\/monmaghreb.com\/index.php\/wp-json\/wp\/v2\/posts\/3383\/revisions"}],"predecessor-version":[{"id":3384,"href":"https:\/\/monmaghreb.com\/index.php\/wp-json\/wp\/v2\/posts\/3383\/revisions\/3384"}],"wp:featuredmedia":[{"embeddable":true,"href":"https:\/\/monmaghreb.com\/index.php\/wp-json\/wp\/v2\/media\/3382"}],"wp:attachment":[{"href":"https:\/\/monmaghreb.com\/index.php\/wp-json\/wp\/v2\/media?parent=3383"}],"wp:term":[{"taxonomy":"category","embeddable":true,"href":"https:\/\/monmaghreb.com\/index.php\/wp-json\/wp\/v2\/categories?post=3383"},{"taxonomy":"post_tag","embeddable":true,"href":"https:\/\/monmaghreb.com\/index.php\/wp-json\/wp\/v2\/tags?post=3383"}],"curies":[{"name":"wp","href":"https:\/\/api.w.org\/{rel}","templated":true}]}}