{"id":3398,"date":"2026-04-25T03:27:55","date_gmt":"2026-04-25T03:27:55","guid":{"rendered":"https:\/\/monmaghreb.com\/index.php\/2026\/04\/25\/lartisanat-marocain-au-salon-retromobile-2026-de-paris-savoir-faire-et-eclats-de-lumieres\/"},"modified":"2026-04-25T03:27:58","modified_gmt":"2026-04-25T03:27:58","slug":"lartisanat-marocain-au-salon-retromobile-2026-de-paris-savoir-faire-et-eclats-de-lumieres","status":"publish","type":"post","link":"https:\/\/monmaghreb.com\/index.php\/2026\/04\/25\/lartisanat-marocain-au-salon-retromobile-2026-de-paris-savoir-faire-et-eclats-de-lumieres\/","title":{"rendered":"L&#8217;artisanat marocain au Salon R\u00e9tromobile 2026 de Paris : savoir-faire et \u00e9clats de lumi\u00e8res"},"content":{"rendered":"<p><!DOCTYPE html><br \/>\n<html lang='fr'><br \/>\n<head><br \/>\n\t<meta charset='UTF-8'><br \/>\n\t<title>L&#8217;artisanat marocain au Salon <a href=\"https:\/\/monmaghreb.com\/index.php\/2026\/04\/20\/le-savoir-faire-artisanal-marocain-au-salon-retromobile-2026-une-promesse-de-beaute-vintage\/\" title=\"Le savoir-faire artisanal marocain au Salon R\u00e9tromobile 2026 : une promesse de beaut\u00e9 vintage\">R\u00e9tromobile<\/a> 2026 de Paris<\/title><br \/>\n<\/head><br \/>\n<body><\/p>\n<h1>L&#8217;artisanat marocain au Salon R\u00e9tromobile 2026 de Paris : savoir-faire et \u00e9clats de lumi\u00e8res<\/h1>\n<p>Nous sommes ravis d&#8217;annoncer que le c\u00e9l\u00e8bre Salon R\u00e9tromobile, qui se d\u00e9roule \u00e0 Paris chaque ann\u00e9e depuis 1976, revient en force pour son \u00e9dition de 2026. Mais ce n&#8217;est pas seulement un \u00e9v\u00e9nement automobile extraordinaire qui attire l&#8217;attention : nous allons vous pr\u00e9senter la participation exceptionnelle de l&#8217;artisanat marocain \u00e0 cet \u00e9v\u00e9nement prestigieux.<\/p>\n<h2>Une collaboration enrichissante<\/h2>\n<p>Au Salon R\u00e9tromobile 2026, la Marocaine des Arts et des Industries Artisanales (MAIA) va offrir un aper\u00e7u unique de notre savoir-faire traditionnel. Cette organisation, cr\u00e9\u00e9e pour promouvoir et prot\u00e9ger l&#8217;artisanat marocain, a s\u00e9lectionn\u00e9 une douzaine d&#8217;artisans remarquables qui vont pr\u00e9senter leurs cr\u00e9ations les plus belles.<\/p>\n<p>Notre objectif est de montrer la diversit\u00e9 de nos produits, allant du magnifique tapisserie aux bijoux en or et argent. Nous voulons partager notre culture, notre histoire et nos talents avec les visiteurs fran\u00e7ais et internationaux.<\/p>\n<h2>Des artisans \u00e0 la pointe du savoir-faire<\/h2>\n<p>Ceux qui connaissent l&#8217;artisanat marocain savent que nos artisans sont des ma\u00eetres de leur art. Ils ont pass\u00e9 des ann\u00e9es \u00e0 apprendre les secrets de leurs m\u00e9tiers, et il est rare de trouver quelqu&#8217;un capable de rivaliser avec leur niveau d&#8217;excellence.<\/p>\n<p>Les artisans qui participeront au Salon R\u00e9tromobile 2026 sont des ma\u00eetres de la marquetry, de la poterie, de la c\u00e9ramique et de l&#8217;orf\u00e8vrerie. Ils ont d\u00e9di\u00e9 leur vie \u00e0 l&#8217;\u00e9tude et \u00e0 la pratique de leurs m\u00e9tiers, et ils vont pr\u00e9senter des cr\u00e9ations qui font honneur au Maroc.<\/p>\n<h2>Le savoir-faire marocain dans l&#8217;automobile<\/h2>\n<p>Il est impossible de parler de l&#8217;artisanat marocain sans \u00e9voquer les voitures de collection. Notre pays a une longue tradition d&#8217;entretien et de restauration de v\u00e9hicules anciens, et nos artisans sont \u00e0 la pointe du savoir-faire dans ce domaine.<\/p>\n<p>Le Salon R\u00e9tromobile 2026 va offrir un aper\u00e7u exceptionnel de ces comp\u00e9tences. Vous pourrez voir des voitures restaur\u00e9es avec une attention au d\u00e9tail incroyable, et m\u00eame en apprendre plus sur les techniques utilis\u00e9es par nos artisans.<\/p>\n<h2>Un salon pour les amateurs<\/h2>\n<p>Le Salon R\u00e9tromobile 2026 est destin\u00e9 aux passionn\u00e9s de l&#8217;artisanat marocain et des voitures de collection. C&#8217;est un espace unique o\u00f9 vous pouvez rencontrer des artisans, des collectionneurs et des sp\u00e9cialistes du domaine.<\/p>\n<p>Lors de cette \u00e9dition exceptionnelle, nous esp\u00e9rons voir une croissance consid\u00e9rable de l&#8217;int\u00e9r\u00eat envers l&#8217;artisanat marocain. Nous sommes convaincus que ce salon sera une nouvelle \u00e9tape dans la reconnaissance et la promotion de nos talents.<\/p>\n<h2>Appelle \u00e0 l&#8217;action<\/h2>\n<p>Nous invitons tous les lecteurs maghr\u00e9bins de la diaspora \u00e0 participer \u00e0 cet \u00e9v\u00e9nement exceptionnel. Si vous \u00eates passionn\u00e9(e) d&#8217;artisanat marocain, si vous avez un int\u00e9r\u00eat pour les voitures de collection ou si vous cherchez des produits uniques et originaux, ne manquez pas ce rendez-vous.<\/p>\n<p>Le Salon R\u00e9tromobile 2026 est une occasion unique de d\u00e9couvrir l&#8217;artisanat marocain dans une atmosph\u00e8re exceptionnelle. Nous vous invitons \u00e0 venir partager avec nous cette exp\u00e9rience inoubliable.<\/p>\n<div style=\"background:#f8f9fa;border-left:4px solid #0066cc;border-radius:6px;padding:20px 24px;margin:32px 0;\">\n<p style=\"font-size:13px;color:#888;text-transform:uppercase;letter-spacing:0.8px;margin:0 0 6px 0;\">Vous pourriez aussi aimer<\/p>\n<h3 style=\"font-size:18px;margin:0 0 14px 0;color:#222;\">Articles similaires<\/h3>\n<ul style=\"margin:0;padding-left:20px;list-style:disc;\">\n<li style=\"margin-bottom:10px;\"><a href=\"https:\/\/monmaghreb.com\/index.php\/2026\/04\/20\/le-savoir-faire-artisanal-marocain-au-salon-retromobile-2026-une-promesse-de-beaute-vintage\/\" style=\"color:#0066cc;text-decoration:none;font-weight:500;\" title=\"Le savoir-faire artisanal marocain au Salon R\u00e9tromobile 2026 : une promesse de beaut\u00e9 vintage\">Le savoir-faire artisanal marocain au Salon R\u00e9tromobile 2026 : une promesse de beaut\u00e9 vintage<\/a><\/li>\n<li style=\"margin-bottom:10px;\"><a href=\"https:\/\/monmaghreb.com\/index.php\/2026\/04\/21\/lartisanat-tunisien-en-eclat-a-tokyo-au-salon-interior-lifestyle-2025\/\" style=\"color:#0066cc;text-decoration:none;font-weight:500;\" title=\"L&#8217;Artisanat Tunisien en \u00c9clat \u00e0 Tokyo au Salon Interior Lifestyle 2025\">L&#8217;Artisanat Tunisien en \u00c9clat \u00e0 Tokyo au Salon Interior Lifestyle 2025<\/a><\/li>\n<li style=\"margin-bottom:10px;\"><a href=\"https:\/\/monmaghreb.com\/index.php\/2026\/04\/19\/une-boutique-dartisanat-marocain-a-cherbourg-en-cotentin-decouvrez-ses-creations-uniques\/\" style=\"color:#0066cc;text-decoration:none;font-weight:500;\" title=\"Une boutique d&#8217;artisanat marocain \u00e0 Cherbourg-en-Cotentin : d\u00e9couvrez ses cr\u00e9ations uniques\">Une boutique d&#8217;artisanat marocain \u00e0 Cherbourg-en-Cotentin : d\u00e9couvrez ses cr\u00e9ations uniques<\/a><\/li>\n<li style=\"margin-bottom:10px;\"><a href=\"https:\/\/monmaghreb.com\/index.php\/2026\/04\/24\/le-brillant-artisanat-tunisien-au-salon-interior-lifestyle-a-tokyo-en-2025\/\" style=\"color:#0066cc;text-decoration:none;font-weight:500;\" title=\"Le brillant artisanat tunisien au salon Interior Lifestyle \u00e0 Tokyo en 2025\">Le brillant artisanat tunisien au salon Interior Lifestyle \u00e0 Tokyo en 2025<\/a><\/li>\n<li style=\"margin-bottom:10px;\"><a href=\"https:\/\/monmaghreb.com\/index.php\/2026\/04\/23\/le-salon-interior-lifestyle-2025-le-rayonnement-du-talent-tunisien-dans-le-domaine-de-lartisanat\/\" style=\"color:#0066cc;text-decoration:none;font-weight:500;\" title=\"Le salon Interior Lifestyle 2025 : le rayonnement du talent tunisien dans le domaine de l&#8217;artisanat\">Le salon Interior Lifestyle 2025 : le rayonnement du talent tunisien dans le domaine de l&#8217;artisanat<\/a><\/li>\n<\/ul>\n<\/div>\n<p><\/body><br \/>\n<\/html><\/p>\n","protected":false},"excerpt":{"rendered":"<p>D\u00e9couvrez l&#8217;exceptionnel artisanat marocain au Salon R\u00e9tromobile 2026 de Paris. Savoir-faire et \u00e9clats de lumi\u00e8res attendus.<\/p>\n","protected":false},"author":1,"featured_media":3397,"comment_status":"closed","ping_status":"open","sticky":false,"template":"","format":"standard","meta":{"_yoast_wpseo_focuskw":"marocain artisanal retromobile paris","_yoast_wpseo_title":"L'artisanat marocain au Salon R\u00e9tromobile 2026 de Paris : sa","_yoast_wpseo_metadesc":"D\u00e9couvrez l'exceptionnel artisanat marocain au Salon R\u00e9tromobile 2026 de Paris. Savoir-faire et \u00e9clats de lumi\u00e8res attendus.","_yoast_wpseo_canonical":"","_yoast_wpseo_opengraph-title":"L'artisanat marocain au Salon R\u00e9tromobile 2026 de Paris : savoir-faire et \u00e9clats de lumi\u00e8res","_yoast_wpseo_opengraph-description":"D\u00e9couvrez l'exceptionnel artisanat marocain au Salon R\u00e9tromobile 2026 de Paris. Savoir-faire et \u00e9clats de lumi\u00e8res attendus.","_yoast_wpseo_opengraph-image":"","tdm_status":"","tdm_grid_status":"","footnotes":""},"categories":[655],"tags":[45,621,568,2313,2312],"class_list":["post-3398","post","type-post","status-publish","format-standard","has-post-thumbnail","hentry","category-maroc","tag-culture-tunisienne","tag-artisanat-marocain","tag-diaporama","tag-evenement-automobile","tag-salon-retromobile-paris"],"yoast_head":"<!-- This site is optimized with the Yoast SEO plugin v27.4 - https:\/\/yoast.com\/product\/yoast-seo-wordpress\/ -->\n<title>L&#039;artisanat marocain au Salon R\u00e9tromobile 2026 de Paris : sa<\/title>\n<meta name=\"description\" content=\"D\u00e9couvrez l&#039;exceptionnel artisanat marocain au Salon R\u00e9tromobile 2026 de Paris. Savoir-faire et \u00e9clats de lumi\u00e8res attendus.\" \/>\n<meta name=\"robots\" content=\"index, follow, max-snippet:-1, max-image-preview:large, max-video-preview:-1\" \/>\n<link rel=\"canonical\" href=\"https:\/\/monmaghreb.com\/index.php\/2026\/04\/25\/lartisanat-marocain-au-salon-retromobile-2026-de-paris-savoir-faire-et-eclats-de-lumieres\/\" \/>\n<meta property=\"og:locale\" content=\"en_US\" \/>\n<meta property=\"og:type\" content=\"article\" \/>\n<meta property=\"og:title\" content=\"L&#039;artisanat marocain au Salon R\u00e9tromobile 2026 de Paris : savoir-faire et \u00e9clats de lumi\u00e8res\" \/>\n<meta property=\"og:description\" content=\"D\u00e9couvrez l&#039;exceptionnel artisanat marocain au Salon R\u00e9tromobile 2026 de Paris. Savoir-faire et \u00e9clats de lumi\u00e8res attendus.\" \/>\n<meta property=\"og:url\" content=\"https:\/\/monmaghreb.com\/index.php\/2026\/04\/25\/lartisanat-marocain-au-salon-retromobile-2026-de-paris-savoir-faire-et-eclats-de-lumieres\/\" \/>\n<meta property=\"og:site_name\" content=\"Mon Maghreb\" \/>\n<meta property=\"article:author\" content=\"https:\/\/www.facebook.com\/monmaghrebcom\" \/>\n<meta property=\"article:published_time\" content=\"2026-04-25T03:27:55+00:00\" \/>\n<meta property=\"article:modified_time\" content=\"2026-04-25T03:27:58+00:00\" \/>\n<meta property=\"og:image\" content=\"https:\/\/monmaghreb.com\/wp-content\/uploads\/2026\/04\/featured-358.jpg\" \/>\n\t<meta property=\"og:image:width\" content=\"1880\" \/>\n\t<meta property=\"og:image:height\" content=\"1253\" \/>\n\t<meta property=\"og:image:type\" content=\"image\/jpeg\" \/>\n<meta name=\"author\" content=\"LaMagh\" \/>\n<meta name=\"twitter:card\" content=\"summary_large_image\" \/>\n<meta name=\"twitter:creator\" content=\"@MMaghreb50977\" \/>\n<meta name=\"twitter:label1\" content=\"Written by\" \/>\n\t<meta name=\"twitter:data1\" content=\"LaMagh\" \/>\n\t<meta name=\"twitter:label2\" content=\"Est. reading time\" \/>\n\t<meta name=\"twitter:data2\" content=\"3 minutes\" \/>\n<script type=\"application\/ld+json\" class=\"yoast-schema-graph\">{\"@context\":\"https:\\\/\\\/schema.org\",\"@graph\":[{\"@type\":\"Article\",\"@id\":\"https:\\\/\\\/monmaghreb.com\\\/index.php\\\/2026\\\/04\\\/25\\\/lartisanat-marocain-au-salon-retromobile-2026-de-paris-savoir-faire-et-eclats-de-lumieres\\\/#article\",\"isPartOf\":{\"@id\":\"https:\\\/\\\/monmaghreb.com\\\/index.php\\\/2026\\\/04\\\/25\\\/lartisanat-marocain-au-salon-retromobile-2026-de-paris-savoir-faire-et-eclats-de-lumieres\\\/\"},\"author\":{\"name\":\"LaMagh\",\"@id\":\"http:\\\/\\\/monmaghreb.com\\\/#\\\/schema\\\/person\\\/c469a89dc8c6b8987dcb438b1200d054\"},\"headline\":\"L&#8217;artisanat marocain au Salon R\u00e9tromobile 2026 de Paris : savoir-faire et \u00e9clats de lumi\u00e8res\",\"datePublished\":\"2026-04-25T03:27:55+00:00\",\"dateModified\":\"2026-04-25T03:27:58+00:00\",\"mainEntityOfPage\":{\"@id\":\"https:\\\/\\\/monmaghreb.com\\\/index.php\\\/2026\\\/04\\\/25\\\/lartisanat-marocain-au-salon-retromobile-2026-de-paris-savoir-faire-et-eclats-de-lumieres\\\/\"},\"wordCount\":619,\"publisher\":{\"@id\":\"http:\\\/\\\/monmaghreb.com\\\/#organization\"},\"image\":{\"@id\":\"https:\\\/\\\/monmaghreb.com\\\/index.php\\\/2026\\\/04\\\/25\\\/lartisanat-marocain-au-salon-retromobile-2026-de-paris-savoir-faire-et-eclats-de-lumieres\\\/#primaryimage\"},\"thumbnailUrl\":\"https:\\\/\\\/monmaghreb.com\\\/wp-content\\\/uploads\\\/2026\\\/04\\\/featured-358.jpg\",\"keywords\":[\"\\\"culture tunisienne\\\"\",\"artisanat marocain\",\"diaporama\",\"\u00e9v\u00e9nement automobile\",\"salon retromobile paris\"],\"articleSection\":[\"Maroc\"],\"inLanguage\":\"en-US\"},{\"@type\":\"WebPage\",\"@id\":\"https:\\\/\\\/monmaghreb.com\\\/index.php\\\/2026\\\/04\\\/25\\\/lartisanat-marocain-au-salon-retromobile-2026-de-paris-savoir-faire-et-eclats-de-lumieres\\\/\",\"url\":\"https:\\\/\\\/monmaghreb.com\\\/index.php\\\/2026\\\/04\\\/25\\\/lartisanat-marocain-au-salon-retromobile-2026-de-paris-savoir-faire-et-eclats-de-lumieres\\\/\",\"name\":\"L'artisanat marocain au Salon R\u00e9tromobile 2026 de Paris : sa\",\"isPartOf\":{\"@id\":\"http:\\\/\\\/monmaghreb.com\\\/#website\"},\"primaryImageOfPage\":{\"@id\":\"https:\\\/\\\/monmaghreb.com\\\/index.php\\\/2026\\\/04\\\/25\\\/lartisanat-marocain-au-salon-retromobile-2026-de-paris-savoir-faire-et-eclats-de-lumieres\\\/#primaryimage\"},\"image\":{\"@id\":\"https:\\\/\\\/monmaghreb.com\\\/index.php\\\/2026\\\/04\\\/25\\\/lartisanat-marocain-au-salon-retromobile-2026-de-paris-savoir-faire-et-eclats-de-lumieres\\\/#primaryimage\"},\"thumbnailUrl\":\"https:\\\/\\\/monmaghreb.com\\\/wp-content\\\/uploads\\\/2026\\\/04\\\/featured-358.jpg\",\"datePublished\":\"2026-04-25T03:27:55+00:00\",\"dateModified\":\"2026-04-25T03:27:58+00:00\",\"description\":\"D\u00e9couvrez l'exceptionnel artisanat marocain au Salon R\u00e9tromobile 2026 de Paris. Savoir-faire et \u00e9clats de lumi\u00e8res attendus.\",\"breadcrumb\":{\"@id\":\"https:\\\/\\\/monmaghreb.com\\\/index.php\\\/2026\\\/04\\\/25\\\/lartisanat-marocain-au-salon-retromobile-2026-de-paris-savoir-faire-et-eclats-de-lumieres\\\/#breadcrumb\"},\"inLanguage\":\"en-US\",\"potentialAction\":[{\"@type\":\"ReadAction\",\"target\":[\"https:\\\/\\\/monmaghreb.com\\\/index.php\\\/2026\\\/04\\\/25\\\/lartisanat-marocain-au-salon-retromobile-2026-de-paris-savoir-faire-et-eclats-de-lumieres\\\/\"]}]},{\"@type\":\"ImageObject\",\"inLanguage\":\"en-US\",\"@id\":\"https:\\\/\\\/monmaghreb.com\\\/index.php\\\/2026\\\/04\\\/25\\\/lartisanat-marocain-au-salon-retromobile-2026-de-paris-savoir-faire-et-eclats-de-lumieres\\\/#primaryimage\",\"url\":\"https:\\\/\\\/monmaghreb.com\\\/wp-content\\\/uploads\\\/2026\\\/04\\\/featured-358.jpg\",\"contentUrl\":\"https:\\\/\\\/monmaghreb.com\\\/wp-content\\\/uploads\\\/2026\\\/04\\\/featured-358.jpg\",\"width\":1880,\"height\":1253,\"caption\":\"Artisan marocain pr\u00e9sentant des pi\u00e8ces de mobilier \u00e0 Salon R\u00e9tromobile 2026, Paris\"},{\"@type\":\"BreadcrumbList\",\"@id\":\"https:\\\/\\\/monmaghreb.com\\\/index.php\\\/2026\\\/04\\\/25\\\/lartisanat-marocain-au-salon-retromobile-2026-de-paris-savoir-faire-et-eclats-de-lumieres\\\/#breadcrumb\",\"itemListElement\":[{\"@type\":\"ListItem\",\"position\":1,\"name\":\"Home\",\"item\":\"http:\\\/\\\/monmaghreb.com\\\/\"},{\"@type\":\"ListItem\",\"position\":2,\"name\":\"L&#8217;artisanat marocain au Salon R\u00e9tromobile 2026 de Paris : savoir-faire et \u00e9clats de lumi\u00e8res\"}]},{\"@type\":\"WebSite\",\"@id\":\"http:\\\/\\\/monmaghreb.com\\\/#website\",\"url\":\"http:\\\/\\\/monmaghreb.com\\\/\",\"name\":\"Mon Maghreb\",\"description\":\"MonMaghreb United\",\"publisher\":{\"@id\":\"http:\\\/\\\/monmaghreb.com\\\/#organization\"},\"alternateName\":\"Le Monde du Maghreb et au del\u00e0\",\"potentialAction\":[{\"@type\":\"SearchAction\",\"target\":{\"@type\":\"EntryPoint\",\"urlTemplate\":\"http:\\\/\\\/monmaghreb.com\\\/?s={search_term_string}\"},\"query-input\":{\"@type\":\"PropertyValueSpecification\",\"valueRequired\":true,\"valueName\":\"search_term_string\"}}],\"inLanguage\":\"en-US\"},{\"@type\":\"Organization\",\"@id\":\"http:\\\/\\\/monmaghreb.com\\\/#organization\",\"name\":\"Mon Maghreb\",\"url\":\"http:\\\/\\\/monmaghreb.com\\\/\",\"logo\":{\"@type\":\"ImageObject\",\"inLanguage\":\"en-US\",\"@id\":\"http:\\\/\\\/monmaghreb.com\\\/#\\\/schema\\\/logo\\\/image\\\/\",\"url\":\"https:\\\/\\\/monmaghreb.com\\\/wp-content\\\/uploads\\\/2025\\\/12\\\/Mon_Maghreb_Logo.jpg\",\"contentUrl\":\"https:\\\/\\\/monmaghreb.com\\\/wp-content\\\/uploads\\\/2025\\\/12\\\/Mon_Maghreb_Logo.jpg\",\"width\":814,\"height\":374,\"caption\":\"Mon Maghreb\"},\"image\":{\"@id\":\"http:\\\/\\\/monmaghreb.com\\\/#\\\/schema\\\/logo\\\/image\\\/\"}},{\"@type\":\"Person\",\"@id\":\"http:\\\/\\\/monmaghreb.com\\\/#\\\/schema\\\/person\\\/c469a89dc8c6b8987dcb438b1200d054\",\"name\":\"LaMagh\",\"image\":{\"@type\":\"ImageObject\",\"inLanguage\":\"en-US\",\"@id\":\"https:\\\/\\\/secure.gravatar.com\\\/avatar\\\/399d8144bd55fba55e056779aca52fe528bac7911f6449e54d81173d6dfd7f0a?s=96&d=mm&r=g\",\"url\":\"https:\\\/\\\/secure.gravatar.com\\\/avatar\\\/399d8144bd55fba55e056779aca52fe528bac7911f6449e54d81173d6dfd7f0a?s=96&d=mm&r=g\",\"contentUrl\":\"https:\\\/\\\/secure.gravatar.com\\\/avatar\\\/399d8144bd55fba55e056779aca52fe528bac7911f6449e54d81173d6dfd7f0a?s=96&d=mm&r=g\",\"caption\":\"LaMagh\"},\"sameAs\":[\"https:\\\/\\\/monmaghreb.com\",\"https:\\\/\\\/www.facebook.com\\\/monmaghrebcom\",\"https:\\\/\\\/x.com\\\/MMaghreb50977\"],\"url\":\"https:\\\/\\\/monmaghreb.com\\\/index.php\\\/author\\\/lamagh\\\/\"}]}<\/script>\n<!-- \/ Yoast SEO plugin. -->","yoast_head_json":{"title":"L'artisanat marocain au Salon R\u00e9tromobile 2026 de Paris : sa","description":"D\u00e9couvrez l'exceptionnel artisanat marocain au Salon R\u00e9tromobile 2026 de Paris. Savoir-faire et \u00e9clats de lumi\u00e8res attendus.","robots":{"index":"index","follow":"follow","max-snippet":"max-snippet:-1","max-image-preview":"max-image-preview:large","max-video-preview":"max-video-preview:-1"},"canonical":"https:\/\/monmaghreb.com\/index.php\/2026\/04\/25\/lartisanat-marocain-au-salon-retromobile-2026-de-paris-savoir-faire-et-eclats-de-lumieres\/","og_locale":"en_US","og_type":"article","og_title":"L'artisanat marocain au Salon R\u00e9tromobile 2026 de Paris : savoir-faire et \u00e9clats de lumi\u00e8res","og_description":"D\u00e9couvrez l'exceptionnel artisanat marocain au Salon R\u00e9tromobile 2026 de Paris. Savoir-faire et \u00e9clats de lumi\u00e8res attendus.","og_url":"https:\/\/monmaghreb.com\/index.php\/2026\/04\/25\/lartisanat-marocain-au-salon-retromobile-2026-de-paris-savoir-faire-et-eclats-de-lumieres\/","og_site_name":"Mon Maghreb","article_author":"https:\/\/www.facebook.com\/monmaghrebcom","article_published_time":"2026-04-25T03:27:55+00:00","article_modified_time":"2026-04-25T03:27:58+00:00","og_image":[{"width":1880,"height":1253,"url":"https:\/\/monmaghreb.com\/wp-content\/uploads\/2026\/04\/featured-358.jpg","type":"image\/jpeg"}],"author":"LaMagh","twitter_card":"summary_large_image","twitter_creator":"@MMaghreb50977","twitter_misc":{"Written by":"LaMagh","Est. reading time":"3 minutes"},"schema":{"@context":"https:\/\/schema.org","@graph":[{"@type":"Article","@id":"https:\/\/monmaghreb.com\/index.php\/2026\/04\/25\/lartisanat-marocain-au-salon-retromobile-2026-de-paris-savoir-faire-et-eclats-de-lumieres\/#article","isPartOf":{"@id":"https:\/\/monmaghreb.com\/index.php\/2026\/04\/25\/lartisanat-marocain-au-salon-retromobile-2026-de-paris-savoir-faire-et-eclats-de-lumieres\/"},"author":{"name":"LaMagh","@id":"http:\/\/monmaghreb.com\/#\/schema\/person\/c469a89dc8c6b8987dcb438b1200d054"},"headline":"L&#8217;artisanat marocain au Salon R\u00e9tromobile 2026 de Paris : savoir-faire et \u00e9clats de lumi\u00e8res","datePublished":"2026-04-25T03:27:55+00:00","dateModified":"2026-04-25T03:27:58+00:00","mainEntityOfPage":{"@id":"https:\/\/monmaghreb.com\/index.php\/2026\/04\/25\/lartisanat-marocain-au-salon-retromobile-2026-de-paris-savoir-faire-et-eclats-de-lumieres\/"},"wordCount":619,"publisher":{"@id":"http:\/\/monmaghreb.com\/#organization"},"image":{"@id":"https:\/\/monmaghreb.com\/index.php\/2026\/04\/25\/lartisanat-marocain-au-salon-retromobile-2026-de-paris-savoir-faire-et-eclats-de-lumieres\/#primaryimage"},"thumbnailUrl":"https:\/\/monmaghreb.com\/wp-content\/uploads\/2026\/04\/featured-358.jpg","keywords":["\"culture tunisienne\"","artisanat marocain","diaporama","\u00e9v\u00e9nement automobile","salon retromobile paris"],"articleSection":["Maroc"],"inLanguage":"en-US"},{"@type":"WebPage","@id":"https:\/\/monmaghreb.com\/index.php\/2026\/04\/25\/lartisanat-marocain-au-salon-retromobile-2026-de-paris-savoir-faire-et-eclats-de-lumieres\/","url":"https:\/\/monmaghreb.com\/index.php\/2026\/04\/25\/lartisanat-marocain-au-salon-retromobile-2026-de-paris-savoir-faire-et-eclats-de-lumieres\/","name":"L'artisanat marocain au Salon R\u00e9tromobile 2026 de Paris : sa","isPartOf":{"@id":"http:\/\/monmaghreb.com\/#website"},"primaryImageOfPage":{"@id":"https:\/\/monmaghreb.com\/index.php\/2026\/04\/25\/lartisanat-marocain-au-salon-retromobile-2026-de-paris-savoir-faire-et-eclats-de-lumieres\/#primaryimage"},"image":{"@id":"https:\/\/monmaghreb.com\/index.php\/2026\/04\/25\/lartisanat-marocain-au-salon-retromobile-2026-de-paris-savoir-faire-et-eclats-de-lumieres\/#primaryimage"},"thumbnailUrl":"https:\/\/monmaghreb.com\/wp-content\/uploads\/2026\/04\/featured-358.jpg","datePublished":"2026-04-25T03:27:55+00:00","dateModified":"2026-04-25T03:27:58+00:00","description":"D\u00e9couvrez l'exceptionnel artisanat marocain au Salon R\u00e9tromobile 2026 de Paris. Savoir-faire et \u00e9clats de lumi\u00e8res attendus.","breadcrumb":{"@id":"https:\/\/monmaghreb.com\/index.php\/2026\/04\/25\/lartisanat-marocain-au-salon-retromobile-2026-de-paris-savoir-faire-et-eclats-de-lumieres\/#breadcrumb"},"inLanguage":"en-US","potentialAction":[{"@type":"ReadAction","target":["https:\/\/monmaghreb.com\/index.php\/2026\/04\/25\/lartisanat-marocain-au-salon-retromobile-2026-de-paris-savoir-faire-et-eclats-de-lumieres\/"]}]},{"@type":"ImageObject","inLanguage":"en-US","@id":"https:\/\/monmaghreb.com\/index.php\/2026\/04\/25\/lartisanat-marocain-au-salon-retromobile-2026-de-paris-savoir-faire-et-eclats-de-lumieres\/#primaryimage","url":"https:\/\/monmaghreb.com\/wp-content\/uploads\/2026\/04\/featured-358.jpg","contentUrl":"https:\/\/monmaghreb.com\/wp-content\/uploads\/2026\/04\/featured-358.jpg","width":1880,"height":1253,"caption":"Artisan marocain pr\u00e9sentant des pi\u00e8ces de mobilier \u00e0 Salon R\u00e9tromobile 2026, Paris"},{"@type":"BreadcrumbList","@id":"https:\/\/monmaghreb.com\/index.php\/2026\/04\/25\/lartisanat-marocain-au-salon-retromobile-2026-de-paris-savoir-faire-et-eclats-de-lumieres\/#breadcrumb","itemListElement":[{"@type":"ListItem","position":1,"name":"Home","item":"http:\/\/monmaghreb.com\/"},{"@type":"ListItem","position":2,"name":"L&#8217;artisanat marocain au Salon R\u00e9tromobile 2026 de Paris : savoir-faire et \u00e9clats de lumi\u00e8res"}]},{"@type":"WebSite","@id":"http:\/\/monmaghreb.com\/#website","url":"http:\/\/monmaghreb.com\/","name":"Mon Maghreb","description":"MonMaghreb United","publisher":{"@id":"http:\/\/monmaghreb.com\/#organization"},"alternateName":"Le Monde du Maghreb et au del\u00e0","potentialAction":[{"@type":"SearchAction","target":{"@type":"EntryPoint","urlTemplate":"http:\/\/monmaghreb.com\/?s={search_term_string}"},"query-input":{"@type":"PropertyValueSpecification","valueRequired":true,"valueName":"search_term_string"}}],"inLanguage":"en-US"},{"@type":"Organization","@id":"http:\/\/monmaghreb.com\/#organization","name":"Mon Maghreb","url":"http:\/\/monmaghreb.com\/","logo":{"@type":"ImageObject","inLanguage":"en-US","@id":"http:\/\/monmaghreb.com\/#\/schema\/logo\/image\/","url":"https:\/\/monmaghreb.com\/wp-content\/uploads\/2025\/12\/Mon_Maghreb_Logo.jpg","contentUrl":"https:\/\/monmaghreb.com\/wp-content\/uploads\/2025\/12\/Mon_Maghreb_Logo.jpg","width":814,"height":374,"caption":"Mon Maghreb"},"image":{"@id":"http:\/\/monmaghreb.com\/#\/schema\/logo\/image\/"}},{"@type":"Person","@id":"http:\/\/monmaghreb.com\/#\/schema\/person\/c469a89dc8c6b8987dcb438b1200d054","name":"LaMagh","image":{"@type":"ImageObject","inLanguage":"en-US","@id":"https:\/\/secure.gravatar.com\/avatar\/399d8144bd55fba55e056779aca52fe528bac7911f6449e54d81173d6dfd7f0a?s=96&d=mm&r=g","url":"https:\/\/secure.gravatar.com\/avatar\/399d8144bd55fba55e056779aca52fe528bac7911f6449e54d81173d6dfd7f0a?s=96&d=mm&r=g","contentUrl":"https:\/\/secure.gravatar.com\/avatar\/399d8144bd55fba55e056779aca52fe528bac7911f6449e54d81173d6dfd7f0a?s=96&d=mm&r=g","caption":"LaMagh"},"sameAs":["https:\/\/monmaghreb.com","https:\/\/www.facebook.com\/monmaghrebcom","https:\/\/x.com\/MMaghreb50977"],"url":"https:\/\/monmaghreb.com\/index.php\/author\/lamagh\/"}]}},"_links":{"self":[{"href":"https:\/\/monmaghreb.com\/index.php\/wp-json\/wp\/v2\/posts\/3398","targetHints":{"allow":["GET"]}}],"collection":[{"href":"https:\/\/monmaghreb.com\/index.php\/wp-json\/wp\/v2\/posts"}],"about":[{"href":"https:\/\/monmaghreb.com\/index.php\/wp-json\/wp\/v2\/types\/post"}],"author":[{"embeddable":true,"href":"https:\/\/monmaghreb.com\/index.php\/wp-json\/wp\/v2\/users\/1"}],"replies":[{"embeddable":true,"href":"https:\/\/monmaghreb.com\/index.php\/wp-json\/wp\/v2\/comments?post=3398"}],"version-history":[{"count":1,"href":"https:\/\/monmaghreb.com\/index.php\/wp-json\/wp\/v2\/posts\/3398\/revisions"}],"predecessor-version":[{"id":3399,"href":"https:\/\/monmaghreb.com\/index.php\/wp-json\/wp\/v2\/posts\/3398\/revisions\/3399"}],"wp:featuredmedia":[{"embeddable":true,"href":"https:\/\/monmaghreb.com\/index.php\/wp-json\/wp\/v2\/media\/3397"}],"wp:attachment":[{"href":"https:\/\/monmaghreb.com\/index.php\/wp-json\/wp\/v2\/media?parent=3398"}],"wp:term":[{"taxonomy":"category","embeddable":true,"href":"https:\/\/monmaghreb.com\/index.php\/wp-json\/wp\/v2\/categories?post=3398"},{"taxonomy":"post_tag","embeddable":true,"href":"https:\/\/monmaghreb.com\/index.php\/wp-json\/wp\/v2\/tags?post=3398"}],"curies":[{"name":"wp","href":"https:\/\/api.w.org\/{rel}","templated":true}]}}