{"id":3401,"date":"2026-04-25T03:34:40","date_gmt":"2026-04-25T03:34:40","guid":{"rendered":"https:\/\/monmaghreb.com\/index.php\/2026\/04\/25\/le-renouveau-de-lartisanat-tunisien-apres-le-covid-19-la-scene-culturelle-rebaptisee-a-sousse\/"},"modified":"2026-04-25T03:34:42","modified_gmt":"2026-04-25T03:34:42","slug":"le-renouveau-de-lartisanat-tunisien-apres-le-covid-19-la-scene-culturelle-rebaptisee-a-sousse","status":"publish","type":"post","link":"https:\/\/monmaghreb.com\/index.php\/2026\/04\/25\/le-renouveau-de-lartisanat-tunisien-apres-le-covid-19-la-scene-culturelle-rebaptisee-a-sousse\/","title":{"rendered":"Le renouveau de l&#8217;artisanat tunisien apr\u00e8s le Covid-19 : la sc\u00e8ne culturelle rebaptis\u00e9e \u00e0 Sousse"},"content":{"rendered":"<p><!DOCTYPE html><br \/>\n<html lang=\"fr\"><br \/>\n<head><br \/>\n  <meta charset=\"UTF-8\"><br \/>\n  <title>Le renouveau de l&#8217;<a href=\"https:\/\/monmaghreb.com\/index.php\/2026\/04\/24\/le-brillant-artisanat-tunisien-au-salon-interior-lifestyle-a-tokyo-en-2025\/\" title=\"Le brillant artisanat tunisien au salon Interior Lifestyle \u00e0 Tokyo en 2025\">artisanat<\/a> tunisien<\/title><br \/>\n<\/head><br \/>\n<body><\/p>\n<h1>Le renouveau de l&#8217;artisanat tunisien apr\u00e8s le Covid-19 : la sc\u00e8ne culturelle rebaptis\u00e9e \u00e0 Sousse<\/h1>\n<p>Cette ann\u00e9e, la ville de Sousse en Tunisie s&#8217;est distingu\u00e9e par une initiative spectaculaire dans le domaine de l&#8217;artisanat. A l&#8217;aube d&#8217;une nouvelle \u00e8re o\u00f9 l&#8217;\u00e9conomie de l&#8217;artisanat tunisien entame un processus de renouveau, Sousse appara\u00eet comme un symbole significatif de l&#8217;optimisme et du changement. L&#8217;initiative principale est le rebaptissement de la sc\u00e8ne culturelle de la ville qui se d\u00e9tache clairement en tant que plateforme prometteuse pour la promotion et la valorisation des arts traditionnels tunisiens.<\/p>\n<h2>Une sc\u00e8ne culturelle revitalis\u00e9e<\/h2>\n<p>Au-del\u00e0 du rebaptissement symbolique, la nouvelle sc\u00e8ne culturelle de Sousse se destine \u00e0 \u00eatre un lieu de r\u00e9union pour les artistes traditionnels et les artisans de talent. Gr\u00e2ce \u00e0 des initiatives innovantes, elle propose des expositions et des \u00e9v\u00e9nements qui d\u00e9montrent le potentiel \u00e9conomique du secteur de l&#8217;artisanat en Tunisie.<\/p>\n<p>Les artistes sont invit\u00e9s \u00e0 pr\u00e9senter leurs \u0153uvres sur la sc\u00e8ne culturelle, ce qui permet aux visiteurs de d\u00e9couvrir les talents locaux et d&#8217;en appr\u00e9cier la qualit\u00e9 exceptionnelle. Les collaborations entre les artisans et des marques internationales ont \u00e9galement \u00e9t\u00e9 cr\u00e9\u00e9es, ce qui contribue \u00e0 promouvoir plus largement l&#8217;artisanat tunisien \u00e0 l&#8217;\u00e9chelle mondiale.<\/p>\n<h2>Les arts textiles : la floraison d&#8217;une industrie traditionnelle<\/h2>\n<p>L&#8217;industrie des arts textiles tunisiens est l&#8217;un des secteurs de l&#8217;artisanat qui b\u00e9n\u00e9ficie le plus du renouveau \u00e0 Sousse. De nombreux artisans et artistes y sont invit\u00e9s \u00e0 pr\u00e9senter leurs \u0153uvres, qui se distinguent par leur beaut\u00e9 et leur qualit\u00e9 sup\u00e9rieure.<\/p>\n<p>Les textiles tunisiens sont connus pour leur richesse et leur diversit\u00e9. Les artisans peuvent maintenant se concentrer sur la cr\u00e9ation d&#8217;\u0153uvres remarquables plut\u00f4t que sur la recherche de clients. De plus, ces collaborations offrent un acc\u00e8s \u00e0 des march\u00e9s mondiaux pour les artisans tunisiens, ce qui les aidera \u00e0 percer et \u00e0 gagner du cr\u00e9dit dans le domaine international.<\/p>\n<h2>L&#8217;artisanat potier : l&#8217;\u00e9volution d&#8217;une tradition<\/h2>\n<p>L&#8217;artisanat potier tunisien est \u00e9galement une industrie qui a connu un renouveau significatif \u00e0 Sousse. Les artisans potiers, qui ont toujours \u00e9t\u00e9 connus pour leur ma\u00eetrise de la c\u00e9ramique, peuvent maintenant pr\u00e9senter leurs \u0153uvres sur la sc\u00e8ne culturelle.<\/p>\n<p>Avec des partenariats avec des marques internationales et des expositions organis\u00e9es par la nouvelle sc\u00e8ne culturelle, les artisans potiers tunisiens ont vu leur travail \u00eatre reconnu \u00e0 l&#8217;\u00e9chelle mondiale. Aujourd&#8217;hui, leur artisanat a gagn\u00e9 du cr\u00e9dit et peut \u00eatre consid\u00e9r\u00e9 comme un \u00e9l\u00e9ment cl\u00e9 de l&#8217;identit\u00e9 culturelle de la Tunisie.<\/p>\n<h2>La poterie et la cuisine : le partage de la culture<\/h2>\n<p Une autre caract\u00e9ristique int\u00e9ressante de la nouvelle sc\u00e8ne culturelle \u00e0 Sousse est l'accord entre les artisans potiers tunisiens et des chefs locaux pour promouvoir ensemble leur artisanat et leurs recettes culinaires.<\/p>\n<p>Les chefs ont mis en place des menus qui combinent le potier tunisien avec d&#8217;autres \u00e9l\u00e9ments de la cuisine locale, cr\u00e9ant ainsi une exp\u00e9rience unique pour les visiteurs de Sousse. Les artisans potiers ont \u00e9galement cr\u00e9\u00e9 des pi\u00e8ces uniques destin\u00e9es aux chefs locaux, ce qui a permis \u00e0 leurs \u0153uvres de toucher le plus grand nombre possible.<\/p>\n<h2>Un appel \u00e0 l&#8217;action<\/h2>\n<p>Nous invitons tous les lecteurs maghr\u00e9bins de la diaspora \u00e0 d\u00e9couvrir cette sc\u00e8ne culturelle remarquable et \u00e0 soutenir les artistes tunisiens dans leur mission de promotion du patrimoine culturel local. Vive l&#8217;artisanat tunisien !<\/p>\n<p>Il est temps pour nous de soutenir le renouveau de l&#8217;artisanat tunisien et de promouvoir la richesse culturelle de notre r\u00e9gion. Nous pouvons faire la diff\u00e9rence en encourageant les jeunes g\u00e9n\u00e9rations \u00e0 poursuivre dans les traditions de leur pays et en valorisant les talents locaux.<\/p>\n<p>Nous croyons que le renouveau de l&#8217;artisanat tunisien est un symbole de changement et d&#8217;optimisme pour le secteur de l&#8217;artisanat en Tunisie. Nous sommes convaincus que la nouvelle sc\u00e8ne culturelle \u00e0 Sousse est un lieu de r\u00e9union pour les artistes traditionnels et les artisans de talent, et nous sommes impatients de voir ce qu&#8217;elle aura \u00e0 offrir dans l&#8217;avenir.<\/p>\n<div style=\"background:#f8f9fa;border-left:4px solid #0066cc;border-radius:6px;padding:20px 24px;margin:32px 0;\">\n<p style=\"font-size:13px;color:#888;text-transform:uppercase;letter-spacing:0.8px;margin:0 0 6px 0;\">Vous pourriez aussi aimer<\/p>\n<h3 style=\"font-size:18px;margin:0 0 14px 0;color:#222;\">Articles similaires<\/h3>\n<ul style=\"margin:0;padding-left:20px;list-style:disc;\">\n<li style=\"margin-bottom:10px;\"><a href=\"https:\/\/monmaghreb.com\/index.php\/2026\/04\/24\/le-brillant-artisanat-tunisien-au-salon-interior-lifestyle-a-tokyo-en-2025\/\" style=\"color:#0066cc;text-decoration:none;font-weight:500;\" title=\"Le brillant artisanat tunisien au salon Interior Lifestyle \u00e0 Tokyo en 2025\">Le brillant artisanat tunisien au salon Interior Lifestyle \u00e0 Tokyo en 2025<\/a><\/li>\n<li style=\"margin-bottom:10px;\"><a href=\"https:\/\/monmaghreb.com\/index.php\/2026\/04\/23\/le-salon-interior-lifestyle-2025-le-rayonnement-du-talent-tunisien-dans-le-domaine-de-lartisanat\/\" style=\"color:#0066cc;text-decoration:none;font-weight:500;\" title=\"Le salon Interior Lifestyle 2025 : le rayonnement du talent tunisien dans le domaine de l&#8217;artisanat\">Le salon Interior Lifestyle 2025 : le rayonnement du talent tunisien dans le domaine de l&#8217;artisanat<\/a><\/li>\n<li style=\"margin-bottom:10px;\"><a href=\"https:\/\/monmaghreb.com\/index.php\/2026\/04\/21\/lartisanat-tunisien-en-eclat-a-tokyo-au-salon-interior-lifestyle-2025\/\" style=\"color:#0066cc;text-decoration:none;font-weight:500;\" title=\"L&#8217;Artisanat Tunisien en \u00c9clat \u00e0 Tokyo au Salon Interior Lifestyle 2025\">L&#8217;Artisanat Tunisien en \u00c9clat \u00e0 Tokyo au Salon Interior Lifestyle 2025<\/a><\/li>\n<li style=\"margin-bottom:10px;\"><a href=\"https:\/\/monmaghreb.com\/index.php\/2026\/04\/19\/lartisanat-tunisien-brille-a-tokyo-les-creations-maghrebines-qui-ont-pris-le-monde-par-assaut\/\" style=\"color:#0066cc;text-decoration:none;font-weight:500;\" title=\"L&#8217;artisanat tunisien brille \u00e0 Tokyo : les cr\u00e9ations maghr\u00e9bines qui ont pris le monde par assaut\">L&#8217;artisanat tunisien brille \u00e0 Tokyo : les cr\u00e9ations maghr\u00e9bines qui ont pris le monde par assaut<\/a><\/li>\n<li style=\"margin-bottom:10px;\"><a href=\"https:\/\/monmaghreb.com\/index.php\/2026\/04\/25\/lartisanat-marocain-au-salon-retromobile-2026-de-paris-savoir-faire-et-eclats-de-lumieres\/\" style=\"color:#0066cc;text-decoration:none;font-weight:500;\" title=\"L&#8217;artisanat marocain au Salon R\u00e9tromobile 2026 de Paris : savoir-faire et \u00e9clats de lumi\u00e8res\">L&#8217;artisanat marocain au Salon R\u00e9tromobile 2026 de Paris : savoir-faire et \u00e9clats de lumi\u00e8res<\/a><\/li>\n<\/ul>\n<\/div>\n<p><\/body><br \/>\n<\/html><\/p>\n","protected":false},"excerpt":{"rendered":"<p>Le renouveau de l&#8217;artisanat tunisien apr\u00e8s le Covid-19 : la sc\u00e8ne culturelle rebaptis\u00e9e \u00e0 Sousse<\/p>\n","protected":false},"author":1,"featured_media":3400,"comment_status":"closed","ping_status":"open","sticky":false,"template":"","format":"standard","meta":{"_yoast_wpseo_focuskw":"renouveau lartisanat tunisien apr\u00e8s","_yoast_wpseo_title":"Le renouveau de l'artisanat tunisien apr\u00e8s le Covid-19 : la","_yoast_wpseo_metadesc":"Le renouveau de l'artisanat tunisien apr\u00e8s le Covid-19 : la sc\u00e8ne culturelle rebaptis\u00e9e \u00e0 Sousse","_yoast_wpseo_canonical":"","_yoast_wpseo_opengraph-title":"Le renouveau de l'artisanat tunisien apr\u00e8s le Covid-19 : la sc\u00e8ne culturelle rebaptis\u00e9e \u00e0 Sousse","_yoast_wpseo_opengraph-description":"Le renouveau de l'artisanat tunisien apr\u00e8s le Covid-19 : la sc\u00e8ne culturelle rebaptis\u00e9e \u00e0 Sousse","_yoast_wpseo_opengraph-image":"","tdm_status":"","tdm_grid_status":"","footnotes":""},"categories":[549],"tags":[],"class_list":["post-3401","post","type-post","status-publish","format-standard","has-post-thumbnail","hentry","category-tunisie"],"yoast_head":"<!-- This site is optimized with the Yoast SEO plugin v27.4 - https:\/\/yoast.com\/product\/yoast-seo-wordpress\/ -->\n<title>Le renouveau de l&#039;artisanat tunisien apr\u00e8s le Covid-19 : la<\/title>\n<meta name=\"description\" content=\"Le renouveau de l&#039;artisanat tunisien apr\u00e8s le Covid-19 : la sc\u00e8ne culturelle rebaptis\u00e9e \u00e0 Sousse\" \/>\n<meta name=\"robots\" content=\"index, follow, max-snippet:-1, max-image-preview:large, max-video-preview:-1\" \/>\n<link rel=\"canonical\" href=\"https:\/\/monmaghreb.com\/index.php\/2026\/04\/25\/le-renouveau-de-lartisanat-tunisien-apres-le-covid-19-la-scene-culturelle-rebaptisee-a-sousse\/\" \/>\n<meta property=\"og:locale\" content=\"en_US\" \/>\n<meta property=\"og:type\" content=\"article\" \/>\n<meta property=\"og:title\" content=\"Le renouveau de l&#039;artisanat tunisien apr\u00e8s le Covid-19 : la sc\u00e8ne culturelle rebaptis\u00e9e \u00e0 Sousse\" \/>\n<meta property=\"og:description\" content=\"Le renouveau de l&#039;artisanat tunisien apr\u00e8s le Covid-19 : la sc\u00e8ne culturelle rebaptis\u00e9e \u00e0 Sousse\" \/>\n<meta property=\"og:url\" content=\"https:\/\/monmaghreb.com\/index.php\/2026\/04\/25\/le-renouveau-de-lartisanat-tunisien-apres-le-covid-19-la-scene-culturelle-rebaptisee-a-sousse\/\" \/>\n<meta property=\"og:site_name\" content=\"Mon Maghreb\" \/>\n<meta property=\"article:author\" content=\"https:\/\/www.facebook.com\/monmaghrebcom\" \/>\n<meta property=\"article:published_time\" content=\"2026-04-25T03:34:40+00:00\" \/>\n<meta property=\"article:modified_time\" content=\"2026-04-25T03:34:42+00:00\" \/>\n<meta property=\"og:image\" content=\"https:\/\/monmaghreb.com\/wp-content\/uploads\/2026\/04\/featured-359.jpg\" \/>\n\t<meta property=\"og:image:width\" content=\"1880\" \/>\n\t<meta property=\"og:image:height\" content=\"1253\" \/>\n\t<meta property=\"og:image:type\" content=\"image\/jpeg\" \/>\n<meta name=\"author\" content=\"LaMagh\" \/>\n<meta name=\"twitter:card\" content=\"summary_large_image\" \/>\n<meta name=\"twitter:creator\" content=\"@MMaghreb50977\" \/>\n<meta name=\"twitter:label1\" content=\"Written by\" \/>\n\t<meta name=\"twitter:data1\" content=\"LaMagh\" \/>\n\t<meta name=\"twitter:label2\" content=\"Est. reading time\" \/>\n\t<meta name=\"twitter:data2\" content=\"2 minutes\" \/>\n<script type=\"application\/ld+json\" class=\"yoast-schema-graph\">{\"@context\":\"https:\\\/\\\/schema.org\",\"@graph\":[{\"@type\":\"Article\",\"@id\":\"https:\\\/\\\/monmaghreb.com\\\/index.php\\\/2026\\\/04\\\/25\\\/le-renouveau-de-lartisanat-tunisien-apres-le-covid-19-la-scene-culturelle-rebaptisee-a-sousse\\\/#article\",\"isPartOf\":{\"@id\":\"https:\\\/\\\/monmaghreb.com\\\/index.php\\\/2026\\\/04\\\/25\\\/le-renouveau-de-lartisanat-tunisien-apres-le-covid-19-la-scene-culturelle-rebaptisee-a-sousse\\\/\"},\"author\":{\"name\":\"LaMagh\",\"@id\":\"http:\\\/\\\/monmaghreb.com\\\/#\\\/schema\\\/person\\\/c469a89dc8c6b8987dcb438b1200d054\"},\"headline\":\"Le renouveau de l&#8217;artisanat tunisien apr\u00e8s le Covid-19 : la sc\u00e8ne culturelle rebaptis\u00e9e \u00e0 Sousse\",\"datePublished\":\"2026-04-25T03:34:40+00:00\",\"dateModified\":\"2026-04-25T03:34:42+00:00\",\"mainEntityOfPage\":{\"@id\":\"https:\\\/\\\/monmaghreb.com\\\/index.php\\\/2026\\\/04\\\/25\\\/le-renouveau-de-lartisanat-tunisien-apres-le-covid-19-la-scene-culturelle-rebaptisee-a-sousse\\\/\"},\"wordCount\":483,\"publisher\":{\"@id\":\"http:\\\/\\\/monmaghreb.com\\\/#organization\"},\"image\":{\"@id\":\"https:\\\/\\\/monmaghreb.com\\\/index.php\\\/2026\\\/04\\\/25\\\/le-renouveau-de-lartisanat-tunisien-apres-le-covid-19-la-scene-culturelle-rebaptisee-a-sousse\\\/#primaryimage\"},\"thumbnailUrl\":\"https:\\\/\\\/monmaghreb.com\\\/wp-content\\\/uploads\\\/2026\\\/04\\\/featured-359.jpg\",\"articleSection\":[\"Tunisie\"],\"inLanguage\":\"en-US\"},{\"@type\":\"WebPage\",\"@id\":\"https:\\\/\\\/monmaghreb.com\\\/index.php\\\/2026\\\/04\\\/25\\\/le-renouveau-de-lartisanat-tunisien-apres-le-covid-19-la-scene-culturelle-rebaptisee-a-sousse\\\/\",\"url\":\"https:\\\/\\\/monmaghreb.com\\\/index.php\\\/2026\\\/04\\\/25\\\/le-renouveau-de-lartisanat-tunisien-apres-le-covid-19-la-scene-culturelle-rebaptisee-a-sousse\\\/\",\"name\":\"Le renouveau de l'artisanat tunisien apr\u00e8s le Covid-19 : la\",\"isPartOf\":{\"@id\":\"http:\\\/\\\/monmaghreb.com\\\/#website\"},\"primaryImageOfPage\":{\"@id\":\"https:\\\/\\\/monmaghreb.com\\\/index.php\\\/2026\\\/04\\\/25\\\/le-renouveau-de-lartisanat-tunisien-apres-le-covid-19-la-scene-culturelle-rebaptisee-a-sousse\\\/#primaryimage\"},\"image\":{\"@id\":\"https:\\\/\\\/monmaghreb.com\\\/index.php\\\/2026\\\/04\\\/25\\\/le-renouveau-de-lartisanat-tunisien-apres-le-covid-19-la-scene-culturelle-rebaptisee-a-sousse\\\/#primaryimage\"},\"thumbnailUrl\":\"https:\\\/\\\/monmaghreb.com\\\/wp-content\\\/uploads\\\/2026\\\/04\\\/featured-359.jpg\",\"datePublished\":\"2026-04-25T03:34:40+00:00\",\"dateModified\":\"2026-04-25T03:34:42+00:00\",\"description\":\"Le renouveau de l'artisanat tunisien apr\u00e8s le Covid-19 : la sc\u00e8ne culturelle rebaptis\u00e9e \u00e0 Sousse\",\"breadcrumb\":{\"@id\":\"https:\\\/\\\/monmaghreb.com\\\/index.php\\\/2026\\\/04\\\/25\\\/le-renouveau-de-lartisanat-tunisien-apres-le-covid-19-la-scene-culturelle-rebaptisee-a-sousse\\\/#breadcrumb\"},\"inLanguage\":\"en-US\",\"potentialAction\":[{\"@type\":\"ReadAction\",\"target\":[\"https:\\\/\\\/monmaghreb.com\\\/index.php\\\/2026\\\/04\\\/25\\\/le-renouveau-de-lartisanat-tunisien-apres-le-covid-19-la-scene-culturelle-rebaptisee-a-sousse\\\/\"]}]},{\"@type\":\"ImageObject\",\"inLanguage\":\"en-US\",\"@id\":\"https:\\\/\\\/monmaghreb.com\\\/index.php\\\/2026\\\/04\\\/25\\\/le-renouveau-de-lartisanat-tunisien-apres-le-covid-19-la-scene-culturelle-rebaptisee-a-sousse\\\/#primaryimage\",\"url\":\"https:\\\/\\\/monmaghreb.com\\\/wp-content\\\/uploads\\\/2026\\\/04\\\/featured-359.jpg\",\"contentUrl\":\"https:\\\/\\\/monmaghreb.com\\\/wp-content\\\/uploads\\\/2026\\\/04\\\/featured-359.jpg\",\"width\":1880,\"height\":1253,\"caption\":\"renouveau lartisanat tunisien apr\u00e8s featured image\"},{\"@type\":\"BreadcrumbList\",\"@id\":\"https:\\\/\\\/monmaghreb.com\\\/index.php\\\/2026\\\/04\\\/25\\\/le-renouveau-de-lartisanat-tunisien-apres-le-covid-19-la-scene-culturelle-rebaptisee-a-sousse\\\/#breadcrumb\",\"itemListElement\":[{\"@type\":\"ListItem\",\"position\":1,\"name\":\"Home\",\"item\":\"http:\\\/\\\/monmaghreb.com\\\/\"},{\"@type\":\"ListItem\",\"position\":2,\"name\":\"Le renouveau de l&#8217;artisanat tunisien apr\u00e8s le Covid-19 : la sc\u00e8ne culturelle rebaptis\u00e9e \u00e0 Sousse\"}]},{\"@type\":\"WebSite\",\"@id\":\"http:\\\/\\\/monmaghreb.com\\\/#website\",\"url\":\"http:\\\/\\\/monmaghreb.com\\\/\",\"name\":\"Mon Maghreb\",\"description\":\"MonMaghreb United\",\"publisher\":{\"@id\":\"http:\\\/\\\/monmaghreb.com\\\/#organization\"},\"alternateName\":\"Le Monde du Maghreb et au del\u00e0\",\"potentialAction\":[{\"@type\":\"SearchAction\",\"target\":{\"@type\":\"EntryPoint\",\"urlTemplate\":\"http:\\\/\\\/monmaghreb.com\\\/?s={search_term_string}\"},\"query-input\":{\"@type\":\"PropertyValueSpecification\",\"valueRequired\":true,\"valueName\":\"search_term_string\"}}],\"inLanguage\":\"en-US\"},{\"@type\":\"Organization\",\"@id\":\"http:\\\/\\\/monmaghreb.com\\\/#organization\",\"name\":\"Mon Maghreb\",\"url\":\"http:\\\/\\\/monmaghreb.com\\\/\",\"logo\":{\"@type\":\"ImageObject\",\"inLanguage\":\"en-US\",\"@id\":\"http:\\\/\\\/monmaghreb.com\\\/#\\\/schema\\\/logo\\\/image\\\/\",\"url\":\"https:\\\/\\\/monmaghreb.com\\\/wp-content\\\/uploads\\\/2025\\\/12\\\/Mon_Maghreb_Logo.jpg\",\"contentUrl\":\"https:\\\/\\\/monmaghreb.com\\\/wp-content\\\/uploads\\\/2025\\\/12\\\/Mon_Maghreb_Logo.jpg\",\"width\":814,\"height\":374,\"caption\":\"Mon Maghreb\"},\"image\":{\"@id\":\"http:\\\/\\\/monmaghreb.com\\\/#\\\/schema\\\/logo\\\/image\\\/\"}},{\"@type\":\"Person\",\"@id\":\"http:\\\/\\\/monmaghreb.com\\\/#\\\/schema\\\/person\\\/c469a89dc8c6b8987dcb438b1200d054\",\"name\":\"LaMagh\",\"image\":{\"@type\":\"ImageObject\",\"inLanguage\":\"en-US\",\"@id\":\"https:\\\/\\\/secure.gravatar.com\\\/avatar\\\/399d8144bd55fba55e056779aca52fe528bac7911f6449e54d81173d6dfd7f0a?s=96&d=mm&r=g\",\"url\":\"https:\\\/\\\/secure.gravatar.com\\\/avatar\\\/399d8144bd55fba55e056779aca52fe528bac7911f6449e54d81173d6dfd7f0a?s=96&d=mm&r=g\",\"contentUrl\":\"https:\\\/\\\/secure.gravatar.com\\\/avatar\\\/399d8144bd55fba55e056779aca52fe528bac7911f6449e54d81173d6dfd7f0a?s=96&d=mm&r=g\",\"caption\":\"LaMagh\"},\"sameAs\":[\"https:\\\/\\\/monmaghreb.com\",\"https:\\\/\\\/www.facebook.com\\\/monmaghrebcom\",\"https:\\\/\\\/x.com\\\/MMaghreb50977\"],\"url\":\"https:\\\/\\\/monmaghreb.com\\\/index.php\\\/author\\\/lamagh\\\/\"}]}<\/script>\n<!-- \/ Yoast SEO plugin. -->","yoast_head_json":{"title":"Le renouveau de l'artisanat tunisien apr\u00e8s le Covid-19 : la","description":"Le renouveau de l'artisanat tunisien apr\u00e8s le Covid-19 : la sc\u00e8ne culturelle rebaptis\u00e9e \u00e0 Sousse","robots":{"index":"index","follow":"follow","max-snippet":"max-snippet:-1","max-image-preview":"max-image-preview:large","max-video-preview":"max-video-preview:-1"},"canonical":"https:\/\/monmaghreb.com\/index.php\/2026\/04\/25\/le-renouveau-de-lartisanat-tunisien-apres-le-covid-19-la-scene-culturelle-rebaptisee-a-sousse\/","og_locale":"en_US","og_type":"article","og_title":"Le renouveau de l'artisanat tunisien apr\u00e8s le Covid-19 : la sc\u00e8ne culturelle rebaptis\u00e9e \u00e0 Sousse","og_description":"Le renouveau de l'artisanat tunisien apr\u00e8s le Covid-19 : la sc\u00e8ne culturelle rebaptis\u00e9e \u00e0 Sousse","og_url":"https:\/\/monmaghreb.com\/index.php\/2026\/04\/25\/le-renouveau-de-lartisanat-tunisien-apres-le-covid-19-la-scene-culturelle-rebaptisee-a-sousse\/","og_site_name":"Mon Maghreb","article_author":"https:\/\/www.facebook.com\/monmaghrebcom","article_published_time":"2026-04-25T03:34:40+00:00","article_modified_time":"2026-04-25T03:34:42+00:00","og_image":[{"width":1880,"height":1253,"url":"https:\/\/monmaghreb.com\/wp-content\/uploads\/2026\/04\/featured-359.jpg","type":"image\/jpeg"}],"author":"LaMagh","twitter_card":"summary_large_image","twitter_creator":"@MMaghreb50977","twitter_misc":{"Written by":"LaMagh","Est. reading time":"2 minutes"},"schema":{"@context":"https:\/\/schema.org","@graph":[{"@type":"Article","@id":"https:\/\/monmaghreb.com\/index.php\/2026\/04\/25\/le-renouveau-de-lartisanat-tunisien-apres-le-covid-19-la-scene-culturelle-rebaptisee-a-sousse\/#article","isPartOf":{"@id":"https:\/\/monmaghreb.com\/index.php\/2026\/04\/25\/le-renouveau-de-lartisanat-tunisien-apres-le-covid-19-la-scene-culturelle-rebaptisee-a-sousse\/"},"author":{"name":"LaMagh","@id":"http:\/\/monmaghreb.com\/#\/schema\/person\/c469a89dc8c6b8987dcb438b1200d054"},"headline":"Le renouveau de l&#8217;artisanat tunisien apr\u00e8s le Covid-19 : la sc\u00e8ne culturelle rebaptis\u00e9e \u00e0 Sousse","datePublished":"2026-04-25T03:34:40+00:00","dateModified":"2026-04-25T03:34:42+00:00","mainEntityOfPage":{"@id":"https:\/\/monmaghreb.com\/index.php\/2026\/04\/25\/le-renouveau-de-lartisanat-tunisien-apres-le-covid-19-la-scene-culturelle-rebaptisee-a-sousse\/"},"wordCount":483,"publisher":{"@id":"http:\/\/monmaghreb.com\/#organization"},"image":{"@id":"https:\/\/monmaghreb.com\/index.php\/2026\/04\/25\/le-renouveau-de-lartisanat-tunisien-apres-le-covid-19-la-scene-culturelle-rebaptisee-a-sousse\/#primaryimage"},"thumbnailUrl":"https:\/\/monmaghreb.com\/wp-content\/uploads\/2026\/04\/featured-359.jpg","articleSection":["Tunisie"],"inLanguage":"en-US"},{"@type":"WebPage","@id":"https:\/\/monmaghreb.com\/index.php\/2026\/04\/25\/le-renouveau-de-lartisanat-tunisien-apres-le-covid-19-la-scene-culturelle-rebaptisee-a-sousse\/","url":"https:\/\/monmaghreb.com\/index.php\/2026\/04\/25\/le-renouveau-de-lartisanat-tunisien-apres-le-covid-19-la-scene-culturelle-rebaptisee-a-sousse\/","name":"Le renouveau de l'artisanat tunisien apr\u00e8s le Covid-19 : la","isPartOf":{"@id":"http:\/\/monmaghreb.com\/#website"},"primaryImageOfPage":{"@id":"https:\/\/monmaghreb.com\/index.php\/2026\/04\/25\/le-renouveau-de-lartisanat-tunisien-apres-le-covid-19-la-scene-culturelle-rebaptisee-a-sousse\/#primaryimage"},"image":{"@id":"https:\/\/monmaghreb.com\/index.php\/2026\/04\/25\/le-renouveau-de-lartisanat-tunisien-apres-le-covid-19-la-scene-culturelle-rebaptisee-a-sousse\/#primaryimage"},"thumbnailUrl":"https:\/\/monmaghreb.com\/wp-content\/uploads\/2026\/04\/featured-359.jpg","datePublished":"2026-04-25T03:34:40+00:00","dateModified":"2026-04-25T03:34:42+00:00","description":"Le renouveau de l'artisanat tunisien apr\u00e8s le Covid-19 : la sc\u00e8ne culturelle rebaptis\u00e9e \u00e0 Sousse","breadcrumb":{"@id":"https:\/\/monmaghreb.com\/index.php\/2026\/04\/25\/le-renouveau-de-lartisanat-tunisien-apres-le-covid-19-la-scene-culturelle-rebaptisee-a-sousse\/#breadcrumb"},"inLanguage":"en-US","potentialAction":[{"@type":"ReadAction","target":["https:\/\/monmaghreb.com\/index.php\/2026\/04\/25\/le-renouveau-de-lartisanat-tunisien-apres-le-covid-19-la-scene-culturelle-rebaptisee-a-sousse\/"]}]},{"@type":"ImageObject","inLanguage":"en-US","@id":"https:\/\/monmaghreb.com\/index.php\/2026\/04\/25\/le-renouveau-de-lartisanat-tunisien-apres-le-covid-19-la-scene-culturelle-rebaptisee-a-sousse\/#primaryimage","url":"https:\/\/monmaghreb.com\/wp-content\/uploads\/2026\/04\/featured-359.jpg","contentUrl":"https:\/\/monmaghreb.com\/wp-content\/uploads\/2026\/04\/featured-359.jpg","width":1880,"height":1253,"caption":"renouveau lartisanat tunisien apr\u00e8s featured image"},{"@type":"BreadcrumbList","@id":"https:\/\/monmaghreb.com\/index.php\/2026\/04\/25\/le-renouveau-de-lartisanat-tunisien-apres-le-covid-19-la-scene-culturelle-rebaptisee-a-sousse\/#breadcrumb","itemListElement":[{"@type":"ListItem","position":1,"name":"Home","item":"http:\/\/monmaghreb.com\/"},{"@type":"ListItem","position":2,"name":"Le renouveau de l&#8217;artisanat tunisien apr\u00e8s le Covid-19 : la sc\u00e8ne culturelle rebaptis\u00e9e \u00e0 Sousse"}]},{"@type":"WebSite","@id":"http:\/\/monmaghreb.com\/#website","url":"http:\/\/monmaghreb.com\/","name":"Mon Maghreb","description":"MonMaghreb United","publisher":{"@id":"http:\/\/monmaghreb.com\/#organization"},"alternateName":"Le Monde du Maghreb et au del\u00e0","potentialAction":[{"@type":"SearchAction","target":{"@type":"EntryPoint","urlTemplate":"http:\/\/monmaghreb.com\/?s={search_term_string}"},"query-input":{"@type":"PropertyValueSpecification","valueRequired":true,"valueName":"search_term_string"}}],"inLanguage":"en-US"},{"@type":"Organization","@id":"http:\/\/monmaghreb.com\/#organization","name":"Mon Maghreb","url":"http:\/\/monmaghreb.com\/","logo":{"@type":"ImageObject","inLanguage":"en-US","@id":"http:\/\/monmaghreb.com\/#\/schema\/logo\/image\/","url":"https:\/\/monmaghreb.com\/wp-content\/uploads\/2025\/12\/Mon_Maghreb_Logo.jpg","contentUrl":"https:\/\/monmaghreb.com\/wp-content\/uploads\/2025\/12\/Mon_Maghreb_Logo.jpg","width":814,"height":374,"caption":"Mon Maghreb"},"image":{"@id":"http:\/\/monmaghreb.com\/#\/schema\/logo\/image\/"}},{"@type":"Person","@id":"http:\/\/monmaghreb.com\/#\/schema\/person\/c469a89dc8c6b8987dcb438b1200d054","name":"LaMagh","image":{"@type":"ImageObject","inLanguage":"en-US","@id":"https:\/\/secure.gravatar.com\/avatar\/399d8144bd55fba55e056779aca52fe528bac7911f6449e54d81173d6dfd7f0a?s=96&d=mm&r=g","url":"https:\/\/secure.gravatar.com\/avatar\/399d8144bd55fba55e056779aca52fe528bac7911f6449e54d81173d6dfd7f0a?s=96&d=mm&r=g","contentUrl":"https:\/\/secure.gravatar.com\/avatar\/399d8144bd55fba55e056779aca52fe528bac7911f6449e54d81173d6dfd7f0a?s=96&d=mm&r=g","caption":"LaMagh"},"sameAs":["https:\/\/monmaghreb.com","https:\/\/www.facebook.com\/monmaghrebcom","https:\/\/x.com\/MMaghreb50977"],"url":"https:\/\/monmaghreb.com\/index.php\/author\/lamagh\/"}]}},"_links":{"self":[{"href":"https:\/\/monmaghreb.com\/index.php\/wp-json\/wp\/v2\/posts\/3401","targetHints":{"allow":["GET"]}}],"collection":[{"href":"https:\/\/monmaghreb.com\/index.php\/wp-json\/wp\/v2\/posts"}],"about":[{"href":"https:\/\/monmaghreb.com\/index.php\/wp-json\/wp\/v2\/types\/post"}],"author":[{"embeddable":true,"href":"https:\/\/monmaghreb.com\/index.php\/wp-json\/wp\/v2\/users\/1"}],"replies":[{"embeddable":true,"href":"https:\/\/monmaghreb.com\/index.php\/wp-json\/wp\/v2\/comments?post=3401"}],"version-history":[{"count":1,"href":"https:\/\/monmaghreb.com\/index.php\/wp-json\/wp\/v2\/posts\/3401\/revisions"}],"predecessor-version":[{"id":3402,"href":"https:\/\/monmaghreb.com\/index.php\/wp-json\/wp\/v2\/posts\/3401\/revisions\/3402"}],"wp:featuredmedia":[{"embeddable":true,"href":"https:\/\/monmaghreb.com\/index.php\/wp-json\/wp\/v2\/media\/3400"}],"wp:attachment":[{"href":"https:\/\/monmaghreb.com\/index.php\/wp-json\/wp\/v2\/media?parent=3401"}],"wp:term":[{"taxonomy":"category","embeddable":true,"href":"https:\/\/monmaghreb.com\/index.php\/wp-json\/wp\/v2\/categories?post=3401"},{"taxonomy":"post_tag","embeddable":true,"href":"https:\/\/monmaghreb.com\/index.php\/wp-json\/wp\/v2\/tags?post=3401"}],"curies":[{"name":"wp","href":"https:\/\/api.w.org\/{rel}","templated":true}]}}