{"id":3410,"date":"2026-04-25T10:58:17","date_gmt":"2026-04-25T10:58:17","guid":{"rendered":"https:\/\/monmaghreb.com\/index.php\/2026\/04\/25\/la-valorisation-des-collections-publiques-de-tapis-marocains-sous-le-protectorat-francais-1912-1935-un-nouvel-eclairage-sur-notre-patrimoine\/"},"modified":"2026-04-25T10:58:24","modified_gmt":"2026-04-25T10:58:24","slug":"la-valorisation-des-collections-publiques-de-tapis-marocains-sous-le-protectorat-francais-1912-1935-un-nouvel-eclairage-sur-notre-patrimoine","status":"publish","type":"post","link":"https:\/\/monmaghreb.com\/index.php\/2026\/04\/25\/la-valorisation-des-collections-publiques-de-tapis-marocains-sous-le-protectorat-francais-1912-1935-un-nouvel-eclairage-sur-notre-patrimoine\/","title":{"rendered":"La valorisation des collections publiques de tapis marocains sous le protectorat fran\u00e7ais (1912-1935) : un nouvel \u00e9clairage sur notre patrimoine"},"content":{"rendered":"<p><html lang=\"fr\"><br \/>\n<head><br \/>\n    <meta charset=\"UTF-8\"><br \/>\n    <title>La <a href=\"https:\/\/monmaghreb.com\/index.php\/2026\/04\/20\/valorisation-des-collections-publiques-de-tapis-marocains-sous-le-protectorat-francais-un-regard-sur-lartisanat-dantan\/\" title=\"Valorisation des collections publiques de tapis marocains sous le protectorat fran\u00e7ais : un regard sur l&#8217;artisanat d&#8217;antan\">valorisation<\/a> des collections publiques de tapis marocains sous le protectorat fran\u00e7ais (1912-1935)<\/title><br \/>\n<\/head><br \/>\n<body><\/p>\n<h1>La valorisation des collections publiques de tapis marocains sous le protectorat fran\u00e7ais (1912-1935) : un nouvel \u00e9clairage sur notre patrimoine<\/h1>\n<p>Aujourd&#8217;hui, la recherche historique permet de d\u00e9couvrir de nouveaux aspects du patrimoine culturel marocain. L&#8217;histoire des collections publiques de tapis marocains sous le protectorat fran\u00e7ais (1912-1935) est un exemple de cette d\u00e9couverte remarquable qui m\u00e9rite d&#8217;\u00eatre partag\u00e9e avec les lecteurs maghr\u00e9bins de la diaspora. Cette publication vise \u00e0 fournir un \u00e9clairage nouveau sur cette p\u00e9riode et \u00e0 souligner l&#8217;importance du patrimoine culturel marocain.<\/p>\n<h2>I. L&#8217;int\u00e9r\u00eat des tapis marocains au d\u00e9but du XXe si\u00e8cle<\/h2>\n<p>Lorsque le Maroc est devenu protectorat fran\u00e7ais en 1912, les collections publiques de tapis marocains \u00e9taient d\u00e9j\u00e0 consid\u00e9r\u00e9es comme un tr\u00e9sor culturel exceptionnel. Les collectionneurs et les antiquaires europ\u00e9ens ont commenc\u00e9 \u00e0 acqu\u00e9rir des tapis marocains pour leurs collections personnelles, ce qui a renforc\u00e9 l&#8217;int\u00e9r\u00eat pour le textile marocain.<\/p>\n<p>Les tapis marocains \u00e9taient \u00e9galement tr\u00e8s appr\u00e9ci\u00e9s dans le monde de l&#8217;art. Le marchand d&#8217;art fran\u00e7ais Paul C\u00e9zanne a acquis plusieurs tapis marocains et les a utilis\u00e9s comme toile de fond pour ses peintures, ce qui souligne leur importance dans le monde de l\u2019art occidental.<\/p>\n<p>Par exemple, le mus\u00e9e du Louvre \u00e0 Paris a acquis un tapis marocain datant du XVIIIe si\u00e8cle, qui est consid\u00e9r\u00e9 comme l&#8217;un des plus beaux exemples de la tradition textile marocaine. Ce tapis est actuellement expos\u00e9 dans une salle sp\u00e9cialement con\u00e7ue pour pr\u00e9senter les collections marocaines.<\/p>\n<h2>II. La formation du patrimoine culturel en Maroc<\/h2>\n<p>Durant le protectorat fran\u00e7ais, des centres de recherche et d&#8217;\u00e9tude ont \u00e9t\u00e9 cr\u00e9\u00e9s \u00e0 Rabat et Fez pour la conservation et l\u2019\u00e9tude des tapis marocains. Ces institutions ont jou\u00e9 un r\u00f4le crucial dans la formation du patrimoine culturel en Maroc.<\/p>\n<p>Les sp\u00e9cialistes travaillant \u00e0 ces centres ont identifi\u00e9, classifi\u00e9 et document\u00e9 les tapis marocains de mani\u00e8re d\u00e9taill\u00e9e. Les archives des centres de recherche contiennent des informations pr\u00e9cieuses sur la provenance, le style, l\u2019histoire et l\u2019iconographie des tapis marocains.<\/p>\n<h2>III. Les m\u00e9thodes de valorisation des collections publiques<\/h2>\n<p>La valorisation des collections publiques de tapis marocains a \u00e9t\u00e9 men\u00e9e par plusieurs organisations et institutions au cours du protectorat fran\u00e7ais. Certains mus\u00e9es en Europe ont consacr\u00e9 des expositions aux tapis marocains, ce qui a renforc\u00e9 leur statut de tr\u00e9sor culturel.<\/p>\n<p>Les \u00e9tablissements publics marocains ont \u00e9galement contribu\u00e9 \u00e0 la valorisation des collections publiques. Les mus\u00e9es royaux et les biblioth\u00e8ques nationales ont acquis des tapis marocains pour leurs collections, ce qui a renforc\u00e9 leur importance dans le patrimoine culturel marocain.<\/p>\n<h2>IV. La r\u00e9ception du patrimoine culturel par la soci\u00e9t\u00e9 marocaine<\/h2>\n<p>Bien que les tapis marocains soient consid\u00e9r\u00e9s comme un tr\u00e9sor culturel exceptionnel, leur valorisation a \u00e9t\u00e9 une source de controverse dans la soci\u00e9t\u00e9 marocaine. Certains Marocains ont accus\u00e9 les Europ\u00e9ens d&#8217;exploiter leur patrimoine culturel en les expropriant pour leurs collections personnelles ou leurs mus\u00e9es.<\/p>\n<p>Cependant, il est important de souligner que la plupart des tapis marocains ont \u00e9t\u00e9 acquis par \u00e9change et non pas par expropriation forc\u00e9e. Les Marocains ont \u00e9galement b\u00e9n\u00e9fici\u00e9 de l&#8217;expansion de leurs connaissances sur leur patrimoine culturel, ce qui a renforc\u00e9 leur identification nationale.<\/p>\n<h2>V. La conservation et la protection du patrimoine culturel marocain<\/h2>\n<p>La conservation et la protection du patrimoine culturel marocain ont \u00e9t\u00e9 des pr\u00e9occupations importantes durant le protectorat fran\u00e7ais. Les m\u00e9thodes de conservation utilis\u00e9es dans les centres de recherche et d&#8217;\u00e9tude \u00e9taient adapt\u00e9es \u00e0 chaque tapis pour prot\u00e9ger leur int\u00e9grit\u00e9 physique.<\/p>\n<p>Les sp\u00e9cialistes ont \u00e9galement travaill\u00e9 \u00e0 la cr\u00e9ation d&#8217;un registre national des tapis marocains pour les classer, documenter et pr\u00e9server. Ce registre continue de servir de r\u00e9f\u00e9rence pour les chercheurs en recherche historique.<\/p>\n<h2>VI. Les perspectives de la valorisation des collections publiques de tapis marocains<\/h2>\n<p>La valorisation des collections publiques de tapis marocains est une \u00e9tude encore en cours qui a d\u00e9j\u00e0 r\u00e9v\u00e9l\u00e9 des aspects int\u00e9ressants et peu connus de notre patrimoine culturel. Les chercheurs continuent \u00e0 travailler sur la conservation, l&#8217;\u00e9tude et la valorisation de ces collections pour que nous puissions mieux comprendre notre patrimoine marocain.<\/p>\n<p>Nous appelons les lecteurs maghr\u00e9bins de la diaspora \u00e0 visiter des expositions sur les tapis marocains et \u00e0 soutenir les institutions qui travaillent pour leur conservation. En r\u00e9unissant nos efforts, nous pouvons prot\u00e9ger notre patrimoine culturel pour les g\u00e9n\u00e9rations futures.<\/p>\n<div style=\"background:#f8f9fa;border-left:4px solid #0066cc;border-radius:6px;padding:20px 24px;margin:32px 0;\">\n<p style=\"font-size:13px;color:#888;text-transform:uppercase;letter-spacing:0.8px;margin:0 0 6px 0;\">Vous pourriez aussi aimer<\/p>\n<h3 style=\"font-size:18px;margin:0 0 14px 0;color:#222;\">Articles similaires<\/h3>\n<ul style=\"margin:0;padding-left:20px;list-style:disc;\">\n<li style=\"margin-bottom:10px;\"><a href=\"https:\/\/monmaghreb.com\/index.php\/2026\/04\/20\/valorisation-des-collections-publiques-de-tapis-marocains-sous-le-protectorat-francais-un-regard-sur-lartisanat-dantan\/\" style=\"color:#0066cc;text-decoration:none;font-weight:500;\" title=\"Valorisation des collections publiques de tapis marocains sous le protectorat fran\u00e7ais : un regard sur l&#8217;artisanat d&#8217;antan\">Valorisation des collections publiques de tapis marocains sous le protectorat fran\u00e7ais : un regard sur l&#8217;artisanat d&#8217;antan<\/a><\/li>\n<li style=\"margin-bottom:10px;\"><a href=\"https:\/\/monmaghreb.com\/index.php\/2026\/04\/23\/zellige-traditionnel-marocain-defense-au-patrimoine-culturel-par-lunesco\/\" style=\"color:#0066cc;text-decoration:none;font-weight:500;\" title=\"Zellige traditionnel marocain : d\u00e9fense au patrimoine culturel par l&#8217;UNESCO\">Zellige traditionnel marocain : d\u00e9fense au patrimoine culturel par l&#8217;UNESCO<\/a><\/li>\n<li style=\"margin-bottom:10px;\"><a href=\"https:\/\/monmaghreb.com\/index.php\/2026\/04\/25\/laugmentation-de-la-consommation-de-gaz-naturel-au-maroc-grace-a-lexploitation-du-maghreb-europe-un-nouvel-elan-pour-le-developpement-economique-marocain\/\" style=\"color:#0066cc;text-decoration:none;font-weight:500;\" title=\"L&#8217;augmentation de la consommation de gaz naturel au Maroc gr\u00e2ce \u00e0 l&#8217;exploitation du Maghreb-Europe : un nouvel \u00e9lan pour le d\u00e9veloppement \u00e9conomique marocain\">L&#8217;augmentation de la consommation de gaz naturel au Maroc gr\u00e2ce \u00e0 l&#8217;exploitation du Maghreb-Europe : un nouvel \u00e9lan pour le d\u00e9veloppement \u00e9conomique marocain<\/a><\/li>\n<li style=\"margin-bottom:10px;\"><a href=\"https:\/\/monmaghreb.com\/index.php\/2026\/04\/21\/oasis-du-maghreb-patrimoine-culturel-et-developpement-durable\/\" style=\"color:#0066cc;text-decoration:none;font-weight:500;\" title=\"Oasis du Maghreb : patrimoine culturel et d\u00e9veloppement durable\">Oasis du Maghreb : patrimoine culturel et d\u00e9veloppement durable<\/a><\/li>\n<li style=\"margin-bottom:10px;\"><a href=\"https:\/\/monmaghreb.com\/index.php\/2026\/04\/20\/limmigration-maghrebine-en-france-le-nouvel-equilibre-demographique\/\" style=\"color:#0066cc;text-decoration:none;font-weight:500;\" title=\"L&#8217;immigration maghr\u00e9bine en France : le nouvel \u00e9quilibre d\u00e9mographique\">L&#8217;immigration maghr\u00e9bine en France : le nouvel \u00e9quilibre d\u00e9mographique<\/a><\/li>\n<\/ul>\n<\/div>\n<p><\/body><br \/>\n<\/html><\/p>\n","protected":false},"excerpt":{"rendered":"<p>Discover new aspects of Moroccan heritage: the public carpet collections under French protection (1912-1935).<\/p>\n","protected":false},"author":1,"featured_media":3409,"comment_status":"closed","ping_status":"open","sticky":false,"template":"","format":"standard","meta":{"_yoast_wpseo_focuskw":"marocain tapis collection history","_yoast_wpseo_title":"La valorisation des collections publiques de tapis marocains","_yoast_wpseo_metadesc":"Discover new aspects of Moroccan heritage: the public carpet collections under French protection (1912-1935).","_yoast_wpseo_canonical":"","_yoast_wpseo_opengraph-title":"La valorisation des collections publiques de tapis marocains sous le protectorat fran\u00e7ais (1912-1935) : un nouvel \u00e9clairage sur notre patrimoine","_yoast_wpseo_opengraph-description":"Discover new aspects of Moroccan heritage: the public carpet collections under French protection (1912-1935).","_yoast_wpseo_opengraph-image":"","tdm_status":"","tdm_grid_status":"","footnotes":""},"categories":[652],"tags":[2318,1406,2317,2315,2316],"class_list":["post-3410","post","type-post","status-publish","format-standard","has-post-thumbnail","hentry","category-histoire-patrimoine","tag-article-academique","tag-france-protectorate","tag-histoire-du-berbere","tag-marocain-tapis-historique","tag-patrimoine-culturel-marocain"],"yoast_head":"<!-- This site is optimized with the Yoast SEO plugin v27.4 - https:\/\/yoast.com\/product\/yoast-seo-wordpress\/ -->\n<title>La valorisation des collections publiques de tapis marocains<\/title>\n<meta name=\"description\" content=\"Discover new aspects of Moroccan heritage: the public carpet collections under French protection (1912-1935).\" \/>\n<meta name=\"robots\" content=\"index, follow, max-snippet:-1, max-image-preview:large, max-video-preview:-1\" \/>\n<link rel=\"canonical\" href=\"https:\/\/monmaghreb.com\/index.php\/2026\/04\/25\/la-valorisation-des-collections-publiques-de-tapis-marocains-sous-le-protectorat-francais-1912-1935-un-nouvel-eclairage-sur-notre-patrimoine\/\" \/>\n<meta property=\"og:locale\" content=\"en_US\" \/>\n<meta property=\"og:type\" content=\"article\" \/>\n<meta property=\"og:title\" content=\"La valorisation des collections publiques de tapis marocains sous le protectorat fran\u00e7ais (1912-1935) : un nouvel \u00e9clairage sur notre patrimoine\" \/>\n<meta property=\"og:description\" content=\"Discover new aspects of Moroccan heritage: the public carpet collections under French protection (1912-1935).\" \/>\n<meta property=\"og:url\" content=\"https:\/\/monmaghreb.com\/index.php\/2026\/04\/25\/la-valorisation-des-collections-publiques-de-tapis-marocains-sous-le-protectorat-francais-1912-1935-un-nouvel-eclairage-sur-notre-patrimoine\/\" \/>\n<meta property=\"og:site_name\" content=\"Mon Maghreb\" \/>\n<meta property=\"article:author\" content=\"https:\/\/www.facebook.com\/monmaghrebcom\" \/>\n<meta property=\"article:published_time\" content=\"2026-04-25T10:58:17+00:00\" \/>\n<meta property=\"article:modified_time\" content=\"2026-04-25T10:58:24+00:00\" \/>\n<meta property=\"og:image\" content=\"https:\/\/monmaghreb.com\/wp-content\/uploads\/2026\/04\/featured-362.jpg\" \/>\n\t<meta property=\"og:image:width\" content=\"1880\" \/>\n\t<meta property=\"og:image:height\" content=\"1293\" \/>\n\t<meta property=\"og:image:type\" content=\"image\/jpeg\" \/>\n<meta name=\"author\" content=\"LaMagh\" \/>\n<meta name=\"twitter:card\" content=\"summary_large_image\" \/>\n<meta name=\"twitter:creator\" content=\"@MMaghreb50977\" \/>\n<meta name=\"twitter:label1\" content=\"Written by\" \/>\n\t<meta name=\"twitter:data1\" content=\"LaMagh\" \/>\n\t<meta name=\"twitter:label2\" content=\"Est. reading time\" \/>\n\t<meta name=\"twitter:data2\" content=\"4 minutes\" \/>\n<script type=\"application\/ld+json\" class=\"yoast-schema-graph\">{\"@context\":\"https:\\\/\\\/schema.org\",\"@graph\":[{\"@type\":\"Article\",\"@id\":\"https:\\\/\\\/monmaghreb.com\\\/index.php\\\/2026\\\/04\\\/25\\\/la-valorisation-des-collections-publiques-de-tapis-marocains-sous-le-protectorat-francais-1912-1935-un-nouvel-eclairage-sur-notre-patrimoine\\\/#article\",\"isPartOf\":{\"@id\":\"https:\\\/\\\/monmaghreb.com\\\/index.php\\\/2026\\\/04\\\/25\\\/la-valorisation-des-collections-publiques-de-tapis-marocains-sous-le-protectorat-francais-1912-1935-un-nouvel-eclairage-sur-notre-patrimoine\\\/\"},\"author\":{\"name\":\"LaMagh\",\"@id\":\"http:\\\/\\\/monmaghreb.com\\\/#\\\/schema\\\/person\\\/c469a89dc8c6b8987dcb438b1200d054\"},\"headline\":\"La valorisation des collections publiques de tapis marocains sous le protectorat fran\u00e7ais (1912-1935) : un nouvel \u00e9clairage sur notre patrimoine\",\"datePublished\":\"2026-04-25T10:58:17+00:00\",\"dateModified\":\"2026-04-25T10:58:24+00:00\",\"mainEntityOfPage\":{\"@id\":\"https:\\\/\\\/monmaghreb.com\\\/index.php\\\/2026\\\/04\\\/25\\\/la-valorisation-des-collections-publiques-de-tapis-marocains-sous-le-protectorat-francais-1912-1935-un-nouvel-eclairage-sur-notre-patrimoine\\\/\"},\"wordCount\":892,\"publisher\":{\"@id\":\"http:\\\/\\\/monmaghreb.com\\\/#organization\"},\"image\":{\"@id\":\"https:\\\/\\\/monmaghreb.com\\\/index.php\\\/2026\\\/04\\\/25\\\/la-valorisation-des-collections-publiques-de-tapis-marocains-sous-le-protectorat-francais-1912-1935-un-nouvel-eclairage-sur-notre-patrimoine\\\/#primaryimage\"},\"thumbnailUrl\":\"https:\\\/\\\/monmaghreb.com\\\/wp-content\\\/uploads\\\/2026\\\/04\\\/featured-362.jpg\",\"keywords\":[\"article academique\",\"france protectorate\",\"histoire du berb\u00e8re\",\"marocain tapis historique\",\"patrimoine culturel marocain\"],\"articleSection\":[\"Histoire &amp; Patrimoine\"],\"inLanguage\":\"en-US\"},{\"@type\":\"WebPage\",\"@id\":\"https:\\\/\\\/monmaghreb.com\\\/index.php\\\/2026\\\/04\\\/25\\\/la-valorisation-des-collections-publiques-de-tapis-marocains-sous-le-protectorat-francais-1912-1935-un-nouvel-eclairage-sur-notre-patrimoine\\\/\",\"url\":\"https:\\\/\\\/monmaghreb.com\\\/index.php\\\/2026\\\/04\\\/25\\\/la-valorisation-des-collections-publiques-de-tapis-marocains-sous-le-protectorat-francais-1912-1935-un-nouvel-eclairage-sur-notre-patrimoine\\\/\",\"name\":\"La valorisation des collections publiques de tapis marocains\",\"isPartOf\":{\"@id\":\"http:\\\/\\\/monmaghreb.com\\\/#website\"},\"primaryImageOfPage\":{\"@id\":\"https:\\\/\\\/monmaghreb.com\\\/index.php\\\/2026\\\/04\\\/25\\\/la-valorisation-des-collections-publiques-de-tapis-marocains-sous-le-protectorat-francais-1912-1935-un-nouvel-eclairage-sur-notre-patrimoine\\\/#primaryimage\"},\"image\":{\"@id\":\"https:\\\/\\\/monmaghreb.com\\\/index.php\\\/2026\\\/04\\\/25\\\/la-valorisation-des-collections-publiques-de-tapis-marocains-sous-le-protectorat-francais-1912-1935-un-nouvel-eclairage-sur-notre-patrimoine\\\/#primaryimage\"},\"thumbnailUrl\":\"https:\\\/\\\/monmaghreb.com\\\/wp-content\\\/uploads\\\/2026\\\/04\\\/featured-362.jpg\",\"datePublished\":\"2026-04-25T10:58:17+00:00\",\"dateModified\":\"2026-04-25T10:58:24+00:00\",\"description\":\"Discover new aspects of Moroccan heritage: the public carpet collections under French protection (1912-1935).\",\"breadcrumb\":{\"@id\":\"https:\\\/\\\/monmaghreb.com\\\/index.php\\\/2026\\\/04\\\/25\\\/la-valorisation-des-collections-publiques-de-tapis-marocains-sous-le-protectorat-francais-1912-1935-un-nouvel-eclairage-sur-notre-patrimoine\\\/#breadcrumb\"},\"inLanguage\":\"en-US\",\"potentialAction\":[{\"@type\":\"ReadAction\",\"target\":[\"https:\\\/\\\/monmaghreb.com\\\/index.php\\\/2026\\\/04\\\/25\\\/la-valorisation-des-collections-publiques-de-tapis-marocains-sous-le-protectorat-francais-1912-1935-un-nouvel-eclairage-sur-notre-patrimoine\\\/\"]}]},{\"@type\":\"ImageObject\",\"inLanguage\":\"en-US\",\"@id\":\"https:\\\/\\\/monmaghreb.com\\\/index.php\\\/2026\\\/04\\\/25\\\/la-valorisation-des-collections-publiques-de-tapis-marocains-sous-le-protectorat-francais-1912-1935-un-nouvel-eclairage-sur-notre-patrimoine\\\/#primaryimage\",\"url\":\"https:\\\/\\\/monmaghreb.com\\\/wp-content\\\/uploads\\\/2026\\\/04\\\/featured-362.jpg\",\"contentUrl\":\"https:\\\/\\\/monmaghreb.com\\\/wp-content\\\/uploads\\\/2026\\\/04\\\/featured-362.jpg\",\"width\":1880,\"height\":1293,\"caption\":\"Moroccan rug collection under French protection (1912-1935)\"},{\"@type\":\"BreadcrumbList\",\"@id\":\"https:\\\/\\\/monmaghreb.com\\\/index.php\\\/2026\\\/04\\\/25\\\/la-valorisation-des-collections-publiques-de-tapis-marocains-sous-le-protectorat-francais-1912-1935-un-nouvel-eclairage-sur-notre-patrimoine\\\/#breadcrumb\",\"itemListElement\":[{\"@type\":\"ListItem\",\"position\":1,\"name\":\"Home\",\"item\":\"http:\\\/\\\/monmaghreb.com\\\/\"},{\"@type\":\"ListItem\",\"position\":2,\"name\":\"La valorisation des collections publiques de tapis marocains sous le protectorat fran\u00e7ais (1912-1935) : un nouvel \u00e9clairage sur notre patrimoine\"}]},{\"@type\":\"WebSite\",\"@id\":\"http:\\\/\\\/monmaghreb.com\\\/#website\",\"url\":\"http:\\\/\\\/monmaghreb.com\\\/\",\"name\":\"Mon Maghreb\",\"description\":\"MonMaghreb United\",\"publisher\":{\"@id\":\"http:\\\/\\\/monmaghreb.com\\\/#organization\"},\"alternateName\":\"Le Monde du Maghreb et au del\u00e0\",\"potentialAction\":[{\"@type\":\"SearchAction\",\"target\":{\"@type\":\"EntryPoint\",\"urlTemplate\":\"http:\\\/\\\/monmaghreb.com\\\/?s={search_term_string}\"},\"query-input\":{\"@type\":\"PropertyValueSpecification\",\"valueRequired\":true,\"valueName\":\"search_term_string\"}}],\"inLanguage\":\"en-US\"},{\"@type\":\"Organization\",\"@id\":\"http:\\\/\\\/monmaghreb.com\\\/#organization\",\"name\":\"Mon Maghreb\",\"url\":\"http:\\\/\\\/monmaghreb.com\\\/\",\"logo\":{\"@type\":\"ImageObject\",\"inLanguage\":\"en-US\",\"@id\":\"http:\\\/\\\/monmaghreb.com\\\/#\\\/schema\\\/logo\\\/image\\\/\",\"url\":\"https:\\\/\\\/monmaghreb.com\\\/wp-content\\\/uploads\\\/2025\\\/12\\\/Mon_Maghreb_Logo.jpg\",\"contentUrl\":\"https:\\\/\\\/monmaghreb.com\\\/wp-content\\\/uploads\\\/2025\\\/12\\\/Mon_Maghreb_Logo.jpg\",\"width\":814,\"height\":374,\"caption\":\"Mon Maghreb\"},\"image\":{\"@id\":\"http:\\\/\\\/monmaghreb.com\\\/#\\\/schema\\\/logo\\\/image\\\/\"}},{\"@type\":\"Person\",\"@id\":\"http:\\\/\\\/monmaghreb.com\\\/#\\\/schema\\\/person\\\/c469a89dc8c6b8987dcb438b1200d054\",\"name\":\"LaMagh\",\"image\":{\"@type\":\"ImageObject\",\"inLanguage\":\"en-US\",\"@id\":\"https:\\\/\\\/secure.gravatar.com\\\/avatar\\\/399d8144bd55fba55e056779aca52fe528bac7911f6449e54d81173d6dfd7f0a?s=96&d=mm&r=g\",\"url\":\"https:\\\/\\\/secure.gravatar.com\\\/avatar\\\/399d8144bd55fba55e056779aca52fe528bac7911f6449e54d81173d6dfd7f0a?s=96&d=mm&r=g\",\"contentUrl\":\"https:\\\/\\\/secure.gravatar.com\\\/avatar\\\/399d8144bd55fba55e056779aca52fe528bac7911f6449e54d81173d6dfd7f0a?s=96&d=mm&r=g\",\"caption\":\"LaMagh\"},\"sameAs\":[\"https:\\\/\\\/monmaghreb.com\",\"https:\\\/\\\/www.facebook.com\\\/monmaghrebcom\",\"https:\\\/\\\/x.com\\\/MMaghreb50977\"],\"url\":\"https:\\\/\\\/monmaghreb.com\\\/index.php\\\/author\\\/lamagh\\\/\"}]}<\/script>\n<!-- \/ Yoast SEO plugin. -->","yoast_head_json":{"title":"La valorisation des collections publiques de tapis marocains","description":"Discover new aspects of Moroccan heritage: the public carpet collections under French protection (1912-1935).","robots":{"index":"index","follow":"follow","max-snippet":"max-snippet:-1","max-image-preview":"max-image-preview:large","max-video-preview":"max-video-preview:-1"},"canonical":"https:\/\/monmaghreb.com\/index.php\/2026\/04\/25\/la-valorisation-des-collections-publiques-de-tapis-marocains-sous-le-protectorat-francais-1912-1935-un-nouvel-eclairage-sur-notre-patrimoine\/","og_locale":"en_US","og_type":"article","og_title":"La valorisation des collections publiques de tapis marocains sous le protectorat fran\u00e7ais (1912-1935) : un nouvel \u00e9clairage sur notre patrimoine","og_description":"Discover new aspects of Moroccan heritage: the public carpet collections under French protection (1912-1935).","og_url":"https:\/\/monmaghreb.com\/index.php\/2026\/04\/25\/la-valorisation-des-collections-publiques-de-tapis-marocains-sous-le-protectorat-francais-1912-1935-un-nouvel-eclairage-sur-notre-patrimoine\/","og_site_name":"Mon Maghreb","article_author":"https:\/\/www.facebook.com\/monmaghrebcom","article_published_time":"2026-04-25T10:58:17+00:00","article_modified_time":"2026-04-25T10:58:24+00:00","og_image":[{"width":1880,"height":1293,"url":"https:\/\/monmaghreb.com\/wp-content\/uploads\/2026\/04\/featured-362.jpg","type":"image\/jpeg"}],"author":"LaMagh","twitter_card":"summary_large_image","twitter_creator":"@MMaghreb50977","twitter_misc":{"Written by":"LaMagh","Est. reading time":"4 minutes"},"schema":{"@context":"https:\/\/schema.org","@graph":[{"@type":"Article","@id":"https:\/\/monmaghreb.com\/index.php\/2026\/04\/25\/la-valorisation-des-collections-publiques-de-tapis-marocains-sous-le-protectorat-francais-1912-1935-un-nouvel-eclairage-sur-notre-patrimoine\/#article","isPartOf":{"@id":"https:\/\/monmaghreb.com\/index.php\/2026\/04\/25\/la-valorisation-des-collections-publiques-de-tapis-marocains-sous-le-protectorat-francais-1912-1935-un-nouvel-eclairage-sur-notre-patrimoine\/"},"author":{"name":"LaMagh","@id":"http:\/\/monmaghreb.com\/#\/schema\/person\/c469a89dc8c6b8987dcb438b1200d054"},"headline":"La valorisation des collections publiques de tapis marocains sous le protectorat fran\u00e7ais (1912-1935) : un nouvel \u00e9clairage sur notre patrimoine","datePublished":"2026-04-25T10:58:17+00:00","dateModified":"2026-04-25T10:58:24+00:00","mainEntityOfPage":{"@id":"https:\/\/monmaghreb.com\/index.php\/2026\/04\/25\/la-valorisation-des-collections-publiques-de-tapis-marocains-sous-le-protectorat-francais-1912-1935-un-nouvel-eclairage-sur-notre-patrimoine\/"},"wordCount":892,"publisher":{"@id":"http:\/\/monmaghreb.com\/#organization"},"image":{"@id":"https:\/\/monmaghreb.com\/index.php\/2026\/04\/25\/la-valorisation-des-collections-publiques-de-tapis-marocains-sous-le-protectorat-francais-1912-1935-un-nouvel-eclairage-sur-notre-patrimoine\/#primaryimage"},"thumbnailUrl":"https:\/\/monmaghreb.com\/wp-content\/uploads\/2026\/04\/featured-362.jpg","keywords":["article academique","france protectorate","histoire du berb\u00e8re","marocain tapis historique","patrimoine culturel marocain"],"articleSection":["Histoire &amp; Patrimoine"],"inLanguage":"en-US"},{"@type":"WebPage","@id":"https:\/\/monmaghreb.com\/index.php\/2026\/04\/25\/la-valorisation-des-collections-publiques-de-tapis-marocains-sous-le-protectorat-francais-1912-1935-un-nouvel-eclairage-sur-notre-patrimoine\/","url":"https:\/\/monmaghreb.com\/index.php\/2026\/04\/25\/la-valorisation-des-collections-publiques-de-tapis-marocains-sous-le-protectorat-francais-1912-1935-un-nouvel-eclairage-sur-notre-patrimoine\/","name":"La valorisation des collections publiques de tapis marocains","isPartOf":{"@id":"http:\/\/monmaghreb.com\/#website"},"primaryImageOfPage":{"@id":"https:\/\/monmaghreb.com\/index.php\/2026\/04\/25\/la-valorisation-des-collections-publiques-de-tapis-marocains-sous-le-protectorat-francais-1912-1935-un-nouvel-eclairage-sur-notre-patrimoine\/#primaryimage"},"image":{"@id":"https:\/\/monmaghreb.com\/index.php\/2026\/04\/25\/la-valorisation-des-collections-publiques-de-tapis-marocains-sous-le-protectorat-francais-1912-1935-un-nouvel-eclairage-sur-notre-patrimoine\/#primaryimage"},"thumbnailUrl":"https:\/\/monmaghreb.com\/wp-content\/uploads\/2026\/04\/featured-362.jpg","datePublished":"2026-04-25T10:58:17+00:00","dateModified":"2026-04-25T10:58:24+00:00","description":"Discover new aspects of Moroccan heritage: the public carpet collections under French protection (1912-1935).","breadcrumb":{"@id":"https:\/\/monmaghreb.com\/index.php\/2026\/04\/25\/la-valorisation-des-collections-publiques-de-tapis-marocains-sous-le-protectorat-francais-1912-1935-un-nouvel-eclairage-sur-notre-patrimoine\/#breadcrumb"},"inLanguage":"en-US","potentialAction":[{"@type":"ReadAction","target":["https:\/\/monmaghreb.com\/index.php\/2026\/04\/25\/la-valorisation-des-collections-publiques-de-tapis-marocains-sous-le-protectorat-francais-1912-1935-un-nouvel-eclairage-sur-notre-patrimoine\/"]}]},{"@type":"ImageObject","inLanguage":"en-US","@id":"https:\/\/monmaghreb.com\/index.php\/2026\/04\/25\/la-valorisation-des-collections-publiques-de-tapis-marocains-sous-le-protectorat-francais-1912-1935-un-nouvel-eclairage-sur-notre-patrimoine\/#primaryimage","url":"https:\/\/monmaghreb.com\/wp-content\/uploads\/2026\/04\/featured-362.jpg","contentUrl":"https:\/\/monmaghreb.com\/wp-content\/uploads\/2026\/04\/featured-362.jpg","width":1880,"height":1293,"caption":"Moroccan rug collection under French protection (1912-1935)"},{"@type":"BreadcrumbList","@id":"https:\/\/monmaghreb.com\/index.php\/2026\/04\/25\/la-valorisation-des-collections-publiques-de-tapis-marocains-sous-le-protectorat-francais-1912-1935-un-nouvel-eclairage-sur-notre-patrimoine\/#breadcrumb","itemListElement":[{"@type":"ListItem","position":1,"name":"Home","item":"http:\/\/monmaghreb.com\/"},{"@type":"ListItem","position":2,"name":"La valorisation des collections publiques de tapis marocains sous le protectorat fran\u00e7ais (1912-1935) : un nouvel \u00e9clairage sur notre patrimoine"}]},{"@type":"WebSite","@id":"http:\/\/monmaghreb.com\/#website","url":"http:\/\/monmaghreb.com\/","name":"Mon Maghreb","description":"MonMaghreb United","publisher":{"@id":"http:\/\/monmaghreb.com\/#organization"},"alternateName":"Le Monde du Maghreb et au del\u00e0","potentialAction":[{"@type":"SearchAction","target":{"@type":"EntryPoint","urlTemplate":"http:\/\/monmaghreb.com\/?s={search_term_string}"},"query-input":{"@type":"PropertyValueSpecification","valueRequired":true,"valueName":"search_term_string"}}],"inLanguage":"en-US"},{"@type":"Organization","@id":"http:\/\/monmaghreb.com\/#organization","name":"Mon Maghreb","url":"http:\/\/monmaghreb.com\/","logo":{"@type":"ImageObject","inLanguage":"en-US","@id":"http:\/\/monmaghreb.com\/#\/schema\/logo\/image\/","url":"https:\/\/monmaghreb.com\/wp-content\/uploads\/2025\/12\/Mon_Maghreb_Logo.jpg","contentUrl":"https:\/\/monmaghreb.com\/wp-content\/uploads\/2025\/12\/Mon_Maghreb_Logo.jpg","width":814,"height":374,"caption":"Mon Maghreb"},"image":{"@id":"http:\/\/monmaghreb.com\/#\/schema\/logo\/image\/"}},{"@type":"Person","@id":"http:\/\/monmaghreb.com\/#\/schema\/person\/c469a89dc8c6b8987dcb438b1200d054","name":"LaMagh","image":{"@type":"ImageObject","inLanguage":"en-US","@id":"https:\/\/secure.gravatar.com\/avatar\/399d8144bd55fba55e056779aca52fe528bac7911f6449e54d81173d6dfd7f0a?s=96&d=mm&r=g","url":"https:\/\/secure.gravatar.com\/avatar\/399d8144bd55fba55e056779aca52fe528bac7911f6449e54d81173d6dfd7f0a?s=96&d=mm&r=g","contentUrl":"https:\/\/secure.gravatar.com\/avatar\/399d8144bd55fba55e056779aca52fe528bac7911f6449e54d81173d6dfd7f0a?s=96&d=mm&r=g","caption":"LaMagh"},"sameAs":["https:\/\/monmaghreb.com","https:\/\/www.facebook.com\/monmaghrebcom","https:\/\/x.com\/MMaghreb50977"],"url":"https:\/\/monmaghreb.com\/index.php\/author\/lamagh\/"}]}},"_links":{"self":[{"href":"https:\/\/monmaghreb.com\/index.php\/wp-json\/wp\/v2\/posts\/3410","targetHints":{"allow":["GET"]}}],"collection":[{"href":"https:\/\/monmaghreb.com\/index.php\/wp-json\/wp\/v2\/posts"}],"about":[{"href":"https:\/\/monmaghreb.com\/index.php\/wp-json\/wp\/v2\/types\/post"}],"author":[{"embeddable":true,"href":"https:\/\/monmaghreb.com\/index.php\/wp-json\/wp\/v2\/users\/1"}],"replies":[{"embeddable":true,"href":"https:\/\/monmaghreb.com\/index.php\/wp-json\/wp\/v2\/comments?post=3410"}],"version-history":[{"count":1,"href":"https:\/\/monmaghreb.com\/index.php\/wp-json\/wp\/v2\/posts\/3410\/revisions"}],"predecessor-version":[{"id":3411,"href":"https:\/\/monmaghreb.com\/index.php\/wp-json\/wp\/v2\/posts\/3410\/revisions\/3411"}],"wp:featuredmedia":[{"embeddable":true,"href":"https:\/\/monmaghreb.com\/index.php\/wp-json\/wp\/v2\/media\/3409"}],"wp:attachment":[{"href":"https:\/\/monmaghreb.com\/index.php\/wp-json\/wp\/v2\/media?parent=3410"}],"wp:term":[{"taxonomy":"category","embeddable":true,"href":"https:\/\/monmaghreb.com\/index.php\/wp-json\/wp\/v2\/categories?post=3410"},{"taxonomy":"post_tag","embeddable":true,"href":"https:\/\/monmaghreb.com\/index.php\/wp-json\/wp\/v2\/tags?post=3410"}],"curies":[{"name":"wp","href":"https:\/\/api.w.org\/{rel}","templated":true}]}}