{"id":3413,"date":"2026-04-25T11:04:52","date_gmt":"2026-04-25T11:04:52","guid":{"rendered":"https:\/\/monmaghreb.com\/index.php\/2026\/04\/25\/le-medef-rapproche-les-relations-avec-lalgerie-une-nouvelle-perspective-economique-pour-la-diaspora-maghrebine\/"},"modified":"2026-04-25T11:04:57","modified_gmt":"2026-04-25T11:04:57","slug":"le-medef-rapproche-les-relations-avec-lalgerie-une-nouvelle-perspective-economique-pour-la-diaspora-maghrebine","status":"publish","type":"post","link":"https:\/\/monmaghreb.com\/index.php\/2026\/04\/25\/le-medef-rapproche-les-relations-avec-lalgerie-une-nouvelle-perspective-economique-pour-la-diaspora-maghrebine\/","title":{"rendered":"Le Medef rapproche les relations avec l&#8217;Alg\u00e9rie : une nouvelle perspective \u00e9conomique pour la diaspora maghr\u00e9bine"},"content":{"rendered":"<p><!DOCTYPE html><br \/>\n<html lang='fr'><br \/>\n<head><br \/>\n\t<meta charset='UTF-8'><br \/>\n\t<title>Le Medef rapproche les relations avec l&#8217;Alg\u00e9rie : une nouvelle perspective \u00e9conomique pour la diaspora <a href=\"https:\/\/monmaghreb.com\/index.php\/2026\/04\/21\/plaidoyer-du-pape-pour-une-societe-civile-libre-en-algerie-un-appel-a-la-diaspora-maghrebine\/\" title=\"Plaidoyer du Pape pour une Soci\u00e9t\u00e9 Civile Libre en Alg\u00e9rie : Un appel \u00e0 la diaspora maghr\u00e9bine\">maghr\u00e9bine<\/a><\/title><br \/>\n<\/head><br \/>\n<body><\/p>\n<h1>Le Medef rapproche les relations avec l&#8217;Alg\u00e9rie : une nouvelle perspective \u00e9conomique pour la diaspora maghr\u00e9bine<\/h1>\n<p>\t<script type=\"application\/ld+json\">\n{\n  \"@context\": \"https:\/\/schema.org\/\",\n  \"@type\": \"Recipe\",\n  \"name\": \"Le Medef rapproche les relations avec l'Alg\u00e9rie : une nouvelle perspective \u00e9conomique pour la diaspora maghr\u00e9bine\",\n  \"description\": \"Le Medef a d\u00e9clar\u00e9 son intention de renforcer les liens commerciaux et d'investissement entre la France et l'Alg\u00e9rie, pr\u00e9sentant de nouvelles opportunit\u00e9s pour la diaspora maghr\u00e9bine en mati\u00e8re d'emploi, d'entrepreneuriat et de d\u00e9veloppement \u00e9conomique.\",\n  \"prepTime\": \"PT30M\",\n  \"cookTime\": \"PT30M\",\n  \"totalTime\": \"PT30M\",\n  \"recipeYield\": \"4 servings\",\n  \"recipeIngredient\": [],\n  \"recipeInstructions\": [],\n  \"recipeCategory\": \"Main Course\",\n  \"recipeCuisine\": \"Maghrebi\",\n  \"keywords\": \"\",\n  \"datePublished\": \"2026-04-25\",\n  \"author\": {\n    \"@type\": \"Organization\",\n    \"name\": \"\"\n  }\n}\n<\/script><\/p>\n<p>Il est temps de se r\u00e9inventer et d&#8217;envisager de nouvelles opportunit\u00e9s en mati\u00e8re d&#8217;emploi, d&#8217;entrepreneuriat et de d\u00e9veloppement \u00e9conomique. C&#8217;est dans ce contexte que le Medef, la f\u00e9d\u00e9ration des entreprises fran\u00e7aises, a d\u00e9clar\u00e9 son intention de renforcer les liens commerciaux et d&#8217;investissement entre la France et l&#8217;Alg\u00e9rie. Cette nouvelle perspective peut pr\u00e9senter de nouvelles opportunit\u00e9s pour la diaspora maghr\u00e9bine.<\/p>\n<h2>L&#8217;importance du Medef dans le contexte \u00e9conomique fran\u00e7ais<\/h2>\n<p>Le Medef est une organisation qui repr\u00e9sente plus de 700 000 entreprises, dont 100 000 sont des PME et PMI. Avec un chiffre d&#8217;affaires total de plus de 2,4 billions d&#8217;euros, le Medef est une force \u00e9conomique importante en France.<\/p>\n<p>Pour comprendre l&#8217;importance du Medef, il est important de noter que la France est d\u00e9j\u00e0 l&#8217;un des principaux partenaires commerciaux de l&#8217;Alg\u00e9rie. Les investissements fran\u00e7ais dans le pays ont atteint 14 milliards d&#8217;euros en 2018. Cependant, il y a encore beaucoup de potentiel pour le d\u00e9veloppement de nouvelles relations \u00e9conomiques entre les deux pays.<\/p>\n<h2>Les opportunit\u00e9s pour la diaspora maghr\u00e9bine<\/h2>\n<p>La diaspora maghr\u00e9bine peut profiter des liens plus \u00e9troits entre la France et l&#8217;Alg\u00e9rie en termes d&#8217;emploi, d&#8217;entrepreneuriat et de d\u00e9veloppement \u00e9conomique.<\/p>\n<ul>\n<li><strong>L&#8217;emploi :<\/strong> Les entreprises fran\u00e7aises chercheront des collaborateurs avec une connaissance du march\u00e9 alg\u00e9rien. La diaspora maghr\u00e9bine peut \u00eatre un atout en ce sens. Par exemple, si vous avez d\u00e9j\u00e0 travaill\u00e9 dans le secteur de l&#8217;\u00e9nergie en Alg\u00e9rie, vous pouvez vous pr\u00e9senter comme un expert en la mati\u00e8re.<\/li>\n<li><strong>L&#8217;entrepreneuriat :<\/strong> Si vous \u00eates entrepreneur, l&#8217;Alg\u00e9rie peut pr\u00e9senter de nouvelles opportunit\u00e9s pour votre activit\u00e9. Vous pouvez profiter des connaissances que vous avez de la culture et du march\u00e9 alg\u00e9rien pour d\u00e9velopper vos affaires.<\/li>\n<li><strong>Le d\u00e9veloppement \u00e9conomique :<\/strong> Si vous souhaitez aider \u00e0 d\u00e9velopper l&#8217;\u00e9conomie alg\u00e9rienne, vous pouvez soutenir les projets de d\u00e9veloppement dans le pays. Cela peut \u00eatre une fa\u00e7on int\u00e9ressante d&#8217;investir et de faire du b\u00e9n\u00e9fice.<\/li>\n<\/ul>\n<h2>Quels secteurs offrent les meilleures opportunit\u00e9s ?<\/h2>\n<p>Les secteurs qui offrent les meilleures opportunities sont l&#8217;\u00e9nergie, l&#8217;agriculture et la construction. L&#8217;Alg\u00e9rie poss\u00e8de des ressources \u00e9nerg\u00e9tiques consid\u00e9rables, et les entreprises fran\u00e7aises ont une exp\u00e9rience importante dans ces secteurs.<\/p>\n<p>L&#8217;Alg\u00e9rie est \u00e9galement un pays en pleine transition agricole. Les entreprises fran\u00e7aises peuvent aider \u00e0 moderniser l&#8217;agriculture alg\u00e9rienne et \u00e0 am\u00e9liorer sa productivit\u00e9. Cela peut inclure la mise en place de syst\u00e8mes de culture durable, la formation aux techniques agricoles innovantes ou la cr\u00e9ation d&#8217;\u00e9co-quartiers.<\/p>\n<p>La construction est \u00e9galement un secteur important pour la coop\u00e9ration entre la France et l&#8217;Alg\u00e9rie. Les entreprises fran\u00e7aises ont une exp\u00e9rience importante dans les techniques de construction durable et \u00e9nergie efficiente, ce qui peut \u00eatre utile pour le d\u00e9veloppement urbain en Alg\u00e9rie.<\/p>\n<h2>Comment les diaspora maghr\u00e9bine peuvent contribuer ?<\/h2>\n<p>Les diaspora maghr\u00e9bine peuvent contribuer \u00e0 ce changement en apportant leur expertise, leurs ressources et leur engagement.<\/p>\n<ul>\n<li><strong>L&#8217;expertise :<\/strong> Si vous \u00eates un expert dans un secteur cl\u00e9 pour le d\u00e9veloppement \u00e9conomique de l&#8217;Alg\u00e9rie, vous pouvez aider les entreprises fran\u00e7aises \u00e0 se positionner sur le march\u00e9. Vous pouvez partager vos connaissances avec des entreprises alg\u00e9riennes ou aider \u00e0 la mise en place de nouveaux projets.<\/li>\n<li><strong>Les ressources :<\/strong> Les diaspora maghr\u00e9bine peuvent fournir des ressources financi\u00e8res pour les projets de d\u00e9veloppement en Alg\u00e9rie. Cela peut inclure l&#8217;investissement direct ou l&#8217;octroi de subventions.<\/li>\n<li><strong>L&#8217;engagement :<\/strong> Les diaspora maghr\u00e9bine peuvent apporter leur engagement et leur soutien aux initiatives de d\u00e9veloppement \u00e9conomique en Alg\u00e9rie. Cela peut inclure le mentorat, la formation ou simplement l&#8217;encouragement aux entreprises fran\u00e7aises.<\/li>\n<\/ul>\n<h2>Conclusion : un appel \u00e0 l&#8217;action pour la diaspora maghr\u00e9bine<\/h2>\n<p>La collaboration \u00e9conomique entre la France et l&#8217;Alg\u00e9rie offre de grandes opportunit\u00e9s pour la diaspora maghr\u00e9bine. Si vous souhaitez contribuer \u00e0 ce changement, vous pouvez apporter votre expertise, vos ressources et votre engagement.<\/p>\n<p>N&#8217;h\u00e9sitez pas \u00e0 profiter des liens plus \u00e9troits entre la France et l&#8217;Alg\u00e9rie pour d\u00e9velopper vos activit\u00e9s, votre carri\u00e8re ou votre engagement. Le Medef est l\u00e0 pour vous aider.<\/p>\n<div style=\"background:#f8f9fa;border-left:4px solid #0066cc;border-radius:6px;padding:20px 24px;margin:32px 0;\">\n<p style=\"font-size:13px;color:#888;text-transform:uppercase;letter-spacing:0.8px;margin:0 0 6px 0;\">Vous pourriez aussi aimer<\/p>\n<h3 style=\"font-size:18px;margin:0 0 14px 0;color:#222;\">Articles similaires<\/h3>\n<ul style=\"margin:0;padding-left:20px;list-style:disc;\">\n<li style=\"margin-bottom:10px;\"><a href=\"https:\/\/monmaghreb.com\/index.php\/2026\/04\/21\/plaidoyer-du-pape-pour-une-societe-civile-libre-en-algerie-un-appel-a-la-diaspora-maghrebine\/\" style=\"color:#0066cc;text-decoration:none;font-weight:500;\" title=\"Plaidoyer du Pape pour une Soci\u00e9t\u00e9 Civile Libre en Alg\u00e9rie : Un appel \u00e0 la diaspora maghr\u00e9bine\">Plaidoyer du Pape pour une Soci\u00e9t\u00e9 Civile Libre en Alg\u00e9rie : Un appel \u00e0 la diaspora maghr\u00e9bine<\/a><\/li>\n<li style=\"margin-bottom:10px;\"><a href=\"https:\/\/monmaghreb.com\/index.php\/2026\/04\/20\/limmigration-maghrebine-en-france-le-nouvel-equilibre-demographique\/\" style=\"color:#0066cc;text-decoration:none;font-weight:500;\" title=\"L&#8217;immigration maghr\u00e9bine en France : le nouvel \u00e9quilibre d\u00e9mographique\">L&#8217;immigration maghr\u00e9bine en France : le nouvel \u00e9quilibre d\u00e9mographique<\/a><\/li>\n<li style=\"margin-bottom:10px;\"><a href=\"https:\/\/monmaghreb.com\/index.php\/2026\/04\/25\/laugmentation-de-la-consommation-de-gaz-naturel-au-maroc-grace-a-lexploitation-du-maghreb-europe-un-nouvel-elan-pour-le-developpement-economique-marocain\/\" style=\"color:#0066cc;text-decoration:none;font-weight:500;\" title=\"L&#8217;augmentation de la consommation de gaz naturel au Maroc gr\u00e2ce \u00e0 l&#8217;exploitation du Maghreb-Europe : un nouvel \u00e9lan pour le d\u00e9veloppement \u00e9conomique marocain\">L&#8217;augmentation de la consommation de gaz naturel au Maroc gr\u00e2ce \u00e0 l&#8217;exploitation du Maghreb-Europe : un nouvel \u00e9lan pour le d\u00e9veloppement \u00e9conomique marocain<\/a><\/li>\n<li style=\"margin-bottom:10px;\"><a href=\"https:\/\/monmaghreb.com\/index.php\/2026\/04\/22\/un-voyage-humanitaire-en-maroc-mene-par-des-adolescents-de-bergerac-un-exemple-inspiring-pour-la-diaspora-maghrebine\/\" style=\"color:#0066cc;text-decoration:none;font-weight:500;\" title=\"Un voyage humanitaire en Maroc men\u00e9 par des adolescents de Bergerac : un exemple inspiring pour la diaspora maghr\u00e9bine\">Un voyage humanitaire en Maroc men\u00e9 par des adolescents de Bergerac : un exemple inspiring pour la diaspora maghr\u00e9bine<\/a><\/li>\n<li style=\"margin-bottom:10px;\"><a href=\"https:\/\/monmaghreb.com\/index.php\/2026\/04\/20\/algerie-adopte-sa-nouvelle-politique-des-visas-pour-stimuler-linflux-touristique-international\/\" style=\"color:#0066cc;text-decoration:none;font-weight:500;\" title=\"Alg\u00e9rie adopte sa nouvelle politique des visas pour stimuler l&#8217;influx touristique international\">Alg\u00e9rie adopte sa nouvelle politique des visas pour stimuler l&#8217;influx touristique international<\/a><\/li>\n<\/ul>\n<\/div>\n<p><\/body><br \/>\n<\/html><\/p>\n","protected":false},"excerpt":{"rendered":"<p>Discover new economic opportunities for the Maghrebin diaspora with Medef&#8217;s strengthened relations with Algeria. Re-invent, thrive, invest.<\/p>\n","protected":false},"author":1,"featured_media":3412,"comment_status":"closed","ping_status":"open","sticky":false,"template":"","format":"standard","meta":{"_yoast_wpseo_focuskw":"economic opportunities Algeria diaspora","_yoast_wpseo_title":"Le Medef rapproche les relations avec l'Alg\u00e9rie : une nouvel","_yoast_wpseo_metadesc":"Discover new economic opportunities for the Maghrebin diaspora with Medef's strengthened relations with Algeria. Re-invent, thrive, invest.","_yoast_wpseo_canonical":"","_yoast_wpseo_opengraph-title":"Le Medef rapproche les relations avec l'Alg\u00e9rie : une nouvelle perspective \u00e9conomique pour la diaspora maghr\u00e9bine","_yoast_wpseo_opengraph-description":"Discover new economic opportunities for the Maghrebin diaspora with Medef's strengthened relations with Algeria. Re-invent, thrive, invest.","_yoast_wpseo_opengraph-image":"","tdm_status":"","tdm_grid_status":"","footnotes":""},"categories":[874],"tags":[2319,841,1739,2321,2320],"class_list":["post-3413","post","type-post","status-publish","format-standard","has-post-thumbnail","hentry","category-recettes-economiques","tag-business-france-algerie","tag-diaspora-maghrebine","tag-economic-development","tag-expatriate-guide","tag-maghreb-economy"],"yoast_head":"<!-- This site is optimized with the Yoast SEO plugin v27.4 - https:\/\/yoast.com\/product\/yoast-seo-wordpress\/ -->\n<title>Le Medef rapproche les relations avec l&#039;Alg\u00e9rie : une nouvel<\/title>\n<meta name=\"description\" content=\"Discover new economic opportunities for the Maghrebin diaspora with Medef&#039;s strengthened relations with Algeria. Re-invent, thrive, invest.\" \/>\n<meta name=\"robots\" content=\"index, follow, max-snippet:-1, max-image-preview:large, max-video-preview:-1\" \/>\n<link rel=\"canonical\" href=\"https:\/\/monmaghreb.com\/index.php\/2026\/04\/25\/le-medef-rapproche-les-relations-avec-lalgerie-une-nouvelle-perspective-economique-pour-la-diaspora-maghrebine\/\" \/>\n<meta property=\"og:locale\" content=\"en_US\" \/>\n<meta property=\"og:type\" content=\"article\" \/>\n<meta property=\"og:title\" content=\"Le Medef rapproche les relations avec l&#039;Alg\u00e9rie : une nouvelle perspective \u00e9conomique pour la diaspora maghr\u00e9bine\" \/>\n<meta property=\"og:description\" content=\"Discover new economic opportunities for the Maghrebin diaspora with Medef&#039;s strengthened relations with Algeria. Re-invent, thrive, invest.\" \/>\n<meta property=\"og:url\" content=\"https:\/\/monmaghreb.com\/index.php\/2026\/04\/25\/le-medef-rapproche-les-relations-avec-lalgerie-une-nouvelle-perspective-economique-pour-la-diaspora-maghrebine\/\" \/>\n<meta property=\"og:site_name\" content=\"Mon Maghreb\" \/>\n<meta property=\"article:author\" content=\"https:\/\/www.facebook.com\/monmaghrebcom\" \/>\n<meta property=\"article:published_time\" content=\"2026-04-25T11:04:52+00:00\" \/>\n<meta property=\"article:modified_time\" content=\"2026-04-25T11:04:57+00:00\" \/>\n<meta property=\"og:image\" content=\"https:\/\/monmaghreb.com\/wp-content\/uploads\/2026\/04\/featured-363.jpg\" \/>\n\t<meta property=\"og:image:width\" content=\"1880\" \/>\n\t<meta property=\"og:image:height\" content=\"1253\" \/>\n\t<meta property=\"og:image:type\" content=\"image\/jpeg\" \/>\n<meta name=\"author\" content=\"LaMagh\" \/>\n<meta name=\"twitter:card\" content=\"summary_large_image\" \/>\n<meta name=\"twitter:creator\" content=\"@MMaghreb50977\" \/>\n<meta name=\"twitter:label1\" content=\"Written by\" \/>\n\t<meta name=\"twitter:data1\" content=\"LaMagh\" \/>\n\t<meta name=\"twitter:label2\" content=\"Est. reading time\" \/>\n\t<meta name=\"twitter:data2\" content=\"4 minutes\" \/>\n<script type=\"application\/ld+json\" class=\"yoast-schema-graph\">{\"@context\":\"https:\\\/\\\/schema.org\",\"@graph\":[{\"@type\":\"Article\",\"@id\":\"https:\\\/\\\/monmaghreb.com\\\/index.php\\\/2026\\\/04\\\/25\\\/le-medef-rapproche-les-relations-avec-lalgerie-une-nouvelle-perspective-economique-pour-la-diaspora-maghrebine\\\/#article\",\"isPartOf\":{\"@id\":\"https:\\\/\\\/monmaghreb.com\\\/index.php\\\/2026\\\/04\\\/25\\\/le-medef-rapproche-les-relations-avec-lalgerie-une-nouvelle-perspective-economique-pour-la-diaspora-maghrebine\\\/\"},\"author\":{\"name\":\"LaMagh\",\"@id\":\"http:\\\/\\\/monmaghreb.com\\\/#\\\/schema\\\/person\\\/c469a89dc8c6b8987dcb438b1200d054\"},\"headline\":\"Le Medef rapproche les relations avec l&#8217;Alg\u00e9rie : une nouvelle perspective \u00e9conomique pour la diaspora maghr\u00e9bine\",\"datePublished\":\"2026-04-25T11:04:52+00:00\",\"dateModified\":\"2026-04-25T11:04:57+00:00\",\"mainEntityOfPage\":{\"@id\":\"https:\\\/\\\/monmaghreb.com\\\/index.php\\\/2026\\\/04\\\/25\\\/le-medef-rapproche-les-relations-avec-lalgerie-une-nouvelle-perspective-economique-pour-la-diaspora-maghrebine\\\/\"},\"wordCount\":878,\"publisher\":{\"@id\":\"http:\\\/\\\/monmaghreb.com\\\/#organization\"},\"image\":{\"@id\":\"https:\\\/\\\/monmaghreb.com\\\/index.php\\\/2026\\\/04\\\/25\\\/le-medef-rapproche-les-relations-avec-lalgerie-une-nouvelle-perspective-economique-pour-la-diaspora-maghrebine\\\/#primaryimage\"},\"thumbnailUrl\":\"https:\\\/\\\/monmaghreb.com\\\/wp-content\\\/uploads\\\/2026\\\/04\\\/featured-363.jpg\",\"keywords\":[\"business france alg\u00e9rie\",\"diaspora maghr\u00e9bine\",\"economic development\",\"expatriate guide\",\"maghreb economy\"],\"articleSection\":[\"Recettes \u00c9conomiques\"],\"inLanguage\":\"en-US\"},{\"@type\":\"WebPage\",\"@id\":\"https:\\\/\\\/monmaghreb.com\\\/index.php\\\/2026\\\/04\\\/25\\\/le-medef-rapproche-les-relations-avec-lalgerie-une-nouvelle-perspective-economique-pour-la-diaspora-maghrebine\\\/\",\"url\":\"https:\\\/\\\/monmaghreb.com\\\/index.php\\\/2026\\\/04\\\/25\\\/le-medef-rapproche-les-relations-avec-lalgerie-une-nouvelle-perspective-economique-pour-la-diaspora-maghrebine\\\/\",\"name\":\"Le Medef rapproche les relations avec l'Alg\u00e9rie : une nouvel\",\"isPartOf\":{\"@id\":\"http:\\\/\\\/monmaghreb.com\\\/#website\"},\"primaryImageOfPage\":{\"@id\":\"https:\\\/\\\/monmaghreb.com\\\/index.php\\\/2026\\\/04\\\/25\\\/le-medef-rapproche-les-relations-avec-lalgerie-une-nouvelle-perspective-economique-pour-la-diaspora-maghrebine\\\/#primaryimage\"},\"image\":{\"@id\":\"https:\\\/\\\/monmaghreb.com\\\/index.php\\\/2026\\\/04\\\/25\\\/le-medef-rapproche-les-relations-avec-lalgerie-une-nouvelle-perspective-economique-pour-la-diaspora-maghrebine\\\/#primaryimage\"},\"thumbnailUrl\":\"https:\\\/\\\/monmaghreb.com\\\/wp-content\\\/uploads\\\/2026\\\/04\\\/featured-363.jpg\",\"datePublished\":\"2026-04-25T11:04:52+00:00\",\"dateModified\":\"2026-04-25T11:04:57+00:00\",\"description\":\"Discover new economic opportunities for the Maghrebin diaspora with Medef's strengthened relations with Algeria. Re-invent, thrive, invest.\",\"breadcrumb\":{\"@id\":\"https:\\\/\\\/monmaghreb.com\\\/index.php\\\/2026\\\/04\\\/25\\\/le-medef-rapproche-les-relations-avec-lalgerie-une-nouvelle-perspective-economique-pour-la-diaspora-maghrebine\\\/#breadcrumb\"},\"inLanguage\":\"en-US\",\"potentialAction\":[{\"@type\":\"ReadAction\",\"target\":[\"https:\\\/\\\/monmaghreb.com\\\/index.php\\\/2026\\\/04\\\/25\\\/le-medef-rapproche-les-relations-avec-lalgerie-une-nouvelle-perspective-economique-pour-la-diaspora-maghrebine\\\/\"]}]},{\"@type\":\"ImageObject\",\"inLanguage\":\"en-US\",\"@id\":\"https:\\\/\\\/monmaghreb.com\\\/index.php\\\/2026\\\/04\\\/25\\\/le-medef-rapproche-les-relations-avec-lalgerie-une-nouvelle-perspective-economique-pour-la-diaspora-maghrebine\\\/#primaryimage\",\"url\":\"https:\\\/\\\/monmaghreb.com\\\/wp-content\\\/uploads\\\/2026\\\/04\\\/featured-363.jpg\",\"contentUrl\":\"https:\\\/\\\/monmaghreb.com\\\/wp-content\\\/uploads\\\/2026\\\/04\\\/featured-363.jpg\",\"width\":1880,\"height\":1253,\"caption\":\"French businessmen meeting Algerian officials for economic collaboration with the Maghrebin diaspora\"},{\"@type\":\"BreadcrumbList\",\"@id\":\"https:\\\/\\\/monmaghreb.com\\\/index.php\\\/2026\\\/04\\\/25\\\/le-medef-rapproche-les-relations-avec-lalgerie-une-nouvelle-perspective-economique-pour-la-diaspora-maghrebine\\\/#breadcrumb\",\"itemListElement\":[{\"@type\":\"ListItem\",\"position\":1,\"name\":\"Home\",\"item\":\"http:\\\/\\\/monmaghreb.com\\\/\"},{\"@type\":\"ListItem\",\"position\":2,\"name\":\"Le Medef rapproche les relations avec l&#8217;Alg\u00e9rie : une nouvelle perspective \u00e9conomique pour la diaspora maghr\u00e9bine\"}]},{\"@type\":\"WebSite\",\"@id\":\"http:\\\/\\\/monmaghreb.com\\\/#website\",\"url\":\"http:\\\/\\\/monmaghreb.com\\\/\",\"name\":\"Mon Maghreb\",\"description\":\"MonMaghreb United\",\"publisher\":{\"@id\":\"http:\\\/\\\/monmaghreb.com\\\/#organization\"},\"alternateName\":\"Le Monde du Maghreb et au del\u00e0\",\"potentialAction\":[{\"@type\":\"SearchAction\",\"target\":{\"@type\":\"EntryPoint\",\"urlTemplate\":\"http:\\\/\\\/monmaghreb.com\\\/?s={search_term_string}\"},\"query-input\":{\"@type\":\"PropertyValueSpecification\",\"valueRequired\":true,\"valueName\":\"search_term_string\"}}],\"inLanguage\":\"en-US\"},{\"@type\":\"Organization\",\"@id\":\"http:\\\/\\\/monmaghreb.com\\\/#organization\",\"name\":\"Mon Maghreb\",\"url\":\"http:\\\/\\\/monmaghreb.com\\\/\",\"logo\":{\"@type\":\"ImageObject\",\"inLanguage\":\"en-US\",\"@id\":\"http:\\\/\\\/monmaghreb.com\\\/#\\\/schema\\\/logo\\\/image\\\/\",\"url\":\"https:\\\/\\\/monmaghreb.com\\\/wp-content\\\/uploads\\\/2025\\\/12\\\/Mon_Maghreb_Logo.jpg\",\"contentUrl\":\"https:\\\/\\\/monmaghreb.com\\\/wp-content\\\/uploads\\\/2025\\\/12\\\/Mon_Maghreb_Logo.jpg\",\"width\":814,\"height\":374,\"caption\":\"Mon Maghreb\"},\"image\":{\"@id\":\"http:\\\/\\\/monmaghreb.com\\\/#\\\/schema\\\/logo\\\/image\\\/\"}},{\"@type\":\"Person\",\"@id\":\"http:\\\/\\\/monmaghreb.com\\\/#\\\/schema\\\/person\\\/c469a89dc8c6b8987dcb438b1200d054\",\"name\":\"LaMagh\",\"image\":{\"@type\":\"ImageObject\",\"inLanguage\":\"en-US\",\"@id\":\"https:\\\/\\\/secure.gravatar.com\\\/avatar\\\/399d8144bd55fba55e056779aca52fe528bac7911f6449e54d81173d6dfd7f0a?s=96&d=mm&r=g\",\"url\":\"https:\\\/\\\/secure.gravatar.com\\\/avatar\\\/399d8144bd55fba55e056779aca52fe528bac7911f6449e54d81173d6dfd7f0a?s=96&d=mm&r=g\",\"contentUrl\":\"https:\\\/\\\/secure.gravatar.com\\\/avatar\\\/399d8144bd55fba55e056779aca52fe528bac7911f6449e54d81173d6dfd7f0a?s=96&d=mm&r=g\",\"caption\":\"LaMagh\"},\"sameAs\":[\"https:\\\/\\\/monmaghreb.com\",\"https:\\\/\\\/www.facebook.com\\\/monmaghrebcom\",\"https:\\\/\\\/x.com\\\/MMaghreb50977\"],\"url\":\"https:\\\/\\\/monmaghreb.com\\\/index.php\\\/author\\\/lamagh\\\/\"}]}<\/script>\n<!-- \/ Yoast SEO plugin. -->","yoast_head_json":{"title":"Le Medef rapproche les relations avec l'Alg\u00e9rie : une nouvel","description":"Discover new economic opportunities for the Maghrebin diaspora with Medef's strengthened relations with Algeria. Re-invent, thrive, invest.","robots":{"index":"index","follow":"follow","max-snippet":"max-snippet:-1","max-image-preview":"max-image-preview:large","max-video-preview":"max-video-preview:-1"},"canonical":"https:\/\/monmaghreb.com\/index.php\/2026\/04\/25\/le-medef-rapproche-les-relations-avec-lalgerie-une-nouvelle-perspective-economique-pour-la-diaspora-maghrebine\/","og_locale":"en_US","og_type":"article","og_title":"Le Medef rapproche les relations avec l'Alg\u00e9rie : une nouvelle perspective \u00e9conomique pour la diaspora maghr\u00e9bine","og_description":"Discover new economic opportunities for the Maghrebin diaspora with Medef's strengthened relations with Algeria. Re-invent, thrive, invest.","og_url":"https:\/\/monmaghreb.com\/index.php\/2026\/04\/25\/le-medef-rapproche-les-relations-avec-lalgerie-une-nouvelle-perspective-economique-pour-la-diaspora-maghrebine\/","og_site_name":"Mon Maghreb","article_author":"https:\/\/www.facebook.com\/monmaghrebcom","article_published_time":"2026-04-25T11:04:52+00:00","article_modified_time":"2026-04-25T11:04:57+00:00","og_image":[{"width":1880,"height":1253,"url":"https:\/\/monmaghreb.com\/wp-content\/uploads\/2026\/04\/featured-363.jpg","type":"image\/jpeg"}],"author":"LaMagh","twitter_card":"summary_large_image","twitter_creator":"@MMaghreb50977","twitter_misc":{"Written by":"LaMagh","Est. reading time":"4 minutes"},"schema":{"@context":"https:\/\/schema.org","@graph":[{"@type":"Article","@id":"https:\/\/monmaghreb.com\/index.php\/2026\/04\/25\/le-medef-rapproche-les-relations-avec-lalgerie-une-nouvelle-perspective-economique-pour-la-diaspora-maghrebine\/#article","isPartOf":{"@id":"https:\/\/monmaghreb.com\/index.php\/2026\/04\/25\/le-medef-rapproche-les-relations-avec-lalgerie-une-nouvelle-perspective-economique-pour-la-diaspora-maghrebine\/"},"author":{"name":"LaMagh","@id":"http:\/\/monmaghreb.com\/#\/schema\/person\/c469a89dc8c6b8987dcb438b1200d054"},"headline":"Le Medef rapproche les relations avec l&#8217;Alg\u00e9rie : une nouvelle perspective \u00e9conomique pour la diaspora maghr\u00e9bine","datePublished":"2026-04-25T11:04:52+00:00","dateModified":"2026-04-25T11:04:57+00:00","mainEntityOfPage":{"@id":"https:\/\/monmaghreb.com\/index.php\/2026\/04\/25\/le-medef-rapproche-les-relations-avec-lalgerie-une-nouvelle-perspective-economique-pour-la-diaspora-maghrebine\/"},"wordCount":878,"publisher":{"@id":"http:\/\/monmaghreb.com\/#organization"},"image":{"@id":"https:\/\/monmaghreb.com\/index.php\/2026\/04\/25\/le-medef-rapproche-les-relations-avec-lalgerie-une-nouvelle-perspective-economique-pour-la-diaspora-maghrebine\/#primaryimage"},"thumbnailUrl":"https:\/\/monmaghreb.com\/wp-content\/uploads\/2026\/04\/featured-363.jpg","keywords":["business france alg\u00e9rie","diaspora maghr\u00e9bine","economic development","expatriate guide","maghreb economy"],"articleSection":["Recettes \u00c9conomiques"],"inLanguage":"en-US"},{"@type":"WebPage","@id":"https:\/\/monmaghreb.com\/index.php\/2026\/04\/25\/le-medef-rapproche-les-relations-avec-lalgerie-une-nouvelle-perspective-economique-pour-la-diaspora-maghrebine\/","url":"https:\/\/monmaghreb.com\/index.php\/2026\/04\/25\/le-medef-rapproche-les-relations-avec-lalgerie-une-nouvelle-perspective-economique-pour-la-diaspora-maghrebine\/","name":"Le Medef rapproche les relations avec l'Alg\u00e9rie : une nouvel","isPartOf":{"@id":"http:\/\/monmaghreb.com\/#website"},"primaryImageOfPage":{"@id":"https:\/\/monmaghreb.com\/index.php\/2026\/04\/25\/le-medef-rapproche-les-relations-avec-lalgerie-une-nouvelle-perspective-economique-pour-la-diaspora-maghrebine\/#primaryimage"},"image":{"@id":"https:\/\/monmaghreb.com\/index.php\/2026\/04\/25\/le-medef-rapproche-les-relations-avec-lalgerie-une-nouvelle-perspective-economique-pour-la-diaspora-maghrebine\/#primaryimage"},"thumbnailUrl":"https:\/\/monmaghreb.com\/wp-content\/uploads\/2026\/04\/featured-363.jpg","datePublished":"2026-04-25T11:04:52+00:00","dateModified":"2026-04-25T11:04:57+00:00","description":"Discover new economic opportunities for the Maghrebin diaspora with Medef's strengthened relations with Algeria. Re-invent, thrive, invest.","breadcrumb":{"@id":"https:\/\/monmaghreb.com\/index.php\/2026\/04\/25\/le-medef-rapproche-les-relations-avec-lalgerie-une-nouvelle-perspective-economique-pour-la-diaspora-maghrebine\/#breadcrumb"},"inLanguage":"en-US","potentialAction":[{"@type":"ReadAction","target":["https:\/\/monmaghreb.com\/index.php\/2026\/04\/25\/le-medef-rapproche-les-relations-avec-lalgerie-une-nouvelle-perspective-economique-pour-la-diaspora-maghrebine\/"]}]},{"@type":"ImageObject","inLanguage":"en-US","@id":"https:\/\/monmaghreb.com\/index.php\/2026\/04\/25\/le-medef-rapproche-les-relations-avec-lalgerie-une-nouvelle-perspective-economique-pour-la-diaspora-maghrebine\/#primaryimage","url":"https:\/\/monmaghreb.com\/wp-content\/uploads\/2026\/04\/featured-363.jpg","contentUrl":"https:\/\/monmaghreb.com\/wp-content\/uploads\/2026\/04\/featured-363.jpg","width":1880,"height":1253,"caption":"French businessmen meeting Algerian officials for economic collaboration with the Maghrebin diaspora"},{"@type":"BreadcrumbList","@id":"https:\/\/monmaghreb.com\/index.php\/2026\/04\/25\/le-medef-rapproche-les-relations-avec-lalgerie-une-nouvelle-perspective-economique-pour-la-diaspora-maghrebine\/#breadcrumb","itemListElement":[{"@type":"ListItem","position":1,"name":"Home","item":"http:\/\/monmaghreb.com\/"},{"@type":"ListItem","position":2,"name":"Le Medef rapproche les relations avec l&#8217;Alg\u00e9rie : une nouvelle perspective \u00e9conomique pour la diaspora maghr\u00e9bine"}]},{"@type":"WebSite","@id":"http:\/\/monmaghreb.com\/#website","url":"http:\/\/monmaghreb.com\/","name":"Mon Maghreb","description":"MonMaghreb United","publisher":{"@id":"http:\/\/monmaghreb.com\/#organization"},"alternateName":"Le Monde du Maghreb et au del\u00e0","potentialAction":[{"@type":"SearchAction","target":{"@type":"EntryPoint","urlTemplate":"http:\/\/monmaghreb.com\/?s={search_term_string}"},"query-input":{"@type":"PropertyValueSpecification","valueRequired":true,"valueName":"search_term_string"}}],"inLanguage":"en-US"},{"@type":"Organization","@id":"http:\/\/monmaghreb.com\/#organization","name":"Mon Maghreb","url":"http:\/\/monmaghreb.com\/","logo":{"@type":"ImageObject","inLanguage":"en-US","@id":"http:\/\/monmaghreb.com\/#\/schema\/logo\/image\/","url":"https:\/\/monmaghreb.com\/wp-content\/uploads\/2025\/12\/Mon_Maghreb_Logo.jpg","contentUrl":"https:\/\/monmaghreb.com\/wp-content\/uploads\/2025\/12\/Mon_Maghreb_Logo.jpg","width":814,"height":374,"caption":"Mon Maghreb"},"image":{"@id":"http:\/\/monmaghreb.com\/#\/schema\/logo\/image\/"}},{"@type":"Person","@id":"http:\/\/monmaghreb.com\/#\/schema\/person\/c469a89dc8c6b8987dcb438b1200d054","name":"LaMagh","image":{"@type":"ImageObject","inLanguage":"en-US","@id":"https:\/\/secure.gravatar.com\/avatar\/399d8144bd55fba55e056779aca52fe528bac7911f6449e54d81173d6dfd7f0a?s=96&d=mm&r=g","url":"https:\/\/secure.gravatar.com\/avatar\/399d8144bd55fba55e056779aca52fe528bac7911f6449e54d81173d6dfd7f0a?s=96&d=mm&r=g","contentUrl":"https:\/\/secure.gravatar.com\/avatar\/399d8144bd55fba55e056779aca52fe528bac7911f6449e54d81173d6dfd7f0a?s=96&d=mm&r=g","caption":"LaMagh"},"sameAs":["https:\/\/monmaghreb.com","https:\/\/www.facebook.com\/monmaghrebcom","https:\/\/x.com\/MMaghreb50977"],"url":"https:\/\/monmaghreb.com\/index.php\/author\/lamagh\/"}]}},"_links":{"self":[{"href":"https:\/\/monmaghreb.com\/index.php\/wp-json\/wp\/v2\/posts\/3413","targetHints":{"allow":["GET"]}}],"collection":[{"href":"https:\/\/monmaghreb.com\/index.php\/wp-json\/wp\/v2\/posts"}],"about":[{"href":"https:\/\/monmaghreb.com\/index.php\/wp-json\/wp\/v2\/types\/post"}],"author":[{"embeddable":true,"href":"https:\/\/monmaghreb.com\/index.php\/wp-json\/wp\/v2\/users\/1"}],"replies":[{"embeddable":true,"href":"https:\/\/monmaghreb.com\/index.php\/wp-json\/wp\/v2\/comments?post=3413"}],"version-history":[{"count":1,"href":"https:\/\/monmaghreb.com\/index.php\/wp-json\/wp\/v2\/posts\/3413\/revisions"}],"predecessor-version":[{"id":3414,"href":"https:\/\/monmaghreb.com\/index.php\/wp-json\/wp\/v2\/posts\/3413\/revisions\/3414"}],"wp:featuredmedia":[{"embeddable":true,"href":"https:\/\/monmaghreb.com\/index.php\/wp-json\/wp\/v2\/media\/3412"}],"wp:attachment":[{"href":"https:\/\/monmaghreb.com\/index.php\/wp-json\/wp\/v2\/media?parent=3413"}],"wp:term":[{"taxonomy":"category","embeddable":true,"href":"https:\/\/monmaghreb.com\/index.php\/wp-json\/wp\/v2\/categories?post=3413"},{"taxonomy":"post_tag","embeddable":true,"href":"https:\/\/monmaghreb.com\/index.php\/wp-json\/wp\/v2\/tags?post=3413"}],"curies":[{"name":"wp","href":"https:\/\/api.w.org\/{rel}","templated":true}]}}