{"id":3425,"date":"2026-04-25T13:58:21","date_gmt":"2026-04-25T13:58:21","guid":{"rendered":"https:\/\/monmaghreb.com\/index.php\/2026\/04\/25\/careme-et-ramadan-la-cuisine-comme-pont-entre-les-religions\/"},"modified":"2026-04-25T13:58:24","modified_gmt":"2026-04-25T13:58:24","slug":"careme-et-ramadan-la-cuisine-comme-pont-entre-les-religions","status":"publish","type":"post","link":"https:\/\/monmaghreb.com\/index.php\/2026\/04\/25\/careme-et-ramadan-la-cuisine-comme-pont-entre-les-religions\/","title":{"rendered":"Car\u00eame et Ramadan : la cuisine comme pont entre les religions"},"content":{"rendered":"<p><!DOCTYPE html><br \/>\n<html lang=\"fr\"><br \/>\n<head><br \/>\n  <meta charset=\"UTF-8\"><br \/>\n  <meta name=\"viewport\" content=\"width=device-width, initial-scale=1.0\"><br \/>\n  <title>Car\u00eame et Ramadan : la cuisine comme pont entre les religions<\/title><br \/>\n<\/head><br \/>\n<body><\/p>\n<h1>Car\u00eame et Ramadan : la cuisine comme pont entre les religions<\/h1>\n<p>  <script type=\"application\/ld+json\">\n{\n  \"@context\": \"https:\/\/schema.org\/\",\n  \"@type\": \"Recipe\",\n  \"name\": \"Car\u00eame et Ramadan : la cuisine comme pont entre les religions\",\n  \"description\": \"\",\n  \"prepTime\": \"PT30M\",\n  \"cookTime\": \"PT30M\",\n  \"totalTime\": \"PT30M\",\n  \"recipeYield\": \"4 servings\",\n  \"recipeIngredient\": [],\n  \"recipeInstructions\": [],\n  \"recipeCategory\": \"Main Course\",\n  \"recipeCuisine\": \"Marocaine\",\n  \"keywords\": [\n    \"recette\",\n    \"maghreb\"\n  ],\n  \"datePublished\": \"2026-04-25\",\n  \"author\": {\n    \"@type\": \"Organization\",\n    \"name\": \"\"\n  },\n  \"nutrition\": {\n    \"@type\": \"NutritionInformation\",\n    \"calories\": \"350 calories\"\n  }\n}\n<\/script><\/p>\n<p>Bien que les croyances juives, musulmanes et chr\u00e9tiennes se distinguent par des pratiques religieuses diff\u00e9rentes, il existe plusieurs points communs qui peuvent servir de bases \u00e0 un dialogue interreligieux enrichissant. La cuisine est l&#8217;un d&#8217;eux. Les jours sacr\u00e9s de Car\u00eame et de Ramadan sont marqu\u00e9s par la culinary tradition et nous montreront ici comment cette pratique peut favoriser l&#8217;harmonie interreligieuse.<\/p>\n<h2>La cuisine juive et musulmane : un riche h\u00e9ritage commun<\/h2>\n<p>Il est int\u00e9ressant de noter que les traditions culinaires juives et musulmanes sont \u00e9troitement li\u00e9es, tant par leurs ingr\u00e9dients fondamentaux que par leur m\u00e9thodes de pr\u00e9paration. Les deux religions partagent une approche rigoureuse \u00e0 l&#8217;\u00e9gard des aliments permis et interdits, ce qui a entra\u00een\u00e9 une cuisine bas\u00e9e sur des produits frais, de la viande et des l\u00e9gumes. Par exemple, le kubeeba marocaine, un plat traditionnel musulman compos\u00e9 d&#8217;\u00e9pinards, d&#8217;\u00e9pices et de viande, pr\u00e9sente une forte ressemblance avec les kebabs juifs ou les brochettes shish kebab.<\/p>\n<p>D&#8217;autres pr\u00e9parations telles que le couscous marocain et le cholent juif sont des exemples de cuisine communautaire qui permettent aux membres d&#8217;une m\u00eame communaut\u00e9 de partager leur culture culinaire avec leurs voisins <a href=\"https:\/\/monmaghreb.com\/index.php\/2026\/04\/23\/partage-de-la-culture-via-la-cuisine-ramadan-et-cuisine-de-careme-reunissent-chretiens-et-musulmans\/\" title=\"Partage de la culture via la cuisine : Ramadan et Cuisine de Car\u00eame r\u00e9unissent chr\u00e9tiens et musulmans\">musulmans<\/a> ou juifs. Le couscous, par exemple, est un plat traditionnel dans la cuisine m\u00e9diterran\u00e9enne et africaine, tandis que le cholent est un plat chaud et savoureux qui accompagne souvent les repas familiales.<\/p>\n<h2>Les pratiques de fasting durant Car\u00eame et Ramadan : quel que soit votre point de vue religieux<\/h2>\n<p>Durant les jours de fasting, tant au cours du Car\u00eame que de Ramadan, la culinary tradition s&#8217;adapte pour r\u00e9pondre aux besoins nutritionnels des participants. Les pr\u00e9parations l\u00e9g\u00e8res et \u00e0 base de legumes sont populaires car elles offrent une source de prot\u00e9ines n\u00e9cessaire tout en respectant les limitations alimentaires.<\/p>\n<p>Les brochettes de viande et les platters de grillades sont \u00e9galement courants, car ils permettent aux participants de manger la viande sans les pr\u00e9parations lourdes telles que les sauces ou les farces qui peuvent \u00eatre consomm\u00e9es au cours d&#8217;autres jours. De plus, ces pr\u00e9parations sont souvent accompagn\u00e9es de l\u00e9gumes et de grains, ce qui apporte une vari\u00e9t\u00e9 de saveurs et de textures.<\/p>\n<h2>Le je\u00fbne de solidarit\u00e9 : un geste qui contribue \u00e0 l&#8217;entente entre les religions<\/h2>\n<p>Le je\u00fbne de solidarit\u00e9 consiste \u00e0 participer au fasting d&#8217;une religion diff\u00e9rente, en tant que sympathie ou en soutien. Cette pratique est une fa\u00e7on g\u00e9n\u00e9reuse pour affirmer notre solidarit\u00e9 avec nos voisins de confession diff\u00e9rentes et pour promouvoir l&#8217;harmonie interreligieuse.<\/p>\n<p>Pour les juifs, la participation \u00e0 un je\u00fbne de Ramadan peut servir d&#8217;occasion pour apprendre plus sur cette pratique religieuse et pour renforcer notre compassion envers nos voisins musulmans. De m\u00eame, pour les musulmans, la participation au Car\u00eame peut \u00eatre une mani\u00e8re de comprendre l&#8217;importance du je\u00fbne pour les juifs.<\/p>\n<h2>La cuisine interreligieuse : un moyen de c\u00e9l\u00e9brer nos diff\u00e9rences<\/h2>\n<p>Lors des moments de c\u00e9l\u00e9bration, les diff\u00e9rentes religions peuvent \u00e9galement collaborer \u00e0 travers leur culinary tradition. Par exemple, une f\u00eate juive-musulmane pour la nouvelle lune peut \u00eatre marqu\u00e9e par des recettes combin\u00e9es telles que un couscous aux fruits confits ou des bagels avec du marmelade de figues.<\/p>\n<h2>Appel \u00e0 l&#8217;action : rejoignez-nous pour promouvoir l&#8217;harmonie interreligieuse<\/h2>\n<p>Nous invitons tous les membres de la diaspora maghr\u00e9bine et tous ceux qui sont int\u00e9ress\u00e9s par nos traditions culinaires \u00e0 participer aux \u00e9changes interreligieux. Nous sommes convaincus que la cuisine peut \u00eatre un moyen puissant pour renforcer l&#8217;entente entre les religions et nous invitons chacun \u00e0 se joindre \u00e0 ce dialogue en essayant des recettes de chaque religion.<\/p>\n<p>En prenant part \u00e0 ces \u00e9changes, vous contribuerez \u00e0 promouvoir une culture de compr\u00e9hension et d&#8217;apprentissage mutuel. Alors, n&#8217;h\u00e9sitez pas \u00e0 rejoindre notre communaut\u00e9 culinaire interreligieuse et \u00e0 partager vos propres recettes et exp\u00e9riences.<\/p>\n<div style=\"background:#f8f9fa;border-left:4px solid #0066cc;border-radius:6px;padding:20px 24px;margin:32px 0;\">\n<p style=\"font-size:13px;color:#888;text-transform:uppercase;letter-spacing:0.8px;margin:0 0 6px 0;\">Vous pourriez aussi aimer<\/p>\n<h3 style=\"font-size:18px;margin:0 0 14px 0;color:#222;\">Articles similaires<\/h3>\n<ul style=\"margin:0;padding-left:20px;list-style:disc;\">\n<li style=\"margin-bottom:10px;\"><a href=\"https:\/\/monmaghreb.com\/index.php\/2026\/04\/23\/partage-de-la-culture-via-la-cuisine-ramadan-et-cuisine-de-careme-reunissent-chretiens-et-musulmans\/\" style=\"color:#0066cc;text-decoration:none;font-weight:500;\" title=\"Partage de la culture via la cuisine : Ramadan et Cuisine de Car\u00eame r\u00e9unissent chr\u00e9tiens et musulmans\">Partage de la culture via la cuisine : Ramadan et Cuisine de Car\u00eame r\u00e9unissent chr\u00e9tiens et musulmans<\/a><\/li>\n<li style=\"margin-bottom:10px;\"><a href=\"https:\/\/monmaghreb.com\/index.php\/2026\/04\/24\/careme-et-ramadan-la-cuisine-en-lumiere-du-jeune-des-chretiens-et-des-musulmans\/\" style=\"color:#0066cc;text-decoration:none;font-weight:500;\" title=\"Car\u00eame et Ramadan : la cuisine en lumi\u00e8re du je\u00fbne des chr\u00e9tiens et des musulmans\">Car\u00eame et Ramadan : la cuisine en lumi\u00e8re du je\u00fbne des chr\u00e9tiens et des musulmans<\/a><\/li>\n<li style=\"margin-bottom:10px;\"><a href=\"https:\/\/monmaghreb.com\/index.php\/2026\/04\/25\/nouvelle-boutique-dartisanat-marocain-ouvre-a-cherbourg-en-cotentin-entre-tradition-et-modernite\/\" style=\"color:#0066cc;text-decoration:none;font-weight:500;\" title=\"Nouvelle boutique d&#8217;artisanat marocain ouvre \u00e0 Cherbourg-en-Cotentin : entre tradition et modernit\u00e9\">Nouvelle boutique d&#8217;artisanat marocain ouvre \u00e0 Cherbourg-en-Cotentin : entre tradition et modernit\u00e9<\/a><\/li>\n<li style=\"margin-bottom:10px;\"><a href=\"https:\/\/monmaghreb.com\/index.php\/2026\/04\/25\/ftour-2026-decouvrez-plus-de-100-recettes-maghrebines-pour-les-derniers-jours-du-ramadan\/\" style=\"color:#0066cc;text-decoration:none;font-weight:500;\" title=\"Ftour 2026: D\u00e9couvrez plus de 100 recettes maghr\u00e9bines pour les derniers jours du Ramadan\">Ftour 2026: D\u00e9couvrez plus de 100 recettes maghr\u00e9bines pour les derniers jours du Ramadan<\/a><\/li>\n<li style=\"margin-bottom:10px;\"><a href=\"https:\/\/monmaghreb.com\/index.php\/2026\/04\/25\/ramadan-2026-15-recettes-simples-et-delicieuses-pour-la-rupture-du-jeune\/\" style=\"color:#0066cc;text-decoration:none;font-weight:500;\" title=\"Ramadan 2026 : 15 recettes simples et d\u00e9licieuses pour la rupture du je\u00fbne\">Ramadan 2026 : 15 recettes simples et d\u00e9licieuses pour la rupture du je\u00fbne<\/a><\/li>\n<\/ul>\n<\/div>\n<p><\/body><br \/>\n<\/html><\/p>\n","protected":false},"excerpt":{"rendered":"<p>D\u00e9couvrez comment la cuisine pendant Car\u00eame et Ramadan peut \u00eatre un pont entre les religions. Une exp\u00e9rience enrichissante \u00e0 ne pas manquer.<\/p>\n","protected":false},"author":1,"featured_media":3424,"comment_status":"closed","ping_status":"open","sticky":false,"template":"","format":"standard","meta":{"_yoast_wpseo_focuskw":"carcasse et ramadan cuisine","_yoast_wpseo_title":"Car\u00eame et Ramadan : la cuisine comme pont entre les religion","_yoast_wpseo_metadesc":"D\u00e9couvrez comment la cuisine pendant Car\u00eame et Ramadan peut \u00eatre un pont entre les religions. Une exp\u00e9rience enrichissante \u00e0 ne pas manquer.","_yoast_wpseo_canonical":"","_yoast_wpseo_opengraph-title":"Car\u00eame et Ramadan : la cuisine comme pont entre les religions","_yoast_wpseo_opengraph-description":"D\u00e9couvrez comment la cuisine pendant Car\u00eame et Ramadan peut \u00eatre un pont entre les religions. Une exp\u00e9rience enrichissante \u00e0 ne pas manquer.","_yoast_wpseo_opengraph-image":"","tdm_status":"","tdm_grid_status":"","footnotes":""},"categories":[651],"tags":[45,1645,1686,1582,909],"class_list":["post-3425","post","type-post","status-publish","format-standard","has-post-thumbnail","hentry","category-ramadan-iftar","tag-culture-tunisienne","tag-africancuisine","tag-business-guide","tag-dialogue-interreligieux","tag-diversite-religieuse"],"yoast_head":"<!-- This site is optimized with the Yoast SEO plugin v27.4 - https:\/\/yoast.com\/product\/yoast-seo-wordpress\/ -->\n<title>Car\u00eame et Ramadan : la cuisine comme pont entre les religion<\/title>\n<meta name=\"description\" content=\"D\u00e9couvrez comment la cuisine pendant Car\u00eame et Ramadan peut \u00eatre un pont entre les religions. Une exp\u00e9rience enrichissante \u00e0 ne pas manquer.\" \/>\n<meta name=\"robots\" content=\"index, follow, max-snippet:-1, max-image-preview:large, max-video-preview:-1\" \/>\n<link rel=\"canonical\" href=\"https:\/\/monmaghreb.com\/index.php\/2026\/04\/25\/careme-et-ramadan-la-cuisine-comme-pont-entre-les-religions\/\" \/>\n<meta property=\"og:locale\" content=\"en_US\" \/>\n<meta property=\"og:type\" content=\"article\" \/>\n<meta property=\"og:title\" content=\"Car\u00eame et Ramadan : la cuisine comme pont entre les religions\" \/>\n<meta property=\"og:description\" content=\"D\u00e9couvrez comment la cuisine pendant Car\u00eame et Ramadan peut \u00eatre un pont entre les religions. Une exp\u00e9rience enrichissante \u00e0 ne pas manquer.\" \/>\n<meta property=\"og:url\" content=\"https:\/\/monmaghreb.com\/index.php\/2026\/04\/25\/careme-et-ramadan-la-cuisine-comme-pont-entre-les-religions\/\" \/>\n<meta property=\"og:site_name\" content=\"Mon Maghreb\" \/>\n<meta property=\"article:author\" content=\"https:\/\/www.facebook.com\/monmaghrebcom\" \/>\n<meta property=\"article:published_time\" content=\"2026-04-25T13:58:21+00:00\" \/>\n<meta property=\"article:modified_time\" content=\"2026-04-25T13:58:24+00:00\" \/>\n<meta property=\"og:image\" content=\"https:\/\/monmaghreb.com\/wp-content\/uploads\/2026\/04\/featured-367.jpg\" \/>\n\t<meta property=\"og:image:width\" content=\"1880\" \/>\n\t<meta property=\"og:image:height\" content=\"1253\" \/>\n\t<meta property=\"og:image:type\" content=\"image\/jpeg\" \/>\n<meta name=\"author\" content=\"LaMagh\" \/>\n<meta name=\"twitter:card\" content=\"summary_large_image\" \/>\n<meta name=\"twitter:creator\" content=\"@MMaghreb50977\" \/>\n<meta name=\"twitter:label1\" content=\"Written by\" \/>\n\t<meta name=\"twitter:data1\" content=\"LaMagh\" \/>\n\t<meta name=\"twitter:label2\" content=\"Est. reading time\" \/>\n\t<meta name=\"twitter:data2\" content=\"4 minutes\" \/>\n<script type=\"application\/ld+json\" class=\"yoast-schema-graph\">{\"@context\":\"https:\\\/\\\/schema.org\",\"@graph\":[{\"@type\":\"Article\",\"@id\":\"https:\\\/\\\/monmaghreb.com\\\/index.php\\\/2026\\\/04\\\/25\\\/careme-et-ramadan-la-cuisine-comme-pont-entre-les-religions\\\/#article\",\"isPartOf\":{\"@id\":\"https:\\\/\\\/monmaghreb.com\\\/index.php\\\/2026\\\/04\\\/25\\\/careme-et-ramadan-la-cuisine-comme-pont-entre-les-religions\\\/\"},\"author\":{\"name\":\"LaMagh\",\"@id\":\"http:\\\/\\\/monmaghreb.com\\\/#\\\/schema\\\/person\\\/c469a89dc8c6b8987dcb438b1200d054\"},\"headline\":\"Car\u00eame et Ramadan : la cuisine comme pont entre les religions\",\"datePublished\":\"2026-04-25T13:58:21+00:00\",\"dateModified\":\"2026-04-25T13:58:24+00:00\",\"mainEntityOfPage\":{\"@id\":\"https:\\\/\\\/monmaghreb.com\\\/index.php\\\/2026\\\/04\\\/25\\\/careme-et-ramadan-la-cuisine-comme-pont-entre-les-religions\\\/\"},\"wordCount\":782,\"publisher\":{\"@id\":\"http:\\\/\\\/monmaghreb.com\\\/#organization\"},\"image\":{\"@id\":\"https:\\\/\\\/monmaghreb.com\\\/index.php\\\/2026\\\/04\\\/25\\\/careme-et-ramadan-la-cuisine-comme-pont-entre-les-religions\\\/#primaryimage\"},\"thumbnailUrl\":\"https:\\\/\\\/monmaghreb.com\\\/wp-content\\\/uploads\\\/2026\\\/04\\\/featured-367.jpg\",\"keywords\":[\"\\\"culture tunisienne\\\"\",\"africancuisine\",\"business guide\",\"dialogue interreligieux\",\"diversit\u00e9 religieuse\"],\"articleSection\":[\"Ramadan &amp; Iftar\"],\"inLanguage\":\"en-US\"},{\"@type\":\"WebPage\",\"@id\":\"https:\\\/\\\/monmaghreb.com\\\/index.php\\\/2026\\\/04\\\/25\\\/careme-et-ramadan-la-cuisine-comme-pont-entre-les-religions\\\/\",\"url\":\"https:\\\/\\\/monmaghreb.com\\\/index.php\\\/2026\\\/04\\\/25\\\/careme-et-ramadan-la-cuisine-comme-pont-entre-les-religions\\\/\",\"name\":\"Car\u00eame et Ramadan : la cuisine comme pont entre les religion\",\"isPartOf\":{\"@id\":\"http:\\\/\\\/monmaghreb.com\\\/#website\"},\"primaryImageOfPage\":{\"@id\":\"https:\\\/\\\/monmaghreb.com\\\/index.php\\\/2026\\\/04\\\/25\\\/careme-et-ramadan-la-cuisine-comme-pont-entre-les-religions\\\/#primaryimage\"},\"image\":{\"@id\":\"https:\\\/\\\/monmaghreb.com\\\/index.php\\\/2026\\\/04\\\/25\\\/careme-et-ramadan-la-cuisine-comme-pont-entre-les-religions\\\/#primaryimage\"},\"thumbnailUrl\":\"https:\\\/\\\/monmaghreb.com\\\/wp-content\\\/uploads\\\/2026\\\/04\\\/featured-367.jpg\",\"datePublished\":\"2026-04-25T13:58:21+00:00\",\"dateModified\":\"2026-04-25T13:58:24+00:00\",\"description\":\"D\u00e9couvrez comment la cuisine pendant Car\u00eame et Ramadan peut \u00eatre un pont entre les religions. Une exp\u00e9rience enrichissante \u00e0 ne pas manquer.\",\"breadcrumb\":{\"@id\":\"https:\\\/\\\/monmaghreb.com\\\/index.php\\\/2026\\\/04\\\/25\\\/careme-et-ramadan-la-cuisine-comme-pont-entre-les-religions\\\/#breadcrumb\"},\"inLanguage\":\"en-US\",\"potentialAction\":[{\"@type\":\"ReadAction\",\"target\":[\"https:\\\/\\\/monmaghreb.com\\\/index.php\\\/2026\\\/04\\\/25\\\/careme-et-ramadan-la-cuisine-comme-pont-entre-les-religions\\\/\"]}]},{\"@type\":\"ImageObject\",\"inLanguage\":\"en-US\",\"@id\":\"https:\\\/\\\/monmaghreb.com\\\/index.php\\\/2026\\\/04\\\/25\\\/careme-et-ramadan-la-cuisine-comme-pont-entre-les-religions\\\/#primaryimage\",\"url\":\"https:\\\/\\\/monmaghreb.com\\\/wp-content\\\/uploads\\\/2026\\\/04\\\/featured-367.jpg\",\"contentUrl\":\"https:\\\/\\\/monmaghreb.com\\\/wp-content\\\/uploads\\\/2026\\\/04\\\/featured-367.jpg\",\"width\":1880,\"height\":1253,\"caption\":\"Famille juive, musulmane et chr\u00e9tienne partageant une table de Car\u00eame et Ramadan\"},{\"@type\":\"BreadcrumbList\",\"@id\":\"https:\\\/\\\/monmaghreb.com\\\/index.php\\\/2026\\\/04\\\/25\\\/careme-et-ramadan-la-cuisine-comme-pont-entre-les-religions\\\/#breadcrumb\",\"itemListElement\":[{\"@type\":\"ListItem\",\"position\":1,\"name\":\"Home\",\"item\":\"http:\\\/\\\/monmaghreb.com\\\/\"},{\"@type\":\"ListItem\",\"position\":2,\"name\":\"Car\u00eame et Ramadan : la cuisine comme pont entre les religions\"}]},{\"@type\":\"WebSite\",\"@id\":\"http:\\\/\\\/monmaghreb.com\\\/#website\",\"url\":\"http:\\\/\\\/monmaghreb.com\\\/\",\"name\":\"Mon Maghreb\",\"description\":\"MonMaghreb United\",\"publisher\":{\"@id\":\"http:\\\/\\\/monmaghreb.com\\\/#organization\"},\"alternateName\":\"Le Monde du Maghreb et au del\u00e0\",\"potentialAction\":[{\"@type\":\"SearchAction\",\"target\":{\"@type\":\"EntryPoint\",\"urlTemplate\":\"http:\\\/\\\/monmaghreb.com\\\/?s={search_term_string}\"},\"query-input\":{\"@type\":\"PropertyValueSpecification\",\"valueRequired\":true,\"valueName\":\"search_term_string\"}}],\"inLanguage\":\"en-US\"},{\"@type\":\"Organization\",\"@id\":\"http:\\\/\\\/monmaghreb.com\\\/#organization\",\"name\":\"Mon Maghreb\",\"url\":\"http:\\\/\\\/monmaghreb.com\\\/\",\"logo\":{\"@type\":\"ImageObject\",\"inLanguage\":\"en-US\",\"@id\":\"http:\\\/\\\/monmaghreb.com\\\/#\\\/schema\\\/logo\\\/image\\\/\",\"url\":\"https:\\\/\\\/monmaghreb.com\\\/wp-content\\\/uploads\\\/2025\\\/12\\\/Mon_Maghreb_Logo.jpg\",\"contentUrl\":\"https:\\\/\\\/monmaghreb.com\\\/wp-content\\\/uploads\\\/2025\\\/12\\\/Mon_Maghreb_Logo.jpg\",\"width\":814,\"height\":374,\"caption\":\"Mon Maghreb\"},\"image\":{\"@id\":\"http:\\\/\\\/monmaghreb.com\\\/#\\\/schema\\\/logo\\\/image\\\/\"}},{\"@type\":\"Person\",\"@id\":\"http:\\\/\\\/monmaghreb.com\\\/#\\\/schema\\\/person\\\/c469a89dc8c6b8987dcb438b1200d054\",\"name\":\"LaMagh\",\"image\":{\"@type\":\"ImageObject\",\"inLanguage\":\"en-US\",\"@id\":\"https:\\\/\\\/secure.gravatar.com\\\/avatar\\\/399d8144bd55fba55e056779aca52fe528bac7911f6449e54d81173d6dfd7f0a?s=96&d=mm&r=g\",\"url\":\"https:\\\/\\\/secure.gravatar.com\\\/avatar\\\/399d8144bd55fba55e056779aca52fe528bac7911f6449e54d81173d6dfd7f0a?s=96&d=mm&r=g\",\"contentUrl\":\"https:\\\/\\\/secure.gravatar.com\\\/avatar\\\/399d8144bd55fba55e056779aca52fe528bac7911f6449e54d81173d6dfd7f0a?s=96&d=mm&r=g\",\"caption\":\"LaMagh\"},\"sameAs\":[\"https:\\\/\\\/monmaghreb.com\",\"https:\\\/\\\/www.facebook.com\\\/monmaghrebcom\",\"https:\\\/\\\/x.com\\\/MMaghreb50977\"],\"url\":\"https:\\\/\\\/monmaghreb.com\\\/index.php\\\/author\\\/lamagh\\\/\"}]}<\/script>\n<!-- \/ Yoast SEO plugin. -->","yoast_head_json":{"title":"Car\u00eame et Ramadan : la cuisine comme pont entre les religion","description":"D\u00e9couvrez comment la cuisine pendant Car\u00eame et Ramadan peut \u00eatre un pont entre les religions. Une exp\u00e9rience enrichissante \u00e0 ne pas manquer.","robots":{"index":"index","follow":"follow","max-snippet":"max-snippet:-1","max-image-preview":"max-image-preview:large","max-video-preview":"max-video-preview:-1"},"canonical":"https:\/\/monmaghreb.com\/index.php\/2026\/04\/25\/careme-et-ramadan-la-cuisine-comme-pont-entre-les-religions\/","og_locale":"en_US","og_type":"article","og_title":"Car\u00eame et Ramadan : la cuisine comme pont entre les religions","og_description":"D\u00e9couvrez comment la cuisine pendant Car\u00eame et Ramadan peut \u00eatre un pont entre les religions. Une exp\u00e9rience enrichissante \u00e0 ne pas manquer.","og_url":"https:\/\/monmaghreb.com\/index.php\/2026\/04\/25\/careme-et-ramadan-la-cuisine-comme-pont-entre-les-religions\/","og_site_name":"Mon Maghreb","article_author":"https:\/\/www.facebook.com\/monmaghrebcom","article_published_time":"2026-04-25T13:58:21+00:00","article_modified_time":"2026-04-25T13:58:24+00:00","og_image":[{"width":1880,"height":1253,"url":"https:\/\/monmaghreb.com\/wp-content\/uploads\/2026\/04\/featured-367.jpg","type":"image\/jpeg"}],"author":"LaMagh","twitter_card":"summary_large_image","twitter_creator":"@MMaghreb50977","twitter_misc":{"Written by":"LaMagh","Est. reading time":"4 minutes"},"schema":{"@context":"https:\/\/schema.org","@graph":[{"@type":"Article","@id":"https:\/\/monmaghreb.com\/index.php\/2026\/04\/25\/careme-et-ramadan-la-cuisine-comme-pont-entre-les-religions\/#article","isPartOf":{"@id":"https:\/\/monmaghreb.com\/index.php\/2026\/04\/25\/careme-et-ramadan-la-cuisine-comme-pont-entre-les-religions\/"},"author":{"name":"LaMagh","@id":"http:\/\/monmaghreb.com\/#\/schema\/person\/c469a89dc8c6b8987dcb438b1200d054"},"headline":"Car\u00eame et Ramadan : la cuisine comme pont entre les religions","datePublished":"2026-04-25T13:58:21+00:00","dateModified":"2026-04-25T13:58:24+00:00","mainEntityOfPage":{"@id":"https:\/\/monmaghreb.com\/index.php\/2026\/04\/25\/careme-et-ramadan-la-cuisine-comme-pont-entre-les-religions\/"},"wordCount":782,"publisher":{"@id":"http:\/\/monmaghreb.com\/#organization"},"image":{"@id":"https:\/\/monmaghreb.com\/index.php\/2026\/04\/25\/careme-et-ramadan-la-cuisine-comme-pont-entre-les-religions\/#primaryimage"},"thumbnailUrl":"https:\/\/monmaghreb.com\/wp-content\/uploads\/2026\/04\/featured-367.jpg","keywords":["\"culture tunisienne\"","africancuisine","business guide","dialogue interreligieux","diversit\u00e9 religieuse"],"articleSection":["Ramadan &amp; Iftar"],"inLanguage":"en-US"},{"@type":"WebPage","@id":"https:\/\/monmaghreb.com\/index.php\/2026\/04\/25\/careme-et-ramadan-la-cuisine-comme-pont-entre-les-religions\/","url":"https:\/\/monmaghreb.com\/index.php\/2026\/04\/25\/careme-et-ramadan-la-cuisine-comme-pont-entre-les-religions\/","name":"Car\u00eame et Ramadan : la cuisine comme pont entre les religion","isPartOf":{"@id":"http:\/\/monmaghreb.com\/#website"},"primaryImageOfPage":{"@id":"https:\/\/monmaghreb.com\/index.php\/2026\/04\/25\/careme-et-ramadan-la-cuisine-comme-pont-entre-les-religions\/#primaryimage"},"image":{"@id":"https:\/\/monmaghreb.com\/index.php\/2026\/04\/25\/careme-et-ramadan-la-cuisine-comme-pont-entre-les-religions\/#primaryimage"},"thumbnailUrl":"https:\/\/monmaghreb.com\/wp-content\/uploads\/2026\/04\/featured-367.jpg","datePublished":"2026-04-25T13:58:21+00:00","dateModified":"2026-04-25T13:58:24+00:00","description":"D\u00e9couvrez comment la cuisine pendant Car\u00eame et Ramadan peut \u00eatre un pont entre les religions. Une exp\u00e9rience enrichissante \u00e0 ne pas manquer.","breadcrumb":{"@id":"https:\/\/monmaghreb.com\/index.php\/2026\/04\/25\/careme-et-ramadan-la-cuisine-comme-pont-entre-les-religions\/#breadcrumb"},"inLanguage":"en-US","potentialAction":[{"@type":"ReadAction","target":["https:\/\/monmaghreb.com\/index.php\/2026\/04\/25\/careme-et-ramadan-la-cuisine-comme-pont-entre-les-religions\/"]}]},{"@type":"ImageObject","inLanguage":"en-US","@id":"https:\/\/monmaghreb.com\/index.php\/2026\/04\/25\/careme-et-ramadan-la-cuisine-comme-pont-entre-les-religions\/#primaryimage","url":"https:\/\/monmaghreb.com\/wp-content\/uploads\/2026\/04\/featured-367.jpg","contentUrl":"https:\/\/monmaghreb.com\/wp-content\/uploads\/2026\/04\/featured-367.jpg","width":1880,"height":1253,"caption":"Famille juive, musulmane et chr\u00e9tienne partageant une table de Car\u00eame et Ramadan"},{"@type":"BreadcrumbList","@id":"https:\/\/monmaghreb.com\/index.php\/2026\/04\/25\/careme-et-ramadan-la-cuisine-comme-pont-entre-les-religions\/#breadcrumb","itemListElement":[{"@type":"ListItem","position":1,"name":"Home","item":"http:\/\/monmaghreb.com\/"},{"@type":"ListItem","position":2,"name":"Car\u00eame et Ramadan : la cuisine comme pont entre les religions"}]},{"@type":"WebSite","@id":"http:\/\/monmaghreb.com\/#website","url":"http:\/\/monmaghreb.com\/","name":"Mon Maghreb","description":"MonMaghreb United","publisher":{"@id":"http:\/\/monmaghreb.com\/#organization"},"alternateName":"Le Monde du Maghreb et au del\u00e0","potentialAction":[{"@type":"SearchAction","target":{"@type":"EntryPoint","urlTemplate":"http:\/\/monmaghreb.com\/?s={search_term_string}"},"query-input":{"@type":"PropertyValueSpecification","valueRequired":true,"valueName":"search_term_string"}}],"inLanguage":"en-US"},{"@type":"Organization","@id":"http:\/\/monmaghreb.com\/#organization","name":"Mon Maghreb","url":"http:\/\/monmaghreb.com\/","logo":{"@type":"ImageObject","inLanguage":"en-US","@id":"http:\/\/monmaghreb.com\/#\/schema\/logo\/image\/","url":"https:\/\/monmaghreb.com\/wp-content\/uploads\/2025\/12\/Mon_Maghreb_Logo.jpg","contentUrl":"https:\/\/monmaghreb.com\/wp-content\/uploads\/2025\/12\/Mon_Maghreb_Logo.jpg","width":814,"height":374,"caption":"Mon Maghreb"},"image":{"@id":"http:\/\/monmaghreb.com\/#\/schema\/logo\/image\/"}},{"@type":"Person","@id":"http:\/\/monmaghreb.com\/#\/schema\/person\/c469a89dc8c6b8987dcb438b1200d054","name":"LaMagh","image":{"@type":"ImageObject","inLanguage":"en-US","@id":"https:\/\/secure.gravatar.com\/avatar\/399d8144bd55fba55e056779aca52fe528bac7911f6449e54d81173d6dfd7f0a?s=96&d=mm&r=g","url":"https:\/\/secure.gravatar.com\/avatar\/399d8144bd55fba55e056779aca52fe528bac7911f6449e54d81173d6dfd7f0a?s=96&d=mm&r=g","contentUrl":"https:\/\/secure.gravatar.com\/avatar\/399d8144bd55fba55e056779aca52fe528bac7911f6449e54d81173d6dfd7f0a?s=96&d=mm&r=g","caption":"LaMagh"},"sameAs":["https:\/\/monmaghreb.com","https:\/\/www.facebook.com\/monmaghrebcom","https:\/\/x.com\/MMaghreb50977"],"url":"https:\/\/monmaghreb.com\/index.php\/author\/lamagh\/"}]}},"_links":{"self":[{"href":"https:\/\/monmaghreb.com\/index.php\/wp-json\/wp\/v2\/posts\/3425","targetHints":{"allow":["GET"]}}],"collection":[{"href":"https:\/\/monmaghreb.com\/index.php\/wp-json\/wp\/v2\/posts"}],"about":[{"href":"https:\/\/monmaghreb.com\/index.php\/wp-json\/wp\/v2\/types\/post"}],"author":[{"embeddable":true,"href":"https:\/\/monmaghreb.com\/index.php\/wp-json\/wp\/v2\/users\/1"}],"replies":[{"embeddable":true,"href":"https:\/\/monmaghreb.com\/index.php\/wp-json\/wp\/v2\/comments?post=3425"}],"version-history":[{"count":1,"href":"https:\/\/monmaghreb.com\/index.php\/wp-json\/wp\/v2\/posts\/3425\/revisions"}],"predecessor-version":[{"id":3426,"href":"https:\/\/monmaghreb.com\/index.php\/wp-json\/wp\/v2\/posts\/3425\/revisions\/3426"}],"wp:featuredmedia":[{"embeddable":true,"href":"https:\/\/monmaghreb.com\/index.php\/wp-json\/wp\/v2\/media\/3424"}],"wp:attachment":[{"href":"https:\/\/monmaghreb.com\/index.php\/wp-json\/wp\/v2\/media?parent=3425"}],"wp:term":[{"taxonomy":"category","embeddable":true,"href":"https:\/\/monmaghreb.com\/index.php\/wp-json\/wp\/v2\/categories?post=3425"},{"taxonomy":"post_tag","embeddable":true,"href":"https:\/\/monmaghreb.com\/index.php\/wp-json\/wp\/v2\/tags?post=3425"}],"curies":[{"name":"wp","href":"https:\/\/api.w.org\/{rel}","templated":true}]}}