{"id":3434,"date":"2026-04-25T14:34:08","date_gmt":"2026-04-25T14:34:08","guid":{"rendered":"https:\/\/monmaghreb.com\/index.php\/2026\/04\/25\/le-code-de-la-famille-marocain-souvre-a-la-garde-partagee-quelles-implications-pour-les-familles\/"},"modified":"2026-04-25T14:34:12","modified_gmt":"2026-04-25T14:34:12","slug":"le-code-de-la-famille-marocain-souvre-a-la-garde-partagee-quelles-implications-pour-les-familles","status":"publish","type":"post","link":"https:\/\/monmaghreb.com\/index.php\/2026\/04\/25\/le-code-de-la-famille-marocain-souvre-a-la-garde-partagee-quelles-implications-pour-les-familles\/","title":{"rendered":"Le Code de la famille marocain s\u2019ouvre \u00e0 la garde partag\u00e9e : quelles implications pour les familles?"},"content":{"rendered":"<p><!DOCTYPE html><br \/>\n<html lang='fr'><br \/>\n<head><br \/>\n<meta charset='UTF-8'><br \/>\n<title>Le Code de la famille marocain s\u2019ouvre \u00e0 la garde <a href=\"https:\/\/monmaghreb.com\/index.php\/2026\/04\/21\/le-maroc-ouvre-son-code-de-la-famille-a-la-garde-partagee-une-nouvelle-etape-vers-legalite\/\" title=\"Le Maroc ouvre son Code de la famille \u00e0 la garde partag\u00e9e : une nouvelle \u00e9tape vers l&#8217;\u00e9galit\u00e9\">partag\u00e9e<\/a> : quelles implications pour les familles?<\/title><br \/>\n<\/head><br \/>\n<body><\/p>\n<h1>Le Code de la famille marocain s\u2019ouvre \u00e0 la garde partag\u00e9e : quelles implications pour les familles?<\/h1>\n<p>La nouvelle loi sur la garde partag\u00e9e, adopt\u00e9e r\u00e9cemment au Maroc, a cr\u00e9\u00e9 un \u00e9norme enthousiasme chez les parents marocains r\u00e9sidents en diaspora ou en Morocco. Pourquoi cette loi est-elle si importante ? Pour commencer, elle permet d\u00e9sormais \u00e0 deux parents de g\u00e9rer conjointement l\u2019\u00e9ducation de leurs enfants, sans avoir \u00e0 se soucier de la distance qui les s\u00e9pare. Cela signifie que des parents travaillant \u00e0 l&#8217;\u00e9tranger pourront ainsi rester impliqu\u00e9s dans la vie quotidienne de leurs enfants, m\u00eame si ils ne sont pas physiquement pr\u00e9sents.<\/p>\n<h2>Que signifie la garde partag\u00e9e?<\/h2>\n<p>Avec la garde partag\u00e9e, les parents peuvent partager \u00e9quitablement les responsabilit\u00e9s parentales, ce qui signifie que chaque parent a le m\u00eame pouvoir de prise de d\u00e9cision pour l&#8217;\u00e9ducation et le bien-\u00eatre des enfants. Cela peut prendre plusieurs formes, comme une division \u00e9gale des t\u00e2ches m\u00e9nag\u00e8res, une planification conjointe des vacances ou des \u00e9v\u00e9nements sp\u00e9ciaux, ou encore la participation \u00e0 des activit\u00e9s scolaires ou extra-scolaires.<\/p>\n<p>Par exemple, imaginez deux parents vivant en France et au Maroc, travaillant tous les deux dans des entreprises diff\u00e9rentes. Avec la garde partag\u00e9e, ils peuvent prendre ensemble des d\u00e9cisions pour l&#8217;\u00e9ducation de leurs enfants, comme choisir une \u00e9cole ou un programme d&#8217;enseignement en ligne, m\u00eame si l&#8217;un est en France et l&#8217;autre au Maroc.<\/p>\n<h2>Quel est l\u2019objectif de la loi sur la garde partag\u00e9e?<\/h2>\n<p>L&#8217;objectif principal de cette loi est d&#8217;am\u00e9liorer la vie quotidienne des familles, en leur offrant une plus grande flexibilit\u00e9 et en permettant aux parents de g\u00e9rer leurs responsabilit\u00e9s parentales avec \u00e9quit\u00e9. Cela signifie que les parents ne sont plus contraints par la distance ou les horaires de travail pour prendre soin de leurs enfants.<\/p>\n<p>En outre, cette loi vise \u00e0 encourager l&#8217;empathie et la compr\u00e9hension entre les parents qui ne vivent pas ensemble, mais qui partagent cependant un lien fort avec leurs enfants. Elle permet aux parents de se sentir plus impliqu\u00e9s dans la vie quotidienne de leurs enfants, m\u00eame si ils ne sont pas physiquement pr\u00e9sents.<\/p>\n<h2>Comment peut-elle \u00eatre mise en \u0153uvre?<\/h2>\n<p>La garde partag\u00e9e est n\u00e9goci\u00e9e entre les deux parents et doit \u00eatre inscrite dans un acte notari\u00e9. Cela signifie que les parents doivent s&#8217;entendre sur les modalit\u00e9s de la garde partag\u00e9e, comme le calendrier des transmissions de responsabilit\u00e9s, les d\u00e9cisions \u00e0 prendre pour l&#8217;\u00e9ducation des enfants, etc.<\/p>\n<p>Il est \u00e9galement possible de r\u00e9gler la garde partag\u00e9e par une loi familiale. Cela peut \u00eatre particuli\u00e8rement utile dans les cas o\u00f9 les parents ont des enfants issus de mariages pr\u00e9c\u00e9dents ou o\u00f9 ils ont des enfants \u00e0 charge avec d&#8217;autres membres de leur famille.<\/p>\n<h2>Quels sont les avantages de la garde partag\u00e9e?<\/h2>\n<ul>\n<li>La garde partag\u00e9e permet aux deux parents d\u2019\u00eatre plus pr\u00e9sents dans la vie quotidienne de leurs enfants, et de participer activement \u00e0 leur \u00e9ducation.<\/li>\n<li>Elle offre une plus grande flexibilit\u00e9 et des possibilit\u00e9s de planification de l\u2019\u00e9chelle longue pour les familles biraciales ou transfrontali\u00e8res.<\/li>\n<li>Elle peut \u00eatre b\u00e9n\u00e9fique pour la sant\u00e9 mentale et physique des enfants, en permettant une division \u00e9quitable du travail parental entre les deux parents.<\/li>\n<\/ul>\n<h2>Quels sont les risques associ\u00e9s \u00e0 la garde partag\u00e9e?<\/h2>\n<p>M\u00eame si la garde partag\u00e9e offre de nombreux avantages, il est important de prendre en compte les risques qui peuvent s&#8217;y trouver. Par exemple, la garde partag\u00e9e peut entra\u00eener des conflits entre les parents sur la mani\u00e8re de faire \u00e9voluer l\u2019\u00e9ducation de leurs enfants.<\/p>\n<p>Cela peut \u00eatre particuli\u00e8rement vrai dans les cas o\u00f9 les parents ont des vues diff\u00e9rentes sur l&#8217;\u00e9ducation ou la discipline des enfants. Il est donc important que les parents soient pr\u00eats \u00e0 travailler ensemble pour r\u00e9soudre ces conflits et trouver des solutions qui profitent \u00e0 tous.<\/p>\n<h2>Quels sont les prochaines \u00e9tapes?<\/h2>\n<p>La loi sur la garde partag\u00e9e est entr\u00e9e en vigueur le 1er juillet 2023, mais le gouvernement a d\u00e9clar\u00e9 qu\u2019il serait n\u00e9cessaire de clarifier certains aspects du texte l\u00e9gislatif pour \u00e9viter les conflits futurs entre parents.<\/p>\n<p>Cela signifie que les parents devront \u00eatre pr\u00eats \u00e0 travailler ensemble pour r\u00e9soudre ces conflits et trouver des solutions qui profitent \u00e0 tous. Il est \u00e9galement important que les parents soient inform\u00e9s sur les proc\u00e9dures l\u00e9gales en vigueur et qu&#8217;ils comprennent leurs droits et obligations dans le cadre de la garde partag\u00e9e.<\/p>\n<h2>Conclusion<\/h2>\n<p>La garde partag\u00e9e est une r\u00e9volution importante pour la vie des familles en diaspora et en Morocco. Elle offre une plus grande flexibilit\u00e9, des avantages pour les enfants, mais \u00e9galement des risques \u00e0 prendre en compte. Le gouvernement marocain a annonc\u00e9 qu\u2019il clarifierait certains aspects du texte l\u00e9gislatif afin d\u2019\u00e9viter les conflits futurs entre parents.<\/p>\n<p>Les familles biraciales, transfrontali\u00e8res et celles ayant des membres vivant \u00e0 l\u2019\u00e9tranger seront probablement les premieres \u00e0 profiter de cette nouvelle loi. Nous vous encouragerons \u00e0 profiter de ses avantages, mais \u00e9galement \u00e0 y pr\u00eater attention aux risques qui peuvent s\u2019y trouver.<\/p>\n<div style=\"background:#f8f9fa;border-left:4px solid #0066cc;border-radius:6px;padding:20px 24px;margin:32px 0;\">\n<p style=\"font-size:13px;color:#888;text-transform:uppercase;letter-spacing:0.8px;margin:0 0 6px 0;\">Vous pourriez aussi aimer<\/p>\n<h3 style=\"font-size:18px;margin:0 0 14px 0;color:#222;\">Articles similaires<\/h3>\n<ul style=\"margin:0;padding-left:20px;list-style:disc;\">\n<li style=\"margin-bottom:10px;\"><a href=\"https:\/\/monmaghreb.com\/index.php\/2026\/04\/21\/le-maroc-ouvre-son-code-de-la-famille-a-la-garde-partagee-une-nouvelle-etape-vers-legalite\/\" style=\"color:#0066cc;text-decoration:none;font-weight:500;\" title=\"Le Maroc ouvre son Code de la famille \u00e0 la garde partag\u00e9e : une nouvelle \u00e9tape vers l&#8217;\u00e9galit\u00e9\">Le Maroc ouvre son Code de la famille \u00e0 la garde partag\u00e9e : une nouvelle \u00e9tape vers l&#8217;\u00e9galit\u00e9<\/a><\/li>\n<li style=\"margin-bottom:10px;\"><a href=\"https:\/\/monmaghreb.com\/index.php\/2026\/04\/25\/la-revolution-silencieuse-des-familles-au-maroc-une-approche-culturelle\/\" style=\"color:#0066cc;text-decoration:none;font-weight:500;\" title=\"La r\u00e9volution silencieuse des familles au Maroc : une approche culturelle\">La r\u00e9volution silencieuse des familles au Maroc : une approche culturelle<\/a><\/li>\n<li style=\"margin-bottom:10px;\"><a href=\"https:\/\/monmaghreb.com\/index.php\/2026\/04\/25\/nouvelle-boutique-dartisanat-marocain-ouvre-a-cherbourg-en-cotentin-entre-tradition-et-modernite\/\" style=\"color:#0066cc;text-decoration:none;font-weight:500;\" title=\"Nouvelle boutique d&#8217;artisanat marocain ouvre \u00e0 Cherbourg-en-Cotentin : entre tradition et modernit\u00e9\">Nouvelle boutique d&#8217;artisanat marocain ouvre \u00e0 Cherbourg-en-Cotentin : entre tradition et modernit\u00e9<\/a><\/li>\n<li style=\"margin-bottom:10px;\"><a href=\"https:\/\/monmaghreb.com\/index.php\/2026\/04\/25\/laugmentation-de-la-consommation-de-gaz-naturel-au-maroc-grace-a-lexploitation-du-maghreb-europe-un-nouvel-elan-pour-le-developpement-economique-marocain\/\" style=\"color:#0066cc;text-decoration:none;font-weight:500;\" title=\"L&#8217;augmentation de la consommation de gaz naturel au Maroc gr\u00e2ce \u00e0 l&#8217;exploitation du Maghreb-Europe : un nouvel \u00e9lan pour le d\u00e9veloppement \u00e9conomique marocain\">L&#8217;augmentation de la consommation de gaz naturel au Maroc gr\u00e2ce \u00e0 l&#8217;exploitation du Maghreb-Europe : un nouvel \u00e9lan pour le d\u00e9veloppement \u00e9conomique marocain<\/a><\/li>\n<li style=\"margin-bottom:10px;\"><a href=\"https:\/\/monmaghreb.com\/index.php\/2026\/04\/22\/un-voyage-humanitaire-en-maroc-mene-par-des-adolescents-de-bergerac-un-exemple-inspiring-pour-la-diaspora-maghrebine\/\" style=\"color:#0066cc;text-decoration:none;font-weight:500;\" title=\"Un voyage humanitaire en Maroc men\u00e9 par des adolescents de Bergerac : un exemple inspiring pour la diaspora maghr\u00e9bine\">Un voyage humanitaire en Maroc men\u00e9 par des adolescents de Bergerac : un exemple inspiring pour la diaspora maghr\u00e9bine<\/a><\/li>\n<\/ul>\n<\/div>\n<p><\/body><br \/>\n<\/html><\/p>\n","protected":false},"excerpt":{"rendered":"<p>Discover the implications of Morocco&#8217;s new shared custody law for families. A game-changer for expat and local parents alike.<\/p>\n","protected":false},"author":1,"featured_media":3433,"comment_status":"closed","ping_status":"open","sticky":false,"template":"","format":"standard","meta":{"_yoast_wpseo_focuskw":"marocain shared custody law","_yoast_wpseo_title":"Le Code de la famille marocain s\u2019ouvre \u00e0 la garde partag\u00e9e :","_yoast_wpseo_metadesc":"Discover the implications of Morocco's new shared custody law for families. A game-changer for expat and local parents alike.","_yoast_wpseo_canonical":"","_yoast_wpseo_opengraph-title":"Le Code de la famille marocain s\u2019ouvre \u00e0 la garde partag\u00e9e : quelles implications pour les familles?","_yoast_wpseo_opengraph-description":"Discover the implications of Morocco's new shared custody law for families. A game-changer for expat and local parents alike.","_yoast_wpseo_opengraph-image":"","tdm_status":"","tdm_grid_status":"","footnotes":""},"categories":[655],"tags":[1876,1048,2337,734,2338],"class_list":["post-3434","post","type-post","status-publish","format-standard","has-post-thumbnail","hentry","category-maroc","tag-diaspora-marocaine","tag-family-law","tag-maroc-family-code","tag-practical-guide","tag-shared-custody"],"yoast_head":"<!-- This site is optimized with the Yoast SEO plugin v27.4 - https:\/\/yoast.com\/product\/yoast-seo-wordpress\/ -->\n<title>Le Code de la famille marocain s\u2019ouvre \u00e0 la garde partag\u00e9e :<\/title>\n<meta name=\"description\" content=\"Discover the implications of Morocco&#039;s new shared custody law for families. A game-changer for expat and local parents alike.\" \/>\n<meta name=\"robots\" content=\"index, follow, max-snippet:-1, max-image-preview:large, max-video-preview:-1\" \/>\n<link rel=\"canonical\" href=\"https:\/\/monmaghreb.com\/index.php\/2026\/04\/25\/le-code-de-la-famille-marocain-souvre-a-la-garde-partagee-quelles-implications-pour-les-familles\/\" \/>\n<meta property=\"og:locale\" content=\"en_US\" \/>\n<meta property=\"og:type\" content=\"article\" \/>\n<meta property=\"og:title\" content=\"Le Code de la famille marocain s\u2019ouvre \u00e0 la garde partag\u00e9e : quelles implications pour les familles?\" \/>\n<meta property=\"og:description\" content=\"Discover the implications of Morocco&#039;s new shared custody law for families. A game-changer for expat and local parents alike.\" \/>\n<meta property=\"og:url\" content=\"https:\/\/monmaghreb.com\/index.php\/2026\/04\/25\/le-code-de-la-famille-marocain-souvre-a-la-garde-partagee-quelles-implications-pour-les-familles\/\" \/>\n<meta property=\"og:site_name\" content=\"Mon Maghreb\" \/>\n<meta property=\"article:author\" content=\"https:\/\/www.facebook.com\/monmaghrebcom\" \/>\n<meta property=\"article:published_time\" content=\"2026-04-25T14:34:08+00:00\" \/>\n<meta property=\"article:modified_time\" content=\"2026-04-25T14:34:12+00:00\" \/>\n<meta property=\"og:image\" content=\"https:\/\/monmaghreb.com\/wp-content\/uploads\/2026\/04\/featured-370.jpg\" \/>\n\t<meta property=\"og:image:width\" content=\"1880\" \/>\n\t<meta property=\"og:image:height\" content=\"1255\" \/>\n\t<meta property=\"og:image:type\" content=\"image\/jpeg\" \/>\n<meta name=\"author\" content=\"LaMagh\" \/>\n<meta name=\"twitter:card\" content=\"summary_large_image\" \/>\n<meta name=\"twitter:creator\" content=\"@MMaghreb50977\" \/>\n<meta name=\"twitter:label1\" content=\"Written by\" \/>\n\t<meta name=\"twitter:data1\" content=\"LaMagh\" \/>\n\t<meta name=\"twitter:label2\" content=\"Est. reading time\" \/>\n\t<meta name=\"twitter:data2\" content=\"5 minutes\" \/>\n<script type=\"application\/ld+json\" class=\"yoast-schema-graph\">{\"@context\":\"https:\\\/\\\/schema.org\",\"@graph\":[{\"@type\":\"Article\",\"@id\":\"https:\\\/\\\/monmaghreb.com\\\/index.php\\\/2026\\\/04\\\/25\\\/le-code-de-la-famille-marocain-souvre-a-la-garde-partagee-quelles-implications-pour-les-familles\\\/#article\",\"isPartOf\":{\"@id\":\"https:\\\/\\\/monmaghreb.com\\\/index.php\\\/2026\\\/04\\\/25\\\/le-code-de-la-famille-marocain-souvre-a-la-garde-partagee-quelles-implications-pour-les-familles\\\/\"},\"author\":{\"name\":\"LaMagh\",\"@id\":\"http:\\\/\\\/monmaghreb.com\\\/#\\\/schema\\\/person\\\/c469a89dc8c6b8987dcb438b1200d054\"},\"headline\":\"Le Code de la famille marocain s\u2019ouvre \u00e0 la garde partag\u00e9e : quelles implications pour les familles?\",\"datePublished\":\"2026-04-25T14:34:08+00:00\",\"dateModified\":\"2026-04-25T14:34:12+00:00\",\"mainEntityOfPage\":{\"@id\":\"https:\\\/\\\/monmaghreb.com\\\/index.php\\\/2026\\\/04\\\/25\\\/le-code-de-la-famille-marocain-souvre-a-la-garde-partagee-quelles-implications-pour-les-familles\\\/\"},\"wordCount\":1016,\"publisher\":{\"@id\":\"http:\\\/\\\/monmaghreb.com\\\/#organization\"},\"image\":{\"@id\":\"https:\\\/\\\/monmaghreb.com\\\/index.php\\\/2026\\\/04\\\/25\\\/le-code-de-la-famille-marocain-souvre-a-la-garde-partagee-quelles-implications-pour-les-familles\\\/#primaryimage\"},\"thumbnailUrl\":\"https:\\\/\\\/monmaghreb.com\\\/wp-content\\\/uploads\\\/2026\\\/04\\\/featured-370.jpg\",\"keywords\":[\"diaspora marocaine\",\"family law\",\"maroc family code\",\"practical guide\",\"shared custody\"],\"articleSection\":[\"Maroc\"],\"inLanguage\":\"en-US\"},{\"@type\":\"WebPage\",\"@id\":\"https:\\\/\\\/monmaghreb.com\\\/index.php\\\/2026\\\/04\\\/25\\\/le-code-de-la-famille-marocain-souvre-a-la-garde-partagee-quelles-implications-pour-les-familles\\\/\",\"url\":\"https:\\\/\\\/monmaghreb.com\\\/index.php\\\/2026\\\/04\\\/25\\\/le-code-de-la-famille-marocain-souvre-a-la-garde-partagee-quelles-implications-pour-les-familles\\\/\",\"name\":\"Le Code de la famille marocain s\u2019ouvre \u00e0 la garde partag\u00e9e :\",\"isPartOf\":{\"@id\":\"http:\\\/\\\/monmaghreb.com\\\/#website\"},\"primaryImageOfPage\":{\"@id\":\"https:\\\/\\\/monmaghreb.com\\\/index.php\\\/2026\\\/04\\\/25\\\/le-code-de-la-famille-marocain-souvre-a-la-garde-partagee-quelles-implications-pour-les-familles\\\/#primaryimage\"},\"image\":{\"@id\":\"https:\\\/\\\/monmaghreb.com\\\/index.php\\\/2026\\\/04\\\/25\\\/le-code-de-la-famille-marocain-souvre-a-la-garde-partagee-quelles-implications-pour-les-familles\\\/#primaryimage\"},\"thumbnailUrl\":\"https:\\\/\\\/monmaghreb.com\\\/wp-content\\\/uploads\\\/2026\\\/04\\\/featured-370.jpg\",\"datePublished\":\"2026-04-25T14:34:08+00:00\",\"dateModified\":\"2026-04-25T14:34:12+00:00\",\"description\":\"Discover the implications of Morocco's new shared custody law for families. A game-changer for expat and local parents alike.\",\"breadcrumb\":{\"@id\":\"https:\\\/\\\/monmaghreb.com\\\/index.php\\\/2026\\\/04\\\/25\\\/le-code-de-la-famille-marocain-souvre-a-la-garde-partagee-quelles-implications-pour-les-familles\\\/#breadcrumb\"},\"inLanguage\":\"en-US\",\"potentialAction\":[{\"@type\":\"ReadAction\",\"target\":[\"https:\\\/\\\/monmaghreb.com\\\/index.php\\\/2026\\\/04\\\/25\\\/le-code-de-la-famille-marocain-souvre-a-la-garde-partagee-quelles-implications-pour-les-familles\\\/\"]}]},{\"@type\":\"ImageObject\",\"inLanguage\":\"en-US\",\"@id\":\"https:\\\/\\\/monmaghreb.com\\\/index.php\\\/2026\\\/04\\\/25\\\/le-code-de-la-famille-marocain-souvre-a-la-garde-partagee-quelles-implications-pour-les-familles\\\/#primaryimage\",\"url\":\"https:\\\/\\\/monmaghreb.com\\\/wp-content\\\/uploads\\\/2026\\\/04\\\/featured-370.jpg\",\"contentUrl\":\"https:\\\/\\\/monmaghreb.com\\\/wp-content\\\/uploads\\\/2026\\\/04\\\/featured-370.jpg\",\"width\":1880,\"height\":1255,\"caption\":\"Maroccan parents discussing shared custody at a table\"},{\"@type\":\"BreadcrumbList\",\"@id\":\"https:\\\/\\\/monmaghreb.com\\\/index.php\\\/2026\\\/04\\\/25\\\/le-code-de-la-famille-marocain-souvre-a-la-garde-partagee-quelles-implications-pour-les-familles\\\/#breadcrumb\",\"itemListElement\":[{\"@type\":\"ListItem\",\"position\":1,\"name\":\"Home\",\"item\":\"http:\\\/\\\/monmaghreb.com\\\/\"},{\"@type\":\"ListItem\",\"position\":2,\"name\":\"Le Code de la famille marocain s\u2019ouvre \u00e0 la garde partag\u00e9e : quelles implications pour les familles?\"}]},{\"@type\":\"WebSite\",\"@id\":\"http:\\\/\\\/monmaghreb.com\\\/#website\",\"url\":\"http:\\\/\\\/monmaghreb.com\\\/\",\"name\":\"Mon Maghreb\",\"description\":\"MonMaghreb United\",\"publisher\":{\"@id\":\"http:\\\/\\\/monmaghreb.com\\\/#organization\"},\"alternateName\":\"Le Monde du Maghreb et au del\u00e0\",\"potentialAction\":[{\"@type\":\"SearchAction\",\"target\":{\"@type\":\"EntryPoint\",\"urlTemplate\":\"http:\\\/\\\/monmaghreb.com\\\/?s={search_term_string}\"},\"query-input\":{\"@type\":\"PropertyValueSpecification\",\"valueRequired\":true,\"valueName\":\"search_term_string\"}}],\"inLanguage\":\"en-US\"},{\"@type\":\"Organization\",\"@id\":\"http:\\\/\\\/monmaghreb.com\\\/#organization\",\"name\":\"Mon Maghreb\",\"url\":\"http:\\\/\\\/monmaghreb.com\\\/\",\"logo\":{\"@type\":\"ImageObject\",\"inLanguage\":\"en-US\",\"@id\":\"http:\\\/\\\/monmaghreb.com\\\/#\\\/schema\\\/logo\\\/image\\\/\",\"url\":\"https:\\\/\\\/monmaghreb.com\\\/wp-content\\\/uploads\\\/2025\\\/12\\\/Mon_Maghreb_Logo.jpg\",\"contentUrl\":\"https:\\\/\\\/monmaghreb.com\\\/wp-content\\\/uploads\\\/2025\\\/12\\\/Mon_Maghreb_Logo.jpg\",\"width\":814,\"height\":374,\"caption\":\"Mon Maghreb\"},\"image\":{\"@id\":\"http:\\\/\\\/monmaghreb.com\\\/#\\\/schema\\\/logo\\\/image\\\/\"}},{\"@type\":\"Person\",\"@id\":\"http:\\\/\\\/monmaghreb.com\\\/#\\\/schema\\\/person\\\/c469a89dc8c6b8987dcb438b1200d054\",\"name\":\"LaMagh\",\"image\":{\"@type\":\"ImageObject\",\"inLanguage\":\"en-US\",\"@id\":\"https:\\\/\\\/secure.gravatar.com\\\/avatar\\\/399d8144bd55fba55e056779aca52fe528bac7911f6449e54d81173d6dfd7f0a?s=96&d=mm&r=g\",\"url\":\"https:\\\/\\\/secure.gravatar.com\\\/avatar\\\/399d8144bd55fba55e056779aca52fe528bac7911f6449e54d81173d6dfd7f0a?s=96&d=mm&r=g\",\"contentUrl\":\"https:\\\/\\\/secure.gravatar.com\\\/avatar\\\/399d8144bd55fba55e056779aca52fe528bac7911f6449e54d81173d6dfd7f0a?s=96&d=mm&r=g\",\"caption\":\"LaMagh\"},\"sameAs\":[\"https:\\\/\\\/monmaghreb.com\",\"https:\\\/\\\/www.facebook.com\\\/monmaghrebcom\",\"https:\\\/\\\/x.com\\\/MMaghreb50977\"],\"url\":\"https:\\\/\\\/monmaghreb.com\\\/index.php\\\/author\\\/lamagh\\\/\"}]}<\/script>\n<!-- \/ Yoast SEO plugin. -->","yoast_head_json":{"title":"Le Code de la famille marocain s\u2019ouvre \u00e0 la garde partag\u00e9e :","description":"Discover the implications of Morocco's new shared custody law for families. A game-changer for expat and local parents alike.","robots":{"index":"index","follow":"follow","max-snippet":"max-snippet:-1","max-image-preview":"max-image-preview:large","max-video-preview":"max-video-preview:-1"},"canonical":"https:\/\/monmaghreb.com\/index.php\/2026\/04\/25\/le-code-de-la-famille-marocain-souvre-a-la-garde-partagee-quelles-implications-pour-les-familles\/","og_locale":"en_US","og_type":"article","og_title":"Le Code de la famille marocain s\u2019ouvre \u00e0 la garde partag\u00e9e : quelles implications pour les familles?","og_description":"Discover the implications of Morocco's new shared custody law for families. A game-changer for expat and local parents alike.","og_url":"https:\/\/monmaghreb.com\/index.php\/2026\/04\/25\/le-code-de-la-famille-marocain-souvre-a-la-garde-partagee-quelles-implications-pour-les-familles\/","og_site_name":"Mon Maghreb","article_author":"https:\/\/www.facebook.com\/monmaghrebcom","article_published_time":"2026-04-25T14:34:08+00:00","article_modified_time":"2026-04-25T14:34:12+00:00","og_image":[{"width":1880,"height":1255,"url":"https:\/\/monmaghreb.com\/wp-content\/uploads\/2026\/04\/featured-370.jpg","type":"image\/jpeg"}],"author":"LaMagh","twitter_card":"summary_large_image","twitter_creator":"@MMaghreb50977","twitter_misc":{"Written by":"LaMagh","Est. reading time":"5 minutes"},"schema":{"@context":"https:\/\/schema.org","@graph":[{"@type":"Article","@id":"https:\/\/monmaghreb.com\/index.php\/2026\/04\/25\/le-code-de-la-famille-marocain-souvre-a-la-garde-partagee-quelles-implications-pour-les-familles\/#article","isPartOf":{"@id":"https:\/\/monmaghreb.com\/index.php\/2026\/04\/25\/le-code-de-la-famille-marocain-souvre-a-la-garde-partagee-quelles-implications-pour-les-familles\/"},"author":{"name":"LaMagh","@id":"http:\/\/monmaghreb.com\/#\/schema\/person\/c469a89dc8c6b8987dcb438b1200d054"},"headline":"Le Code de la famille marocain s\u2019ouvre \u00e0 la garde partag\u00e9e : quelles implications pour les familles?","datePublished":"2026-04-25T14:34:08+00:00","dateModified":"2026-04-25T14:34:12+00:00","mainEntityOfPage":{"@id":"https:\/\/monmaghreb.com\/index.php\/2026\/04\/25\/le-code-de-la-famille-marocain-souvre-a-la-garde-partagee-quelles-implications-pour-les-familles\/"},"wordCount":1016,"publisher":{"@id":"http:\/\/monmaghreb.com\/#organization"},"image":{"@id":"https:\/\/monmaghreb.com\/index.php\/2026\/04\/25\/le-code-de-la-famille-marocain-souvre-a-la-garde-partagee-quelles-implications-pour-les-familles\/#primaryimage"},"thumbnailUrl":"https:\/\/monmaghreb.com\/wp-content\/uploads\/2026\/04\/featured-370.jpg","keywords":["diaspora marocaine","family law","maroc family code","practical guide","shared custody"],"articleSection":["Maroc"],"inLanguage":"en-US"},{"@type":"WebPage","@id":"https:\/\/monmaghreb.com\/index.php\/2026\/04\/25\/le-code-de-la-famille-marocain-souvre-a-la-garde-partagee-quelles-implications-pour-les-familles\/","url":"https:\/\/monmaghreb.com\/index.php\/2026\/04\/25\/le-code-de-la-famille-marocain-souvre-a-la-garde-partagee-quelles-implications-pour-les-familles\/","name":"Le Code de la famille marocain s\u2019ouvre \u00e0 la garde partag\u00e9e :","isPartOf":{"@id":"http:\/\/monmaghreb.com\/#website"},"primaryImageOfPage":{"@id":"https:\/\/monmaghreb.com\/index.php\/2026\/04\/25\/le-code-de-la-famille-marocain-souvre-a-la-garde-partagee-quelles-implications-pour-les-familles\/#primaryimage"},"image":{"@id":"https:\/\/monmaghreb.com\/index.php\/2026\/04\/25\/le-code-de-la-famille-marocain-souvre-a-la-garde-partagee-quelles-implications-pour-les-familles\/#primaryimage"},"thumbnailUrl":"https:\/\/monmaghreb.com\/wp-content\/uploads\/2026\/04\/featured-370.jpg","datePublished":"2026-04-25T14:34:08+00:00","dateModified":"2026-04-25T14:34:12+00:00","description":"Discover the implications of Morocco's new shared custody law for families. A game-changer for expat and local parents alike.","breadcrumb":{"@id":"https:\/\/monmaghreb.com\/index.php\/2026\/04\/25\/le-code-de-la-famille-marocain-souvre-a-la-garde-partagee-quelles-implications-pour-les-familles\/#breadcrumb"},"inLanguage":"en-US","potentialAction":[{"@type":"ReadAction","target":["https:\/\/monmaghreb.com\/index.php\/2026\/04\/25\/le-code-de-la-famille-marocain-souvre-a-la-garde-partagee-quelles-implications-pour-les-familles\/"]}]},{"@type":"ImageObject","inLanguage":"en-US","@id":"https:\/\/monmaghreb.com\/index.php\/2026\/04\/25\/le-code-de-la-famille-marocain-souvre-a-la-garde-partagee-quelles-implications-pour-les-familles\/#primaryimage","url":"https:\/\/monmaghreb.com\/wp-content\/uploads\/2026\/04\/featured-370.jpg","contentUrl":"https:\/\/monmaghreb.com\/wp-content\/uploads\/2026\/04\/featured-370.jpg","width":1880,"height":1255,"caption":"Maroccan parents discussing shared custody at a table"},{"@type":"BreadcrumbList","@id":"https:\/\/monmaghreb.com\/index.php\/2026\/04\/25\/le-code-de-la-famille-marocain-souvre-a-la-garde-partagee-quelles-implications-pour-les-familles\/#breadcrumb","itemListElement":[{"@type":"ListItem","position":1,"name":"Home","item":"http:\/\/monmaghreb.com\/"},{"@type":"ListItem","position":2,"name":"Le Code de la famille marocain s\u2019ouvre \u00e0 la garde partag\u00e9e : quelles implications pour les familles?"}]},{"@type":"WebSite","@id":"http:\/\/monmaghreb.com\/#website","url":"http:\/\/monmaghreb.com\/","name":"Mon Maghreb","description":"MonMaghreb United","publisher":{"@id":"http:\/\/monmaghreb.com\/#organization"},"alternateName":"Le Monde du Maghreb et au del\u00e0","potentialAction":[{"@type":"SearchAction","target":{"@type":"EntryPoint","urlTemplate":"http:\/\/monmaghreb.com\/?s={search_term_string}"},"query-input":{"@type":"PropertyValueSpecification","valueRequired":true,"valueName":"search_term_string"}}],"inLanguage":"en-US"},{"@type":"Organization","@id":"http:\/\/monmaghreb.com\/#organization","name":"Mon Maghreb","url":"http:\/\/monmaghreb.com\/","logo":{"@type":"ImageObject","inLanguage":"en-US","@id":"http:\/\/monmaghreb.com\/#\/schema\/logo\/image\/","url":"https:\/\/monmaghreb.com\/wp-content\/uploads\/2025\/12\/Mon_Maghreb_Logo.jpg","contentUrl":"https:\/\/monmaghreb.com\/wp-content\/uploads\/2025\/12\/Mon_Maghreb_Logo.jpg","width":814,"height":374,"caption":"Mon Maghreb"},"image":{"@id":"http:\/\/monmaghreb.com\/#\/schema\/logo\/image\/"}},{"@type":"Person","@id":"http:\/\/monmaghreb.com\/#\/schema\/person\/c469a89dc8c6b8987dcb438b1200d054","name":"LaMagh","image":{"@type":"ImageObject","inLanguage":"en-US","@id":"https:\/\/secure.gravatar.com\/avatar\/399d8144bd55fba55e056779aca52fe528bac7911f6449e54d81173d6dfd7f0a?s=96&d=mm&r=g","url":"https:\/\/secure.gravatar.com\/avatar\/399d8144bd55fba55e056779aca52fe528bac7911f6449e54d81173d6dfd7f0a?s=96&d=mm&r=g","contentUrl":"https:\/\/secure.gravatar.com\/avatar\/399d8144bd55fba55e056779aca52fe528bac7911f6449e54d81173d6dfd7f0a?s=96&d=mm&r=g","caption":"LaMagh"},"sameAs":["https:\/\/monmaghreb.com","https:\/\/www.facebook.com\/monmaghrebcom","https:\/\/x.com\/MMaghreb50977"],"url":"https:\/\/monmaghreb.com\/index.php\/author\/lamagh\/"}]}},"_links":{"self":[{"href":"https:\/\/monmaghreb.com\/index.php\/wp-json\/wp\/v2\/posts\/3434","targetHints":{"allow":["GET"]}}],"collection":[{"href":"https:\/\/monmaghreb.com\/index.php\/wp-json\/wp\/v2\/posts"}],"about":[{"href":"https:\/\/monmaghreb.com\/index.php\/wp-json\/wp\/v2\/types\/post"}],"author":[{"embeddable":true,"href":"https:\/\/monmaghreb.com\/index.php\/wp-json\/wp\/v2\/users\/1"}],"replies":[{"embeddable":true,"href":"https:\/\/monmaghreb.com\/index.php\/wp-json\/wp\/v2\/comments?post=3434"}],"version-history":[{"count":1,"href":"https:\/\/monmaghreb.com\/index.php\/wp-json\/wp\/v2\/posts\/3434\/revisions"}],"predecessor-version":[{"id":3435,"href":"https:\/\/monmaghreb.com\/index.php\/wp-json\/wp\/v2\/posts\/3434\/revisions\/3435"}],"wp:featuredmedia":[{"embeddable":true,"href":"https:\/\/monmaghreb.com\/index.php\/wp-json\/wp\/v2\/media\/3433"}],"wp:attachment":[{"href":"https:\/\/monmaghreb.com\/index.php\/wp-json\/wp\/v2\/media?parent=3434"}],"wp:term":[{"taxonomy":"category","embeddable":true,"href":"https:\/\/monmaghreb.com\/index.php\/wp-json\/wp\/v2\/categories?post=3434"},{"taxonomy":"post_tag","embeddable":true,"href":"https:\/\/monmaghreb.com\/index.php\/wp-json\/wp\/v2\/tags?post=3434"}],"curies":[{"name":"wp","href":"https:\/\/api.w.org\/{rel}","templated":true}]}}