{"id":3470,"date":"2026-04-26T10:57:22","date_gmt":"2026-04-26T10:57:22","guid":{"rendered":"https:\/\/monmaghreb.com\/index.php\/2026\/04\/26\/lenseignement-inclusif-pour-enfants-polyhandicapes-une-ecole-unique-en-deux-sevres\/"},"modified":"2026-04-26T10:57:27","modified_gmt":"2026-04-26T10:57:27","slug":"lenseignement-inclusif-pour-enfants-polyhandicapes-une-ecole-unique-en-deux-sevres","status":"publish","type":"post","link":"https:\/\/monmaghreb.com\/index.php\/2026\/04\/26\/lenseignement-inclusif-pour-enfants-polyhandicapes-une-ecole-unique-en-deux-sevres\/","title":{"rendered":"L&#8217;enseignement inclusif pour enfants polyhandicap\u00e9s : une \u00e9cole unique en Deux-S\u00e8vres"},"content":{"rendered":"<p><!DOCTYPE html><br \/>\n<html lang='fr'><br \/>\n<head><br \/>\n<meta charset='UTF-8'><br \/>\n<title>L&#8217;enseignement inclusif pour enfants polyhandicap\u00e9s : une \u00e9cole unique en Deux-S\u00e8vres<\/title><br \/>\n<\/head><br \/>\n<body><\/p>\n<h1>L&#8217;enseignement inclusif pour enfants polyhandicap\u00e9s : une \u00e9cole unique en Deux-S\u00e8vres<\/h1>\n<p>Dans le contexte de la diversit\u00e9 des besoins scolaires, l&#8217;\u00e9cole de Sainte-Gemme-la-Plaine dans les Deux-S\u00e8vres a choisi de se positionner \u00e0 l&#8217;avant-garde en cr\u00e9ant une \u00e9cole unique pour enfants polyhandicap\u00e9s. Cela signifie que les \u00e9l\u00e8ves ont la possibilit\u00e9 de grandir ensemble en un environnement adapt\u00e9, o\u00f9 ils peuvent partager leurs exp\u00e9riences et leurs comp\u00e9tences tout en apprenant mutuellement.<\/p>\n<h2>Qu&#8217;est-ce qu&#8217;une \u00e9cole unique?<\/h2>\n<p>Une \u00e9cole unique est un type d&#8217;\u00e9cole sp\u00e9cialis\u00e9e qui accueille des \u00e9l\u00e8ves pr\u00e9sentant des troubles de sant\u00e9 ou des handicaps diff\u00e9rents. Dans l&#8217;\u00e9cole de Sainte-Gemme, cette approche permet \u00e0 des enfants avec des probl\u00e8mes physiques, motrices, sensorielles ou intellectuels de grandir ensemble en un environnement adapt\u00e9. Les \u00e9l\u00e8ves peuvent ainsi d\u00e9velopper leurs comp\u00e9tences et leurs talents dans une atmosph\u00e8re chaleureuse et inclusive.<\/p>\n<h2>Comment fonctionne-t-elle?<\/h2>\n<p>Les \u00e9l\u00e8ves sont r\u00e9partis en classes mixtes par \u00e2ge et besoins scolaires. Chaque classe est \u00e9quip\u00e9e d&#8217;un professeur sp\u00e9cialis\u00e9 en \u00e9ducation inclusive et assist\u00e9(e) par un ou des assistants sp\u00e9cialis\u00e9s pour accompagner les \u00e9l\u00e8ves dans leurs t\u00e2ches quotidiennes. Les enseignants travaillent en \u00e9troite collaboration pour adapter les programmes \u00e0 chaque enfant, en prenant en compte ses besoins sp\u00e9cifiques.<\/p>\n<h2>Quelques atouts de l&#8217;\u00e9cole<\/h2>\n<ul>\n<li><strong>La flexibilit\u00e9 :<\/strong> Chaque enfant dispose d&#8217;un programme adapt\u00e9 \u00e0 ses besoins sp\u00e9cifiques, ce qui permet une approche p\u00e9dagogique flexible et dynamique. Les enseignants peuvent ainsi s&#8217;adapter aux besoins de chaque \u00e9l\u00e8ve et proposer des activit\u00e9s pour les aider \u00e0 grandir.<\/li>\n<li><strong>L&#8217;acceptation et l&#8217;\u00e9galit\u00e9 :<\/strong> Les \u00e9l\u00e8ves apprennent \u00e0 communiquer et \u00e0 travailler ensemble dans un environnement o\u00f9 la diff\u00e9rence est valoris\u00e9e, ce qui favorise le respect mutuel. Chaque enfant est unique et a sa propre fa\u00e7on de s&#8217;exprimer, ce qui encourage les autres \u00e0 apprendre et \u00e0 grandir.<\/li>\n<li><strong>Le suivi m\u00e9dical et p\u00e9dagogique :<\/strong> Les \u00e9l\u00e8ves b\u00e9n\u00e9ficient d&#8217;un soutien continuel de l&#8217;\u00e9quipe m\u00e9dicale et p\u00e9dagogique pour une prise en charge optimale. Les enseignants travaillent en \u00e9troite collaboration avec les professionnels de la sant\u00e9 pour adapter les programmes \u00e0 chaque enfant, en prenant en compte ses besoins sp\u00e9cifiques.<\/li>\n<li><strong>Les activit\u00e9s extrascolaires :<\/strong> L&#8217;\u00e9cole propose des activit\u00e9s extrascolaires adapt\u00e9es aux besoins des \u00e9l\u00e8ves, telles que des ateliers de th\u00e9rapie ou de sports adapt\u00e9s. Cela permet aux enfants de se retrouver en dehors du contexte scolaire et de d\u00e9velopper leurs comp\u00e9tences sociales.<\/li>\n<\/ul>\n<h2>Un exemple de r\u00e9ussite<\/h2>\n<p>L&#8217;une des \u00e9l\u00e8ves la plus remarquables de l&#8217;\u00e9cole est Zineb, une enfant ayant un handicap visuel et audito-motrice. Avec un programme adapt\u00e9 \u00e0 ses besoins sp\u00e9cifiques et le soutien continu de son \u00e9quipe, elle a r\u00e9ussi \u00e0 progresser au cours de sa scolarit\u00e9. Elle est maintenant capable de lire et d&#8217;\u00e9crire en braille, ce qui lui permet de mieux communiquer avec les autres.<\/p>\n<h2>Un appel \u00e0 l&#8217;action<\/h2>\n<p>Si vous \u00eates int\u00e9ress\u00e9(e) par un tel projet p\u00e9dagogique et si vous souhaitez participer \u00e0 une \u00e9cole plus inclusive, n&#8217;hesitez pas \u00e0 faire un don ou \u00e0 contacter l&#8217;\u00e9cole de Sainte-Gemme-la-Plaine. Vous pouvez \u00e9galement partager votre propre exp\u00e9rience d&#8217;inclusion pour inspirer les autres.<\/p>\n<p>En r\u00e9sum\u00e9, l&#8217;\u00e9cole unique de Sainte-Gemme-la-Plaine est un mod\u00e8le d&#8217;enseignement inclusif qui permet aux enfants polyhandicap\u00e9s de grandir ensemble en un environnement adapt\u00e9 et chaleureux. Les enseignants travaillent en \u00e9troite collaboration pour adapter les programmes \u00e0 chaque enfant, ce qui favorise le respect mutuel et l&#8217;\u00e9galit\u00e9.<\/p>\n<p>Les activit\u00e9s extrascolaires propos\u00e9es par l&#8217;\u00e9cole encouragent les enfants \u00e0 se retrouver et \u00e0 d\u00e9velopper leurs comp\u00e9tences sociales. Les r\u00e9sultats obtenus montrent que l&#8217;inclusion est possible et que les enfants peuvent grandir ensemble en un environnement adapt\u00e9.<\/p>\n<p>Au final, il est essentiel de promouvoir l&#8217;enseignement inclusif pour permettre aux enfants polyhandicap\u00e9s de se sentir \u00e0 leur place dans le monde. Nous devons travailler ensemble pour cr\u00e9er un environnement o\u00f9 la diff\u00e9rence est valoris\u00e9e et o\u00f9 chaque enfant peut grandir avec confiance.<\/p>\n<div style=\"background:#f8f9fa;border-left:4px solid #0066cc;border-radius:6px;padding:20px 24px;margin:32px 0;\">\n<p style=\"font-size:13px;color:#888;text-transform:uppercase;letter-spacing:0.8px;margin:0 0 6px 0;\">Vous pourriez aussi aimer<\/p>\n<h3 style=\"font-size:18px;margin:0 0 14px 0;color:#222;\">Articles similaires<\/h3>\n<ul style=\"margin:0;padding-left:20px;list-style:disc;\">\n<li style=\"margin-bottom:10px;\"><a href=\"https:\/\/monmaghreb.com\/index.php\/2026\/04\/22\/kafui-lassistante-dorigine-ghaneenne-qui-partage-sa-culture-avec-les-enfants-en-france-ouest\/\" style=\"color:#0066cc;text-decoration:none;font-weight:500;\" title=\"Kafui, l&#8217;assistante d&#8217;origine ghan\u00e9enne qui partage sa culture avec les enfants en France &#8211; Ouest\">Kafui, l&#8217;assistante d&#8217;origine ghan\u00e9enne qui partage sa culture avec les enfants en France &#8211; Ouest<\/a><\/li>\n<li style=\"margin-bottom:10px;\"><a href=\"https:\/\/monmaghreb.com\/index.php\/2026\/04\/21\/carnaval-a-onet-le-chateau-les-enfants-de-lecole-pierre-puel-vivent-la-fete\/\" style=\"color:#0066cc;text-decoration:none;font-weight:500;\" title=\"Carnaval \u00e0 Onet-le-Ch\u00e2teau : les enfants de l&#8217;\u00e9cole Pierre-Puel vivent la f\u00eate\">Carnaval \u00e0 Onet-le-Ch\u00e2teau : les enfants de l&#8217;\u00e9cole Pierre-Puel vivent la f\u00eate<\/a><\/li>\n<li style=\"margin-bottom:10px;\"><a href=\"https:\/\/monmaghreb.com\/index.php\/2026\/04\/21\/kafui-lassistante-de-langue-originaire-du-ghana-partage-sa-culture-avec-les-enfants-en-france\/\" style=\"color:#0066cc;text-decoration:none;font-weight:500;\" title=\"Kafui, l&#8217;assistante de langue originaire du Ghana partage sa culture avec les enfants en France\">Kafui, l&#8217;assistante de langue originaire du Ghana partage sa culture avec les enfants en France<\/a><\/li>\n<li style=\"margin-bottom:10px;\"><a href=\"https:\/\/monmaghreb.com\/index.php\/2026\/04\/26\/associer-les-rituels-sikhs-a-la-tradition-locale-pour-une-ceremonie-de-mariage-unique-en-bali-un-exemple-inspirant\/\" style=\"color:#0066cc;text-decoration:none;font-weight:500;\" title=\"Associer les rituels sikhs \u00e0 la tradition locale pour une c\u00e9r\u00e9monie de mariage unique en Bali : un exemple inspirant\">Associer les rituels sikhs \u00e0 la tradition locale pour une c\u00e9r\u00e9monie de mariage unique en Bali : un exemple inspirant<\/a><\/li>\n<li style=\"margin-bottom:10px;\"><a href=\"https:\/\/monmaghreb.com\/index.php\/2026\/04\/24\/cooperation-entre-le-maroc-et-la-tunisie-trois-accords-cles-qui-rapprochent-ces-deux-pays\/\" style=\"color:#0066cc;text-decoration:none;font-weight:500;\" title=\"Coop\u00e9ration entre le Maroc et la Tunisie : trois accords cl\u00e9s qui rapprochent ces deux pays\">Coop\u00e9ration entre le Maroc et la Tunisie : trois accords cl\u00e9s qui rapprochent ces deux pays<\/a><\/li>\n<\/ul>\n<\/div>\n<p><\/body><br \/>\n<\/html><\/p>\n","protected":false},"excerpt":{"rendered":"<p>D\u00e9couvrez une \u00e9cole unique en Deux-S\u00e8vres qui offre de l&#8217;enseignement inclusif pour enfants polyhandicap\u00e9s. Une opportunit\u00e9 exceptionnelle pour tous.<\/p>\n","protected":false},"author":1,"featured_media":3469,"comment_status":"closed","ping_status":"open","sticky":false,"template":"","format":"standard","meta":{"_yoast_wpseo_focuskw":"enseignement inclusif polyhandicap\u00e9s","_yoast_wpseo_title":"L'enseignement inclusif pour enfants polyhandicap\u00e9s : une \u00e9c","_yoast_wpseo_metadesc":"D\u00e9couvrez une \u00e9cole unique en Deux-S\u00e8vres qui offre de l'enseignement inclusif pour enfants polyhandicap\u00e9s. Une opportunit\u00e9 exceptionnelle pour tous.","_yoast_wpseo_canonical":"","_yoast_wpseo_opengraph-title":"L'enseignement inclusif pour enfants polyhandicap\u00e9s : une \u00e9cole unique en Deux-S\u00e8vres","_yoast_wpseo_opengraph-description":"D\u00e9couvrez une \u00e9cole unique en Deux-S\u00e8vres qui offre de l'enseignement inclusif pour enfants polyhandicap\u00e9s. Une opportunit\u00e9 exceptionnelle pour tous.","_yoast_wpseo_opengraph-image":"","tdm_status":"","tdm_grid_status":"","footnotes":""},"categories":[654],"tags":[766,2216,1472,2365,2364],"class_list":["post-3470","post","type-post","status-publish","format-standard","has-post-thumbnail","hentry","category-diaspora","tag-activitesenfrance","tag-assistantelanguageschool","tag-children-education","tag-disability","tag-inclusive-education"],"yoast_head":"<!-- This site is optimized with the Yoast SEO plugin v27.4 - https:\/\/yoast.com\/product\/yoast-seo-wordpress\/ -->\n<title>L&#039;enseignement inclusif pour enfants polyhandicap\u00e9s : une \u00e9c<\/title>\n<meta name=\"description\" content=\"D\u00e9couvrez une \u00e9cole unique en Deux-S\u00e8vres qui offre de l&#039;enseignement inclusif pour enfants polyhandicap\u00e9s. Une opportunit\u00e9 exceptionnelle pour tous.\" \/>\n<meta name=\"robots\" content=\"index, follow, max-snippet:-1, max-image-preview:large, max-video-preview:-1\" \/>\n<link rel=\"canonical\" href=\"https:\/\/monmaghreb.com\/index.php\/2026\/04\/26\/lenseignement-inclusif-pour-enfants-polyhandicapes-une-ecole-unique-en-deux-sevres\/\" \/>\n<meta property=\"og:locale\" content=\"en_US\" \/>\n<meta property=\"og:type\" content=\"article\" \/>\n<meta property=\"og:title\" content=\"L&#039;enseignement inclusif pour enfants polyhandicap\u00e9s : une \u00e9cole unique en Deux-S\u00e8vres\" \/>\n<meta property=\"og:description\" content=\"D\u00e9couvrez une \u00e9cole unique en Deux-S\u00e8vres qui offre de l&#039;enseignement inclusif pour enfants polyhandicap\u00e9s. Une opportunit\u00e9 exceptionnelle pour tous.\" \/>\n<meta property=\"og:url\" content=\"https:\/\/monmaghreb.com\/index.php\/2026\/04\/26\/lenseignement-inclusif-pour-enfants-polyhandicapes-une-ecole-unique-en-deux-sevres\/\" \/>\n<meta property=\"og:site_name\" content=\"Mon Maghreb\" \/>\n<meta property=\"article:author\" content=\"https:\/\/www.facebook.com\/monmaghrebcom\" \/>\n<meta property=\"article:published_time\" content=\"2026-04-26T10:57:22+00:00\" \/>\n<meta property=\"article:modified_time\" content=\"2026-04-26T10:57:27+00:00\" \/>\n<meta property=\"og:image\" content=\"https:\/\/monmaghreb.com\/wp-content\/uploads\/2026\/04\/featured-382.jpg\" \/>\n\t<meta property=\"og:image:width\" content=\"1880\" \/>\n\t<meta property=\"og:image:height\" content=\"1253\" \/>\n\t<meta property=\"og:image:type\" content=\"image\/jpeg\" \/>\n<meta name=\"author\" content=\"LaMagh\" \/>\n<meta name=\"twitter:card\" content=\"summary_large_image\" \/>\n<meta name=\"twitter:creator\" content=\"@MMaghreb50977\" \/>\n<meta name=\"twitter:label1\" content=\"Written by\" \/>\n\t<meta name=\"twitter:data1\" content=\"LaMagh\" \/>\n\t<meta name=\"twitter:label2\" content=\"Est. reading time\" \/>\n\t<meta name=\"twitter:data2\" content=\"4 minutes\" \/>\n<script type=\"application\/ld+json\" class=\"yoast-schema-graph\">{\"@context\":\"https:\\\/\\\/schema.org\",\"@graph\":[{\"@type\":\"Article\",\"@id\":\"https:\\\/\\\/monmaghreb.com\\\/index.php\\\/2026\\\/04\\\/26\\\/lenseignement-inclusif-pour-enfants-polyhandicapes-une-ecole-unique-en-deux-sevres\\\/#article\",\"isPartOf\":{\"@id\":\"https:\\\/\\\/monmaghreb.com\\\/index.php\\\/2026\\\/04\\\/26\\\/lenseignement-inclusif-pour-enfants-polyhandicapes-une-ecole-unique-en-deux-sevres\\\/\"},\"author\":{\"name\":\"LaMagh\",\"@id\":\"http:\\\/\\\/monmaghreb.com\\\/#\\\/schema\\\/person\\\/c469a89dc8c6b8987dcb438b1200d054\"},\"headline\":\"L&#8217;enseignement inclusif pour enfants polyhandicap\u00e9s : une \u00e9cole unique en Deux-S\u00e8vres\",\"datePublished\":\"2026-04-26T10:57:22+00:00\",\"dateModified\":\"2026-04-26T10:57:27+00:00\",\"mainEntityOfPage\":{\"@id\":\"https:\\\/\\\/monmaghreb.com\\\/index.php\\\/2026\\\/04\\\/26\\\/lenseignement-inclusif-pour-enfants-polyhandicapes-une-ecole-unique-en-deux-sevres\\\/\"},\"wordCount\":812,\"publisher\":{\"@id\":\"http:\\\/\\\/monmaghreb.com\\\/#organization\"},\"image\":{\"@id\":\"https:\\\/\\\/monmaghreb.com\\\/index.php\\\/2026\\\/04\\\/26\\\/lenseignement-inclusif-pour-enfants-polyhandicapes-une-ecole-unique-en-deux-sevres\\\/#primaryimage\"},\"thumbnailUrl\":\"https:\\\/\\\/monmaghreb.com\\\/wp-content\\\/uploads\\\/2026\\\/04\\\/featured-382.jpg\",\"keywords\":[\"activitesenfrance\",\"assistantelanguageschool\",\"children education\",\"disability\",\"inclusive education\"],\"articleSection\":[\"Diaspora\"],\"inLanguage\":\"en-US\"},{\"@type\":\"WebPage\",\"@id\":\"https:\\\/\\\/monmaghreb.com\\\/index.php\\\/2026\\\/04\\\/26\\\/lenseignement-inclusif-pour-enfants-polyhandicapes-une-ecole-unique-en-deux-sevres\\\/\",\"url\":\"https:\\\/\\\/monmaghreb.com\\\/index.php\\\/2026\\\/04\\\/26\\\/lenseignement-inclusif-pour-enfants-polyhandicapes-une-ecole-unique-en-deux-sevres\\\/\",\"name\":\"L'enseignement inclusif pour enfants polyhandicap\u00e9s : une \u00e9c\",\"isPartOf\":{\"@id\":\"http:\\\/\\\/monmaghreb.com\\\/#website\"},\"primaryImageOfPage\":{\"@id\":\"https:\\\/\\\/monmaghreb.com\\\/index.php\\\/2026\\\/04\\\/26\\\/lenseignement-inclusif-pour-enfants-polyhandicapes-une-ecole-unique-en-deux-sevres\\\/#primaryimage\"},\"image\":{\"@id\":\"https:\\\/\\\/monmaghreb.com\\\/index.php\\\/2026\\\/04\\\/26\\\/lenseignement-inclusif-pour-enfants-polyhandicapes-une-ecole-unique-en-deux-sevres\\\/#primaryimage\"},\"thumbnailUrl\":\"https:\\\/\\\/monmaghreb.com\\\/wp-content\\\/uploads\\\/2026\\\/04\\\/featured-382.jpg\",\"datePublished\":\"2026-04-26T10:57:22+00:00\",\"dateModified\":\"2026-04-26T10:57:27+00:00\",\"description\":\"D\u00e9couvrez une \u00e9cole unique en Deux-S\u00e8vres qui offre de l'enseignement inclusif pour enfants polyhandicap\u00e9s. Une opportunit\u00e9 exceptionnelle pour tous.\",\"breadcrumb\":{\"@id\":\"https:\\\/\\\/monmaghreb.com\\\/index.php\\\/2026\\\/04\\\/26\\\/lenseignement-inclusif-pour-enfants-polyhandicapes-une-ecole-unique-en-deux-sevres\\\/#breadcrumb\"},\"inLanguage\":\"en-US\",\"potentialAction\":[{\"@type\":\"ReadAction\",\"target\":[\"https:\\\/\\\/monmaghreb.com\\\/index.php\\\/2026\\\/04\\\/26\\\/lenseignement-inclusif-pour-enfants-polyhandicapes-une-ecole-unique-en-deux-sevres\\\/\"]}]},{\"@type\":\"ImageObject\",\"inLanguage\":\"en-US\",\"@id\":\"https:\\\/\\\/monmaghreb.com\\\/index.php\\\/2026\\\/04\\\/26\\\/lenseignement-inclusif-pour-enfants-polyhandicapes-une-ecole-unique-en-deux-sevres\\\/#primaryimage\",\"url\":\"https:\\\/\\\/monmaghreb.com\\\/wp-content\\\/uploads\\\/2026\\\/04\\\/featured-382.jpg\",\"contentUrl\":\"https:\\\/\\\/monmaghreb.com\\\/wp-content\\\/uploads\\\/2026\\\/04\\\/featured-382.jpg\",\"width\":1880,\"height\":1253,\"caption\":\"Enfants polyhandicap\u00e9s en classe \u00e0 l'\u00e9cole unique de Sainte-Gemme-la-Plaine, Deux-S\u00e8vres\"},{\"@type\":\"BreadcrumbList\",\"@id\":\"https:\\\/\\\/monmaghreb.com\\\/index.php\\\/2026\\\/04\\\/26\\\/lenseignement-inclusif-pour-enfants-polyhandicapes-une-ecole-unique-en-deux-sevres\\\/#breadcrumb\",\"itemListElement\":[{\"@type\":\"ListItem\",\"position\":1,\"name\":\"Home\",\"item\":\"http:\\\/\\\/monmaghreb.com\\\/\"},{\"@type\":\"ListItem\",\"position\":2,\"name\":\"L&#8217;enseignement inclusif pour enfants polyhandicap\u00e9s : une \u00e9cole unique en Deux-S\u00e8vres\"}]},{\"@type\":\"WebSite\",\"@id\":\"http:\\\/\\\/monmaghreb.com\\\/#website\",\"url\":\"http:\\\/\\\/monmaghreb.com\\\/\",\"name\":\"Mon Maghreb\",\"description\":\"MonMaghreb United\",\"publisher\":{\"@id\":\"http:\\\/\\\/monmaghreb.com\\\/#organization\"},\"alternateName\":\"Le Monde du Maghreb et au del\u00e0\",\"potentialAction\":[{\"@type\":\"SearchAction\",\"target\":{\"@type\":\"EntryPoint\",\"urlTemplate\":\"http:\\\/\\\/monmaghreb.com\\\/?s={search_term_string}\"},\"query-input\":{\"@type\":\"PropertyValueSpecification\",\"valueRequired\":true,\"valueName\":\"search_term_string\"}}],\"inLanguage\":\"en-US\"},{\"@type\":\"Organization\",\"@id\":\"http:\\\/\\\/monmaghreb.com\\\/#organization\",\"name\":\"Mon Maghreb\",\"url\":\"http:\\\/\\\/monmaghreb.com\\\/\",\"logo\":{\"@type\":\"ImageObject\",\"inLanguage\":\"en-US\",\"@id\":\"http:\\\/\\\/monmaghreb.com\\\/#\\\/schema\\\/logo\\\/image\\\/\",\"url\":\"https:\\\/\\\/monmaghreb.com\\\/wp-content\\\/uploads\\\/2025\\\/12\\\/Mon_Maghreb_Logo.jpg\",\"contentUrl\":\"https:\\\/\\\/monmaghreb.com\\\/wp-content\\\/uploads\\\/2025\\\/12\\\/Mon_Maghreb_Logo.jpg\",\"width\":814,\"height\":374,\"caption\":\"Mon Maghreb\"},\"image\":{\"@id\":\"http:\\\/\\\/monmaghreb.com\\\/#\\\/schema\\\/logo\\\/image\\\/\"}},{\"@type\":\"Person\",\"@id\":\"http:\\\/\\\/monmaghreb.com\\\/#\\\/schema\\\/person\\\/c469a89dc8c6b8987dcb438b1200d054\",\"name\":\"LaMagh\",\"image\":{\"@type\":\"ImageObject\",\"inLanguage\":\"en-US\",\"@id\":\"https:\\\/\\\/secure.gravatar.com\\\/avatar\\\/399d8144bd55fba55e056779aca52fe528bac7911f6449e54d81173d6dfd7f0a?s=96&d=mm&r=g\",\"url\":\"https:\\\/\\\/secure.gravatar.com\\\/avatar\\\/399d8144bd55fba55e056779aca52fe528bac7911f6449e54d81173d6dfd7f0a?s=96&d=mm&r=g\",\"contentUrl\":\"https:\\\/\\\/secure.gravatar.com\\\/avatar\\\/399d8144bd55fba55e056779aca52fe528bac7911f6449e54d81173d6dfd7f0a?s=96&d=mm&r=g\",\"caption\":\"LaMagh\"},\"sameAs\":[\"https:\\\/\\\/monmaghreb.com\",\"https:\\\/\\\/www.facebook.com\\\/monmaghrebcom\",\"https:\\\/\\\/x.com\\\/MMaghreb50977\"],\"url\":\"https:\\\/\\\/monmaghreb.com\\\/index.php\\\/author\\\/lamagh\\\/\"}]}<\/script>\n<!-- \/ Yoast SEO plugin. -->","yoast_head_json":{"title":"L'enseignement inclusif pour enfants polyhandicap\u00e9s : une \u00e9c","description":"D\u00e9couvrez une \u00e9cole unique en Deux-S\u00e8vres qui offre de l'enseignement inclusif pour enfants polyhandicap\u00e9s. Une opportunit\u00e9 exceptionnelle pour tous.","robots":{"index":"index","follow":"follow","max-snippet":"max-snippet:-1","max-image-preview":"max-image-preview:large","max-video-preview":"max-video-preview:-1"},"canonical":"https:\/\/monmaghreb.com\/index.php\/2026\/04\/26\/lenseignement-inclusif-pour-enfants-polyhandicapes-une-ecole-unique-en-deux-sevres\/","og_locale":"en_US","og_type":"article","og_title":"L'enseignement inclusif pour enfants polyhandicap\u00e9s : une \u00e9cole unique en Deux-S\u00e8vres","og_description":"D\u00e9couvrez une \u00e9cole unique en Deux-S\u00e8vres qui offre de l'enseignement inclusif pour enfants polyhandicap\u00e9s. Une opportunit\u00e9 exceptionnelle pour tous.","og_url":"https:\/\/monmaghreb.com\/index.php\/2026\/04\/26\/lenseignement-inclusif-pour-enfants-polyhandicapes-une-ecole-unique-en-deux-sevres\/","og_site_name":"Mon Maghreb","article_author":"https:\/\/www.facebook.com\/monmaghrebcom","article_published_time":"2026-04-26T10:57:22+00:00","article_modified_time":"2026-04-26T10:57:27+00:00","og_image":[{"width":1880,"height":1253,"url":"https:\/\/monmaghreb.com\/wp-content\/uploads\/2026\/04\/featured-382.jpg","type":"image\/jpeg"}],"author":"LaMagh","twitter_card":"summary_large_image","twitter_creator":"@MMaghreb50977","twitter_misc":{"Written by":"LaMagh","Est. reading time":"4 minutes"},"schema":{"@context":"https:\/\/schema.org","@graph":[{"@type":"Article","@id":"https:\/\/monmaghreb.com\/index.php\/2026\/04\/26\/lenseignement-inclusif-pour-enfants-polyhandicapes-une-ecole-unique-en-deux-sevres\/#article","isPartOf":{"@id":"https:\/\/monmaghreb.com\/index.php\/2026\/04\/26\/lenseignement-inclusif-pour-enfants-polyhandicapes-une-ecole-unique-en-deux-sevres\/"},"author":{"name":"LaMagh","@id":"http:\/\/monmaghreb.com\/#\/schema\/person\/c469a89dc8c6b8987dcb438b1200d054"},"headline":"L&#8217;enseignement inclusif pour enfants polyhandicap\u00e9s : une \u00e9cole unique en Deux-S\u00e8vres","datePublished":"2026-04-26T10:57:22+00:00","dateModified":"2026-04-26T10:57:27+00:00","mainEntityOfPage":{"@id":"https:\/\/monmaghreb.com\/index.php\/2026\/04\/26\/lenseignement-inclusif-pour-enfants-polyhandicapes-une-ecole-unique-en-deux-sevres\/"},"wordCount":812,"publisher":{"@id":"http:\/\/monmaghreb.com\/#organization"},"image":{"@id":"https:\/\/monmaghreb.com\/index.php\/2026\/04\/26\/lenseignement-inclusif-pour-enfants-polyhandicapes-une-ecole-unique-en-deux-sevres\/#primaryimage"},"thumbnailUrl":"https:\/\/monmaghreb.com\/wp-content\/uploads\/2026\/04\/featured-382.jpg","keywords":["activitesenfrance","assistantelanguageschool","children education","disability","inclusive education"],"articleSection":["Diaspora"],"inLanguage":"en-US"},{"@type":"WebPage","@id":"https:\/\/monmaghreb.com\/index.php\/2026\/04\/26\/lenseignement-inclusif-pour-enfants-polyhandicapes-une-ecole-unique-en-deux-sevres\/","url":"https:\/\/monmaghreb.com\/index.php\/2026\/04\/26\/lenseignement-inclusif-pour-enfants-polyhandicapes-une-ecole-unique-en-deux-sevres\/","name":"L'enseignement inclusif pour enfants polyhandicap\u00e9s : une \u00e9c","isPartOf":{"@id":"http:\/\/monmaghreb.com\/#website"},"primaryImageOfPage":{"@id":"https:\/\/monmaghreb.com\/index.php\/2026\/04\/26\/lenseignement-inclusif-pour-enfants-polyhandicapes-une-ecole-unique-en-deux-sevres\/#primaryimage"},"image":{"@id":"https:\/\/monmaghreb.com\/index.php\/2026\/04\/26\/lenseignement-inclusif-pour-enfants-polyhandicapes-une-ecole-unique-en-deux-sevres\/#primaryimage"},"thumbnailUrl":"https:\/\/monmaghreb.com\/wp-content\/uploads\/2026\/04\/featured-382.jpg","datePublished":"2026-04-26T10:57:22+00:00","dateModified":"2026-04-26T10:57:27+00:00","description":"D\u00e9couvrez une \u00e9cole unique en Deux-S\u00e8vres qui offre de l'enseignement inclusif pour enfants polyhandicap\u00e9s. Une opportunit\u00e9 exceptionnelle pour tous.","breadcrumb":{"@id":"https:\/\/monmaghreb.com\/index.php\/2026\/04\/26\/lenseignement-inclusif-pour-enfants-polyhandicapes-une-ecole-unique-en-deux-sevres\/#breadcrumb"},"inLanguage":"en-US","potentialAction":[{"@type":"ReadAction","target":["https:\/\/monmaghreb.com\/index.php\/2026\/04\/26\/lenseignement-inclusif-pour-enfants-polyhandicapes-une-ecole-unique-en-deux-sevres\/"]}]},{"@type":"ImageObject","inLanguage":"en-US","@id":"https:\/\/monmaghreb.com\/index.php\/2026\/04\/26\/lenseignement-inclusif-pour-enfants-polyhandicapes-une-ecole-unique-en-deux-sevres\/#primaryimage","url":"https:\/\/monmaghreb.com\/wp-content\/uploads\/2026\/04\/featured-382.jpg","contentUrl":"https:\/\/monmaghreb.com\/wp-content\/uploads\/2026\/04\/featured-382.jpg","width":1880,"height":1253,"caption":"Enfants polyhandicap\u00e9s en classe \u00e0 l'\u00e9cole unique de Sainte-Gemme-la-Plaine, Deux-S\u00e8vres"},{"@type":"BreadcrumbList","@id":"https:\/\/monmaghreb.com\/index.php\/2026\/04\/26\/lenseignement-inclusif-pour-enfants-polyhandicapes-une-ecole-unique-en-deux-sevres\/#breadcrumb","itemListElement":[{"@type":"ListItem","position":1,"name":"Home","item":"http:\/\/monmaghreb.com\/"},{"@type":"ListItem","position":2,"name":"L&#8217;enseignement inclusif pour enfants polyhandicap\u00e9s : une \u00e9cole unique en Deux-S\u00e8vres"}]},{"@type":"WebSite","@id":"http:\/\/monmaghreb.com\/#website","url":"http:\/\/monmaghreb.com\/","name":"Mon Maghreb","description":"MonMaghreb United","publisher":{"@id":"http:\/\/monmaghreb.com\/#organization"},"alternateName":"Le Monde du Maghreb et au del\u00e0","potentialAction":[{"@type":"SearchAction","target":{"@type":"EntryPoint","urlTemplate":"http:\/\/monmaghreb.com\/?s={search_term_string}"},"query-input":{"@type":"PropertyValueSpecification","valueRequired":true,"valueName":"search_term_string"}}],"inLanguage":"en-US"},{"@type":"Organization","@id":"http:\/\/monmaghreb.com\/#organization","name":"Mon Maghreb","url":"http:\/\/monmaghreb.com\/","logo":{"@type":"ImageObject","inLanguage":"en-US","@id":"http:\/\/monmaghreb.com\/#\/schema\/logo\/image\/","url":"https:\/\/monmaghreb.com\/wp-content\/uploads\/2025\/12\/Mon_Maghreb_Logo.jpg","contentUrl":"https:\/\/monmaghreb.com\/wp-content\/uploads\/2025\/12\/Mon_Maghreb_Logo.jpg","width":814,"height":374,"caption":"Mon Maghreb"},"image":{"@id":"http:\/\/monmaghreb.com\/#\/schema\/logo\/image\/"}},{"@type":"Person","@id":"http:\/\/monmaghreb.com\/#\/schema\/person\/c469a89dc8c6b8987dcb438b1200d054","name":"LaMagh","image":{"@type":"ImageObject","inLanguage":"en-US","@id":"https:\/\/secure.gravatar.com\/avatar\/399d8144bd55fba55e056779aca52fe528bac7911f6449e54d81173d6dfd7f0a?s=96&d=mm&r=g","url":"https:\/\/secure.gravatar.com\/avatar\/399d8144bd55fba55e056779aca52fe528bac7911f6449e54d81173d6dfd7f0a?s=96&d=mm&r=g","contentUrl":"https:\/\/secure.gravatar.com\/avatar\/399d8144bd55fba55e056779aca52fe528bac7911f6449e54d81173d6dfd7f0a?s=96&d=mm&r=g","caption":"LaMagh"},"sameAs":["https:\/\/monmaghreb.com","https:\/\/www.facebook.com\/monmaghrebcom","https:\/\/x.com\/MMaghreb50977"],"url":"https:\/\/monmaghreb.com\/index.php\/author\/lamagh\/"}]}},"_links":{"self":[{"href":"https:\/\/monmaghreb.com\/index.php\/wp-json\/wp\/v2\/posts\/3470","targetHints":{"allow":["GET"]}}],"collection":[{"href":"https:\/\/monmaghreb.com\/index.php\/wp-json\/wp\/v2\/posts"}],"about":[{"href":"https:\/\/monmaghreb.com\/index.php\/wp-json\/wp\/v2\/types\/post"}],"author":[{"embeddable":true,"href":"https:\/\/monmaghreb.com\/index.php\/wp-json\/wp\/v2\/users\/1"}],"replies":[{"embeddable":true,"href":"https:\/\/monmaghreb.com\/index.php\/wp-json\/wp\/v2\/comments?post=3470"}],"version-history":[{"count":1,"href":"https:\/\/monmaghreb.com\/index.php\/wp-json\/wp\/v2\/posts\/3470\/revisions"}],"predecessor-version":[{"id":3471,"href":"https:\/\/monmaghreb.com\/index.php\/wp-json\/wp\/v2\/posts\/3470\/revisions\/3471"}],"wp:featuredmedia":[{"embeddable":true,"href":"https:\/\/monmaghreb.com\/index.php\/wp-json\/wp\/v2\/media\/3469"}],"wp:attachment":[{"href":"https:\/\/monmaghreb.com\/index.php\/wp-json\/wp\/v2\/media?parent=3470"}],"wp:term":[{"taxonomy":"category","embeddable":true,"href":"https:\/\/monmaghreb.com\/index.php\/wp-json\/wp\/v2\/categories?post=3470"},{"taxonomy":"post_tag","embeddable":true,"href":"https:\/\/monmaghreb.com\/index.php\/wp-json\/wp\/v2\/tags?post=3470"}],"curies":[{"name":"wp","href":"https:\/\/api.w.org\/{rel}","templated":true}]}}