{"id":3473,"date":"2026-04-26T11:04:00","date_gmt":"2026-04-26T11:04:00","guid":{"rendered":"https:\/\/monmaghreb.com\/index.php\/2026\/04\/26\/propositions-du-ministre-de-leducation-pour-mieux-respecter-le-sommeil-des-enfants\/"},"modified":"2026-04-26T11:04:03","modified_gmt":"2026-04-26T11:04:03","slug":"propositions-du-ministre-de-leducation-pour-mieux-respecter-le-sommeil-des-enfants","status":"publish","type":"post","link":"https:\/\/monmaghreb.com\/index.php\/2026\/04\/26\/propositions-du-ministre-de-leducation-pour-mieux-respecter-le-sommeil-des-enfants\/","title":{"rendered":"Propositions du Ministre de l&#8217;\u00c9ducation pour mieux respecter le sommeil des enfants"},"content":{"rendered":"<p><!DOCTYPE html><br \/>\n<html lang=\"fr\"><br \/>\n<head><br \/>\n    <meta charset=\"UTF-8\"><br \/>\n    <title>Propositions du Ministre de l&#8217;<a href=\"https:\/\/monmaghreb.com\/index.php\/2026\/04\/21\/leducation-des-enfants-sans-aidant-un-malencontreux-heritage-que-nous-devons-changer\/\" title=\"L&#8217;\u00e9ducation des enfants sans aidant : un malencontreux h\u00e9ritage que nous devons changer\">\u00c9ducation<\/a> pour mieux respecter le sommeil des enfants<\/title><br \/>\n<\/head><br \/>\n<body><\/p>\n<h1>Propositions du Ministre de l&#8217;\u00c9ducation pour mieux respecter le sommeil des enfants<\/h1>\n<p>Au sein de notre diaspora Maghr\u00e9bine, il est essentiel d&#8217;am\u00e9liorer la qualit\u00e9 du sommeil des enfants. C&#8217;est pourquoi les propositions du ministre de l&#8217;\u00c9ducation fran\u00e7aise sont un pas dans la bonne direction. En effet, le sommeil joue un r\u00f4le crucial dans la sant\u00e9 g\u00e9n\u00e9rale des jeunes, et il est maintenant reconnu que le manque de sommeil peut avoir des cons\u00e9quences graves sur leur d\u00e9veloppement physique, intellectuel et \u00e9motionnel.<\/p>\n<h2>Quel est l&#8217;objectif principal ?<\/h2>\n<p>L&#8217;objectif premier de ces propositions est de permettre aux enfants de mieux se reposer et ainsi de favoriser leur d\u00e9veloppement global. Les chercheurs ont d\u00e9montr\u00e9 que le sommeil est essentiel pour le fonctionnement c\u00e9r\u00e9bral, la r\u00e9gulation du stress et l&#8217;apprentissage. Il est donc vital de fournir aux enfants les conditions n\u00e9cessaires pour obtenir une bonne nuit de sommeil.<\/p>\n<p>Il est important de souligner que ces changements ne concernent pas uniquement les \u00e9coles en France, mais \u00e9galement les \u00e9tablissements scolaires dans notre diaspora Maghr\u00e9bine, tels que les \u00e9coles tunisiennes, marocaines et alg\u00e9riennes.<\/p>\n<h2>Quels sont les changements propos\u00e9s ?<\/h2>\n<p>Le ministre a notamment annonc\u00e9 plusieurs changements destin\u00e9s \u00e0 am\u00e9liorer la qualit\u00e9 du sommeil des enfants :<\/p>\n<ul>\n<li>Les heures d&#8217;\u00e9cole commenceront plus tard pour permettre aux enfants de dormir plus longtemps \u00e0 la nuit. Cela signifie que les jeunes auront plus de temps pour se reposer et ainsi \u00e9puiser leur \u00e9nergie.<\/li>\n<li>Il y aura moins de devoirs \u00e0 accomplir \u00e0 la maison, ce qui r\u00e9duira le stress des jeunes et facilitera leur sommeil. En effet, les enfants ont besoin d&#8217;un environnement calme pour pouvoir se reposer efficacement.<\/li>\n<li>Les \u00e9tablissements scolaires seront encourag\u00e9s \u00e0 mettre en place des activit\u00e9s de sport pendant la journ\u00e9e pour favoriser la fatigue. Les exercices physiques peuvent aider \u00e0 r\u00e9duire l&#8217;\u00e9nergie des enfants et ainsi faciliter leur sommeil.<\/li>\n<\/ul>\n<h2>Quels sont les avantages pour les enfants ?<\/h2>\n<p>Les changements propos\u00e9s ont un impact positif sur plusieurs domaines :<\/p>\n<ul>\n<li>La m\u00e9moire des enfants serait am\u00e9lior\u00e9e, ce qui faciliterait leur apprentissage. En effet, le sommeil est essentiel pour la consolidation des souvenirs et l&#8217;apprentissage.<\/li>\n<li>Le stress des jeunes serait r\u00e9duit, ce qui am\u00e9liorerait leur qualit\u00e9 de vie et leur bien-\u00eatre. Les enfants auraient plus d&#8217;\u00e9nergie et de motivation pendant la journ\u00e9e scolaire.<\/li>\n<li>Les enfants pourraient avoir plus d&#8217;\u00e9nergie et de motivation pendant la journ\u00e9e scolaire, ce qui les aiderait \u00e0 accomplir leurs t\u00e2ches avec plus d&#8217;efficacit\u00e9.<\/li>\n<\/ul>\n<h2>Quel est l&#8217;impact sur les parents ?<\/h2>\n<p>Le changement permettra \u00e9galement aux parents de s&#8217;assurer que leurs enfants re\u00e7oivent une \u00e9ducation ad\u00e9quate au niveau mondial, et de pouvoir planifier leur journ\u00e9e en fonction des horaires d&#8217;\u00e9cole plus tardifs.<\/p>\n<h2>Quand les changements entreront-ils en vigueur ?<\/h2>\n<p>Le ministre a d\u00e9clar\u00e9 qu&#8217;il souhaite que les changements entrent en vigueur d\u00e8s la rentr\u00e9e scolaire prochaine, afin de permettre aux jeunes d&#8217;en profiter d\u00e8s le d\u00e9but de l&#8217;ann\u00e9e scolaire.<\/p>\n<h2>Conclusion<\/h2>\n<p>Le ministre fran\u00e7ais de l&#8217;\u00c9ducation a annonc\u00e9 des changements importants pour mieux respecter le sommeil des enfants. Ces changements ont un impact positif sur leur sant\u00e9, leur bien-\u00eatre et leur d\u00e9veloppement intellectuel et \u00e9motionnel. Les jeunes membres de notre diaspora Maghr\u00e9bine en profiteront donc directement.<\/p>\n<p>Nous appelons tous les parents \u00e0 soutenir ces changements et \u00e0 demander aux autorit\u00e9s scolaires de les appliquer dans le cadre des \u00e9coles en Tunisie, au Maroc et en Alg\u00e9rie.<\/p>\n<div style=\"background:#f8f9fa;border-left:4px solid #0066cc;border-radius:6px;padding:20px 24px;margin:32px 0;\">\n<p style=\"font-size:13px;color:#888;text-transform:uppercase;letter-spacing:0.8px;margin:0 0 6px 0;\">Vous pourriez aussi aimer<\/p>\n<h3 style=\"font-size:18px;margin:0 0 14px 0;color:#222;\">Articles similaires<\/h3>\n<ul style=\"margin:0;padding-left:20px;list-style:disc;\">\n<li style=\"margin-bottom:10px;\"><a href=\"https:\/\/monmaghreb.com\/index.php\/2026\/04\/21\/leducation-des-enfants-sans-aidant-un-malencontreux-heritage-que-nous-devons-changer\/\" style=\"color:#0066cc;text-decoration:none;font-weight:500;\" title=\"L&#8217;\u00e9ducation des enfants sans aidant : un malencontreux h\u00e9ritage que nous devons changer\">L&#8217;\u00e9ducation des enfants sans aidant : un malencontreux h\u00e9ritage que nous devons changer<\/a><\/li>\n<li style=\"margin-bottom:10px;\"><a href=\"https:\/\/monmaghreb.com\/index.php\/2026\/04\/26\/lenseignement-inclusif-pour-enfants-polyhandicapes-une-ecole-unique-en-deux-sevres\/\" style=\"color:#0066cc;text-decoration:none;font-weight:500;\" title=\"L&#8217;enseignement inclusif pour enfants polyhandicap\u00e9s : une \u00e9cole unique en Deux-S\u00e8vres\">L&#8217;enseignement inclusif pour enfants polyhandicap\u00e9s : une \u00e9cole unique en Deux-S\u00e8vres<\/a><\/li>\n<li style=\"margin-bottom:10px;\"><a href=\"https:\/\/monmaghreb.com\/index.php\/2026\/04\/25\/recettes-ramadan-2026-un-guide-complet-pour-un-repas-gourmand\/\" style=\"color:#0066cc;text-decoration:none;font-weight:500;\" title=\"Recettes Ramadan 2026: Un guide complet pour un repas gourmand\">Recettes Ramadan 2026: Un guide complet pour un repas gourmand<\/a><\/li>\n<li style=\"margin-bottom:10px;\"><a href=\"https:\/\/monmaghreb.com\/index.php\/2026\/04\/25\/ramadan-2026-recettes-healthy-pour-une-premiere-journee-en-sante\/\" style=\"color:#0066cc;text-decoration:none;font-weight:500;\" title=\"Ramadan 2026 : Recettes Healthy pour une premi\u00e8re journ\u00e9e en sant\u00e9\">Ramadan 2026 : Recettes Healthy pour une premi\u00e8re journ\u00e9e en sant\u00e9<\/a><\/li>\n<li style=\"margin-bottom:10px;\"><a href=\"https:\/\/monmaghreb.com\/index.php\/2026\/04\/25\/le-medef-rapproche-les-relations-avec-lalgerie-une-nouvelle-perspective-economique-pour-la-diaspora-maghrebine\/\" style=\"color:#0066cc;text-decoration:none;font-weight:500;\" title=\"Le Medef rapproche les relations avec l&#8217;Alg\u00e9rie : une nouvelle perspective \u00e9conomique pour la diaspora maghr\u00e9bine\">Le Medef rapproche les relations avec l&#8217;Alg\u00e9rie : une nouvelle perspective \u00e9conomique pour la diaspora maghr\u00e9bine<\/a><\/li>\n<\/ul>\n<\/div>\n<p><\/body><br \/>\n<\/html><\/p>\n","protected":false},"excerpt":{"rendered":"<p>Propositions du Ministre de l&#8217;\u00c9ducation pour am\u00e9liorer le sommeil d&#8217;enfants. Pas dans la bonne direction? D\u00e9couvrez les nouvelles r\u00e9glementations pour respecter<\/p>\n","protected":false},"author":1,"featured_media":3472,"comment_status":"closed","ping_status":"open","sticky":false,"template":"","format":"standard","meta":{"_yoast_wpseo_focuskw":"sommeil enfants","_yoast_wpseo_title":"Propositions du Ministre de l'\u00c9ducation pour mieux respecter","_yoast_wpseo_metadesc":"Propositions du Ministre de l'\u00c9ducation pour am\u00e9liorer le sommeil d'enfants. Pas dans la bonne direction? D\u00e9couvrez les nouvelles r\u00e9glementations pour respecter","_yoast_wpseo_canonical":"","_yoast_wpseo_opengraph-title":"Propositions du Ministre de l'\u00c9ducation pour mieux respecter le sommeil des enfants","_yoast_wpseo_opengraph-description":"Propositions du Ministre de l'\u00c9ducation pour am\u00e9liorer le sommeil d'enfants. Pas dans la bonne direction? D\u00e9couvrez les nouvelles r\u00e9glementations pour respecter","_yoast_wpseo_opengraph-image":"","tdm_status":"","tdm_grid_status":"","footnotes":""},"categories":[658],"tags":[1766,1756,556,1335,2366],"class_list":["post-3473","post","type-post","status-publish","format-standard","has-post-thumbnail","hentry","category-bien-etre-sante","tag-diaporas-maghrebine","tag-education-francaise","tag-guide-pratique","tag-sante-enfantine","tag-sommeil-enfant"],"yoast_head":"<!-- This site is optimized with the Yoast SEO plugin v27.4 - https:\/\/yoast.com\/product\/yoast-seo-wordpress\/ -->\n<title>Propositions du Ministre de l&#039;\u00c9ducation pour mieux respecter<\/title>\n<meta name=\"description\" content=\"Propositions du Ministre de l&#039;\u00c9ducation pour am\u00e9liorer le sommeil d&#039;enfants. Pas dans la bonne direction? D\u00e9couvrez les nouvelles r\u00e9glementations pour respecter\" \/>\n<meta name=\"robots\" content=\"index, follow, max-snippet:-1, max-image-preview:large, max-video-preview:-1\" \/>\n<link rel=\"canonical\" href=\"https:\/\/monmaghreb.com\/index.php\/2026\/04\/26\/propositions-du-ministre-de-leducation-pour-mieux-respecter-le-sommeil-des-enfants\/\" \/>\n<meta property=\"og:locale\" content=\"en_US\" \/>\n<meta property=\"og:type\" content=\"article\" \/>\n<meta property=\"og:title\" content=\"Propositions du Ministre de l&#039;\u00c9ducation pour mieux respecter le sommeil des enfants\" \/>\n<meta property=\"og:description\" content=\"Propositions du Ministre de l&#039;\u00c9ducation pour am\u00e9liorer le sommeil d&#039;enfants. Pas dans la bonne direction? D\u00e9couvrez les nouvelles r\u00e9glementations pour respecter\" \/>\n<meta property=\"og:url\" content=\"https:\/\/monmaghreb.com\/index.php\/2026\/04\/26\/propositions-du-ministre-de-leducation-pour-mieux-respecter-le-sommeil-des-enfants\/\" \/>\n<meta property=\"og:site_name\" content=\"Mon Maghreb\" \/>\n<meta property=\"article:author\" content=\"https:\/\/www.facebook.com\/monmaghrebcom\" \/>\n<meta property=\"article:published_time\" content=\"2026-04-26T11:04:00+00:00\" \/>\n<meta property=\"article:modified_time\" content=\"2026-04-26T11:04:03+00:00\" \/>\n<meta property=\"og:image\" content=\"https:\/\/monmaghreb.com\/wp-content\/uploads\/2026\/04\/featured-383.jpg\" \/>\n\t<meta property=\"og:image:width\" content=\"1880\" \/>\n\t<meta property=\"og:image:height\" content=\"1253\" \/>\n\t<meta property=\"og:image:type\" content=\"image\/jpeg\" \/>\n<meta name=\"author\" content=\"LaMagh\" \/>\n<meta name=\"twitter:card\" content=\"summary_large_image\" \/>\n<meta name=\"twitter:creator\" content=\"@MMaghreb50977\" \/>\n<meta name=\"twitter:label1\" content=\"Written by\" \/>\n\t<meta name=\"twitter:data1\" content=\"LaMagh\" \/>\n\t<meta name=\"twitter:label2\" content=\"Est. reading time\" \/>\n\t<meta name=\"twitter:data2\" content=\"3 minutes\" \/>\n<script type=\"application\/ld+json\" class=\"yoast-schema-graph\">{\"@context\":\"https:\\\/\\\/schema.org\",\"@graph\":[{\"@type\":\"Article\",\"@id\":\"https:\\\/\\\/monmaghreb.com\\\/index.php\\\/2026\\\/04\\\/26\\\/propositions-du-ministre-de-leducation-pour-mieux-respecter-le-sommeil-des-enfants\\\/#article\",\"isPartOf\":{\"@id\":\"https:\\\/\\\/monmaghreb.com\\\/index.php\\\/2026\\\/04\\\/26\\\/propositions-du-ministre-de-leducation-pour-mieux-respecter-le-sommeil-des-enfants\\\/\"},\"author\":{\"name\":\"LaMagh\",\"@id\":\"http:\\\/\\\/monmaghreb.com\\\/#\\\/schema\\\/person\\\/c469a89dc8c6b8987dcb438b1200d054\"},\"headline\":\"Propositions du Ministre de l&#8217;\u00c9ducation pour mieux respecter le sommeil des enfants\",\"datePublished\":\"2026-04-26T11:04:00+00:00\",\"dateModified\":\"2026-04-26T11:04:03+00:00\",\"mainEntityOfPage\":{\"@id\":\"https:\\\/\\\/monmaghreb.com\\\/index.php\\\/2026\\\/04\\\/26\\\/propositions-du-ministre-de-leducation-pour-mieux-respecter-le-sommeil-des-enfants\\\/\"},\"wordCount\":701,\"publisher\":{\"@id\":\"http:\\\/\\\/monmaghreb.com\\\/#organization\"},\"image\":{\"@id\":\"https:\\\/\\\/monmaghreb.com\\\/index.php\\\/2026\\\/04\\\/26\\\/propositions-du-ministre-de-leducation-pour-mieux-respecter-le-sommeil-des-enfants\\\/#primaryimage\"},\"thumbnailUrl\":\"https:\\\/\\\/monmaghreb.com\\\/wp-content\\\/uploads\\\/2026\\\/04\\\/featured-383.jpg\",\"keywords\":[\"diaporas maghr\u00e9bine\",\"education francaise\",\"guide pratique\",\"sant\u00e9 enfantine\",\"sommeil enfant\"],\"articleSection\":[\"Bien-\u00eatre &amp; Sant\u00e9\"],\"inLanguage\":\"en-US\"},{\"@type\":\"WebPage\",\"@id\":\"https:\\\/\\\/monmaghreb.com\\\/index.php\\\/2026\\\/04\\\/26\\\/propositions-du-ministre-de-leducation-pour-mieux-respecter-le-sommeil-des-enfants\\\/\",\"url\":\"https:\\\/\\\/monmaghreb.com\\\/index.php\\\/2026\\\/04\\\/26\\\/propositions-du-ministre-de-leducation-pour-mieux-respecter-le-sommeil-des-enfants\\\/\",\"name\":\"Propositions du Ministre de l'\u00c9ducation pour mieux respecter\",\"isPartOf\":{\"@id\":\"http:\\\/\\\/monmaghreb.com\\\/#website\"},\"primaryImageOfPage\":{\"@id\":\"https:\\\/\\\/monmaghreb.com\\\/index.php\\\/2026\\\/04\\\/26\\\/propositions-du-ministre-de-leducation-pour-mieux-respecter-le-sommeil-des-enfants\\\/#primaryimage\"},\"image\":{\"@id\":\"https:\\\/\\\/monmaghreb.com\\\/index.php\\\/2026\\\/04\\\/26\\\/propositions-du-ministre-de-leducation-pour-mieux-respecter-le-sommeil-des-enfants\\\/#primaryimage\"},\"thumbnailUrl\":\"https:\\\/\\\/monmaghreb.com\\\/wp-content\\\/uploads\\\/2026\\\/04\\\/featured-383.jpg\",\"datePublished\":\"2026-04-26T11:04:00+00:00\",\"dateModified\":\"2026-04-26T11:04:03+00:00\",\"description\":\"Propositions du Ministre de l'\u00c9ducation pour am\u00e9liorer le sommeil d'enfants. Pas dans la bonne direction? D\u00e9couvrez les nouvelles r\u00e9glementations pour respecter\",\"breadcrumb\":{\"@id\":\"https:\\\/\\\/monmaghreb.com\\\/index.php\\\/2026\\\/04\\\/26\\\/propositions-du-ministre-de-leducation-pour-mieux-respecter-le-sommeil-des-enfants\\\/#breadcrumb\"},\"inLanguage\":\"en-US\",\"potentialAction\":[{\"@type\":\"ReadAction\",\"target\":[\"https:\\\/\\\/monmaghreb.com\\\/index.php\\\/2026\\\/04\\\/26\\\/propositions-du-ministre-de-leducation-pour-mieux-respecter-le-sommeil-des-enfants\\\/\"]}]},{\"@type\":\"ImageObject\",\"inLanguage\":\"en-US\",\"@id\":\"https:\\\/\\\/monmaghreb.com\\\/index.php\\\/2026\\\/04\\\/26\\\/propositions-du-ministre-de-leducation-pour-mieux-respecter-le-sommeil-des-enfants\\\/#primaryimage\",\"url\":\"https:\\\/\\\/monmaghreb.com\\\/wp-content\\\/uploads\\\/2026\\\/04\\\/featured-383.jpg\",\"contentUrl\":\"https:\\\/\\\/monmaghreb.com\\\/wp-content\\\/uploads\\\/2026\\\/04\\\/featured-383.jpg\",\"width\":1880,\"height\":1253,\"caption\":\"Ministre de l'\u00c9ducation pr\u00e9sentant ses propositions pour le sommeil des enfants\"},{\"@type\":\"BreadcrumbList\",\"@id\":\"https:\\\/\\\/monmaghreb.com\\\/index.php\\\/2026\\\/04\\\/26\\\/propositions-du-ministre-de-leducation-pour-mieux-respecter-le-sommeil-des-enfants\\\/#breadcrumb\",\"itemListElement\":[{\"@type\":\"ListItem\",\"position\":1,\"name\":\"Home\",\"item\":\"http:\\\/\\\/monmaghreb.com\\\/\"},{\"@type\":\"ListItem\",\"position\":2,\"name\":\"Propositions du Ministre de l&#8217;\u00c9ducation pour mieux respecter le sommeil des enfants\"}]},{\"@type\":\"WebSite\",\"@id\":\"http:\\\/\\\/monmaghreb.com\\\/#website\",\"url\":\"http:\\\/\\\/monmaghreb.com\\\/\",\"name\":\"Mon Maghreb\",\"description\":\"MonMaghreb United\",\"publisher\":{\"@id\":\"http:\\\/\\\/monmaghreb.com\\\/#organization\"},\"alternateName\":\"Le Monde du Maghreb et au del\u00e0\",\"potentialAction\":[{\"@type\":\"SearchAction\",\"target\":{\"@type\":\"EntryPoint\",\"urlTemplate\":\"http:\\\/\\\/monmaghreb.com\\\/?s={search_term_string}\"},\"query-input\":{\"@type\":\"PropertyValueSpecification\",\"valueRequired\":true,\"valueName\":\"search_term_string\"}}],\"inLanguage\":\"en-US\"},{\"@type\":\"Organization\",\"@id\":\"http:\\\/\\\/monmaghreb.com\\\/#organization\",\"name\":\"Mon Maghreb\",\"url\":\"http:\\\/\\\/monmaghreb.com\\\/\",\"logo\":{\"@type\":\"ImageObject\",\"inLanguage\":\"en-US\",\"@id\":\"http:\\\/\\\/monmaghreb.com\\\/#\\\/schema\\\/logo\\\/image\\\/\",\"url\":\"https:\\\/\\\/monmaghreb.com\\\/wp-content\\\/uploads\\\/2025\\\/12\\\/Mon_Maghreb_Logo.jpg\",\"contentUrl\":\"https:\\\/\\\/monmaghreb.com\\\/wp-content\\\/uploads\\\/2025\\\/12\\\/Mon_Maghreb_Logo.jpg\",\"width\":814,\"height\":374,\"caption\":\"Mon Maghreb\"},\"image\":{\"@id\":\"http:\\\/\\\/monmaghreb.com\\\/#\\\/schema\\\/logo\\\/image\\\/\"}},{\"@type\":\"Person\",\"@id\":\"http:\\\/\\\/monmaghreb.com\\\/#\\\/schema\\\/person\\\/c469a89dc8c6b8987dcb438b1200d054\",\"name\":\"LaMagh\",\"image\":{\"@type\":\"ImageObject\",\"inLanguage\":\"en-US\",\"@id\":\"https:\\\/\\\/secure.gravatar.com\\\/avatar\\\/399d8144bd55fba55e056779aca52fe528bac7911f6449e54d81173d6dfd7f0a?s=96&d=mm&r=g\",\"url\":\"https:\\\/\\\/secure.gravatar.com\\\/avatar\\\/399d8144bd55fba55e056779aca52fe528bac7911f6449e54d81173d6dfd7f0a?s=96&d=mm&r=g\",\"contentUrl\":\"https:\\\/\\\/secure.gravatar.com\\\/avatar\\\/399d8144bd55fba55e056779aca52fe528bac7911f6449e54d81173d6dfd7f0a?s=96&d=mm&r=g\",\"caption\":\"LaMagh\"},\"sameAs\":[\"https:\\\/\\\/monmaghreb.com\",\"https:\\\/\\\/www.facebook.com\\\/monmaghrebcom\",\"https:\\\/\\\/x.com\\\/MMaghreb50977\"],\"url\":\"https:\\\/\\\/monmaghreb.com\\\/index.php\\\/author\\\/lamagh\\\/\"}]}<\/script>\n<!-- \/ Yoast SEO plugin. -->","yoast_head_json":{"title":"Propositions du Ministre de l'\u00c9ducation pour mieux respecter","description":"Propositions du Ministre de l'\u00c9ducation pour am\u00e9liorer le sommeil d'enfants. Pas dans la bonne direction? D\u00e9couvrez les nouvelles r\u00e9glementations pour respecter","robots":{"index":"index","follow":"follow","max-snippet":"max-snippet:-1","max-image-preview":"max-image-preview:large","max-video-preview":"max-video-preview:-1"},"canonical":"https:\/\/monmaghreb.com\/index.php\/2026\/04\/26\/propositions-du-ministre-de-leducation-pour-mieux-respecter-le-sommeil-des-enfants\/","og_locale":"en_US","og_type":"article","og_title":"Propositions du Ministre de l'\u00c9ducation pour mieux respecter le sommeil des enfants","og_description":"Propositions du Ministre de l'\u00c9ducation pour am\u00e9liorer le sommeil d'enfants. Pas dans la bonne direction? D\u00e9couvrez les nouvelles r\u00e9glementations pour respecter","og_url":"https:\/\/monmaghreb.com\/index.php\/2026\/04\/26\/propositions-du-ministre-de-leducation-pour-mieux-respecter-le-sommeil-des-enfants\/","og_site_name":"Mon Maghreb","article_author":"https:\/\/www.facebook.com\/monmaghrebcom","article_published_time":"2026-04-26T11:04:00+00:00","article_modified_time":"2026-04-26T11:04:03+00:00","og_image":[{"width":1880,"height":1253,"url":"https:\/\/monmaghreb.com\/wp-content\/uploads\/2026\/04\/featured-383.jpg","type":"image\/jpeg"}],"author":"LaMagh","twitter_card":"summary_large_image","twitter_creator":"@MMaghreb50977","twitter_misc":{"Written by":"LaMagh","Est. reading time":"3 minutes"},"schema":{"@context":"https:\/\/schema.org","@graph":[{"@type":"Article","@id":"https:\/\/monmaghreb.com\/index.php\/2026\/04\/26\/propositions-du-ministre-de-leducation-pour-mieux-respecter-le-sommeil-des-enfants\/#article","isPartOf":{"@id":"https:\/\/monmaghreb.com\/index.php\/2026\/04\/26\/propositions-du-ministre-de-leducation-pour-mieux-respecter-le-sommeil-des-enfants\/"},"author":{"name":"LaMagh","@id":"http:\/\/monmaghreb.com\/#\/schema\/person\/c469a89dc8c6b8987dcb438b1200d054"},"headline":"Propositions du Ministre de l&#8217;\u00c9ducation pour mieux respecter le sommeil des enfants","datePublished":"2026-04-26T11:04:00+00:00","dateModified":"2026-04-26T11:04:03+00:00","mainEntityOfPage":{"@id":"https:\/\/monmaghreb.com\/index.php\/2026\/04\/26\/propositions-du-ministre-de-leducation-pour-mieux-respecter-le-sommeil-des-enfants\/"},"wordCount":701,"publisher":{"@id":"http:\/\/monmaghreb.com\/#organization"},"image":{"@id":"https:\/\/monmaghreb.com\/index.php\/2026\/04\/26\/propositions-du-ministre-de-leducation-pour-mieux-respecter-le-sommeil-des-enfants\/#primaryimage"},"thumbnailUrl":"https:\/\/monmaghreb.com\/wp-content\/uploads\/2026\/04\/featured-383.jpg","keywords":["diaporas maghr\u00e9bine","education francaise","guide pratique","sant\u00e9 enfantine","sommeil enfant"],"articleSection":["Bien-\u00eatre &amp; Sant\u00e9"],"inLanguage":"en-US"},{"@type":"WebPage","@id":"https:\/\/monmaghreb.com\/index.php\/2026\/04\/26\/propositions-du-ministre-de-leducation-pour-mieux-respecter-le-sommeil-des-enfants\/","url":"https:\/\/monmaghreb.com\/index.php\/2026\/04\/26\/propositions-du-ministre-de-leducation-pour-mieux-respecter-le-sommeil-des-enfants\/","name":"Propositions du Ministre de l'\u00c9ducation pour mieux respecter","isPartOf":{"@id":"http:\/\/monmaghreb.com\/#website"},"primaryImageOfPage":{"@id":"https:\/\/monmaghreb.com\/index.php\/2026\/04\/26\/propositions-du-ministre-de-leducation-pour-mieux-respecter-le-sommeil-des-enfants\/#primaryimage"},"image":{"@id":"https:\/\/monmaghreb.com\/index.php\/2026\/04\/26\/propositions-du-ministre-de-leducation-pour-mieux-respecter-le-sommeil-des-enfants\/#primaryimage"},"thumbnailUrl":"https:\/\/monmaghreb.com\/wp-content\/uploads\/2026\/04\/featured-383.jpg","datePublished":"2026-04-26T11:04:00+00:00","dateModified":"2026-04-26T11:04:03+00:00","description":"Propositions du Ministre de l'\u00c9ducation pour am\u00e9liorer le sommeil d'enfants. Pas dans la bonne direction? D\u00e9couvrez les nouvelles r\u00e9glementations pour respecter","breadcrumb":{"@id":"https:\/\/monmaghreb.com\/index.php\/2026\/04\/26\/propositions-du-ministre-de-leducation-pour-mieux-respecter-le-sommeil-des-enfants\/#breadcrumb"},"inLanguage":"en-US","potentialAction":[{"@type":"ReadAction","target":["https:\/\/monmaghreb.com\/index.php\/2026\/04\/26\/propositions-du-ministre-de-leducation-pour-mieux-respecter-le-sommeil-des-enfants\/"]}]},{"@type":"ImageObject","inLanguage":"en-US","@id":"https:\/\/monmaghreb.com\/index.php\/2026\/04\/26\/propositions-du-ministre-de-leducation-pour-mieux-respecter-le-sommeil-des-enfants\/#primaryimage","url":"https:\/\/monmaghreb.com\/wp-content\/uploads\/2026\/04\/featured-383.jpg","contentUrl":"https:\/\/monmaghreb.com\/wp-content\/uploads\/2026\/04\/featured-383.jpg","width":1880,"height":1253,"caption":"Ministre de l'\u00c9ducation pr\u00e9sentant ses propositions pour le sommeil des enfants"},{"@type":"BreadcrumbList","@id":"https:\/\/monmaghreb.com\/index.php\/2026\/04\/26\/propositions-du-ministre-de-leducation-pour-mieux-respecter-le-sommeil-des-enfants\/#breadcrumb","itemListElement":[{"@type":"ListItem","position":1,"name":"Home","item":"http:\/\/monmaghreb.com\/"},{"@type":"ListItem","position":2,"name":"Propositions du Ministre de l&#8217;\u00c9ducation pour mieux respecter le sommeil des enfants"}]},{"@type":"WebSite","@id":"http:\/\/monmaghreb.com\/#website","url":"http:\/\/monmaghreb.com\/","name":"Mon Maghreb","description":"MonMaghreb United","publisher":{"@id":"http:\/\/monmaghreb.com\/#organization"},"alternateName":"Le Monde du Maghreb et au del\u00e0","potentialAction":[{"@type":"SearchAction","target":{"@type":"EntryPoint","urlTemplate":"http:\/\/monmaghreb.com\/?s={search_term_string}"},"query-input":{"@type":"PropertyValueSpecification","valueRequired":true,"valueName":"search_term_string"}}],"inLanguage":"en-US"},{"@type":"Organization","@id":"http:\/\/monmaghreb.com\/#organization","name":"Mon Maghreb","url":"http:\/\/monmaghreb.com\/","logo":{"@type":"ImageObject","inLanguage":"en-US","@id":"http:\/\/monmaghreb.com\/#\/schema\/logo\/image\/","url":"https:\/\/monmaghreb.com\/wp-content\/uploads\/2025\/12\/Mon_Maghreb_Logo.jpg","contentUrl":"https:\/\/monmaghreb.com\/wp-content\/uploads\/2025\/12\/Mon_Maghreb_Logo.jpg","width":814,"height":374,"caption":"Mon Maghreb"},"image":{"@id":"http:\/\/monmaghreb.com\/#\/schema\/logo\/image\/"}},{"@type":"Person","@id":"http:\/\/monmaghreb.com\/#\/schema\/person\/c469a89dc8c6b8987dcb438b1200d054","name":"LaMagh","image":{"@type":"ImageObject","inLanguage":"en-US","@id":"https:\/\/secure.gravatar.com\/avatar\/399d8144bd55fba55e056779aca52fe528bac7911f6449e54d81173d6dfd7f0a?s=96&d=mm&r=g","url":"https:\/\/secure.gravatar.com\/avatar\/399d8144bd55fba55e056779aca52fe528bac7911f6449e54d81173d6dfd7f0a?s=96&d=mm&r=g","contentUrl":"https:\/\/secure.gravatar.com\/avatar\/399d8144bd55fba55e056779aca52fe528bac7911f6449e54d81173d6dfd7f0a?s=96&d=mm&r=g","caption":"LaMagh"},"sameAs":["https:\/\/monmaghreb.com","https:\/\/www.facebook.com\/monmaghrebcom","https:\/\/x.com\/MMaghreb50977"],"url":"https:\/\/monmaghreb.com\/index.php\/author\/lamagh\/"}]}},"_links":{"self":[{"href":"https:\/\/monmaghreb.com\/index.php\/wp-json\/wp\/v2\/posts\/3473","targetHints":{"allow":["GET"]}}],"collection":[{"href":"https:\/\/monmaghreb.com\/index.php\/wp-json\/wp\/v2\/posts"}],"about":[{"href":"https:\/\/monmaghreb.com\/index.php\/wp-json\/wp\/v2\/types\/post"}],"author":[{"embeddable":true,"href":"https:\/\/monmaghreb.com\/index.php\/wp-json\/wp\/v2\/users\/1"}],"replies":[{"embeddable":true,"href":"https:\/\/monmaghreb.com\/index.php\/wp-json\/wp\/v2\/comments?post=3473"}],"version-history":[{"count":1,"href":"https:\/\/monmaghreb.com\/index.php\/wp-json\/wp\/v2\/posts\/3473\/revisions"}],"predecessor-version":[{"id":3474,"href":"https:\/\/monmaghreb.com\/index.php\/wp-json\/wp\/v2\/posts\/3473\/revisions\/3474"}],"wp:featuredmedia":[{"embeddable":true,"href":"https:\/\/monmaghreb.com\/index.php\/wp-json\/wp\/v2\/media\/3472"}],"wp:attachment":[{"href":"https:\/\/monmaghreb.com\/index.php\/wp-json\/wp\/v2\/media?parent=3473"}],"wp:term":[{"taxonomy":"category","embeddable":true,"href":"https:\/\/monmaghreb.com\/index.php\/wp-json\/wp\/v2\/categories?post=3473"},{"taxonomy":"post_tag","embeddable":true,"href":"https:\/\/monmaghreb.com\/index.php\/wp-json\/wp\/v2\/tags?post=3473"}],"curies":[{"name":"wp","href":"https:\/\/api.w.org\/{rel}","templated":true}]}}