{"id":3482,"date":"2026-04-26T13:33:38","date_gmt":"2026-04-26T13:33:38","guid":{"rendered":"https:\/\/monmaghreb.com\/index.php\/2026\/04\/26\/perpignan-en-colere-sante-publique-au-coeur-des-preoccupations-apres-le-voyage-au-maghreb\/"},"modified":"2026-04-26T13:33:40","modified_gmt":"2026-04-26T13:33:40","slug":"perpignan-en-colere-sante-publique-au-coeur-des-preoccupations-apres-le-voyage-au-maghreb","status":"publish","type":"post","link":"https:\/\/monmaghreb.com\/index.php\/2026\/04\/26\/perpignan-en-colere-sante-publique-au-coeur-des-preoccupations-apres-le-voyage-au-maghreb\/","title":{"rendered":"Perpignan en col\u00e8re : Sant\u00e9 publique au c\u0153ur des pr\u00e9occupations apr\u00e8s le voyage au Maghreb"},"content":{"rendered":"<p><!DOCTYPE html><br \/>\n<html lang='fr'><br \/>\n<head><br \/>\n  <meta charset='UTF-8'><br \/>\n<\/head><br \/>\n<body><\/p>\n<h1>Perpignan en col\u00e8re : Sant\u00e9 publique au c\u0153ur des pr\u00e9occupations apr\u00e8s le voyage au Maghreb<\/h1>\n<p>Au fil de quelques jours, la ville de <a href=\"https:\/\/monmaghreb.com\/index.php\/2026\/04\/23\/navigant-les-differences-culturelles-lors-dun-mariage-transfrontalier-un-cas-de-perpignan\/\" title=\"Navigant les diff\u00e9rences culturelles lors d&#8217;un mariage transfrontalier : un cas de Perpignan\">Perpignan<\/a> est devenue un terrain d&#8217;exp\u00e9rimentation pour l&#8217;inqui\u00e9tude et la col\u00e8re. L&#8217;annonce d&#8217;une importante vague d&#8217;infections par le Covid-19 li\u00e9es aux d\u00e9placements vers les pays du Maghreb a r\u00e9v\u00e9l\u00e9 des fragilit\u00e9s dans la prise en charge de la sant\u00e9 publique, soulignant ainsi la n\u00e9cessit\u00e9 d&#8217;une collaboration internationale pour lutter contre cette pand\u00e9mie. Comprenez que la propagation du virus dans notre ville ne s&#8217;est pas faite sans raison apparente. En effet, les d\u00e9placements massifs entre Perpignan et les pays du Maghreb ont cr\u00e9\u00e9 un contexte propice \u00e0 la transmission du virus.<\/p>\n<h2>1. Les premiers cas d\u00e9tect\u00e9s<\/h2>\n<p>C&#8217;est au d\u00e9but d\u00e9cembre que les premiers cas de contamination par le Covid-19 li\u00e9s aux d\u00e9placements vers les pays du Maghreb ont \u00e9t\u00e9 d\u00e9tect\u00e9s dans la ville de Perpignan. Les autorit\u00e9s sanitaires ont rapidement mis en place des mesures de contr\u00f4le et de surveillance pour tenter d&#8217;enrayer l&#8217;\u00e9pid\u00e9mie. Cependant, malgr\u00e9 ces efforts, la propagation du virus n&#8217;a pas cess\u00e9.<\/p>\n<p>La communaut\u00e9 maghr\u00e9bine de Perpignan est particuli\u00e8rement touch\u00e9e par la crise. De nombreuses familles ont d\u00e9j\u00e0 \u00e9t\u00e9 affect\u00e9es par le virus, ce qui explique pourquoi la situation est si tendue dans la ville.<\/p>\n<h2>2. Les mesures prises par les autorit\u00e9s sanitaires<\/h2>\n<p>Pour enrayer l&#8217;\u00e9pid\u00e9mie, les autorit\u00e9s sanitaires ont pris des mesures importantes. Il a \u00e9t\u00e9 d\u00e9cid\u00e9 d&#8217;instaurer un couvre-feu dans certaines zones de la ville, ainsi qu&#8217;un contr\u00f4le strict aux fronti\u00e8res avec les pays du Maghreb. Un syst\u00e8me de test de masse a \u00e9galement \u00e9t\u00e9 mis en place pour d\u00e9tecter rapidement les nouveaux cas et limiter la propagation du virus.<\/p>\n<p>Cependant, malgr\u00e9 ces mesures, la propagation du virus continue \u00e0 s&#8217;acc\u00e9l\u00e9rer. Les citoyens se demandent comment les autorit\u00e9s ont pu permettre une telle propagation du virus et font appel \u00e0 un meilleur suivi de la sant\u00e9 publique.<\/p>\n<h2>3. Les r\u00e9actions des citoyens<\/h2>\n<p>Les citoyens de Perpignan sont pr\u00e9occup\u00e9s par la situation. Ils se demandent comment les autorit\u00e9s ont pu permettre une telle propagation du virus et font appel \u00e0 un meilleur suivi de la sant\u00e9 publique.<\/p>\n<p>De nombreuses associations maghr\u00e9bines ont \u00e9galement r\u00e9agi en lan\u00e7ant des campagnes pour sensibiliser la population aux mesures de protection. Ils soulignent l&#8217;importance d&#8217;un engagement communautaire pour combattre cette pand\u00e9mie.<\/p>\n<h2>4. Les efforts internationaux<\/h2>\n<p>Il est important de noter que la France n&#8217;est pas seule \u00e0 subir une telle crise sanitaire li\u00e9e aux d\u00e9placements vers les pays du Maghreb. Des pays voisins comme l&#8217;Espagne ou l&#8217;Italie ont \u00e9galement \u00e9t\u00e9 touch\u00e9s par cette pand\u00e9mie.<\/p>\n<p>Cette situation souligne donc la n\u00e9cessit\u00e9 d&#8217;une collaboration internationale pour lutter contre cette pand\u00e9mie. Les autorit\u00e9s fran\u00e7aises doivent faire appel aux pays du Maghreb afin de prendre des mesures concert\u00e9es et efficaces.<\/p>\n<h2>5. Appel \u00e0 l&#8217;action<\/h2>\n<p>Face \u00e0 cette situation, il est important que chaque citoyen prend sa responsabilit\u00e9 pour lutter contre la pand\u00e9mie. Les mesures de protection doivent \u00eatre appliqu\u00e9es avec rigueur et une grande attention aux d\u00e9placements vers les pays du Maghreb.<\/p>\n<p>Il est \u00e9galement important de soutenir les associations maghr\u00e9bines qui travaillent pour sensibiliser la population. Nous devons nous engager tous ensemble pour mettre fin \u00e0 cette crise sanitaire.<\/p>\n<div style=\"background:#f8f9fa;border-left:4px solid #0066cc;border-radius:6px;padding:20px 24px;margin:32px 0;\">\n<p style=\"font-size:13px;color:#888;text-transform:uppercase;letter-spacing:0.8px;margin:0 0 6px 0;\">Vous pourriez aussi aimer<\/p>\n<h3 style=\"font-size:18px;margin:0 0 14px 0;color:#222;\">Articles similaires<\/h3>\n<ul style=\"margin:0;padding-left:20px;list-style:disc;\">\n<li style=\"margin-bottom:10px;\"><a href=\"https:\/\/monmaghreb.com\/index.php\/2026\/04\/23\/navigant-les-differences-culturelles-lors-dun-mariage-transfrontalier-un-cas-de-perpignan\/\" style=\"color:#0066cc;text-decoration:none;font-weight:500;\" title=\"Navigant les diff\u00e9rences culturelles lors d&#8217;un mariage transfrontalier : un cas de Perpignan\">Navigant les diff\u00e9rences culturelles lors d&#8217;un mariage transfrontalier : un cas de Perpignan<\/a><\/li>\n<li style=\"margin-bottom:10px;\"><a href=\"https:\/\/monmaghreb.com\/index.php\/2026\/04\/21\/mohamed-cheikh-la-voix-de-la-cuisine-algerienne-apres-sa-victoire-a-top-chef\/\" style=\"color:#0066cc;text-decoration:none;font-weight:500;\" title=\"Mohamed Cheikh, la voix de la cuisine alg\u00e9rienne apr\u00e8s sa victoire \u00e0 Top Chef\">Mohamed Cheikh, la voix de la cuisine alg\u00e9rienne apr\u00e8s sa victoire \u00e0 Top Chef<\/a><\/li>\n<li style=\"margin-bottom:10px;\"><a href=\"https:\/\/monmaghreb.com\/index.php\/2026\/04\/25\/ramadan-2026-recettes-healthy-pour-une-premiere-journee-en-sante\/\" style=\"color:#0066cc;text-decoration:none;font-weight:500;\" title=\"Ramadan 2026 : Recettes Healthy pour une premi\u00e8re journ\u00e9e en sant\u00e9\">Ramadan 2026 : Recettes Healthy pour une premi\u00e8re journ\u00e9e en sant\u00e9<\/a><\/li>\n<li style=\"margin-bottom:10px;\"><a href=\"https:\/\/monmaghreb.com\/index.php\/2026\/04\/25\/le-renouveau-de-lartisanat-tunisien-apres-le-covid-19-la-scene-culturelle-rebaptisee-a-sousse\/\" style=\"color:#0066cc;text-decoration:none;font-weight:500;\" title=\"Le renouveau de l&#8217;artisanat tunisien apr\u00e8s le Covid-19 : la sc\u00e8ne culturelle rebaptis\u00e9e \u00e0 Sousse\">Le renouveau de l&#8217;artisanat tunisien apr\u00e8s le Covid-19 : la sc\u00e8ne culturelle rebaptis\u00e9e \u00e0 Sousse<\/a><\/li>\n<li style=\"margin-bottom:10px;\"><a href=\"https:\/\/monmaghreb.com\/index.php\/2026\/04\/25\/oasis-maghrebins-un-voyage-dans-les-coeurs-du-developpement-durable\/\" style=\"color:#0066cc;text-decoration:none;font-weight:500;\" title=\"Oasis maghr\u00e9bins : un voyage dans les c\u0153urs du d\u00e9veloppement durable\">Oasis maghr\u00e9bins : un voyage dans les c\u0153urs du d\u00e9veloppement durable<\/a><\/li>\n<\/ul>\n<\/div>\n<p><\/body><br \/>\n<\/html><\/p>\n","protected":false},"excerpt":{"rendered":"<p>Perpignan en col\u00e8re : Sante publique au c\u0153ur des pr\u00e9occupations apr\u00e8s le voyage au Maghreb. Covid-19 wave hits Perpignan due to travel to Maghreb, revealing hea<\/p>\n","protected":false},"author":1,"featured_media":3481,"comment_status":"closed","ping_status":"open","sticky":false,"template":"","format":"standard","meta":{"_yoast_wpseo_focuskw":"Perpignan Covid-19 Maghreb","_yoast_wpseo_title":"Perpignan en col\u00e8re : Sant\u00e9 publique au c\u0153ur des pr\u00e9occupati","_yoast_wpseo_metadesc":"Perpignan en col\u00e8re : Sante publique au c\u0153ur des pr\u00e9occupations apr\u00e8s le voyage au Maghreb. Covid-19 wave hits Perpignan due to travel to Maghreb, revealing hea","_yoast_wpseo_canonical":"","_yoast_wpseo_opengraph-title":"Perpignan en col\u00e8re : Sant\u00e9 publique au c\u0153ur des pr\u00e9occupations apr\u00e8s le voyage au Maghreb","_yoast_wpseo_opengraph-description":"Perpignan en col\u00e8re : Sante publique au c\u0153ur des pr\u00e9occupations apr\u00e8s le voyage au Maghreb. Covid-19 wave hits Perpignan due to travel to Maghreb, revealing hea","_yoast_wpseo_opengraph-image":"","tdm_status":"","tdm_grid_status":"","footnotes":""},"categories":[654],"tags":[766,739,2239,1024,2209],"class_list":["post-3482","post","type-post","status-publish","format-standard","has-post-thumbnail","hentry","category-diaspora","tag-activitesenfrance","tag-affaires-internationales","tag-alimentation-maghrebine","tag-covid19","tag-healthcare-systems"],"yoast_head":"<!-- This site is optimized with the Yoast SEO plugin v27.4 - https:\/\/yoast.com\/product\/yoast-seo-wordpress\/ -->\n<title>Perpignan en col\u00e8re : Sant\u00e9 publique au c\u0153ur des pr\u00e9occupati<\/title>\n<meta name=\"description\" content=\"Perpignan en col\u00e8re : Sante publique au c\u0153ur des pr\u00e9occupations apr\u00e8s le voyage au Maghreb. Covid-19 wave hits Perpignan due to travel to Maghreb, revealing hea\" \/>\n<meta name=\"robots\" content=\"index, follow, max-snippet:-1, max-image-preview:large, max-video-preview:-1\" \/>\n<link rel=\"canonical\" href=\"https:\/\/monmaghreb.com\/index.php\/2026\/04\/26\/perpignan-en-colere-sante-publique-au-coeur-des-preoccupations-apres-le-voyage-au-maghreb\/\" \/>\n<meta property=\"og:locale\" content=\"en_US\" \/>\n<meta property=\"og:type\" content=\"article\" \/>\n<meta property=\"og:title\" content=\"Perpignan en col\u00e8re : Sant\u00e9 publique au c\u0153ur des pr\u00e9occupations apr\u00e8s le voyage au Maghreb\" \/>\n<meta property=\"og:description\" content=\"Perpignan en col\u00e8re : Sante publique au c\u0153ur des pr\u00e9occupations apr\u00e8s le voyage au Maghreb. Covid-19 wave hits Perpignan due to travel to Maghreb, revealing hea\" \/>\n<meta property=\"og:url\" content=\"https:\/\/monmaghreb.com\/index.php\/2026\/04\/26\/perpignan-en-colere-sante-publique-au-coeur-des-preoccupations-apres-le-voyage-au-maghreb\/\" \/>\n<meta property=\"og:site_name\" content=\"Mon Maghreb\" \/>\n<meta property=\"article:author\" content=\"https:\/\/www.facebook.com\/monmaghrebcom\" \/>\n<meta property=\"article:published_time\" content=\"2026-04-26T13:33:38+00:00\" \/>\n<meta property=\"article:modified_time\" content=\"2026-04-26T13:33:40+00:00\" \/>\n<meta property=\"og:image\" content=\"https:\/\/monmaghreb.com\/wp-content\/uploads\/2026\/04\/featured-386.jpg\" \/>\n\t<meta property=\"og:image:width\" content=\"1880\" \/>\n\t<meta property=\"og:image:height\" content=\"1253\" \/>\n\t<meta property=\"og:image:type\" content=\"image\/jpeg\" \/>\n<meta name=\"author\" content=\"LaMagh\" \/>\n<meta name=\"twitter:card\" content=\"summary_large_image\" \/>\n<meta name=\"twitter:creator\" content=\"@MMaghreb50977\" \/>\n<meta name=\"twitter:label1\" content=\"Written by\" \/>\n\t<meta name=\"twitter:data1\" content=\"LaMagh\" \/>\n\t<meta name=\"twitter:label2\" content=\"Est. reading time\" \/>\n\t<meta name=\"twitter:data2\" content=\"3 minutes\" \/>\n<script type=\"application\/ld+json\" class=\"yoast-schema-graph\">{\"@context\":\"https:\\\/\\\/schema.org\",\"@graph\":[{\"@type\":\"Article\",\"@id\":\"https:\\\/\\\/monmaghreb.com\\\/index.php\\\/2026\\\/04\\\/26\\\/perpignan-en-colere-sante-publique-au-coeur-des-preoccupations-apres-le-voyage-au-maghreb\\\/#article\",\"isPartOf\":{\"@id\":\"https:\\\/\\\/monmaghreb.com\\\/index.php\\\/2026\\\/04\\\/26\\\/perpignan-en-colere-sante-publique-au-coeur-des-preoccupations-apres-le-voyage-au-maghreb\\\/\"},\"author\":{\"name\":\"LaMagh\",\"@id\":\"http:\\\/\\\/monmaghreb.com\\\/#\\\/schema\\\/person\\\/c469a89dc8c6b8987dcb438b1200d054\"},\"headline\":\"Perpignan en col\u00e8re : Sant\u00e9 publique au c\u0153ur des pr\u00e9occupations apr\u00e8s le voyage au Maghreb\",\"datePublished\":\"2026-04-26T13:33:38+00:00\",\"dateModified\":\"2026-04-26T13:33:40+00:00\",\"mainEntityOfPage\":{\"@id\":\"https:\\\/\\\/monmaghreb.com\\\/index.php\\\/2026\\\/04\\\/26\\\/perpignan-en-colere-sante-publique-au-coeur-des-preoccupations-apres-le-voyage-au-maghreb\\\/\"},\"wordCount\":692,\"publisher\":{\"@id\":\"http:\\\/\\\/monmaghreb.com\\\/#organization\"},\"image\":{\"@id\":\"https:\\\/\\\/monmaghreb.com\\\/index.php\\\/2026\\\/04\\\/26\\\/perpignan-en-colere-sante-publique-au-coeur-des-preoccupations-apres-le-voyage-au-maghreb\\\/#primaryimage\"},\"thumbnailUrl\":\"https:\\\/\\\/monmaghreb.com\\\/wp-content\\\/uploads\\\/2026\\\/04\\\/featured-386.jpg\",\"keywords\":[\"activitesenfrance\",\"affaires internationales\",\"alimentation maghr\u00e9bine\",\"covid19\",\"healthcare systems\"],\"articleSection\":[\"Diaspora\"],\"inLanguage\":\"en-US\"},{\"@type\":\"WebPage\",\"@id\":\"https:\\\/\\\/monmaghreb.com\\\/index.php\\\/2026\\\/04\\\/26\\\/perpignan-en-colere-sante-publique-au-coeur-des-preoccupations-apres-le-voyage-au-maghreb\\\/\",\"url\":\"https:\\\/\\\/monmaghreb.com\\\/index.php\\\/2026\\\/04\\\/26\\\/perpignan-en-colere-sante-publique-au-coeur-des-preoccupations-apres-le-voyage-au-maghreb\\\/\",\"name\":\"Perpignan en col\u00e8re : Sant\u00e9 publique au c\u0153ur des pr\u00e9occupati\",\"isPartOf\":{\"@id\":\"http:\\\/\\\/monmaghreb.com\\\/#website\"},\"primaryImageOfPage\":{\"@id\":\"https:\\\/\\\/monmaghreb.com\\\/index.php\\\/2026\\\/04\\\/26\\\/perpignan-en-colere-sante-publique-au-coeur-des-preoccupations-apres-le-voyage-au-maghreb\\\/#primaryimage\"},\"image\":{\"@id\":\"https:\\\/\\\/monmaghreb.com\\\/index.php\\\/2026\\\/04\\\/26\\\/perpignan-en-colere-sante-publique-au-coeur-des-preoccupations-apres-le-voyage-au-maghreb\\\/#primaryimage\"},\"thumbnailUrl\":\"https:\\\/\\\/monmaghreb.com\\\/wp-content\\\/uploads\\\/2026\\\/04\\\/featured-386.jpg\",\"datePublished\":\"2026-04-26T13:33:38+00:00\",\"dateModified\":\"2026-04-26T13:33:40+00:00\",\"description\":\"Perpignan en col\u00e8re : Sante publique au c\u0153ur des pr\u00e9occupations apr\u00e8s le voyage au Maghreb. Covid-19 wave hits Perpignan due to travel to Maghreb, revealing hea\",\"breadcrumb\":{\"@id\":\"https:\\\/\\\/monmaghreb.com\\\/index.php\\\/2026\\\/04\\\/26\\\/perpignan-en-colere-sante-publique-au-coeur-des-preoccupations-apres-le-voyage-au-maghreb\\\/#breadcrumb\"},\"inLanguage\":\"en-US\",\"potentialAction\":[{\"@type\":\"ReadAction\",\"target\":[\"https:\\\/\\\/monmaghreb.com\\\/index.php\\\/2026\\\/04\\\/26\\\/perpignan-en-colere-sante-publique-au-coeur-des-preoccupations-apres-le-voyage-au-maghreb\\\/\"]}]},{\"@type\":\"ImageObject\",\"inLanguage\":\"en-US\",\"@id\":\"https:\\\/\\\/monmaghreb.com\\\/index.php\\\/2026\\\/04\\\/26\\\/perpignan-en-colere-sante-publique-au-coeur-des-preoccupations-apres-le-voyage-au-maghreb\\\/#primaryimage\",\"url\":\"https:\\\/\\\/monmaghreb.com\\\/wp-content\\\/uploads\\\/2026\\\/04\\\/featured-386.jpg\",\"contentUrl\":\"https:\\\/\\\/monmaghreb.com\\\/wp-content\\\/uploads\\\/2026\\\/04\\\/featured-386.jpg\",\"width\":1880,\"height\":1253,\"caption\":\"Protest in Perpignan city square over Covid-19 cases linked to travel to Maghreb countries\"},{\"@type\":\"BreadcrumbList\",\"@id\":\"https:\\\/\\\/monmaghreb.com\\\/index.php\\\/2026\\\/04\\\/26\\\/perpignan-en-colere-sante-publique-au-coeur-des-preoccupations-apres-le-voyage-au-maghreb\\\/#breadcrumb\",\"itemListElement\":[{\"@type\":\"ListItem\",\"position\":1,\"name\":\"Home\",\"item\":\"http:\\\/\\\/monmaghreb.com\\\/\"},{\"@type\":\"ListItem\",\"position\":2,\"name\":\"Perpignan en col\u00e8re : Sant\u00e9 publique au c\u0153ur des pr\u00e9occupations apr\u00e8s le voyage au Maghreb\"}]},{\"@type\":\"WebSite\",\"@id\":\"http:\\\/\\\/monmaghreb.com\\\/#website\",\"url\":\"http:\\\/\\\/monmaghreb.com\\\/\",\"name\":\"Mon Maghreb\",\"description\":\"MonMaghreb United\",\"publisher\":{\"@id\":\"http:\\\/\\\/monmaghreb.com\\\/#organization\"},\"alternateName\":\"Le Monde du Maghreb et au del\u00e0\",\"potentialAction\":[{\"@type\":\"SearchAction\",\"target\":{\"@type\":\"EntryPoint\",\"urlTemplate\":\"http:\\\/\\\/monmaghreb.com\\\/?s={search_term_string}\"},\"query-input\":{\"@type\":\"PropertyValueSpecification\",\"valueRequired\":true,\"valueName\":\"search_term_string\"}}],\"inLanguage\":\"en-US\"},{\"@type\":\"Organization\",\"@id\":\"http:\\\/\\\/monmaghreb.com\\\/#organization\",\"name\":\"Mon Maghreb\",\"url\":\"http:\\\/\\\/monmaghreb.com\\\/\",\"logo\":{\"@type\":\"ImageObject\",\"inLanguage\":\"en-US\",\"@id\":\"http:\\\/\\\/monmaghreb.com\\\/#\\\/schema\\\/logo\\\/image\\\/\",\"url\":\"https:\\\/\\\/monmaghreb.com\\\/wp-content\\\/uploads\\\/2025\\\/12\\\/Mon_Maghreb_Logo.jpg\",\"contentUrl\":\"https:\\\/\\\/monmaghreb.com\\\/wp-content\\\/uploads\\\/2025\\\/12\\\/Mon_Maghreb_Logo.jpg\",\"width\":814,\"height\":374,\"caption\":\"Mon Maghreb\"},\"image\":{\"@id\":\"http:\\\/\\\/monmaghreb.com\\\/#\\\/schema\\\/logo\\\/image\\\/\"}},{\"@type\":\"Person\",\"@id\":\"http:\\\/\\\/monmaghreb.com\\\/#\\\/schema\\\/person\\\/c469a89dc8c6b8987dcb438b1200d054\",\"name\":\"LaMagh\",\"image\":{\"@type\":\"ImageObject\",\"inLanguage\":\"en-US\",\"@id\":\"https:\\\/\\\/secure.gravatar.com\\\/avatar\\\/399d8144bd55fba55e056779aca52fe528bac7911f6449e54d81173d6dfd7f0a?s=96&d=mm&r=g\",\"url\":\"https:\\\/\\\/secure.gravatar.com\\\/avatar\\\/399d8144bd55fba55e056779aca52fe528bac7911f6449e54d81173d6dfd7f0a?s=96&d=mm&r=g\",\"contentUrl\":\"https:\\\/\\\/secure.gravatar.com\\\/avatar\\\/399d8144bd55fba55e056779aca52fe528bac7911f6449e54d81173d6dfd7f0a?s=96&d=mm&r=g\",\"caption\":\"LaMagh\"},\"sameAs\":[\"https:\\\/\\\/monmaghreb.com\",\"https:\\\/\\\/www.facebook.com\\\/monmaghrebcom\",\"https:\\\/\\\/x.com\\\/MMaghreb50977\"],\"url\":\"https:\\\/\\\/monmaghreb.com\\\/index.php\\\/author\\\/lamagh\\\/\"}]}<\/script>\n<!-- \/ Yoast SEO plugin. -->","yoast_head_json":{"title":"Perpignan en col\u00e8re : Sant\u00e9 publique au c\u0153ur des pr\u00e9occupati","description":"Perpignan en col\u00e8re : Sante publique au c\u0153ur des pr\u00e9occupations apr\u00e8s le voyage au Maghreb. Covid-19 wave hits Perpignan due to travel to Maghreb, revealing hea","robots":{"index":"index","follow":"follow","max-snippet":"max-snippet:-1","max-image-preview":"max-image-preview:large","max-video-preview":"max-video-preview:-1"},"canonical":"https:\/\/monmaghreb.com\/index.php\/2026\/04\/26\/perpignan-en-colere-sante-publique-au-coeur-des-preoccupations-apres-le-voyage-au-maghreb\/","og_locale":"en_US","og_type":"article","og_title":"Perpignan en col\u00e8re : Sant\u00e9 publique au c\u0153ur des pr\u00e9occupations apr\u00e8s le voyage au Maghreb","og_description":"Perpignan en col\u00e8re : Sante publique au c\u0153ur des pr\u00e9occupations apr\u00e8s le voyage au Maghreb. Covid-19 wave hits Perpignan due to travel to Maghreb, revealing hea","og_url":"https:\/\/monmaghreb.com\/index.php\/2026\/04\/26\/perpignan-en-colere-sante-publique-au-coeur-des-preoccupations-apres-le-voyage-au-maghreb\/","og_site_name":"Mon Maghreb","article_author":"https:\/\/www.facebook.com\/monmaghrebcom","article_published_time":"2026-04-26T13:33:38+00:00","article_modified_time":"2026-04-26T13:33:40+00:00","og_image":[{"width":1880,"height":1253,"url":"https:\/\/monmaghreb.com\/wp-content\/uploads\/2026\/04\/featured-386.jpg","type":"image\/jpeg"}],"author":"LaMagh","twitter_card":"summary_large_image","twitter_creator":"@MMaghreb50977","twitter_misc":{"Written by":"LaMagh","Est. reading time":"3 minutes"},"schema":{"@context":"https:\/\/schema.org","@graph":[{"@type":"Article","@id":"https:\/\/monmaghreb.com\/index.php\/2026\/04\/26\/perpignan-en-colere-sante-publique-au-coeur-des-preoccupations-apres-le-voyage-au-maghreb\/#article","isPartOf":{"@id":"https:\/\/monmaghreb.com\/index.php\/2026\/04\/26\/perpignan-en-colere-sante-publique-au-coeur-des-preoccupations-apres-le-voyage-au-maghreb\/"},"author":{"name":"LaMagh","@id":"http:\/\/monmaghreb.com\/#\/schema\/person\/c469a89dc8c6b8987dcb438b1200d054"},"headline":"Perpignan en col\u00e8re : Sant\u00e9 publique au c\u0153ur des pr\u00e9occupations apr\u00e8s le voyage au Maghreb","datePublished":"2026-04-26T13:33:38+00:00","dateModified":"2026-04-26T13:33:40+00:00","mainEntityOfPage":{"@id":"https:\/\/monmaghreb.com\/index.php\/2026\/04\/26\/perpignan-en-colere-sante-publique-au-coeur-des-preoccupations-apres-le-voyage-au-maghreb\/"},"wordCount":692,"publisher":{"@id":"http:\/\/monmaghreb.com\/#organization"},"image":{"@id":"https:\/\/monmaghreb.com\/index.php\/2026\/04\/26\/perpignan-en-colere-sante-publique-au-coeur-des-preoccupations-apres-le-voyage-au-maghreb\/#primaryimage"},"thumbnailUrl":"https:\/\/monmaghreb.com\/wp-content\/uploads\/2026\/04\/featured-386.jpg","keywords":["activitesenfrance","affaires internationales","alimentation maghr\u00e9bine","covid19","healthcare systems"],"articleSection":["Diaspora"],"inLanguage":"en-US"},{"@type":"WebPage","@id":"https:\/\/monmaghreb.com\/index.php\/2026\/04\/26\/perpignan-en-colere-sante-publique-au-coeur-des-preoccupations-apres-le-voyage-au-maghreb\/","url":"https:\/\/monmaghreb.com\/index.php\/2026\/04\/26\/perpignan-en-colere-sante-publique-au-coeur-des-preoccupations-apres-le-voyage-au-maghreb\/","name":"Perpignan en col\u00e8re : Sant\u00e9 publique au c\u0153ur des pr\u00e9occupati","isPartOf":{"@id":"http:\/\/monmaghreb.com\/#website"},"primaryImageOfPage":{"@id":"https:\/\/monmaghreb.com\/index.php\/2026\/04\/26\/perpignan-en-colere-sante-publique-au-coeur-des-preoccupations-apres-le-voyage-au-maghreb\/#primaryimage"},"image":{"@id":"https:\/\/monmaghreb.com\/index.php\/2026\/04\/26\/perpignan-en-colere-sante-publique-au-coeur-des-preoccupations-apres-le-voyage-au-maghreb\/#primaryimage"},"thumbnailUrl":"https:\/\/monmaghreb.com\/wp-content\/uploads\/2026\/04\/featured-386.jpg","datePublished":"2026-04-26T13:33:38+00:00","dateModified":"2026-04-26T13:33:40+00:00","description":"Perpignan en col\u00e8re : Sante publique au c\u0153ur des pr\u00e9occupations apr\u00e8s le voyage au Maghreb. Covid-19 wave hits Perpignan due to travel to Maghreb, revealing hea","breadcrumb":{"@id":"https:\/\/monmaghreb.com\/index.php\/2026\/04\/26\/perpignan-en-colere-sante-publique-au-coeur-des-preoccupations-apres-le-voyage-au-maghreb\/#breadcrumb"},"inLanguage":"en-US","potentialAction":[{"@type":"ReadAction","target":["https:\/\/monmaghreb.com\/index.php\/2026\/04\/26\/perpignan-en-colere-sante-publique-au-coeur-des-preoccupations-apres-le-voyage-au-maghreb\/"]}]},{"@type":"ImageObject","inLanguage":"en-US","@id":"https:\/\/monmaghreb.com\/index.php\/2026\/04\/26\/perpignan-en-colere-sante-publique-au-coeur-des-preoccupations-apres-le-voyage-au-maghreb\/#primaryimage","url":"https:\/\/monmaghreb.com\/wp-content\/uploads\/2026\/04\/featured-386.jpg","contentUrl":"https:\/\/monmaghreb.com\/wp-content\/uploads\/2026\/04\/featured-386.jpg","width":1880,"height":1253,"caption":"Protest in Perpignan city square over Covid-19 cases linked to travel to Maghreb countries"},{"@type":"BreadcrumbList","@id":"https:\/\/monmaghreb.com\/index.php\/2026\/04\/26\/perpignan-en-colere-sante-publique-au-coeur-des-preoccupations-apres-le-voyage-au-maghreb\/#breadcrumb","itemListElement":[{"@type":"ListItem","position":1,"name":"Home","item":"http:\/\/monmaghreb.com\/"},{"@type":"ListItem","position":2,"name":"Perpignan en col\u00e8re : Sant\u00e9 publique au c\u0153ur des pr\u00e9occupations apr\u00e8s le voyage au Maghreb"}]},{"@type":"WebSite","@id":"http:\/\/monmaghreb.com\/#website","url":"http:\/\/monmaghreb.com\/","name":"Mon Maghreb","description":"MonMaghreb United","publisher":{"@id":"http:\/\/monmaghreb.com\/#organization"},"alternateName":"Le Monde du Maghreb et au del\u00e0","potentialAction":[{"@type":"SearchAction","target":{"@type":"EntryPoint","urlTemplate":"http:\/\/monmaghreb.com\/?s={search_term_string}"},"query-input":{"@type":"PropertyValueSpecification","valueRequired":true,"valueName":"search_term_string"}}],"inLanguage":"en-US"},{"@type":"Organization","@id":"http:\/\/monmaghreb.com\/#organization","name":"Mon Maghreb","url":"http:\/\/monmaghreb.com\/","logo":{"@type":"ImageObject","inLanguage":"en-US","@id":"http:\/\/monmaghreb.com\/#\/schema\/logo\/image\/","url":"https:\/\/monmaghreb.com\/wp-content\/uploads\/2025\/12\/Mon_Maghreb_Logo.jpg","contentUrl":"https:\/\/monmaghreb.com\/wp-content\/uploads\/2025\/12\/Mon_Maghreb_Logo.jpg","width":814,"height":374,"caption":"Mon Maghreb"},"image":{"@id":"http:\/\/monmaghreb.com\/#\/schema\/logo\/image\/"}},{"@type":"Person","@id":"http:\/\/monmaghreb.com\/#\/schema\/person\/c469a89dc8c6b8987dcb438b1200d054","name":"LaMagh","image":{"@type":"ImageObject","inLanguage":"en-US","@id":"https:\/\/secure.gravatar.com\/avatar\/399d8144bd55fba55e056779aca52fe528bac7911f6449e54d81173d6dfd7f0a?s=96&d=mm&r=g","url":"https:\/\/secure.gravatar.com\/avatar\/399d8144bd55fba55e056779aca52fe528bac7911f6449e54d81173d6dfd7f0a?s=96&d=mm&r=g","contentUrl":"https:\/\/secure.gravatar.com\/avatar\/399d8144bd55fba55e056779aca52fe528bac7911f6449e54d81173d6dfd7f0a?s=96&d=mm&r=g","caption":"LaMagh"},"sameAs":["https:\/\/monmaghreb.com","https:\/\/www.facebook.com\/monmaghrebcom","https:\/\/x.com\/MMaghreb50977"],"url":"https:\/\/monmaghreb.com\/index.php\/author\/lamagh\/"}]}},"_links":{"self":[{"href":"https:\/\/monmaghreb.com\/index.php\/wp-json\/wp\/v2\/posts\/3482","targetHints":{"allow":["GET"]}}],"collection":[{"href":"https:\/\/monmaghreb.com\/index.php\/wp-json\/wp\/v2\/posts"}],"about":[{"href":"https:\/\/monmaghreb.com\/index.php\/wp-json\/wp\/v2\/types\/post"}],"author":[{"embeddable":true,"href":"https:\/\/monmaghreb.com\/index.php\/wp-json\/wp\/v2\/users\/1"}],"replies":[{"embeddable":true,"href":"https:\/\/monmaghreb.com\/index.php\/wp-json\/wp\/v2\/comments?post=3482"}],"version-history":[{"count":1,"href":"https:\/\/monmaghreb.com\/index.php\/wp-json\/wp\/v2\/posts\/3482\/revisions"}],"predecessor-version":[{"id":3483,"href":"https:\/\/monmaghreb.com\/index.php\/wp-json\/wp\/v2\/posts\/3482\/revisions\/3483"}],"wp:featuredmedia":[{"embeddable":true,"href":"https:\/\/monmaghreb.com\/index.php\/wp-json\/wp\/v2\/media\/3481"}],"wp:attachment":[{"href":"https:\/\/monmaghreb.com\/index.php\/wp-json\/wp\/v2\/media?parent=3482"}],"wp:term":[{"taxonomy":"category","embeddable":true,"href":"https:\/\/monmaghreb.com\/index.php\/wp-json\/wp\/v2\/categories?post=3482"},{"taxonomy":"post_tag","embeddable":true,"href":"https:\/\/monmaghreb.com\/index.php\/wp-json\/wp\/v2\/tags?post=3482"}],"curies":[{"name":"wp","href":"https:\/\/api.w.org\/{rel}","templated":true}]}}