{"id":3491,"date":"2026-04-26T14:34:02","date_gmt":"2026-04-26T14:34:02","guid":{"rendered":"https:\/\/monmaghreb.com\/index.php\/2026\/04\/26\/maghreb-france-levolution-demographique-et-limmigration-en-france\/"},"modified":"2026-04-26T14:34:05","modified_gmt":"2026-04-26T14:34:05","slug":"maghreb-france-levolution-demographique-et-limmigration-en-france","status":"publish","type":"post","link":"https:\/\/monmaghreb.com\/index.php\/2026\/04\/26\/maghreb-france-levolution-demographique-et-limmigration-en-france\/","title":{"rendered":"Maghreb\u2013France : L&#8217;\u00e9volution d\u00e9mographique et l&#8217;immigration en France"},"content":{"rendered":"<p><!DOCTYPE html><br \/>\n<html lang='fr'><br \/>\n<head><br \/>\n  <meta charset='UTF-8'><br \/>\n  <meta name='viewport' content='width=device-width, initial-scale=1.0'><br \/>\n  <title>Maghreb\u2013France : L&#8217;\u00e9volution d\u00e9mographique et l&#8217;immigration en France<\/title><br \/>\n<\/head><br \/>\n<body><\/p>\n<h1>Maghreb\u2013France : L&#8217;\u00e9volution d\u00e9mographique et l&#8217;immigration en France<\/h1>\n<p>Bienvenue dans ce nouveau blog destin\u00e9 aux lecteurs maghr\u00e9bins de la diaspora. Dans cet article, nous allons aborder l&#8217;\u00e9volution d\u00e9mographique et l&#8217;immigration en France, avec un regard particulier sur les liens entre le Maghreb et la France.<\/p>\n<h2>Historique de l&#8217;immigration maghr\u00e9bine en France<\/h2>\n<p>L&#8217;histoire de l&#8217;immigration maghr\u00e9bine en France remonte aux ann\u00e9es 1950, lorsque la France cherchait des ouvriers pour soutenir son \u00e9conomie en pleine croissance. \u00c0 l&#8217;\u00e9poque, la France a commenc\u00e9 \u00e0 recruter massivement des travailleurs du Maghreb, notamment de Tunisie et d&#8217;Alg\u00e9rie. Cette p\u00e9riode s&#8217;est prolong\u00e9e jusqu&#8217;\u00e0 la fin des ann\u00e9es 1970, avec une augmentation significative de l&#8217;immigration maghr\u00e9bine.<\/p>\n<p>Les d\u00e9cennies suivantes ont vu une augmentation continue de l&#8217;immigration maghr\u00e9bine en France, notamment en raison de la crise p\u00e9troli\u00e8re et des conflits arm\u00e9s dans le Maghreb. De plus en plus de personnes ont quitt\u00e9 leur pays pour chercher une vie meilleure en France.<\/p>\n<p>Aujourd&#8217;hui, les communaut\u00e9s maghr\u00e9bines sont un \u00e9l\u00e9ment important de la soci\u00e9t\u00e9 fran\u00e7aise et repr\u00e9sentent pr\u00e8s de 10% de la population totale. Les plus grands groupes de Maghrebins vivant en France sont ceux d&#8217;<a href=\"https:\/\/monmaghreb.com\/index.php\/2026\/04\/22\/kafui-lassistante-dorigine-ghaneenne-qui-partage-sa-culture-avec-les-enfants-en-france-ouest\/\" title=\"Kafui, l&#8217;assistante d&#8217;origine ghan\u00e9enne qui partage sa culture avec les enfants en France &#8211; Ouest\">origine<\/a> alg\u00e9rienne, tunisienne et marocaine.<\/p>\n<h2>L&#8217;\u00e9volution d\u00e9mographique des communaut\u00e9s maghr\u00e9bines<\/h2>\n<p>L&#8217;\u00e9volution d\u00e9mographique des communaut\u00e9s maghr\u00e9bines en France a \u00e9t\u00e9 marqu\u00e9e par une augmentation de la population depuis plusieurs d\u00e9cennies. Selon le recensement fran\u00e7ais de 2016, l&#8217;augmentation annuelle de la population maghr\u00e9bine en France \u00e9tait de 1,4%, contre 2,1% en 2006.<\/p>\n<p>Cependant, cette tendance s&#8217;est ralentie dans les derni\u00e8res ann\u00e9es. En effet, selon le recensement fran\u00e7ais de 2016, les taux de natalit\u00e9 sont d\u00e9sormais proches des taux europ\u00e9ens et qu&#8217;il n&#8217;y a plus une augmentation d\u00e9mographique significative.<\/p>\n<h2>L&#8217;int\u00e9gration des communaut\u00e9s maghr\u00e9bines en France<\/h2>\n<p>La question de l&#8217;int\u00e9gration des communaut\u00e9s maghr\u00e9bines en France est un sujet controvers\u00e9. Toutefois, il est important de souligner que la plupart des Maghrebins ont int\u00e9gr\u00e9 avec succ\u00e8s la soci\u00e9t\u00e9 fran\u00e7aise.<\/p>\n<p>De nombreuses \u00e9tudes ont montr\u00e9 que les Maghrebins ont tendance \u00e0 avoir des taux d&#8217;emploi et de pauvret\u00e9 similaires aux Fran\u00e7ais. De plus, ils ont souvent une forte identification nationale fran\u00e7aise et se consid\u00e8rent comme un \u00e9l\u00e9ment int\u00e9gr\u00e9 de la soci\u00e9t\u00e9 fran\u00e7aise.<\/p>\n<p>Cependant, il y a \u00e9galement des groupes qui font face \u00e0 des difficult\u00e9s d&#8217;int\u00e9gration et qui sont expos\u00e9s \u00e0 des discriminations. Ces probl\u00e8mes doivent \u00eatre pris en compte et abord\u00e9s pour favoriser l&#8217;\u00e9galit\u00e9 et la coh\u00e9sion sociale.<\/p>\n<h2>La position de la France vis-\u00e0-vis du Maghreb<\/h2>\n<p>La relation entre la France et le Maghreb est complexe. Toutefois, il est important de souligner que la France a toujours eu des liens \u00e9troits avec les pays du Maghreb.<\/p>\n<p>Les relations \u00e9conomiques entre la France et les pays du Maghreb sont tr\u00e8s actives. La France exporte beaucoup dans le Maghreb et importe \u00e9galement des produits maghr\u00e9bins. Les \u00e9changes commerciaux sont ainsi un \u00e9l\u00e9ment important de la coop\u00e9ration entre les deux r\u00e9gions.<\/p>\n<p>De plus, il y a une forte coop\u00e9ration culturelle et politique entre la France et les pays du Maghreb. Les Fran\u00e7ais sont les visiteurs les plus fr\u00e9quents des pays maghr\u00e9bins et nombreux sont ceux qui ont des liens familiaux avec ces pays.<\/p>\n<h2>Appel \u00e0 l&#8217;action<\/h2>\n<p>Nous esp\u00e9rons que cet article a \u00e9t\u00e9 utile pour vous faire conna\u00eetre plus en d\u00e9tail sur les communaut\u00e9s maghr\u00e9bines en France et leur \u00e9volution d\u00e9mographique. Cependant, il reste beaucoup de travail \u00e0 faire pour favoriser l&#8217;int\u00e9gration des Maghrebins en France et \u00e0 renforcer les liens entre la France et le Maghreb.<\/p>\n<p>Nous appellons tous les citoyens fran\u00e7ais \u00e0 prendre part aux discussions sur ces questions importantes. Nous devons travailler ensemble pour construire une soci\u00e9t\u00e9 fran\u00e7aise plus inclusive et plus respectueuse des cultures diff\u00e9rentes.<\/p>\n<div style=\"background:#f8f9fa;border-left:4px solid #0066cc;border-radius:6px;padding:20px 24px;margin:32px 0;\">\n<p style=\"font-size:13px;color:#888;text-transform:uppercase;letter-spacing:0.8px;margin:0 0 6px 0;\">Vous pourriez aussi aimer<\/p>\n<h3 style=\"font-size:18px;margin:0 0 14px 0;color:#222;\">Articles similaires<\/h3>\n<ul style=\"margin:0;padding-left:20px;list-style:disc;\">\n<li style=\"margin-bottom:10px;\"><a href=\"https:\/\/monmaghreb.com\/index.php\/2026\/04\/22\/kafui-lassistante-dorigine-ghaneenne-qui-partage-sa-culture-avec-les-enfants-en-france-ouest\/\" style=\"color:#0066cc;text-decoration:none;font-weight:500;\" title=\"Kafui, l&#8217;assistante d&#8217;origine ghan\u00e9enne qui partage sa culture avec les enfants en France &#8211; Ouest\">Kafui, l&#8217;assistante d&#8217;origine ghan\u00e9enne qui partage sa culture avec les enfants en France &#8211; Ouest<\/a><\/li>\n<li style=\"margin-bottom:10px;\"><a href=\"https:\/\/monmaghreb.com\/index.php\/2026\/04\/21\/kafui-lassistante-de-langue-originaire-du-ghana-partage-sa-culture-avec-les-enfants-en-france\/\" style=\"color:#0066cc;text-decoration:none;font-weight:500;\" title=\"Kafui, l&#8217;assistante de langue originaire du Ghana partage sa culture avec les enfants en France\">Kafui, l&#8217;assistante de langue originaire du Ghana partage sa culture avec les enfants en France<\/a><\/li>\n<li style=\"margin-bottom:10px;\"><a href=\"https:\/\/monmaghreb.com\/index.php\/2026\/04\/26\/perpignan-en-colere-sante-publique-au-coeur-des-preoccupations-apres-le-voyage-au-maghreb\/\" style=\"color:#0066cc;text-decoration:none;font-weight:500;\" title=\"Perpignan en col\u00e8re : Sant\u00e9 publique au c\u0153ur des pr\u00e9occupations apr\u00e8s le voyage au Maghreb\">Perpignan en col\u00e8re : Sant\u00e9 publique au c\u0153ur des pr\u00e9occupations apr\u00e8s le voyage au Maghreb<\/a><\/li>\n<li style=\"margin-bottom:10px;\"><a href=\"https:\/\/monmaghreb.com\/index.php\/2026\/04\/25\/le-medef-rapproche-les-relations-avec-lalgerie-une-nouvelle-perspective-economique-pour-la-diaspora-maghrebine\/\" style=\"color:#0066cc;text-decoration:none;font-weight:500;\" title=\"Le Medef rapproche les relations avec l&#8217;Alg\u00e9rie : une nouvelle perspective \u00e9conomique pour la diaspora maghr\u00e9bine\">Le Medef rapproche les relations avec l&#8217;Alg\u00e9rie : une nouvelle perspective \u00e9conomique pour la diaspora maghr\u00e9bine<\/a><\/li>\n<li style=\"margin-bottom:10px;\"><a href=\"https:\/\/monmaghreb.com\/index.php\/2026\/04\/25\/laugmentation-de-la-consommation-de-gaz-naturel-au-maroc-grace-a-lexploitation-du-maghreb-europe-un-nouvel-elan-pour-le-developpement-economique-marocain\/\" style=\"color:#0066cc;text-decoration:none;font-weight:500;\" title=\"L&#8217;augmentation de la consommation de gaz naturel au Maroc gr\u00e2ce \u00e0 l&#8217;exploitation du Maghreb-Europe : un nouvel \u00e9lan pour le d\u00e9veloppement \u00e9conomique marocain\">L&#8217;augmentation de la consommation de gaz naturel au Maroc gr\u00e2ce \u00e0 l&#8217;exploitation du Maghreb-Europe : un nouvel \u00e9lan pour le d\u00e9veloppement \u00e9conomique marocain<\/a><\/li>\n<\/ul>\n<\/div>\n<p><\/body><br \/>\n<\/html><\/p>\n","protected":false},"excerpt":{"rendered":"<p>Explorez la d\u00e9mographie et l&#8217;immigration maghr\u00e9bines en France : \u00e9volutions historiques, liens culturels et statistiques cl\u00e9s. Cliquez pour en savoir plus.<\/p>\n","protected":false},"author":1,"featured_media":3490,"comment_status":"closed","ping_status":"open","sticky":false,"template":"","format":"standard","meta":{"_yoast_wpseo_focuskw":"evolution demographique immigration france","_yoast_wpseo_title":"Maghreb\u2013France : L'\u00e9volution d\u00e9mographique et l'immigration","_yoast_wpseo_metadesc":"Explorez la d\u00e9mographie et l'immigration maghr\u00e9bines en France : \u00e9volutions historiques, liens culturels et statistiques cl\u00e9s. Cliquez pour en savoir plus.","_yoast_wpseo_canonical":"","_yoast_wpseo_opengraph-title":"Maghreb\u2013France : L'\u00e9volution d\u00e9mographique et l'immigration en France","_yoast_wpseo_opengraph-description":"Explorez la d\u00e9mographie et l'immigration maghr\u00e9bines en France : \u00e9volutions historiques, liens culturels et statistiques cl\u00e9s. Cliquez pour en savoir plus.","_yoast_wpseo_opengraph-image":"","tdm_status":"","tdm_grid_status":"","footnotes":""},"categories":[654],"tags":[45,943,1312,1341,2373],"class_list":["post-3491","post","type-post","status-publish","format-standard","has-post-thumbnail","hentry","category-diaspora","tag-culture-tunisienne","tag-african-diaspora","tag-immigration","tag-maghreb-france","tag-statistics"],"yoast_head":"<!-- This site is optimized with the Yoast SEO plugin v27.4 - https:\/\/yoast.com\/product\/yoast-seo-wordpress\/ -->\n<title>Maghreb\u2013France : L&#039;\u00e9volution d\u00e9mographique et l&#039;immigration<\/title>\n<meta name=\"description\" content=\"Explorez la d\u00e9mographie et l&#039;immigration maghr\u00e9bines en France : \u00e9volutions historiques, liens culturels et statistiques cl\u00e9s. Cliquez pour en savoir plus.\" \/>\n<meta name=\"robots\" content=\"index, follow, max-snippet:-1, max-image-preview:large, max-video-preview:-1\" \/>\n<link rel=\"canonical\" href=\"https:\/\/monmaghreb.com\/index.php\/2026\/04\/26\/maghreb-france-levolution-demographique-et-limmigration-en-france\/\" \/>\n<meta property=\"og:locale\" content=\"en_US\" \/>\n<meta property=\"og:type\" content=\"article\" \/>\n<meta property=\"og:title\" content=\"Maghreb\u2013France : L&#039;\u00e9volution d\u00e9mographique et l&#039;immigration en France\" \/>\n<meta property=\"og:description\" content=\"Explorez la d\u00e9mographie et l&#039;immigration maghr\u00e9bines en France : \u00e9volutions historiques, liens culturels et statistiques cl\u00e9s. Cliquez pour en savoir plus.\" \/>\n<meta property=\"og:url\" content=\"https:\/\/monmaghreb.com\/index.php\/2026\/04\/26\/maghreb-france-levolution-demographique-et-limmigration-en-france\/\" \/>\n<meta property=\"og:site_name\" content=\"Mon Maghreb\" \/>\n<meta property=\"article:author\" content=\"https:\/\/www.facebook.com\/monmaghrebcom\" \/>\n<meta property=\"article:published_time\" content=\"2026-04-26T14:34:02+00:00\" \/>\n<meta property=\"article:modified_time\" content=\"2026-04-26T14:34:05+00:00\" \/>\n<meta property=\"og:image\" content=\"https:\/\/monmaghreb.com\/wp-content\/uploads\/2026\/04\/featured-389.jpg\" \/>\n\t<meta property=\"og:image:width\" content=\"1880\" \/>\n\t<meta property=\"og:image:height\" content=\"1253\" \/>\n\t<meta property=\"og:image:type\" content=\"image\/jpeg\" \/>\n<meta name=\"author\" content=\"LaMagh\" \/>\n<meta name=\"twitter:card\" content=\"summary_large_image\" \/>\n<meta name=\"twitter:creator\" content=\"@MMaghreb50977\" \/>\n<meta name=\"twitter:label1\" content=\"Written by\" \/>\n\t<meta name=\"twitter:data1\" content=\"LaMagh\" \/>\n\t<meta name=\"twitter:label2\" content=\"Est. reading time\" \/>\n\t<meta name=\"twitter:data2\" content=\"4 minutes\" \/>\n<script type=\"application\/ld+json\" class=\"yoast-schema-graph\">{\"@context\":\"https:\\\/\\\/schema.org\",\"@graph\":[{\"@type\":\"Article\",\"@id\":\"https:\\\/\\\/monmaghreb.com\\\/index.php\\\/2026\\\/04\\\/26\\\/maghreb-france-levolution-demographique-et-limmigration-en-france\\\/#article\",\"isPartOf\":{\"@id\":\"https:\\\/\\\/monmaghreb.com\\\/index.php\\\/2026\\\/04\\\/26\\\/maghreb-france-levolution-demographique-et-limmigration-en-france\\\/\"},\"author\":{\"name\":\"LaMagh\",\"@id\":\"http:\\\/\\\/monmaghreb.com\\\/#\\\/schema\\\/person\\\/c469a89dc8c6b8987dcb438b1200d054\"},\"headline\":\"Maghreb\u2013France : L&#8217;\u00e9volution d\u00e9mographique et l&#8217;immigration en France\",\"datePublished\":\"2026-04-26T14:34:02+00:00\",\"dateModified\":\"2026-04-26T14:34:05+00:00\",\"mainEntityOfPage\":{\"@id\":\"https:\\\/\\\/monmaghreb.com\\\/index.php\\\/2026\\\/04\\\/26\\\/maghreb-france-levolution-demographique-et-limmigration-en-france\\\/\"},\"wordCount\":811,\"publisher\":{\"@id\":\"http:\\\/\\\/monmaghreb.com\\\/#organization\"},\"image\":{\"@id\":\"https:\\\/\\\/monmaghreb.com\\\/index.php\\\/2026\\\/04\\\/26\\\/maghreb-france-levolution-demographique-et-limmigration-en-france\\\/#primaryimage\"},\"thumbnailUrl\":\"https:\\\/\\\/monmaghreb.com\\\/wp-content\\\/uploads\\\/2026\\\/04\\\/featured-389.jpg\",\"keywords\":[\"\\\"culture tunisienne\\\"\",\"african diaspora\",\"immigration\",\"maghreb france\",\"statistics\"],\"articleSection\":[\"Diaspora\"],\"inLanguage\":\"en-US\"},{\"@type\":\"WebPage\",\"@id\":\"https:\\\/\\\/monmaghreb.com\\\/index.php\\\/2026\\\/04\\\/26\\\/maghreb-france-levolution-demographique-et-limmigration-en-france\\\/\",\"url\":\"https:\\\/\\\/monmaghreb.com\\\/index.php\\\/2026\\\/04\\\/26\\\/maghreb-france-levolution-demographique-et-limmigration-en-france\\\/\",\"name\":\"Maghreb\u2013France : L'\u00e9volution d\u00e9mographique et l'immigration\",\"isPartOf\":{\"@id\":\"http:\\\/\\\/monmaghreb.com\\\/#website\"},\"primaryImageOfPage\":{\"@id\":\"https:\\\/\\\/monmaghreb.com\\\/index.php\\\/2026\\\/04\\\/26\\\/maghreb-france-levolution-demographique-et-limmigration-en-france\\\/#primaryimage\"},\"image\":{\"@id\":\"https:\\\/\\\/monmaghreb.com\\\/index.php\\\/2026\\\/04\\\/26\\\/maghreb-france-levolution-demographique-et-limmigration-en-france\\\/#primaryimage\"},\"thumbnailUrl\":\"https:\\\/\\\/monmaghreb.com\\\/wp-content\\\/uploads\\\/2026\\\/04\\\/featured-389.jpg\",\"datePublished\":\"2026-04-26T14:34:02+00:00\",\"dateModified\":\"2026-04-26T14:34:05+00:00\",\"description\":\"Explorez la d\u00e9mographie et l'immigration maghr\u00e9bines en France : \u00e9volutions historiques, liens culturels et statistiques cl\u00e9s. Cliquez pour en savoir plus.\",\"breadcrumb\":{\"@id\":\"https:\\\/\\\/monmaghreb.com\\\/index.php\\\/2026\\\/04\\\/26\\\/maghreb-france-levolution-demographique-et-limmigration-en-france\\\/#breadcrumb\"},\"inLanguage\":\"en-US\",\"potentialAction\":[{\"@type\":\"ReadAction\",\"target\":[\"https:\\\/\\\/monmaghreb.com\\\/index.php\\\/2026\\\/04\\\/26\\\/maghreb-france-levolution-demographique-et-limmigration-en-france\\\/\"]}]},{\"@type\":\"ImageObject\",\"inLanguage\":\"en-US\",\"@id\":\"https:\\\/\\\/monmaghreb.com\\\/index.php\\\/2026\\\/04\\\/26\\\/maghreb-france-levolution-demographique-et-limmigration-en-france\\\/#primaryimage\",\"url\":\"https:\\\/\\\/monmaghreb.com\\\/wp-content\\\/uploads\\\/2026\\\/04\\\/featured-389.jpg\",\"contentUrl\":\"https:\\\/\\\/monmaghreb.com\\\/wp-content\\\/uploads\\\/2026\\\/04\\\/featured-389.jpg\",\"width\":1880,\"height\":1253,\"caption\":\"Maghrebin family living in France with a map of Maghreb and France\"},{\"@type\":\"BreadcrumbList\",\"@id\":\"https:\\\/\\\/monmaghreb.com\\\/index.php\\\/2026\\\/04\\\/26\\\/maghreb-france-levolution-demographique-et-limmigration-en-france\\\/#breadcrumb\",\"itemListElement\":[{\"@type\":\"ListItem\",\"position\":1,\"name\":\"Home\",\"item\":\"http:\\\/\\\/monmaghreb.com\\\/\"},{\"@type\":\"ListItem\",\"position\":2,\"name\":\"Maghreb\u2013France : L&#8217;\u00e9volution d\u00e9mographique et l&#8217;immigration en France\"}]},{\"@type\":\"WebSite\",\"@id\":\"http:\\\/\\\/monmaghreb.com\\\/#website\",\"url\":\"http:\\\/\\\/monmaghreb.com\\\/\",\"name\":\"Mon Maghreb\",\"description\":\"MonMaghreb United\",\"publisher\":{\"@id\":\"http:\\\/\\\/monmaghreb.com\\\/#organization\"},\"alternateName\":\"Le Monde du Maghreb et au del\u00e0\",\"potentialAction\":[{\"@type\":\"SearchAction\",\"target\":{\"@type\":\"EntryPoint\",\"urlTemplate\":\"http:\\\/\\\/monmaghreb.com\\\/?s={search_term_string}\"},\"query-input\":{\"@type\":\"PropertyValueSpecification\",\"valueRequired\":true,\"valueName\":\"search_term_string\"}}],\"inLanguage\":\"en-US\"},{\"@type\":\"Organization\",\"@id\":\"http:\\\/\\\/monmaghreb.com\\\/#organization\",\"name\":\"Mon Maghreb\",\"url\":\"http:\\\/\\\/monmaghreb.com\\\/\",\"logo\":{\"@type\":\"ImageObject\",\"inLanguage\":\"en-US\",\"@id\":\"http:\\\/\\\/monmaghreb.com\\\/#\\\/schema\\\/logo\\\/image\\\/\",\"url\":\"https:\\\/\\\/monmaghreb.com\\\/wp-content\\\/uploads\\\/2025\\\/12\\\/Mon_Maghreb_Logo.jpg\",\"contentUrl\":\"https:\\\/\\\/monmaghreb.com\\\/wp-content\\\/uploads\\\/2025\\\/12\\\/Mon_Maghreb_Logo.jpg\",\"width\":814,\"height\":374,\"caption\":\"Mon Maghreb\"},\"image\":{\"@id\":\"http:\\\/\\\/monmaghreb.com\\\/#\\\/schema\\\/logo\\\/image\\\/\"}},{\"@type\":\"Person\",\"@id\":\"http:\\\/\\\/monmaghreb.com\\\/#\\\/schema\\\/person\\\/c469a89dc8c6b8987dcb438b1200d054\",\"name\":\"LaMagh\",\"image\":{\"@type\":\"ImageObject\",\"inLanguage\":\"en-US\",\"@id\":\"https:\\\/\\\/secure.gravatar.com\\\/avatar\\\/399d8144bd55fba55e056779aca52fe528bac7911f6449e54d81173d6dfd7f0a?s=96&d=mm&r=g\",\"url\":\"https:\\\/\\\/secure.gravatar.com\\\/avatar\\\/399d8144bd55fba55e056779aca52fe528bac7911f6449e54d81173d6dfd7f0a?s=96&d=mm&r=g\",\"contentUrl\":\"https:\\\/\\\/secure.gravatar.com\\\/avatar\\\/399d8144bd55fba55e056779aca52fe528bac7911f6449e54d81173d6dfd7f0a?s=96&d=mm&r=g\",\"caption\":\"LaMagh\"},\"sameAs\":[\"https:\\\/\\\/monmaghreb.com\",\"https:\\\/\\\/www.facebook.com\\\/monmaghrebcom\",\"https:\\\/\\\/x.com\\\/MMaghreb50977\"],\"url\":\"https:\\\/\\\/monmaghreb.com\\\/index.php\\\/author\\\/lamagh\\\/\"}]}<\/script>\n<!-- \/ Yoast SEO plugin. -->","yoast_head_json":{"title":"Maghreb\u2013France : L'\u00e9volution d\u00e9mographique et l'immigration","description":"Explorez la d\u00e9mographie et l'immigration maghr\u00e9bines en France : \u00e9volutions historiques, liens culturels et statistiques cl\u00e9s. Cliquez pour en savoir plus.","robots":{"index":"index","follow":"follow","max-snippet":"max-snippet:-1","max-image-preview":"max-image-preview:large","max-video-preview":"max-video-preview:-1"},"canonical":"https:\/\/monmaghreb.com\/index.php\/2026\/04\/26\/maghreb-france-levolution-demographique-et-limmigration-en-france\/","og_locale":"en_US","og_type":"article","og_title":"Maghreb\u2013France : L'\u00e9volution d\u00e9mographique et l'immigration en France","og_description":"Explorez la d\u00e9mographie et l'immigration maghr\u00e9bines en France : \u00e9volutions historiques, liens culturels et statistiques cl\u00e9s. Cliquez pour en savoir plus.","og_url":"https:\/\/monmaghreb.com\/index.php\/2026\/04\/26\/maghreb-france-levolution-demographique-et-limmigration-en-france\/","og_site_name":"Mon Maghreb","article_author":"https:\/\/www.facebook.com\/monmaghrebcom","article_published_time":"2026-04-26T14:34:02+00:00","article_modified_time":"2026-04-26T14:34:05+00:00","og_image":[{"width":1880,"height":1253,"url":"https:\/\/monmaghreb.com\/wp-content\/uploads\/2026\/04\/featured-389.jpg","type":"image\/jpeg"}],"author":"LaMagh","twitter_card":"summary_large_image","twitter_creator":"@MMaghreb50977","twitter_misc":{"Written by":"LaMagh","Est. reading time":"4 minutes"},"schema":{"@context":"https:\/\/schema.org","@graph":[{"@type":"Article","@id":"https:\/\/monmaghreb.com\/index.php\/2026\/04\/26\/maghreb-france-levolution-demographique-et-limmigration-en-france\/#article","isPartOf":{"@id":"https:\/\/monmaghreb.com\/index.php\/2026\/04\/26\/maghreb-france-levolution-demographique-et-limmigration-en-france\/"},"author":{"name":"LaMagh","@id":"http:\/\/monmaghreb.com\/#\/schema\/person\/c469a89dc8c6b8987dcb438b1200d054"},"headline":"Maghreb\u2013France : L&#8217;\u00e9volution d\u00e9mographique et l&#8217;immigration en France","datePublished":"2026-04-26T14:34:02+00:00","dateModified":"2026-04-26T14:34:05+00:00","mainEntityOfPage":{"@id":"https:\/\/monmaghreb.com\/index.php\/2026\/04\/26\/maghreb-france-levolution-demographique-et-limmigration-en-france\/"},"wordCount":811,"publisher":{"@id":"http:\/\/monmaghreb.com\/#organization"},"image":{"@id":"https:\/\/monmaghreb.com\/index.php\/2026\/04\/26\/maghreb-france-levolution-demographique-et-limmigration-en-france\/#primaryimage"},"thumbnailUrl":"https:\/\/monmaghreb.com\/wp-content\/uploads\/2026\/04\/featured-389.jpg","keywords":["\"culture tunisienne\"","african diaspora","immigration","maghreb france","statistics"],"articleSection":["Diaspora"],"inLanguage":"en-US"},{"@type":"WebPage","@id":"https:\/\/monmaghreb.com\/index.php\/2026\/04\/26\/maghreb-france-levolution-demographique-et-limmigration-en-france\/","url":"https:\/\/monmaghreb.com\/index.php\/2026\/04\/26\/maghreb-france-levolution-demographique-et-limmigration-en-france\/","name":"Maghreb\u2013France : L'\u00e9volution d\u00e9mographique et l'immigration","isPartOf":{"@id":"http:\/\/monmaghreb.com\/#website"},"primaryImageOfPage":{"@id":"https:\/\/monmaghreb.com\/index.php\/2026\/04\/26\/maghreb-france-levolution-demographique-et-limmigration-en-france\/#primaryimage"},"image":{"@id":"https:\/\/monmaghreb.com\/index.php\/2026\/04\/26\/maghreb-france-levolution-demographique-et-limmigration-en-france\/#primaryimage"},"thumbnailUrl":"https:\/\/monmaghreb.com\/wp-content\/uploads\/2026\/04\/featured-389.jpg","datePublished":"2026-04-26T14:34:02+00:00","dateModified":"2026-04-26T14:34:05+00:00","description":"Explorez la d\u00e9mographie et l'immigration maghr\u00e9bines en France : \u00e9volutions historiques, liens culturels et statistiques cl\u00e9s. Cliquez pour en savoir plus.","breadcrumb":{"@id":"https:\/\/monmaghreb.com\/index.php\/2026\/04\/26\/maghreb-france-levolution-demographique-et-limmigration-en-france\/#breadcrumb"},"inLanguage":"en-US","potentialAction":[{"@type":"ReadAction","target":["https:\/\/monmaghreb.com\/index.php\/2026\/04\/26\/maghreb-france-levolution-demographique-et-limmigration-en-france\/"]}]},{"@type":"ImageObject","inLanguage":"en-US","@id":"https:\/\/monmaghreb.com\/index.php\/2026\/04\/26\/maghreb-france-levolution-demographique-et-limmigration-en-france\/#primaryimage","url":"https:\/\/monmaghreb.com\/wp-content\/uploads\/2026\/04\/featured-389.jpg","contentUrl":"https:\/\/monmaghreb.com\/wp-content\/uploads\/2026\/04\/featured-389.jpg","width":1880,"height":1253,"caption":"Maghrebin family living in France with a map of Maghreb and France"},{"@type":"BreadcrumbList","@id":"https:\/\/monmaghreb.com\/index.php\/2026\/04\/26\/maghreb-france-levolution-demographique-et-limmigration-en-france\/#breadcrumb","itemListElement":[{"@type":"ListItem","position":1,"name":"Home","item":"http:\/\/monmaghreb.com\/"},{"@type":"ListItem","position":2,"name":"Maghreb\u2013France : L&#8217;\u00e9volution d\u00e9mographique et l&#8217;immigration en France"}]},{"@type":"WebSite","@id":"http:\/\/monmaghreb.com\/#website","url":"http:\/\/monmaghreb.com\/","name":"Mon Maghreb","description":"MonMaghreb United","publisher":{"@id":"http:\/\/monmaghreb.com\/#organization"},"alternateName":"Le Monde du Maghreb et au del\u00e0","potentialAction":[{"@type":"SearchAction","target":{"@type":"EntryPoint","urlTemplate":"http:\/\/monmaghreb.com\/?s={search_term_string}"},"query-input":{"@type":"PropertyValueSpecification","valueRequired":true,"valueName":"search_term_string"}}],"inLanguage":"en-US"},{"@type":"Organization","@id":"http:\/\/monmaghreb.com\/#organization","name":"Mon Maghreb","url":"http:\/\/monmaghreb.com\/","logo":{"@type":"ImageObject","inLanguage":"en-US","@id":"http:\/\/monmaghreb.com\/#\/schema\/logo\/image\/","url":"https:\/\/monmaghreb.com\/wp-content\/uploads\/2025\/12\/Mon_Maghreb_Logo.jpg","contentUrl":"https:\/\/monmaghreb.com\/wp-content\/uploads\/2025\/12\/Mon_Maghreb_Logo.jpg","width":814,"height":374,"caption":"Mon Maghreb"},"image":{"@id":"http:\/\/monmaghreb.com\/#\/schema\/logo\/image\/"}},{"@type":"Person","@id":"http:\/\/monmaghreb.com\/#\/schema\/person\/c469a89dc8c6b8987dcb438b1200d054","name":"LaMagh","image":{"@type":"ImageObject","inLanguage":"en-US","@id":"https:\/\/secure.gravatar.com\/avatar\/399d8144bd55fba55e056779aca52fe528bac7911f6449e54d81173d6dfd7f0a?s=96&d=mm&r=g","url":"https:\/\/secure.gravatar.com\/avatar\/399d8144bd55fba55e056779aca52fe528bac7911f6449e54d81173d6dfd7f0a?s=96&d=mm&r=g","contentUrl":"https:\/\/secure.gravatar.com\/avatar\/399d8144bd55fba55e056779aca52fe528bac7911f6449e54d81173d6dfd7f0a?s=96&d=mm&r=g","caption":"LaMagh"},"sameAs":["https:\/\/monmaghreb.com","https:\/\/www.facebook.com\/monmaghrebcom","https:\/\/x.com\/MMaghreb50977"],"url":"https:\/\/monmaghreb.com\/index.php\/author\/lamagh\/"}]}},"_links":{"self":[{"href":"https:\/\/monmaghreb.com\/index.php\/wp-json\/wp\/v2\/posts\/3491","targetHints":{"allow":["GET"]}}],"collection":[{"href":"https:\/\/monmaghreb.com\/index.php\/wp-json\/wp\/v2\/posts"}],"about":[{"href":"https:\/\/monmaghreb.com\/index.php\/wp-json\/wp\/v2\/types\/post"}],"author":[{"embeddable":true,"href":"https:\/\/monmaghreb.com\/index.php\/wp-json\/wp\/v2\/users\/1"}],"replies":[{"embeddable":true,"href":"https:\/\/monmaghreb.com\/index.php\/wp-json\/wp\/v2\/comments?post=3491"}],"version-history":[{"count":1,"href":"https:\/\/monmaghreb.com\/index.php\/wp-json\/wp\/v2\/posts\/3491\/revisions"}],"predecessor-version":[{"id":3492,"href":"https:\/\/monmaghreb.com\/index.php\/wp-json\/wp\/v2\/posts\/3491\/revisions\/3492"}],"wp:featuredmedia":[{"embeddable":true,"href":"https:\/\/monmaghreb.com\/index.php\/wp-json\/wp\/v2\/media\/3490"}],"wp:attachment":[{"href":"https:\/\/monmaghreb.com\/index.php\/wp-json\/wp\/v2\/media?parent=3491"}],"wp:term":[{"taxonomy":"category","embeddable":true,"href":"https:\/\/monmaghreb.com\/index.php\/wp-json\/wp\/v2\/categories?post=3491"},{"taxonomy":"post_tag","embeddable":true,"href":"https:\/\/monmaghreb.com\/index.php\/wp-json\/wp\/v2\/tags?post=3491"}],"curies":[{"name":"wp","href":"https:\/\/api.w.org\/{rel}","templated":true}]}}