{"id":3510,"date":"2026-04-26T17:42:36","date_gmt":"2026-04-26T17:42:36","guid":{"rendered":"https:\/\/monmaghreb.com\/index.php\/2026\/04\/26\/exposition-zahira-tigtate-une-fete-de-la-culture-berbere-a-drancy\/"},"modified":"2026-04-26T17:42:39","modified_gmt":"2026-04-26T17:42:39","slug":"exposition-zahira-tigtate-une-fete-de-la-culture-berbere-a-drancy","status":"publish","type":"post","link":"https:\/\/monmaghreb.com\/index.php\/2026\/04\/26\/exposition-zahira-tigtate-une-fete-de-la-culture-berbere-a-drancy\/","title":{"rendered":"Exposition Zahira Tigtate : une f\u00eate de la culture berb\u00e8re \u00e0 Drancy"},"content":{"rendered":"<p><!DOCTYPE html><br \/>\n<html lang='fr'><br \/>\n<head><br \/>\n  <meta charset='UTF-8'><br \/>\n  <meta name='viewport' content='width=device-width, initial-scale=1.0'><br \/>\n  <title>Exposition Zahira Tigtate : une f\u00eate de la culture berb\u00e8re \u00e0 Drancy<\/title><br \/>\n<\/head><br \/>\n<body><\/p>\n<h1>Exposition Zahira Tigtate : une f\u00eate de la culture berb\u00e8re \u00e0 Drancy<\/h1>\n<p>Nous sommes ravis d&#8217;annoncer que l&#8217;exposition consacr\u00e9e \u00e0 l&#8217;artiste berb\u00e8re Zahira Tigtate s&#8217;ouvre prochainement \u00e0 Drancy, une ville qui a une histoire profonde et riche de culture <a href=\"https:\/\/monmaghreb.com\/index.php\/2026\/04\/25\/le-medef-rapproche-les-relations-avec-lalgerie-une-nouvelle-perspective-economique-pour-la-diaspora-maghrebine\/\" title=\"Le Medef rapproche les relations avec l&#8217;Alg\u00e9rie : une nouvelle perspective \u00e9conomique pour la diaspora maghr\u00e9bine\">maghr\u00e9bine<\/a>. Cet \u00e9v\u00e9nement marquera un jour historique pour la communaut\u00e9 maghr\u00e9bine en diaspora, offrant une plateforme unique de pr\u00e9sentation et de c\u00e9l\u00e9bration de notre culture berb\u00e8re.<\/p>\n<h2>L&#8217;artiste Zahira Tigtate<\/h2>\n<p>Zahira Tigtate est une artiste plasticienne berb\u00e8re qui a fait son chemin \u00e0 travers le monde avec son travail exceptionnel. Elle est connue pour son talent de mettre en lumi\u00e8re la beaut\u00e9, la diversit\u00e9 et la richesse de notre culture berb\u00e8re \u00e0 travers ses peintures, sculptures et installations.<\/p>\n<p>Sa carri\u00e8re artistique a \u00e9t\u00e9 r\u00e9compens\u00e9e par plusieurs prix pour son excellence et sa contribution au monde de l&#8217;art. L&#8217;exposition \u00e0 Drancy sera une opportunit\u00e9 unique pour la communaut\u00e9 maghr\u00e9bine de d\u00e9couvrir son travail et de se sentir fi\u00e8re de ses racines berb\u00e8res.<\/p>\n<h2>Le patrimoine culturel berb\u00e8re<\/h2>\n<p>L&#8217;exposition Zahira Tigtate sera un \u00e9v\u00e9nement important pour souligner la valeur du patrimoine culturel berb\u00e8re et de ses contributions \u00e0 notre soci\u00e9t\u00e9. Elle permettra aux visiteurs de d\u00e9couvrir les mythes et les st\u00e9r\u00e9otypes sur la culture berb\u00e8re, ainsi que les traditions et les croyances qui font partie int\u00e9grante de notre identit\u00e9 collective.<\/p>\n<p>En outre, l&#8217;exposition offrira une occasion unique pour les jeunes g\u00e9n\u00e9rations de d\u00e9couvrir leur h\u00e9ritage culturel et de se sentir connect\u00e9s \u00e0 leur communaut\u00e9 berb\u00e8re. Nous croyons que cela est essentiel pour pr\u00e9server notre identit\u00e9 et nos traditions.<\/p>\n<h2>La diaspora maghr\u00e9bine<\/h2>\n<p>L&#8217;exposition Zahira Tigtate est \u00e9galement un \u00e9v\u00e9nement de premier plan pour la communaut\u00e9 maghr\u00e9bine en diaspora. Elle offrira une occasion unique pour nous r\u00e9unir et de c\u00e9l\u00e9brer notre identit\u00e9 culturelle ensemble, quel que soit le pays o\u00f9 nous vivons.<\/p>\n<p>En particulier, l&#8217;exposition sera un moment fort pour les Maghr\u00e9bins de France qui ont longtemps cherch\u00e9 \u00e0 pr\u00e9server leur identit\u00e9 culturelle et \u00e0 la partager avec d&#8217;autres. Nous sommes impatients de voir notre communaut\u00e9 se rassembler pour c\u00e9l\u00e9brer notre h\u00e9ritage berb\u00e8re.<\/p>\n<h2>L&#8217;exposition et ses activit\u00e9s<\/h2>\n<p>L&#8217;exposition Zahira Tigtate \u00e0 Drancy proposera une vaste gamme d&#8217;activit\u00e9s et de programmes pour tous les \u00e2ges. Elle comprendra des conf\u00e9rences, des ateliers d&#8217;art, des d\u00e9monstrations traditionnelles, des performances artistiques, ainsi que des activit\u00e9s pour enfants et des s\u00e9ances de cin\u00e9ma.<\/p>\n<p>Nous sommes impatients de voir la communaut\u00e9 se rassembler autour de cette exposition unique qui nous permettra de d\u00e9couvrir, d&#8217;apprendre et de partager notre h\u00e9ritage culturel avec les autres.<\/p>\n<h2>L&#8217;appel \u00e0 l&#8217;action<\/h2>\n<p>Nous invitons tous les lecteurs maghr\u00e9bins de la diaspora \u00e0 participer \u00e0 cette \u00e9v\u00e9nement exceptionnel. Nous sommes heureux de voir que notre communaut\u00e9 s&#8217;unisse pour c\u00e9l\u00e9brer et mettre en valeur la culture berb\u00e8re.<\/p>\n<p>Voyez-vous dans l&#8217;exposition Zahira Tigtate une occasion unique de d\u00e9couvrir, d&#8217;apprendre et de partager notre h\u00e9ritage culturel avec les autres. Nous sommes impatients de vous voir \u00e0 l&#8217;exposition !<\/p>\n<div style=\"background:#f8f9fa;border-left:4px solid #0066cc;border-radius:6px;padding:20px 24px;margin:32px 0;\">\n<p style=\"font-size:13px;color:#888;text-transform:uppercase;letter-spacing:0.8px;margin:0 0 6px 0;\">Vous pourriez aussi aimer<\/p>\n<h3 style=\"font-size:18px;margin:0 0 14px 0;color:#222;\">Articles similaires<\/h3>\n<ul style=\"margin:0;padding-left:20px;list-style:disc;\">\n<li style=\"margin-bottom:10px;\"><a href=\"https:\/\/monmaghreb.com\/index.php\/2026\/04\/25\/le-medef-rapproche-les-relations-avec-lalgerie-une-nouvelle-perspective-economique-pour-la-diaspora-maghrebine\/\" style=\"color:#0066cc;text-decoration:none;font-weight:500;\" title=\"Le Medef rapproche les relations avec l&#8217;Alg\u00e9rie : une nouvelle perspective \u00e9conomique pour la diaspora maghr\u00e9bine\">Le Medef rapproche les relations avec l&#8217;Alg\u00e9rie : une nouvelle perspective \u00e9conomique pour la diaspora maghr\u00e9bine<\/a><\/li>\n<li style=\"margin-bottom:10px;\"><a href=\"https:\/\/monmaghreb.com\/index.php\/2026\/04\/22\/un-voyage-humanitaire-en-maroc-mene-par-des-adolescents-de-bergerac-un-exemple-inspiring-pour-la-diaspora-maghrebine\/\" style=\"color:#0066cc;text-decoration:none;font-weight:500;\" title=\"Un voyage humanitaire en Maroc men\u00e9 par des adolescents de Bergerac : un exemple inspiring pour la diaspora maghr\u00e9bine\">Un voyage humanitaire en Maroc men\u00e9 par des adolescents de Bergerac : un exemple inspiring pour la diaspora maghr\u00e9bine<\/a><\/li>\n<li style=\"margin-bottom:10px;\"><a href=\"https:\/\/monmaghreb.com\/index.php\/2026\/04\/26\/cuisine-berbere-dans-latlas-decouvrez-la-gastronomie-ancestrale\/\" style=\"color:#0066cc;text-decoration:none;font-weight:500;\" title=\"Cuisine berb\u00e8re dans l&#8217;Atlas : d\u00e9couvrez la gastronomie ancestrale\">Cuisine berb\u00e8re dans l&#8217;Atlas : d\u00e9couvrez la gastronomie ancestrale<\/a><\/li>\n<li style=\"margin-bottom:10px;\"><a href=\"https:\/\/monmaghreb.com\/index.php\/2026\/04\/26\/decouvrez-la-cuisine-berbere-dans-les-atlas-au-maroc\/\" style=\"color:#0066cc;text-decoration:none;font-weight:500;\" title=\"D\u00e9couvrez la cuisine berb\u00e8re dans les Atlas au Maroc\">D\u00e9couvrez la cuisine berb\u00e8re dans les Atlas au Maroc<\/a><\/li>\n<li style=\"margin-bottom:10px;\"><a href=\"https:\/\/monmaghreb.com\/index.php\/2026\/04\/23\/les-creations-fluides-de-fatma-ben-abdallah-la-mode-maghrebine-en-pleine-evolution\/\" style=\"color:#0066cc;text-decoration:none;font-weight:500;\" title=\"Les cr\u00e9ations fluides de Fatma Ben Abdallah : la mode maghr\u00e9bine en pleine \u00e9volution\">Les cr\u00e9ations fluides de Fatma Ben Abdallah : la mode maghr\u00e9bine en pleine \u00e9volution<\/a><\/li>\n<\/ul>\n<\/div>\n<p><\/body><br \/>\n<\/html><\/p>\n","protected":false},"excerpt":{"rendered":"<p>Discover Berber culture at the upcoming Zahira Tigtate exhibition in Drancy. A historical moment for Maghrebin diaspora.<\/p>\n","protected":false},"author":1,"featured_media":3509,"comment_status":"closed","ping_status":"open","sticky":false,"template":"","format":"standard","meta":{"_yoast_wpseo_focuskw":"exposition Zahira Tigtate","_yoast_wpseo_title":"Exposition Zahira Tigtate : une f\u00eate de la culture berb\u00e8re \u00e0","_yoast_wpseo_metadesc":"Discover Berber culture at the upcoming Zahira Tigtate exhibition in Drancy. A historical moment for Maghrebin diaspora.","_yoast_wpseo_canonical":"","_yoast_wpseo_opengraph-title":"Exposition Zahira Tigtate : une f\u00eate de la culture berb\u00e8re \u00e0 Drancy","_yoast_wpseo_opengraph-description":"Discover Berber culture at the upcoming Zahira Tigtate exhibition in Drancy. A historical moment for Maghrebin diaspora.","_yoast_wpseo_opengraph-image":"","tdm_status":"","tdm_grid_status":"","footnotes":""},"categories":[652],"tags":[21,2133,2384,2382,2383],"class_list":["post-3510","post","type-post","status-publish","format-standard","has-post-thumbnail","hentry","category-histoire-patrimoine","tag-carthage","tag-cbf-drancy-exhibition","tag-culture-maghrebine-en-diaspora","tag-exposition-berbere","tag-zahira-tigtate"],"yoast_head":"<!-- This site is optimized with the Yoast SEO plugin v27.4 - https:\/\/yoast.com\/product\/yoast-seo-wordpress\/ -->\n<title>Exposition Zahira Tigtate : une f\u00eate de la culture berb\u00e8re \u00e0<\/title>\n<meta name=\"description\" content=\"Discover Berber culture at the upcoming Zahira Tigtate exhibition in Drancy. A historical moment for Maghrebin diaspora.\" \/>\n<meta name=\"robots\" content=\"index, follow, max-snippet:-1, max-image-preview:large, max-video-preview:-1\" \/>\n<link rel=\"canonical\" href=\"https:\/\/monmaghreb.com\/index.php\/2026\/04\/26\/exposition-zahira-tigtate-une-fete-de-la-culture-berbere-a-drancy\/\" \/>\n<meta property=\"og:locale\" content=\"en_US\" \/>\n<meta property=\"og:type\" content=\"article\" \/>\n<meta property=\"og:title\" content=\"Exposition Zahira Tigtate : une f\u00eate de la culture berb\u00e8re \u00e0 Drancy\" \/>\n<meta property=\"og:description\" content=\"Discover Berber culture at the upcoming Zahira Tigtate exhibition in Drancy. A historical moment for Maghrebin diaspora.\" \/>\n<meta property=\"og:url\" content=\"https:\/\/monmaghreb.com\/index.php\/2026\/04\/26\/exposition-zahira-tigtate-une-fete-de-la-culture-berbere-a-drancy\/\" \/>\n<meta property=\"og:site_name\" content=\"Mon Maghreb\" \/>\n<meta property=\"article:author\" content=\"https:\/\/www.facebook.com\/monmaghrebcom\" \/>\n<meta property=\"article:published_time\" content=\"2026-04-26T17:42:36+00:00\" \/>\n<meta property=\"article:modified_time\" content=\"2026-04-26T17:42:39+00:00\" \/>\n<meta property=\"og:image\" content=\"https:\/\/monmaghreb.com\/wp-content\/uploads\/2026\/04\/featured-395.jpg\" \/>\n\t<meta property=\"og:image:width\" content=\"1880\" \/>\n\t<meta property=\"og:image:height\" content=\"1253\" \/>\n\t<meta property=\"og:image:type\" content=\"image\/jpeg\" \/>\n<meta name=\"author\" content=\"LaMagh\" \/>\n<meta name=\"twitter:card\" content=\"summary_large_image\" \/>\n<meta name=\"twitter:creator\" content=\"@MMaghreb50977\" \/>\n<meta name=\"twitter:label1\" content=\"Written by\" \/>\n\t<meta name=\"twitter:data1\" content=\"LaMagh\" \/>\n\t<meta name=\"twitter:label2\" content=\"Est. reading time\" \/>\n\t<meta name=\"twitter:data2\" content=\"3 minutes\" \/>\n<script type=\"application\/ld+json\" class=\"yoast-schema-graph\">{\"@context\":\"https:\\\/\\\/schema.org\",\"@graph\":[{\"@type\":\"Article\",\"@id\":\"https:\\\/\\\/monmaghreb.com\\\/index.php\\\/2026\\\/04\\\/26\\\/exposition-zahira-tigtate-une-fete-de-la-culture-berbere-a-drancy\\\/#article\",\"isPartOf\":{\"@id\":\"https:\\\/\\\/monmaghreb.com\\\/index.php\\\/2026\\\/04\\\/26\\\/exposition-zahira-tigtate-une-fete-de-la-culture-berbere-a-drancy\\\/\"},\"author\":{\"name\":\"LaMagh\",\"@id\":\"http:\\\/\\\/monmaghreb.com\\\/#\\\/schema\\\/person\\\/c469a89dc8c6b8987dcb438b1200d054\"},\"headline\":\"Exposition Zahira Tigtate : une f\u00eate de la culture berb\u00e8re \u00e0 Drancy\",\"datePublished\":\"2026-04-26T17:42:36+00:00\",\"dateModified\":\"2026-04-26T17:42:39+00:00\",\"mainEntityOfPage\":{\"@id\":\"https:\\\/\\\/monmaghreb.com\\\/index.php\\\/2026\\\/04\\\/26\\\/exposition-zahira-tigtate-une-fete-de-la-culture-berbere-a-drancy\\\/\"},\"wordCount\":650,\"publisher\":{\"@id\":\"http:\\\/\\\/monmaghreb.com\\\/#organization\"},\"image\":{\"@id\":\"https:\\\/\\\/monmaghreb.com\\\/index.php\\\/2026\\\/04\\\/26\\\/exposition-zahira-tigtate-une-fete-de-la-culture-berbere-a-drancy\\\/#primaryimage\"},\"thumbnailUrl\":\"https:\\\/\\\/monmaghreb.com\\\/wp-content\\\/uploads\\\/2026\\\/04\\\/featured-395.jpg\",\"keywords\":[\"Carthage\",\"cbf drancy exhibition\",\"culture maghr\u00e9bine en diaspora\",\"exposition berb\u00e8re\",\"zahira tigtate\"],\"articleSection\":[\"Histoire &amp; Patrimoine\"],\"inLanguage\":\"en-US\"},{\"@type\":\"WebPage\",\"@id\":\"https:\\\/\\\/monmaghreb.com\\\/index.php\\\/2026\\\/04\\\/26\\\/exposition-zahira-tigtate-une-fete-de-la-culture-berbere-a-drancy\\\/\",\"url\":\"https:\\\/\\\/monmaghreb.com\\\/index.php\\\/2026\\\/04\\\/26\\\/exposition-zahira-tigtate-une-fete-de-la-culture-berbere-a-drancy\\\/\",\"name\":\"Exposition Zahira Tigtate : une f\u00eate de la culture berb\u00e8re \u00e0\",\"isPartOf\":{\"@id\":\"http:\\\/\\\/monmaghreb.com\\\/#website\"},\"primaryImageOfPage\":{\"@id\":\"https:\\\/\\\/monmaghreb.com\\\/index.php\\\/2026\\\/04\\\/26\\\/exposition-zahira-tigtate-une-fete-de-la-culture-berbere-a-drancy\\\/#primaryimage\"},\"image\":{\"@id\":\"https:\\\/\\\/monmaghreb.com\\\/index.php\\\/2026\\\/04\\\/26\\\/exposition-zahira-tigtate-une-fete-de-la-culture-berbere-a-drancy\\\/#primaryimage\"},\"thumbnailUrl\":\"https:\\\/\\\/monmaghreb.com\\\/wp-content\\\/uploads\\\/2026\\\/04\\\/featured-395.jpg\",\"datePublished\":\"2026-04-26T17:42:36+00:00\",\"dateModified\":\"2026-04-26T17:42:39+00:00\",\"description\":\"Discover Berber culture at the upcoming Zahira Tigtate exhibition in Drancy. A historical moment for Maghrebin diaspora.\",\"breadcrumb\":{\"@id\":\"https:\\\/\\\/monmaghreb.com\\\/index.php\\\/2026\\\/04\\\/26\\\/exposition-zahira-tigtate-une-fete-de-la-culture-berbere-a-drancy\\\/#breadcrumb\"},\"inLanguage\":\"en-US\",\"potentialAction\":[{\"@type\":\"ReadAction\",\"target\":[\"https:\\\/\\\/monmaghreb.com\\\/index.php\\\/2026\\\/04\\\/26\\\/exposition-zahira-tigtate-une-fete-de-la-culture-berbere-a-drancy\\\/\"]}]},{\"@type\":\"ImageObject\",\"inLanguage\":\"en-US\",\"@id\":\"https:\\\/\\\/monmaghreb.com\\\/index.php\\\/2026\\\/04\\\/26\\\/exposition-zahira-tigtate-une-fete-de-la-culture-berbere-a-drancy\\\/#primaryimage\",\"url\":\"https:\\\/\\\/monmaghreb.com\\\/wp-content\\\/uploads\\\/2026\\\/04\\\/featured-395.jpg\",\"contentUrl\":\"https:\\\/\\\/monmaghreb.com\\\/wp-content\\\/uploads\\\/2026\\\/04\\\/featured-395.jpg\",\"width\":1880,\"height\":1253,\"caption\":\"Zahira Tigtate art exhibition showcasing Berber culture in Drancy, France\"},{\"@type\":\"BreadcrumbList\",\"@id\":\"https:\\\/\\\/monmaghreb.com\\\/index.php\\\/2026\\\/04\\\/26\\\/exposition-zahira-tigtate-une-fete-de-la-culture-berbere-a-drancy\\\/#breadcrumb\",\"itemListElement\":[{\"@type\":\"ListItem\",\"position\":1,\"name\":\"Home\",\"item\":\"http:\\\/\\\/monmaghreb.com\\\/\"},{\"@type\":\"ListItem\",\"position\":2,\"name\":\"Exposition Zahira Tigtate : une f\u00eate de la culture berb\u00e8re \u00e0 Drancy\"}]},{\"@type\":\"WebSite\",\"@id\":\"http:\\\/\\\/monmaghreb.com\\\/#website\",\"url\":\"http:\\\/\\\/monmaghreb.com\\\/\",\"name\":\"Mon Maghreb\",\"description\":\"MonMaghreb United\",\"publisher\":{\"@id\":\"http:\\\/\\\/monmaghreb.com\\\/#organization\"},\"alternateName\":\"Le Monde du Maghreb et au del\u00e0\",\"potentialAction\":[{\"@type\":\"SearchAction\",\"target\":{\"@type\":\"EntryPoint\",\"urlTemplate\":\"http:\\\/\\\/monmaghreb.com\\\/?s={search_term_string}\"},\"query-input\":{\"@type\":\"PropertyValueSpecification\",\"valueRequired\":true,\"valueName\":\"search_term_string\"}}],\"inLanguage\":\"en-US\"},{\"@type\":\"Organization\",\"@id\":\"http:\\\/\\\/monmaghreb.com\\\/#organization\",\"name\":\"Mon Maghreb\",\"url\":\"http:\\\/\\\/monmaghreb.com\\\/\",\"logo\":{\"@type\":\"ImageObject\",\"inLanguage\":\"en-US\",\"@id\":\"http:\\\/\\\/monmaghreb.com\\\/#\\\/schema\\\/logo\\\/image\\\/\",\"url\":\"https:\\\/\\\/monmaghreb.com\\\/wp-content\\\/uploads\\\/2025\\\/12\\\/Mon_Maghreb_Logo.jpg\",\"contentUrl\":\"https:\\\/\\\/monmaghreb.com\\\/wp-content\\\/uploads\\\/2025\\\/12\\\/Mon_Maghreb_Logo.jpg\",\"width\":814,\"height\":374,\"caption\":\"Mon Maghreb\"},\"image\":{\"@id\":\"http:\\\/\\\/monmaghreb.com\\\/#\\\/schema\\\/logo\\\/image\\\/\"}},{\"@type\":\"Person\",\"@id\":\"http:\\\/\\\/monmaghreb.com\\\/#\\\/schema\\\/person\\\/c469a89dc8c6b8987dcb438b1200d054\",\"name\":\"LaMagh\",\"image\":{\"@type\":\"ImageObject\",\"inLanguage\":\"en-US\",\"@id\":\"https:\\\/\\\/secure.gravatar.com\\\/avatar\\\/399d8144bd55fba55e056779aca52fe528bac7911f6449e54d81173d6dfd7f0a?s=96&d=mm&r=g\",\"url\":\"https:\\\/\\\/secure.gravatar.com\\\/avatar\\\/399d8144bd55fba55e056779aca52fe528bac7911f6449e54d81173d6dfd7f0a?s=96&d=mm&r=g\",\"contentUrl\":\"https:\\\/\\\/secure.gravatar.com\\\/avatar\\\/399d8144bd55fba55e056779aca52fe528bac7911f6449e54d81173d6dfd7f0a?s=96&d=mm&r=g\",\"caption\":\"LaMagh\"},\"sameAs\":[\"https:\\\/\\\/monmaghreb.com\",\"https:\\\/\\\/www.facebook.com\\\/monmaghrebcom\",\"https:\\\/\\\/x.com\\\/MMaghreb50977\"],\"url\":\"https:\\\/\\\/monmaghreb.com\\\/index.php\\\/author\\\/lamagh\\\/\"}]}<\/script>\n<!-- \/ Yoast SEO plugin. -->","yoast_head_json":{"title":"Exposition Zahira Tigtate : une f\u00eate de la culture berb\u00e8re \u00e0","description":"Discover Berber culture at the upcoming Zahira Tigtate exhibition in Drancy. A historical moment for Maghrebin diaspora.","robots":{"index":"index","follow":"follow","max-snippet":"max-snippet:-1","max-image-preview":"max-image-preview:large","max-video-preview":"max-video-preview:-1"},"canonical":"https:\/\/monmaghreb.com\/index.php\/2026\/04\/26\/exposition-zahira-tigtate-une-fete-de-la-culture-berbere-a-drancy\/","og_locale":"en_US","og_type":"article","og_title":"Exposition Zahira Tigtate : une f\u00eate de la culture berb\u00e8re \u00e0 Drancy","og_description":"Discover Berber culture at the upcoming Zahira Tigtate exhibition in Drancy. A historical moment for Maghrebin diaspora.","og_url":"https:\/\/monmaghreb.com\/index.php\/2026\/04\/26\/exposition-zahira-tigtate-une-fete-de-la-culture-berbere-a-drancy\/","og_site_name":"Mon Maghreb","article_author":"https:\/\/www.facebook.com\/monmaghrebcom","article_published_time":"2026-04-26T17:42:36+00:00","article_modified_time":"2026-04-26T17:42:39+00:00","og_image":[{"width":1880,"height":1253,"url":"https:\/\/monmaghreb.com\/wp-content\/uploads\/2026\/04\/featured-395.jpg","type":"image\/jpeg"}],"author":"LaMagh","twitter_card":"summary_large_image","twitter_creator":"@MMaghreb50977","twitter_misc":{"Written by":"LaMagh","Est. reading time":"3 minutes"},"schema":{"@context":"https:\/\/schema.org","@graph":[{"@type":"Article","@id":"https:\/\/monmaghreb.com\/index.php\/2026\/04\/26\/exposition-zahira-tigtate-une-fete-de-la-culture-berbere-a-drancy\/#article","isPartOf":{"@id":"https:\/\/monmaghreb.com\/index.php\/2026\/04\/26\/exposition-zahira-tigtate-une-fete-de-la-culture-berbere-a-drancy\/"},"author":{"name":"LaMagh","@id":"http:\/\/monmaghreb.com\/#\/schema\/person\/c469a89dc8c6b8987dcb438b1200d054"},"headline":"Exposition Zahira Tigtate : une f\u00eate de la culture berb\u00e8re \u00e0 Drancy","datePublished":"2026-04-26T17:42:36+00:00","dateModified":"2026-04-26T17:42:39+00:00","mainEntityOfPage":{"@id":"https:\/\/monmaghreb.com\/index.php\/2026\/04\/26\/exposition-zahira-tigtate-une-fete-de-la-culture-berbere-a-drancy\/"},"wordCount":650,"publisher":{"@id":"http:\/\/monmaghreb.com\/#organization"},"image":{"@id":"https:\/\/monmaghreb.com\/index.php\/2026\/04\/26\/exposition-zahira-tigtate-une-fete-de-la-culture-berbere-a-drancy\/#primaryimage"},"thumbnailUrl":"https:\/\/monmaghreb.com\/wp-content\/uploads\/2026\/04\/featured-395.jpg","keywords":["Carthage","cbf drancy exhibition","culture maghr\u00e9bine en diaspora","exposition berb\u00e8re","zahira tigtate"],"articleSection":["Histoire &amp; Patrimoine"],"inLanguage":"en-US"},{"@type":"WebPage","@id":"https:\/\/monmaghreb.com\/index.php\/2026\/04\/26\/exposition-zahira-tigtate-une-fete-de-la-culture-berbere-a-drancy\/","url":"https:\/\/monmaghreb.com\/index.php\/2026\/04\/26\/exposition-zahira-tigtate-une-fete-de-la-culture-berbere-a-drancy\/","name":"Exposition Zahira Tigtate : une f\u00eate de la culture berb\u00e8re \u00e0","isPartOf":{"@id":"http:\/\/monmaghreb.com\/#website"},"primaryImageOfPage":{"@id":"https:\/\/monmaghreb.com\/index.php\/2026\/04\/26\/exposition-zahira-tigtate-une-fete-de-la-culture-berbere-a-drancy\/#primaryimage"},"image":{"@id":"https:\/\/monmaghreb.com\/index.php\/2026\/04\/26\/exposition-zahira-tigtate-une-fete-de-la-culture-berbere-a-drancy\/#primaryimage"},"thumbnailUrl":"https:\/\/monmaghreb.com\/wp-content\/uploads\/2026\/04\/featured-395.jpg","datePublished":"2026-04-26T17:42:36+00:00","dateModified":"2026-04-26T17:42:39+00:00","description":"Discover Berber culture at the upcoming Zahira Tigtate exhibition in Drancy. A historical moment for Maghrebin diaspora.","breadcrumb":{"@id":"https:\/\/monmaghreb.com\/index.php\/2026\/04\/26\/exposition-zahira-tigtate-une-fete-de-la-culture-berbere-a-drancy\/#breadcrumb"},"inLanguage":"en-US","potentialAction":[{"@type":"ReadAction","target":["https:\/\/monmaghreb.com\/index.php\/2026\/04\/26\/exposition-zahira-tigtate-une-fete-de-la-culture-berbere-a-drancy\/"]}]},{"@type":"ImageObject","inLanguage":"en-US","@id":"https:\/\/monmaghreb.com\/index.php\/2026\/04\/26\/exposition-zahira-tigtate-une-fete-de-la-culture-berbere-a-drancy\/#primaryimage","url":"https:\/\/monmaghreb.com\/wp-content\/uploads\/2026\/04\/featured-395.jpg","contentUrl":"https:\/\/monmaghreb.com\/wp-content\/uploads\/2026\/04\/featured-395.jpg","width":1880,"height":1253,"caption":"Zahira Tigtate art exhibition showcasing Berber culture in Drancy, France"},{"@type":"BreadcrumbList","@id":"https:\/\/monmaghreb.com\/index.php\/2026\/04\/26\/exposition-zahira-tigtate-une-fete-de-la-culture-berbere-a-drancy\/#breadcrumb","itemListElement":[{"@type":"ListItem","position":1,"name":"Home","item":"http:\/\/monmaghreb.com\/"},{"@type":"ListItem","position":2,"name":"Exposition Zahira Tigtate : une f\u00eate de la culture berb\u00e8re \u00e0 Drancy"}]},{"@type":"WebSite","@id":"http:\/\/monmaghreb.com\/#website","url":"http:\/\/monmaghreb.com\/","name":"Mon Maghreb","description":"MonMaghreb United","publisher":{"@id":"http:\/\/monmaghreb.com\/#organization"},"alternateName":"Le Monde du Maghreb et au del\u00e0","potentialAction":[{"@type":"SearchAction","target":{"@type":"EntryPoint","urlTemplate":"http:\/\/monmaghreb.com\/?s={search_term_string}"},"query-input":{"@type":"PropertyValueSpecification","valueRequired":true,"valueName":"search_term_string"}}],"inLanguage":"en-US"},{"@type":"Organization","@id":"http:\/\/monmaghreb.com\/#organization","name":"Mon Maghreb","url":"http:\/\/monmaghreb.com\/","logo":{"@type":"ImageObject","inLanguage":"en-US","@id":"http:\/\/monmaghreb.com\/#\/schema\/logo\/image\/","url":"https:\/\/monmaghreb.com\/wp-content\/uploads\/2025\/12\/Mon_Maghreb_Logo.jpg","contentUrl":"https:\/\/monmaghreb.com\/wp-content\/uploads\/2025\/12\/Mon_Maghreb_Logo.jpg","width":814,"height":374,"caption":"Mon Maghreb"},"image":{"@id":"http:\/\/monmaghreb.com\/#\/schema\/logo\/image\/"}},{"@type":"Person","@id":"http:\/\/monmaghreb.com\/#\/schema\/person\/c469a89dc8c6b8987dcb438b1200d054","name":"LaMagh","image":{"@type":"ImageObject","inLanguage":"en-US","@id":"https:\/\/secure.gravatar.com\/avatar\/399d8144bd55fba55e056779aca52fe528bac7911f6449e54d81173d6dfd7f0a?s=96&d=mm&r=g","url":"https:\/\/secure.gravatar.com\/avatar\/399d8144bd55fba55e056779aca52fe528bac7911f6449e54d81173d6dfd7f0a?s=96&d=mm&r=g","contentUrl":"https:\/\/secure.gravatar.com\/avatar\/399d8144bd55fba55e056779aca52fe528bac7911f6449e54d81173d6dfd7f0a?s=96&d=mm&r=g","caption":"LaMagh"},"sameAs":["https:\/\/monmaghreb.com","https:\/\/www.facebook.com\/monmaghrebcom","https:\/\/x.com\/MMaghreb50977"],"url":"https:\/\/monmaghreb.com\/index.php\/author\/lamagh\/"}]}},"_links":{"self":[{"href":"https:\/\/monmaghreb.com\/index.php\/wp-json\/wp\/v2\/posts\/3510","targetHints":{"allow":["GET"]}}],"collection":[{"href":"https:\/\/monmaghreb.com\/index.php\/wp-json\/wp\/v2\/posts"}],"about":[{"href":"https:\/\/monmaghreb.com\/index.php\/wp-json\/wp\/v2\/types\/post"}],"author":[{"embeddable":true,"href":"https:\/\/monmaghreb.com\/index.php\/wp-json\/wp\/v2\/users\/1"}],"replies":[{"embeddable":true,"href":"https:\/\/monmaghreb.com\/index.php\/wp-json\/wp\/v2\/comments?post=3510"}],"version-history":[{"count":1,"href":"https:\/\/monmaghreb.com\/index.php\/wp-json\/wp\/v2\/posts\/3510\/revisions"}],"predecessor-version":[{"id":3511,"href":"https:\/\/monmaghreb.com\/index.php\/wp-json\/wp\/v2\/posts\/3510\/revisions\/3511"}],"wp:featuredmedia":[{"embeddable":true,"href":"https:\/\/monmaghreb.com\/index.php\/wp-json\/wp\/v2\/media\/3509"}],"wp:attachment":[{"href":"https:\/\/monmaghreb.com\/index.php\/wp-json\/wp\/v2\/media?parent=3510"}],"wp:term":[{"taxonomy":"category","embeddable":true,"href":"https:\/\/monmaghreb.com\/index.php\/wp-json\/wp\/v2\/categories?post=3510"},{"taxonomy":"post_tag","embeddable":true,"href":"https:\/\/monmaghreb.com\/index.php\/wp-json\/wp\/v2\/tags?post=3510"}],"curies":[{"name":"wp","href":"https:\/\/api.w.org\/{rel}","templated":true}]}}