{"id":3522,"date":"2026-04-26T19:57:38","date_gmt":"2026-04-26T19:57:38","guid":{"rendered":"https:\/\/monmaghreb.com\/index.php\/2026\/04\/26\/yennayer-la-fete-berbere-du-nouvel-an-une-celebration-culturelle-et-traditionnelle-amazigh\/"},"modified":"2026-04-26T19:57:43","modified_gmt":"2026-04-26T19:57:43","slug":"yennayer-la-fete-berbere-du-nouvel-an-une-celebration-culturelle-et-traditionnelle-amazigh","status":"publish","type":"post","link":"https:\/\/monmaghreb.com\/index.php\/2026\/04\/26\/yennayer-la-fete-berbere-du-nouvel-an-une-celebration-culturelle-et-traditionnelle-amazigh\/","title":{"rendered":"Yennayer, la f\u00eate berb\u00e8re du Nouvel An : une c\u00e9l\u00e9bration culturelle et traditionnelle Amazigh"},"content":{"rendered":"<p><!DOCTYPE html><br \/>\n<html lang=\"fr\"><br \/>\n<head><br \/>\n    <meta charset=\"UTF-8\"><br \/>\n    <meta name=\"viewport\" content=\"width=device-width, initial-scale=1.0\"><br \/>\n    <title>Yennayer : la f\u00eate berb\u00e8re du Nouvel An<\/title><br \/>\n<\/head><br \/>\n<body><\/p>\n<h1>Yennayer : la f\u00eate berb\u00e8re du Nouvel An<\/h1>\n<p>    <script type=\"application\/ld+json\">\n{\n  \"@context\": \"https:\/\/schema.org\/\",\n  \"@type\": \"Recipe\",\n  \"name\": \"Yennayer, la f\u00eate berb\u00e8re du Nouvel An\",\n  \"description\": \"C\u00e9l\u00e9bration culturelle et traditionnelle Amazigh.\",\n  \"prepTime\": \"PT15M\",\n  \"cookTime\": \"PT30M\",\n  \"totalTime\": \"PT45M\",\n  \"recipeYield\": \"4 portions\",\n  \"recipeIngredient\": [\n    \"200g semoule\"\n  ],\n  \"recipeInstructions\": [\n    {\n      \"@type\": \"HowToStep\",\n      \"text\": \"\u00c9tape 1: ...\"\n    }\n  ],\n  \"recipeCategory\": \"Main Course\",\n  \"recipeCuisine\": \"Marocaine\",\n  \"keywords\": \"recette,maghreb\",\n  \"datePublished\": \"2026-04-26\",\n  \"author\": {\n    \"@type\": \"Organization\",\n    \"name\": \"\"\n  },\n  \"nutrition\": {\n    \"@type\": \"NutritionInformation\",\n    \"calories\": \"350 calories\"\n  }\n}\n<\/script><\/p>\n<p>Au sein de la communaut\u00e9 Amazigh (Berb\u00e8re), le Yennayer, le nouvel an berb\u00e8re, est une c\u00e9l\u00e9bration traditionnelle et culturelle qui offre aux familles un moment unique pour se rassembler, partager leurs racines ancestrales et c\u00e9l\u00e9brer la vie. Cette f\u00eate, qui marque l&#8217;entr\u00e9e du printemps, est consid\u00e9r\u00e9e comme l&#8217;un des \u00e9v\u00e9nements les plus importants de l&#8217;ann\u00e9e.<\/p>\n<h2>L&#8217;histoire et le symbolisme de Yennayer<\/h2>\n<p>Le Yennayer est un jour qui rev\u00eat une grande importance pour les Amazighs. Il se produit g\u00e9n\u00e9ralement le 12 ou 13 janvier dans le calendrier gr\u00e9gorien, mais il varie l\u00e9g\u00e8rement selon les r\u00e9gions. Dans l&#8217;histoire berb\u00e8re, le Yennayer marque la fin de l&#8217;ann\u00e9e A\u00eftou, consid\u00e9r\u00e9e comme une p\u00e9riode difficile.<\/p>\n<p>L&#8217;arbre de l&#8217;A\u00efta (Thuya dactylifera) est le symbole central du Yennayer. Il est consid\u00e9r\u00e9 comme un symbole de vie \u00e9ternelle et ses branches sont souvent utilis\u00e9es pour d\u00e9corer les maisons et les rues lors des festivit\u00e9s.<\/p>\n<h2>La pr\u00e9paration des festivit\u00e9s Yennayer<\/h2>\n<p>Au cours des jours pr\u00e9c\u00e9dant le Yennayer, les familles Amazighs se pr\u00e9parent intens\u00e9ment pour les festivit\u00e9s. La maison est d\u00e9cor\u00e9e avec de l&#8217;or et des fleurs, tandis que la cuisine est charg\u00e9e de mettre en place les repas traditionnels.<\/p>\n<p>Les femmes ont une grande responsabilit\u00e9 dans la pr\u00e9paration des festivit\u00e9s. Elles pr\u00e9parent le tagine, un plat de viande riche et \u00e9pais, ainsi que d&#8217;autres plats comme le msemmen (une cr\u00eape Berb\u00e8re) ou le khoubz (pain Berb\u00e8re).<\/p>\n<p>Le soir du Yennayer, les familles se rassemblent pour manger ensemble et partager des histoires et des traditions. C&#8217;est un moment unique pour se connecter avec la <a href=\"https:\/\/monmaghreb.com\/index.php\/2026\/04\/26\/exposition-zahira-tigtate-une-fete-de-la-culture-berbere-a-drancy\/\" title=\"Exposition Zahira Tigtate : une f\u00eate de la culture berb\u00e8re \u00e0 Drancy\">culture<\/a> berb\u00e8re.<\/p>\n<h2>La danse traditionnelle Amazigh<\/h2>\n<p>Les festivit\u00e9s de Yennayer sont accompagn\u00e9es par des danses traditionnelles Amazigh, telles que la Ghawazah ou le Ra\u00efs. Ces danses ont une grande importance culturelle et symbolisent la vie et les traditions berb\u00e8res.<\/p>\n<p>Les danseurs s&#8217;habillent souvent de costumes traditionnels, comme des tuniques et des gantaches. Les femmes portent habituellement des jupe longues et des chaussures en cuir.<\/p>\n<p>Les danses sont accompagn\u00e9es par de la musique folklorique Amazigh, jou\u00e9e sur des instruments tels que le bendir (un tambour) ou les ghaitas (des fl\u00fbtes \u00e0 vent). Cette musique est un \u00e9l\u00e9ment essentiel de la culture berb\u00e8re.<\/p>\n<h2>La importance du Yennayer pour la culture berb\u00e8re<\/h2>\n<p>Le Yennayer est un moment important pour pr\u00e9server et promouvoir la culture Berb\u00e8re. Il offre aux communaut\u00e9s Amazigh une occasion de se rassembler, de partager leur h\u00e9ritage et de renforcer leurs liens.<\/p>\n<p>En plus d&#8217;\u00eatre une c\u00e9l\u00e9bration culturelle, le Yennayer est \u00e9galement une source d&#8217;identit\u00e9 pour les Berb\u00e8res. En c\u00e9l\u00e9brant cette f\u00eate, ils affirment leur identit\u00e9 ethnique et linguistique distincte, et r\u00e9sistent \u00e0 l&#8217;assimilation.<\/p>\n<p>Le Yennayer est un moment important pour mettre en valeur la diversit\u00e9 culturelle de l&#8217;Afrique du Nord. Les festivit\u00e9s offrent aux \u00e9trangers une occasion unique d&#8217;apprendre plus sur la culture Amazigh et de participer \u00e0 sa c\u00e9l\u00e9bration.<\/p>\n<div style=\"background:#f8f9fa;border-left:4px solid #0066cc;border-radius:6px;padding:20px 24px;margin:32px 0;\">\n<p style=\"font-size:13px;color:#888;text-transform:uppercase;letter-spacing:0.8px;margin:0 0 6px 0;\">Vous pourriez aussi aimer<\/p>\n<h3 style=\"font-size:18px;margin:0 0 14px 0;color:#222;\">Articles similaires<\/h3>\n<ul style=\"margin:0;padding-left:20px;list-style:disc;\">\n<li style=\"margin-bottom:10px;\"><a href=\"https:\/\/monmaghreb.com\/index.php\/2026\/04\/26\/exposition-zahira-tigtate-une-fete-de-la-culture-berbere-a-drancy\/\" style=\"color:#0066cc;text-decoration:none;font-weight:500;\" title=\"Exposition Zahira Tigtate : une f\u00eate de la culture berb\u00e8re \u00e0 Drancy\">Exposition Zahira Tigtate : une f\u00eate de la culture berb\u00e8re \u00e0 Drancy<\/a><\/li>\n<li style=\"margin-bottom:10px;\"><a href=\"https:\/\/monmaghreb.com\/index.php\/2026\/04\/26\/cuisine-berbere-dans-latlas-decouvrez-la-gastronomie-ancestrale\/\" style=\"color:#0066cc;text-decoration:none;font-weight:500;\" title=\"Cuisine berb\u00e8re dans l&#8217;Atlas : d\u00e9couvrez la gastronomie ancestrale\">Cuisine berb\u00e8re dans l&#8217;Atlas : d\u00e9couvrez la gastronomie ancestrale<\/a><\/li>\n<li style=\"margin-bottom:10px;\"><a href=\"https:\/\/monmaghreb.com\/index.php\/2026\/04\/26\/decouvrez-la-cuisine-berbere-dans-les-atlas-au-maroc\/\" style=\"color:#0066cc;text-decoration:none;font-weight:500;\" title=\"D\u00e9couvrez la cuisine berb\u00e8re dans les Atlas au Maroc\">D\u00e9couvrez la cuisine berb\u00e8re dans les Atlas au Maroc<\/a><\/li>\n<li style=\"margin-bottom:10px;\"><a href=\"https:\/\/monmaghreb.com\/index.php\/2026\/04\/25\/recettes-ramadan-2026-un-guide-complet-pour-un-repas-gourmand\/\" style=\"color:#0066cc;text-decoration:none;font-weight:500;\" title=\"Recettes Ramadan 2026: Un guide complet pour un repas gourmand\">Recettes Ramadan 2026: Un guide complet pour un repas gourmand<\/a><\/li>\n<li style=\"margin-bottom:10px;\"><a href=\"https:\/\/monmaghreb.com\/index.php\/2026\/04\/25\/la-revolution-silencieuse-des-familles-au-maroc-une-approche-culturelle\/\" style=\"color:#0066cc;text-decoration:none;font-weight:500;\" title=\"La r\u00e9volution silencieuse des familles au Maroc : une approche culturelle\">La r\u00e9volution silencieuse des familles au Maroc : une approche culturelle<\/a><\/li>\n<\/ul>\n<\/div>\n<h2>Appel \u00e0 l&#8217;action : soutenir la culture berb\u00e8re<\/h2>\n<ul>\n<li>Soutenez des projets d&#8217;aide humanitaire en Afrique du Nord qui aident les Berb\u00e8res \u00e0 pr\u00e9server leur culture et leur h\u00e9ritage.<\/li>\n<li>Participez aux festivals Amazigh et \u00e0 d&#8217;autres \u00e9v\u00e9nements culturels pour apprendre plus sur la culture Berb\u00e8re et soutenir les artistes locaux.<\/li>\n<li>Soutenez des entreprises berb\u00e8res en achetant des produits traditionnels tels que le tagine, le msemmen ou le khoubz.<\/li>\n<\/ul>\n<p><\/body><br \/>\n<\/html><\/p>\n","protected":false},"excerpt":{"rendered":"<p>C\u00e9l\u00e9brons la culture amazigh avec Yennayer, la f\u00eate berb\u00e8re du Nouvel An. Une journ\u00e9e d&#8217;unit\u00e9 familiale et de partage des traditions ancestrales.<\/p>\n","protected":false},"author":1,"featured_media":3521,"comment_status":"closed","ping_status":"open","sticky":false,"template":"","format":"standard","meta":{"_yoast_wpseo_focuskw":"Yennayer Nouvel An berb\u00e8re","_yoast_wpseo_title":"Yennayer, la f\u00eate berb\u00e8re du Nouvel An : une c\u00e9l\u00e9bration cul","_yoast_wpseo_metadesc":"C\u00e9l\u00e9brons la culture amazigh avec Yennayer, la f\u00eate berb\u00e8re du Nouvel An. Une journ\u00e9e d'unit\u00e9 familiale et de partage des traditions ancestrales.","_yoast_wpseo_canonical":"","_yoast_wpseo_opengraph-title":"Yennayer, la f\u00eate berb\u00e8re du Nouvel An : une c\u00e9l\u00e9bration culturelle et traditionnelle Amazigh","_yoast_wpseo_opengraph-description":"C\u00e9l\u00e9brons la culture amazigh avec Yennayer, la f\u00eate berb\u00e8re du Nouvel An. Une journ\u00e9e d'unit\u00e9 familiale et de partage des traditions ancestrales.","_yoast_wpseo_opengraph-image":"","tdm_status":"","tdm_grid_status":"","footnotes":""},"categories":[652],"tags":[1686,1397,10,924,1210],"class_list":["post-3522","post","type-post","status-publish","format-standard","has-post-thumbnail","hentry","category-histoire-patrimoine","tag-business-guide","tag-communaute-amazigh","tag-culture-berbere","tag-fete-traditionnelle","tag-nouvel-an-berbere"],"yoast_head":"<!-- This site is optimized with the Yoast SEO plugin v27.4 - https:\/\/yoast.com\/product\/yoast-seo-wordpress\/ -->\n<title>Yennayer, la f\u00eate berb\u00e8re du Nouvel An : une c\u00e9l\u00e9bration cul<\/title>\n<meta name=\"description\" content=\"C\u00e9l\u00e9brons la culture amazigh avec Yennayer, la f\u00eate berb\u00e8re du Nouvel An. Une journ\u00e9e d&#039;unit\u00e9 familiale et de partage des traditions ancestrales.\" \/>\n<meta name=\"robots\" content=\"index, follow, max-snippet:-1, max-image-preview:large, max-video-preview:-1\" \/>\n<link rel=\"canonical\" href=\"https:\/\/monmaghreb.com\/index.php\/2026\/04\/26\/yennayer-la-fete-berbere-du-nouvel-an-une-celebration-culturelle-et-traditionnelle-amazigh\/\" \/>\n<meta property=\"og:locale\" content=\"en_US\" \/>\n<meta property=\"og:type\" content=\"article\" \/>\n<meta property=\"og:title\" content=\"Yennayer, la f\u00eate berb\u00e8re du Nouvel An : une c\u00e9l\u00e9bration culturelle et traditionnelle Amazigh\" \/>\n<meta property=\"og:description\" content=\"C\u00e9l\u00e9brons la culture amazigh avec Yennayer, la f\u00eate berb\u00e8re du Nouvel An. Une journ\u00e9e d&#039;unit\u00e9 familiale et de partage des traditions ancestrales.\" \/>\n<meta property=\"og:url\" content=\"https:\/\/monmaghreb.com\/index.php\/2026\/04\/26\/yennayer-la-fete-berbere-du-nouvel-an-une-celebration-culturelle-et-traditionnelle-amazigh\/\" \/>\n<meta property=\"og:site_name\" content=\"Mon Maghreb\" \/>\n<meta property=\"article:author\" content=\"https:\/\/www.facebook.com\/monmaghrebcom\" \/>\n<meta property=\"article:published_time\" content=\"2026-04-26T19:57:38+00:00\" \/>\n<meta property=\"article:modified_time\" content=\"2026-04-26T19:57:43+00:00\" \/>\n<meta property=\"og:image\" content=\"https:\/\/monmaghreb.com\/wp-content\/uploads\/2026\/04\/featured-399.jpg\" \/>\n\t<meta property=\"og:image:width\" content=\"1880\" \/>\n\t<meta property=\"og:image:height\" content=\"1253\" \/>\n\t<meta property=\"og:image:type\" content=\"image\/jpeg\" \/>\n<meta name=\"author\" content=\"LaMagh\" \/>\n<meta name=\"twitter:card\" content=\"summary_large_image\" \/>\n<meta name=\"twitter:creator\" content=\"@MMaghreb50977\" \/>\n<meta name=\"twitter:label1\" content=\"Written by\" \/>\n\t<meta name=\"twitter:data1\" content=\"LaMagh\" \/>\n\t<meta name=\"twitter:label2\" content=\"Est. reading time\" \/>\n\t<meta name=\"twitter:data2\" content=\"3 minutes\" \/>\n<script type=\"application\/ld+json\" class=\"yoast-schema-graph\">{\"@context\":\"https:\\\/\\\/schema.org\",\"@graph\":[{\"@type\":\"Article\",\"@id\":\"https:\\\/\\\/monmaghreb.com\\\/index.php\\\/2026\\\/04\\\/26\\\/yennayer-la-fete-berbere-du-nouvel-an-une-celebration-culturelle-et-traditionnelle-amazigh\\\/#article\",\"isPartOf\":{\"@id\":\"https:\\\/\\\/monmaghreb.com\\\/index.php\\\/2026\\\/04\\\/26\\\/yennayer-la-fete-berbere-du-nouvel-an-une-celebration-culturelle-et-traditionnelle-amazigh\\\/\"},\"author\":{\"name\":\"LaMagh\",\"@id\":\"http:\\\/\\\/monmaghreb.com\\\/#\\\/schema\\\/person\\\/c469a89dc8c6b8987dcb438b1200d054\"},\"headline\":\"Yennayer, la f\u00eate berb\u00e8re du Nouvel An : une c\u00e9l\u00e9bration culturelle et traditionnelle Amazigh\",\"datePublished\":\"2026-04-26T19:57:38+00:00\",\"dateModified\":\"2026-04-26T19:57:43+00:00\",\"mainEntityOfPage\":{\"@id\":\"https:\\\/\\\/monmaghreb.com\\\/index.php\\\/2026\\\/04\\\/26\\\/yennayer-la-fete-berbere-du-nouvel-an-une-celebration-culturelle-et-traditionnelle-amazigh\\\/\"},\"wordCount\":715,\"publisher\":{\"@id\":\"http:\\\/\\\/monmaghreb.com\\\/#organization\"},\"image\":{\"@id\":\"https:\\\/\\\/monmaghreb.com\\\/index.php\\\/2026\\\/04\\\/26\\\/yennayer-la-fete-berbere-du-nouvel-an-une-celebration-culturelle-et-traditionnelle-amazigh\\\/#primaryimage\"},\"thumbnailUrl\":\"https:\\\/\\\/monmaghreb.com\\\/wp-content\\\/uploads\\\/2026\\\/04\\\/featured-399.jpg\",\"keywords\":[\"business guide\",\"communaut\u00e9 amazigh\",\"Culture berb\u00e8re\",\"fete traditionnelle\",\"nouvel an berb\u00e8re\"],\"articleSection\":[\"Histoire &amp; Patrimoine\"],\"inLanguage\":\"en-US\"},{\"@type\":\"WebPage\",\"@id\":\"https:\\\/\\\/monmaghreb.com\\\/index.php\\\/2026\\\/04\\\/26\\\/yennayer-la-fete-berbere-du-nouvel-an-une-celebration-culturelle-et-traditionnelle-amazigh\\\/\",\"url\":\"https:\\\/\\\/monmaghreb.com\\\/index.php\\\/2026\\\/04\\\/26\\\/yennayer-la-fete-berbere-du-nouvel-an-une-celebration-culturelle-et-traditionnelle-amazigh\\\/\",\"name\":\"Yennayer, la f\u00eate berb\u00e8re du Nouvel An : une c\u00e9l\u00e9bration cul\",\"isPartOf\":{\"@id\":\"http:\\\/\\\/monmaghreb.com\\\/#website\"},\"primaryImageOfPage\":{\"@id\":\"https:\\\/\\\/monmaghreb.com\\\/index.php\\\/2026\\\/04\\\/26\\\/yennayer-la-fete-berbere-du-nouvel-an-une-celebration-culturelle-et-traditionnelle-amazigh\\\/#primaryimage\"},\"image\":{\"@id\":\"https:\\\/\\\/monmaghreb.com\\\/index.php\\\/2026\\\/04\\\/26\\\/yennayer-la-fete-berbere-du-nouvel-an-une-celebration-culturelle-et-traditionnelle-amazigh\\\/#primaryimage\"},\"thumbnailUrl\":\"https:\\\/\\\/monmaghreb.com\\\/wp-content\\\/uploads\\\/2026\\\/04\\\/featured-399.jpg\",\"datePublished\":\"2026-04-26T19:57:38+00:00\",\"dateModified\":\"2026-04-26T19:57:43+00:00\",\"description\":\"C\u00e9l\u00e9brons la culture amazigh avec Yennayer, la f\u00eate berb\u00e8re du Nouvel An. Une journ\u00e9e d'unit\u00e9 familiale et de partage des traditions ancestrales.\",\"breadcrumb\":{\"@id\":\"https:\\\/\\\/monmaghreb.com\\\/index.php\\\/2026\\\/04\\\/26\\\/yennayer-la-fete-berbere-du-nouvel-an-une-celebration-culturelle-et-traditionnelle-amazigh\\\/#breadcrumb\"},\"inLanguage\":\"en-US\",\"potentialAction\":[{\"@type\":\"ReadAction\",\"target\":[\"https:\\\/\\\/monmaghreb.com\\\/index.php\\\/2026\\\/04\\\/26\\\/yennayer-la-fete-berbere-du-nouvel-an-une-celebration-culturelle-et-traditionnelle-amazigh\\\/\"]}]},{\"@type\":\"ImageObject\",\"inLanguage\":\"en-US\",\"@id\":\"https:\\\/\\\/monmaghreb.com\\\/index.php\\\/2026\\\/04\\\/26\\\/yennayer-la-fete-berbere-du-nouvel-an-une-celebration-culturelle-et-traditionnelle-amazigh\\\/#primaryimage\",\"url\":\"https:\\\/\\\/monmaghreb.com\\\/wp-content\\\/uploads\\\/2026\\\/04\\\/featured-399.jpg\",\"contentUrl\":\"https:\\\/\\\/monmaghreb.com\\\/wp-content\\\/uploads\\\/2026\\\/04\\\/featured-399.jpg\",\"width\":1880,\"height\":1253,\"caption\":\"Berb\u00e8res r\u00e9unis pour la f\u00eate de Yennayer, c\u00e9l\u00e9brant leur nouveau printemps et traditions\"},{\"@type\":\"BreadcrumbList\",\"@id\":\"https:\\\/\\\/monmaghreb.com\\\/index.php\\\/2026\\\/04\\\/26\\\/yennayer-la-fete-berbere-du-nouvel-an-une-celebration-culturelle-et-traditionnelle-amazigh\\\/#breadcrumb\",\"itemListElement\":[{\"@type\":\"ListItem\",\"position\":1,\"name\":\"Home\",\"item\":\"http:\\\/\\\/monmaghreb.com\\\/\"},{\"@type\":\"ListItem\",\"position\":2,\"name\":\"Yennayer, la f\u00eate berb\u00e8re du Nouvel An : une c\u00e9l\u00e9bration culturelle et traditionnelle Amazigh\"}]},{\"@type\":\"WebSite\",\"@id\":\"http:\\\/\\\/monmaghreb.com\\\/#website\",\"url\":\"http:\\\/\\\/monmaghreb.com\\\/\",\"name\":\"Mon Maghreb\",\"description\":\"MonMaghreb United\",\"publisher\":{\"@id\":\"http:\\\/\\\/monmaghreb.com\\\/#organization\"},\"alternateName\":\"Le Monde du Maghreb et au del\u00e0\",\"potentialAction\":[{\"@type\":\"SearchAction\",\"target\":{\"@type\":\"EntryPoint\",\"urlTemplate\":\"http:\\\/\\\/monmaghreb.com\\\/?s={search_term_string}\"},\"query-input\":{\"@type\":\"PropertyValueSpecification\",\"valueRequired\":true,\"valueName\":\"search_term_string\"}}],\"inLanguage\":\"en-US\"},{\"@type\":\"Organization\",\"@id\":\"http:\\\/\\\/monmaghreb.com\\\/#organization\",\"name\":\"Mon Maghreb\",\"url\":\"http:\\\/\\\/monmaghreb.com\\\/\",\"logo\":{\"@type\":\"ImageObject\",\"inLanguage\":\"en-US\",\"@id\":\"http:\\\/\\\/monmaghreb.com\\\/#\\\/schema\\\/logo\\\/image\\\/\",\"url\":\"https:\\\/\\\/monmaghreb.com\\\/wp-content\\\/uploads\\\/2025\\\/12\\\/Mon_Maghreb_Logo.jpg\",\"contentUrl\":\"https:\\\/\\\/monmaghreb.com\\\/wp-content\\\/uploads\\\/2025\\\/12\\\/Mon_Maghreb_Logo.jpg\",\"width\":814,\"height\":374,\"caption\":\"Mon Maghreb\"},\"image\":{\"@id\":\"http:\\\/\\\/monmaghreb.com\\\/#\\\/schema\\\/logo\\\/image\\\/\"}},{\"@type\":\"Person\",\"@id\":\"http:\\\/\\\/monmaghreb.com\\\/#\\\/schema\\\/person\\\/c469a89dc8c6b8987dcb438b1200d054\",\"name\":\"LaMagh\",\"image\":{\"@type\":\"ImageObject\",\"inLanguage\":\"en-US\",\"@id\":\"https:\\\/\\\/secure.gravatar.com\\\/avatar\\\/399d8144bd55fba55e056779aca52fe528bac7911f6449e54d81173d6dfd7f0a?s=96&d=mm&r=g\",\"url\":\"https:\\\/\\\/secure.gravatar.com\\\/avatar\\\/399d8144bd55fba55e056779aca52fe528bac7911f6449e54d81173d6dfd7f0a?s=96&d=mm&r=g\",\"contentUrl\":\"https:\\\/\\\/secure.gravatar.com\\\/avatar\\\/399d8144bd55fba55e056779aca52fe528bac7911f6449e54d81173d6dfd7f0a?s=96&d=mm&r=g\",\"caption\":\"LaMagh\"},\"sameAs\":[\"https:\\\/\\\/monmaghreb.com\",\"https:\\\/\\\/www.facebook.com\\\/monmaghrebcom\",\"https:\\\/\\\/x.com\\\/MMaghreb50977\"],\"url\":\"https:\\\/\\\/monmaghreb.com\\\/index.php\\\/author\\\/lamagh\\\/\"}]}<\/script>\n<!-- \/ Yoast SEO plugin. -->","yoast_head_json":{"title":"Yennayer, la f\u00eate berb\u00e8re du Nouvel An : une c\u00e9l\u00e9bration cul","description":"C\u00e9l\u00e9brons la culture amazigh avec Yennayer, la f\u00eate berb\u00e8re du Nouvel An. Une journ\u00e9e d'unit\u00e9 familiale et de partage des traditions ancestrales.","robots":{"index":"index","follow":"follow","max-snippet":"max-snippet:-1","max-image-preview":"max-image-preview:large","max-video-preview":"max-video-preview:-1"},"canonical":"https:\/\/monmaghreb.com\/index.php\/2026\/04\/26\/yennayer-la-fete-berbere-du-nouvel-an-une-celebration-culturelle-et-traditionnelle-amazigh\/","og_locale":"en_US","og_type":"article","og_title":"Yennayer, la f\u00eate berb\u00e8re du Nouvel An : une c\u00e9l\u00e9bration culturelle et traditionnelle Amazigh","og_description":"C\u00e9l\u00e9brons la culture amazigh avec Yennayer, la f\u00eate berb\u00e8re du Nouvel An. Une journ\u00e9e d'unit\u00e9 familiale et de partage des traditions ancestrales.","og_url":"https:\/\/monmaghreb.com\/index.php\/2026\/04\/26\/yennayer-la-fete-berbere-du-nouvel-an-une-celebration-culturelle-et-traditionnelle-amazigh\/","og_site_name":"Mon Maghreb","article_author":"https:\/\/www.facebook.com\/monmaghrebcom","article_published_time":"2026-04-26T19:57:38+00:00","article_modified_time":"2026-04-26T19:57:43+00:00","og_image":[{"width":1880,"height":1253,"url":"https:\/\/monmaghreb.com\/wp-content\/uploads\/2026\/04\/featured-399.jpg","type":"image\/jpeg"}],"author":"LaMagh","twitter_card":"summary_large_image","twitter_creator":"@MMaghreb50977","twitter_misc":{"Written by":"LaMagh","Est. reading time":"3 minutes"},"schema":{"@context":"https:\/\/schema.org","@graph":[{"@type":"Article","@id":"https:\/\/monmaghreb.com\/index.php\/2026\/04\/26\/yennayer-la-fete-berbere-du-nouvel-an-une-celebration-culturelle-et-traditionnelle-amazigh\/#article","isPartOf":{"@id":"https:\/\/monmaghreb.com\/index.php\/2026\/04\/26\/yennayer-la-fete-berbere-du-nouvel-an-une-celebration-culturelle-et-traditionnelle-amazigh\/"},"author":{"name":"LaMagh","@id":"http:\/\/monmaghreb.com\/#\/schema\/person\/c469a89dc8c6b8987dcb438b1200d054"},"headline":"Yennayer, la f\u00eate berb\u00e8re du Nouvel An : une c\u00e9l\u00e9bration culturelle et traditionnelle Amazigh","datePublished":"2026-04-26T19:57:38+00:00","dateModified":"2026-04-26T19:57:43+00:00","mainEntityOfPage":{"@id":"https:\/\/monmaghreb.com\/index.php\/2026\/04\/26\/yennayer-la-fete-berbere-du-nouvel-an-une-celebration-culturelle-et-traditionnelle-amazigh\/"},"wordCount":715,"publisher":{"@id":"http:\/\/monmaghreb.com\/#organization"},"image":{"@id":"https:\/\/monmaghreb.com\/index.php\/2026\/04\/26\/yennayer-la-fete-berbere-du-nouvel-an-une-celebration-culturelle-et-traditionnelle-amazigh\/#primaryimage"},"thumbnailUrl":"https:\/\/monmaghreb.com\/wp-content\/uploads\/2026\/04\/featured-399.jpg","keywords":["business guide","communaut\u00e9 amazigh","Culture berb\u00e8re","fete traditionnelle","nouvel an berb\u00e8re"],"articleSection":["Histoire &amp; Patrimoine"],"inLanguage":"en-US"},{"@type":"WebPage","@id":"https:\/\/monmaghreb.com\/index.php\/2026\/04\/26\/yennayer-la-fete-berbere-du-nouvel-an-une-celebration-culturelle-et-traditionnelle-amazigh\/","url":"https:\/\/monmaghreb.com\/index.php\/2026\/04\/26\/yennayer-la-fete-berbere-du-nouvel-an-une-celebration-culturelle-et-traditionnelle-amazigh\/","name":"Yennayer, la f\u00eate berb\u00e8re du Nouvel An : une c\u00e9l\u00e9bration cul","isPartOf":{"@id":"http:\/\/monmaghreb.com\/#website"},"primaryImageOfPage":{"@id":"https:\/\/monmaghreb.com\/index.php\/2026\/04\/26\/yennayer-la-fete-berbere-du-nouvel-an-une-celebration-culturelle-et-traditionnelle-amazigh\/#primaryimage"},"image":{"@id":"https:\/\/monmaghreb.com\/index.php\/2026\/04\/26\/yennayer-la-fete-berbere-du-nouvel-an-une-celebration-culturelle-et-traditionnelle-amazigh\/#primaryimage"},"thumbnailUrl":"https:\/\/monmaghreb.com\/wp-content\/uploads\/2026\/04\/featured-399.jpg","datePublished":"2026-04-26T19:57:38+00:00","dateModified":"2026-04-26T19:57:43+00:00","description":"C\u00e9l\u00e9brons la culture amazigh avec Yennayer, la f\u00eate berb\u00e8re du Nouvel An. Une journ\u00e9e d'unit\u00e9 familiale et de partage des traditions ancestrales.","breadcrumb":{"@id":"https:\/\/monmaghreb.com\/index.php\/2026\/04\/26\/yennayer-la-fete-berbere-du-nouvel-an-une-celebration-culturelle-et-traditionnelle-amazigh\/#breadcrumb"},"inLanguage":"en-US","potentialAction":[{"@type":"ReadAction","target":["https:\/\/monmaghreb.com\/index.php\/2026\/04\/26\/yennayer-la-fete-berbere-du-nouvel-an-une-celebration-culturelle-et-traditionnelle-amazigh\/"]}]},{"@type":"ImageObject","inLanguage":"en-US","@id":"https:\/\/monmaghreb.com\/index.php\/2026\/04\/26\/yennayer-la-fete-berbere-du-nouvel-an-une-celebration-culturelle-et-traditionnelle-amazigh\/#primaryimage","url":"https:\/\/monmaghreb.com\/wp-content\/uploads\/2026\/04\/featured-399.jpg","contentUrl":"https:\/\/monmaghreb.com\/wp-content\/uploads\/2026\/04\/featured-399.jpg","width":1880,"height":1253,"caption":"Berb\u00e8res r\u00e9unis pour la f\u00eate de Yennayer, c\u00e9l\u00e9brant leur nouveau printemps et traditions"},{"@type":"BreadcrumbList","@id":"https:\/\/monmaghreb.com\/index.php\/2026\/04\/26\/yennayer-la-fete-berbere-du-nouvel-an-une-celebration-culturelle-et-traditionnelle-amazigh\/#breadcrumb","itemListElement":[{"@type":"ListItem","position":1,"name":"Home","item":"http:\/\/monmaghreb.com\/"},{"@type":"ListItem","position":2,"name":"Yennayer, la f\u00eate berb\u00e8re du Nouvel An : une c\u00e9l\u00e9bration culturelle et traditionnelle Amazigh"}]},{"@type":"WebSite","@id":"http:\/\/monmaghreb.com\/#website","url":"http:\/\/monmaghreb.com\/","name":"Mon Maghreb","description":"MonMaghreb United","publisher":{"@id":"http:\/\/monmaghreb.com\/#organization"},"alternateName":"Le Monde du Maghreb et au del\u00e0","potentialAction":[{"@type":"SearchAction","target":{"@type":"EntryPoint","urlTemplate":"http:\/\/monmaghreb.com\/?s={search_term_string}"},"query-input":{"@type":"PropertyValueSpecification","valueRequired":true,"valueName":"search_term_string"}}],"inLanguage":"en-US"},{"@type":"Organization","@id":"http:\/\/monmaghreb.com\/#organization","name":"Mon Maghreb","url":"http:\/\/monmaghreb.com\/","logo":{"@type":"ImageObject","inLanguage":"en-US","@id":"http:\/\/monmaghreb.com\/#\/schema\/logo\/image\/","url":"https:\/\/monmaghreb.com\/wp-content\/uploads\/2025\/12\/Mon_Maghreb_Logo.jpg","contentUrl":"https:\/\/monmaghreb.com\/wp-content\/uploads\/2025\/12\/Mon_Maghreb_Logo.jpg","width":814,"height":374,"caption":"Mon Maghreb"},"image":{"@id":"http:\/\/monmaghreb.com\/#\/schema\/logo\/image\/"}},{"@type":"Person","@id":"http:\/\/monmaghreb.com\/#\/schema\/person\/c469a89dc8c6b8987dcb438b1200d054","name":"LaMagh","image":{"@type":"ImageObject","inLanguage":"en-US","@id":"https:\/\/secure.gravatar.com\/avatar\/399d8144bd55fba55e056779aca52fe528bac7911f6449e54d81173d6dfd7f0a?s=96&d=mm&r=g","url":"https:\/\/secure.gravatar.com\/avatar\/399d8144bd55fba55e056779aca52fe528bac7911f6449e54d81173d6dfd7f0a?s=96&d=mm&r=g","contentUrl":"https:\/\/secure.gravatar.com\/avatar\/399d8144bd55fba55e056779aca52fe528bac7911f6449e54d81173d6dfd7f0a?s=96&d=mm&r=g","caption":"LaMagh"},"sameAs":["https:\/\/monmaghreb.com","https:\/\/www.facebook.com\/monmaghrebcom","https:\/\/x.com\/MMaghreb50977"],"url":"https:\/\/monmaghreb.com\/index.php\/author\/lamagh\/"}]}},"_links":{"self":[{"href":"https:\/\/monmaghreb.com\/index.php\/wp-json\/wp\/v2\/posts\/3522","targetHints":{"allow":["GET"]}}],"collection":[{"href":"https:\/\/monmaghreb.com\/index.php\/wp-json\/wp\/v2\/posts"}],"about":[{"href":"https:\/\/monmaghreb.com\/index.php\/wp-json\/wp\/v2\/types\/post"}],"author":[{"embeddable":true,"href":"https:\/\/monmaghreb.com\/index.php\/wp-json\/wp\/v2\/users\/1"}],"replies":[{"embeddable":true,"href":"https:\/\/monmaghreb.com\/index.php\/wp-json\/wp\/v2\/comments?post=3522"}],"version-history":[{"count":1,"href":"https:\/\/monmaghreb.com\/index.php\/wp-json\/wp\/v2\/posts\/3522\/revisions"}],"predecessor-version":[{"id":3523,"href":"https:\/\/monmaghreb.com\/index.php\/wp-json\/wp\/v2\/posts\/3522\/revisions\/3523"}],"wp:featuredmedia":[{"embeddable":true,"href":"https:\/\/monmaghreb.com\/index.php\/wp-json\/wp\/v2\/media\/3521"}],"wp:attachment":[{"href":"https:\/\/monmaghreb.com\/index.php\/wp-json\/wp\/v2\/media?parent=3522"}],"wp:term":[{"taxonomy":"category","embeddable":true,"href":"https:\/\/monmaghreb.com\/index.php\/wp-json\/wp\/v2\/categories?post=3522"},{"taxonomy":"post_tag","embeddable":true,"href":"https:\/\/monmaghreb.com\/index.php\/wp-json\/wp\/v2\/tags?post=3522"}],"curies":[{"name":"wp","href":"https:\/\/api.w.org\/{rel}","templated":true}]}}