{"id":3534,"date":"2026-04-27T11:04:19","date_gmt":"2026-04-27T11:04:19","guid":{"rendered":"https:\/\/monmaghreb.com\/index.php\/2026\/04\/27\/le-ministre-de-la-culture-marocain-medhi-bensaid-et-la-coupe-du-monde-2030-une-opportunite-pour-montrer-le-royaume-aux-yeux-du-monde\/"},"modified":"2026-04-27T11:04:24","modified_gmt":"2026-04-27T11:04:24","slug":"le-ministre-de-la-culture-marocain-medhi-bensaid-et-la-coupe-du-monde-2030-une-opportunite-pour-montrer-le-royaume-aux-yeux-du-monde","status":"publish","type":"post","link":"https:\/\/monmaghreb.com\/index.php\/2026\/04\/27\/le-ministre-de-la-culture-marocain-medhi-bensaid-et-la-coupe-du-monde-2030-une-opportunite-pour-montrer-le-royaume-aux-yeux-du-monde\/","title":{"rendered":"Le ministre de la Culture marocain Medhi Bensaid et la Coupe du monde 2030 : une opportunit\u00e9 pour montrer le royaume aux yeux du monde"},"content":{"rendered":"<p><!DOCTYPE html><br \/>\n<html lang='fr'><br \/>\n<head><br \/>\n  <meta charset='UTF-8'><br \/>\n  <title>Le ministre de la Culture marocain Medhi Bensaid et la Coupe du monde 2030<\/title><br \/>\n<\/head><br \/>\n<body><\/p>\n<h1>Le ministre de la Culture marocain Medhi Bensaid et la Coupe du monde 2030 : une opportunit\u00e9 pour montrer le royaume aux yeux du monde<\/h1>\n<h2>Introduction<\/h2>\n<p>  <script type=\"application\/ld+json\">\n{\n  \"@context\": \"https:\/\/schema.org\/\",\n  \"@type\": \"Recipe\",\n  \"name\": \"Le ministre de la Culture marocain Medhi Bensaid et la Coupe du monde 2030 : une opportunit\u00e9 pour montrer le royaume aux yeux du monde\",\n  \"description\": \"\",\n  \"prepTime\": \"PT30M\",\n  \"cookTime\": \"PT30M\",\n  \"totalTime\": \"PT30M\",\n  \"recipeYield\": \"4 servings\",\n  \"recipeIngredient\": [],\n  \"recipeInstructions\": [],\n  \"recipeCategory\": \"Main Course\",\n  \"recipeCuisine\": \"Maghrebi\",\n  \"keywords\": \"\",\n  \"datePublished\": \"2026-04-27\",\n  \"author\": {\n    \"@type\": \"Organization\",\n    \"name\": \"\"\n  }\n}\n<\/script><\/p>\n<p>Au lendemain de son investiture, le ministre de la Culture marocain Medhi Bensaid a manifest\u00e9 sa d\u00e9termination d&#8217;orienter les politiques culturelles du royaume vers une plus grande ouverture internationale. Sans se laisser influencer par les critiques ni les incertitudes, il a profit\u00e9 de l&#8217;occasion pour promouvoir le Maroc sur la sc\u00e8ne mondiale et montrer au monde tout l&#8217;embarras richissime que repr\u00e9sente notre pays.<\/p>\n<p>Avec une longue histoire et une diversit\u00e9 culturelle exceptionnelles, le Maroc est connu pour son patrimoine architectural exceptionnel. Cependant, malgr\u00e9 ces atouts, le royaume reste parfois sous-estim\u00e9 par certains observateurs internationaux. La Coupe du monde 2030 offre donc une occasion unique de montrer au monde tout l&#8217;embarras richissime que repr\u00e9sente notre pays et de valoriser ses richesses culturelles.<\/p>\n<h2>La contribution de Medhi Bensaid \u00e0 la candidature<\/h2>\n<p>Au cours des n\u00e9gociations avec la FIFA, Medhi Bensaid a \u00e9t\u00e9 un acteur d\u00e9terminant dans la candidature du Maroc pour l&#8217;organisation de la Coupe du monde 2030. Sous son impulsion, le minist\u00e8re de la Culture a d\u00e9velopp\u00e9 un plan ambitieux pour valoriser les richesses culturelles du pays.<\/p>\n<p>Ce plan comprend l&#8217;organisation de manifestations culturelles \u00e0 travers tout le royaume et la promotion des arts traditionnels marocains sur les sc\u00e8nes mondiales. Medhi Bensaid a \u00e9galement insist\u00e9 pour que la FIFA prenne en compte le patrimoine culturel du Maroc dans son choix de villes h\u00f4tes pour l&#8217;\u00e9v\u00e9nement.<\/p>\n<h2>La contribution des villes h\u00f4tes<\/h2>\n<ul>\n<li><strong>Marrakech<\/strong> : La ville historique de Marrakech sera le symbole du Maroc pour la Coupe du monde 2030. Ses jardins, mosqu\u00e9es et palais seront les principaux lieux d&#8217;accueil pour les participants internationaux.<\/li>\n<li><strong>Casablanca<\/strong> : La ville \u00e9conomique principale du Maroc sera la plate-forme logistique de l&#8217;\u00e9v\u00e9nement. Elle accueillera des matchs et des \u00e9v\u00e9nements culturels de haut niveau.<\/li>\n<li><strong>F\u00e8s<\/strong> : La vieille m\u00e9dina de F\u00e8s est inscrite au patrimoine mondial UNESCO depuis 1981. Elle sera l&#8217;une des villes h\u00f4tes qui mettront en valeur le patrimoine culturel marocain.<\/li>\n<\/ul>\n<h2>Les \u00e9v\u00e9nements culturels li\u00e9s \u00e0 la Coupe du monde<\/h2>\n<p>La Coupe du monde 2030 sera accompagn\u00e9e de nombreux \u00e9v\u00e9nements culturels qui mettront en valeur les richesses artistiques du Maroc. Ces \u00e9v\u00e9nements incluront un festival international de musique et des arts, une exposition d&#8217;art contemporain et des rencontres culturelles.<\/p>\n<ul>\n<li><strong>Festival international de musique et des arts<\/strong> : Ce festival international r\u00e9unira des artistes marocains et internationaux pour offrir un programme culturel vari\u00e9 aux participants du monde.<\/li>\n<li><strong>Exposition d&#8217;art contemporain<\/strong> : L&#8217;exposition d&#8217;art contemporain sera une opportunit\u00e9 unique de d\u00e9couvrir les artistes marocains les plus talentueux et de promouvoir leur \u0153uvre \u00e0 l&#8217;\u00e9chelle internationale.<\/li>\n<li><strong>Rencontres culturelles<\/strong> : Les rencontres culturelles seront une occasion pour la soci\u00e9t\u00e9 marocaine et les participants du monde d&#8217;\u00e9changer sur les diff\u00e9rents aspects de la vie culturelle du Maroc.<\/li>\n<\/ul>\n<h2>Appel \u00e0 l&#8217;action des lecteurs maghr\u00e9bins de la diaspora<\/h2>\n<p>Nous appelons tous les citoyens marocains et maghr\u00e9bins de la diaspora \u00e0 soutenir le Maroc dans sa candidature pour l&#8217;organisation de la Coupe du monde 2030. Nous devons \u00eatre fi\u00e8re de notre pays et de son patrimoine culturel exceptionnel.<\/p>\n<p>Le succ\u00e8s de cette candidature sera une victoire pour tous les Marocains et Maghr\u00e9bins, et une occasion unique de montrer au monde tout l&#8217;embarras richissime que repr\u00e9sente notre pays. Vous pouvez vous exprimer votre soutien en partageant le hashtag #Maroc2030 sur les r\u00e9seaux sociaux.<\/p>\n<div style=\"background:#f8f9fa;border-left:4px solid #0066cc;border-radius:6px;padding:20px 24px;margin:32px 0;\">\n<p style=\"font-size:13px;color:#888;text-transform:uppercase;letter-spacing:0.8px;margin:0 0 6px 0;\">Vous pourriez aussi aimer<\/p>\n<h3 style=\"font-size:18px;margin:0 0 14px 0;color:#222;\">Articles similaires<\/h3>\n<ul style=\"margin:0;padding-left:20px;list-style:disc;\">\n<li style=\"margin-bottom:10px;\"><a href=\"https:\/\/monmaghreb.com\/index.php\/2026\/04\/25\/nouvelle-boutique-dartisanat-marocain-ouvre-a-cherbourg-en-cotentin-entre-tradition-et-modernite\/\" style=\"color:#0066cc;text-decoration:none;font-weight:500;\" title=\"Nouvelle boutique d&#8217;artisanat marocain ouvre \u00e0 Cherbourg-en-Cotentin : entre tradition et modernit\u00e9\">Nouvelle boutique d&#8217;artisanat marocain ouvre \u00e0 Cherbourg-en-Cotentin : entre tradition et modernit\u00e9<\/a><\/li>\n<li style=\"margin-bottom:10px;\"><a href=\"https:\/\/monmaghreb.com\/index.php\/2026\/04\/23\/partage-de-la-culture-via-la-cuisine-ramadan-et-cuisine-de-careme-reunissent-chretiens-et-musulmans\/\" style=\"color:#0066cc;text-decoration:none;font-weight:500;\" title=\"Partage de la culture via la cuisine : Ramadan et Cuisine de Car\u00eame r\u00e9unissent chr\u00e9tiens et musulmans\">Partage de la culture via la cuisine : Ramadan et Cuisine de Car\u00eame r\u00e9unissent chr\u00e9tiens et musulmans<\/a><\/li>\n<li style=\"margin-bottom:10px;\"><a href=\"https:\/\/monmaghreb.com\/index.php\/2026\/04\/27\/ragout-marocain-aux-patates-douces-et-poulet-la-recette-ideale-quand-on-a-des-restes-dans-le-frigo\/\" style=\"color:#0066cc;text-decoration:none;font-weight:500;\" title=\"Rago\u00fbt marocain aux patates douces et poulet : la recette id\u00e9ale quand on a des restes dans le frigo\">Rago\u00fbt marocain aux patates douces et poulet : la recette id\u00e9ale quand on a des restes dans le frigo<\/a><\/li>\n<li style=\"margin-bottom:10px;\"><a href=\"https:\/\/monmaghreb.com\/index.php\/2026\/04\/26\/exposition-zahira-tigtate-une-fete-de-la-culture-berbere-a-drancy\/\" style=\"color:#0066cc;text-decoration:none;font-weight:500;\" title=\"Exposition Zahira Tigtate : une f\u00eate de la culture berb\u00e8re \u00e0 Drancy\">Exposition Zahira Tigtate : une f\u00eate de la culture berb\u00e8re \u00e0 Drancy<\/a><\/li>\n<li style=\"margin-bottom:10px;\"><a href=\"https:\/\/monmaghreb.com\/index.php\/2026\/04\/26\/lonu-inaugure-un-nouveau-bureau-strategique-pour-le-tourisme-a-rabat-une-opportunite-inesperee-pour-le-maghreb\/\" style=\"color:#0066cc;text-decoration:none;font-weight:500;\" title=\"L&#8217;ONU inaugure un nouveau bureau strat\u00e9gique pour le tourisme \u00e0 Rabat : une opportunit\u00e9 inesp\u00e9r\u00e9e pour le Maghreb\">L&#8217;ONU inaugure un nouveau bureau strat\u00e9gique pour le tourisme \u00e0 Rabat : une opportunit\u00e9 inesp\u00e9r\u00e9e pour le Maghreb<\/a><\/li>\n<\/ul>\n<\/div>\n<p><\/body><br \/>\n<\/html><\/p>\n","protected":false},"excerpt":{"rendered":"<p>Discover how Maroccan Culture Minister Medhi Bensaid plans to leverage the 2030 World Cup to showcase Morocco globally. Don&#8217;t miss this opportunity!<\/p>\n","protected":false},"author":1,"featured_media":3533,"comment_status":"closed","ping_status":"open","sticky":false,"template":"","format":"standard","meta":{"_yoast_wpseo_focuskw":"marocain culture minister world cup","_yoast_wpseo_title":"Le ministre de la Culture marocain Medhi Bensaid et la Coupe","_yoast_wpseo_metadesc":"Discover how Maroccan Culture Minister Medhi Bensaid plans to leverage the 2030 World Cup to showcase Morocco globally. Don't miss this opportunity!","_yoast_wpseo_canonical":"","_yoast_wpseo_opengraph-title":"Le ministre de la Culture marocain Medhi Bensaid et la Coupe du monde 2030 : une opportunit\u00e9 pour montrer le royaume aux yeux du monde","_yoast_wpseo_opengraph-description":"Discover how Maroccan Culture Minister Medhi Bensaid plans to leverage the 2030 World Cup to showcase Morocco globally. Don't miss this opportunity!","_yoast_wpseo_opengraph-image":"","tdm_status":"","tdm_grid_status":"","footnotes":""},"categories":[651],"tags":[2399,2401,2400,2397,2398],"class_list":["post-3534","post","type-post","status-publish","format-standard","has-post-thumbnail","hentry","category-ramadan-iftar","tag-africa-football","tag-cultural-diplomacy","tag-global-exposure","tag-marocain-culture","tag-world-cup-2030"],"yoast_head":"<!-- This site is optimized with the Yoast SEO plugin v27.4 - https:\/\/yoast.com\/product\/yoast-seo-wordpress\/ -->\n<title>Le ministre de la Culture marocain Medhi Bensaid et la Coupe<\/title>\n<meta name=\"description\" content=\"Discover how Maroccan Culture Minister Medhi Bensaid plans to leverage the 2030 World Cup to showcase Morocco globally. Don&#039;t miss this opportunity!\" \/>\n<meta name=\"robots\" content=\"index, follow, max-snippet:-1, max-image-preview:large, max-video-preview:-1\" \/>\n<link rel=\"canonical\" href=\"https:\/\/monmaghreb.com\/index.php\/2026\/04\/27\/le-ministre-de-la-culture-marocain-medhi-bensaid-et-la-coupe-du-monde-2030-une-opportunite-pour-montrer-le-royaume-aux-yeux-du-monde\/\" \/>\n<meta property=\"og:locale\" content=\"en_US\" \/>\n<meta property=\"og:type\" content=\"article\" \/>\n<meta property=\"og:title\" content=\"Le ministre de la Culture marocain Medhi Bensaid et la Coupe du monde 2030 : une opportunit\u00e9 pour montrer le royaume aux yeux du monde\" \/>\n<meta property=\"og:description\" content=\"Discover how Maroccan Culture Minister Medhi Bensaid plans to leverage the 2030 World Cup to showcase Morocco globally. Don&#039;t miss this opportunity!\" \/>\n<meta property=\"og:url\" content=\"https:\/\/monmaghreb.com\/index.php\/2026\/04\/27\/le-ministre-de-la-culture-marocain-medhi-bensaid-et-la-coupe-du-monde-2030-une-opportunite-pour-montrer-le-royaume-aux-yeux-du-monde\/\" \/>\n<meta property=\"og:site_name\" content=\"Mon Maghreb\" \/>\n<meta property=\"article:author\" content=\"https:\/\/www.facebook.com\/monmaghrebcom\" \/>\n<meta property=\"article:published_time\" content=\"2026-04-27T11:04:19+00:00\" \/>\n<meta property=\"article:modified_time\" content=\"2026-04-27T11:04:24+00:00\" \/>\n<meta property=\"og:image\" content=\"https:\/\/monmaghreb.com\/wp-content\/uploads\/2026\/04\/featured-403.jpg\" \/>\n\t<meta property=\"og:image:width\" content=\"1880\" \/>\n\t<meta property=\"og:image:height\" content=\"1255\" \/>\n\t<meta property=\"og:image:type\" content=\"image\/jpeg\" \/>\n<meta name=\"author\" content=\"LaMagh\" \/>\n<meta name=\"twitter:card\" content=\"summary_large_image\" \/>\n<meta name=\"twitter:creator\" content=\"@MMaghreb50977\" \/>\n<meta name=\"twitter:label1\" content=\"Written by\" \/>\n\t<meta name=\"twitter:data1\" content=\"LaMagh\" \/>\n\t<meta name=\"twitter:label2\" content=\"Est. reading time\" \/>\n\t<meta name=\"twitter:data2\" content=\"3 minutes\" \/>\n<script type=\"application\/ld+json\" class=\"yoast-schema-graph\">{\"@context\":\"https:\\\/\\\/schema.org\",\"@graph\":[{\"@type\":\"Article\",\"@id\":\"https:\\\/\\\/monmaghreb.com\\\/index.php\\\/2026\\\/04\\\/27\\\/le-ministre-de-la-culture-marocain-medhi-bensaid-et-la-coupe-du-monde-2030-une-opportunite-pour-montrer-le-royaume-aux-yeux-du-monde\\\/#article\",\"isPartOf\":{\"@id\":\"https:\\\/\\\/monmaghreb.com\\\/index.php\\\/2026\\\/04\\\/27\\\/le-ministre-de-la-culture-marocain-medhi-bensaid-et-la-coupe-du-monde-2030-une-opportunite-pour-montrer-le-royaume-aux-yeux-du-monde\\\/\"},\"author\":{\"name\":\"LaMagh\",\"@id\":\"http:\\\/\\\/monmaghreb.com\\\/#\\\/schema\\\/person\\\/c469a89dc8c6b8987dcb438b1200d054\"},\"headline\":\"Le ministre de la Culture marocain Medhi Bensaid et la Coupe du monde 2030 : une opportunit\u00e9 pour montrer le royaume aux yeux du monde\",\"datePublished\":\"2026-04-27T11:04:19+00:00\",\"dateModified\":\"2026-04-27T11:04:24+00:00\",\"mainEntityOfPage\":{\"@id\":\"https:\\\/\\\/monmaghreb.com\\\/index.php\\\/2026\\\/04\\\/27\\\/le-ministre-de-la-culture-marocain-medhi-bensaid-et-la-coupe-du-monde-2030-une-opportunite-pour-montrer-le-royaume-aux-yeux-du-monde\\\/\"},\"wordCount\":722,\"publisher\":{\"@id\":\"http:\\\/\\\/monmaghreb.com\\\/#organization\"},\"image\":{\"@id\":\"https:\\\/\\\/monmaghreb.com\\\/index.php\\\/2026\\\/04\\\/27\\\/le-ministre-de-la-culture-marocain-medhi-bensaid-et-la-coupe-du-monde-2030-une-opportunite-pour-montrer-le-royaume-aux-yeux-du-monde\\\/#primaryimage\"},\"thumbnailUrl\":\"https:\\\/\\\/monmaghreb.com\\\/wp-content\\\/uploads\\\/2026\\\/04\\\/featured-403.jpg\",\"keywords\":[\"africa football\",\"cultural diplomacy\",\"global exposure\",\"marocain culture\",\"world cup 2030\"],\"articleSection\":[\"Ramadan &amp; Iftar\"],\"inLanguage\":\"en-US\"},{\"@type\":\"WebPage\",\"@id\":\"https:\\\/\\\/monmaghreb.com\\\/index.php\\\/2026\\\/04\\\/27\\\/le-ministre-de-la-culture-marocain-medhi-bensaid-et-la-coupe-du-monde-2030-une-opportunite-pour-montrer-le-royaume-aux-yeux-du-monde\\\/\",\"url\":\"https:\\\/\\\/monmaghreb.com\\\/index.php\\\/2026\\\/04\\\/27\\\/le-ministre-de-la-culture-marocain-medhi-bensaid-et-la-coupe-du-monde-2030-une-opportunite-pour-montrer-le-royaume-aux-yeux-du-monde\\\/\",\"name\":\"Le ministre de la Culture marocain Medhi Bensaid et la Coupe\",\"isPartOf\":{\"@id\":\"http:\\\/\\\/monmaghreb.com\\\/#website\"},\"primaryImageOfPage\":{\"@id\":\"https:\\\/\\\/monmaghreb.com\\\/index.php\\\/2026\\\/04\\\/27\\\/le-ministre-de-la-culture-marocain-medhi-bensaid-et-la-coupe-du-monde-2030-une-opportunite-pour-montrer-le-royaume-aux-yeux-du-monde\\\/#primaryimage\"},\"image\":{\"@id\":\"https:\\\/\\\/monmaghreb.com\\\/index.php\\\/2026\\\/04\\\/27\\\/le-ministre-de-la-culture-marocain-medhi-bensaid-et-la-coupe-du-monde-2030-une-opportunite-pour-montrer-le-royaume-aux-yeux-du-monde\\\/#primaryimage\"},\"thumbnailUrl\":\"https:\\\/\\\/monmaghreb.com\\\/wp-content\\\/uploads\\\/2026\\\/04\\\/featured-403.jpg\",\"datePublished\":\"2026-04-27T11:04:19+00:00\",\"dateModified\":\"2026-04-27T11:04:24+00:00\",\"description\":\"Discover how Maroccan Culture Minister Medhi Bensaid plans to leverage the 2030 World Cup to showcase Morocco globally. Don't miss this opportunity!\",\"breadcrumb\":{\"@id\":\"https:\\\/\\\/monmaghreb.com\\\/index.php\\\/2026\\\/04\\\/27\\\/le-ministre-de-la-culture-marocain-medhi-bensaid-et-la-coupe-du-monde-2030-une-opportunite-pour-montrer-le-royaume-aux-yeux-du-monde\\\/#breadcrumb\"},\"inLanguage\":\"en-US\",\"potentialAction\":[{\"@type\":\"ReadAction\",\"target\":[\"https:\\\/\\\/monmaghreb.com\\\/index.php\\\/2026\\\/04\\\/27\\\/le-ministre-de-la-culture-marocain-medhi-bensaid-et-la-coupe-du-monde-2030-une-opportunite-pour-montrer-le-royaume-aux-yeux-du-monde\\\/\"]}]},{\"@type\":\"ImageObject\",\"inLanguage\":\"en-US\",\"@id\":\"https:\\\/\\\/monmaghreb.com\\\/index.php\\\/2026\\\/04\\\/27\\\/le-ministre-de-la-culture-marocain-medhi-bensaid-et-la-coupe-du-monde-2030-une-opportunite-pour-montrer-le-royaume-aux-yeux-du-monde\\\/#primaryimage\",\"url\":\"https:\\\/\\\/monmaghreb.com\\\/wp-content\\\/uploads\\\/2026\\\/04\\\/featured-403.jpg\",\"contentUrl\":\"https:\\\/\\\/monmaghreb.com\\\/wp-content\\\/uploads\\\/2026\\\/04\\\/featured-403.jpg\",\"width\":1880,\"height\":1255,\"caption\":\"Maroccan Culture Minister Medhi Bensaid at the World Cup 2030 stadium, engaging with international delegates\"},{\"@type\":\"BreadcrumbList\",\"@id\":\"https:\\\/\\\/monmaghreb.com\\\/index.php\\\/2026\\\/04\\\/27\\\/le-ministre-de-la-culture-marocain-medhi-bensaid-et-la-coupe-du-monde-2030-une-opportunite-pour-montrer-le-royaume-aux-yeux-du-monde\\\/#breadcrumb\",\"itemListElement\":[{\"@type\":\"ListItem\",\"position\":1,\"name\":\"Home\",\"item\":\"http:\\\/\\\/monmaghreb.com\\\/\"},{\"@type\":\"ListItem\",\"position\":2,\"name\":\"Le ministre de la Culture marocain Medhi Bensaid et la Coupe du monde 2030 : une opportunit\u00e9 pour montrer le royaume aux yeux du monde\"}]},{\"@type\":\"WebSite\",\"@id\":\"http:\\\/\\\/monmaghreb.com\\\/#website\",\"url\":\"http:\\\/\\\/monmaghreb.com\\\/\",\"name\":\"Mon Maghreb\",\"description\":\"MonMaghreb United\",\"publisher\":{\"@id\":\"http:\\\/\\\/monmaghreb.com\\\/#organization\"},\"alternateName\":\"Le Monde du Maghreb et au del\u00e0\",\"potentialAction\":[{\"@type\":\"SearchAction\",\"target\":{\"@type\":\"EntryPoint\",\"urlTemplate\":\"http:\\\/\\\/monmaghreb.com\\\/?s={search_term_string}\"},\"query-input\":{\"@type\":\"PropertyValueSpecification\",\"valueRequired\":true,\"valueName\":\"search_term_string\"}}],\"inLanguage\":\"en-US\"},{\"@type\":\"Organization\",\"@id\":\"http:\\\/\\\/monmaghreb.com\\\/#organization\",\"name\":\"Mon Maghreb\",\"url\":\"http:\\\/\\\/monmaghreb.com\\\/\",\"logo\":{\"@type\":\"ImageObject\",\"inLanguage\":\"en-US\",\"@id\":\"http:\\\/\\\/monmaghreb.com\\\/#\\\/schema\\\/logo\\\/image\\\/\",\"url\":\"https:\\\/\\\/monmaghreb.com\\\/wp-content\\\/uploads\\\/2025\\\/12\\\/Mon_Maghreb_Logo.jpg\",\"contentUrl\":\"https:\\\/\\\/monmaghreb.com\\\/wp-content\\\/uploads\\\/2025\\\/12\\\/Mon_Maghreb_Logo.jpg\",\"width\":814,\"height\":374,\"caption\":\"Mon Maghreb\"},\"image\":{\"@id\":\"http:\\\/\\\/monmaghreb.com\\\/#\\\/schema\\\/logo\\\/image\\\/\"}},{\"@type\":\"Person\",\"@id\":\"http:\\\/\\\/monmaghreb.com\\\/#\\\/schema\\\/person\\\/c469a89dc8c6b8987dcb438b1200d054\",\"name\":\"LaMagh\",\"image\":{\"@type\":\"ImageObject\",\"inLanguage\":\"en-US\",\"@id\":\"https:\\\/\\\/secure.gravatar.com\\\/avatar\\\/399d8144bd55fba55e056779aca52fe528bac7911f6449e54d81173d6dfd7f0a?s=96&d=mm&r=g\",\"url\":\"https:\\\/\\\/secure.gravatar.com\\\/avatar\\\/399d8144bd55fba55e056779aca52fe528bac7911f6449e54d81173d6dfd7f0a?s=96&d=mm&r=g\",\"contentUrl\":\"https:\\\/\\\/secure.gravatar.com\\\/avatar\\\/399d8144bd55fba55e056779aca52fe528bac7911f6449e54d81173d6dfd7f0a?s=96&d=mm&r=g\",\"caption\":\"LaMagh\"},\"sameAs\":[\"https:\\\/\\\/monmaghreb.com\",\"https:\\\/\\\/www.facebook.com\\\/monmaghrebcom\",\"https:\\\/\\\/x.com\\\/MMaghreb50977\"],\"url\":\"https:\\\/\\\/monmaghreb.com\\\/index.php\\\/author\\\/lamagh\\\/\"}]}<\/script>\n<!-- \/ Yoast SEO plugin. -->","yoast_head_json":{"title":"Le ministre de la Culture marocain Medhi Bensaid et la Coupe","description":"Discover how Maroccan Culture Minister Medhi Bensaid plans to leverage the 2030 World Cup to showcase Morocco globally. Don't miss this opportunity!","robots":{"index":"index","follow":"follow","max-snippet":"max-snippet:-1","max-image-preview":"max-image-preview:large","max-video-preview":"max-video-preview:-1"},"canonical":"https:\/\/monmaghreb.com\/index.php\/2026\/04\/27\/le-ministre-de-la-culture-marocain-medhi-bensaid-et-la-coupe-du-monde-2030-une-opportunite-pour-montrer-le-royaume-aux-yeux-du-monde\/","og_locale":"en_US","og_type":"article","og_title":"Le ministre de la Culture marocain Medhi Bensaid et la Coupe du monde 2030 : une opportunit\u00e9 pour montrer le royaume aux yeux du monde","og_description":"Discover how Maroccan Culture Minister Medhi Bensaid plans to leverage the 2030 World Cup to showcase Morocco globally. Don't miss this opportunity!","og_url":"https:\/\/monmaghreb.com\/index.php\/2026\/04\/27\/le-ministre-de-la-culture-marocain-medhi-bensaid-et-la-coupe-du-monde-2030-une-opportunite-pour-montrer-le-royaume-aux-yeux-du-monde\/","og_site_name":"Mon Maghreb","article_author":"https:\/\/www.facebook.com\/monmaghrebcom","article_published_time":"2026-04-27T11:04:19+00:00","article_modified_time":"2026-04-27T11:04:24+00:00","og_image":[{"width":1880,"height":1255,"url":"https:\/\/monmaghreb.com\/wp-content\/uploads\/2026\/04\/featured-403.jpg","type":"image\/jpeg"}],"author":"LaMagh","twitter_card":"summary_large_image","twitter_creator":"@MMaghreb50977","twitter_misc":{"Written by":"LaMagh","Est. reading time":"3 minutes"},"schema":{"@context":"https:\/\/schema.org","@graph":[{"@type":"Article","@id":"https:\/\/monmaghreb.com\/index.php\/2026\/04\/27\/le-ministre-de-la-culture-marocain-medhi-bensaid-et-la-coupe-du-monde-2030-une-opportunite-pour-montrer-le-royaume-aux-yeux-du-monde\/#article","isPartOf":{"@id":"https:\/\/monmaghreb.com\/index.php\/2026\/04\/27\/le-ministre-de-la-culture-marocain-medhi-bensaid-et-la-coupe-du-monde-2030-une-opportunite-pour-montrer-le-royaume-aux-yeux-du-monde\/"},"author":{"name":"LaMagh","@id":"http:\/\/monmaghreb.com\/#\/schema\/person\/c469a89dc8c6b8987dcb438b1200d054"},"headline":"Le ministre de la Culture marocain Medhi Bensaid et la Coupe du monde 2030 : une opportunit\u00e9 pour montrer le royaume aux yeux du monde","datePublished":"2026-04-27T11:04:19+00:00","dateModified":"2026-04-27T11:04:24+00:00","mainEntityOfPage":{"@id":"https:\/\/monmaghreb.com\/index.php\/2026\/04\/27\/le-ministre-de-la-culture-marocain-medhi-bensaid-et-la-coupe-du-monde-2030-une-opportunite-pour-montrer-le-royaume-aux-yeux-du-monde\/"},"wordCount":722,"publisher":{"@id":"http:\/\/monmaghreb.com\/#organization"},"image":{"@id":"https:\/\/monmaghreb.com\/index.php\/2026\/04\/27\/le-ministre-de-la-culture-marocain-medhi-bensaid-et-la-coupe-du-monde-2030-une-opportunite-pour-montrer-le-royaume-aux-yeux-du-monde\/#primaryimage"},"thumbnailUrl":"https:\/\/monmaghreb.com\/wp-content\/uploads\/2026\/04\/featured-403.jpg","keywords":["africa football","cultural diplomacy","global exposure","marocain culture","world cup 2030"],"articleSection":["Ramadan &amp; Iftar"],"inLanguage":"en-US"},{"@type":"WebPage","@id":"https:\/\/monmaghreb.com\/index.php\/2026\/04\/27\/le-ministre-de-la-culture-marocain-medhi-bensaid-et-la-coupe-du-monde-2030-une-opportunite-pour-montrer-le-royaume-aux-yeux-du-monde\/","url":"https:\/\/monmaghreb.com\/index.php\/2026\/04\/27\/le-ministre-de-la-culture-marocain-medhi-bensaid-et-la-coupe-du-monde-2030-une-opportunite-pour-montrer-le-royaume-aux-yeux-du-monde\/","name":"Le ministre de la Culture marocain Medhi Bensaid et la Coupe","isPartOf":{"@id":"http:\/\/monmaghreb.com\/#website"},"primaryImageOfPage":{"@id":"https:\/\/monmaghreb.com\/index.php\/2026\/04\/27\/le-ministre-de-la-culture-marocain-medhi-bensaid-et-la-coupe-du-monde-2030-une-opportunite-pour-montrer-le-royaume-aux-yeux-du-monde\/#primaryimage"},"image":{"@id":"https:\/\/monmaghreb.com\/index.php\/2026\/04\/27\/le-ministre-de-la-culture-marocain-medhi-bensaid-et-la-coupe-du-monde-2030-une-opportunite-pour-montrer-le-royaume-aux-yeux-du-monde\/#primaryimage"},"thumbnailUrl":"https:\/\/monmaghreb.com\/wp-content\/uploads\/2026\/04\/featured-403.jpg","datePublished":"2026-04-27T11:04:19+00:00","dateModified":"2026-04-27T11:04:24+00:00","description":"Discover how Maroccan Culture Minister Medhi Bensaid plans to leverage the 2030 World Cup to showcase Morocco globally. Don't miss this opportunity!","breadcrumb":{"@id":"https:\/\/monmaghreb.com\/index.php\/2026\/04\/27\/le-ministre-de-la-culture-marocain-medhi-bensaid-et-la-coupe-du-monde-2030-une-opportunite-pour-montrer-le-royaume-aux-yeux-du-monde\/#breadcrumb"},"inLanguage":"en-US","potentialAction":[{"@type":"ReadAction","target":["https:\/\/monmaghreb.com\/index.php\/2026\/04\/27\/le-ministre-de-la-culture-marocain-medhi-bensaid-et-la-coupe-du-monde-2030-une-opportunite-pour-montrer-le-royaume-aux-yeux-du-monde\/"]}]},{"@type":"ImageObject","inLanguage":"en-US","@id":"https:\/\/monmaghreb.com\/index.php\/2026\/04\/27\/le-ministre-de-la-culture-marocain-medhi-bensaid-et-la-coupe-du-monde-2030-une-opportunite-pour-montrer-le-royaume-aux-yeux-du-monde\/#primaryimage","url":"https:\/\/monmaghreb.com\/wp-content\/uploads\/2026\/04\/featured-403.jpg","contentUrl":"https:\/\/monmaghreb.com\/wp-content\/uploads\/2026\/04\/featured-403.jpg","width":1880,"height":1255,"caption":"Maroccan Culture Minister Medhi Bensaid at the World Cup 2030 stadium, engaging with international delegates"},{"@type":"BreadcrumbList","@id":"https:\/\/monmaghreb.com\/index.php\/2026\/04\/27\/le-ministre-de-la-culture-marocain-medhi-bensaid-et-la-coupe-du-monde-2030-une-opportunite-pour-montrer-le-royaume-aux-yeux-du-monde\/#breadcrumb","itemListElement":[{"@type":"ListItem","position":1,"name":"Home","item":"http:\/\/monmaghreb.com\/"},{"@type":"ListItem","position":2,"name":"Le ministre de la Culture marocain Medhi Bensaid et la Coupe du monde 2030 : une opportunit\u00e9 pour montrer le royaume aux yeux du monde"}]},{"@type":"WebSite","@id":"http:\/\/monmaghreb.com\/#website","url":"http:\/\/monmaghreb.com\/","name":"Mon Maghreb","description":"MonMaghreb United","publisher":{"@id":"http:\/\/monmaghreb.com\/#organization"},"alternateName":"Le Monde du Maghreb et au del\u00e0","potentialAction":[{"@type":"SearchAction","target":{"@type":"EntryPoint","urlTemplate":"http:\/\/monmaghreb.com\/?s={search_term_string}"},"query-input":{"@type":"PropertyValueSpecification","valueRequired":true,"valueName":"search_term_string"}}],"inLanguage":"en-US"},{"@type":"Organization","@id":"http:\/\/monmaghreb.com\/#organization","name":"Mon Maghreb","url":"http:\/\/monmaghreb.com\/","logo":{"@type":"ImageObject","inLanguage":"en-US","@id":"http:\/\/monmaghreb.com\/#\/schema\/logo\/image\/","url":"https:\/\/monmaghreb.com\/wp-content\/uploads\/2025\/12\/Mon_Maghreb_Logo.jpg","contentUrl":"https:\/\/monmaghreb.com\/wp-content\/uploads\/2025\/12\/Mon_Maghreb_Logo.jpg","width":814,"height":374,"caption":"Mon Maghreb"},"image":{"@id":"http:\/\/monmaghreb.com\/#\/schema\/logo\/image\/"}},{"@type":"Person","@id":"http:\/\/monmaghreb.com\/#\/schema\/person\/c469a89dc8c6b8987dcb438b1200d054","name":"LaMagh","image":{"@type":"ImageObject","inLanguage":"en-US","@id":"https:\/\/secure.gravatar.com\/avatar\/399d8144bd55fba55e056779aca52fe528bac7911f6449e54d81173d6dfd7f0a?s=96&d=mm&r=g","url":"https:\/\/secure.gravatar.com\/avatar\/399d8144bd55fba55e056779aca52fe528bac7911f6449e54d81173d6dfd7f0a?s=96&d=mm&r=g","contentUrl":"https:\/\/secure.gravatar.com\/avatar\/399d8144bd55fba55e056779aca52fe528bac7911f6449e54d81173d6dfd7f0a?s=96&d=mm&r=g","caption":"LaMagh"},"sameAs":["https:\/\/monmaghreb.com","https:\/\/www.facebook.com\/monmaghrebcom","https:\/\/x.com\/MMaghreb50977"],"url":"https:\/\/monmaghreb.com\/index.php\/author\/lamagh\/"}]}},"_links":{"self":[{"href":"https:\/\/monmaghreb.com\/index.php\/wp-json\/wp\/v2\/posts\/3534","targetHints":{"allow":["GET"]}}],"collection":[{"href":"https:\/\/monmaghreb.com\/index.php\/wp-json\/wp\/v2\/posts"}],"about":[{"href":"https:\/\/monmaghreb.com\/index.php\/wp-json\/wp\/v2\/types\/post"}],"author":[{"embeddable":true,"href":"https:\/\/monmaghreb.com\/index.php\/wp-json\/wp\/v2\/users\/1"}],"replies":[{"embeddable":true,"href":"https:\/\/monmaghreb.com\/index.php\/wp-json\/wp\/v2\/comments?post=3534"}],"version-history":[{"count":1,"href":"https:\/\/monmaghreb.com\/index.php\/wp-json\/wp\/v2\/posts\/3534\/revisions"}],"predecessor-version":[{"id":3535,"href":"https:\/\/monmaghreb.com\/index.php\/wp-json\/wp\/v2\/posts\/3534\/revisions\/3535"}],"wp:featuredmedia":[{"embeddable":true,"href":"https:\/\/monmaghreb.com\/index.php\/wp-json\/wp\/v2\/media\/3533"}],"wp:attachment":[{"href":"https:\/\/monmaghreb.com\/index.php\/wp-json\/wp\/v2\/media?parent=3534"}],"wp:term":[{"taxonomy":"category","embeddable":true,"href":"https:\/\/monmaghreb.com\/index.php\/wp-json\/wp\/v2\/categories?post=3534"},{"taxonomy":"post_tag","embeddable":true,"href":"https:\/\/monmaghreb.com\/index.php\/wp-json\/wp\/v2\/tags?post=3534"}],"curies":[{"name":"wp","href":"https:\/\/api.w.org\/{rel}","templated":true}]}}