{"id":3552,"date":"2026-04-27T14:04:13","date_gmt":"2026-04-27T14:04:13","guid":{"rendered":"https:\/\/monmaghreb.com\/index.php\/2026\/04\/27\/la-web-serie-aji-tfham-revient-avec-un-episode-sur-lannee-1830-une-aventure-maroco-algerienne\/"},"modified":"2026-04-27T14:04:16","modified_gmt":"2026-04-27T14:04:16","slug":"la-web-serie-aji-tfham-revient-avec-un-episode-sur-lannee-1830-une-aventure-maroco-algerienne","status":"publish","type":"post","link":"https:\/\/monmaghreb.com\/index.php\/2026\/04\/27\/la-web-serie-aji-tfham-revient-avec-un-episode-sur-lannee-1830-une-aventure-maroco-algerienne\/","title":{"rendered":"La web-s\u00e9rie &#8216;Aji Tfham&#8217; revient avec un \u00e9pisode sur l&#8217;ann\u00e9e 1830 : une aventure maroco-alg\u00e9rienne"},"content":{"rendered":"<p><!DOCTYPE html><br \/>\n<html lang='fr'><br \/>\n<head><br \/>\n  <meta charset='UTF-8'><br \/>\n  <meta name='viewport' content='width=device-width, initial-scale=1.0'><br \/>\n  <title>Aji Tfham : la web-s\u00e9rie historique maroco-alg\u00e9rienne<\/title><br \/>\n<\/head><br \/>\n<body><\/p>\n<h1>La web-s\u00e9rie &#8216;Aji Tfham&#8217; revient avec un \u00e9pisode sur l&#8217;ann\u00e9e 1830 : une aventure maroco-alg\u00e9rienne<\/h1>\n<p>Apr\u00e8s avoir suivi les aventures de la web-s\u00e9rie historique &#8216;Aji Tfham&#8217;, vous \u00eates sans doute impatients de d\u00e9couvrir ce qu&#8217;elle a en r\u00e9serve pour cette nouvelle saison. Et nous sommes heureux de vous annoncer que l&#8217;\u00e9quipe derri\u00e8re ce projet ph\u00e9nom\u00e9nal est de retour avec un \u00e9pisode in\u00e9dit qui plonge dans l&#8217;ann\u00e9e 1830 pour une aventure maroco-alg\u00e9rienne \u00e0 couper le souffle.<\/p>\n<h2>L&#8217;\u00e9poque historique de l&#8217;\u00e8re d&#8217;Abdelkader<\/h2>\n<p>Ce nouvel \u00e9pisode met en sc\u00e8ne l&#8217;une des p\u00e9riodes les plus dramatiques de l&#8217;histoire du Maghreb, o\u00f9 la r\u00e9sistance h\u00e9ro\u00efque men\u00e9e par Abdelkader, le c\u00e9l\u00e8bre chef berb\u00e8re, est \u00e0 son apog\u00e9e. Les combats entre les forces d&#8217;Abdelkader et celles de l&#8217;ennemi sont d\u00e9crits en d\u00e9tail, nous transportant dans des villes telles que Tlemcen et Mascara, o\u00f9 la vie quotidienne est marqu\u00e9e par la pr\u00e9sence fran\u00e7aise.<\/p>\n<p>Les \u00e9pisodes de &#8216;Aji Tfham&#8217; ne sont pas juste une suite de combats et d&#8217;aventures. Ils nous pr\u00e9sentent \u00e9galement les personnalit\u00e9s marquantes de l&#8217;\u00e9poque, tels que le sultan Mohammed Ben Abdallah, qui lutta pour la lib\u00e9ration du Maroc face \u00e0 la domination espagnole, et le g\u00e9n\u00e9ral Thomas Robert Bugeaud, un des plus grands strat\u00e8ges militaires de l&#8217;\u00e9poque.<\/p>\n<h2>Les personnages historiques qui animent le sc\u00e9nario<\/h2>\n<p>Cette nouvelle saison s&#8217;appuie sur des \u00e9v\u00e9nements historiques pour mettre en lumi\u00e8re les personnalit\u00e9s marquantes de l&#8217;\u00e9poque. Aji Tfham, figure embl\u00e9matique des combats contre l&#8217;occupation \u00e9trang\u00e8re, est au c\u0153ur de ce nouvel \u00e9pisode.<\/p>\n<p>Le personnage d&#8217;Aji Tfham incarne la r\u00e9sistance et le courage face \u00e0 une occupation imp\u00e9riale. Son parcours nous am\u00e8ne \u00e0 d\u00e9couvrir les complexit\u00e9s de sa vie, entre l&#8217;amour, la guerre et la lutte pour la libert\u00e9.<\/p>\n<h2>Les costumes, les d\u00e9corations et la musique authentiques<\/h2>\n<p>L&#8217;un des atouts principaux de &#8216;Aji Tfham&#8217; est son r\u00e9alisme. Les costumes traditionnels, les d\u00e9cors historiquement v\u00e9ridiques et la musique authentique r\u00e9v\u00e8lent l&#8217;\u00e9tendue de la recherche de v\u00e9rit\u00e9 \u00e0 l&#8217;int\u00e9rieur du projet.<\/p>\n<p>Les costumes sont inspir\u00e9s des modes de vie des tribus berb\u00e8res, tandis que les d\u00e9cors refl\u00e8tent l&#8217;architecture typique des villes alg\u00e9riennes de l&#8217;\u00e9poque. La musique traditionnelle alg\u00e9rienne et marocaine apporte une touche authentique au r\u00e9cit.<\/p>\n<h2>Un appel \u00e0 l&#8217;action pour les lecteurs de la diaspora maghr\u00e9bine<\/h2>\n<p>Au lieu de simplement suivre l&#8217;histoire, nous vous invitions \u00e0 \u00eatre partie prenante du mouvement. Partagez vos opinions sur cet \u00e9pisode, comme si vous \u00e9tiez vous-m\u00eame un des personnages de &#8216;Aji Tfham&#8217;. Nous voulons que ce soit une web-s\u00e9rie historique qui refl\u00e8te les valeurs et l&#8217;histoire du Maghreb.<\/p>\n<p>Pour soutenir plus fortement le projet, envisagez de partager des photos ou des vid\u00e9os des d\u00e9cors et costumes de la s\u00e9rie, ainsi que des extracts musicaux. Nous sommes s\u00fbrs que cela contribuera \u00e0 donner un nouvel \u00e9lan au mouvement.<\/p>\n<div style=\"background:#f8f9fa;border-left:4px solid #0066cc;border-radius:6px;padding:20px 24px;margin:32px 0;\">\n<p style=\"font-size:13px;color:#888;text-transform:uppercase;letter-spacing:0.8px;margin:0 0 6px 0;\">Vous pourriez aussi aimer<\/p>\n<h3 style=\"font-size:18px;margin:0 0 14px 0;color:#222;\">Articles similaires<\/h3>\n<ul style=\"margin:0;padding-left:20px;list-style:disc;\">\n<li style=\"margin-bottom:10px;\"><a href=\"https:\/\/monmaghreb.com\/index.php\/2026\/04\/27\/gac-emzoom-lifestyle-serie-limitee-decouvrez-la-voiture-de-reve\/\" style=\"color:#0066cc;text-decoration:none;font-weight:500;\" title=\"GAC Emzoom Lifestyle S\u00e9rie limit\u00e9e : d\u00e9couvrez la voiture de r\u00eave\">GAC Emzoom Lifestyle S\u00e9rie limit\u00e9e : d\u00e9couvrez la voiture de r\u00eave<\/a><\/li>\n<li style=\"margin-bottom:10px;\"><a href=\"https:\/\/monmaghreb.com\/index.php\/2026\/04\/26\/rechta-revisitee-et-farandoles-de-bourek-la-gastronomie-algerienne-sembourgeoise-a-paris\/\" style=\"color:#0066cc;text-decoration:none;font-weight:500;\" title=\"Rechta revisit\u00e9e et farandoles de bourek : la gastronomie alg\u00e9rienne s&#8217;embourgeoise \u00e0 Paris\">Rechta revisit\u00e9e et farandoles de bourek : la gastronomie alg\u00e9rienne s&#8217;embourgeoise \u00e0 Paris<\/a><\/li>\n<li style=\"margin-bottom:10px;\"><a href=\"https:\/\/monmaghreb.com\/index.php\/2026\/04\/23\/mohamed-cheikh-la-star-du-top-chef-2021-la-cuisine-algerienne-est-a-redecouverte\/\" style=\"color:#0066cc;text-decoration:none;font-weight:500;\" title=\"Mohamed Cheikh, la star du Top Chef 2021 : la cuisine alg\u00e9rienne est \u00e0 red\u00e9couverte\">Mohamed Cheikh, la star du Top Chef 2021 : la cuisine alg\u00e9rienne est \u00e0 red\u00e9couverte<\/a><\/li>\n<li style=\"margin-bottom:10px;\"><a href=\"https:\/\/monmaghreb.com\/index.php\/2026\/04\/23\/mohamed-cheikh-vainqueur-de-top-chef-2021-le-promotion-de-la-reconnaissance-globale-de-la-cuisine-algerienne\/\" style=\"color:#0066cc;text-decoration:none;font-weight:500;\" title=\"Mohamed Cheikh, Vainqueur de Top Chef 2021 : Le promotion de la reconnaissance globale de la cuisine alg\u00e9rienne\">Mohamed Cheikh, Vainqueur de Top Chef 2021 : Le promotion de la reconnaissance globale de la cuisine alg\u00e9rienne<\/a><\/li>\n<li style=\"margin-bottom:10px;\"><a href=\"https:\/\/monmaghreb.com\/index.php\/2026\/04\/22\/la-cuisine-algerienne-simpose-a-paris-mahdi-abid-un-autre-chef-algerien-qui-simpose\/\" style=\"color:#0066cc;text-decoration:none;font-weight:500;\" title=\"La cuisine alg\u00e9rienne s&#8217;impose \u00e0 Paris : Mahdi Abid, un autre chef alg\u00e9rien qui s\u2019impose\">La cuisine alg\u00e9rienne s&#8217;impose \u00e0 Paris : Mahdi Abid, un autre chef alg\u00e9rien qui s\u2019impose<\/a><\/li>\n<\/ul>\n<\/div>\n<p><\/body><br \/>\n<\/html><\/p>\n","protected":false},"excerpt":{"rendered":"<p>La web-s\u00e9rie &#8216;Aji Tfham&#8217; revient avec un \u00e9pisode sur l&#8217;ann\u00e9e 1830 : une aventure maroco-alg\u00e9rienne<\/p>\n","protected":false},"author":1,"featured_media":3551,"comment_status":"closed","ping_status":"open","sticky":false,"template":"","format":"standard","meta":{"_yoast_wpseo_focuskw":"webs\u00e9rie aji tfham revient","_yoast_wpseo_title":"La web-s\u00e9rie 'Aji Tfham' revient avec un \u00e9pisode sur l'ann\u00e9e","_yoast_wpseo_metadesc":"La web-s\u00e9rie 'Aji Tfham' revient avec un \u00e9pisode sur l'ann\u00e9e 1830 : une aventure maroco-alg\u00e9rienne","_yoast_wpseo_canonical":"","_yoast_wpseo_opengraph-title":"La web-s\u00e9rie 'Aji Tfham' revient avec un \u00e9pisode sur l'ann\u00e9e 1830 : une aventure maroco-alg\u00e9rienne","_yoast_wpseo_opengraph-description":"La web-s\u00e9rie 'Aji Tfham' revient avec un \u00e9pisode sur l'ann\u00e9e 1830 : une aventure maroco-alg\u00e9rienne","_yoast_wpseo_opengraph-image":"","tdm_status":"","tdm_grid_status":"","footnotes":""},"categories":[97],"tags":[],"class_list":["post-3552","post","type-post","status-publish","format-standard","has-post-thumbnail","hentry","category-videos"],"yoast_head":"<!-- This site is optimized with the Yoast SEO plugin v27.4 - https:\/\/yoast.com\/product\/yoast-seo-wordpress\/ -->\n<title>La web-s\u00e9rie &#039;Aji Tfham&#039; revient avec un \u00e9pisode sur l&#039;ann\u00e9e<\/title>\n<meta name=\"description\" content=\"La web-s\u00e9rie &#039;Aji Tfham&#039; revient avec un \u00e9pisode sur l&#039;ann\u00e9e 1830 : une aventure maroco-alg\u00e9rienne\" \/>\n<meta name=\"robots\" content=\"index, follow, max-snippet:-1, max-image-preview:large, max-video-preview:-1\" \/>\n<link rel=\"canonical\" href=\"https:\/\/monmaghreb.com\/index.php\/2026\/04\/27\/la-web-serie-aji-tfham-revient-avec-un-episode-sur-lannee-1830-une-aventure-maroco-algerienne\/\" \/>\n<meta property=\"og:locale\" content=\"en_US\" \/>\n<meta property=\"og:type\" content=\"article\" \/>\n<meta property=\"og:title\" content=\"La web-s\u00e9rie &#039;Aji Tfham&#039; revient avec un \u00e9pisode sur l&#039;ann\u00e9e 1830 : une aventure maroco-alg\u00e9rienne\" \/>\n<meta property=\"og:description\" content=\"La web-s\u00e9rie &#039;Aji Tfham&#039; revient avec un \u00e9pisode sur l&#039;ann\u00e9e 1830 : une aventure maroco-alg\u00e9rienne\" \/>\n<meta property=\"og:url\" content=\"https:\/\/monmaghreb.com\/index.php\/2026\/04\/27\/la-web-serie-aji-tfham-revient-avec-un-episode-sur-lannee-1830-une-aventure-maroco-algerienne\/\" \/>\n<meta property=\"og:site_name\" content=\"Mon Maghreb\" \/>\n<meta property=\"article:author\" content=\"https:\/\/www.facebook.com\/monmaghrebcom\" \/>\n<meta property=\"article:published_time\" content=\"2026-04-27T14:04:13+00:00\" \/>\n<meta property=\"article:modified_time\" content=\"2026-04-27T14:04:16+00:00\" \/>\n<meta property=\"og:image\" content=\"https:\/\/monmaghreb.com\/wp-content\/uploads\/2026\/04\/featured-409.jpg\" \/>\n\t<meta property=\"og:image:width\" content=\"1880\" \/>\n\t<meta property=\"og:image:height\" content=\"1253\" \/>\n\t<meta property=\"og:image:type\" content=\"image\/jpeg\" \/>\n<meta name=\"author\" content=\"LaMagh\" \/>\n<meta name=\"twitter:card\" content=\"summary_large_image\" \/>\n<meta name=\"twitter:creator\" content=\"@MMaghreb50977\" \/>\n<meta name=\"twitter:label1\" content=\"Written by\" \/>\n\t<meta name=\"twitter:data1\" content=\"LaMagh\" \/>\n\t<meta name=\"twitter:label2\" content=\"Est. reading time\" \/>\n\t<meta name=\"twitter:data2\" content=\"3 minutes\" \/>\n<script type=\"application\/ld+json\" class=\"yoast-schema-graph\">{\"@context\":\"https:\\\/\\\/schema.org\",\"@graph\":[{\"@type\":\"Article\",\"@id\":\"https:\\\/\\\/monmaghreb.com\\\/index.php\\\/2026\\\/04\\\/27\\\/la-web-serie-aji-tfham-revient-avec-un-episode-sur-lannee-1830-une-aventure-maroco-algerienne\\\/#article\",\"isPartOf\":{\"@id\":\"https:\\\/\\\/monmaghreb.com\\\/index.php\\\/2026\\\/04\\\/27\\\/la-web-serie-aji-tfham-revient-avec-un-episode-sur-lannee-1830-une-aventure-maroco-algerienne\\\/\"},\"author\":{\"name\":\"LaMagh\",\"@id\":\"http:\\\/\\\/monmaghreb.com\\\/#\\\/schema\\\/person\\\/c469a89dc8c6b8987dcb438b1200d054\"},\"headline\":\"La web-s\u00e9rie &#8216;Aji Tfham&#8217; revient avec un \u00e9pisode sur l&#8217;ann\u00e9e 1830 : une aventure maroco-alg\u00e9rienne\",\"datePublished\":\"2026-04-27T14:04:13+00:00\",\"dateModified\":\"2026-04-27T14:04:16+00:00\",\"mainEntityOfPage\":{\"@id\":\"https:\\\/\\\/monmaghreb.com\\\/index.php\\\/2026\\\/04\\\/27\\\/la-web-serie-aji-tfham-revient-avec-un-episode-sur-lannee-1830-une-aventure-maroco-algerienne\\\/\"},\"wordCount\":642,\"publisher\":{\"@id\":\"http:\\\/\\\/monmaghreb.com\\\/#organization\"},\"image\":{\"@id\":\"https:\\\/\\\/monmaghreb.com\\\/index.php\\\/2026\\\/04\\\/27\\\/la-web-serie-aji-tfham-revient-avec-un-episode-sur-lannee-1830-une-aventure-maroco-algerienne\\\/#primaryimage\"},\"thumbnailUrl\":\"https:\\\/\\\/monmaghreb.com\\\/wp-content\\\/uploads\\\/2026\\\/04\\\/featured-409.jpg\",\"articleSection\":[\"Vid\u00e9os\"],\"inLanguage\":\"en-US\"},{\"@type\":\"WebPage\",\"@id\":\"https:\\\/\\\/monmaghreb.com\\\/index.php\\\/2026\\\/04\\\/27\\\/la-web-serie-aji-tfham-revient-avec-un-episode-sur-lannee-1830-une-aventure-maroco-algerienne\\\/\",\"url\":\"https:\\\/\\\/monmaghreb.com\\\/index.php\\\/2026\\\/04\\\/27\\\/la-web-serie-aji-tfham-revient-avec-un-episode-sur-lannee-1830-une-aventure-maroco-algerienne\\\/\",\"name\":\"La web-s\u00e9rie 'Aji Tfham' revient avec un \u00e9pisode sur l'ann\u00e9e\",\"isPartOf\":{\"@id\":\"http:\\\/\\\/monmaghreb.com\\\/#website\"},\"primaryImageOfPage\":{\"@id\":\"https:\\\/\\\/monmaghreb.com\\\/index.php\\\/2026\\\/04\\\/27\\\/la-web-serie-aji-tfham-revient-avec-un-episode-sur-lannee-1830-une-aventure-maroco-algerienne\\\/#primaryimage\"},\"image\":{\"@id\":\"https:\\\/\\\/monmaghreb.com\\\/index.php\\\/2026\\\/04\\\/27\\\/la-web-serie-aji-tfham-revient-avec-un-episode-sur-lannee-1830-une-aventure-maroco-algerienne\\\/#primaryimage\"},\"thumbnailUrl\":\"https:\\\/\\\/monmaghreb.com\\\/wp-content\\\/uploads\\\/2026\\\/04\\\/featured-409.jpg\",\"datePublished\":\"2026-04-27T14:04:13+00:00\",\"dateModified\":\"2026-04-27T14:04:16+00:00\",\"description\":\"La web-s\u00e9rie 'Aji Tfham' revient avec un \u00e9pisode sur l'ann\u00e9e 1830 : une aventure maroco-alg\u00e9rienne\",\"breadcrumb\":{\"@id\":\"https:\\\/\\\/monmaghreb.com\\\/index.php\\\/2026\\\/04\\\/27\\\/la-web-serie-aji-tfham-revient-avec-un-episode-sur-lannee-1830-une-aventure-maroco-algerienne\\\/#breadcrumb\"},\"inLanguage\":\"en-US\",\"potentialAction\":[{\"@type\":\"ReadAction\",\"target\":[\"https:\\\/\\\/monmaghreb.com\\\/index.php\\\/2026\\\/04\\\/27\\\/la-web-serie-aji-tfham-revient-avec-un-episode-sur-lannee-1830-une-aventure-maroco-algerienne\\\/\"]}]},{\"@type\":\"ImageObject\",\"inLanguage\":\"en-US\",\"@id\":\"https:\\\/\\\/monmaghreb.com\\\/index.php\\\/2026\\\/04\\\/27\\\/la-web-serie-aji-tfham-revient-avec-un-episode-sur-lannee-1830-une-aventure-maroco-algerienne\\\/#primaryimage\",\"url\":\"https:\\\/\\\/monmaghreb.com\\\/wp-content\\\/uploads\\\/2026\\\/04\\\/featured-409.jpg\",\"contentUrl\":\"https:\\\/\\\/monmaghreb.com\\\/wp-content\\\/uploads\\\/2026\\\/04\\\/featured-409.jpg\",\"width\":1880,\"height\":1253,\"caption\":\"webs\u00e9rie aji tfham revient featured image\"},{\"@type\":\"BreadcrumbList\",\"@id\":\"https:\\\/\\\/monmaghreb.com\\\/index.php\\\/2026\\\/04\\\/27\\\/la-web-serie-aji-tfham-revient-avec-un-episode-sur-lannee-1830-une-aventure-maroco-algerienne\\\/#breadcrumb\",\"itemListElement\":[{\"@type\":\"ListItem\",\"position\":1,\"name\":\"Home\",\"item\":\"http:\\\/\\\/monmaghreb.com\\\/\"},{\"@type\":\"ListItem\",\"position\":2,\"name\":\"La web-s\u00e9rie &#8216;Aji Tfham&#8217; revient avec un \u00e9pisode sur l&#8217;ann\u00e9e 1830 : une aventure maroco-alg\u00e9rienne\"}]},{\"@type\":\"WebSite\",\"@id\":\"http:\\\/\\\/monmaghreb.com\\\/#website\",\"url\":\"http:\\\/\\\/monmaghreb.com\\\/\",\"name\":\"Mon Maghreb\",\"description\":\"MonMaghreb United\",\"publisher\":{\"@id\":\"http:\\\/\\\/monmaghreb.com\\\/#organization\"},\"alternateName\":\"Le Monde du Maghreb et au del\u00e0\",\"potentialAction\":[{\"@type\":\"SearchAction\",\"target\":{\"@type\":\"EntryPoint\",\"urlTemplate\":\"http:\\\/\\\/monmaghreb.com\\\/?s={search_term_string}\"},\"query-input\":{\"@type\":\"PropertyValueSpecification\",\"valueRequired\":true,\"valueName\":\"search_term_string\"}}],\"inLanguage\":\"en-US\"},{\"@type\":\"Organization\",\"@id\":\"http:\\\/\\\/monmaghreb.com\\\/#organization\",\"name\":\"Mon Maghreb\",\"url\":\"http:\\\/\\\/monmaghreb.com\\\/\",\"logo\":{\"@type\":\"ImageObject\",\"inLanguage\":\"en-US\",\"@id\":\"http:\\\/\\\/monmaghreb.com\\\/#\\\/schema\\\/logo\\\/image\\\/\",\"url\":\"https:\\\/\\\/monmaghreb.com\\\/wp-content\\\/uploads\\\/2025\\\/12\\\/Mon_Maghreb_Logo.jpg\",\"contentUrl\":\"https:\\\/\\\/monmaghreb.com\\\/wp-content\\\/uploads\\\/2025\\\/12\\\/Mon_Maghreb_Logo.jpg\",\"width\":814,\"height\":374,\"caption\":\"Mon Maghreb\"},\"image\":{\"@id\":\"http:\\\/\\\/monmaghreb.com\\\/#\\\/schema\\\/logo\\\/image\\\/\"}},{\"@type\":\"Person\",\"@id\":\"http:\\\/\\\/monmaghreb.com\\\/#\\\/schema\\\/person\\\/c469a89dc8c6b8987dcb438b1200d054\",\"name\":\"LaMagh\",\"image\":{\"@type\":\"ImageObject\",\"inLanguage\":\"en-US\",\"@id\":\"https:\\\/\\\/secure.gravatar.com\\\/avatar\\\/399d8144bd55fba55e056779aca52fe528bac7911f6449e54d81173d6dfd7f0a?s=96&d=mm&r=g\",\"url\":\"https:\\\/\\\/secure.gravatar.com\\\/avatar\\\/399d8144bd55fba55e056779aca52fe528bac7911f6449e54d81173d6dfd7f0a?s=96&d=mm&r=g\",\"contentUrl\":\"https:\\\/\\\/secure.gravatar.com\\\/avatar\\\/399d8144bd55fba55e056779aca52fe528bac7911f6449e54d81173d6dfd7f0a?s=96&d=mm&r=g\",\"caption\":\"LaMagh\"},\"sameAs\":[\"https:\\\/\\\/monmaghreb.com\",\"https:\\\/\\\/www.facebook.com\\\/monmaghrebcom\",\"https:\\\/\\\/x.com\\\/MMaghreb50977\"],\"url\":\"https:\\\/\\\/monmaghreb.com\\\/index.php\\\/author\\\/lamagh\\\/\"}]}<\/script>\n<!-- \/ Yoast SEO plugin. -->","yoast_head_json":{"title":"La web-s\u00e9rie 'Aji Tfham' revient avec un \u00e9pisode sur l'ann\u00e9e","description":"La web-s\u00e9rie 'Aji Tfham' revient avec un \u00e9pisode sur l'ann\u00e9e 1830 : une aventure maroco-alg\u00e9rienne","robots":{"index":"index","follow":"follow","max-snippet":"max-snippet:-1","max-image-preview":"max-image-preview:large","max-video-preview":"max-video-preview:-1"},"canonical":"https:\/\/monmaghreb.com\/index.php\/2026\/04\/27\/la-web-serie-aji-tfham-revient-avec-un-episode-sur-lannee-1830-une-aventure-maroco-algerienne\/","og_locale":"en_US","og_type":"article","og_title":"La web-s\u00e9rie 'Aji Tfham' revient avec un \u00e9pisode sur l'ann\u00e9e 1830 : une aventure maroco-alg\u00e9rienne","og_description":"La web-s\u00e9rie 'Aji Tfham' revient avec un \u00e9pisode sur l'ann\u00e9e 1830 : une aventure maroco-alg\u00e9rienne","og_url":"https:\/\/monmaghreb.com\/index.php\/2026\/04\/27\/la-web-serie-aji-tfham-revient-avec-un-episode-sur-lannee-1830-une-aventure-maroco-algerienne\/","og_site_name":"Mon Maghreb","article_author":"https:\/\/www.facebook.com\/monmaghrebcom","article_published_time":"2026-04-27T14:04:13+00:00","article_modified_time":"2026-04-27T14:04:16+00:00","og_image":[{"width":1880,"height":1253,"url":"https:\/\/monmaghreb.com\/wp-content\/uploads\/2026\/04\/featured-409.jpg","type":"image\/jpeg"}],"author":"LaMagh","twitter_card":"summary_large_image","twitter_creator":"@MMaghreb50977","twitter_misc":{"Written by":"LaMagh","Est. reading time":"3 minutes"},"schema":{"@context":"https:\/\/schema.org","@graph":[{"@type":"Article","@id":"https:\/\/monmaghreb.com\/index.php\/2026\/04\/27\/la-web-serie-aji-tfham-revient-avec-un-episode-sur-lannee-1830-une-aventure-maroco-algerienne\/#article","isPartOf":{"@id":"https:\/\/monmaghreb.com\/index.php\/2026\/04\/27\/la-web-serie-aji-tfham-revient-avec-un-episode-sur-lannee-1830-une-aventure-maroco-algerienne\/"},"author":{"name":"LaMagh","@id":"http:\/\/monmaghreb.com\/#\/schema\/person\/c469a89dc8c6b8987dcb438b1200d054"},"headline":"La web-s\u00e9rie &#8216;Aji Tfham&#8217; revient avec un \u00e9pisode sur l&#8217;ann\u00e9e 1830 : une aventure maroco-alg\u00e9rienne","datePublished":"2026-04-27T14:04:13+00:00","dateModified":"2026-04-27T14:04:16+00:00","mainEntityOfPage":{"@id":"https:\/\/monmaghreb.com\/index.php\/2026\/04\/27\/la-web-serie-aji-tfham-revient-avec-un-episode-sur-lannee-1830-une-aventure-maroco-algerienne\/"},"wordCount":642,"publisher":{"@id":"http:\/\/monmaghreb.com\/#organization"},"image":{"@id":"https:\/\/monmaghreb.com\/index.php\/2026\/04\/27\/la-web-serie-aji-tfham-revient-avec-un-episode-sur-lannee-1830-une-aventure-maroco-algerienne\/#primaryimage"},"thumbnailUrl":"https:\/\/monmaghreb.com\/wp-content\/uploads\/2026\/04\/featured-409.jpg","articleSection":["Vid\u00e9os"],"inLanguage":"en-US"},{"@type":"WebPage","@id":"https:\/\/monmaghreb.com\/index.php\/2026\/04\/27\/la-web-serie-aji-tfham-revient-avec-un-episode-sur-lannee-1830-une-aventure-maroco-algerienne\/","url":"https:\/\/monmaghreb.com\/index.php\/2026\/04\/27\/la-web-serie-aji-tfham-revient-avec-un-episode-sur-lannee-1830-une-aventure-maroco-algerienne\/","name":"La web-s\u00e9rie 'Aji Tfham' revient avec un \u00e9pisode sur l'ann\u00e9e","isPartOf":{"@id":"http:\/\/monmaghreb.com\/#website"},"primaryImageOfPage":{"@id":"https:\/\/monmaghreb.com\/index.php\/2026\/04\/27\/la-web-serie-aji-tfham-revient-avec-un-episode-sur-lannee-1830-une-aventure-maroco-algerienne\/#primaryimage"},"image":{"@id":"https:\/\/monmaghreb.com\/index.php\/2026\/04\/27\/la-web-serie-aji-tfham-revient-avec-un-episode-sur-lannee-1830-une-aventure-maroco-algerienne\/#primaryimage"},"thumbnailUrl":"https:\/\/monmaghreb.com\/wp-content\/uploads\/2026\/04\/featured-409.jpg","datePublished":"2026-04-27T14:04:13+00:00","dateModified":"2026-04-27T14:04:16+00:00","description":"La web-s\u00e9rie 'Aji Tfham' revient avec un \u00e9pisode sur l'ann\u00e9e 1830 : une aventure maroco-alg\u00e9rienne","breadcrumb":{"@id":"https:\/\/monmaghreb.com\/index.php\/2026\/04\/27\/la-web-serie-aji-tfham-revient-avec-un-episode-sur-lannee-1830-une-aventure-maroco-algerienne\/#breadcrumb"},"inLanguage":"en-US","potentialAction":[{"@type":"ReadAction","target":["https:\/\/monmaghreb.com\/index.php\/2026\/04\/27\/la-web-serie-aji-tfham-revient-avec-un-episode-sur-lannee-1830-une-aventure-maroco-algerienne\/"]}]},{"@type":"ImageObject","inLanguage":"en-US","@id":"https:\/\/monmaghreb.com\/index.php\/2026\/04\/27\/la-web-serie-aji-tfham-revient-avec-un-episode-sur-lannee-1830-une-aventure-maroco-algerienne\/#primaryimage","url":"https:\/\/monmaghreb.com\/wp-content\/uploads\/2026\/04\/featured-409.jpg","contentUrl":"https:\/\/monmaghreb.com\/wp-content\/uploads\/2026\/04\/featured-409.jpg","width":1880,"height":1253,"caption":"webs\u00e9rie aji tfham revient featured image"},{"@type":"BreadcrumbList","@id":"https:\/\/monmaghreb.com\/index.php\/2026\/04\/27\/la-web-serie-aji-tfham-revient-avec-un-episode-sur-lannee-1830-une-aventure-maroco-algerienne\/#breadcrumb","itemListElement":[{"@type":"ListItem","position":1,"name":"Home","item":"http:\/\/monmaghreb.com\/"},{"@type":"ListItem","position":2,"name":"La web-s\u00e9rie &#8216;Aji Tfham&#8217; revient avec un \u00e9pisode sur l&#8217;ann\u00e9e 1830 : une aventure maroco-alg\u00e9rienne"}]},{"@type":"WebSite","@id":"http:\/\/monmaghreb.com\/#website","url":"http:\/\/monmaghreb.com\/","name":"Mon Maghreb","description":"MonMaghreb United","publisher":{"@id":"http:\/\/monmaghreb.com\/#organization"},"alternateName":"Le Monde du Maghreb et au del\u00e0","potentialAction":[{"@type":"SearchAction","target":{"@type":"EntryPoint","urlTemplate":"http:\/\/monmaghreb.com\/?s={search_term_string}"},"query-input":{"@type":"PropertyValueSpecification","valueRequired":true,"valueName":"search_term_string"}}],"inLanguage":"en-US"},{"@type":"Organization","@id":"http:\/\/monmaghreb.com\/#organization","name":"Mon Maghreb","url":"http:\/\/monmaghreb.com\/","logo":{"@type":"ImageObject","inLanguage":"en-US","@id":"http:\/\/monmaghreb.com\/#\/schema\/logo\/image\/","url":"https:\/\/monmaghreb.com\/wp-content\/uploads\/2025\/12\/Mon_Maghreb_Logo.jpg","contentUrl":"https:\/\/monmaghreb.com\/wp-content\/uploads\/2025\/12\/Mon_Maghreb_Logo.jpg","width":814,"height":374,"caption":"Mon Maghreb"},"image":{"@id":"http:\/\/monmaghreb.com\/#\/schema\/logo\/image\/"}},{"@type":"Person","@id":"http:\/\/monmaghreb.com\/#\/schema\/person\/c469a89dc8c6b8987dcb438b1200d054","name":"LaMagh","image":{"@type":"ImageObject","inLanguage":"en-US","@id":"https:\/\/secure.gravatar.com\/avatar\/399d8144bd55fba55e056779aca52fe528bac7911f6449e54d81173d6dfd7f0a?s=96&d=mm&r=g","url":"https:\/\/secure.gravatar.com\/avatar\/399d8144bd55fba55e056779aca52fe528bac7911f6449e54d81173d6dfd7f0a?s=96&d=mm&r=g","contentUrl":"https:\/\/secure.gravatar.com\/avatar\/399d8144bd55fba55e056779aca52fe528bac7911f6449e54d81173d6dfd7f0a?s=96&d=mm&r=g","caption":"LaMagh"},"sameAs":["https:\/\/monmaghreb.com","https:\/\/www.facebook.com\/monmaghrebcom","https:\/\/x.com\/MMaghreb50977"],"url":"https:\/\/monmaghreb.com\/index.php\/author\/lamagh\/"}]}},"_links":{"self":[{"href":"https:\/\/monmaghreb.com\/index.php\/wp-json\/wp\/v2\/posts\/3552","targetHints":{"allow":["GET"]}}],"collection":[{"href":"https:\/\/monmaghreb.com\/index.php\/wp-json\/wp\/v2\/posts"}],"about":[{"href":"https:\/\/monmaghreb.com\/index.php\/wp-json\/wp\/v2\/types\/post"}],"author":[{"embeddable":true,"href":"https:\/\/monmaghreb.com\/index.php\/wp-json\/wp\/v2\/users\/1"}],"replies":[{"embeddable":true,"href":"https:\/\/monmaghreb.com\/index.php\/wp-json\/wp\/v2\/comments?post=3552"}],"version-history":[{"count":1,"href":"https:\/\/monmaghreb.com\/index.php\/wp-json\/wp\/v2\/posts\/3552\/revisions"}],"predecessor-version":[{"id":3553,"href":"https:\/\/monmaghreb.com\/index.php\/wp-json\/wp\/v2\/posts\/3552\/revisions\/3553"}],"wp:featuredmedia":[{"embeddable":true,"href":"https:\/\/monmaghreb.com\/index.php\/wp-json\/wp\/v2\/media\/3551"}],"wp:attachment":[{"href":"https:\/\/monmaghreb.com\/index.php\/wp-json\/wp\/v2\/media?parent=3552"}],"wp:term":[{"taxonomy":"category","embeddable":true,"href":"https:\/\/monmaghreb.com\/index.php\/wp-json\/wp\/v2\/categories?post=3552"},{"taxonomy":"post_tag","embeddable":true,"href":"https:\/\/monmaghreb.com\/index.php\/wp-json\/wp\/v2\/tags?post=3552"}],"curies":[{"name":"wp","href":"https:\/\/api.w.org\/{rel}","templated":true}]}}