{"id":3558,"date":"2026-04-27T14:33:45","date_gmt":"2026-04-27T14:33:45","guid":{"rendered":"https:\/\/monmaghreb.com\/index.php\/2026\/04\/27\/le-theatre-royal-de-rabat-un-symbole-du-renouveau-culturel-et-artistique-marocain\/"},"modified":"2026-04-27T14:33:48","modified_gmt":"2026-04-27T14:33:48","slug":"le-theatre-royal-de-rabat-un-symbole-du-renouveau-culturel-et-artistique-marocain","status":"publish","type":"post","link":"https:\/\/monmaghreb.com\/index.php\/2026\/04\/27\/le-theatre-royal-de-rabat-un-symbole-du-renouveau-culturel-et-artistique-marocain\/","title":{"rendered":"Le Th\u00e9\u00e2tre royal de Rabat : un symbole du renouveau culturel et artistique marocain"},"content":{"rendered":"<p><!DOCTYPE html><br \/>\n<html lang='fr'><br \/>\n<head><br \/>\n\t<meta charset='UTF-8'><br \/>\n\t<meta name='viewport' content='width=device-width, initial-scale=1.0'><br \/>\n\t<title>Le Th\u00e9\u00e2tre royal de Rabat : un symbole du renouveau culturel et artistique <a href=\"https:\/\/monmaghreb.com\/index.php\/2026\/04\/27\/le-ministre-de-la-culture-marocain-medhi-bensaid-et-la-coupe-du-monde-2030-une-opportunite-pour-montrer-le-royaume-aux-yeux-du-monde\/\" title=\"Le ministre de la Culture marocain Medhi Bensaid et la Coupe du monde 2030 : une opportunit\u00e9 pour montrer le royaume aux yeux du monde\">marocain<\/a><\/title><br \/>\n<\/head><br \/>\n<body><\/p>\n<h1>Le Th\u00e9\u00e2tre royal de Rabat : un symbole du renouveau culturel et artistique marocain<\/h1>\n<p>Pour les lecteurs maghr\u00e9bins de la diaspora, il est temps de d\u00e9couvrir l&#8217;un des joyaux culturels r\u00e9cents du Maroc : le Th\u00e9\u00e2tre royal de Rabat. Ce th\u00e9\u00e2tre a \u00e9t\u00e9 construit en 1973 sous la direction de l&#8217;architecte marocain Youssef Chakir, et il est situ\u00e9 au c\u0153ur de la ville historique de Rabat.<\/p>\n<p>L&#8217;architecture du Th\u00e9\u00e2tre royal de Rabat est remarquablement moderne et contemporaine. Les murs en pierre de taille et du marbre cr\u00e9ent une ambiance raffin\u00e9e, tandis que les couleurs dominantes sont l&#8217;or et le blanc. Le th\u00e9\u00e2tre comprend deux salles : la grande salle qui peut accueillir jusqu&#8217;\u00e0 1500 spectateurs et la petite salle pour 300 spectateurs.<\/p>\n<h2>Une architecture remarquable<\/h2>\n<p>L&#8217;un des aspects les plus int\u00e9ressants du Th\u00e9\u00e2tre royal de Rabat est son design original. Les murs en pierre de taille et du marbre cr\u00e9ent un contraste saisissant avec les couleurs vives des d\u00e9cors et des costumes utilis\u00e9s pour les spectacles.<\/p>\n<p>Le th\u00e9\u00e2tre a \u00e9galement \u00e9t\u00e9 con\u00e7u pour \u00eatre un lieu de rencontre culturel. L&#8217;espace public qui l&#8217;entoure offre une ambiance calme et raffin\u00e9e, id\u00e9ale pour discuter ou appr\u00e9cier une repr\u00e9sentation.<\/p>\n<h2>Un lieu de rencontre culturel<\/h2>\n<p>Le Th\u00e9\u00e2tre royal de Rabat a jou\u00e9 un r\u00f4le important dans le d\u00e9veloppement de la sc\u00e8ne culturelle marocaine. Il est devenu une plateforme pour les artistes marocains et internationaux \u00e0 pr\u00e9senter leurs \u0153uvres aux spectateurs.<\/p>\n<p>Depuis son ouverture, il a accueilli des artistes et groupes musicaux tels que Rachid Taha, Kadim Al Saher, Cheb Mami, et de nombreux autres. Il est \u00e9galement un lieu pour les spectacles th\u00e9\u00e2traux, les concerts, les expositions d&#8217;art contemporain et les conf\u00e9rences.<\/p>\n<h2>Les festivals culturels<\/h2>\n<p>Le Th\u00e9\u00e2tre royal de Rabat est le lieu o\u00f9 sont organis\u00e9s plusieurs festivals culturels importants au Maroc. Parmi eux, le festival international du th\u00e9\u00e2tre de Rabat (FITR) qui a \u00e9t\u00e9 cr\u00e9\u00e9 en 1987 et a attir\u00e9 des milliers de spectateurs chaque ann\u00e9e.<\/p>\n<p>Le FITR est un \u00e9v\u00e9nement culturel majeur qui permet \u00e0 des artistes et des compagnies th\u00e9\u00e2trales nationales et internationales de pr\u00e9senter leurs \u0153uvres au Maroc. Il met \u00e9galement en lumi\u00e8re les compagnies locales marocaines.<\/p>\n<h2>Le soutien \u00e0 la jeunesse<\/h2>\n<p>Le Th\u00e9\u00e2tre royal de Rabat offre \u00e9galement un soutien important \u00e0 la jeunesse marocaine. Il organise des ateliers et des stages pour aider les jeunes artistes \u00e0 d\u00e9velopper leurs comp\u00e9tences.<\/p>\n<p>Cela inclut le programme d&#8217;apprentissage professionnel du th\u00e9\u00e2tre, qui offre aux jeunes un acc\u00e8s au travail dans l&#8217;industrie du spectacle. Il y a \u00e9galement des ateliers de danse, d&#8217;\u00e9criture dramatique et de th\u00e9\u00e2tre pour enfants.<\/p>\n<h2>Un appel \u00e0 la participation<\/h2>\n<p>Pour les lecteurs maghr\u00e9bins de la diaspora, nous vous invitons \u00e0 d\u00e9couvrir le Th\u00e9\u00e2tre royal de Rabat lors de votre prochain voyage au Maroc. C&#8217;est un endroit o\u00f9 la culture marocaine est en pleine effervescence et o\u00f9 les artistes se r\u00e9unissent pour partager leur passion avec leurs spectateurs.<\/p>\n<div style=\"background:#f8f9fa;border-left:4px solid #0066cc;border-radius:6px;padding:20px 24px;margin:32px 0;\">\n<p style=\"font-size:13px;color:#888;text-transform:uppercase;letter-spacing:0.8px;margin:0 0 6px 0;\">Vous pourriez aussi aimer<\/p>\n<h3 style=\"font-size:18px;margin:0 0 14px 0;color:#222;\">Articles similaires<\/h3>\n<ul style=\"margin:0;padding-left:20px;list-style:disc;\">\n<li style=\"margin-bottom:10px;\"><a href=\"https:\/\/monmaghreb.com\/index.php\/2026\/04\/27\/le-ministre-de-la-culture-marocain-medhi-bensaid-et-la-coupe-du-monde-2030-une-opportunite-pour-montrer-le-royaume-aux-yeux-du-monde\/\" style=\"color:#0066cc;text-decoration:none;font-weight:500;\" title=\"Le ministre de la Culture marocain Medhi Bensaid et la Coupe du monde 2030 : une opportunit\u00e9 pour montrer le royaume aux yeux du monde\">Le ministre de la Culture marocain Medhi Bensaid et la Coupe du monde 2030 : une opportunit\u00e9 pour montrer le royaume aux yeux du monde<\/a><\/li>\n<li style=\"margin-bottom:10px;\"><a href=\"https:\/\/monmaghreb.com\/index.php\/2026\/04\/26\/lonu-inaugure-un-nouveau-bureau-strategique-pour-le-tourisme-a-rabat-une-opportunite-inesperee-pour-le-maghreb\/\" style=\"color:#0066cc;text-decoration:none;font-weight:500;\" title=\"L&#8217;ONU inaugure un nouveau bureau strat\u00e9gique pour le tourisme \u00e0 Rabat : une opportunit\u00e9 inesp\u00e9r\u00e9e pour le Maghreb\">L&#8217;ONU inaugure un nouveau bureau strat\u00e9gique pour le tourisme \u00e0 Rabat : une opportunit\u00e9 inesp\u00e9r\u00e9e pour le Maghreb<\/a><\/li>\n<li style=\"margin-bottom:10px;\"><a href=\"https:\/\/monmaghreb.com\/index.php\/2026\/04\/26\/kerosene-la-suppression-des-vols-royal-air-maroc-et-les-inquietudes-pour-le-tourisme-marocain\/\" style=\"color:#0066cc;text-decoration:none;font-weight:500;\" title=\"K\u00e9ros\u00e8ne : la suppression des vols Royal Air Maroc et les inqui\u00e9tudes pour le tourisme marocain\">K\u00e9ros\u00e8ne : la suppression des vols Royal Air Maroc et les inqui\u00e9tudes pour le tourisme marocain<\/a><\/li>\n<li style=\"margin-bottom:10px;\"><a href=\"https:\/\/monmaghreb.com\/index.php\/2026\/04\/25\/laugmentation-de-la-consommation-de-gaz-naturel-au-maroc-grace-a-lexploitation-du-maghreb-europe-un-nouvel-elan-pour-le-developpement-economique-marocain\/\" style=\"color:#0066cc;text-decoration:none;font-weight:500;\" title=\"L&#8217;augmentation de la consommation de gaz naturel au Maroc gr\u00e2ce \u00e0 l&#8217;exploitation du Maghreb-Europe : un nouvel \u00e9lan pour le d\u00e9veloppement \u00e9conomique marocain\">L&#8217;augmentation de la consommation de gaz naturel au Maroc gr\u00e2ce \u00e0 l&#8217;exploitation du Maghreb-Europe : un nouvel \u00e9lan pour le d\u00e9veloppement \u00e9conomique marocain<\/a><\/li>\n<li style=\"margin-bottom:10px;\"><a href=\"https:\/\/monmaghreb.com\/index.php\/2026\/04\/23\/zellige-traditionnel-marocain-defense-au-patrimoine-culturel-par-lunesco\/\" style=\"color:#0066cc;text-decoration:none;font-weight:500;\" title=\"Zellige traditionnel marocain : d\u00e9fense au patrimoine culturel par l&#8217;UNESCO\">Zellige traditionnel marocain : d\u00e9fense au patrimoine culturel par l&#8217;UNESCO<\/a><\/li>\n<\/ul>\n<\/div>\n<p><\/body><br \/>\n<\/html><\/p>\n","protected":false},"excerpt":{"rendered":"<p>Discover the cultural and artistic revival symbol &#8211; Royal Theatre of Rabat. A must-see for diaspora Maghrebin readers.<\/p>\n","protected":false},"author":1,"featured_media":3557,"comment_status":"closed","ping_status":"open","sticky":false,"template":"","format":"standard","meta":{"_yoast_wpseo_focuskw":"Royal Theatre Rabat","_yoast_wpseo_title":"Le Th\u00e9\u00e2tre royal de Rabat : un symbole du renouveau culturel","_yoast_wpseo_metadesc":"Discover the cultural and artistic revival symbol - Royal Theatre of Rabat. A must-see for diaspora Maghrebin readers.","_yoast_wpseo_canonical":"","_yoast_wpseo_opengraph-title":"Le Th\u00e9\u00e2tre royal de Rabat : un symbole du renouveau culturel et artistique marocain","_yoast_wpseo_opengraph-description":"Discover the cultural and artistic revival symbol - Royal Theatre of Rabat. A must-see for diaspora Maghrebin readers.","_yoast_wpseo_opengraph-image":"","tdm_status":"","tdm_grid_status":"","footnotes":""},"categories":[655],"tags":[556,2397,2420,2419,2418],"class_list":["post-3558","post","type-post","status-publish","format-standard","has-post-thumbnail","hentry","category-maroc","tag-guide-pratique","tag-marocain-culture","tag-rabat-architecture","tag-renouveau-artistique","tag-theatre-maghreb"],"yoast_head":"<!-- This site is optimized with the Yoast SEO plugin v27.4 - https:\/\/yoast.com\/product\/yoast-seo-wordpress\/ -->\n<title>Le Th\u00e9\u00e2tre royal de Rabat : un symbole du renouveau culturel<\/title>\n<meta name=\"description\" content=\"Discover the cultural and artistic revival symbol - Royal Theatre of Rabat. A must-see for diaspora Maghrebin readers.\" \/>\n<meta name=\"robots\" content=\"index, follow, max-snippet:-1, max-image-preview:large, max-video-preview:-1\" \/>\n<link rel=\"canonical\" href=\"https:\/\/monmaghreb.com\/index.php\/2026\/04\/27\/le-theatre-royal-de-rabat-un-symbole-du-renouveau-culturel-et-artistique-marocain\/\" \/>\n<meta property=\"og:locale\" content=\"en_US\" \/>\n<meta property=\"og:type\" content=\"article\" \/>\n<meta property=\"og:title\" content=\"Le Th\u00e9\u00e2tre royal de Rabat : un symbole du renouveau culturel et artistique marocain\" \/>\n<meta property=\"og:description\" content=\"Discover the cultural and artistic revival symbol - Royal Theatre of Rabat. A must-see for diaspora Maghrebin readers.\" \/>\n<meta property=\"og:url\" content=\"https:\/\/monmaghreb.com\/index.php\/2026\/04\/27\/le-theatre-royal-de-rabat-un-symbole-du-renouveau-culturel-et-artistique-marocain\/\" \/>\n<meta property=\"og:site_name\" content=\"Mon Maghreb\" \/>\n<meta property=\"article:author\" content=\"https:\/\/www.facebook.com\/monmaghrebcom\" \/>\n<meta property=\"article:published_time\" content=\"2026-04-27T14:33:45+00:00\" \/>\n<meta property=\"article:modified_time\" content=\"2026-04-27T14:33:48+00:00\" \/>\n<meta property=\"og:image\" content=\"https:\/\/monmaghreb.com\/wp-content\/uploads\/2026\/04\/featured-411.jpg\" \/>\n\t<meta property=\"og:image:width\" content=\"1829\" \/>\n\t<meta property=\"og:image:height\" content=\"1300\" \/>\n\t<meta property=\"og:image:type\" content=\"image\/jpeg\" \/>\n<meta name=\"author\" content=\"LaMagh\" \/>\n<meta name=\"twitter:card\" content=\"summary_large_image\" \/>\n<meta name=\"twitter:creator\" content=\"@MMaghreb50977\" \/>\n<meta name=\"twitter:label1\" content=\"Written by\" \/>\n\t<meta name=\"twitter:data1\" content=\"LaMagh\" \/>\n\t<meta name=\"twitter:label2\" content=\"Est. reading time\" \/>\n\t<meta name=\"twitter:data2\" content=\"3 minutes\" \/>\n<script type=\"application\/ld+json\" class=\"yoast-schema-graph\">{\"@context\":\"https:\\\/\\\/schema.org\",\"@graph\":[{\"@type\":\"Article\",\"@id\":\"https:\\\/\\\/monmaghreb.com\\\/index.php\\\/2026\\\/04\\\/27\\\/le-theatre-royal-de-rabat-un-symbole-du-renouveau-culturel-et-artistique-marocain\\\/#article\",\"isPartOf\":{\"@id\":\"https:\\\/\\\/monmaghreb.com\\\/index.php\\\/2026\\\/04\\\/27\\\/le-theatre-royal-de-rabat-un-symbole-du-renouveau-culturel-et-artistique-marocain\\\/\"},\"author\":{\"name\":\"LaMagh\",\"@id\":\"http:\\\/\\\/monmaghreb.com\\\/#\\\/schema\\\/person\\\/c469a89dc8c6b8987dcb438b1200d054\"},\"headline\":\"Le Th\u00e9\u00e2tre royal de Rabat : un symbole du renouveau culturel et artistique marocain\",\"datePublished\":\"2026-04-27T14:33:45+00:00\",\"dateModified\":\"2026-04-27T14:33:48+00:00\",\"mainEntityOfPage\":{\"@id\":\"https:\\\/\\\/monmaghreb.com\\\/index.php\\\/2026\\\/04\\\/27\\\/le-theatre-royal-de-rabat-un-symbole-du-renouveau-culturel-et-artistique-marocain\\\/\"},\"wordCount\":656,\"publisher\":{\"@id\":\"http:\\\/\\\/monmaghreb.com\\\/#organization\"},\"image\":{\"@id\":\"https:\\\/\\\/monmaghreb.com\\\/index.php\\\/2026\\\/04\\\/27\\\/le-theatre-royal-de-rabat-un-symbole-du-renouveau-culturel-et-artistique-marocain\\\/#primaryimage\"},\"thumbnailUrl\":\"https:\\\/\\\/monmaghreb.com\\\/wp-content\\\/uploads\\\/2026\\\/04\\\/featured-411.jpg\",\"keywords\":[\"guide pratique\",\"marocain culture\",\"rabat architecture\",\"renouveau artistique\",\"theatre maghreb\"],\"articleSection\":[\"Maroc\"],\"inLanguage\":\"en-US\"},{\"@type\":\"WebPage\",\"@id\":\"https:\\\/\\\/monmaghreb.com\\\/index.php\\\/2026\\\/04\\\/27\\\/le-theatre-royal-de-rabat-un-symbole-du-renouveau-culturel-et-artistique-marocain\\\/\",\"url\":\"https:\\\/\\\/monmaghreb.com\\\/index.php\\\/2026\\\/04\\\/27\\\/le-theatre-royal-de-rabat-un-symbole-du-renouveau-culturel-et-artistique-marocain\\\/\",\"name\":\"Le Th\u00e9\u00e2tre royal de Rabat : un symbole du renouveau culturel\",\"isPartOf\":{\"@id\":\"http:\\\/\\\/monmaghreb.com\\\/#website\"},\"primaryImageOfPage\":{\"@id\":\"https:\\\/\\\/monmaghreb.com\\\/index.php\\\/2026\\\/04\\\/27\\\/le-theatre-royal-de-rabat-un-symbole-du-renouveau-culturel-et-artistique-marocain\\\/#primaryimage\"},\"image\":{\"@id\":\"https:\\\/\\\/monmaghreb.com\\\/index.php\\\/2026\\\/04\\\/27\\\/le-theatre-royal-de-rabat-un-symbole-du-renouveau-culturel-et-artistique-marocain\\\/#primaryimage\"},\"thumbnailUrl\":\"https:\\\/\\\/monmaghreb.com\\\/wp-content\\\/uploads\\\/2026\\\/04\\\/featured-411.jpg\",\"datePublished\":\"2026-04-27T14:33:45+00:00\",\"dateModified\":\"2026-04-27T14:33:48+00:00\",\"description\":\"Discover the cultural and artistic revival symbol - Royal Theatre of Rabat. A must-see for diaspora Maghrebin readers.\",\"breadcrumb\":{\"@id\":\"https:\\\/\\\/monmaghreb.com\\\/index.php\\\/2026\\\/04\\\/27\\\/le-theatre-royal-de-rabat-un-symbole-du-renouveau-culturel-et-artistique-marocain\\\/#breadcrumb\"},\"inLanguage\":\"en-US\",\"potentialAction\":[{\"@type\":\"ReadAction\",\"target\":[\"https:\\\/\\\/monmaghreb.com\\\/index.php\\\/2026\\\/04\\\/27\\\/le-theatre-royal-de-rabat-un-symbole-du-renouveau-culturel-et-artistique-marocain\\\/\"]}]},{\"@type\":\"ImageObject\",\"inLanguage\":\"en-US\",\"@id\":\"https:\\\/\\\/monmaghreb.com\\\/index.php\\\/2026\\\/04\\\/27\\\/le-theatre-royal-de-rabat-un-symbole-du-renouveau-culturel-et-artistique-marocain\\\/#primaryimage\",\"url\":\"https:\\\/\\\/monmaghreb.com\\\/wp-content\\\/uploads\\\/2026\\\/04\\\/featured-411.jpg\",\"contentUrl\":\"https:\\\/\\\/monmaghreb.com\\\/wp-content\\\/uploads\\\/2026\\\/04\\\/featured-411.jpg\",\"width\":1829,\"height\":1300,\"caption\":\"Royal Theatre Rabat interior with audience watching traditional Moroccan performance\"},{\"@type\":\"BreadcrumbList\",\"@id\":\"https:\\\/\\\/monmaghreb.com\\\/index.php\\\/2026\\\/04\\\/27\\\/le-theatre-royal-de-rabat-un-symbole-du-renouveau-culturel-et-artistique-marocain\\\/#breadcrumb\",\"itemListElement\":[{\"@type\":\"ListItem\",\"position\":1,\"name\":\"Home\",\"item\":\"http:\\\/\\\/monmaghreb.com\\\/\"},{\"@type\":\"ListItem\",\"position\":2,\"name\":\"Le Th\u00e9\u00e2tre royal de Rabat : un symbole du renouveau culturel et artistique marocain\"}]},{\"@type\":\"WebSite\",\"@id\":\"http:\\\/\\\/monmaghreb.com\\\/#website\",\"url\":\"http:\\\/\\\/monmaghreb.com\\\/\",\"name\":\"Mon Maghreb\",\"description\":\"MonMaghreb United\",\"publisher\":{\"@id\":\"http:\\\/\\\/monmaghreb.com\\\/#organization\"},\"alternateName\":\"Le Monde du Maghreb et au del\u00e0\",\"potentialAction\":[{\"@type\":\"SearchAction\",\"target\":{\"@type\":\"EntryPoint\",\"urlTemplate\":\"http:\\\/\\\/monmaghreb.com\\\/?s={search_term_string}\"},\"query-input\":{\"@type\":\"PropertyValueSpecification\",\"valueRequired\":true,\"valueName\":\"search_term_string\"}}],\"inLanguage\":\"en-US\"},{\"@type\":\"Organization\",\"@id\":\"http:\\\/\\\/monmaghreb.com\\\/#organization\",\"name\":\"Mon Maghreb\",\"url\":\"http:\\\/\\\/monmaghreb.com\\\/\",\"logo\":{\"@type\":\"ImageObject\",\"inLanguage\":\"en-US\",\"@id\":\"http:\\\/\\\/monmaghreb.com\\\/#\\\/schema\\\/logo\\\/image\\\/\",\"url\":\"https:\\\/\\\/monmaghreb.com\\\/wp-content\\\/uploads\\\/2025\\\/12\\\/Mon_Maghreb_Logo.jpg\",\"contentUrl\":\"https:\\\/\\\/monmaghreb.com\\\/wp-content\\\/uploads\\\/2025\\\/12\\\/Mon_Maghreb_Logo.jpg\",\"width\":814,\"height\":374,\"caption\":\"Mon Maghreb\"},\"image\":{\"@id\":\"http:\\\/\\\/monmaghreb.com\\\/#\\\/schema\\\/logo\\\/image\\\/\"}},{\"@type\":\"Person\",\"@id\":\"http:\\\/\\\/monmaghreb.com\\\/#\\\/schema\\\/person\\\/c469a89dc8c6b8987dcb438b1200d054\",\"name\":\"LaMagh\",\"image\":{\"@type\":\"ImageObject\",\"inLanguage\":\"en-US\",\"@id\":\"https:\\\/\\\/secure.gravatar.com\\\/avatar\\\/399d8144bd55fba55e056779aca52fe528bac7911f6449e54d81173d6dfd7f0a?s=96&d=mm&r=g\",\"url\":\"https:\\\/\\\/secure.gravatar.com\\\/avatar\\\/399d8144bd55fba55e056779aca52fe528bac7911f6449e54d81173d6dfd7f0a?s=96&d=mm&r=g\",\"contentUrl\":\"https:\\\/\\\/secure.gravatar.com\\\/avatar\\\/399d8144bd55fba55e056779aca52fe528bac7911f6449e54d81173d6dfd7f0a?s=96&d=mm&r=g\",\"caption\":\"LaMagh\"},\"sameAs\":[\"https:\\\/\\\/monmaghreb.com\",\"https:\\\/\\\/www.facebook.com\\\/monmaghrebcom\",\"https:\\\/\\\/x.com\\\/MMaghreb50977\"],\"url\":\"https:\\\/\\\/monmaghreb.com\\\/index.php\\\/author\\\/lamagh\\\/\"}]}<\/script>\n<!-- \/ Yoast SEO plugin. -->","yoast_head_json":{"title":"Le Th\u00e9\u00e2tre royal de Rabat : un symbole du renouveau culturel","description":"Discover the cultural and artistic revival symbol - Royal Theatre of Rabat. A must-see for diaspora Maghrebin readers.","robots":{"index":"index","follow":"follow","max-snippet":"max-snippet:-1","max-image-preview":"max-image-preview:large","max-video-preview":"max-video-preview:-1"},"canonical":"https:\/\/monmaghreb.com\/index.php\/2026\/04\/27\/le-theatre-royal-de-rabat-un-symbole-du-renouveau-culturel-et-artistique-marocain\/","og_locale":"en_US","og_type":"article","og_title":"Le Th\u00e9\u00e2tre royal de Rabat : un symbole du renouveau culturel et artistique marocain","og_description":"Discover the cultural and artistic revival symbol - Royal Theatre of Rabat. A must-see for diaspora Maghrebin readers.","og_url":"https:\/\/monmaghreb.com\/index.php\/2026\/04\/27\/le-theatre-royal-de-rabat-un-symbole-du-renouveau-culturel-et-artistique-marocain\/","og_site_name":"Mon Maghreb","article_author":"https:\/\/www.facebook.com\/monmaghrebcom","article_published_time":"2026-04-27T14:33:45+00:00","article_modified_time":"2026-04-27T14:33:48+00:00","og_image":[{"width":1829,"height":1300,"url":"https:\/\/monmaghreb.com\/wp-content\/uploads\/2026\/04\/featured-411.jpg","type":"image\/jpeg"}],"author":"LaMagh","twitter_card":"summary_large_image","twitter_creator":"@MMaghreb50977","twitter_misc":{"Written by":"LaMagh","Est. reading time":"3 minutes"},"schema":{"@context":"https:\/\/schema.org","@graph":[{"@type":"Article","@id":"https:\/\/monmaghreb.com\/index.php\/2026\/04\/27\/le-theatre-royal-de-rabat-un-symbole-du-renouveau-culturel-et-artistique-marocain\/#article","isPartOf":{"@id":"https:\/\/monmaghreb.com\/index.php\/2026\/04\/27\/le-theatre-royal-de-rabat-un-symbole-du-renouveau-culturel-et-artistique-marocain\/"},"author":{"name":"LaMagh","@id":"http:\/\/monmaghreb.com\/#\/schema\/person\/c469a89dc8c6b8987dcb438b1200d054"},"headline":"Le Th\u00e9\u00e2tre royal de Rabat : un symbole du renouveau culturel et artistique marocain","datePublished":"2026-04-27T14:33:45+00:00","dateModified":"2026-04-27T14:33:48+00:00","mainEntityOfPage":{"@id":"https:\/\/monmaghreb.com\/index.php\/2026\/04\/27\/le-theatre-royal-de-rabat-un-symbole-du-renouveau-culturel-et-artistique-marocain\/"},"wordCount":656,"publisher":{"@id":"http:\/\/monmaghreb.com\/#organization"},"image":{"@id":"https:\/\/monmaghreb.com\/index.php\/2026\/04\/27\/le-theatre-royal-de-rabat-un-symbole-du-renouveau-culturel-et-artistique-marocain\/#primaryimage"},"thumbnailUrl":"https:\/\/monmaghreb.com\/wp-content\/uploads\/2026\/04\/featured-411.jpg","keywords":["guide pratique","marocain culture","rabat architecture","renouveau artistique","theatre maghreb"],"articleSection":["Maroc"],"inLanguage":"en-US"},{"@type":"WebPage","@id":"https:\/\/monmaghreb.com\/index.php\/2026\/04\/27\/le-theatre-royal-de-rabat-un-symbole-du-renouveau-culturel-et-artistique-marocain\/","url":"https:\/\/monmaghreb.com\/index.php\/2026\/04\/27\/le-theatre-royal-de-rabat-un-symbole-du-renouveau-culturel-et-artistique-marocain\/","name":"Le Th\u00e9\u00e2tre royal de Rabat : un symbole du renouveau culturel","isPartOf":{"@id":"http:\/\/monmaghreb.com\/#website"},"primaryImageOfPage":{"@id":"https:\/\/monmaghreb.com\/index.php\/2026\/04\/27\/le-theatre-royal-de-rabat-un-symbole-du-renouveau-culturel-et-artistique-marocain\/#primaryimage"},"image":{"@id":"https:\/\/monmaghreb.com\/index.php\/2026\/04\/27\/le-theatre-royal-de-rabat-un-symbole-du-renouveau-culturel-et-artistique-marocain\/#primaryimage"},"thumbnailUrl":"https:\/\/monmaghreb.com\/wp-content\/uploads\/2026\/04\/featured-411.jpg","datePublished":"2026-04-27T14:33:45+00:00","dateModified":"2026-04-27T14:33:48+00:00","description":"Discover the cultural and artistic revival symbol - Royal Theatre of Rabat. A must-see for diaspora Maghrebin readers.","breadcrumb":{"@id":"https:\/\/monmaghreb.com\/index.php\/2026\/04\/27\/le-theatre-royal-de-rabat-un-symbole-du-renouveau-culturel-et-artistique-marocain\/#breadcrumb"},"inLanguage":"en-US","potentialAction":[{"@type":"ReadAction","target":["https:\/\/monmaghreb.com\/index.php\/2026\/04\/27\/le-theatre-royal-de-rabat-un-symbole-du-renouveau-culturel-et-artistique-marocain\/"]}]},{"@type":"ImageObject","inLanguage":"en-US","@id":"https:\/\/monmaghreb.com\/index.php\/2026\/04\/27\/le-theatre-royal-de-rabat-un-symbole-du-renouveau-culturel-et-artistique-marocain\/#primaryimage","url":"https:\/\/monmaghreb.com\/wp-content\/uploads\/2026\/04\/featured-411.jpg","contentUrl":"https:\/\/monmaghreb.com\/wp-content\/uploads\/2026\/04\/featured-411.jpg","width":1829,"height":1300,"caption":"Royal Theatre Rabat interior with audience watching traditional Moroccan performance"},{"@type":"BreadcrumbList","@id":"https:\/\/monmaghreb.com\/index.php\/2026\/04\/27\/le-theatre-royal-de-rabat-un-symbole-du-renouveau-culturel-et-artistique-marocain\/#breadcrumb","itemListElement":[{"@type":"ListItem","position":1,"name":"Home","item":"http:\/\/monmaghreb.com\/"},{"@type":"ListItem","position":2,"name":"Le Th\u00e9\u00e2tre royal de Rabat : un symbole du renouveau culturel et artistique marocain"}]},{"@type":"WebSite","@id":"http:\/\/monmaghreb.com\/#website","url":"http:\/\/monmaghreb.com\/","name":"Mon Maghreb","description":"MonMaghreb United","publisher":{"@id":"http:\/\/monmaghreb.com\/#organization"},"alternateName":"Le Monde du Maghreb et au del\u00e0","potentialAction":[{"@type":"SearchAction","target":{"@type":"EntryPoint","urlTemplate":"http:\/\/monmaghreb.com\/?s={search_term_string}"},"query-input":{"@type":"PropertyValueSpecification","valueRequired":true,"valueName":"search_term_string"}}],"inLanguage":"en-US"},{"@type":"Organization","@id":"http:\/\/monmaghreb.com\/#organization","name":"Mon Maghreb","url":"http:\/\/monmaghreb.com\/","logo":{"@type":"ImageObject","inLanguage":"en-US","@id":"http:\/\/monmaghreb.com\/#\/schema\/logo\/image\/","url":"https:\/\/monmaghreb.com\/wp-content\/uploads\/2025\/12\/Mon_Maghreb_Logo.jpg","contentUrl":"https:\/\/monmaghreb.com\/wp-content\/uploads\/2025\/12\/Mon_Maghreb_Logo.jpg","width":814,"height":374,"caption":"Mon Maghreb"},"image":{"@id":"http:\/\/monmaghreb.com\/#\/schema\/logo\/image\/"}},{"@type":"Person","@id":"http:\/\/monmaghreb.com\/#\/schema\/person\/c469a89dc8c6b8987dcb438b1200d054","name":"LaMagh","image":{"@type":"ImageObject","inLanguage":"en-US","@id":"https:\/\/secure.gravatar.com\/avatar\/399d8144bd55fba55e056779aca52fe528bac7911f6449e54d81173d6dfd7f0a?s=96&d=mm&r=g","url":"https:\/\/secure.gravatar.com\/avatar\/399d8144bd55fba55e056779aca52fe528bac7911f6449e54d81173d6dfd7f0a?s=96&d=mm&r=g","contentUrl":"https:\/\/secure.gravatar.com\/avatar\/399d8144bd55fba55e056779aca52fe528bac7911f6449e54d81173d6dfd7f0a?s=96&d=mm&r=g","caption":"LaMagh"},"sameAs":["https:\/\/monmaghreb.com","https:\/\/www.facebook.com\/monmaghrebcom","https:\/\/x.com\/MMaghreb50977"],"url":"https:\/\/monmaghreb.com\/index.php\/author\/lamagh\/"}]}},"_links":{"self":[{"href":"https:\/\/monmaghreb.com\/index.php\/wp-json\/wp\/v2\/posts\/3558","targetHints":{"allow":["GET"]}}],"collection":[{"href":"https:\/\/monmaghreb.com\/index.php\/wp-json\/wp\/v2\/posts"}],"about":[{"href":"https:\/\/monmaghreb.com\/index.php\/wp-json\/wp\/v2\/types\/post"}],"author":[{"embeddable":true,"href":"https:\/\/monmaghreb.com\/index.php\/wp-json\/wp\/v2\/users\/1"}],"replies":[{"embeddable":true,"href":"https:\/\/monmaghreb.com\/index.php\/wp-json\/wp\/v2\/comments?post=3558"}],"version-history":[{"count":1,"href":"https:\/\/monmaghreb.com\/index.php\/wp-json\/wp\/v2\/posts\/3558\/revisions"}],"predecessor-version":[{"id":3559,"href":"https:\/\/monmaghreb.com\/index.php\/wp-json\/wp\/v2\/posts\/3558\/revisions\/3559"}],"wp:featuredmedia":[{"embeddable":true,"href":"https:\/\/monmaghreb.com\/index.php\/wp-json\/wp\/v2\/media\/3557"}],"wp:attachment":[{"href":"https:\/\/monmaghreb.com\/index.php\/wp-json\/wp\/v2\/media?parent=3558"}],"wp:term":[{"taxonomy":"category","embeddable":true,"href":"https:\/\/monmaghreb.com\/index.php\/wp-json\/wp\/v2\/categories?post=3558"},{"taxonomy":"post_tag","embeddable":true,"href":"https:\/\/monmaghreb.com\/index.php\/wp-json\/wp\/v2\/tags?post=3558"}],"curies":[{"name":"wp","href":"https:\/\/api.w.org\/{rel}","templated":true}]}}