{"id":3591,"date":"2026-04-28T11:04:54","date_gmt":"2026-04-28T11:04:54","guid":{"rendered":"https:\/\/monmaghreb.com\/index.php\/2026\/04\/28\/celebration-de-la-date-et-des-ceremonies-de-leid-al-fitr-ou-korite-dans-le-monde-musulman-reveillez-vous-a-cette-magnifique-fete\/"},"modified":"2026-04-28T11:05:00","modified_gmt":"2026-04-28T11:05:00","slug":"celebration-de-la-date-et-des-ceremonies-de-leid-al-fitr-ou-korite-dans-le-monde-musulman-reveillez-vous-a-cette-magnifique-fete","status":"publish","type":"post","link":"https:\/\/monmaghreb.com\/index.php\/2026\/04\/28\/celebration-de-la-date-et-des-ceremonies-de-leid-al-fitr-ou-korite-dans-le-monde-musulman-reveillez-vous-a-cette-magnifique-fete\/","title":{"rendered":"C\u00e9l\u00e9bration de la date et des c\u00e9r\u00e9monies de l&#8217;Eid al-Fitr ou Korit\u00e9 dans le monde musulman : r\u00e9veillez-vous \u00e0 cette magnifique f\u00eate !"},"content":{"rendered":"<p><!DOCTYPE html><br \/>\n<html lang=\"fr\"><br \/>\n<head><br \/>\n    <meta charset=\"UTF-8\"><br \/>\n    <title>\u00c9id al-Fitr ou Korit\u00e9 : c\u00e9l\u00e9brations dans le monde musulman<\/title><br \/>\n<\/head><br \/>\n<body><\/p>\n<div>\n<h1>C\u00e9l\u00e9bration de la date et des c\u00e9r\u00e9monies de l&#8217;Eid al-Fitr ou Korit\u00e9 dans le monde musulman : r\u00e9veillez-vous \u00e0 cette magnifique f\u00eate !<\/h1>\n<p>    <script type=\"application\/ld+json\">\n{\n  \"@context\": \"https:\/\/schema.org\/\",\n  \"@type\": \"Recipe\",\n  \"name\": \"<a href=\"https:\/\/monmaghreb.com\/index.php\/2026\/04\/26\/yennayer-la-fete-berbere-du-nouvel-an-une-celebration-culturelle-et-traditionnelle-amazigh\/\" title=\"Yennayer, la f\u00eate berb\u00e8re du Nouvel An : une c\u00e9l\u00e9bration culturelle et traditionnelle Amazigh\">C\u00e9l\u00e9bration<\/a> de la date et des c\u00e9r\u00e9monies de l'Eid al-Fitr ou Korit\u00e9 dans le monde musulman\",\n  \"description\": \"R\u00e9veillez-vous \u00e0 cette magnifique f\u00eate ! Depuis le Moyen \u00c2ge, les musulmans se r\u00e9unissent pour c\u00e9l\u00e9brer l'Eid al-Fitr ou Korit\u00e9, la f\u00eate de l'Aube du Ramadan. Cette f\u00eate marque la fin du fasting sacr\u00e9 du mois de Ramadan et est accompagn\u00e9e de c\u00e9r\u00e9monies traditionnelles, de repas familiaux et d'une ambiance joyeuse \u00e0 travers le monde musulman.\",\n  \"prepTime\": \"PT15M\",\n  \"cookTime\": \"PT30M\",\n  \"totalTime\": \"PT45M\",\n  \"recipeYield\": \"4 portions\",\n  \"recipeIngredient\": [\n    \"Semoule (\u00e0 la quantit\u00e9 adapt\u00e9e)\",\n    \"Eau\",\n    \"Sucre\",\n    \"Ar\u00f4mes et \u00e9pices (opcionnels)\"\n  ],\n  \"recipeInstructions\": [\n    {\n      \"@type\": \"HowToStep\",\n      \"text\": \"\u00c9tape 1: Pr\u00e9parer la semoule en suivant les instructions de pr\u00e9paration sur le paquet.\"\n    },\n    {\n      \"@type\": \"HowToStep\",\n      \"text\": \"Etape 2: Ajouter du sucre et des ar\u00f4mes ou \u00e9pices (si d\u00e9sir\u00e9) \u00e0 la semoule pr\u00e9par\u00e9e.\"\n    },\n    {\n      \"@type\": \"HowToStep\",\n      \"text\": \"Etape 3: Servir imm\u00e9diatement.\"\n    }\n  ],\n  \"recipeCategory\": \"Main Course\",\n  \"recipeCuisine\": \"Marocaine\",\n  \"keywords\": [\n    \"recette\",\n    \"maghreb\"\n  ],\n  \"datePublished\": \"2026-04-28\",\n  \"author\": {\n    \"@type\": \"Organization\",\n    \"name\": \"\"\n  }\n}\n<\/script><\/p>\n<p>Depuis le Moyen \u00c2ge, les musulmans se r\u00e9unissent pour c\u00e9l\u00e9brer l&#8217;Eid al-Fitr ou Korit\u00e9, la f\u00eate de l&#8217;Aube du Ramadan. Cette f\u00eate marque la fin du fasting sacr\u00e9 du mois de Ramadan et est accompagn\u00e9e de c\u00e9r\u00e9monies traditionnelles, de repas familiaux et d&#8217;une ambiance joyeuse \u00e0 travers le monde musulman.<\/p>\n<h2>1. Histoire et origine de l&#8217;Eid al-Fitr<\/h2>\n<p>L&#8217;origine de l&#8217;Eid al-Fitr remonte au Moyen \u00c2ge, o\u00f9 les musulmans c\u00e9l\u00e8brent la fin du fasting mensuel du Ramadan en se r\u00e9unissant avec leurs proches et amis. Cette f\u00eate a \u00e9t\u00e9 officialis\u00e9e par plusieurs \u00e9coles de jurisprudence musulmane, telles que les Hanafites, les Malikites, les Hanbalites et les Shafites.<\/p>\n<p>En r\u00e9alit\u00e9, l&#8217;Eid al-Fitr comm\u00e9more le moment o\u00f9 les anges ont re\u00e7u le message de l&#8217;ach\u00e8vement du fasting mensuel par les croyants. \u00c0 cette occasion, les musulmans se r\u00e9unissent pour rendre gr\u00e2ce \u00e0 Dieu et invoquer sa b\u00e9n\u00e9diction sur eux-m\u00eames.<\/p>\n<h2>2. Pr\u00e9paration de l&#8217;Eid al-Fitr<\/h2>\n<p>Au Maroc, par exemple, la pr\u00e9paration pour l&#8217;Eid al-Fitr d\u00e9bute souvent par la recherche des premiers t\u00e9moins de l&#8217;ach\u00e8vement du fasting mensuel de Ramadan. Les familles se partagent cette responsabilit\u00e9 en faisant visite aux habitants les plus \u00e9loign\u00e9s.<\/p>\n<p>Pendant la nuit pr\u00e9c\u00e9dant l&#8217;Eid al-Fitr, les musulmans pr\u00e9parent leur habillement pour la c\u00e9l\u00e9bration et nettoient leur maison. Dans certaines r\u00e9gions, le lendemain de la veille est consacr\u00e9 aux achats traditionnels n\u00e9cessaires pour la f\u00eate, tels que les bonbons, les g\u00e2teaux ou les nouilles.<\/p>\n<h2>3. C\u00e9r\u00e9monies et traditions de l&#8217;Eid al-Fitr<\/h2>\n<p>Le matin de l&#8217;Eid al-Fitr, les musulmans se r\u00e9veillent t\u00f4t pour se purifier en accomplissant la wudu et s&#8217;habiller en blanc. Ils vont ensuite \u00e0 la mosqu\u00e9e pour participer aux pri\u00e8res d&#8217;ouverture de la f\u00eate.<\/p>\n<p>Apr\u00e8s les pri\u00e8res, les c\u00e9l\u00e9brations commencent avec des promenades familiales dans les rues et les march\u00e9s. Les enfants participent souvent \u00e0 des jeux traditionnels tels que le battage du mangue, le tir de la fronde ou encore le saut \u00e0 la corde.<\/p>\n<h2>4. Les repas de l&#8217;Eid al-Fitr<\/h2>\n<p>Les repas traditionnels de l&#8217;Eid al-Fitr sont une partie importante des c\u00e9l\u00e9brations. Le d\u00e9jeuner familial est souvent compos\u00e9 de viandes grill\u00e9es, de riz pilaf, de l\u00e9gumes et d&#8217;une vari\u00e9t\u00e9 de desserts sucr\u00e9s.<\/p>\n<p>Dans certains endroits, les familles partagent ces repas avec leurs voisins, amis ou membres de la communaut\u00e9 musulmane. Ce geste est consid\u00e9r\u00e9 comme une mani\u00e8re de renforcer la solidarit\u00e9 et l&#8217;unit\u00e9 entre les croyants.<\/p>\n<h2>5. Les chansons de l&#8217;Eid al-Fitr<\/h2>\n<p>La musique joue un r\u00f4le important dans les c\u00e9l\u00e9brations de l&#8217;Eid al-Fitr. Les musiciens se r\u00e9unissent pour jouer des instruments traditionnels tels que le guembri, la bendir ou les qraqab.<\/p>\n<p>Les chansons sont souvent inspir\u00e9es par la joie et l&#8217;optimisme de la f\u00eate. Elles \u00e9voquent la fin du fasting mensuel et la remerciement \u00e0 Dieu pour sa b\u00e9n\u00e9diction.<\/p>\n<h2>6. L&#8217;appel \u00e0 l&#8217;action<\/h2>\n<p>Lors de cette p\u00e9riode de f\u00eate, le souvenir des pauvres et des n\u00e9cessiteux ne doit pas \u00eatre oubli\u00e9. Nous invitons tous les lecteurs maghr\u00e9bins de la diaspora \u00e0 r\u00e9veiller leurs esprits g\u00e9n\u00e9reux et \u00e0 contribuer \u00e0 une collecte pour aider ceux qui ont besoin.<\/p>\n<p>N&#8217;h\u00e9sitez pas \u00e0 partager votre bonheur avec les autres !<\/p>\n<div style=\"background:#f8f9fa;border-left:4px solid #0066cc;border-radius:6px;padding:20px 24px;margin:32px 0;\">\n<p style=\"font-size:13px;color:#888;text-transform:uppercase;letter-spacing:0.8px;margin:0 0 6px 0;\">Vous pourriez aussi aimer<\/p>\n<h3 style=\"font-size:18px;margin:0 0 14px 0;color:#222;\">Articles similaires<\/h3>\n<ul style=\"margin:0;padding-left:20px;list-style:disc;\">\n<li style=\"margin-bottom:10px;\"><a href=\"https:\/\/monmaghreb.com\/index.php\/2026\/04\/26\/yennayer-la-fete-berbere-du-nouvel-an-une-celebration-culturelle-et-traditionnelle-amazigh\/\" style=\"color:#0066cc;text-decoration:none;font-weight:500;\" title=\"Yennayer, la f\u00eate berb\u00e8re du Nouvel An : une c\u00e9l\u00e9bration culturelle et traditionnelle Amazigh\">Yennayer, la f\u00eate berb\u00e8re du Nouvel An : une c\u00e9l\u00e9bration culturelle et traditionnelle Amazigh<\/a><\/li>\n<li style=\"margin-bottom:10px;\"><a href=\"https:\/\/monmaghreb.com\/index.php\/2026\/04\/27\/le-ministre-de-la-culture-marocain-medhi-bensaid-et-la-coupe-du-monde-2030-une-opportunite-pour-montrer-le-royaume-aux-yeux-du-monde\/\" style=\"color:#0066cc;text-decoration:none;font-weight:500;\" title=\"Le ministre de la Culture marocain Medhi Bensaid et la Coupe du monde 2030 : une opportunit\u00e9 pour montrer le royaume aux yeux du monde\">Le ministre de la Culture marocain Medhi Bensaid et la Coupe du monde 2030 : une opportunit\u00e9 pour montrer le royaume aux yeux du monde<\/a><\/li>\n<li style=\"margin-bottom:10px;\"><a href=\"https:\/\/monmaghreb.com\/index.php\/2026\/04\/26\/exposition-zahira-tigtate-une-fete-de-la-culture-berbere-a-drancy\/\" style=\"color:#0066cc;text-decoration:none;font-weight:500;\" title=\"Exposition Zahira Tigtate : une f\u00eate de la culture berb\u00e8re \u00e0 Drancy\">Exposition Zahira Tigtate : une f\u00eate de la culture berb\u00e8re \u00e0 Drancy<\/a><\/li>\n<li style=\"margin-bottom:10px;\"><a href=\"https:\/\/monmaghreb.com\/index.php\/2026\/04\/25\/recettes-ramadan-2026-un-guide-complet-pour-un-repas-gourmand\/\" style=\"color:#0066cc;text-decoration:none;font-weight:500;\" title=\"Recettes Ramadan 2026: Un guide complet pour un repas gourmand\">Recettes Ramadan 2026: Un guide complet pour un repas gourmand<\/a><\/li>\n<li style=\"margin-bottom:10px;\"><a href=\"https:\/\/monmaghreb.com\/index.php\/2026\/04\/27\/festival-culturel-national-de-la-chanson-chaabi-2026-masterclass-et-promesse-dune-edition-innovante\/\" style=\"color:#0066cc;text-decoration:none;font-weight:500;\" title=\"Festival culturel national de la chanson cha\u00e2bi 2026 : masterclass et promesse d&#8217;une \u00e9dition innovante\">Festival culturel national de la chanson cha\u00e2bi 2026 : masterclass et promesse d&#8217;une \u00e9dition innovante<\/a><\/li>\n<\/ul>\n<\/div>\n<h3>Pour en savoir plus sur l&#8217;Eid al-Fitr ou Korit\u00e9, n&#8217;h\u00e9sitez pas \u00e0 consulter notre rubrique &#8220;C\u00e9l\u00e9brations&#8221; pour d\u00e9couvrir les traditions et les coutumes sp\u00e9cifiques de chaque pays maghr\u00e9bin.<\/h3>\n<div class=\"clearfix\"><\/div>\n<\/div>\n<p><\/body><br \/>\n<\/html><\/p>\n","protected":false},"excerpt":{"rendered":"<p>C\u00e9l\u00e9brations de l&#8217;Eid al-Fitr dans le monde musulman &#8211; R\u00e9veillez-vous \u00e0 cette magnifique f\u00eate !<\/p>\n","protected":false},"author":1,"featured_media":3590,"comment_status":"closed","ping_status":"open","sticky":false,"template":"","format":"standard","meta":{"_yoast_wpseo_focuskw":"Eid al-Fitr celebration","_yoast_wpseo_title":"C\u00e9l\u00e9bration de la date et des c\u00e9r\u00e9monies de l'Eid al-Fitr ou","_yoast_wpseo_metadesc":"C\u00e9l\u00e9brations de l'Eid al-Fitr dans le monde musulman - R\u00e9veillez-vous \u00e0 cette magnifique f\u00eate !","_yoast_wpseo_canonical":"","_yoast_wpseo_opengraph-title":"C\u00e9l\u00e9bration de la date et des c\u00e9r\u00e9monies de l'Eid al-Fitr ou Korit\u00e9 dans le monde musulman : r\u00e9veillez-vous \u00e0 cette magnifique f\u00eate !","_yoast_wpseo_opengraph-description":"C\u00e9l\u00e9brations de l'Eid al-Fitr dans le monde musulman - R\u00e9veillez-vous \u00e0 cette magnifique f\u00eate !","_yoast_wpseo_opengraph-image":"","tdm_status":"","tdm_grid_status":"","footnotes":""},"categories":[651],"tags":[2407,1077,777,834,2436],"class_list":["post-3591","post","type-post","status-publish","format-standard","has-post-thumbnail","hentry","category-ramadan-iftar","tag-auto-guide","tag-eid-al-fitr","tag-islamic-festival","tag-muslim-culture","tag-worldwide-celebrations"],"yoast_head":"<!-- This site is optimized with the Yoast SEO plugin v27.4 - https:\/\/yoast.com\/product\/yoast-seo-wordpress\/ -->\n<title>C\u00e9l\u00e9bration de la date et des c\u00e9r\u00e9monies de l&#039;Eid al-Fitr ou<\/title>\n<meta name=\"description\" content=\"C\u00e9l\u00e9brations de l&#039;Eid al-Fitr dans le monde musulman - R\u00e9veillez-vous \u00e0 cette magnifique f\u00eate !\" \/>\n<meta name=\"robots\" content=\"index, follow, max-snippet:-1, max-image-preview:large, max-video-preview:-1\" \/>\n<link rel=\"canonical\" href=\"https:\/\/monmaghreb.com\/index.php\/2026\/04\/28\/celebration-de-la-date-et-des-ceremonies-de-leid-al-fitr-ou-korite-dans-le-monde-musulman-reveillez-vous-a-cette-magnifique-fete\/\" \/>\n<meta property=\"og:locale\" content=\"en_US\" \/>\n<meta property=\"og:type\" content=\"article\" \/>\n<meta property=\"og:title\" content=\"C\u00e9l\u00e9bration de la date et des c\u00e9r\u00e9monies de l&#039;Eid al-Fitr ou Korit\u00e9 dans le monde musulman : r\u00e9veillez-vous \u00e0 cette magnifique f\u00eate !\" \/>\n<meta property=\"og:description\" content=\"C\u00e9l\u00e9brations de l&#039;Eid al-Fitr dans le monde musulman - R\u00e9veillez-vous \u00e0 cette magnifique f\u00eate !\" \/>\n<meta property=\"og:url\" content=\"https:\/\/monmaghreb.com\/index.php\/2026\/04\/28\/celebration-de-la-date-et-des-ceremonies-de-leid-al-fitr-ou-korite-dans-le-monde-musulman-reveillez-vous-a-cette-magnifique-fete\/\" \/>\n<meta property=\"og:site_name\" content=\"Mon Maghreb\" \/>\n<meta property=\"article:author\" content=\"https:\/\/www.facebook.com\/monmaghrebcom\" \/>\n<meta property=\"article:published_time\" content=\"2026-04-28T11:04:54+00:00\" \/>\n<meta property=\"article:modified_time\" content=\"2026-04-28T11:05:00+00:00\" \/>\n<meta property=\"og:image\" content=\"https:\/\/monmaghreb.com\/wp-content\/uploads\/2026\/04\/featured-422.jpg\" \/>\n\t<meta property=\"og:image:width\" content=\"1880\" \/>\n\t<meta property=\"og:image:height\" content=\"1253\" \/>\n\t<meta property=\"og:image:type\" content=\"image\/jpeg\" \/>\n<meta name=\"author\" content=\"LaMagh\" \/>\n<meta name=\"twitter:card\" content=\"summary_large_image\" \/>\n<meta name=\"twitter:creator\" content=\"@MMaghreb50977\" \/>\n<meta name=\"twitter:label1\" content=\"Written by\" \/>\n\t<meta name=\"twitter:data1\" content=\"LaMagh\" \/>\n\t<meta name=\"twitter:label2\" content=\"Est. reading time\" \/>\n\t<meta name=\"twitter:data2\" content=\"4 minutes\" \/>\n<script type=\"application\/ld+json\" class=\"yoast-schema-graph\">{\"@context\":\"https:\\\/\\\/schema.org\",\"@graph\":[{\"@type\":\"Article\",\"@id\":\"https:\\\/\\\/monmaghreb.com\\\/index.php\\\/2026\\\/04\\\/28\\\/celebration-de-la-date-et-des-ceremonies-de-leid-al-fitr-ou-korite-dans-le-monde-musulman-reveillez-vous-a-cette-magnifique-fete\\\/#article\",\"isPartOf\":{\"@id\":\"https:\\\/\\\/monmaghreb.com\\\/index.php\\\/2026\\\/04\\\/28\\\/celebration-de-la-date-et-des-ceremonies-de-leid-al-fitr-ou-korite-dans-le-monde-musulman-reveillez-vous-a-cette-magnifique-fete\\\/\"},\"author\":{\"name\":\"LaMagh\",\"@id\":\"http:\\\/\\\/monmaghreb.com\\\/#\\\/schema\\\/person\\\/c469a89dc8c6b8987dcb438b1200d054\"},\"headline\":\"C\u00e9l\u00e9bration de la date et des c\u00e9r\u00e9monies de l&#8217;Eid al-Fitr ou Korit\u00e9 dans le monde musulman : r\u00e9veillez-vous \u00e0 cette magnifique f\u00eate !\",\"datePublished\":\"2026-04-28T11:04:54+00:00\",\"dateModified\":\"2026-04-28T11:05:00+00:00\",\"mainEntityOfPage\":{\"@id\":\"https:\\\/\\\/monmaghreb.com\\\/index.php\\\/2026\\\/04\\\/28\\\/celebration-de-la-date-et-des-ceremonies-de-leid-al-fitr-ou-korite-dans-le-monde-musulman-reveillez-vous-a-cette-magnifique-fete\\\/\"},\"wordCount\":774,\"publisher\":{\"@id\":\"http:\\\/\\\/monmaghreb.com\\\/#organization\"},\"image\":{\"@id\":\"https:\\\/\\\/monmaghreb.com\\\/index.php\\\/2026\\\/04\\\/28\\\/celebration-de-la-date-et-des-ceremonies-de-leid-al-fitr-ou-korite-dans-le-monde-musulman-reveillez-vous-a-cette-magnifique-fete\\\/#primaryimage\"},\"thumbnailUrl\":\"https:\\\/\\\/monmaghreb.com\\\/wp-content\\\/uploads\\\/2026\\\/04\\\/featured-422.jpg\",\"keywords\":[\"auto guide\",\"eid al fitr\",\"islamic festival\",\"muslim culture\",\"worldwide celebrations\"],\"articleSection\":[\"Ramadan &amp; Iftar\"],\"inLanguage\":\"en-US\"},{\"@type\":\"WebPage\",\"@id\":\"https:\\\/\\\/monmaghreb.com\\\/index.php\\\/2026\\\/04\\\/28\\\/celebration-de-la-date-et-des-ceremonies-de-leid-al-fitr-ou-korite-dans-le-monde-musulman-reveillez-vous-a-cette-magnifique-fete\\\/\",\"url\":\"https:\\\/\\\/monmaghreb.com\\\/index.php\\\/2026\\\/04\\\/28\\\/celebration-de-la-date-et-des-ceremonies-de-leid-al-fitr-ou-korite-dans-le-monde-musulman-reveillez-vous-a-cette-magnifique-fete\\\/\",\"name\":\"C\u00e9l\u00e9bration de la date et des c\u00e9r\u00e9monies de l'Eid al-Fitr ou\",\"isPartOf\":{\"@id\":\"http:\\\/\\\/monmaghreb.com\\\/#website\"},\"primaryImageOfPage\":{\"@id\":\"https:\\\/\\\/monmaghreb.com\\\/index.php\\\/2026\\\/04\\\/28\\\/celebration-de-la-date-et-des-ceremonies-de-leid-al-fitr-ou-korite-dans-le-monde-musulman-reveillez-vous-a-cette-magnifique-fete\\\/#primaryimage\"},\"image\":{\"@id\":\"https:\\\/\\\/monmaghreb.com\\\/index.php\\\/2026\\\/04\\\/28\\\/celebration-de-la-date-et-des-ceremonies-de-leid-al-fitr-ou-korite-dans-le-monde-musulman-reveillez-vous-a-cette-magnifique-fete\\\/#primaryimage\"},\"thumbnailUrl\":\"https:\\\/\\\/monmaghreb.com\\\/wp-content\\\/uploads\\\/2026\\\/04\\\/featured-422.jpg\",\"datePublished\":\"2026-04-28T11:04:54+00:00\",\"dateModified\":\"2026-04-28T11:05:00+00:00\",\"description\":\"C\u00e9l\u00e9brations de l'Eid al-Fitr dans le monde musulman - R\u00e9veillez-vous \u00e0 cette magnifique f\u00eate !\",\"breadcrumb\":{\"@id\":\"https:\\\/\\\/monmaghreb.com\\\/index.php\\\/2026\\\/04\\\/28\\\/celebration-de-la-date-et-des-ceremonies-de-leid-al-fitr-ou-korite-dans-le-monde-musulman-reveillez-vous-a-cette-magnifique-fete\\\/#breadcrumb\"},\"inLanguage\":\"en-US\",\"potentialAction\":[{\"@type\":\"ReadAction\",\"target\":[\"https:\\\/\\\/monmaghreb.com\\\/index.php\\\/2026\\\/04\\\/28\\\/celebration-de-la-date-et-des-ceremonies-de-leid-al-fitr-ou-korite-dans-le-monde-musulman-reveillez-vous-a-cette-magnifique-fete\\\/\"]}]},{\"@type\":\"ImageObject\",\"inLanguage\":\"en-US\",\"@id\":\"https:\\\/\\\/monmaghreb.com\\\/index.php\\\/2026\\\/04\\\/28\\\/celebration-de-la-date-et-des-ceremonies-de-leid-al-fitr-ou-korite-dans-le-monde-musulman-reveillez-vous-a-cette-magnifique-fete\\\/#primaryimage\",\"url\":\"https:\\\/\\\/monmaghreb.com\\\/wp-content\\\/uploads\\\/2026\\\/04\\\/featured-422.jpg\",\"contentUrl\":\"https:\\\/\\\/monmaghreb.com\\\/wp-content\\\/uploads\\\/2026\\\/04\\\/featured-422.jpg\",\"width\":1880,\"height\":1253,\"caption\":\"Muslim family enjoying Eid al-Fitr celebration\"},{\"@type\":\"BreadcrumbList\",\"@id\":\"https:\\\/\\\/monmaghreb.com\\\/index.php\\\/2026\\\/04\\\/28\\\/celebration-de-la-date-et-des-ceremonies-de-leid-al-fitr-ou-korite-dans-le-monde-musulman-reveillez-vous-a-cette-magnifique-fete\\\/#breadcrumb\",\"itemListElement\":[{\"@type\":\"ListItem\",\"position\":1,\"name\":\"Home\",\"item\":\"http:\\\/\\\/monmaghreb.com\\\/\"},{\"@type\":\"ListItem\",\"position\":2,\"name\":\"C\u00e9l\u00e9bration de la date et des c\u00e9r\u00e9monies de l&#8217;Eid al-Fitr ou Korit\u00e9 dans le monde musulman : r\u00e9veillez-vous \u00e0 cette magnifique f\u00eate !\"}]},{\"@type\":\"WebSite\",\"@id\":\"http:\\\/\\\/monmaghreb.com\\\/#website\",\"url\":\"http:\\\/\\\/monmaghreb.com\\\/\",\"name\":\"Mon Maghreb\",\"description\":\"MonMaghreb United\",\"publisher\":{\"@id\":\"http:\\\/\\\/monmaghreb.com\\\/#organization\"},\"alternateName\":\"Le Monde du Maghreb et au del\u00e0\",\"potentialAction\":[{\"@type\":\"SearchAction\",\"target\":{\"@type\":\"EntryPoint\",\"urlTemplate\":\"http:\\\/\\\/monmaghreb.com\\\/?s={search_term_string}\"},\"query-input\":{\"@type\":\"PropertyValueSpecification\",\"valueRequired\":true,\"valueName\":\"search_term_string\"}}],\"inLanguage\":\"en-US\"},{\"@type\":\"Organization\",\"@id\":\"http:\\\/\\\/monmaghreb.com\\\/#organization\",\"name\":\"Mon Maghreb\",\"url\":\"http:\\\/\\\/monmaghreb.com\\\/\",\"logo\":{\"@type\":\"ImageObject\",\"inLanguage\":\"en-US\",\"@id\":\"http:\\\/\\\/monmaghreb.com\\\/#\\\/schema\\\/logo\\\/image\\\/\",\"url\":\"https:\\\/\\\/monmaghreb.com\\\/wp-content\\\/uploads\\\/2025\\\/12\\\/Mon_Maghreb_Logo.jpg\",\"contentUrl\":\"https:\\\/\\\/monmaghreb.com\\\/wp-content\\\/uploads\\\/2025\\\/12\\\/Mon_Maghreb_Logo.jpg\",\"width\":814,\"height\":374,\"caption\":\"Mon Maghreb\"},\"image\":{\"@id\":\"http:\\\/\\\/monmaghreb.com\\\/#\\\/schema\\\/logo\\\/image\\\/\"}},{\"@type\":\"Person\",\"@id\":\"http:\\\/\\\/monmaghreb.com\\\/#\\\/schema\\\/person\\\/c469a89dc8c6b8987dcb438b1200d054\",\"name\":\"LaMagh\",\"image\":{\"@type\":\"ImageObject\",\"inLanguage\":\"en-US\",\"@id\":\"https:\\\/\\\/secure.gravatar.com\\\/avatar\\\/399d8144bd55fba55e056779aca52fe528bac7911f6449e54d81173d6dfd7f0a?s=96&d=mm&r=g\",\"url\":\"https:\\\/\\\/secure.gravatar.com\\\/avatar\\\/399d8144bd55fba55e056779aca52fe528bac7911f6449e54d81173d6dfd7f0a?s=96&d=mm&r=g\",\"contentUrl\":\"https:\\\/\\\/secure.gravatar.com\\\/avatar\\\/399d8144bd55fba55e056779aca52fe528bac7911f6449e54d81173d6dfd7f0a?s=96&d=mm&r=g\",\"caption\":\"LaMagh\"},\"sameAs\":[\"https:\\\/\\\/monmaghreb.com\",\"https:\\\/\\\/www.facebook.com\\\/monmaghrebcom\",\"https:\\\/\\\/x.com\\\/MMaghreb50977\"],\"url\":\"https:\\\/\\\/monmaghreb.com\\\/index.php\\\/author\\\/lamagh\\\/\"}]}<\/script>\n<!-- \/ Yoast SEO plugin. -->","yoast_head_json":{"title":"C\u00e9l\u00e9bration de la date et des c\u00e9r\u00e9monies de l'Eid al-Fitr ou","description":"C\u00e9l\u00e9brations de l'Eid al-Fitr dans le monde musulman - R\u00e9veillez-vous \u00e0 cette magnifique f\u00eate !","robots":{"index":"index","follow":"follow","max-snippet":"max-snippet:-1","max-image-preview":"max-image-preview:large","max-video-preview":"max-video-preview:-1"},"canonical":"https:\/\/monmaghreb.com\/index.php\/2026\/04\/28\/celebration-de-la-date-et-des-ceremonies-de-leid-al-fitr-ou-korite-dans-le-monde-musulman-reveillez-vous-a-cette-magnifique-fete\/","og_locale":"en_US","og_type":"article","og_title":"C\u00e9l\u00e9bration de la date et des c\u00e9r\u00e9monies de l'Eid al-Fitr ou Korit\u00e9 dans le monde musulman : r\u00e9veillez-vous \u00e0 cette magnifique f\u00eate !","og_description":"C\u00e9l\u00e9brations de l'Eid al-Fitr dans le monde musulman - R\u00e9veillez-vous \u00e0 cette magnifique f\u00eate !","og_url":"https:\/\/monmaghreb.com\/index.php\/2026\/04\/28\/celebration-de-la-date-et-des-ceremonies-de-leid-al-fitr-ou-korite-dans-le-monde-musulman-reveillez-vous-a-cette-magnifique-fete\/","og_site_name":"Mon Maghreb","article_author":"https:\/\/www.facebook.com\/monmaghrebcom","article_published_time":"2026-04-28T11:04:54+00:00","article_modified_time":"2026-04-28T11:05:00+00:00","og_image":[{"width":1880,"height":1253,"url":"https:\/\/monmaghreb.com\/wp-content\/uploads\/2026\/04\/featured-422.jpg","type":"image\/jpeg"}],"author":"LaMagh","twitter_card":"summary_large_image","twitter_creator":"@MMaghreb50977","twitter_misc":{"Written by":"LaMagh","Est. reading time":"4 minutes"},"schema":{"@context":"https:\/\/schema.org","@graph":[{"@type":"Article","@id":"https:\/\/monmaghreb.com\/index.php\/2026\/04\/28\/celebration-de-la-date-et-des-ceremonies-de-leid-al-fitr-ou-korite-dans-le-monde-musulman-reveillez-vous-a-cette-magnifique-fete\/#article","isPartOf":{"@id":"https:\/\/monmaghreb.com\/index.php\/2026\/04\/28\/celebration-de-la-date-et-des-ceremonies-de-leid-al-fitr-ou-korite-dans-le-monde-musulman-reveillez-vous-a-cette-magnifique-fete\/"},"author":{"name":"LaMagh","@id":"http:\/\/monmaghreb.com\/#\/schema\/person\/c469a89dc8c6b8987dcb438b1200d054"},"headline":"C\u00e9l\u00e9bration de la date et des c\u00e9r\u00e9monies de l&#8217;Eid al-Fitr ou Korit\u00e9 dans le monde musulman : r\u00e9veillez-vous \u00e0 cette magnifique f\u00eate !","datePublished":"2026-04-28T11:04:54+00:00","dateModified":"2026-04-28T11:05:00+00:00","mainEntityOfPage":{"@id":"https:\/\/monmaghreb.com\/index.php\/2026\/04\/28\/celebration-de-la-date-et-des-ceremonies-de-leid-al-fitr-ou-korite-dans-le-monde-musulman-reveillez-vous-a-cette-magnifique-fete\/"},"wordCount":774,"publisher":{"@id":"http:\/\/monmaghreb.com\/#organization"},"image":{"@id":"https:\/\/monmaghreb.com\/index.php\/2026\/04\/28\/celebration-de-la-date-et-des-ceremonies-de-leid-al-fitr-ou-korite-dans-le-monde-musulman-reveillez-vous-a-cette-magnifique-fete\/#primaryimage"},"thumbnailUrl":"https:\/\/monmaghreb.com\/wp-content\/uploads\/2026\/04\/featured-422.jpg","keywords":["auto guide","eid al fitr","islamic festival","muslim culture","worldwide celebrations"],"articleSection":["Ramadan &amp; Iftar"],"inLanguage":"en-US"},{"@type":"WebPage","@id":"https:\/\/monmaghreb.com\/index.php\/2026\/04\/28\/celebration-de-la-date-et-des-ceremonies-de-leid-al-fitr-ou-korite-dans-le-monde-musulman-reveillez-vous-a-cette-magnifique-fete\/","url":"https:\/\/monmaghreb.com\/index.php\/2026\/04\/28\/celebration-de-la-date-et-des-ceremonies-de-leid-al-fitr-ou-korite-dans-le-monde-musulman-reveillez-vous-a-cette-magnifique-fete\/","name":"C\u00e9l\u00e9bration de la date et des c\u00e9r\u00e9monies de l'Eid al-Fitr ou","isPartOf":{"@id":"http:\/\/monmaghreb.com\/#website"},"primaryImageOfPage":{"@id":"https:\/\/monmaghreb.com\/index.php\/2026\/04\/28\/celebration-de-la-date-et-des-ceremonies-de-leid-al-fitr-ou-korite-dans-le-monde-musulman-reveillez-vous-a-cette-magnifique-fete\/#primaryimage"},"image":{"@id":"https:\/\/monmaghreb.com\/index.php\/2026\/04\/28\/celebration-de-la-date-et-des-ceremonies-de-leid-al-fitr-ou-korite-dans-le-monde-musulman-reveillez-vous-a-cette-magnifique-fete\/#primaryimage"},"thumbnailUrl":"https:\/\/monmaghreb.com\/wp-content\/uploads\/2026\/04\/featured-422.jpg","datePublished":"2026-04-28T11:04:54+00:00","dateModified":"2026-04-28T11:05:00+00:00","description":"C\u00e9l\u00e9brations de l'Eid al-Fitr dans le monde musulman - R\u00e9veillez-vous \u00e0 cette magnifique f\u00eate !","breadcrumb":{"@id":"https:\/\/monmaghreb.com\/index.php\/2026\/04\/28\/celebration-de-la-date-et-des-ceremonies-de-leid-al-fitr-ou-korite-dans-le-monde-musulman-reveillez-vous-a-cette-magnifique-fete\/#breadcrumb"},"inLanguage":"en-US","potentialAction":[{"@type":"ReadAction","target":["https:\/\/monmaghreb.com\/index.php\/2026\/04\/28\/celebration-de-la-date-et-des-ceremonies-de-leid-al-fitr-ou-korite-dans-le-monde-musulman-reveillez-vous-a-cette-magnifique-fete\/"]}]},{"@type":"ImageObject","inLanguage":"en-US","@id":"https:\/\/monmaghreb.com\/index.php\/2026\/04\/28\/celebration-de-la-date-et-des-ceremonies-de-leid-al-fitr-ou-korite-dans-le-monde-musulman-reveillez-vous-a-cette-magnifique-fete\/#primaryimage","url":"https:\/\/monmaghreb.com\/wp-content\/uploads\/2026\/04\/featured-422.jpg","contentUrl":"https:\/\/monmaghreb.com\/wp-content\/uploads\/2026\/04\/featured-422.jpg","width":1880,"height":1253,"caption":"Muslim family enjoying Eid al-Fitr celebration"},{"@type":"BreadcrumbList","@id":"https:\/\/monmaghreb.com\/index.php\/2026\/04\/28\/celebration-de-la-date-et-des-ceremonies-de-leid-al-fitr-ou-korite-dans-le-monde-musulman-reveillez-vous-a-cette-magnifique-fete\/#breadcrumb","itemListElement":[{"@type":"ListItem","position":1,"name":"Home","item":"http:\/\/monmaghreb.com\/"},{"@type":"ListItem","position":2,"name":"C\u00e9l\u00e9bration de la date et des c\u00e9r\u00e9monies de l&#8217;Eid al-Fitr ou Korit\u00e9 dans le monde musulman : r\u00e9veillez-vous \u00e0 cette magnifique f\u00eate !"}]},{"@type":"WebSite","@id":"http:\/\/monmaghreb.com\/#website","url":"http:\/\/monmaghreb.com\/","name":"Mon Maghreb","description":"MonMaghreb United","publisher":{"@id":"http:\/\/monmaghreb.com\/#organization"},"alternateName":"Le Monde du Maghreb et au del\u00e0","potentialAction":[{"@type":"SearchAction","target":{"@type":"EntryPoint","urlTemplate":"http:\/\/monmaghreb.com\/?s={search_term_string}"},"query-input":{"@type":"PropertyValueSpecification","valueRequired":true,"valueName":"search_term_string"}}],"inLanguage":"en-US"},{"@type":"Organization","@id":"http:\/\/monmaghreb.com\/#organization","name":"Mon Maghreb","url":"http:\/\/monmaghreb.com\/","logo":{"@type":"ImageObject","inLanguage":"en-US","@id":"http:\/\/monmaghreb.com\/#\/schema\/logo\/image\/","url":"https:\/\/monmaghreb.com\/wp-content\/uploads\/2025\/12\/Mon_Maghreb_Logo.jpg","contentUrl":"https:\/\/monmaghreb.com\/wp-content\/uploads\/2025\/12\/Mon_Maghreb_Logo.jpg","width":814,"height":374,"caption":"Mon Maghreb"},"image":{"@id":"http:\/\/monmaghreb.com\/#\/schema\/logo\/image\/"}},{"@type":"Person","@id":"http:\/\/monmaghreb.com\/#\/schema\/person\/c469a89dc8c6b8987dcb438b1200d054","name":"LaMagh","image":{"@type":"ImageObject","inLanguage":"en-US","@id":"https:\/\/secure.gravatar.com\/avatar\/399d8144bd55fba55e056779aca52fe528bac7911f6449e54d81173d6dfd7f0a?s=96&d=mm&r=g","url":"https:\/\/secure.gravatar.com\/avatar\/399d8144bd55fba55e056779aca52fe528bac7911f6449e54d81173d6dfd7f0a?s=96&d=mm&r=g","contentUrl":"https:\/\/secure.gravatar.com\/avatar\/399d8144bd55fba55e056779aca52fe528bac7911f6449e54d81173d6dfd7f0a?s=96&d=mm&r=g","caption":"LaMagh"},"sameAs":["https:\/\/monmaghreb.com","https:\/\/www.facebook.com\/monmaghrebcom","https:\/\/x.com\/MMaghreb50977"],"url":"https:\/\/monmaghreb.com\/index.php\/author\/lamagh\/"}]}},"_links":{"self":[{"href":"https:\/\/monmaghreb.com\/index.php\/wp-json\/wp\/v2\/posts\/3591","targetHints":{"allow":["GET"]}}],"collection":[{"href":"https:\/\/monmaghreb.com\/index.php\/wp-json\/wp\/v2\/posts"}],"about":[{"href":"https:\/\/monmaghreb.com\/index.php\/wp-json\/wp\/v2\/types\/post"}],"author":[{"embeddable":true,"href":"https:\/\/monmaghreb.com\/index.php\/wp-json\/wp\/v2\/users\/1"}],"replies":[{"embeddable":true,"href":"https:\/\/monmaghreb.com\/index.php\/wp-json\/wp\/v2\/comments?post=3591"}],"version-history":[{"count":1,"href":"https:\/\/monmaghreb.com\/index.php\/wp-json\/wp\/v2\/posts\/3591\/revisions"}],"predecessor-version":[{"id":3592,"href":"https:\/\/monmaghreb.com\/index.php\/wp-json\/wp\/v2\/posts\/3591\/revisions\/3592"}],"wp:featuredmedia":[{"embeddable":true,"href":"https:\/\/monmaghreb.com\/index.php\/wp-json\/wp\/v2\/media\/3590"}],"wp:attachment":[{"href":"https:\/\/monmaghreb.com\/index.php\/wp-json\/wp\/v2\/media?parent=3591"}],"wp:term":[{"taxonomy":"category","embeddable":true,"href":"https:\/\/monmaghreb.com\/index.php\/wp-json\/wp\/v2\/categories?post=3591"},{"taxonomy":"post_tag","embeddable":true,"href":"https:\/\/monmaghreb.com\/index.php\/wp-json\/wp\/v2\/tags?post=3591"}],"curies":[{"name":"wp","href":"https:\/\/api.w.org\/{rel}","templated":true}]}}