{"id":3600,"date":"2026-04-28T13:27:35","date_gmt":"2026-04-28T13:27:35","guid":{"rendered":"https:\/\/monmaghreb.com\/index.php\/2026\/04\/28\/fete-de-laid-el-kebir-2026-un-apercu-du-pelerinage-et-des-premieres-interdictions-dans-la-region-isere\/"},"modified":"2026-04-28T13:27:43","modified_gmt":"2026-04-28T13:27:43","slug":"fete-de-laid-el-kebir-2026-un-apercu-du-pelerinage-et-des-premieres-interdictions-dans-la-region-isere","status":"publish","type":"post","link":"https:\/\/monmaghreb.com\/index.php\/2026\/04\/28\/fete-de-laid-el-kebir-2026-un-apercu-du-pelerinage-et-des-premieres-interdictions-dans-la-region-isere\/","title":{"rendered":"F\u00eate de l&#8217;A\u00efd el-K\u00e9bir 2026 : un aper\u00e7u du p\u00e8lerinage et des premi\u00e8res interdictions dans la r\u00e9gion Is\u00e8re"},"content":{"rendered":"<p><!DOCTYPE html><br \/>\n<html lang='fr'><br \/>\n<head><br \/>\n  <meta charset='UTF-8'><br \/>\n  <title>F\u00eate de l&#8217;A\u00efd el-K\u00e9bir 2026 : un aper\u00e7u du p\u00e8lerinage et des premi\u00e8res interdictions dans la r\u00e9gion Is\u00e8re<\/title><br \/>\n<\/head><br \/>\n<body><\/p>\n<h1>F\u00eate de l&#8217;A\u00efd el-K\u00e9bir 2026 : un aper\u00e7u du p\u00e8lerinage et des premi\u00e8res interdictions dans la r\u00e9gion Is\u00e8re<\/h1>\n<p>  <script type=\"application\/ld+json\">\n{\n  \"@context\": \"https:\/\/schema.org\/\",\n  \"@type\": \"Recipe\",\n  \"name\": \"F\u00eate de l'A\u00efd el-K\u00e9bir 2026\",\n  \"description\": \"Un aper\u00e7u du p\u00e8lerinage et des premi\u00e8res interdictions dans la r\u00e9gion Is\u00e8re\",\n  \"prepTime\": \"PT15M\",\n  \"cookTime\": \"PT30M\",\n  \"totalTime\": \"PT45M\",\n  \"recipeYield\": \"4 portions\",\n  \"recipeIngredient\": [\n    \"200g semoule\"\n  ],\n  \"recipeInstructions\": [\n    {\n      \"@type\": \"HowToStep\",\n      \"text\": \"\u00c9tape 1: Preparation de la p\u00e8lerinage\"\n    }\n  ],\n  \"recipeCategory\": \"Main Course\",\n  \"recipeCuisine\": \"Marocaine\",\n  \"keywords\": [\n    \"recette\",\n    \"Maghreb\",\n    \"p\u00e8lerinage\"\n  ],\n  \"datePublished\": \"2026-04-28\",\n  \"author\": {\n    \"@type\": \"Organization\",\n    \"name\": \"\"\n  },\n  \"nutrition\": {\n    \"@type\": \"NutritionInformation\",\n    \"calories\": \"350 calories\"\n  }\n}\n<\/script><\/p>\n<p>La F\u00eate de l&#8217;A\u00efd el-K\u00e9bir est l&#8217;une des plus importantes festivals islamiques et marque pour les musulmans le terme de la saison des pelerinages. Cette ann\u00e9e, elle aura lieu le 21 juillet 2026 en France. Dans ce billet, nous vous offrons un aper\u00e7u du p\u00e8lerinage \u00e0 l&#8217;A\u00efd el-K\u00e9bir et des premi\u00e8res interdictions dans la r\u00e9gion Is\u00e8re.<\/p>\n<h2>P\u00e8lerinage \u00e0 l&#8217;A\u00efd el-K\u00e9bir<\/h2>\n<p>Le p\u00e8lerinage \u00e0 l&#8217;A\u00efd el-K\u00e9bir est effectu\u00e9 en m\u00e9moire du sacrifice de l&#8217;animal d&#8217;Abraham sur l&#8217;autel. Cela repr\u00e9sente la soumission \u00e0 Dieu et le remerciement pour les b\u00e9n\u00e9fices re\u00e7us. Les croyants qui peuvent le faire s&#8217;\u00e9lancent vers des lieux sacr\u00e9s pour y effectuer leur p\u00e8lerinage.<\/p>\n<p>Il est important de noter que ce p\u00e8lerinage est particuli\u00e8rement important en Alg\u00e9rie, Maroc et Tunisie, o\u00f9 il existe des sites de pelerinages historiques. Cependant, ceux qui ne peuvent pas se rendre sur place peuvent \u00e9galement effectuer un p\u00e8lerinage local.<\/p>\n<p>Le p\u00e8lerinage \u00e0 l&#8217;A\u00efd el-K\u00e9bir est une occasion de r\u00e9unir la communaut\u00e9 et de renforcer les liens familiaux. Cela implique le sacrifice d&#8217;une ou plusieurs moutons, le je\u00fbne et la pri\u00e8re. Les croyants s&#8217;assemblent \u00e9galement pour partager des repas traditionnels et des moments de convivialit\u00e9.<\/p>\n<h2>P\u00e8lerinage local dans la r\u00e9gion Is\u00e8re<\/h2>\n<p>Dans la r\u00e9gion Is\u00e8re, il existe plusieurs endroits qui peuvent servir de lieu pour effectuer un p\u00e8lerinage local. Parmi eux figureraient les mosqu\u00e9es et les lieux sacr\u00e9s du patrimoine islamique.<\/p>\n<p>Le plus grand centre islamique de la r\u00e9gion, le Centre Islamique de Grenoble, est un lieu de pelerinage fr\u00e9quent\u00e9 par les musulmans locaux. Il offre des services religieux et culturels pour tous ceux qui le souhaitent. Les croyants peuvent y trouver une communaut\u00e9 solidaire et des moments de r\u00e9flexion.<\/p>\n<p>D&#8217;autres lieux sacr\u00e9s du patrimoine islamique dans la r\u00e9gion Is\u00e8re comprennent la mosqu\u00e9e de Vienne, la mosqu\u00e9e de Saint-Martin-d&#8217;H\u00e8res et la mosqu\u00e9e de Fontaine. Ils sont tous des sites historiques et religieux importants pour les musulmans locaux.<\/p>\n<h2>Interdictions au p\u00e8lerinage local<\/h2>\n<p>Le p\u00e8lerinage \u00e0 l&#8217;A\u00efd el-K\u00e9bir peut \u00eatre effectu\u00e9 dans plusieurs lieux de la r\u00e9gion Is\u00e8re, mais il y a quelques interdictions importantes \u00e0 prendre en compte. Les autorit\u00e9s ont \u00e9tabli des r\u00e8gles pour garantir la s\u00e9curit\u00e9 et le bien-\u00eatre des croyants qui se rendent aux services religieux.<\/p>\n<p>Les r\u00e8gles principales concernent l&#8217;utilisation de voitures, l&#8217;apport d&#8217;animaux et les rassemblements en lieu public. Les autorit\u00e9s ont \u00e9galement \u00e9tabli des r\u00e9glementations concernant le sacrifice d&#8217;animaux.<\/p>\n<ul>\n<li>Les croyants ne doivent pas utiliser de voitures personnelles dans la mosqu\u00e9e ou sur les lieux de pelerinage. Il existe g\u00e9n\u00e9ralement un parking r\u00e9serv\u00e9 pour les v\u00e9hicules et des bus sp\u00e9cifiques qui assurent les d\u00e9placements.<\/li>\n<li>Les animaux doivent \u00eatre apport\u00e9s au lieu de pelerinage en respectant les r\u00e8gles d&#8217;hygi\u00e8ne. Les autorit\u00e9s peuvent vous demander de pr\u00e9senter vos documents de sant\u00e9 animali\u00e8re lors de votre arriv\u00e9e.<\/li>\n<li>Les rassemblements en lieu public doivent \u00eatre effectu\u00e9s avec pr\u00e9caution pour \u00e9viter tout trouble ou d\u00e9sordre.<\/li>\n<\/ul>\n<h2>Un appel \u00e0 l&#8217;action<\/h2>\n<p>La F\u00eate de l&#8217;A\u00efd el-K\u00e9bir est une occasion de c\u00e9l\u00e9brer la fraternit\u00e9 et de renforcer nos liens familiaux. Si vous r\u00e9sidez dans la r\u00e9gion Is\u00e8re, nous vous invitons \u00e0 rejoindre les autres musulmans locaux pour effectuer un p\u00e8lerinage local en respectant toutes les r\u00e8gles et interdictions \u00e9tablies par les autorit\u00e9s.<\/p>\n<p>Nous esp\u00e9rons que ce billet vous aidera \u00e0 mieux comprendre le p\u00e8lerinage \u00e0 l&#8217;A\u00efd el-K\u00e9bir et des premi\u00e8res interdictions dans la r\u00e9gion Is\u00e8re. Si vous avez d&#8217;autres questions ou si vous souhaitez apprendre plus sur les c\u00e9r\u00e9monies islamiques, ne hesitez pas \u00e0 nous contacter.<\/p>\n<div style=\"background:#f8f9fa;border-left:4px solid #0066cc;border-radius:6px;padding:20px 24px;margin:32px 0;\">\n<p style=\"font-size:13px;color:#888;text-transform:uppercase;letter-spacing:0.8px;margin:0 0 6px 0;\">Vous pourriez aussi aimer<\/p>\n<h3 style=\"font-size:18px;margin:0 0 14px 0;color:#222;\">Articles similaires<\/h3>\n<ul style=\"margin:0;padding-left:20px;list-style:disc;\">\n<li style=\"margin-bottom:10px;\"><a href=\"https:\/\/monmaghreb.com\/index.php\/2026\/04\/28\/fin-du-ramadan-2026-quest-ce-que-laid-el-fitr-la-grande-fete-musulmane-un-guide-complet-pour-les-communautes-maghrebines\/\" style=\"color:#0066cc;text-decoration:none;font-weight:500;\" title=\"Fin du Ramadan 2026 : qu&#8217;est-ce que l&#8217;A\u00efd el-Fitr, la grande f\u00eate musulmane ? Un guide complet pour les communaut\u00e9s maghr\u00e9bines\">Fin du Ramadan 2026 : qu&#8217;est-ce que l&#8217;A\u00efd el-Fitr, la grande f\u00eate musulmane ? Un guide complet pour les communaut\u00e9s maghr\u00e9bines<\/a><\/li>\n<li style=\"margin-bottom:10px;\"><a href=\"https:\/\/monmaghreb.com\/index.php\/2026\/04\/28\/celebration-de-la-date-et-des-ceremonies-de-leid-al-fitr-ou-korite-dans-le-monde-musulman-reveillez-vous-a-cette-magnifique-fete\/\" style=\"color:#0066cc;text-decoration:none;font-weight:500;\" title=\"C\u00e9l\u00e9bration de la date et des c\u00e9r\u00e9monies de l&#8217;Eid al-Fitr ou Korit\u00e9 dans le monde musulman : r\u00e9veillez-vous \u00e0 cette magnifique f\u00eate !\">C\u00e9l\u00e9bration de la date et des c\u00e9r\u00e9monies de l&#8217;Eid al-Fitr ou Korit\u00e9 dans le monde musulman : r\u00e9veillez-vous \u00e0 cette magnifique f\u00eate !<\/a><\/li>\n<li style=\"margin-bottom:10px;\"><a href=\"https:\/\/monmaghreb.com\/index.php\/2026\/04\/26\/yennayer-la-fete-berbere-du-nouvel-an-une-celebration-culturelle-et-traditionnelle-amazigh\/\" style=\"color:#0066cc;text-decoration:none;font-weight:500;\" title=\"Yennayer, la f\u00eate berb\u00e8re du Nouvel An : une c\u00e9l\u00e9bration culturelle et traditionnelle Amazigh\">Yennayer, la f\u00eate berb\u00e8re du Nouvel An : une c\u00e9l\u00e9bration culturelle et traditionnelle Amazigh<\/a><\/li>\n<li style=\"margin-bottom:10px;\"><a href=\"https:\/\/monmaghreb.com\/index.php\/2026\/04\/26\/exposition-zahira-tigtate-une-fete-de-la-culture-berbere-a-drancy\/\" style=\"color:#0066cc;text-decoration:none;font-weight:500;\" title=\"Exposition Zahira Tigtate : une f\u00eate de la culture berb\u00e8re \u00e0 Drancy\">Exposition Zahira Tigtate : une f\u00eate de la culture berb\u00e8re \u00e0 Drancy<\/a><\/li>\n<li style=\"margin-bottom:10px;\"><a href=\"https:\/\/monmaghreb.com\/index.php\/2026\/04\/25\/recettes-ramadan-2026-un-guide-complet-pour-un-repas-gourmand\/\" style=\"color:#0066cc;text-decoration:none;font-weight:500;\" title=\"Recettes Ramadan 2026: Un guide complet pour un repas gourmand\">Recettes Ramadan 2026: Un guide complet pour un repas gourmand<\/a><\/li>\n<\/ul>\n<\/div>\n<p><\/body><br \/>\n<\/html><\/p>\n","protected":false},"excerpt":{"rendered":"<p>Explorez le pelerinage de la F\u00eate de l&#8217;A\u00efd el-K\u00e9bir 2026 en Is\u00e8re : interdictions premi\u00e8res. Un aper\u00e7u pratique.<\/p>\n","protected":false},"author":1,"featured_media":3599,"comment_status":"closed","ping_status":"open","sticky":false,"template":"","format":"standard","meta":{"_yoast_wpseo_focuskw":"F\u00eate de l'A\u00efd el-K\u00e9bir 2026","_yoast_wpseo_title":"F\u00eate de l'A\u00efd el-K\u00e9bir 2026 : un aper\u00e7u du p\u00e8lerinage et des","_yoast_wpseo_metadesc":"Explorez le pelerinage de la F\u00eate de l'A\u00efd el-K\u00e9bir 2026 en Is\u00e8re : interdictions premi\u00e8res. Un aper\u00e7u pratique.","_yoast_wpseo_canonical":"","_yoast_wpseo_opengraph-title":"F\u00eate de l'A\u00efd el-K\u00e9bir 2026 : un aper\u00e7u du p\u00e8lerinage et des premi\u00e8res interdictions dans la r\u00e9gion Is\u00e8re","_yoast_wpseo_opengraph-description":"Explorez le pelerinage de la F\u00eate de l'A\u00efd el-K\u00e9bir 2026 en Is\u00e8re : interdictions premi\u00e8res. Un aper\u00e7u pratique.","_yoast_wpseo_opengraph-image":"","tdm_status":"","tdm_grid_status":"","footnotes":""},"categories":[651],"tags":[832,2407,833,2433,2441],"class_list":["post-3600","post","type-post","status-publish","format-standard","has-post-thumbnail","hentry","category-ramadan-iftar","tag-aid-el-kebir","tag-auto-guide","tag-fete-islamique","tag-pelerinage","tag-region-isere"],"yoast_head":"<!-- This site is optimized with the Yoast SEO plugin v27.4 - https:\/\/yoast.com\/product\/yoast-seo-wordpress\/ -->\n<title>F\u00eate de l&#039;A\u00efd el-K\u00e9bir 2026 : un aper\u00e7u du p\u00e8lerinage et des<\/title>\n<meta name=\"description\" content=\"Explorez le pelerinage de la F\u00eate de l&#039;A\u00efd el-K\u00e9bir 2026 en Is\u00e8re : interdictions premi\u00e8res. Un aper\u00e7u pratique.\" \/>\n<meta name=\"robots\" content=\"index, follow, max-snippet:-1, max-image-preview:large, max-video-preview:-1\" \/>\n<link rel=\"canonical\" href=\"https:\/\/monmaghreb.com\/index.php\/2026\/04\/28\/fete-de-laid-el-kebir-2026-un-apercu-du-pelerinage-et-des-premieres-interdictions-dans-la-region-isere\/\" \/>\n<meta property=\"og:locale\" content=\"en_US\" \/>\n<meta property=\"og:type\" content=\"article\" \/>\n<meta property=\"og:title\" content=\"F\u00eate de l&#039;A\u00efd el-K\u00e9bir 2026 : un aper\u00e7u du p\u00e8lerinage et des premi\u00e8res interdictions dans la r\u00e9gion Is\u00e8re\" \/>\n<meta property=\"og:description\" content=\"Explorez le pelerinage de la F\u00eate de l&#039;A\u00efd el-K\u00e9bir 2026 en Is\u00e8re : interdictions premi\u00e8res. Un aper\u00e7u pratique.\" \/>\n<meta property=\"og:url\" content=\"https:\/\/monmaghreb.com\/index.php\/2026\/04\/28\/fete-de-laid-el-kebir-2026-un-apercu-du-pelerinage-et-des-premieres-interdictions-dans-la-region-isere\/\" \/>\n<meta property=\"og:site_name\" content=\"Mon Maghreb\" \/>\n<meta property=\"article:author\" content=\"https:\/\/www.facebook.com\/monmaghrebcom\" \/>\n<meta property=\"article:published_time\" content=\"2026-04-28T13:27:35+00:00\" \/>\n<meta property=\"article:modified_time\" content=\"2026-04-28T13:27:43+00:00\" \/>\n<meta property=\"og:image\" content=\"https:\/\/monmaghreb.com\/wp-content\/uploads\/2026\/04\/featured-425.jpg\" \/>\n\t<meta property=\"og:image:width\" content=\"1880\" \/>\n\t<meta property=\"og:image:height\" content=\"1253\" \/>\n\t<meta property=\"og:image:type\" content=\"image\/jpeg\" \/>\n<meta name=\"author\" content=\"LaMagh\" \/>\n<meta name=\"twitter:card\" content=\"summary_large_image\" \/>\n<meta name=\"twitter:creator\" content=\"@MMaghreb50977\" \/>\n<meta name=\"twitter:label1\" content=\"Written by\" \/>\n\t<meta name=\"twitter:data1\" content=\"LaMagh\" \/>\n\t<meta name=\"twitter:label2\" content=\"Est. reading time\" \/>\n\t<meta name=\"twitter:data2\" content=\"4 minutes\" \/>\n<script type=\"application\/ld+json\" class=\"yoast-schema-graph\">{\"@context\":\"https:\\\/\\\/schema.org\",\"@graph\":[{\"@type\":\"Article\",\"@id\":\"https:\\\/\\\/monmaghreb.com\\\/index.php\\\/2026\\\/04\\\/28\\\/fete-de-laid-el-kebir-2026-un-apercu-du-pelerinage-et-des-premieres-interdictions-dans-la-region-isere\\\/#article\",\"isPartOf\":{\"@id\":\"https:\\\/\\\/monmaghreb.com\\\/index.php\\\/2026\\\/04\\\/28\\\/fete-de-laid-el-kebir-2026-un-apercu-du-pelerinage-et-des-premieres-interdictions-dans-la-region-isere\\\/\"},\"author\":{\"name\":\"LaMagh\",\"@id\":\"http:\\\/\\\/monmaghreb.com\\\/#\\\/schema\\\/person\\\/c469a89dc8c6b8987dcb438b1200d054\"},\"headline\":\"F\u00eate de l&#8217;A\u00efd el-K\u00e9bir 2026 : un aper\u00e7u du p\u00e8lerinage et des premi\u00e8res interdictions dans la r\u00e9gion Is\u00e8re\",\"datePublished\":\"2026-04-28T13:27:35+00:00\",\"dateModified\":\"2026-04-28T13:27:43+00:00\",\"mainEntityOfPage\":{\"@id\":\"https:\\\/\\\/monmaghreb.com\\\/index.php\\\/2026\\\/04\\\/28\\\/fete-de-laid-el-kebir-2026-un-apercu-du-pelerinage-et-des-premieres-interdictions-dans-la-region-isere\\\/\"},\"wordCount\":850,\"publisher\":{\"@id\":\"http:\\\/\\\/monmaghreb.com\\\/#organization\"},\"image\":{\"@id\":\"https:\\\/\\\/monmaghreb.com\\\/index.php\\\/2026\\\/04\\\/28\\\/fete-de-laid-el-kebir-2026-un-apercu-du-pelerinage-et-des-premieres-interdictions-dans-la-region-isere\\\/#primaryimage\"},\"thumbnailUrl\":\"https:\\\/\\\/monmaghreb.com\\\/wp-content\\\/uploads\\\/2026\\\/04\\\/featured-425.jpg\",\"keywords\":[\"aid el k\u00e9bir\",\"auto guide\",\"f\u00eate islamique\",\"p\u00e8lerinage\",\"r\u00e9gion is\u00e8re\"],\"articleSection\":[\"Ramadan &amp; Iftar\"],\"inLanguage\":\"en-US\"},{\"@type\":\"WebPage\",\"@id\":\"https:\\\/\\\/monmaghreb.com\\\/index.php\\\/2026\\\/04\\\/28\\\/fete-de-laid-el-kebir-2026-un-apercu-du-pelerinage-et-des-premieres-interdictions-dans-la-region-isere\\\/\",\"url\":\"https:\\\/\\\/monmaghreb.com\\\/index.php\\\/2026\\\/04\\\/28\\\/fete-de-laid-el-kebir-2026-un-apercu-du-pelerinage-et-des-premieres-interdictions-dans-la-region-isere\\\/\",\"name\":\"F\u00eate de l'A\u00efd el-K\u00e9bir 2026 : un aper\u00e7u du p\u00e8lerinage et des\",\"isPartOf\":{\"@id\":\"http:\\\/\\\/monmaghreb.com\\\/#website\"},\"primaryImageOfPage\":{\"@id\":\"https:\\\/\\\/monmaghreb.com\\\/index.php\\\/2026\\\/04\\\/28\\\/fete-de-laid-el-kebir-2026-un-apercu-du-pelerinage-et-des-premieres-interdictions-dans-la-region-isere\\\/#primaryimage\"},\"image\":{\"@id\":\"https:\\\/\\\/monmaghreb.com\\\/index.php\\\/2026\\\/04\\\/28\\\/fete-de-laid-el-kebir-2026-un-apercu-du-pelerinage-et-des-premieres-interdictions-dans-la-region-isere\\\/#primaryimage\"},\"thumbnailUrl\":\"https:\\\/\\\/monmaghreb.com\\\/wp-content\\\/uploads\\\/2026\\\/04\\\/featured-425.jpg\",\"datePublished\":\"2026-04-28T13:27:35+00:00\",\"dateModified\":\"2026-04-28T13:27:43+00:00\",\"description\":\"Explorez le pelerinage de la F\u00eate de l'A\u00efd el-K\u00e9bir 2026 en Is\u00e8re : interdictions premi\u00e8res. Un aper\u00e7u pratique.\",\"breadcrumb\":{\"@id\":\"https:\\\/\\\/monmaghreb.com\\\/index.php\\\/2026\\\/04\\\/28\\\/fete-de-laid-el-kebir-2026-un-apercu-du-pelerinage-et-des-premieres-interdictions-dans-la-region-isere\\\/#breadcrumb\"},\"inLanguage\":\"en-US\",\"potentialAction\":[{\"@type\":\"ReadAction\",\"target\":[\"https:\\\/\\\/monmaghreb.com\\\/index.php\\\/2026\\\/04\\\/28\\\/fete-de-laid-el-kebir-2026-un-apercu-du-pelerinage-et-des-premieres-interdictions-dans-la-region-isere\\\/\"]}]},{\"@type\":\"ImageObject\",\"inLanguage\":\"en-US\",\"@id\":\"https:\\\/\\\/monmaghreb.com\\\/index.php\\\/2026\\\/04\\\/28\\\/fete-de-laid-el-kebir-2026-un-apercu-du-pelerinage-et-des-premieres-interdictions-dans-la-region-isere\\\/#primaryimage\",\"url\":\"https:\\\/\\\/monmaghreb.com\\\/wp-content\\\/uploads\\\/2026\\\/04\\\/featured-425.jpg\",\"contentUrl\":\"https:\\\/\\\/monmaghreb.com\\\/wp-content\\\/uploads\\\/2026\\\/04\\\/featured-425.jpg\",\"width\":1880,\"height\":1253,\"caption\":\"Famille musulmane en pri\u00e8res \u00e0 la F\u00eate de l'A\u00efd el-K\u00e9bir 2026 dans la r\u00e9gion Is\u00e8re\"},{\"@type\":\"BreadcrumbList\",\"@id\":\"https:\\\/\\\/monmaghreb.com\\\/index.php\\\/2026\\\/04\\\/28\\\/fete-de-laid-el-kebir-2026-un-apercu-du-pelerinage-et-des-premieres-interdictions-dans-la-region-isere\\\/#breadcrumb\",\"itemListElement\":[{\"@type\":\"ListItem\",\"position\":1,\"name\":\"Home\",\"item\":\"http:\\\/\\\/monmaghreb.com\\\/\"},{\"@type\":\"ListItem\",\"position\":2,\"name\":\"F\u00eate de l&#8217;A\u00efd el-K\u00e9bir 2026 : un aper\u00e7u du p\u00e8lerinage et des premi\u00e8res interdictions dans la r\u00e9gion Is\u00e8re\"}]},{\"@type\":\"WebSite\",\"@id\":\"http:\\\/\\\/monmaghreb.com\\\/#website\",\"url\":\"http:\\\/\\\/monmaghreb.com\\\/\",\"name\":\"Mon Maghreb\",\"description\":\"MonMaghreb United\",\"publisher\":{\"@id\":\"http:\\\/\\\/monmaghreb.com\\\/#organization\"},\"alternateName\":\"Le Monde du Maghreb et au del\u00e0\",\"potentialAction\":[{\"@type\":\"SearchAction\",\"target\":{\"@type\":\"EntryPoint\",\"urlTemplate\":\"http:\\\/\\\/monmaghreb.com\\\/?s={search_term_string}\"},\"query-input\":{\"@type\":\"PropertyValueSpecification\",\"valueRequired\":true,\"valueName\":\"search_term_string\"}}],\"inLanguage\":\"en-US\"},{\"@type\":\"Organization\",\"@id\":\"http:\\\/\\\/monmaghreb.com\\\/#organization\",\"name\":\"Mon Maghreb\",\"url\":\"http:\\\/\\\/monmaghreb.com\\\/\",\"logo\":{\"@type\":\"ImageObject\",\"inLanguage\":\"en-US\",\"@id\":\"http:\\\/\\\/monmaghreb.com\\\/#\\\/schema\\\/logo\\\/image\\\/\",\"url\":\"https:\\\/\\\/monmaghreb.com\\\/wp-content\\\/uploads\\\/2025\\\/12\\\/Mon_Maghreb_Logo.jpg\",\"contentUrl\":\"https:\\\/\\\/monmaghreb.com\\\/wp-content\\\/uploads\\\/2025\\\/12\\\/Mon_Maghreb_Logo.jpg\",\"width\":814,\"height\":374,\"caption\":\"Mon Maghreb\"},\"image\":{\"@id\":\"http:\\\/\\\/monmaghreb.com\\\/#\\\/schema\\\/logo\\\/image\\\/\"}},{\"@type\":\"Person\",\"@id\":\"http:\\\/\\\/monmaghreb.com\\\/#\\\/schema\\\/person\\\/c469a89dc8c6b8987dcb438b1200d054\",\"name\":\"LaMagh\",\"image\":{\"@type\":\"ImageObject\",\"inLanguage\":\"en-US\",\"@id\":\"https:\\\/\\\/secure.gravatar.com\\\/avatar\\\/399d8144bd55fba55e056779aca52fe528bac7911f6449e54d81173d6dfd7f0a?s=96&d=mm&r=g\",\"url\":\"https:\\\/\\\/secure.gravatar.com\\\/avatar\\\/399d8144bd55fba55e056779aca52fe528bac7911f6449e54d81173d6dfd7f0a?s=96&d=mm&r=g\",\"contentUrl\":\"https:\\\/\\\/secure.gravatar.com\\\/avatar\\\/399d8144bd55fba55e056779aca52fe528bac7911f6449e54d81173d6dfd7f0a?s=96&d=mm&r=g\",\"caption\":\"LaMagh\"},\"sameAs\":[\"https:\\\/\\\/monmaghreb.com\",\"https:\\\/\\\/www.facebook.com\\\/monmaghrebcom\",\"https:\\\/\\\/x.com\\\/MMaghreb50977\"],\"url\":\"https:\\\/\\\/monmaghreb.com\\\/index.php\\\/author\\\/lamagh\\\/\"}]}<\/script>\n<!-- \/ Yoast SEO plugin. -->","yoast_head_json":{"title":"F\u00eate de l'A\u00efd el-K\u00e9bir 2026 : un aper\u00e7u du p\u00e8lerinage et des","description":"Explorez le pelerinage de la F\u00eate de l'A\u00efd el-K\u00e9bir 2026 en Is\u00e8re : interdictions premi\u00e8res. Un aper\u00e7u pratique.","robots":{"index":"index","follow":"follow","max-snippet":"max-snippet:-1","max-image-preview":"max-image-preview:large","max-video-preview":"max-video-preview:-1"},"canonical":"https:\/\/monmaghreb.com\/index.php\/2026\/04\/28\/fete-de-laid-el-kebir-2026-un-apercu-du-pelerinage-et-des-premieres-interdictions-dans-la-region-isere\/","og_locale":"en_US","og_type":"article","og_title":"F\u00eate de l'A\u00efd el-K\u00e9bir 2026 : un aper\u00e7u du p\u00e8lerinage et des premi\u00e8res interdictions dans la r\u00e9gion Is\u00e8re","og_description":"Explorez le pelerinage de la F\u00eate de l'A\u00efd el-K\u00e9bir 2026 en Is\u00e8re : interdictions premi\u00e8res. Un aper\u00e7u pratique.","og_url":"https:\/\/monmaghreb.com\/index.php\/2026\/04\/28\/fete-de-laid-el-kebir-2026-un-apercu-du-pelerinage-et-des-premieres-interdictions-dans-la-region-isere\/","og_site_name":"Mon Maghreb","article_author":"https:\/\/www.facebook.com\/monmaghrebcom","article_published_time":"2026-04-28T13:27:35+00:00","article_modified_time":"2026-04-28T13:27:43+00:00","og_image":[{"width":1880,"height":1253,"url":"https:\/\/monmaghreb.com\/wp-content\/uploads\/2026\/04\/featured-425.jpg","type":"image\/jpeg"}],"author":"LaMagh","twitter_card":"summary_large_image","twitter_creator":"@MMaghreb50977","twitter_misc":{"Written by":"LaMagh","Est. reading time":"4 minutes"},"schema":{"@context":"https:\/\/schema.org","@graph":[{"@type":"Article","@id":"https:\/\/monmaghreb.com\/index.php\/2026\/04\/28\/fete-de-laid-el-kebir-2026-un-apercu-du-pelerinage-et-des-premieres-interdictions-dans-la-region-isere\/#article","isPartOf":{"@id":"https:\/\/monmaghreb.com\/index.php\/2026\/04\/28\/fete-de-laid-el-kebir-2026-un-apercu-du-pelerinage-et-des-premieres-interdictions-dans-la-region-isere\/"},"author":{"name":"LaMagh","@id":"http:\/\/monmaghreb.com\/#\/schema\/person\/c469a89dc8c6b8987dcb438b1200d054"},"headline":"F\u00eate de l&#8217;A\u00efd el-K\u00e9bir 2026 : un aper\u00e7u du p\u00e8lerinage et des premi\u00e8res interdictions dans la r\u00e9gion Is\u00e8re","datePublished":"2026-04-28T13:27:35+00:00","dateModified":"2026-04-28T13:27:43+00:00","mainEntityOfPage":{"@id":"https:\/\/monmaghreb.com\/index.php\/2026\/04\/28\/fete-de-laid-el-kebir-2026-un-apercu-du-pelerinage-et-des-premieres-interdictions-dans-la-region-isere\/"},"wordCount":850,"publisher":{"@id":"http:\/\/monmaghreb.com\/#organization"},"image":{"@id":"https:\/\/monmaghreb.com\/index.php\/2026\/04\/28\/fete-de-laid-el-kebir-2026-un-apercu-du-pelerinage-et-des-premieres-interdictions-dans-la-region-isere\/#primaryimage"},"thumbnailUrl":"https:\/\/monmaghreb.com\/wp-content\/uploads\/2026\/04\/featured-425.jpg","keywords":["aid el k\u00e9bir","auto guide","f\u00eate islamique","p\u00e8lerinage","r\u00e9gion is\u00e8re"],"articleSection":["Ramadan &amp; Iftar"],"inLanguage":"en-US"},{"@type":"WebPage","@id":"https:\/\/monmaghreb.com\/index.php\/2026\/04\/28\/fete-de-laid-el-kebir-2026-un-apercu-du-pelerinage-et-des-premieres-interdictions-dans-la-region-isere\/","url":"https:\/\/monmaghreb.com\/index.php\/2026\/04\/28\/fete-de-laid-el-kebir-2026-un-apercu-du-pelerinage-et-des-premieres-interdictions-dans-la-region-isere\/","name":"F\u00eate de l'A\u00efd el-K\u00e9bir 2026 : un aper\u00e7u du p\u00e8lerinage et des","isPartOf":{"@id":"http:\/\/monmaghreb.com\/#website"},"primaryImageOfPage":{"@id":"https:\/\/monmaghreb.com\/index.php\/2026\/04\/28\/fete-de-laid-el-kebir-2026-un-apercu-du-pelerinage-et-des-premieres-interdictions-dans-la-region-isere\/#primaryimage"},"image":{"@id":"https:\/\/monmaghreb.com\/index.php\/2026\/04\/28\/fete-de-laid-el-kebir-2026-un-apercu-du-pelerinage-et-des-premieres-interdictions-dans-la-region-isere\/#primaryimage"},"thumbnailUrl":"https:\/\/monmaghreb.com\/wp-content\/uploads\/2026\/04\/featured-425.jpg","datePublished":"2026-04-28T13:27:35+00:00","dateModified":"2026-04-28T13:27:43+00:00","description":"Explorez le pelerinage de la F\u00eate de l'A\u00efd el-K\u00e9bir 2026 en Is\u00e8re : interdictions premi\u00e8res. Un aper\u00e7u pratique.","breadcrumb":{"@id":"https:\/\/monmaghreb.com\/index.php\/2026\/04\/28\/fete-de-laid-el-kebir-2026-un-apercu-du-pelerinage-et-des-premieres-interdictions-dans-la-region-isere\/#breadcrumb"},"inLanguage":"en-US","potentialAction":[{"@type":"ReadAction","target":["https:\/\/monmaghreb.com\/index.php\/2026\/04\/28\/fete-de-laid-el-kebir-2026-un-apercu-du-pelerinage-et-des-premieres-interdictions-dans-la-region-isere\/"]}]},{"@type":"ImageObject","inLanguage":"en-US","@id":"https:\/\/monmaghreb.com\/index.php\/2026\/04\/28\/fete-de-laid-el-kebir-2026-un-apercu-du-pelerinage-et-des-premieres-interdictions-dans-la-region-isere\/#primaryimage","url":"https:\/\/monmaghreb.com\/wp-content\/uploads\/2026\/04\/featured-425.jpg","contentUrl":"https:\/\/monmaghreb.com\/wp-content\/uploads\/2026\/04\/featured-425.jpg","width":1880,"height":1253,"caption":"Famille musulmane en pri\u00e8res \u00e0 la F\u00eate de l'A\u00efd el-K\u00e9bir 2026 dans la r\u00e9gion Is\u00e8re"},{"@type":"BreadcrumbList","@id":"https:\/\/monmaghreb.com\/index.php\/2026\/04\/28\/fete-de-laid-el-kebir-2026-un-apercu-du-pelerinage-et-des-premieres-interdictions-dans-la-region-isere\/#breadcrumb","itemListElement":[{"@type":"ListItem","position":1,"name":"Home","item":"http:\/\/monmaghreb.com\/"},{"@type":"ListItem","position":2,"name":"F\u00eate de l&#8217;A\u00efd el-K\u00e9bir 2026 : un aper\u00e7u du p\u00e8lerinage et des premi\u00e8res interdictions dans la r\u00e9gion Is\u00e8re"}]},{"@type":"WebSite","@id":"http:\/\/monmaghreb.com\/#website","url":"http:\/\/monmaghreb.com\/","name":"Mon Maghreb","description":"MonMaghreb United","publisher":{"@id":"http:\/\/monmaghreb.com\/#organization"},"alternateName":"Le Monde du Maghreb et au del\u00e0","potentialAction":[{"@type":"SearchAction","target":{"@type":"EntryPoint","urlTemplate":"http:\/\/monmaghreb.com\/?s={search_term_string}"},"query-input":{"@type":"PropertyValueSpecification","valueRequired":true,"valueName":"search_term_string"}}],"inLanguage":"en-US"},{"@type":"Organization","@id":"http:\/\/monmaghreb.com\/#organization","name":"Mon Maghreb","url":"http:\/\/monmaghreb.com\/","logo":{"@type":"ImageObject","inLanguage":"en-US","@id":"http:\/\/monmaghreb.com\/#\/schema\/logo\/image\/","url":"https:\/\/monmaghreb.com\/wp-content\/uploads\/2025\/12\/Mon_Maghreb_Logo.jpg","contentUrl":"https:\/\/monmaghreb.com\/wp-content\/uploads\/2025\/12\/Mon_Maghreb_Logo.jpg","width":814,"height":374,"caption":"Mon Maghreb"},"image":{"@id":"http:\/\/monmaghreb.com\/#\/schema\/logo\/image\/"}},{"@type":"Person","@id":"http:\/\/monmaghreb.com\/#\/schema\/person\/c469a89dc8c6b8987dcb438b1200d054","name":"LaMagh","image":{"@type":"ImageObject","inLanguage":"en-US","@id":"https:\/\/secure.gravatar.com\/avatar\/399d8144bd55fba55e056779aca52fe528bac7911f6449e54d81173d6dfd7f0a?s=96&d=mm&r=g","url":"https:\/\/secure.gravatar.com\/avatar\/399d8144bd55fba55e056779aca52fe528bac7911f6449e54d81173d6dfd7f0a?s=96&d=mm&r=g","contentUrl":"https:\/\/secure.gravatar.com\/avatar\/399d8144bd55fba55e056779aca52fe528bac7911f6449e54d81173d6dfd7f0a?s=96&d=mm&r=g","caption":"LaMagh"},"sameAs":["https:\/\/monmaghreb.com","https:\/\/www.facebook.com\/monmaghrebcom","https:\/\/x.com\/MMaghreb50977"],"url":"https:\/\/monmaghreb.com\/index.php\/author\/lamagh\/"}]}},"_links":{"self":[{"href":"https:\/\/monmaghreb.com\/index.php\/wp-json\/wp\/v2\/posts\/3600","targetHints":{"allow":["GET"]}}],"collection":[{"href":"https:\/\/monmaghreb.com\/index.php\/wp-json\/wp\/v2\/posts"}],"about":[{"href":"https:\/\/monmaghreb.com\/index.php\/wp-json\/wp\/v2\/types\/post"}],"author":[{"embeddable":true,"href":"https:\/\/monmaghreb.com\/index.php\/wp-json\/wp\/v2\/users\/1"}],"replies":[{"embeddable":true,"href":"https:\/\/monmaghreb.com\/index.php\/wp-json\/wp\/v2\/comments?post=3600"}],"version-history":[{"count":1,"href":"https:\/\/monmaghreb.com\/index.php\/wp-json\/wp\/v2\/posts\/3600\/revisions"}],"predecessor-version":[{"id":3601,"href":"https:\/\/monmaghreb.com\/index.php\/wp-json\/wp\/v2\/posts\/3600\/revisions\/3601"}],"wp:featuredmedia":[{"embeddable":true,"href":"https:\/\/monmaghreb.com\/index.php\/wp-json\/wp\/v2\/media\/3599"}],"wp:attachment":[{"href":"https:\/\/monmaghreb.com\/index.php\/wp-json\/wp\/v2\/media?parent=3600"}],"wp:term":[{"taxonomy":"category","embeddable":true,"href":"https:\/\/monmaghreb.com\/index.php\/wp-json\/wp\/v2\/categories?post=3600"},{"taxonomy":"post_tag","embeddable":true,"href":"https:\/\/monmaghreb.com\/index.php\/wp-json\/wp\/v2\/tags?post=3600"}],"curies":[{"name":"wp","href":"https:\/\/api.w.org\/{rel}","templated":true}]}}