{"id":3603,"date":"2026-04-28T13:34:16","date_gmt":"2026-04-28T13:34:16","guid":{"rendered":"https:\/\/monmaghreb.com\/index.php\/2026\/04\/28\/kidnapping-de-28-personnes-lors-dune-fete-musulmane-au-nigeria-comment-les-familles-concernees-gerent-cette-tragedie\/"},"modified":"2026-04-28T13:34:18","modified_gmt":"2026-04-28T13:34:18","slug":"kidnapping-de-28-personnes-lors-dune-fete-musulmane-au-nigeria-comment-les-familles-concernees-gerent-cette-tragedie","status":"publish","type":"post","link":"https:\/\/monmaghreb.com\/index.php\/2026\/04\/28\/kidnapping-de-28-personnes-lors-dune-fete-musulmane-au-nigeria-comment-les-familles-concernees-gerent-cette-tragedie\/","title":{"rendered":"Kidnapping de 28 personnes lors d&#8217;une f\u00eate musulmane au Nigeria : comment les familles concern\u00e9es g\u00e8rent cette trag\u00e9die"},"content":{"rendered":"<p><!DOCTYPE html><br \/>\n<html lang='fr'><br \/>\n<head><br \/>\n  <meta charset='UTF-8'><br \/>\n  <title>Kidnapping de 28 personnes lors d&#8217;une f\u00eate musulmane au Nigeria : comment les familles concern\u00e9es g\u00e8rent cette trag\u00e9die<\/title><br \/>\n<\/head><br \/>\n<body><\/p>\n<h1>Kidnapping de 28 personnes lors d&#8217;une f\u00eate musulmane au Nigeria : comment les familles concern\u00e9es g\u00e8rent cette trag\u00e9die<\/h1>\n<p>Le 6 d\u00e9cembre dernier, une des pires trag\u00e9dies a touch\u00e9 la communaut\u00e9 musulmane du Nigeria lorsque 28 personnes ont \u00e9t\u00e9 enlev\u00e9es pendant une f\u00eate de fin d&#8217;ann\u00e9e \u00e0 Katsina. Cette nouvelle a choqu\u00e9 les populations maghr\u00e9bines de la diaspora, qui se demandent comment les familles concern\u00e9es g\u00e8rent cette trag\u00e9die.<\/p>\n<h2>La situation actuelle<\/h3>\n<p>Ces derniers jours, les rapports ont indiqu\u00e9 que les n\u00e9gociations entre les enl\u00e8veurs et les autorit\u00e9s nig\u00e9rianes sont toujours en cours pour lib\u00e9rer les otages. Les familles des victimes, plong\u00e9es dans l&#8217;incertitude, attendent avec impatience que ces n\u00e9gociations aboutissent \u00e0 une issue favorable.<\/p>\n<p>Les victimes comprennent plusieurs enfants, qui font partie des plus jeunes otages encore d\u00e9tenus dans le pays. Les autorit\u00e9s nig\u00e9rianes ont d\u00e9clar\u00e9 qu&#8217;elles \u00e9taient en train de prendre toutes les mesures n\u00e9cessaires pour lib\u00e9rer ces enfants et aider leurs familles. Les familles de ces jeunes otages sont particuli\u00e8rement affect\u00e9es par cette situation, comme si le destin leur avait r\u00e9serv\u00e9 une nouvelle forme d&#8217;\u00e9preuve.<\/p>\n<h2>L&#8217;impact sur les familles<\/h3>\n<p>Les familles des otages sont dans une \u00e9tat d&#8217;agitation et de souffrance. Les enl\u00e8vements ont eu un impact \u00e9motionnel et financier sur leurs vies. De nombreuses familles ont \u00e9t\u00e9 oblig\u00e9es de se vendre pour payer les frais m\u00e9dicaux et de n\u00e9gociation, ce qui a exacerb\u00e9 leur souffrance.<\/p>\n<p>Il est particuli\u00e8rement difficile pour les parents de ces enfants d&#8217;accepter l&#8217;id\u00e9e que leurs petits peuvent \u00eatre bless\u00e9s ou m\u00eame tu\u00e9s. Les images des enfants kidnapp\u00e9s se sont imprim\u00e9es dans les esprits de ces familles, cr\u00e9ant un sentiment d&#8217;anxi\u00e9t\u00e9 et de peur qui ne leur laisse pas de r\u00e9pit.<\/p>\n<h2>L&#8217;aide apport\u00e9e par la communaut\u00e9<\/h3>\n<p>La communaut\u00e9 musulmane du Nigeria et de la diaspora ont r\u00e9pondu avec solidarit\u00e9 aux familles des otages. Ils ont collect\u00e9 des fonds pour les aider \u00e0 payer les frais m\u00e9dicaux et de n\u00e9gociation.<\/p>\n<p>De plus, des organisations humanitaires ont fourni une assistance \u00e0 long terme aux familles des otages, notamment en leur fournissant de l&#8217;argent pour subvenir \u00e0 leurs besoins quotidiens. Des conseils psychologiques sont \u00e9galement disponibles pour aider les membres de ces familles \u00e0 g\u00e9rer leur souffrance.<\/p>\n<h2>L&#8217;appel \u00e0 l&#8217;action<\/h3>\n<p>Cette trag\u00e9die montre que nous devons continuer \u00e0 travailler ensemble pour prot\u00e9ger nos <a href=\"https:\/\/monmaghreb.com\/index.php\/2026\/04\/28\/fin-du-ramadan-2026-quest-ce-que-laid-el-fitr-la-grande-fete-musulmane-un-guide-complet-pour-les-communautes-maghrebines\/\" title=\"Fin du Ramadan 2026 : qu&#8217;est-ce que l&#8217;A\u00efd el-Fitr, la grande f\u00eate musulmane ? Un guide complet pour les communaut\u00e9s maghr\u00e9bines\">communaut\u00e9s<\/a>. Les n\u00e9gociations entre les enl\u00e8veurs et les autorit\u00e9s continuent mais cela ne suffit pas. Nous devons faire pressure sur les gouvernements pour qu&#8217;ils prennent des mesures efficaces contre le terrorisme.<\/p>\n<p>Vous pouvez aider en soutenant des organisations humanitaires qui travaillent pour aider les familles des otages et en r\u00e9pondant \u00e0 l&#8217;appel \u00e0 l&#8217;aide international pour trouver des solutions efficaces. Nous devons aussi \u00eatre vigilants pour prot\u00e9ger nos communaut\u00e9s de toutes menaces.<\/p>\n<h2>La voix de la solidarit\u00e9<\/h3>\n<p>Lorsque nous pensons \u00e0 ces familles, il est essentiel de se rappeler que nous sommes tous ensemble. La communaut\u00e9 musulmane du Nigeria et de la diaspora ont montr\u00e9 une fois encore leur capacit\u00e9 \u00e0 s&#8217;unir en temps de crise.<\/p>\n<p>Nous devons poursuivre cette solidarit\u00e9 en soutenant les familles des otages et en travaillant pour prot\u00e9ger nos communaut\u00e9s. Nous pouvons faire la diff\u00e9rence en aidant ces familles \u00e0 traverser cette \u00e9preuve.<\/p>\n<div style=\"background:#f8f9fa;border-left:4px solid #0066cc;border-radius:6px;padding:20px 24px;margin:32px 0;\">\n<p style=\"font-size:13px;color:#888;text-transform:uppercase;letter-spacing:0.8px;margin:0 0 6px 0;\">Vous pourriez aussi aimer<\/p>\n<h3 style=\"font-size:18px;margin:0 0 14px 0;color:#222;\">Articles similaires<\/h3>\n<ul style=\"margin:0;padding-left:20px;list-style:disc;\">\n<li style=\"margin-bottom:10px;\"><a href=\"https:\/\/monmaghreb.com\/index.php\/2026\/04\/28\/fin-du-ramadan-2026-quest-ce-que-laid-el-fitr-la-grande-fete-musulmane-un-guide-complet-pour-les-communautes-maghrebines\/\" style=\"color:#0066cc;text-decoration:none;font-weight:500;\" title=\"Fin du Ramadan 2026 : qu&#8217;est-ce que l&#8217;A\u00efd el-Fitr, la grande f\u00eate musulmane ? Un guide complet pour les communaut\u00e9s maghr\u00e9bines\">Fin du Ramadan 2026 : qu&#8217;est-ce que l&#8217;A\u00efd el-Fitr, la grande f\u00eate musulmane ? Un guide complet pour les communaut\u00e9s maghr\u00e9bines<\/a><\/li>\n<li style=\"margin-bottom:10px;\"><a href=\"https:\/\/monmaghreb.com\/index.php\/2026\/04\/26\/exposition-zahira-tigtate-une-fete-de-la-culture-berbere-a-drancy\/\" style=\"color:#0066cc;text-decoration:none;font-weight:500;\" title=\"Exposition Zahira Tigtate : une f\u00eate de la culture berb\u00e8re \u00e0 Drancy\">Exposition Zahira Tigtate : une f\u00eate de la culture berb\u00e8re \u00e0 Drancy<\/a><\/li>\n<li style=\"margin-bottom:10px;\"><a href=\"https:\/\/monmaghreb.com\/index.php\/2026\/04\/23\/navigant-les-differences-culturelles-lors-dun-mariage-transfrontalier-un-cas-de-perpignan\/\" style=\"color:#0066cc;text-decoration:none;font-weight:500;\" title=\"Navigant les diff\u00e9rences culturelles lors d&#8217;un mariage transfrontalier : un cas de Perpignan\">Navigant les diff\u00e9rences culturelles lors d&#8217;un mariage transfrontalier : un cas de Perpignan<\/a><\/li>\n<li style=\"margin-bottom:10px;\"><a href=\"https:\/\/monmaghreb.com\/index.php\/2026\/04\/28\/fete-de-laid-el-kebir-2026-un-apercu-du-pelerinage-et-des-premieres-interdictions-dans-la-region-isere\/\" style=\"color:#0066cc;text-decoration:none;font-weight:500;\" title=\"F\u00eate de l&#8217;A\u00efd el-K\u00e9bir 2026 : un aper\u00e7u du p\u00e8lerinage et des premi\u00e8res interdictions dans la r\u00e9gion Is\u00e8re\">F\u00eate de l&#8217;A\u00efd el-K\u00e9bir 2026 : un aper\u00e7u du p\u00e8lerinage et des premi\u00e8res interdictions dans la r\u00e9gion Is\u00e8re<\/a><\/li>\n<li style=\"margin-bottom:10px;\"><a href=\"https:\/\/monmaghreb.com\/index.php\/2026\/04\/28\/celebration-de-la-date-et-des-ceremonies-de-leid-al-fitr-ou-korite-dans-le-monde-musulman-reveillez-vous-a-cette-magnifique-fete\/\" style=\"color:#0066cc;text-decoration:none;font-weight:500;\" title=\"C\u00e9l\u00e9bration de la date et des c\u00e9r\u00e9monies de l&#8217;Eid al-Fitr ou Korit\u00e9 dans le monde musulman : r\u00e9veillez-vous \u00e0 cette magnifique f\u00eate !\">C\u00e9l\u00e9bration de la date et des c\u00e9r\u00e9monies de l&#8217;Eid al-Fitr ou Korit\u00e9 dans le monde musulman : r\u00e9veillez-vous \u00e0 cette magnifique f\u00eate !<\/a><\/li>\n<\/ul>\n<\/div>\n<\/h2>\n<\/h3>\n<p><\/body><br \/>\n<\/html><\/p>\n","protected":false},"excerpt":{"rendered":"<p>28 people kidnapped at Nigerian Muslim festival: managing tragedy for affected families. Learn how.<\/p>\n","protected":false},"author":1,"featured_media":3602,"comment_status":"closed","ping_status":"open","sticky":false,"template":"","format":"standard","meta":{"_yoast_wpseo_focuskw":"nigeria muslim festival kidnapping","_yoast_wpseo_title":"Kidnapping de 28 personnes lors d'une f\u00eate musulmane au Nige","_yoast_wpseo_metadesc":"28 people kidnapped at Nigerian Muslim festival: managing tragedy for affected families. Learn how.","_yoast_wpseo_canonical":"","_yoast_wpseo_opengraph-title":"Kidnapping de 28 personnes lors d'une f\u00eate musulmane au Nigeria : comment les familles concern\u00e9es g\u00e8rent cette trag\u00e9die","_yoast_wpseo_opengraph-description":"28 people kidnapped at Nigerian Muslim festival: managing tragedy for affected families. Learn how.","_yoast_wpseo_opengraph-image":"","tdm_status":"","tdm_grid_status":"","footnotes":""},"categories":[654],"tags":[1808,2444,2445,2442,2443],"class_list":["post-3603","post","type-post","status-publish","format-standard","has-post-thumbnail","hentry","category-diaspora","tag-current-affairs","tag-diaspora-concern","tag-family-coping","tag-muslim-event-tragedy","tag-nigeria-crime-story"],"yoast_head":"<!-- This site is optimized with the Yoast SEO plugin v27.4 - https:\/\/yoast.com\/product\/yoast-seo-wordpress\/ -->\n<title>Kidnapping de 28 personnes lors d&#039;une f\u00eate musulmane au Nige<\/title>\n<meta name=\"description\" content=\"28 people kidnapped at Nigerian Muslim festival: managing tragedy for affected families. Learn how.\" \/>\n<meta name=\"robots\" content=\"index, follow, max-snippet:-1, max-image-preview:large, max-video-preview:-1\" \/>\n<link rel=\"canonical\" href=\"https:\/\/monmaghreb.com\/index.php\/2026\/04\/28\/kidnapping-de-28-personnes-lors-dune-fete-musulmane-au-nigeria-comment-les-familles-concernees-gerent-cette-tragedie\/\" \/>\n<meta property=\"og:locale\" content=\"en_US\" \/>\n<meta property=\"og:type\" content=\"article\" \/>\n<meta property=\"og:title\" content=\"Kidnapping de 28 personnes lors d&#039;une f\u00eate musulmane au Nigeria : comment les familles concern\u00e9es g\u00e8rent cette trag\u00e9die\" \/>\n<meta property=\"og:description\" content=\"28 people kidnapped at Nigerian Muslim festival: managing tragedy for affected families. Learn how.\" \/>\n<meta property=\"og:url\" content=\"https:\/\/monmaghreb.com\/index.php\/2026\/04\/28\/kidnapping-de-28-personnes-lors-dune-fete-musulmane-au-nigeria-comment-les-familles-concernees-gerent-cette-tragedie\/\" \/>\n<meta property=\"og:site_name\" content=\"Mon Maghreb\" \/>\n<meta property=\"article:author\" content=\"https:\/\/www.facebook.com\/monmaghrebcom\" \/>\n<meta property=\"article:published_time\" content=\"2026-04-28T13:34:16+00:00\" \/>\n<meta property=\"article:modified_time\" content=\"2026-04-28T13:34:18+00:00\" \/>\n<meta property=\"og:image\" content=\"https:\/\/monmaghreb.com\/wp-content\/uploads\/2026\/04\/featured-426.jpg\" \/>\n\t<meta property=\"og:image:width\" content=\"1880\" \/>\n\t<meta property=\"og:image:height\" content=\"1253\" \/>\n\t<meta property=\"og:image:type\" content=\"image\/jpeg\" \/>\n<meta name=\"author\" content=\"LaMagh\" \/>\n<meta name=\"twitter:card\" content=\"summary_large_image\" \/>\n<meta name=\"twitter:creator\" content=\"@MMaghreb50977\" \/>\n<meta name=\"twitter:label1\" content=\"Written by\" \/>\n\t<meta name=\"twitter:data1\" content=\"LaMagh\" \/>\n\t<meta name=\"twitter:label2\" content=\"Est. reading time\" \/>\n\t<meta name=\"twitter:data2\" content=\"3 minutes\" \/>\n<script type=\"application\/ld+json\" class=\"yoast-schema-graph\">{\"@context\":\"https:\\\/\\\/schema.org\",\"@graph\":[{\"@type\":\"Article\",\"@id\":\"https:\\\/\\\/monmaghreb.com\\\/index.php\\\/2026\\\/04\\\/28\\\/kidnapping-de-28-personnes-lors-dune-fete-musulmane-au-nigeria-comment-les-familles-concernees-gerent-cette-tragedie\\\/#article\",\"isPartOf\":{\"@id\":\"https:\\\/\\\/monmaghreb.com\\\/index.php\\\/2026\\\/04\\\/28\\\/kidnapping-de-28-personnes-lors-dune-fete-musulmane-au-nigeria-comment-les-familles-concernees-gerent-cette-tragedie\\\/\"},\"author\":{\"name\":\"LaMagh\",\"@id\":\"http:\\\/\\\/monmaghreb.com\\\/#\\\/schema\\\/person\\\/c469a89dc8c6b8987dcb438b1200d054\"},\"headline\":\"Kidnapping de 28 personnes lors d&#8217;une f\u00eate musulmane au Nigeria : comment les familles concern\u00e9es g\u00e8rent cette trag\u00e9die\",\"datePublished\":\"2026-04-28T13:34:16+00:00\",\"dateModified\":\"2026-04-28T13:34:18+00:00\",\"mainEntityOfPage\":{\"@id\":\"https:\\\/\\\/monmaghreb.com\\\/index.php\\\/2026\\\/04\\\/28\\\/kidnapping-de-28-personnes-lors-dune-fete-musulmane-au-nigeria-comment-les-familles-concernees-gerent-cette-tragedie\\\/\"},\"wordCount\":733,\"publisher\":{\"@id\":\"http:\\\/\\\/monmaghreb.com\\\/#organization\"},\"image\":{\"@id\":\"https:\\\/\\\/monmaghreb.com\\\/index.php\\\/2026\\\/04\\\/28\\\/kidnapping-de-28-personnes-lors-dune-fete-musulmane-au-nigeria-comment-les-familles-concernees-gerent-cette-tragedie\\\/#primaryimage\"},\"thumbnailUrl\":\"https:\\\/\\\/monmaghreb.com\\\/wp-content\\\/uploads\\\/2026\\\/04\\\/featured-426.jpg\",\"keywords\":[\"current affairs\",\"diaspora concern\",\"family coping\",\"muslim event tragedy\",\"nigeria crime story\"],\"articleSection\":[\"Diaspora\"],\"inLanguage\":\"en-US\"},{\"@type\":\"WebPage\",\"@id\":\"https:\\\/\\\/monmaghreb.com\\\/index.php\\\/2026\\\/04\\\/28\\\/kidnapping-de-28-personnes-lors-dune-fete-musulmane-au-nigeria-comment-les-familles-concernees-gerent-cette-tragedie\\\/\",\"url\":\"https:\\\/\\\/monmaghreb.com\\\/index.php\\\/2026\\\/04\\\/28\\\/kidnapping-de-28-personnes-lors-dune-fete-musulmane-au-nigeria-comment-les-familles-concernees-gerent-cette-tragedie\\\/\",\"name\":\"Kidnapping de 28 personnes lors d'une f\u00eate musulmane au Nige\",\"isPartOf\":{\"@id\":\"http:\\\/\\\/monmaghreb.com\\\/#website\"},\"primaryImageOfPage\":{\"@id\":\"https:\\\/\\\/monmaghreb.com\\\/index.php\\\/2026\\\/04\\\/28\\\/kidnapping-de-28-personnes-lors-dune-fete-musulmane-au-nigeria-comment-les-familles-concernees-gerent-cette-tragedie\\\/#primaryimage\"},\"image\":{\"@id\":\"https:\\\/\\\/monmaghreb.com\\\/index.php\\\/2026\\\/04\\\/28\\\/kidnapping-de-28-personnes-lors-dune-fete-musulmane-au-nigeria-comment-les-familles-concernees-gerent-cette-tragedie\\\/#primaryimage\"},\"thumbnailUrl\":\"https:\\\/\\\/monmaghreb.com\\\/wp-content\\\/uploads\\\/2026\\\/04\\\/featured-426.jpg\",\"datePublished\":\"2026-04-28T13:34:16+00:00\",\"dateModified\":\"2026-04-28T13:34:18+00:00\",\"description\":\"28 people kidnapped at Nigerian Muslim festival: managing tragedy for affected families. Learn how.\",\"breadcrumb\":{\"@id\":\"https:\\\/\\\/monmaghreb.com\\\/index.php\\\/2026\\\/04\\\/28\\\/kidnapping-de-28-personnes-lors-dune-fete-musulmane-au-nigeria-comment-les-familles-concernees-gerent-cette-tragedie\\\/#breadcrumb\"},\"inLanguage\":\"en-US\",\"potentialAction\":[{\"@type\":\"ReadAction\",\"target\":[\"https:\\\/\\\/monmaghreb.com\\\/index.php\\\/2026\\\/04\\\/28\\\/kidnapping-de-28-personnes-lors-dune-fete-musulmane-au-nigeria-comment-les-familles-concernees-gerent-cette-tragedie\\\/\"]}]},{\"@type\":\"ImageObject\",\"inLanguage\":\"en-US\",\"@id\":\"https:\\\/\\\/monmaghreb.com\\\/index.php\\\/2026\\\/04\\\/28\\\/kidnapping-de-28-personnes-lors-dune-fete-musulmane-au-nigeria-comment-les-familles-concernees-gerent-cette-tragedie\\\/#primaryimage\",\"url\":\"https:\\\/\\\/monmaghreb.com\\\/wp-content\\\/uploads\\\/2026\\\/04\\\/featured-426.jpg\",\"contentUrl\":\"https:\\\/\\\/monmaghreb.com\\\/wp-content\\\/uploads\\\/2026\\\/04\\\/featured-426.jpg\",\"width\":1880,\"height\":1253,\"caption\":\"28 people kidnapped during Nigerian Muslim festival, families in distress\"},{\"@type\":\"BreadcrumbList\",\"@id\":\"https:\\\/\\\/monmaghreb.com\\\/index.php\\\/2026\\\/04\\\/28\\\/kidnapping-de-28-personnes-lors-dune-fete-musulmane-au-nigeria-comment-les-familles-concernees-gerent-cette-tragedie\\\/#breadcrumb\",\"itemListElement\":[{\"@type\":\"ListItem\",\"position\":1,\"name\":\"Home\",\"item\":\"http:\\\/\\\/monmaghreb.com\\\/\"},{\"@type\":\"ListItem\",\"position\":2,\"name\":\"Kidnapping de 28 personnes lors d&#8217;une f\u00eate musulmane au Nigeria : comment les familles concern\u00e9es g\u00e8rent cette trag\u00e9die\"}]},{\"@type\":\"WebSite\",\"@id\":\"http:\\\/\\\/monmaghreb.com\\\/#website\",\"url\":\"http:\\\/\\\/monmaghreb.com\\\/\",\"name\":\"Mon Maghreb\",\"description\":\"MonMaghreb United\",\"publisher\":{\"@id\":\"http:\\\/\\\/monmaghreb.com\\\/#organization\"},\"alternateName\":\"Le Monde du Maghreb et au del\u00e0\",\"potentialAction\":[{\"@type\":\"SearchAction\",\"target\":{\"@type\":\"EntryPoint\",\"urlTemplate\":\"http:\\\/\\\/monmaghreb.com\\\/?s={search_term_string}\"},\"query-input\":{\"@type\":\"PropertyValueSpecification\",\"valueRequired\":true,\"valueName\":\"search_term_string\"}}],\"inLanguage\":\"en-US\"},{\"@type\":\"Organization\",\"@id\":\"http:\\\/\\\/monmaghreb.com\\\/#organization\",\"name\":\"Mon Maghreb\",\"url\":\"http:\\\/\\\/monmaghreb.com\\\/\",\"logo\":{\"@type\":\"ImageObject\",\"inLanguage\":\"en-US\",\"@id\":\"http:\\\/\\\/monmaghreb.com\\\/#\\\/schema\\\/logo\\\/image\\\/\",\"url\":\"https:\\\/\\\/monmaghreb.com\\\/wp-content\\\/uploads\\\/2025\\\/12\\\/Mon_Maghreb_Logo.jpg\",\"contentUrl\":\"https:\\\/\\\/monmaghreb.com\\\/wp-content\\\/uploads\\\/2025\\\/12\\\/Mon_Maghreb_Logo.jpg\",\"width\":814,\"height\":374,\"caption\":\"Mon Maghreb\"},\"image\":{\"@id\":\"http:\\\/\\\/monmaghreb.com\\\/#\\\/schema\\\/logo\\\/image\\\/\"}},{\"@type\":\"Person\",\"@id\":\"http:\\\/\\\/monmaghreb.com\\\/#\\\/schema\\\/person\\\/c469a89dc8c6b8987dcb438b1200d054\",\"name\":\"LaMagh\",\"image\":{\"@type\":\"ImageObject\",\"inLanguage\":\"en-US\",\"@id\":\"https:\\\/\\\/secure.gravatar.com\\\/avatar\\\/399d8144bd55fba55e056779aca52fe528bac7911f6449e54d81173d6dfd7f0a?s=96&d=mm&r=g\",\"url\":\"https:\\\/\\\/secure.gravatar.com\\\/avatar\\\/399d8144bd55fba55e056779aca52fe528bac7911f6449e54d81173d6dfd7f0a?s=96&d=mm&r=g\",\"contentUrl\":\"https:\\\/\\\/secure.gravatar.com\\\/avatar\\\/399d8144bd55fba55e056779aca52fe528bac7911f6449e54d81173d6dfd7f0a?s=96&d=mm&r=g\",\"caption\":\"LaMagh\"},\"sameAs\":[\"https:\\\/\\\/monmaghreb.com\",\"https:\\\/\\\/www.facebook.com\\\/monmaghrebcom\",\"https:\\\/\\\/x.com\\\/MMaghreb50977\"],\"url\":\"https:\\\/\\\/monmaghreb.com\\\/index.php\\\/author\\\/lamagh\\\/\"}]}<\/script>\n<!-- \/ Yoast SEO plugin. -->","yoast_head_json":{"title":"Kidnapping de 28 personnes lors d'une f\u00eate musulmane au Nige","description":"28 people kidnapped at Nigerian Muslim festival: managing tragedy for affected families. Learn how.","robots":{"index":"index","follow":"follow","max-snippet":"max-snippet:-1","max-image-preview":"max-image-preview:large","max-video-preview":"max-video-preview:-1"},"canonical":"https:\/\/monmaghreb.com\/index.php\/2026\/04\/28\/kidnapping-de-28-personnes-lors-dune-fete-musulmane-au-nigeria-comment-les-familles-concernees-gerent-cette-tragedie\/","og_locale":"en_US","og_type":"article","og_title":"Kidnapping de 28 personnes lors d'une f\u00eate musulmane au Nigeria : comment les familles concern\u00e9es g\u00e8rent cette trag\u00e9die","og_description":"28 people kidnapped at Nigerian Muslim festival: managing tragedy for affected families. Learn how.","og_url":"https:\/\/monmaghreb.com\/index.php\/2026\/04\/28\/kidnapping-de-28-personnes-lors-dune-fete-musulmane-au-nigeria-comment-les-familles-concernees-gerent-cette-tragedie\/","og_site_name":"Mon Maghreb","article_author":"https:\/\/www.facebook.com\/monmaghrebcom","article_published_time":"2026-04-28T13:34:16+00:00","article_modified_time":"2026-04-28T13:34:18+00:00","og_image":[{"width":1880,"height":1253,"url":"https:\/\/monmaghreb.com\/wp-content\/uploads\/2026\/04\/featured-426.jpg","type":"image\/jpeg"}],"author":"LaMagh","twitter_card":"summary_large_image","twitter_creator":"@MMaghreb50977","twitter_misc":{"Written by":"LaMagh","Est. reading time":"3 minutes"},"schema":{"@context":"https:\/\/schema.org","@graph":[{"@type":"Article","@id":"https:\/\/monmaghreb.com\/index.php\/2026\/04\/28\/kidnapping-de-28-personnes-lors-dune-fete-musulmane-au-nigeria-comment-les-familles-concernees-gerent-cette-tragedie\/#article","isPartOf":{"@id":"https:\/\/monmaghreb.com\/index.php\/2026\/04\/28\/kidnapping-de-28-personnes-lors-dune-fete-musulmane-au-nigeria-comment-les-familles-concernees-gerent-cette-tragedie\/"},"author":{"name":"LaMagh","@id":"http:\/\/monmaghreb.com\/#\/schema\/person\/c469a89dc8c6b8987dcb438b1200d054"},"headline":"Kidnapping de 28 personnes lors d&#8217;une f\u00eate musulmane au Nigeria : comment les familles concern\u00e9es g\u00e8rent cette trag\u00e9die","datePublished":"2026-04-28T13:34:16+00:00","dateModified":"2026-04-28T13:34:18+00:00","mainEntityOfPage":{"@id":"https:\/\/monmaghreb.com\/index.php\/2026\/04\/28\/kidnapping-de-28-personnes-lors-dune-fete-musulmane-au-nigeria-comment-les-familles-concernees-gerent-cette-tragedie\/"},"wordCount":733,"publisher":{"@id":"http:\/\/monmaghreb.com\/#organization"},"image":{"@id":"https:\/\/monmaghreb.com\/index.php\/2026\/04\/28\/kidnapping-de-28-personnes-lors-dune-fete-musulmane-au-nigeria-comment-les-familles-concernees-gerent-cette-tragedie\/#primaryimage"},"thumbnailUrl":"https:\/\/monmaghreb.com\/wp-content\/uploads\/2026\/04\/featured-426.jpg","keywords":["current affairs","diaspora concern","family coping","muslim event tragedy","nigeria crime story"],"articleSection":["Diaspora"],"inLanguage":"en-US"},{"@type":"WebPage","@id":"https:\/\/monmaghreb.com\/index.php\/2026\/04\/28\/kidnapping-de-28-personnes-lors-dune-fete-musulmane-au-nigeria-comment-les-familles-concernees-gerent-cette-tragedie\/","url":"https:\/\/monmaghreb.com\/index.php\/2026\/04\/28\/kidnapping-de-28-personnes-lors-dune-fete-musulmane-au-nigeria-comment-les-familles-concernees-gerent-cette-tragedie\/","name":"Kidnapping de 28 personnes lors d'une f\u00eate musulmane au Nige","isPartOf":{"@id":"http:\/\/monmaghreb.com\/#website"},"primaryImageOfPage":{"@id":"https:\/\/monmaghreb.com\/index.php\/2026\/04\/28\/kidnapping-de-28-personnes-lors-dune-fete-musulmane-au-nigeria-comment-les-familles-concernees-gerent-cette-tragedie\/#primaryimage"},"image":{"@id":"https:\/\/monmaghreb.com\/index.php\/2026\/04\/28\/kidnapping-de-28-personnes-lors-dune-fete-musulmane-au-nigeria-comment-les-familles-concernees-gerent-cette-tragedie\/#primaryimage"},"thumbnailUrl":"https:\/\/monmaghreb.com\/wp-content\/uploads\/2026\/04\/featured-426.jpg","datePublished":"2026-04-28T13:34:16+00:00","dateModified":"2026-04-28T13:34:18+00:00","description":"28 people kidnapped at Nigerian Muslim festival: managing tragedy for affected families. Learn how.","breadcrumb":{"@id":"https:\/\/monmaghreb.com\/index.php\/2026\/04\/28\/kidnapping-de-28-personnes-lors-dune-fete-musulmane-au-nigeria-comment-les-familles-concernees-gerent-cette-tragedie\/#breadcrumb"},"inLanguage":"en-US","potentialAction":[{"@type":"ReadAction","target":["https:\/\/monmaghreb.com\/index.php\/2026\/04\/28\/kidnapping-de-28-personnes-lors-dune-fete-musulmane-au-nigeria-comment-les-familles-concernees-gerent-cette-tragedie\/"]}]},{"@type":"ImageObject","inLanguage":"en-US","@id":"https:\/\/monmaghreb.com\/index.php\/2026\/04\/28\/kidnapping-de-28-personnes-lors-dune-fete-musulmane-au-nigeria-comment-les-familles-concernees-gerent-cette-tragedie\/#primaryimage","url":"https:\/\/monmaghreb.com\/wp-content\/uploads\/2026\/04\/featured-426.jpg","contentUrl":"https:\/\/monmaghreb.com\/wp-content\/uploads\/2026\/04\/featured-426.jpg","width":1880,"height":1253,"caption":"28 people kidnapped during Nigerian Muslim festival, families in distress"},{"@type":"BreadcrumbList","@id":"https:\/\/monmaghreb.com\/index.php\/2026\/04\/28\/kidnapping-de-28-personnes-lors-dune-fete-musulmane-au-nigeria-comment-les-familles-concernees-gerent-cette-tragedie\/#breadcrumb","itemListElement":[{"@type":"ListItem","position":1,"name":"Home","item":"http:\/\/monmaghreb.com\/"},{"@type":"ListItem","position":2,"name":"Kidnapping de 28 personnes lors d&#8217;une f\u00eate musulmane au Nigeria : comment les familles concern\u00e9es g\u00e8rent cette trag\u00e9die"}]},{"@type":"WebSite","@id":"http:\/\/monmaghreb.com\/#website","url":"http:\/\/monmaghreb.com\/","name":"Mon Maghreb","description":"MonMaghreb United","publisher":{"@id":"http:\/\/monmaghreb.com\/#organization"},"alternateName":"Le Monde du Maghreb et au del\u00e0","potentialAction":[{"@type":"SearchAction","target":{"@type":"EntryPoint","urlTemplate":"http:\/\/monmaghreb.com\/?s={search_term_string}"},"query-input":{"@type":"PropertyValueSpecification","valueRequired":true,"valueName":"search_term_string"}}],"inLanguage":"en-US"},{"@type":"Organization","@id":"http:\/\/monmaghreb.com\/#organization","name":"Mon Maghreb","url":"http:\/\/monmaghreb.com\/","logo":{"@type":"ImageObject","inLanguage":"en-US","@id":"http:\/\/monmaghreb.com\/#\/schema\/logo\/image\/","url":"https:\/\/monmaghreb.com\/wp-content\/uploads\/2025\/12\/Mon_Maghreb_Logo.jpg","contentUrl":"https:\/\/monmaghreb.com\/wp-content\/uploads\/2025\/12\/Mon_Maghreb_Logo.jpg","width":814,"height":374,"caption":"Mon Maghreb"},"image":{"@id":"http:\/\/monmaghreb.com\/#\/schema\/logo\/image\/"}},{"@type":"Person","@id":"http:\/\/monmaghreb.com\/#\/schema\/person\/c469a89dc8c6b8987dcb438b1200d054","name":"LaMagh","image":{"@type":"ImageObject","inLanguage":"en-US","@id":"https:\/\/secure.gravatar.com\/avatar\/399d8144bd55fba55e056779aca52fe528bac7911f6449e54d81173d6dfd7f0a?s=96&d=mm&r=g","url":"https:\/\/secure.gravatar.com\/avatar\/399d8144bd55fba55e056779aca52fe528bac7911f6449e54d81173d6dfd7f0a?s=96&d=mm&r=g","contentUrl":"https:\/\/secure.gravatar.com\/avatar\/399d8144bd55fba55e056779aca52fe528bac7911f6449e54d81173d6dfd7f0a?s=96&d=mm&r=g","caption":"LaMagh"},"sameAs":["https:\/\/monmaghreb.com","https:\/\/www.facebook.com\/monmaghrebcom","https:\/\/x.com\/MMaghreb50977"],"url":"https:\/\/monmaghreb.com\/index.php\/author\/lamagh\/"}]}},"_links":{"self":[{"href":"https:\/\/monmaghreb.com\/index.php\/wp-json\/wp\/v2\/posts\/3603","targetHints":{"allow":["GET"]}}],"collection":[{"href":"https:\/\/monmaghreb.com\/index.php\/wp-json\/wp\/v2\/posts"}],"about":[{"href":"https:\/\/monmaghreb.com\/index.php\/wp-json\/wp\/v2\/types\/post"}],"author":[{"embeddable":true,"href":"https:\/\/monmaghreb.com\/index.php\/wp-json\/wp\/v2\/users\/1"}],"replies":[{"embeddable":true,"href":"https:\/\/monmaghreb.com\/index.php\/wp-json\/wp\/v2\/comments?post=3603"}],"version-history":[{"count":1,"href":"https:\/\/monmaghreb.com\/index.php\/wp-json\/wp\/v2\/posts\/3603\/revisions"}],"predecessor-version":[{"id":3604,"href":"https:\/\/monmaghreb.com\/index.php\/wp-json\/wp\/v2\/posts\/3603\/revisions\/3604"}],"wp:featuredmedia":[{"embeddable":true,"href":"https:\/\/monmaghreb.com\/index.php\/wp-json\/wp\/v2\/media\/3602"}],"wp:attachment":[{"href":"https:\/\/monmaghreb.com\/index.php\/wp-json\/wp\/v2\/media?parent=3603"}],"wp:term":[{"taxonomy":"category","embeddable":true,"href":"https:\/\/monmaghreb.com\/index.php\/wp-json\/wp\/v2\/categories?post=3603"},{"taxonomy":"post_tag","embeddable":true,"href":"https:\/\/monmaghreb.com\/index.php\/wp-json\/wp\/v2\/tags?post=3603"}],"curies":[{"name":"wp","href":"https:\/\/api.w.org\/{rel}","templated":true}]}}