{"id":3609,"date":"2026-04-28T14:04:50","date_gmt":"2026-04-28T14:04:50","guid":{"rendered":"https:\/\/monmaghreb.com\/index.php\/2026\/04\/28\/le-voyage-du-pape-francois-en-algerie-angola-cameroun-et-guinee-equatoriale-13-23-avril-2026-ce-quil-attendre-des-communautes-maghrebines\/"},"modified":"2026-04-28T14:04:53","modified_gmt":"2026-04-28T14:04:53","slug":"le-voyage-du-pape-francois-en-algerie-angola-cameroun-et-guinee-equatoriale-13-23-avril-2026-ce-quil-attendre-des-communautes-maghrebines","status":"publish","type":"post","link":"https:\/\/monmaghreb.com\/index.php\/2026\/04\/28\/le-voyage-du-pape-francois-en-algerie-angola-cameroun-et-guinee-equatoriale-13-23-avril-2026-ce-quil-attendre-des-communautes-maghrebines\/","title":{"rendered":"Le voyage du Pape Fran\u00e7ois en Alg\u00e9rie, Angola, Cameroun et Guin\u00e9e \u00c9quatoriale (13-23 avril 2026) : ce qu&#8217;il attendre des communaut\u00e9s maghr\u00e9bines"},"content":{"rendered":"<p><!DOCTYPE html><br \/>\n<html lang='fr'><br \/>\n<head><br \/>\n    <meta charset='UTF-8'><br \/>\n    <title>Le voyage du Pape Fran\u00e7ois en Afrique : les attentes pour les communaut\u00e9s maghr\u00e9bines<\/title><br \/>\n<\/head><br \/>\n<body><\/p>\n<h1>Le voyage du Pape Fran\u00e7ois en Afrique (13-23 avril 2026) : ce qu&#8217;il attendre des communaut\u00e9s maghr\u00e9bines<\/h1>\n<p>Pour la premi\u00e8re fois dans l&#8217;histoire, le Pape Fran\u00e7ois a annonc\u00e9 un voyage en Afrique de l&#8217;Ouest, qui durera dix jours et couvrira quatre pays : l&#8217;Alg\u00e9rie, l&#8217;Angola, le Cameroun et la Guin\u00e9e <a href=\"https:\/\/monmaghreb.com\/index.php\/2026\/04\/23\/le-voyage-apostolique-du-saint-pere-en-algerie-angola-cameroun-et-guinee-equatoriale-un-evenement-historique\/\" title=\"Le voyage apostolique du Saint-P\u00e8re en Alg\u00e9rie, Angola, Cameroun et Guin\u00e9e \u00c9quatoriale : un \u00e9v\u00e9nement historique\">\u00c9quatoriale<\/a>. Cette visite historique est attendue avec impatience par les communaut\u00e9s maghr\u00e9bines, qui esp\u00e8rent que ce voyage mettra en lumi\u00e8re leurs questions et leurs attentes.<\/p>\n<h2>Les objectifs de la visite du Pape Fran\u00e7ois<\/h2>\n<p>L&#8217;objectif principal de ce voyage est de renforcer la fraternit\u00e9 entre les peuples et de soutenir le d\u00e9veloppement \u00e9conomique, culturel et religieux dans ces pays. Le Pape Fran\u00e7ois a d\u00e9j\u00e0 d\u00e9clar\u00e9 que son voyage visait \u00e0 promouvoir la paix et la r\u00e9conciliation, ainsi qu&#8217;\u00e0 favoriser la coop\u00e9ration entre les communaut\u00e9s chr\u00e9tiennes et musulmanes.<\/p>\n<p>Il est \u00e9galement important pour le Pape Fran\u00e7ois de soutenir les efforts des communaut\u00e9s maghr\u00e9bines pour promouvoir l&#8217;unit\u00e9 et la tol\u00e9rance dans leurs soci\u00e9t\u00e9s respectives. Pour cela, il va certainement rencontrer des leaders religieux et politiques, ainsi que des repr\u00e9sentants de la soci\u00e9t\u00e9 civile.<\/p>\n<h2>Le r\u00f4le de la diaspora maghr\u00e9bine<\/h2>\n<p>Les communaut\u00e9s maghr\u00e9bines de la diaspora ont un r\u00f4le cl\u00e9 \u00e0 jouer dans ce voyage. Ils peuvent apporter leur soutien financier, mais \u00e9galement leur expertise et leur exp\u00e9rience sur les questions religieuses et sociales qui affectent leurs compatriotes en Afrique.<\/p>\n<p>Par exemple, les Maghr\u00e9bins de la diaspora peuvent offrir des conseils pratiques pour am\u00e9liorer l&#8217;acc\u00e8s \u00e0 l&#8217;eau potable et aux soins m\u00e9dicaux dans les r\u00e9gions rurales. Ils peuvent \u00e9galement apporter leur soutien moral et spirituel pour encourager les jeunes \u00e0 poursuivre leurs \u00e9tudes.<\/p>\n<h2>Les attentes des communaut\u00e9s maghr\u00e9bines<\/h2>\n<p>Les communaut\u00e9s maghr\u00e9bines en Afrique ont de nombreuses attentes pour ce voyage du Pape Fran\u00e7ois. Ils esp\u00e8rent que ce voyage am\u00e8nera une plus grande compr\u00e9hension entre les croyants et les non-croyants dans leurs soci\u00e9t\u00e9s respectives.<\/p>\n<p>Ils attendent \u00e9galement que le Pape Fran\u00e7ois s&#8217;adresse directement \u00e0 leur communaut\u00e9, leur r\u00e9pondant aux questions qui leur sont importantes et leur offrant un soutien moral et spirituel. Ils esp\u00e8rent \u00e9galement que ce voyage renforcerait la coop\u00e9ration entre les \u00e9glises catholiques de l&#8217;Afrique et les \u00e9glises des pays maghr\u00e9bins.<\/p>\n<h2>Les enjeux politiques<\/h2>\n<p>Le voyage du Pape Fran\u00e7ois en Afrique n&#8217;est pas seulement religieux. Il y a \u00e9galement des enjeux politiques qui sont importants \u00e0 observer.<\/p>\n<p>Par exemple, le Pape Fran\u00e7ois devrait utiliser sa position de leader mondial pour appeler aux dirigeants des pays concern\u00e9s \u00e0 respecter les droits de l&#8217;homme et \u00e0 promouvoir la paix et la r\u00e9conciliation. Il devrait \u00e9galement encourager les gouvernements \u00e0 investir dans les infrastructures et les services publics pour am\u00e9liorer la vie quotidienne des citoyens.<\/p>\n<h2>L&#8217;appel \u00e0 l&#8217;action<\/h2>\n<p>Le voyage du Pape Fran\u00e7ois en Afrique est une occasion unique pour soutenir les communaut\u00e9s maghr\u00e9bines en Afrique et pour apporter un message de paix, d&#8217;amour et de solidarit\u00e9.<\/p>\n<p>Si vous \u00eates int\u00e9ress\u00e9 \u00e0 soutenir ce voyage, nous vous invitons \u00e0 contacter votre \u00e9glise locale ou \u00e0 consulter le site du Vatican pour plus d&#8217;informations sur les moyens de donner votre soutien. Vous pouvez \u00e9galement appuyer financi\u00e8rement les initiatives des communaut\u00e9s maghr\u00e9bines qui travaillent pour am\u00e9liorer la vie quotidienne des citoyens dans ces pays.<\/p>\n<div style=\"background:#f8f9fa;border-left:4px solid #0066cc;border-radius:6px;padding:20px 24px;margin:32px 0;\">\n<p style=\"font-size:13px;color:#888;text-transform:uppercase;letter-spacing:0.8px;margin:0 0 6px 0;\">Vous pourriez aussi aimer<\/p>\n<h3 style=\"font-size:18px;margin:0 0 14px 0;color:#222;\">Articles similaires<\/h3>\n<ul style=\"margin:0;padding-left:20px;list-style:disc;\">\n<li style=\"margin-bottom:10px;\"><a href=\"https:\/\/monmaghreb.com\/index.php\/2026\/04\/23\/le-voyage-apostolique-du-saint-pere-en-algerie-angola-cameroun-et-guinee-equatoriale-un-evenement-historique\/\" style=\"color:#0066cc;text-decoration:none;font-weight:500;\" title=\"Le voyage apostolique du Saint-P\u00e8re en Alg\u00e9rie, Angola, Cameroun et Guin\u00e9e \u00c9quatoriale : un \u00e9v\u00e9nement historique\">Le voyage apostolique du Saint-P\u00e8re en Alg\u00e9rie, Angola, Cameroun et Guin\u00e9e \u00c9quatoriale : un \u00e9v\u00e9nement historique<\/a><\/li>\n<li style=\"margin-bottom:10px;\"><a href=\"https:\/\/monmaghreb.com\/index.php\/2026\/04\/28\/fin-du-ramadan-2026-quest-ce-que-laid-el-fitr-la-grande-fete-musulmane-un-guide-complet-pour-les-communautes-maghrebines\/\" style=\"color:#0066cc;text-decoration:none;font-weight:500;\" title=\"Fin du Ramadan 2026 : qu&#8217;est-ce que l&#8217;A\u00efd el-Fitr, la grande f\u00eate musulmane ? Un guide complet pour les communaut\u00e9s maghr\u00e9bines\">Fin du Ramadan 2026 : qu&#8217;est-ce que l&#8217;A\u00efd el-Fitr, la grande f\u00eate musulmane ? Un guide complet pour les communaut\u00e9s maghr\u00e9bines<\/a><\/li>\n<li style=\"margin-bottom:10px;\"><a href=\"https:\/\/monmaghreb.com\/index.php\/2026\/04\/23\/le-voyage-prophetique-de-leon-xiv-en-algerie-une-histoire-a-revisiter\/\" style=\"color:#0066cc;text-decoration:none;font-weight:500;\" title=\"Le voyage proph\u00e9tique de L\u00e9on XIV en Alg\u00e9rie : une histoire \u00e0 revisiter\">Le voyage proph\u00e9tique de L\u00e9on XIV en Alg\u00e9rie : une histoire \u00e0 revisiter<\/a><\/li>\n<li style=\"margin-bottom:10px;\"><a href=\"https:\/\/monmaghreb.com\/index.php\/2026\/04\/27\/projection-du-film-dans-un-voyage-au-coeur-de-lalgerie-du-sud-une-experience-inoubliable\/\" style=\"color:#0066cc;text-decoration:none;font-weight:500;\" title=\"Projection du film dans un voyage au c\u0153ur de l&#8217;Alg\u00e9rie du sud : une exp\u00e9rience inoubliable\">Projection du film dans un voyage au c\u0153ur de l&#8217;Alg\u00e9rie du sud : une exp\u00e9rience inoubliable<\/a><\/li>\n<li style=\"margin-bottom:10px;\"><a href=\"https:\/\/monmaghreb.com\/index.php\/2026\/04\/26\/perpignan-en-colere-sante-publique-au-coeur-des-preoccupations-apres-le-voyage-au-maghreb\/\" style=\"color:#0066cc;text-decoration:none;font-weight:500;\" title=\"Perpignan en col\u00e8re : Sant\u00e9 publique au c\u0153ur des pr\u00e9occupations apr\u00e8s le voyage au Maghreb\">Perpignan en col\u00e8re : Sant\u00e9 publique au c\u0153ur des pr\u00e9occupations apr\u00e8s le voyage au Maghreb<\/a><\/li>\n<\/ul>\n<\/div>\n<p><\/body><br \/>\n<\/html><\/p>\n","protected":false},"excerpt":{"rendered":"<p>Join us as we follow Pope Francis&#8217; 10-day journey across Algeria, Angola, Cameroon and Equatorial Guinea (April 13-23, 2026). Discover the expectations of Maghr<\/p>\n","protected":false},"author":1,"featured_media":3608,"comment_status":"closed","ping_status":"open","sticky":false,"template":"","format":"standard","meta":{"_yoast_wpseo_focuskw":"Pope Francis Africa tour","_yoast_wpseo_title":"Le voyage du Pape Fran\u00e7ois en Alg\u00e9rie, Angola, Cameroun et G","_yoast_wpseo_metadesc":"Join us as we follow Pope Francis' 10-day journey across Algeria, Angola, Cameroon and Equatorial Guinea (April 13-23, 2026). Discover the expectations of Maghr","_yoast_wpseo_canonical":"","_yoast_wpseo_opengraph-title":"Le voyage du Pape Fran\u00e7ois en Alg\u00e9rie, Angola, Cameroun et Guin\u00e9e \u00c9quatoriale (13-23 avril 2026) : ce qu'il attendre des communaut\u00e9s maghr\u00e9bines","_yoast_wpseo_opengraph-description":"Join us as we follow Pope Francis' 10-day journey across Algeria, Angola, Cameroon and Equatorial Guinea (April 13-23, 2026). Discover the expectations of Maghr","_yoast_wpseo_opengraph-image":"","tdm_status":"","tdm_grid_status":"","footnotes":""},"categories":[508],"tags":[2450,2451,992,2452,2449],"class_list":["post-3609","post","type-post","status-publish","format-standard","has-post-thumbnail","hentry","category-algerie","tag-algeria-travel","tag-catholic-church","tag-maghreb-diaspora","tag-news-guide","tag-pope-visit-africa"],"yoast_head":"<!-- This site is optimized with the Yoast SEO plugin v27.4 - https:\/\/yoast.com\/product\/yoast-seo-wordpress\/ -->\n<title>Le voyage du Pape Fran\u00e7ois en Alg\u00e9rie, Angola, Cameroun et G<\/title>\n<meta name=\"description\" content=\"Join us as we follow Pope Francis&#039; 10-day journey across Algeria, Angola, Cameroon and Equatorial Guinea (April 13-23, 2026). Discover the expectations of Maghr\" \/>\n<meta name=\"robots\" content=\"index, follow, max-snippet:-1, max-image-preview:large, max-video-preview:-1\" \/>\n<link rel=\"canonical\" href=\"https:\/\/monmaghreb.com\/index.php\/2026\/04\/28\/le-voyage-du-pape-francois-en-algerie-angola-cameroun-et-guinee-equatoriale-13-23-avril-2026-ce-quil-attendre-des-communautes-maghrebines\/\" \/>\n<meta property=\"og:locale\" content=\"en_US\" \/>\n<meta property=\"og:type\" content=\"article\" \/>\n<meta property=\"og:title\" content=\"Le voyage du Pape Fran\u00e7ois en Alg\u00e9rie, Angola, Cameroun et Guin\u00e9e \u00c9quatoriale (13-23 avril 2026) : ce qu&#039;il attendre des communaut\u00e9s maghr\u00e9bines\" \/>\n<meta property=\"og:description\" content=\"Join us as we follow Pope Francis&#039; 10-day journey across Algeria, Angola, Cameroon and Equatorial Guinea (April 13-23, 2026). Discover the expectations of Maghr\" \/>\n<meta property=\"og:url\" content=\"https:\/\/monmaghreb.com\/index.php\/2026\/04\/28\/le-voyage-du-pape-francois-en-algerie-angola-cameroun-et-guinee-equatoriale-13-23-avril-2026-ce-quil-attendre-des-communautes-maghrebines\/\" \/>\n<meta property=\"og:site_name\" content=\"Mon Maghreb\" \/>\n<meta property=\"article:author\" content=\"https:\/\/www.facebook.com\/monmaghrebcom\" \/>\n<meta property=\"article:published_time\" content=\"2026-04-28T14:04:50+00:00\" \/>\n<meta property=\"article:modified_time\" content=\"2026-04-28T14:04:53+00:00\" \/>\n<meta property=\"og:image\" content=\"https:\/\/monmaghreb.com\/wp-content\/uploads\/2026\/04\/featured-428.jpg\" \/>\n\t<meta property=\"og:image:width\" content=\"1880\" \/>\n\t<meta property=\"og:image:height\" content=\"1056\" \/>\n\t<meta property=\"og:image:type\" content=\"image\/jpeg\" \/>\n<meta name=\"author\" content=\"LaMagh\" \/>\n<meta name=\"twitter:card\" content=\"summary_large_image\" \/>\n<meta name=\"twitter:creator\" content=\"@MMaghreb50977\" \/>\n<meta name=\"twitter:label1\" content=\"Written by\" \/>\n\t<meta name=\"twitter:data1\" content=\"LaMagh\" \/>\n\t<meta name=\"twitter:label2\" content=\"Est. reading time\" \/>\n\t<meta name=\"twitter:data2\" content=\"3 minutes\" \/>\n<script type=\"application\/ld+json\" class=\"yoast-schema-graph\">{\"@context\":\"https:\\\/\\\/schema.org\",\"@graph\":[{\"@type\":\"Article\",\"@id\":\"https:\\\/\\\/monmaghreb.com\\\/index.php\\\/2026\\\/04\\\/28\\\/le-voyage-du-pape-francois-en-algerie-angola-cameroun-et-guinee-equatoriale-13-23-avril-2026-ce-quil-attendre-des-communautes-maghrebines\\\/#article\",\"isPartOf\":{\"@id\":\"https:\\\/\\\/monmaghreb.com\\\/index.php\\\/2026\\\/04\\\/28\\\/le-voyage-du-pape-francois-en-algerie-angola-cameroun-et-guinee-equatoriale-13-23-avril-2026-ce-quil-attendre-des-communautes-maghrebines\\\/\"},\"author\":{\"name\":\"LaMagh\",\"@id\":\"http:\\\/\\\/monmaghreb.com\\\/#\\\/schema\\\/person\\\/c469a89dc8c6b8987dcb438b1200d054\"},\"headline\":\"Le voyage du Pape Fran\u00e7ois en Alg\u00e9rie, Angola, Cameroun et Guin\u00e9e \u00c9quatoriale (13-23 avril 2026) : ce qu&#8217;il attendre des communaut\u00e9s maghr\u00e9bines\",\"datePublished\":\"2026-04-28T14:04:50+00:00\",\"dateModified\":\"2026-04-28T14:04:53+00:00\",\"mainEntityOfPage\":{\"@id\":\"https:\\\/\\\/monmaghreb.com\\\/index.php\\\/2026\\\/04\\\/28\\\/le-voyage-du-pape-francois-en-algerie-angola-cameroun-et-guinee-equatoriale-13-23-avril-2026-ce-quil-attendre-des-communautes-maghrebines\\\/\"},\"wordCount\":736,\"publisher\":{\"@id\":\"http:\\\/\\\/monmaghreb.com\\\/#organization\"},\"image\":{\"@id\":\"https:\\\/\\\/monmaghreb.com\\\/index.php\\\/2026\\\/04\\\/28\\\/le-voyage-du-pape-francois-en-algerie-angola-cameroun-et-guinee-equatoriale-13-23-avril-2026-ce-quil-attendre-des-communautes-maghrebines\\\/#primaryimage\"},\"thumbnailUrl\":\"https:\\\/\\\/monmaghreb.com\\\/wp-content\\\/uploads\\\/2026\\\/04\\\/featured-428.jpg\",\"keywords\":[\"algeria travel\",\"catholic church\",\"maghreb diaspora\",\"news guide\",\"pope visit africa\"],\"articleSection\":[\"Alg\u00e9rie\"],\"inLanguage\":\"en-US\"},{\"@type\":\"WebPage\",\"@id\":\"https:\\\/\\\/monmaghreb.com\\\/index.php\\\/2026\\\/04\\\/28\\\/le-voyage-du-pape-francois-en-algerie-angola-cameroun-et-guinee-equatoriale-13-23-avril-2026-ce-quil-attendre-des-communautes-maghrebines\\\/\",\"url\":\"https:\\\/\\\/monmaghreb.com\\\/index.php\\\/2026\\\/04\\\/28\\\/le-voyage-du-pape-francois-en-algerie-angola-cameroun-et-guinee-equatoriale-13-23-avril-2026-ce-quil-attendre-des-communautes-maghrebines\\\/\",\"name\":\"Le voyage du Pape Fran\u00e7ois en Alg\u00e9rie, Angola, Cameroun et G\",\"isPartOf\":{\"@id\":\"http:\\\/\\\/monmaghreb.com\\\/#website\"},\"primaryImageOfPage\":{\"@id\":\"https:\\\/\\\/monmaghreb.com\\\/index.php\\\/2026\\\/04\\\/28\\\/le-voyage-du-pape-francois-en-algerie-angola-cameroun-et-guinee-equatoriale-13-23-avril-2026-ce-quil-attendre-des-communautes-maghrebines\\\/#primaryimage\"},\"image\":{\"@id\":\"https:\\\/\\\/monmaghreb.com\\\/index.php\\\/2026\\\/04\\\/28\\\/le-voyage-du-pape-francois-en-algerie-angola-cameroun-et-guinee-equatoriale-13-23-avril-2026-ce-quil-attendre-des-communautes-maghrebines\\\/#primaryimage\"},\"thumbnailUrl\":\"https:\\\/\\\/monmaghreb.com\\\/wp-content\\\/uploads\\\/2026\\\/04\\\/featured-428.jpg\",\"datePublished\":\"2026-04-28T14:04:50+00:00\",\"dateModified\":\"2026-04-28T14:04:53+00:00\",\"description\":\"Join us as we follow Pope Francis' 10-day journey across Algeria, Angola, Cameroon and Equatorial Guinea (April 13-23, 2026). Discover the expectations of Maghr\",\"breadcrumb\":{\"@id\":\"https:\\\/\\\/monmaghreb.com\\\/index.php\\\/2026\\\/04\\\/28\\\/le-voyage-du-pape-francois-en-algerie-angola-cameroun-et-guinee-equatoriale-13-23-avril-2026-ce-quil-attendre-des-communautes-maghrebines\\\/#breadcrumb\"},\"inLanguage\":\"en-US\",\"potentialAction\":[{\"@type\":\"ReadAction\",\"target\":[\"https:\\\/\\\/monmaghreb.com\\\/index.php\\\/2026\\\/04\\\/28\\\/le-voyage-du-pape-francois-en-algerie-angola-cameroun-et-guinee-equatoriale-13-23-avril-2026-ce-quil-attendre-des-communautes-maghrebines\\\/\"]}]},{\"@type\":\"ImageObject\",\"inLanguage\":\"en-US\",\"@id\":\"https:\\\/\\\/monmaghreb.com\\\/index.php\\\/2026\\\/04\\\/28\\\/le-voyage-du-pape-francois-en-algerie-angola-cameroun-et-guinee-equatoriale-13-23-avril-2026-ce-quil-attendre-des-communautes-maghrebines\\\/#primaryimage\",\"url\":\"https:\\\/\\\/monmaghreb.com\\\/wp-content\\\/uploads\\\/2026\\\/04\\\/featured-428.jpg\",\"contentUrl\":\"https:\\\/\\\/monmaghreb.com\\\/wp-content\\\/uploads\\\/2026\\\/04\\\/featured-428.jpg\",\"width\":1880,\"height\":1056,\"caption\":\"Pope Francis greeting Maghrebin community in Algeria during his tour\"},{\"@type\":\"BreadcrumbList\",\"@id\":\"https:\\\/\\\/monmaghreb.com\\\/index.php\\\/2026\\\/04\\\/28\\\/le-voyage-du-pape-francois-en-algerie-angola-cameroun-et-guinee-equatoriale-13-23-avril-2026-ce-quil-attendre-des-communautes-maghrebines\\\/#breadcrumb\",\"itemListElement\":[{\"@type\":\"ListItem\",\"position\":1,\"name\":\"Home\",\"item\":\"http:\\\/\\\/monmaghreb.com\\\/\"},{\"@type\":\"ListItem\",\"position\":2,\"name\":\"Le voyage du Pape Fran\u00e7ois en Alg\u00e9rie, Angola, Cameroun et Guin\u00e9e \u00c9quatoriale (13-23 avril 2026) : ce qu&#8217;il attendre des communaut\u00e9s maghr\u00e9bines\"}]},{\"@type\":\"WebSite\",\"@id\":\"http:\\\/\\\/monmaghreb.com\\\/#website\",\"url\":\"http:\\\/\\\/monmaghreb.com\\\/\",\"name\":\"Mon Maghreb\",\"description\":\"MonMaghreb United\",\"publisher\":{\"@id\":\"http:\\\/\\\/monmaghreb.com\\\/#organization\"},\"alternateName\":\"Le Monde du Maghreb et au del\u00e0\",\"potentialAction\":[{\"@type\":\"SearchAction\",\"target\":{\"@type\":\"EntryPoint\",\"urlTemplate\":\"http:\\\/\\\/monmaghreb.com\\\/?s={search_term_string}\"},\"query-input\":{\"@type\":\"PropertyValueSpecification\",\"valueRequired\":true,\"valueName\":\"search_term_string\"}}],\"inLanguage\":\"en-US\"},{\"@type\":\"Organization\",\"@id\":\"http:\\\/\\\/monmaghreb.com\\\/#organization\",\"name\":\"Mon Maghreb\",\"url\":\"http:\\\/\\\/monmaghreb.com\\\/\",\"logo\":{\"@type\":\"ImageObject\",\"inLanguage\":\"en-US\",\"@id\":\"http:\\\/\\\/monmaghreb.com\\\/#\\\/schema\\\/logo\\\/image\\\/\",\"url\":\"https:\\\/\\\/monmaghreb.com\\\/wp-content\\\/uploads\\\/2025\\\/12\\\/Mon_Maghreb_Logo.jpg\",\"contentUrl\":\"https:\\\/\\\/monmaghreb.com\\\/wp-content\\\/uploads\\\/2025\\\/12\\\/Mon_Maghreb_Logo.jpg\",\"width\":814,\"height\":374,\"caption\":\"Mon Maghreb\"},\"image\":{\"@id\":\"http:\\\/\\\/monmaghreb.com\\\/#\\\/schema\\\/logo\\\/image\\\/\"}},{\"@type\":\"Person\",\"@id\":\"http:\\\/\\\/monmaghreb.com\\\/#\\\/schema\\\/person\\\/c469a89dc8c6b8987dcb438b1200d054\",\"name\":\"LaMagh\",\"image\":{\"@type\":\"ImageObject\",\"inLanguage\":\"en-US\",\"@id\":\"https:\\\/\\\/secure.gravatar.com\\\/avatar\\\/399d8144bd55fba55e056779aca52fe528bac7911f6449e54d81173d6dfd7f0a?s=96&d=mm&r=g\",\"url\":\"https:\\\/\\\/secure.gravatar.com\\\/avatar\\\/399d8144bd55fba55e056779aca52fe528bac7911f6449e54d81173d6dfd7f0a?s=96&d=mm&r=g\",\"contentUrl\":\"https:\\\/\\\/secure.gravatar.com\\\/avatar\\\/399d8144bd55fba55e056779aca52fe528bac7911f6449e54d81173d6dfd7f0a?s=96&d=mm&r=g\",\"caption\":\"LaMagh\"},\"sameAs\":[\"https:\\\/\\\/monmaghreb.com\",\"https:\\\/\\\/www.facebook.com\\\/monmaghrebcom\",\"https:\\\/\\\/x.com\\\/MMaghreb50977\"],\"url\":\"https:\\\/\\\/monmaghreb.com\\\/index.php\\\/author\\\/lamagh\\\/\"}]}<\/script>\n<!-- \/ Yoast SEO plugin. -->","yoast_head_json":{"title":"Le voyage du Pape Fran\u00e7ois en Alg\u00e9rie, Angola, Cameroun et G","description":"Join us as we follow Pope Francis' 10-day journey across Algeria, Angola, Cameroon and Equatorial Guinea (April 13-23, 2026). Discover the expectations of Maghr","robots":{"index":"index","follow":"follow","max-snippet":"max-snippet:-1","max-image-preview":"max-image-preview:large","max-video-preview":"max-video-preview:-1"},"canonical":"https:\/\/monmaghreb.com\/index.php\/2026\/04\/28\/le-voyage-du-pape-francois-en-algerie-angola-cameroun-et-guinee-equatoriale-13-23-avril-2026-ce-quil-attendre-des-communautes-maghrebines\/","og_locale":"en_US","og_type":"article","og_title":"Le voyage du Pape Fran\u00e7ois en Alg\u00e9rie, Angola, Cameroun et Guin\u00e9e \u00c9quatoriale (13-23 avril 2026) : ce qu'il attendre des communaut\u00e9s maghr\u00e9bines","og_description":"Join us as we follow Pope Francis' 10-day journey across Algeria, Angola, Cameroon and Equatorial Guinea (April 13-23, 2026). Discover the expectations of Maghr","og_url":"https:\/\/monmaghreb.com\/index.php\/2026\/04\/28\/le-voyage-du-pape-francois-en-algerie-angola-cameroun-et-guinee-equatoriale-13-23-avril-2026-ce-quil-attendre-des-communautes-maghrebines\/","og_site_name":"Mon Maghreb","article_author":"https:\/\/www.facebook.com\/monmaghrebcom","article_published_time":"2026-04-28T14:04:50+00:00","article_modified_time":"2026-04-28T14:04:53+00:00","og_image":[{"width":1880,"height":1056,"url":"https:\/\/monmaghreb.com\/wp-content\/uploads\/2026\/04\/featured-428.jpg","type":"image\/jpeg"}],"author":"LaMagh","twitter_card":"summary_large_image","twitter_creator":"@MMaghreb50977","twitter_misc":{"Written by":"LaMagh","Est. reading time":"3 minutes"},"schema":{"@context":"https:\/\/schema.org","@graph":[{"@type":"Article","@id":"https:\/\/monmaghreb.com\/index.php\/2026\/04\/28\/le-voyage-du-pape-francois-en-algerie-angola-cameroun-et-guinee-equatoriale-13-23-avril-2026-ce-quil-attendre-des-communautes-maghrebines\/#article","isPartOf":{"@id":"https:\/\/monmaghreb.com\/index.php\/2026\/04\/28\/le-voyage-du-pape-francois-en-algerie-angola-cameroun-et-guinee-equatoriale-13-23-avril-2026-ce-quil-attendre-des-communautes-maghrebines\/"},"author":{"name":"LaMagh","@id":"http:\/\/monmaghreb.com\/#\/schema\/person\/c469a89dc8c6b8987dcb438b1200d054"},"headline":"Le voyage du Pape Fran\u00e7ois en Alg\u00e9rie, Angola, Cameroun et Guin\u00e9e \u00c9quatoriale (13-23 avril 2026) : ce qu&#8217;il attendre des communaut\u00e9s maghr\u00e9bines","datePublished":"2026-04-28T14:04:50+00:00","dateModified":"2026-04-28T14:04:53+00:00","mainEntityOfPage":{"@id":"https:\/\/monmaghreb.com\/index.php\/2026\/04\/28\/le-voyage-du-pape-francois-en-algerie-angola-cameroun-et-guinee-equatoriale-13-23-avril-2026-ce-quil-attendre-des-communautes-maghrebines\/"},"wordCount":736,"publisher":{"@id":"http:\/\/monmaghreb.com\/#organization"},"image":{"@id":"https:\/\/monmaghreb.com\/index.php\/2026\/04\/28\/le-voyage-du-pape-francois-en-algerie-angola-cameroun-et-guinee-equatoriale-13-23-avril-2026-ce-quil-attendre-des-communautes-maghrebines\/#primaryimage"},"thumbnailUrl":"https:\/\/monmaghreb.com\/wp-content\/uploads\/2026\/04\/featured-428.jpg","keywords":["algeria travel","catholic church","maghreb diaspora","news guide","pope visit africa"],"articleSection":["Alg\u00e9rie"],"inLanguage":"en-US"},{"@type":"WebPage","@id":"https:\/\/monmaghreb.com\/index.php\/2026\/04\/28\/le-voyage-du-pape-francois-en-algerie-angola-cameroun-et-guinee-equatoriale-13-23-avril-2026-ce-quil-attendre-des-communautes-maghrebines\/","url":"https:\/\/monmaghreb.com\/index.php\/2026\/04\/28\/le-voyage-du-pape-francois-en-algerie-angola-cameroun-et-guinee-equatoriale-13-23-avril-2026-ce-quil-attendre-des-communautes-maghrebines\/","name":"Le voyage du Pape Fran\u00e7ois en Alg\u00e9rie, Angola, Cameroun et G","isPartOf":{"@id":"http:\/\/monmaghreb.com\/#website"},"primaryImageOfPage":{"@id":"https:\/\/monmaghreb.com\/index.php\/2026\/04\/28\/le-voyage-du-pape-francois-en-algerie-angola-cameroun-et-guinee-equatoriale-13-23-avril-2026-ce-quil-attendre-des-communautes-maghrebines\/#primaryimage"},"image":{"@id":"https:\/\/monmaghreb.com\/index.php\/2026\/04\/28\/le-voyage-du-pape-francois-en-algerie-angola-cameroun-et-guinee-equatoriale-13-23-avril-2026-ce-quil-attendre-des-communautes-maghrebines\/#primaryimage"},"thumbnailUrl":"https:\/\/monmaghreb.com\/wp-content\/uploads\/2026\/04\/featured-428.jpg","datePublished":"2026-04-28T14:04:50+00:00","dateModified":"2026-04-28T14:04:53+00:00","description":"Join us as we follow Pope Francis' 10-day journey across Algeria, Angola, Cameroon and Equatorial Guinea (April 13-23, 2026). Discover the expectations of Maghr","breadcrumb":{"@id":"https:\/\/monmaghreb.com\/index.php\/2026\/04\/28\/le-voyage-du-pape-francois-en-algerie-angola-cameroun-et-guinee-equatoriale-13-23-avril-2026-ce-quil-attendre-des-communautes-maghrebines\/#breadcrumb"},"inLanguage":"en-US","potentialAction":[{"@type":"ReadAction","target":["https:\/\/monmaghreb.com\/index.php\/2026\/04\/28\/le-voyage-du-pape-francois-en-algerie-angola-cameroun-et-guinee-equatoriale-13-23-avril-2026-ce-quil-attendre-des-communautes-maghrebines\/"]}]},{"@type":"ImageObject","inLanguage":"en-US","@id":"https:\/\/monmaghreb.com\/index.php\/2026\/04\/28\/le-voyage-du-pape-francois-en-algerie-angola-cameroun-et-guinee-equatoriale-13-23-avril-2026-ce-quil-attendre-des-communautes-maghrebines\/#primaryimage","url":"https:\/\/monmaghreb.com\/wp-content\/uploads\/2026\/04\/featured-428.jpg","contentUrl":"https:\/\/monmaghreb.com\/wp-content\/uploads\/2026\/04\/featured-428.jpg","width":1880,"height":1056,"caption":"Pope Francis greeting Maghrebin community in Algeria during his tour"},{"@type":"BreadcrumbList","@id":"https:\/\/monmaghreb.com\/index.php\/2026\/04\/28\/le-voyage-du-pape-francois-en-algerie-angola-cameroun-et-guinee-equatoriale-13-23-avril-2026-ce-quil-attendre-des-communautes-maghrebines\/#breadcrumb","itemListElement":[{"@type":"ListItem","position":1,"name":"Home","item":"http:\/\/monmaghreb.com\/"},{"@type":"ListItem","position":2,"name":"Le voyage du Pape Fran\u00e7ois en Alg\u00e9rie, Angola, Cameroun et Guin\u00e9e \u00c9quatoriale (13-23 avril 2026) : ce qu&#8217;il attendre des communaut\u00e9s maghr\u00e9bines"}]},{"@type":"WebSite","@id":"http:\/\/monmaghreb.com\/#website","url":"http:\/\/monmaghreb.com\/","name":"Mon Maghreb","description":"MonMaghreb United","publisher":{"@id":"http:\/\/monmaghreb.com\/#organization"},"alternateName":"Le Monde du Maghreb et au del\u00e0","potentialAction":[{"@type":"SearchAction","target":{"@type":"EntryPoint","urlTemplate":"http:\/\/monmaghreb.com\/?s={search_term_string}"},"query-input":{"@type":"PropertyValueSpecification","valueRequired":true,"valueName":"search_term_string"}}],"inLanguage":"en-US"},{"@type":"Organization","@id":"http:\/\/monmaghreb.com\/#organization","name":"Mon Maghreb","url":"http:\/\/monmaghreb.com\/","logo":{"@type":"ImageObject","inLanguage":"en-US","@id":"http:\/\/monmaghreb.com\/#\/schema\/logo\/image\/","url":"https:\/\/monmaghreb.com\/wp-content\/uploads\/2025\/12\/Mon_Maghreb_Logo.jpg","contentUrl":"https:\/\/monmaghreb.com\/wp-content\/uploads\/2025\/12\/Mon_Maghreb_Logo.jpg","width":814,"height":374,"caption":"Mon Maghreb"},"image":{"@id":"http:\/\/monmaghreb.com\/#\/schema\/logo\/image\/"}},{"@type":"Person","@id":"http:\/\/monmaghreb.com\/#\/schema\/person\/c469a89dc8c6b8987dcb438b1200d054","name":"LaMagh","image":{"@type":"ImageObject","inLanguage":"en-US","@id":"https:\/\/secure.gravatar.com\/avatar\/399d8144bd55fba55e056779aca52fe528bac7911f6449e54d81173d6dfd7f0a?s=96&d=mm&r=g","url":"https:\/\/secure.gravatar.com\/avatar\/399d8144bd55fba55e056779aca52fe528bac7911f6449e54d81173d6dfd7f0a?s=96&d=mm&r=g","contentUrl":"https:\/\/secure.gravatar.com\/avatar\/399d8144bd55fba55e056779aca52fe528bac7911f6449e54d81173d6dfd7f0a?s=96&d=mm&r=g","caption":"LaMagh"},"sameAs":["https:\/\/monmaghreb.com","https:\/\/www.facebook.com\/monmaghrebcom","https:\/\/x.com\/MMaghreb50977"],"url":"https:\/\/monmaghreb.com\/index.php\/author\/lamagh\/"}]}},"_links":{"self":[{"href":"https:\/\/monmaghreb.com\/index.php\/wp-json\/wp\/v2\/posts\/3609","targetHints":{"allow":["GET"]}}],"collection":[{"href":"https:\/\/monmaghreb.com\/index.php\/wp-json\/wp\/v2\/posts"}],"about":[{"href":"https:\/\/monmaghreb.com\/index.php\/wp-json\/wp\/v2\/types\/post"}],"author":[{"embeddable":true,"href":"https:\/\/monmaghreb.com\/index.php\/wp-json\/wp\/v2\/users\/1"}],"replies":[{"embeddable":true,"href":"https:\/\/monmaghreb.com\/index.php\/wp-json\/wp\/v2\/comments?post=3609"}],"version-history":[{"count":1,"href":"https:\/\/monmaghreb.com\/index.php\/wp-json\/wp\/v2\/posts\/3609\/revisions"}],"predecessor-version":[{"id":3610,"href":"https:\/\/monmaghreb.com\/index.php\/wp-json\/wp\/v2\/posts\/3609\/revisions\/3610"}],"wp:featuredmedia":[{"embeddable":true,"href":"https:\/\/monmaghreb.com\/index.php\/wp-json\/wp\/v2\/media\/3608"}],"wp:attachment":[{"href":"https:\/\/monmaghreb.com\/index.php\/wp-json\/wp\/v2\/media?parent=3609"}],"wp:term":[{"taxonomy":"category","embeddable":true,"href":"https:\/\/monmaghreb.com\/index.php\/wp-json\/wp\/v2\/categories?post=3609"},{"taxonomy":"post_tag","embeddable":true,"href":"https:\/\/monmaghreb.com\/index.php\/wp-json\/wp\/v2\/tags?post=3609"}],"curies":[{"name":"wp","href":"https:\/\/api.w.org\/{rel}","templated":true}]}}