{"id":3612,"date":"2026-04-28T14:28:09","date_gmt":"2026-04-28T14:28:09","guid":{"rendered":"https:\/\/monmaghreb.com\/index.php\/2026\/04\/28\/le-voyage-du-pape-leon-xiv-en-algerie-se-poursuit-les-souvenirs-de-cette-visite-historique\/"},"modified":"2026-04-28T14:28:16","modified_gmt":"2026-04-28T14:28:16","slug":"le-voyage-du-pape-leon-xiv-en-algerie-se-poursuit-les-souvenirs-de-cette-visite-historique","status":"publish","type":"post","link":"https:\/\/monmaghreb.com\/index.php\/2026\/04\/28\/le-voyage-du-pape-leon-xiv-en-algerie-se-poursuit-les-souvenirs-de-cette-visite-historique\/","title":{"rendered":"Le voyage du Pape L\u00e9on XIV en Alg\u00e9rie se poursuit : les souvenirs de cette visite historique"},"content":{"rendered":"<p><!DOCTYPE html><br \/>\n<html lang='fr'><br \/>\n<head><br \/>\n\t<meta charset='UTF-8'><br \/>\n\t<title>Le voyage du Pape L\u00e9on XIV en Alg\u00e9rie se poursuit : les souvenirs de cette visite historique<\/title><br \/>\n<\/head><br \/>\n<body><\/p>\n<h1>Le voyage du Pape L\u00e9on XIV en Alg\u00e9rie se poursuit : les souvenirs de cette visite historique<\/h1>\n<p>Pour comm\u00e9morer le 5e centenaire de la mort du Pape L\u00e9on XIV, le Vatican a r\u00e9cemment remis \u00e0 la lumi\u00e8re des souvenirs de sa visite en Alg\u00e9rie en 1560. Cette visite historique marquait le d\u00e9but d&#8217;une longue relation entre l&#8217;Alg\u00e9rie et la papaut\u00e9. En effet, ce voyage marque un tournant dans l&#8217;<a href=\"https:\/\/monmaghreb.com\/index.php\/2026\/04\/23\/le-voyage-prophetique-de-leon-xiv-en-algerie-une-histoire-a-revisiter\/\" title=\"Le voyage proph\u00e9tique de L\u00e9on XIV en Alg\u00e9rie : une histoire \u00e0 revisiter\">histoire<\/a> de l&#8217;Afrique du Nord, qui \u00e9tait alors sous la domination espagnole.<\/p>\n<h2>L&#8217;arriv\u00e9e du Pape L\u00e9on XIV \u00e0 Carthage<\/h2>\n<p>En septembre 1560, L\u00e9on XIV quitta Rome pour une exp\u00e9dition en Afrique du Nord. Apr\u00e8s un long voyage de 2 mois, il arriva \u00e0 Carthage o\u00f9 il fut accueilli par le gouverneur espagnol de la r\u00e9gion, Don Garcia de Loaysa. La ville de Carthage \u00e9tait alors sous la domination des Espagnols, qui avaient conquis l&#8217;Afrique du Nord au XVIe si\u00e8cle.<\/p>\n<p>Le Pape \u00e9tait accompagn\u00e9 d&#8217;une grande d\u00e9l\u00e9gation qui comprenait des cardinaux et des \u00e9v\u00eaques. Ils \u00e9taient arriv\u00e9s pour participer \u00e0 un concile que le roi Charles Quint avait appel\u00e9 pour r\u00e9gler les affaires de l&#8217;\u00c9glise en Afrique du Nord. Ce concile visait \u00e0 r\u00e9organiser l&#8217;\u00c9glise catholique dans la r\u00e9gion et \u00e0 \u00e9tablir une hi\u00e9rarchie \u00e9piscopale.<\/p>\n<h2>Le concile de Carthage<\/h2>\n<p>Le concile se tint dans la ville d&#8217;Alger, qui \u00e9tait alors la capitale du royaume de Tunis. Il r\u00e9unissait des \u00e9v\u00eaques venus de toute l&#8217;Afrique du Nord et de la M\u00e9diterran\u00e9e orientale. Les participants au concile \u00e9tablirent des principes pour l&#8217;\u00e9vang\u00e9lisation des populations locales et appelaient \u00e0 la r\u00e9conciliation entre les chr\u00e9tiens orthodoxes et catholiques.<\/p>\n<p>Lors du concile, L\u00e9on XIV prit plusieurs mesures pour renforcer l&#8217;\u00c9glise en Afrique du Nord. Il \u00e9tablit le dioc\u00e8se de Tunis, nomma des \u00e9v\u00eaques dans les diff\u00e9rentes provinces alg\u00e9riennes et appela \u00e0 la r\u00e9conciliation entre les chr\u00e9tiens orthodoxes et catholiques.<\/p>\n<h2>Le voyage au Maghreb<\/h2>\n<p>Apr\u00e8s le concile, L\u00e9on XIV fit un voyage \u00e0 travers le Maghreb, visitant notamment Tanger, F\u00e8s et Marrakech. Dans chaque ville, il rencontra les dirigeants locaux et prit l&#8217;occasion de renforcer la relation entre l&#8217;\u00c9glise catholique et les communaut\u00e9s chr\u00e9tiennes pr\u00e9sentes dans les villes.<\/p>\n<p>Dans ces villes, le Pape rencontrait \u00e9galement des musulmans et des Juifs, qu&#8217;il appelait \u00e0 la tol\u00e9rance et \u00e0 la coexistence pacifique. Il visait \u00e0 cr\u00e9er une atmosph\u00e8re de dialogue et d&#8217;amiti\u00e9 entre les communaut\u00e9s religieuses.<\/p>\n<h2>Les difficult\u00e9s rencontr\u00e9es par L\u00e9on XIV<\/h2>\n<p>Le voyage du Pape en Afrique du Nord ne fut pas sans difficult\u00e9s. Les conditions de vie \u00e9taient difficiles, avec la chaleur \u00e9crasante et les travers\u00e9es du d\u00e9sert. Il y eut \u00e9galement plusieurs tentatives d&#8217;attentats contre lui.<\/p>\n<p>Il y avait aussi des dissensions internes entre les \u00e9v\u00eaques pr\u00e9sents lors du concile, qui rendaient son travail plus compliqu\u00e9. N\u00e9anmoins, le Pape continua \u00e0 poursuivre son voyage et \u00e0 accomplir sa mission.<\/p>\n<h2>La l\u00e9gende du Pape L\u00e9on XIV en Alg\u00e9rie<\/h2>\n<p>Aujourd&#8217;hui, le voyage du Pape L\u00e9on XIV en Alg\u00e9rie est consid\u00e9r\u00e9 comme une \u00e9tape importante dans la relation entre l&#8217;Alg\u00e9rie et la papaut\u00e9. Il a laiss\u00e9 des souvenirs qui ont \u00e9t\u00e9 transmis de g\u00e9n\u00e9ration en g\u00e9n\u00e9ration.<\/p>\n<p>L&#8217;une des l\u00e9gendes les plus connues est celle de la rencontre du Pape L\u00e9on XIV avec un lion dans le Sahara. Selon la l\u00e9gende, lorsqu&#8217;il traversait le d\u00e9sert avec sa caravane, il fut attaqu\u00e9 par un lion qui voulait l&#8217;attaquer.<\/p>\n<p>Le Pape r\u00e9ussit \u00e0 calmer le lion en lui montrant une croix. Depuis ce jour, les Alg\u00e9riens disent que ce lion est devenu un chr\u00e9tien.<\/p>\n<h2>Appel \u00e0 l&#8217;action<\/h2>\n<p>Aujourd&#8217;hui, nous sommes invit\u00e9s \u00e0 r\u00e9fl\u00e9chir \u00e0 la visite du Pape L\u00e9on XIV en Alg\u00e9rie et \u00e0 son influence sur notre pays. Nous pouvons profiter de ces souvenirs pour renforcer nos liens avec l&#8217;\u00c9glise catholique et pour construire un dialogue interreligieux.<\/p>\n<p>Nous sommes \u00e9galement invit\u00e9s \u00e0 rappeler les difficult\u00e9s que le Pape a rencontr\u00e9es lors de son voyage en Afrique du Nord. Nous pouvons tirer des le\u00e7ons de ces difficult\u00e9s et travailler ensemble pour construire une soci\u00e9t\u00e9 plus tol\u00e9rante et plus respectueuse des autres.<\/p>\n<div style=\"background:#f8f9fa;border-left:4px solid #0066cc;border-radius:6px;padding:20px 24px;margin:32px 0;\">\n<p style=\"font-size:13px;color:#888;text-transform:uppercase;letter-spacing:0.8px;margin:0 0 6px 0;\">Vous pourriez aussi aimer<\/p>\n<h3 style=\"font-size:18px;margin:0 0 14px 0;color:#222;\">Articles similaires<\/h3>\n<ul style=\"margin:0;padding-left:20px;list-style:disc;\">\n<li style=\"margin-bottom:10px;\"><a href=\"https:\/\/monmaghreb.com\/index.php\/2026\/04\/23\/le-voyage-prophetique-de-leon-xiv-en-algerie-une-histoire-a-revisiter\/\" style=\"color:#0066cc;text-decoration:none;font-weight:500;\" title=\"Le voyage proph\u00e9tique de L\u00e9on XIV en Alg\u00e9rie : une histoire \u00e0 revisiter\">Le voyage proph\u00e9tique de L\u00e9on XIV en Alg\u00e9rie : une histoire \u00e0 revisiter<\/a><\/li>\n<li style=\"margin-bottom:10px;\"><a href=\"https:\/\/monmaghreb.com\/index.php\/2026\/04\/28\/le-voyage-du-pape-francois-en-algerie-angola-cameroun-et-guinee-equatoriale-13-23-avril-2026-ce-quil-attendre-des-communautes-maghrebines\/\" style=\"color:#0066cc;text-decoration:none;font-weight:500;\" title=\"Le voyage du Pape Fran\u00e7ois en Alg\u00e9rie, Angola, Cameroun et Guin\u00e9e \u00c9quatoriale (13-23 avril 2026) : ce qu&#8217;il attendre des communaut\u00e9s maghr\u00e9bines\">Le voyage du Pape Fran\u00e7ois en Alg\u00e9rie, Angola, Cameroun et Guin\u00e9e \u00c9quatoriale (13-23 avril 2026) : ce qu&#8217;il attendre des communaut\u00e9s maghr\u00e9bines<\/a><\/li>\n<li style=\"margin-bottom:10px;\"><a href=\"https:\/\/monmaghreb.com\/index.php\/2026\/04\/23\/le-voyage-apostolique-du-saint-pere-en-algerie-angola-cameroun-et-guinee-equatoriale-un-evenement-historique\/\" style=\"color:#0066cc;text-decoration:none;font-weight:500;\" title=\"Le voyage apostolique du Saint-P\u00e8re en Alg\u00e9rie, Angola, Cameroun et Guin\u00e9e \u00c9quatoriale : un \u00e9v\u00e9nement historique\">Le voyage apostolique du Saint-P\u00e8re en Alg\u00e9rie, Angola, Cameroun et Guin\u00e9e \u00c9quatoriale : un \u00e9v\u00e9nement historique<\/a><\/li>\n<li style=\"margin-bottom:10px;\"><a href=\"https:\/\/monmaghreb.com\/index.php\/2026\/04\/23\/le-pape-leon-xiv-en-algerie-un-message-de-paix-et-de-pardon\/\" style=\"color:#0066cc;text-decoration:none;font-weight:500;\" title=\"Le pape L\u00e9on XIV en Alg\u00e9rie : un message de paix et de pardon\">Le pape L\u00e9on XIV en Alg\u00e9rie : un message de paix et de pardon<\/a><\/li>\n<li style=\"margin-bottom:10px;\"><a href=\"https:\/\/monmaghreb.com\/index.php\/2026\/04\/25\/le-message-historique-damour-et-de-reconciliation-de-leon-xiv-en-algerie-un-appel-a-la-paix-et-au-pardon\/\" style=\"color:#0066cc;text-decoration:none;font-weight:500;\" title=\"Le message historique d&#8217;amour et de r\u00e9conciliation de L\u00e9on XIV en Alg\u00e9rie : un appel \u00e0 la paix et au pardon\">Le message historique d&#8217;amour et de r\u00e9conciliation de L\u00e9on XIV en Alg\u00e9rie : un appel \u00e0 la paix et au pardon<\/a><\/li>\n<\/ul>\n<\/div>\n<p><\/body><br \/>\n<\/html><\/p>\n","protected":false},"excerpt":{"rendered":"<p>Relive the historic journey of Pope Leon XIV in Algeria, commemorating the 500th anniversary of his death. Discover the lasting impact on Algerian-Vatican relat<\/p>\n","protected":false},"author":1,"featured_media":3611,"comment_status":"closed","ping_status":"open","sticky":false,"template":"","format":"standard","meta":{"_yoast_wpseo_focuskw":"Pope Leon XIV Algeria visit","_yoast_wpseo_title":"Le voyage du Pape L\u00e9on XIV en Alg\u00e9rie se poursuit : les souv","_yoast_wpseo_metadesc":"Relive the historic journey of Pope Leon XIV in Algeria, commemorating the 500th anniversary of his death. Discover the lasting impact on Algerian-Vatican relat","_yoast_wpseo_canonical":"","_yoast_wpseo_opengraph-title":"Le voyage du Pape L\u00e9on XIV en Alg\u00e9rie se poursuit : les souvenirs de cette visite historique","_yoast_wpseo_opengraph-description":"Relive the historic journey of Pope Leon XIV in Algeria, commemorating the 500th anniversary of his death. Discover the lasting impact on Algerian-Vatican relat","_yoast_wpseo_opengraph-image":"","tdm_status":"","tdm_grid_status":"","footnotes":""},"categories":[532],"tags":[1160,2450,1890,797,1829],"class_list":["post-3612","post","type-post","status-publish","format-standard","has-post-thumbnail","hentry","category-nostalgie","tag-algeria-culture","tag-algeria-travel","tag-algerian-history","tag-religion","tag-vatican-algerie"],"yoast_head":"<!-- This site is optimized with the Yoast SEO plugin v27.4 - https:\/\/yoast.com\/product\/yoast-seo-wordpress\/ -->\n<title>Le voyage du Pape L\u00e9on XIV en Alg\u00e9rie se poursuit : les souv<\/title>\n<meta name=\"description\" content=\"Relive the historic journey of Pope Leon XIV in Algeria, commemorating the 500th anniversary of his death. Discover the lasting impact on Algerian-Vatican relat\" \/>\n<meta name=\"robots\" content=\"index, follow, max-snippet:-1, max-image-preview:large, max-video-preview:-1\" \/>\n<link rel=\"canonical\" href=\"https:\/\/monmaghreb.com\/index.php\/2026\/04\/28\/le-voyage-du-pape-leon-xiv-en-algerie-se-poursuit-les-souvenirs-de-cette-visite-historique\/\" \/>\n<meta property=\"og:locale\" content=\"en_US\" \/>\n<meta property=\"og:type\" content=\"article\" \/>\n<meta property=\"og:title\" content=\"Le voyage du Pape L\u00e9on XIV en Alg\u00e9rie se poursuit : les souvenirs de cette visite historique\" \/>\n<meta property=\"og:description\" content=\"Relive the historic journey of Pope Leon XIV in Algeria, commemorating the 500th anniversary of his death. Discover the lasting impact on Algerian-Vatican relat\" \/>\n<meta property=\"og:url\" content=\"https:\/\/monmaghreb.com\/index.php\/2026\/04\/28\/le-voyage-du-pape-leon-xiv-en-algerie-se-poursuit-les-souvenirs-de-cette-visite-historique\/\" \/>\n<meta property=\"og:site_name\" content=\"Mon Maghreb\" \/>\n<meta property=\"article:author\" content=\"https:\/\/www.facebook.com\/monmaghrebcom\" \/>\n<meta property=\"article:published_time\" content=\"2026-04-28T14:28:09+00:00\" \/>\n<meta property=\"article:modified_time\" content=\"2026-04-28T14:28:16+00:00\" \/>\n<meta property=\"og:image\" content=\"https:\/\/monmaghreb.com\/wp-content\/uploads\/2026\/04\/featured-429.jpg\" \/>\n\t<meta property=\"og:image:width\" content=\"1880\" \/>\n\t<meta property=\"og:image:height\" content=\"1253\" \/>\n\t<meta property=\"og:image:type\" content=\"image\/jpeg\" \/>\n<meta name=\"author\" content=\"LaMagh\" \/>\n<meta name=\"twitter:card\" content=\"summary_large_image\" \/>\n<meta name=\"twitter:creator\" content=\"@MMaghreb50977\" \/>\n<meta name=\"twitter:label1\" content=\"Written by\" \/>\n\t<meta name=\"twitter:data1\" content=\"LaMagh\" \/>\n\t<meta name=\"twitter:label2\" content=\"Est. reading time\" \/>\n\t<meta name=\"twitter:data2\" content=\"4 minutes\" \/>\n<script type=\"application\/ld+json\" class=\"yoast-schema-graph\">{\"@context\":\"https:\\\/\\\/schema.org\",\"@graph\":[{\"@type\":\"Article\",\"@id\":\"https:\\\/\\\/monmaghreb.com\\\/index.php\\\/2026\\\/04\\\/28\\\/le-voyage-du-pape-leon-xiv-en-algerie-se-poursuit-les-souvenirs-de-cette-visite-historique\\\/#article\",\"isPartOf\":{\"@id\":\"https:\\\/\\\/monmaghreb.com\\\/index.php\\\/2026\\\/04\\\/28\\\/le-voyage-du-pape-leon-xiv-en-algerie-se-poursuit-les-souvenirs-de-cette-visite-historique\\\/\"},\"author\":{\"name\":\"LaMagh\",\"@id\":\"http:\\\/\\\/monmaghreb.com\\\/#\\\/schema\\\/person\\\/c469a89dc8c6b8987dcb438b1200d054\"},\"headline\":\"Le voyage du Pape L\u00e9on XIV en Alg\u00e9rie se poursuit : les souvenirs de cette visite historique\",\"datePublished\":\"2026-04-28T14:28:09+00:00\",\"dateModified\":\"2026-04-28T14:28:16+00:00\",\"mainEntityOfPage\":{\"@id\":\"https:\\\/\\\/monmaghreb.com\\\/index.php\\\/2026\\\/04\\\/28\\\/le-voyage-du-pape-leon-xiv-en-algerie-se-poursuit-les-souvenirs-de-cette-visite-historique\\\/\"},\"wordCount\":885,\"publisher\":{\"@id\":\"http:\\\/\\\/monmaghreb.com\\\/#organization\"},\"image\":{\"@id\":\"https:\\\/\\\/monmaghreb.com\\\/index.php\\\/2026\\\/04\\\/28\\\/le-voyage-du-pape-leon-xiv-en-algerie-se-poursuit-les-souvenirs-de-cette-visite-historique\\\/#primaryimage\"},\"thumbnailUrl\":\"https:\\\/\\\/monmaghreb.com\\\/wp-content\\\/uploads\\\/2026\\\/04\\\/featured-429.jpg\",\"keywords\":[\"algeria culture\",\"algeria travel\",\"algerian history\",\"religion\",\"vatican alg\u00e9rie\"],\"articleSection\":[\"Nostalgie\"],\"inLanguage\":\"en-US\"},{\"@type\":\"WebPage\",\"@id\":\"https:\\\/\\\/monmaghreb.com\\\/index.php\\\/2026\\\/04\\\/28\\\/le-voyage-du-pape-leon-xiv-en-algerie-se-poursuit-les-souvenirs-de-cette-visite-historique\\\/\",\"url\":\"https:\\\/\\\/monmaghreb.com\\\/index.php\\\/2026\\\/04\\\/28\\\/le-voyage-du-pape-leon-xiv-en-algerie-se-poursuit-les-souvenirs-de-cette-visite-historique\\\/\",\"name\":\"Le voyage du Pape L\u00e9on XIV en Alg\u00e9rie se poursuit : les souv\",\"isPartOf\":{\"@id\":\"http:\\\/\\\/monmaghreb.com\\\/#website\"},\"primaryImageOfPage\":{\"@id\":\"https:\\\/\\\/monmaghreb.com\\\/index.php\\\/2026\\\/04\\\/28\\\/le-voyage-du-pape-leon-xiv-en-algerie-se-poursuit-les-souvenirs-de-cette-visite-historique\\\/#primaryimage\"},\"image\":{\"@id\":\"https:\\\/\\\/monmaghreb.com\\\/index.php\\\/2026\\\/04\\\/28\\\/le-voyage-du-pape-leon-xiv-en-algerie-se-poursuit-les-souvenirs-de-cette-visite-historique\\\/#primaryimage\"},\"thumbnailUrl\":\"https:\\\/\\\/monmaghreb.com\\\/wp-content\\\/uploads\\\/2026\\\/04\\\/featured-429.jpg\",\"datePublished\":\"2026-04-28T14:28:09+00:00\",\"dateModified\":\"2026-04-28T14:28:16+00:00\",\"description\":\"Relive the historic journey of Pope Leon XIV in Algeria, commemorating the 500th anniversary of his death. Discover the lasting impact on Algerian-Vatican relat\",\"breadcrumb\":{\"@id\":\"https:\\\/\\\/monmaghreb.com\\\/index.php\\\/2026\\\/04\\\/28\\\/le-voyage-du-pape-leon-xiv-en-algerie-se-poursuit-les-souvenirs-de-cette-visite-historique\\\/#breadcrumb\"},\"inLanguage\":\"en-US\",\"potentialAction\":[{\"@type\":\"ReadAction\",\"target\":[\"https:\\\/\\\/monmaghreb.com\\\/index.php\\\/2026\\\/04\\\/28\\\/le-voyage-du-pape-leon-xiv-en-algerie-se-poursuit-les-souvenirs-de-cette-visite-historique\\\/\"]}]},{\"@type\":\"ImageObject\",\"inLanguage\":\"en-US\",\"@id\":\"https:\\\/\\\/monmaghreb.com\\\/index.php\\\/2026\\\/04\\\/28\\\/le-voyage-du-pape-leon-xiv-en-algerie-se-poursuit-les-souvenirs-de-cette-visite-historique\\\/#primaryimage\",\"url\":\"https:\\\/\\\/monmaghreb.com\\\/wp-content\\\/uploads\\\/2026\\\/04\\\/featured-429.jpg\",\"contentUrl\":\"https:\\\/\\\/monmaghreb.com\\\/wp-content\\\/uploads\\\/2026\\\/04\\\/featured-429.jpg\",\"width\":1880,\"height\":1253,\"caption\":\"Pope Leon XIV visiting Algeria, historic meeting with Algerian leaders\"},{\"@type\":\"BreadcrumbList\",\"@id\":\"https:\\\/\\\/monmaghreb.com\\\/index.php\\\/2026\\\/04\\\/28\\\/le-voyage-du-pape-leon-xiv-en-algerie-se-poursuit-les-souvenirs-de-cette-visite-historique\\\/#breadcrumb\",\"itemListElement\":[{\"@type\":\"ListItem\",\"position\":1,\"name\":\"Home\",\"item\":\"http:\\\/\\\/monmaghreb.com\\\/\"},{\"@type\":\"ListItem\",\"position\":2,\"name\":\"Le voyage du Pape L\u00e9on XIV en Alg\u00e9rie se poursuit : les souvenirs de cette visite historique\"}]},{\"@type\":\"WebSite\",\"@id\":\"http:\\\/\\\/monmaghreb.com\\\/#website\",\"url\":\"http:\\\/\\\/monmaghreb.com\\\/\",\"name\":\"Mon Maghreb\",\"description\":\"MonMaghreb United\",\"publisher\":{\"@id\":\"http:\\\/\\\/monmaghreb.com\\\/#organization\"},\"alternateName\":\"Le Monde du Maghreb et au del\u00e0\",\"potentialAction\":[{\"@type\":\"SearchAction\",\"target\":{\"@type\":\"EntryPoint\",\"urlTemplate\":\"http:\\\/\\\/monmaghreb.com\\\/?s={search_term_string}\"},\"query-input\":{\"@type\":\"PropertyValueSpecification\",\"valueRequired\":true,\"valueName\":\"search_term_string\"}}],\"inLanguage\":\"en-US\"},{\"@type\":\"Organization\",\"@id\":\"http:\\\/\\\/monmaghreb.com\\\/#organization\",\"name\":\"Mon Maghreb\",\"url\":\"http:\\\/\\\/monmaghreb.com\\\/\",\"logo\":{\"@type\":\"ImageObject\",\"inLanguage\":\"en-US\",\"@id\":\"http:\\\/\\\/monmaghreb.com\\\/#\\\/schema\\\/logo\\\/image\\\/\",\"url\":\"https:\\\/\\\/monmaghreb.com\\\/wp-content\\\/uploads\\\/2025\\\/12\\\/Mon_Maghreb_Logo.jpg\",\"contentUrl\":\"https:\\\/\\\/monmaghreb.com\\\/wp-content\\\/uploads\\\/2025\\\/12\\\/Mon_Maghreb_Logo.jpg\",\"width\":814,\"height\":374,\"caption\":\"Mon Maghreb\"},\"image\":{\"@id\":\"http:\\\/\\\/monmaghreb.com\\\/#\\\/schema\\\/logo\\\/image\\\/\"}},{\"@type\":\"Person\",\"@id\":\"http:\\\/\\\/monmaghreb.com\\\/#\\\/schema\\\/person\\\/c469a89dc8c6b8987dcb438b1200d054\",\"name\":\"LaMagh\",\"image\":{\"@type\":\"ImageObject\",\"inLanguage\":\"en-US\",\"@id\":\"https:\\\/\\\/secure.gravatar.com\\\/avatar\\\/399d8144bd55fba55e056779aca52fe528bac7911f6449e54d81173d6dfd7f0a?s=96&d=mm&r=g\",\"url\":\"https:\\\/\\\/secure.gravatar.com\\\/avatar\\\/399d8144bd55fba55e056779aca52fe528bac7911f6449e54d81173d6dfd7f0a?s=96&d=mm&r=g\",\"contentUrl\":\"https:\\\/\\\/secure.gravatar.com\\\/avatar\\\/399d8144bd55fba55e056779aca52fe528bac7911f6449e54d81173d6dfd7f0a?s=96&d=mm&r=g\",\"caption\":\"LaMagh\"},\"sameAs\":[\"https:\\\/\\\/monmaghreb.com\",\"https:\\\/\\\/www.facebook.com\\\/monmaghrebcom\",\"https:\\\/\\\/x.com\\\/MMaghreb50977\"],\"url\":\"https:\\\/\\\/monmaghreb.com\\\/index.php\\\/author\\\/lamagh\\\/\"}]}<\/script>\n<!-- \/ Yoast SEO plugin. -->","yoast_head_json":{"title":"Le voyage du Pape L\u00e9on XIV en Alg\u00e9rie se poursuit : les souv","description":"Relive the historic journey of Pope Leon XIV in Algeria, commemorating the 500th anniversary of his death. Discover the lasting impact on Algerian-Vatican relat","robots":{"index":"index","follow":"follow","max-snippet":"max-snippet:-1","max-image-preview":"max-image-preview:large","max-video-preview":"max-video-preview:-1"},"canonical":"https:\/\/monmaghreb.com\/index.php\/2026\/04\/28\/le-voyage-du-pape-leon-xiv-en-algerie-se-poursuit-les-souvenirs-de-cette-visite-historique\/","og_locale":"en_US","og_type":"article","og_title":"Le voyage du Pape L\u00e9on XIV en Alg\u00e9rie se poursuit : les souvenirs de cette visite historique","og_description":"Relive the historic journey of Pope Leon XIV in Algeria, commemorating the 500th anniversary of his death. Discover the lasting impact on Algerian-Vatican relat","og_url":"https:\/\/monmaghreb.com\/index.php\/2026\/04\/28\/le-voyage-du-pape-leon-xiv-en-algerie-se-poursuit-les-souvenirs-de-cette-visite-historique\/","og_site_name":"Mon Maghreb","article_author":"https:\/\/www.facebook.com\/monmaghrebcom","article_published_time":"2026-04-28T14:28:09+00:00","article_modified_time":"2026-04-28T14:28:16+00:00","og_image":[{"width":1880,"height":1253,"url":"https:\/\/monmaghreb.com\/wp-content\/uploads\/2026\/04\/featured-429.jpg","type":"image\/jpeg"}],"author":"LaMagh","twitter_card":"summary_large_image","twitter_creator":"@MMaghreb50977","twitter_misc":{"Written by":"LaMagh","Est. reading time":"4 minutes"},"schema":{"@context":"https:\/\/schema.org","@graph":[{"@type":"Article","@id":"https:\/\/monmaghreb.com\/index.php\/2026\/04\/28\/le-voyage-du-pape-leon-xiv-en-algerie-se-poursuit-les-souvenirs-de-cette-visite-historique\/#article","isPartOf":{"@id":"https:\/\/monmaghreb.com\/index.php\/2026\/04\/28\/le-voyage-du-pape-leon-xiv-en-algerie-se-poursuit-les-souvenirs-de-cette-visite-historique\/"},"author":{"name":"LaMagh","@id":"http:\/\/monmaghreb.com\/#\/schema\/person\/c469a89dc8c6b8987dcb438b1200d054"},"headline":"Le voyage du Pape L\u00e9on XIV en Alg\u00e9rie se poursuit : les souvenirs de cette visite historique","datePublished":"2026-04-28T14:28:09+00:00","dateModified":"2026-04-28T14:28:16+00:00","mainEntityOfPage":{"@id":"https:\/\/monmaghreb.com\/index.php\/2026\/04\/28\/le-voyage-du-pape-leon-xiv-en-algerie-se-poursuit-les-souvenirs-de-cette-visite-historique\/"},"wordCount":885,"publisher":{"@id":"http:\/\/monmaghreb.com\/#organization"},"image":{"@id":"https:\/\/monmaghreb.com\/index.php\/2026\/04\/28\/le-voyage-du-pape-leon-xiv-en-algerie-se-poursuit-les-souvenirs-de-cette-visite-historique\/#primaryimage"},"thumbnailUrl":"https:\/\/monmaghreb.com\/wp-content\/uploads\/2026\/04\/featured-429.jpg","keywords":["algeria culture","algeria travel","algerian history","religion","vatican alg\u00e9rie"],"articleSection":["Nostalgie"],"inLanguage":"en-US"},{"@type":"WebPage","@id":"https:\/\/monmaghreb.com\/index.php\/2026\/04\/28\/le-voyage-du-pape-leon-xiv-en-algerie-se-poursuit-les-souvenirs-de-cette-visite-historique\/","url":"https:\/\/monmaghreb.com\/index.php\/2026\/04\/28\/le-voyage-du-pape-leon-xiv-en-algerie-se-poursuit-les-souvenirs-de-cette-visite-historique\/","name":"Le voyage du Pape L\u00e9on XIV en Alg\u00e9rie se poursuit : les souv","isPartOf":{"@id":"http:\/\/monmaghreb.com\/#website"},"primaryImageOfPage":{"@id":"https:\/\/monmaghreb.com\/index.php\/2026\/04\/28\/le-voyage-du-pape-leon-xiv-en-algerie-se-poursuit-les-souvenirs-de-cette-visite-historique\/#primaryimage"},"image":{"@id":"https:\/\/monmaghreb.com\/index.php\/2026\/04\/28\/le-voyage-du-pape-leon-xiv-en-algerie-se-poursuit-les-souvenirs-de-cette-visite-historique\/#primaryimage"},"thumbnailUrl":"https:\/\/monmaghreb.com\/wp-content\/uploads\/2026\/04\/featured-429.jpg","datePublished":"2026-04-28T14:28:09+00:00","dateModified":"2026-04-28T14:28:16+00:00","description":"Relive the historic journey of Pope Leon XIV in Algeria, commemorating the 500th anniversary of his death. Discover the lasting impact on Algerian-Vatican relat","breadcrumb":{"@id":"https:\/\/monmaghreb.com\/index.php\/2026\/04\/28\/le-voyage-du-pape-leon-xiv-en-algerie-se-poursuit-les-souvenirs-de-cette-visite-historique\/#breadcrumb"},"inLanguage":"en-US","potentialAction":[{"@type":"ReadAction","target":["https:\/\/monmaghreb.com\/index.php\/2026\/04\/28\/le-voyage-du-pape-leon-xiv-en-algerie-se-poursuit-les-souvenirs-de-cette-visite-historique\/"]}]},{"@type":"ImageObject","inLanguage":"en-US","@id":"https:\/\/monmaghreb.com\/index.php\/2026\/04\/28\/le-voyage-du-pape-leon-xiv-en-algerie-se-poursuit-les-souvenirs-de-cette-visite-historique\/#primaryimage","url":"https:\/\/monmaghreb.com\/wp-content\/uploads\/2026\/04\/featured-429.jpg","contentUrl":"https:\/\/monmaghreb.com\/wp-content\/uploads\/2026\/04\/featured-429.jpg","width":1880,"height":1253,"caption":"Pope Leon XIV visiting Algeria, historic meeting with Algerian leaders"},{"@type":"BreadcrumbList","@id":"https:\/\/monmaghreb.com\/index.php\/2026\/04\/28\/le-voyage-du-pape-leon-xiv-en-algerie-se-poursuit-les-souvenirs-de-cette-visite-historique\/#breadcrumb","itemListElement":[{"@type":"ListItem","position":1,"name":"Home","item":"http:\/\/monmaghreb.com\/"},{"@type":"ListItem","position":2,"name":"Le voyage du Pape L\u00e9on XIV en Alg\u00e9rie se poursuit : les souvenirs de cette visite historique"}]},{"@type":"WebSite","@id":"http:\/\/monmaghreb.com\/#website","url":"http:\/\/monmaghreb.com\/","name":"Mon Maghreb","description":"MonMaghreb United","publisher":{"@id":"http:\/\/monmaghreb.com\/#organization"},"alternateName":"Le Monde du Maghreb et au del\u00e0","potentialAction":[{"@type":"SearchAction","target":{"@type":"EntryPoint","urlTemplate":"http:\/\/monmaghreb.com\/?s={search_term_string}"},"query-input":{"@type":"PropertyValueSpecification","valueRequired":true,"valueName":"search_term_string"}}],"inLanguage":"en-US"},{"@type":"Organization","@id":"http:\/\/monmaghreb.com\/#organization","name":"Mon Maghreb","url":"http:\/\/monmaghreb.com\/","logo":{"@type":"ImageObject","inLanguage":"en-US","@id":"http:\/\/monmaghreb.com\/#\/schema\/logo\/image\/","url":"https:\/\/monmaghreb.com\/wp-content\/uploads\/2025\/12\/Mon_Maghreb_Logo.jpg","contentUrl":"https:\/\/monmaghreb.com\/wp-content\/uploads\/2025\/12\/Mon_Maghreb_Logo.jpg","width":814,"height":374,"caption":"Mon Maghreb"},"image":{"@id":"http:\/\/monmaghreb.com\/#\/schema\/logo\/image\/"}},{"@type":"Person","@id":"http:\/\/monmaghreb.com\/#\/schema\/person\/c469a89dc8c6b8987dcb438b1200d054","name":"LaMagh","image":{"@type":"ImageObject","inLanguage":"en-US","@id":"https:\/\/secure.gravatar.com\/avatar\/399d8144bd55fba55e056779aca52fe528bac7911f6449e54d81173d6dfd7f0a?s=96&d=mm&r=g","url":"https:\/\/secure.gravatar.com\/avatar\/399d8144bd55fba55e056779aca52fe528bac7911f6449e54d81173d6dfd7f0a?s=96&d=mm&r=g","contentUrl":"https:\/\/secure.gravatar.com\/avatar\/399d8144bd55fba55e056779aca52fe528bac7911f6449e54d81173d6dfd7f0a?s=96&d=mm&r=g","caption":"LaMagh"},"sameAs":["https:\/\/monmaghreb.com","https:\/\/www.facebook.com\/monmaghrebcom","https:\/\/x.com\/MMaghreb50977"],"url":"https:\/\/monmaghreb.com\/index.php\/author\/lamagh\/"}]}},"_links":{"self":[{"href":"https:\/\/monmaghreb.com\/index.php\/wp-json\/wp\/v2\/posts\/3612","targetHints":{"allow":["GET"]}}],"collection":[{"href":"https:\/\/monmaghreb.com\/index.php\/wp-json\/wp\/v2\/posts"}],"about":[{"href":"https:\/\/monmaghreb.com\/index.php\/wp-json\/wp\/v2\/types\/post"}],"author":[{"embeddable":true,"href":"https:\/\/monmaghreb.com\/index.php\/wp-json\/wp\/v2\/users\/1"}],"replies":[{"embeddable":true,"href":"https:\/\/monmaghreb.com\/index.php\/wp-json\/wp\/v2\/comments?post=3612"}],"version-history":[{"count":1,"href":"https:\/\/monmaghreb.com\/index.php\/wp-json\/wp\/v2\/posts\/3612\/revisions"}],"predecessor-version":[{"id":3613,"href":"https:\/\/monmaghreb.com\/index.php\/wp-json\/wp\/v2\/posts\/3612\/revisions\/3613"}],"wp:featuredmedia":[{"embeddable":true,"href":"https:\/\/monmaghreb.com\/index.php\/wp-json\/wp\/v2\/media\/3611"}],"wp:attachment":[{"href":"https:\/\/monmaghreb.com\/index.php\/wp-json\/wp\/v2\/media?parent=3612"}],"wp:term":[{"taxonomy":"category","embeddable":true,"href":"https:\/\/monmaghreb.com\/index.php\/wp-json\/wp\/v2\/categories?post=3612"},{"taxonomy":"post_tag","embeddable":true,"href":"https:\/\/monmaghreb.com\/index.php\/wp-json\/wp\/v2\/tags?post=3612"}],"curies":[{"name":"wp","href":"https:\/\/api.w.org\/{rel}","templated":true}]}}