{"id":3618,"date":"2026-04-28T15:28:16","date_gmt":"2026-04-28T15:28:16","guid":{"rendered":"https:\/\/monmaghreb.com\/index.php\/2026\/04\/28\/mehdi-bensaid-le-maroc-et-la-coupe-du-monde-2030-une-opportunite-historique-pour-notre-nation\/"},"modified":"2026-04-28T15:28:21","modified_gmt":"2026-04-28T15:28:21","slug":"mehdi-bensaid-le-maroc-et-la-coupe-du-monde-2030-une-opportunite-historique-pour-notre-nation","status":"publish","type":"post","link":"https:\/\/monmaghreb.com\/index.php\/2026\/04\/28\/mehdi-bensaid-le-maroc-et-la-coupe-du-monde-2030-une-opportunite-historique-pour-notre-nation\/","title":{"rendered":"Mehdi Bensaid: Le Maroc et la Coupe du monde 2030 &#8211; Une opportunit\u00e9 historique pour notre nation"},"content":{"rendered":"<p><!DOCTYPE html><br \/>\n<html lang='fr'><br \/>\n<head><br \/>\n\t<meta charset='UTF-8'><br \/>\n\t<title>Mehdi Bensaid: Le Maroc et la Coupe du monde 2030<\/title><br \/>\n<\/head><br \/>\n<body><\/p>\n<h1>Mehdi Bensaid: Le Maroc et la Coupe du monde 2030 &#8211; Une <a href=\"https:\/\/monmaghreb.com\/index.php\/2026\/04\/27\/le-ministre-de-la-culture-marocain-medhi-bensaid-et-la-coupe-du-monde-2030-une-opportunite-pour-montrer-le-royaume-aux-yeux-du-monde\/\" title=\"Le ministre de la Culture marocain Medhi Bensaid et la Coupe du monde 2030 : une opportunit\u00e9 pour montrer le royaume aux yeux du monde\">opportunit\u00e9<\/a> historique pour notre nation<\/h1>\n<p>\t<script type=\"application\/ld+json\">\n{\n  \"@context\": \"https:\/\/schema.org\/\",\n  \"@type\": \"Recipe\",\n  \"name\": \"Mehdi Bensaid: Le Maroc et la Coupe du monde 2030 - Une opportunit\u00e9 historique pour notre nation\",\n  \"description\": \"\",\n  \"prepTime\": \"PT30M\",\n  \"cookTime\": \"PT30M\",\n  \"totalTime\": \"PT30M\",\n  \"recipeYield\": \"4 servings\",\n  \"recipeIngredient\": [],\n  \"recipeInstructions\": [],\n  \"recipeCategory\": \"Main Course\",\n  \"recipeCuisine\": \"Non applicable\",\n  \"keywords\": [\n    \"Mehdi Bensaid\",\n    \"Coupe du monde 2030\",\n    \"Maroc\",\n    \"football\"\n  ],\n  \"datePublished\": \"2026-04-28\",\n  \"author\": {\n    \"@type\": \"Organization\",\n    \"name\": \"\"\n  }\n}\n<\/script><\/p>\n<p>Nous sommes au c\u0153ur d&#8217;une \u00e9poque de changement en mati\u00e8re de football mondial. Apr\u00e8s l&#8217;annonce officielle de la Coupe du monde 2030 ayant lieu au Maroc, nous avons une opportunit\u00e9 unique pour promouvoir notre nation sur la sc\u00e8ne internationale et poursuivre notre progression en tant que force \u00e0 part enti\u00e8re dans le monde du football.<\/p>\n<p>En effet, il suffit de se rappeler les moments forts du football marocain ces derni\u00e8res ann\u00e9es. La victoire \u00e0 la CAN 2015, par exemple, a montr\u00e9 que nous sommes capables de surmonter les d\u00e9fis et de nous hisser au niveau international.<\/p>\n<p>Et avec Mehdi Bensaid \u00e0 la t\u00eate de notre \u00e9quipe nationale, nous pouvons \u00eatre encore plus confiants dans nos chances. Avec plus de 30 ans d&#8217;exp\u00e9rience dans le football et une carri\u00e8re qui comprend des \u00e9tapes \u00e0 travers le continent africain, il est un choix id\u00e9al pour diriger notre \u00e9quipe nationale durant cette importante p\u00e9riode.<\/p>\n<p>Sa capacit\u00e9 \u00e0 inspirer les joueurs, sa compr\u00e9hension du jeu et son exp\u00e9rience des grandes comp\u00e9titions mondiales font de lui un leader id\u00e9al pour guider le Maroc vers une victoire historique.<\/p>\n<h2>Mehdi Bensaid &#8211; Un leader pour le football marocain<\/h2>\n<p>Avec plus de 30 ans d&#8217;exp\u00e9rience dans le football et une carri\u00e8re qui comprend des \u00e9tapes \u00e0 travers le continent africain, Mehdi Bensaid est un choix id\u00e9al pour diriger notre \u00e9quipe nationale durant cette importante p\u00e9riode.<\/p>\n<p>Il a \u00e9galement d\u00e9montr\u00e9 sa passion pour le football marocain en prenant des initiatives pour promouvoir le d\u00e9veloppement du jeu au sein de la nation, tels que le lancement d&#8217;un programme national de d\u00e9veloppement du football et une collaboration avec les clubs professionnels locaux.<\/p>\n<h2>Le Maroc &#8211; Une nation en pleine croissance<\/h2>\n<p>En tant que pays, nous avons grandi et \u00e9volu\u00e9 rapidement en mati\u00e8re de football. Avec des \u00e9quipes nationales qui ont r\u00e9cemment remport\u00e9 des comp\u00e9titions internationales, telles que la CAN 2015, le Maroc a prouv\u00e9 qu&#8217;il est une force \u00e0 part enti\u00e8re dans le monde du football.<\/p>\n<p>Cependant, il nous reste encore beaucoup de travail \u00e0 faire pour atteindre les sommets. Le soutien d&#8217;une personnalit\u00e9 comme Mehdi Bensaid pourra nous aider \u00e0 surmonter nos d\u00e9fis et \u00e0 devenir une nation de champions.<\/p>\n<p>Nous devons \u00e9galement continuer \u00e0 investir dans la formation des jeunes talents marocains, \u00e0 soutenir notre \u00e9quipe nationale lors des grandes comp\u00e9titions internationales et promouvoir notre passion pour le football \u00e0 travers tout le monde.<\/p>\n<h2>La Coupe du Monde 2030 &#8211; L&#8217;occasion de notre vie<\/h2>\n<p>Pour les jeunes g\u00e9n\u00e9rations marocaines, la Coupe du monde 2030 repr\u00e9sente une opportunit\u00e9 rare pour voir leur pays s&#8217;illustrer sur la sc\u00e8ne mondiale.<\/p>\n<p>En plus de la passion et l&#8217;excitation que cela nous apporte, cette comp\u00e9tition nous permettra de montrer au monde que le Maroc est un pays en pleine \u00e9volution et un joueur important dans le football mondial.<\/p>\n<ul>\n<li>Notre \u00e9quipe nationale pourra prouver son \u00e9lev\u00e9 niveau de comp\u00e9tence face aux autres nations du monde.<\/li>\n<li>Nous pourrons accueillir des milliers de supporters qui viennent de partout dans le monde, cimentant notre statut comme un pays accueillant et hospitalier.<\/li>\n<li>Le tournoi peut \u00e9galement aider \u00e0 stimuler l&#8217;\u00e9conomie du Maroc, en g\u00e9n\u00e9rant des emplois et des revenus suppl\u00e9mentaires pour les citoyens.<\/li>\n<\/ul>\n<h2>Comment nous pouvons soutenir notre \u00e9quipe nationale<\/h2>\n<p>Comme des membres de la diaspora marocaine, nous avons un r\u00f4le important \u00e0 jouer dans le succ\u00e8s de notre \u00e9quipe nationale lors de la Coupe du monde 2030.<\/p>\n<ul>\n<li>En premier lieu, nous pouvons soutenir nos joueurs en les encourageant \u00e0 donner leur meilleur au cours des matchs.<\/li>\n<li>Nous pouvons \u00e9galement aider \u00e0 promouvoir le football marocain dans notre communaut\u00e9 en organisant des \u00e9v\u00e9nements locaux et en utilisant les m\u00e9dias sociaux pour partager nos passions.<\/li>\n<li>Enfin, nous pouvons contribuer financi\u00e8rement au d\u00e9veloppement du football marocain via diff\u00e9rentes associations de soutien aux joueurs et aux clubs.<\/li>\n<\/ul>\n<h2>Conclusion<\/h2>\n<p>La Coupe du monde 2030 est une opportunit\u00e9 historique pour le Maroc, qui permettra \u00e0 notre nation de s&#8217;illustrer sur la sc\u00e8ne mondiale et de poursuivre sa progression en tant que force \u00e0 part enti\u00e8re dans le football.<\/p>\n<p>Pour cela, nous avons besoin d&#8217;un leader comme Mehdi Bensaid qui peut inspirer nos joueurs et diriger le Maroc vers une victoire historique. Nous devons \u00e9galement investir dans la formation des jeunes talents marocains, soutenir notre \u00e9quipe nationale lors des grandes comp\u00e9titions internationales et promouvoir notre passion pour le football \u00e0 travers tout le monde.<\/p>\n<p>Nous pouvons tous faire notre part en soutenant nos joueurs, en organisant des \u00e9v\u00e9nements locaux et en contribuant financi\u00e8rement au d\u00e9veloppement du football marocain. Faites-lez savoir que vous \u00eates avec eux dans cette grande aventure.<\/p>\n<div style=\"background:#f8f9fa;border-left:4px solid #0066cc;border-radius:6px;padding:20px 24px;margin:32px 0;\">\n<p style=\"font-size:13px;color:#888;text-transform:uppercase;letter-spacing:0.8px;margin:0 0 6px 0;\">Vous pourriez aussi aimer<\/p>\n<h3 style=\"font-size:18px;margin:0 0 14px 0;color:#222;\">Articles similaires<\/h3>\n<ul style=\"margin:0;padding-left:20px;list-style:disc;\">\n<li style=\"margin-bottom:10px;\"><a href=\"https:\/\/monmaghreb.com\/index.php\/2026\/04\/27\/le-ministre-de-la-culture-marocain-medhi-bensaid-et-la-coupe-du-monde-2030-une-opportunite-pour-montrer-le-royaume-aux-yeux-du-monde\/\" style=\"color:#0066cc;text-decoration:none;font-weight:500;\" title=\"Le ministre de la Culture marocain Medhi Bensaid et la Coupe du monde 2030 : une opportunit\u00e9 pour montrer le royaume aux yeux du monde\">Le ministre de la Culture marocain Medhi Bensaid et la Coupe du monde 2030 : une opportunit\u00e9 pour montrer le royaume aux yeux du monde<\/a><\/li>\n<li style=\"margin-bottom:10px;\"><a href=\"https:\/\/monmaghreb.com\/index.php\/2026\/04\/27\/culture-et-diversite-au-maroc-decouvrez-les-scenes-culturelles-exceptionnelles\/\" style=\"color:#0066cc;text-decoration:none;font-weight:500;\" title=\"Culture et diversit\u00e9 au Maroc : d\u00e9couvrez les sc\u00e8nes culturelles exceptionnelles\">Culture et diversit\u00e9 au Maroc : d\u00e9couvrez les sc\u00e8nes culturelles exceptionnelles<\/a><\/li>\n<li style=\"margin-bottom:10px;\"><a href=\"https:\/\/monmaghreb.com\/index.php\/2026\/04\/26\/le-maroc-accroit-ses-importations-de-gaz-naturel-jusqua-10-375-gwh-en-2025-une-opportunite-pour-la-croissance-economique-et-lenergie-verte\/\" style=\"color:#0066cc;text-decoration:none;font-weight:500;\" title=\"Le Maroc accro\u00eet ses importations de gaz naturel jusqu\u2019\u00e0 10 375 GWh en 2025 : Une opportunit\u00e9 pour la croissance \u00e9conomique et l&#8217;\u00e9nergie verte\">Le Maroc accro\u00eet ses importations de gaz naturel jusqu\u2019\u00e0 10 375 GWh en 2025 : Une opportunit\u00e9 pour la croissance \u00e9conomique et l&#8217;\u00e9nergie verte<\/a><\/li>\n<li style=\"margin-bottom:10px;\"><a href=\"https:\/\/monmaghreb.com\/index.php\/2026\/04\/23\/la-tunisie-nouvelle-rivale-du-maroc-pour-les-touristes-en-2025-une-opportunite-culturelle-unique\/\" style=\"color:#0066cc;text-decoration:none;font-weight:500;\" title=\"La Tunisie, nouvelle rivale du Maroc pour les touristes en 2025 : une opportunit\u00e9 culturelle unique\">La Tunisie, nouvelle rivale du Maroc pour les touristes en 2025 : une opportunit\u00e9 culturelle unique<\/a><\/li>\n<li style=\"margin-bottom:10px;\"><a href=\"https:\/\/monmaghreb.com\/index.php\/2026\/04\/27\/kabareh-cheikhats-transformant-la-tradition-au-maroc\/\" style=\"color:#0066cc;text-decoration:none;font-weight:500;\" title=\"Kabareh Cheikhats : Transformant la tradition au Maroc\">Kabareh Cheikhats : Transformant la tradition au Maroc<\/a><\/li>\n<\/ul>\n<\/div>\n<p><\/body><br \/>\n<\/html><\/p>\n","protected":false},"excerpt":{"rendered":"<p>Mehdi Bensaid discute de l&#8217;opportunit\u00e9 historique pour le Maroc en tant qu&#8217;h\u00f4te de la Coupe du monde 2030. Promouvoir notre nation sur la sc\u00e8ne internationale.<\/p>\n","protected":false},"author":1,"featured_media":3617,"comment_status":"closed","ping_status":"open","sticky":false,"template":"","format":"standard","meta":{"_yoast_wpseo_focuskw":"Maroc Coupe du monde 2030","_yoast_wpseo_title":"Mehdi Bensaid: Le Maroc et la Coupe du monde 2030 - Une oppo","_yoast_wpseo_metadesc":"Mehdi Bensaid discute de l'opportunit\u00e9 historique pour le Maroc en tant qu'h\u00f4te de la Coupe du monde 2030. Promouvoir notre nation sur la sc\u00e8ne internationale.","_yoast_wpseo_canonical":"","_yoast_wpseo_opengraph-title":"Mehdi Bensaid: Le Maroc et la Coupe du monde 2030 - Une opportunit\u00e9 historique pour notre nation","_yoast_wpseo_opengraph-description":"Mehdi Bensaid discute de l'opportunit\u00e9 historique pour le Maroc en tant qu'h\u00f4te de la Coupe du monde 2030. Promouvoir notre nation sur la sc\u00e8ne internationale.","_yoast_wpseo_opengraph-image":"","tdm_status":"","tdm_grid_status":"","footnotes":""},"categories":[651],"tags":[45,2085,2399,1199,1548],"class_list":["post-3618","post","type-post","status-publish","format-standard","has-post-thumbnail","hentry","category-ramadan-iftar","tag-culture-tunisienne","tag-accords-algerie-maroc","tag-africa-football","tag-evenement-mondial","tag-sports-events"],"yoast_head":"<!-- This site is optimized with the Yoast SEO plugin v27.4 - https:\/\/yoast.com\/product\/yoast-seo-wordpress\/ -->\n<title>Mehdi Bensaid: Le Maroc et la Coupe du monde 2030 - Une oppo<\/title>\n<meta name=\"description\" content=\"Mehdi Bensaid discute de l&#039;opportunit\u00e9 historique pour le Maroc en tant qu&#039;h\u00f4te de la Coupe du monde 2030. Promouvoir notre nation sur la sc\u00e8ne internationale.\" \/>\n<meta name=\"robots\" content=\"index, follow, max-snippet:-1, max-image-preview:large, max-video-preview:-1\" \/>\n<link rel=\"canonical\" href=\"https:\/\/monmaghreb.com\/index.php\/2026\/04\/28\/mehdi-bensaid-le-maroc-et-la-coupe-du-monde-2030-une-opportunite-historique-pour-notre-nation\/\" \/>\n<meta property=\"og:locale\" content=\"en_US\" \/>\n<meta property=\"og:type\" content=\"article\" \/>\n<meta property=\"og:title\" content=\"Mehdi Bensaid: Le Maroc et la Coupe du monde 2030 - Une opportunit\u00e9 historique pour notre nation\" \/>\n<meta property=\"og:description\" content=\"Mehdi Bensaid discute de l&#039;opportunit\u00e9 historique pour le Maroc en tant qu&#039;h\u00f4te de la Coupe du monde 2030. Promouvoir notre nation sur la sc\u00e8ne internationale.\" \/>\n<meta property=\"og:url\" content=\"https:\/\/monmaghreb.com\/index.php\/2026\/04\/28\/mehdi-bensaid-le-maroc-et-la-coupe-du-monde-2030-une-opportunite-historique-pour-notre-nation\/\" \/>\n<meta property=\"og:site_name\" content=\"Mon Maghreb\" \/>\n<meta property=\"article:author\" content=\"https:\/\/www.facebook.com\/monmaghrebcom\" \/>\n<meta property=\"article:published_time\" content=\"2026-04-28T15:28:16+00:00\" \/>\n<meta property=\"article:modified_time\" content=\"2026-04-28T15:28:21+00:00\" \/>\n<meta property=\"og:image\" content=\"https:\/\/monmaghreb.com\/wp-content\/uploads\/2026\/04\/featured-431.jpg\" \/>\n\t<meta property=\"og:image:width\" content=\"1880\" \/>\n\t<meta property=\"og:image:height\" content=\"1253\" \/>\n\t<meta property=\"og:image:type\" content=\"image\/jpeg\" \/>\n<meta name=\"author\" content=\"LaMagh\" \/>\n<meta name=\"twitter:card\" content=\"summary_large_image\" \/>\n<meta name=\"twitter:creator\" content=\"@MMaghreb50977\" \/>\n<meta name=\"twitter:label1\" content=\"Written by\" \/>\n\t<meta name=\"twitter:data1\" content=\"LaMagh\" \/>\n\t<meta name=\"twitter:label2\" content=\"Est. reading time\" \/>\n\t<meta name=\"twitter:data2\" content=\"4 minutes\" \/>\n<script type=\"application\/ld+json\" class=\"yoast-schema-graph\">{\"@context\":\"https:\\\/\\\/schema.org\",\"@graph\":[{\"@type\":\"Article\",\"@id\":\"https:\\\/\\\/monmaghreb.com\\\/index.php\\\/2026\\\/04\\\/28\\\/mehdi-bensaid-le-maroc-et-la-coupe-du-monde-2030-une-opportunite-historique-pour-notre-nation\\\/#article\",\"isPartOf\":{\"@id\":\"https:\\\/\\\/monmaghreb.com\\\/index.php\\\/2026\\\/04\\\/28\\\/mehdi-bensaid-le-maroc-et-la-coupe-du-monde-2030-une-opportunite-historique-pour-notre-nation\\\/\"},\"author\":{\"name\":\"LaMagh\",\"@id\":\"http:\\\/\\\/monmaghreb.com\\\/#\\\/schema\\\/person\\\/c469a89dc8c6b8987dcb438b1200d054\"},\"headline\":\"Mehdi Bensaid: Le Maroc et la Coupe du monde 2030 &#8211; Une opportunit\u00e9 historique pour notre nation\",\"datePublished\":\"2026-04-28T15:28:16+00:00\",\"dateModified\":\"2026-04-28T15:28:21+00:00\",\"mainEntityOfPage\":{\"@id\":\"https:\\\/\\\/monmaghreb.com\\\/index.php\\\/2026\\\/04\\\/28\\\/mehdi-bensaid-le-maroc-et-la-coupe-du-monde-2030-une-opportunite-historique-pour-notre-nation\\\/\"},\"wordCount\":915,\"publisher\":{\"@id\":\"http:\\\/\\\/monmaghreb.com\\\/#organization\"},\"image\":{\"@id\":\"https:\\\/\\\/monmaghreb.com\\\/index.php\\\/2026\\\/04\\\/28\\\/mehdi-bensaid-le-maroc-et-la-coupe-du-monde-2030-une-opportunite-historique-pour-notre-nation\\\/#primaryimage\"},\"thumbnailUrl\":\"https:\\\/\\\/monmaghreb.com\\\/wp-content\\\/uploads\\\/2026\\\/04\\\/featured-431.jpg\",\"keywords\":[\"\\\"culture tunisienne\\\"\",\"accords alg\u00e9rie maroc\",\"africa football\",\"\u00e9v\u00e9nement mondial\",\"sports events\"],\"articleSection\":[\"Ramadan &amp; Iftar\"],\"inLanguage\":\"en-US\"},{\"@type\":\"WebPage\",\"@id\":\"https:\\\/\\\/monmaghreb.com\\\/index.php\\\/2026\\\/04\\\/28\\\/mehdi-bensaid-le-maroc-et-la-coupe-du-monde-2030-une-opportunite-historique-pour-notre-nation\\\/\",\"url\":\"https:\\\/\\\/monmaghreb.com\\\/index.php\\\/2026\\\/04\\\/28\\\/mehdi-bensaid-le-maroc-et-la-coupe-du-monde-2030-une-opportunite-historique-pour-notre-nation\\\/\",\"name\":\"Mehdi Bensaid: Le Maroc et la Coupe du monde 2030 - Une oppo\",\"isPartOf\":{\"@id\":\"http:\\\/\\\/monmaghreb.com\\\/#website\"},\"primaryImageOfPage\":{\"@id\":\"https:\\\/\\\/monmaghreb.com\\\/index.php\\\/2026\\\/04\\\/28\\\/mehdi-bensaid-le-maroc-et-la-coupe-du-monde-2030-une-opportunite-historique-pour-notre-nation\\\/#primaryimage\"},\"image\":{\"@id\":\"https:\\\/\\\/monmaghreb.com\\\/index.php\\\/2026\\\/04\\\/28\\\/mehdi-bensaid-le-maroc-et-la-coupe-du-monde-2030-une-opportunite-historique-pour-notre-nation\\\/#primaryimage\"},\"thumbnailUrl\":\"https:\\\/\\\/monmaghreb.com\\\/wp-content\\\/uploads\\\/2026\\\/04\\\/featured-431.jpg\",\"datePublished\":\"2026-04-28T15:28:16+00:00\",\"dateModified\":\"2026-04-28T15:28:21+00:00\",\"description\":\"Mehdi Bensaid discute de l'opportunit\u00e9 historique pour le Maroc en tant qu'h\u00f4te de la Coupe du monde 2030. Promouvoir notre nation sur la sc\u00e8ne internationale.\",\"breadcrumb\":{\"@id\":\"https:\\\/\\\/monmaghreb.com\\\/index.php\\\/2026\\\/04\\\/28\\\/mehdi-bensaid-le-maroc-et-la-coupe-du-monde-2030-une-opportunite-historique-pour-notre-nation\\\/#breadcrumb\"},\"inLanguage\":\"en-US\",\"potentialAction\":[{\"@type\":\"ReadAction\",\"target\":[\"https:\\\/\\\/monmaghreb.com\\\/index.php\\\/2026\\\/04\\\/28\\\/mehdi-bensaid-le-maroc-et-la-coupe-du-monde-2030-une-opportunite-historique-pour-notre-nation\\\/\"]}]},{\"@type\":\"ImageObject\",\"inLanguage\":\"en-US\",\"@id\":\"https:\\\/\\\/monmaghreb.com\\\/index.php\\\/2026\\\/04\\\/28\\\/mehdi-bensaid-le-maroc-et-la-coupe-du-monde-2030-une-opportunite-historique-pour-notre-nation\\\/#primaryimage\",\"url\":\"https:\\\/\\\/monmaghreb.com\\\/wp-content\\\/uploads\\\/2026\\\/04\\\/featured-431.jpg\",\"contentUrl\":\"https:\\\/\\\/monmaghreb.com\\\/wp-content\\\/uploads\\\/2026\\\/04\\\/featured-431.jpg\",\"width\":1880,\"height\":1253,\"caption\":\"Mehdi Bensaid discutant devant une foule, avec le logo de la Coupe du monde 2030 au Maroc dans le fond\"},{\"@type\":\"BreadcrumbList\",\"@id\":\"https:\\\/\\\/monmaghreb.com\\\/index.php\\\/2026\\\/04\\\/28\\\/mehdi-bensaid-le-maroc-et-la-coupe-du-monde-2030-une-opportunite-historique-pour-notre-nation\\\/#breadcrumb\",\"itemListElement\":[{\"@type\":\"ListItem\",\"position\":1,\"name\":\"Home\",\"item\":\"http:\\\/\\\/monmaghreb.com\\\/\"},{\"@type\":\"ListItem\",\"position\":2,\"name\":\"Mehdi Bensaid: Le Maroc et la Coupe du monde 2030 &#8211; Une opportunit\u00e9 historique pour notre nation\"}]},{\"@type\":\"WebSite\",\"@id\":\"http:\\\/\\\/monmaghreb.com\\\/#website\",\"url\":\"http:\\\/\\\/monmaghreb.com\\\/\",\"name\":\"Mon Maghreb\",\"description\":\"MonMaghreb United\",\"publisher\":{\"@id\":\"http:\\\/\\\/monmaghreb.com\\\/#organization\"},\"alternateName\":\"Le Monde du Maghreb et au del\u00e0\",\"potentialAction\":[{\"@type\":\"SearchAction\",\"target\":{\"@type\":\"EntryPoint\",\"urlTemplate\":\"http:\\\/\\\/monmaghreb.com\\\/?s={search_term_string}\"},\"query-input\":{\"@type\":\"PropertyValueSpecification\",\"valueRequired\":true,\"valueName\":\"search_term_string\"}}],\"inLanguage\":\"en-US\"},{\"@type\":\"Organization\",\"@id\":\"http:\\\/\\\/monmaghreb.com\\\/#organization\",\"name\":\"Mon Maghreb\",\"url\":\"http:\\\/\\\/monmaghreb.com\\\/\",\"logo\":{\"@type\":\"ImageObject\",\"inLanguage\":\"en-US\",\"@id\":\"http:\\\/\\\/monmaghreb.com\\\/#\\\/schema\\\/logo\\\/image\\\/\",\"url\":\"https:\\\/\\\/monmaghreb.com\\\/wp-content\\\/uploads\\\/2025\\\/12\\\/Mon_Maghreb_Logo.jpg\",\"contentUrl\":\"https:\\\/\\\/monmaghreb.com\\\/wp-content\\\/uploads\\\/2025\\\/12\\\/Mon_Maghreb_Logo.jpg\",\"width\":814,\"height\":374,\"caption\":\"Mon Maghreb\"},\"image\":{\"@id\":\"http:\\\/\\\/monmaghreb.com\\\/#\\\/schema\\\/logo\\\/image\\\/\"}},{\"@type\":\"Person\",\"@id\":\"http:\\\/\\\/monmaghreb.com\\\/#\\\/schema\\\/person\\\/c469a89dc8c6b8987dcb438b1200d054\",\"name\":\"LaMagh\",\"image\":{\"@type\":\"ImageObject\",\"inLanguage\":\"en-US\",\"@id\":\"https:\\\/\\\/secure.gravatar.com\\\/avatar\\\/399d8144bd55fba55e056779aca52fe528bac7911f6449e54d81173d6dfd7f0a?s=96&d=mm&r=g\",\"url\":\"https:\\\/\\\/secure.gravatar.com\\\/avatar\\\/399d8144bd55fba55e056779aca52fe528bac7911f6449e54d81173d6dfd7f0a?s=96&d=mm&r=g\",\"contentUrl\":\"https:\\\/\\\/secure.gravatar.com\\\/avatar\\\/399d8144bd55fba55e056779aca52fe528bac7911f6449e54d81173d6dfd7f0a?s=96&d=mm&r=g\",\"caption\":\"LaMagh\"},\"sameAs\":[\"https:\\\/\\\/monmaghreb.com\",\"https:\\\/\\\/www.facebook.com\\\/monmaghrebcom\",\"https:\\\/\\\/x.com\\\/MMaghreb50977\"],\"url\":\"https:\\\/\\\/monmaghreb.com\\\/index.php\\\/author\\\/lamagh\\\/\"}]}<\/script>\n<!-- \/ Yoast SEO plugin. -->","yoast_head_json":{"title":"Mehdi Bensaid: Le Maroc et la Coupe du monde 2030 - Une oppo","description":"Mehdi Bensaid discute de l'opportunit\u00e9 historique pour le Maroc en tant qu'h\u00f4te de la Coupe du monde 2030. Promouvoir notre nation sur la sc\u00e8ne internationale.","robots":{"index":"index","follow":"follow","max-snippet":"max-snippet:-1","max-image-preview":"max-image-preview:large","max-video-preview":"max-video-preview:-1"},"canonical":"https:\/\/monmaghreb.com\/index.php\/2026\/04\/28\/mehdi-bensaid-le-maroc-et-la-coupe-du-monde-2030-une-opportunite-historique-pour-notre-nation\/","og_locale":"en_US","og_type":"article","og_title":"Mehdi Bensaid: Le Maroc et la Coupe du monde 2030 - Une opportunit\u00e9 historique pour notre nation","og_description":"Mehdi Bensaid discute de l'opportunit\u00e9 historique pour le Maroc en tant qu'h\u00f4te de la Coupe du monde 2030. Promouvoir notre nation sur la sc\u00e8ne internationale.","og_url":"https:\/\/monmaghreb.com\/index.php\/2026\/04\/28\/mehdi-bensaid-le-maroc-et-la-coupe-du-monde-2030-une-opportunite-historique-pour-notre-nation\/","og_site_name":"Mon Maghreb","article_author":"https:\/\/www.facebook.com\/monmaghrebcom","article_published_time":"2026-04-28T15:28:16+00:00","article_modified_time":"2026-04-28T15:28:21+00:00","og_image":[{"width":1880,"height":1253,"url":"https:\/\/monmaghreb.com\/wp-content\/uploads\/2026\/04\/featured-431.jpg","type":"image\/jpeg"}],"author":"LaMagh","twitter_card":"summary_large_image","twitter_creator":"@MMaghreb50977","twitter_misc":{"Written by":"LaMagh","Est. reading time":"4 minutes"},"schema":{"@context":"https:\/\/schema.org","@graph":[{"@type":"Article","@id":"https:\/\/monmaghreb.com\/index.php\/2026\/04\/28\/mehdi-bensaid-le-maroc-et-la-coupe-du-monde-2030-une-opportunite-historique-pour-notre-nation\/#article","isPartOf":{"@id":"https:\/\/monmaghreb.com\/index.php\/2026\/04\/28\/mehdi-bensaid-le-maroc-et-la-coupe-du-monde-2030-une-opportunite-historique-pour-notre-nation\/"},"author":{"name":"LaMagh","@id":"http:\/\/monmaghreb.com\/#\/schema\/person\/c469a89dc8c6b8987dcb438b1200d054"},"headline":"Mehdi Bensaid: Le Maroc et la Coupe du monde 2030 &#8211; Une opportunit\u00e9 historique pour notre nation","datePublished":"2026-04-28T15:28:16+00:00","dateModified":"2026-04-28T15:28:21+00:00","mainEntityOfPage":{"@id":"https:\/\/monmaghreb.com\/index.php\/2026\/04\/28\/mehdi-bensaid-le-maroc-et-la-coupe-du-monde-2030-une-opportunite-historique-pour-notre-nation\/"},"wordCount":915,"publisher":{"@id":"http:\/\/monmaghreb.com\/#organization"},"image":{"@id":"https:\/\/monmaghreb.com\/index.php\/2026\/04\/28\/mehdi-bensaid-le-maroc-et-la-coupe-du-monde-2030-une-opportunite-historique-pour-notre-nation\/#primaryimage"},"thumbnailUrl":"https:\/\/monmaghreb.com\/wp-content\/uploads\/2026\/04\/featured-431.jpg","keywords":["\"culture tunisienne\"","accords alg\u00e9rie maroc","africa football","\u00e9v\u00e9nement mondial","sports events"],"articleSection":["Ramadan &amp; Iftar"],"inLanguage":"en-US"},{"@type":"WebPage","@id":"https:\/\/monmaghreb.com\/index.php\/2026\/04\/28\/mehdi-bensaid-le-maroc-et-la-coupe-du-monde-2030-une-opportunite-historique-pour-notre-nation\/","url":"https:\/\/monmaghreb.com\/index.php\/2026\/04\/28\/mehdi-bensaid-le-maroc-et-la-coupe-du-monde-2030-une-opportunite-historique-pour-notre-nation\/","name":"Mehdi Bensaid: Le Maroc et la Coupe du monde 2030 - Une oppo","isPartOf":{"@id":"http:\/\/monmaghreb.com\/#website"},"primaryImageOfPage":{"@id":"https:\/\/monmaghreb.com\/index.php\/2026\/04\/28\/mehdi-bensaid-le-maroc-et-la-coupe-du-monde-2030-une-opportunite-historique-pour-notre-nation\/#primaryimage"},"image":{"@id":"https:\/\/monmaghreb.com\/index.php\/2026\/04\/28\/mehdi-bensaid-le-maroc-et-la-coupe-du-monde-2030-une-opportunite-historique-pour-notre-nation\/#primaryimage"},"thumbnailUrl":"https:\/\/monmaghreb.com\/wp-content\/uploads\/2026\/04\/featured-431.jpg","datePublished":"2026-04-28T15:28:16+00:00","dateModified":"2026-04-28T15:28:21+00:00","description":"Mehdi Bensaid discute de l'opportunit\u00e9 historique pour le Maroc en tant qu'h\u00f4te de la Coupe du monde 2030. Promouvoir notre nation sur la sc\u00e8ne internationale.","breadcrumb":{"@id":"https:\/\/monmaghreb.com\/index.php\/2026\/04\/28\/mehdi-bensaid-le-maroc-et-la-coupe-du-monde-2030-une-opportunite-historique-pour-notre-nation\/#breadcrumb"},"inLanguage":"en-US","potentialAction":[{"@type":"ReadAction","target":["https:\/\/monmaghreb.com\/index.php\/2026\/04\/28\/mehdi-bensaid-le-maroc-et-la-coupe-du-monde-2030-une-opportunite-historique-pour-notre-nation\/"]}]},{"@type":"ImageObject","inLanguage":"en-US","@id":"https:\/\/monmaghreb.com\/index.php\/2026\/04\/28\/mehdi-bensaid-le-maroc-et-la-coupe-du-monde-2030-une-opportunite-historique-pour-notre-nation\/#primaryimage","url":"https:\/\/monmaghreb.com\/wp-content\/uploads\/2026\/04\/featured-431.jpg","contentUrl":"https:\/\/monmaghreb.com\/wp-content\/uploads\/2026\/04\/featured-431.jpg","width":1880,"height":1253,"caption":"Mehdi Bensaid discutant devant une foule, avec le logo de la Coupe du monde 2030 au Maroc dans le fond"},{"@type":"BreadcrumbList","@id":"https:\/\/monmaghreb.com\/index.php\/2026\/04\/28\/mehdi-bensaid-le-maroc-et-la-coupe-du-monde-2030-une-opportunite-historique-pour-notre-nation\/#breadcrumb","itemListElement":[{"@type":"ListItem","position":1,"name":"Home","item":"http:\/\/monmaghreb.com\/"},{"@type":"ListItem","position":2,"name":"Mehdi Bensaid: Le Maroc et la Coupe du monde 2030 &#8211; Une opportunit\u00e9 historique pour notre nation"}]},{"@type":"WebSite","@id":"http:\/\/monmaghreb.com\/#website","url":"http:\/\/monmaghreb.com\/","name":"Mon Maghreb","description":"MonMaghreb United","publisher":{"@id":"http:\/\/monmaghreb.com\/#organization"},"alternateName":"Le Monde du Maghreb et au del\u00e0","potentialAction":[{"@type":"SearchAction","target":{"@type":"EntryPoint","urlTemplate":"http:\/\/monmaghreb.com\/?s={search_term_string}"},"query-input":{"@type":"PropertyValueSpecification","valueRequired":true,"valueName":"search_term_string"}}],"inLanguage":"en-US"},{"@type":"Organization","@id":"http:\/\/monmaghreb.com\/#organization","name":"Mon Maghreb","url":"http:\/\/monmaghreb.com\/","logo":{"@type":"ImageObject","inLanguage":"en-US","@id":"http:\/\/monmaghreb.com\/#\/schema\/logo\/image\/","url":"https:\/\/monmaghreb.com\/wp-content\/uploads\/2025\/12\/Mon_Maghreb_Logo.jpg","contentUrl":"https:\/\/monmaghreb.com\/wp-content\/uploads\/2025\/12\/Mon_Maghreb_Logo.jpg","width":814,"height":374,"caption":"Mon Maghreb"},"image":{"@id":"http:\/\/monmaghreb.com\/#\/schema\/logo\/image\/"}},{"@type":"Person","@id":"http:\/\/monmaghreb.com\/#\/schema\/person\/c469a89dc8c6b8987dcb438b1200d054","name":"LaMagh","image":{"@type":"ImageObject","inLanguage":"en-US","@id":"https:\/\/secure.gravatar.com\/avatar\/399d8144bd55fba55e056779aca52fe528bac7911f6449e54d81173d6dfd7f0a?s=96&d=mm&r=g","url":"https:\/\/secure.gravatar.com\/avatar\/399d8144bd55fba55e056779aca52fe528bac7911f6449e54d81173d6dfd7f0a?s=96&d=mm&r=g","contentUrl":"https:\/\/secure.gravatar.com\/avatar\/399d8144bd55fba55e056779aca52fe528bac7911f6449e54d81173d6dfd7f0a?s=96&d=mm&r=g","caption":"LaMagh"},"sameAs":["https:\/\/monmaghreb.com","https:\/\/www.facebook.com\/monmaghrebcom","https:\/\/x.com\/MMaghreb50977"],"url":"https:\/\/monmaghreb.com\/index.php\/author\/lamagh\/"}]}},"_links":{"self":[{"href":"https:\/\/monmaghreb.com\/index.php\/wp-json\/wp\/v2\/posts\/3618","targetHints":{"allow":["GET"]}}],"collection":[{"href":"https:\/\/monmaghreb.com\/index.php\/wp-json\/wp\/v2\/posts"}],"about":[{"href":"https:\/\/monmaghreb.com\/index.php\/wp-json\/wp\/v2\/types\/post"}],"author":[{"embeddable":true,"href":"https:\/\/monmaghreb.com\/index.php\/wp-json\/wp\/v2\/users\/1"}],"replies":[{"embeddable":true,"href":"https:\/\/monmaghreb.com\/index.php\/wp-json\/wp\/v2\/comments?post=3618"}],"version-history":[{"count":1,"href":"https:\/\/monmaghreb.com\/index.php\/wp-json\/wp\/v2\/posts\/3618\/revisions"}],"predecessor-version":[{"id":3619,"href":"https:\/\/monmaghreb.com\/index.php\/wp-json\/wp\/v2\/posts\/3618\/revisions\/3619"}],"wp:featuredmedia":[{"embeddable":true,"href":"https:\/\/monmaghreb.com\/index.php\/wp-json\/wp\/v2\/media\/3617"}],"wp:attachment":[{"href":"https:\/\/monmaghreb.com\/index.php\/wp-json\/wp\/v2\/media?parent=3618"}],"wp:term":[{"taxonomy":"category","embeddable":true,"href":"https:\/\/monmaghreb.com\/index.php\/wp-json\/wp\/v2\/categories?post=3618"},{"taxonomy":"post_tag","embeddable":true,"href":"https:\/\/monmaghreb.com\/index.php\/wp-json\/wp\/v2\/tags?post=3618"}],"curies":[{"name":"wp","href":"https:\/\/api.w.org\/{rel}","templated":true}]}}