{"id":3621,"date":"2026-04-28T15:34:28","date_gmt":"2026-04-28T15:34:28","guid":{"rendered":"https:\/\/monmaghreb.com\/index.php\/2026\/04\/28\/artisanat-marocain-au-salon-retromobile-2026-quattendre\/"},"modified":"2026-04-28T15:34:33","modified_gmt":"2026-04-28T15:34:33","slug":"artisanat-marocain-au-salon-retromobile-2026-quattendre","status":"publish","type":"post","link":"https:\/\/monmaghreb.com\/index.php\/2026\/04\/28\/artisanat-marocain-au-salon-retromobile-2026-quattendre\/","title":{"rendered":"Artisanat marocain au Salon R\u00e9tromobile 2026 : qu&#8217;attendre?"},"content":{"rendered":"<p><!DOCTYPE html><br \/>\n<html lang='fr'><br \/>\n<head><br \/>\n  <meta charset='UTF-8'><br \/>\n  <title>Artisanat marocain au Salon <a href=\"https:\/\/monmaghreb.com\/index.php\/2026\/04\/25\/lartisanat-marocain-au-salon-retromobile-2026-de-paris-savoir-faire-et-eclats-de-lumieres\/\" title=\"L&#8217;artisanat marocain au Salon R\u00e9tromobile 2026 de Paris : savoir-faire et \u00e9clats de lumi\u00e8res\">R\u00e9tromobile<\/a> 2026 : qu&#8217;attendre ?<\/title><br \/>\n<\/head><br \/>\n<body><\/p>\n<h1>Artisanat marocain au Salon R\u00e9tromobile 2026 : qu&#8217;attendre ?<\/h1>\n<p>Dans le cadre de notre engagement \u00e0 promouvoir et valoriser les traditions artisannales marocaines, nous vous invitons \u00e0 d\u00e9couvrir ce que pourra offrir l&#8217;\u00e9dition 2026 du Salon R\u00e9tromobile. Les talents marocains seront en vedette dans une manifestation de luxe, d&#8217;artisanat et d&#8217;h\u00e9ritage culturel qui a attir\u00e9 plus de 130 000 visiteurs derni\u00e8re ann\u00e9e. Pour les amateurs de l&#8217;artisanat traditionnel, c&#8217;est l&#8217;occasion r\u00eav\u00e9e de d\u00e9couvrir les cr\u00e9ations les plus belles et les plus originales du Maroc.<\/p>\n<h2>La beaut\u00e9 des objets traditionnels marocains<\/h2>\n<p>Le Salon R\u00e9tromobile a toujours \u00e9t\u00e9 un \u00e9v\u00e9nement d\u00e9di\u00e9 \u00e0 la c\u00e9l\u00e9bration de l&#8217;artisanat et de la cr\u00e9ativit\u00e9, avec une attention particuli\u00e8re port\u00e9e aux traditions locales. Pour la 2026, les artisans marocains vont offrir une collection spectaculaire d&#8217;objets traditionnels tels que des tapis berb\u00e8res, des zellijs, des poteries de Fez et bien plus encore. Vous pourrez admirer la beaut\u00e9 exceptionnelle de ces pi\u00e8ces uniques, cr\u00e9\u00e9es par les mains habiles des artisans marocains.<\/p>\n<p>Les tapis berb\u00e8res, par exemple, sont des chefs-d&#8217;\u0153uvre de l&#8217;artisanat traditionnel qui r\u00e9v\u00e8lent l&#8217;incredible soie et la pr\u00e9cision du travail des tissageurs. Les zellijs, quant \u00e0 eux, sont des mosa\u00efques en c\u00e9ramique qui d\u00e9voilent les comp\u00e9tences hors pair des potiers de Fez. Et les poteries de Fez ? Elles sont des \u0153uvres d&#8217;art exceptionnelles qui fusionnent la beaut\u00e9 et la fonctionnalit\u00e9.<\/p>\n<h2>Le savoir-faire et la passion marocaine<\/h2>\n<p>Les artisans marocains sont connus pour leur savoir-faire exceptionnel et leur passion pour leur travail. Leur habilet\u00e9 \u00e0 travailler avec divers mat\u00e9riaux, comme l&#8217;or, le cuivre, la pierre, le bois et la laine, ainsi que leur sens de l&#8217;harmonie et du d\u00e9tail rendent leurs \u0153uvres uniques et irr\u00e9prochables.<\/p>\n<p>C&#8217;est pourquoi, lorsqu&#8217;on rencontre un artisan marocain, on se sent imm\u00e9diatement attir\u00e9 par sa passion et son enthousiasme pour son travail. Ils ont une foi profonde dans leur m\u00e9tier et sont pr\u00eats \u00e0 partager leurs connaissances avec les autres.<\/p>\n<h2>Les artisans en vedette<\/h2>\n<p>Plusieurs artisans marocains illustres seront pr\u00e9sents au Salon R\u00e9tromobile pour pr\u00e9senter leur travail. Vous pourrez rencontrer des tissageurs berb\u00e8res, des potiers de Fez, des ma\u00eetres zellij et bien d&#8217;autres. N&#8217;h\u00e9sitez pas \u00e0 prendre le temps de parler avec eux et de d\u00e9couvrir leur histoire.<\/p>\n<p>Vous pourrez ainsi apprendre comment les artisans marocains ont pr\u00e9serv\u00e9 leurs traditions et Comment ils ont r\u00e9ussi \u00e0 les mettre en valeur au fil des ans. Vous pourrez \u00e9galement partager votre propre passion pour l&#8217;artisanat traditionnel avec ces artistes exceptionnels.<\/p>\n<h2>Les ateliers pratiques<\/h2>\n<p>Le Salon R\u00e9tromobile propose \u00e9galement des ateliers pratiques o\u00f9 vous pourrez apprendre les techniques d&#8217;artisanat marocain en premier plan. De la broderie \u00e0 la c\u00e9ramique, vous pouvez exp\u00e9rimenter pour vous-m\u00eame ce qu&#8217;est l&#8217;artisanat marocain et prendre un souvenir unique de votre exp\u00e9rience.<\/p>\n<p>Ces ateliers sont la chance pour les amateurs de l&#8217;artisanat traditionnel de se sentir comme des artisans eux-m\u00eames. Vous pouvez ainsi d\u00e9couvrir vos propres talents cr\u00e9atifs et apprendre \u00e0 cr\u00e9er des objets uniques et personnalis\u00e9s.<\/p>\n<h2>Appel \u00e0 l&#8217;action<\/h2>\n<p>Nous vous invitons donc \u00e0 faire partie du Salon R\u00e9tromobile 2026 et \u00e0 d\u00e9couvrir les talents exceptionnels des artisans marocains. N&#8217;h\u00e9sitez pas \u00e0 partager votre passion pour l&#8217;artisanat marocain avec vos amis, famille et communaut\u00e9, pour soutenir notre industrie et son rayonnement international.<\/p>\n<div style=\"background:#f8f9fa;border-left:4px solid #0066cc;border-radius:6px;padding:20px 24px;margin:32px 0;\">\n<p style=\"font-size:13px;color:#888;text-transform:uppercase;letter-spacing:0.8px;margin:0 0 6px 0;\">Vous pourriez aussi aimer<\/p>\n<h3 style=\"font-size:18px;margin:0 0 14px 0;color:#222;\">Articles similaires<\/h3>\n<ul style=\"margin:0;padding-left:20px;list-style:disc;\">\n<li style=\"margin-bottom:10px;\"><a href=\"https:\/\/monmaghreb.com\/index.php\/2026\/04\/25\/lartisanat-marocain-au-salon-retromobile-2026-de-paris-savoir-faire-et-eclats-de-lumieres\/\" style=\"color:#0066cc;text-decoration:none;font-weight:500;\" title=\"L&#8217;artisanat marocain au Salon R\u00e9tromobile 2026 de Paris : savoir-faire et \u00e9clats de lumi\u00e8res\">L&#8217;artisanat marocain au Salon R\u00e9tromobile 2026 de Paris : savoir-faire et \u00e9clats de lumi\u00e8res<\/a><\/li>\n<li style=\"margin-bottom:10px;\"><a href=\"https:\/\/monmaghreb.com\/index.php\/2026\/04\/27\/la-boutique-dartisanat-marocain-de-cherbourg-en-cotentin-une-porte-ouverte-vers-le-maghreb\/\" style=\"color:#0066cc;text-decoration:none;font-weight:500;\" title=\"La boutique d&#8217;artisanat marocain de Cherbourg-en-Cotentin : une porte ouverte vers le Maghreb\">La boutique d&#8217;artisanat marocain de Cherbourg-en-Cotentin : une porte ouverte vers le Maghreb<\/a><\/li>\n<li style=\"margin-bottom:10px;\"><a href=\"https:\/\/monmaghreb.com\/index.php\/2026\/04\/25\/nouvelle-boutique-dartisanat-marocain-ouvre-a-cherbourg-en-cotentin-entre-tradition-et-modernite\/\" style=\"color:#0066cc;text-decoration:none;font-weight:500;\" title=\"Nouvelle boutique d&#8217;artisanat marocain ouvre \u00e0 Cherbourg-en-Cotentin : entre tradition et modernit\u00e9\">Nouvelle boutique d&#8217;artisanat marocain ouvre \u00e0 Cherbourg-en-Cotentin : entre tradition et modernit\u00e9<\/a><\/li>\n<li style=\"margin-bottom:10px;\"><a href=\"https:\/\/monmaghreb.com\/index.php\/2026\/04\/27\/le-ministre-de-la-culture-marocain-medhi-bensaid-et-la-coupe-du-monde-2030-une-opportunite-pour-montrer-le-royaume-aux-yeux-du-monde\/\" style=\"color:#0066cc;text-decoration:none;font-weight:500;\" title=\"Le ministre de la Culture marocain Medhi Bensaid et la Coupe du monde 2030 : une opportunit\u00e9 pour montrer le royaume aux yeux du monde\">Le ministre de la Culture marocain Medhi Bensaid et la Coupe du monde 2030 : une opportunit\u00e9 pour montrer le royaume aux yeux du monde<\/a><\/li>\n<li style=\"margin-bottom:10px;\"><a href=\"https:\/\/monmaghreb.com\/index.php\/2026\/04\/25\/lartisanat-tunisien-brille-a-tokyo-au-salon-interior-lifestyle-2025-un-succes-culturel-et-economique-pour-notre-pays\/\" style=\"color:#0066cc;text-decoration:none;font-weight:500;\" title=\"L&#8217;artisanat tunisien brille \u00e0 Tokyo au salon Interior Lifestyle 2025 : un succ\u00e8s culturel et \u00e9conomique pour notre pays\">L&#8217;artisanat tunisien brille \u00e0 Tokyo au salon Interior Lifestyle 2025 : un succ\u00e8s culturel et \u00e9conomique pour notre pays<\/a><\/li>\n<\/ul>\n<\/div>\n<p><\/body><br \/>\n<\/html><\/p>\n","protected":false},"excerpt":{"rendered":"<p>D\u00e9couvrez les talents marocains au Salon R\u00e9tromobile 2026 : luxe, artisanat et h\u00e9ritage culturel attendu par plus de 130 000 visiteurs.<\/p>\n","protected":false},"author":1,"featured_media":3620,"comment_status":"closed","ping_status":"open","sticky":false,"template":"","format":"standard","meta":{"_yoast_wpseo_focuskw":"marocain artisanat salon retromobile","_yoast_wpseo_title":"Artisanat marocain au Salon R\u00e9tromobile 2026 : qu'attendre?","_yoast_wpseo_metadesc":"D\u00e9couvrez les talents marocains au Salon R\u00e9tromobile 2026 : luxe, artisanat et h\u00e9ritage culturel attendu par plus de 130 000 visiteurs.","_yoast_wpseo_canonical":"","_yoast_wpseo_opengraph-title":"Artisanat marocain au Salon R\u00e9tromobile 2026 : qu'attendre?","_yoast_wpseo_opengraph-description":"D\u00e9couvrez les talents marocains au Salon R\u00e9tromobile 2026 : luxe, artisanat et h\u00e9ritage culturel attendu par plus de 130 000 visiteurs.","_yoast_wpseo_opengraph-image":"","tdm_status":"","tdm_grid_status":"","footnotes":""},"categories":[655],"tags":[45,1497,573,1092,622],"class_list":["post-3621","post","type-post","status-publish","format-standard","has-post-thumbnail","hentry","category-maroc","tag-culture-tunisienne","tag-affaires-marocaines","tag-artisanat-berbere","tag-luxury-experience","tag-salon-retromobile"],"yoast_head":"<!-- This site is optimized with the Yoast SEO plugin v27.4 - https:\/\/yoast.com\/product\/yoast-seo-wordpress\/ -->\n<title>Artisanat marocain au Salon R\u00e9tromobile 2026 : qu&#039;attendre?<\/title>\n<meta name=\"description\" content=\"D\u00e9couvrez les talents marocains au Salon R\u00e9tromobile 2026 : luxe, artisanat et h\u00e9ritage culturel attendu par plus de 130 000 visiteurs.\" \/>\n<meta name=\"robots\" content=\"index, follow, max-snippet:-1, max-image-preview:large, max-video-preview:-1\" \/>\n<link rel=\"canonical\" href=\"https:\/\/monmaghreb.com\/index.php\/2026\/04\/28\/artisanat-marocain-au-salon-retromobile-2026-quattendre\/\" \/>\n<meta property=\"og:locale\" content=\"en_US\" \/>\n<meta property=\"og:type\" content=\"article\" \/>\n<meta property=\"og:title\" content=\"Artisanat marocain au Salon R\u00e9tromobile 2026 : qu&#039;attendre?\" \/>\n<meta property=\"og:description\" content=\"D\u00e9couvrez les talents marocains au Salon R\u00e9tromobile 2026 : luxe, artisanat et h\u00e9ritage culturel attendu par plus de 130 000 visiteurs.\" \/>\n<meta property=\"og:url\" content=\"https:\/\/monmaghreb.com\/index.php\/2026\/04\/28\/artisanat-marocain-au-salon-retromobile-2026-quattendre\/\" \/>\n<meta property=\"og:site_name\" content=\"Mon Maghreb\" \/>\n<meta property=\"article:author\" content=\"https:\/\/www.facebook.com\/monmaghrebcom\" \/>\n<meta property=\"article:published_time\" content=\"2026-04-28T15:34:28+00:00\" \/>\n<meta property=\"article:modified_time\" content=\"2026-04-28T15:34:33+00:00\" \/>\n<meta property=\"og:image\" content=\"https:\/\/monmaghreb.com\/wp-content\/uploads\/2026\/04\/featured-432.jpg\" \/>\n\t<meta property=\"og:image:width\" content=\"1880\" \/>\n\t<meta property=\"og:image:height\" content=\"1253\" \/>\n\t<meta property=\"og:image:type\" content=\"image\/jpeg\" \/>\n<meta name=\"author\" content=\"LaMagh\" \/>\n<meta name=\"twitter:card\" content=\"summary_large_image\" \/>\n<meta name=\"twitter:creator\" content=\"@MMaghreb50977\" \/>\n<meta name=\"twitter:label1\" content=\"Written by\" \/>\n\t<meta name=\"twitter:data1\" content=\"LaMagh\" \/>\n\t<meta name=\"twitter:label2\" content=\"Est. reading time\" \/>\n\t<meta name=\"twitter:data2\" content=\"3 minutes\" \/>\n<script type=\"application\/ld+json\" class=\"yoast-schema-graph\">{\"@context\":\"https:\\\/\\\/schema.org\",\"@graph\":[{\"@type\":\"Article\",\"@id\":\"https:\\\/\\\/monmaghreb.com\\\/index.php\\\/2026\\\/04\\\/28\\\/artisanat-marocain-au-salon-retromobile-2026-quattendre\\\/#article\",\"isPartOf\":{\"@id\":\"https:\\\/\\\/monmaghreb.com\\\/index.php\\\/2026\\\/04\\\/28\\\/artisanat-marocain-au-salon-retromobile-2026-quattendre\\\/\"},\"author\":{\"name\":\"LaMagh\",\"@id\":\"http:\\\/\\\/monmaghreb.com\\\/#\\\/schema\\\/person\\\/c469a89dc8c6b8987dcb438b1200d054\"},\"headline\":\"Artisanat marocain au Salon R\u00e9tromobile 2026 : qu&#8217;attendre?\",\"datePublished\":\"2026-04-28T15:34:28+00:00\",\"dateModified\":\"2026-04-28T15:34:33+00:00\",\"mainEntityOfPage\":{\"@id\":\"https:\\\/\\\/monmaghreb.com\\\/index.php\\\/2026\\\/04\\\/28\\\/artisanat-marocain-au-salon-retromobile-2026-quattendre\\\/\"},\"wordCount\":693,\"publisher\":{\"@id\":\"http:\\\/\\\/monmaghreb.com\\\/#organization\"},\"image\":{\"@id\":\"https:\\\/\\\/monmaghreb.com\\\/index.php\\\/2026\\\/04\\\/28\\\/artisanat-marocain-au-salon-retromobile-2026-quattendre\\\/#primaryimage\"},\"thumbnailUrl\":\"https:\\\/\\\/monmaghreb.com\\\/wp-content\\\/uploads\\\/2026\\\/04\\\/featured-432.jpg\",\"keywords\":[\"\\\"culture tunisienne\\\"\",\"affaires marocaines\",\"artisanat berb\u00e8re\",\"luxury experience\",\"salon retromobile\"],\"articleSection\":[\"Maroc\"],\"inLanguage\":\"en-US\"},{\"@type\":\"WebPage\",\"@id\":\"https:\\\/\\\/monmaghreb.com\\\/index.php\\\/2026\\\/04\\\/28\\\/artisanat-marocain-au-salon-retromobile-2026-quattendre\\\/\",\"url\":\"https:\\\/\\\/monmaghreb.com\\\/index.php\\\/2026\\\/04\\\/28\\\/artisanat-marocain-au-salon-retromobile-2026-quattendre\\\/\",\"name\":\"Artisanat marocain au Salon R\u00e9tromobile 2026 : qu'attendre?\",\"isPartOf\":{\"@id\":\"http:\\\/\\\/monmaghreb.com\\\/#website\"},\"primaryImageOfPage\":{\"@id\":\"https:\\\/\\\/monmaghreb.com\\\/index.php\\\/2026\\\/04\\\/28\\\/artisanat-marocain-au-salon-retromobile-2026-quattendre\\\/#primaryimage\"},\"image\":{\"@id\":\"https:\\\/\\\/monmaghreb.com\\\/index.php\\\/2026\\\/04\\\/28\\\/artisanat-marocain-au-salon-retromobile-2026-quattendre\\\/#primaryimage\"},\"thumbnailUrl\":\"https:\\\/\\\/monmaghreb.com\\\/wp-content\\\/uploads\\\/2026\\\/04\\\/featured-432.jpg\",\"datePublished\":\"2026-04-28T15:34:28+00:00\",\"dateModified\":\"2026-04-28T15:34:33+00:00\",\"description\":\"D\u00e9couvrez les talents marocains au Salon R\u00e9tromobile 2026 : luxe, artisanat et h\u00e9ritage culturel attendu par plus de 130 000 visiteurs.\",\"breadcrumb\":{\"@id\":\"https:\\\/\\\/monmaghreb.com\\\/index.php\\\/2026\\\/04\\\/28\\\/artisanat-marocain-au-salon-retromobile-2026-quattendre\\\/#breadcrumb\"},\"inLanguage\":\"en-US\",\"potentialAction\":[{\"@type\":\"ReadAction\",\"target\":[\"https:\\\/\\\/monmaghreb.com\\\/index.php\\\/2026\\\/04\\\/28\\\/artisanat-marocain-au-salon-retromobile-2026-quattendre\\\/\"]}]},{\"@type\":\"ImageObject\",\"inLanguage\":\"en-US\",\"@id\":\"https:\\\/\\\/monmaghreb.com\\\/index.php\\\/2026\\\/04\\\/28\\\/artisanat-marocain-au-salon-retromobile-2026-quattendre\\\/#primaryimage\",\"url\":\"https:\\\/\\\/monmaghreb.com\\\/wp-content\\\/uploads\\\/2026\\\/04\\\/featured-432.jpg\",\"contentUrl\":\"https:\\\/\\\/monmaghreb.com\\\/wp-content\\\/uploads\\\/2026\\\/04\\\/featured-432.jpg\",\"width\":1880,\"height\":1253,\"caption\":\"Marocains artisans exposant leurs cr\u00e9ations au Salon R\u00e9tromobile 2026\"},{\"@type\":\"BreadcrumbList\",\"@id\":\"https:\\\/\\\/monmaghreb.com\\\/index.php\\\/2026\\\/04\\\/28\\\/artisanat-marocain-au-salon-retromobile-2026-quattendre\\\/#breadcrumb\",\"itemListElement\":[{\"@type\":\"ListItem\",\"position\":1,\"name\":\"Home\",\"item\":\"http:\\\/\\\/monmaghreb.com\\\/\"},{\"@type\":\"ListItem\",\"position\":2,\"name\":\"Artisanat marocain au Salon R\u00e9tromobile 2026 : qu&#8217;attendre?\"}]},{\"@type\":\"WebSite\",\"@id\":\"http:\\\/\\\/monmaghreb.com\\\/#website\",\"url\":\"http:\\\/\\\/monmaghreb.com\\\/\",\"name\":\"Mon Maghreb\",\"description\":\"MonMaghreb United\",\"publisher\":{\"@id\":\"http:\\\/\\\/monmaghreb.com\\\/#organization\"},\"alternateName\":\"Le Monde du Maghreb et au del\u00e0\",\"potentialAction\":[{\"@type\":\"SearchAction\",\"target\":{\"@type\":\"EntryPoint\",\"urlTemplate\":\"http:\\\/\\\/monmaghreb.com\\\/?s={search_term_string}\"},\"query-input\":{\"@type\":\"PropertyValueSpecification\",\"valueRequired\":true,\"valueName\":\"search_term_string\"}}],\"inLanguage\":\"en-US\"},{\"@type\":\"Organization\",\"@id\":\"http:\\\/\\\/monmaghreb.com\\\/#organization\",\"name\":\"Mon Maghreb\",\"url\":\"http:\\\/\\\/monmaghreb.com\\\/\",\"logo\":{\"@type\":\"ImageObject\",\"inLanguage\":\"en-US\",\"@id\":\"http:\\\/\\\/monmaghreb.com\\\/#\\\/schema\\\/logo\\\/image\\\/\",\"url\":\"https:\\\/\\\/monmaghreb.com\\\/wp-content\\\/uploads\\\/2025\\\/12\\\/Mon_Maghreb_Logo.jpg\",\"contentUrl\":\"https:\\\/\\\/monmaghreb.com\\\/wp-content\\\/uploads\\\/2025\\\/12\\\/Mon_Maghreb_Logo.jpg\",\"width\":814,\"height\":374,\"caption\":\"Mon Maghreb\"},\"image\":{\"@id\":\"http:\\\/\\\/monmaghreb.com\\\/#\\\/schema\\\/logo\\\/image\\\/\"}},{\"@type\":\"Person\",\"@id\":\"http:\\\/\\\/monmaghreb.com\\\/#\\\/schema\\\/person\\\/c469a89dc8c6b8987dcb438b1200d054\",\"name\":\"LaMagh\",\"image\":{\"@type\":\"ImageObject\",\"inLanguage\":\"en-US\",\"@id\":\"https:\\\/\\\/secure.gravatar.com\\\/avatar\\\/399d8144bd55fba55e056779aca52fe528bac7911f6449e54d81173d6dfd7f0a?s=96&d=mm&r=g\",\"url\":\"https:\\\/\\\/secure.gravatar.com\\\/avatar\\\/399d8144bd55fba55e056779aca52fe528bac7911f6449e54d81173d6dfd7f0a?s=96&d=mm&r=g\",\"contentUrl\":\"https:\\\/\\\/secure.gravatar.com\\\/avatar\\\/399d8144bd55fba55e056779aca52fe528bac7911f6449e54d81173d6dfd7f0a?s=96&d=mm&r=g\",\"caption\":\"LaMagh\"},\"sameAs\":[\"https:\\\/\\\/monmaghreb.com\",\"https:\\\/\\\/www.facebook.com\\\/monmaghrebcom\",\"https:\\\/\\\/x.com\\\/MMaghreb50977\"],\"url\":\"https:\\\/\\\/monmaghreb.com\\\/index.php\\\/author\\\/lamagh\\\/\"}]}<\/script>\n<!-- \/ Yoast SEO plugin. -->","yoast_head_json":{"title":"Artisanat marocain au Salon R\u00e9tromobile 2026 : qu'attendre?","description":"D\u00e9couvrez les talents marocains au Salon R\u00e9tromobile 2026 : luxe, artisanat et h\u00e9ritage culturel attendu par plus de 130 000 visiteurs.","robots":{"index":"index","follow":"follow","max-snippet":"max-snippet:-1","max-image-preview":"max-image-preview:large","max-video-preview":"max-video-preview:-1"},"canonical":"https:\/\/monmaghreb.com\/index.php\/2026\/04\/28\/artisanat-marocain-au-salon-retromobile-2026-quattendre\/","og_locale":"en_US","og_type":"article","og_title":"Artisanat marocain au Salon R\u00e9tromobile 2026 : qu'attendre?","og_description":"D\u00e9couvrez les talents marocains au Salon R\u00e9tromobile 2026 : luxe, artisanat et h\u00e9ritage culturel attendu par plus de 130 000 visiteurs.","og_url":"https:\/\/monmaghreb.com\/index.php\/2026\/04\/28\/artisanat-marocain-au-salon-retromobile-2026-quattendre\/","og_site_name":"Mon Maghreb","article_author":"https:\/\/www.facebook.com\/monmaghrebcom","article_published_time":"2026-04-28T15:34:28+00:00","article_modified_time":"2026-04-28T15:34:33+00:00","og_image":[{"width":1880,"height":1253,"url":"https:\/\/monmaghreb.com\/wp-content\/uploads\/2026\/04\/featured-432.jpg","type":"image\/jpeg"}],"author":"LaMagh","twitter_card":"summary_large_image","twitter_creator":"@MMaghreb50977","twitter_misc":{"Written by":"LaMagh","Est. reading time":"3 minutes"},"schema":{"@context":"https:\/\/schema.org","@graph":[{"@type":"Article","@id":"https:\/\/monmaghreb.com\/index.php\/2026\/04\/28\/artisanat-marocain-au-salon-retromobile-2026-quattendre\/#article","isPartOf":{"@id":"https:\/\/monmaghreb.com\/index.php\/2026\/04\/28\/artisanat-marocain-au-salon-retromobile-2026-quattendre\/"},"author":{"name":"LaMagh","@id":"http:\/\/monmaghreb.com\/#\/schema\/person\/c469a89dc8c6b8987dcb438b1200d054"},"headline":"Artisanat marocain au Salon R\u00e9tromobile 2026 : qu&#8217;attendre?","datePublished":"2026-04-28T15:34:28+00:00","dateModified":"2026-04-28T15:34:33+00:00","mainEntityOfPage":{"@id":"https:\/\/monmaghreb.com\/index.php\/2026\/04\/28\/artisanat-marocain-au-salon-retromobile-2026-quattendre\/"},"wordCount":693,"publisher":{"@id":"http:\/\/monmaghreb.com\/#organization"},"image":{"@id":"https:\/\/monmaghreb.com\/index.php\/2026\/04\/28\/artisanat-marocain-au-salon-retromobile-2026-quattendre\/#primaryimage"},"thumbnailUrl":"https:\/\/monmaghreb.com\/wp-content\/uploads\/2026\/04\/featured-432.jpg","keywords":["\"culture tunisienne\"","affaires marocaines","artisanat berb\u00e8re","luxury experience","salon retromobile"],"articleSection":["Maroc"],"inLanguage":"en-US"},{"@type":"WebPage","@id":"https:\/\/monmaghreb.com\/index.php\/2026\/04\/28\/artisanat-marocain-au-salon-retromobile-2026-quattendre\/","url":"https:\/\/monmaghreb.com\/index.php\/2026\/04\/28\/artisanat-marocain-au-salon-retromobile-2026-quattendre\/","name":"Artisanat marocain au Salon R\u00e9tromobile 2026 : qu'attendre?","isPartOf":{"@id":"http:\/\/monmaghreb.com\/#website"},"primaryImageOfPage":{"@id":"https:\/\/monmaghreb.com\/index.php\/2026\/04\/28\/artisanat-marocain-au-salon-retromobile-2026-quattendre\/#primaryimage"},"image":{"@id":"https:\/\/monmaghreb.com\/index.php\/2026\/04\/28\/artisanat-marocain-au-salon-retromobile-2026-quattendre\/#primaryimage"},"thumbnailUrl":"https:\/\/monmaghreb.com\/wp-content\/uploads\/2026\/04\/featured-432.jpg","datePublished":"2026-04-28T15:34:28+00:00","dateModified":"2026-04-28T15:34:33+00:00","description":"D\u00e9couvrez les talents marocains au Salon R\u00e9tromobile 2026 : luxe, artisanat et h\u00e9ritage culturel attendu par plus de 130 000 visiteurs.","breadcrumb":{"@id":"https:\/\/monmaghreb.com\/index.php\/2026\/04\/28\/artisanat-marocain-au-salon-retromobile-2026-quattendre\/#breadcrumb"},"inLanguage":"en-US","potentialAction":[{"@type":"ReadAction","target":["https:\/\/monmaghreb.com\/index.php\/2026\/04\/28\/artisanat-marocain-au-salon-retromobile-2026-quattendre\/"]}]},{"@type":"ImageObject","inLanguage":"en-US","@id":"https:\/\/monmaghreb.com\/index.php\/2026\/04\/28\/artisanat-marocain-au-salon-retromobile-2026-quattendre\/#primaryimage","url":"https:\/\/monmaghreb.com\/wp-content\/uploads\/2026\/04\/featured-432.jpg","contentUrl":"https:\/\/monmaghreb.com\/wp-content\/uploads\/2026\/04\/featured-432.jpg","width":1880,"height":1253,"caption":"Marocains artisans exposant leurs cr\u00e9ations au Salon R\u00e9tromobile 2026"},{"@type":"BreadcrumbList","@id":"https:\/\/monmaghreb.com\/index.php\/2026\/04\/28\/artisanat-marocain-au-salon-retromobile-2026-quattendre\/#breadcrumb","itemListElement":[{"@type":"ListItem","position":1,"name":"Home","item":"http:\/\/monmaghreb.com\/"},{"@type":"ListItem","position":2,"name":"Artisanat marocain au Salon R\u00e9tromobile 2026 : qu&#8217;attendre?"}]},{"@type":"WebSite","@id":"http:\/\/monmaghreb.com\/#website","url":"http:\/\/monmaghreb.com\/","name":"Mon Maghreb","description":"MonMaghreb United","publisher":{"@id":"http:\/\/monmaghreb.com\/#organization"},"alternateName":"Le Monde du Maghreb et au del\u00e0","potentialAction":[{"@type":"SearchAction","target":{"@type":"EntryPoint","urlTemplate":"http:\/\/monmaghreb.com\/?s={search_term_string}"},"query-input":{"@type":"PropertyValueSpecification","valueRequired":true,"valueName":"search_term_string"}}],"inLanguage":"en-US"},{"@type":"Organization","@id":"http:\/\/monmaghreb.com\/#organization","name":"Mon Maghreb","url":"http:\/\/monmaghreb.com\/","logo":{"@type":"ImageObject","inLanguage":"en-US","@id":"http:\/\/monmaghreb.com\/#\/schema\/logo\/image\/","url":"https:\/\/monmaghreb.com\/wp-content\/uploads\/2025\/12\/Mon_Maghreb_Logo.jpg","contentUrl":"https:\/\/monmaghreb.com\/wp-content\/uploads\/2025\/12\/Mon_Maghreb_Logo.jpg","width":814,"height":374,"caption":"Mon Maghreb"},"image":{"@id":"http:\/\/monmaghreb.com\/#\/schema\/logo\/image\/"}},{"@type":"Person","@id":"http:\/\/monmaghreb.com\/#\/schema\/person\/c469a89dc8c6b8987dcb438b1200d054","name":"LaMagh","image":{"@type":"ImageObject","inLanguage":"en-US","@id":"https:\/\/secure.gravatar.com\/avatar\/399d8144bd55fba55e056779aca52fe528bac7911f6449e54d81173d6dfd7f0a?s=96&d=mm&r=g","url":"https:\/\/secure.gravatar.com\/avatar\/399d8144bd55fba55e056779aca52fe528bac7911f6449e54d81173d6dfd7f0a?s=96&d=mm&r=g","contentUrl":"https:\/\/secure.gravatar.com\/avatar\/399d8144bd55fba55e056779aca52fe528bac7911f6449e54d81173d6dfd7f0a?s=96&d=mm&r=g","caption":"LaMagh"},"sameAs":["https:\/\/monmaghreb.com","https:\/\/www.facebook.com\/monmaghrebcom","https:\/\/x.com\/MMaghreb50977"],"url":"https:\/\/monmaghreb.com\/index.php\/author\/lamagh\/"}]}},"_links":{"self":[{"href":"https:\/\/monmaghreb.com\/index.php\/wp-json\/wp\/v2\/posts\/3621","targetHints":{"allow":["GET"]}}],"collection":[{"href":"https:\/\/monmaghreb.com\/index.php\/wp-json\/wp\/v2\/posts"}],"about":[{"href":"https:\/\/monmaghreb.com\/index.php\/wp-json\/wp\/v2\/types\/post"}],"author":[{"embeddable":true,"href":"https:\/\/monmaghreb.com\/index.php\/wp-json\/wp\/v2\/users\/1"}],"replies":[{"embeddable":true,"href":"https:\/\/monmaghreb.com\/index.php\/wp-json\/wp\/v2\/comments?post=3621"}],"version-history":[{"count":1,"href":"https:\/\/monmaghreb.com\/index.php\/wp-json\/wp\/v2\/posts\/3621\/revisions"}],"predecessor-version":[{"id":3622,"href":"https:\/\/monmaghreb.com\/index.php\/wp-json\/wp\/v2\/posts\/3621\/revisions\/3622"}],"wp:featuredmedia":[{"embeddable":true,"href":"https:\/\/monmaghreb.com\/index.php\/wp-json\/wp\/v2\/media\/3620"}],"wp:attachment":[{"href":"https:\/\/monmaghreb.com\/index.php\/wp-json\/wp\/v2\/media?parent=3621"}],"wp:term":[{"taxonomy":"category","embeddable":true,"href":"https:\/\/monmaghreb.com\/index.php\/wp-json\/wp\/v2\/categories?post=3621"},{"taxonomy":"post_tag","embeddable":true,"href":"https:\/\/monmaghreb.com\/index.php\/wp-json\/wp\/v2\/tags?post=3621"}],"curies":[{"name":"wp","href":"https:\/\/api.w.org\/{rel}","templated":true}]}}