{"id":3633,"date":"2026-04-28T17:42:51","date_gmt":"2026-04-28T17:42:51","guid":{"rendered":"https:\/\/monmaghreb.com\/index.php\/2026\/04\/28\/le-cap-vert-capitale-africaine-de-la-culture-2028-quelles-implications-pour-la-communaute-maghrebine\/"},"modified":"2026-04-28T17:42:55","modified_gmt":"2026-04-28T17:42:55","slug":"le-cap-vert-capitale-africaine-de-la-culture-2028-quelles-implications-pour-la-communaute-maghrebine","status":"publish","type":"post","link":"https:\/\/monmaghreb.com\/index.php\/2026\/04\/28\/le-cap-vert-capitale-africaine-de-la-culture-2028-quelles-implications-pour-la-communaute-maghrebine\/","title":{"rendered":"Le Cap-Vert, capitale africaine de la culture 2028 : quelles implications pour la communaut\u00e9 maghr\u00e9bine?"},"content":{"rendered":"<p><!DOCTYPE html><br \/>\n<html lang='fr'><br \/>\n<head><br \/>\n <meta charset='UTF-8'><br \/>\n <title>Le Cap-Vert, capitale africaine de la culture 2028 : quelles implications pour la communaut\u00e9 maghr\u00e9bine?<\/title><br \/>\n<\/head><br \/>\n<body><\/p>\n<h1>Le Cap-Vert, capitale africaine de la culture 2028 : quelles implications pour la communaut\u00e9 maghr\u00e9bine?<\/h1>\n<h2>Introduction<\/h2>\n<p>L&#8217;annonce de la d\u00e9signation du Cap-Verde en tant que capitale africaine de la culture 2028 est une nouvelle qui r\u00e9sonne dans toute l&#8217;Afrique et au-del\u00e0, y compris parmi les Maghr\u00e9bins dispers\u00e9s \u00e0 travers le monde. Cette distinction signifie que ce petit pays insulaire de l&#8217;Atlantique sera le centre de la sc\u00e8ne culturelle africaine pendant l&#8217;ann\u00e9e 2028, offrant une plateforme unique pour <a href=\"https:\/\/monmaghreb.com\/index.php\/2026\/04\/28\/boutique-dartisanat-marocain-de-cherbourg-en-cotentin-une-nouvelle-avenue-pour-promouvoir-la-culture-maghrebine-en-france\/\" title=\"Boutique d&#8217;artisanat marocain de Cherbourg-en-Cotentin : une nouvelle avenue pour promouvoir la culture maghr\u00e9bine en France\">promouvoir<\/a> et c\u00e9l\u00e9brer la diversit\u00e9 culturelle du continent.<\/p>\n<p>Pour les Maghr\u00e9bins, cette annonce est particuli\u00e8rement int\u00e9ressante car elle permet de poser des questions sur l&#8217;impact potentiel de ce statut pour leur propre communaut\u00e9. En effet, le Cap-Verde \u00e9tant un pays avec une forte identit\u00e9 culturelle et une histoire de migration, il pourrait offrir des opportunit\u00e9s pour les Maghr\u00e9bins de se reconnecter \u00e0 leurs racines culturelles.<\/p>\n<h2>Le Cap-Vert : une destination \u00e0 d\u00e9couvrir<\/h2>\n<p>Le Cap-Verde est un archipel d&#8217;\u00eeles situ\u00e9 \u00e0 environ 650 km au large de l&#8217;Afrique de l&#8217;Ouest. La nation insulaire est compos\u00e9e de dix \u00eeles et pr\u00e9sente une vari\u00e9t\u00e9 de paysages allant des plages sableuses aux for\u00eats tropicales, en passant par les montagnes escarp\u00e9es. Elle abrite une population de 540 000 personnes et est connue pour son pass\u00e9 colonial et sa culture mixte.<\/p>\n<p>Les Maghr\u00e9bins devraient trouver int\u00e9ressante la diversit\u00e9 culturelle du Cap-Verde, qui s&#8217;inspire de ses multiples origines et traditions, y compris celles issues d&#8217;Europe, d&#8217;Afrique subsaharienne et d&#8217;Am\u00e9rique latine. Cette influence culturelle mixte est particuli\u00e8rement \u00e9vidente dans les arts, la musique et la gastronomie du pays.<\/p>\n<p>Les festivals de musique traditionnelle, comme le Festival Jazz et Blues de Santiago, sont un exemple de cette richesse culturelle. Les Maghr\u00e9bins pourraient y trouver des inspirations pour leurs propres traditions musicales et artistiques.<\/p>\n<h2>La communaut\u00e9 maghr\u00e9bine au Cap-Verde<\/h2>\n<p>Les Maghr\u00e9bins ont une longue histoire avec le Cap-Verde, notamment en raison de l&#8217;immigration maghr\u00e9bine dans l&#8217;archipel insulaire. Il y a des communaut\u00e9s importantes de Tunisiens et Marocains au Cap-Verde, qui ont contribu\u00e9 \u00e0 la diversit\u00e9 culturelle locale.<\/p>\n<p>En tant que capitale africaine de la culture, le Cap-Verde devrait encourager les \u00e9changes culturels avec d&#8217;autres pays du continent, y compris ceux de la M\u00e9diterran\u00e9e. Cela pourrait \u00eatre une occasion unique pour les Maghr\u00e9bins vivant au Cap-Verde et \u00e0 l&#8217;ext\u00e9rieur de s&#8217;engager dans des projets culturels et artistiques transnationaux, ainsi que de promouvoir leur propre identit\u00e9 culturelle.<\/p>\n<p>Il est \u00e9galement important de noter que le Cap-Verde abrite une communaut\u00e9 \u00e9ducative importante, avec plusieurs universit\u00e9s et institutions d&#8217;enseignement sup\u00e9rieur. Les Maghr\u00e9bins pourraient y trouver des opportunit\u00e9s pour \u00e9tudier et se former dans leur domaine de pr\u00e9dilection.<\/p>\n<h2>Le Cap-Verde : un mod\u00e8le pour les communaut\u00e9s maghr\u00e9bines<\/h2>\n<p>Le Cap-Verde est souvent consid\u00e9r\u00e9 comme un exemple de succ\u00e8s dans le d\u00e9veloppement \u00e9conomique et social des pays insulaires. Son \u00e9conomie bas\u00e9e sur la p\u00eache, l&#8217;agriculture et les services a connu une croissance constante au cours des derni\u00e8res d\u00e9cennies.<\/p>\n<p>Cependant, il est important de noter que le Cap-Verde n&#8217;est pas sans d\u00e9fis. Les in\u00e9galit\u00e9s sociales, la corruption et l&#8217;immigration clandestine restent des probl\u00e8mes importants \u00e0 r\u00e9soudre.<\/p>\n<p>M\u00eame si les communaut\u00e9s maghr\u00e9bines ne peuvent pas tous esp\u00e9rer vivre dans un pays comme le Cap-Verde, leur \u00e9tude de ses politiques et de sa gestion des d\u00e9fis pourrait \u00eatre utile pour les communaut\u00e9s maghr\u00e9bines qui cherchent \u00e0 trouver des solutions pour leurs propres d\u00e9fis \u00e9conomiques et sociaux.<\/p>\n<p>En particulier, les Maghr\u00e9bins pourraient apprendre de la mani\u00e8re dont le Cap-Verde a r\u00e9ussi \u00e0 promouvoir son tourisme \u00e9co-responsable et durable. Cela pourrait \u00eatre une opportunit\u00e9 pour les communaut\u00e9s maghr\u00e9bines d&#8217;\u00e9laborer des strat\u00e9gies pour d\u00e9velopper leur propre \u00e9conomie touristique.<\/p>\n<h2>Les opportunit\u00e9s \u00e9conomiques<\/h2>\n<p>Le statut de capitale africaine de la culture est souvent associ\u00e9 \u00e0 une augmentation significative du tourisme, ce qui peut avoir des effets positifs sur l&#8217;\u00e9conomie locale.<\/p>\n<p>Cela pourrait \u00eatre particuli\u00e8rement vrai pour le Cap-Verde, dont les plages, la gastronomie et les traditions musicales sont d\u00e9j\u00e0 populaires parmi les touristes. Les Maghr\u00e9bins devraient s&#8217;y int\u00e9resser car cette augmentation du tourisme peut cr\u00e9er des opportunit\u00e9s d&#8217;emploi dans les domaines de l&#8217;h\u00f4tellerie, du restaurant et de la culture.<\/p>\n<p>De plus, le Cap-Verde est un pays en constante croissance \u00e9conomique, avec une classe moyenne en train de s&#8217;\u00e9tablir. Les Maghr\u00e9bins pourraient y trouver des opportunit\u00e9s d&#8217;investissement et de commerce.<\/p>\n<h2>Conclusion : un appel \u00e0 l&#8217;action<\/h2>\n<p>Le Cap-Verde sera la capitale africaine de la culture en 2028, offrant une plateforme unique pour promouvoir et c\u00e9l\u00e9brer la diversit\u00e9 culturelle du continent. Cette annonce est particuli\u00e8rement int\u00e9ressante pour les Maghr\u00e9bins, car elle permet de poser des questions sur l&#8217;impact potentiel de ce statut pour leur propre communaut\u00e9.<\/p>\n<p>Pour les Maghr\u00e9bins vivant au Cap-Verde et \u00e0 l&#8217;ext\u00e9rieur, cela pourrait \u00eatre une occasion unique de s&#8217;engager dans des projets culturels et artistiques transnationaux, ainsi que de promouvoir leur propre identit\u00e9 culturelle.<\/p>\n<p>Il est important d&#8217;y voir aussi les d\u00e9fis, comme l&#8217;immigration clandestine et la corruption. Les communaut\u00e9s maghr\u00e9bines peuvent apprendre beaucoup du succ\u00e8s \u00e9conomique et social du Cap-Verde en \u00e9tudiant ses politiques et sa gestion des d\u00e9fis.<\/p>\n<p>Enfin, ce statut peut \u00e9galement entra\u00eener une augmentation significative du tourisme, cr\u00e9ant ainsi des opportunit\u00e9s d&#8217;emploi dans les domaines de l&#8217;h\u00f4tellerie, du restaurant et de la culture. Les Maghr\u00e9bins pourraient donc se positionner pour profiter de ces opportunities.<\/p>\n<p>En r\u00e9sum\u00e9, le Cap-Verde est une destination \u00e0 d\u00e9couvrir pour les Maghr\u00e9bins qui cherchent \u00e0 c\u00e9l\u00e9brer leur identit\u00e9 culturelle et \u00e0 se reconnecter \u00e0 leurs racines. Cela pourrait \u00eatre une occasion unique pour les Maghr\u00e9bins de s&#8217;engager dans des projets culturels et artistiques transnationaux, ainsi que de promouvoir leur propre identit\u00e9 culturelle.<\/p>\n<div style=\"background:#f8f9fa;border-left:4px solid #0066cc;border-radius:6px;padding:20px 24px;margin:32px 0;\">\n<p style=\"font-size:13px;color:#888;text-transform:uppercase;letter-spacing:0.8px;margin:0 0 6px 0;\">Vous pourriez aussi aimer<\/p>\n<h3 style=\"font-size:18px;margin:0 0 14px 0;color:#222;\">Articles similaires<\/h3>\n<ul style=\"margin:0;padding-left:20px;list-style:disc;\">\n<li style=\"margin-bottom:10px;\"><a href=\"https:\/\/monmaghreb.com\/index.php\/2026\/04\/28\/boutique-dartisanat-marocain-de-cherbourg-en-cotentin-une-nouvelle-avenue-pour-promouvoir-la-culture-maghrebine-en-france\/\" style=\"color:#0066cc;text-decoration:none;font-weight:500;\" title=\"Boutique d&#8217;artisanat marocain de Cherbourg-en-Cotentin : une nouvelle avenue pour promouvoir la culture maghr\u00e9bine en France\">Boutique d&#8217;artisanat marocain de Cherbourg-en-Cotentin : une nouvelle avenue pour promouvoir la culture maghr\u00e9bine en France<\/a><\/li>\n<li style=\"margin-bottom:10px;\"><a href=\"https:\/\/monmaghreb.com\/index.php\/2026\/04\/25\/le-code-de-la-famille-marocain-souvre-a-la-garde-partagee-quelles-implications-pour-les-familles\/\" style=\"color:#0066cc;text-decoration:none;font-weight:500;\" title=\"Le Code de la famille marocain s\u2019ouvre \u00e0 la garde partag\u00e9e : quelles implications pour les familles?\">Le Code de la famille marocain s\u2019ouvre \u00e0 la garde partag\u00e9e : quelles implications pour les familles?<\/a><\/li>\n<li style=\"margin-bottom:10px;\"><a href=\"https:\/\/monmaghreb.com\/index.php\/2026\/04\/27\/la-boutique-dartisanat-marocain-de-cherbourg-en-cotentin-une-porte-ouverte-vers-le-maghreb\/\" style=\"color:#0066cc;text-decoration:none;font-weight:500;\" title=\"La boutique d&#8217;artisanat marocain de Cherbourg-en-Cotentin : une porte ouverte vers le Maghreb\">La boutique d&#8217;artisanat marocain de Cherbourg-en-Cotentin : une porte ouverte vers le Maghreb<\/a><\/li>\n<li style=\"margin-bottom:10px;\"><a href=\"https:\/\/monmaghreb.com\/index.php\/2026\/04\/27\/decouvrir-le-maghreb-par-lauthenticite-humaine-une-rencontre-avec-lautre\/\" style=\"color:#0066cc;text-decoration:none;font-weight:500;\" title=\"D\u00e9couvrir le Maghreb par l&#8217;authenticit\u00e9 humaine : une rencontre avec l&#8217;Autre\">D\u00e9couvrir le Maghreb par l&#8217;authenticit\u00e9 humaine : une rencontre avec l&#8217;Autre<\/a><\/li>\n<li style=\"margin-bottom:10px;\"><a href=\"https:\/\/monmaghreb.com\/index.php\/2026\/04\/26\/le-maroc-la-destination-majeure-en-afrique-pour-les-touristes\/\" style=\"color:#0066cc;text-decoration:none;font-weight:500;\" title=\"Le Maroc : la destination majeure en Afrique pour les touristes\">Le Maroc : la destination majeure en Afrique pour les touristes<\/a><\/li>\n<\/ul>\n<\/div>\n<p><\/body><br \/>\n<\/html><\/p>\n","protected":false},"excerpt":{"rendered":"<p>D\u00e9couvrez les implications pour la communaut\u00e9 maghr\u00e9bine de l&#8217;Afrique en tant que capitale culturelle de Cap-Vert en 2028. Une opportunit\u00e9 unique pour le partag<\/p>\n","protected":false},"author":1,"featured_media":3632,"comment_status":"closed","ping_status":"open","sticky":false,"template":"","format":"standard","meta":{"_yoast_wpseo_focuskw":"Cap-Vert culture capital 2028","_yoast_wpseo_title":"Le Cap-Vert, capitale africaine de la culture 2028 : quelles","_yoast_wpseo_metadesc":"D\u00e9couvrez les implications pour la communaut\u00e9 maghr\u00e9bine de l'Afrique en tant que capitale culturelle de Cap-Vert en 2028. Une opportunit\u00e9 unique pour le partag","_yoast_wpseo_canonical":"","_yoast_wpseo_opengraph-title":"Le Cap-Vert, capitale africaine de la culture 2028 : quelles implications pour la communaut\u00e9 maghr\u00e9bine?","_yoast_wpseo_opengraph-description":"D\u00e9couvrez les implications pour la communaut\u00e9 maghr\u00e9bine de l'Afrique en tant que capitale culturelle de Cap-Vert en 2028. Une opportunit\u00e9 unique pour le partag","_yoast_wpseo_opengraph-image":"","tdm_status":"","tdm_grid_status":"","footnotes":""},"categories":[91],"tags":[45,340,2239,2460,1536],"class_list":["post-3633","post","type-post","status-publish","format-standard","has-post-thumbnail","hentry","category-culture","tag-culture-tunisienne","tag-afrique","tag-alimentation-maghrebine","tag-cap-vert","tag-communaute-algerienne"],"yoast_head":"<!-- This site is optimized with the Yoast SEO plugin v27.5 - https:\/\/yoast.com\/product\/yoast-seo-wordpress\/ -->\n<title>Le Cap-Vert, capitale africaine de la culture 2028 : quelles<\/title>\n<meta name=\"description\" content=\"D\u00e9couvrez les implications pour la communaut\u00e9 maghr\u00e9bine de l&#039;Afrique en tant que capitale culturelle de Cap-Vert en 2028. Une opportunit\u00e9 unique pour le partag\" \/>\n<meta name=\"robots\" content=\"index, follow, max-snippet:-1, max-image-preview:large, max-video-preview:-1\" \/>\n<link rel=\"canonical\" href=\"https:\/\/monmaghreb.com\/index.php\/2026\/04\/28\/le-cap-vert-capitale-africaine-de-la-culture-2028-quelles-implications-pour-la-communaute-maghrebine\/\" \/>\n<meta property=\"og:locale\" content=\"en_US\" \/>\n<meta property=\"og:type\" content=\"article\" \/>\n<meta property=\"og:title\" content=\"Le Cap-Vert, capitale africaine de la culture 2028 : quelles implications pour la communaut\u00e9 maghr\u00e9bine?\" \/>\n<meta property=\"og:description\" content=\"D\u00e9couvrez les implications pour la communaut\u00e9 maghr\u00e9bine de l&#039;Afrique en tant que capitale culturelle de Cap-Vert en 2028. Une opportunit\u00e9 unique pour le partag\" \/>\n<meta property=\"og:url\" content=\"https:\/\/monmaghreb.com\/index.php\/2026\/04\/28\/le-cap-vert-capitale-africaine-de-la-culture-2028-quelles-implications-pour-la-communaute-maghrebine\/\" \/>\n<meta property=\"og:site_name\" content=\"Mon Maghreb\" \/>\n<meta property=\"article:author\" content=\"https:\/\/www.facebook.com\/monmaghrebcom\" \/>\n<meta property=\"article:published_time\" content=\"2026-04-28T17:42:51+00:00\" \/>\n<meta property=\"article:modified_time\" content=\"2026-04-28T17:42:55+00:00\" \/>\n<meta property=\"og:image\" content=\"https:\/\/monmaghreb.com\/wp-content\/uploads\/2026\/04\/featured-436.jpg\" \/>\n\t<meta property=\"og:image:width\" content=\"1880\" \/>\n\t<meta property=\"og:image:height\" content=\"1253\" \/>\n\t<meta property=\"og:image:type\" content=\"image\/jpeg\" \/>\n<meta name=\"author\" content=\"LaMagh\" \/>\n<meta name=\"twitter:card\" content=\"summary_large_image\" \/>\n<meta name=\"twitter:creator\" content=\"@MMaghreb50977\" \/>\n<meta name=\"twitter:label1\" content=\"Written by\" \/>\n\t<meta name=\"twitter:data1\" content=\"LaMagh\" \/>\n\t<meta name=\"twitter:label2\" content=\"Est. reading time\" \/>\n\t<meta name=\"twitter:data2\" content=\"5 minutes\" \/>\n<script type=\"application\/ld+json\" class=\"yoast-schema-graph\">{\"@context\":\"https:\\\/\\\/schema.org\",\"@graph\":[{\"@type\":\"Article\",\"@id\":\"https:\\\/\\\/monmaghreb.com\\\/index.php\\\/2026\\\/04\\\/28\\\/le-cap-vert-capitale-africaine-de-la-culture-2028-quelles-implications-pour-la-communaute-maghrebine\\\/#article\",\"isPartOf\":{\"@id\":\"https:\\\/\\\/monmaghreb.com\\\/index.php\\\/2026\\\/04\\\/28\\\/le-cap-vert-capitale-africaine-de-la-culture-2028-quelles-implications-pour-la-communaute-maghrebine\\\/\"},\"author\":{\"name\":\"LaMagh\",\"@id\":\"http:\\\/\\\/monmaghreb.com\\\/#\\\/schema\\\/person\\\/c469a89dc8c6b8987dcb438b1200d054\"},\"headline\":\"Le Cap-Vert, capitale africaine de la culture 2028 : quelles implications pour la communaut\u00e9 maghr\u00e9bine?\",\"datePublished\":\"2026-04-28T17:42:51+00:00\",\"dateModified\":\"2026-04-28T17:42:55+00:00\",\"mainEntityOfPage\":{\"@id\":\"https:\\\/\\\/monmaghreb.com\\\/index.php\\\/2026\\\/04\\\/28\\\/le-cap-vert-capitale-africaine-de-la-culture-2028-quelles-implications-pour-la-communaute-maghrebine\\\/\"},\"wordCount\":1129,\"publisher\":{\"@id\":\"http:\\\/\\\/monmaghreb.com\\\/#organization\"},\"image\":{\"@id\":\"https:\\\/\\\/monmaghreb.com\\\/index.php\\\/2026\\\/04\\\/28\\\/le-cap-vert-capitale-africaine-de-la-culture-2028-quelles-implications-pour-la-communaute-maghrebine\\\/#primaryimage\"},\"thumbnailUrl\":\"https:\\\/\\\/monmaghreb.com\\\/wp-content\\\/uploads\\\/2026\\\/04\\\/featured-436.jpg\",\"keywords\":[\"\\\"culture tunisienne\\\"\",\"Afrique\",\"alimentation maghr\u00e9bine\",\"cap vert\",\"communaut\u00e9 alg\u00e9rienne\"],\"articleSection\":[\"Culture\"],\"inLanguage\":\"en-US\"},{\"@type\":\"WebPage\",\"@id\":\"https:\\\/\\\/monmaghreb.com\\\/index.php\\\/2026\\\/04\\\/28\\\/le-cap-vert-capitale-africaine-de-la-culture-2028-quelles-implications-pour-la-communaute-maghrebine\\\/\",\"url\":\"https:\\\/\\\/monmaghreb.com\\\/index.php\\\/2026\\\/04\\\/28\\\/le-cap-vert-capitale-africaine-de-la-culture-2028-quelles-implications-pour-la-communaute-maghrebine\\\/\",\"name\":\"Le Cap-Vert, capitale africaine de la culture 2028 : quelles\",\"isPartOf\":{\"@id\":\"http:\\\/\\\/monmaghreb.com\\\/#website\"},\"primaryImageOfPage\":{\"@id\":\"https:\\\/\\\/monmaghreb.com\\\/index.php\\\/2026\\\/04\\\/28\\\/le-cap-vert-capitale-africaine-de-la-culture-2028-quelles-implications-pour-la-communaute-maghrebine\\\/#primaryimage\"},\"image\":{\"@id\":\"https:\\\/\\\/monmaghreb.com\\\/index.php\\\/2026\\\/04\\\/28\\\/le-cap-vert-capitale-africaine-de-la-culture-2028-quelles-implications-pour-la-communaute-maghrebine\\\/#primaryimage\"},\"thumbnailUrl\":\"https:\\\/\\\/monmaghreb.com\\\/wp-content\\\/uploads\\\/2026\\\/04\\\/featured-436.jpg\",\"datePublished\":\"2026-04-28T17:42:51+00:00\",\"dateModified\":\"2026-04-28T17:42:55+00:00\",\"description\":\"D\u00e9couvrez les implications pour la communaut\u00e9 maghr\u00e9bine de l'Afrique en tant que capitale culturelle de Cap-Vert en 2028. Une opportunit\u00e9 unique pour le partag\",\"breadcrumb\":{\"@id\":\"https:\\\/\\\/monmaghreb.com\\\/index.php\\\/2026\\\/04\\\/28\\\/le-cap-vert-capitale-africaine-de-la-culture-2028-quelles-implications-pour-la-communaute-maghrebine\\\/#breadcrumb\"},\"inLanguage\":\"en-US\",\"potentialAction\":[{\"@type\":\"ReadAction\",\"target\":[\"https:\\\/\\\/monmaghreb.com\\\/index.php\\\/2026\\\/04\\\/28\\\/le-cap-vert-capitale-africaine-de-la-culture-2028-quelles-implications-pour-la-communaute-maghrebine\\\/\"]}]},{\"@type\":\"ImageObject\",\"inLanguage\":\"en-US\",\"@id\":\"https:\\\/\\\/monmaghreb.com\\\/index.php\\\/2026\\\/04\\\/28\\\/le-cap-vert-capitale-africaine-de-la-culture-2028-quelles-implications-pour-la-communaute-maghrebine\\\/#primaryimage\",\"url\":\"https:\\\/\\\/monmaghreb.com\\\/wp-content\\\/uploads\\\/2026\\\/04\\\/featured-436.jpg\",\"contentUrl\":\"https:\\\/\\\/monmaghreb.com\\\/wp-content\\\/uploads\\\/2026\\\/04\\\/featured-436.jpg\",\"width\":1880,\"height\":1253,\"caption\":\"Cap-Verdean family exploring cultural festival\"},{\"@type\":\"BreadcrumbList\",\"@id\":\"https:\\\/\\\/monmaghreb.com\\\/index.php\\\/2026\\\/04\\\/28\\\/le-cap-vert-capitale-africaine-de-la-culture-2028-quelles-implications-pour-la-communaute-maghrebine\\\/#breadcrumb\",\"itemListElement\":[{\"@type\":\"ListItem\",\"position\":1,\"name\":\"Home\",\"item\":\"http:\\\/\\\/monmaghreb.com\\\/\"},{\"@type\":\"ListItem\",\"position\":2,\"name\":\"Le Cap-Vert, capitale africaine de la culture 2028 : quelles implications pour la communaut\u00e9 maghr\u00e9bine?\"}]},{\"@type\":\"WebSite\",\"@id\":\"http:\\\/\\\/monmaghreb.com\\\/#website\",\"url\":\"http:\\\/\\\/monmaghreb.com\\\/\",\"name\":\"Mon Maghreb\",\"description\":\"MonMaghreb United\",\"publisher\":{\"@id\":\"http:\\\/\\\/monmaghreb.com\\\/#organization\"},\"alternateName\":\"Le Monde du Maghreb et au del\u00e0\",\"potentialAction\":[{\"@type\":\"SearchAction\",\"target\":{\"@type\":\"EntryPoint\",\"urlTemplate\":\"http:\\\/\\\/monmaghreb.com\\\/?s={search_term_string}\"},\"query-input\":{\"@type\":\"PropertyValueSpecification\",\"valueRequired\":true,\"valueName\":\"search_term_string\"}}],\"inLanguage\":\"en-US\"},{\"@type\":\"Organization\",\"@id\":\"http:\\\/\\\/monmaghreb.com\\\/#organization\",\"name\":\"Mon Maghreb\",\"url\":\"http:\\\/\\\/monmaghreb.com\\\/\",\"logo\":{\"@type\":\"ImageObject\",\"inLanguage\":\"en-US\",\"@id\":\"http:\\\/\\\/monmaghreb.com\\\/#\\\/schema\\\/logo\\\/image\\\/\",\"url\":\"https:\\\/\\\/monmaghreb.com\\\/wp-content\\\/uploads\\\/2025\\\/12\\\/Mon_Maghreb_Logo.jpg\",\"contentUrl\":\"https:\\\/\\\/monmaghreb.com\\\/wp-content\\\/uploads\\\/2025\\\/12\\\/Mon_Maghreb_Logo.jpg\",\"width\":814,\"height\":374,\"caption\":\"Mon Maghreb\"},\"image\":{\"@id\":\"http:\\\/\\\/monmaghreb.com\\\/#\\\/schema\\\/logo\\\/image\\\/\"}},{\"@type\":\"Person\",\"@id\":\"http:\\\/\\\/monmaghreb.com\\\/#\\\/schema\\\/person\\\/c469a89dc8c6b8987dcb438b1200d054\",\"name\":\"LaMagh\",\"image\":{\"@type\":\"ImageObject\",\"inLanguage\":\"en-US\",\"@id\":\"https:\\\/\\\/secure.gravatar.com\\\/avatar\\\/399d8144bd55fba55e056779aca52fe528bac7911f6449e54d81173d6dfd7f0a?s=96&d=mm&r=g\",\"url\":\"https:\\\/\\\/secure.gravatar.com\\\/avatar\\\/399d8144bd55fba55e056779aca52fe528bac7911f6449e54d81173d6dfd7f0a?s=96&d=mm&r=g\",\"contentUrl\":\"https:\\\/\\\/secure.gravatar.com\\\/avatar\\\/399d8144bd55fba55e056779aca52fe528bac7911f6449e54d81173d6dfd7f0a?s=96&d=mm&r=g\",\"caption\":\"LaMagh\"},\"sameAs\":[\"https:\\\/\\\/monmaghreb.com\",\"https:\\\/\\\/www.facebook.com\\\/monmaghrebcom\",\"https:\\\/\\\/x.com\\\/MMaghreb50977\"],\"url\":\"https:\\\/\\\/monmaghreb.com\\\/index.php\\\/author\\\/lamagh\\\/\"}]}<\/script>\n<!-- \/ Yoast SEO plugin. -->","yoast_head_json":{"title":"Le Cap-Vert, capitale africaine de la culture 2028 : quelles","description":"D\u00e9couvrez les implications pour la communaut\u00e9 maghr\u00e9bine de l'Afrique en tant que capitale culturelle de Cap-Vert en 2028. Une opportunit\u00e9 unique pour le partag","robots":{"index":"index","follow":"follow","max-snippet":"max-snippet:-1","max-image-preview":"max-image-preview:large","max-video-preview":"max-video-preview:-1"},"canonical":"https:\/\/monmaghreb.com\/index.php\/2026\/04\/28\/le-cap-vert-capitale-africaine-de-la-culture-2028-quelles-implications-pour-la-communaute-maghrebine\/","og_locale":"en_US","og_type":"article","og_title":"Le Cap-Vert, capitale africaine de la culture 2028 : quelles implications pour la communaut\u00e9 maghr\u00e9bine?","og_description":"D\u00e9couvrez les implications pour la communaut\u00e9 maghr\u00e9bine de l'Afrique en tant que capitale culturelle de Cap-Vert en 2028. Une opportunit\u00e9 unique pour le partag","og_url":"https:\/\/monmaghreb.com\/index.php\/2026\/04\/28\/le-cap-vert-capitale-africaine-de-la-culture-2028-quelles-implications-pour-la-communaute-maghrebine\/","og_site_name":"Mon Maghreb","article_author":"https:\/\/www.facebook.com\/monmaghrebcom","article_published_time":"2026-04-28T17:42:51+00:00","article_modified_time":"2026-04-28T17:42:55+00:00","og_image":[{"width":1880,"height":1253,"url":"https:\/\/monmaghreb.com\/wp-content\/uploads\/2026\/04\/featured-436.jpg","type":"image\/jpeg"}],"author":"LaMagh","twitter_card":"summary_large_image","twitter_creator":"@MMaghreb50977","twitter_misc":{"Written by":"LaMagh","Est. reading time":"5 minutes"},"schema":{"@context":"https:\/\/schema.org","@graph":[{"@type":"Article","@id":"https:\/\/monmaghreb.com\/index.php\/2026\/04\/28\/le-cap-vert-capitale-africaine-de-la-culture-2028-quelles-implications-pour-la-communaute-maghrebine\/#article","isPartOf":{"@id":"https:\/\/monmaghreb.com\/index.php\/2026\/04\/28\/le-cap-vert-capitale-africaine-de-la-culture-2028-quelles-implications-pour-la-communaute-maghrebine\/"},"author":{"name":"LaMagh","@id":"http:\/\/monmaghreb.com\/#\/schema\/person\/c469a89dc8c6b8987dcb438b1200d054"},"headline":"Le Cap-Vert, capitale africaine de la culture 2028 : quelles implications pour la communaut\u00e9 maghr\u00e9bine?","datePublished":"2026-04-28T17:42:51+00:00","dateModified":"2026-04-28T17:42:55+00:00","mainEntityOfPage":{"@id":"https:\/\/monmaghreb.com\/index.php\/2026\/04\/28\/le-cap-vert-capitale-africaine-de-la-culture-2028-quelles-implications-pour-la-communaute-maghrebine\/"},"wordCount":1129,"publisher":{"@id":"http:\/\/monmaghreb.com\/#organization"},"image":{"@id":"https:\/\/monmaghreb.com\/index.php\/2026\/04\/28\/le-cap-vert-capitale-africaine-de-la-culture-2028-quelles-implications-pour-la-communaute-maghrebine\/#primaryimage"},"thumbnailUrl":"https:\/\/monmaghreb.com\/wp-content\/uploads\/2026\/04\/featured-436.jpg","keywords":["\"culture tunisienne\"","Afrique","alimentation maghr\u00e9bine","cap vert","communaut\u00e9 alg\u00e9rienne"],"articleSection":["Culture"],"inLanguage":"en-US"},{"@type":"WebPage","@id":"https:\/\/monmaghreb.com\/index.php\/2026\/04\/28\/le-cap-vert-capitale-africaine-de-la-culture-2028-quelles-implications-pour-la-communaute-maghrebine\/","url":"https:\/\/monmaghreb.com\/index.php\/2026\/04\/28\/le-cap-vert-capitale-africaine-de-la-culture-2028-quelles-implications-pour-la-communaute-maghrebine\/","name":"Le Cap-Vert, capitale africaine de la culture 2028 : quelles","isPartOf":{"@id":"http:\/\/monmaghreb.com\/#website"},"primaryImageOfPage":{"@id":"https:\/\/monmaghreb.com\/index.php\/2026\/04\/28\/le-cap-vert-capitale-africaine-de-la-culture-2028-quelles-implications-pour-la-communaute-maghrebine\/#primaryimage"},"image":{"@id":"https:\/\/monmaghreb.com\/index.php\/2026\/04\/28\/le-cap-vert-capitale-africaine-de-la-culture-2028-quelles-implications-pour-la-communaute-maghrebine\/#primaryimage"},"thumbnailUrl":"https:\/\/monmaghreb.com\/wp-content\/uploads\/2026\/04\/featured-436.jpg","datePublished":"2026-04-28T17:42:51+00:00","dateModified":"2026-04-28T17:42:55+00:00","description":"D\u00e9couvrez les implications pour la communaut\u00e9 maghr\u00e9bine de l'Afrique en tant que capitale culturelle de Cap-Vert en 2028. Une opportunit\u00e9 unique pour le partag","breadcrumb":{"@id":"https:\/\/monmaghreb.com\/index.php\/2026\/04\/28\/le-cap-vert-capitale-africaine-de-la-culture-2028-quelles-implications-pour-la-communaute-maghrebine\/#breadcrumb"},"inLanguage":"en-US","potentialAction":[{"@type":"ReadAction","target":["https:\/\/monmaghreb.com\/index.php\/2026\/04\/28\/le-cap-vert-capitale-africaine-de-la-culture-2028-quelles-implications-pour-la-communaute-maghrebine\/"]}]},{"@type":"ImageObject","inLanguage":"en-US","@id":"https:\/\/monmaghreb.com\/index.php\/2026\/04\/28\/le-cap-vert-capitale-africaine-de-la-culture-2028-quelles-implications-pour-la-communaute-maghrebine\/#primaryimage","url":"https:\/\/monmaghreb.com\/wp-content\/uploads\/2026\/04\/featured-436.jpg","contentUrl":"https:\/\/monmaghreb.com\/wp-content\/uploads\/2026\/04\/featured-436.jpg","width":1880,"height":1253,"caption":"Cap-Verdean family exploring cultural festival"},{"@type":"BreadcrumbList","@id":"https:\/\/monmaghreb.com\/index.php\/2026\/04\/28\/le-cap-vert-capitale-africaine-de-la-culture-2028-quelles-implications-pour-la-communaute-maghrebine\/#breadcrumb","itemListElement":[{"@type":"ListItem","position":1,"name":"Home","item":"http:\/\/monmaghreb.com\/"},{"@type":"ListItem","position":2,"name":"Le Cap-Vert, capitale africaine de la culture 2028 : quelles implications pour la communaut\u00e9 maghr\u00e9bine?"}]},{"@type":"WebSite","@id":"http:\/\/monmaghreb.com\/#website","url":"http:\/\/monmaghreb.com\/","name":"Mon Maghreb","description":"MonMaghreb United","publisher":{"@id":"http:\/\/monmaghreb.com\/#organization"},"alternateName":"Le Monde du Maghreb et au del\u00e0","potentialAction":[{"@type":"SearchAction","target":{"@type":"EntryPoint","urlTemplate":"http:\/\/monmaghreb.com\/?s={search_term_string}"},"query-input":{"@type":"PropertyValueSpecification","valueRequired":true,"valueName":"search_term_string"}}],"inLanguage":"en-US"},{"@type":"Organization","@id":"http:\/\/monmaghreb.com\/#organization","name":"Mon Maghreb","url":"http:\/\/monmaghreb.com\/","logo":{"@type":"ImageObject","inLanguage":"en-US","@id":"http:\/\/monmaghreb.com\/#\/schema\/logo\/image\/","url":"https:\/\/monmaghreb.com\/wp-content\/uploads\/2025\/12\/Mon_Maghreb_Logo.jpg","contentUrl":"https:\/\/monmaghreb.com\/wp-content\/uploads\/2025\/12\/Mon_Maghreb_Logo.jpg","width":814,"height":374,"caption":"Mon Maghreb"},"image":{"@id":"http:\/\/monmaghreb.com\/#\/schema\/logo\/image\/"}},{"@type":"Person","@id":"http:\/\/monmaghreb.com\/#\/schema\/person\/c469a89dc8c6b8987dcb438b1200d054","name":"LaMagh","image":{"@type":"ImageObject","inLanguage":"en-US","@id":"https:\/\/secure.gravatar.com\/avatar\/399d8144bd55fba55e056779aca52fe528bac7911f6449e54d81173d6dfd7f0a?s=96&d=mm&r=g","url":"https:\/\/secure.gravatar.com\/avatar\/399d8144bd55fba55e056779aca52fe528bac7911f6449e54d81173d6dfd7f0a?s=96&d=mm&r=g","contentUrl":"https:\/\/secure.gravatar.com\/avatar\/399d8144bd55fba55e056779aca52fe528bac7911f6449e54d81173d6dfd7f0a?s=96&d=mm&r=g","caption":"LaMagh"},"sameAs":["https:\/\/monmaghreb.com","https:\/\/www.facebook.com\/monmaghrebcom","https:\/\/x.com\/MMaghreb50977"],"url":"https:\/\/monmaghreb.com\/index.php\/author\/lamagh\/"}]}},"_links":{"self":[{"href":"https:\/\/monmaghreb.com\/index.php\/wp-json\/wp\/v2\/posts\/3633","targetHints":{"allow":["GET"]}}],"collection":[{"href":"https:\/\/monmaghreb.com\/index.php\/wp-json\/wp\/v2\/posts"}],"about":[{"href":"https:\/\/monmaghreb.com\/index.php\/wp-json\/wp\/v2\/types\/post"}],"author":[{"embeddable":true,"href":"https:\/\/monmaghreb.com\/index.php\/wp-json\/wp\/v2\/users\/1"}],"replies":[{"embeddable":true,"href":"https:\/\/monmaghreb.com\/index.php\/wp-json\/wp\/v2\/comments?post=3633"}],"version-history":[{"count":1,"href":"https:\/\/monmaghreb.com\/index.php\/wp-json\/wp\/v2\/posts\/3633\/revisions"}],"predecessor-version":[{"id":3634,"href":"https:\/\/monmaghreb.com\/index.php\/wp-json\/wp\/v2\/posts\/3633\/revisions\/3634"}],"wp:featuredmedia":[{"embeddable":true,"href":"https:\/\/monmaghreb.com\/index.php\/wp-json\/wp\/v2\/media\/3632"}],"wp:attachment":[{"href":"https:\/\/monmaghreb.com\/index.php\/wp-json\/wp\/v2\/media?parent=3633"}],"wp:term":[{"taxonomy":"category","embeddable":true,"href":"https:\/\/monmaghreb.com\/index.php\/wp-json\/wp\/v2\/categories?post=3633"},{"taxonomy":"post_tag","embeddable":true,"href":"https:\/\/monmaghreb.com\/index.php\/wp-json\/wp\/v2\/tags?post=3633"}],"curies":[{"name":"wp","href":"https:\/\/api.w.org\/{rel}","templated":true}]}}