{"id":3642,"date":"2026-04-28T18:34:16","date_gmt":"2026-04-28T18:34:16","guid":{"rendered":"https:\/\/monmaghreb.com\/index.php\/2026\/04\/28\/valorisation-des-collections-publiques-de-tapis-marocains-sous-le-protectorat-francais-quelles-implications-pour-notre-patrimoine-culturel\/"},"modified":"2026-04-28T18:34:20","modified_gmt":"2026-04-28T18:34:20","slug":"valorisation-des-collections-publiques-de-tapis-marocains-sous-le-protectorat-francais-quelles-implications-pour-notre-patrimoine-culturel","status":"publish","type":"post","link":"https:\/\/monmaghreb.com\/index.php\/2026\/04\/28\/valorisation-des-collections-publiques-de-tapis-marocains-sous-le-protectorat-francais-quelles-implications-pour-notre-patrimoine-culturel\/","title":{"rendered":"Valorisation des collections publiques de tapis marocains sous le protectorat fran\u00e7ais : quelles implications pour notre patrimoine culturel?"},"content":{"rendered":"<p><!DOCTYPE html><br \/>\n<html lang='fr'><br \/>\n<head><br \/>\n\t<meta charset='UTF-8'><br \/>\n\t<title>Valorisation des collections publiques de tapis marocains sous le protectorat fran\u00e7ais<\/title><br \/>\n<\/head><br \/>\n<body><\/p>\n<h1>Valorisation des collections publiques de tapis marocains sous le protectorat fran\u00e7ais : quelles implications pour notre patrimoine culturel?<\/h1>\n<p>L&#8217;histoire de la <a href=\"https:\/\/monmaghreb.com\/index.php\/2026\/04\/25\/la-valorisation-des-collections-publiques-de-tapis-marocains-sous-le-protectorat-francais-1912-1935-un-nouvel-eclairage-sur-notre-patrimoine\/\" title=\"La valorisation des collections publiques de tapis marocains sous le protectorat fran\u00e7ais (1912-1935) : un nouvel \u00e9clairage sur notre patrimoine\">valorisation<\/a> des collections de tapis marocains dans les mus\u00e9es et institutions europ\u00e9ennes, en particulier sous le protectorat fran\u00e7ais, est un sujet controvers\u00e9 qui a \u00e9t\u00e9 le centre d&#8217;une s\u00e9rie de d\u00e9bats et d&#8217;\u00e9tudes r\u00e9centes. Afin de mieux comprendre les implications de ce ph\u00e9nom\u00e8ne sur notre patrimoine culturel marocain actuel, nous allons explorer les diff\u00e9rentes \u00e9tapes de cette histoire.<\/p>\n<h2>Le d\u00e9placement des tapis au Maroc et l&#8217;\u00e9mergence des collections publiques<\/h2>\n<p>Avant l&#8217;arriv\u00e9e du protectorat fran\u00e7ais, les tapis marocains \u00e9taient principalement destin\u00e9s \u00e0 \u00eatre utilis\u00e9s dans la vie quotidienne plut\u00f4t qu&#8217;\u00e0 \u00eatre conserv\u00e9s. Avec l&#8217;arriv\u00e9e des Europ\u00e9ens et leur int\u00e9r\u00eat croissant pour ces objets d&#8217;artisanat traditionnel, de nombreux tapis ont \u00e9t\u00e9 d\u00e9plac\u00e9s hors du Maroc pour \u00eatre expos\u00e9s dans les mus\u00e9es europ\u00e9ens.<\/p>\n<p>Cette migration massive a entra\u00een\u00e9 la cr\u00e9ation de collections publiques de tapis marocains qui ont \u00e9t\u00e9 \u00e9tablies dans des mus\u00e9es fran\u00e7ais tels que le Mus\u00e9e national des Arts asiatiques-Guimet \u00e0 Paris, mais \u00e9galement dans d&#8217;autres pays europ\u00e9ens. Par exemple, en 1900, le Louvre a acquis un ensemble de tapis marocains \u00e0 partir du collectionneur fran\u00e7ais Eug\u00e8ne Delacroix.<\/p>\n<p>Les tapis marocains ont \u00e9t\u00e9 principalement collect\u00e9s par des Europ\u00e9ens qui les consid\u00e9raient comme des objets d&#8217;art et de curiosit\u00e9. Cela a entra\u00een\u00e9 la cr\u00e9ation de collections publiques qui refl\u00e8tent le regard eurocentrique sur l&#8217;artisanat marocain.<\/p>\n<h2>L&#8217;impact de la valorisation sur les artisans et la culture marocaine<\/h2>\n<p>Le d\u00e9placement des tapis a eu un impact significatif sur les artisans marocains, qui ont vu leurs objets d&#8217;artisanat \u00eatre consid\u00e9r\u00e9s comme des objets de collection plut\u00f4t que des \u00e9l\u00e9ments int\u00e9graux de leur culture et de leur vie quotidienne.<\/p>\n<p>Avec la cr\u00e9ation de ces collections publiques, les artisans ont \u00e9t\u00e9 expos\u00e9s \u00e0 un march\u00e9 \u00e9tranger qui a souvent impos\u00e9 des styles et des normes europ\u00e9ennes. Cela a conduit \u00e0 l&#8217;\u00e9mergence de variations dans le design des tapis marocains, avec certaines pi\u00e8ces \u00e9tant produites pour la vente sur les march\u00e9s europ\u00e9ens.<\/p>\n<p>Par exemple, les artisans marocains ont \u00e9t\u00e9 influenc\u00e9s par les styles d\u00e9coratifs et les motifs qui sont caract\u00e9ristiques de l&#8217;art nouveau et de l&#8217;art d\u00e9co. Cela a entra\u00een\u00e9 la cr\u00e9ation de tapis marocains qui combinent des \u00e9l\u00e9ments traditionnels avec des inspirations europ\u00e9ennes.<\/p>\n<h2>La question de la restitution des collections publiques<\/h2>\n<p>Les demandes de restitution des collections publiques de tapis marocains ont \u00e9t\u00e9 \u00e9mises dans le cadre d&#8217;une croissance r\u00e9cente de l&#8217;int\u00e9r\u00eat pour les questions de patrimoine culturel et la restitution des biens culturels.<\/p>\n<p>Il a \u00e9t\u00e9 argument\u00e9 que ces collections publiques n&#8217;ont pas \u00e9t\u00e9 obtenues de mani\u00e8re \u00e9thique, car certaines ont \u00e9t\u00e9 acquis \u00e0 des prix abusifs ou en violation des lois locales. De plus, il est souvent avanc\u00e9 que la conservation de ces objets dans les mus\u00e9es europ\u00e9ens a emp\u00each\u00e9 leur retour aux artisans marocains et \u00e0 leurs communaut\u00e9s originales.<\/p>\n<p>Par exemple, en 2011, le Mus\u00e9e national des Arts asiatiques-Guimet a restaur\u00e9 un tapis marocain du XVIIIe si\u00e8cle qui avait \u00e9t\u00e9 acquis dans les ann\u00e9es 1920. Cette restitution a permis au tapis de retourner au Maroc et de rejoindre la collection nationale.<\/p>\n<h2>L&#8217;initiative des collections publiques et l&#8217;impact sur le Maroc<\/h2>\n<p>Les initiatives de restitution ont permis \u00e0 certains tapis de retourner dans leur pays d&#8217;origine, mais la plupart des collections publiques restent encore en Europe. Ces collections publiques continuent d&#8217;avoir un impact significatif sur le Maroc, avec certaines \u00e9tant consid\u00e9r\u00e9es comme des sources importantes d&#8217;information et de connaissances sur la culture marocaine.<\/p>\n<p>Cependment, il est \u00e9galement important de reconna\u00eetre que ces collections publiques ont \u00e9t\u00e9 cr\u00e9\u00e9es dans un contexte colonialiste, qui a souvent entra\u00een\u00e9 une appropriation et une commercialisation des \u00e9l\u00e9ments de notre patrimoine culturel marocain.<\/p>\n<h2>Quel avenir pour nos collections publiques de tapis?<\/h2>\n<p>Il est important que nous prenions conscience du pass\u00e9 colonialiste et de la commercialisation des objets d&#8217;artisanat marocains, mais \u00e9galement que nous reconnaissions les valeurs culturelles inestimables de nos collections publiques de tapis.<\/p>\n<p>Nous devons travailler ensemble pour promouvoir la conservation et la valorisation de ces collections dans un contexte \u00e9thique et respectueux de leur origine et de leur importance historique, culturelle et artistique. Nous devons \u00e9galement soutenir les artisans marocains et leurs communaut\u00e9s en aidant \u00e0 pr\u00e9server leur patrimoine culturel et en encourage le d\u00e9veloppement d&#8217;un march\u00e9 local.<\/p>\n<p>Il est \u00e9galement important de promouvoir la compr\u00e9hension de l&#8217;histoire du Maroc et de son artisanat traditionnel, ainsi que les interactions entre la culture marocaine et la culture europ\u00e9enne. Cela peut \u00eatre r\u00e9alis\u00e9 \u00e0 travers des expositions temporaire ou permanentes, des conf\u00e9rences et des ateliers.<\/p>\n<div style=\"background:#f8f9fa;border-left:4px solid #0066cc;border-radius:6px;padding:20px 24px;margin:32px 0;\">\n<p style=\"font-size:13px;color:#888;text-transform:uppercase;letter-spacing:0.8px;margin:0 0 6px 0;\">Vous pourriez aussi aimer<\/p>\n<h3 style=\"font-size:18px;margin:0 0 14px 0;color:#222;\">Articles similaires<\/h3>\n<ul style=\"margin:0;padding-left:20px;list-style:disc;\">\n<li style=\"margin-bottom:10px;\"><a href=\"https:\/\/monmaghreb.com\/index.php\/2026\/04\/25\/la-valorisation-des-collections-publiques-de-tapis-marocains-sous-le-protectorat-francais-1912-1935-un-nouvel-eclairage-sur-notre-patrimoine\/\" style=\"color:#0066cc;text-decoration:none;font-weight:500;\" title=\"La valorisation des collections publiques de tapis marocains sous le protectorat fran\u00e7ais (1912-1935) : un nouvel \u00e9clairage sur notre patrimoine\">La valorisation des collections publiques de tapis marocains sous le protectorat fran\u00e7ais (1912-1935) : un nouvel \u00e9clairage sur notre patrimoine<\/a><\/li>\n<li style=\"margin-bottom:10px;\"><a href=\"https:\/\/monmaghreb.com\/index.php\/2026\/04\/25\/le-code-de-la-famille-marocain-souvre-a-la-garde-partagee-quelles-implications-pour-les-familles\/\" style=\"color:#0066cc;text-decoration:none;font-weight:500;\" title=\"Le Code de la famille marocain s\u2019ouvre \u00e0 la garde partag\u00e9e : quelles implications pour les familles?\">Le Code de la famille marocain s\u2019ouvre \u00e0 la garde partag\u00e9e : quelles implications pour les familles?<\/a><\/li>\n<li style=\"margin-bottom:10px;\"><a href=\"https:\/\/monmaghreb.com\/index.php\/2026\/04\/28\/le-cap-vert-capitale-africaine-de-la-culture-2028-quelles-implications-pour-la-communaute-maghrebine\/\" style=\"color:#0066cc;text-decoration:none;font-weight:500;\" title=\"Le Cap-Vert, capitale africaine de la culture 2028 : quelles implications pour la communaut\u00e9 maghr\u00e9bine?\">Le Cap-Vert, capitale africaine de la culture 2028 : quelles implications pour la communaut\u00e9 maghr\u00e9bine?<\/a><\/li>\n<li style=\"margin-bottom:10px;\"><a href=\"https:\/\/monmaghreb.com\/index.php\/2026\/04\/27\/le-theatre-royal-de-rabat-un-symbole-du-renouveau-culturel-et-artistique-marocain\/\" style=\"color:#0066cc;text-decoration:none;font-weight:500;\" title=\"Le Th\u00e9\u00e2tre royal de Rabat : un symbole du renouveau culturel et artistique marocain\">Le Th\u00e9\u00e2tre royal de Rabat : un symbole du renouveau culturel et artistique marocain<\/a><\/li>\n<li style=\"margin-bottom:10px;\"><a href=\"https:\/\/monmaghreb.com\/index.php\/2026\/04\/25\/lartisanat-tunisien-brille-a-tokyo-au-salon-interior-lifestyle-2025-un-succes-culturel-et-economique-pour-notre-pays\/\" style=\"color:#0066cc;text-decoration:none;font-weight:500;\" title=\"L&#8217;artisanat tunisien brille \u00e0 Tokyo au salon Interior Lifestyle 2025 : un succ\u00e8s culturel et \u00e9conomique pour notre pays\">L&#8217;artisanat tunisien brille \u00e0 Tokyo au salon Interior Lifestyle 2025 : un succ\u00e8s culturel et \u00e9conomique pour notre pays<\/a><\/li>\n<\/ul>\n<\/div>\n<p><\/body><br \/>\n<\/html><\/p>\n","protected":false},"excerpt":{"rendered":"<p>D\u00e9couvrez les implications du protectorat fran\u00e7ais sur la valorisation des collections publiques de tapis marocains pour notre patrimoine culturel &#8211; un d\u00e9bat co<\/p>\n","protected":false},"author":1,"featured_media":3641,"comment_status":"closed","ping_status":"open","sticky":false,"template":"","format":"standard","meta":{"_yoast_wpseo_focuskw":"marocain tapis collection valorisation","_yoast_wpseo_title":"Valorisation des collections publiques de tapis marocains so","_yoast_wpseo_metadesc":"D\u00e9couvrez les implications du protectorat fran\u00e7ais sur la valorisation des collections publiques de tapis marocains pour notre patrimoine culturel - un d\u00e9bat co","_yoast_wpseo_canonical":"","_yoast_wpseo_opengraph-title":"Valorisation des collections publiques de tapis marocains sous le protectorat fran\u00e7ais : quelles implications pour notre patrimoine culturel?","_yoast_wpseo_opengraph-description":"D\u00e9couvrez les implications du protectorat fran\u00e7ais sur la valorisation des collections publiques de tapis marocains pour notre patrimoine culturel - un d\u00e9bat co","_yoast_wpseo_opengraph-image":"","tdm_status":"","tdm_grid_status":"","footnotes":""},"categories":[652],"tags":[2467,2103,1447,577,2173],"class_list":["post-3642","post","type-post","status-publish","format-standard","has-post-thumbnail","hentry","category-histoire-patrimoine","tag-collection-valorisation","tag-festival-histoire-art","tag-marocain-tapis","tag-patrimoine-culturel","tag-protectorat-francais"],"yoast_head":"<!-- This site is optimized with the Yoast SEO plugin v27.5 - https:\/\/yoast.com\/product\/yoast-seo-wordpress\/ -->\n<title>Valorisation des collections publiques de tapis marocains so<\/title>\n<meta name=\"description\" content=\"D\u00e9couvrez les implications du protectorat fran\u00e7ais sur la valorisation des collections publiques de tapis marocains pour notre patrimoine culturel - un d\u00e9bat co\" \/>\n<meta name=\"robots\" content=\"index, follow, max-snippet:-1, max-image-preview:large, max-video-preview:-1\" \/>\n<link rel=\"canonical\" href=\"https:\/\/monmaghreb.com\/index.php\/2026\/04\/28\/valorisation-des-collections-publiques-de-tapis-marocains-sous-le-protectorat-francais-quelles-implications-pour-notre-patrimoine-culturel\/\" \/>\n<meta property=\"og:locale\" content=\"en_US\" \/>\n<meta property=\"og:type\" content=\"article\" \/>\n<meta property=\"og:title\" content=\"Valorisation des collections publiques de tapis marocains sous le protectorat fran\u00e7ais : quelles implications pour notre patrimoine culturel?\" \/>\n<meta property=\"og:description\" content=\"D\u00e9couvrez les implications du protectorat fran\u00e7ais sur la valorisation des collections publiques de tapis marocains pour notre patrimoine culturel - un d\u00e9bat co\" \/>\n<meta property=\"og:url\" content=\"https:\/\/monmaghreb.com\/index.php\/2026\/04\/28\/valorisation-des-collections-publiques-de-tapis-marocains-sous-le-protectorat-francais-quelles-implications-pour-notre-patrimoine-culturel\/\" \/>\n<meta property=\"og:site_name\" content=\"Mon Maghreb\" \/>\n<meta property=\"article:author\" content=\"https:\/\/www.facebook.com\/monmaghrebcom\" \/>\n<meta property=\"article:published_time\" content=\"2026-04-28T18:34:16+00:00\" \/>\n<meta property=\"article:modified_time\" content=\"2026-04-28T18:34:20+00:00\" \/>\n<meta property=\"og:image\" content=\"https:\/\/monmaghreb.com\/wp-content\/uploads\/2026\/04\/featured-439.jpg\" \/>\n\t<meta property=\"og:image:width\" content=\"1880\" \/>\n\t<meta property=\"og:image:height\" content=\"1253\" \/>\n\t<meta property=\"og:image:type\" content=\"image\/jpeg\" \/>\n<meta name=\"author\" content=\"LaMagh\" \/>\n<meta name=\"twitter:card\" content=\"summary_large_image\" \/>\n<meta name=\"twitter:creator\" content=\"@MMaghreb50977\" \/>\n<meta name=\"twitter:label1\" content=\"Written by\" \/>\n\t<meta name=\"twitter:data1\" content=\"LaMagh\" \/>\n\t<meta name=\"twitter:label2\" content=\"Est. reading time\" \/>\n\t<meta name=\"twitter:data2\" content=\"5 minutes\" \/>\n<script type=\"application\/ld+json\" class=\"yoast-schema-graph\">{\"@context\":\"https:\\\/\\\/schema.org\",\"@graph\":[{\"@type\":\"Article\",\"@id\":\"https:\\\/\\\/monmaghreb.com\\\/index.php\\\/2026\\\/04\\\/28\\\/valorisation-des-collections-publiques-de-tapis-marocains-sous-le-protectorat-francais-quelles-implications-pour-notre-patrimoine-culturel\\\/#article\",\"isPartOf\":{\"@id\":\"https:\\\/\\\/monmaghreb.com\\\/index.php\\\/2026\\\/04\\\/28\\\/valorisation-des-collections-publiques-de-tapis-marocains-sous-le-protectorat-francais-quelles-implications-pour-notre-patrimoine-culturel\\\/\"},\"author\":{\"name\":\"LaMagh\",\"@id\":\"http:\\\/\\\/monmaghreb.com\\\/#\\\/schema\\\/person\\\/c469a89dc8c6b8987dcb438b1200d054\"},\"headline\":\"Valorisation des collections publiques de tapis marocains sous le protectorat fran\u00e7ais : quelles implications pour notre patrimoine culturel?\",\"datePublished\":\"2026-04-28T18:34:16+00:00\",\"dateModified\":\"2026-04-28T18:34:20+00:00\",\"mainEntityOfPage\":{\"@id\":\"https:\\\/\\\/monmaghreb.com\\\/index.php\\\/2026\\\/04\\\/28\\\/valorisation-des-collections-publiques-de-tapis-marocains-sous-le-protectorat-francais-quelles-implications-pour-notre-patrimoine-culturel\\\/\"},\"wordCount\":970,\"publisher\":{\"@id\":\"http:\\\/\\\/monmaghreb.com\\\/#organization\"},\"image\":{\"@id\":\"https:\\\/\\\/monmaghreb.com\\\/index.php\\\/2026\\\/04\\\/28\\\/valorisation-des-collections-publiques-de-tapis-marocains-sous-le-protectorat-francais-quelles-implications-pour-notre-patrimoine-culturel\\\/#primaryimage\"},\"thumbnailUrl\":\"https:\\\/\\\/monmaghreb.com\\\/wp-content\\\/uploads\\\/2026\\\/04\\\/featured-439.jpg\",\"keywords\":[\"collection valorisation\",\"festival histoire art\",\"marocain tapis\",\"patrimoine culturel\",\"protectorat francais\"],\"articleSection\":[\"Histoire &amp; Patrimoine\"],\"inLanguage\":\"en-US\"},{\"@type\":\"WebPage\",\"@id\":\"https:\\\/\\\/monmaghreb.com\\\/index.php\\\/2026\\\/04\\\/28\\\/valorisation-des-collections-publiques-de-tapis-marocains-sous-le-protectorat-francais-quelles-implications-pour-notre-patrimoine-culturel\\\/\",\"url\":\"https:\\\/\\\/monmaghreb.com\\\/index.php\\\/2026\\\/04\\\/28\\\/valorisation-des-collections-publiques-de-tapis-marocains-sous-le-protectorat-francais-quelles-implications-pour-notre-patrimoine-culturel\\\/\",\"name\":\"Valorisation des collections publiques de tapis marocains so\",\"isPartOf\":{\"@id\":\"http:\\\/\\\/monmaghreb.com\\\/#website\"},\"primaryImageOfPage\":{\"@id\":\"https:\\\/\\\/monmaghreb.com\\\/index.php\\\/2026\\\/04\\\/28\\\/valorisation-des-collections-publiques-de-tapis-marocains-sous-le-protectorat-francais-quelles-implications-pour-notre-patrimoine-culturel\\\/#primaryimage\"},\"image\":{\"@id\":\"https:\\\/\\\/monmaghreb.com\\\/index.php\\\/2026\\\/04\\\/28\\\/valorisation-des-collections-publiques-de-tapis-marocains-sous-le-protectorat-francais-quelles-implications-pour-notre-patrimoine-culturel\\\/#primaryimage\"},\"thumbnailUrl\":\"https:\\\/\\\/monmaghreb.com\\\/wp-content\\\/uploads\\\/2026\\\/04\\\/featured-439.jpg\",\"datePublished\":\"2026-04-28T18:34:16+00:00\",\"dateModified\":\"2026-04-28T18:34:20+00:00\",\"description\":\"D\u00e9couvrez les implications du protectorat fran\u00e7ais sur la valorisation des collections publiques de tapis marocains pour notre patrimoine culturel - un d\u00e9bat co\",\"breadcrumb\":{\"@id\":\"https:\\\/\\\/monmaghreb.com\\\/index.php\\\/2026\\\/04\\\/28\\\/valorisation-des-collections-publiques-de-tapis-marocains-sous-le-protectorat-francais-quelles-implications-pour-notre-patrimoine-culturel\\\/#breadcrumb\"},\"inLanguage\":\"en-US\",\"potentialAction\":[{\"@type\":\"ReadAction\",\"target\":[\"https:\\\/\\\/monmaghreb.com\\\/index.php\\\/2026\\\/04\\\/28\\\/valorisation-des-collections-publiques-de-tapis-marocains-sous-le-protectorat-francais-quelles-implications-pour-notre-patrimoine-culturel\\\/\"]}]},{\"@type\":\"ImageObject\",\"inLanguage\":\"en-US\",\"@id\":\"https:\\\/\\\/monmaghreb.com\\\/index.php\\\/2026\\\/04\\\/28\\\/valorisation-des-collections-publiques-de-tapis-marocains-sous-le-protectorat-francais-quelles-implications-pour-notre-patrimoine-culturel\\\/#primaryimage\",\"url\":\"https:\\\/\\\/monmaghreb.com\\\/wp-content\\\/uploads\\\/2026\\\/04\\\/featured-439.jpg\",\"contentUrl\":\"https:\\\/\\\/monmaghreb.com\\\/wp-content\\\/uploads\\\/2026\\\/04\\\/featured-439.jpg\",\"width\":1880,\"height\":1253,\"caption\":\"Tapis marocain expos\u00e9 dans un mus\u00e9e sous le protectorat fran\u00e7ais\"},{\"@type\":\"BreadcrumbList\",\"@id\":\"https:\\\/\\\/monmaghreb.com\\\/index.php\\\/2026\\\/04\\\/28\\\/valorisation-des-collections-publiques-de-tapis-marocains-sous-le-protectorat-francais-quelles-implications-pour-notre-patrimoine-culturel\\\/#breadcrumb\",\"itemListElement\":[{\"@type\":\"ListItem\",\"position\":1,\"name\":\"Home\",\"item\":\"http:\\\/\\\/monmaghreb.com\\\/\"},{\"@type\":\"ListItem\",\"position\":2,\"name\":\"Valorisation des collections publiques de tapis marocains sous le protectorat fran\u00e7ais : quelles implications pour notre patrimoine culturel?\"}]},{\"@type\":\"WebSite\",\"@id\":\"http:\\\/\\\/monmaghreb.com\\\/#website\",\"url\":\"http:\\\/\\\/monmaghreb.com\\\/\",\"name\":\"Mon Maghreb\",\"description\":\"MonMaghreb United\",\"publisher\":{\"@id\":\"http:\\\/\\\/monmaghreb.com\\\/#organization\"},\"alternateName\":\"Le Monde du Maghreb et au del\u00e0\",\"potentialAction\":[{\"@type\":\"SearchAction\",\"target\":{\"@type\":\"EntryPoint\",\"urlTemplate\":\"http:\\\/\\\/monmaghreb.com\\\/?s={search_term_string}\"},\"query-input\":{\"@type\":\"PropertyValueSpecification\",\"valueRequired\":true,\"valueName\":\"search_term_string\"}}],\"inLanguage\":\"en-US\"},{\"@type\":\"Organization\",\"@id\":\"http:\\\/\\\/monmaghreb.com\\\/#organization\",\"name\":\"Mon Maghreb\",\"url\":\"http:\\\/\\\/monmaghreb.com\\\/\",\"logo\":{\"@type\":\"ImageObject\",\"inLanguage\":\"en-US\",\"@id\":\"http:\\\/\\\/monmaghreb.com\\\/#\\\/schema\\\/logo\\\/image\\\/\",\"url\":\"https:\\\/\\\/monmaghreb.com\\\/wp-content\\\/uploads\\\/2025\\\/12\\\/Mon_Maghreb_Logo.jpg\",\"contentUrl\":\"https:\\\/\\\/monmaghreb.com\\\/wp-content\\\/uploads\\\/2025\\\/12\\\/Mon_Maghreb_Logo.jpg\",\"width\":814,\"height\":374,\"caption\":\"Mon Maghreb\"},\"image\":{\"@id\":\"http:\\\/\\\/monmaghreb.com\\\/#\\\/schema\\\/logo\\\/image\\\/\"}},{\"@type\":\"Person\",\"@id\":\"http:\\\/\\\/monmaghreb.com\\\/#\\\/schema\\\/person\\\/c469a89dc8c6b8987dcb438b1200d054\",\"name\":\"LaMagh\",\"image\":{\"@type\":\"ImageObject\",\"inLanguage\":\"en-US\",\"@id\":\"https:\\\/\\\/secure.gravatar.com\\\/avatar\\\/399d8144bd55fba55e056779aca52fe528bac7911f6449e54d81173d6dfd7f0a?s=96&d=mm&r=g\",\"url\":\"https:\\\/\\\/secure.gravatar.com\\\/avatar\\\/399d8144bd55fba55e056779aca52fe528bac7911f6449e54d81173d6dfd7f0a?s=96&d=mm&r=g\",\"contentUrl\":\"https:\\\/\\\/secure.gravatar.com\\\/avatar\\\/399d8144bd55fba55e056779aca52fe528bac7911f6449e54d81173d6dfd7f0a?s=96&d=mm&r=g\",\"caption\":\"LaMagh\"},\"sameAs\":[\"https:\\\/\\\/monmaghreb.com\",\"https:\\\/\\\/www.facebook.com\\\/monmaghrebcom\",\"https:\\\/\\\/x.com\\\/MMaghreb50977\"],\"url\":\"https:\\\/\\\/monmaghreb.com\\\/index.php\\\/author\\\/lamagh\\\/\"}]}<\/script>\n<!-- \/ Yoast SEO plugin. -->","yoast_head_json":{"title":"Valorisation des collections publiques de tapis marocains so","description":"D\u00e9couvrez les implications du protectorat fran\u00e7ais sur la valorisation des collections publiques de tapis marocains pour notre patrimoine culturel - un d\u00e9bat co","robots":{"index":"index","follow":"follow","max-snippet":"max-snippet:-1","max-image-preview":"max-image-preview:large","max-video-preview":"max-video-preview:-1"},"canonical":"https:\/\/monmaghreb.com\/index.php\/2026\/04\/28\/valorisation-des-collections-publiques-de-tapis-marocains-sous-le-protectorat-francais-quelles-implications-pour-notre-patrimoine-culturel\/","og_locale":"en_US","og_type":"article","og_title":"Valorisation des collections publiques de tapis marocains sous le protectorat fran\u00e7ais : quelles implications pour notre patrimoine culturel?","og_description":"D\u00e9couvrez les implications du protectorat fran\u00e7ais sur la valorisation des collections publiques de tapis marocains pour notre patrimoine culturel - un d\u00e9bat co","og_url":"https:\/\/monmaghreb.com\/index.php\/2026\/04\/28\/valorisation-des-collections-publiques-de-tapis-marocains-sous-le-protectorat-francais-quelles-implications-pour-notre-patrimoine-culturel\/","og_site_name":"Mon Maghreb","article_author":"https:\/\/www.facebook.com\/monmaghrebcom","article_published_time":"2026-04-28T18:34:16+00:00","article_modified_time":"2026-04-28T18:34:20+00:00","og_image":[{"width":1880,"height":1253,"url":"https:\/\/monmaghreb.com\/wp-content\/uploads\/2026\/04\/featured-439.jpg","type":"image\/jpeg"}],"author":"LaMagh","twitter_card":"summary_large_image","twitter_creator":"@MMaghreb50977","twitter_misc":{"Written by":"LaMagh","Est. reading time":"5 minutes"},"schema":{"@context":"https:\/\/schema.org","@graph":[{"@type":"Article","@id":"https:\/\/monmaghreb.com\/index.php\/2026\/04\/28\/valorisation-des-collections-publiques-de-tapis-marocains-sous-le-protectorat-francais-quelles-implications-pour-notre-patrimoine-culturel\/#article","isPartOf":{"@id":"https:\/\/monmaghreb.com\/index.php\/2026\/04\/28\/valorisation-des-collections-publiques-de-tapis-marocains-sous-le-protectorat-francais-quelles-implications-pour-notre-patrimoine-culturel\/"},"author":{"name":"LaMagh","@id":"http:\/\/monmaghreb.com\/#\/schema\/person\/c469a89dc8c6b8987dcb438b1200d054"},"headline":"Valorisation des collections publiques de tapis marocains sous le protectorat fran\u00e7ais : quelles implications pour notre patrimoine culturel?","datePublished":"2026-04-28T18:34:16+00:00","dateModified":"2026-04-28T18:34:20+00:00","mainEntityOfPage":{"@id":"https:\/\/monmaghreb.com\/index.php\/2026\/04\/28\/valorisation-des-collections-publiques-de-tapis-marocains-sous-le-protectorat-francais-quelles-implications-pour-notre-patrimoine-culturel\/"},"wordCount":970,"publisher":{"@id":"http:\/\/monmaghreb.com\/#organization"},"image":{"@id":"https:\/\/monmaghreb.com\/index.php\/2026\/04\/28\/valorisation-des-collections-publiques-de-tapis-marocains-sous-le-protectorat-francais-quelles-implications-pour-notre-patrimoine-culturel\/#primaryimage"},"thumbnailUrl":"https:\/\/monmaghreb.com\/wp-content\/uploads\/2026\/04\/featured-439.jpg","keywords":["collection valorisation","festival histoire art","marocain tapis","patrimoine culturel","protectorat francais"],"articleSection":["Histoire &amp; Patrimoine"],"inLanguage":"en-US"},{"@type":"WebPage","@id":"https:\/\/monmaghreb.com\/index.php\/2026\/04\/28\/valorisation-des-collections-publiques-de-tapis-marocains-sous-le-protectorat-francais-quelles-implications-pour-notre-patrimoine-culturel\/","url":"https:\/\/monmaghreb.com\/index.php\/2026\/04\/28\/valorisation-des-collections-publiques-de-tapis-marocains-sous-le-protectorat-francais-quelles-implications-pour-notre-patrimoine-culturel\/","name":"Valorisation des collections publiques de tapis marocains so","isPartOf":{"@id":"http:\/\/monmaghreb.com\/#website"},"primaryImageOfPage":{"@id":"https:\/\/monmaghreb.com\/index.php\/2026\/04\/28\/valorisation-des-collections-publiques-de-tapis-marocains-sous-le-protectorat-francais-quelles-implications-pour-notre-patrimoine-culturel\/#primaryimage"},"image":{"@id":"https:\/\/monmaghreb.com\/index.php\/2026\/04\/28\/valorisation-des-collections-publiques-de-tapis-marocains-sous-le-protectorat-francais-quelles-implications-pour-notre-patrimoine-culturel\/#primaryimage"},"thumbnailUrl":"https:\/\/monmaghreb.com\/wp-content\/uploads\/2026\/04\/featured-439.jpg","datePublished":"2026-04-28T18:34:16+00:00","dateModified":"2026-04-28T18:34:20+00:00","description":"D\u00e9couvrez les implications du protectorat fran\u00e7ais sur la valorisation des collections publiques de tapis marocains pour notre patrimoine culturel - un d\u00e9bat co","breadcrumb":{"@id":"https:\/\/monmaghreb.com\/index.php\/2026\/04\/28\/valorisation-des-collections-publiques-de-tapis-marocains-sous-le-protectorat-francais-quelles-implications-pour-notre-patrimoine-culturel\/#breadcrumb"},"inLanguage":"en-US","potentialAction":[{"@type":"ReadAction","target":["https:\/\/monmaghreb.com\/index.php\/2026\/04\/28\/valorisation-des-collections-publiques-de-tapis-marocains-sous-le-protectorat-francais-quelles-implications-pour-notre-patrimoine-culturel\/"]}]},{"@type":"ImageObject","inLanguage":"en-US","@id":"https:\/\/monmaghreb.com\/index.php\/2026\/04\/28\/valorisation-des-collections-publiques-de-tapis-marocains-sous-le-protectorat-francais-quelles-implications-pour-notre-patrimoine-culturel\/#primaryimage","url":"https:\/\/monmaghreb.com\/wp-content\/uploads\/2026\/04\/featured-439.jpg","contentUrl":"https:\/\/monmaghreb.com\/wp-content\/uploads\/2026\/04\/featured-439.jpg","width":1880,"height":1253,"caption":"Tapis marocain expos\u00e9 dans un mus\u00e9e sous le protectorat fran\u00e7ais"},{"@type":"BreadcrumbList","@id":"https:\/\/monmaghreb.com\/index.php\/2026\/04\/28\/valorisation-des-collections-publiques-de-tapis-marocains-sous-le-protectorat-francais-quelles-implications-pour-notre-patrimoine-culturel\/#breadcrumb","itemListElement":[{"@type":"ListItem","position":1,"name":"Home","item":"http:\/\/monmaghreb.com\/"},{"@type":"ListItem","position":2,"name":"Valorisation des collections publiques de tapis marocains sous le protectorat fran\u00e7ais : quelles implications pour notre patrimoine culturel?"}]},{"@type":"WebSite","@id":"http:\/\/monmaghreb.com\/#website","url":"http:\/\/monmaghreb.com\/","name":"Mon Maghreb","description":"MonMaghreb United","publisher":{"@id":"http:\/\/monmaghreb.com\/#organization"},"alternateName":"Le Monde du Maghreb et au del\u00e0","potentialAction":[{"@type":"SearchAction","target":{"@type":"EntryPoint","urlTemplate":"http:\/\/monmaghreb.com\/?s={search_term_string}"},"query-input":{"@type":"PropertyValueSpecification","valueRequired":true,"valueName":"search_term_string"}}],"inLanguage":"en-US"},{"@type":"Organization","@id":"http:\/\/monmaghreb.com\/#organization","name":"Mon Maghreb","url":"http:\/\/monmaghreb.com\/","logo":{"@type":"ImageObject","inLanguage":"en-US","@id":"http:\/\/monmaghreb.com\/#\/schema\/logo\/image\/","url":"https:\/\/monmaghreb.com\/wp-content\/uploads\/2025\/12\/Mon_Maghreb_Logo.jpg","contentUrl":"https:\/\/monmaghreb.com\/wp-content\/uploads\/2025\/12\/Mon_Maghreb_Logo.jpg","width":814,"height":374,"caption":"Mon Maghreb"},"image":{"@id":"http:\/\/monmaghreb.com\/#\/schema\/logo\/image\/"}},{"@type":"Person","@id":"http:\/\/monmaghreb.com\/#\/schema\/person\/c469a89dc8c6b8987dcb438b1200d054","name":"LaMagh","image":{"@type":"ImageObject","inLanguage":"en-US","@id":"https:\/\/secure.gravatar.com\/avatar\/399d8144bd55fba55e056779aca52fe528bac7911f6449e54d81173d6dfd7f0a?s=96&d=mm&r=g","url":"https:\/\/secure.gravatar.com\/avatar\/399d8144bd55fba55e056779aca52fe528bac7911f6449e54d81173d6dfd7f0a?s=96&d=mm&r=g","contentUrl":"https:\/\/secure.gravatar.com\/avatar\/399d8144bd55fba55e056779aca52fe528bac7911f6449e54d81173d6dfd7f0a?s=96&d=mm&r=g","caption":"LaMagh"},"sameAs":["https:\/\/monmaghreb.com","https:\/\/www.facebook.com\/monmaghrebcom","https:\/\/x.com\/MMaghreb50977"],"url":"https:\/\/monmaghreb.com\/index.php\/author\/lamagh\/"}]}},"_links":{"self":[{"href":"https:\/\/monmaghreb.com\/index.php\/wp-json\/wp\/v2\/posts\/3642","targetHints":{"allow":["GET"]}}],"collection":[{"href":"https:\/\/monmaghreb.com\/index.php\/wp-json\/wp\/v2\/posts"}],"about":[{"href":"https:\/\/monmaghreb.com\/index.php\/wp-json\/wp\/v2\/types\/post"}],"author":[{"embeddable":true,"href":"https:\/\/monmaghreb.com\/index.php\/wp-json\/wp\/v2\/users\/1"}],"replies":[{"embeddable":true,"href":"https:\/\/monmaghreb.com\/index.php\/wp-json\/wp\/v2\/comments?post=3642"}],"version-history":[{"count":1,"href":"https:\/\/monmaghreb.com\/index.php\/wp-json\/wp\/v2\/posts\/3642\/revisions"}],"predecessor-version":[{"id":3643,"href":"https:\/\/monmaghreb.com\/index.php\/wp-json\/wp\/v2\/posts\/3642\/revisions\/3643"}],"wp:featuredmedia":[{"embeddable":true,"href":"https:\/\/monmaghreb.com\/index.php\/wp-json\/wp\/v2\/media\/3641"}],"wp:attachment":[{"href":"https:\/\/monmaghreb.com\/index.php\/wp-json\/wp\/v2\/media?parent=3642"}],"wp:term":[{"taxonomy":"category","embeddable":true,"href":"https:\/\/monmaghreb.com\/index.php\/wp-json\/wp\/v2\/categories?post=3642"},{"taxonomy":"post_tag","embeddable":true,"href":"https:\/\/monmaghreb.com\/index.php\/wp-json\/wp\/v2\/tags?post=3642"}],"curies":[{"name":"wp","href":"https:\/\/api.w.org\/{rel}","templated":true}]}}