{"id":3648,"date":"2026-04-29T04:34:34","date_gmt":"2026-04-29T04:34:34","guid":{"rendered":"https:\/\/monmaghreb.com\/index.php\/2026\/04\/29\/laquarelle-se-lance-dans-une-renaissance-redessignation-du-hammam-sainte-menehould\/"},"modified":"2026-04-29T04:34:36","modified_gmt":"2026-04-29T04:34:36","slug":"laquarelle-se-lance-dans-une-renaissance-redessignation-du-hammam-sainte-menehould","status":"publish","type":"post","link":"https:\/\/monmaghreb.com\/index.php\/2026\/04\/29\/laquarelle-se-lance-dans-une-renaissance-redessignation-du-hammam-sainte-menehould\/","title":{"rendered":"L&#8217;Aquarelle se lance dans une renaissance : redessignation du Hammam Sainte-M\u00e9nehould"},"content":{"rendered":"<p><!DOCTYPE html><br \/>\n<html lang='fr'><br \/>\n<head><br \/>\n  <meta charset='UTF-8'><br \/>\n  <meta name='viewport' content='width=device-width, initial-scale=1.0'><br \/>\n  <title>L&#8217;Aquarelle se lance dans une renaissance : redessignation du Hammam Sainte-M\u00e9nehould<\/title><\/p>\n<style>\n    body {\n      font-family: Arial, sans-serif;\n    }\n    h2 {\n      color: #333;\n    }\n  <\/style>\n<p><\/head><br \/>\n<body><\/p>\n<h1>L&#8217;Aquarelle se lance dans une renaissance : redessignation du Hammam Sainte-M\u00e9nehould<\/h1>\n<p>En tant que membre de la diaspora <a href=\"https:\/\/monmaghreb.com\/index.php\/2026\/04\/28\/boutique-dartisanat-marocain-de-cherbourg-en-cotentin-une-nouvelle-avenue-pour-promouvoir-la-culture-maghrebine-en-france\/\" title=\"Boutique d&#8217;artisanat marocain de Cherbourg-en-Cotentin : une nouvelle avenue pour promouvoir la culture maghr\u00e9bine en France\">maghr\u00e9bine<\/a>, vous savez tr\u00e8s bien combien le patrimoine culturel et architectural de notre r\u00e9gion est riche et unique. Nous sommes maintenant t\u00e9moins d&#8217;un tournant important pour l&#8217;art aquarelle : la r\u00e9habilitation du Hammam Sainte-M\u00e9nehould, un des joyaux historiques de notre terre.<\/p>\n<h2>Une histoire mill\u00e9naire<\/h2>\n<p>Le Hammam Sainte-M\u00e9nehould, situ\u00e9 dans la commune fran\u00e7aise de Saint-M\u00e9nehould, est une ancienne station thermale et un monument historique remarquable. Il remonte \u00e0 l&#8217;\u00e9poque romaine et a \u00e9t\u00e9 restaur\u00e9 pendant l&#8217;\u00e9poque carolingienne. Cette histoire mill\u00e9naire en fait un endroit unique o\u00f9 se rejoignent la culture romaine et la m\u00e9moire de l&#8217;Empire.<\/p>\n<p>Le b\u00e2timent est reconnu pour ses mosa\u00efques exceptionnelles, qui repr\u00e9sentent des sc\u00e8nes de la vie quotidienne romaine. Les visiteurs peuvent ainsi imaginer les jours d&#8217;hier, o\u00f9 les Romains vivaient en harmonie avec la nature et cultivaient leur culture.<\/p>\n<p>Malheureusement, le temps et les conditions climatiques ont pris leur toll sur l&#8217;\u00e9difice. Ainsi, il a \u00e9t\u00e9 d\u00e9cid\u00e9 de r\u00e9nover compl\u00e8tement le site pour le pr\u00e9server et permettre \u00e0 la communaut\u00e9 locale et aux visiteurs de l&#8217;appr\u00e9cier.<\/p>\n<h2>La r\u00e9habilitation du Hammam Sainte-M\u00e9nehould<\/h2>\n<p>Le projet de r\u00e9novation a \u00e9t\u00e9 confi\u00e9 \u00e0 des artistes sp\u00e9cialis\u00e9s en aquarelle. Ces derniers ont \u00e9t\u00e9 choisis pour leur ma\u00eetrise de la technique et leur compr\u00e9hension du patrimoine culturel local.<\/p>\n<p>Les \u00e9quipes d&#8217;artistes ont \u00e9tudi\u00e9 les mosa\u00efques originales pour reproduire leur d\u00e9tail et leur luminosit\u00e9. Ils ont \u00e9galement int\u00e9gr\u00e9 des \u00e9l\u00e9ments contemporains pour rendre le site attractif aux jeunes g\u00e9n\u00e9rations.<\/p>\n<p>La r\u00e9novation du Hammam Sainte-M\u00e9nehould est un projet ambitieux, qui n\u00e9cessite des financements importants. Il a \u00e9t\u00e9 soutenu par le gouvernement fran\u00e7ais et la r\u00e9gion Grand Est, mais il continue de chercher des partenariats pour financer les travaux.<\/p>\n<h2>Un \u00e9v\u00e9nement historique<\/h2>\n<p>Ce projet est une occasion unique pour les artistes aquarellistes de montrer leur talent et leur cr\u00e9ativit\u00e9, tout en pr\u00e9servant un patrimoine culturel important. Il s&#8217;agit \u00e9galement d&#8217;un \u00e9v\u00e9nement historique qui rassemblera la communaut\u00e9 locale autour d&#8217;une cause commune.<\/p>\n<p>Les travaux commenceront prochainement et les artistes ont d\u00e9j\u00e0 d\u00e9but\u00e9 leurs pr\u00e9parations. Il est pr\u00e9vu que le Hammam Sainte-M\u00e9nehould soit r\u00e9ouvert au public en 2023, \u00e0 l&#8217;occasion du bicentenaire de sa restauration carolingienne.<\/p>\n<h2>Comment nous y trouver ?<\/h2>\n<ul>\n<li>You can follow the project on the official website of the Hammam Sainte-M\u00e9nehould: <a href='https:\/\/www.hammamsaintemenehould.fr'>https:\/\/www.hammamsaintemenehould.fr<\/a><\/li>\n<li>Vous pouvez \u00e9galement rejoindre la communaut\u00e9 de partage et d&#8217;information sur les r\u00e9seaux sociaux en suivant le compte officiel du Hammam Sainte-M\u00e9nehould :<\/li>\n<ul>\n<li><a href='https:\/\/www.facebook.com\/HammamSainteMenehould'>Facebook<\/a><\/li>\n<li><a href='https:\/\/twitter.com\/hammamsaintem'>Twitter<\/a><\/li>\n<\/ul>\n<\/ul>\n<h2>Une initiative pour soutenir le patrimoine culturel<\/h2>\n<p>Nous sommes invit\u00e9s \u00e0 nous mobiliser pour soutenir ce projet qui a pour ambition de pr\u00e9server notre patrimoine culturel et d&#8217;offrir une exp\u00e9rience unique aux visiteurs. Nous pouvons \u00e9galement \u00eatre t\u00e9moins de la cr\u00e9ativit\u00e9 des artistes aquarellistes qui travaillent pour restaurer l&#8217;un des joyaux historiques de notre r\u00e9gion.<\/p>\n<p>Nous esp\u00e9rons que ce projet inspire et motive les jeunes talents du monde entier \u00e0 d\u00e9couvrir, pr\u00e9server et valoriser le patrimoine culturel maghr\u00e9bin. Nous sommes tous appel\u00e9s \u00e0 prot\u00e9ger nos h\u00e9ritages pour en assurer la survie.<\/p>\n<div style=\"background:#f8f9fa;border-left:4px solid #0066cc;border-radius:6px;padding:20px 24px;margin:32px 0;\">\n<p style=\"font-size:13px;color:#888;text-transform:uppercase;letter-spacing:0.8px;margin:0 0 6px 0;\">Vous pourriez aussi aimer<\/p>\n<h3 style=\"font-size:18px;margin:0 0 14px 0;color:#222;\">Articles similaires<\/h3>\n<ul style=\"margin:0;padding-left:20px;list-style:disc;\">\n<li style=\"margin-bottom:10px;\"><a href=\"https:\/\/monmaghreb.com\/index.php\/2026\/04\/28\/boutique-dartisanat-marocain-de-cherbourg-en-cotentin-une-nouvelle-avenue-pour-promouvoir-la-culture-maghrebine-en-france\/\" style=\"color:#0066cc;text-decoration:none;font-weight:500;\" title=\"Boutique d&#8217;artisanat marocain de Cherbourg-en-Cotentin : une nouvelle avenue pour promouvoir la culture maghr\u00e9bine en France\">Boutique d&#8217;artisanat marocain de Cherbourg-en-Cotentin : une nouvelle avenue pour promouvoir la culture maghr\u00e9bine en France<\/a><\/li>\n<li style=\"margin-bottom:10px;\"><a href=\"https:\/\/monmaghreb.com\/index.php\/2026\/04\/26\/maghreb-france-levolution-demographique-et-limmigration-en-france\/\" style=\"color:#0066cc;text-decoration:none;font-weight:500;\" title=\"Maghreb\u2013France : L&#8217;\u00e9volution d\u00e9mographique et l&#8217;immigration en France\">Maghreb\u2013France : L&#8217;\u00e9volution d\u00e9mographique et l&#8217;immigration en France<\/a><\/li>\n<li style=\"margin-bottom:10px;\"><a href=\"https:\/\/monmaghreb.com\/index.php\/2026\/04\/25\/le-medef-rapproche-les-relations-avec-lalgerie-une-nouvelle-perspective-economique-pour-la-diaspora-maghrebine\/\" style=\"color:#0066cc;text-decoration:none;font-weight:500;\" title=\"Le Medef rapproche les relations avec l&#8217;Alg\u00e9rie : une nouvelle perspective \u00e9conomique pour la diaspora maghr\u00e9bine\">Le Medef rapproche les relations avec l&#8217;Alg\u00e9rie : une nouvelle perspective \u00e9conomique pour la diaspora maghr\u00e9bine<\/a><\/li>\n<li style=\"margin-bottom:10px;\"><a href=\"https:\/\/monmaghreb.com\/index.php\/2026\/04\/27\/decouvrir-le-maghreb-par-lauthenticite-humaine-une-rencontre-avec-lautre\/\" style=\"color:#0066cc;text-decoration:none;font-weight:500;\" title=\"D\u00e9couvrir le Maghreb par l&#8217;authenticit\u00e9 humaine : une rencontre avec l&#8217;Autre\">D\u00e9couvrir le Maghreb par l&#8217;authenticit\u00e9 humaine : une rencontre avec l&#8217;Autre<\/a><\/li>\n<li style=\"margin-bottom:10px;\"><a href=\"https:\/\/monmaghreb.com\/index.php\/2026\/04\/27\/culture-et-diversite-au-maroc-decouvrez-les-scenes-culturelles-exceptionnelles\/\" style=\"color:#0066cc;text-decoration:none;font-weight:500;\" title=\"Culture et diversit\u00e9 au Maroc : d\u00e9couvrez les sc\u00e8nes culturelles exceptionnelles\">Culture et diversit\u00e9 au Maroc : d\u00e9couvrez les sc\u00e8nes culturelles exceptionnelles<\/a><\/li>\n<\/ul>\n<\/div>\n<p><\/body><br \/>\n<\/html><\/p>\n","protected":false},"excerpt":{"rendered":"<p>Red\u00e9couvrez le renouveau de l&#8217;aquarelle : voir la transformation du Hammam Sainte-M\u00e9nehould, un sanctuaire culturel unique. Un tournant important pour l&#8217;art aqu<\/p>\n","protected":false},"author":1,"featured_media":3647,"comment_status":"closed","ping_status":"open","sticky":false,"template":"","format":"standard","meta":{"_yoast_wpseo_focuskw":"aquarelle renaissance","_yoast_wpseo_title":"L'Aquarelle se lance dans une renaissance : redessignation d","_yoast_wpseo_metadesc":"Red\u00e9couvrez le renouveau de l'aquarelle : voir la transformation du Hammam Sainte-M\u00e9nehould, un sanctuaire culturel unique. Un tournant important pour l'art aqu","_yoast_wpseo_canonical":"","_yoast_wpseo_opengraph-title":"L'Aquarelle se lance dans une renaissance : redessignation du Hammam Sainte-M\u00e9nehould","_yoast_wpseo_opengraph-description":"Red\u00e9couvrez le renouveau de l'aquarelle : voir la transformation du Hammam Sainte-M\u00e9nehould, un sanctuaire culturel unique. Un tournant important pour l'art aqu","_yoast_wpseo_opengraph-image":"","tdm_status":"","tdm_grid_status":"","footnotes":""},"categories":[652],"tags":[2469,2319,2468,841,2470],"class_list":["post-3648","post","type-post","status-publish","format-standard","has-post-thumbnail","hentry","category-histoire-patrimoine","tag-art-aquarelle","tag-business-france-algerie","tag-culture-patrimoine","tag-diaspora-maghrebine","tag-renovation-architecturale"],"yoast_head":"<!-- This site is optimized with the Yoast SEO plugin v27.5 - https:\/\/yoast.com\/product\/yoast-seo-wordpress\/ -->\n<title>L&#039;Aquarelle se lance dans une renaissance : redessignation d<\/title>\n<meta name=\"description\" content=\"Red\u00e9couvrez le renouveau de l&#039;aquarelle : voir la transformation du Hammam Sainte-M\u00e9nehould, un sanctuaire culturel unique. Un tournant important pour l&#039;art aqu\" \/>\n<meta name=\"robots\" content=\"index, follow, max-snippet:-1, max-image-preview:large, max-video-preview:-1\" \/>\n<link rel=\"canonical\" href=\"https:\/\/monmaghreb.com\/index.php\/2026\/04\/29\/laquarelle-se-lance-dans-une-renaissance-redessignation-du-hammam-sainte-menehould\/\" \/>\n<meta property=\"og:locale\" content=\"en_US\" \/>\n<meta property=\"og:type\" content=\"article\" \/>\n<meta property=\"og:title\" content=\"L&#039;Aquarelle se lance dans une renaissance : redessignation du Hammam Sainte-M\u00e9nehould\" \/>\n<meta property=\"og:description\" content=\"Red\u00e9couvrez le renouveau de l&#039;aquarelle : voir la transformation du Hammam Sainte-M\u00e9nehould, un sanctuaire culturel unique. Un tournant important pour l&#039;art aqu\" \/>\n<meta property=\"og:url\" content=\"https:\/\/monmaghreb.com\/index.php\/2026\/04\/29\/laquarelle-se-lance-dans-une-renaissance-redessignation-du-hammam-sainte-menehould\/\" \/>\n<meta property=\"og:site_name\" content=\"Mon Maghreb\" \/>\n<meta property=\"article:author\" content=\"https:\/\/www.facebook.com\/monmaghrebcom\" \/>\n<meta property=\"article:published_time\" content=\"2026-04-29T04:34:34+00:00\" \/>\n<meta property=\"article:modified_time\" content=\"2026-04-29T04:34:36+00:00\" \/>\n<meta property=\"og:image\" content=\"https:\/\/monmaghreb.com\/wp-content\/uploads\/2026\/04\/featured-441.jpg\" \/>\n\t<meta property=\"og:image:width\" content=\"1880\" \/>\n\t<meta property=\"og:image:height\" content=\"1255\" \/>\n\t<meta property=\"og:image:type\" content=\"image\/jpeg\" \/>\n<meta name=\"author\" content=\"LaMagh\" \/>\n<meta name=\"twitter:card\" content=\"summary_large_image\" \/>\n<meta name=\"twitter:creator\" content=\"@MMaghreb50977\" \/>\n<meta name=\"twitter:label1\" content=\"Written by\" \/>\n\t<meta name=\"twitter:data1\" content=\"LaMagh\" \/>\n\t<meta name=\"twitter:label2\" content=\"Est. reading time\" \/>\n\t<meta name=\"twitter:data2\" content=\"3 minutes\" \/>\n<script type=\"application\/ld+json\" class=\"yoast-schema-graph\">{\"@context\":\"https:\\\/\\\/schema.org\",\"@graph\":[{\"@type\":\"Article\",\"@id\":\"https:\\\/\\\/monmaghreb.com\\\/index.php\\\/2026\\\/04\\\/29\\\/laquarelle-se-lance-dans-une-renaissance-redessignation-du-hammam-sainte-menehould\\\/#article\",\"isPartOf\":{\"@id\":\"https:\\\/\\\/monmaghreb.com\\\/index.php\\\/2026\\\/04\\\/29\\\/laquarelle-se-lance-dans-une-renaissance-redessignation-du-hammam-sainte-menehould\\\/\"},\"author\":{\"name\":\"LaMagh\",\"@id\":\"http:\\\/\\\/monmaghreb.com\\\/#\\\/schema\\\/person\\\/c469a89dc8c6b8987dcb438b1200d054\"},\"headline\":\"L&#8217;Aquarelle se lance dans une renaissance : redessignation du Hammam Sainte-M\u00e9nehould\",\"datePublished\":\"2026-04-29T04:34:34+00:00\",\"dateModified\":\"2026-04-29T04:34:36+00:00\",\"mainEntityOfPage\":{\"@id\":\"https:\\\/\\\/monmaghreb.com\\\/index.php\\\/2026\\\/04\\\/29\\\/laquarelle-se-lance-dans-une-renaissance-redessignation-du-hammam-sainte-menehould\\\/\"},\"wordCount\":677,\"publisher\":{\"@id\":\"http:\\\/\\\/monmaghreb.com\\\/#organization\"},\"image\":{\"@id\":\"https:\\\/\\\/monmaghreb.com\\\/index.php\\\/2026\\\/04\\\/29\\\/laquarelle-se-lance-dans-une-renaissance-redessignation-du-hammam-sainte-menehould\\\/#primaryimage\"},\"thumbnailUrl\":\"https:\\\/\\\/monmaghreb.com\\\/wp-content\\\/uploads\\\/2026\\\/04\\\/featured-441.jpg\",\"keywords\":[\"art aquarelle\",\"business france alg\u00e9rie\",\"culture patrimoine\",\"diaspora maghr\u00e9bine\",\"renovation architecturale\"],\"articleSection\":[\"Histoire &amp; Patrimoine\"],\"inLanguage\":\"en-US\"},{\"@type\":\"WebPage\",\"@id\":\"https:\\\/\\\/monmaghreb.com\\\/index.php\\\/2026\\\/04\\\/29\\\/laquarelle-se-lance-dans-une-renaissance-redessignation-du-hammam-sainte-menehould\\\/\",\"url\":\"https:\\\/\\\/monmaghreb.com\\\/index.php\\\/2026\\\/04\\\/29\\\/laquarelle-se-lance-dans-une-renaissance-redessignation-du-hammam-sainte-menehould\\\/\",\"name\":\"L'Aquarelle se lance dans une renaissance : redessignation d\",\"isPartOf\":{\"@id\":\"http:\\\/\\\/monmaghreb.com\\\/#website\"},\"primaryImageOfPage\":{\"@id\":\"https:\\\/\\\/monmaghreb.com\\\/index.php\\\/2026\\\/04\\\/29\\\/laquarelle-se-lance-dans-une-renaissance-redessignation-du-hammam-sainte-menehould\\\/#primaryimage\"},\"image\":{\"@id\":\"https:\\\/\\\/monmaghreb.com\\\/index.php\\\/2026\\\/04\\\/29\\\/laquarelle-se-lance-dans-une-renaissance-redessignation-du-hammam-sainte-menehould\\\/#primaryimage\"},\"thumbnailUrl\":\"https:\\\/\\\/monmaghreb.com\\\/wp-content\\\/uploads\\\/2026\\\/04\\\/featured-441.jpg\",\"datePublished\":\"2026-04-29T04:34:34+00:00\",\"dateModified\":\"2026-04-29T04:34:36+00:00\",\"description\":\"Red\u00e9couvrez le renouveau de l'aquarelle : voir la transformation du Hammam Sainte-M\u00e9nehould, un sanctuaire culturel unique. Un tournant important pour l'art aqu\",\"breadcrumb\":{\"@id\":\"https:\\\/\\\/monmaghreb.com\\\/index.php\\\/2026\\\/04\\\/29\\\/laquarelle-se-lance-dans-une-renaissance-redessignation-du-hammam-sainte-menehould\\\/#breadcrumb\"},\"inLanguage\":\"en-US\",\"potentialAction\":[{\"@type\":\"ReadAction\",\"target\":[\"https:\\\/\\\/monmaghreb.com\\\/index.php\\\/2026\\\/04\\\/29\\\/laquarelle-se-lance-dans-une-renaissance-redessignation-du-hammam-sainte-menehould\\\/\"]}]},{\"@type\":\"ImageObject\",\"inLanguage\":\"en-US\",\"@id\":\"https:\\\/\\\/monmaghreb.com\\\/index.php\\\/2026\\\/04\\\/29\\\/laquarelle-se-lance-dans-une-renaissance-redessignation-du-hammam-sainte-menehould\\\/#primaryimage\",\"url\":\"https:\\\/\\\/monmaghreb.com\\\/wp-content\\\/uploads\\\/2026\\\/04\\\/featured-441.jpg\",\"contentUrl\":\"https:\\\/\\\/monmaghreb.com\\\/wp-content\\\/uploads\\\/2026\\\/04\\\/featured-441.jpg\",\"width\":1880,\"height\":1255,\"caption\":\"Hammam Sainte-M\u00e9nehould - renaissance de l'aquarelle\"},{\"@type\":\"BreadcrumbList\",\"@id\":\"https:\\\/\\\/monmaghreb.com\\\/index.php\\\/2026\\\/04\\\/29\\\/laquarelle-se-lance-dans-une-renaissance-redessignation-du-hammam-sainte-menehould\\\/#breadcrumb\",\"itemListElement\":[{\"@type\":\"ListItem\",\"position\":1,\"name\":\"Home\",\"item\":\"http:\\\/\\\/monmaghreb.com\\\/\"},{\"@type\":\"ListItem\",\"position\":2,\"name\":\"L&#8217;Aquarelle se lance dans une renaissance : redessignation du Hammam Sainte-M\u00e9nehould\"}]},{\"@type\":\"WebSite\",\"@id\":\"http:\\\/\\\/monmaghreb.com\\\/#website\",\"url\":\"http:\\\/\\\/monmaghreb.com\\\/\",\"name\":\"Mon Maghreb\",\"description\":\"MonMaghreb United\",\"publisher\":{\"@id\":\"http:\\\/\\\/monmaghreb.com\\\/#organization\"},\"alternateName\":\"Le Monde du Maghreb et au del\u00e0\",\"potentialAction\":[{\"@type\":\"SearchAction\",\"target\":{\"@type\":\"EntryPoint\",\"urlTemplate\":\"http:\\\/\\\/monmaghreb.com\\\/?s={search_term_string}\"},\"query-input\":{\"@type\":\"PropertyValueSpecification\",\"valueRequired\":true,\"valueName\":\"search_term_string\"}}],\"inLanguage\":\"en-US\"},{\"@type\":\"Organization\",\"@id\":\"http:\\\/\\\/monmaghreb.com\\\/#organization\",\"name\":\"Mon Maghreb\",\"url\":\"http:\\\/\\\/monmaghreb.com\\\/\",\"logo\":{\"@type\":\"ImageObject\",\"inLanguage\":\"en-US\",\"@id\":\"http:\\\/\\\/monmaghreb.com\\\/#\\\/schema\\\/logo\\\/image\\\/\",\"url\":\"https:\\\/\\\/monmaghreb.com\\\/wp-content\\\/uploads\\\/2025\\\/12\\\/Mon_Maghreb_Logo.jpg\",\"contentUrl\":\"https:\\\/\\\/monmaghreb.com\\\/wp-content\\\/uploads\\\/2025\\\/12\\\/Mon_Maghreb_Logo.jpg\",\"width\":814,\"height\":374,\"caption\":\"Mon Maghreb\"},\"image\":{\"@id\":\"http:\\\/\\\/monmaghreb.com\\\/#\\\/schema\\\/logo\\\/image\\\/\"}},{\"@type\":\"Person\",\"@id\":\"http:\\\/\\\/monmaghreb.com\\\/#\\\/schema\\\/person\\\/c469a89dc8c6b8987dcb438b1200d054\",\"name\":\"LaMagh\",\"image\":{\"@type\":\"ImageObject\",\"inLanguage\":\"en-US\",\"@id\":\"https:\\\/\\\/secure.gravatar.com\\\/avatar\\\/399d8144bd55fba55e056779aca52fe528bac7911f6449e54d81173d6dfd7f0a?s=96&d=mm&r=g\",\"url\":\"https:\\\/\\\/secure.gravatar.com\\\/avatar\\\/399d8144bd55fba55e056779aca52fe528bac7911f6449e54d81173d6dfd7f0a?s=96&d=mm&r=g\",\"contentUrl\":\"https:\\\/\\\/secure.gravatar.com\\\/avatar\\\/399d8144bd55fba55e056779aca52fe528bac7911f6449e54d81173d6dfd7f0a?s=96&d=mm&r=g\",\"caption\":\"LaMagh\"},\"sameAs\":[\"https:\\\/\\\/monmaghreb.com\",\"https:\\\/\\\/www.facebook.com\\\/monmaghrebcom\",\"https:\\\/\\\/x.com\\\/MMaghreb50977\"],\"url\":\"https:\\\/\\\/monmaghreb.com\\\/index.php\\\/author\\\/lamagh\\\/\"}]}<\/script>\n<!-- \/ Yoast SEO plugin. -->","yoast_head_json":{"title":"L'Aquarelle se lance dans une renaissance : redessignation d","description":"Red\u00e9couvrez le renouveau de l'aquarelle : voir la transformation du Hammam Sainte-M\u00e9nehould, un sanctuaire culturel unique. Un tournant important pour l'art aqu","robots":{"index":"index","follow":"follow","max-snippet":"max-snippet:-1","max-image-preview":"max-image-preview:large","max-video-preview":"max-video-preview:-1"},"canonical":"https:\/\/monmaghreb.com\/index.php\/2026\/04\/29\/laquarelle-se-lance-dans-une-renaissance-redessignation-du-hammam-sainte-menehould\/","og_locale":"en_US","og_type":"article","og_title":"L'Aquarelle se lance dans une renaissance : redessignation du Hammam Sainte-M\u00e9nehould","og_description":"Red\u00e9couvrez le renouveau de l'aquarelle : voir la transformation du Hammam Sainte-M\u00e9nehould, un sanctuaire culturel unique. Un tournant important pour l'art aqu","og_url":"https:\/\/monmaghreb.com\/index.php\/2026\/04\/29\/laquarelle-se-lance-dans-une-renaissance-redessignation-du-hammam-sainte-menehould\/","og_site_name":"Mon Maghreb","article_author":"https:\/\/www.facebook.com\/monmaghrebcom","article_published_time":"2026-04-29T04:34:34+00:00","article_modified_time":"2026-04-29T04:34:36+00:00","og_image":[{"width":1880,"height":1255,"url":"https:\/\/monmaghreb.com\/wp-content\/uploads\/2026\/04\/featured-441.jpg","type":"image\/jpeg"}],"author":"LaMagh","twitter_card":"summary_large_image","twitter_creator":"@MMaghreb50977","twitter_misc":{"Written by":"LaMagh","Est. reading time":"3 minutes"},"schema":{"@context":"https:\/\/schema.org","@graph":[{"@type":"Article","@id":"https:\/\/monmaghreb.com\/index.php\/2026\/04\/29\/laquarelle-se-lance-dans-une-renaissance-redessignation-du-hammam-sainte-menehould\/#article","isPartOf":{"@id":"https:\/\/monmaghreb.com\/index.php\/2026\/04\/29\/laquarelle-se-lance-dans-une-renaissance-redessignation-du-hammam-sainte-menehould\/"},"author":{"name":"LaMagh","@id":"http:\/\/monmaghreb.com\/#\/schema\/person\/c469a89dc8c6b8987dcb438b1200d054"},"headline":"L&#8217;Aquarelle se lance dans une renaissance : redessignation du Hammam Sainte-M\u00e9nehould","datePublished":"2026-04-29T04:34:34+00:00","dateModified":"2026-04-29T04:34:36+00:00","mainEntityOfPage":{"@id":"https:\/\/monmaghreb.com\/index.php\/2026\/04\/29\/laquarelle-se-lance-dans-une-renaissance-redessignation-du-hammam-sainte-menehould\/"},"wordCount":677,"publisher":{"@id":"http:\/\/monmaghreb.com\/#organization"},"image":{"@id":"https:\/\/monmaghreb.com\/index.php\/2026\/04\/29\/laquarelle-se-lance-dans-une-renaissance-redessignation-du-hammam-sainte-menehould\/#primaryimage"},"thumbnailUrl":"https:\/\/monmaghreb.com\/wp-content\/uploads\/2026\/04\/featured-441.jpg","keywords":["art aquarelle","business france alg\u00e9rie","culture patrimoine","diaspora maghr\u00e9bine","renovation architecturale"],"articleSection":["Histoire &amp; Patrimoine"],"inLanguage":"en-US"},{"@type":"WebPage","@id":"https:\/\/monmaghreb.com\/index.php\/2026\/04\/29\/laquarelle-se-lance-dans-une-renaissance-redessignation-du-hammam-sainte-menehould\/","url":"https:\/\/monmaghreb.com\/index.php\/2026\/04\/29\/laquarelle-se-lance-dans-une-renaissance-redessignation-du-hammam-sainte-menehould\/","name":"L'Aquarelle se lance dans une renaissance : redessignation d","isPartOf":{"@id":"http:\/\/monmaghreb.com\/#website"},"primaryImageOfPage":{"@id":"https:\/\/monmaghreb.com\/index.php\/2026\/04\/29\/laquarelle-se-lance-dans-une-renaissance-redessignation-du-hammam-sainte-menehould\/#primaryimage"},"image":{"@id":"https:\/\/monmaghreb.com\/index.php\/2026\/04\/29\/laquarelle-se-lance-dans-une-renaissance-redessignation-du-hammam-sainte-menehould\/#primaryimage"},"thumbnailUrl":"https:\/\/monmaghreb.com\/wp-content\/uploads\/2026\/04\/featured-441.jpg","datePublished":"2026-04-29T04:34:34+00:00","dateModified":"2026-04-29T04:34:36+00:00","description":"Red\u00e9couvrez le renouveau de l'aquarelle : voir la transformation du Hammam Sainte-M\u00e9nehould, un sanctuaire culturel unique. Un tournant important pour l'art aqu","breadcrumb":{"@id":"https:\/\/monmaghreb.com\/index.php\/2026\/04\/29\/laquarelle-se-lance-dans-une-renaissance-redessignation-du-hammam-sainte-menehould\/#breadcrumb"},"inLanguage":"en-US","potentialAction":[{"@type":"ReadAction","target":["https:\/\/monmaghreb.com\/index.php\/2026\/04\/29\/laquarelle-se-lance-dans-une-renaissance-redessignation-du-hammam-sainte-menehould\/"]}]},{"@type":"ImageObject","inLanguage":"en-US","@id":"https:\/\/monmaghreb.com\/index.php\/2026\/04\/29\/laquarelle-se-lance-dans-une-renaissance-redessignation-du-hammam-sainte-menehould\/#primaryimage","url":"https:\/\/monmaghreb.com\/wp-content\/uploads\/2026\/04\/featured-441.jpg","contentUrl":"https:\/\/monmaghreb.com\/wp-content\/uploads\/2026\/04\/featured-441.jpg","width":1880,"height":1255,"caption":"Hammam Sainte-M\u00e9nehould - renaissance de l'aquarelle"},{"@type":"BreadcrumbList","@id":"https:\/\/monmaghreb.com\/index.php\/2026\/04\/29\/laquarelle-se-lance-dans-une-renaissance-redessignation-du-hammam-sainte-menehould\/#breadcrumb","itemListElement":[{"@type":"ListItem","position":1,"name":"Home","item":"http:\/\/monmaghreb.com\/"},{"@type":"ListItem","position":2,"name":"L&#8217;Aquarelle se lance dans une renaissance : redessignation du Hammam Sainte-M\u00e9nehould"}]},{"@type":"WebSite","@id":"http:\/\/monmaghreb.com\/#website","url":"http:\/\/monmaghreb.com\/","name":"Mon Maghreb","description":"MonMaghreb United","publisher":{"@id":"http:\/\/monmaghreb.com\/#organization"},"alternateName":"Le Monde du Maghreb et au del\u00e0","potentialAction":[{"@type":"SearchAction","target":{"@type":"EntryPoint","urlTemplate":"http:\/\/monmaghreb.com\/?s={search_term_string}"},"query-input":{"@type":"PropertyValueSpecification","valueRequired":true,"valueName":"search_term_string"}}],"inLanguage":"en-US"},{"@type":"Organization","@id":"http:\/\/monmaghreb.com\/#organization","name":"Mon Maghreb","url":"http:\/\/monmaghreb.com\/","logo":{"@type":"ImageObject","inLanguage":"en-US","@id":"http:\/\/monmaghreb.com\/#\/schema\/logo\/image\/","url":"https:\/\/monmaghreb.com\/wp-content\/uploads\/2025\/12\/Mon_Maghreb_Logo.jpg","contentUrl":"https:\/\/monmaghreb.com\/wp-content\/uploads\/2025\/12\/Mon_Maghreb_Logo.jpg","width":814,"height":374,"caption":"Mon Maghreb"},"image":{"@id":"http:\/\/monmaghreb.com\/#\/schema\/logo\/image\/"}},{"@type":"Person","@id":"http:\/\/monmaghreb.com\/#\/schema\/person\/c469a89dc8c6b8987dcb438b1200d054","name":"LaMagh","image":{"@type":"ImageObject","inLanguage":"en-US","@id":"https:\/\/secure.gravatar.com\/avatar\/399d8144bd55fba55e056779aca52fe528bac7911f6449e54d81173d6dfd7f0a?s=96&d=mm&r=g","url":"https:\/\/secure.gravatar.com\/avatar\/399d8144bd55fba55e056779aca52fe528bac7911f6449e54d81173d6dfd7f0a?s=96&d=mm&r=g","contentUrl":"https:\/\/secure.gravatar.com\/avatar\/399d8144bd55fba55e056779aca52fe528bac7911f6449e54d81173d6dfd7f0a?s=96&d=mm&r=g","caption":"LaMagh"},"sameAs":["https:\/\/monmaghreb.com","https:\/\/www.facebook.com\/monmaghrebcom","https:\/\/x.com\/MMaghreb50977"],"url":"https:\/\/monmaghreb.com\/index.php\/author\/lamagh\/"}]}},"_links":{"self":[{"href":"https:\/\/monmaghreb.com\/index.php\/wp-json\/wp\/v2\/posts\/3648","targetHints":{"allow":["GET"]}}],"collection":[{"href":"https:\/\/monmaghreb.com\/index.php\/wp-json\/wp\/v2\/posts"}],"about":[{"href":"https:\/\/monmaghreb.com\/index.php\/wp-json\/wp\/v2\/types\/post"}],"author":[{"embeddable":true,"href":"https:\/\/monmaghreb.com\/index.php\/wp-json\/wp\/v2\/users\/1"}],"replies":[{"embeddable":true,"href":"https:\/\/monmaghreb.com\/index.php\/wp-json\/wp\/v2\/comments?post=3648"}],"version-history":[{"count":1,"href":"https:\/\/monmaghreb.com\/index.php\/wp-json\/wp\/v2\/posts\/3648\/revisions"}],"predecessor-version":[{"id":3649,"href":"https:\/\/monmaghreb.com\/index.php\/wp-json\/wp\/v2\/posts\/3648\/revisions\/3649"}],"wp:featuredmedia":[{"embeddable":true,"href":"https:\/\/monmaghreb.com\/index.php\/wp-json\/wp\/v2\/media\/3647"}],"wp:attachment":[{"href":"https:\/\/monmaghreb.com\/index.php\/wp-json\/wp\/v2\/media?parent=3648"}],"wp:term":[{"taxonomy":"category","embeddable":true,"href":"https:\/\/monmaghreb.com\/index.php\/wp-json\/wp\/v2\/categories?post=3648"},{"taxonomy":"post_tag","embeddable":true,"href":"https:\/\/monmaghreb.com\/index.php\/wp-json\/wp\/v2\/tags?post=3648"}],"curies":[{"name":"wp","href":"https:\/\/api.w.org\/{rel}","templated":true}]}}