{"id":3654,"date":"2026-04-29T11:04:54","date_gmt":"2026-04-29T11:04:54","guid":{"rendered":"https:\/\/monmaghreb.com\/index.php\/2026\/04\/29\/nouvelle-direction-au-spa-et-institut-de-beaute-de-a-a-zen-vitre-ouest\/"},"modified":"2026-04-29T11:04:58","modified_gmt":"2026-04-29T11:04:58","slug":"nouvelle-direction-au-spa-et-institut-de-beaute-de-a-a-zen-vitre-ouest","status":"publish","type":"post","link":"https:\/\/monmaghreb.com\/index.php\/2026\/04\/29\/nouvelle-direction-au-spa-et-institut-de-beaute-de-a-a-zen-vitre-ouest\/","title":{"rendered":"Nouvelle direction au Spa et Institut de Beaut\u00e9 De A \u00e0 Zen Vitr\u00e9 &#8211; Ouest"},"content":{"rendered":"<p><!DOCTYPE html><br \/>\n<html lang='fr'><br \/>\n<head><br \/>\n    <meta charset='UTF-8'><br \/>\n    <meta name='viewport' content='width=device-width, initial-scale=1.0'><br \/>\n    <title>Nouvelle direction au Spa et Institut de Beaut\u00e9 De A \u00e0 Zen Vitr\u00e9 &#8211; Ouest<\/title><br \/>\n<\/head><br \/>\n<body><\/p>\n<h1>Nouvelle direction au Spa et Institut de Beaut\u00e9 De A \u00e0 Zen Vitr\u00e9 &#8211; Ouest<\/h1>\n<p>Bienvenue chez De A \u00e0 Zen, le spa et institut de beaut\u00e9 \u00e0 la pointe du secteur dans l&#8217;Ouest de la France. Nous sommes heureux d&#8217;annoncer un changement significatif qui va nous permettre de vous offrir une exp\u00e9rience de bien-\u00eatre encore plus exceptionnelle : une <a href=\"https:\/\/monmaghreb.com\/index.php\/2026\/04\/28\/retro-cassetta-en-concert-a-rennes-du-chaabi-au-rap-une-nouvelle-approche-de-la-musique-maghrebine\/\" title=\"Retro Cassetta en concert \u00e0 Rennes : du cha\u00e2bi au rap, une nouvelle approche de la musique maghr\u00e9bine\">nouvelle<\/a> direction \u00e0 notre \u00e9quipe.<\/p>\n<h2>La nouvelle directrice, une figure embl\u00e9matique de l&#8217;industrie<\/h2>\n<p>Nos clients les plus avertis ont probablement d\u00e9j\u00e0 entendu parler de notre nouvelle directrice, Madame Leclercq. Elle est un nom connu dans le monde de la beaut\u00e9 et du bien-\u00eatre avec une carri\u00e8re remarquable qui comprend des postes \u00e0 des institutions renomm\u00e9es en France et \u00e0 l&#8217;international.<\/p>\n<p>En 10 ans d&#8217;exp\u00e9rience, Madame Leclercq a acquis une solide r\u00e9putation pour son expertise dans le domaine de la beaut\u00e9 et du bien-\u00eatre. Elle a travaill\u00e9 avec des marques prestigieuses et a d\u00e9velopp\u00e9 des traitements innovants qui ont aid\u00e9 \u00e0 am\u00e9liorer les vies des clients.<\/p>\n<p>Sa passion pour la beaut\u00e9 et le bien-\u00eatre, associ\u00e9e \u00e0 ses comp\u00e9tences exceptionnelles et son exp\u00e9rience dans le domaine, font de Madame Leclercq une personne id\u00e9ale pour diriger notre \u00e9quipe. Elle apporte une nouvelle \u00e9nergie et des id\u00e9es enrichissantes qui vont permettre \u00e0 De A \u00e0 Zen de continuer \u00e0 se distinguer parmi les meilleurs spas et instituts de beaut\u00e9.<\/p>\n<p>Madame Leclercq sera pr\u00e9sente dans notre \u00e9tablissement d\u00e8s le d\u00e9but du mois prochain. N&#8217;h\u00e9sitez pas \u00e0 venir la rencontrer et \u00e0 profiter de son expertise et de son enthousiasme !<\/p>\n<h2>Nouveaux traitements en soins corporels et esth\u00e9tiques<\/h2>\n<p>Une nouvelle directrice signifie \u00e9galement des changements dans les soins corporels et esth\u00e9tiques que nous proposons. Nous sommes heureux de vous annoncer qu&#8217;une nouvelle gamme de traitements est pr\u00eate \u00e0 \u00eatre mise en place.<\/p>\n<p>Nos nouveaux traitements sont con\u00e7us pour r\u00e9pondre aux plus hautes demandes des clients et \u00e0 leur offrir un niveau de bien-\u00eatre exceptionnel. Ils sont bas\u00e9s sur les derni\u00e8res recherches scientifiques, la technologie innovante et l&#8217;utilisation de produits naturels de haute qualit\u00e9.<\/p>\n<ul>\n<li>Le traitement anti-\u00e2ge : un traitement pour ralentir l&#8217;apparition des signes du vieillissement. Ce traitement est con\u00e7u pour aider \u00e0 r\u00e9duire les rides, les taches de rousseur et la perte de densit\u00e9 osseuse.<\/li>\n<li>Le traitement de d\u00e9tente : un traitement pour soulager la douleur et la fatigue. Ce traitement est con\u00e7u pour aider \u00e0 r\u00e9duire la tension musculaire et \u00e0 am\u00e9liorer l&#8217;endurance physique.<\/li>\n<li>Le traitement de bien-\u00eatre global : un traitement complet pour le corps et l&#8217;esprit. Ce traitement est con\u00e7u pour aider \u00e0 \u00e9quilibrer l&#8217;\u00e9nergie, \u00e0 r\u00e9duire le stress et \u00e0 am\u00e9liorer la qualit\u00e9 du sommeil.<\/li>\n<\/ul>\n<h2>Nouveaux produits dans notre boutique<\/h2>\n<p>En plus de nos nouveaux traitements, nous sommes \u00e9galement heureux d&#8217;annoncer que nous allons introduire une nouvelle ligne de produits dans notre boutique.<\/p>\n<p>Ces produits sont con\u00e7us par des experts de la beaut\u00e9 et sont bas\u00e9s sur les derni\u00e8res recherches scientifiques pour vous offrir un produit de haute qualit\u00e9 qui r\u00e9pondra \u00e0 toutes vos demandes en mati\u00e8re de soins corporels et esth\u00e9tiques.<\/p>\n<ul>\n<li>La cr\u00e8me anti-\u00e2ge : une cr\u00e8me riche et nutritive pour le visage. Cette cr\u00e8me contient des ingr\u00e9dients naturels qui aident \u00e0 r\u00e9duire les rides, les taches de rousseur et la perte de densit\u00e9 osseuse.<\/li>\n<li>Le masque hydratant : un masque qui soulage la s\u00e9cheresse de la peau. Ce masque contient des ingr\u00e9dients naturels qui aident \u00e0 nourrir et \u00e0 hydrater la peau.<\/li>\n<li>L&#8217;huile aromatique : une huile naturelle pour l&#8217;aromath\u00e9rapie. Cette huile contient des essences naturelles qui aident \u00e0 r\u00e9duire le stress, \u00e0 am\u00e9liorer l&#8217;humeur et \u00e0 soulager la douleur.<\/li>\n<\/ul>\n<h2>Nos soins corporels traditionnels et rituels<\/h2>\n<p>Bien que nous introduisions de nouveaux traitements, nous restons fid\u00e8les \u00e0 nos soins corporels traditionnels et rituels qui font la renomm\u00e9e de De A \u00e0 Zen.<\/p>\n<p>Nous offrons un large choix de soins corporels traditionnels comme le hammam marocain, le massage tha\u00ef, le yoga ainsi que des rituels esth\u00e9tiques comme les soins pour les mains et les pieds.<\/p>\n<ul>\n<li>Le hammam marocain : un rituel traditionnel qui vous permettra de d\u00e9toxifier votre corps en profondeur. Ce hammam combine l&#8217;eau chaude, la vapeur et les herbes m\u00e9dicinales pour aider \u00e0 \u00e9liminer les toxines et \u00e0 r\u00e9duire la fatigue.<\/li>\n<li>Le massage tha\u00ef : un massage traditionnel qui relaxe et soulage la douleur. Ce massage utilise des techniques sp\u00e9cifiques pour aider \u00e0 r\u00e9duire la tension musculaire, l&#8217;anxi\u00e9t\u00e9 et la fatigue.<\/li>\n<li>Le yoga : des cours de yoga pour l&#8217;esprit, le corps et l&#8217;\u00e2me. Nous offrons des s\u00e9ances de yoga d\u00e9di\u00e9es pour les d\u00e9butants ainsi que pour les pratiquants exp\u00e9riment\u00e9s.<\/li>\n<\/ul>\n<h2>Notre invitation \u00e0 vous<\/h2>\n<p>Bienvenue chez De A \u00e0 Zen. Nous sommes heureux d&#8217;accueillir Madame Leclercq, notre nouvelle directrice, et de vous inviter \u00e0 venir profiter des changements que nous avons apport\u00e9s.<\/p>\n<p>Nous sommes convaincus qu&#8217;elle va permettre \u00e0 De A \u00e0 Zen de continuer \u00e0 \u00eatre un leader dans le secteur du bien-\u00eatre. N&#8217;h\u00e9sitez pas \u00e0 venir rencontrer Madame Leclercq et \u00e0 profiter des nouveaux traitements que nous offrons.<\/p>\n<p>Nous avons \u00e9t\u00e9 cr\u00e9\u00e9 pour vous aider \u00e0 trouver la paix, le bien-\u00eatre et le bonheur en vous-m\u00eame. N&#8217;h\u00e9sitez pas \u00e0 venir nous voir !<\/p>\n<div style=\"background:#f8f9fa;border-left:4px solid #0066cc;border-radius:6px;padding:20px 24px;margin:32px 0;\">\n<p style=\"font-size:13px;color:#888;text-transform:uppercase;letter-spacing:0.8px;margin:0 0 6px 0;\">Vous pourriez aussi aimer<\/p>\n<h3 style=\"font-size:18px;margin:0 0 14px 0;color:#222;\">Articles similaires<\/h3>\n<ul style=\"margin:0;padding-left:20px;list-style:disc;\">\n<li style=\"margin-bottom:10px;\"><a href=\"https:\/\/monmaghreb.com\/index.php\/2026\/04\/28\/retro-cassetta-en-concert-a-rennes-du-chaabi-au-rap-une-nouvelle-approche-de-la-musique-maghrebine\/\" style=\"color:#0066cc;text-decoration:none;font-weight:500;\" title=\"Retro Cassetta en concert \u00e0 Rennes : du cha\u00e2bi au rap, une nouvelle approche de la musique maghr\u00e9bine\">Retro Cassetta en concert \u00e0 Rennes : du cha\u00e2bi au rap, une nouvelle approche de la musique maghr\u00e9bine<\/a><\/li>\n<li style=\"margin-bottom:10px;\"><a href=\"https:\/\/monmaghreb.com\/index.php\/2026\/04\/28\/boutique-dartisanat-marocain-de-cherbourg-en-cotentin-une-nouvelle-avenue-pour-promouvoir-la-culture-maghrebine-en-france\/\" style=\"color:#0066cc;text-decoration:none;font-weight:500;\" title=\"Boutique d&#8217;artisanat marocain de Cherbourg-en-Cotentin : une nouvelle avenue pour promouvoir la culture maghr\u00e9bine en France\">Boutique d&#8217;artisanat marocain de Cherbourg-en-Cotentin : une nouvelle avenue pour promouvoir la culture maghr\u00e9bine en France<\/a><\/li>\n<li style=\"margin-bottom:10px;\"><a href=\"https:\/\/monmaghreb.com\/index.php\/2026\/04\/28\/un-voyage-au-sud-de-lalgerie-decouvrir-la-beaute-du-desert-saharien\/\" style=\"color:#0066cc;text-decoration:none;font-weight:500;\" title=\"Un voyage au sud de l&#8217;Alg\u00e9rie : d\u00e9couvrir la beaut\u00e9 du d\u00e9sert saharien\">Un voyage au sud de l&#8217;Alg\u00e9rie : d\u00e9couvrir la beaut\u00e9 du d\u00e9sert saharien<\/a><\/li>\n<li style=\"margin-bottom:10px;\"><a href=\"https:\/\/monmaghreb.com\/index.php\/2026\/04\/25\/transcription-des-mariages-coutumiers-et-religieux-en-burkina-faso-une-nouvelle-etape-vers-legalite\/\" style=\"color:#0066cc;text-decoration:none;font-weight:500;\" title=\"Transcription des mariages coutumiers et religieux en Burkina Faso : une nouvelle \u00e9tape vers l&#8217;\u00e9galit\u00e9\">Transcription des mariages coutumiers et religieux en Burkina Faso : une nouvelle \u00e9tape vers l&#8217;\u00e9galit\u00e9<\/a><\/li>\n<li style=\"margin-bottom:10px;\"><a href=\"https:\/\/monmaghreb.com\/index.php\/2026\/04\/25\/le-tourisme-tunisien-2025-une-nouvelle-rivale-du-maroc-selon-les-medias-francais\/\" style=\"color:#0066cc;text-decoration:none;font-weight:500;\" title=\"Le tourisme tunisien 2025 : Une nouvelle rivale du Maroc selon les m\u00e9dias fran\u00e7ais\">Le tourisme tunisien 2025 : Une nouvelle rivale du Maroc selon les m\u00e9dias fran\u00e7ais<\/a><\/li>\n<\/ul>\n<\/div>\n<p><\/body><br \/>\n<\/html><\/p>\n","protected":false},"excerpt":{"rendered":"<p>Nouvelle direction au Spa et Institut de Beaut\u00e9 De A \u00e0 Zen Vitr\u00e9 &#8211; Ouest<\/p>\n","protected":false},"author":1,"featured_media":3653,"comment_status":"closed","ping_status":"open","sticky":false,"template":"","format":"standard","meta":{"_yoast_wpseo_focuskw":"nouvelle direction spa institut","_yoast_wpseo_title":"Nouvelle direction au Spa et Institut de Beaut\u00e9 De A \u00e0 Zen V","_yoast_wpseo_metadesc":"Nouvelle direction au Spa et Institut de Beaut\u00e9 De A \u00e0 Zen Vitr\u00e9 - Ouest","_yoast_wpseo_canonical":"","_yoast_wpseo_opengraph-title":"Nouvelle direction au Spa et Institut de Beaut\u00e9 De A \u00e0 Zen Vitr\u00e9 - Ouest","_yoast_wpseo_opengraph-description":"Nouvelle direction au Spa et Institut de Beaut\u00e9 De A \u00e0 Zen Vitr\u00e9 - Ouest","_yoast_wpseo_opengraph-image":"","tdm_status":"","tdm_grid_status":"","footnotes":""},"categories":[657],"tags":[],"class_list":["post-3654","post","type-post","status-publish","format-standard","has-post-thumbnail","hentry","category-mode-beaute"],"yoast_head":"<!-- This site is optimized with the Yoast SEO plugin v27.5 - https:\/\/yoast.com\/product\/yoast-seo-wordpress\/ -->\n<title>Nouvelle direction au Spa et Institut de Beaut\u00e9 De A \u00e0 Zen V<\/title>\n<meta name=\"description\" content=\"Nouvelle direction au Spa et Institut de Beaut\u00e9 De A \u00e0 Zen Vitr\u00e9 - Ouest\" \/>\n<meta name=\"robots\" content=\"index, follow, max-snippet:-1, max-image-preview:large, max-video-preview:-1\" \/>\n<link rel=\"canonical\" href=\"https:\/\/monmaghreb.com\/index.php\/2026\/04\/29\/nouvelle-direction-au-spa-et-institut-de-beaute-de-a-a-zen-vitre-ouest\/\" \/>\n<meta property=\"og:locale\" content=\"en_US\" \/>\n<meta property=\"og:type\" content=\"article\" \/>\n<meta property=\"og:title\" content=\"Nouvelle direction au Spa et Institut de Beaut\u00e9 De A \u00e0 Zen Vitr\u00e9 - Ouest\" \/>\n<meta property=\"og:description\" content=\"Nouvelle direction au Spa et Institut de Beaut\u00e9 De A \u00e0 Zen Vitr\u00e9 - Ouest\" \/>\n<meta property=\"og:url\" content=\"https:\/\/monmaghreb.com\/index.php\/2026\/04\/29\/nouvelle-direction-au-spa-et-institut-de-beaute-de-a-a-zen-vitre-ouest\/\" \/>\n<meta property=\"og:site_name\" content=\"Mon Maghreb\" \/>\n<meta property=\"article:author\" content=\"https:\/\/www.facebook.com\/monmaghrebcom\" \/>\n<meta property=\"article:published_time\" content=\"2026-04-29T11:04:54+00:00\" \/>\n<meta property=\"article:modified_time\" content=\"2026-04-29T11:04:58+00:00\" \/>\n<meta property=\"og:image\" content=\"https:\/\/monmaghreb.com\/wp-content\/uploads\/2026\/04\/featured-443.jpg\" \/>\n\t<meta property=\"og:image:width\" content=\"1880\" \/>\n\t<meta property=\"og:image:height\" content=\"1253\" \/>\n\t<meta property=\"og:image:type\" content=\"image\/jpeg\" \/>\n<meta name=\"author\" content=\"LaMagh\" \/>\n<meta name=\"twitter:card\" content=\"summary_large_image\" \/>\n<meta name=\"twitter:creator\" content=\"@MMaghreb50977\" \/>\n<meta name=\"twitter:label1\" content=\"Written by\" \/>\n\t<meta name=\"twitter:data1\" content=\"LaMagh\" \/>\n\t<meta name=\"twitter:label2\" content=\"Est. reading time\" \/>\n\t<meta name=\"twitter:data2\" content=\"5 minutes\" \/>\n<script type=\"application\/ld+json\" class=\"yoast-schema-graph\">{\"@context\":\"https:\\\/\\\/schema.org\",\"@graph\":[{\"@type\":\"Article\",\"@id\":\"https:\\\/\\\/monmaghreb.com\\\/index.php\\\/2026\\\/04\\\/29\\\/nouvelle-direction-au-spa-et-institut-de-beaute-de-a-a-zen-vitre-ouest\\\/#article\",\"isPartOf\":{\"@id\":\"https:\\\/\\\/monmaghreb.com\\\/index.php\\\/2026\\\/04\\\/29\\\/nouvelle-direction-au-spa-et-institut-de-beaute-de-a-a-zen-vitre-ouest\\\/\"},\"author\":{\"name\":\"LaMagh\",\"@id\":\"http:\\\/\\\/monmaghreb.com\\\/#\\\/schema\\\/person\\\/c469a89dc8c6b8987dcb438b1200d054\"},\"headline\":\"Nouvelle direction au Spa et Institut de Beaut\u00e9 De A \u00e0 Zen Vitr\u00e9 &#8211; Ouest\",\"datePublished\":\"2026-04-29T11:04:54+00:00\",\"dateModified\":\"2026-04-29T11:04:58+00:00\",\"mainEntityOfPage\":{\"@id\":\"https:\\\/\\\/monmaghreb.com\\\/index.php\\\/2026\\\/04\\\/29\\\/nouvelle-direction-au-spa-et-institut-de-beaute-de-a-a-zen-vitre-ouest\\\/\"},\"wordCount\":1008,\"publisher\":{\"@id\":\"http:\\\/\\\/monmaghreb.com\\\/#organization\"},\"image\":{\"@id\":\"https:\\\/\\\/monmaghreb.com\\\/index.php\\\/2026\\\/04\\\/29\\\/nouvelle-direction-au-spa-et-institut-de-beaute-de-a-a-zen-vitre-ouest\\\/#primaryimage\"},\"thumbnailUrl\":\"https:\\\/\\\/monmaghreb.com\\\/wp-content\\\/uploads\\\/2026\\\/04\\\/featured-443.jpg\",\"articleSection\":[\"Mode &amp; Beaut\u00e9\"],\"inLanguage\":\"en-US\"},{\"@type\":\"WebPage\",\"@id\":\"https:\\\/\\\/monmaghreb.com\\\/index.php\\\/2026\\\/04\\\/29\\\/nouvelle-direction-au-spa-et-institut-de-beaute-de-a-a-zen-vitre-ouest\\\/\",\"url\":\"https:\\\/\\\/monmaghreb.com\\\/index.php\\\/2026\\\/04\\\/29\\\/nouvelle-direction-au-spa-et-institut-de-beaute-de-a-a-zen-vitre-ouest\\\/\",\"name\":\"Nouvelle direction au Spa et Institut de Beaut\u00e9 De A \u00e0 Zen V\",\"isPartOf\":{\"@id\":\"http:\\\/\\\/monmaghreb.com\\\/#website\"},\"primaryImageOfPage\":{\"@id\":\"https:\\\/\\\/monmaghreb.com\\\/index.php\\\/2026\\\/04\\\/29\\\/nouvelle-direction-au-spa-et-institut-de-beaute-de-a-a-zen-vitre-ouest\\\/#primaryimage\"},\"image\":{\"@id\":\"https:\\\/\\\/monmaghreb.com\\\/index.php\\\/2026\\\/04\\\/29\\\/nouvelle-direction-au-spa-et-institut-de-beaute-de-a-a-zen-vitre-ouest\\\/#primaryimage\"},\"thumbnailUrl\":\"https:\\\/\\\/monmaghreb.com\\\/wp-content\\\/uploads\\\/2026\\\/04\\\/featured-443.jpg\",\"datePublished\":\"2026-04-29T11:04:54+00:00\",\"dateModified\":\"2026-04-29T11:04:58+00:00\",\"description\":\"Nouvelle direction au Spa et Institut de Beaut\u00e9 De A \u00e0 Zen Vitr\u00e9 - Ouest\",\"breadcrumb\":{\"@id\":\"https:\\\/\\\/monmaghreb.com\\\/index.php\\\/2026\\\/04\\\/29\\\/nouvelle-direction-au-spa-et-institut-de-beaute-de-a-a-zen-vitre-ouest\\\/#breadcrumb\"},\"inLanguage\":\"en-US\",\"potentialAction\":[{\"@type\":\"ReadAction\",\"target\":[\"https:\\\/\\\/monmaghreb.com\\\/index.php\\\/2026\\\/04\\\/29\\\/nouvelle-direction-au-spa-et-institut-de-beaute-de-a-a-zen-vitre-ouest\\\/\"]}]},{\"@type\":\"ImageObject\",\"inLanguage\":\"en-US\",\"@id\":\"https:\\\/\\\/monmaghreb.com\\\/index.php\\\/2026\\\/04\\\/29\\\/nouvelle-direction-au-spa-et-institut-de-beaute-de-a-a-zen-vitre-ouest\\\/#primaryimage\",\"url\":\"https:\\\/\\\/monmaghreb.com\\\/wp-content\\\/uploads\\\/2026\\\/04\\\/featured-443.jpg\",\"contentUrl\":\"https:\\\/\\\/monmaghreb.com\\\/wp-content\\\/uploads\\\/2026\\\/04\\\/featured-443.jpg\",\"width\":1880,\"height\":1253,\"caption\":\"nouvelle direction spa institut featured image\"},{\"@type\":\"BreadcrumbList\",\"@id\":\"https:\\\/\\\/monmaghreb.com\\\/index.php\\\/2026\\\/04\\\/29\\\/nouvelle-direction-au-spa-et-institut-de-beaute-de-a-a-zen-vitre-ouest\\\/#breadcrumb\",\"itemListElement\":[{\"@type\":\"ListItem\",\"position\":1,\"name\":\"Home\",\"item\":\"http:\\\/\\\/monmaghreb.com\\\/\"},{\"@type\":\"ListItem\",\"position\":2,\"name\":\"Nouvelle direction au Spa et Institut de Beaut\u00e9 De A \u00e0 Zen Vitr\u00e9 &#8211; Ouest\"}]},{\"@type\":\"WebSite\",\"@id\":\"http:\\\/\\\/monmaghreb.com\\\/#website\",\"url\":\"http:\\\/\\\/monmaghreb.com\\\/\",\"name\":\"Mon Maghreb\",\"description\":\"MonMaghreb United\",\"publisher\":{\"@id\":\"http:\\\/\\\/monmaghreb.com\\\/#organization\"},\"alternateName\":\"Le Monde du Maghreb et au del\u00e0\",\"potentialAction\":[{\"@type\":\"SearchAction\",\"target\":{\"@type\":\"EntryPoint\",\"urlTemplate\":\"http:\\\/\\\/monmaghreb.com\\\/?s={search_term_string}\"},\"query-input\":{\"@type\":\"PropertyValueSpecification\",\"valueRequired\":true,\"valueName\":\"search_term_string\"}}],\"inLanguage\":\"en-US\"},{\"@type\":\"Organization\",\"@id\":\"http:\\\/\\\/monmaghreb.com\\\/#organization\",\"name\":\"Mon Maghreb\",\"url\":\"http:\\\/\\\/monmaghreb.com\\\/\",\"logo\":{\"@type\":\"ImageObject\",\"inLanguage\":\"en-US\",\"@id\":\"http:\\\/\\\/monmaghreb.com\\\/#\\\/schema\\\/logo\\\/image\\\/\",\"url\":\"https:\\\/\\\/monmaghreb.com\\\/wp-content\\\/uploads\\\/2025\\\/12\\\/Mon_Maghreb_Logo.jpg\",\"contentUrl\":\"https:\\\/\\\/monmaghreb.com\\\/wp-content\\\/uploads\\\/2025\\\/12\\\/Mon_Maghreb_Logo.jpg\",\"width\":814,\"height\":374,\"caption\":\"Mon Maghreb\"},\"image\":{\"@id\":\"http:\\\/\\\/monmaghreb.com\\\/#\\\/schema\\\/logo\\\/image\\\/\"}},{\"@type\":\"Person\",\"@id\":\"http:\\\/\\\/monmaghreb.com\\\/#\\\/schema\\\/person\\\/c469a89dc8c6b8987dcb438b1200d054\",\"name\":\"LaMagh\",\"image\":{\"@type\":\"ImageObject\",\"inLanguage\":\"en-US\",\"@id\":\"https:\\\/\\\/secure.gravatar.com\\\/avatar\\\/399d8144bd55fba55e056779aca52fe528bac7911f6449e54d81173d6dfd7f0a?s=96&d=mm&r=g\",\"url\":\"https:\\\/\\\/secure.gravatar.com\\\/avatar\\\/399d8144bd55fba55e056779aca52fe528bac7911f6449e54d81173d6dfd7f0a?s=96&d=mm&r=g\",\"contentUrl\":\"https:\\\/\\\/secure.gravatar.com\\\/avatar\\\/399d8144bd55fba55e056779aca52fe528bac7911f6449e54d81173d6dfd7f0a?s=96&d=mm&r=g\",\"caption\":\"LaMagh\"},\"sameAs\":[\"https:\\\/\\\/monmaghreb.com\",\"https:\\\/\\\/www.facebook.com\\\/monmaghrebcom\",\"https:\\\/\\\/x.com\\\/MMaghreb50977\"],\"url\":\"https:\\\/\\\/monmaghreb.com\\\/index.php\\\/author\\\/lamagh\\\/\"}]}<\/script>\n<!-- \/ Yoast SEO plugin. -->","yoast_head_json":{"title":"Nouvelle direction au Spa et Institut de Beaut\u00e9 De A \u00e0 Zen V","description":"Nouvelle direction au Spa et Institut de Beaut\u00e9 De A \u00e0 Zen Vitr\u00e9 - Ouest","robots":{"index":"index","follow":"follow","max-snippet":"max-snippet:-1","max-image-preview":"max-image-preview:large","max-video-preview":"max-video-preview:-1"},"canonical":"https:\/\/monmaghreb.com\/index.php\/2026\/04\/29\/nouvelle-direction-au-spa-et-institut-de-beaute-de-a-a-zen-vitre-ouest\/","og_locale":"en_US","og_type":"article","og_title":"Nouvelle direction au Spa et Institut de Beaut\u00e9 De A \u00e0 Zen Vitr\u00e9 - Ouest","og_description":"Nouvelle direction au Spa et Institut de Beaut\u00e9 De A \u00e0 Zen Vitr\u00e9 - Ouest","og_url":"https:\/\/monmaghreb.com\/index.php\/2026\/04\/29\/nouvelle-direction-au-spa-et-institut-de-beaute-de-a-a-zen-vitre-ouest\/","og_site_name":"Mon Maghreb","article_author":"https:\/\/www.facebook.com\/monmaghrebcom","article_published_time":"2026-04-29T11:04:54+00:00","article_modified_time":"2026-04-29T11:04:58+00:00","og_image":[{"width":1880,"height":1253,"url":"https:\/\/monmaghreb.com\/wp-content\/uploads\/2026\/04\/featured-443.jpg","type":"image\/jpeg"}],"author":"LaMagh","twitter_card":"summary_large_image","twitter_creator":"@MMaghreb50977","twitter_misc":{"Written by":"LaMagh","Est. reading time":"5 minutes"},"schema":{"@context":"https:\/\/schema.org","@graph":[{"@type":"Article","@id":"https:\/\/monmaghreb.com\/index.php\/2026\/04\/29\/nouvelle-direction-au-spa-et-institut-de-beaute-de-a-a-zen-vitre-ouest\/#article","isPartOf":{"@id":"https:\/\/monmaghreb.com\/index.php\/2026\/04\/29\/nouvelle-direction-au-spa-et-institut-de-beaute-de-a-a-zen-vitre-ouest\/"},"author":{"name":"LaMagh","@id":"http:\/\/monmaghreb.com\/#\/schema\/person\/c469a89dc8c6b8987dcb438b1200d054"},"headline":"Nouvelle direction au Spa et Institut de Beaut\u00e9 De A \u00e0 Zen Vitr\u00e9 &#8211; Ouest","datePublished":"2026-04-29T11:04:54+00:00","dateModified":"2026-04-29T11:04:58+00:00","mainEntityOfPage":{"@id":"https:\/\/monmaghreb.com\/index.php\/2026\/04\/29\/nouvelle-direction-au-spa-et-institut-de-beaute-de-a-a-zen-vitre-ouest\/"},"wordCount":1008,"publisher":{"@id":"http:\/\/monmaghreb.com\/#organization"},"image":{"@id":"https:\/\/monmaghreb.com\/index.php\/2026\/04\/29\/nouvelle-direction-au-spa-et-institut-de-beaute-de-a-a-zen-vitre-ouest\/#primaryimage"},"thumbnailUrl":"https:\/\/monmaghreb.com\/wp-content\/uploads\/2026\/04\/featured-443.jpg","articleSection":["Mode &amp; Beaut\u00e9"],"inLanguage":"en-US"},{"@type":"WebPage","@id":"https:\/\/monmaghreb.com\/index.php\/2026\/04\/29\/nouvelle-direction-au-spa-et-institut-de-beaute-de-a-a-zen-vitre-ouest\/","url":"https:\/\/monmaghreb.com\/index.php\/2026\/04\/29\/nouvelle-direction-au-spa-et-institut-de-beaute-de-a-a-zen-vitre-ouest\/","name":"Nouvelle direction au Spa et Institut de Beaut\u00e9 De A \u00e0 Zen V","isPartOf":{"@id":"http:\/\/monmaghreb.com\/#website"},"primaryImageOfPage":{"@id":"https:\/\/monmaghreb.com\/index.php\/2026\/04\/29\/nouvelle-direction-au-spa-et-institut-de-beaute-de-a-a-zen-vitre-ouest\/#primaryimage"},"image":{"@id":"https:\/\/monmaghreb.com\/index.php\/2026\/04\/29\/nouvelle-direction-au-spa-et-institut-de-beaute-de-a-a-zen-vitre-ouest\/#primaryimage"},"thumbnailUrl":"https:\/\/monmaghreb.com\/wp-content\/uploads\/2026\/04\/featured-443.jpg","datePublished":"2026-04-29T11:04:54+00:00","dateModified":"2026-04-29T11:04:58+00:00","description":"Nouvelle direction au Spa et Institut de Beaut\u00e9 De A \u00e0 Zen Vitr\u00e9 - Ouest","breadcrumb":{"@id":"https:\/\/monmaghreb.com\/index.php\/2026\/04\/29\/nouvelle-direction-au-spa-et-institut-de-beaute-de-a-a-zen-vitre-ouest\/#breadcrumb"},"inLanguage":"en-US","potentialAction":[{"@type":"ReadAction","target":["https:\/\/monmaghreb.com\/index.php\/2026\/04\/29\/nouvelle-direction-au-spa-et-institut-de-beaute-de-a-a-zen-vitre-ouest\/"]}]},{"@type":"ImageObject","inLanguage":"en-US","@id":"https:\/\/monmaghreb.com\/index.php\/2026\/04\/29\/nouvelle-direction-au-spa-et-institut-de-beaute-de-a-a-zen-vitre-ouest\/#primaryimage","url":"https:\/\/monmaghreb.com\/wp-content\/uploads\/2026\/04\/featured-443.jpg","contentUrl":"https:\/\/monmaghreb.com\/wp-content\/uploads\/2026\/04\/featured-443.jpg","width":1880,"height":1253,"caption":"nouvelle direction spa institut featured image"},{"@type":"BreadcrumbList","@id":"https:\/\/monmaghreb.com\/index.php\/2026\/04\/29\/nouvelle-direction-au-spa-et-institut-de-beaute-de-a-a-zen-vitre-ouest\/#breadcrumb","itemListElement":[{"@type":"ListItem","position":1,"name":"Home","item":"http:\/\/monmaghreb.com\/"},{"@type":"ListItem","position":2,"name":"Nouvelle direction au Spa et Institut de Beaut\u00e9 De A \u00e0 Zen Vitr\u00e9 &#8211; Ouest"}]},{"@type":"WebSite","@id":"http:\/\/monmaghreb.com\/#website","url":"http:\/\/monmaghreb.com\/","name":"Mon Maghreb","description":"MonMaghreb United","publisher":{"@id":"http:\/\/monmaghreb.com\/#organization"},"alternateName":"Le Monde du Maghreb et au del\u00e0","potentialAction":[{"@type":"SearchAction","target":{"@type":"EntryPoint","urlTemplate":"http:\/\/monmaghreb.com\/?s={search_term_string}"},"query-input":{"@type":"PropertyValueSpecification","valueRequired":true,"valueName":"search_term_string"}}],"inLanguage":"en-US"},{"@type":"Organization","@id":"http:\/\/monmaghreb.com\/#organization","name":"Mon Maghreb","url":"http:\/\/monmaghreb.com\/","logo":{"@type":"ImageObject","inLanguage":"en-US","@id":"http:\/\/monmaghreb.com\/#\/schema\/logo\/image\/","url":"https:\/\/monmaghreb.com\/wp-content\/uploads\/2025\/12\/Mon_Maghreb_Logo.jpg","contentUrl":"https:\/\/monmaghreb.com\/wp-content\/uploads\/2025\/12\/Mon_Maghreb_Logo.jpg","width":814,"height":374,"caption":"Mon Maghreb"},"image":{"@id":"http:\/\/monmaghreb.com\/#\/schema\/logo\/image\/"}},{"@type":"Person","@id":"http:\/\/monmaghreb.com\/#\/schema\/person\/c469a89dc8c6b8987dcb438b1200d054","name":"LaMagh","image":{"@type":"ImageObject","inLanguage":"en-US","@id":"https:\/\/secure.gravatar.com\/avatar\/399d8144bd55fba55e056779aca52fe528bac7911f6449e54d81173d6dfd7f0a?s=96&d=mm&r=g","url":"https:\/\/secure.gravatar.com\/avatar\/399d8144bd55fba55e056779aca52fe528bac7911f6449e54d81173d6dfd7f0a?s=96&d=mm&r=g","contentUrl":"https:\/\/secure.gravatar.com\/avatar\/399d8144bd55fba55e056779aca52fe528bac7911f6449e54d81173d6dfd7f0a?s=96&d=mm&r=g","caption":"LaMagh"},"sameAs":["https:\/\/monmaghreb.com","https:\/\/www.facebook.com\/monmaghrebcom","https:\/\/x.com\/MMaghreb50977"],"url":"https:\/\/monmaghreb.com\/index.php\/author\/lamagh\/"}]}},"_links":{"self":[{"href":"https:\/\/monmaghreb.com\/index.php\/wp-json\/wp\/v2\/posts\/3654","targetHints":{"allow":["GET"]}}],"collection":[{"href":"https:\/\/monmaghreb.com\/index.php\/wp-json\/wp\/v2\/posts"}],"about":[{"href":"https:\/\/monmaghreb.com\/index.php\/wp-json\/wp\/v2\/types\/post"}],"author":[{"embeddable":true,"href":"https:\/\/monmaghreb.com\/index.php\/wp-json\/wp\/v2\/users\/1"}],"replies":[{"embeddable":true,"href":"https:\/\/monmaghreb.com\/index.php\/wp-json\/wp\/v2\/comments?post=3654"}],"version-history":[{"count":1,"href":"https:\/\/monmaghreb.com\/index.php\/wp-json\/wp\/v2\/posts\/3654\/revisions"}],"predecessor-version":[{"id":3655,"href":"https:\/\/monmaghreb.com\/index.php\/wp-json\/wp\/v2\/posts\/3654\/revisions\/3655"}],"wp:featuredmedia":[{"embeddable":true,"href":"https:\/\/monmaghreb.com\/index.php\/wp-json\/wp\/v2\/media\/3653"}],"wp:attachment":[{"href":"https:\/\/monmaghreb.com\/index.php\/wp-json\/wp\/v2\/media?parent=3654"}],"wp:term":[{"taxonomy":"category","embeddable":true,"href":"https:\/\/monmaghreb.com\/index.php\/wp-json\/wp\/v2\/categories?post=3654"},{"taxonomy":"post_tag","embeddable":true,"href":"https:\/\/monmaghreb.com\/index.php\/wp-json\/wp\/v2\/tags?post=3654"}],"curies":[{"name":"wp","href":"https:\/\/api.w.org\/{rel}","templated":true}]}}