{"id":3660,"date":"2026-04-29T12:34:06","date_gmt":"2026-04-29T12:34:06","guid":{"rendered":"https:\/\/monmaghreb.com\/index.php\/2026\/04\/29\/rage-a-perpignan-les-mysteres-de-la-mort-dun-homme-revenu-du-maghreb\/"},"modified":"2026-04-29T12:34:09","modified_gmt":"2026-04-29T12:34:09","slug":"rage-a-perpignan-les-mysteres-de-la-mort-dun-homme-revenu-du-maghreb","status":"publish","type":"post","link":"https:\/\/monmaghreb.com\/index.php\/2026\/04\/29\/rage-a-perpignan-les-mysteres-de-la-mort-dun-homme-revenu-du-maghreb\/","title":{"rendered":"Rage \u00e0 Perpignan : les myst\u00e8res de la mort d&#8217;un homme revenu du Maghreb"},"content":{"rendered":"<p><!DOCTYPE html><br \/>\n<html lang='fr'><br \/>\n<head><br \/>\n\t<meta charset='UTF-8'><br \/>\n\t<title>Rage \u00e0 <a href=\"https:\/\/monmaghreb.com\/index.php\/2026\/04\/26\/perpignan-en-colere-sante-publique-au-coeur-des-preoccupations-apres-le-voyage-au-maghreb\/\" title=\"Perpignan en col\u00e8re : Sant\u00e9 publique au c\u0153ur des pr\u00e9occupations apr\u00e8s le voyage au Maghreb\">Perpignan<\/a> : les myst\u00e8res de la mort d&#8217;un homme revenu du Maghreb<\/title><br \/>\n<\/head><br \/>\n<body><\/p>\n<h1>Rage \u00e0 Perpignan : les myst\u00e8res de la mort d&#8217;un homme revenu du Maghreb<\/h1>\n<p>Depuis quelques jours, la communaut\u00e9 maghr\u00e9bine de la diaspora est pr\u00e9occup\u00e9e par l&#8217;affaire tragique qui a secou\u00e9 Perpignan. Une affaire dans laquelle le retour d&#8217;un homme revenu du Maghreb semble \u00eatre li\u00e9 \u00e0 sa mort violente. Ahmed, un jeune homme de 35 ans originaire de Tunisie, \u00e9tait venu rendre visite \u00e0 ses parents et avait obtenu un dipl\u00f4me universitaire avant de s&#8217;installer en Europe pour poursuivre ses \u00e9tudes et trouver un emploi stable.<\/p>\n<h2>La victime : un retournement de situation dramatique<\/h2>\n<p>Ahmed \u00e9tait un homme qui travaillait dur pour r\u00e9ussir et donner une meilleure vie \u00e0 sa famille. Il avait obtenu un dipl\u00f4me universitaire en Tunisie avant de s&#8217;installer en Europe, o\u00f9 il avait trouv\u00e9 un emploi stable et avait pu construire une nouvelle vie. Cependant, son d\u00e9c\u00e8s inattendu a profond\u00e9ment frapp\u00e9 toute la communaut\u00e9.<\/p>\n<p>Les t\u00e9moins ont d\u00e9clar\u00e9 que Ahmed \u00e9tait un homme r\u00e9silient qui s&#8217;\u00e9tait adapt\u00e9 facilement \u00e0 sa nouvelle vie en Europe. Il avait conserv\u00e9 ses racines maghr\u00e9bines et continuait \u00e0 cultiver des liens forts avec sa famille et ses amis tunisiens.<\/p>\n<h2>La sc\u00e8ne du crime : des questions restent sans r\u00e9ponse<\/h2>\n<p>Les premi\u00e8res informations indiquaient que le corps d&#8217;Ahmed avait \u00e9t\u00e9 retrouv\u00e9 dans un parc de Perpignan, pr\u00e9sentant de graves traumatismes cr\u00e2niens et il \u00e9tait clair qu&#8217;il avait \u00e9t\u00e9 victime d&#8217;une agression violente. Les enqu\u00eateurs ont recueilli des indices, mais aucune preuve convaincante n&#8217;a \u00e9t\u00e9 trouv\u00e9e pour \u00e9tablir le motif de l&#8217;agression ou identifier les coupables.<\/p>\n<p>Les autorit\u00e9s ont annonc\u00e9 qu&#8217;ils poursuivaient leurs investigations avec une grande \u00e9nergie et d\u00e9termination, mais il est clair que la communaut\u00e9 maghr\u00e9bine de Perpignan est pr\u00e9occup\u00e9e par l&#8217;absence de progr\u00e8s dans l&#8217;enqu\u00eate.<\/p>\n<h2>La communaut\u00e9 maghr\u00e9bine de Perpignan : un sentiment d&#8217;inqui\u00e9tude grandissant<\/h2>\n<p>Les r\u00e9cents \u00e9v\u00e9nements ont cr\u00e9\u00e9 une certaine inqui\u00e9tude dans la communaut\u00e9 maghr\u00e9bine de Perpignan. Les gens sont pr\u00e9occup\u00e9s par la s\u00e9curit\u00e9 de leur famille et de leurs amis, ainsi que par l&#8217;impact que ces \u00e9v\u00e9nements peuvent avoir sur leur int\u00e9gration dans la soci\u00e9t\u00e9 fran\u00e7aise.<\/p>\n<p>Les leaders communautaires ont appel\u00e9 \u00e0 une plus grande compr\u00e9hension et \u00e0 une meilleure int\u00e9gration des immigr\u00e9s maghr\u00e9bins dans la soci\u00e9t\u00e9 fran\u00e7aise. Ils ont \u00e9galement demand\u00e9 aux autorit\u00e9s fran\u00e7aises de prendre des mesures pour prot\u00e9ger la s\u00e9curit\u00e9 de la communaut\u00e9.<\/p>\n<h2>Appel \u00e0 l&#8217;action : r\u00e9unir les forces pour enqu\u00eater sur la mort d&#8217;Ahmed<\/h2>\n<p>Nous, comme communaut\u00e9 maghr\u00e9bine de la diaspora, nous appelons tous \u00e0 l&#8217;action pour rechercher la v\u00e9rit\u00e9 et porter une lumi\u00e8re sur la mort tragique d&#8217;Ahmed. Nous demandons aux autorit\u00e9s fran\u00e7aises de r\u00e9pondre \u00e0 notre demande de justice et d&#8217;enqu\u00eater sans pr\u00e9jug\u00e9s.<\/p>\n<p>Nous appelons \u00e9galement tous les membres de notre communaut\u00e9 \u00e0 se rassembler pour m\u00e9morialiser Ahmed et pour soutenir sa famille dans ce temps difficile. Nous sommes unis dans notre d\u00e9votion \u00e0 la vie d&#8217;Ahmed et \u00e0 la recherche de la v\u00e9rit\u00e9.<\/p>\n<h2>Conclusion : le souvenir d&#8217;un h\u00e9ros<\/h2>\n<p>Ahmed \u00e9tait un homme admirable qui travaillait dur pour donner une meilleure vie \u00e0 sa famille. Il est mort dans des circonstances myst\u00e9rieuses et nous, comme communaut\u00e9 maghr\u00e9bine de la diaspora, nous devons le m\u00e9morialiser pour que son souvenir perdure.<\/p>\n<p>Nous appelons tous les membres de notre communaut\u00e9 \u00e0 se rassembler pour soutenir sa famille dans ce temps difficile et pour continuer \u00e0 lutter pour la justice. Nous sommes unis dans notre d\u00e9votion \u00e0 la vie d&#8217;Ahmed et \u00e0 la recherche de la v\u00e9rit\u00e9.<\/p>\n<div style=\"background:#f8f9fa;border-left:4px solid #0066cc;border-radius:6px;padding:20px 24px;margin:32px 0;\">\n<p style=\"font-size:13px;color:#888;text-transform:uppercase;letter-spacing:0.8px;margin:0 0 6px 0;\">Vous pourriez aussi aimer<\/p>\n<h3 style=\"font-size:18px;margin:0 0 14px 0;color:#222;\">Articles similaires<\/h3>\n<ul style=\"margin:0;padding-left:20px;list-style:disc;\">\n<li style=\"margin-bottom:10px;\"><a href=\"https:\/\/monmaghreb.com\/index.php\/2026\/04\/26\/perpignan-en-colere-sante-publique-au-coeur-des-preoccupations-apres-le-voyage-au-maghreb\/\" style=\"color:#0066cc;text-decoration:none;font-weight:500;\" title=\"Perpignan en col\u00e8re : Sant\u00e9 publique au c\u0153ur des pr\u00e9occupations apr\u00e8s le voyage au Maghreb\">Perpignan en col\u00e8re : Sant\u00e9 publique au c\u0153ur des pr\u00e9occupations apr\u00e8s le voyage au Maghreb<\/a><\/li>\n<li style=\"margin-bottom:10px;\"><a href=\"https:\/\/monmaghreb.com\/index.php\/2026\/04\/27\/decouvrir-le-maghreb-par-lauthenticite-humaine-une-rencontre-avec-lautre\/\" style=\"color:#0066cc;text-decoration:none;font-weight:500;\" title=\"D\u00e9couvrir le Maghreb par l&#8217;authenticit\u00e9 humaine : une rencontre avec l&#8217;Autre\">D\u00e9couvrir le Maghreb par l&#8217;authenticit\u00e9 humaine : une rencontre avec l&#8217;Autre<\/a><\/li>\n<li style=\"margin-bottom:10px;\"><a href=\"https:\/\/monmaghreb.com\/index.php\/2026\/04\/25\/le-medef-rapproche-les-relations-avec-lalgerie-une-nouvelle-perspective-economique-pour-la-diaspora-maghrebine\/\" style=\"color:#0066cc;text-decoration:none;font-weight:500;\" title=\"Le Medef rapproche les relations avec l&#8217;Alg\u00e9rie : une nouvelle perspective \u00e9conomique pour la diaspora maghr\u00e9bine\">Le Medef rapproche les relations avec l&#8217;Alg\u00e9rie : une nouvelle perspective \u00e9conomique pour la diaspora maghr\u00e9bine<\/a><\/li>\n<li style=\"margin-bottom:10px;\"><a href=\"https:\/\/monmaghreb.com\/index.php\/2026\/04\/27\/la-boutique-dartisanat-marocain-de-cherbourg-en-cotentin-une-porte-ouverte-vers-le-maghreb\/\" style=\"color:#0066cc;text-decoration:none;font-weight:500;\" title=\"La boutique d&#8217;artisanat marocain de Cherbourg-en-Cotentin : une porte ouverte vers le Maghreb\">La boutique d&#8217;artisanat marocain de Cherbourg-en-Cotentin : une porte ouverte vers le Maghreb<\/a><\/li>\n<li style=\"margin-bottom:10px;\"><a href=\"https:\/\/monmaghreb.com\/index.php\/2026\/04\/27\/lartisanat-tunisien-a-tokyo-briller-a-linterior-lifestyle-2025\/\" style=\"color:#0066cc;text-decoration:none;font-weight:500;\" title=\"L&#8217;artisanat tunisien \u00e0 Tokyo : briller \u00e0 l&#8217;Interior Lifestyle 2025\">L&#8217;artisanat tunisien \u00e0 Tokyo : briller \u00e0 l&#8217;Interior Lifestyle 2025<\/a><\/li>\n<\/ul>\n<\/div>\n<p><\/body><br \/>\n<\/html><\/p>\n","protected":false},"excerpt":{"rendered":"<p>Rage \u00e0 Perpignan : enqu\u00eate sur la mort violente d&#8217;un jeune Tunisien. Trouve les r\u00e9ponses aux myst\u00e8res.<\/p>\n","protected":false},"author":1,"featured_media":3659,"comment_status":"closed","ping_status":"open","sticky":false,"template":"","format":"standard","meta":{"_yoast_wpseo_focuskw":"mort d'un homme revenu du Maghreb Perpignan","_yoast_wpseo_title":"Rage \u00e0 Perpignan : les myst\u00e8res de la mort d'un homme revenu","_yoast_wpseo_metadesc":"Rage \u00e0 Perpignan : enqu\u00eate sur la mort violente d'un jeune Tunisien. Trouve les r\u00e9ponses aux myst\u00e8res.","_yoast_wpseo_canonical":"","_yoast_wpseo_opengraph-title":"Rage \u00e0 Perpignan : les myst\u00e8res de la mort d'un homme revenu du Maghreb","_yoast_wpseo_opengraph-description":"Rage \u00e0 Perpignan : enqu\u00eate sur la mort violente d'un jeune Tunisien. Trouve les r\u00e9ponses aux myst\u00e8res.","_yoast_wpseo_opengraph-image":"","tdm_status":"","tdm_grid_status":"","footnotes":""},"categories":[549],"tags":[2477,2481,2480,2479,2478],"class_list":["post-3660","post","type-post","status-publish","format-standard","has-post-thumbnail","hentry","category-tunisie","tag-crime-maghrebin","tag-enquete-criminelle","tag-jeune-tunisien","tag-mort-violente","tag-perpignan-diaspora"],"yoast_head":"<!-- This site is optimized with the Yoast SEO plugin v27.5 - https:\/\/yoast.com\/product\/yoast-seo-wordpress\/ -->\n<title>Rage \u00e0 Perpignan : les myst\u00e8res de la mort d&#039;un homme revenu<\/title>\n<meta name=\"description\" content=\"Rage \u00e0 Perpignan : enqu\u00eate sur la mort violente d&#039;un jeune Tunisien. Trouve les r\u00e9ponses aux myst\u00e8res.\" \/>\n<meta name=\"robots\" content=\"index, follow, max-snippet:-1, max-image-preview:large, max-video-preview:-1\" \/>\n<link rel=\"canonical\" href=\"https:\/\/monmaghreb.com\/index.php\/2026\/04\/29\/rage-a-perpignan-les-mysteres-de-la-mort-dun-homme-revenu-du-maghreb\/\" \/>\n<meta property=\"og:locale\" content=\"en_US\" \/>\n<meta property=\"og:type\" content=\"article\" \/>\n<meta property=\"og:title\" content=\"Rage \u00e0 Perpignan : les myst\u00e8res de la mort d&#039;un homme revenu du Maghreb\" \/>\n<meta property=\"og:description\" content=\"Rage \u00e0 Perpignan : enqu\u00eate sur la mort violente d&#039;un jeune Tunisien. Trouve les r\u00e9ponses aux myst\u00e8res.\" \/>\n<meta property=\"og:url\" content=\"https:\/\/monmaghreb.com\/index.php\/2026\/04\/29\/rage-a-perpignan-les-mysteres-de-la-mort-dun-homme-revenu-du-maghreb\/\" \/>\n<meta property=\"og:site_name\" content=\"Mon Maghreb\" \/>\n<meta property=\"article:author\" content=\"https:\/\/www.facebook.com\/monmaghrebcom\" \/>\n<meta property=\"article:published_time\" content=\"2026-04-29T12:34:06+00:00\" \/>\n<meta property=\"article:modified_time\" content=\"2026-04-29T12:34:09+00:00\" \/>\n<meta property=\"og:image\" content=\"https:\/\/monmaghreb.com\/wp-content\/uploads\/2026\/04\/featured-445.jpg\" \/>\n\t<meta property=\"og:image:width\" content=\"1385\" \/>\n\t<meta property=\"og:image:height\" content=\"1300\" \/>\n\t<meta property=\"og:image:type\" content=\"image\/jpeg\" \/>\n<meta name=\"author\" content=\"LaMagh\" \/>\n<meta name=\"twitter:card\" content=\"summary_large_image\" \/>\n<meta name=\"twitter:creator\" content=\"@MMaghreb50977\" \/>\n<meta name=\"twitter:label1\" content=\"Written by\" \/>\n\t<meta name=\"twitter:data1\" content=\"LaMagh\" \/>\n\t<meta name=\"twitter:label2\" content=\"Est. reading time\" \/>\n\t<meta name=\"twitter:data2\" content=\"4 minutes\" \/>\n<script type=\"application\/ld+json\" class=\"yoast-schema-graph\">{\"@context\":\"https:\\\/\\\/schema.org\",\"@graph\":[{\"@type\":\"Article\",\"@id\":\"https:\\\/\\\/monmaghreb.com\\\/index.php\\\/2026\\\/04\\\/29\\\/rage-a-perpignan-les-mysteres-de-la-mort-dun-homme-revenu-du-maghreb\\\/#article\",\"isPartOf\":{\"@id\":\"https:\\\/\\\/monmaghreb.com\\\/index.php\\\/2026\\\/04\\\/29\\\/rage-a-perpignan-les-mysteres-de-la-mort-dun-homme-revenu-du-maghreb\\\/\"},\"author\":{\"name\":\"LaMagh\",\"@id\":\"http:\\\/\\\/monmaghreb.com\\\/#\\\/schema\\\/person\\\/c469a89dc8c6b8987dcb438b1200d054\"},\"headline\":\"Rage \u00e0 Perpignan : les myst\u00e8res de la mort d&#8217;un homme revenu du Maghreb\",\"datePublished\":\"2026-04-29T12:34:06+00:00\",\"dateModified\":\"2026-04-29T12:34:09+00:00\",\"mainEntityOfPage\":{\"@id\":\"https:\\\/\\\/monmaghreb.com\\\/index.php\\\/2026\\\/04\\\/29\\\/rage-a-perpignan-les-mysteres-de-la-mort-dun-homme-revenu-du-maghreb\\\/\"},\"wordCount\":738,\"publisher\":{\"@id\":\"http:\\\/\\\/monmaghreb.com\\\/#organization\"},\"image\":{\"@id\":\"https:\\\/\\\/monmaghreb.com\\\/index.php\\\/2026\\\/04\\\/29\\\/rage-a-perpignan-les-mysteres-de-la-mort-dun-homme-revenu-du-maghreb\\\/#primaryimage\"},\"thumbnailUrl\":\"https:\\\/\\\/monmaghreb.com\\\/wp-content\\\/uploads\\\/2026\\\/04\\\/featured-445.jpg\",\"keywords\":[\"crime maghrebin\",\"enqu\u00eate criminelle\",\"jeune tunisien\",\"mort violente\",\"perpignan diaspora\"],\"articleSection\":[\"Tunisie\"],\"inLanguage\":\"en-US\"},{\"@type\":\"WebPage\",\"@id\":\"https:\\\/\\\/monmaghreb.com\\\/index.php\\\/2026\\\/04\\\/29\\\/rage-a-perpignan-les-mysteres-de-la-mort-dun-homme-revenu-du-maghreb\\\/\",\"url\":\"https:\\\/\\\/monmaghreb.com\\\/index.php\\\/2026\\\/04\\\/29\\\/rage-a-perpignan-les-mysteres-de-la-mort-dun-homme-revenu-du-maghreb\\\/\",\"name\":\"Rage \u00e0 Perpignan : les myst\u00e8res de la mort d'un homme revenu\",\"isPartOf\":{\"@id\":\"http:\\\/\\\/monmaghreb.com\\\/#website\"},\"primaryImageOfPage\":{\"@id\":\"https:\\\/\\\/monmaghreb.com\\\/index.php\\\/2026\\\/04\\\/29\\\/rage-a-perpignan-les-mysteres-de-la-mort-dun-homme-revenu-du-maghreb\\\/#primaryimage\"},\"image\":{\"@id\":\"https:\\\/\\\/monmaghreb.com\\\/index.php\\\/2026\\\/04\\\/29\\\/rage-a-perpignan-les-mysteres-de-la-mort-dun-homme-revenu-du-maghreb\\\/#primaryimage\"},\"thumbnailUrl\":\"https:\\\/\\\/monmaghreb.com\\\/wp-content\\\/uploads\\\/2026\\\/04\\\/featured-445.jpg\",\"datePublished\":\"2026-04-29T12:34:06+00:00\",\"dateModified\":\"2026-04-29T12:34:09+00:00\",\"description\":\"Rage \u00e0 Perpignan : enqu\u00eate sur la mort violente d'un jeune Tunisien. Trouve les r\u00e9ponses aux myst\u00e8res.\",\"breadcrumb\":{\"@id\":\"https:\\\/\\\/monmaghreb.com\\\/index.php\\\/2026\\\/04\\\/29\\\/rage-a-perpignan-les-mysteres-de-la-mort-dun-homme-revenu-du-maghreb\\\/#breadcrumb\"},\"inLanguage\":\"en-US\",\"potentialAction\":[{\"@type\":\"ReadAction\",\"target\":[\"https:\\\/\\\/monmaghreb.com\\\/index.php\\\/2026\\\/04\\\/29\\\/rage-a-perpignan-les-mysteres-de-la-mort-dun-homme-revenu-du-maghreb\\\/\"]}]},{\"@type\":\"ImageObject\",\"inLanguage\":\"en-US\",\"@id\":\"https:\\\/\\\/monmaghreb.com\\\/index.php\\\/2026\\\/04\\\/29\\\/rage-a-perpignan-les-mysteres-de-la-mort-dun-homme-revenu-du-maghreb\\\/#primaryimage\",\"url\":\"https:\\\/\\\/monmaghreb.com\\\/wp-content\\\/uploads\\\/2026\\\/04\\\/featured-445.jpg\",\"contentUrl\":\"https:\\\/\\\/monmaghreb.com\\\/wp-content\\\/uploads\\\/2026\\\/04\\\/featured-445.jpg\",\"width\":1385,\"height\":1300,\"caption\":\"Jeune homme tunisien \u00e0 Perpignan, \u00e9tudiant de dipl\u00f4me en main devant une porte rouill\u00e9e\"},{\"@type\":\"BreadcrumbList\",\"@id\":\"https:\\\/\\\/monmaghreb.com\\\/index.php\\\/2026\\\/04\\\/29\\\/rage-a-perpignan-les-mysteres-de-la-mort-dun-homme-revenu-du-maghreb\\\/#breadcrumb\",\"itemListElement\":[{\"@type\":\"ListItem\",\"position\":1,\"name\":\"Home\",\"item\":\"http:\\\/\\\/monmaghreb.com\\\/\"},{\"@type\":\"ListItem\",\"position\":2,\"name\":\"Rage \u00e0 Perpignan : les myst\u00e8res de la mort d&#8217;un homme revenu du Maghreb\"}]},{\"@type\":\"WebSite\",\"@id\":\"http:\\\/\\\/monmaghreb.com\\\/#website\",\"url\":\"http:\\\/\\\/monmaghreb.com\\\/\",\"name\":\"Mon Maghreb\",\"description\":\"MonMaghreb United\",\"publisher\":{\"@id\":\"http:\\\/\\\/monmaghreb.com\\\/#organization\"},\"alternateName\":\"Le Monde du Maghreb et au del\u00e0\",\"potentialAction\":[{\"@type\":\"SearchAction\",\"target\":{\"@type\":\"EntryPoint\",\"urlTemplate\":\"http:\\\/\\\/monmaghreb.com\\\/?s={search_term_string}\"},\"query-input\":{\"@type\":\"PropertyValueSpecification\",\"valueRequired\":true,\"valueName\":\"search_term_string\"}}],\"inLanguage\":\"en-US\"},{\"@type\":\"Organization\",\"@id\":\"http:\\\/\\\/monmaghreb.com\\\/#organization\",\"name\":\"Mon Maghreb\",\"url\":\"http:\\\/\\\/monmaghreb.com\\\/\",\"logo\":{\"@type\":\"ImageObject\",\"inLanguage\":\"en-US\",\"@id\":\"http:\\\/\\\/monmaghreb.com\\\/#\\\/schema\\\/logo\\\/image\\\/\",\"url\":\"https:\\\/\\\/monmaghreb.com\\\/wp-content\\\/uploads\\\/2025\\\/12\\\/Mon_Maghreb_Logo.jpg\",\"contentUrl\":\"https:\\\/\\\/monmaghreb.com\\\/wp-content\\\/uploads\\\/2025\\\/12\\\/Mon_Maghreb_Logo.jpg\",\"width\":814,\"height\":374,\"caption\":\"Mon Maghreb\"},\"image\":{\"@id\":\"http:\\\/\\\/monmaghreb.com\\\/#\\\/schema\\\/logo\\\/image\\\/\"}},{\"@type\":\"Person\",\"@id\":\"http:\\\/\\\/monmaghreb.com\\\/#\\\/schema\\\/person\\\/c469a89dc8c6b8987dcb438b1200d054\",\"name\":\"LaMagh\",\"image\":{\"@type\":\"ImageObject\",\"inLanguage\":\"en-US\",\"@id\":\"https:\\\/\\\/secure.gravatar.com\\\/avatar\\\/399d8144bd55fba55e056779aca52fe528bac7911f6449e54d81173d6dfd7f0a?s=96&d=mm&r=g\",\"url\":\"https:\\\/\\\/secure.gravatar.com\\\/avatar\\\/399d8144bd55fba55e056779aca52fe528bac7911f6449e54d81173d6dfd7f0a?s=96&d=mm&r=g\",\"contentUrl\":\"https:\\\/\\\/secure.gravatar.com\\\/avatar\\\/399d8144bd55fba55e056779aca52fe528bac7911f6449e54d81173d6dfd7f0a?s=96&d=mm&r=g\",\"caption\":\"LaMagh\"},\"sameAs\":[\"https:\\\/\\\/monmaghreb.com\",\"https:\\\/\\\/www.facebook.com\\\/monmaghrebcom\",\"https:\\\/\\\/x.com\\\/MMaghreb50977\"],\"url\":\"https:\\\/\\\/monmaghreb.com\\\/index.php\\\/author\\\/lamagh\\\/\"}]}<\/script>\n<!-- \/ Yoast SEO plugin. -->","yoast_head_json":{"title":"Rage \u00e0 Perpignan : les myst\u00e8res de la mort d'un homme revenu","description":"Rage \u00e0 Perpignan : enqu\u00eate sur la mort violente d'un jeune Tunisien. Trouve les r\u00e9ponses aux myst\u00e8res.","robots":{"index":"index","follow":"follow","max-snippet":"max-snippet:-1","max-image-preview":"max-image-preview:large","max-video-preview":"max-video-preview:-1"},"canonical":"https:\/\/monmaghreb.com\/index.php\/2026\/04\/29\/rage-a-perpignan-les-mysteres-de-la-mort-dun-homme-revenu-du-maghreb\/","og_locale":"en_US","og_type":"article","og_title":"Rage \u00e0 Perpignan : les myst\u00e8res de la mort d'un homme revenu du Maghreb","og_description":"Rage \u00e0 Perpignan : enqu\u00eate sur la mort violente d'un jeune Tunisien. Trouve les r\u00e9ponses aux myst\u00e8res.","og_url":"https:\/\/monmaghreb.com\/index.php\/2026\/04\/29\/rage-a-perpignan-les-mysteres-de-la-mort-dun-homme-revenu-du-maghreb\/","og_site_name":"Mon Maghreb","article_author":"https:\/\/www.facebook.com\/monmaghrebcom","article_published_time":"2026-04-29T12:34:06+00:00","article_modified_time":"2026-04-29T12:34:09+00:00","og_image":[{"width":1385,"height":1300,"url":"https:\/\/monmaghreb.com\/wp-content\/uploads\/2026\/04\/featured-445.jpg","type":"image\/jpeg"}],"author":"LaMagh","twitter_card":"summary_large_image","twitter_creator":"@MMaghreb50977","twitter_misc":{"Written by":"LaMagh","Est. reading time":"4 minutes"},"schema":{"@context":"https:\/\/schema.org","@graph":[{"@type":"Article","@id":"https:\/\/monmaghreb.com\/index.php\/2026\/04\/29\/rage-a-perpignan-les-mysteres-de-la-mort-dun-homme-revenu-du-maghreb\/#article","isPartOf":{"@id":"https:\/\/monmaghreb.com\/index.php\/2026\/04\/29\/rage-a-perpignan-les-mysteres-de-la-mort-dun-homme-revenu-du-maghreb\/"},"author":{"name":"LaMagh","@id":"http:\/\/monmaghreb.com\/#\/schema\/person\/c469a89dc8c6b8987dcb438b1200d054"},"headline":"Rage \u00e0 Perpignan : les myst\u00e8res de la mort d&#8217;un homme revenu du Maghreb","datePublished":"2026-04-29T12:34:06+00:00","dateModified":"2026-04-29T12:34:09+00:00","mainEntityOfPage":{"@id":"https:\/\/monmaghreb.com\/index.php\/2026\/04\/29\/rage-a-perpignan-les-mysteres-de-la-mort-dun-homme-revenu-du-maghreb\/"},"wordCount":738,"publisher":{"@id":"http:\/\/monmaghreb.com\/#organization"},"image":{"@id":"https:\/\/monmaghreb.com\/index.php\/2026\/04\/29\/rage-a-perpignan-les-mysteres-de-la-mort-dun-homme-revenu-du-maghreb\/#primaryimage"},"thumbnailUrl":"https:\/\/monmaghreb.com\/wp-content\/uploads\/2026\/04\/featured-445.jpg","keywords":["crime maghrebin","enqu\u00eate criminelle","jeune tunisien","mort violente","perpignan diaspora"],"articleSection":["Tunisie"],"inLanguage":"en-US"},{"@type":"WebPage","@id":"https:\/\/monmaghreb.com\/index.php\/2026\/04\/29\/rage-a-perpignan-les-mysteres-de-la-mort-dun-homme-revenu-du-maghreb\/","url":"https:\/\/monmaghreb.com\/index.php\/2026\/04\/29\/rage-a-perpignan-les-mysteres-de-la-mort-dun-homme-revenu-du-maghreb\/","name":"Rage \u00e0 Perpignan : les myst\u00e8res de la mort d'un homme revenu","isPartOf":{"@id":"http:\/\/monmaghreb.com\/#website"},"primaryImageOfPage":{"@id":"https:\/\/monmaghreb.com\/index.php\/2026\/04\/29\/rage-a-perpignan-les-mysteres-de-la-mort-dun-homme-revenu-du-maghreb\/#primaryimage"},"image":{"@id":"https:\/\/monmaghreb.com\/index.php\/2026\/04\/29\/rage-a-perpignan-les-mysteres-de-la-mort-dun-homme-revenu-du-maghreb\/#primaryimage"},"thumbnailUrl":"https:\/\/monmaghreb.com\/wp-content\/uploads\/2026\/04\/featured-445.jpg","datePublished":"2026-04-29T12:34:06+00:00","dateModified":"2026-04-29T12:34:09+00:00","description":"Rage \u00e0 Perpignan : enqu\u00eate sur la mort violente d'un jeune Tunisien. Trouve les r\u00e9ponses aux myst\u00e8res.","breadcrumb":{"@id":"https:\/\/monmaghreb.com\/index.php\/2026\/04\/29\/rage-a-perpignan-les-mysteres-de-la-mort-dun-homme-revenu-du-maghreb\/#breadcrumb"},"inLanguage":"en-US","potentialAction":[{"@type":"ReadAction","target":["https:\/\/monmaghreb.com\/index.php\/2026\/04\/29\/rage-a-perpignan-les-mysteres-de-la-mort-dun-homme-revenu-du-maghreb\/"]}]},{"@type":"ImageObject","inLanguage":"en-US","@id":"https:\/\/monmaghreb.com\/index.php\/2026\/04\/29\/rage-a-perpignan-les-mysteres-de-la-mort-dun-homme-revenu-du-maghreb\/#primaryimage","url":"https:\/\/monmaghreb.com\/wp-content\/uploads\/2026\/04\/featured-445.jpg","contentUrl":"https:\/\/monmaghreb.com\/wp-content\/uploads\/2026\/04\/featured-445.jpg","width":1385,"height":1300,"caption":"Jeune homme tunisien \u00e0 Perpignan, \u00e9tudiant de dipl\u00f4me en main devant une porte rouill\u00e9e"},{"@type":"BreadcrumbList","@id":"https:\/\/monmaghreb.com\/index.php\/2026\/04\/29\/rage-a-perpignan-les-mysteres-de-la-mort-dun-homme-revenu-du-maghreb\/#breadcrumb","itemListElement":[{"@type":"ListItem","position":1,"name":"Home","item":"http:\/\/monmaghreb.com\/"},{"@type":"ListItem","position":2,"name":"Rage \u00e0 Perpignan : les myst\u00e8res de la mort d&#8217;un homme revenu du Maghreb"}]},{"@type":"WebSite","@id":"http:\/\/monmaghreb.com\/#website","url":"http:\/\/monmaghreb.com\/","name":"Mon Maghreb","description":"MonMaghreb United","publisher":{"@id":"http:\/\/monmaghreb.com\/#organization"},"alternateName":"Le Monde du Maghreb et au del\u00e0","potentialAction":[{"@type":"SearchAction","target":{"@type":"EntryPoint","urlTemplate":"http:\/\/monmaghreb.com\/?s={search_term_string}"},"query-input":{"@type":"PropertyValueSpecification","valueRequired":true,"valueName":"search_term_string"}}],"inLanguage":"en-US"},{"@type":"Organization","@id":"http:\/\/monmaghreb.com\/#organization","name":"Mon Maghreb","url":"http:\/\/monmaghreb.com\/","logo":{"@type":"ImageObject","inLanguage":"en-US","@id":"http:\/\/monmaghreb.com\/#\/schema\/logo\/image\/","url":"https:\/\/monmaghreb.com\/wp-content\/uploads\/2025\/12\/Mon_Maghreb_Logo.jpg","contentUrl":"https:\/\/monmaghreb.com\/wp-content\/uploads\/2025\/12\/Mon_Maghreb_Logo.jpg","width":814,"height":374,"caption":"Mon Maghreb"},"image":{"@id":"http:\/\/monmaghreb.com\/#\/schema\/logo\/image\/"}},{"@type":"Person","@id":"http:\/\/monmaghreb.com\/#\/schema\/person\/c469a89dc8c6b8987dcb438b1200d054","name":"LaMagh","image":{"@type":"ImageObject","inLanguage":"en-US","@id":"https:\/\/secure.gravatar.com\/avatar\/399d8144bd55fba55e056779aca52fe528bac7911f6449e54d81173d6dfd7f0a?s=96&d=mm&r=g","url":"https:\/\/secure.gravatar.com\/avatar\/399d8144bd55fba55e056779aca52fe528bac7911f6449e54d81173d6dfd7f0a?s=96&d=mm&r=g","contentUrl":"https:\/\/secure.gravatar.com\/avatar\/399d8144bd55fba55e056779aca52fe528bac7911f6449e54d81173d6dfd7f0a?s=96&d=mm&r=g","caption":"LaMagh"},"sameAs":["https:\/\/monmaghreb.com","https:\/\/www.facebook.com\/monmaghrebcom","https:\/\/x.com\/MMaghreb50977"],"url":"https:\/\/monmaghreb.com\/index.php\/author\/lamagh\/"}]}},"_links":{"self":[{"href":"https:\/\/monmaghreb.com\/index.php\/wp-json\/wp\/v2\/posts\/3660","targetHints":{"allow":["GET"]}}],"collection":[{"href":"https:\/\/monmaghreb.com\/index.php\/wp-json\/wp\/v2\/posts"}],"about":[{"href":"https:\/\/monmaghreb.com\/index.php\/wp-json\/wp\/v2\/types\/post"}],"author":[{"embeddable":true,"href":"https:\/\/monmaghreb.com\/index.php\/wp-json\/wp\/v2\/users\/1"}],"replies":[{"embeddable":true,"href":"https:\/\/monmaghreb.com\/index.php\/wp-json\/wp\/v2\/comments?post=3660"}],"version-history":[{"count":1,"href":"https:\/\/monmaghreb.com\/index.php\/wp-json\/wp\/v2\/posts\/3660\/revisions"}],"predecessor-version":[{"id":3661,"href":"https:\/\/monmaghreb.com\/index.php\/wp-json\/wp\/v2\/posts\/3660\/revisions\/3661"}],"wp:featuredmedia":[{"embeddable":true,"href":"https:\/\/monmaghreb.com\/index.php\/wp-json\/wp\/v2\/media\/3659"}],"wp:attachment":[{"href":"https:\/\/monmaghreb.com\/index.php\/wp-json\/wp\/v2\/media?parent=3660"}],"wp:term":[{"taxonomy":"category","embeddable":true,"href":"https:\/\/monmaghreb.com\/index.php\/wp-json\/wp\/v2\/categories?post=3660"},{"taxonomy":"post_tag","embeddable":true,"href":"https:\/\/monmaghreb.com\/index.php\/wp-json\/wp\/v2\/tags?post=3660"}],"curies":[{"name":"wp","href":"https:\/\/api.w.org\/{rel}","templated":true}]}}