{"id":3687,"date":"2026-04-29T16:57:54","date_gmt":"2026-04-29T16:57:54","guid":{"rendered":"https:\/\/monmaghreb.com\/index.php\/2026\/04\/29\/projection-cinematographique-de-lalgerie-du-sud-decouvrez-le-film\/"},"modified":"2026-04-29T16:57:59","modified_gmt":"2026-04-29T16:57:59","slug":"projection-cinematographique-de-lalgerie-du-sud-decouvrez-le-film","status":"publish","type":"post","link":"https:\/\/monmaghreb.com\/index.php\/2026\/04\/29\/projection-cinematographique-de-lalgerie-du-sud-decouvrez-le-film\/","title":{"rendered":"Projection cin\u00e9matographique de l&#8217;Alg\u00e9rie du sud : d\u00e9couvrez le film"},"content":{"rendered":"<p><!DOCTYPE html><br \/>\n<html lang=\"fr\"><br \/>\n<head><br \/>\n  <meta charset=\"UTF-8\"><br \/>\n  <meta name=\"viewport\" content=\"width=device-width, initial-scale=1.0\"><br \/>\n  <title>Projection cin\u00e9matographique de l&#8217;Alg\u00e9rie du sud : d\u00e9couvrez le film<\/title><br \/>\n<\/head><br \/>\n<body><\/p>\n<h1>Projection cin\u00e9matographique de l&#8217;Alg\u00e9rie du sud : d\u00e9couvrez le film<\/h1>\n<p>Nous sommes ravis d&#8217;annoncer la <a href=\"https:\/\/monmaghreb.com\/index.php\/2026\/04\/27\/projection-du-film-dans-un-voyage-au-coeur-de-lalgerie-du-sud-une-experience-inoubliable\/\" title=\"Projection du film dans un voyage au c\u0153ur de l&#8217;Alg\u00e9rie du sud : une exp\u00e9rience inoubliable\">projection<\/a> cin\u00e9matographique d&#8217;un film exceptionnel sur l&#8217;Alg\u00e9rie du Sud. Ce documentaire, r\u00e9alis\u00e9 par un artiste marocain renomm\u00e9, retrace avec pr\u00e9cision la culture, l&#8217;histoire et les paysages de cette r\u00e9gion peu connue.<\/p>\n<h2>La culture alg\u00e9rienne du sud : une d\u00e9couverte plongeante<\/h2>\n<p>Le film pr\u00e9sente un panorama d\u00e9taill\u00e9 de la culture traditionnelle de l&#8217;Alg\u00e9rie du Sud, y compris la musique, la danse et les traditions culinaires locales. Les spectateurs seront invit\u00e9s \u00e0 plonger dans une culture riche et vibrante, qui a \u00e9t\u00e9 conserv\u00e9e depuis des si\u00e8cles.<\/p>\n<p>Le r\u00e9alisateur a utilis\u00e9 son art pour capturer la beaut\u00e9 et la profondeur de cette culture, en utilisant les images les plus spectaculaires de l&#8217;Alg\u00e9rie du Sud. Les costumes traditionnels, les instruments musicaux et les danses sont pr\u00e9sent\u00e9s avec une pr\u00e9cision et une passion qui font vibrer le c\u0153ur.<\/p>\n<p>Les spectateurs pourront d\u00e9couvrir les secrets d&#8217;une culture si riche et peu connue en dehors de l&#8217;Alg\u00e9rie. Ils pourront \u00e9galement apprendre comment cette culture a influenc\u00e9 la culture alg\u00e9rienne tout enti\u00e8re. Par exemple, la musique traditionnelle de l&#8217;Alg\u00e9rie du Sud est caract\u00e9ris\u00e9e par des rythmes complexes et des m\u00e9lodies \u00e9mouvantes. Les instruments tels que le oud et le nay sont utilis\u00e9s pour cr\u00e9er des sons qui font r\u00e9sonner les \u00e2mes.<\/p>\n<h2>L&#8217;histoire de l&#8217;Alg\u00e9rie du Sud : un retour aux sources<\/h2>\n<p>Le film d\u00e9crit l&#8217;histoire de l&#8217;Alg\u00e9rie du Sud \u00e0 travers les yeux d&#8217;un observateur attentif. Les spectateurs seront invit\u00e9s \u00e0 parcourir des si\u00e8cles, en d\u00e9couvrant la vie quotidienne des Alg\u00e9riens dans cette r\u00e9gion \u00e0 travers les temps.<\/p>\n<p>Le r\u00e9alisateur a utilis\u00e9 des images de sources historiques pour reconstituer l&#8217;histoire de l&#8217;Alg\u00e9rie du Sud. Les spectateurs pourront voir comment cette r\u00e9gion a \u00e9t\u00e9 habit\u00e9e pendant des mill\u00e9naires, et comment elle s&#8217;est transform\u00e9e au fil du temps. Par exemple, la ville d&#8217;Ouargla a \u00e9t\u00e9 un centre commercial important dans l&#8217;Antiquit\u00e9.<\/p>\n<p>Le film offre \u00e9galement une perspective sur la politique alg\u00e9rienne de l&#8217;\u00e8re coloniale, en d\u00e9crivant les changements politiques qui ont eu lieu dans la r\u00e9gion \u00e0 cette \u00e9poque. Les spectateurs pourront apprendre comment ces \u00e9v\u00e9nements ont affect\u00e9 l&#8217;Alg\u00e9rie du Sud, et comment elle a r\u00e9agi \u00e0 ces changements.<\/p>\n<h2>Les paysages de l&#8217;Alg\u00e9rie du Sud : une vue sur la nature<\/h2>\n<p>Le film pr\u00e9sente des images spectaculaires de la nature en Alg\u00e9rie du Sud. Les montagnes escarp\u00e9es, les vall\u00e9es verdoyantes et les plages sableuses sont tous captur\u00e9s avec une pr\u00e9cision remarquable.<\/p>\n<p>Les spectateurs pourront d\u00e9couvrir des paysages inconnus en dehors de l&#8217;Alg\u00e9rie. Ils pourront \u00e9galement apprendre comment la nature de cette r\u00e9gion a influenc\u00e9 la culture et l&#8217;histoire de l&#8217;Alg\u00e9rie du Sud. Par exemple, les montagnes de l&#8217;Ahaggar ont jou\u00e9 un r\u00f4le important dans l&#8217;histoire de l&#8217;Alg\u00e9rie du Sud, servant de refuge pour les populations locales.<\/p>\n<p>Le film montre aussi le travail agricole des Alg\u00e9riens dans cette r\u00e9gion, et les techniques qui ont \u00e9t\u00e9 d\u00e9velopp\u00e9es pour utiliser la terre fertile pour produire une abondance de nourriture. Les spectateurs pourront d\u00e9couvrir comment l&#8217;agriculture a permis \u00e0 la population locale de se d\u00e9velopper et de prosp\u00e9rer.<\/p>\n<h2>La musique de l&#8217;Alg\u00e9rie du Sud : un tribut \u00e0 la culture<\/h2>\n<p>Le film pr\u00e9sente des exemples de la musique traditionnelle de l&#8217;Alg\u00e9rie du Sud, y compris la chanson et le chant. Les spectateurs pourront apprendre comment cette musique a \u00e9t\u00e9 cr\u00e9\u00e9e, et comment elle a \u00e9t\u00e9 transmise aux g\u00e9n\u00e9rations suivantes.<\/p>\n<p>Le film montre aussi les instruments musicaux utilis\u00e9s dans l&#8217;Alg\u00e9rie du Sud, y compris des percussions et des cordes. Les spectateurs pourront voir comment ces instruments sont fabriqu\u00e9s, et comment ils sont utilis\u00e9s dans la musique traditionnelle. Par exemple, le oud est un instrument \u00e0 cordes qui est tr\u00e8s populaire en Alg\u00e9rie du Sud.<\/p>\n<p>Le film offre \u00e9galement une perspective sur la culture musicale alg\u00e9rienne moderne, en d\u00e9crivant les artistes qui ont \u00e9t\u00e9 influenc\u00e9s par la musique de l&#8217;Alg\u00e9rie du Sud. Les spectateurs pourront apprendre comment cette culture a influenc\u00e9 la musique alg\u00e9rienne tout enti\u00e8re.<\/p>\n<h2>Appel \u00e0 l&#8217;action : d\u00e9voilez les secrets de l&#8217;Alg\u00e9rie du Sud<\/h2>\n<p>Nous invitons tous les lecteurs maghr\u00e9bins de la diaspora \u00e0 d\u00e9couvrir ce documentaire exceptionnel sur l&#8217;Alg\u00e9rie du Sud. Le film est disponible pour le visionnage en ligne et vous pouvez \u00e9galement le voir dans des cin\u00e9mas s\u00e9lectionn\u00e9s \u00e0 travers le monde.<\/p>\n<p>Nous sommes fier de pouvoir offrir une chance \u00e0 tous les lecteurs maghr\u00e9bins de la diaspora de d\u00e9couvrir l&#8217;histoire, la culture et les paysages de l&#8217;Alg\u00e9rie du Sud. Nous esp\u00e9rons que ce film vous fera d\u00e9couvrir un nouvel aspect de votre patrie.<\/p>\n<p>En r\u00e9sum\u00e9, ce documentaire est une invitation \u00e0 d\u00e9couvrir l&#8217;Alg\u00e9rie du Sud sous toutes ses formes. Les spectateurs pourront apprendre sur la culture, l&#8217;histoire et les paysages de cette r\u00e9gion unique. Nous sommes convaincus que ce film sera un moment puissant pour les Maghr\u00e9bins de la diaspora qui cherchent \u00e0 renforcer leur lien avec leur patrie.<\/p>\n<div style=\"background:#f8f9fa;border-left:4px solid #0066cc;border-radius:6px;padding:20px 24px;margin:32px 0;\">\n<p style=\"font-size:13px;color:#888;text-transform:uppercase;letter-spacing:0.8px;margin:0 0 6px 0;\">Vous pourriez aussi aimer<\/p>\n<h3 style=\"font-size:18px;margin:0 0 14px 0;color:#222;\">Articles similaires<\/h3>\n<ul style=\"margin:0;padding-left:20px;list-style:disc;\">\n<li style=\"margin-bottom:10px;\"><a href=\"https:\/\/monmaghreb.com\/index.php\/2026\/04\/27\/projection-du-film-dans-un-voyage-au-coeur-de-lalgerie-du-sud-une-experience-inoubliable\/\" style=\"color:#0066cc;text-decoration:none;font-weight:500;\" title=\"Projection du film dans un voyage au c\u0153ur de l&#8217;Alg\u00e9rie du sud : une exp\u00e9rience inoubliable\">Projection du film dans un voyage au c\u0153ur de l&#8217;Alg\u00e9rie du sud : une exp\u00e9rience inoubliable<\/a><\/li>\n<li style=\"margin-bottom:10px;\"><a href=\"https:\/\/monmaghreb.com\/index.php\/2026\/04\/28\/valorisation-des-collections-publiques-de-tapis-marocains-sous-le-protectorat-francais-quelles-implications-pour-notre-patrimoine-culturel\/\" style=\"color:#0066cc;text-decoration:none;font-weight:500;\" title=\"Valorisation des collections publiques de tapis marocains sous le protectorat fran\u00e7ais : quelles implications pour notre patrimoine culturel?\">Valorisation des collections publiques de tapis marocains sous le protectorat fran\u00e7ais : quelles implications pour notre patrimoine culturel?<\/a><\/li>\n<li style=\"margin-bottom:10px;\"><a href=\"https:\/\/monmaghreb.com\/index.php\/2026\/04\/27\/culture-et-diversite-au-maroc-decouvrez-les-scenes-culturelles-exceptionnelles\/\" style=\"color:#0066cc;text-decoration:none;font-weight:500;\" title=\"Culture et diversit\u00e9 au Maroc : d\u00e9couvrez les sc\u00e8nes culturelles exceptionnelles\">Culture et diversit\u00e9 au Maroc : d\u00e9couvrez les sc\u00e8nes culturelles exceptionnelles<\/a><\/li>\n<li style=\"margin-bottom:10px;\"><a href=\"https:\/\/monmaghreb.com\/index.php\/2026\/04\/28\/boutique-dartisanat-marocain-de-cherbourg-en-cotentin-une-nouvelle-avenue-pour-promouvoir-la-culture-maghrebine-en-france\/\" style=\"color:#0066cc;text-decoration:none;font-weight:500;\" title=\"Boutique d&#8217;artisanat marocain de Cherbourg-en-Cotentin : une nouvelle avenue pour promouvoir la culture maghr\u00e9bine en France\">Boutique d&#8217;artisanat marocain de Cherbourg-en-Cotentin : une nouvelle avenue pour promouvoir la culture maghr\u00e9bine en France<\/a><\/li>\n<li style=\"margin-bottom:10px;\"><a href=\"https:\/\/monmaghreb.com\/index.php\/2026\/04\/27\/le-theatre-royal-de-rabat-un-symbole-du-renouveau-culturel-et-artistique-marocain\/\" style=\"color:#0066cc;text-decoration:none;font-weight:500;\" title=\"Le Th\u00e9\u00e2tre royal de Rabat : un symbole du renouveau culturel et artistique marocain\">Le Th\u00e9\u00e2tre royal de Rabat : un symbole du renouveau culturel et artistique marocain<\/a><\/li>\n<\/ul>\n<\/div>\n<p><\/body><br \/>\n<\/html><\/p>\n","protected":false},"excerpt":{"rendered":"<p>D\u00e9couvrez le film extraordinaire sur l&#8217;Alg\u00e9rie du Sud : culture, histoire et paysages. Projet\u00e9 au cin\u00e9ma maintenant.<\/p>\n","protected":false},"author":1,"featured_media":3686,"comment_status":"closed","ping_status":"open","sticky":false,"template":"","format":"standard","meta":{"_yoast_wpseo_focuskw":"projection cinematographique alg\u00e9rie sud","_yoast_wpseo_title":"Projection cin\u00e9matographique de l'Alg\u00e9rie du sud : d\u00e9couvrez","_yoast_wpseo_metadesc":"D\u00e9couvrez le film extraordinaire sur l'Alg\u00e9rie du Sud : culture, histoire et paysages. Projet\u00e9 au cin\u00e9ma maintenant.","_yoast_wpseo_canonical":"","_yoast_wpseo_opengraph-title":"Projection cin\u00e9matographique de l'Alg\u00e9rie du sud : d\u00e9couvrez le film","_yoast_wpseo_opengraph-description":"D\u00e9couvrez le film extraordinaire sur l'Alg\u00e9rie du Sud : culture, histoire et paysages. Projet\u00e9 au cin\u00e9ma maintenant.","_yoast_wpseo_opengraph-image":"","tdm_status":"","tdm_grid_status":"","footnotes":""},"categories":[652],"tags":[2499,2498,2500,2501,1901],"class_list":["post-3687","post","type-post","status-publish","format-standard","has-post-thumbnail","hentry","category-histoire-patrimoine","tag-culture-sud-algerienne","tag-documentaire-algerie","tag-film-marocain","tag-guide-cinematographique","tag-patrimoine-culturel-algerien"],"yoast_head":"<!-- This site is optimized with the Yoast SEO plugin v27.5 - https:\/\/yoast.com\/product\/yoast-seo-wordpress\/ -->\n<title>Projection cin\u00e9matographique de l&#039;Alg\u00e9rie du sud : d\u00e9couvrez<\/title>\n<meta name=\"description\" content=\"D\u00e9couvrez le film extraordinaire sur l&#039;Alg\u00e9rie du Sud : culture, histoire et paysages. Projet\u00e9 au cin\u00e9ma maintenant.\" \/>\n<meta name=\"robots\" content=\"index, follow, max-snippet:-1, max-image-preview:large, max-video-preview:-1\" \/>\n<link rel=\"canonical\" href=\"https:\/\/monmaghreb.com\/index.php\/2026\/04\/29\/projection-cinematographique-de-lalgerie-du-sud-decouvrez-le-film\/\" \/>\n<meta property=\"og:locale\" content=\"en_US\" \/>\n<meta property=\"og:type\" content=\"article\" \/>\n<meta property=\"og:title\" content=\"Projection cin\u00e9matographique de l&#039;Alg\u00e9rie du sud : d\u00e9couvrez le film\" \/>\n<meta property=\"og:description\" content=\"D\u00e9couvrez le film extraordinaire sur l&#039;Alg\u00e9rie du Sud : culture, histoire et paysages. Projet\u00e9 au cin\u00e9ma maintenant.\" \/>\n<meta property=\"og:url\" content=\"https:\/\/monmaghreb.com\/index.php\/2026\/04\/29\/projection-cinematographique-de-lalgerie-du-sud-decouvrez-le-film\/\" \/>\n<meta property=\"og:site_name\" content=\"Mon Maghreb\" \/>\n<meta property=\"article:author\" content=\"https:\/\/www.facebook.com\/monmaghrebcom\" \/>\n<meta property=\"article:published_time\" content=\"2026-04-29T16:57:54+00:00\" \/>\n<meta property=\"article:modified_time\" content=\"2026-04-29T16:57:59+00:00\" \/>\n<meta property=\"og:image\" content=\"https:\/\/monmaghreb.com\/wp-content\/uploads\/2026\/04\/featured-454.jpg\" \/>\n\t<meta property=\"og:image:width\" content=\"1880\" \/>\n\t<meta property=\"og:image:height\" content=\"1253\" \/>\n\t<meta property=\"og:image:type\" content=\"image\/jpeg\" \/>\n<meta name=\"author\" content=\"LaMagh\" \/>\n<meta name=\"twitter:card\" content=\"summary_large_image\" \/>\n<meta name=\"twitter:creator\" content=\"@MMaghreb50977\" \/>\n<meta name=\"twitter:label1\" content=\"Written by\" \/>\n\t<meta name=\"twitter:data1\" content=\"LaMagh\" \/>\n\t<meta name=\"twitter:label2\" content=\"Est. reading time\" \/>\n\t<meta name=\"twitter:data2\" content=\"5 minutes\" \/>\n<script type=\"application\/ld+json\" class=\"yoast-schema-graph\">{\"@context\":\"https:\\\/\\\/schema.org\",\"@graph\":[{\"@type\":\"Article\",\"@id\":\"https:\\\/\\\/monmaghreb.com\\\/index.php\\\/2026\\\/04\\\/29\\\/projection-cinematographique-de-lalgerie-du-sud-decouvrez-le-film\\\/#article\",\"isPartOf\":{\"@id\":\"https:\\\/\\\/monmaghreb.com\\\/index.php\\\/2026\\\/04\\\/29\\\/projection-cinematographique-de-lalgerie-du-sud-decouvrez-le-film\\\/\"},\"author\":{\"name\":\"LaMagh\",\"@id\":\"http:\\\/\\\/monmaghreb.com\\\/#\\\/schema\\\/person\\\/c469a89dc8c6b8987dcb438b1200d054\"},\"headline\":\"Projection cin\u00e9matographique de l&#8217;Alg\u00e9rie du sud : d\u00e9couvrez le film\",\"datePublished\":\"2026-04-29T16:57:54+00:00\",\"dateModified\":\"2026-04-29T16:57:59+00:00\",\"mainEntityOfPage\":{\"@id\":\"https:\\\/\\\/monmaghreb.com\\\/index.php\\\/2026\\\/04\\\/29\\\/projection-cinematographique-de-lalgerie-du-sud-decouvrez-le-film\\\/\"},\"wordCount\":1046,\"publisher\":{\"@id\":\"http:\\\/\\\/monmaghreb.com\\\/#organization\"},\"image\":{\"@id\":\"https:\\\/\\\/monmaghreb.com\\\/index.php\\\/2026\\\/04\\\/29\\\/projection-cinematographique-de-lalgerie-du-sud-decouvrez-le-film\\\/#primaryimage\"},\"thumbnailUrl\":\"https:\\\/\\\/monmaghreb.com\\\/wp-content\\\/uploads\\\/2026\\\/04\\\/featured-454.jpg\",\"keywords\":[\"culture sud alg\u00e9rienne\",\"documentaire alg\u00e9rie\",\"film marocain\",\"guide cin\u00e9matographique\",\"patrimoine culturel alg\u00e9rien\"],\"articleSection\":[\"Histoire &amp; Patrimoine\"],\"inLanguage\":\"en-US\"},{\"@type\":\"WebPage\",\"@id\":\"https:\\\/\\\/monmaghreb.com\\\/index.php\\\/2026\\\/04\\\/29\\\/projection-cinematographique-de-lalgerie-du-sud-decouvrez-le-film\\\/\",\"url\":\"https:\\\/\\\/monmaghreb.com\\\/index.php\\\/2026\\\/04\\\/29\\\/projection-cinematographique-de-lalgerie-du-sud-decouvrez-le-film\\\/\",\"name\":\"Projection cin\u00e9matographique de l'Alg\u00e9rie du sud : d\u00e9couvrez\",\"isPartOf\":{\"@id\":\"http:\\\/\\\/monmaghreb.com\\\/#website\"},\"primaryImageOfPage\":{\"@id\":\"https:\\\/\\\/monmaghreb.com\\\/index.php\\\/2026\\\/04\\\/29\\\/projection-cinematographique-de-lalgerie-du-sud-decouvrez-le-film\\\/#primaryimage\"},\"image\":{\"@id\":\"https:\\\/\\\/monmaghreb.com\\\/index.php\\\/2026\\\/04\\\/29\\\/projection-cinematographique-de-lalgerie-du-sud-decouvrez-le-film\\\/#primaryimage\"},\"thumbnailUrl\":\"https:\\\/\\\/monmaghreb.com\\\/wp-content\\\/uploads\\\/2026\\\/04\\\/featured-454.jpg\",\"datePublished\":\"2026-04-29T16:57:54+00:00\",\"dateModified\":\"2026-04-29T16:57:59+00:00\",\"description\":\"D\u00e9couvrez le film extraordinaire sur l'Alg\u00e9rie du Sud : culture, histoire et paysages. Projet\u00e9 au cin\u00e9ma maintenant.\",\"breadcrumb\":{\"@id\":\"https:\\\/\\\/monmaghreb.com\\\/index.php\\\/2026\\\/04\\\/29\\\/projection-cinematographique-de-lalgerie-du-sud-decouvrez-le-film\\\/#breadcrumb\"},\"inLanguage\":\"en-US\",\"potentialAction\":[{\"@type\":\"ReadAction\",\"target\":[\"https:\\\/\\\/monmaghreb.com\\\/index.php\\\/2026\\\/04\\\/29\\\/projection-cinematographique-de-lalgerie-du-sud-decouvrez-le-film\\\/\"]}]},{\"@type\":\"ImageObject\",\"inLanguage\":\"en-US\",\"@id\":\"https:\\\/\\\/monmaghreb.com\\\/index.php\\\/2026\\\/04\\\/29\\\/projection-cinematographique-de-lalgerie-du-sud-decouvrez-le-film\\\/#primaryimage\",\"url\":\"https:\\\/\\\/monmaghreb.com\\\/wp-content\\\/uploads\\\/2026\\\/04\\\/featured-454.jpg\",\"contentUrl\":\"https:\\\/\\\/monmaghreb.com\\\/wp-content\\\/uploads\\\/2026\\\/04\\\/featured-454.jpg\",\"width\":1880,\"height\":1253,\"caption\":\"Projection de film sur l'Alg\u00e9rie du Sud: paysages, histoire et culture\"},{\"@type\":\"BreadcrumbList\",\"@id\":\"https:\\\/\\\/monmaghreb.com\\\/index.php\\\/2026\\\/04\\\/29\\\/projection-cinematographique-de-lalgerie-du-sud-decouvrez-le-film\\\/#breadcrumb\",\"itemListElement\":[{\"@type\":\"ListItem\",\"position\":1,\"name\":\"Home\",\"item\":\"http:\\\/\\\/monmaghreb.com\\\/\"},{\"@type\":\"ListItem\",\"position\":2,\"name\":\"Projection cin\u00e9matographique de l&#8217;Alg\u00e9rie du sud : d\u00e9couvrez le film\"}]},{\"@type\":\"WebSite\",\"@id\":\"http:\\\/\\\/monmaghreb.com\\\/#website\",\"url\":\"http:\\\/\\\/monmaghreb.com\\\/\",\"name\":\"Mon Maghreb\",\"description\":\"MonMaghreb United\",\"publisher\":{\"@id\":\"http:\\\/\\\/monmaghreb.com\\\/#organization\"},\"alternateName\":\"Le Monde du Maghreb et au del\u00e0\",\"potentialAction\":[{\"@type\":\"SearchAction\",\"target\":{\"@type\":\"EntryPoint\",\"urlTemplate\":\"http:\\\/\\\/monmaghreb.com\\\/?s={search_term_string}\"},\"query-input\":{\"@type\":\"PropertyValueSpecification\",\"valueRequired\":true,\"valueName\":\"search_term_string\"}}],\"inLanguage\":\"en-US\"},{\"@type\":\"Organization\",\"@id\":\"http:\\\/\\\/monmaghreb.com\\\/#organization\",\"name\":\"Mon Maghreb\",\"url\":\"http:\\\/\\\/monmaghreb.com\\\/\",\"logo\":{\"@type\":\"ImageObject\",\"inLanguage\":\"en-US\",\"@id\":\"http:\\\/\\\/monmaghreb.com\\\/#\\\/schema\\\/logo\\\/image\\\/\",\"url\":\"https:\\\/\\\/monmaghreb.com\\\/wp-content\\\/uploads\\\/2025\\\/12\\\/Mon_Maghreb_Logo.jpg\",\"contentUrl\":\"https:\\\/\\\/monmaghreb.com\\\/wp-content\\\/uploads\\\/2025\\\/12\\\/Mon_Maghreb_Logo.jpg\",\"width\":814,\"height\":374,\"caption\":\"Mon Maghreb\"},\"image\":{\"@id\":\"http:\\\/\\\/monmaghreb.com\\\/#\\\/schema\\\/logo\\\/image\\\/\"}},{\"@type\":\"Person\",\"@id\":\"http:\\\/\\\/monmaghreb.com\\\/#\\\/schema\\\/person\\\/c469a89dc8c6b8987dcb438b1200d054\",\"name\":\"LaMagh\",\"image\":{\"@type\":\"ImageObject\",\"inLanguage\":\"en-US\",\"@id\":\"https:\\\/\\\/secure.gravatar.com\\\/avatar\\\/399d8144bd55fba55e056779aca52fe528bac7911f6449e54d81173d6dfd7f0a?s=96&d=mm&r=g\",\"url\":\"https:\\\/\\\/secure.gravatar.com\\\/avatar\\\/399d8144bd55fba55e056779aca52fe528bac7911f6449e54d81173d6dfd7f0a?s=96&d=mm&r=g\",\"contentUrl\":\"https:\\\/\\\/secure.gravatar.com\\\/avatar\\\/399d8144bd55fba55e056779aca52fe528bac7911f6449e54d81173d6dfd7f0a?s=96&d=mm&r=g\",\"caption\":\"LaMagh\"},\"sameAs\":[\"https:\\\/\\\/monmaghreb.com\",\"https:\\\/\\\/www.facebook.com\\\/monmaghrebcom\",\"https:\\\/\\\/x.com\\\/MMaghreb50977\"],\"url\":\"https:\\\/\\\/monmaghreb.com\\\/index.php\\\/author\\\/lamagh\\\/\"}]}<\/script>\n<!-- \/ Yoast SEO plugin. -->","yoast_head_json":{"title":"Projection cin\u00e9matographique de l'Alg\u00e9rie du sud : d\u00e9couvrez","description":"D\u00e9couvrez le film extraordinaire sur l'Alg\u00e9rie du Sud : culture, histoire et paysages. Projet\u00e9 au cin\u00e9ma maintenant.","robots":{"index":"index","follow":"follow","max-snippet":"max-snippet:-1","max-image-preview":"max-image-preview:large","max-video-preview":"max-video-preview:-1"},"canonical":"https:\/\/monmaghreb.com\/index.php\/2026\/04\/29\/projection-cinematographique-de-lalgerie-du-sud-decouvrez-le-film\/","og_locale":"en_US","og_type":"article","og_title":"Projection cin\u00e9matographique de l'Alg\u00e9rie du sud : d\u00e9couvrez le film","og_description":"D\u00e9couvrez le film extraordinaire sur l'Alg\u00e9rie du Sud : culture, histoire et paysages. Projet\u00e9 au cin\u00e9ma maintenant.","og_url":"https:\/\/monmaghreb.com\/index.php\/2026\/04\/29\/projection-cinematographique-de-lalgerie-du-sud-decouvrez-le-film\/","og_site_name":"Mon Maghreb","article_author":"https:\/\/www.facebook.com\/monmaghrebcom","article_published_time":"2026-04-29T16:57:54+00:00","article_modified_time":"2026-04-29T16:57:59+00:00","og_image":[{"width":1880,"height":1253,"url":"https:\/\/monmaghreb.com\/wp-content\/uploads\/2026\/04\/featured-454.jpg","type":"image\/jpeg"}],"author":"LaMagh","twitter_card":"summary_large_image","twitter_creator":"@MMaghreb50977","twitter_misc":{"Written by":"LaMagh","Est. reading time":"5 minutes"},"schema":{"@context":"https:\/\/schema.org","@graph":[{"@type":"Article","@id":"https:\/\/monmaghreb.com\/index.php\/2026\/04\/29\/projection-cinematographique-de-lalgerie-du-sud-decouvrez-le-film\/#article","isPartOf":{"@id":"https:\/\/monmaghreb.com\/index.php\/2026\/04\/29\/projection-cinematographique-de-lalgerie-du-sud-decouvrez-le-film\/"},"author":{"name":"LaMagh","@id":"http:\/\/monmaghreb.com\/#\/schema\/person\/c469a89dc8c6b8987dcb438b1200d054"},"headline":"Projection cin\u00e9matographique de l&#8217;Alg\u00e9rie du sud : d\u00e9couvrez le film","datePublished":"2026-04-29T16:57:54+00:00","dateModified":"2026-04-29T16:57:59+00:00","mainEntityOfPage":{"@id":"https:\/\/monmaghreb.com\/index.php\/2026\/04\/29\/projection-cinematographique-de-lalgerie-du-sud-decouvrez-le-film\/"},"wordCount":1046,"publisher":{"@id":"http:\/\/monmaghreb.com\/#organization"},"image":{"@id":"https:\/\/monmaghreb.com\/index.php\/2026\/04\/29\/projection-cinematographique-de-lalgerie-du-sud-decouvrez-le-film\/#primaryimage"},"thumbnailUrl":"https:\/\/monmaghreb.com\/wp-content\/uploads\/2026\/04\/featured-454.jpg","keywords":["culture sud alg\u00e9rienne","documentaire alg\u00e9rie","film marocain","guide cin\u00e9matographique","patrimoine culturel alg\u00e9rien"],"articleSection":["Histoire &amp; Patrimoine"],"inLanguage":"en-US"},{"@type":"WebPage","@id":"https:\/\/monmaghreb.com\/index.php\/2026\/04\/29\/projection-cinematographique-de-lalgerie-du-sud-decouvrez-le-film\/","url":"https:\/\/monmaghreb.com\/index.php\/2026\/04\/29\/projection-cinematographique-de-lalgerie-du-sud-decouvrez-le-film\/","name":"Projection cin\u00e9matographique de l'Alg\u00e9rie du sud : d\u00e9couvrez","isPartOf":{"@id":"http:\/\/monmaghreb.com\/#website"},"primaryImageOfPage":{"@id":"https:\/\/monmaghreb.com\/index.php\/2026\/04\/29\/projection-cinematographique-de-lalgerie-du-sud-decouvrez-le-film\/#primaryimage"},"image":{"@id":"https:\/\/monmaghreb.com\/index.php\/2026\/04\/29\/projection-cinematographique-de-lalgerie-du-sud-decouvrez-le-film\/#primaryimage"},"thumbnailUrl":"https:\/\/monmaghreb.com\/wp-content\/uploads\/2026\/04\/featured-454.jpg","datePublished":"2026-04-29T16:57:54+00:00","dateModified":"2026-04-29T16:57:59+00:00","description":"D\u00e9couvrez le film extraordinaire sur l'Alg\u00e9rie du Sud : culture, histoire et paysages. Projet\u00e9 au cin\u00e9ma maintenant.","breadcrumb":{"@id":"https:\/\/monmaghreb.com\/index.php\/2026\/04\/29\/projection-cinematographique-de-lalgerie-du-sud-decouvrez-le-film\/#breadcrumb"},"inLanguage":"en-US","potentialAction":[{"@type":"ReadAction","target":["https:\/\/monmaghreb.com\/index.php\/2026\/04\/29\/projection-cinematographique-de-lalgerie-du-sud-decouvrez-le-film\/"]}]},{"@type":"ImageObject","inLanguage":"en-US","@id":"https:\/\/monmaghreb.com\/index.php\/2026\/04\/29\/projection-cinematographique-de-lalgerie-du-sud-decouvrez-le-film\/#primaryimage","url":"https:\/\/monmaghreb.com\/wp-content\/uploads\/2026\/04\/featured-454.jpg","contentUrl":"https:\/\/monmaghreb.com\/wp-content\/uploads\/2026\/04\/featured-454.jpg","width":1880,"height":1253,"caption":"Projection de film sur l'Alg\u00e9rie du Sud: paysages, histoire et culture"},{"@type":"BreadcrumbList","@id":"https:\/\/monmaghreb.com\/index.php\/2026\/04\/29\/projection-cinematographique-de-lalgerie-du-sud-decouvrez-le-film\/#breadcrumb","itemListElement":[{"@type":"ListItem","position":1,"name":"Home","item":"http:\/\/monmaghreb.com\/"},{"@type":"ListItem","position":2,"name":"Projection cin\u00e9matographique de l&#8217;Alg\u00e9rie du sud : d\u00e9couvrez le film"}]},{"@type":"WebSite","@id":"http:\/\/monmaghreb.com\/#website","url":"http:\/\/monmaghreb.com\/","name":"Mon Maghreb","description":"MonMaghreb United","publisher":{"@id":"http:\/\/monmaghreb.com\/#organization"},"alternateName":"Le Monde du Maghreb et au del\u00e0","potentialAction":[{"@type":"SearchAction","target":{"@type":"EntryPoint","urlTemplate":"http:\/\/monmaghreb.com\/?s={search_term_string}"},"query-input":{"@type":"PropertyValueSpecification","valueRequired":true,"valueName":"search_term_string"}}],"inLanguage":"en-US"},{"@type":"Organization","@id":"http:\/\/monmaghreb.com\/#organization","name":"Mon Maghreb","url":"http:\/\/monmaghreb.com\/","logo":{"@type":"ImageObject","inLanguage":"en-US","@id":"http:\/\/monmaghreb.com\/#\/schema\/logo\/image\/","url":"https:\/\/monmaghreb.com\/wp-content\/uploads\/2025\/12\/Mon_Maghreb_Logo.jpg","contentUrl":"https:\/\/monmaghreb.com\/wp-content\/uploads\/2025\/12\/Mon_Maghreb_Logo.jpg","width":814,"height":374,"caption":"Mon Maghreb"},"image":{"@id":"http:\/\/monmaghreb.com\/#\/schema\/logo\/image\/"}},{"@type":"Person","@id":"http:\/\/monmaghreb.com\/#\/schema\/person\/c469a89dc8c6b8987dcb438b1200d054","name":"LaMagh","image":{"@type":"ImageObject","inLanguage":"en-US","@id":"https:\/\/secure.gravatar.com\/avatar\/399d8144bd55fba55e056779aca52fe528bac7911f6449e54d81173d6dfd7f0a?s=96&d=mm&r=g","url":"https:\/\/secure.gravatar.com\/avatar\/399d8144bd55fba55e056779aca52fe528bac7911f6449e54d81173d6dfd7f0a?s=96&d=mm&r=g","contentUrl":"https:\/\/secure.gravatar.com\/avatar\/399d8144bd55fba55e056779aca52fe528bac7911f6449e54d81173d6dfd7f0a?s=96&d=mm&r=g","caption":"LaMagh"},"sameAs":["https:\/\/monmaghreb.com","https:\/\/www.facebook.com\/monmaghrebcom","https:\/\/x.com\/MMaghreb50977"],"url":"https:\/\/monmaghreb.com\/index.php\/author\/lamagh\/"}]}},"_links":{"self":[{"href":"https:\/\/monmaghreb.com\/index.php\/wp-json\/wp\/v2\/posts\/3687","targetHints":{"allow":["GET"]}}],"collection":[{"href":"https:\/\/monmaghreb.com\/index.php\/wp-json\/wp\/v2\/posts"}],"about":[{"href":"https:\/\/monmaghreb.com\/index.php\/wp-json\/wp\/v2\/types\/post"}],"author":[{"embeddable":true,"href":"https:\/\/monmaghreb.com\/index.php\/wp-json\/wp\/v2\/users\/1"}],"replies":[{"embeddable":true,"href":"https:\/\/monmaghreb.com\/index.php\/wp-json\/wp\/v2\/comments?post=3687"}],"version-history":[{"count":1,"href":"https:\/\/monmaghreb.com\/index.php\/wp-json\/wp\/v2\/posts\/3687\/revisions"}],"predecessor-version":[{"id":3688,"href":"https:\/\/monmaghreb.com\/index.php\/wp-json\/wp\/v2\/posts\/3687\/revisions\/3688"}],"wp:featuredmedia":[{"embeddable":true,"href":"https:\/\/monmaghreb.com\/index.php\/wp-json\/wp\/v2\/media\/3686"}],"wp:attachment":[{"href":"https:\/\/monmaghreb.com\/index.php\/wp-json\/wp\/v2\/media?parent=3687"}],"wp:term":[{"taxonomy":"category","embeddable":true,"href":"https:\/\/monmaghreb.com\/index.php\/wp-json\/wp\/v2\/categories?post=3687"},{"taxonomy":"post_tag","embeddable":true,"href":"https:\/\/monmaghreb.com\/index.php\/wp-json\/wp\/v2\/tags?post=3687"}],"curies":[{"name":"wp","href":"https:\/\/api.w.org\/{rel}","templated":true}]}}