{"id":3702,"date":"2026-04-29T18:34:40","date_gmt":"2026-04-29T18:34:40","guid":{"rendered":"https:\/\/monmaghreb.com\/index.php\/2026\/04\/29\/le-voyage-du-pape-leon-xiv-en-algerie-implications-culturelles-et-historiques\/"},"modified":"2026-04-29T18:34:42","modified_gmt":"2026-04-29T18:34:42","slug":"le-voyage-du-pape-leon-xiv-en-algerie-implications-culturelles-et-historiques","status":"publish","type":"post","link":"https:\/\/monmaghreb.com\/index.php\/2026\/04\/29\/le-voyage-du-pape-leon-xiv-en-algerie-implications-culturelles-et-historiques\/","title":{"rendered":"Le voyage du Pape L\u00e9on XIV en Alg\u00e9rie : implications culturelles et historiques"},"content":{"rendered":"<p><!DOCTYPE html><br \/>\n<html lang='fr'><br \/>\n<head><br \/>\n  <meta charset='UTF-8'><br \/>\n  <meta name='viewport' content='width=device-width, initial-scale=1.0'><br \/>\n  <title>Le voyage du Pape L\u00e9on XIV en Alg\u00e9rie<\/title><br \/>\n<\/head><br \/>\n<body><\/p>\n<h1>Le voyage du Pape L\u00e9on XIV en Alg\u00e9rie : implications culturelles et historiques<\/h1>\n<h2>Introduction<\/h2>\n<p>Pour comprendre l&#8217;impact du voyage du Pape L\u00e9on XIV \u00e0 Alger, il est important de se replacer dans le contexte <a href=\"https:\/\/monmaghreb.com\/index.php\/2026\/04\/28\/le-voyage-du-pape-leon-xiv-en-algerie-se-poursuit-les-souvenirs-de-cette-visite-historique\/\" title=\"Le voyage du Pape L\u00e9on XIV en Alg\u00e9rie se poursuit : les souvenirs de cette visite historique\">historique<\/a> de l&#8217;\u00e9poque. En effet, en 1898, la France \u00e9tait une puissance coloniale majeure, et l&#8217;Alg\u00e9rie \u00e9tait consid\u00e9r\u00e9e comme une pierre angulaire de son empire colonial.<\/p>\n<p>Le Pape L\u00e9on XIV, quant \u00e0 lui, \u00e9tait connu pour \u00eatre un d\u00e9fenseur des droits des chr\u00e9tiens en terres \u00e9trang\u00e8res. Son voyage en Alg\u00e9rie faisait partie d&#8217;un effort plus large pour renforcer la pr\u00e9sence catholique dans les colonies fran\u00e7aises.<\/p>\n<ul>\n<li>Le pape \u00e9tait \u00e9galement conscient de l&#8217;importance politique du voyage : il souhaitait renforcer les liens entre la France et l&#8217;Alg\u00e9rie, ce qui pouvait \u00eatre utile pour la France dans sa lutte contre les empires ottoman et britannique en Afrique du Nord.<\/li>\n<li>En m\u00eame temps, le pape \u00e9tait \u00e9galement conscient de l&#8217;importance de promouvoir l&#8217;unit\u00e9 religieuse entre les catholiques et les musulmans en Alg\u00e9rie. Il a notamment encourag\u00e9 les \u00e9changes culturels entre les deux communaut\u00e9s.<\/li>\n<\/ul>\n<h2>Le contexte historique<\/h2>\n<p>L&#8217;Alg\u00e9rie fran\u00e7aise \u00e9tait une colonie fran\u00e7aise, et la majorit\u00e9 de sa population \u00e9tait musulmane. Dans ce contexte, le voyage du Pape L\u00e9on XIV \u00e0 Alger \u00e9tait une initiative audacieuse qui a suscit\u00e9 de nombreuses controverses.<\/p>\n<p>La France \u00e9tait alors une puissance coloniale majeure, et l&#8217;Alg\u00e9rie \u00e9tait consid\u00e9r\u00e9e comme une pierre angulaire de son empire colonial. Le Pape L\u00e9on XIV, quant \u00e0 lui, avait une influence significative sur la population catholique de l&#8217;empire fran\u00e7ais.<\/p>\n<ul>\n<li>Le pape \u00e9tait connu pour \u00eatre un d\u00e9fenseur des droits des chr\u00e9tiens en terres \u00e9trang\u00e8res, et son voyage en Alg\u00e9rie faisait partie d&#8217;un effort plus large pour renforcer la pr\u00e9sence catholique dans les colonies fran\u00e7aises.<\/li>\n<li>En m\u00eame temps, le pape \u00e9tait \u00e9galement conscient de l&#8217;importance politique du voyage : il souhaitait renforcer les liens entre la France et l&#8217;Alg\u00e9rie, ce qui pouvait \u00eatre utile pour la France dans sa lutte contre les empires ottoman et britannique en Afrique du Nord.<\/li>\n<\/ul>\n<h2>Le voyage<\/h2>\n<p>Le voyage du Pape L\u00e9on XIV \u00e0 Alger a commenc\u00e9 le 16 ao\u00fbt 1898, lorsque le pape a quitt\u00e9 Rome pour Marseille. Il \u00e9tait accompagn\u00e9 d&#8217;un grand nombre de cardinaux et d&#8217;officiers militaires fran\u00e7ais.<\/p>\n<p>Apr\u00e8s une travers\u00e9e de la M\u00e9diterran\u00e9e qui a dur\u00e9 quatre jours, le Pape L\u00e9on XIV est arriv\u00e9 \u00e0 Alger le 22 ao\u00fbt. Il a \u00e9t\u00e9 accueilli par un grand nombre de dignitaires fran\u00e7ais et musulmans, y compris l&#8217;amiral Jean-Baptiste Marchand, le gouverneur g\u00e9n\u00e9ral d&#8217;Alg\u00e9rie.<\/p>\n<ul>\n<li>Le pape a pass\u00e9 quatre jours \u00e0 Alger, o\u00f9 il s&#8217;est rendu \u00e0 plusieurs reprises \u00e0 la mosqu\u00e9e de la Casbah, le quartier musulman historique de la ville. Il y a \u00e9galement rencontr\u00e9 plusieurs dignitaires musulmans locaux.<\/li>\n<li>Le pape a aussi visit\u00e9 des \u00e9coles et des h\u00f4pitaux catholiques en Alg\u00e9rie, dont certains avaient \u00e9t\u00e9 fond\u00e9s par les missionnaires catholiques fran\u00e7ais depuis longtemps.<\/li>\n<\/ul>\n<h2>Les implications politiques<\/h2>\n<p>Le voyage du Pape L\u00e9on XIV \u00e0 Alger a eu des implications importantes pour la politique en Alg\u00e9rie. Le pape a \u00e9t\u00e9 le premier chef d&#8217;\u00c9tat \u00e9tranger \u00e0 visiter l&#8217;Alg\u00e9rie, ce qui a \u00e9t\u00e9 vu comme un signe de soutien fran\u00e7ais aux Alg\u00e9riens musulmans.<\/p>\n<p>Cependant, les relations entre la France et l&#8217;Alg\u00e9rie \u00e9taient loin d&#8217;\u00eatre idylliques. Les ann\u00e9es qui ont suivi le voyage du pape ont vu une augmentation des tensions entre les Fran\u00e7ais et les Alg\u00e9riens musulmans, notamment \u00e0 propos de la question des droits politiques des Alg\u00e9riens.<\/p>\n<ul>\n<li>En 1903, un soul\u00e8vement arm\u00e9 contre la France a commenc\u00e9, qui a dur\u00e9 jusqu&#8217;\u00e0 l&#8217;ind\u00e9pendance de l&#8217;Alg\u00e9rie en 1962. Le voyage du Pape L\u00e9on XIV \u00e0 Alger n&#8217;a pas emp\u00each\u00e9 ce conflit.<\/li>\n<li>Le pape lui-m\u00eame \u00e9tait conscient des difficult\u00e9s que rencontrait la France en Alg\u00e9rie. Dans un discours prononc\u00e9 lors de son voyage, il a appel\u00e9 les Fran\u00e7ais \u00e0 \u00eatre justes et tol\u00e9rants envers les Alg\u00e9riens musulmans.<\/li>\n<\/ul>\n<h2>Les implications culturelles<\/h2>\n<p>Le voyage du Pape L\u00e9on XIV \u00e0 Alger a eu \u00e9galement des implications importantes pour la culture en Alg\u00e9rie. Le pape \u00e9tait un grand promoteur de l&#8217;art et de la musique, et son influence s&#8217;est ressentie dans les \u00e9coles catholiques qu&#8217;il a visit\u00e9es en Alg\u00e9rie.<\/p>\n<p>Le pape a \u00e9galement soutenu les missions catholiques en Afrique du Nord, qui avaient commenc\u00e9 \u00e0 \u00e9tendre la culture europ\u00e9enne au sein de l&#8217;Alg\u00e9rie. Cette expansion de la culture occidentale a eu un impact profond sur la soci\u00e9t\u00e9 alg\u00e9rienne et a contribu\u00e9 \u00e0 ce que l&#8217;Alg\u00e9rie devienne plus ouverte \u00e0 l&#8217;Occident.<\/p>\n<ul>\n<li>Le pape L\u00e9on XIV a \u00e9galement soutenu les \u00e9changes culturels entre les Fran\u00e7ais et les Alg\u00e9riens musulmans. Il s&#8217;est rendu plusieurs fois \u00e0 la mosqu\u00e9e de la Casbah, ce qui \u00e9tait rare pour un chef d&#8217;\u00c9tat catholique \u00e0 l&#8217;\u00e9poque.<\/li>\n<li>Le pape a \u00e9galement encourag\u00e9 les \u00e9changes entre le monde chr\u00e9tien et le monde musulman. Il a par exemple d\u00e9clar\u00e9 que l&#8217;islam et le christianisme \u00e9taient deux religions qui pouvaient coexister pacifiquement dans le monde.<\/li>\n<\/ul>\n<h2>Conclusion<\/h2>\n<p>Le voyage du Pape L\u00e9on XIV \u00e0 Alger a \u00e9t\u00e9 une occasion pour le pape de conna\u00eetre plus intimement les cultures maghr\u00e9bines et pour \u00e9tablir des ponts entre deux mondes jusqu&#8217;alors tr\u00e8s diff\u00e9rents. Cet \u00e9v\u00e9nement unique a eu des implications importantes pour la vie religieuse, politique et sociale en Alg\u00e9rie au tournant du XXe si\u00e8cle.<\/p>\n<p>Cependant, il est important de souligner que les relations entre la France et l&#8217;Alg\u00e9rie \u00e9taient loin d&#8217;\u00eatre idylliques. Les ann\u00e9es qui ont suivi le voyage du pape ont vu une augmentation des tensions entre les Fran\u00e7ais et les Alg\u00e9riens musulmans, notamment \u00e0 propos de la question des droits politiques des Alg\u00e9riens.<\/p>\n<p>Cependant, l&#8217;impact culturel du voyage a \u00e9t\u00e9 significatif. Le pape L\u00e9on XIV a contribu\u00e9 \u00e0 populariser certaines id\u00e9es et valeurs occidentales en Alg\u00e9rie, qui ont continu\u00e9 d&#8217;influencer la soci\u00e9t\u00e9 alg\u00e9rienne jusqu&#8217;\u00e0 nos jours.<\/p>\n<p>Nous appelons tous les lecteurs maghr\u00e9bins de la diaspora \u00e0 d\u00e9couvrir plus sur l&#8217;histoire de leur pays natal, y compris l&#8217;impact culturel et historique du voyage du Pape L\u00e9on XIV en Alg\u00e9rie.<\/p>\n<div style=\"background:#f8f9fa;border-left:4px solid #0066cc;border-radius:6px;padding:20px 24px;margin:32px 0;\">\n<p style=\"font-size:13px;color:#888;text-transform:uppercase;letter-spacing:0.8px;margin:0 0 6px 0;\">Vous pourriez aussi aimer<\/p>\n<h3 style=\"font-size:18px;margin:0 0 14px 0;color:#222;\">Articles similaires<\/h3>\n<ul style=\"margin:0;padding-left:20px;list-style:disc;\">\n<li style=\"margin-bottom:10px;\"><a href=\"https:\/\/monmaghreb.com\/index.php\/2026\/04\/28\/le-voyage-du-pape-leon-xiv-en-algerie-se-poursuit-les-souvenirs-de-cette-visite-historique\/\" style=\"color:#0066cc;text-decoration:none;font-weight:500;\" title=\"Le voyage du Pape L\u00e9on XIV en Alg\u00e9rie se poursuit : les souvenirs de cette visite historique\">Le voyage du Pape L\u00e9on XIV en Alg\u00e9rie se poursuit : les souvenirs de cette visite historique<\/a><\/li>\n<li style=\"margin-bottom:10px;\"><a href=\"https:\/\/monmaghreb.com\/index.php\/2026\/04\/28\/le-voyage-du-pape-francois-en-algerie-angola-cameroun-et-guinee-equatoriale-13-23-avril-2026-ce-quil-attendre-des-communautes-maghrebines\/\" style=\"color:#0066cc;text-decoration:none;font-weight:500;\" title=\"Le voyage du Pape Fran\u00e7ois en Alg\u00e9rie, Angola, Cameroun et Guin\u00e9e \u00c9quatoriale (13-23 avril 2026) : ce qu&#8217;il attendre des communaut\u00e9s maghr\u00e9bines\">Le voyage du Pape Fran\u00e7ois en Alg\u00e9rie, Angola, Cameroun et Guin\u00e9e \u00c9quatoriale (13-23 avril 2026) : ce qu&#8217;il attendre des communaut\u00e9s maghr\u00e9bines<\/a><\/li>\n<li style=\"margin-bottom:10px;\"><a href=\"https:\/\/monmaghreb.com\/index.php\/2026\/04\/27\/projection-du-film-dans-un-voyage-au-coeur-de-lalgerie-du-sud-une-experience-inoubliable\/\" style=\"color:#0066cc;text-decoration:none;font-weight:500;\" title=\"Projection du film dans un voyage au c\u0153ur de l&#8217;Alg\u00e9rie du sud : une exp\u00e9rience inoubliable\">Projection du film dans un voyage au c\u0153ur de l&#8217;Alg\u00e9rie du sud : une exp\u00e9rience inoubliable<\/a><\/li>\n<li style=\"margin-bottom:10px;\"><a href=\"https:\/\/monmaghreb.com\/index.php\/2026\/04\/29\/le-voyage-de-louis-xiv-en-afrique-un-retour-sur-ses-etapes-en-algerie\/\" style=\"color:#0066cc;text-decoration:none;font-weight:500;\" title=\"Le Voyage de Louis XIV en Afrique : un retour sur ses \u00e9tapes en Alg\u00e9rie\">Le Voyage de Louis XIV en Afrique : un retour sur ses \u00e9tapes en Alg\u00e9rie<\/a><\/li>\n<li style=\"margin-bottom:10px;\"><a href=\"https:\/\/monmaghreb.com\/index.php\/2026\/04\/28\/le-cap-vert-capitale-africaine-de-la-culture-2028-quelles-implications-pour-la-communaute-maghrebine\/\" style=\"color:#0066cc;text-decoration:none;font-weight:500;\" title=\"Le Cap-Vert, capitale africaine de la culture 2028 : quelles implications pour la communaut\u00e9 maghr\u00e9bine?\">Le Cap-Vert, capitale africaine de la culture 2028 : quelles implications pour la communaut\u00e9 maghr\u00e9bine?<\/a><\/li>\n<\/ul>\n<\/div>\n<p><\/body><br \/>\n<\/html><\/p>\n","protected":false},"excerpt":{"rendered":"<p>D\u00e9couvrez les implications culturelles et historiques du voyage du Pape L\u00e9on XIV en Alg\u00e9rie en 1898. Une \u00e9tape importante dans l&#8217;histoire de la France et de l&#8217;A<\/p>\n","protected":false},"author":1,"featured_media":3701,"comment_status":"closed","ping_status":"open","sticky":false,"template":"","format":"standard","meta":{"_yoast_wpseo_focuskw":"Pape Leon XIV voyage en Algerie","_yoast_wpseo_title":"Le voyage du Pape L\u00e9on XIV en Alg\u00e9rie : implications culture","_yoast_wpseo_metadesc":"D\u00e9couvrez les implications culturelles et historiques du voyage du Pape L\u00e9on XIV en Alg\u00e9rie en 1898. Une \u00e9tape importante dans l'histoire de la France et de l'A","_yoast_wpseo_canonical":"","_yoast_wpseo_opengraph-title":"Le voyage du Pape L\u00e9on XIV en Alg\u00e9rie : implications culturelles et historiques","_yoast_wpseo_opengraph-description":"D\u00e9couvrez les implications culturelles et historiques du voyage du Pape L\u00e9on XIV en Alg\u00e9rie en 1898. Une \u00e9tape importante dans l'histoire de la France et de l'A","_yoast_wpseo_opengraph-image":"","tdm_status":"","tdm_grid_status":"","footnotes":""},"categories":[652],"tags":[45,2319,708,2103,797],"class_list":["post-3702","post","type-post","status-publish","format-standard","has-post-thumbnail","hentry","category-histoire-patrimoine","tag-culture-tunisienne","tag-business-france-algerie","tag-colonisation-francaise","tag-festival-histoire-art","tag-religion"],"yoast_head":"<!-- This site is optimized with the Yoast SEO plugin v27.5 - https:\/\/yoast.com\/product\/yoast-seo-wordpress\/ -->\n<title>Le voyage du Pape L\u00e9on XIV en Alg\u00e9rie : implications culture<\/title>\n<meta name=\"description\" content=\"D\u00e9couvrez les implications culturelles et historiques du voyage du Pape L\u00e9on XIV en Alg\u00e9rie en 1898. Une \u00e9tape importante dans l&#039;histoire de la France et de l&#039;A\" \/>\n<meta name=\"robots\" content=\"index, follow, max-snippet:-1, max-image-preview:large, max-video-preview:-1\" \/>\n<link rel=\"canonical\" href=\"https:\/\/monmaghreb.com\/index.php\/2026\/04\/29\/le-voyage-du-pape-leon-xiv-en-algerie-implications-culturelles-et-historiques\/\" \/>\n<meta property=\"og:locale\" content=\"en_US\" \/>\n<meta property=\"og:type\" content=\"article\" \/>\n<meta property=\"og:title\" content=\"Le voyage du Pape L\u00e9on XIV en Alg\u00e9rie : implications culturelles et historiques\" \/>\n<meta property=\"og:description\" content=\"D\u00e9couvrez les implications culturelles et historiques du voyage du Pape L\u00e9on XIV en Alg\u00e9rie en 1898. Une \u00e9tape importante dans l&#039;histoire de la France et de l&#039;A\" \/>\n<meta property=\"og:url\" content=\"https:\/\/monmaghreb.com\/index.php\/2026\/04\/29\/le-voyage-du-pape-leon-xiv-en-algerie-implications-culturelles-et-historiques\/\" \/>\n<meta property=\"og:site_name\" content=\"Mon Maghreb\" \/>\n<meta property=\"article:author\" content=\"https:\/\/www.facebook.com\/monmaghrebcom\" \/>\n<meta property=\"article:published_time\" content=\"2026-04-29T18:34:40+00:00\" \/>\n<meta property=\"article:modified_time\" content=\"2026-04-29T18:34:42+00:00\" \/>\n<meta property=\"og:image\" content=\"https:\/\/monmaghreb.com\/wp-content\/uploads\/2026\/04\/featured-459.jpg\" \/>\n\t<meta property=\"og:image:width\" content=\"1880\" \/>\n\t<meta property=\"og:image:height\" content=\"1253\" \/>\n\t<meta property=\"og:image:type\" content=\"image\/jpeg\" \/>\n<meta name=\"author\" content=\"LaMagh\" \/>\n<meta name=\"twitter:card\" content=\"summary_large_image\" \/>\n<meta name=\"twitter:creator\" content=\"@MMaghreb50977\" \/>\n<meta name=\"twitter:label1\" content=\"Written by\" \/>\n\t<meta name=\"twitter:data1\" content=\"LaMagh\" \/>\n\t<meta name=\"twitter:label2\" content=\"Est. reading time\" \/>\n\t<meta name=\"twitter:data2\" content=\"6 minutes\" \/>\n<script type=\"application\/ld+json\" class=\"yoast-schema-graph\">{\"@context\":\"https:\\\/\\\/schema.org\",\"@graph\":[{\"@type\":\"Article\",\"@id\":\"https:\\\/\\\/monmaghreb.com\\\/index.php\\\/2026\\\/04\\\/29\\\/le-voyage-du-pape-leon-xiv-en-algerie-implications-culturelles-et-historiques\\\/#article\",\"isPartOf\":{\"@id\":\"https:\\\/\\\/monmaghreb.com\\\/index.php\\\/2026\\\/04\\\/29\\\/le-voyage-du-pape-leon-xiv-en-algerie-implications-culturelles-et-historiques\\\/\"},\"author\":{\"name\":\"LaMagh\",\"@id\":\"http:\\\/\\\/monmaghreb.com\\\/#\\\/schema\\\/person\\\/c469a89dc8c6b8987dcb438b1200d054\"},\"headline\":\"Le voyage du Pape L\u00e9on XIV en Alg\u00e9rie : implications culturelles et historiques\",\"datePublished\":\"2026-04-29T18:34:40+00:00\",\"dateModified\":\"2026-04-29T18:34:42+00:00\",\"mainEntityOfPage\":{\"@id\":\"https:\\\/\\\/monmaghreb.com\\\/index.php\\\/2026\\\/04\\\/29\\\/le-voyage-du-pape-leon-xiv-en-algerie-implications-culturelles-et-historiques\\\/\"},\"wordCount\":1218,\"publisher\":{\"@id\":\"http:\\\/\\\/monmaghreb.com\\\/#organization\"},\"image\":{\"@id\":\"https:\\\/\\\/monmaghreb.com\\\/index.php\\\/2026\\\/04\\\/29\\\/le-voyage-du-pape-leon-xiv-en-algerie-implications-culturelles-et-historiques\\\/#primaryimage\"},\"thumbnailUrl\":\"https:\\\/\\\/monmaghreb.com\\\/wp-content\\\/uploads\\\/2026\\\/04\\\/featured-459.jpg\",\"keywords\":[\"\\\"culture tunisienne\\\"\",\"business france alg\u00e9rie\",\"colonisation fran\u00e7aise\",\"festival histoire art\",\"religion\"],\"articleSection\":[\"Histoire &amp; Patrimoine\"],\"inLanguage\":\"en-US\"},{\"@type\":\"WebPage\",\"@id\":\"https:\\\/\\\/monmaghreb.com\\\/index.php\\\/2026\\\/04\\\/29\\\/le-voyage-du-pape-leon-xiv-en-algerie-implications-culturelles-et-historiques\\\/\",\"url\":\"https:\\\/\\\/monmaghreb.com\\\/index.php\\\/2026\\\/04\\\/29\\\/le-voyage-du-pape-leon-xiv-en-algerie-implications-culturelles-et-historiques\\\/\",\"name\":\"Le voyage du Pape L\u00e9on XIV en Alg\u00e9rie : implications culture\",\"isPartOf\":{\"@id\":\"http:\\\/\\\/monmaghreb.com\\\/#website\"},\"primaryImageOfPage\":{\"@id\":\"https:\\\/\\\/monmaghreb.com\\\/index.php\\\/2026\\\/04\\\/29\\\/le-voyage-du-pape-leon-xiv-en-algerie-implications-culturelles-et-historiques\\\/#primaryimage\"},\"image\":{\"@id\":\"https:\\\/\\\/monmaghreb.com\\\/index.php\\\/2026\\\/04\\\/29\\\/le-voyage-du-pape-leon-xiv-en-algerie-implications-culturelles-et-historiques\\\/#primaryimage\"},\"thumbnailUrl\":\"https:\\\/\\\/monmaghreb.com\\\/wp-content\\\/uploads\\\/2026\\\/04\\\/featured-459.jpg\",\"datePublished\":\"2026-04-29T18:34:40+00:00\",\"dateModified\":\"2026-04-29T18:34:42+00:00\",\"description\":\"D\u00e9couvrez les implications culturelles et historiques du voyage du Pape L\u00e9on XIV en Alg\u00e9rie en 1898. Une \u00e9tape importante dans l'histoire de la France et de l'A\",\"breadcrumb\":{\"@id\":\"https:\\\/\\\/monmaghreb.com\\\/index.php\\\/2026\\\/04\\\/29\\\/le-voyage-du-pape-leon-xiv-en-algerie-implications-culturelles-et-historiques\\\/#breadcrumb\"},\"inLanguage\":\"en-US\",\"potentialAction\":[{\"@type\":\"ReadAction\",\"target\":[\"https:\\\/\\\/monmaghreb.com\\\/index.php\\\/2026\\\/04\\\/29\\\/le-voyage-du-pape-leon-xiv-en-algerie-implications-culturelles-et-historiques\\\/\"]}]},{\"@type\":\"ImageObject\",\"inLanguage\":\"en-US\",\"@id\":\"https:\\\/\\\/monmaghreb.com\\\/index.php\\\/2026\\\/04\\\/29\\\/le-voyage-du-pape-leon-xiv-en-algerie-implications-culturelles-et-historiques\\\/#primaryimage\",\"url\":\"https:\\\/\\\/monmaghreb.com\\\/wp-content\\\/uploads\\\/2026\\\/04\\\/featured-459.jpg\",\"contentUrl\":\"https:\\\/\\\/monmaghreb.com\\\/wp-content\\\/uploads\\\/2026\\\/04\\\/featured-459.jpg\",\"width\":1880,\"height\":1253,\"caption\":\"Pape Leon XIV en visite en Algerie, rassemblement de fid\u00e8les \u00e0 la mosqu\u00e9e\"},{\"@type\":\"BreadcrumbList\",\"@id\":\"https:\\\/\\\/monmaghreb.com\\\/index.php\\\/2026\\\/04\\\/29\\\/le-voyage-du-pape-leon-xiv-en-algerie-implications-culturelles-et-historiques\\\/#breadcrumb\",\"itemListElement\":[{\"@type\":\"ListItem\",\"position\":1,\"name\":\"Home\",\"item\":\"http:\\\/\\\/monmaghreb.com\\\/\"},{\"@type\":\"ListItem\",\"position\":2,\"name\":\"Le voyage du Pape L\u00e9on XIV en Alg\u00e9rie : implications culturelles et historiques\"}]},{\"@type\":\"WebSite\",\"@id\":\"http:\\\/\\\/monmaghreb.com\\\/#website\",\"url\":\"http:\\\/\\\/monmaghreb.com\\\/\",\"name\":\"Mon Maghreb\",\"description\":\"MonMaghreb United\",\"publisher\":{\"@id\":\"http:\\\/\\\/monmaghreb.com\\\/#organization\"},\"alternateName\":\"Le Monde du Maghreb et au del\u00e0\",\"potentialAction\":[{\"@type\":\"SearchAction\",\"target\":{\"@type\":\"EntryPoint\",\"urlTemplate\":\"http:\\\/\\\/monmaghreb.com\\\/?s={search_term_string}\"},\"query-input\":{\"@type\":\"PropertyValueSpecification\",\"valueRequired\":true,\"valueName\":\"search_term_string\"}}],\"inLanguage\":\"en-US\"},{\"@type\":\"Organization\",\"@id\":\"http:\\\/\\\/monmaghreb.com\\\/#organization\",\"name\":\"Mon Maghreb\",\"url\":\"http:\\\/\\\/monmaghreb.com\\\/\",\"logo\":{\"@type\":\"ImageObject\",\"inLanguage\":\"en-US\",\"@id\":\"http:\\\/\\\/monmaghreb.com\\\/#\\\/schema\\\/logo\\\/image\\\/\",\"url\":\"https:\\\/\\\/monmaghreb.com\\\/wp-content\\\/uploads\\\/2025\\\/12\\\/Mon_Maghreb_Logo.jpg\",\"contentUrl\":\"https:\\\/\\\/monmaghreb.com\\\/wp-content\\\/uploads\\\/2025\\\/12\\\/Mon_Maghreb_Logo.jpg\",\"width\":814,\"height\":374,\"caption\":\"Mon Maghreb\"},\"image\":{\"@id\":\"http:\\\/\\\/monmaghreb.com\\\/#\\\/schema\\\/logo\\\/image\\\/\"}},{\"@type\":\"Person\",\"@id\":\"http:\\\/\\\/monmaghreb.com\\\/#\\\/schema\\\/person\\\/c469a89dc8c6b8987dcb438b1200d054\",\"name\":\"LaMagh\",\"image\":{\"@type\":\"ImageObject\",\"inLanguage\":\"en-US\",\"@id\":\"https:\\\/\\\/secure.gravatar.com\\\/avatar\\\/399d8144bd55fba55e056779aca52fe528bac7911f6449e54d81173d6dfd7f0a?s=96&d=mm&r=g\",\"url\":\"https:\\\/\\\/secure.gravatar.com\\\/avatar\\\/399d8144bd55fba55e056779aca52fe528bac7911f6449e54d81173d6dfd7f0a?s=96&d=mm&r=g\",\"contentUrl\":\"https:\\\/\\\/secure.gravatar.com\\\/avatar\\\/399d8144bd55fba55e056779aca52fe528bac7911f6449e54d81173d6dfd7f0a?s=96&d=mm&r=g\",\"caption\":\"LaMagh\"},\"sameAs\":[\"https:\\\/\\\/monmaghreb.com\",\"https:\\\/\\\/www.facebook.com\\\/monmaghrebcom\",\"https:\\\/\\\/x.com\\\/MMaghreb50977\"],\"url\":\"https:\\\/\\\/monmaghreb.com\\\/index.php\\\/author\\\/lamagh\\\/\"}]}<\/script>\n<!-- \/ Yoast SEO plugin. -->","yoast_head_json":{"title":"Le voyage du Pape L\u00e9on XIV en Alg\u00e9rie : implications culture","description":"D\u00e9couvrez les implications culturelles et historiques du voyage du Pape L\u00e9on XIV en Alg\u00e9rie en 1898. Une \u00e9tape importante dans l'histoire de la France et de l'A","robots":{"index":"index","follow":"follow","max-snippet":"max-snippet:-1","max-image-preview":"max-image-preview:large","max-video-preview":"max-video-preview:-1"},"canonical":"https:\/\/monmaghreb.com\/index.php\/2026\/04\/29\/le-voyage-du-pape-leon-xiv-en-algerie-implications-culturelles-et-historiques\/","og_locale":"en_US","og_type":"article","og_title":"Le voyage du Pape L\u00e9on XIV en Alg\u00e9rie : implications culturelles et historiques","og_description":"D\u00e9couvrez les implications culturelles et historiques du voyage du Pape L\u00e9on XIV en Alg\u00e9rie en 1898. Une \u00e9tape importante dans l'histoire de la France et de l'A","og_url":"https:\/\/monmaghreb.com\/index.php\/2026\/04\/29\/le-voyage-du-pape-leon-xiv-en-algerie-implications-culturelles-et-historiques\/","og_site_name":"Mon Maghreb","article_author":"https:\/\/www.facebook.com\/monmaghrebcom","article_published_time":"2026-04-29T18:34:40+00:00","article_modified_time":"2026-04-29T18:34:42+00:00","og_image":[{"width":1880,"height":1253,"url":"https:\/\/monmaghreb.com\/wp-content\/uploads\/2026\/04\/featured-459.jpg","type":"image\/jpeg"}],"author":"LaMagh","twitter_card":"summary_large_image","twitter_creator":"@MMaghreb50977","twitter_misc":{"Written by":"LaMagh","Est. reading time":"6 minutes"},"schema":{"@context":"https:\/\/schema.org","@graph":[{"@type":"Article","@id":"https:\/\/monmaghreb.com\/index.php\/2026\/04\/29\/le-voyage-du-pape-leon-xiv-en-algerie-implications-culturelles-et-historiques\/#article","isPartOf":{"@id":"https:\/\/monmaghreb.com\/index.php\/2026\/04\/29\/le-voyage-du-pape-leon-xiv-en-algerie-implications-culturelles-et-historiques\/"},"author":{"name":"LaMagh","@id":"http:\/\/monmaghreb.com\/#\/schema\/person\/c469a89dc8c6b8987dcb438b1200d054"},"headline":"Le voyage du Pape L\u00e9on XIV en Alg\u00e9rie : implications culturelles et historiques","datePublished":"2026-04-29T18:34:40+00:00","dateModified":"2026-04-29T18:34:42+00:00","mainEntityOfPage":{"@id":"https:\/\/monmaghreb.com\/index.php\/2026\/04\/29\/le-voyage-du-pape-leon-xiv-en-algerie-implications-culturelles-et-historiques\/"},"wordCount":1218,"publisher":{"@id":"http:\/\/monmaghreb.com\/#organization"},"image":{"@id":"https:\/\/monmaghreb.com\/index.php\/2026\/04\/29\/le-voyage-du-pape-leon-xiv-en-algerie-implications-culturelles-et-historiques\/#primaryimage"},"thumbnailUrl":"https:\/\/monmaghreb.com\/wp-content\/uploads\/2026\/04\/featured-459.jpg","keywords":["\"culture tunisienne\"","business france alg\u00e9rie","colonisation fran\u00e7aise","festival histoire art","religion"],"articleSection":["Histoire &amp; Patrimoine"],"inLanguage":"en-US"},{"@type":"WebPage","@id":"https:\/\/monmaghreb.com\/index.php\/2026\/04\/29\/le-voyage-du-pape-leon-xiv-en-algerie-implications-culturelles-et-historiques\/","url":"https:\/\/monmaghreb.com\/index.php\/2026\/04\/29\/le-voyage-du-pape-leon-xiv-en-algerie-implications-culturelles-et-historiques\/","name":"Le voyage du Pape L\u00e9on XIV en Alg\u00e9rie : implications culture","isPartOf":{"@id":"http:\/\/monmaghreb.com\/#website"},"primaryImageOfPage":{"@id":"https:\/\/monmaghreb.com\/index.php\/2026\/04\/29\/le-voyage-du-pape-leon-xiv-en-algerie-implications-culturelles-et-historiques\/#primaryimage"},"image":{"@id":"https:\/\/monmaghreb.com\/index.php\/2026\/04\/29\/le-voyage-du-pape-leon-xiv-en-algerie-implications-culturelles-et-historiques\/#primaryimage"},"thumbnailUrl":"https:\/\/monmaghreb.com\/wp-content\/uploads\/2026\/04\/featured-459.jpg","datePublished":"2026-04-29T18:34:40+00:00","dateModified":"2026-04-29T18:34:42+00:00","description":"D\u00e9couvrez les implications culturelles et historiques du voyage du Pape L\u00e9on XIV en Alg\u00e9rie en 1898. Une \u00e9tape importante dans l'histoire de la France et de l'A","breadcrumb":{"@id":"https:\/\/monmaghreb.com\/index.php\/2026\/04\/29\/le-voyage-du-pape-leon-xiv-en-algerie-implications-culturelles-et-historiques\/#breadcrumb"},"inLanguage":"en-US","potentialAction":[{"@type":"ReadAction","target":["https:\/\/monmaghreb.com\/index.php\/2026\/04\/29\/le-voyage-du-pape-leon-xiv-en-algerie-implications-culturelles-et-historiques\/"]}]},{"@type":"ImageObject","inLanguage":"en-US","@id":"https:\/\/monmaghreb.com\/index.php\/2026\/04\/29\/le-voyage-du-pape-leon-xiv-en-algerie-implications-culturelles-et-historiques\/#primaryimage","url":"https:\/\/monmaghreb.com\/wp-content\/uploads\/2026\/04\/featured-459.jpg","contentUrl":"https:\/\/monmaghreb.com\/wp-content\/uploads\/2026\/04\/featured-459.jpg","width":1880,"height":1253,"caption":"Pape Leon XIV en visite en Algerie, rassemblement de fid\u00e8les \u00e0 la mosqu\u00e9e"},{"@type":"BreadcrumbList","@id":"https:\/\/monmaghreb.com\/index.php\/2026\/04\/29\/le-voyage-du-pape-leon-xiv-en-algerie-implications-culturelles-et-historiques\/#breadcrumb","itemListElement":[{"@type":"ListItem","position":1,"name":"Home","item":"http:\/\/monmaghreb.com\/"},{"@type":"ListItem","position":2,"name":"Le voyage du Pape L\u00e9on XIV en Alg\u00e9rie : implications culturelles et historiques"}]},{"@type":"WebSite","@id":"http:\/\/monmaghreb.com\/#website","url":"http:\/\/monmaghreb.com\/","name":"Mon Maghreb","description":"MonMaghreb United","publisher":{"@id":"http:\/\/monmaghreb.com\/#organization"},"alternateName":"Le Monde du Maghreb et au del\u00e0","potentialAction":[{"@type":"SearchAction","target":{"@type":"EntryPoint","urlTemplate":"http:\/\/monmaghreb.com\/?s={search_term_string}"},"query-input":{"@type":"PropertyValueSpecification","valueRequired":true,"valueName":"search_term_string"}}],"inLanguage":"en-US"},{"@type":"Organization","@id":"http:\/\/monmaghreb.com\/#organization","name":"Mon Maghreb","url":"http:\/\/monmaghreb.com\/","logo":{"@type":"ImageObject","inLanguage":"en-US","@id":"http:\/\/monmaghreb.com\/#\/schema\/logo\/image\/","url":"https:\/\/monmaghreb.com\/wp-content\/uploads\/2025\/12\/Mon_Maghreb_Logo.jpg","contentUrl":"https:\/\/monmaghreb.com\/wp-content\/uploads\/2025\/12\/Mon_Maghreb_Logo.jpg","width":814,"height":374,"caption":"Mon Maghreb"},"image":{"@id":"http:\/\/monmaghreb.com\/#\/schema\/logo\/image\/"}},{"@type":"Person","@id":"http:\/\/monmaghreb.com\/#\/schema\/person\/c469a89dc8c6b8987dcb438b1200d054","name":"LaMagh","image":{"@type":"ImageObject","inLanguage":"en-US","@id":"https:\/\/secure.gravatar.com\/avatar\/399d8144bd55fba55e056779aca52fe528bac7911f6449e54d81173d6dfd7f0a?s=96&d=mm&r=g","url":"https:\/\/secure.gravatar.com\/avatar\/399d8144bd55fba55e056779aca52fe528bac7911f6449e54d81173d6dfd7f0a?s=96&d=mm&r=g","contentUrl":"https:\/\/secure.gravatar.com\/avatar\/399d8144bd55fba55e056779aca52fe528bac7911f6449e54d81173d6dfd7f0a?s=96&d=mm&r=g","caption":"LaMagh"},"sameAs":["https:\/\/monmaghreb.com","https:\/\/www.facebook.com\/monmaghrebcom","https:\/\/x.com\/MMaghreb50977"],"url":"https:\/\/monmaghreb.com\/index.php\/author\/lamagh\/"}]}},"_links":{"self":[{"href":"https:\/\/monmaghreb.com\/index.php\/wp-json\/wp\/v2\/posts\/3702","targetHints":{"allow":["GET"]}}],"collection":[{"href":"https:\/\/monmaghreb.com\/index.php\/wp-json\/wp\/v2\/posts"}],"about":[{"href":"https:\/\/monmaghreb.com\/index.php\/wp-json\/wp\/v2\/types\/post"}],"author":[{"embeddable":true,"href":"https:\/\/monmaghreb.com\/index.php\/wp-json\/wp\/v2\/users\/1"}],"replies":[{"embeddable":true,"href":"https:\/\/monmaghreb.com\/index.php\/wp-json\/wp\/v2\/comments?post=3702"}],"version-history":[{"count":1,"href":"https:\/\/monmaghreb.com\/index.php\/wp-json\/wp\/v2\/posts\/3702\/revisions"}],"predecessor-version":[{"id":3703,"href":"https:\/\/monmaghreb.com\/index.php\/wp-json\/wp\/v2\/posts\/3702\/revisions\/3703"}],"wp:featuredmedia":[{"embeddable":true,"href":"https:\/\/monmaghreb.com\/index.php\/wp-json\/wp\/v2\/media\/3701"}],"wp:attachment":[{"href":"https:\/\/monmaghreb.com\/index.php\/wp-json\/wp\/v2\/media?parent=3702"}],"wp:term":[{"taxonomy":"category","embeddable":true,"href":"https:\/\/monmaghreb.com\/index.php\/wp-json\/wp\/v2\/categories?post=3702"},{"taxonomy":"post_tag","embeddable":true,"href":"https:\/\/monmaghreb.com\/index.php\/wp-json\/wp\/v2\/tags?post=3702"}],"curies":[{"name":"wp","href":"https:\/\/api.w.org\/{rel}","templated":true}]}}