{"id":3714,"date":"2026-05-01T02:27:29","date_gmt":"2026-05-01T02:27:29","guid":{"rendered":"https:\/\/monmaghreb.com\/index.php\/2026\/05\/01\/guerre-au-moyen-orient-soutien-a-kendji-girac-contre-les-boycotts-marocains\/"},"modified":"2026-05-01T02:27:34","modified_gmt":"2026-05-01T02:27:34","slug":"guerre-au-moyen-orient-soutien-a-kendji-girac-contre-les-boycotts-marocains","status":"publish","type":"post","link":"https:\/\/monmaghreb.com\/index.php\/2026\/05\/01\/guerre-au-moyen-orient-soutien-a-kendji-girac-contre-les-boycotts-marocains\/","title":{"rendered":"Guerre au Moyen-Orient : soutien \u00e0 Kendji Girac contre les boycotts marocains"},"content":{"rendered":"<p><!DOCTYPE html><br \/>\n<html lang='fr'><br \/>\n<head><br \/>\n\t<meta charset='UTF-8'><br \/>\n\t<title>Guerre au Moyen-Orient : soutien \u00e0 Kendji Girac contre les boycotts marocains<\/title><br \/>\n<\/head><br \/>\n<body><\/p>\n<h1>Guerre au Moyen-Orient : soutien \u00e0 Kendji Girac contre les boycotts marocains<\/h1>\n<p>L&#8217;actualit\u00e9 politique du Moyen-Orient est de plus en plus agit\u00e9e, et il faut que nous soyons unis pour d\u00e9fendre notre fraternit\u00e9 transfrontali\u00e8re. Cet article vous pr\u00e9sente le contexte derri\u00e8re les boycotts marocains contre l&#8217;artiste fran\u00e7ais Kendji Girac, et vous encourage \u00e0 prendre position en sa faveur.<\/p>\n<h2>Le contexte historique des tensions entre la France et le Maroc<\/h2>\n<p>Les relations historiques entre la France et le Maroc sont marqu\u00e9es par une longue histoire de colonisation. Depuis l&#8217;\u00e9poque du protectorat fran\u00e7ais au Maroc (1912-1956), les tensions ont persist\u00e9 entre les deux pays. Cette p\u00e9riode a laiss\u00e9 des blessures profondes qui continuent \u00e0 se sentir aujourd&#8217;hui.<\/p>\n<p>Aujourd&#8217;hui, ces tensions se manifestent encore \u00e0 travers des boycotts et des critiques envers la France et ses artistes. Kendji Girac est le dernier exemple de cette hostilit\u00e9 non fond\u00e9e qui continue \u00e0 gagner en intensit\u00e9.<\/p>\n<h2>Qui est Kendji Girac ?<\/h2>\n<p>Kendji Girac est un jeune artiste fran\u00e7ais d&#8217;origine guadeloup\u00e9enne, n\u00e9 en 1995. Il a \u00e9t\u00e9 r\u00e9v\u00e9l\u00e9 au grand public gr\u00e2ce \u00e0 sa participation \u00e0 la premi\u00e8re saison de The Voice France en 2012.<\/p>\n<p>Il a depuis connu un succ\u00e8s international avec des ventes de plus de 3 millions d&#8217;albums et des tourn\u00e9es mondiales. Son style musical, une fusion entre le RnB, l&#8217;hip-hop et la musique traditionnelle des Antilles, lui vaut une grande popularit\u00e9.<\/p>\n<p>Cependant, cela n&#8217;a pas emp\u00each\u00e9 certains marocains de boycotter ses concerts en raison d&#8217;une pol\u00e9mique autour de son pr\u00e9nom. Mais il est important de noter que ce boycott n&#8217;est pas motiv\u00e9 par les talents musicaux de l&#8217;artiste, mais plut\u00f4t par des pr\u00e9jug\u00e9s historiques et des r\u00e9ticences \u00e0 accepter la diversit\u00e9 culturelle.<\/p>\n<h2>La pol\u00e9mique autour du pr\u00e9nom de Kendji Girac<\/h2>\n<p>Kendji est un nom d&#8217;origine berb\u00e8re, et cela a \u00e9t\u00e9 utilis\u00e9 par les nationalistes marocains pour critiquer l&#8217;artiste fran\u00e7ais. Selon eux, le pr\u00e9nom Kendji est une tentative de coloniser la culture marocaine. Cependant, cette interpr\u00e9tation est fortement d\u00e9nu\u00e9e de fondements.<\/p>\n<p>En effet, le pr\u00e9nom de Kendji est simplement le nom de l&#8217;arbre berb\u00e8re le plus connu, et cela n&#8217;a aucun rapport avec la France ou le colonisateur fran\u00e7ais. Il est important de reconna\u00eetre que les cultures sont diverses et complexes, et qu&#8217;il ne faut pas permettre que des pr\u00e9jug\u00e9s historiques nous s\u00e9parent.<\/p>\n<h2>Les boycotts contre Kendji Girac<\/h2>\n<p>En raison de cette pol\u00e9mique autour de son pr\u00e9nom, certains marocains ont appel\u00e9 \u00e0 boycotter les concerts de Kendji Girac. Cela a conduit \u00e0 des \u00e9v\u00e9nements regrettables, tels que des menaces et des actes de violence contre l&#8217;artiste fran\u00e7ais et ses fans.<\/p>\n<p>C&#8217;est pour cela que nous devons prendre position en faveur de Kendji Girac et refuser les boycotts qui tentent de diviser notre communaut\u00e9. Nous ne devrions pas permettre que la haine et la violence nous s\u00e9parent.<\/p>\n<h2>Le soutien \u00e0 Kendji Girac<\/h2>\n<p>Malgr\u00e9 tout, le monde entier continue \u00e0 apporter son soutien \u00e0 Kendji Girac. Les fans marocains de l&#8217;artiste ont rejoint la voix des gens de toute la diaspora maghr\u00e9bine pour d\u00e9fendre les valeurs de tol\u00e9rance et d&#8217;amiti\u00e9 transfrontali\u00e8re.<\/p>\n<p>Nous appelons tous \u00e0 soutenir Kendji Girac, en tant qu&#8217;artiste et comme une personne. Nous devons \u00eatre unis pour d\u00e9fendre nos fraternit\u00e9s transfrontali\u00e8res et notre amour de la musique.<\/p>\n<h2>En conclusion<\/h2>\n<p>La guerre au Moyen-Orient est source de beaucoup d&#8217;inqui\u00e9tude pour nous tous. Mais il faut que nous soyons unis pour d\u00e9fendre nos valeurs universelles de tol\u00e9rance et d&#8217;amiti\u00e9 transfrontali\u00e8re.<\/p>\n<p>C&#8217;est pourquoi nous appelons tous \u00e0 soutenir Kendji Girac, et \u00e0 r\u00e9agir contre les boycotts marocains qui tentent de diviser notre communaut\u00e9. Nous sommes tous des \u00eatres humains, et il ne doit pas y avoir de place pour la haine et la violence.<\/p>\n<div style=\"background:#f8f9fa;border-left:4px solid #0066cc;border-radius:6px;padding:20px 24px;margin:32px 0;\">\n<p style=\"font-size:13px;color:#888;text-transform:uppercase;letter-spacing:0.8px;margin:0 0 6px 0;\">Vous pourriez aussi aimer<\/p>\n<h3 style=\"font-size:18px;margin:0 0 14px 0;color:#222;\">Articles similaires<\/h3>\n<ul style=\"margin:0;padding-left:20px;list-style:disc;\">\n<li style=\"margin-bottom:10px;\"><a href=\"https:\/\/monmaghreb.com\/index.php\/2026\/04\/29\/la-nouvelle-tendance-du-mariage-traditionnel-en-france-photobooths-et-food-trucks\/\" style=\"color:#0066cc;text-decoration:none;font-weight:500;\" title=\"La nouvelle tendance du mariage traditionnel en France : photobooths et food-trucks\">La nouvelle tendance du mariage traditionnel en France : photobooths et food-trucks<\/a><\/li>\n<li style=\"margin-bottom:10px;\"><a href=\"https:\/\/monmaghreb.com\/index.php\/2026\/04\/28\/valorisation-des-collections-publiques-de-tapis-marocains-sous-le-protectorat-francais-quelles-implications-pour-notre-patrimoine-culturel\/\" style=\"color:#0066cc;text-decoration:none;font-weight:500;\" title=\"Valorisation des collections publiques de tapis marocains sous le protectorat fran\u00e7ais : quelles implications pour notre patrimoine culturel?\">Valorisation des collections publiques de tapis marocains sous le protectorat fran\u00e7ais : quelles implications pour notre patrimoine culturel?<\/a><\/li>\n<li style=\"margin-bottom:10px;\"><a href=\"https:\/\/monmaghreb.com\/index.php\/2026\/04\/28\/la-tradition-se-modernise-les-nouveaux-modes-des-mariages-maghrebins-en-france\/\" style=\"color:#0066cc;text-decoration:none;font-weight:500;\" title=\"La tradition se modernise : les nouveaux modes des mariages maghr\u00e9bins en France\">La tradition se modernise : les nouveaux modes des mariages maghr\u00e9bins en France<\/a><\/li>\n<li style=\"margin-bottom:10px;\"><a href=\"https:\/\/monmaghreb.com\/index.php\/2026\/04\/28\/boutique-dartisanat-marocain-de-cherbourg-en-cotentin-une-nouvelle-avenue-pour-promouvoir-la-culture-maghrebine-en-france\/\" style=\"color:#0066cc;text-decoration:none;font-weight:500;\" title=\"Boutique d&#8217;artisanat marocain de Cherbourg-en-Cotentin : une nouvelle avenue pour promouvoir la culture maghr\u00e9bine en France\">Boutique d&#8217;artisanat marocain de Cherbourg-en-Cotentin : une nouvelle avenue pour promouvoir la culture maghr\u00e9bine en France<\/a><\/li>\n<li style=\"margin-bottom:10px;\"><a href=\"https:\/\/monmaghreb.com\/index.php\/2026\/04\/27\/du-chaabi-des-foyers-au-rap-des-cites-levolution-de-la-musique-maghrebine-en-france\/\" style=\"color:#0066cc;text-decoration:none;font-weight:500;\" title=\"Du cha\u00e2bi des foyers au rap des cit\u00e9s : l&#8217;\u00e9volution de la musique maghr\u00e9bine en France\">Du cha\u00e2bi des foyers au rap des cit\u00e9s : l&#8217;\u00e9volution de la musique maghr\u00e9bine en France<\/a><\/li>\n<\/ul>\n<\/div>\n<p><\/body><br \/>\n<\/html><\/p>\n","protected":false},"excerpt":{"rendered":"<p>Stand with Kendji Girac against Middle East boycotts. Learn the context and join the fight for transfrontier brotherhood.<\/p>\n","protected":false},"author":1,"featured_media":3713,"comment_status":"closed","ping_status":"open","sticky":false,"template":"","format":"standard","meta":{"_yoast_wpseo_focuskw":"Kendji Girac Middle East support","_yoast_wpseo_title":"Guerre au Moyen-Orient : soutien \u00e0 Kendji Girac contre les b","_yoast_wpseo_metadesc":"Stand with Kendji Girac against Middle East boycotts. Learn the context and join the fight for transfrontier brotherhood.","_yoast_wpseo_canonical":"","_yoast_wpseo_opengraph-title":"Guerre au Moyen-Orient : soutien \u00e0 Kendji Girac contre les boycotts marocains","_yoast_wpseo_opengraph-description":"Stand with Kendji Girac against Middle East boycotts. Learn the context and join the fight for transfrontier brotherhood.","_yoast_wpseo_opengraph-image":"","tdm_status":"","tdm_grid_status":"","footnotes":""},"categories":[655],"tags":[1173,2515,2514,2206,2513],"class_list":["post-3714","post","type-post","status-publish","format-standard","has-post-thumbnail","hentry","category-maroc","tag-cultural-exchange","tag-france-arab-relations","tag-kendji-girac-controversy","tag-opinion-piece","tag-politics-middle-east"],"yoast_head":"<!-- This site is optimized with the Yoast SEO plugin v27.5 - https:\/\/yoast.com\/product\/yoast-seo-wordpress\/ -->\n<title>Guerre au Moyen-Orient : soutien \u00e0 Kendji Girac contre les b<\/title>\n<meta name=\"description\" content=\"Stand with Kendji Girac against Middle East boycotts. Learn the context and join the fight for transfrontier brotherhood.\" \/>\n<meta name=\"robots\" content=\"index, follow, max-snippet:-1, max-image-preview:large, max-video-preview:-1\" \/>\n<link rel=\"canonical\" href=\"https:\/\/monmaghreb.com\/index.php\/2026\/05\/01\/guerre-au-moyen-orient-soutien-a-kendji-girac-contre-les-boycotts-marocains\/\" \/>\n<meta property=\"og:locale\" content=\"en_US\" \/>\n<meta property=\"og:type\" content=\"article\" \/>\n<meta property=\"og:title\" content=\"Guerre au Moyen-Orient : soutien \u00e0 Kendji Girac contre les boycotts marocains\" \/>\n<meta property=\"og:description\" content=\"Stand with Kendji Girac against Middle East boycotts. Learn the context and join the fight for transfrontier brotherhood.\" \/>\n<meta property=\"og:url\" content=\"https:\/\/monmaghreb.com\/index.php\/2026\/05\/01\/guerre-au-moyen-orient-soutien-a-kendji-girac-contre-les-boycotts-marocains\/\" \/>\n<meta property=\"og:site_name\" content=\"Mon Maghreb\" \/>\n<meta property=\"article:author\" content=\"https:\/\/www.facebook.com\/monmaghrebcom\" \/>\n<meta property=\"article:published_time\" content=\"2026-05-01T02:27:29+00:00\" \/>\n<meta property=\"article:modified_time\" content=\"2026-05-01T02:27:34+00:00\" \/>\n<meta property=\"og:image\" content=\"https:\/\/monmaghreb.com\/wp-content\/uploads\/2026\/05\/featured-2.jpg\" \/>\n\t<meta property=\"og:image:width\" content=\"1880\" \/>\n\t<meta property=\"og:image:height\" content=\"1253\" \/>\n\t<meta property=\"og:image:type\" content=\"image\/jpeg\" \/>\n<meta name=\"author\" content=\"LaMagh\" \/>\n<meta name=\"twitter:card\" content=\"summary_large_image\" \/>\n<meta name=\"twitter:creator\" content=\"@MMaghreb50977\" \/>\n<meta name=\"twitter:label1\" content=\"Written by\" \/>\n\t<meta name=\"twitter:data1\" content=\"LaMagh\" \/>\n\t<meta name=\"twitter:label2\" content=\"Est. reading time\" \/>\n\t<meta name=\"twitter:data2\" content=\"4 minutes\" \/>\n<script type=\"application\/ld+json\" class=\"yoast-schema-graph\">{\"@context\":\"https:\\\/\\\/schema.org\",\"@graph\":[{\"@type\":\"Article\",\"@id\":\"https:\\\/\\\/monmaghreb.com\\\/index.php\\\/2026\\\/05\\\/01\\\/guerre-au-moyen-orient-soutien-a-kendji-girac-contre-les-boycotts-marocains\\\/#article\",\"isPartOf\":{\"@id\":\"https:\\\/\\\/monmaghreb.com\\\/index.php\\\/2026\\\/05\\\/01\\\/guerre-au-moyen-orient-soutien-a-kendji-girac-contre-les-boycotts-marocains\\\/\"},\"author\":{\"name\":\"LaMagh\",\"@id\":\"http:\\\/\\\/monmaghreb.com\\\/#\\\/schema\\\/person\\\/c469a89dc8c6b8987dcb438b1200d054\"},\"headline\":\"Guerre au Moyen-Orient : soutien \u00e0 Kendji Girac contre les boycotts marocains\",\"datePublished\":\"2026-05-01T02:27:29+00:00\",\"dateModified\":\"2026-05-01T02:27:34+00:00\",\"mainEntityOfPage\":{\"@id\":\"https:\\\/\\\/monmaghreb.com\\\/index.php\\\/2026\\\/05\\\/01\\\/guerre-au-moyen-orient-soutien-a-kendji-girac-contre-les-boycotts-marocains\\\/\"},\"wordCount\":774,\"publisher\":{\"@id\":\"http:\\\/\\\/monmaghreb.com\\\/#organization\"},\"image\":{\"@id\":\"https:\\\/\\\/monmaghreb.com\\\/index.php\\\/2026\\\/05\\\/01\\\/guerre-au-moyen-orient-soutien-a-kendji-girac-contre-les-boycotts-marocains\\\/#primaryimage\"},\"thumbnailUrl\":\"https:\\\/\\\/monmaghreb.com\\\/wp-content\\\/uploads\\\/2026\\\/05\\\/featured-2.jpg\",\"keywords\":[\"cultural exchange\",\"france arab relations\",\"kendji girac controversy\",\"opinion piece\",\"politics middle east\"],\"articleSection\":[\"Maroc\"],\"inLanguage\":\"en-US\"},{\"@type\":\"WebPage\",\"@id\":\"https:\\\/\\\/monmaghreb.com\\\/index.php\\\/2026\\\/05\\\/01\\\/guerre-au-moyen-orient-soutien-a-kendji-girac-contre-les-boycotts-marocains\\\/\",\"url\":\"https:\\\/\\\/monmaghreb.com\\\/index.php\\\/2026\\\/05\\\/01\\\/guerre-au-moyen-orient-soutien-a-kendji-girac-contre-les-boycotts-marocains\\\/\",\"name\":\"Guerre au Moyen-Orient : soutien \u00e0 Kendji Girac contre les b\",\"isPartOf\":{\"@id\":\"http:\\\/\\\/monmaghreb.com\\\/#website\"},\"primaryImageOfPage\":{\"@id\":\"https:\\\/\\\/monmaghreb.com\\\/index.php\\\/2026\\\/05\\\/01\\\/guerre-au-moyen-orient-soutien-a-kendji-girac-contre-les-boycotts-marocains\\\/#primaryimage\"},\"image\":{\"@id\":\"https:\\\/\\\/monmaghreb.com\\\/index.php\\\/2026\\\/05\\\/01\\\/guerre-au-moyen-orient-soutien-a-kendji-girac-contre-les-boycotts-marocains\\\/#primaryimage\"},\"thumbnailUrl\":\"https:\\\/\\\/monmaghreb.com\\\/wp-content\\\/uploads\\\/2026\\\/05\\\/featured-2.jpg\",\"datePublished\":\"2026-05-01T02:27:29+00:00\",\"dateModified\":\"2026-05-01T02:27:34+00:00\",\"description\":\"Stand with Kendji Girac against Middle East boycotts. Learn the context and join the fight for transfrontier brotherhood.\",\"breadcrumb\":{\"@id\":\"https:\\\/\\\/monmaghreb.com\\\/index.php\\\/2026\\\/05\\\/01\\\/guerre-au-moyen-orient-soutien-a-kendji-girac-contre-les-boycotts-marocains\\\/#breadcrumb\"},\"inLanguage\":\"en-US\",\"potentialAction\":[{\"@type\":\"ReadAction\",\"target\":[\"https:\\\/\\\/monmaghreb.com\\\/index.php\\\/2026\\\/05\\\/01\\\/guerre-au-moyen-orient-soutien-a-kendji-girac-contre-les-boycotts-marocains\\\/\"]}]},{\"@type\":\"ImageObject\",\"inLanguage\":\"en-US\",\"@id\":\"https:\\\/\\\/monmaghreb.com\\\/index.php\\\/2026\\\/05\\\/01\\\/guerre-au-moyen-orient-soutien-a-kendji-girac-contre-les-boycotts-marocains\\\/#primaryimage\",\"url\":\"https:\\\/\\\/monmaghreb.com\\\/wp-content\\\/uploads\\\/2026\\\/05\\\/featured-2.jpg\",\"contentUrl\":\"https:\\\/\\\/monmaghreb.com\\\/wp-content\\\/uploads\\\/2026\\\/05\\\/featured-2.jpg\",\"width\":1880,\"height\":1253,\"caption\":\"Kendji Girac performing at a concert in the Middle East, surrounded by Arab fans\"},{\"@type\":\"BreadcrumbList\",\"@id\":\"https:\\\/\\\/monmaghreb.com\\\/index.php\\\/2026\\\/05\\\/01\\\/guerre-au-moyen-orient-soutien-a-kendji-girac-contre-les-boycotts-marocains\\\/#breadcrumb\",\"itemListElement\":[{\"@type\":\"ListItem\",\"position\":1,\"name\":\"Home\",\"item\":\"http:\\\/\\\/monmaghreb.com\\\/\"},{\"@type\":\"ListItem\",\"position\":2,\"name\":\"Guerre au Moyen-Orient : soutien \u00e0 Kendji Girac contre les boycotts marocains\"}]},{\"@type\":\"WebSite\",\"@id\":\"http:\\\/\\\/monmaghreb.com\\\/#website\",\"url\":\"http:\\\/\\\/monmaghreb.com\\\/\",\"name\":\"Mon Maghreb\",\"description\":\"MonMaghreb United\",\"publisher\":{\"@id\":\"http:\\\/\\\/monmaghreb.com\\\/#organization\"},\"alternateName\":\"Le Monde du Maghreb et au del\u00e0\",\"potentialAction\":[{\"@type\":\"SearchAction\",\"target\":{\"@type\":\"EntryPoint\",\"urlTemplate\":\"http:\\\/\\\/monmaghreb.com\\\/?s={search_term_string}\"},\"query-input\":{\"@type\":\"PropertyValueSpecification\",\"valueRequired\":true,\"valueName\":\"search_term_string\"}}],\"inLanguage\":\"en-US\"},{\"@type\":\"Organization\",\"@id\":\"http:\\\/\\\/monmaghreb.com\\\/#organization\",\"name\":\"Mon Maghreb\",\"url\":\"http:\\\/\\\/monmaghreb.com\\\/\",\"logo\":{\"@type\":\"ImageObject\",\"inLanguage\":\"en-US\",\"@id\":\"http:\\\/\\\/monmaghreb.com\\\/#\\\/schema\\\/logo\\\/image\\\/\",\"url\":\"https:\\\/\\\/monmaghreb.com\\\/wp-content\\\/uploads\\\/2025\\\/12\\\/Mon_Maghreb_Logo.jpg\",\"contentUrl\":\"https:\\\/\\\/monmaghreb.com\\\/wp-content\\\/uploads\\\/2025\\\/12\\\/Mon_Maghreb_Logo.jpg\",\"width\":814,\"height\":374,\"caption\":\"Mon Maghreb\"},\"image\":{\"@id\":\"http:\\\/\\\/monmaghreb.com\\\/#\\\/schema\\\/logo\\\/image\\\/\"}},{\"@type\":\"Person\",\"@id\":\"http:\\\/\\\/monmaghreb.com\\\/#\\\/schema\\\/person\\\/c469a89dc8c6b8987dcb438b1200d054\",\"name\":\"LaMagh\",\"image\":{\"@type\":\"ImageObject\",\"inLanguage\":\"en-US\",\"@id\":\"https:\\\/\\\/secure.gravatar.com\\\/avatar\\\/399d8144bd55fba55e056779aca52fe528bac7911f6449e54d81173d6dfd7f0a?s=96&d=mm&r=g\",\"url\":\"https:\\\/\\\/secure.gravatar.com\\\/avatar\\\/399d8144bd55fba55e056779aca52fe528bac7911f6449e54d81173d6dfd7f0a?s=96&d=mm&r=g\",\"contentUrl\":\"https:\\\/\\\/secure.gravatar.com\\\/avatar\\\/399d8144bd55fba55e056779aca52fe528bac7911f6449e54d81173d6dfd7f0a?s=96&d=mm&r=g\",\"caption\":\"LaMagh\"},\"sameAs\":[\"https:\\\/\\\/monmaghreb.com\",\"https:\\\/\\\/www.facebook.com\\\/monmaghrebcom\",\"https:\\\/\\\/x.com\\\/MMaghreb50977\"],\"url\":\"https:\\\/\\\/monmaghreb.com\\\/index.php\\\/author\\\/lamagh\\\/\"}]}<\/script>\n<!-- \/ Yoast SEO plugin. -->","yoast_head_json":{"title":"Guerre au Moyen-Orient : soutien \u00e0 Kendji Girac contre les b","description":"Stand with Kendji Girac against Middle East boycotts. Learn the context and join the fight for transfrontier brotherhood.","robots":{"index":"index","follow":"follow","max-snippet":"max-snippet:-1","max-image-preview":"max-image-preview:large","max-video-preview":"max-video-preview:-1"},"canonical":"https:\/\/monmaghreb.com\/index.php\/2026\/05\/01\/guerre-au-moyen-orient-soutien-a-kendji-girac-contre-les-boycotts-marocains\/","og_locale":"en_US","og_type":"article","og_title":"Guerre au Moyen-Orient : soutien \u00e0 Kendji Girac contre les boycotts marocains","og_description":"Stand with Kendji Girac against Middle East boycotts. Learn the context and join the fight for transfrontier brotherhood.","og_url":"https:\/\/monmaghreb.com\/index.php\/2026\/05\/01\/guerre-au-moyen-orient-soutien-a-kendji-girac-contre-les-boycotts-marocains\/","og_site_name":"Mon Maghreb","article_author":"https:\/\/www.facebook.com\/monmaghrebcom","article_published_time":"2026-05-01T02:27:29+00:00","article_modified_time":"2026-05-01T02:27:34+00:00","og_image":[{"width":1880,"height":1253,"url":"https:\/\/monmaghreb.com\/wp-content\/uploads\/2026\/05\/featured-2.jpg","type":"image\/jpeg"}],"author":"LaMagh","twitter_card":"summary_large_image","twitter_creator":"@MMaghreb50977","twitter_misc":{"Written by":"LaMagh","Est. reading time":"4 minutes"},"schema":{"@context":"https:\/\/schema.org","@graph":[{"@type":"Article","@id":"https:\/\/monmaghreb.com\/index.php\/2026\/05\/01\/guerre-au-moyen-orient-soutien-a-kendji-girac-contre-les-boycotts-marocains\/#article","isPartOf":{"@id":"https:\/\/monmaghreb.com\/index.php\/2026\/05\/01\/guerre-au-moyen-orient-soutien-a-kendji-girac-contre-les-boycotts-marocains\/"},"author":{"name":"LaMagh","@id":"http:\/\/monmaghreb.com\/#\/schema\/person\/c469a89dc8c6b8987dcb438b1200d054"},"headline":"Guerre au Moyen-Orient : soutien \u00e0 Kendji Girac contre les boycotts marocains","datePublished":"2026-05-01T02:27:29+00:00","dateModified":"2026-05-01T02:27:34+00:00","mainEntityOfPage":{"@id":"https:\/\/monmaghreb.com\/index.php\/2026\/05\/01\/guerre-au-moyen-orient-soutien-a-kendji-girac-contre-les-boycotts-marocains\/"},"wordCount":774,"publisher":{"@id":"http:\/\/monmaghreb.com\/#organization"},"image":{"@id":"https:\/\/monmaghreb.com\/index.php\/2026\/05\/01\/guerre-au-moyen-orient-soutien-a-kendji-girac-contre-les-boycotts-marocains\/#primaryimage"},"thumbnailUrl":"https:\/\/monmaghreb.com\/wp-content\/uploads\/2026\/05\/featured-2.jpg","keywords":["cultural exchange","france arab relations","kendji girac controversy","opinion piece","politics middle east"],"articleSection":["Maroc"],"inLanguage":"en-US"},{"@type":"WebPage","@id":"https:\/\/monmaghreb.com\/index.php\/2026\/05\/01\/guerre-au-moyen-orient-soutien-a-kendji-girac-contre-les-boycotts-marocains\/","url":"https:\/\/monmaghreb.com\/index.php\/2026\/05\/01\/guerre-au-moyen-orient-soutien-a-kendji-girac-contre-les-boycotts-marocains\/","name":"Guerre au Moyen-Orient : soutien \u00e0 Kendji Girac contre les b","isPartOf":{"@id":"http:\/\/monmaghreb.com\/#website"},"primaryImageOfPage":{"@id":"https:\/\/monmaghreb.com\/index.php\/2026\/05\/01\/guerre-au-moyen-orient-soutien-a-kendji-girac-contre-les-boycotts-marocains\/#primaryimage"},"image":{"@id":"https:\/\/monmaghreb.com\/index.php\/2026\/05\/01\/guerre-au-moyen-orient-soutien-a-kendji-girac-contre-les-boycotts-marocains\/#primaryimage"},"thumbnailUrl":"https:\/\/monmaghreb.com\/wp-content\/uploads\/2026\/05\/featured-2.jpg","datePublished":"2026-05-01T02:27:29+00:00","dateModified":"2026-05-01T02:27:34+00:00","description":"Stand with Kendji Girac against Middle East boycotts. Learn the context and join the fight for transfrontier brotherhood.","breadcrumb":{"@id":"https:\/\/monmaghreb.com\/index.php\/2026\/05\/01\/guerre-au-moyen-orient-soutien-a-kendji-girac-contre-les-boycotts-marocains\/#breadcrumb"},"inLanguage":"en-US","potentialAction":[{"@type":"ReadAction","target":["https:\/\/monmaghreb.com\/index.php\/2026\/05\/01\/guerre-au-moyen-orient-soutien-a-kendji-girac-contre-les-boycotts-marocains\/"]}]},{"@type":"ImageObject","inLanguage":"en-US","@id":"https:\/\/monmaghreb.com\/index.php\/2026\/05\/01\/guerre-au-moyen-orient-soutien-a-kendji-girac-contre-les-boycotts-marocains\/#primaryimage","url":"https:\/\/monmaghreb.com\/wp-content\/uploads\/2026\/05\/featured-2.jpg","contentUrl":"https:\/\/monmaghreb.com\/wp-content\/uploads\/2026\/05\/featured-2.jpg","width":1880,"height":1253,"caption":"Kendji Girac performing at a concert in the Middle East, surrounded by Arab fans"},{"@type":"BreadcrumbList","@id":"https:\/\/monmaghreb.com\/index.php\/2026\/05\/01\/guerre-au-moyen-orient-soutien-a-kendji-girac-contre-les-boycotts-marocains\/#breadcrumb","itemListElement":[{"@type":"ListItem","position":1,"name":"Home","item":"http:\/\/monmaghreb.com\/"},{"@type":"ListItem","position":2,"name":"Guerre au Moyen-Orient : soutien \u00e0 Kendji Girac contre les boycotts marocains"}]},{"@type":"WebSite","@id":"http:\/\/monmaghreb.com\/#website","url":"http:\/\/monmaghreb.com\/","name":"Mon Maghreb","description":"MonMaghreb United","publisher":{"@id":"http:\/\/monmaghreb.com\/#organization"},"alternateName":"Le Monde du Maghreb et au del\u00e0","potentialAction":[{"@type":"SearchAction","target":{"@type":"EntryPoint","urlTemplate":"http:\/\/monmaghreb.com\/?s={search_term_string}"},"query-input":{"@type":"PropertyValueSpecification","valueRequired":true,"valueName":"search_term_string"}}],"inLanguage":"en-US"},{"@type":"Organization","@id":"http:\/\/monmaghreb.com\/#organization","name":"Mon Maghreb","url":"http:\/\/monmaghreb.com\/","logo":{"@type":"ImageObject","inLanguage":"en-US","@id":"http:\/\/monmaghreb.com\/#\/schema\/logo\/image\/","url":"https:\/\/monmaghreb.com\/wp-content\/uploads\/2025\/12\/Mon_Maghreb_Logo.jpg","contentUrl":"https:\/\/monmaghreb.com\/wp-content\/uploads\/2025\/12\/Mon_Maghreb_Logo.jpg","width":814,"height":374,"caption":"Mon Maghreb"},"image":{"@id":"http:\/\/monmaghreb.com\/#\/schema\/logo\/image\/"}},{"@type":"Person","@id":"http:\/\/monmaghreb.com\/#\/schema\/person\/c469a89dc8c6b8987dcb438b1200d054","name":"LaMagh","image":{"@type":"ImageObject","inLanguage":"en-US","@id":"https:\/\/secure.gravatar.com\/avatar\/399d8144bd55fba55e056779aca52fe528bac7911f6449e54d81173d6dfd7f0a?s=96&d=mm&r=g","url":"https:\/\/secure.gravatar.com\/avatar\/399d8144bd55fba55e056779aca52fe528bac7911f6449e54d81173d6dfd7f0a?s=96&d=mm&r=g","contentUrl":"https:\/\/secure.gravatar.com\/avatar\/399d8144bd55fba55e056779aca52fe528bac7911f6449e54d81173d6dfd7f0a?s=96&d=mm&r=g","caption":"LaMagh"},"sameAs":["https:\/\/monmaghreb.com","https:\/\/www.facebook.com\/monmaghrebcom","https:\/\/x.com\/MMaghreb50977"],"url":"https:\/\/monmaghreb.com\/index.php\/author\/lamagh\/"}]}},"_links":{"self":[{"href":"https:\/\/monmaghreb.com\/index.php\/wp-json\/wp\/v2\/posts\/3714","targetHints":{"allow":["GET"]}}],"collection":[{"href":"https:\/\/monmaghreb.com\/index.php\/wp-json\/wp\/v2\/posts"}],"about":[{"href":"https:\/\/monmaghreb.com\/index.php\/wp-json\/wp\/v2\/types\/post"}],"author":[{"embeddable":true,"href":"https:\/\/monmaghreb.com\/index.php\/wp-json\/wp\/v2\/users\/1"}],"replies":[{"embeddable":true,"href":"https:\/\/monmaghreb.com\/index.php\/wp-json\/wp\/v2\/comments?post=3714"}],"version-history":[{"count":1,"href":"https:\/\/monmaghreb.com\/index.php\/wp-json\/wp\/v2\/posts\/3714\/revisions"}],"predecessor-version":[{"id":3715,"href":"https:\/\/monmaghreb.com\/index.php\/wp-json\/wp\/v2\/posts\/3714\/revisions\/3715"}],"wp:featuredmedia":[{"embeddable":true,"href":"https:\/\/monmaghreb.com\/index.php\/wp-json\/wp\/v2\/media\/3713"}],"wp:attachment":[{"href":"https:\/\/monmaghreb.com\/index.php\/wp-json\/wp\/v2\/media?parent=3714"}],"wp:term":[{"taxonomy":"category","embeddable":true,"href":"https:\/\/monmaghreb.com\/index.php\/wp-json\/wp\/v2\/categories?post=3714"},{"taxonomy":"post_tag","embeddable":true,"href":"https:\/\/monmaghreb.com\/index.php\/wp-json\/wp\/v2\/tags?post=3714"}],"curies":[{"name":"wp","href":"https:\/\/api.w.org\/{rel}","templated":true}]}}