{"id":3723,"date":"2026-05-01T04:34:10","date_gmt":"2026-05-01T04:34:10","guid":{"rendered":"https:\/\/monmaghreb.com\/index.php\/2026\/05\/01\/le-nouvel-equilibre-demographique-francais-avec-limmigration-maghrebine-une-perspective-chaleureuse\/"},"modified":"2026-05-01T04:34:14","modified_gmt":"2026-05-01T04:34:14","slug":"le-nouvel-equilibre-demographique-francais-avec-limmigration-maghrebine-une-perspective-chaleureuse","status":"publish","type":"post","link":"https:\/\/monmaghreb.com\/index.php\/2026\/05\/01\/le-nouvel-equilibre-demographique-francais-avec-limmigration-maghrebine-une-perspective-chaleureuse\/","title":{"rendered":"Le nouvel \u00e9quilibre d\u00e9mographique fran\u00e7ais avec l&#8217;immigration maghr\u00e9bine : une perspective chaleureuse"},"content":{"rendered":"<p><!DOCTYPE html><br \/>\n<html lang='fr'><br \/>\n<head><br \/>\n\t<meta charset='UTF-8'><br \/>\n\t<title>Le nouvel \u00e9quilibre <a href=\"https:\/\/monmaghreb.com\/index.php\/2026\/04\/26\/maghreb-france-levolution-demographique-et-limmigration-en-france\/\" title=\"Maghreb\u2013France : L&#8217;\u00e9volution d\u00e9mographique et l&#8217;immigration en France\">d\u00e9mographique<\/a> fran\u00e7ais avec l&#8217;immigration maghr\u00e9bine<\/title><\/p>\n<style>\n\t\tbody {\n\t\t\tfont-family: Arial, sans-serif;\n\t\t}\n\t\th1, h2 {\n\t\t\tmargin-bottom: 20px;\n\t\t}\n\t\tp {\n\t\t\tline-height: 1.5;\n\t\t}\n\t<\/style>\n<p><\/head><br \/>\n<body><\/p>\n<h1>Le nouvel \u00e9quilibre d\u00e9mographique fran\u00e7ais avec l&#8217;immigration maghr\u00e9bine : une perspective chaleureuse<\/h1>\n<p>Aujourd&#8217;hui, la France est un pays en constante \u00e9volution, et l&#8217;immigration joue un r\u00f4le crucial dans cette transformation. Depuis des d\u00e9cennies, l&#8217;immigration maghr\u00e9bine a \u00e9t\u00e9 un \u00e9l\u00e9ment essentiel de la construction de la France moderne, apportant avec elle une diversit\u00e9 culturelle et soci\u00e9tale unique.<\/p>\n<h2>Historique de l&#8217;immigration maghr\u00e9bine<\/h2>\n<p>Il est important de rappeler que l&#8217;immigration maghr\u00e9bine a commenc\u00e9 r\u00e9ellement apr\u00e8s la Seconde Guerre mondiale, lorsque les Fran\u00e7ais ont colonis\u00e9 le Maghreb et que des millions de personnes ont migr\u00e9 vers la France pour travailler. Depuis lors, l&#8217;immigration maghr\u00e9bine a augment\u00e9 progressivement, et il y a maintenant plus de 5,4 millions d&#8217;immigrants maghr\u00e9bins vivant en France.<\/p>\n<p>Les principales nations d&#8217;origine des immigrants maghr\u00e9bins sont l&#8217;Alg\u00e9rie, la Tunisie et le Maroc. Ces pays ont \u00e9t\u00e9 colonis\u00e9s par la France pendant plus de 130 ans, ce qui a engendr\u00e9 des liens culturels et linguistiques profonds entre la France et les pays du Maghreb.<\/p>\n<p>Les immigrants maghr\u00e9bins ont apport\u00e9 une vari\u00e9t\u00e9 de contributions \u00e0 la soci\u00e9t\u00e9 fran\u00e7aise. Ils travaillent dans diverses industries, y compris la construction, les services sociaux, l&#8217;agriculture et le commerce. Ils ont \u00e9galement contribu\u00e9 au d\u00e9veloppement \u00e9conomique fran\u00e7ais en cr\u00e9ant de nouveaux emplois et en encouragement des entreprises.<\/p>\n<p>Par exemple, les immigrants maghr\u00e9bins ont apport\u00e9 leur expertise dans l&#8217;agriculture, ce qui a permis \u00e0 la France de d\u00e9velopper son secteur agricole. Ils ont \u00e9galement contribu\u00e9 au commerce, cr\u00e9ant de nouvelles opportunit\u00e9s pour les entreprises fran\u00e7aises.<\/p>\n<h2>Integration des immigrants maghr\u00e9bins<\/h2>\n<p>L&#8217;int\u00e9gration des immigrants maghr\u00e9bins est une question importante pour la France. Bien que certains immigrants soient int\u00e9gr\u00e9s dans la soci\u00e9t\u00e9 fran\u00e7aise et aient adopt\u00e9 les valeurs fran\u00e7aises, d&#8217;autres se sentent marginalis\u00e9s ou discrimin\u00e9s.<\/p>\n<p>Pour am\u00e9liorer l&#8217;int\u00e9gration des immigrants maghr\u00e9bins, il est important de cr\u00e9er des programmes de formation professionnelle et de langue pour aider les immigrants \u00e0 trouver des emplois et \u00e0 se sentir plus inclus. Il est \u00e9galement important d&#8217;encourager la tol\u00e9rance et l&#8217;acceptation des diff\u00e9rences.<\/p>\n<p>Pour cela, il est essentiel de mettre en place des mesures pour faciliter l&#8217;int\u00e9gration des immigrants maghr\u00e9bins, tels que des cours de langue fran\u00e7aise, des formations professionnelles adapt\u00e9es aux besoins du march\u00e9 et des programmes de sensibilisation \u00e0 la culture fran\u00e7aise.<\/p>\n<h2>Les effets sociaux de l&#8217;immigration maghr\u00e9bine<\/h2>\n<p>L&#8217;immigration maghr\u00e9bine a eu un impact important sur la soci\u00e9t\u00e9 fran\u00e7aise. Les immigrants ont apport\u00e9 leur culture et leurs traditions, ce qui a contribu\u00e9 \u00e0 enrichir la diversit\u00e9 de la France.<\/p>\n<p>Les immigrants maghr\u00e9bins ont \u00e9galement contribu\u00e9 \u00e0 la d\u00e9mographie fran\u00e7aise en augmentant le taux de natalit\u00e9. Le taux de natalit\u00e9 est plus \u00e9lev\u00e9 chez les populations du Maghreb que dans d&#8217;autres pays europ\u00e9ens, ce qui a contribu\u00e9 \u00e0 faire du Maghreb un important r\u00e9servoir de travailleurs pour la France.<\/p>\n<p>Enfin, l&#8217;immigration maghr\u00e9bine a \u00e9galement eu des effets positifs sur les relations entre la France et les pays du Maghreb. Les immigrants ont maintenu des liens culturels avec leurs pays d&#8217;origine, ce qui a permis \u00e0 la France de maintenir des relations \u00e9conomiques et diplomatiques avec ces pays.<\/p>\n<p>Par exemple, l&#8217;immigration maghr\u00e9bine a permis \u00e0 la France de d\u00e9velopper des \u00e9changes commerciaux et culturels avec les pays du Maghreb. Les immigrants ont \u00e9galement contribu\u00e9 \u00e0 promouvoir la coop\u00e9ration internationale entre la France et les pays du Maghreb.<\/p>\n<h2>Les d\u00e9fis de l&#8217;immigration maghr\u00e9bine<\/h2>\n<p>L&#8217;immigration maghr\u00e9bine n&#8217;est pas sans d\u00e9fis. Les immigrants doivent affronter des probl\u00e8mes d&#8217;int\u00e9gration, tels que le racisme et la discrimination, qui peuvent entraver leur int\u00e9gration dans la soci\u00e9t\u00e9 fran\u00e7aise.<\/p>\n<p>Les immigrants maghr\u00e9bins ont \u00e9galement \u00e9t\u00e9 affect\u00e9s par les crises \u00e9conomiques de 2008 et de 2019. Ils ont perdu leurs emplois, ce qui a entra\u00een\u00e9 une augmentation du ch\u00f4mage chez cette population.<\/p>\n<h2>Appel \u00e0 l&#8217;action<\/h2>\n<p>Il est important d&#8217;accepter et de soutenir les immigrants maghr\u00e9bins, car ils apportent des contributions pr\u00e9cieuses \u00e0 la soci\u00e9t\u00e9 fran\u00e7aise. Nous devons cr\u00e9er des programmes pour aider ces personnes \u00e0 int\u00e9grer la soci\u00e9t\u00e9 fran\u00e7aise, et nous devons encourager la tol\u00e9rance et l&#8217;acceptation de nos diff\u00e9rences.<\/p>\n<p>Nous devons \u00e9galement travailler en collaboration avec les pays du Maghreb pour am\u00e9liorer les conditions \u00e9conomiques et sociales des immigrants maghr\u00e9bins. Enfin, nous devons d\u00e9fendre la diversit\u00e9 culturelle de la France et l&#8217;importance de l&#8217;immigration maghr\u00e9bine dans cette diversit\u00e9.<\/p>\n<p>Il est essentiel de promouvoir une vision positive de l&#8217;immigration maghr\u00e9bine, en soulignant les avantages qu&#8217;elle apporte \u00e0 la soci\u00e9t\u00e9 fran\u00e7aise. Nous devons \u00e9galement \u00e9tablir des liens solides avec les pays du Maghreb pour am\u00e9liorer les conditions de vie et d&#8217;\u00e9ducation des immigrants maghr\u00e9bins.<\/p>\n<div style=\"background:#f8f9fa;border-left:4px solid #0066cc;border-radius:6px;padding:20px 24px;margin:32px 0;\">\n<p style=\"font-size:13px;color:#888;text-transform:uppercase;letter-spacing:0.8px;margin:0 0 6px 0;\">Vous pourriez aussi aimer<\/p>\n<h3 style=\"font-size:18px;margin:0 0 14px 0;color:#222;\">Articles similaires<\/h3>\n<ul style=\"margin:0;padding-left:20px;list-style:disc;\">\n<li style=\"margin-bottom:10px;\"><a href=\"https:\/\/monmaghreb.com\/index.php\/2026\/04\/26\/maghreb-france-levolution-demographique-et-limmigration-en-france\/\" style=\"color:#0066cc;text-decoration:none;font-weight:500;\" title=\"Maghreb\u2013France : L&#8217;\u00e9volution d\u00e9mographique et l&#8217;immigration en France\">Maghreb\u2013France : L&#8217;\u00e9volution d\u00e9mographique et l&#8217;immigration en France<\/a><\/li>\n<li style=\"margin-bottom:10px;\"><a href=\"https:\/\/monmaghreb.com\/index.php\/2026\/04\/28\/boutique-dartisanat-marocain-de-cherbourg-en-cotentin-une-nouvelle-avenue-pour-promouvoir-la-culture-maghrebine-en-france\/\" style=\"color:#0066cc;text-decoration:none;font-weight:500;\" title=\"Boutique d&#8217;artisanat marocain de Cherbourg-en-Cotentin : une nouvelle avenue pour promouvoir la culture maghr\u00e9bine en France\">Boutique d&#8217;artisanat marocain de Cherbourg-en-Cotentin : une nouvelle avenue pour promouvoir la culture maghr\u00e9bine en France<\/a><\/li>\n<li style=\"margin-bottom:10px;\"><a href=\"https:\/\/monmaghreb.com\/index.php\/2026\/04\/28\/le-cap-vert-capitale-africaine-de-la-culture-2028-quelles-implications-pour-la-communaute-maghrebine\/\" style=\"color:#0066cc;text-decoration:none;font-weight:500;\" title=\"Le Cap-Vert, capitale africaine de la culture 2028 : quelles implications pour la communaut\u00e9 maghr\u00e9bine?\">Le Cap-Vert, capitale africaine de la culture 2028 : quelles implications pour la communaut\u00e9 maghr\u00e9bine?<\/a><\/li>\n<li style=\"margin-bottom:10px;\"><a href=\"https:\/\/monmaghreb.com\/index.php\/2026\/04\/27\/du-chaabi-des-foyers-au-rap-des-cites-levolution-de-la-musique-maghrebine-en-france\/\" style=\"color:#0066cc;text-decoration:none;font-weight:500;\" title=\"Du cha\u00e2bi des foyers au rap des cit\u00e9s : l&#8217;\u00e9volution de la musique maghr\u00e9bine en France\">Du cha\u00e2bi des foyers au rap des cit\u00e9s : l&#8217;\u00e9volution de la musique maghr\u00e9bine en France<\/a><\/li>\n<li style=\"margin-bottom:10px;\"><a href=\"https:\/\/monmaghreb.com\/index.php\/2026\/04\/27\/la-boutique-dartisanat-marocain-de-cherbourg-en-cotentin-une-porte-ouverte-vers-le-maghreb\/\" style=\"color:#0066cc;text-decoration:none;font-weight:500;\" title=\"La boutique d&#8217;artisanat marocain de Cherbourg-en-Cotentin : une porte ouverte vers le Maghreb\">La boutique d&#8217;artisanat marocain de Cherbourg-en-Cotentin : une porte ouverte vers le Maghreb<\/a><\/li>\n<\/ul>\n<\/div>\n<p><\/body><br \/>\n<\/html><\/p>\n","protected":false},"excerpt":{"rendered":"<p>D\u00e9couvrez le nouvel \u00e9quilibre d\u00e9mographique fran\u00e7ais avec l&#8217;immigration maghr\u00e9bine. Une perspective chaleureuse sur la diversit\u00e9 et l&#8217;\u00e9volution de notre pays.<\/p>\n","protected":false},"author":1,"featured_media":3722,"comment_status":"closed","ping_status":"open","sticky":false,"template":"","format":"standard","meta":{"_yoast_wpseo_focuskw":"immigration maghr\u00e9bine fran\u00e7aise","_yoast_wpseo_title":"Le nouvel \u00e9quilibre d\u00e9mographique fran\u00e7ais avec l'immigratio","_yoast_wpseo_metadesc":"D\u00e9couvrez le nouvel \u00e9quilibre d\u00e9mographique fran\u00e7ais avec l'immigration maghr\u00e9bine. Une perspective chaleureuse sur la diversit\u00e9 et l'\u00e9volution de notre pays.","_yoast_wpseo_canonical":"","_yoast_wpseo_opengraph-title":"Le nouvel \u00e9quilibre d\u00e9mographique fran\u00e7ais avec l'immigration maghr\u00e9bine : une perspective chaleureuse","_yoast_wpseo_opengraph-description":"D\u00e9couvrez le nouvel \u00e9quilibre d\u00e9mographique fran\u00e7ais avec l'immigration maghr\u00e9bine. Une perspective chaleureuse sur la diversit\u00e9 et l'\u00e9volution de notre pays.","_yoast_wpseo_opengraph-image":"","tdm_status":"","tdm_grid_status":"","footnotes":""},"categories":[654],"tags":[45,766,2239,2090,1312],"class_list":["post-3723","post","type-post","status-publish","format-standard","has-post-thumbnail","hentry","category-diaspora","tag-culture-tunisienne","tag-activitesenfrance","tag-alimentation-maghrebine","tag-civil-society","tag-immigration"],"yoast_head":"<!-- This site is optimized with the Yoast SEO plugin v27.5 - https:\/\/yoast.com\/product\/yoast-seo-wordpress\/ -->\n<title>Le nouvel \u00e9quilibre d\u00e9mographique fran\u00e7ais avec l&#039;immigratio<\/title>\n<meta name=\"description\" content=\"D\u00e9couvrez le nouvel \u00e9quilibre d\u00e9mographique fran\u00e7ais avec l&#039;immigration maghr\u00e9bine. Une perspective chaleureuse sur la diversit\u00e9 et l&#039;\u00e9volution de notre pays.\" \/>\n<meta name=\"robots\" content=\"index, follow, max-snippet:-1, max-image-preview:large, max-video-preview:-1\" \/>\n<link rel=\"canonical\" href=\"https:\/\/monmaghreb.com\/index.php\/2026\/05\/01\/le-nouvel-equilibre-demographique-francais-avec-limmigration-maghrebine-une-perspective-chaleureuse\/\" \/>\n<meta property=\"og:locale\" content=\"en_US\" \/>\n<meta property=\"og:type\" content=\"article\" \/>\n<meta property=\"og:title\" content=\"Le nouvel \u00e9quilibre d\u00e9mographique fran\u00e7ais avec l&#039;immigration maghr\u00e9bine : une perspective chaleureuse\" \/>\n<meta property=\"og:description\" content=\"D\u00e9couvrez le nouvel \u00e9quilibre d\u00e9mographique fran\u00e7ais avec l&#039;immigration maghr\u00e9bine. Une perspective chaleureuse sur la diversit\u00e9 et l&#039;\u00e9volution de notre pays.\" \/>\n<meta property=\"og:url\" content=\"https:\/\/monmaghreb.com\/index.php\/2026\/05\/01\/le-nouvel-equilibre-demographique-francais-avec-limmigration-maghrebine-une-perspective-chaleureuse\/\" \/>\n<meta property=\"og:site_name\" content=\"Mon Maghreb\" \/>\n<meta property=\"article:author\" content=\"https:\/\/www.facebook.com\/monmaghrebcom\" \/>\n<meta property=\"article:published_time\" content=\"2026-05-01T04:34:10+00:00\" \/>\n<meta property=\"article:modified_time\" content=\"2026-05-01T04:34:14+00:00\" \/>\n<meta property=\"og:image\" content=\"https:\/\/monmaghreb.com\/wp-content\/uploads\/2026\/05\/featured-5.jpg\" \/>\n\t<meta property=\"og:image:width\" content=\"1733\" \/>\n\t<meta property=\"og:image:height\" content=\"1300\" \/>\n\t<meta property=\"og:image:type\" content=\"image\/jpeg\" \/>\n<meta name=\"author\" content=\"LaMagh\" \/>\n<meta name=\"twitter:card\" content=\"summary_large_image\" \/>\n<meta name=\"twitter:creator\" content=\"@MMaghreb50977\" \/>\n<meta name=\"twitter:label1\" content=\"Written by\" \/>\n\t<meta name=\"twitter:data1\" content=\"LaMagh\" \/>\n\t<meta name=\"twitter:label2\" content=\"Est. reading time\" \/>\n\t<meta name=\"twitter:data2\" content=\"5 minutes\" \/>\n<script type=\"application\/ld+json\" class=\"yoast-schema-graph\">{\"@context\":\"https:\\\/\\\/schema.org\",\"@graph\":[{\"@type\":\"Article\",\"@id\":\"https:\\\/\\\/monmaghreb.com\\\/index.php\\\/2026\\\/05\\\/01\\\/le-nouvel-equilibre-demographique-francais-avec-limmigration-maghrebine-une-perspective-chaleureuse\\\/#article\",\"isPartOf\":{\"@id\":\"https:\\\/\\\/monmaghreb.com\\\/index.php\\\/2026\\\/05\\\/01\\\/le-nouvel-equilibre-demographique-francais-avec-limmigration-maghrebine-une-perspective-chaleureuse\\\/\"},\"author\":{\"name\":\"LaMagh\",\"@id\":\"http:\\\/\\\/monmaghreb.com\\\/#\\\/schema\\\/person\\\/c469a89dc8c6b8987dcb438b1200d054\"},\"headline\":\"Le nouvel \u00e9quilibre d\u00e9mographique fran\u00e7ais avec l&#8217;immigration maghr\u00e9bine : une perspective chaleureuse\",\"datePublished\":\"2026-05-01T04:34:10+00:00\",\"dateModified\":\"2026-05-01T04:34:14+00:00\",\"mainEntityOfPage\":{\"@id\":\"https:\\\/\\\/monmaghreb.com\\\/index.php\\\/2026\\\/05\\\/01\\\/le-nouvel-equilibre-demographique-francais-avec-limmigration-maghrebine-une-perspective-chaleureuse\\\/\"},\"wordCount\":957,\"publisher\":{\"@id\":\"http:\\\/\\\/monmaghreb.com\\\/#organization\"},\"image\":{\"@id\":\"https:\\\/\\\/monmaghreb.com\\\/index.php\\\/2026\\\/05\\\/01\\\/le-nouvel-equilibre-demographique-francais-avec-limmigration-maghrebine-une-perspective-chaleureuse\\\/#primaryimage\"},\"thumbnailUrl\":\"https:\\\/\\\/monmaghreb.com\\\/wp-content\\\/uploads\\\/2026\\\/05\\\/featured-5.jpg\",\"keywords\":[\"\\\"culture tunisienne\\\"\",\"activitesenfrance\",\"alimentation maghr\u00e9bine\",\"civil society\",\"immigration\"],\"articleSection\":[\"Diaspora\"],\"inLanguage\":\"en-US\"},{\"@type\":\"WebPage\",\"@id\":\"https:\\\/\\\/monmaghreb.com\\\/index.php\\\/2026\\\/05\\\/01\\\/le-nouvel-equilibre-demographique-francais-avec-limmigration-maghrebine-une-perspective-chaleureuse\\\/\",\"url\":\"https:\\\/\\\/monmaghreb.com\\\/index.php\\\/2026\\\/05\\\/01\\\/le-nouvel-equilibre-demographique-francais-avec-limmigration-maghrebine-une-perspective-chaleureuse\\\/\",\"name\":\"Le nouvel \u00e9quilibre d\u00e9mographique fran\u00e7ais avec l'immigratio\",\"isPartOf\":{\"@id\":\"http:\\\/\\\/monmaghreb.com\\\/#website\"},\"primaryImageOfPage\":{\"@id\":\"https:\\\/\\\/monmaghreb.com\\\/index.php\\\/2026\\\/05\\\/01\\\/le-nouvel-equilibre-demographique-francais-avec-limmigration-maghrebine-une-perspective-chaleureuse\\\/#primaryimage\"},\"image\":{\"@id\":\"https:\\\/\\\/monmaghreb.com\\\/index.php\\\/2026\\\/05\\\/01\\\/le-nouvel-equilibre-demographique-francais-avec-limmigration-maghrebine-une-perspective-chaleureuse\\\/#primaryimage\"},\"thumbnailUrl\":\"https:\\\/\\\/monmaghreb.com\\\/wp-content\\\/uploads\\\/2026\\\/05\\\/featured-5.jpg\",\"datePublished\":\"2026-05-01T04:34:10+00:00\",\"dateModified\":\"2026-05-01T04:34:14+00:00\",\"description\":\"D\u00e9couvrez le nouvel \u00e9quilibre d\u00e9mographique fran\u00e7ais avec l'immigration maghr\u00e9bine. Une perspective chaleureuse sur la diversit\u00e9 et l'\u00e9volution de notre pays.\",\"breadcrumb\":{\"@id\":\"https:\\\/\\\/monmaghreb.com\\\/index.php\\\/2026\\\/05\\\/01\\\/le-nouvel-equilibre-demographique-francais-avec-limmigration-maghrebine-une-perspective-chaleureuse\\\/#breadcrumb\"},\"inLanguage\":\"en-US\",\"potentialAction\":[{\"@type\":\"ReadAction\",\"target\":[\"https:\\\/\\\/monmaghreb.com\\\/index.php\\\/2026\\\/05\\\/01\\\/le-nouvel-equilibre-demographique-francais-avec-limmigration-maghrebine-une-perspective-chaleureuse\\\/\"]}]},{\"@type\":\"ImageObject\",\"inLanguage\":\"en-US\",\"@id\":\"https:\\\/\\\/monmaghreb.com\\\/index.php\\\/2026\\\/05\\\/01\\\/le-nouvel-equilibre-demographique-francais-avec-limmigration-maghrebine-une-perspective-chaleureuse\\\/#primaryimage\",\"url\":\"https:\\\/\\\/monmaghreb.com\\\/wp-content\\\/uploads\\\/2026\\\/05\\\/featured-5.jpg\",\"contentUrl\":\"https:\\\/\\\/monmaghreb.com\\\/wp-content\\\/uploads\\\/2026\\\/05\\\/featured-5.jpg\",\"width\":1733,\"height\":1300,\"caption\":\"Famille franco-maghr\u00e9bine r\u00e9unie autour d'une table pour le repas\"},{\"@type\":\"BreadcrumbList\",\"@id\":\"https:\\\/\\\/monmaghreb.com\\\/index.php\\\/2026\\\/05\\\/01\\\/le-nouvel-equilibre-demographique-francais-avec-limmigration-maghrebine-une-perspective-chaleureuse\\\/#breadcrumb\",\"itemListElement\":[{\"@type\":\"ListItem\",\"position\":1,\"name\":\"Home\",\"item\":\"http:\\\/\\\/monmaghreb.com\\\/\"},{\"@type\":\"ListItem\",\"position\":2,\"name\":\"Le nouvel \u00e9quilibre d\u00e9mographique fran\u00e7ais avec l&#8217;immigration maghr\u00e9bine : une perspective chaleureuse\"}]},{\"@type\":\"WebSite\",\"@id\":\"http:\\\/\\\/monmaghreb.com\\\/#website\",\"url\":\"http:\\\/\\\/monmaghreb.com\\\/\",\"name\":\"Mon Maghreb\",\"description\":\"MonMaghreb United\",\"publisher\":{\"@id\":\"http:\\\/\\\/monmaghreb.com\\\/#organization\"},\"alternateName\":\"Le Monde du Maghreb et au del\u00e0\",\"potentialAction\":[{\"@type\":\"SearchAction\",\"target\":{\"@type\":\"EntryPoint\",\"urlTemplate\":\"http:\\\/\\\/monmaghreb.com\\\/?s={search_term_string}\"},\"query-input\":{\"@type\":\"PropertyValueSpecification\",\"valueRequired\":true,\"valueName\":\"search_term_string\"}}],\"inLanguage\":\"en-US\"},{\"@type\":\"Organization\",\"@id\":\"http:\\\/\\\/monmaghreb.com\\\/#organization\",\"name\":\"Mon Maghreb\",\"url\":\"http:\\\/\\\/monmaghreb.com\\\/\",\"logo\":{\"@type\":\"ImageObject\",\"inLanguage\":\"en-US\",\"@id\":\"http:\\\/\\\/monmaghreb.com\\\/#\\\/schema\\\/logo\\\/image\\\/\",\"url\":\"https:\\\/\\\/monmaghreb.com\\\/wp-content\\\/uploads\\\/2025\\\/12\\\/Mon_Maghreb_Logo.jpg\",\"contentUrl\":\"https:\\\/\\\/monmaghreb.com\\\/wp-content\\\/uploads\\\/2025\\\/12\\\/Mon_Maghreb_Logo.jpg\",\"width\":814,\"height\":374,\"caption\":\"Mon Maghreb\"},\"image\":{\"@id\":\"http:\\\/\\\/monmaghreb.com\\\/#\\\/schema\\\/logo\\\/image\\\/\"}},{\"@type\":\"Person\",\"@id\":\"http:\\\/\\\/monmaghreb.com\\\/#\\\/schema\\\/person\\\/c469a89dc8c6b8987dcb438b1200d054\",\"name\":\"LaMagh\",\"image\":{\"@type\":\"ImageObject\",\"inLanguage\":\"en-US\",\"@id\":\"https:\\\/\\\/secure.gravatar.com\\\/avatar\\\/399d8144bd55fba55e056779aca52fe528bac7911f6449e54d81173d6dfd7f0a?s=96&d=mm&r=g\",\"url\":\"https:\\\/\\\/secure.gravatar.com\\\/avatar\\\/399d8144bd55fba55e056779aca52fe528bac7911f6449e54d81173d6dfd7f0a?s=96&d=mm&r=g\",\"contentUrl\":\"https:\\\/\\\/secure.gravatar.com\\\/avatar\\\/399d8144bd55fba55e056779aca52fe528bac7911f6449e54d81173d6dfd7f0a?s=96&d=mm&r=g\",\"caption\":\"LaMagh\"},\"sameAs\":[\"https:\\\/\\\/monmaghreb.com\",\"https:\\\/\\\/www.facebook.com\\\/monmaghrebcom\",\"https:\\\/\\\/x.com\\\/MMaghreb50977\"],\"url\":\"https:\\\/\\\/monmaghreb.com\\\/index.php\\\/author\\\/lamagh\\\/\"}]}<\/script>\n<!-- \/ Yoast SEO plugin. -->","yoast_head_json":{"title":"Le nouvel \u00e9quilibre d\u00e9mographique fran\u00e7ais avec l'immigratio","description":"D\u00e9couvrez le nouvel \u00e9quilibre d\u00e9mographique fran\u00e7ais avec l'immigration maghr\u00e9bine. Une perspective chaleureuse sur la diversit\u00e9 et l'\u00e9volution de notre pays.","robots":{"index":"index","follow":"follow","max-snippet":"max-snippet:-1","max-image-preview":"max-image-preview:large","max-video-preview":"max-video-preview:-1"},"canonical":"https:\/\/monmaghreb.com\/index.php\/2026\/05\/01\/le-nouvel-equilibre-demographique-francais-avec-limmigration-maghrebine-une-perspective-chaleureuse\/","og_locale":"en_US","og_type":"article","og_title":"Le nouvel \u00e9quilibre d\u00e9mographique fran\u00e7ais avec l'immigration maghr\u00e9bine : une perspective chaleureuse","og_description":"D\u00e9couvrez le nouvel \u00e9quilibre d\u00e9mographique fran\u00e7ais avec l'immigration maghr\u00e9bine. Une perspective chaleureuse sur la diversit\u00e9 et l'\u00e9volution de notre pays.","og_url":"https:\/\/monmaghreb.com\/index.php\/2026\/05\/01\/le-nouvel-equilibre-demographique-francais-avec-limmigration-maghrebine-une-perspective-chaleureuse\/","og_site_name":"Mon Maghreb","article_author":"https:\/\/www.facebook.com\/monmaghrebcom","article_published_time":"2026-05-01T04:34:10+00:00","article_modified_time":"2026-05-01T04:34:14+00:00","og_image":[{"width":1733,"height":1300,"url":"https:\/\/monmaghreb.com\/wp-content\/uploads\/2026\/05\/featured-5.jpg","type":"image\/jpeg"}],"author":"LaMagh","twitter_card":"summary_large_image","twitter_creator":"@MMaghreb50977","twitter_misc":{"Written by":"LaMagh","Est. reading time":"5 minutes"},"schema":{"@context":"https:\/\/schema.org","@graph":[{"@type":"Article","@id":"https:\/\/monmaghreb.com\/index.php\/2026\/05\/01\/le-nouvel-equilibre-demographique-francais-avec-limmigration-maghrebine-une-perspective-chaleureuse\/#article","isPartOf":{"@id":"https:\/\/monmaghreb.com\/index.php\/2026\/05\/01\/le-nouvel-equilibre-demographique-francais-avec-limmigration-maghrebine-une-perspective-chaleureuse\/"},"author":{"name":"LaMagh","@id":"http:\/\/monmaghreb.com\/#\/schema\/person\/c469a89dc8c6b8987dcb438b1200d054"},"headline":"Le nouvel \u00e9quilibre d\u00e9mographique fran\u00e7ais avec l&#8217;immigration maghr\u00e9bine : une perspective chaleureuse","datePublished":"2026-05-01T04:34:10+00:00","dateModified":"2026-05-01T04:34:14+00:00","mainEntityOfPage":{"@id":"https:\/\/monmaghreb.com\/index.php\/2026\/05\/01\/le-nouvel-equilibre-demographique-francais-avec-limmigration-maghrebine-une-perspective-chaleureuse\/"},"wordCount":957,"publisher":{"@id":"http:\/\/monmaghreb.com\/#organization"},"image":{"@id":"https:\/\/monmaghreb.com\/index.php\/2026\/05\/01\/le-nouvel-equilibre-demographique-francais-avec-limmigration-maghrebine-une-perspective-chaleureuse\/#primaryimage"},"thumbnailUrl":"https:\/\/monmaghreb.com\/wp-content\/uploads\/2026\/05\/featured-5.jpg","keywords":["\"culture tunisienne\"","activitesenfrance","alimentation maghr\u00e9bine","civil society","immigration"],"articleSection":["Diaspora"],"inLanguage":"en-US"},{"@type":"WebPage","@id":"https:\/\/monmaghreb.com\/index.php\/2026\/05\/01\/le-nouvel-equilibre-demographique-francais-avec-limmigration-maghrebine-une-perspective-chaleureuse\/","url":"https:\/\/monmaghreb.com\/index.php\/2026\/05\/01\/le-nouvel-equilibre-demographique-francais-avec-limmigration-maghrebine-une-perspective-chaleureuse\/","name":"Le nouvel \u00e9quilibre d\u00e9mographique fran\u00e7ais avec l'immigratio","isPartOf":{"@id":"http:\/\/monmaghreb.com\/#website"},"primaryImageOfPage":{"@id":"https:\/\/monmaghreb.com\/index.php\/2026\/05\/01\/le-nouvel-equilibre-demographique-francais-avec-limmigration-maghrebine-une-perspective-chaleureuse\/#primaryimage"},"image":{"@id":"https:\/\/monmaghreb.com\/index.php\/2026\/05\/01\/le-nouvel-equilibre-demographique-francais-avec-limmigration-maghrebine-une-perspective-chaleureuse\/#primaryimage"},"thumbnailUrl":"https:\/\/monmaghreb.com\/wp-content\/uploads\/2026\/05\/featured-5.jpg","datePublished":"2026-05-01T04:34:10+00:00","dateModified":"2026-05-01T04:34:14+00:00","description":"D\u00e9couvrez le nouvel \u00e9quilibre d\u00e9mographique fran\u00e7ais avec l'immigration maghr\u00e9bine. Une perspective chaleureuse sur la diversit\u00e9 et l'\u00e9volution de notre pays.","breadcrumb":{"@id":"https:\/\/monmaghreb.com\/index.php\/2026\/05\/01\/le-nouvel-equilibre-demographique-francais-avec-limmigration-maghrebine-une-perspective-chaleureuse\/#breadcrumb"},"inLanguage":"en-US","potentialAction":[{"@type":"ReadAction","target":["https:\/\/monmaghreb.com\/index.php\/2026\/05\/01\/le-nouvel-equilibre-demographique-francais-avec-limmigration-maghrebine-une-perspective-chaleureuse\/"]}]},{"@type":"ImageObject","inLanguage":"en-US","@id":"https:\/\/monmaghreb.com\/index.php\/2026\/05\/01\/le-nouvel-equilibre-demographique-francais-avec-limmigration-maghrebine-une-perspective-chaleureuse\/#primaryimage","url":"https:\/\/monmaghreb.com\/wp-content\/uploads\/2026\/05\/featured-5.jpg","contentUrl":"https:\/\/monmaghreb.com\/wp-content\/uploads\/2026\/05\/featured-5.jpg","width":1733,"height":1300,"caption":"Famille franco-maghr\u00e9bine r\u00e9unie autour d'une table pour le repas"},{"@type":"BreadcrumbList","@id":"https:\/\/monmaghreb.com\/index.php\/2026\/05\/01\/le-nouvel-equilibre-demographique-francais-avec-limmigration-maghrebine-une-perspective-chaleureuse\/#breadcrumb","itemListElement":[{"@type":"ListItem","position":1,"name":"Home","item":"http:\/\/monmaghreb.com\/"},{"@type":"ListItem","position":2,"name":"Le nouvel \u00e9quilibre d\u00e9mographique fran\u00e7ais avec l&#8217;immigration maghr\u00e9bine : une perspective chaleureuse"}]},{"@type":"WebSite","@id":"http:\/\/monmaghreb.com\/#website","url":"http:\/\/monmaghreb.com\/","name":"Mon Maghreb","description":"MonMaghreb United","publisher":{"@id":"http:\/\/monmaghreb.com\/#organization"},"alternateName":"Le Monde du Maghreb et au del\u00e0","potentialAction":[{"@type":"SearchAction","target":{"@type":"EntryPoint","urlTemplate":"http:\/\/monmaghreb.com\/?s={search_term_string}"},"query-input":{"@type":"PropertyValueSpecification","valueRequired":true,"valueName":"search_term_string"}}],"inLanguage":"en-US"},{"@type":"Organization","@id":"http:\/\/monmaghreb.com\/#organization","name":"Mon Maghreb","url":"http:\/\/monmaghreb.com\/","logo":{"@type":"ImageObject","inLanguage":"en-US","@id":"http:\/\/monmaghreb.com\/#\/schema\/logo\/image\/","url":"https:\/\/monmaghreb.com\/wp-content\/uploads\/2025\/12\/Mon_Maghreb_Logo.jpg","contentUrl":"https:\/\/monmaghreb.com\/wp-content\/uploads\/2025\/12\/Mon_Maghreb_Logo.jpg","width":814,"height":374,"caption":"Mon Maghreb"},"image":{"@id":"http:\/\/monmaghreb.com\/#\/schema\/logo\/image\/"}},{"@type":"Person","@id":"http:\/\/monmaghreb.com\/#\/schema\/person\/c469a89dc8c6b8987dcb438b1200d054","name":"LaMagh","image":{"@type":"ImageObject","inLanguage":"en-US","@id":"https:\/\/secure.gravatar.com\/avatar\/399d8144bd55fba55e056779aca52fe528bac7911f6449e54d81173d6dfd7f0a?s=96&d=mm&r=g","url":"https:\/\/secure.gravatar.com\/avatar\/399d8144bd55fba55e056779aca52fe528bac7911f6449e54d81173d6dfd7f0a?s=96&d=mm&r=g","contentUrl":"https:\/\/secure.gravatar.com\/avatar\/399d8144bd55fba55e056779aca52fe528bac7911f6449e54d81173d6dfd7f0a?s=96&d=mm&r=g","caption":"LaMagh"},"sameAs":["https:\/\/monmaghreb.com","https:\/\/www.facebook.com\/monmaghrebcom","https:\/\/x.com\/MMaghreb50977"],"url":"https:\/\/monmaghreb.com\/index.php\/author\/lamagh\/"}]}},"_links":{"self":[{"href":"https:\/\/monmaghreb.com\/index.php\/wp-json\/wp\/v2\/posts\/3723","targetHints":{"allow":["GET"]}}],"collection":[{"href":"https:\/\/monmaghreb.com\/index.php\/wp-json\/wp\/v2\/posts"}],"about":[{"href":"https:\/\/monmaghreb.com\/index.php\/wp-json\/wp\/v2\/types\/post"}],"author":[{"embeddable":true,"href":"https:\/\/monmaghreb.com\/index.php\/wp-json\/wp\/v2\/users\/1"}],"replies":[{"embeddable":true,"href":"https:\/\/monmaghreb.com\/index.php\/wp-json\/wp\/v2\/comments?post=3723"}],"version-history":[{"count":1,"href":"https:\/\/monmaghreb.com\/index.php\/wp-json\/wp\/v2\/posts\/3723\/revisions"}],"predecessor-version":[{"id":3724,"href":"https:\/\/monmaghreb.com\/index.php\/wp-json\/wp\/v2\/posts\/3723\/revisions\/3724"}],"wp:featuredmedia":[{"embeddable":true,"href":"https:\/\/monmaghreb.com\/index.php\/wp-json\/wp\/v2\/media\/3722"}],"wp:attachment":[{"href":"https:\/\/monmaghreb.com\/index.php\/wp-json\/wp\/v2\/media?parent=3723"}],"wp:term":[{"taxonomy":"category","embeddable":true,"href":"https:\/\/monmaghreb.com\/index.php\/wp-json\/wp\/v2\/categories?post=3723"},{"taxonomy":"post_tag","embeddable":true,"href":"https:\/\/monmaghreb.com\/index.php\/wp-json\/wp\/v2\/tags?post=3723"}],"curies":[{"name":"wp","href":"https:\/\/api.w.org\/{rel}","templated":true}]}}