{"id":3729,"date":"2026-05-01T11:04:30","date_gmt":"2026-05-01T11:04:30","guid":{"rendered":"https:\/\/monmaghreb.com\/index.php\/2026\/05\/01\/leila-slimani-presente-me-llevare-el-fuego-une-approche-culturellement-sensible\/"},"modified":"2026-05-01T11:04:33","modified_gmt":"2026-05-01T11:04:33","slug":"leila-slimani-presente-me-llevare-el-fuego-une-approche-culturellement-sensible","status":"publish","type":"post","link":"https:\/\/monmaghreb.com\/index.php\/2026\/05\/01\/leila-slimani-presente-me-llevare-el-fuego-une-approche-culturellement-sensible\/","title":{"rendered":"Leila Slimani pr\u00e9sente \u00ab Me llevar\u00e9 el fuego \u00bb : une approche culturellement sensible"},"content":{"rendered":"<p><!DOCTYPE html><br \/>\n<html lang='fr'><br \/>\n<head><br \/>\n\t<meta charset='UTF-8'><br \/>\n\t<title>Leila Slimani pr\u00e9sente \u00ab Me llevar\u00e9 el fuego \u00bb : une approche culturellement sensible<\/title><br \/>\n<\/head><br \/>\n<body><\/p>\n<h1>Leila Slimani pr\u00e9sente \u00ab Me liderar\u00e9 el fuego \u00bb : une approche culturellement sensible<\/h1>\n<p>Pour Leila Slimani, l&#8217;auteur alg\u00e9rien de nationalit\u00e9 fran\u00e7aise, son dernier roman, \u00ab Me liderar\u00e9 el fuego \u00bb, est une \u0153uvre autobiographique qui explore les pr\u00e9jug\u00e9s culturels et sociaux que rencontrent les immigrantes maghr\u00e9bines en Europe. Depuis son ouvrage de 2016, \u00ab Chansons pour tirer le ventre \u00bb, elle a connu un succ\u00e8s international, enthousiasmant ainsi sa communaut\u00e9 maghr\u00e9bine de la diaspora avec son r\u00e9cit.<\/p>\n<h2>Un roman autobiographique inspir\u00e9 par une exp\u00e9rience r\u00e9elle<\/h2>\n<p>\u00ab Me liderar\u00e9 el fuego \u00bb est bas\u00e9 sur l&#8217;exp\u00e9rience personnelle de Leila Slimani, qui a \u00e9tudi\u00e9 \u00e0 Madrid et s&#8217;est retrouv\u00e9e confront\u00e9e aux pr\u00e9jug\u00e9s des espagnols envers les immigrants. Elle a partag\u00e9 ses difficult\u00e9s \u00e0 se faire accepter et \u00e0 trouver un emploi, ainsi que sa peine d&#8217;\u00eatre jug\u00e9e uniquement par sa nationalit\u00e9 plut\u00f4t que par ses comp\u00e9tences.<\/p>\n<p>Le roman suit la vie de Lila, une Alg\u00e9rienne \u00e9tudiante en Espagne qui travaille dans une librairie. Elle se retrouve confront\u00e9e aux pr\u00e9jug\u00e9s des espagnols envers les immigrants, ainsi qu&#8217;aux pr\u00e9juges des immigrants envers les Espagnols.<\/p>\n<h2>Une approche culturellement sensible<\/h2>\n<p>\u00ab Me liderar\u00e9 el fuego \u00bb est une \u0153uvre de fiction qui explore avec sensibilit\u00e9 la culture et les difficult\u00e9s d&#8217;une immigrante maghr\u00e9bine en Europe. Leila Slimani traite des questions telles que le racisme, l&#8217;exclusion, le sexisme et la discrimination dans un contexte culturellement pr\u00e9cis.<\/p>\n<p>Son r\u00e9cit montre que les pr\u00e9jug\u00e9s ne sont pas uniquement des probl\u00e8mes d&#8217;immigrants, mais \u00e9galement ceux des Espagnols qui ressentent une peur des autres. Elle utilise une voix autobiographique pour explorer les pr\u00e9jug\u00e9s qui emp\u00eachent les immigrants de se faire accepter dans la soci\u00e9t\u00e9 espagnole.<\/p>\n<h2>La vie quotidienne d&#8217;une immigrante maghr\u00e9bine en Europe<\/h2>\n<p>Le roman fournit un aper\u00e7u d\u00e9taill\u00e9 et r\u00e9el de la vie quotidienne d&#8217;une immigrante maghr\u00e9bine en Europe. Les lecteurs sont pris dans l&#8217;univers de Lila, qui d\u00e9crit sa lutte pour trouver son propre chemin entre les <a href=\"https:\/\/monmaghreb.com\/index.php\/2026\/05\/01\/cuisine-du-maghreb-traditions-alimentaires-et-recettes-de-famille\/\" title=\"Cuisine du Maghreb : traditions alimentaires et recettes de famille\">traditions<\/a> familiales et les pr\u00e9jug\u00e9s sociaux.<\/p>\n<p>Les difficult\u00e9s \u00e9motionnelles que rencontre une immigrante en Europe ne sont pas oubli\u00e9es non plus. Lila doit faire face \u00e0 la solitude, le chagrin de l&#8217;\u00e9loignement et les doutes sur sa capacit\u00e9 \u00e0 trouver sa place dans un monde \u00e9tranger.<\/p>\n<h2>Le pouvoir des r\u00e9cits pour changer les perceptions<\/h2>\n<p>\u00ab Me liderar\u00e9 el fuego \u00bb offre un r\u00e9cit authentique et touchant de la vie d&#8217;une immigrante maghr\u00e9bine en Europe. Le roman montre que les pr\u00e9jug\u00e9s culturels ne sont pas uniquement des probl\u00e8mes d&#8217;immigrants, mais \u00e9galement ceux des Espagnols qui ressentent une peur des autres.<\/p>\n<p>Leila Slimani utilise son talent d&#8217;\u00e9crivain pour toucher le c\u0153ur de ses lecteurs et changer les perceptions sur l&#8217;exp\u00e9rience des immigrants en Europe. Ce r\u00e9cit montre que les histoires des immigr\u00e9s peuvent \u00eatre source de compr\u00e9hension, de solidarit\u00e9 et d&#8217;espoir.<\/p>\n<h2>Appel \u00e0 l&#8217;action<\/h2>\n<p>Nous invitons tous nos lecteurs maghr\u00e9bins de la diaspora \u00e0 lire \u00ab Me liderar\u00e9 el fuego \u00bb pour comprendre le point de vue d&#8217;une immigrante maghr\u00e9bine en Europe. Cette \u0153uvre de fiction vous permettra d&#8217;entendre les voix des millions d&#8217;immigr\u00e9s qui font face aux pr\u00e9jug\u00e9s culturels et sociaux.<\/p>\n<p>Nous appelons \u00e9galement \u00e0 tous les lecteurs \u00e0 lutter contre le racisme, l&#8217;exclusion et la discrimination. Nous pouvons commencer par \u00e9couter les histoires des autres et nous ouvrir aux cultures diff\u00e9rentes. En nous unissant pour cr\u00e9er une communaut\u00e9 plus compr\u00e9hensive et tol\u00e9rante, nous pouvons changer le monde autour de nous.<\/p>\n<div style=\"background:#f8f9fa;border-left:4px solid #0066cc;border-radius:6px;padding:20px 24px;margin:32px 0;\">\n<p style=\"font-size:13px;color:#888;text-transform:uppercase;letter-spacing:0.8px;margin:0 0 6px 0;\">Vous pourriez aussi aimer<\/p>\n<h3 style=\"font-size:18px;margin:0 0 14px 0;color:#222;\">Articles similaires<\/h3>\n<ul style=\"margin:0;padding-left:20px;list-style:disc;\">\n<li style=\"margin-bottom:10px;\"><a href=\"https:\/\/monmaghreb.com\/index.php\/2026\/05\/01\/cuisine-du-maghreb-traditions-alimentaires-et-recettes-de-famille\/\" style=\"color:#0066cc;text-decoration:none;font-weight:500;\" title=\"Cuisine du Maghreb : traditions alimentaires et recettes de famille\">Cuisine du Maghreb : traditions alimentaires et recettes de famille<\/a><\/li>\n<li style=\"margin-bottom:10px;\"><a href=\"https:\/\/monmaghreb.com\/index.php\/2026\/04\/29\/rage-a-perpignan-les-mysteres-de-la-mort-dun-homme-revenu-du-maghreb\/\" style=\"color:#0066cc;text-decoration:none;font-weight:500;\" title=\"Rage \u00e0 Perpignan : les myst\u00e8res de la mort d&#8217;un homme revenu du Maghreb\">Rage \u00e0 Perpignan : les myst\u00e8res de la mort d&#8217;un homme revenu du Maghreb<\/a><\/li>\n<li style=\"margin-bottom:10px;\"><a href=\"https:\/\/monmaghreb.com\/index.php\/2026\/04\/28\/retro-cassetta-en-concert-a-rennes-du-chaabi-au-rap-une-nouvelle-approche-de-la-musique-maghrebine\/\" style=\"color:#0066cc;text-decoration:none;font-weight:500;\" title=\"Retro Cassetta en concert \u00e0 Rennes : du cha\u00e2bi au rap, une nouvelle approche de la musique maghr\u00e9bine\">Retro Cassetta en concert \u00e0 Rennes : du cha\u00e2bi au rap, une nouvelle approche de la musique maghr\u00e9bine<\/a><\/li>\n<li style=\"margin-bottom:10px;\"><a href=\"https:\/\/monmaghreb.com\/index.php\/2026\/04\/27\/la-boutique-dartisanat-marocain-de-cherbourg-en-cotentin-une-porte-ouverte-vers-le-maghreb\/\" style=\"color:#0066cc;text-decoration:none;font-weight:500;\" title=\"La boutique d&#8217;artisanat marocain de Cherbourg-en-Cotentin : une porte ouverte vers le Maghreb\">La boutique d&#8217;artisanat marocain de Cherbourg-en-Cotentin : une porte ouverte vers le Maghreb<\/a><\/li>\n<li style=\"margin-bottom:10px;\"><a href=\"https:\/\/monmaghreb.com\/index.php\/2026\/04\/27\/decouvrir-le-maghreb-par-lauthenticite-humaine-une-rencontre-avec-lautre\/\" style=\"color:#0066cc;text-decoration:none;font-weight:500;\" title=\"D\u00e9couvrir le Maghreb par l&#8217;authenticit\u00e9 humaine : une rencontre avec l&#8217;Autre\">D\u00e9couvrir le Maghreb par l&#8217;authenticit\u00e9 humaine : une rencontre avec l&#8217;Autre<\/a><\/li>\n<\/ul>\n<\/div>\n<p><\/body><br \/>\n<\/html><\/p>\n","protected":false},"excerpt":{"rendered":"<p>D\u00e9couvrez l&#8217;approche culturellement sensible de Leila Slimani dans son nouveau roman autobiographique. Explore les pr\u00e9jug\u00e9s et st\u00e9r\u00e9otypes des immigrantes maghr<\/p>\n","protected":false},"author":1,"featured_media":3728,"comment_status":"closed","ping_status":"open","sticky":false,"template":"","format":"standard","meta":{"_yoast_wpseo_focuskw":"Leila Slimani Me llevar\u00e9 el fuego","_yoast_wpseo_title":"Leila Slimani pr\u00e9sente \u00ab Me llevar\u00e9 el fuego \u00bb : une approch","_yoast_wpseo_metadesc":"D\u00e9couvrez l'approche culturellement sensible de Leila Slimani dans son nouveau roman autobiographique. Explore les pr\u00e9jug\u00e9s et st\u00e9r\u00e9otypes des immigrantes maghr","_yoast_wpseo_canonical":"","_yoast_wpseo_opengraph-title":"Leila Slimani pr\u00e9sente \u00ab Me llevar\u00e9 el fuego \u00bb : une approche culturellement sensible","_yoast_wpseo_opengraph-description":"D\u00e9couvrez l'approche culturellement sensible de Leila Slimani dans son nouveau roman autobiographique. Explore les pr\u00e9jug\u00e9s et st\u00e9r\u00e9otypes des immigrantes maghr","_yoast_wpseo_opengraph-image":"","tdm_status":"","tdm_grid_status":"","footnotes":""},"categories":[508],"tags":[2525,2524,2526,2462,2523],"class_list":["post-3729","post","type-post","status-publish","format-standard","has-post-thumbnail","hentry","category-algerie","tag-autobiography","tag-cultural-sensitivity","tag-franco-algerian-author","tag-literature-arabe","tag-maghreb-immigrants"],"yoast_head":"<!-- This site is optimized with the Yoast SEO plugin v27.5 - https:\/\/yoast.com\/product\/yoast-seo-wordpress\/ -->\n<title>Leila Slimani pr\u00e9sente \u00ab Me llevar\u00e9 el fuego \u00bb : une approch<\/title>\n<meta name=\"description\" content=\"D\u00e9couvrez l&#039;approche culturellement sensible de Leila Slimani dans son nouveau roman autobiographique. Explore les pr\u00e9jug\u00e9s et st\u00e9r\u00e9otypes des immigrantes maghr\" \/>\n<meta name=\"robots\" content=\"index, follow, max-snippet:-1, max-image-preview:large, max-video-preview:-1\" \/>\n<link rel=\"canonical\" href=\"https:\/\/monmaghreb.com\/index.php\/2026\/05\/01\/leila-slimani-presente-me-llevare-el-fuego-une-approche-culturellement-sensible\/\" \/>\n<meta property=\"og:locale\" content=\"en_US\" \/>\n<meta property=\"og:type\" content=\"article\" \/>\n<meta property=\"og:title\" content=\"Leila Slimani pr\u00e9sente \u00ab Me llevar\u00e9 el fuego \u00bb : une approche culturellement sensible\" \/>\n<meta property=\"og:description\" content=\"D\u00e9couvrez l&#039;approche culturellement sensible de Leila Slimani dans son nouveau roman autobiographique. Explore les pr\u00e9jug\u00e9s et st\u00e9r\u00e9otypes des immigrantes maghr\" \/>\n<meta property=\"og:url\" content=\"https:\/\/monmaghreb.com\/index.php\/2026\/05\/01\/leila-slimani-presente-me-llevare-el-fuego-une-approche-culturellement-sensible\/\" \/>\n<meta property=\"og:site_name\" content=\"Mon Maghreb\" \/>\n<meta property=\"article:author\" content=\"https:\/\/www.facebook.com\/monmaghrebcom\" \/>\n<meta property=\"article:published_time\" content=\"2026-05-01T11:04:30+00:00\" \/>\n<meta property=\"article:modified_time\" content=\"2026-05-01T11:04:33+00:00\" \/>\n<meta property=\"og:image\" content=\"https:\/\/monmaghreb.com\/wp-content\/uploads\/2026\/05\/featured-7.jpg\" \/>\n\t<meta property=\"og:image:width\" content=\"1880\" \/>\n\t<meta property=\"og:image:height\" content=\"1253\" \/>\n\t<meta property=\"og:image:type\" content=\"image\/jpeg\" \/>\n<meta name=\"author\" content=\"LaMagh\" \/>\n<meta name=\"twitter:card\" content=\"summary_large_image\" \/>\n<meta name=\"twitter:creator\" content=\"@MMaghreb50977\" \/>\n<meta name=\"twitter:label1\" content=\"Written by\" \/>\n\t<meta name=\"twitter:data1\" content=\"LaMagh\" \/>\n\t<meta name=\"twitter:label2\" content=\"Est. reading time\" \/>\n\t<meta name=\"twitter:data2\" content=\"3 minutes\" \/>\n<script type=\"application\/ld+json\" class=\"yoast-schema-graph\">{\"@context\":\"https:\\\/\\\/schema.org\",\"@graph\":[{\"@type\":\"Article\",\"@id\":\"https:\\\/\\\/monmaghreb.com\\\/index.php\\\/2026\\\/05\\\/01\\\/leila-slimani-presente-me-llevare-el-fuego-une-approche-culturellement-sensible\\\/#article\",\"isPartOf\":{\"@id\":\"https:\\\/\\\/monmaghreb.com\\\/index.php\\\/2026\\\/05\\\/01\\\/leila-slimani-presente-me-llevare-el-fuego-une-approche-culturellement-sensible\\\/\"},\"author\":{\"name\":\"LaMagh\",\"@id\":\"http:\\\/\\\/monmaghreb.com\\\/#\\\/schema\\\/person\\\/c469a89dc8c6b8987dcb438b1200d054\"},\"headline\":\"Leila Slimani pr\u00e9sente \u00ab Me llevar\u00e9 el fuego \u00bb : une approche culturellement sensible\",\"datePublished\":\"2026-05-01T11:04:30+00:00\",\"dateModified\":\"2026-05-01T11:04:33+00:00\",\"mainEntityOfPage\":{\"@id\":\"https:\\\/\\\/monmaghreb.com\\\/index.php\\\/2026\\\/05\\\/01\\\/leila-slimani-presente-me-llevare-el-fuego-une-approche-culturellement-sensible\\\/\"},\"wordCount\":719,\"publisher\":{\"@id\":\"http:\\\/\\\/monmaghreb.com\\\/#organization\"},\"image\":{\"@id\":\"https:\\\/\\\/monmaghreb.com\\\/index.php\\\/2026\\\/05\\\/01\\\/leila-slimani-presente-me-llevare-el-fuego-une-approche-culturellement-sensible\\\/#primaryimage\"},\"thumbnailUrl\":\"https:\\\/\\\/monmaghreb.com\\\/wp-content\\\/uploads\\\/2026\\\/05\\\/featured-7.jpg\",\"keywords\":[\"autobiography\",\"cultural sensitivity\",\"franco algerian author\",\"literature arabe\",\"maghreb immigrants\"],\"articleSection\":[\"Alg\u00e9rie\"],\"inLanguage\":\"en-US\"},{\"@type\":\"WebPage\",\"@id\":\"https:\\\/\\\/monmaghreb.com\\\/index.php\\\/2026\\\/05\\\/01\\\/leila-slimani-presente-me-llevare-el-fuego-une-approche-culturellement-sensible\\\/\",\"url\":\"https:\\\/\\\/monmaghreb.com\\\/index.php\\\/2026\\\/05\\\/01\\\/leila-slimani-presente-me-llevare-el-fuego-une-approche-culturellement-sensible\\\/\",\"name\":\"Leila Slimani pr\u00e9sente \u00ab Me llevar\u00e9 el fuego \u00bb : une approch\",\"isPartOf\":{\"@id\":\"http:\\\/\\\/monmaghreb.com\\\/#website\"},\"primaryImageOfPage\":{\"@id\":\"https:\\\/\\\/monmaghreb.com\\\/index.php\\\/2026\\\/05\\\/01\\\/leila-slimani-presente-me-llevare-el-fuego-une-approche-culturellement-sensible\\\/#primaryimage\"},\"image\":{\"@id\":\"https:\\\/\\\/monmaghreb.com\\\/index.php\\\/2026\\\/05\\\/01\\\/leila-slimani-presente-me-llevare-el-fuego-une-approche-culturellement-sensible\\\/#primaryimage\"},\"thumbnailUrl\":\"https:\\\/\\\/monmaghreb.com\\\/wp-content\\\/uploads\\\/2026\\\/05\\\/featured-7.jpg\",\"datePublished\":\"2026-05-01T11:04:30+00:00\",\"dateModified\":\"2026-05-01T11:04:33+00:00\",\"description\":\"D\u00e9couvrez l'approche culturellement sensible de Leila Slimani dans son nouveau roman autobiographique. Explore les pr\u00e9jug\u00e9s et st\u00e9r\u00e9otypes des immigrantes maghr\",\"breadcrumb\":{\"@id\":\"https:\\\/\\\/monmaghreb.com\\\/index.php\\\/2026\\\/05\\\/01\\\/leila-slimani-presente-me-llevare-el-fuego-une-approche-culturellement-sensible\\\/#breadcrumb\"},\"inLanguage\":\"en-US\",\"potentialAction\":[{\"@type\":\"ReadAction\",\"target\":[\"https:\\\/\\\/monmaghreb.com\\\/index.php\\\/2026\\\/05\\\/01\\\/leila-slimani-presente-me-llevare-el-fuego-une-approche-culturellement-sensible\\\/\"]}]},{\"@type\":\"ImageObject\",\"inLanguage\":\"en-US\",\"@id\":\"https:\\\/\\\/monmaghreb.com\\\/index.php\\\/2026\\\/05\\\/01\\\/leila-slimani-presente-me-llevare-el-fuego-une-approche-culturellement-sensible\\\/#primaryimage\",\"url\":\"https:\\\/\\\/monmaghreb.com\\\/wp-content\\\/uploads\\\/2026\\\/05\\\/featured-7.jpg\",\"contentUrl\":\"https:\\\/\\\/monmaghreb.com\\\/wp-content\\\/uploads\\\/2026\\\/05\\\/featured-7.jpg\",\"width\":1880,\"height\":1253,\"caption\":\"Leila Slimani pr\u00e9sentant son nouveau roman Me llevar\u00e9 el fuego\"},{\"@type\":\"BreadcrumbList\",\"@id\":\"https:\\\/\\\/monmaghreb.com\\\/index.php\\\/2026\\\/05\\\/01\\\/leila-slimani-presente-me-llevare-el-fuego-une-approche-culturellement-sensible\\\/#breadcrumb\",\"itemListElement\":[{\"@type\":\"ListItem\",\"position\":1,\"name\":\"Home\",\"item\":\"http:\\\/\\\/monmaghreb.com\\\/\"},{\"@type\":\"ListItem\",\"position\":2,\"name\":\"Leila Slimani pr\u00e9sente \u00ab Me llevar\u00e9 el fuego \u00bb : une approche culturellement sensible\"}]},{\"@type\":\"WebSite\",\"@id\":\"http:\\\/\\\/monmaghreb.com\\\/#website\",\"url\":\"http:\\\/\\\/monmaghreb.com\\\/\",\"name\":\"Mon Maghreb\",\"description\":\"MonMaghreb United\",\"publisher\":{\"@id\":\"http:\\\/\\\/monmaghreb.com\\\/#organization\"},\"alternateName\":\"Le Monde du Maghreb et au del\u00e0\",\"potentialAction\":[{\"@type\":\"SearchAction\",\"target\":{\"@type\":\"EntryPoint\",\"urlTemplate\":\"http:\\\/\\\/monmaghreb.com\\\/?s={search_term_string}\"},\"query-input\":{\"@type\":\"PropertyValueSpecification\",\"valueRequired\":true,\"valueName\":\"search_term_string\"}}],\"inLanguage\":\"en-US\"},{\"@type\":\"Organization\",\"@id\":\"http:\\\/\\\/monmaghreb.com\\\/#organization\",\"name\":\"Mon Maghreb\",\"url\":\"http:\\\/\\\/monmaghreb.com\\\/\",\"logo\":{\"@type\":\"ImageObject\",\"inLanguage\":\"en-US\",\"@id\":\"http:\\\/\\\/monmaghreb.com\\\/#\\\/schema\\\/logo\\\/image\\\/\",\"url\":\"https:\\\/\\\/monmaghreb.com\\\/wp-content\\\/uploads\\\/2025\\\/12\\\/Mon_Maghreb_Logo.jpg\",\"contentUrl\":\"https:\\\/\\\/monmaghreb.com\\\/wp-content\\\/uploads\\\/2025\\\/12\\\/Mon_Maghreb_Logo.jpg\",\"width\":814,\"height\":374,\"caption\":\"Mon Maghreb\"},\"image\":{\"@id\":\"http:\\\/\\\/monmaghreb.com\\\/#\\\/schema\\\/logo\\\/image\\\/\"}},{\"@type\":\"Person\",\"@id\":\"http:\\\/\\\/monmaghreb.com\\\/#\\\/schema\\\/person\\\/c469a89dc8c6b8987dcb438b1200d054\",\"name\":\"LaMagh\",\"image\":{\"@type\":\"ImageObject\",\"inLanguage\":\"en-US\",\"@id\":\"https:\\\/\\\/secure.gravatar.com\\\/avatar\\\/399d8144bd55fba55e056779aca52fe528bac7911f6449e54d81173d6dfd7f0a?s=96&d=mm&r=g\",\"url\":\"https:\\\/\\\/secure.gravatar.com\\\/avatar\\\/399d8144bd55fba55e056779aca52fe528bac7911f6449e54d81173d6dfd7f0a?s=96&d=mm&r=g\",\"contentUrl\":\"https:\\\/\\\/secure.gravatar.com\\\/avatar\\\/399d8144bd55fba55e056779aca52fe528bac7911f6449e54d81173d6dfd7f0a?s=96&d=mm&r=g\",\"caption\":\"LaMagh\"},\"sameAs\":[\"https:\\\/\\\/monmaghreb.com\",\"https:\\\/\\\/www.facebook.com\\\/monmaghrebcom\",\"https:\\\/\\\/x.com\\\/MMaghreb50977\"],\"url\":\"https:\\\/\\\/monmaghreb.com\\\/index.php\\\/author\\\/lamagh\\\/\"}]}<\/script>\n<!-- \/ Yoast SEO plugin. -->","yoast_head_json":{"title":"Leila Slimani pr\u00e9sente \u00ab Me llevar\u00e9 el fuego \u00bb : une approch","description":"D\u00e9couvrez l'approche culturellement sensible de Leila Slimani dans son nouveau roman autobiographique. Explore les pr\u00e9jug\u00e9s et st\u00e9r\u00e9otypes des immigrantes maghr","robots":{"index":"index","follow":"follow","max-snippet":"max-snippet:-1","max-image-preview":"max-image-preview:large","max-video-preview":"max-video-preview:-1"},"canonical":"https:\/\/monmaghreb.com\/index.php\/2026\/05\/01\/leila-slimani-presente-me-llevare-el-fuego-une-approche-culturellement-sensible\/","og_locale":"en_US","og_type":"article","og_title":"Leila Slimani pr\u00e9sente \u00ab Me llevar\u00e9 el fuego \u00bb : une approche culturellement sensible","og_description":"D\u00e9couvrez l'approche culturellement sensible de Leila Slimani dans son nouveau roman autobiographique. Explore les pr\u00e9jug\u00e9s et st\u00e9r\u00e9otypes des immigrantes maghr","og_url":"https:\/\/monmaghreb.com\/index.php\/2026\/05\/01\/leila-slimani-presente-me-llevare-el-fuego-une-approche-culturellement-sensible\/","og_site_name":"Mon Maghreb","article_author":"https:\/\/www.facebook.com\/monmaghrebcom","article_published_time":"2026-05-01T11:04:30+00:00","article_modified_time":"2026-05-01T11:04:33+00:00","og_image":[{"width":1880,"height":1253,"url":"https:\/\/monmaghreb.com\/wp-content\/uploads\/2026\/05\/featured-7.jpg","type":"image\/jpeg"}],"author":"LaMagh","twitter_card":"summary_large_image","twitter_creator":"@MMaghreb50977","twitter_misc":{"Written by":"LaMagh","Est. reading time":"3 minutes"},"schema":{"@context":"https:\/\/schema.org","@graph":[{"@type":"Article","@id":"https:\/\/monmaghreb.com\/index.php\/2026\/05\/01\/leila-slimani-presente-me-llevare-el-fuego-une-approche-culturellement-sensible\/#article","isPartOf":{"@id":"https:\/\/monmaghreb.com\/index.php\/2026\/05\/01\/leila-slimani-presente-me-llevare-el-fuego-une-approche-culturellement-sensible\/"},"author":{"name":"LaMagh","@id":"http:\/\/monmaghreb.com\/#\/schema\/person\/c469a89dc8c6b8987dcb438b1200d054"},"headline":"Leila Slimani pr\u00e9sente \u00ab Me llevar\u00e9 el fuego \u00bb : une approche culturellement sensible","datePublished":"2026-05-01T11:04:30+00:00","dateModified":"2026-05-01T11:04:33+00:00","mainEntityOfPage":{"@id":"https:\/\/monmaghreb.com\/index.php\/2026\/05\/01\/leila-slimani-presente-me-llevare-el-fuego-une-approche-culturellement-sensible\/"},"wordCount":719,"publisher":{"@id":"http:\/\/monmaghreb.com\/#organization"},"image":{"@id":"https:\/\/monmaghreb.com\/index.php\/2026\/05\/01\/leila-slimani-presente-me-llevare-el-fuego-une-approche-culturellement-sensible\/#primaryimage"},"thumbnailUrl":"https:\/\/monmaghreb.com\/wp-content\/uploads\/2026\/05\/featured-7.jpg","keywords":["autobiography","cultural sensitivity","franco algerian author","literature arabe","maghreb immigrants"],"articleSection":["Alg\u00e9rie"],"inLanguage":"en-US"},{"@type":"WebPage","@id":"https:\/\/monmaghreb.com\/index.php\/2026\/05\/01\/leila-slimani-presente-me-llevare-el-fuego-une-approche-culturellement-sensible\/","url":"https:\/\/monmaghreb.com\/index.php\/2026\/05\/01\/leila-slimani-presente-me-llevare-el-fuego-une-approche-culturellement-sensible\/","name":"Leila Slimani pr\u00e9sente \u00ab Me llevar\u00e9 el fuego \u00bb : une approch","isPartOf":{"@id":"http:\/\/monmaghreb.com\/#website"},"primaryImageOfPage":{"@id":"https:\/\/monmaghreb.com\/index.php\/2026\/05\/01\/leila-slimani-presente-me-llevare-el-fuego-une-approche-culturellement-sensible\/#primaryimage"},"image":{"@id":"https:\/\/monmaghreb.com\/index.php\/2026\/05\/01\/leila-slimani-presente-me-llevare-el-fuego-une-approche-culturellement-sensible\/#primaryimage"},"thumbnailUrl":"https:\/\/monmaghreb.com\/wp-content\/uploads\/2026\/05\/featured-7.jpg","datePublished":"2026-05-01T11:04:30+00:00","dateModified":"2026-05-01T11:04:33+00:00","description":"D\u00e9couvrez l'approche culturellement sensible de Leila Slimani dans son nouveau roman autobiographique. Explore les pr\u00e9jug\u00e9s et st\u00e9r\u00e9otypes des immigrantes maghr","breadcrumb":{"@id":"https:\/\/monmaghreb.com\/index.php\/2026\/05\/01\/leila-slimani-presente-me-llevare-el-fuego-une-approche-culturellement-sensible\/#breadcrumb"},"inLanguage":"en-US","potentialAction":[{"@type":"ReadAction","target":["https:\/\/monmaghreb.com\/index.php\/2026\/05\/01\/leila-slimani-presente-me-llevare-el-fuego-une-approche-culturellement-sensible\/"]}]},{"@type":"ImageObject","inLanguage":"en-US","@id":"https:\/\/monmaghreb.com\/index.php\/2026\/05\/01\/leila-slimani-presente-me-llevare-el-fuego-une-approche-culturellement-sensible\/#primaryimage","url":"https:\/\/monmaghreb.com\/wp-content\/uploads\/2026\/05\/featured-7.jpg","contentUrl":"https:\/\/monmaghreb.com\/wp-content\/uploads\/2026\/05\/featured-7.jpg","width":1880,"height":1253,"caption":"Leila Slimani pr\u00e9sentant son nouveau roman Me llevar\u00e9 el fuego"},{"@type":"BreadcrumbList","@id":"https:\/\/monmaghreb.com\/index.php\/2026\/05\/01\/leila-slimani-presente-me-llevare-el-fuego-une-approche-culturellement-sensible\/#breadcrumb","itemListElement":[{"@type":"ListItem","position":1,"name":"Home","item":"http:\/\/monmaghreb.com\/"},{"@type":"ListItem","position":2,"name":"Leila Slimani pr\u00e9sente \u00ab Me llevar\u00e9 el fuego \u00bb : une approche culturellement sensible"}]},{"@type":"WebSite","@id":"http:\/\/monmaghreb.com\/#website","url":"http:\/\/monmaghreb.com\/","name":"Mon Maghreb","description":"MonMaghreb United","publisher":{"@id":"http:\/\/monmaghreb.com\/#organization"},"alternateName":"Le Monde du Maghreb et au del\u00e0","potentialAction":[{"@type":"SearchAction","target":{"@type":"EntryPoint","urlTemplate":"http:\/\/monmaghreb.com\/?s={search_term_string}"},"query-input":{"@type":"PropertyValueSpecification","valueRequired":true,"valueName":"search_term_string"}}],"inLanguage":"en-US"},{"@type":"Organization","@id":"http:\/\/monmaghreb.com\/#organization","name":"Mon Maghreb","url":"http:\/\/monmaghreb.com\/","logo":{"@type":"ImageObject","inLanguage":"en-US","@id":"http:\/\/monmaghreb.com\/#\/schema\/logo\/image\/","url":"https:\/\/monmaghreb.com\/wp-content\/uploads\/2025\/12\/Mon_Maghreb_Logo.jpg","contentUrl":"https:\/\/monmaghreb.com\/wp-content\/uploads\/2025\/12\/Mon_Maghreb_Logo.jpg","width":814,"height":374,"caption":"Mon Maghreb"},"image":{"@id":"http:\/\/monmaghreb.com\/#\/schema\/logo\/image\/"}},{"@type":"Person","@id":"http:\/\/monmaghreb.com\/#\/schema\/person\/c469a89dc8c6b8987dcb438b1200d054","name":"LaMagh","image":{"@type":"ImageObject","inLanguage":"en-US","@id":"https:\/\/secure.gravatar.com\/avatar\/399d8144bd55fba55e056779aca52fe528bac7911f6449e54d81173d6dfd7f0a?s=96&d=mm&r=g","url":"https:\/\/secure.gravatar.com\/avatar\/399d8144bd55fba55e056779aca52fe528bac7911f6449e54d81173d6dfd7f0a?s=96&d=mm&r=g","contentUrl":"https:\/\/secure.gravatar.com\/avatar\/399d8144bd55fba55e056779aca52fe528bac7911f6449e54d81173d6dfd7f0a?s=96&d=mm&r=g","caption":"LaMagh"},"sameAs":["https:\/\/monmaghreb.com","https:\/\/www.facebook.com\/monmaghrebcom","https:\/\/x.com\/MMaghreb50977"],"url":"https:\/\/monmaghreb.com\/index.php\/author\/lamagh\/"}]}},"_links":{"self":[{"href":"https:\/\/monmaghreb.com\/index.php\/wp-json\/wp\/v2\/posts\/3729","targetHints":{"allow":["GET"]}}],"collection":[{"href":"https:\/\/monmaghreb.com\/index.php\/wp-json\/wp\/v2\/posts"}],"about":[{"href":"https:\/\/monmaghreb.com\/index.php\/wp-json\/wp\/v2\/types\/post"}],"author":[{"embeddable":true,"href":"https:\/\/monmaghreb.com\/index.php\/wp-json\/wp\/v2\/users\/1"}],"replies":[{"embeddable":true,"href":"https:\/\/monmaghreb.com\/index.php\/wp-json\/wp\/v2\/comments?post=3729"}],"version-history":[{"count":1,"href":"https:\/\/monmaghreb.com\/index.php\/wp-json\/wp\/v2\/posts\/3729\/revisions"}],"predecessor-version":[{"id":3730,"href":"https:\/\/monmaghreb.com\/index.php\/wp-json\/wp\/v2\/posts\/3729\/revisions\/3730"}],"wp:featuredmedia":[{"embeddable":true,"href":"https:\/\/monmaghreb.com\/index.php\/wp-json\/wp\/v2\/media\/3728"}],"wp:attachment":[{"href":"https:\/\/monmaghreb.com\/index.php\/wp-json\/wp\/v2\/media?parent=3729"}],"wp:term":[{"taxonomy":"category","embeddable":true,"href":"https:\/\/monmaghreb.com\/index.php\/wp-json\/wp\/v2\/categories?post=3729"},{"taxonomy":"post_tag","embeddable":true,"href":"https:\/\/monmaghreb.com\/index.php\/wp-json\/wp\/v2\/tags?post=3729"}],"curies":[{"name":"wp","href":"https:\/\/api.w.org\/{rel}","templated":true}]}}