{"id":3747,"date":"2026-05-01T14:27:23","date_gmt":"2026-05-01T14:27:23","guid":{"rendered":"https:\/\/monmaghreb.com\/index.php\/2026\/05\/01\/les-vacanciers-francais-se-tournent-vers-le-maroc-pour-echapper-a-linflation-et-a-la-guerre\/"},"modified":"2026-05-01T14:27:27","modified_gmt":"2026-05-01T14:27:27","slug":"les-vacanciers-francais-se-tournent-vers-le-maroc-pour-echapper-a-linflation-et-a-la-guerre","status":"publish","type":"post","link":"https:\/\/monmaghreb.com\/index.php\/2026\/05\/01\/les-vacanciers-francais-se-tournent-vers-le-maroc-pour-echapper-a-linflation-et-a-la-guerre\/","title":{"rendered":"Les vacanciers fran\u00e7ais se tournent vers le Maroc pour \u00e9chapper \u00e0 l&#8217;inflation et \u00e0 la guerre"},"content":{"rendered":"<p><!DOCTYPE html><br \/>\n<html lang='fr'><br \/>\n<head><br \/>\n  <meta charset='UTF-8'><br \/>\n  <title>Les vacanciers fran\u00e7ais se tournent vers le Maroc pour \u00e9chapper \u00e0 l&#8217;inflation et \u00e0 la guerre<\/title><br \/>\n<\/head><br \/>\n<body><\/p>\n<h1>Les vacanciers fran\u00e7ais se tournent vers le Maroc pour \u00e9chapper \u00e0 l&#8217;inflation et \u00e0 la guerre<\/h1>\n<p>  <script type=\"application\/ld+json\">\n{\n  \"@context\": \"https:\/\/schema.org\/\",\n  \"@type\": \"Recipe\",\n  \"name\": \"Les vacanciers fran\u00e7ais se tournent vers le Maroc pour \u00e9chapper \u00e0 l'inflation et \u00e0 la guerre\",\n  \"description\": \"Le Maroc est devenue une destination populaire parmi les touristes fran\u00e7ais en raison d'un environnement \u00e9conomique favorable, de co\u00fbts relativement bas, de culture unique et de nombreuses activit\u00e9s.\",\n  \"prepTime\": \"PT30M\",\n  \"cookTime\": \"PT30M\",\n  \"totalTime\": \"PT30M\",\n  \"recipeYield\": \"4 servings\",\n  \"recipeIngredient\": [],\n  \"recipeInstructions\": [],\n  \"recipeCategory\": \"Main Course\",\n  \"recipeCuisine\": \"Marocaine\",\n  \"keywords\": [\n    \"vacances\",\n    \"Maroc\",\n    \"France\",\n    \"inflation\",\n    \"guerre\"\n  ],\n  \"datePublished\": \"2026-05-01\",\n  \"author\": {\n    \"@type\": \"Organization\",\n    \"name\": \"\"\n  }\n}\n<\/script><\/p>\n<p>L&#8217;inflation et les conflits arm\u00e9s en Europe ont cr\u00e9\u00e9 un environnement \u00e9conomique d\u00e9favorable, ce qui a pouss\u00e9 de nombreux Fran\u00e7ais \u00e0 chercher des destinations plus abordables pour leur vacance. Le Maroc, avec ses prix relativement bas et son climat doux, s&#8217;est av\u00e9r\u00e9 \u00eatre une destination populaire parmi les touristes fran\u00e7ais. Selon des \u00e9tudes r\u00e9centes, le nombre d&#8217;arriv\u00e9es de Fran\u00e7ais au Maroc a augment\u00e9 de 15% en 2022 par rapport \u00e0 l&#8217;ann\u00e9e pr\u00e9c\u00e9dente.<\/p>\n<h2>Les co\u00fbts d&#8217;une vacance au Maroc sont moins \u00e9lev\u00e9s<\/h2>\n<p>Le taux de change favorable et les prix plus abordables des biens et services ont encourag\u00e9 de nombreux Fran\u00e7ais \u00e0 choisir le Maroc comme destination pour leurs vacances. Pour prendre un exemple, un repas pour deux dans un restaurant traditionnel peut co\u00fbter autour de 20\u20ac contre environ 50\u20ac en France. De plus, les h\u00f4tels et les r\u00e9sidences sont g\u00e9n\u00e9ralement moins chers au Maroc que dans d&#8217;autres destinations populaires.<\/p>\n<p>Cela signifie que les vacanciers fran\u00e7ais peuvent profiter d&#8217;une vacance plus longue ou se permettre des activit\u00e9s suppl\u00e9mentaires, comme des excursions ou des spectacles. De nombreux Fran\u00e7ais ont \u00e9galement d\u00e9couvert que le Maroc propose de nombreuses offres sp\u00e9ciales et promotions pour les touristes, ce qui leur permet de r\u00e9duire leurs d\u00e9penses encore plus.<\/p>\n<h2>Le Maroc offre une culture unique<\/h2>\n<p>La culture marocaine est riche et vari\u00e9e, avec des influences arabes, berb\u00e8res et andalouses. Les vacanciers fran\u00e7ais peuvent visiter des villes historiques comme F\u00e8s ou Marrakech, o\u00f9 ils pourront admirer les palais, les mosqu\u00e9es et les souks. Ils peuvent \u00e9galement d\u00e9couvrir la cuisine traditionnelle marocaine, compos\u00e9e de d\u00e9licieux plats tels que le tagine et le couscous.<\/p>\n<p>Les touristes peuvent \u00e9galement visiter les jardins botaniques de Marrakech, qui sont consid\u00e9r\u00e9s comme l&#8217;un des plus beaux du monde. Ou bien, ils peuvent se promener dans les m\u00e9dinas (anciennes villes) de F\u00e8s et de Marrakech, o\u00f9 ils pourront d\u00e9couvrir des artisans et des commer\u00e7ants locaux.<\/p>\n<h2>Le Maroc offre de nombreuses activit\u00e9s<\/h2>\n<p>Les vacanciers peuvent profiter d&#8217;une grande vari\u00e9t\u00e9 d&#8217;activit\u00e9s au Maroc, allant du ski dans les Atlas jusqu&#8217;\u00e0 la plage \u00e0 Essaouira. Ils peuvent \u00e9galement se promener dans les jardins et les parcs marocains, comme le Jardin Majorelle \u00e0 Marrakech.<\/p>\n<p>Les amateurs de sports peuvent \u00e9galement appr\u00e9cier la pratique du surf, du paddle ou du kayak sur les plages du Maroc. Ou bien, ils peuvent se livrer \u00e0 des excursions en montagne, pour d\u00e9couvrir les paysages naturels spectaculaires du pays.<\/p>\n<h2>Les vacanciers fran\u00e7ais trouvent le Maroc accueillant<\/h2>\n<p>Les Fran\u00e7ais ont trouv\u00e9 que les Marocains sont tr\u00e8s accueillants et qu&#8217;ils se sentent \u00e0 leur aise lors de leurs vacances au pays. Le climat doux permet \u00e9galement aux Fran\u00e7ais d&#8217;enjoyer leurs vacances tout au long de l&#8217;ann\u00e9e.<\/p>\n<p>Les touristes fran\u00e7ais ont \u00e9galement \u00e9t\u00e9 impressionn\u00e9s par la hospitalit\u00e9 marocaine, qui les a fait se sentir comme \u00e0 la maison. Les Marocains sont connus pour leur amour de la culture et leur passion pour le <a href=\"https:\/\/monmaghreb.com\/index.php\/2026\/04\/26\/kerosene-la-suppression-des-vols-royal-air-maroc-et-les-inquietudes-pour-le-tourisme-marocain\/\" title=\"K\u00e9ros\u00e8ne : la suppression des vols Royal Air Maroc et les inqui\u00e9tudes pour le tourisme marocain\">tourisme<\/a>, ce qui rend leur pays un lieu id\u00e9al pour les vacanciers.<\/p>\n<h2>Les Fran\u00e7ais sont invit\u00e9s de faire venir les Marocains en France<\/h2>\n<p>Le Maroc est un pays qui offre une vari\u00e9t\u00e9 d&#8217;exp\u00e9riences et des prix abordables. Les vacanciers fran\u00e7ais se tournent vers le pays pour \u00e9chapper \u00e0 l&#8217;inflation et aux conflits arm\u00e9s en Europe. Les Fran\u00e7ais sont invit\u00e9s de faire venir les Marocains en France pour leur permettre \u00e9galement de d\u00e9couvrir la beaut\u00e9 de leur pays.<\/p>\n<p>En effet, le Maroc propose de nombreuses attractions touristiques, comme la cath\u00e9drale de Notre-Dame-de-Paris ou les ch\u00e2teaux de la Loire. Les Marocains appr\u00e9cieraient sans doute de d\u00e9couvrir ces lieux historiques et culturels en France.<\/p>\n<p>De plus, le Maroc est un pays qui offre une grande vari\u00e9t\u00e9 de traditions et de cultures, ce qui rendrait les touristes marocains fascin\u00e9s par la diversit\u00e9 de la France. Les deux pays ont en effet beaucoup \u00e0 partager entre eux.<\/p>\n<div style=\"background:#f8f9fa;border-left:4px solid #0066cc;border-radius:6px;padding:20px 24px;margin:32px 0;\">\n<p style=\"font-size:13px;color:#888;text-transform:uppercase;letter-spacing:0.8px;margin:0 0 6px 0;\">Vous pourriez aussi aimer<\/p>\n<h3 style=\"font-size:18px;margin:0 0 14px 0;color:#222;\">Articles similaires<\/h3>\n<ul style=\"margin:0;padding-left:20px;list-style:disc;\">\n<li style=\"margin-bottom:10px;\"><a href=\"https:\/\/monmaghreb.com\/index.php\/2026\/04\/26\/kerosene-la-suppression-des-vols-royal-air-maroc-et-les-inquietudes-pour-le-tourisme-marocain\/\" style=\"color:#0066cc;text-decoration:none;font-weight:500;\" title=\"K\u00e9ros\u00e8ne : la suppression des vols Royal Air Maroc et les inqui\u00e9tudes pour le tourisme marocain\">K\u00e9ros\u00e8ne : la suppression des vols Royal Air Maroc et les inqui\u00e9tudes pour le tourisme marocain<\/a><\/li>\n<li style=\"margin-bottom:10px;\"><a href=\"https:\/\/monmaghreb.com\/index.php\/2026\/04\/29\/le-tourisme-marocain-en-2025-un-nouvel-eclat-grace-a-laccroissement-des-importations-de-gaz-naturel\/\" style=\"color:#0066cc;text-decoration:none;font-weight:500;\" title=\"Le tourisme marocain en 2025 : un nouvel \u00e9clat gr\u00e2ce \u00e0 l&#8217;accroissement des importations de gaz naturel\">Le tourisme marocain en 2025 : un nouvel \u00e9clat gr\u00e2ce \u00e0 l&#8217;accroissement des importations de gaz naturel<\/a><\/li>\n<li style=\"margin-bottom:10px;\"><a href=\"https:\/\/monmaghreb.com\/index.php\/2026\/05\/01\/voyage-en-algerie-experiences-de-touristes-francais-et-conseils-pratiques\/\" style=\"color:#0066cc;text-decoration:none;font-weight:500;\" title=\"Voyage en Alg\u00e9rie : exp\u00e9riences de touristes fran\u00e7ais et conseils pratiques\">Voyage en Alg\u00e9rie : exp\u00e9riences de touristes fran\u00e7ais et conseils pratiques<\/a><\/li>\n<li style=\"margin-bottom:10px;\"><a href=\"https:\/\/monmaghreb.com\/index.php\/2026\/04\/29\/thalassotherapie-tunisienne-un-voyage-vers-la-sante-et-le-bien-etre\/\" style=\"color:#0066cc;text-decoration:none;font-weight:500;\" title=\"Thalassoth\u00e9rapie tunisienne : un voyage vers la sant\u00e9 et le bien-\u00eatre\">Thalassoth\u00e9rapie tunisienne : un voyage vers la sant\u00e9 et le bien-\u00eatre<\/a><\/li>\n<li style=\"margin-bottom:10px;\"><a href=\"https:\/\/monmaghreb.com\/index.php\/2026\/04\/27\/la-boutique-dartisanat-marocain-de-cherbourg-en-cotentin-une-porte-ouverte-vers-le-maghreb\/\" style=\"color:#0066cc;text-decoration:none;font-weight:500;\" title=\"La boutique d&#8217;artisanat marocain de Cherbourg-en-Cotentin : une porte ouverte vers le Maghreb\">La boutique d&#8217;artisanat marocain de Cherbourg-en-Cotentin : une porte ouverte vers le Maghreb<\/a><\/li>\n<\/ul>\n<\/div>\n<p><\/body><br \/>\n<\/html><\/p>\n","protected":false},"excerpt":{"rendered":"<p>\u00c9chappez \u00e0 l&#8217;inflation europ\u00e9enne en d\u00e9couvrant le Maroc : un d\u00e9paysement agr\u00e9able et abordable.<\/p>\n","protected":false},"author":1,"featured_media":3746,"comment_status":"closed","ping_status":"open","sticky":false,"template":"","format":"standard","meta":{"_yoast_wpseo_focuskw":"vacances maroc","_yoast_wpseo_title":"Les vacanciers fran\u00e7ais se tournent vers le Maroc pour \u00e9chap","_yoast_wpseo_metadesc":"\u00c9chappez \u00e0 l'inflation europ\u00e9enne en d\u00e9couvrant le Maroc : un d\u00e9paysement agr\u00e9able et abordable.","_yoast_wpseo_canonical":"","_yoast_wpseo_opengraph-title":"Les vacanciers fran\u00e7ais se tournent vers le Maroc pour \u00e9chapper \u00e0 l'inflation et \u00e0 la guerre","_yoast_wpseo_opengraph-description":"\u00c9chappez \u00e0 l'inflation europ\u00e9enne en d\u00e9couvrant le Maroc : un d\u00e9paysement agr\u00e9able et abordable.","_yoast_wpseo_opengraph-image":"","tdm_status":"","tdm_grid_status":"","footnotes":""},"categories":[874],"tags":[2537,2536,783,2535,2274],"class_list":["post-3747","post","type-post","status-publish","format-standard","has-post-thumbnail","hentry","category-recettes-economiques","tag-guide-vacances","tag-inflation-europe","tag-tourisme-marocain","tag-vacances-budget","tag-voyage-marocain"],"yoast_head":"<!-- This site is optimized with the Yoast SEO plugin v27.5 - https:\/\/yoast.com\/product\/yoast-seo-wordpress\/ -->\n<title>Les vacanciers fran\u00e7ais se tournent vers le Maroc pour \u00e9chap<\/title>\n<meta name=\"description\" content=\"\u00c9chappez \u00e0 l&#039;inflation europ\u00e9enne en d\u00e9couvrant le Maroc : un d\u00e9paysement agr\u00e9able et abordable.\" \/>\n<meta name=\"robots\" content=\"index, follow, max-snippet:-1, max-image-preview:large, max-video-preview:-1\" \/>\n<link rel=\"canonical\" href=\"https:\/\/monmaghreb.com\/index.php\/2026\/05\/01\/les-vacanciers-francais-se-tournent-vers-le-maroc-pour-echapper-a-linflation-et-a-la-guerre\/\" \/>\n<meta property=\"og:locale\" content=\"en_US\" \/>\n<meta property=\"og:type\" content=\"article\" \/>\n<meta property=\"og:title\" content=\"Les vacanciers fran\u00e7ais se tournent vers le Maroc pour \u00e9chapper \u00e0 l&#039;inflation et \u00e0 la guerre\" \/>\n<meta property=\"og:description\" content=\"\u00c9chappez \u00e0 l&#039;inflation europ\u00e9enne en d\u00e9couvrant le Maroc : un d\u00e9paysement agr\u00e9able et abordable.\" \/>\n<meta property=\"og:url\" content=\"https:\/\/monmaghreb.com\/index.php\/2026\/05\/01\/les-vacanciers-francais-se-tournent-vers-le-maroc-pour-echapper-a-linflation-et-a-la-guerre\/\" \/>\n<meta property=\"og:site_name\" content=\"Mon Maghreb\" \/>\n<meta property=\"article:author\" content=\"https:\/\/www.facebook.com\/monmaghrebcom\" \/>\n<meta property=\"article:published_time\" content=\"2026-05-01T14:27:23+00:00\" \/>\n<meta property=\"article:modified_time\" content=\"2026-05-01T14:27:27+00:00\" \/>\n<meta property=\"og:image\" content=\"https:\/\/monmaghreb.com\/wp-content\/uploads\/2026\/05\/featured-13.jpg\" \/>\n\t<meta property=\"og:image:width\" content=\"1880\" \/>\n\t<meta property=\"og:image:height\" content=\"1253\" \/>\n\t<meta property=\"og:image:type\" content=\"image\/jpeg\" \/>\n<meta name=\"author\" content=\"LaMagh\" \/>\n<meta name=\"twitter:card\" content=\"summary_large_image\" \/>\n<meta name=\"twitter:creator\" content=\"@MMaghreb50977\" \/>\n<meta name=\"twitter:label1\" content=\"Written by\" \/>\n\t<meta name=\"twitter:data1\" content=\"LaMagh\" \/>\n\t<meta name=\"twitter:label2\" content=\"Est. reading time\" \/>\n\t<meta name=\"twitter:data2\" content=\"4 minutes\" \/>\n<script type=\"application\/ld+json\" class=\"yoast-schema-graph\">{\"@context\":\"https:\\\/\\\/schema.org\",\"@graph\":[{\"@type\":\"Article\",\"@id\":\"https:\\\/\\\/monmaghreb.com\\\/index.php\\\/2026\\\/05\\\/01\\\/les-vacanciers-francais-se-tournent-vers-le-maroc-pour-echapper-a-linflation-et-a-la-guerre\\\/#article\",\"isPartOf\":{\"@id\":\"https:\\\/\\\/monmaghreb.com\\\/index.php\\\/2026\\\/05\\\/01\\\/les-vacanciers-francais-se-tournent-vers-le-maroc-pour-echapper-a-linflation-et-a-la-guerre\\\/\"},\"author\":{\"name\":\"LaMagh\",\"@id\":\"http:\\\/\\\/monmaghreb.com\\\/#\\\/schema\\\/person\\\/c469a89dc8c6b8987dcb438b1200d054\"},\"headline\":\"Les vacanciers fran\u00e7ais se tournent vers le Maroc pour \u00e9chapper \u00e0 l&#8217;inflation et \u00e0 la guerre\",\"datePublished\":\"2026-05-01T14:27:23+00:00\",\"dateModified\":\"2026-05-01T14:27:27+00:00\",\"mainEntityOfPage\":{\"@id\":\"https:\\\/\\\/monmaghreb.com\\\/index.php\\\/2026\\\/05\\\/01\\\/les-vacanciers-francais-se-tournent-vers-le-maroc-pour-echapper-a-linflation-et-a-la-guerre\\\/\"},\"wordCount\":824,\"publisher\":{\"@id\":\"http:\\\/\\\/monmaghreb.com\\\/#organization\"},\"image\":{\"@id\":\"https:\\\/\\\/monmaghreb.com\\\/index.php\\\/2026\\\/05\\\/01\\\/les-vacanciers-francais-se-tournent-vers-le-maroc-pour-echapper-a-linflation-et-a-la-guerre\\\/#primaryimage\"},\"thumbnailUrl\":\"https:\\\/\\\/monmaghreb.com\\\/wp-content\\\/uploads\\\/2026\\\/05\\\/featured-13.jpg\",\"keywords\":[\"guide vacances\",\"inflation europe\",\"tourisme marocain\",\"vacances budget\",\"voyage marocain\"],\"articleSection\":[\"Recettes \u00c9conomiques\"],\"inLanguage\":\"en-US\"},{\"@type\":\"WebPage\",\"@id\":\"https:\\\/\\\/monmaghreb.com\\\/index.php\\\/2026\\\/05\\\/01\\\/les-vacanciers-francais-se-tournent-vers-le-maroc-pour-echapper-a-linflation-et-a-la-guerre\\\/\",\"url\":\"https:\\\/\\\/monmaghreb.com\\\/index.php\\\/2026\\\/05\\\/01\\\/les-vacanciers-francais-se-tournent-vers-le-maroc-pour-echapper-a-linflation-et-a-la-guerre\\\/\",\"name\":\"Les vacanciers fran\u00e7ais se tournent vers le Maroc pour \u00e9chap\",\"isPartOf\":{\"@id\":\"http:\\\/\\\/monmaghreb.com\\\/#website\"},\"primaryImageOfPage\":{\"@id\":\"https:\\\/\\\/monmaghreb.com\\\/index.php\\\/2026\\\/05\\\/01\\\/les-vacanciers-francais-se-tournent-vers-le-maroc-pour-echapper-a-linflation-et-a-la-guerre\\\/#primaryimage\"},\"image\":{\"@id\":\"https:\\\/\\\/monmaghreb.com\\\/index.php\\\/2026\\\/05\\\/01\\\/les-vacanciers-francais-se-tournent-vers-le-maroc-pour-echapper-a-linflation-et-a-la-guerre\\\/#primaryimage\"},\"thumbnailUrl\":\"https:\\\/\\\/monmaghreb.com\\\/wp-content\\\/uploads\\\/2026\\\/05\\\/featured-13.jpg\",\"datePublished\":\"2026-05-01T14:27:23+00:00\",\"dateModified\":\"2026-05-01T14:27:27+00:00\",\"description\":\"\u00c9chappez \u00e0 l'inflation europ\u00e9enne en d\u00e9couvrant le Maroc : un d\u00e9paysement agr\u00e9able et abordable.\",\"breadcrumb\":{\"@id\":\"https:\\\/\\\/monmaghreb.com\\\/index.php\\\/2026\\\/05\\\/01\\\/les-vacanciers-francais-se-tournent-vers-le-maroc-pour-echapper-a-linflation-et-a-la-guerre\\\/#breadcrumb\"},\"inLanguage\":\"en-US\",\"potentialAction\":[{\"@type\":\"ReadAction\",\"target\":[\"https:\\\/\\\/monmaghreb.com\\\/index.php\\\/2026\\\/05\\\/01\\\/les-vacanciers-francais-se-tournent-vers-le-maroc-pour-echapper-a-linflation-et-a-la-guerre\\\/\"]}]},{\"@type\":\"ImageObject\",\"inLanguage\":\"en-US\",\"@id\":\"https:\\\/\\\/monmaghreb.com\\\/index.php\\\/2026\\\/05\\\/01\\\/les-vacanciers-francais-se-tournent-vers-le-maroc-pour-echapper-a-linflation-et-a-la-guerre\\\/#primaryimage\",\"url\":\"https:\\\/\\\/monmaghreb.com\\\/wp-content\\\/uploads\\\/2026\\\/05\\\/featured-13.jpg\",\"contentUrl\":\"https:\\\/\\\/monmaghreb.com\\\/wp-content\\\/uploads\\\/2026\\\/05\\\/featured-13.jpg\",\"width\":1880,\"height\":1253,\"caption\":\"Fran\u00e7ais en famille voyageant \u00e0 Marrakech pour leur vacance budget\"},{\"@type\":\"BreadcrumbList\",\"@id\":\"https:\\\/\\\/monmaghreb.com\\\/index.php\\\/2026\\\/05\\\/01\\\/les-vacanciers-francais-se-tournent-vers-le-maroc-pour-echapper-a-linflation-et-a-la-guerre\\\/#breadcrumb\",\"itemListElement\":[{\"@type\":\"ListItem\",\"position\":1,\"name\":\"Home\",\"item\":\"http:\\\/\\\/monmaghreb.com\\\/\"},{\"@type\":\"ListItem\",\"position\":2,\"name\":\"Les vacanciers fran\u00e7ais se tournent vers le Maroc pour \u00e9chapper \u00e0 l&#8217;inflation et \u00e0 la guerre\"}]},{\"@type\":\"WebSite\",\"@id\":\"http:\\\/\\\/monmaghreb.com\\\/#website\",\"url\":\"http:\\\/\\\/monmaghreb.com\\\/\",\"name\":\"Mon Maghreb\",\"description\":\"MonMaghreb United\",\"publisher\":{\"@id\":\"http:\\\/\\\/monmaghreb.com\\\/#organization\"},\"alternateName\":\"Le Monde du Maghreb et au del\u00e0\",\"potentialAction\":[{\"@type\":\"SearchAction\",\"target\":{\"@type\":\"EntryPoint\",\"urlTemplate\":\"http:\\\/\\\/monmaghreb.com\\\/?s={search_term_string}\"},\"query-input\":{\"@type\":\"PropertyValueSpecification\",\"valueRequired\":true,\"valueName\":\"search_term_string\"}}],\"inLanguage\":\"en-US\"},{\"@type\":\"Organization\",\"@id\":\"http:\\\/\\\/monmaghreb.com\\\/#organization\",\"name\":\"Mon Maghreb\",\"url\":\"http:\\\/\\\/monmaghreb.com\\\/\",\"logo\":{\"@type\":\"ImageObject\",\"inLanguage\":\"en-US\",\"@id\":\"http:\\\/\\\/monmaghreb.com\\\/#\\\/schema\\\/logo\\\/image\\\/\",\"url\":\"https:\\\/\\\/monmaghreb.com\\\/wp-content\\\/uploads\\\/2025\\\/12\\\/Mon_Maghreb_Logo.jpg\",\"contentUrl\":\"https:\\\/\\\/monmaghreb.com\\\/wp-content\\\/uploads\\\/2025\\\/12\\\/Mon_Maghreb_Logo.jpg\",\"width\":814,\"height\":374,\"caption\":\"Mon Maghreb\"},\"image\":{\"@id\":\"http:\\\/\\\/monmaghreb.com\\\/#\\\/schema\\\/logo\\\/image\\\/\"}},{\"@type\":\"Person\",\"@id\":\"http:\\\/\\\/monmaghreb.com\\\/#\\\/schema\\\/person\\\/c469a89dc8c6b8987dcb438b1200d054\",\"name\":\"LaMagh\",\"image\":{\"@type\":\"ImageObject\",\"inLanguage\":\"en-US\",\"@id\":\"https:\\\/\\\/secure.gravatar.com\\\/avatar\\\/399d8144bd55fba55e056779aca52fe528bac7911f6449e54d81173d6dfd7f0a?s=96&d=mm&r=g\",\"url\":\"https:\\\/\\\/secure.gravatar.com\\\/avatar\\\/399d8144bd55fba55e056779aca52fe528bac7911f6449e54d81173d6dfd7f0a?s=96&d=mm&r=g\",\"contentUrl\":\"https:\\\/\\\/secure.gravatar.com\\\/avatar\\\/399d8144bd55fba55e056779aca52fe528bac7911f6449e54d81173d6dfd7f0a?s=96&d=mm&r=g\",\"caption\":\"LaMagh\"},\"sameAs\":[\"https:\\\/\\\/monmaghreb.com\",\"https:\\\/\\\/www.facebook.com\\\/monmaghrebcom\",\"https:\\\/\\\/x.com\\\/MMaghreb50977\"],\"url\":\"https:\\\/\\\/monmaghreb.com\\\/index.php\\\/author\\\/lamagh\\\/\"}]}<\/script>\n<!-- \/ Yoast SEO plugin. -->","yoast_head_json":{"title":"Les vacanciers fran\u00e7ais se tournent vers le Maroc pour \u00e9chap","description":"\u00c9chappez \u00e0 l'inflation europ\u00e9enne en d\u00e9couvrant le Maroc : un d\u00e9paysement agr\u00e9able et abordable.","robots":{"index":"index","follow":"follow","max-snippet":"max-snippet:-1","max-image-preview":"max-image-preview:large","max-video-preview":"max-video-preview:-1"},"canonical":"https:\/\/monmaghreb.com\/index.php\/2026\/05\/01\/les-vacanciers-francais-se-tournent-vers-le-maroc-pour-echapper-a-linflation-et-a-la-guerre\/","og_locale":"en_US","og_type":"article","og_title":"Les vacanciers fran\u00e7ais se tournent vers le Maroc pour \u00e9chapper \u00e0 l'inflation et \u00e0 la guerre","og_description":"\u00c9chappez \u00e0 l'inflation europ\u00e9enne en d\u00e9couvrant le Maroc : un d\u00e9paysement agr\u00e9able et abordable.","og_url":"https:\/\/monmaghreb.com\/index.php\/2026\/05\/01\/les-vacanciers-francais-se-tournent-vers-le-maroc-pour-echapper-a-linflation-et-a-la-guerre\/","og_site_name":"Mon Maghreb","article_author":"https:\/\/www.facebook.com\/monmaghrebcom","article_published_time":"2026-05-01T14:27:23+00:00","article_modified_time":"2026-05-01T14:27:27+00:00","og_image":[{"width":1880,"height":1253,"url":"https:\/\/monmaghreb.com\/wp-content\/uploads\/2026\/05\/featured-13.jpg","type":"image\/jpeg"}],"author":"LaMagh","twitter_card":"summary_large_image","twitter_creator":"@MMaghreb50977","twitter_misc":{"Written by":"LaMagh","Est. reading time":"4 minutes"},"schema":{"@context":"https:\/\/schema.org","@graph":[{"@type":"Article","@id":"https:\/\/monmaghreb.com\/index.php\/2026\/05\/01\/les-vacanciers-francais-se-tournent-vers-le-maroc-pour-echapper-a-linflation-et-a-la-guerre\/#article","isPartOf":{"@id":"https:\/\/monmaghreb.com\/index.php\/2026\/05\/01\/les-vacanciers-francais-se-tournent-vers-le-maroc-pour-echapper-a-linflation-et-a-la-guerre\/"},"author":{"name":"LaMagh","@id":"http:\/\/monmaghreb.com\/#\/schema\/person\/c469a89dc8c6b8987dcb438b1200d054"},"headline":"Les vacanciers fran\u00e7ais se tournent vers le Maroc pour \u00e9chapper \u00e0 l&#8217;inflation et \u00e0 la guerre","datePublished":"2026-05-01T14:27:23+00:00","dateModified":"2026-05-01T14:27:27+00:00","mainEntityOfPage":{"@id":"https:\/\/monmaghreb.com\/index.php\/2026\/05\/01\/les-vacanciers-francais-se-tournent-vers-le-maroc-pour-echapper-a-linflation-et-a-la-guerre\/"},"wordCount":824,"publisher":{"@id":"http:\/\/monmaghreb.com\/#organization"},"image":{"@id":"https:\/\/monmaghreb.com\/index.php\/2026\/05\/01\/les-vacanciers-francais-se-tournent-vers-le-maroc-pour-echapper-a-linflation-et-a-la-guerre\/#primaryimage"},"thumbnailUrl":"https:\/\/monmaghreb.com\/wp-content\/uploads\/2026\/05\/featured-13.jpg","keywords":["guide vacances","inflation europe","tourisme marocain","vacances budget","voyage marocain"],"articleSection":["Recettes \u00c9conomiques"],"inLanguage":"en-US"},{"@type":"WebPage","@id":"https:\/\/monmaghreb.com\/index.php\/2026\/05\/01\/les-vacanciers-francais-se-tournent-vers-le-maroc-pour-echapper-a-linflation-et-a-la-guerre\/","url":"https:\/\/monmaghreb.com\/index.php\/2026\/05\/01\/les-vacanciers-francais-se-tournent-vers-le-maroc-pour-echapper-a-linflation-et-a-la-guerre\/","name":"Les vacanciers fran\u00e7ais se tournent vers le Maroc pour \u00e9chap","isPartOf":{"@id":"http:\/\/monmaghreb.com\/#website"},"primaryImageOfPage":{"@id":"https:\/\/monmaghreb.com\/index.php\/2026\/05\/01\/les-vacanciers-francais-se-tournent-vers-le-maroc-pour-echapper-a-linflation-et-a-la-guerre\/#primaryimage"},"image":{"@id":"https:\/\/monmaghreb.com\/index.php\/2026\/05\/01\/les-vacanciers-francais-se-tournent-vers-le-maroc-pour-echapper-a-linflation-et-a-la-guerre\/#primaryimage"},"thumbnailUrl":"https:\/\/monmaghreb.com\/wp-content\/uploads\/2026\/05\/featured-13.jpg","datePublished":"2026-05-01T14:27:23+00:00","dateModified":"2026-05-01T14:27:27+00:00","description":"\u00c9chappez \u00e0 l'inflation europ\u00e9enne en d\u00e9couvrant le Maroc : un d\u00e9paysement agr\u00e9able et abordable.","breadcrumb":{"@id":"https:\/\/monmaghreb.com\/index.php\/2026\/05\/01\/les-vacanciers-francais-se-tournent-vers-le-maroc-pour-echapper-a-linflation-et-a-la-guerre\/#breadcrumb"},"inLanguage":"en-US","potentialAction":[{"@type":"ReadAction","target":["https:\/\/monmaghreb.com\/index.php\/2026\/05\/01\/les-vacanciers-francais-se-tournent-vers-le-maroc-pour-echapper-a-linflation-et-a-la-guerre\/"]}]},{"@type":"ImageObject","inLanguage":"en-US","@id":"https:\/\/monmaghreb.com\/index.php\/2026\/05\/01\/les-vacanciers-francais-se-tournent-vers-le-maroc-pour-echapper-a-linflation-et-a-la-guerre\/#primaryimage","url":"https:\/\/monmaghreb.com\/wp-content\/uploads\/2026\/05\/featured-13.jpg","contentUrl":"https:\/\/monmaghreb.com\/wp-content\/uploads\/2026\/05\/featured-13.jpg","width":1880,"height":1253,"caption":"Fran\u00e7ais en famille voyageant \u00e0 Marrakech pour leur vacance budget"},{"@type":"BreadcrumbList","@id":"https:\/\/monmaghreb.com\/index.php\/2026\/05\/01\/les-vacanciers-francais-se-tournent-vers-le-maroc-pour-echapper-a-linflation-et-a-la-guerre\/#breadcrumb","itemListElement":[{"@type":"ListItem","position":1,"name":"Home","item":"http:\/\/monmaghreb.com\/"},{"@type":"ListItem","position":2,"name":"Les vacanciers fran\u00e7ais se tournent vers le Maroc pour \u00e9chapper \u00e0 l&#8217;inflation et \u00e0 la guerre"}]},{"@type":"WebSite","@id":"http:\/\/monmaghreb.com\/#website","url":"http:\/\/monmaghreb.com\/","name":"Mon Maghreb","description":"MonMaghreb United","publisher":{"@id":"http:\/\/monmaghreb.com\/#organization"},"alternateName":"Le Monde du Maghreb et au del\u00e0","potentialAction":[{"@type":"SearchAction","target":{"@type":"EntryPoint","urlTemplate":"http:\/\/monmaghreb.com\/?s={search_term_string}"},"query-input":{"@type":"PropertyValueSpecification","valueRequired":true,"valueName":"search_term_string"}}],"inLanguage":"en-US"},{"@type":"Organization","@id":"http:\/\/monmaghreb.com\/#organization","name":"Mon Maghreb","url":"http:\/\/monmaghreb.com\/","logo":{"@type":"ImageObject","inLanguage":"en-US","@id":"http:\/\/monmaghreb.com\/#\/schema\/logo\/image\/","url":"https:\/\/monmaghreb.com\/wp-content\/uploads\/2025\/12\/Mon_Maghreb_Logo.jpg","contentUrl":"https:\/\/monmaghreb.com\/wp-content\/uploads\/2025\/12\/Mon_Maghreb_Logo.jpg","width":814,"height":374,"caption":"Mon Maghreb"},"image":{"@id":"http:\/\/monmaghreb.com\/#\/schema\/logo\/image\/"}},{"@type":"Person","@id":"http:\/\/monmaghreb.com\/#\/schema\/person\/c469a89dc8c6b8987dcb438b1200d054","name":"LaMagh","image":{"@type":"ImageObject","inLanguage":"en-US","@id":"https:\/\/secure.gravatar.com\/avatar\/399d8144bd55fba55e056779aca52fe528bac7911f6449e54d81173d6dfd7f0a?s=96&d=mm&r=g","url":"https:\/\/secure.gravatar.com\/avatar\/399d8144bd55fba55e056779aca52fe528bac7911f6449e54d81173d6dfd7f0a?s=96&d=mm&r=g","contentUrl":"https:\/\/secure.gravatar.com\/avatar\/399d8144bd55fba55e056779aca52fe528bac7911f6449e54d81173d6dfd7f0a?s=96&d=mm&r=g","caption":"LaMagh"},"sameAs":["https:\/\/monmaghreb.com","https:\/\/www.facebook.com\/monmaghrebcom","https:\/\/x.com\/MMaghreb50977"],"url":"https:\/\/monmaghreb.com\/index.php\/author\/lamagh\/"}]}},"_links":{"self":[{"href":"https:\/\/monmaghreb.com\/index.php\/wp-json\/wp\/v2\/posts\/3747","targetHints":{"allow":["GET"]}}],"collection":[{"href":"https:\/\/monmaghreb.com\/index.php\/wp-json\/wp\/v2\/posts"}],"about":[{"href":"https:\/\/monmaghreb.com\/index.php\/wp-json\/wp\/v2\/types\/post"}],"author":[{"embeddable":true,"href":"https:\/\/monmaghreb.com\/index.php\/wp-json\/wp\/v2\/users\/1"}],"replies":[{"embeddable":true,"href":"https:\/\/monmaghreb.com\/index.php\/wp-json\/wp\/v2\/comments?post=3747"}],"version-history":[{"count":1,"href":"https:\/\/monmaghreb.com\/index.php\/wp-json\/wp\/v2\/posts\/3747\/revisions"}],"predecessor-version":[{"id":3748,"href":"https:\/\/monmaghreb.com\/index.php\/wp-json\/wp\/v2\/posts\/3747\/revisions\/3748"}],"wp:featuredmedia":[{"embeddable":true,"href":"https:\/\/monmaghreb.com\/index.php\/wp-json\/wp\/v2\/media\/3746"}],"wp:attachment":[{"href":"https:\/\/monmaghreb.com\/index.php\/wp-json\/wp\/v2\/media?parent=3747"}],"wp:term":[{"taxonomy":"category","embeddable":true,"href":"https:\/\/monmaghreb.com\/index.php\/wp-json\/wp\/v2\/categories?post=3747"},{"taxonomy":"post_tag","embeddable":true,"href":"https:\/\/monmaghreb.com\/index.php\/wp-json\/wp\/v2\/tags?post=3747"}],"curies":[{"name":"wp","href":"https:\/\/api.w.org\/{rel}","templated":true}]}}