{"id":3753,"date":"2026-05-01T16:12:55","date_gmt":"2026-05-01T16:12:55","guid":{"rendered":"https:\/\/monmaghreb.com\/index.php\/2026\/05\/01\/lart-de-vivre-amazigh-lexposition-de-zahira-tigtate-au-centre-culturel-cbf-de-drancy-met-en-lumiere-la-culture-berbere\/"},"modified":"2026-05-01T16:12:59","modified_gmt":"2026-05-01T16:12:59","slug":"lart-de-vivre-amazigh-lexposition-de-zahira-tigtate-au-centre-culturel-cbf-de-drancy-met-en-lumiere-la-culture-berbere","status":"publish","type":"post","link":"https:\/\/monmaghreb.com\/index.php\/2026\/05\/01\/lart-de-vivre-amazigh-lexposition-de-zahira-tigtate-au-centre-culturel-cbf-de-drancy-met-en-lumiere-la-culture-berbere\/","title":{"rendered":"L&#8217;Art de Vivre Amazigh : L&#8217;Exposition de Zahira Tigtate au Centre Culturel CBF de Drancy met en lumi\u00e8re la culture Berb\u00e8re"},"content":{"rendered":"<p><!DOCTYPE html><br \/>\n<html lang='fr'><br \/>\n<head><br \/>\n  <meta charset='UTF-8'><br \/>\n  <title>L&#8217;Art de Vivre Amazigh : L&#8217;<a href=\"https:\/\/monmaghreb.com\/index.php\/2026\/04\/26\/exposition-zahira-tigtate-une-fete-de-la-culture-berbere-a-drancy\/\" title=\"Exposition Zahira Tigtate : une f\u00eate de la culture berb\u00e8re \u00e0 Drancy\">Exposition<\/a> de Zahira Tigtate au Centre Culturel CBF de Drancy met en lumi\u00e8re la culture Berb\u00e8re<\/title><br \/>\n<\/head><br \/>\n<body><\/p>\n<h1>L&#8217;Art de Vivre Amazigh : L&#8217;Exposition de Zahira Tigtate au Centre Culturel CBF de Drancy met en lumi\u00e8re la culture Berb\u00e8re<\/h1>\n<p>Depuis longtemps, la culture berb\u00e8re a besoin d&#8217;une exposition qui met en valeur l&#8217;h\u00e9ritage des Maghr\u00e9bins de la diaspora. Enfin, Zahira Tigtate nous offre cette opportunit\u00e9 exceptionnelle avec son exposition intitul\u00e9e &#8220;L&#8217;Art de Vivre Amazigh&#8221; au Centre Culturel CBF de Drancy. Cette exposition unique plonge les visiteurs dans le c\u0153ur de la culture berb\u00e8re et permet aux Maghr\u00e9bins de la diaspora de d\u00e9couvrir et de c\u00e9l\u00e9brer leur h\u00e9ritage.<\/p>\n<h2>1. Pr\u00e9sentation de Zahira Tigtate<\/h2>\n<p>Zahira Tigtate, une artiste visuelle berb\u00e8re n\u00e9e en Alg\u00e9rie mais vivant \u00e0 Paris, a toujours \u00e9t\u00e9 passionn\u00e9e par l&#8217;expression de sa culture d&#8217;origine. Ses \u0153uvres sont marqu\u00e9es par un style expressif qui refl\u00e8te son amour pour la langue et les traditions amazighes.<\/p>\n<p>Sa cr\u00e9ation utilise des mat\u00e9riaux traditionnels tels que le papier peint, les tissus et la c\u00e9ramique pour cr\u00e9er des images po\u00e9tiques qui refl\u00e8tent l&#8217;esprit berb\u00e8re. Son travail explore les th\u00e8mes culturels, sociaux et politiques dans la perspective de la diaspora berb\u00e8re.<\/p>\n<p>Sa vision de l&#8217;art comme un moyen d&#8217;exprimer son identit\u00e9 culturelle et de partager avec le monde sa culture amazighue est \u00e0 la fois inspirante et \u00e9mouvante. Son exposition \u00e0 Drancy est un appel \u00e0 la reconnaissance de la culture berb\u00e8re et une invitation \u00e0 nous tous de vivre l&#8217;Amazigh \u00e0 travers ses yeux.<\/p>\n<h2>2. L&#8217;importance de l&#8217;exposition pour la diaspora berb\u00e8re<\/h2>\n<p>L&#8217;exposition &#8220;L&#8217;Art de Vivre Amazigh&#8221; est importante pour la communaut\u00e9 de la diaspora berb\u00e8re en France, car elle offre une occasion unique de d\u00e9couvrir et de c\u00e9l\u00e9brer leur h\u00e9ritage culturel. Pour les Maghr\u00e9bins de la diaspora, il s&#8217;agit d&#8217;un espace o\u00f9 ils peuvent se sentir \u00e0 l&#8217;aise, o\u00f9 leurs traditions et leurs valeurs sont reconnues.<\/p>\n<p>Cette exposition permet \u00e9galement aux Maghr\u00e9bins de la diaspora de partager leur culture avec les Fran\u00e7ais, ce qui favorise le dialogue interculturel et la compr\u00e9hension mutuelle entre les communaut\u00e9s. Elle est un rappel que l&#8217;Amazigh est une culture vivante et dynamique.<\/p>\n<h2>3. Les th\u00e8mes abord\u00e9s dans l&#8217;exposition<\/h2>\n<p>L&#8217;exposition est divis\u00e9e en quatre sections th\u00e9matiques : &#8220;La berb\u00e9risante&#8221;, &#8220;L&#8217;esprit berb\u00e8re&#8221;, &#8220;Les femmes Amazigh&#8221; et &#8220;La terre des Amazighs&#8221;. Chaque section explique les th\u00e8mes abord\u00e9s et donne une vision d\u00e9taill\u00e9e de la culture berb\u00e8re.<\/p>\n<h2>4. &#8220;La berb\u00e9risante&#8221;<\/h2>\n<p>La premi\u00e8re section, &#8220;La berb\u00e9risante&#8221;, explore l&#8217;origine de la culture berb\u00e8re et sa signification. Elle aborde \u00e9galement les diff\u00e9rentes langues amazighues parl\u00e9es dans le Maghreb.<\/p>\n<h2>5. &#8220;L&#8217;esprit berb\u00e8re&#8221;<\/h2>\n<p>La deuxi\u00e8me section, &#8220;L&#8217;esprit berb\u00e8re&#8221;, explique la spiritualit\u00e9 et les croyances des Amazighs. Elle aborde \u00e9galement leur r\u00f4le dans la soci\u00e9t\u00e9 et leur importance historique.<\/p>\n<h2>6. &#8220;Les femmes Amazigh&#8221;<\/h2>\n<p>La troisi\u00e8me section, &#8220;Les femmes Amazigh&#8221;, explique le r\u00f4le des femmes dans la culture berb\u00e8re et leur place dans la soci\u00e9t\u00e9. Les femmes sont souvent oubli\u00e9es dans l&#8217;histoire de l&#8217;Amazigh, mais il est temps de les mettre au centre de notre r\u00e9flexion.<\/p>\n<h2>7. &#8220;La terre des Amazighs&#8221;<\/h2>\n<p>La quatri\u00e8me section, &#8220;La terre des Amazighs&#8221;, explique l&#8217;importance de la terre pour les Amazighs et leur relation avec elle. La terre est un \u00e9l\u00e9ment central dans la culture berb\u00e8re, o\u00f9 les Amazighs ont toujours \u00e9t\u00e9 en harmonie avec la nature.<\/p>\n<h2>8. Appel \u00e0 l&#8217;action<\/h2>\n<p>Nous invitons chacun de vous \u00e0 visiter cette exposition unique, qui offre une occasion rare de d\u00e9couvrir la culture berb\u00e8re et d&#8217;apprendre plus sur les Amazighs. Nous invitons \u00e9galement nos amis Maghr\u00e9bins de la diaspora \u00e0 partager leur h\u00e9ritage avec les Fran\u00e7ais pour favoriser le dialogue interculturel et la compr\u00e9hension mutuelle entre les communaut\u00e9s.<\/p>\n<p>Nous sommes convaincus que cette exposition fera prendre conscience aux gens de l&#8217;importance de la culture berb\u00e8re dans notre monde actuel. Elle est un rappel que l&#8217;h\u00e9ritage des Maghr\u00e9bins de la diaspora a valeur et m\u00e9rite d&#8217;\u00eatre partag\u00e9.<\/p>\n<p>Nous vous encourageons \u00e0 venir d\u00e9couvrir cette exposition exceptionnelle qui met en lumi\u00e8re la culture Berb\u00e8re. Nous sommes s\u00fbrs que vous serez touch\u00e9s par la beaut\u00e9 et l&#8217;importance de cette culture.<\/p>\n<div style=\"background:#f8f9fa;border-left:4px solid #0066cc;border-radius:6px;padding:20px 24px;margin:32px 0;\">\n<p style=\"font-size:13px;color:#888;text-transform:uppercase;letter-spacing:0.8px;margin:0 0 6px 0;\">Vous pourriez aussi aimer<\/p>\n<h3 style=\"font-size:18px;margin:0 0 14px 0;color:#222;\">Articles similaires<\/h3>\n<ul style=\"margin:0;padding-left:20px;list-style:disc;\">\n<li style=\"margin-bottom:10px;\"><a href=\"https:\/\/monmaghreb.com\/index.php\/2026\/04\/26\/exposition-zahira-tigtate-une-fete-de-la-culture-berbere-a-drancy\/\" style=\"color:#0066cc;text-decoration:none;font-weight:500;\" title=\"Exposition Zahira Tigtate : une f\u00eate de la culture berb\u00e8re \u00e0 Drancy\">Exposition Zahira Tigtate : une f\u00eate de la culture berb\u00e8re \u00e0 Drancy<\/a><\/li>\n<li style=\"margin-bottom:10px;\"><a href=\"https:\/\/monmaghreb.com\/index.php\/2026\/04\/26\/yennayer-la-fete-berbere-du-nouvel-an-une-celebration-culturelle-et-traditionnelle-amazigh\/\" style=\"color:#0066cc;text-decoration:none;font-weight:500;\" title=\"Yennayer, la f\u00eate berb\u00e8re du Nouvel An : une c\u00e9l\u00e9bration culturelle et traditionnelle Amazigh\">Yennayer, la f\u00eate berb\u00e8re du Nouvel An : une c\u00e9l\u00e9bration culturelle et traditionnelle Amazigh<\/a><\/li>\n<li style=\"margin-bottom:10px;\"><a href=\"https:\/\/monmaghreb.com\/index.php\/2026\/05\/01\/les-oasis-marocaines-en-defis-comment-resister-a-lavancee-du-desert-et-a-la-culture-de-la-pasteque\/\" style=\"color:#0066cc;text-decoration:none;font-weight:500;\" title=\"Les oasis marocaines en d\u00e9fis : Comment r\u00e9sister \u00e0 l&#8217;avanc\u00e9e du d\u00e9sert et \u00e0 la culture de la past\u00e8que\">Les oasis marocaines en d\u00e9fis : Comment r\u00e9sister \u00e0 l&#8217;avanc\u00e9e du d\u00e9sert et \u00e0 la culture de la past\u00e8que<\/a><\/li>\n<li style=\"margin-bottom:10px;\"><a href=\"https:\/\/monmaghreb.com\/index.php\/2026\/04\/28\/valorisation-des-collections-publiques-de-tapis-marocains-sous-le-protectorat-francais-quelles-implications-pour-notre-patrimoine-culturel\/\" style=\"color:#0066cc;text-decoration:none;font-weight:500;\" title=\"Valorisation des collections publiques de tapis marocains sous le protectorat fran\u00e7ais : quelles implications pour notre patrimoine culturel?\">Valorisation des collections publiques de tapis marocains sous le protectorat fran\u00e7ais : quelles implications pour notre patrimoine culturel?<\/a><\/li>\n<li style=\"margin-bottom:10px;\"><a href=\"https:\/\/monmaghreb.com\/index.php\/2026\/04\/28\/le-cap-vert-capitale-africaine-de-la-culture-2028-quelles-implications-pour-la-communaute-maghrebine\/\" style=\"color:#0066cc;text-decoration:none;font-weight:500;\" title=\"Le Cap-Vert, capitale africaine de la culture 2028 : quelles implications pour la communaut\u00e9 maghr\u00e9bine?\">Le Cap-Vert, capitale africaine de la culture 2028 : quelles implications pour la communaut\u00e9 maghr\u00e9bine?<\/a><\/li>\n<\/ul>\n<\/div>\n<p><\/body><br \/>\n<\/html><\/p>\n","protected":false},"excerpt":{"rendered":"<p>L&#8217;Art de Vivre Amazigh : L&#8217;Exposition de Zahira Tigtate au Centre Culturel CBF de Drancy met en lumi\u00e8re la culture Berb\u00e8re<\/p>\n","protected":false},"author":1,"featured_media":3752,"comment_status":"closed","ping_status":"open","sticky":false,"template":"","format":"standard","meta":{"_yoast_wpseo_focuskw":"lart vivre amazigh lexposition","_yoast_wpseo_title":"L'Art de Vivre Amazigh : L'Exposition de Zahira Tigtate au C","_yoast_wpseo_metadesc":"L'Art de Vivre Amazigh : L'Exposition de Zahira Tigtate au Centre Culturel CBF de Drancy met en lumi\u00e8re la culture Berb\u00e8re","_yoast_wpseo_canonical":"","_yoast_wpseo_opengraph-title":"L'Art de Vivre Amazigh : L'Exposition de Zahira Tigtate au Centre Culturel CBF de Drancy met en lumi\u00e8re la culture Berb\u00e8re","_yoast_wpseo_opengraph-description":"L'Art de Vivre Amazigh : L'Exposition de Zahira Tigtate au Centre Culturel CBF de Drancy met en lumi\u00e8re la culture Berb\u00e8re","_yoast_wpseo_opengraph-image":"","tdm_status":"","tdm_grid_status":"","footnotes":""},"categories":[652],"tags":[],"class_list":["post-3753","post","type-post","status-publish","format-standard","has-post-thumbnail","hentry","category-histoire-patrimoine"],"yoast_head":"<!-- This site is optimized with the Yoast SEO plugin v27.5 - https:\/\/yoast.com\/product\/yoast-seo-wordpress\/ -->\n<title>L&#039;Art de Vivre Amazigh : L&#039;Exposition de Zahira Tigtate au C<\/title>\n<meta name=\"description\" content=\"L&#039;Art de Vivre Amazigh : L&#039;Exposition de Zahira Tigtate au Centre Culturel CBF de Drancy met en lumi\u00e8re la culture Berb\u00e8re\" \/>\n<meta name=\"robots\" content=\"index, follow, max-snippet:-1, max-image-preview:large, max-video-preview:-1\" \/>\n<link rel=\"canonical\" href=\"https:\/\/monmaghreb.com\/index.php\/2026\/05\/01\/lart-de-vivre-amazigh-lexposition-de-zahira-tigtate-au-centre-culturel-cbf-de-drancy-met-en-lumiere-la-culture-berbere\/\" \/>\n<meta property=\"og:locale\" content=\"en_US\" \/>\n<meta property=\"og:type\" content=\"article\" \/>\n<meta property=\"og:title\" content=\"L&#039;Art de Vivre Amazigh : L&#039;Exposition de Zahira Tigtate au Centre Culturel CBF de Drancy met en lumi\u00e8re la culture Berb\u00e8re\" \/>\n<meta property=\"og:description\" content=\"L&#039;Art de Vivre Amazigh : L&#039;Exposition de Zahira Tigtate au Centre Culturel CBF de Drancy met en lumi\u00e8re la culture Berb\u00e8re\" \/>\n<meta property=\"og:url\" content=\"https:\/\/monmaghreb.com\/index.php\/2026\/05\/01\/lart-de-vivre-amazigh-lexposition-de-zahira-tigtate-au-centre-culturel-cbf-de-drancy-met-en-lumiere-la-culture-berbere\/\" \/>\n<meta property=\"og:site_name\" content=\"Mon Maghreb\" \/>\n<meta property=\"article:author\" content=\"https:\/\/www.facebook.com\/monmaghrebcom\" \/>\n<meta property=\"article:published_time\" content=\"2026-05-01T16:12:55+00:00\" \/>\n<meta property=\"article:modified_time\" content=\"2026-05-01T16:12:59+00:00\" \/>\n<meta property=\"og:image\" content=\"https:\/\/monmaghreb.com\/wp-content\/uploads\/2026\/05\/featured-15.jpg\" \/>\n\t<meta property=\"og:image:width\" content=\"1880\" \/>\n\t<meta property=\"og:image:height\" content=\"1058\" \/>\n\t<meta property=\"og:image:type\" content=\"image\/jpeg\" \/>\n<meta name=\"author\" content=\"LaMagh\" \/>\n<meta name=\"twitter:card\" content=\"summary_large_image\" \/>\n<meta name=\"twitter:creator\" content=\"@MMaghreb50977\" \/>\n<meta name=\"twitter:label1\" content=\"Written by\" \/>\n\t<meta name=\"twitter:data1\" content=\"LaMagh\" \/>\n\t<meta name=\"twitter:label2\" content=\"Est. reading time\" \/>\n\t<meta name=\"twitter:data2\" content=\"4 minutes\" \/>\n<script type=\"application\/ld+json\" class=\"yoast-schema-graph\">{\"@context\":\"https:\\\/\\\/schema.org\",\"@graph\":[{\"@type\":\"Article\",\"@id\":\"https:\\\/\\\/monmaghreb.com\\\/index.php\\\/2026\\\/05\\\/01\\\/lart-de-vivre-amazigh-lexposition-de-zahira-tigtate-au-centre-culturel-cbf-de-drancy-met-en-lumiere-la-culture-berbere\\\/#article\",\"isPartOf\":{\"@id\":\"https:\\\/\\\/monmaghreb.com\\\/index.php\\\/2026\\\/05\\\/01\\\/lart-de-vivre-amazigh-lexposition-de-zahira-tigtate-au-centre-culturel-cbf-de-drancy-met-en-lumiere-la-culture-berbere\\\/\"},\"author\":{\"name\":\"LaMagh\",\"@id\":\"http:\\\/\\\/monmaghreb.com\\\/#\\\/schema\\\/person\\\/c469a89dc8c6b8987dcb438b1200d054\"},\"headline\":\"L&#8217;Art de Vivre Amazigh : L&#8217;Exposition de Zahira Tigtate au Centre Culturel CBF de Drancy met en lumi\u00e8re la culture Berb\u00e8re\",\"datePublished\":\"2026-05-01T16:12:55+00:00\",\"dateModified\":\"2026-05-01T16:12:59+00:00\",\"mainEntityOfPage\":{\"@id\":\"https:\\\/\\\/monmaghreb.com\\\/index.php\\\/2026\\\/05\\\/01\\\/lart-de-vivre-amazigh-lexposition-de-zahira-tigtate-au-centre-culturel-cbf-de-drancy-met-en-lumiere-la-culture-berbere\\\/\"},\"wordCount\":889,\"publisher\":{\"@id\":\"http:\\\/\\\/monmaghreb.com\\\/#organization\"},\"image\":{\"@id\":\"https:\\\/\\\/monmaghreb.com\\\/index.php\\\/2026\\\/05\\\/01\\\/lart-de-vivre-amazigh-lexposition-de-zahira-tigtate-au-centre-culturel-cbf-de-drancy-met-en-lumiere-la-culture-berbere\\\/#primaryimage\"},\"thumbnailUrl\":\"https:\\\/\\\/monmaghreb.com\\\/wp-content\\\/uploads\\\/2026\\\/05\\\/featured-15.jpg\",\"articleSection\":[\"Histoire &amp; Patrimoine\"],\"inLanguage\":\"en-US\"},{\"@type\":\"WebPage\",\"@id\":\"https:\\\/\\\/monmaghreb.com\\\/index.php\\\/2026\\\/05\\\/01\\\/lart-de-vivre-amazigh-lexposition-de-zahira-tigtate-au-centre-culturel-cbf-de-drancy-met-en-lumiere-la-culture-berbere\\\/\",\"url\":\"https:\\\/\\\/monmaghreb.com\\\/index.php\\\/2026\\\/05\\\/01\\\/lart-de-vivre-amazigh-lexposition-de-zahira-tigtate-au-centre-culturel-cbf-de-drancy-met-en-lumiere-la-culture-berbere\\\/\",\"name\":\"L'Art de Vivre Amazigh : L'Exposition de Zahira Tigtate au C\",\"isPartOf\":{\"@id\":\"http:\\\/\\\/monmaghreb.com\\\/#website\"},\"primaryImageOfPage\":{\"@id\":\"https:\\\/\\\/monmaghreb.com\\\/index.php\\\/2026\\\/05\\\/01\\\/lart-de-vivre-amazigh-lexposition-de-zahira-tigtate-au-centre-culturel-cbf-de-drancy-met-en-lumiere-la-culture-berbere\\\/#primaryimage\"},\"image\":{\"@id\":\"https:\\\/\\\/monmaghreb.com\\\/index.php\\\/2026\\\/05\\\/01\\\/lart-de-vivre-amazigh-lexposition-de-zahira-tigtate-au-centre-culturel-cbf-de-drancy-met-en-lumiere-la-culture-berbere\\\/#primaryimage\"},\"thumbnailUrl\":\"https:\\\/\\\/monmaghreb.com\\\/wp-content\\\/uploads\\\/2026\\\/05\\\/featured-15.jpg\",\"datePublished\":\"2026-05-01T16:12:55+00:00\",\"dateModified\":\"2026-05-01T16:12:59+00:00\",\"description\":\"L'Art de Vivre Amazigh : L'Exposition de Zahira Tigtate au Centre Culturel CBF de Drancy met en lumi\u00e8re la culture Berb\u00e8re\",\"breadcrumb\":{\"@id\":\"https:\\\/\\\/monmaghreb.com\\\/index.php\\\/2026\\\/05\\\/01\\\/lart-de-vivre-amazigh-lexposition-de-zahira-tigtate-au-centre-culturel-cbf-de-drancy-met-en-lumiere-la-culture-berbere\\\/#breadcrumb\"},\"inLanguage\":\"en-US\",\"potentialAction\":[{\"@type\":\"ReadAction\",\"target\":[\"https:\\\/\\\/monmaghreb.com\\\/index.php\\\/2026\\\/05\\\/01\\\/lart-de-vivre-amazigh-lexposition-de-zahira-tigtate-au-centre-culturel-cbf-de-drancy-met-en-lumiere-la-culture-berbere\\\/\"]}]},{\"@type\":\"ImageObject\",\"inLanguage\":\"en-US\",\"@id\":\"https:\\\/\\\/monmaghreb.com\\\/index.php\\\/2026\\\/05\\\/01\\\/lart-de-vivre-amazigh-lexposition-de-zahira-tigtate-au-centre-culturel-cbf-de-drancy-met-en-lumiere-la-culture-berbere\\\/#primaryimage\",\"url\":\"https:\\\/\\\/monmaghreb.com\\\/wp-content\\\/uploads\\\/2026\\\/05\\\/featured-15.jpg\",\"contentUrl\":\"https:\\\/\\\/monmaghreb.com\\\/wp-content\\\/uploads\\\/2026\\\/05\\\/featured-15.jpg\",\"width\":1880,\"height\":1058,\"caption\":\"lart vivre amazigh lexposition featured image\"},{\"@type\":\"BreadcrumbList\",\"@id\":\"https:\\\/\\\/monmaghreb.com\\\/index.php\\\/2026\\\/05\\\/01\\\/lart-de-vivre-amazigh-lexposition-de-zahira-tigtate-au-centre-culturel-cbf-de-drancy-met-en-lumiere-la-culture-berbere\\\/#breadcrumb\",\"itemListElement\":[{\"@type\":\"ListItem\",\"position\":1,\"name\":\"Home\",\"item\":\"http:\\\/\\\/monmaghreb.com\\\/\"},{\"@type\":\"ListItem\",\"position\":2,\"name\":\"L&#8217;Art de Vivre Amazigh : L&#8217;Exposition de Zahira Tigtate au Centre Culturel CBF de Drancy met en lumi\u00e8re la culture Berb\u00e8re\"}]},{\"@type\":\"WebSite\",\"@id\":\"http:\\\/\\\/monmaghreb.com\\\/#website\",\"url\":\"http:\\\/\\\/monmaghreb.com\\\/\",\"name\":\"Mon Maghreb\",\"description\":\"MonMaghreb United\",\"publisher\":{\"@id\":\"http:\\\/\\\/monmaghreb.com\\\/#organization\"},\"alternateName\":\"Le Monde du Maghreb et au del\u00e0\",\"potentialAction\":[{\"@type\":\"SearchAction\",\"target\":{\"@type\":\"EntryPoint\",\"urlTemplate\":\"http:\\\/\\\/monmaghreb.com\\\/?s={search_term_string}\"},\"query-input\":{\"@type\":\"PropertyValueSpecification\",\"valueRequired\":true,\"valueName\":\"search_term_string\"}}],\"inLanguage\":\"en-US\"},{\"@type\":\"Organization\",\"@id\":\"http:\\\/\\\/monmaghreb.com\\\/#organization\",\"name\":\"Mon Maghreb\",\"url\":\"http:\\\/\\\/monmaghreb.com\\\/\",\"logo\":{\"@type\":\"ImageObject\",\"inLanguage\":\"en-US\",\"@id\":\"http:\\\/\\\/monmaghreb.com\\\/#\\\/schema\\\/logo\\\/image\\\/\",\"url\":\"https:\\\/\\\/monmaghreb.com\\\/wp-content\\\/uploads\\\/2025\\\/12\\\/Mon_Maghreb_Logo.jpg\",\"contentUrl\":\"https:\\\/\\\/monmaghreb.com\\\/wp-content\\\/uploads\\\/2025\\\/12\\\/Mon_Maghreb_Logo.jpg\",\"width\":814,\"height\":374,\"caption\":\"Mon Maghreb\"},\"image\":{\"@id\":\"http:\\\/\\\/monmaghreb.com\\\/#\\\/schema\\\/logo\\\/image\\\/\"}},{\"@type\":\"Person\",\"@id\":\"http:\\\/\\\/monmaghreb.com\\\/#\\\/schema\\\/person\\\/c469a89dc8c6b8987dcb438b1200d054\",\"name\":\"LaMagh\",\"image\":{\"@type\":\"ImageObject\",\"inLanguage\":\"en-US\",\"@id\":\"https:\\\/\\\/secure.gravatar.com\\\/avatar\\\/399d8144bd55fba55e056779aca52fe528bac7911f6449e54d81173d6dfd7f0a?s=96&d=mm&r=g\",\"url\":\"https:\\\/\\\/secure.gravatar.com\\\/avatar\\\/399d8144bd55fba55e056779aca52fe528bac7911f6449e54d81173d6dfd7f0a?s=96&d=mm&r=g\",\"contentUrl\":\"https:\\\/\\\/secure.gravatar.com\\\/avatar\\\/399d8144bd55fba55e056779aca52fe528bac7911f6449e54d81173d6dfd7f0a?s=96&d=mm&r=g\",\"caption\":\"LaMagh\"},\"sameAs\":[\"https:\\\/\\\/monmaghreb.com\",\"https:\\\/\\\/www.facebook.com\\\/monmaghrebcom\",\"https:\\\/\\\/x.com\\\/MMaghreb50977\"],\"url\":\"https:\\\/\\\/monmaghreb.com\\\/index.php\\\/author\\\/lamagh\\\/\"}]}<\/script>\n<!-- \/ Yoast SEO plugin. -->","yoast_head_json":{"title":"L'Art de Vivre Amazigh : L'Exposition de Zahira Tigtate au C","description":"L'Art de Vivre Amazigh : L'Exposition de Zahira Tigtate au Centre Culturel CBF de Drancy met en lumi\u00e8re la culture Berb\u00e8re","robots":{"index":"index","follow":"follow","max-snippet":"max-snippet:-1","max-image-preview":"max-image-preview:large","max-video-preview":"max-video-preview:-1"},"canonical":"https:\/\/monmaghreb.com\/index.php\/2026\/05\/01\/lart-de-vivre-amazigh-lexposition-de-zahira-tigtate-au-centre-culturel-cbf-de-drancy-met-en-lumiere-la-culture-berbere\/","og_locale":"en_US","og_type":"article","og_title":"L'Art de Vivre Amazigh : L'Exposition de Zahira Tigtate au Centre Culturel CBF de Drancy met en lumi\u00e8re la culture Berb\u00e8re","og_description":"L'Art de Vivre Amazigh : L'Exposition de Zahira Tigtate au Centre Culturel CBF de Drancy met en lumi\u00e8re la culture Berb\u00e8re","og_url":"https:\/\/monmaghreb.com\/index.php\/2026\/05\/01\/lart-de-vivre-amazigh-lexposition-de-zahira-tigtate-au-centre-culturel-cbf-de-drancy-met-en-lumiere-la-culture-berbere\/","og_site_name":"Mon Maghreb","article_author":"https:\/\/www.facebook.com\/monmaghrebcom","article_published_time":"2026-05-01T16:12:55+00:00","article_modified_time":"2026-05-01T16:12:59+00:00","og_image":[{"width":1880,"height":1058,"url":"https:\/\/monmaghreb.com\/wp-content\/uploads\/2026\/05\/featured-15.jpg","type":"image\/jpeg"}],"author":"LaMagh","twitter_card":"summary_large_image","twitter_creator":"@MMaghreb50977","twitter_misc":{"Written by":"LaMagh","Est. reading time":"4 minutes"},"schema":{"@context":"https:\/\/schema.org","@graph":[{"@type":"Article","@id":"https:\/\/monmaghreb.com\/index.php\/2026\/05\/01\/lart-de-vivre-amazigh-lexposition-de-zahira-tigtate-au-centre-culturel-cbf-de-drancy-met-en-lumiere-la-culture-berbere\/#article","isPartOf":{"@id":"https:\/\/monmaghreb.com\/index.php\/2026\/05\/01\/lart-de-vivre-amazigh-lexposition-de-zahira-tigtate-au-centre-culturel-cbf-de-drancy-met-en-lumiere-la-culture-berbere\/"},"author":{"name":"LaMagh","@id":"http:\/\/monmaghreb.com\/#\/schema\/person\/c469a89dc8c6b8987dcb438b1200d054"},"headline":"L&#8217;Art de Vivre Amazigh : L&#8217;Exposition de Zahira Tigtate au Centre Culturel CBF de Drancy met en lumi\u00e8re la culture Berb\u00e8re","datePublished":"2026-05-01T16:12:55+00:00","dateModified":"2026-05-01T16:12:59+00:00","mainEntityOfPage":{"@id":"https:\/\/monmaghreb.com\/index.php\/2026\/05\/01\/lart-de-vivre-amazigh-lexposition-de-zahira-tigtate-au-centre-culturel-cbf-de-drancy-met-en-lumiere-la-culture-berbere\/"},"wordCount":889,"publisher":{"@id":"http:\/\/monmaghreb.com\/#organization"},"image":{"@id":"https:\/\/monmaghreb.com\/index.php\/2026\/05\/01\/lart-de-vivre-amazigh-lexposition-de-zahira-tigtate-au-centre-culturel-cbf-de-drancy-met-en-lumiere-la-culture-berbere\/#primaryimage"},"thumbnailUrl":"https:\/\/monmaghreb.com\/wp-content\/uploads\/2026\/05\/featured-15.jpg","articleSection":["Histoire &amp; Patrimoine"],"inLanguage":"en-US"},{"@type":"WebPage","@id":"https:\/\/monmaghreb.com\/index.php\/2026\/05\/01\/lart-de-vivre-amazigh-lexposition-de-zahira-tigtate-au-centre-culturel-cbf-de-drancy-met-en-lumiere-la-culture-berbere\/","url":"https:\/\/monmaghreb.com\/index.php\/2026\/05\/01\/lart-de-vivre-amazigh-lexposition-de-zahira-tigtate-au-centre-culturel-cbf-de-drancy-met-en-lumiere-la-culture-berbere\/","name":"L'Art de Vivre Amazigh : L'Exposition de Zahira Tigtate au C","isPartOf":{"@id":"http:\/\/monmaghreb.com\/#website"},"primaryImageOfPage":{"@id":"https:\/\/monmaghreb.com\/index.php\/2026\/05\/01\/lart-de-vivre-amazigh-lexposition-de-zahira-tigtate-au-centre-culturel-cbf-de-drancy-met-en-lumiere-la-culture-berbere\/#primaryimage"},"image":{"@id":"https:\/\/monmaghreb.com\/index.php\/2026\/05\/01\/lart-de-vivre-amazigh-lexposition-de-zahira-tigtate-au-centre-culturel-cbf-de-drancy-met-en-lumiere-la-culture-berbere\/#primaryimage"},"thumbnailUrl":"https:\/\/monmaghreb.com\/wp-content\/uploads\/2026\/05\/featured-15.jpg","datePublished":"2026-05-01T16:12:55+00:00","dateModified":"2026-05-01T16:12:59+00:00","description":"L'Art de Vivre Amazigh : L'Exposition de Zahira Tigtate au Centre Culturel CBF de Drancy met en lumi\u00e8re la culture Berb\u00e8re","breadcrumb":{"@id":"https:\/\/monmaghreb.com\/index.php\/2026\/05\/01\/lart-de-vivre-amazigh-lexposition-de-zahira-tigtate-au-centre-culturel-cbf-de-drancy-met-en-lumiere-la-culture-berbere\/#breadcrumb"},"inLanguage":"en-US","potentialAction":[{"@type":"ReadAction","target":["https:\/\/monmaghreb.com\/index.php\/2026\/05\/01\/lart-de-vivre-amazigh-lexposition-de-zahira-tigtate-au-centre-culturel-cbf-de-drancy-met-en-lumiere-la-culture-berbere\/"]}]},{"@type":"ImageObject","inLanguage":"en-US","@id":"https:\/\/monmaghreb.com\/index.php\/2026\/05\/01\/lart-de-vivre-amazigh-lexposition-de-zahira-tigtate-au-centre-culturel-cbf-de-drancy-met-en-lumiere-la-culture-berbere\/#primaryimage","url":"https:\/\/monmaghreb.com\/wp-content\/uploads\/2026\/05\/featured-15.jpg","contentUrl":"https:\/\/monmaghreb.com\/wp-content\/uploads\/2026\/05\/featured-15.jpg","width":1880,"height":1058,"caption":"lart vivre amazigh lexposition featured image"},{"@type":"BreadcrumbList","@id":"https:\/\/monmaghreb.com\/index.php\/2026\/05\/01\/lart-de-vivre-amazigh-lexposition-de-zahira-tigtate-au-centre-culturel-cbf-de-drancy-met-en-lumiere-la-culture-berbere\/#breadcrumb","itemListElement":[{"@type":"ListItem","position":1,"name":"Home","item":"http:\/\/monmaghreb.com\/"},{"@type":"ListItem","position":2,"name":"L&#8217;Art de Vivre Amazigh : L&#8217;Exposition de Zahira Tigtate au Centre Culturel CBF de Drancy met en lumi\u00e8re la culture Berb\u00e8re"}]},{"@type":"WebSite","@id":"http:\/\/monmaghreb.com\/#website","url":"http:\/\/monmaghreb.com\/","name":"Mon Maghreb","description":"MonMaghreb United","publisher":{"@id":"http:\/\/monmaghreb.com\/#organization"},"alternateName":"Le Monde du Maghreb et au del\u00e0","potentialAction":[{"@type":"SearchAction","target":{"@type":"EntryPoint","urlTemplate":"http:\/\/monmaghreb.com\/?s={search_term_string}"},"query-input":{"@type":"PropertyValueSpecification","valueRequired":true,"valueName":"search_term_string"}}],"inLanguage":"en-US"},{"@type":"Organization","@id":"http:\/\/monmaghreb.com\/#organization","name":"Mon Maghreb","url":"http:\/\/monmaghreb.com\/","logo":{"@type":"ImageObject","inLanguage":"en-US","@id":"http:\/\/monmaghreb.com\/#\/schema\/logo\/image\/","url":"https:\/\/monmaghreb.com\/wp-content\/uploads\/2025\/12\/Mon_Maghreb_Logo.jpg","contentUrl":"https:\/\/monmaghreb.com\/wp-content\/uploads\/2025\/12\/Mon_Maghreb_Logo.jpg","width":814,"height":374,"caption":"Mon Maghreb"},"image":{"@id":"http:\/\/monmaghreb.com\/#\/schema\/logo\/image\/"}},{"@type":"Person","@id":"http:\/\/monmaghreb.com\/#\/schema\/person\/c469a89dc8c6b8987dcb438b1200d054","name":"LaMagh","image":{"@type":"ImageObject","inLanguage":"en-US","@id":"https:\/\/secure.gravatar.com\/avatar\/399d8144bd55fba55e056779aca52fe528bac7911f6449e54d81173d6dfd7f0a?s=96&d=mm&r=g","url":"https:\/\/secure.gravatar.com\/avatar\/399d8144bd55fba55e056779aca52fe528bac7911f6449e54d81173d6dfd7f0a?s=96&d=mm&r=g","contentUrl":"https:\/\/secure.gravatar.com\/avatar\/399d8144bd55fba55e056779aca52fe528bac7911f6449e54d81173d6dfd7f0a?s=96&d=mm&r=g","caption":"LaMagh"},"sameAs":["https:\/\/monmaghreb.com","https:\/\/www.facebook.com\/monmaghrebcom","https:\/\/x.com\/MMaghreb50977"],"url":"https:\/\/monmaghreb.com\/index.php\/author\/lamagh\/"}]}},"_links":{"self":[{"href":"https:\/\/monmaghreb.com\/index.php\/wp-json\/wp\/v2\/posts\/3753","targetHints":{"allow":["GET"]}}],"collection":[{"href":"https:\/\/monmaghreb.com\/index.php\/wp-json\/wp\/v2\/posts"}],"about":[{"href":"https:\/\/monmaghreb.com\/index.php\/wp-json\/wp\/v2\/types\/post"}],"author":[{"embeddable":true,"href":"https:\/\/monmaghreb.com\/index.php\/wp-json\/wp\/v2\/users\/1"}],"replies":[{"embeddable":true,"href":"https:\/\/monmaghreb.com\/index.php\/wp-json\/wp\/v2\/comments?post=3753"}],"version-history":[{"count":1,"href":"https:\/\/monmaghreb.com\/index.php\/wp-json\/wp\/v2\/posts\/3753\/revisions"}],"predecessor-version":[{"id":3754,"href":"https:\/\/monmaghreb.com\/index.php\/wp-json\/wp\/v2\/posts\/3753\/revisions\/3754"}],"wp:featuredmedia":[{"embeddable":true,"href":"https:\/\/monmaghreb.com\/index.php\/wp-json\/wp\/v2\/media\/3752"}],"wp:attachment":[{"href":"https:\/\/monmaghreb.com\/index.php\/wp-json\/wp\/v2\/media?parent=3753"}],"wp:term":[{"taxonomy":"category","embeddable":true,"href":"https:\/\/monmaghreb.com\/index.php\/wp-json\/wp\/v2\/categories?post=3753"},{"taxonomy":"post_tag","embeddable":true,"href":"https:\/\/monmaghreb.com\/index.php\/wp-json\/wp\/v2\/tags?post=3753"}],"curies":[{"name":"wp","href":"https:\/\/api.w.org\/{rel}","templated":true}]}}