{"id":3765,"date":"2026-05-01T20:00:16","date_gmt":"2026-05-01T20:00:16","guid":{"rendered":"https:\/\/monmaghreb.com\/index.php\/2026\/05\/01\/la-guerre-silencieuse-contre-lalgerie-un-appel-a-la-paix-et-a-la-reconciliation\/"},"modified":"2026-05-01T20:00:21","modified_gmt":"2026-05-01T20:00:21","slug":"la-guerre-silencieuse-contre-lalgerie-un-appel-a-la-paix-et-a-la-reconciliation","status":"publish","type":"post","link":"https:\/\/monmaghreb.com\/index.php\/2026\/05\/01\/la-guerre-silencieuse-contre-lalgerie-un-appel-a-la-paix-et-a-la-reconciliation\/","title":{"rendered":"La guerre silencieuse contre l&#8217;Alg\u00e9rie : un appel \u00e0 la paix et \u00e0 la r\u00e9conciliation"},"content":{"rendered":"<p><!DOCTYPE html><br \/>\n<html lang='fr'><br \/>\n<head><br \/>\n  <meta charset='UTF-8'><br \/>\n  <title>La <a href=\"https:\/\/monmaghreb.com\/index.php\/2026\/05\/01\/guerre-au-moyen-orient-soutien-a-kendji-girac-contre-les-boycotts-marocains\/\" title=\"Guerre au Moyen-Orient : soutien \u00e0 Kendji Girac contre les boycotts marocains\">guerre<\/a> silencieuse contre l&#8217;Alg\u00e9rie<\/title><br \/>\n<\/head><br \/>\n<body><\/p>\n<h1>La guerre silencieuse contre l&#8217;Alg\u00e9rie : un appel \u00e0 la paix et \u00e0 la r\u00e9conciliation<\/h1>\n<p>Depuis plus de soixante ans, les cons\u00e9quences de la guerre d&#8217;Alg\u00e9rie font encore leur effet sur notre pays natal. Les souffrances endur\u00e9es durant cette p\u00e9riode ont laiss\u00e9 des marques profondes dans l&#8217;identit\u00e9 collective alg\u00e9rienne et dans le lien qui unit nos communaut\u00e9s en diaspora. Aujourd&#8217;hui, il est plus que jamais important de se souvenir de ces \u00e9v\u00e9nements pour pr\u00e9venir les erreurs du pass\u00e9 et construire un avenir paisible.<\/p>\n<h2>Les origines de la guerre d&#8217;Alg\u00e9rie<\/h2>\n<p>La guerre d&#8217;Alg\u00e9rie a commenc\u00e9 en 1954, lorsque les combattants de l&#8217;Arm\u00e9e de lib\u00e9ration nationale (ALN) ont lanc\u00e9 une insurrection contre le pouvoir colonial fran\u00e7ais. Cet \u00e9v\u00e9nement marquait le d\u00e9but d&#8217;une longue et cruelle p\u00e9riode de conflit qui a entra\u00een\u00e9 la mort de centaines de milliers de personnes. La lutte pour l&#8217;ind\u00e9pendance nationale s&#8217;\u00e9tait transform\u00e9e en un conflit national qui a affect\u00e9 non seulement l&#8217;Alg\u00e9rie, mais \u00e9galement la France et le monde entier.<\/p>\n<p>Les raisons de cette guerre \u00e9taient complexes, mais elle \u00e9tait essentiellement une r\u00e9ponse \u00e0 l&#8217;oppression politique et \u00e9conomique que les Alg\u00e9riens avaient subie pendant des d\u00e9cennies. La colonisation a cr\u00e9\u00e9 un sentiment d&#8217;injustice et de frustration chez les Alg\u00e9riens, qui ont d\u00e9cid\u00e9 de se rebeller contre le pouvoir colonial pour obtenir leur libert\u00e9.<\/p>\n<p>Les ann\u00e9es de guerre ont \u00e9t\u00e9 marqu\u00e9es par des actes de violence extr\u00eame commis par les deux camps. Les Fran\u00e7ais ont utilis\u00e9 des tactiques dures comme la torture, les bombardements a\u00e9riens, les op\u00e9rations militaires et la destruction des villages. L&#8217;ALN, quant \u00e0 elle, a utilis\u00e9 des attaques terroristes contre des installations civiles et militaires.<\/p>\n<h2>Les cons\u00e9quences de la guerre d&#8217;Alg\u00e9rie<\/h2>\n<p>La guerre a eu des effets tragiques sur les Alg\u00e9riens, avec plus de un million de personnes tu\u00e9es, plusieurs millions d\u00e9plac\u00e9s et une \u00e9conomie presque ruin\u00e9e. La plupart des villes alg\u00e9riennes ont \u00e9t\u00e9 gravement endommag\u00e9es, et l&#8217;Alg\u00e9rie a connu une p\u00e9riode de violence et de chaos qui a dur\u00e9 plusieurs ann\u00e9es apr\u00e8s la fin du conflit.<\/p>\n<p>La guerre d&#8217;Alg\u00e9rie a \u00e9galement eu des effets sur les communaut\u00e9s maghr\u00e9bines en diaspora, avec des centaines de milliers de personnes expuls\u00e9es ou forc\u00e9es \u00e0 fuir leur pays natal. Les souffrances endur\u00e9es pendant la guerre ont laiss\u00e9 des marques profondes dans l&#8217;identit\u00e9 collective alg\u00e9rienne et dans le lien qui unit nos communaut\u00e9s en diaspora.<\/p>\n<p>De plus, les cons\u00e9quences de la guerre ont \u00e9t\u00e9 ressenties au niveau politique. L&#8217;Alg\u00e9rie a connu une p\u00e9riode de dictature militaire apr\u00e8s l&#8217;ind\u00e9pendance et n&#8217;a pas r\u00e9ussi \u00e0 r\u00e9soudre les probl\u00e8mes \u00e9conomiques et sociaux qui avaient caus\u00e9 le conflit.<\/p>\n<h2>La m\u00e9moire collective<\/h2>\n<p>La m\u00e9moire collective est un \u00e9l\u00e9ment crucial dans la compr\u00e9hension de la guerre d&#8217;Alg\u00e9rie. Les souvenirs des \u00e9v\u00e9nements qui ont marqu\u00e9 cette p\u00e9riode sont toujours pr\u00e9sents dans les esprits des Alg\u00e9riens et font partie int\u00e9grante de l&#8217;identit\u00e9 alg\u00e9rienne.<\/p>\n<p>Cependant, il est important que nous ne l&#8217;exploitons pas pour cr\u00e9er des divisions et de la haine entre les communaut\u00e9s. Il est \u00e9galement important de r\u00e9fl\u00e9chir \u00e0 ce qu&#8217;il nous arrive lorsque nous oublions les souffrances endur\u00e9es pendant cette p\u00e9riode. Les \u00e9pisodes de violence ont laiss\u00e9 des marques profondes dans l&#8217;identit\u00e9 collective alg\u00e9rienne et dans le lien qui unit nos communaut\u00e9s en diaspora, et il est important que nous ne les oublions pas.<\/p>\n<p>Il est donc important que nous commissions \u00e0 m\u00e9moire collective, mais avec une perspective r\u00e9flexive et un esprit de paix. Nous devons apprendre des erreurs du pass\u00e9 pour \u00e9viter de les reproduire dans l&#8217;avenir.<\/p>\n<h2>La n\u00e9cessit\u00e9 d&#8217;une paix durable<\/h2>\n<p>La guerre d&#8217;Alg\u00e9rie a \u00e9t\u00e9 un conflit qui a dur\u00e9 plus de dix ans et a caus\u00e9 des souffrances incalculables. Cependant, la fin du conflit n&#8217;a pas signifi\u00e9 la fin des tensions entre les communaut\u00e9s alg\u00e9riennes et fran\u00e7aises. Les deux pays ont continu\u00e9 \u00e0 se renvoyer des blessures de la guerre, et les tensions entre eux sont toujours pr\u00e9sentes.<\/p>\n<p>Il est donc important que nous mettons en place une paix durable pour r\u00e9soudre ces tensions et permettre \u00e0 nos communaut\u00e9s d&#8217;avancer vers l&#8217;avenir. Cela implique de faire face \u00e0 la m\u00e9moire collective, mais aussi de travailler ensemble pour construire un futur bas\u00e9 sur la tol\u00e9rance, la compr\u00e9hension et la solidarit\u00e9.<\/p>\n<p>Les communaut\u00e9s alg\u00e9riennes en diaspora ont un r\u00f4le important dans cette lutte. Nous devons continuer \u00e0 d\u00e9fendre les droits de nos fr\u00e8res et s\u0153urs en Alg\u00e9rie, mais aussi \u00e0 travailler pour une paix durable entre les deux pays.<\/p>\n<h2>Conclusion<\/h2>\n<p>La guerre d&#8217;Alg\u00e9rie a \u00e9t\u00e9 un conflit cruel qui a marqu\u00e9 l&#8217;histoire de notre pays natal. Les cons\u00e9quences de cette guerre ont toujours des effets sur les Alg\u00e9riens, et il est important que nous mettions en place une paix durable pour r\u00e9soudre ces tensions et permettre \u00e0 nos communaut\u00e9s d&#8217;avancer vers l&#8217;avenir. Nous devons travailler ensemble pour construire un futur bas\u00e9 sur la tol\u00e9rance, la compr\u00e9hension et la solidarit\u00e9.<\/p>\n<p>Aujourd&#8217;hui, il est plus que jamais important de se souvenir de ces \u00e9v\u00e9nements pour pr\u00e9venir les erreurs du pass\u00e9 et construire un avenir paisible. Il est temps que nous nous efforcions de cr\u00e9er une paix durable entre les communaut\u00e9s alg\u00e9riennes et fran\u00e7aises, et que nous travaillons ensemble pour un avenir meilleur.<\/p>\n<div style=\"background:#f8f9fa;border-left:4px solid #0066cc;border-radius:6px;padding:20px 24px;margin:32px 0;\">\n<p style=\"font-size:13px;color:#888;text-transform:uppercase;letter-spacing:0.8px;margin:0 0 6px 0;\">Vous pourriez aussi aimer<\/p>\n<h3 style=\"font-size:18px;margin:0 0 14px 0;color:#222;\">Articles similaires<\/h3>\n<ul style=\"margin:0;padding-left:20px;list-style:disc;\">\n<li style=\"margin-bottom:10px;\"><a href=\"https:\/\/monmaghreb.com\/index.php\/2026\/05\/01\/guerre-au-moyen-orient-soutien-a-kendji-girac-contre-les-boycotts-marocains\/\" style=\"color:#0066cc;text-decoration:none;font-weight:500;\" title=\"Guerre au Moyen-Orient : soutien \u00e0 Kendji Girac contre les boycotts marocains\">Guerre au Moyen-Orient : soutien \u00e0 Kendji Girac contre les boycotts marocains<\/a><\/li>\n<li style=\"margin-bottom:10px;\"><a href=\"https:\/\/monmaghreb.com\/index.php\/2026\/04\/29\/le-voyage-du-pape-leon-xiv-en-algerie-implications-culturelles-et-historiques\/\" style=\"color:#0066cc;text-decoration:none;font-weight:500;\" title=\"Le voyage du Pape L\u00e9on XIV en Alg\u00e9rie : implications culturelles et historiques\">Le voyage du Pape L\u00e9on XIV en Alg\u00e9rie : implications culturelles et historiques<\/a><\/li>\n<li style=\"margin-bottom:10px;\"><a href=\"https:\/\/monmaghreb.com\/index.php\/2026\/04\/29\/projection-cinematographique-de-lalgerie-du-sud-decouvrez-le-film\/\" style=\"color:#0066cc;text-decoration:none;font-weight:500;\" title=\"Projection cin\u00e9matographique de l&#8217;Alg\u00e9rie du sud : d\u00e9couvrez le film\">Projection cin\u00e9matographique de l&#8217;Alg\u00e9rie du sud : d\u00e9couvrez le film<\/a><\/li>\n<li style=\"margin-bottom:10px;\"><a href=\"https:\/\/monmaghreb.com\/index.php\/2026\/04\/27\/decouvrez-les-nouvelles-destinations-touristiques-en-algerie-pour-lete\/\" style=\"color:#0066cc;text-decoration:none;font-weight:500;\" title=\"D\u00e9couvrez les nouvelles destinations touristiques en Alg\u00e9rie pour l&#8217;\u00e9t\u00e9\">D\u00e9couvrez les nouvelles destinations touristiques en Alg\u00e9rie pour l&#8217;\u00e9t\u00e9<\/a><\/li>\n<li style=\"margin-bottom:10px;\"><a href=\"https:\/\/monmaghreb.com\/index.php\/2026\/05\/01\/les-vacanciers-francais-se-tournent-vers-le-maroc-pour-echapper-a-linflation-et-a-la-guerre\/\" style=\"color:#0066cc;text-decoration:none;font-weight:500;\" title=\"Les vacanciers fran\u00e7ais se tournent vers le Maroc pour \u00e9chapper \u00e0 l&#8217;inflation et \u00e0 la guerre\">Les vacanciers fran\u00e7ais se tournent vers le Maroc pour \u00e9chapper \u00e0 l&#8217;inflation et \u00e0 la guerre<\/a><\/li>\n<\/ul>\n<\/div>\n<p><\/body><br \/>\n<\/html><\/p>\n","protected":false},"excerpt":{"rendered":"<p>R\u00e9veillez-vous \u00e0 la trag\u00e9die des ann\u00e9es 60 : d\u00e9couvrez comment la guerre d&#8217;Alg\u00e9rie continue de marquer notre identit\u00e9 collective aujourd&#8217;hui. Un appel aux Alg\u00e9r<\/p>\n","protected":false},"author":1,"featured_media":3764,"comment_status":"closed","ping_status":"open","sticky":false,"template":"","format":"standard","meta":{"_yoast_wpseo_focuskw":"guerre silencieuse contre l'Alg\u00e9rie","_yoast_wpseo_title":"La guerre silencieuse contre l'Alg\u00e9rie : un appel \u00e0 la paix","_yoast_wpseo_metadesc":"R\u00e9veillez-vous \u00e0 la trag\u00e9die des ann\u00e9es 60 : d\u00e9couvrez comment la guerre d'Alg\u00e9rie continue de marquer notre identit\u00e9 collective aujourd'hui. Un appel aux Alg\u00e9r","_yoast_wpseo_canonical":"","_yoast_wpseo_opengraph-title":"La guerre silencieuse contre l'Alg\u00e9rie : un appel \u00e0 la paix et \u00e0 la r\u00e9conciliation","_yoast_wpseo_opengraph-description":"R\u00e9veillez-vous \u00e0 la trag\u00e9die des ann\u00e9es 60 : d\u00e9couvrez comment la guerre d'Alg\u00e9rie continue de marquer notre identit\u00e9 collective aujourd'hui. Un appel aux Alg\u00e9r","_yoast_wpseo_opengraph-image":"","tdm_status":"","tdm_grid_status":"","footnotes":""},"categories":[652],"tags":[2548,1290,1292,2547,2549],"class_list":["post-3765","post","type-post","status-publish","format-standard","has-post-thumbnail","hentry","category-histoire-patrimoine","tag-communaute-en-diaspora","tag-guerre-dalgerie","tag-histoire-algerienne","tag-identite-algerienne","tag-peace-and-reconciliation"],"yoast_head":"<!-- This site is optimized with the Yoast SEO plugin v27.5 - https:\/\/yoast.com\/product\/yoast-seo-wordpress\/ -->\n<title>La guerre silencieuse contre l&#039;Alg\u00e9rie : un appel \u00e0 la paix<\/title>\n<meta name=\"description\" content=\"R\u00e9veillez-vous \u00e0 la trag\u00e9die des ann\u00e9es 60 : d\u00e9couvrez comment la guerre d&#039;Alg\u00e9rie continue de marquer notre identit\u00e9 collective aujourd&#039;hui. Un appel aux Alg\u00e9r\" \/>\n<meta name=\"robots\" content=\"index, follow, max-snippet:-1, max-image-preview:large, max-video-preview:-1\" \/>\n<link rel=\"canonical\" href=\"https:\/\/monmaghreb.com\/index.php\/2026\/05\/01\/la-guerre-silencieuse-contre-lalgerie-un-appel-a-la-paix-et-a-la-reconciliation\/\" \/>\n<meta property=\"og:locale\" content=\"en_US\" \/>\n<meta property=\"og:type\" content=\"article\" \/>\n<meta property=\"og:title\" content=\"La guerre silencieuse contre l&#039;Alg\u00e9rie : un appel \u00e0 la paix et \u00e0 la r\u00e9conciliation\" \/>\n<meta property=\"og:description\" content=\"R\u00e9veillez-vous \u00e0 la trag\u00e9die des ann\u00e9es 60 : d\u00e9couvrez comment la guerre d&#039;Alg\u00e9rie continue de marquer notre identit\u00e9 collective aujourd&#039;hui. Un appel aux Alg\u00e9r\" \/>\n<meta property=\"og:url\" content=\"https:\/\/monmaghreb.com\/index.php\/2026\/05\/01\/la-guerre-silencieuse-contre-lalgerie-un-appel-a-la-paix-et-a-la-reconciliation\/\" \/>\n<meta property=\"og:site_name\" content=\"Mon Maghreb\" \/>\n<meta property=\"article:author\" content=\"https:\/\/www.facebook.com\/monmaghrebcom\" \/>\n<meta property=\"article:published_time\" content=\"2026-05-01T20:00:16+00:00\" \/>\n<meta property=\"article:modified_time\" content=\"2026-05-01T20:00:21+00:00\" \/>\n<meta property=\"og:image\" content=\"https:\/\/monmaghreb.com\/wp-content\/uploads\/2026\/05\/featured-19.jpg\" \/>\n\t<meta property=\"og:image:width\" content=\"1880\" \/>\n\t<meta property=\"og:image:height\" content=\"1253\" \/>\n\t<meta property=\"og:image:type\" content=\"image\/jpeg\" \/>\n<meta name=\"author\" content=\"LaMagh\" \/>\n<meta name=\"twitter:card\" content=\"summary_large_image\" \/>\n<meta name=\"twitter:creator\" content=\"@MMaghreb50977\" \/>\n<meta name=\"twitter:label1\" content=\"Written by\" \/>\n\t<meta name=\"twitter:data1\" content=\"LaMagh\" \/>\n\t<meta name=\"twitter:label2\" content=\"Est. reading time\" \/>\n\t<meta name=\"twitter:data2\" content=\"5 minutes\" \/>\n<script type=\"application\/ld+json\" class=\"yoast-schema-graph\">{\"@context\":\"https:\\\/\\\/schema.org\",\"@graph\":[{\"@type\":\"Article\",\"@id\":\"https:\\\/\\\/monmaghreb.com\\\/index.php\\\/2026\\\/05\\\/01\\\/la-guerre-silencieuse-contre-lalgerie-un-appel-a-la-paix-et-a-la-reconciliation\\\/#article\",\"isPartOf\":{\"@id\":\"https:\\\/\\\/monmaghreb.com\\\/index.php\\\/2026\\\/05\\\/01\\\/la-guerre-silencieuse-contre-lalgerie-un-appel-a-la-paix-et-a-la-reconciliation\\\/\"},\"author\":{\"name\":\"LaMagh\",\"@id\":\"http:\\\/\\\/monmaghreb.com\\\/#\\\/schema\\\/person\\\/c469a89dc8c6b8987dcb438b1200d054\"},\"headline\":\"La guerre silencieuse contre l&#8217;Alg\u00e9rie : un appel \u00e0 la paix et \u00e0 la r\u00e9conciliation\",\"datePublished\":\"2026-05-01T20:00:16+00:00\",\"dateModified\":\"2026-05-01T20:00:21+00:00\",\"mainEntityOfPage\":{\"@id\":\"https:\\\/\\\/monmaghreb.com\\\/index.php\\\/2026\\\/05\\\/01\\\/la-guerre-silencieuse-contre-lalgerie-un-appel-a-la-paix-et-a-la-reconciliation\\\/\"},\"wordCount\":1074,\"publisher\":{\"@id\":\"http:\\\/\\\/monmaghreb.com\\\/#organization\"},\"image\":{\"@id\":\"https:\\\/\\\/monmaghreb.com\\\/index.php\\\/2026\\\/05\\\/01\\\/la-guerre-silencieuse-contre-lalgerie-un-appel-a-la-paix-et-a-la-reconciliation\\\/#primaryimage\"},\"thumbnailUrl\":\"https:\\\/\\\/monmaghreb.com\\\/wp-content\\\/uploads\\\/2026\\\/05\\\/featured-19.jpg\",\"keywords\":[\"communaut\u00e9 en diaspora\",\"guerre d'alg\u00e9rie\",\"histoire alg\u00e9rienne\",\"identit\u00e9 alg\u00e9rienne\",\"peace and reconciliation\"],\"articleSection\":[\"Histoire &amp; Patrimoine\"],\"inLanguage\":\"en-US\"},{\"@type\":\"WebPage\",\"@id\":\"https:\\\/\\\/monmaghreb.com\\\/index.php\\\/2026\\\/05\\\/01\\\/la-guerre-silencieuse-contre-lalgerie-un-appel-a-la-paix-et-a-la-reconciliation\\\/\",\"url\":\"https:\\\/\\\/monmaghreb.com\\\/index.php\\\/2026\\\/05\\\/01\\\/la-guerre-silencieuse-contre-lalgerie-un-appel-a-la-paix-et-a-la-reconciliation\\\/\",\"name\":\"La guerre silencieuse contre l'Alg\u00e9rie : un appel \u00e0 la paix\",\"isPartOf\":{\"@id\":\"http:\\\/\\\/monmaghreb.com\\\/#website\"},\"primaryImageOfPage\":{\"@id\":\"https:\\\/\\\/monmaghreb.com\\\/index.php\\\/2026\\\/05\\\/01\\\/la-guerre-silencieuse-contre-lalgerie-un-appel-a-la-paix-et-a-la-reconciliation\\\/#primaryimage\"},\"image\":{\"@id\":\"https:\\\/\\\/monmaghreb.com\\\/index.php\\\/2026\\\/05\\\/01\\\/la-guerre-silencieuse-contre-lalgerie-un-appel-a-la-paix-et-a-la-reconciliation\\\/#primaryimage\"},\"thumbnailUrl\":\"https:\\\/\\\/monmaghreb.com\\\/wp-content\\\/uploads\\\/2026\\\/05\\\/featured-19.jpg\",\"datePublished\":\"2026-05-01T20:00:16+00:00\",\"dateModified\":\"2026-05-01T20:00:21+00:00\",\"description\":\"R\u00e9veillez-vous \u00e0 la trag\u00e9die des ann\u00e9es 60 : d\u00e9couvrez comment la guerre d'Alg\u00e9rie continue de marquer notre identit\u00e9 collective aujourd'hui. Un appel aux Alg\u00e9r\",\"breadcrumb\":{\"@id\":\"https:\\\/\\\/monmaghreb.com\\\/index.php\\\/2026\\\/05\\\/01\\\/la-guerre-silencieuse-contre-lalgerie-un-appel-a-la-paix-et-a-la-reconciliation\\\/#breadcrumb\"},\"inLanguage\":\"en-US\",\"potentialAction\":[{\"@type\":\"ReadAction\",\"target\":[\"https:\\\/\\\/monmaghreb.com\\\/index.php\\\/2026\\\/05\\\/01\\\/la-guerre-silencieuse-contre-lalgerie-un-appel-a-la-paix-et-a-la-reconciliation\\\/\"]}]},{\"@type\":\"ImageObject\",\"inLanguage\":\"en-US\",\"@id\":\"https:\\\/\\\/monmaghreb.com\\\/index.php\\\/2026\\\/05\\\/01\\\/la-guerre-silencieuse-contre-lalgerie-un-appel-a-la-paix-et-a-la-reconciliation\\\/#primaryimage\",\"url\":\"https:\\\/\\\/monmaghreb.com\\\/wp-content\\\/uploads\\\/2026\\\/05\\\/featured-19.jpg\",\"contentUrl\":\"https:\\\/\\\/monmaghreb.com\\\/wp-content\\\/uploads\\\/2026\\\/05\\\/featured-19.jpg\",\"width\":1880,\"height\":1253,\"caption\":\"Alg\u00e9riens r\u00e9unis autour d'une table avec une image de la guerre silencieuse\"},{\"@type\":\"BreadcrumbList\",\"@id\":\"https:\\\/\\\/monmaghreb.com\\\/index.php\\\/2026\\\/05\\\/01\\\/la-guerre-silencieuse-contre-lalgerie-un-appel-a-la-paix-et-a-la-reconciliation\\\/#breadcrumb\",\"itemListElement\":[{\"@type\":\"ListItem\",\"position\":1,\"name\":\"Home\",\"item\":\"http:\\\/\\\/monmaghreb.com\\\/\"},{\"@type\":\"ListItem\",\"position\":2,\"name\":\"La guerre silencieuse contre l&#8217;Alg\u00e9rie : un appel \u00e0 la paix et \u00e0 la r\u00e9conciliation\"}]},{\"@type\":\"WebSite\",\"@id\":\"http:\\\/\\\/monmaghreb.com\\\/#website\",\"url\":\"http:\\\/\\\/monmaghreb.com\\\/\",\"name\":\"Mon Maghreb\",\"description\":\"MonMaghreb United\",\"publisher\":{\"@id\":\"http:\\\/\\\/monmaghreb.com\\\/#organization\"},\"alternateName\":\"Le Monde du Maghreb et au del\u00e0\",\"potentialAction\":[{\"@type\":\"SearchAction\",\"target\":{\"@type\":\"EntryPoint\",\"urlTemplate\":\"http:\\\/\\\/monmaghreb.com\\\/?s={search_term_string}\"},\"query-input\":{\"@type\":\"PropertyValueSpecification\",\"valueRequired\":true,\"valueName\":\"search_term_string\"}}],\"inLanguage\":\"en-US\"},{\"@type\":\"Organization\",\"@id\":\"http:\\\/\\\/monmaghreb.com\\\/#organization\",\"name\":\"Mon Maghreb\",\"url\":\"http:\\\/\\\/monmaghreb.com\\\/\",\"logo\":{\"@type\":\"ImageObject\",\"inLanguage\":\"en-US\",\"@id\":\"http:\\\/\\\/monmaghreb.com\\\/#\\\/schema\\\/logo\\\/image\\\/\",\"url\":\"https:\\\/\\\/monmaghreb.com\\\/wp-content\\\/uploads\\\/2025\\\/12\\\/Mon_Maghreb_Logo.jpg\",\"contentUrl\":\"https:\\\/\\\/monmaghreb.com\\\/wp-content\\\/uploads\\\/2025\\\/12\\\/Mon_Maghreb_Logo.jpg\",\"width\":814,\"height\":374,\"caption\":\"Mon Maghreb\"},\"image\":{\"@id\":\"http:\\\/\\\/monmaghreb.com\\\/#\\\/schema\\\/logo\\\/image\\\/\"}},{\"@type\":\"Person\",\"@id\":\"http:\\\/\\\/monmaghreb.com\\\/#\\\/schema\\\/person\\\/c469a89dc8c6b8987dcb438b1200d054\",\"name\":\"LaMagh\",\"image\":{\"@type\":\"ImageObject\",\"inLanguage\":\"en-US\",\"@id\":\"https:\\\/\\\/secure.gravatar.com\\\/avatar\\\/399d8144bd55fba55e056779aca52fe528bac7911f6449e54d81173d6dfd7f0a?s=96&d=mm&r=g\",\"url\":\"https:\\\/\\\/secure.gravatar.com\\\/avatar\\\/399d8144bd55fba55e056779aca52fe528bac7911f6449e54d81173d6dfd7f0a?s=96&d=mm&r=g\",\"contentUrl\":\"https:\\\/\\\/secure.gravatar.com\\\/avatar\\\/399d8144bd55fba55e056779aca52fe528bac7911f6449e54d81173d6dfd7f0a?s=96&d=mm&r=g\",\"caption\":\"LaMagh\"},\"sameAs\":[\"https:\\\/\\\/monmaghreb.com\",\"https:\\\/\\\/www.facebook.com\\\/monmaghrebcom\",\"https:\\\/\\\/x.com\\\/MMaghreb50977\"],\"url\":\"https:\\\/\\\/monmaghreb.com\\\/index.php\\\/author\\\/lamagh\\\/\"}]}<\/script>\n<!-- \/ Yoast SEO plugin. -->","yoast_head_json":{"title":"La guerre silencieuse contre l'Alg\u00e9rie : un appel \u00e0 la paix","description":"R\u00e9veillez-vous \u00e0 la trag\u00e9die des ann\u00e9es 60 : d\u00e9couvrez comment la guerre d'Alg\u00e9rie continue de marquer notre identit\u00e9 collective aujourd'hui. Un appel aux Alg\u00e9r","robots":{"index":"index","follow":"follow","max-snippet":"max-snippet:-1","max-image-preview":"max-image-preview:large","max-video-preview":"max-video-preview:-1"},"canonical":"https:\/\/monmaghreb.com\/index.php\/2026\/05\/01\/la-guerre-silencieuse-contre-lalgerie-un-appel-a-la-paix-et-a-la-reconciliation\/","og_locale":"en_US","og_type":"article","og_title":"La guerre silencieuse contre l'Alg\u00e9rie : un appel \u00e0 la paix et \u00e0 la r\u00e9conciliation","og_description":"R\u00e9veillez-vous \u00e0 la trag\u00e9die des ann\u00e9es 60 : d\u00e9couvrez comment la guerre d'Alg\u00e9rie continue de marquer notre identit\u00e9 collective aujourd'hui. Un appel aux Alg\u00e9r","og_url":"https:\/\/monmaghreb.com\/index.php\/2026\/05\/01\/la-guerre-silencieuse-contre-lalgerie-un-appel-a-la-paix-et-a-la-reconciliation\/","og_site_name":"Mon Maghreb","article_author":"https:\/\/www.facebook.com\/monmaghrebcom","article_published_time":"2026-05-01T20:00:16+00:00","article_modified_time":"2026-05-01T20:00:21+00:00","og_image":[{"width":1880,"height":1253,"url":"https:\/\/monmaghreb.com\/wp-content\/uploads\/2026\/05\/featured-19.jpg","type":"image\/jpeg"}],"author":"LaMagh","twitter_card":"summary_large_image","twitter_creator":"@MMaghreb50977","twitter_misc":{"Written by":"LaMagh","Est. reading time":"5 minutes"},"schema":{"@context":"https:\/\/schema.org","@graph":[{"@type":"Article","@id":"https:\/\/monmaghreb.com\/index.php\/2026\/05\/01\/la-guerre-silencieuse-contre-lalgerie-un-appel-a-la-paix-et-a-la-reconciliation\/#article","isPartOf":{"@id":"https:\/\/monmaghreb.com\/index.php\/2026\/05\/01\/la-guerre-silencieuse-contre-lalgerie-un-appel-a-la-paix-et-a-la-reconciliation\/"},"author":{"name":"LaMagh","@id":"http:\/\/monmaghreb.com\/#\/schema\/person\/c469a89dc8c6b8987dcb438b1200d054"},"headline":"La guerre silencieuse contre l&#8217;Alg\u00e9rie : un appel \u00e0 la paix et \u00e0 la r\u00e9conciliation","datePublished":"2026-05-01T20:00:16+00:00","dateModified":"2026-05-01T20:00:21+00:00","mainEntityOfPage":{"@id":"https:\/\/monmaghreb.com\/index.php\/2026\/05\/01\/la-guerre-silencieuse-contre-lalgerie-un-appel-a-la-paix-et-a-la-reconciliation\/"},"wordCount":1074,"publisher":{"@id":"http:\/\/monmaghreb.com\/#organization"},"image":{"@id":"https:\/\/monmaghreb.com\/index.php\/2026\/05\/01\/la-guerre-silencieuse-contre-lalgerie-un-appel-a-la-paix-et-a-la-reconciliation\/#primaryimage"},"thumbnailUrl":"https:\/\/monmaghreb.com\/wp-content\/uploads\/2026\/05\/featured-19.jpg","keywords":["communaut\u00e9 en diaspora","guerre d'alg\u00e9rie","histoire alg\u00e9rienne","identit\u00e9 alg\u00e9rienne","peace and reconciliation"],"articleSection":["Histoire &amp; Patrimoine"],"inLanguage":"en-US"},{"@type":"WebPage","@id":"https:\/\/monmaghreb.com\/index.php\/2026\/05\/01\/la-guerre-silencieuse-contre-lalgerie-un-appel-a-la-paix-et-a-la-reconciliation\/","url":"https:\/\/monmaghreb.com\/index.php\/2026\/05\/01\/la-guerre-silencieuse-contre-lalgerie-un-appel-a-la-paix-et-a-la-reconciliation\/","name":"La guerre silencieuse contre l'Alg\u00e9rie : un appel \u00e0 la paix","isPartOf":{"@id":"http:\/\/monmaghreb.com\/#website"},"primaryImageOfPage":{"@id":"https:\/\/monmaghreb.com\/index.php\/2026\/05\/01\/la-guerre-silencieuse-contre-lalgerie-un-appel-a-la-paix-et-a-la-reconciliation\/#primaryimage"},"image":{"@id":"https:\/\/monmaghreb.com\/index.php\/2026\/05\/01\/la-guerre-silencieuse-contre-lalgerie-un-appel-a-la-paix-et-a-la-reconciliation\/#primaryimage"},"thumbnailUrl":"https:\/\/monmaghreb.com\/wp-content\/uploads\/2026\/05\/featured-19.jpg","datePublished":"2026-05-01T20:00:16+00:00","dateModified":"2026-05-01T20:00:21+00:00","description":"R\u00e9veillez-vous \u00e0 la trag\u00e9die des ann\u00e9es 60 : d\u00e9couvrez comment la guerre d'Alg\u00e9rie continue de marquer notre identit\u00e9 collective aujourd'hui. Un appel aux Alg\u00e9r","breadcrumb":{"@id":"https:\/\/monmaghreb.com\/index.php\/2026\/05\/01\/la-guerre-silencieuse-contre-lalgerie-un-appel-a-la-paix-et-a-la-reconciliation\/#breadcrumb"},"inLanguage":"en-US","potentialAction":[{"@type":"ReadAction","target":["https:\/\/monmaghreb.com\/index.php\/2026\/05\/01\/la-guerre-silencieuse-contre-lalgerie-un-appel-a-la-paix-et-a-la-reconciliation\/"]}]},{"@type":"ImageObject","inLanguage":"en-US","@id":"https:\/\/monmaghreb.com\/index.php\/2026\/05\/01\/la-guerre-silencieuse-contre-lalgerie-un-appel-a-la-paix-et-a-la-reconciliation\/#primaryimage","url":"https:\/\/monmaghreb.com\/wp-content\/uploads\/2026\/05\/featured-19.jpg","contentUrl":"https:\/\/monmaghreb.com\/wp-content\/uploads\/2026\/05\/featured-19.jpg","width":1880,"height":1253,"caption":"Alg\u00e9riens r\u00e9unis autour d'une table avec une image de la guerre silencieuse"},{"@type":"BreadcrumbList","@id":"https:\/\/monmaghreb.com\/index.php\/2026\/05\/01\/la-guerre-silencieuse-contre-lalgerie-un-appel-a-la-paix-et-a-la-reconciliation\/#breadcrumb","itemListElement":[{"@type":"ListItem","position":1,"name":"Home","item":"http:\/\/monmaghreb.com\/"},{"@type":"ListItem","position":2,"name":"La guerre silencieuse contre l&#8217;Alg\u00e9rie : un appel \u00e0 la paix et \u00e0 la r\u00e9conciliation"}]},{"@type":"WebSite","@id":"http:\/\/monmaghreb.com\/#website","url":"http:\/\/monmaghreb.com\/","name":"Mon Maghreb","description":"MonMaghreb United","publisher":{"@id":"http:\/\/monmaghreb.com\/#organization"},"alternateName":"Le Monde du Maghreb et au del\u00e0","potentialAction":[{"@type":"SearchAction","target":{"@type":"EntryPoint","urlTemplate":"http:\/\/monmaghreb.com\/?s={search_term_string}"},"query-input":{"@type":"PropertyValueSpecification","valueRequired":true,"valueName":"search_term_string"}}],"inLanguage":"en-US"},{"@type":"Organization","@id":"http:\/\/monmaghreb.com\/#organization","name":"Mon Maghreb","url":"http:\/\/monmaghreb.com\/","logo":{"@type":"ImageObject","inLanguage":"en-US","@id":"http:\/\/monmaghreb.com\/#\/schema\/logo\/image\/","url":"https:\/\/monmaghreb.com\/wp-content\/uploads\/2025\/12\/Mon_Maghreb_Logo.jpg","contentUrl":"https:\/\/monmaghreb.com\/wp-content\/uploads\/2025\/12\/Mon_Maghreb_Logo.jpg","width":814,"height":374,"caption":"Mon Maghreb"},"image":{"@id":"http:\/\/monmaghreb.com\/#\/schema\/logo\/image\/"}},{"@type":"Person","@id":"http:\/\/monmaghreb.com\/#\/schema\/person\/c469a89dc8c6b8987dcb438b1200d054","name":"LaMagh","image":{"@type":"ImageObject","inLanguage":"en-US","@id":"https:\/\/secure.gravatar.com\/avatar\/399d8144bd55fba55e056779aca52fe528bac7911f6449e54d81173d6dfd7f0a?s=96&d=mm&r=g","url":"https:\/\/secure.gravatar.com\/avatar\/399d8144bd55fba55e056779aca52fe528bac7911f6449e54d81173d6dfd7f0a?s=96&d=mm&r=g","contentUrl":"https:\/\/secure.gravatar.com\/avatar\/399d8144bd55fba55e056779aca52fe528bac7911f6449e54d81173d6dfd7f0a?s=96&d=mm&r=g","caption":"LaMagh"},"sameAs":["https:\/\/monmaghreb.com","https:\/\/www.facebook.com\/monmaghrebcom","https:\/\/x.com\/MMaghreb50977"],"url":"https:\/\/monmaghreb.com\/index.php\/author\/lamagh\/"}]}},"_links":{"self":[{"href":"https:\/\/monmaghreb.com\/index.php\/wp-json\/wp\/v2\/posts\/3765","targetHints":{"allow":["GET"]}}],"collection":[{"href":"https:\/\/monmaghreb.com\/index.php\/wp-json\/wp\/v2\/posts"}],"about":[{"href":"https:\/\/monmaghreb.com\/index.php\/wp-json\/wp\/v2\/types\/post"}],"author":[{"embeddable":true,"href":"https:\/\/monmaghreb.com\/index.php\/wp-json\/wp\/v2\/users\/1"}],"replies":[{"embeddable":true,"href":"https:\/\/monmaghreb.com\/index.php\/wp-json\/wp\/v2\/comments?post=3765"}],"version-history":[{"count":1,"href":"https:\/\/monmaghreb.com\/index.php\/wp-json\/wp\/v2\/posts\/3765\/revisions"}],"predecessor-version":[{"id":3766,"href":"https:\/\/monmaghreb.com\/index.php\/wp-json\/wp\/v2\/posts\/3765\/revisions\/3766"}],"wp:featuredmedia":[{"embeddable":true,"href":"https:\/\/monmaghreb.com\/index.php\/wp-json\/wp\/v2\/media\/3764"}],"wp:attachment":[{"href":"https:\/\/monmaghreb.com\/index.php\/wp-json\/wp\/v2\/media?parent=3765"}],"wp:term":[{"taxonomy":"category","embeddable":true,"href":"https:\/\/monmaghreb.com\/index.php\/wp-json\/wp\/v2\/categories?post=3765"},{"taxonomy":"post_tag","embeddable":true,"href":"https:\/\/monmaghreb.com\/index.php\/wp-json\/wp\/v2\/tags?post=3765"}],"curies":[{"name":"wp","href":"https:\/\/api.w.org\/{rel}","templated":true}]}}