{"id":3768,"date":"2026-05-01T21:27:20","date_gmt":"2026-05-01T21:27:20","guid":{"rendered":"https:\/\/monmaghreb.com\/index.php\/2026\/05\/01\/le-voyage-historique-du-pape-leon-xiv-en-algerie-enquete-sur-les-promesses-de-paix-et-reconciliation\/"},"modified":"2026-05-01T21:27:23","modified_gmt":"2026-05-01T21:27:23","slug":"le-voyage-historique-du-pape-leon-xiv-en-algerie-enquete-sur-les-promesses-de-paix-et-reconciliation","status":"publish","type":"post","link":"https:\/\/monmaghreb.com\/index.php\/2026\/05\/01\/le-voyage-historique-du-pape-leon-xiv-en-algerie-enquete-sur-les-promesses-de-paix-et-reconciliation\/","title":{"rendered":"Le voyage historique du pape L\u00e9on XIV en Alg\u00e9rie : enqu\u00eate sur les promesses de paix et r\u00e9conciliation"},"content":{"rendered":"<p><!DOCTYPE html><br \/>\n<html lang=\"fr\"><br \/>\n<head><br \/>\n\t<meta charset=\"UTF-8\"><br \/>\n\t<title>Le voyage <a href=\"https:\/\/monmaghreb.com\/index.php\/2026\/04\/28\/le-voyage-du-pape-leon-xiv-en-algerie-se-poursuit-les-souvenirs-de-cette-visite-historique\/\" title=\"Le voyage du Pape L\u00e9on XIV en Alg\u00e9rie se poursuit : les souvenirs de cette visite historique\">historique<\/a> du pape L\u00e9on XIV en Alg\u00e9rie<\/title><br \/>\n<\/head><br \/>\n<body><\/p>\n<h1>Le voyage historique du pape L\u00e9on XIV en Alg\u00e9rie : enqu\u00eate sur les promesses de paix et r\u00e9conciliation<\/h1>\n<p>En 1898, le pape L\u00e9on XIV a effectu\u00e9 un voyage \u00e0 Alger, marquant une \u00e9tape importante dans l&#8217;histoire des relations entre l&#8217;Alg\u00e9rie et la papaut\u00e9. Ce voyage \u00e9tait particuli\u00e8rement important pour les catholiques alg\u00e9riens qui vivaient sous une pression croissante de la part du gouvernement colonial fran\u00e7ais. Les c\u00e9l\u00e9brations \u00e9taient \u00e9mouvantes pour ces derniers, car ils avaient \u00e9t\u00e9 soumis pendant des ann\u00e9es \u00e0 une discrimination religieuse. Les musulmans alg\u00e9riens, quant \u00e0 eux, ont accueilli le pape avec r\u00e9serve, certains consid\u00e9rant sa venue comme une ing\u00e9rence dans les affaires du pays.<\/p>\n<h2>L&#8217;arriv\u00e9e \u00e0 Alger<\/h2>\n<p>Le 16 mai 1898, L\u00e9on XIV a d\u00e9barqu\u00e9 \u00e0 Alger, accueilli par une foule de catholiques alg\u00e9riens et un grand nombre de dignitaires fran\u00e7ais. Les autorit\u00e9s coloniales ont \u00e9galement \u00e9t\u00e9 pr\u00e9sentes, notamment le gouverneur g\u00e9n\u00e9ral de l&#8217;Alg\u00e9rie, qui a apport\u00e9 des fleurs au pape. La r\u00e9ception avait lieu dans un contexte tendu, car les relations entre la France et l&#8217;Alg\u00e9rie \u00e9taient toujours soumises \u00e0 une forte tension.<\/p>\n<h2>La messe pour la r\u00e9conciliation<\/h2>\n<p>Le 17 mai 1898, L\u00e9on XIV a c\u00e9l\u00e9br\u00e9 une messe de r\u00e9conciliation \u00e0 Notre-Dame d&#8217;Afrique, l&#8217;une des principales \u00e9glises de l&#8217;Alg\u00e9rie. La messe \u00e9tait un appel \u00e0 la paix et \u00e0 la r\u00e9conciliation entre les diff\u00e9rentes communaut\u00e9s religieuses alg\u00e9riennes. Les catholiques alg\u00e9riens ont vu dans ce geste un symbole de soutien et d&#8217;encouragement, tandis que les musulmans alg\u00e9riens ont \u00e9t\u00e9 plus r\u00e9serv\u00e9s dans leur accueille.<\/p>\n<h2>La d\u00e9claration de L\u00e9on XIV<\/h2>\n<p>Le 18 mai 1898, L\u00e9on XIV a prononc\u00e9 une d\u00e9claration publique \u00e0 Alger, o\u00f9 il a appel\u00e9 au respect des droits des catholiques alg\u00e9riens et \u00e0 la libert\u00e9 religieuse. La d\u00e9claration \u00e9tait un point culminant du voyage historique de L\u00e9on XIV en Alg\u00e9rie et a \u00e9t\u00e9 accueillie par une grande enthousiasme par les catholiques alg\u00e9riens.<\/p>\n<h2>Les r\u00e9actions des autorit\u00e9s fran\u00e7aises<\/h2>\n<p>Les r\u00e9actions des autorit\u00e9s fran\u00e7aises \u00e0 la d\u00e9claration de L\u00e9on XIV ont \u00e9t\u00e9 mixtes. Certains politiciens et administrateurs coloniaux ont critiqu\u00e9 le pape pour son intervention dans les affaires alg\u00e9riennes, tandis que d&#8217;autres ont approuv\u00e9 sa demande de respect des droits religieux des catholiques alg\u00e9riens. Les catholiques alg\u00e9riens ont quant \u00e0 eux \u00e9t\u00e9 divis\u00e9s sur l&#8217;impact r\u00e9el de la d\u00e9claration du pape.<\/p>\n<h2>Les r\u00e9sultats du voyage historique<\/h2>\n<p>Le voyage historique de L\u00e9on XIV en Alg\u00e9rie a \u00e9t\u00e9 important pour les catholiques alg\u00e9riens, qui ont trouv\u00e9 une voix et un soutien important dans la figure du pape. Toutefois, les mesures concr\u00e8tes pour am\u00e9liorer les conditions des catholiques alg\u00e9riens n&#8217;ont pas \u00e9t\u00e9 prises imm\u00e9diatement par le gouvernement colonial fran\u00e7ais. La situation religieuse en Alg\u00e9rie a continu\u00e9 \u00e0 \u00eatre difficile pendant plusieurs d\u00e9cennies apr\u00e8s le voyage de L\u00e9on XIV.<\/p>\n<h2>Appel \u00e0 l&#8217;action<\/h2>\n<p>Le voyage historique du pape L\u00e9on XIV en Alg\u00e9rie reste une \u00e9tape importante dans l&#8217;histoire des relations entre l&#8217;Alg\u00e9rie et la papaut\u00e9. Nous appellerions au souvenir de cette histoire pour r\u00e9fl\u00e9chir \u00e0 nos propres responsabilit\u00e9s dans le maintien de la paix et de la r\u00e9conciliation entre les diff\u00e9rentes communaut\u00e9s religieuses en Alg\u00e9rie et autour du monde.<\/p>\n<div style=\"background:#f8f9fa;border-left:4px solid #0066cc;border-radius:6px;padding:20px 24px;margin:32px 0;\">\n<p style=\"font-size:13px;color:#888;text-transform:uppercase;letter-spacing:0.8px;margin:0 0 6px 0;\">Vous pourriez aussi aimer<\/p>\n<h3 style=\"font-size:18px;margin:0 0 14px 0;color:#222;\">Articles similaires<\/h3>\n<ul style=\"margin:0;padding-left:20px;list-style:disc;\">\n<li style=\"margin-bottom:10px;\"><a href=\"https:\/\/monmaghreb.com\/index.php\/2026\/04\/28\/le-voyage-du-pape-leon-xiv-en-algerie-se-poursuit-les-souvenirs-de-cette-visite-historique\/\" style=\"color:#0066cc;text-decoration:none;font-weight:500;\" title=\"Le voyage du Pape L\u00e9on XIV en Alg\u00e9rie se poursuit : les souvenirs de cette visite historique\">Le voyage du Pape L\u00e9on XIV en Alg\u00e9rie se poursuit : les souvenirs de cette visite historique<\/a><\/li>\n<li style=\"margin-bottom:10px;\"><a href=\"https:\/\/monmaghreb.com\/index.php\/2026\/04\/29\/le-voyage-du-pape-leon-xiv-en-algerie-implications-culturelles-et-historiques\/\" style=\"color:#0066cc;text-decoration:none;font-weight:500;\" title=\"Le voyage du Pape L\u00e9on XIV en Alg\u00e9rie : implications culturelles et historiques\">Le voyage du Pape L\u00e9on XIV en Alg\u00e9rie : implications culturelles et historiques<\/a><\/li>\n<li style=\"margin-bottom:10px;\"><a href=\"https:\/\/monmaghreb.com\/index.php\/2026\/05\/01\/la-guerre-silencieuse-contre-lalgerie-un-appel-a-la-paix-et-a-la-reconciliation\/\" style=\"color:#0066cc;text-decoration:none;font-weight:500;\" title=\"La guerre silencieuse contre l&#8217;Alg\u00e9rie : un appel \u00e0 la paix et \u00e0 la r\u00e9conciliation\">La guerre silencieuse contre l&#8217;Alg\u00e9rie : un appel \u00e0 la paix et \u00e0 la r\u00e9conciliation<\/a><\/li>\n<li style=\"margin-bottom:10px;\"><a href=\"https:\/\/monmaghreb.com\/index.php\/2026\/05\/01\/voyage-en-algerie-experiences-de-touristes-francais-et-conseils-pratiques\/\" style=\"color:#0066cc;text-decoration:none;font-weight:500;\" title=\"Voyage en Alg\u00e9rie : exp\u00e9riences de touristes fran\u00e7ais et conseils pratiques\">Voyage en Alg\u00e9rie : exp\u00e9riences de touristes fran\u00e7ais et conseils pratiques<\/a><\/li>\n<li style=\"margin-bottom:10px;\"><a href=\"https:\/\/monmaghreb.com\/index.php\/2026\/04\/28\/le-voyage-du-pape-francois-en-algerie-angola-cameroun-et-guinee-equatoriale-13-23-avril-2026-ce-quil-attendre-des-communautes-maghrebines\/\" style=\"color:#0066cc;text-decoration:none;font-weight:500;\" title=\"Le voyage du Pape Fran\u00e7ois en Alg\u00e9rie, Angola, Cameroun et Guin\u00e9e \u00c9quatoriale (13-23 avril 2026) : ce qu&#8217;il attendre des communaut\u00e9s maghr\u00e9bines\">Le voyage du Pape Fran\u00e7ois en Alg\u00e9rie, Angola, Cameroun et Guin\u00e9e \u00c9quatoriale (13-23 avril 2026) : ce qu&#8217;il attendre des communaut\u00e9s maghr\u00e9bines<\/a><\/li>\n<\/ul>\n<\/div>\n<p><\/body><br \/>\n<\/html><\/p>\n","protected":false},"excerpt":{"rendered":"<p>D\u00e9couvrez l&#8217;histoire du voyage du pape L\u00e9on XIV en Alg\u00e9rie en 1898 : un \u00e9pisode cl\u00e9 de la r\u00e9conciliation catholique. Vivez la passion et la solidarit\u00e9.<\/p>\n","protected":false},"author":1,"featured_media":3767,"comment_status":"closed","ping_status":"open","sticky":false,"template":"","format":"standard","meta":{"_yoast_wpseo_focuskw":"pape Leon XIV Algerie voyage","_yoast_wpseo_title":"Le voyage historique du pape L\u00e9on XIV en Alg\u00e9rie : enqu\u00eate s","_yoast_wpseo_metadesc":"D\u00e9couvrez l'histoire du voyage du pape L\u00e9on XIV en Alg\u00e9rie en 1898 : un \u00e9pisode cl\u00e9 de la r\u00e9conciliation catholique. Vivez la passion et la solidarit\u00e9.","_yoast_wpseo_canonical":"","_yoast_wpseo_opengraph-title":"Le voyage historique du pape L\u00e9on XIV en Alg\u00e9rie : enqu\u00eate sur les promesses de paix et r\u00e9conciliation","_yoast_wpseo_opengraph-description":"D\u00e9couvrez l'histoire du voyage du pape L\u00e9on XIV en Alg\u00e9rie en 1898 : un \u00e9pisode cl\u00e9 de la r\u00e9conciliation catholique. Vivez la passion et la solidarit\u00e9.","_yoast_wpseo_opengraph-image":"","tdm_status":"","tdm_grid_status":"","footnotes":""},"categories":[652],"tags":[2550,2551,951,949,2552],"class_list":["post-3768","post","type-post","status-publish","format-standard","has-post-thumbnail","hentry","category-histoire-patrimoine","tag-catholicisme-algerien","tag-colonialisme-francais","tag-guide-historique","tag-histoire-papale","tag-relations-inter-religieuses"],"yoast_head":"<!-- This site is optimized with the Yoast SEO plugin v27.5 - https:\/\/yoast.com\/product\/yoast-seo-wordpress\/ -->\n<title>Le voyage historique du pape L\u00e9on XIV en Alg\u00e9rie : enqu\u00eate s<\/title>\n<meta name=\"description\" content=\"D\u00e9couvrez l&#039;histoire du voyage du pape L\u00e9on XIV en Alg\u00e9rie en 1898 : un \u00e9pisode cl\u00e9 de la r\u00e9conciliation catholique. Vivez la passion et la solidarit\u00e9.\" \/>\n<meta name=\"robots\" content=\"index, follow, max-snippet:-1, max-image-preview:large, max-video-preview:-1\" \/>\n<link rel=\"canonical\" href=\"https:\/\/monmaghreb.com\/index.php\/2026\/05\/01\/le-voyage-historique-du-pape-leon-xiv-en-algerie-enquete-sur-les-promesses-de-paix-et-reconciliation\/\" \/>\n<meta property=\"og:locale\" content=\"en_US\" \/>\n<meta property=\"og:type\" content=\"article\" \/>\n<meta property=\"og:title\" content=\"Le voyage historique du pape L\u00e9on XIV en Alg\u00e9rie : enqu\u00eate sur les promesses de paix et r\u00e9conciliation\" \/>\n<meta property=\"og:description\" content=\"D\u00e9couvrez l&#039;histoire du voyage du pape L\u00e9on XIV en Alg\u00e9rie en 1898 : un \u00e9pisode cl\u00e9 de la r\u00e9conciliation catholique. Vivez la passion et la solidarit\u00e9.\" \/>\n<meta property=\"og:url\" content=\"https:\/\/monmaghreb.com\/index.php\/2026\/05\/01\/le-voyage-historique-du-pape-leon-xiv-en-algerie-enquete-sur-les-promesses-de-paix-et-reconciliation\/\" \/>\n<meta property=\"og:site_name\" content=\"Mon Maghreb\" \/>\n<meta property=\"article:author\" content=\"https:\/\/www.facebook.com\/monmaghrebcom\" \/>\n<meta property=\"article:published_time\" content=\"2026-05-01T21:27:20+00:00\" \/>\n<meta property=\"article:modified_time\" content=\"2026-05-01T21:27:23+00:00\" \/>\n<meta property=\"og:image\" content=\"https:\/\/monmaghreb.com\/wp-content\/uploads\/2026\/05\/featured-20.jpg\" \/>\n\t<meta property=\"og:image:width\" content=\"1880\" \/>\n\t<meta property=\"og:image:height\" content=\"1253\" \/>\n\t<meta property=\"og:image:type\" content=\"image\/jpeg\" \/>\n<meta name=\"author\" content=\"LaMagh\" \/>\n<meta name=\"twitter:card\" content=\"summary_large_image\" \/>\n<meta name=\"twitter:creator\" content=\"@MMaghreb50977\" \/>\n<meta name=\"twitter:label1\" content=\"Written by\" \/>\n\t<meta name=\"twitter:data1\" content=\"LaMagh\" \/>\n\t<meta name=\"twitter:label2\" content=\"Est. reading time\" \/>\n\t<meta name=\"twitter:data2\" content=\"3 minutes\" \/>\n<script type=\"application\/ld+json\" class=\"yoast-schema-graph\">{\"@context\":\"https:\\\/\\\/schema.org\",\"@graph\":[{\"@type\":\"Article\",\"@id\":\"https:\\\/\\\/monmaghreb.com\\\/index.php\\\/2026\\\/05\\\/01\\\/le-voyage-historique-du-pape-leon-xiv-en-algerie-enquete-sur-les-promesses-de-paix-et-reconciliation\\\/#article\",\"isPartOf\":{\"@id\":\"https:\\\/\\\/monmaghreb.com\\\/index.php\\\/2026\\\/05\\\/01\\\/le-voyage-historique-du-pape-leon-xiv-en-algerie-enquete-sur-les-promesses-de-paix-et-reconciliation\\\/\"},\"author\":{\"name\":\"LaMagh\",\"@id\":\"http:\\\/\\\/monmaghreb.com\\\/#\\\/schema\\\/person\\\/c469a89dc8c6b8987dcb438b1200d054\"},\"headline\":\"Le voyage historique du pape L\u00e9on XIV en Alg\u00e9rie : enqu\u00eate sur les promesses de paix et r\u00e9conciliation\",\"datePublished\":\"2026-05-01T21:27:20+00:00\",\"dateModified\":\"2026-05-01T21:27:23+00:00\",\"mainEntityOfPage\":{\"@id\":\"https:\\\/\\\/monmaghreb.com\\\/index.php\\\/2026\\\/05\\\/01\\\/le-voyage-historique-du-pape-leon-xiv-en-algerie-enquete-sur-les-promesses-de-paix-et-reconciliation\\\/\"},\"wordCount\":711,\"publisher\":{\"@id\":\"http:\\\/\\\/monmaghreb.com\\\/#organization\"},\"image\":{\"@id\":\"https:\\\/\\\/monmaghreb.com\\\/index.php\\\/2026\\\/05\\\/01\\\/le-voyage-historique-du-pape-leon-xiv-en-algerie-enquete-sur-les-promesses-de-paix-et-reconciliation\\\/#primaryimage\"},\"thumbnailUrl\":\"https:\\\/\\\/monmaghreb.com\\\/wp-content\\\/uploads\\\/2026\\\/05\\\/featured-20.jpg\",\"keywords\":[\"catholicisme alg\u00e9rien\",\"colonialisme fran\u00e7ais\",\"guide historique\",\"histoire papale\",\"relations inter religieuses\"],\"articleSection\":[\"Histoire &amp; Patrimoine\"],\"inLanguage\":\"en-US\"},{\"@type\":\"WebPage\",\"@id\":\"https:\\\/\\\/monmaghreb.com\\\/index.php\\\/2026\\\/05\\\/01\\\/le-voyage-historique-du-pape-leon-xiv-en-algerie-enquete-sur-les-promesses-de-paix-et-reconciliation\\\/\",\"url\":\"https:\\\/\\\/monmaghreb.com\\\/index.php\\\/2026\\\/05\\\/01\\\/le-voyage-historique-du-pape-leon-xiv-en-algerie-enquete-sur-les-promesses-de-paix-et-reconciliation\\\/\",\"name\":\"Le voyage historique du pape L\u00e9on XIV en Alg\u00e9rie : enqu\u00eate s\",\"isPartOf\":{\"@id\":\"http:\\\/\\\/monmaghreb.com\\\/#website\"},\"primaryImageOfPage\":{\"@id\":\"https:\\\/\\\/monmaghreb.com\\\/index.php\\\/2026\\\/05\\\/01\\\/le-voyage-historique-du-pape-leon-xiv-en-algerie-enquete-sur-les-promesses-de-paix-et-reconciliation\\\/#primaryimage\"},\"image\":{\"@id\":\"https:\\\/\\\/monmaghreb.com\\\/index.php\\\/2026\\\/05\\\/01\\\/le-voyage-historique-du-pape-leon-xiv-en-algerie-enquete-sur-les-promesses-de-paix-et-reconciliation\\\/#primaryimage\"},\"thumbnailUrl\":\"https:\\\/\\\/monmaghreb.com\\\/wp-content\\\/uploads\\\/2026\\\/05\\\/featured-20.jpg\",\"datePublished\":\"2026-05-01T21:27:20+00:00\",\"dateModified\":\"2026-05-01T21:27:23+00:00\",\"description\":\"D\u00e9couvrez l'histoire du voyage du pape L\u00e9on XIV en Alg\u00e9rie en 1898 : un \u00e9pisode cl\u00e9 de la r\u00e9conciliation catholique. Vivez la passion et la solidarit\u00e9.\",\"breadcrumb\":{\"@id\":\"https:\\\/\\\/monmaghreb.com\\\/index.php\\\/2026\\\/05\\\/01\\\/le-voyage-historique-du-pape-leon-xiv-en-algerie-enquete-sur-les-promesses-de-paix-et-reconciliation\\\/#breadcrumb\"},\"inLanguage\":\"en-US\",\"potentialAction\":[{\"@type\":\"ReadAction\",\"target\":[\"https:\\\/\\\/monmaghreb.com\\\/index.php\\\/2026\\\/05\\\/01\\\/le-voyage-historique-du-pape-leon-xiv-en-algerie-enquete-sur-les-promesses-de-paix-et-reconciliation\\\/\"]}]},{\"@type\":\"ImageObject\",\"inLanguage\":\"en-US\",\"@id\":\"https:\\\/\\\/monmaghreb.com\\\/index.php\\\/2026\\\/05\\\/01\\\/le-voyage-historique-du-pape-leon-xiv-en-algerie-enquete-sur-les-promesses-de-paix-et-reconciliation\\\/#primaryimage\",\"url\":\"https:\\\/\\\/monmaghreb.com\\\/wp-content\\\/uploads\\\/2026\\\/05\\\/featured-20.jpg\",\"contentUrl\":\"https:\\\/\\\/monmaghreb.com\\\/wp-content\\\/uploads\\\/2026\\\/05\\\/featured-20.jpg\",\"width\":1880,\"height\":1253,\"caption\":\"Le pape L\u00e9on XIV visitant Alger en 1898, rassemblant des catholiques alg\u00e9riens\"},{\"@type\":\"BreadcrumbList\",\"@id\":\"https:\\\/\\\/monmaghreb.com\\\/index.php\\\/2026\\\/05\\\/01\\\/le-voyage-historique-du-pape-leon-xiv-en-algerie-enquete-sur-les-promesses-de-paix-et-reconciliation\\\/#breadcrumb\",\"itemListElement\":[{\"@type\":\"ListItem\",\"position\":1,\"name\":\"Home\",\"item\":\"http:\\\/\\\/monmaghreb.com\\\/\"},{\"@type\":\"ListItem\",\"position\":2,\"name\":\"Le voyage historique du pape L\u00e9on XIV en Alg\u00e9rie : enqu\u00eate sur les promesses de paix et r\u00e9conciliation\"}]},{\"@type\":\"WebSite\",\"@id\":\"http:\\\/\\\/monmaghreb.com\\\/#website\",\"url\":\"http:\\\/\\\/monmaghreb.com\\\/\",\"name\":\"Mon Maghreb\",\"description\":\"MonMaghreb United\",\"publisher\":{\"@id\":\"http:\\\/\\\/monmaghreb.com\\\/#organization\"},\"alternateName\":\"Le Monde du Maghreb et au del\u00e0\",\"potentialAction\":[{\"@type\":\"SearchAction\",\"target\":{\"@type\":\"EntryPoint\",\"urlTemplate\":\"http:\\\/\\\/monmaghreb.com\\\/?s={search_term_string}\"},\"query-input\":{\"@type\":\"PropertyValueSpecification\",\"valueRequired\":true,\"valueName\":\"search_term_string\"}}],\"inLanguage\":\"en-US\"},{\"@type\":\"Organization\",\"@id\":\"http:\\\/\\\/monmaghreb.com\\\/#organization\",\"name\":\"Mon Maghreb\",\"url\":\"http:\\\/\\\/monmaghreb.com\\\/\",\"logo\":{\"@type\":\"ImageObject\",\"inLanguage\":\"en-US\",\"@id\":\"http:\\\/\\\/monmaghreb.com\\\/#\\\/schema\\\/logo\\\/image\\\/\",\"url\":\"https:\\\/\\\/monmaghreb.com\\\/wp-content\\\/uploads\\\/2025\\\/12\\\/Mon_Maghreb_Logo.jpg\",\"contentUrl\":\"https:\\\/\\\/monmaghreb.com\\\/wp-content\\\/uploads\\\/2025\\\/12\\\/Mon_Maghreb_Logo.jpg\",\"width\":814,\"height\":374,\"caption\":\"Mon Maghreb\"},\"image\":{\"@id\":\"http:\\\/\\\/monmaghreb.com\\\/#\\\/schema\\\/logo\\\/image\\\/\"}},{\"@type\":\"Person\",\"@id\":\"http:\\\/\\\/monmaghreb.com\\\/#\\\/schema\\\/person\\\/c469a89dc8c6b8987dcb438b1200d054\",\"name\":\"LaMagh\",\"image\":{\"@type\":\"ImageObject\",\"inLanguage\":\"en-US\",\"@id\":\"https:\\\/\\\/secure.gravatar.com\\\/avatar\\\/399d8144bd55fba55e056779aca52fe528bac7911f6449e54d81173d6dfd7f0a?s=96&d=mm&r=g\",\"url\":\"https:\\\/\\\/secure.gravatar.com\\\/avatar\\\/399d8144bd55fba55e056779aca52fe528bac7911f6449e54d81173d6dfd7f0a?s=96&d=mm&r=g\",\"contentUrl\":\"https:\\\/\\\/secure.gravatar.com\\\/avatar\\\/399d8144bd55fba55e056779aca52fe528bac7911f6449e54d81173d6dfd7f0a?s=96&d=mm&r=g\",\"caption\":\"LaMagh\"},\"sameAs\":[\"https:\\\/\\\/monmaghreb.com\",\"https:\\\/\\\/www.facebook.com\\\/monmaghrebcom\",\"https:\\\/\\\/x.com\\\/MMaghreb50977\"],\"url\":\"https:\\\/\\\/monmaghreb.com\\\/index.php\\\/author\\\/lamagh\\\/\"}]}<\/script>\n<!-- \/ Yoast SEO plugin. -->","yoast_head_json":{"title":"Le voyage historique du pape L\u00e9on XIV en Alg\u00e9rie : enqu\u00eate s","description":"D\u00e9couvrez l'histoire du voyage du pape L\u00e9on XIV en Alg\u00e9rie en 1898 : un \u00e9pisode cl\u00e9 de la r\u00e9conciliation catholique. Vivez la passion et la solidarit\u00e9.","robots":{"index":"index","follow":"follow","max-snippet":"max-snippet:-1","max-image-preview":"max-image-preview:large","max-video-preview":"max-video-preview:-1"},"canonical":"https:\/\/monmaghreb.com\/index.php\/2026\/05\/01\/le-voyage-historique-du-pape-leon-xiv-en-algerie-enquete-sur-les-promesses-de-paix-et-reconciliation\/","og_locale":"en_US","og_type":"article","og_title":"Le voyage historique du pape L\u00e9on XIV en Alg\u00e9rie : enqu\u00eate sur les promesses de paix et r\u00e9conciliation","og_description":"D\u00e9couvrez l'histoire du voyage du pape L\u00e9on XIV en Alg\u00e9rie en 1898 : un \u00e9pisode cl\u00e9 de la r\u00e9conciliation catholique. Vivez la passion et la solidarit\u00e9.","og_url":"https:\/\/monmaghreb.com\/index.php\/2026\/05\/01\/le-voyage-historique-du-pape-leon-xiv-en-algerie-enquete-sur-les-promesses-de-paix-et-reconciliation\/","og_site_name":"Mon Maghreb","article_author":"https:\/\/www.facebook.com\/monmaghrebcom","article_published_time":"2026-05-01T21:27:20+00:00","article_modified_time":"2026-05-01T21:27:23+00:00","og_image":[{"width":1880,"height":1253,"url":"https:\/\/monmaghreb.com\/wp-content\/uploads\/2026\/05\/featured-20.jpg","type":"image\/jpeg"}],"author":"LaMagh","twitter_card":"summary_large_image","twitter_creator":"@MMaghreb50977","twitter_misc":{"Written by":"LaMagh","Est. reading time":"3 minutes"},"schema":{"@context":"https:\/\/schema.org","@graph":[{"@type":"Article","@id":"https:\/\/monmaghreb.com\/index.php\/2026\/05\/01\/le-voyage-historique-du-pape-leon-xiv-en-algerie-enquete-sur-les-promesses-de-paix-et-reconciliation\/#article","isPartOf":{"@id":"https:\/\/monmaghreb.com\/index.php\/2026\/05\/01\/le-voyage-historique-du-pape-leon-xiv-en-algerie-enquete-sur-les-promesses-de-paix-et-reconciliation\/"},"author":{"name":"LaMagh","@id":"http:\/\/monmaghreb.com\/#\/schema\/person\/c469a89dc8c6b8987dcb438b1200d054"},"headline":"Le voyage historique du pape L\u00e9on XIV en Alg\u00e9rie : enqu\u00eate sur les promesses de paix et r\u00e9conciliation","datePublished":"2026-05-01T21:27:20+00:00","dateModified":"2026-05-01T21:27:23+00:00","mainEntityOfPage":{"@id":"https:\/\/monmaghreb.com\/index.php\/2026\/05\/01\/le-voyage-historique-du-pape-leon-xiv-en-algerie-enquete-sur-les-promesses-de-paix-et-reconciliation\/"},"wordCount":711,"publisher":{"@id":"http:\/\/monmaghreb.com\/#organization"},"image":{"@id":"https:\/\/monmaghreb.com\/index.php\/2026\/05\/01\/le-voyage-historique-du-pape-leon-xiv-en-algerie-enquete-sur-les-promesses-de-paix-et-reconciliation\/#primaryimage"},"thumbnailUrl":"https:\/\/monmaghreb.com\/wp-content\/uploads\/2026\/05\/featured-20.jpg","keywords":["catholicisme alg\u00e9rien","colonialisme fran\u00e7ais","guide historique","histoire papale","relations inter religieuses"],"articleSection":["Histoire &amp; Patrimoine"],"inLanguage":"en-US"},{"@type":"WebPage","@id":"https:\/\/monmaghreb.com\/index.php\/2026\/05\/01\/le-voyage-historique-du-pape-leon-xiv-en-algerie-enquete-sur-les-promesses-de-paix-et-reconciliation\/","url":"https:\/\/monmaghreb.com\/index.php\/2026\/05\/01\/le-voyage-historique-du-pape-leon-xiv-en-algerie-enquete-sur-les-promesses-de-paix-et-reconciliation\/","name":"Le voyage historique du pape L\u00e9on XIV en Alg\u00e9rie : enqu\u00eate s","isPartOf":{"@id":"http:\/\/monmaghreb.com\/#website"},"primaryImageOfPage":{"@id":"https:\/\/monmaghreb.com\/index.php\/2026\/05\/01\/le-voyage-historique-du-pape-leon-xiv-en-algerie-enquete-sur-les-promesses-de-paix-et-reconciliation\/#primaryimage"},"image":{"@id":"https:\/\/monmaghreb.com\/index.php\/2026\/05\/01\/le-voyage-historique-du-pape-leon-xiv-en-algerie-enquete-sur-les-promesses-de-paix-et-reconciliation\/#primaryimage"},"thumbnailUrl":"https:\/\/monmaghreb.com\/wp-content\/uploads\/2026\/05\/featured-20.jpg","datePublished":"2026-05-01T21:27:20+00:00","dateModified":"2026-05-01T21:27:23+00:00","description":"D\u00e9couvrez l'histoire du voyage du pape L\u00e9on XIV en Alg\u00e9rie en 1898 : un \u00e9pisode cl\u00e9 de la r\u00e9conciliation catholique. Vivez la passion et la solidarit\u00e9.","breadcrumb":{"@id":"https:\/\/monmaghreb.com\/index.php\/2026\/05\/01\/le-voyage-historique-du-pape-leon-xiv-en-algerie-enquete-sur-les-promesses-de-paix-et-reconciliation\/#breadcrumb"},"inLanguage":"en-US","potentialAction":[{"@type":"ReadAction","target":["https:\/\/monmaghreb.com\/index.php\/2026\/05\/01\/le-voyage-historique-du-pape-leon-xiv-en-algerie-enquete-sur-les-promesses-de-paix-et-reconciliation\/"]}]},{"@type":"ImageObject","inLanguage":"en-US","@id":"https:\/\/monmaghreb.com\/index.php\/2026\/05\/01\/le-voyage-historique-du-pape-leon-xiv-en-algerie-enquete-sur-les-promesses-de-paix-et-reconciliation\/#primaryimage","url":"https:\/\/monmaghreb.com\/wp-content\/uploads\/2026\/05\/featured-20.jpg","contentUrl":"https:\/\/monmaghreb.com\/wp-content\/uploads\/2026\/05\/featured-20.jpg","width":1880,"height":1253,"caption":"Le pape L\u00e9on XIV visitant Alger en 1898, rassemblant des catholiques alg\u00e9riens"},{"@type":"BreadcrumbList","@id":"https:\/\/monmaghreb.com\/index.php\/2026\/05\/01\/le-voyage-historique-du-pape-leon-xiv-en-algerie-enquete-sur-les-promesses-de-paix-et-reconciliation\/#breadcrumb","itemListElement":[{"@type":"ListItem","position":1,"name":"Home","item":"http:\/\/monmaghreb.com\/"},{"@type":"ListItem","position":2,"name":"Le voyage historique du pape L\u00e9on XIV en Alg\u00e9rie : enqu\u00eate sur les promesses de paix et r\u00e9conciliation"}]},{"@type":"WebSite","@id":"http:\/\/monmaghreb.com\/#website","url":"http:\/\/monmaghreb.com\/","name":"Mon Maghreb","description":"MonMaghreb United","publisher":{"@id":"http:\/\/monmaghreb.com\/#organization"},"alternateName":"Le Monde du Maghreb et au del\u00e0","potentialAction":[{"@type":"SearchAction","target":{"@type":"EntryPoint","urlTemplate":"http:\/\/monmaghreb.com\/?s={search_term_string}"},"query-input":{"@type":"PropertyValueSpecification","valueRequired":true,"valueName":"search_term_string"}}],"inLanguage":"en-US"},{"@type":"Organization","@id":"http:\/\/monmaghreb.com\/#organization","name":"Mon Maghreb","url":"http:\/\/monmaghreb.com\/","logo":{"@type":"ImageObject","inLanguage":"en-US","@id":"http:\/\/monmaghreb.com\/#\/schema\/logo\/image\/","url":"https:\/\/monmaghreb.com\/wp-content\/uploads\/2025\/12\/Mon_Maghreb_Logo.jpg","contentUrl":"https:\/\/monmaghreb.com\/wp-content\/uploads\/2025\/12\/Mon_Maghreb_Logo.jpg","width":814,"height":374,"caption":"Mon Maghreb"},"image":{"@id":"http:\/\/monmaghreb.com\/#\/schema\/logo\/image\/"}},{"@type":"Person","@id":"http:\/\/monmaghreb.com\/#\/schema\/person\/c469a89dc8c6b8987dcb438b1200d054","name":"LaMagh","image":{"@type":"ImageObject","inLanguage":"en-US","@id":"https:\/\/secure.gravatar.com\/avatar\/399d8144bd55fba55e056779aca52fe528bac7911f6449e54d81173d6dfd7f0a?s=96&d=mm&r=g","url":"https:\/\/secure.gravatar.com\/avatar\/399d8144bd55fba55e056779aca52fe528bac7911f6449e54d81173d6dfd7f0a?s=96&d=mm&r=g","contentUrl":"https:\/\/secure.gravatar.com\/avatar\/399d8144bd55fba55e056779aca52fe528bac7911f6449e54d81173d6dfd7f0a?s=96&d=mm&r=g","caption":"LaMagh"},"sameAs":["https:\/\/monmaghreb.com","https:\/\/www.facebook.com\/monmaghrebcom","https:\/\/x.com\/MMaghreb50977"],"url":"https:\/\/monmaghreb.com\/index.php\/author\/lamagh\/"}]}},"_links":{"self":[{"href":"https:\/\/monmaghreb.com\/index.php\/wp-json\/wp\/v2\/posts\/3768","targetHints":{"allow":["GET"]}}],"collection":[{"href":"https:\/\/monmaghreb.com\/index.php\/wp-json\/wp\/v2\/posts"}],"about":[{"href":"https:\/\/monmaghreb.com\/index.php\/wp-json\/wp\/v2\/types\/post"}],"author":[{"embeddable":true,"href":"https:\/\/monmaghreb.com\/index.php\/wp-json\/wp\/v2\/users\/1"}],"replies":[{"embeddable":true,"href":"https:\/\/monmaghreb.com\/index.php\/wp-json\/wp\/v2\/comments?post=3768"}],"version-history":[{"count":1,"href":"https:\/\/monmaghreb.com\/index.php\/wp-json\/wp\/v2\/posts\/3768\/revisions"}],"predecessor-version":[{"id":3769,"href":"https:\/\/monmaghreb.com\/index.php\/wp-json\/wp\/v2\/posts\/3768\/revisions\/3769"}],"wp:featuredmedia":[{"embeddable":true,"href":"https:\/\/monmaghreb.com\/index.php\/wp-json\/wp\/v2\/media\/3767"}],"wp:attachment":[{"href":"https:\/\/monmaghreb.com\/index.php\/wp-json\/wp\/v2\/media?parent=3768"}],"wp:term":[{"taxonomy":"category","embeddable":true,"href":"https:\/\/monmaghreb.com\/index.php\/wp-json\/wp\/v2\/categories?post=3768"},{"taxonomy":"post_tag","embeddable":true,"href":"https:\/\/monmaghreb.com\/index.php\/wp-json\/wp\/v2\/tags?post=3768"}],"curies":[{"name":"wp","href":"https:\/\/api.w.org\/{rel}","templated":true}]}}