{"id":3771,"date":"2026-05-01T21:33:38","date_gmt":"2026-05-01T21:33:38","guid":{"rendered":"https:\/\/monmaghreb.com\/index.php\/2026\/05\/01\/nouvelle-cooperation-culturelle-franco-marocaine-catherine-pegard-annonce-un-nouveau-chapitre-pour-la-collaboration-entre-la-france-et-le-maroc\/"},"modified":"2026-05-01T21:33:41","modified_gmt":"2026-05-01T21:33:41","slug":"nouvelle-cooperation-culturelle-franco-marocaine-catherine-pegard-annonce-un-nouveau-chapitre-pour-la-collaboration-entre-la-france-et-le-maroc","status":"publish","type":"post","link":"https:\/\/monmaghreb.com\/index.php\/2026\/05\/01\/nouvelle-cooperation-culturelle-franco-marocaine-catherine-pegard-annonce-un-nouveau-chapitre-pour-la-collaboration-entre-la-france-et-le-maroc\/","title":{"rendered":"Nouvelle coop\u00e9ration culturelle franco-marocaine : Catherine P\u00e9gard annonce un nouveau chapitre pour la collaboration entre la France et le Maroc"},"content":{"rendered":"<p><!DOCTYPE html><br \/>\n<html lang='fr'><br \/>\n<head><br \/>\n  <meta charset='UTF-8'><br \/>\n  <title>Nouvelle coop\u00e9ration culturelle franco-marocaine<\/title><br \/>\n<\/head><br \/>\n<body><\/p>\n<h1>Nouvelle coop\u00e9ration culturelle franco-marocaine : Catherine P\u00e9gard annonce un nouveau chapitre pour la collaboration entre la France et le Maroc<\/h1>\n<h2>Introduction<\/h2>\n<p>Le 15 d\u00e9cembre dernier, la pr\u00e9sidente de la R\u00e9gion \u00cele-de-France, Catherine P\u00e9gard, a visit\u00e9 le Maroc en compagnie du ministre de la Culture marocaine, Amina Bouayach. Lors de leur rencontre, les deux dirigeantes ont annonc\u00e9 la cr\u00e9ation d&#8217;une nouvelle coop\u00e9ration culturelle entre la France et le Maroc.<\/p>\n<p>Pour les diaspora maghr\u00e9bins en France, cette nouvelle collaboration est une opportunit\u00e9 unique pour \u00e9tendre et renforcer les liens entre la France et leur pays d&#8217;origine, en particulier dans le domaine culturel. En effet, le Maroc est un pays riche en patrimoine culturel, avec des traditions musicales telles que le Gnawa, qui ont pu inspirer de nombreux artistes fran\u00e7ais.<\/p>\n<h2>1. Les objectifs de la coop\u00e9ration<\/h2>\n<p>L&#8217;objectif principal de cette nouvelle coop\u00e9ration est de renforcer les \u00e9changes culturels entre les deux pays, en particulier dans le domaine du patrimoine et des arts. Ce partenariat devrait permettre aux artistes marocains de pr\u00e9senter leurs \u0153uvres en France, tandis que les artistes fran\u00e7ais pourraient d\u00e9couvrir les richesses culturelles du Maroc.<\/p>\n<p>Les \u00e9changes culturels ne sont pas r\u00e9serv\u00e9s aux seuls artistes. Les projets pr\u00e9voient \u00e9galement la coop\u00e9ration entre les institutions culturelles fran\u00e7aises et marocaines, telles que des mus\u00e9es, des biblioth\u00e8ques et des th\u00e9\u00e2tres.<\/p>\n<h2>2. Les projets pr\u00e9vus<\/h2>\n<p>L&#8217;un des projets les plus excitants est la cr\u00e9ation d&#8217;un festival annuel de cin\u00e9ma franco-marocain, qui permettra aux r\u00e9alisateurs marocains de pr\u00e9senter leurs films en France et aux r\u00e9alisateurs fran\u00e7ais de d\u00e9couvrir les derni\u00e8res tendances du cin\u00e9ma marocain.<\/p>\n<p>De plus, ce partenariat culturel devrait permettre la restauration et la valorisation du patrimoine culturel marocain, ainsi que la r\u00e9habilitation des biblioth\u00e8ques publiques marocaines pour favoriser l&#8217;acc\u00e8s \u00e0 la lecture. Les \u00e9coles d&#8217;art de Paris pourraient \u00e9galement collaborer avec celles du Maroc pour d\u00e9velopper les talents des jeunes artistes.<\/p>\n<ul>\n<li>La cr\u00e9ation d&#8217;un festival annuel de cin\u00e9ma franco-marocain.<\/li>\n<li>La restauration et la valorisation du patrimoine culturel marocain.<\/li>\n<li>La r\u00e9habilitation des biblioth\u00e8ques publiques marocaines pour favoriser l&#8217;acc\u00e8s \u00e0 la lecture.<\/li>\n<li>Le partenariat entre les \u00e9coles d&#8217;art de Paris et celles du Maroc.<\/li>\n<\/ul>\n<h2>3. Les institutions impliqu\u00e9es<\/h2>\n<p>Pour mener \u00e0 bien ces projets, plusieurs institutions fran\u00e7aises et marocaines sont impliqu\u00e9es, telles que la R\u00e9gion \u00cele-de-France, le minist\u00e8re de la Culture fran\u00e7aise, le minist\u00e8re marocain de la Culture et du Tourisme, ainsi que les institutions culturelles fran\u00e7aises en Maroc, telles que l&#8217;Institut fran\u00e7ais de Rabat, le Centre Pompidou M\u00e1laga et le mus\u00e9e Guimet.<\/p>\n<ul>\n<li>La R\u00e9gion \u00cele-de-France.<\/li>\n<li>Le minist\u00e8re de la Culture fran\u00e7aise.<\/li>\n<li>Le minist\u00e8re marocain de la Culture et du Tourisme.<\/li>\n<li>Les institutions culturelles fran\u00e7aises en Maroc, telles que l&#8217;Institut fran\u00e7ais de Rabat, le Centre Pompidou M\u00e1laga et le mus\u00e9e Guimet.<\/li>\n<\/ul>\n<h2>4. Les perspectives pour les diaspora maghr\u00e9bins en France<\/h2>\n<p>Cette nouvelle coop\u00e9ration culturelle franco-marocaine pr\u00e9sente des perspectives tr\u00e8s int\u00e9ressantes pour les diaspora maghr\u00e9bins en France, qui peuvent d\u00e9sormais d\u00e9couvrir et participer \u00e0 un nouvel \u00e9change entre la France et leur pays d&#8217;origine.<\/p>\n<p>Les diaspora maghr\u00e9bins pourront ainsi apprendre plus sur le patrimoine culturel marocain, s&#8217;inspirer des traditions artistiques du pays et m\u00eame contribuer activement au partenariat franco-marocain en participant \u00e0 des \u00e9v\u00e9nements culturels ou en soutenant les projets du partenariat.<\/p>\n<h2>Conclusion<\/h2>\n<p>La nouvelle coop\u00e9ration culturelle franco-marocaine annonc\u00e9e par Catherine P\u00e9gard est une opportunit\u00e9 unique pour les diaspora maghr\u00e9bins en France, qui peuvent d\u00e9sormais d\u00e9couvrir et participer \u00e0 un nouvel \u00e9change entre la France et leur pays d&#8217;origine.<\/p>\n<p>N&#8217;h\u00e9sitez pas \u00e0 vous inscrire \u00e0 ces \u00e9v\u00e9nements culturels ou \u00e0 soutenir les projets du partenariat franco-marocain pour renforcer vos liens avec le Maroc et contribuer \u00e0 la promotion de sa culture.<\/p>\n<div style=\"background:#f8f9fa;border-left:4px solid #0066cc;border-radius:6px;padding:20px 24px;margin:32px 0;\">\n<p style=\"font-size:13px;color:#888;text-transform:uppercase;letter-spacing:0.8px;margin:0 0 6px 0;\">Vous pourriez aussi aimer<\/p>\n<h3 style=\"font-size:18px;margin:0 0 14px 0;color:#222;\">Articles similaires<\/h3>\n<ul style=\"margin:0;padding-left:20px;list-style:disc;\">\n<li style=\"margin-bottom:10px;\"><a href=\"https:\/\/monmaghreb.com\/index.php\/2026\/04\/28\/boutique-dartisanat-marocain-de-cherbourg-en-cotentin-une-nouvelle-avenue-pour-promouvoir-la-culture-maghrebine-en-france\/\" style=\"color:#0066cc;text-decoration:none;font-weight:500;\" title=\"Boutique d&#8217;artisanat marocain de Cherbourg-en-Cotentin : une nouvelle avenue pour promouvoir la culture maghr\u00e9bine en France\">Boutique d&#8217;artisanat marocain de Cherbourg-en-Cotentin : une nouvelle avenue pour promouvoir la culture maghr\u00e9bine en France<\/a><\/li>\n<li style=\"margin-bottom:10px;\"><a href=\"https:\/\/monmaghreb.com\/index.php\/2026\/05\/01\/le-mariage-traditionnel-maghrebin-en-france-une-pratique-culturelle-et-traditionnelle\/\" style=\"color:#0066cc;text-decoration:none;font-weight:500;\" title=\"Le mariage traditionnel maghr\u00e9bin en France : une pratique culturelle et traditionnelle\">Le mariage traditionnel maghr\u00e9bin en France : une pratique culturelle et traditionnelle<\/a><\/li>\n<li style=\"margin-bottom:10px;\"><a href=\"https:\/\/monmaghreb.com\/index.php\/2026\/04\/29\/la-nouvelle-tendance-du-mariage-traditionnel-en-france-photobooths-et-food-trucks\/\" style=\"color:#0066cc;text-decoration:none;font-weight:500;\" title=\"La nouvelle tendance du mariage traditionnel en France : photobooths et food-trucks\">La nouvelle tendance du mariage traditionnel en France : photobooths et food-trucks<\/a><\/li>\n<li style=\"margin-bottom:10px;\"><a href=\"https:\/\/monmaghreb.com\/index.php\/2026\/04\/28\/partenariat-renforce-entre-le-maroc-et-lautorite-du-livre-de-sharjah-une-opportunite-pour-les-ecrivains-maghrebins\/\" style=\"color:#0066cc;text-decoration:none;font-weight:500;\" title=\"Partenariat renforc\u00e9 entre le Maroc et l&#8217;Autorit\u00e9 du livre de Sharjah : Une opportunit\u00e9 pour les \u00e9crivains maghr\u00e9bins\">Partenariat renforc\u00e9 entre le Maroc et l&#8217;Autorit\u00e9 du livre de Sharjah : Une opportunit\u00e9 pour les \u00e9crivains maghr\u00e9bins<\/a><\/li>\n<li style=\"margin-bottom:10px;\"><a href=\"https:\/\/monmaghreb.com\/index.php\/2026\/04\/27\/la-revolution-silencieuse-des-familles-au-maroc-une-approche-culturelle-et-sociale\/\" style=\"color:#0066cc;text-decoration:none;font-weight:500;\" title=\"La r\u00e9volution silencieuse des familles au Maroc : une approche culturelle et sociale\">La r\u00e9volution silencieuse des familles au Maroc : une approche culturelle et sociale<\/a><\/li>\n<\/ul>\n<\/div>\n<p><\/body><br \/>\n<\/html><\/p>\n","protected":false},"excerpt":{"rendered":"<p>Nouvelle coop\u00e9ration culturelle franco-marocaine : Catherine P\u00e9gard et Amina Bouayach annoncent un nouveau chapitre pour la collaboration entre les deux pays. D<\/p>\n","protected":false},"author":1,"featured_media":3770,"comment_status":"closed","ping_status":"open","sticky":false,"template":"","format":"standard","meta":{"_yoast_wpseo_focuskw":"nouvelle cooperation culturelle franco-marocaine","_yoast_wpseo_title":"Nouvelle coop\u00e9ration culturelle franco-marocaine : Catherine","_yoast_wpseo_metadesc":"Nouvelle coop\u00e9ration culturelle franco-marocaine : Catherine P\u00e9gard et Amina Bouayach annoncent un nouveau chapitre pour la collaboration entre les deux pays. D","_yoast_wpseo_canonical":"","_yoast_wpseo_opengraph-title":"Nouvelle coop\u00e9ration culturelle franco-marocaine : Catherine P\u00e9gard annonce un nouveau chapitre pour la collaboration entre la France et le Maroc","_yoast_wpseo_opengraph-description":"Nouvelle coop\u00e9ration culturelle franco-marocaine : Catherine P\u00e9gard et Amina Bouayach annoncent un nouveau chapitre pour la collaboration entre les deux pays. D","_yoast_wpseo_opengraph-image":"","tdm_status":"","tdm_grid_status":"","footnotes":""},"categories":[655],"tags":[45,2085,766,1917,2086],"class_list":["post-3771","post","type-post","status-publish","format-standard","has-post-thumbnail","hentry","category-maroc","tag-culture-tunisienne","tag-accords-algerie-maroc","tag-activitesenfrance","tag-actualites-politique","tag-cooperation-internationale"],"yoast_head":"<!-- This site is optimized with the Yoast SEO plugin v27.5 - https:\/\/yoast.com\/product\/yoast-seo-wordpress\/ -->\n<title>Nouvelle coop\u00e9ration culturelle franco-marocaine : Catherine<\/title>\n<meta name=\"description\" content=\"Nouvelle coop\u00e9ration culturelle franco-marocaine : Catherine P\u00e9gard et Amina Bouayach annoncent un nouveau chapitre pour la collaboration entre les deux pays. D\" \/>\n<meta name=\"robots\" content=\"index, follow, max-snippet:-1, max-image-preview:large, max-video-preview:-1\" \/>\n<link rel=\"canonical\" href=\"https:\/\/monmaghreb.com\/index.php\/2026\/05\/01\/nouvelle-cooperation-culturelle-franco-marocaine-catherine-pegard-annonce-un-nouveau-chapitre-pour-la-collaboration-entre-la-france-et-le-maroc\/\" \/>\n<meta property=\"og:locale\" content=\"en_US\" \/>\n<meta property=\"og:type\" content=\"article\" \/>\n<meta property=\"og:title\" content=\"Nouvelle coop\u00e9ration culturelle franco-marocaine : Catherine P\u00e9gard annonce un nouveau chapitre pour la collaboration entre la France et le Maroc\" \/>\n<meta property=\"og:description\" content=\"Nouvelle coop\u00e9ration culturelle franco-marocaine : Catherine P\u00e9gard et Amina Bouayach annoncent un nouveau chapitre pour la collaboration entre les deux pays. D\" \/>\n<meta property=\"og:url\" content=\"https:\/\/monmaghreb.com\/index.php\/2026\/05\/01\/nouvelle-cooperation-culturelle-franco-marocaine-catherine-pegard-annonce-un-nouveau-chapitre-pour-la-collaboration-entre-la-france-et-le-maroc\/\" \/>\n<meta property=\"og:site_name\" content=\"Mon Maghreb\" \/>\n<meta property=\"article:author\" content=\"https:\/\/www.facebook.com\/monmaghrebcom\" \/>\n<meta property=\"article:published_time\" content=\"2026-05-01T21:33:38+00:00\" \/>\n<meta property=\"article:modified_time\" content=\"2026-05-01T21:33:41+00:00\" \/>\n<meta property=\"og:image\" content=\"https:\/\/monmaghreb.com\/wp-content\/uploads\/2026\/05\/featured-21.jpg\" \/>\n\t<meta property=\"og:image:width\" content=\"1880\" \/>\n\t<meta property=\"og:image:height\" content=\"1255\" \/>\n\t<meta property=\"og:image:type\" content=\"image\/jpeg\" \/>\n<meta name=\"author\" content=\"LaMagh\" \/>\n<meta name=\"twitter:card\" content=\"summary_large_image\" \/>\n<meta name=\"twitter:creator\" content=\"@MMaghreb50977\" \/>\n<meta name=\"twitter:label1\" content=\"Written by\" \/>\n\t<meta name=\"twitter:data1\" content=\"LaMagh\" \/>\n\t<meta name=\"twitter:label2\" content=\"Est. reading time\" \/>\n\t<meta name=\"twitter:data2\" content=\"4 minutes\" \/>\n<script type=\"application\/ld+json\" class=\"yoast-schema-graph\">{\"@context\":\"https:\\\/\\\/schema.org\",\"@graph\":[{\"@type\":\"Article\",\"@id\":\"https:\\\/\\\/monmaghreb.com\\\/index.php\\\/2026\\\/05\\\/01\\\/nouvelle-cooperation-culturelle-franco-marocaine-catherine-pegard-annonce-un-nouveau-chapitre-pour-la-collaboration-entre-la-france-et-le-maroc\\\/#article\",\"isPartOf\":{\"@id\":\"https:\\\/\\\/monmaghreb.com\\\/index.php\\\/2026\\\/05\\\/01\\\/nouvelle-cooperation-culturelle-franco-marocaine-catherine-pegard-annonce-un-nouveau-chapitre-pour-la-collaboration-entre-la-france-et-le-maroc\\\/\"},\"author\":{\"name\":\"LaMagh\",\"@id\":\"http:\\\/\\\/monmaghreb.com\\\/#\\\/schema\\\/person\\\/c469a89dc8c6b8987dcb438b1200d054\"},\"headline\":\"Nouvelle coop\u00e9ration culturelle franco-marocaine : Catherine P\u00e9gard annonce un nouveau chapitre pour la collaboration entre la France et le Maroc\",\"datePublished\":\"2026-05-01T21:33:38+00:00\",\"dateModified\":\"2026-05-01T21:33:41+00:00\",\"mainEntityOfPage\":{\"@id\":\"https:\\\/\\\/monmaghreb.com\\\/index.php\\\/2026\\\/05\\\/01\\\/nouvelle-cooperation-culturelle-franco-marocaine-catherine-pegard-annonce-un-nouveau-chapitre-pour-la-collaboration-entre-la-france-et-le-maroc\\\/\"},\"wordCount\":778,\"publisher\":{\"@id\":\"http:\\\/\\\/monmaghreb.com\\\/#organization\"},\"image\":{\"@id\":\"https:\\\/\\\/monmaghreb.com\\\/index.php\\\/2026\\\/05\\\/01\\\/nouvelle-cooperation-culturelle-franco-marocaine-catherine-pegard-annonce-un-nouveau-chapitre-pour-la-collaboration-entre-la-france-et-le-maroc\\\/#primaryimage\"},\"thumbnailUrl\":\"https:\\\/\\\/monmaghreb.com\\\/wp-content\\\/uploads\\\/2026\\\/05\\\/featured-21.jpg\",\"keywords\":[\"\\\"culture tunisienne\\\"\",\"accords alg\u00e9rie maroc\",\"activitesenfrance\",\"actualit\u00e9s politique\",\"cooperation internationale\"],\"articleSection\":[\"Maroc\"],\"inLanguage\":\"en-US\"},{\"@type\":\"WebPage\",\"@id\":\"https:\\\/\\\/monmaghreb.com\\\/index.php\\\/2026\\\/05\\\/01\\\/nouvelle-cooperation-culturelle-franco-marocaine-catherine-pegard-annonce-un-nouveau-chapitre-pour-la-collaboration-entre-la-france-et-le-maroc\\\/\",\"url\":\"https:\\\/\\\/monmaghreb.com\\\/index.php\\\/2026\\\/05\\\/01\\\/nouvelle-cooperation-culturelle-franco-marocaine-catherine-pegard-annonce-un-nouveau-chapitre-pour-la-collaboration-entre-la-france-et-le-maroc\\\/\",\"name\":\"Nouvelle coop\u00e9ration culturelle franco-marocaine : Catherine\",\"isPartOf\":{\"@id\":\"http:\\\/\\\/monmaghreb.com\\\/#website\"},\"primaryImageOfPage\":{\"@id\":\"https:\\\/\\\/monmaghreb.com\\\/index.php\\\/2026\\\/05\\\/01\\\/nouvelle-cooperation-culturelle-franco-marocaine-catherine-pegard-annonce-un-nouveau-chapitre-pour-la-collaboration-entre-la-france-et-le-maroc\\\/#primaryimage\"},\"image\":{\"@id\":\"https:\\\/\\\/monmaghreb.com\\\/index.php\\\/2026\\\/05\\\/01\\\/nouvelle-cooperation-culturelle-franco-marocaine-catherine-pegard-annonce-un-nouveau-chapitre-pour-la-collaboration-entre-la-france-et-le-maroc\\\/#primaryimage\"},\"thumbnailUrl\":\"https:\\\/\\\/monmaghreb.com\\\/wp-content\\\/uploads\\\/2026\\\/05\\\/featured-21.jpg\",\"datePublished\":\"2026-05-01T21:33:38+00:00\",\"dateModified\":\"2026-05-01T21:33:41+00:00\",\"description\":\"Nouvelle coop\u00e9ration culturelle franco-marocaine : Catherine P\u00e9gard et Amina Bouayach annoncent un nouveau chapitre pour la collaboration entre les deux pays. D\",\"breadcrumb\":{\"@id\":\"https:\\\/\\\/monmaghreb.com\\\/index.php\\\/2026\\\/05\\\/01\\\/nouvelle-cooperation-culturelle-franco-marocaine-catherine-pegard-annonce-un-nouveau-chapitre-pour-la-collaboration-entre-la-france-et-le-maroc\\\/#breadcrumb\"},\"inLanguage\":\"en-US\",\"potentialAction\":[{\"@type\":\"ReadAction\",\"target\":[\"https:\\\/\\\/monmaghreb.com\\\/index.php\\\/2026\\\/05\\\/01\\\/nouvelle-cooperation-culturelle-franco-marocaine-catherine-pegard-annonce-un-nouveau-chapitre-pour-la-collaboration-entre-la-france-et-le-maroc\\\/\"]}]},{\"@type\":\"ImageObject\",\"inLanguage\":\"en-US\",\"@id\":\"https:\\\/\\\/monmaghreb.com\\\/index.php\\\/2026\\\/05\\\/01\\\/nouvelle-cooperation-culturelle-franco-marocaine-catherine-pegard-annonce-un-nouveau-chapitre-pour-la-collaboration-entre-la-france-et-le-maroc\\\/#primaryimage\",\"url\":\"https:\\\/\\\/monmaghreb.com\\\/wp-content\\\/uploads\\\/2026\\\/05\\\/featured-21.jpg\",\"contentUrl\":\"https:\\\/\\\/monmaghreb.com\\\/wp-content\\\/uploads\\\/2026\\\/05\\\/featured-21.jpg\",\"width\":1880,\"height\":1255,\"caption\":\"Catherine P\u00e9gard et Amina Bouayach discutant de la nouvelle coop\u00e9ration culturelle franco-marocaine\"},{\"@type\":\"BreadcrumbList\",\"@id\":\"https:\\\/\\\/monmaghreb.com\\\/index.php\\\/2026\\\/05\\\/01\\\/nouvelle-cooperation-culturelle-franco-marocaine-catherine-pegard-annonce-un-nouveau-chapitre-pour-la-collaboration-entre-la-france-et-le-maroc\\\/#breadcrumb\",\"itemListElement\":[{\"@type\":\"ListItem\",\"position\":1,\"name\":\"Home\",\"item\":\"http:\\\/\\\/monmaghreb.com\\\/\"},{\"@type\":\"ListItem\",\"position\":2,\"name\":\"Nouvelle coop\u00e9ration culturelle franco-marocaine : Catherine P\u00e9gard annonce un nouveau chapitre pour la collaboration entre la France et le Maroc\"}]},{\"@type\":\"WebSite\",\"@id\":\"http:\\\/\\\/monmaghreb.com\\\/#website\",\"url\":\"http:\\\/\\\/monmaghreb.com\\\/\",\"name\":\"Mon Maghreb\",\"description\":\"MonMaghreb United\",\"publisher\":{\"@id\":\"http:\\\/\\\/monmaghreb.com\\\/#organization\"},\"alternateName\":\"Le Monde du Maghreb et au del\u00e0\",\"potentialAction\":[{\"@type\":\"SearchAction\",\"target\":{\"@type\":\"EntryPoint\",\"urlTemplate\":\"http:\\\/\\\/monmaghreb.com\\\/?s={search_term_string}\"},\"query-input\":{\"@type\":\"PropertyValueSpecification\",\"valueRequired\":true,\"valueName\":\"search_term_string\"}}],\"inLanguage\":\"en-US\"},{\"@type\":\"Organization\",\"@id\":\"http:\\\/\\\/monmaghreb.com\\\/#organization\",\"name\":\"Mon Maghreb\",\"url\":\"http:\\\/\\\/monmaghreb.com\\\/\",\"logo\":{\"@type\":\"ImageObject\",\"inLanguage\":\"en-US\",\"@id\":\"http:\\\/\\\/monmaghreb.com\\\/#\\\/schema\\\/logo\\\/image\\\/\",\"url\":\"https:\\\/\\\/monmaghreb.com\\\/wp-content\\\/uploads\\\/2025\\\/12\\\/Mon_Maghreb_Logo.jpg\",\"contentUrl\":\"https:\\\/\\\/monmaghreb.com\\\/wp-content\\\/uploads\\\/2025\\\/12\\\/Mon_Maghreb_Logo.jpg\",\"width\":814,\"height\":374,\"caption\":\"Mon Maghreb\"},\"image\":{\"@id\":\"http:\\\/\\\/monmaghreb.com\\\/#\\\/schema\\\/logo\\\/image\\\/\"}},{\"@type\":\"Person\",\"@id\":\"http:\\\/\\\/monmaghreb.com\\\/#\\\/schema\\\/person\\\/c469a89dc8c6b8987dcb438b1200d054\",\"name\":\"LaMagh\",\"image\":{\"@type\":\"ImageObject\",\"inLanguage\":\"en-US\",\"@id\":\"https:\\\/\\\/secure.gravatar.com\\\/avatar\\\/399d8144bd55fba55e056779aca52fe528bac7911f6449e54d81173d6dfd7f0a?s=96&d=mm&r=g\",\"url\":\"https:\\\/\\\/secure.gravatar.com\\\/avatar\\\/399d8144bd55fba55e056779aca52fe528bac7911f6449e54d81173d6dfd7f0a?s=96&d=mm&r=g\",\"contentUrl\":\"https:\\\/\\\/secure.gravatar.com\\\/avatar\\\/399d8144bd55fba55e056779aca52fe528bac7911f6449e54d81173d6dfd7f0a?s=96&d=mm&r=g\",\"caption\":\"LaMagh\"},\"sameAs\":[\"https:\\\/\\\/monmaghreb.com\",\"https:\\\/\\\/www.facebook.com\\\/monmaghrebcom\",\"https:\\\/\\\/x.com\\\/MMaghreb50977\"],\"url\":\"https:\\\/\\\/monmaghreb.com\\\/index.php\\\/author\\\/lamagh\\\/\"}]}<\/script>\n<!-- \/ Yoast SEO plugin. -->","yoast_head_json":{"title":"Nouvelle coop\u00e9ration culturelle franco-marocaine : Catherine","description":"Nouvelle coop\u00e9ration culturelle franco-marocaine : Catherine P\u00e9gard et Amina Bouayach annoncent un nouveau chapitre pour la collaboration entre les deux pays. D","robots":{"index":"index","follow":"follow","max-snippet":"max-snippet:-1","max-image-preview":"max-image-preview:large","max-video-preview":"max-video-preview:-1"},"canonical":"https:\/\/monmaghreb.com\/index.php\/2026\/05\/01\/nouvelle-cooperation-culturelle-franco-marocaine-catherine-pegard-annonce-un-nouveau-chapitre-pour-la-collaboration-entre-la-france-et-le-maroc\/","og_locale":"en_US","og_type":"article","og_title":"Nouvelle coop\u00e9ration culturelle franco-marocaine : Catherine P\u00e9gard annonce un nouveau chapitre pour la collaboration entre la France et le Maroc","og_description":"Nouvelle coop\u00e9ration culturelle franco-marocaine : Catherine P\u00e9gard et Amina Bouayach annoncent un nouveau chapitre pour la collaboration entre les deux pays. D","og_url":"https:\/\/monmaghreb.com\/index.php\/2026\/05\/01\/nouvelle-cooperation-culturelle-franco-marocaine-catherine-pegard-annonce-un-nouveau-chapitre-pour-la-collaboration-entre-la-france-et-le-maroc\/","og_site_name":"Mon Maghreb","article_author":"https:\/\/www.facebook.com\/monmaghrebcom","article_published_time":"2026-05-01T21:33:38+00:00","article_modified_time":"2026-05-01T21:33:41+00:00","og_image":[{"width":1880,"height":1255,"url":"https:\/\/monmaghreb.com\/wp-content\/uploads\/2026\/05\/featured-21.jpg","type":"image\/jpeg"}],"author":"LaMagh","twitter_card":"summary_large_image","twitter_creator":"@MMaghreb50977","twitter_misc":{"Written by":"LaMagh","Est. reading time":"4 minutes"},"schema":{"@context":"https:\/\/schema.org","@graph":[{"@type":"Article","@id":"https:\/\/monmaghreb.com\/index.php\/2026\/05\/01\/nouvelle-cooperation-culturelle-franco-marocaine-catherine-pegard-annonce-un-nouveau-chapitre-pour-la-collaboration-entre-la-france-et-le-maroc\/#article","isPartOf":{"@id":"https:\/\/monmaghreb.com\/index.php\/2026\/05\/01\/nouvelle-cooperation-culturelle-franco-marocaine-catherine-pegard-annonce-un-nouveau-chapitre-pour-la-collaboration-entre-la-france-et-le-maroc\/"},"author":{"name":"LaMagh","@id":"http:\/\/monmaghreb.com\/#\/schema\/person\/c469a89dc8c6b8987dcb438b1200d054"},"headline":"Nouvelle coop\u00e9ration culturelle franco-marocaine : Catherine P\u00e9gard annonce un nouveau chapitre pour la collaboration entre la France et le Maroc","datePublished":"2026-05-01T21:33:38+00:00","dateModified":"2026-05-01T21:33:41+00:00","mainEntityOfPage":{"@id":"https:\/\/monmaghreb.com\/index.php\/2026\/05\/01\/nouvelle-cooperation-culturelle-franco-marocaine-catherine-pegard-annonce-un-nouveau-chapitre-pour-la-collaboration-entre-la-france-et-le-maroc\/"},"wordCount":778,"publisher":{"@id":"http:\/\/monmaghreb.com\/#organization"},"image":{"@id":"https:\/\/monmaghreb.com\/index.php\/2026\/05\/01\/nouvelle-cooperation-culturelle-franco-marocaine-catherine-pegard-annonce-un-nouveau-chapitre-pour-la-collaboration-entre-la-france-et-le-maroc\/#primaryimage"},"thumbnailUrl":"https:\/\/monmaghreb.com\/wp-content\/uploads\/2026\/05\/featured-21.jpg","keywords":["\"culture tunisienne\"","accords alg\u00e9rie maroc","activitesenfrance","actualit\u00e9s politique","cooperation internationale"],"articleSection":["Maroc"],"inLanguage":"en-US"},{"@type":"WebPage","@id":"https:\/\/monmaghreb.com\/index.php\/2026\/05\/01\/nouvelle-cooperation-culturelle-franco-marocaine-catherine-pegard-annonce-un-nouveau-chapitre-pour-la-collaboration-entre-la-france-et-le-maroc\/","url":"https:\/\/monmaghreb.com\/index.php\/2026\/05\/01\/nouvelle-cooperation-culturelle-franco-marocaine-catherine-pegard-annonce-un-nouveau-chapitre-pour-la-collaboration-entre-la-france-et-le-maroc\/","name":"Nouvelle coop\u00e9ration culturelle franco-marocaine : Catherine","isPartOf":{"@id":"http:\/\/monmaghreb.com\/#website"},"primaryImageOfPage":{"@id":"https:\/\/monmaghreb.com\/index.php\/2026\/05\/01\/nouvelle-cooperation-culturelle-franco-marocaine-catherine-pegard-annonce-un-nouveau-chapitre-pour-la-collaboration-entre-la-france-et-le-maroc\/#primaryimage"},"image":{"@id":"https:\/\/monmaghreb.com\/index.php\/2026\/05\/01\/nouvelle-cooperation-culturelle-franco-marocaine-catherine-pegard-annonce-un-nouveau-chapitre-pour-la-collaboration-entre-la-france-et-le-maroc\/#primaryimage"},"thumbnailUrl":"https:\/\/monmaghreb.com\/wp-content\/uploads\/2026\/05\/featured-21.jpg","datePublished":"2026-05-01T21:33:38+00:00","dateModified":"2026-05-01T21:33:41+00:00","description":"Nouvelle coop\u00e9ration culturelle franco-marocaine : Catherine P\u00e9gard et Amina Bouayach annoncent un nouveau chapitre pour la collaboration entre les deux pays. D","breadcrumb":{"@id":"https:\/\/monmaghreb.com\/index.php\/2026\/05\/01\/nouvelle-cooperation-culturelle-franco-marocaine-catherine-pegard-annonce-un-nouveau-chapitre-pour-la-collaboration-entre-la-france-et-le-maroc\/#breadcrumb"},"inLanguage":"en-US","potentialAction":[{"@type":"ReadAction","target":["https:\/\/monmaghreb.com\/index.php\/2026\/05\/01\/nouvelle-cooperation-culturelle-franco-marocaine-catherine-pegard-annonce-un-nouveau-chapitre-pour-la-collaboration-entre-la-france-et-le-maroc\/"]}]},{"@type":"ImageObject","inLanguage":"en-US","@id":"https:\/\/monmaghreb.com\/index.php\/2026\/05\/01\/nouvelle-cooperation-culturelle-franco-marocaine-catherine-pegard-annonce-un-nouveau-chapitre-pour-la-collaboration-entre-la-france-et-le-maroc\/#primaryimage","url":"https:\/\/monmaghreb.com\/wp-content\/uploads\/2026\/05\/featured-21.jpg","contentUrl":"https:\/\/monmaghreb.com\/wp-content\/uploads\/2026\/05\/featured-21.jpg","width":1880,"height":1255,"caption":"Catherine P\u00e9gard et Amina Bouayach discutant de la nouvelle coop\u00e9ration culturelle franco-marocaine"},{"@type":"BreadcrumbList","@id":"https:\/\/monmaghreb.com\/index.php\/2026\/05\/01\/nouvelle-cooperation-culturelle-franco-marocaine-catherine-pegard-annonce-un-nouveau-chapitre-pour-la-collaboration-entre-la-france-et-le-maroc\/#breadcrumb","itemListElement":[{"@type":"ListItem","position":1,"name":"Home","item":"http:\/\/monmaghreb.com\/"},{"@type":"ListItem","position":2,"name":"Nouvelle coop\u00e9ration culturelle franco-marocaine : Catherine P\u00e9gard annonce un nouveau chapitre pour la collaboration entre la France et le Maroc"}]},{"@type":"WebSite","@id":"http:\/\/monmaghreb.com\/#website","url":"http:\/\/monmaghreb.com\/","name":"Mon Maghreb","description":"MonMaghreb United","publisher":{"@id":"http:\/\/monmaghreb.com\/#organization"},"alternateName":"Le Monde du Maghreb et au del\u00e0","potentialAction":[{"@type":"SearchAction","target":{"@type":"EntryPoint","urlTemplate":"http:\/\/monmaghreb.com\/?s={search_term_string}"},"query-input":{"@type":"PropertyValueSpecification","valueRequired":true,"valueName":"search_term_string"}}],"inLanguage":"en-US"},{"@type":"Organization","@id":"http:\/\/monmaghreb.com\/#organization","name":"Mon Maghreb","url":"http:\/\/monmaghreb.com\/","logo":{"@type":"ImageObject","inLanguage":"en-US","@id":"http:\/\/monmaghreb.com\/#\/schema\/logo\/image\/","url":"https:\/\/monmaghreb.com\/wp-content\/uploads\/2025\/12\/Mon_Maghreb_Logo.jpg","contentUrl":"https:\/\/monmaghreb.com\/wp-content\/uploads\/2025\/12\/Mon_Maghreb_Logo.jpg","width":814,"height":374,"caption":"Mon Maghreb"},"image":{"@id":"http:\/\/monmaghreb.com\/#\/schema\/logo\/image\/"}},{"@type":"Person","@id":"http:\/\/monmaghreb.com\/#\/schema\/person\/c469a89dc8c6b8987dcb438b1200d054","name":"LaMagh","image":{"@type":"ImageObject","inLanguage":"en-US","@id":"https:\/\/secure.gravatar.com\/avatar\/399d8144bd55fba55e056779aca52fe528bac7911f6449e54d81173d6dfd7f0a?s=96&d=mm&r=g","url":"https:\/\/secure.gravatar.com\/avatar\/399d8144bd55fba55e056779aca52fe528bac7911f6449e54d81173d6dfd7f0a?s=96&d=mm&r=g","contentUrl":"https:\/\/secure.gravatar.com\/avatar\/399d8144bd55fba55e056779aca52fe528bac7911f6449e54d81173d6dfd7f0a?s=96&d=mm&r=g","caption":"LaMagh"},"sameAs":["https:\/\/monmaghreb.com","https:\/\/www.facebook.com\/monmaghrebcom","https:\/\/x.com\/MMaghreb50977"],"url":"https:\/\/monmaghreb.com\/index.php\/author\/lamagh\/"}]}},"_links":{"self":[{"href":"https:\/\/monmaghreb.com\/index.php\/wp-json\/wp\/v2\/posts\/3771","targetHints":{"allow":["GET"]}}],"collection":[{"href":"https:\/\/monmaghreb.com\/index.php\/wp-json\/wp\/v2\/posts"}],"about":[{"href":"https:\/\/monmaghreb.com\/index.php\/wp-json\/wp\/v2\/types\/post"}],"author":[{"embeddable":true,"href":"https:\/\/monmaghreb.com\/index.php\/wp-json\/wp\/v2\/users\/1"}],"replies":[{"embeddable":true,"href":"https:\/\/monmaghreb.com\/index.php\/wp-json\/wp\/v2\/comments?post=3771"}],"version-history":[{"count":1,"href":"https:\/\/monmaghreb.com\/index.php\/wp-json\/wp\/v2\/posts\/3771\/revisions"}],"predecessor-version":[{"id":3772,"href":"https:\/\/monmaghreb.com\/index.php\/wp-json\/wp\/v2\/posts\/3771\/revisions\/3772"}],"wp:featuredmedia":[{"embeddable":true,"href":"https:\/\/monmaghreb.com\/index.php\/wp-json\/wp\/v2\/media\/3770"}],"wp:attachment":[{"href":"https:\/\/monmaghreb.com\/index.php\/wp-json\/wp\/v2\/media?parent=3771"}],"wp:term":[{"taxonomy":"category","embeddable":true,"href":"https:\/\/monmaghreb.com\/index.php\/wp-json\/wp\/v2\/categories?post=3771"},{"taxonomy":"post_tag","embeddable":true,"href":"https:\/\/monmaghreb.com\/index.php\/wp-json\/wp\/v2\/tags?post=3771"}],"curies":[{"name":"wp","href":"https:\/\/api.w.org\/{rel}","templated":true}]}}