{"id":3843,"date":"2026-05-03T10:58:06","date_gmt":"2026-05-03T10:58:06","guid":{"rendered":"https:\/\/monmaghreb.com\/index.php\/2026\/05\/03\/le-pape-appelle-a-une-societe-civile-libre-en-algerie-analyse-et-reactions\/"},"modified":"2026-05-03T10:58:12","modified_gmt":"2026-05-03T10:58:12","slug":"le-pape-appelle-a-une-societe-civile-libre-en-algerie-analyse-et-reactions","status":"publish","type":"post","link":"https:\/\/monmaghreb.com\/index.php\/2026\/05\/03\/le-pape-appelle-a-une-societe-civile-libre-en-algerie-analyse-et-reactions\/","title":{"rendered":"Le pape appelle \u00e0 une soci\u00e9t\u00e9 civile libre en Alg\u00e9rie : analyse et r\u00e9actions"},"content":{"rendered":"<p><!DOCTYPE html><br \/>\n<html lang='fr'><br \/>\n<head><br \/>\n  <meta charset='UTF-8'><br \/>\n  <meta name='viewport' content='width=device-width, initial-scale=1.0'><br \/>\n  <title>Le pape appelle \u00e0 une soci\u00e9t\u00e9 civile libre en <a href=\"https:\/\/monmaghreb.com\/index.php\/2026\/05\/01\/le-voyage-historique-du-pape-leon-xiv-en-algerie-enquete-sur-les-promesses-de-paix-et-reconciliation\/\" title=\"Le voyage historique du pape L\u00e9on XIV en Alg\u00e9rie : enqu\u00eate sur les promesses de paix et r\u00e9conciliation\">Alg\u00e9rie<\/a><\/title><br \/>\n<\/head><br \/>\n<body><\/p>\n<h1>Le pape appelle \u00e0 une soci\u00e9t\u00e9 civile libre en Alg\u00e9rie : analyse et r\u00e9actions<\/h1>\n<p>Depuis le Vatican, le pape Fran\u00e7ois a d\u00e9nonc\u00e9 la situation politique actuelle de l&#8217;Alg\u00e9rie en appelant \u00e0 la lib\u00e9ration de la soci\u00e9t\u00e9 civile. Cet appel a suscit\u00e9 des r\u00e9actions contrast\u00e9es parmi les Alg\u00e9riens de la diaspora.<\/p>\n<h2>Le contexte : la crise politique en Alg\u00e9rie<\/h2>\n<p>L&#8217;Alg\u00e9rie est plong\u00e9e dans une profonde crise politique depuis le d\u00e9part du pr\u00e9sident Abdelaziz Bouteflika en avril 2019. Le pays conna\u00eet une succession de protestations populaires demandant la fin du syst\u00e8me politique en place depuis les ann\u00e9es 1960.<\/p>\n<p>Ainsi, les citoyens alg\u00e9riens sont de plus en plus frustr\u00e9s par l&#8217;absence de r\u00e9formes politiques et \u00e9conomiques. La soci\u00e9t\u00e9 civile alg\u00e9rienne, compos\u00e9e de groupes de d\u00e9fense des droits de l&#8217;homme, d&#8217;organisations de d\u00e9fense de l&#8217;environnement, d&#8217;associations culturelles et de syndicats, est actuellement l&#8217;un des acteurs les plus importants dans la mobilisation populaire.<\/p>\n<h2>L&#8217;appel du pape Fran\u00e7ois<\/h2>\n<p>Dans une d\u00e9claration publi\u00e9e le 20 f\u00e9vrier dernier, le pape Fran\u00e7ois a appel\u00e9 \u00e0 la lib\u00e9ration de la soci\u00e9t\u00e9 civile alg\u00e9rienne et a exhort\u00e9 les autorit\u00e9s politiques du pays \u00e0 renouveler leur engagement envers les citoyens alg\u00e9riens.<\/p>\n<p>Le pape a d\u00e9clar\u00e9 que \u00ab l&#8217;Alg\u00e9rie est un pays avec une longue tradition de r\u00e9silience, mais elle doit \u00e9galement faire face aux d\u00e9fis de la modernit\u00e9 et de la globalisation. Pour ce faire, il faut renforcer le dialogue interreligieux, promouvoir la libert\u00e9 d&#8217;expression et la d\u00e9mocratie participative, tout en respectant les traditions et valeurs alg\u00e9riennes \u00bb. <\/p>\n<h2>Les r\u00e9actions des Alg\u00e9riens de la diaspora<\/h2>\n<p>L&#8217;appel du pape Fran\u00e7ois a \u00e9t\u00e9 accueilli avec des r\u00e9actions contrast\u00e9es parmi les Alg\u00e9riens de la diaspora. Certains ont salu\u00e9 cet appel comme une voix de soutien \u00e0 la soci\u00e9t\u00e9 civile alg\u00e9rienne et \u00e0 son combat pour la d\u00e9mocratie.<\/p>\n<ul>\n<li>Certains Alg\u00e9riens de la diaspora ont salu\u00e9 l&#8217;appel du pape Fran\u00e7ois en disant qu&#8217;il est une voix importante pour d\u00e9fendre les droits des citoyens alg\u00e9riens et pour promouvoir le dialogue interreligieux.<\/li>\n<li>Les militants pour les droits de l&#8217;homme ont soulign\u00e9 que la situation politique actuelle de l&#8217;Alg\u00e9rie n\u00e9cessite une r\u00e9ponse solidaire et internationale pour garantir la s\u00e9curit\u00e9 des manifestants et prot\u00e9ger les libert\u00e9s fondamentales.<\/li>\n<\/ul>\n<p>D&#8217;autres ont \u00e9t\u00e9 plus critiques vis-\u00e0-vis de cet appel. Ils ont soulign\u00e9 que le pape Fran\u00e7ois est un leader religieux et ne devrait pas prendre parti en politique, surtout dans un contexte o\u00f9 la soci\u00e9t\u00e9 civile alg\u00e9rienne est actuellement le principal acteur des protestations populaires.<\/p>\n<h2>En conclusion : un appel \u00e0 l&#8217;action<\/h2>\n<p>L&#8217;appel du pape Fran\u00e7ois en faveur d&#8217;une soci\u00e9t\u00e9 civile libre en Alg\u00e9rie est une voix importante pour d\u00e9fendre les droits des citoyens alg\u00e9riens et pour promouvoir le dialogue interreligieux. Toutefois, il est important que ce soit la soci\u00e9t\u00e9 civile alg\u00e9rienne elle-m\u00eame qui dirige ses propres destins envers la d\u00e9mocratie.<\/p>\n<p>Les Alg\u00e9riens de la diaspora ont un r\u00f4le \u00e0 jouer dans l&#8217;appui \u00e0 cette lutte pour la libert\u00e9 et la d\u00e9mocratie en Alg\u00e9rie. Nous devons continuer \u00e0 soutenir la soci\u00e9t\u00e9 civile alg\u00e9rienne, \u00e0 partager ses id\u00e9es et \u00e0 promouvoir sa cause dans les m\u00e9dias sociaux et aupr\u00e8s de nos gouvernements respectifs.<\/p>\n<p>Au-del\u00e0 des diff\u00e9rences politiques ou religieuses, nous devons r\u00e9affirmer notre soutien \u00e0 la soci\u00e9t\u00e9 civile alg\u00e9rienne et \u00e0 son combat pour la d\u00e9mocratie. C&#8217;est le moment pour les Alg\u00e9riens de la diaspora de se mobiliser derri\u00e8re cette cause commune.<\/p>\n<p>Enfin, il est essentiel que les d\u00e9cideurs politiques internationaux prennent des mesures pour garantir la s\u00e9curit\u00e9 des manifestants et prot\u00e9ger les libert\u00e9s fondamentales en Alg\u00e9rie. Nous devons tout particuli\u00e8rement condamner les violences polici\u00e8res et les atteintes aux droits de l&#8217;homme.<\/p>\n<div style=\"background:#f8f9fa;border-left:4px solid #0066cc;border-radius:6px;padding:20px 24px;margin:32px 0;\">\n<p style=\"font-size:13px;color:#888;text-transform:uppercase;letter-spacing:0.8px;margin:0 0 6px 0;\">Vous pourriez aussi aimer<\/p>\n<h3 style=\"font-size:18px;margin:0 0 14px 0;color:#222;\">Articles similaires<\/h3>\n<ul style=\"margin:0;padding-left:20px;list-style:disc;\">\n<li style=\"margin-bottom:10px;\"><a href=\"https:\/\/monmaghreb.com\/index.php\/2026\/05\/01\/le-voyage-historique-du-pape-leon-xiv-en-algerie-enquete-sur-les-promesses-de-paix-et-reconciliation\/\" style=\"color:#0066cc;text-decoration:none;font-weight:500;\" title=\"Le voyage historique du pape L\u00e9on XIV en Alg\u00e9rie : enqu\u00eate sur les promesses de paix et r\u00e9conciliation\">Le voyage historique du pape L\u00e9on XIV en Alg\u00e9rie : enqu\u00eate sur les promesses de paix et r\u00e9conciliation<\/a><\/li>\n<li style=\"margin-bottom:10px;\"><a href=\"https:\/\/monmaghreb.com\/index.php\/2026\/04\/29\/le-voyage-du-pape-leon-xiv-en-algerie-implications-culturelles-et-historiques\/\" style=\"color:#0066cc;text-decoration:none;font-weight:500;\" title=\"Le voyage du Pape L\u00e9on XIV en Alg\u00e9rie : implications culturelles et historiques\">Le voyage du Pape L\u00e9on XIV en Alg\u00e9rie : implications culturelles et historiques<\/a><\/li>\n<li style=\"margin-bottom:10px;\"><a href=\"https:\/\/monmaghreb.com\/index.php\/2026\/04\/28\/le-voyage-du-pape-leon-xiv-en-algerie-se-poursuit-les-souvenirs-de-cette-visite-historique\/\" style=\"color:#0066cc;text-decoration:none;font-weight:500;\" title=\"Le voyage du Pape L\u00e9on XIV en Alg\u00e9rie se poursuit : les souvenirs de cette visite historique\">Le voyage du Pape L\u00e9on XIV en Alg\u00e9rie se poursuit : les souvenirs de cette visite historique<\/a><\/li>\n<li style=\"margin-bottom:10px;\"><a href=\"https:\/\/monmaghreb.com\/index.php\/2026\/04\/28\/le-voyage-du-pape-francois-en-algerie-angola-cameroun-et-guinee-equatoriale-13-23-avril-2026-ce-quil-attendre-des-communautes-maghrebines\/\" style=\"color:#0066cc;text-decoration:none;font-weight:500;\" title=\"Le voyage du Pape Fran\u00e7ois en Alg\u00e9rie, Angola, Cameroun et Guin\u00e9e \u00c9quatoriale (13-23 avril 2026) : ce qu&#8217;il attendre des communaut\u00e9s maghr\u00e9bines\">Le voyage du Pape Fran\u00e7ois en Alg\u00e9rie, Angola, Cameroun et Guin\u00e9e \u00c9quatoriale (13-23 avril 2026) : ce qu&#8217;il attendre des communaut\u00e9s maghr\u00e9bines<\/a><\/li>\n<li style=\"margin-bottom:10px;\"><a href=\"https:\/\/monmaghreb.com\/index.php\/2026\/05\/01\/la-guerre-silencieuse-contre-lalgerie-un-appel-a-la-paix-et-a-la-reconciliation\/\" style=\"color:#0066cc;text-decoration:none;font-weight:500;\" title=\"La guerre silencieuse contre l&#8217;Alg\u00e9rie : un appel \u00e0 la paix et \u00e0 la r\u00e9conciliation\">La guerre silencieuse contre l&#8217;Alg\u00e9rie : un appel \u00e0 la paix et \u00e0 la r\u00e9conciliation<\/a><\/li>\n<\/ul>\n<\/div>\n<p><\/body><br \/>\n<\/html><\/p>\n","protected":false},"excerpt":{"rendered":"<p>Le pape Fran\u00e7ois appelle \u00e0 la lib\u00e9ration de la soci\u00e9t\u00e9 civile alg\u00e9rienne, suscitant des r\u00e9actions contrast\u00e9es. Suivez notre analyse.<\/p>\n","protected":false},"author":1,"featured_media":3842,"comment_status":"closed","ping_status":"open","sticky":false,"template":"","format":"standard","meta":{"_yoast_wpseo_focuskw":"pape appel soci\u00e9t\u00e9 civile libre Algerie","_yoast_wpseo_title":"Le pape appelle \u00e0 une soci\u00e9t\u00e9 civile libre en Alg\u00e9rie : anal","_yoast_wpseo_metadesc":"Le pape Fran\u00e7ois appelle \u00e0 la lib\u00e9ration de la soci\u00e9t\u00e9 civile alg\u00e9rienne, suscitant des r\u00e9actions contrast\u00e9es. Suivez notre analyse.","_yoast_wpseo_canonical":"","_yoast_wpseo_opengraph-title":"Le pape appelle \u00e0 une soci\u00e9t\u00e9 civile libre en Alg\u00e9rie : analyse et r\u00e9actions","_yoast_wpseo_opengraph-description":"Le pape Fran\u00e7ois appelle \u00e0 la lib\u00e9ration de la soci\u00e9t\u00e9 civile alg\u00e9rienne, suscitant des r\u00e9actions contrast\u00e9es. Suivez notre analyse.","_yoast_wpseo_opengraph-image":"","tdm_status":"","tdm_grid_status":"","footnotes":""},"categories":[508],"tags":[2601,1893,2600,2598,2599],"class_list":["post-3843","post","type-post","status-publish","format-standard","has-post-thumbnail","hentry","category-algerie","tag-affairesinternationales","tag-algerie-politique","tag-algeriendiaspora","tag-crisepolitique-algerie","tag-papefrancois"],"yoast_head":"<!-- This site is optimized with the Yoast SEO plugin v27.5 - https:\/\/yoast.com\/product\/yoast-seo-wordpress\/ -->\n<title>Le pape appelle \u00e0 une soci\u00e9t\u00e9 civile libre en Alg\u00e9rie : anal<\/title>\n<meta name=\"description\" content=\"Le pape Fran\u00e7ois appelle \u00e0 la lib\u00e9ration de la soci\u00e9t\u00e9 civile alg\u00e9rienne, suscitant des r\u00e9actions contrast\u00e9es. Suivez notre analyse.\" \/>\n<meta name=\"robots\" content=\"index, follow, max-snippet:-1, max-image-preview:large, max-video-preview:-1\" \/>\n<link rel=\"canonical\" href=\"https:\/\/monmaghreb.com\/index.php\/2026\/05\/03\/le-pape-appelle-a-une-societe-civile-libre-en-algerie-analyse-et-reactions\/\" \/>\n<meta property=\"og:locale\" content=\"en_US\" \/>\n<meta property=\"og:type\" content=\"article\" \/>\n<meta property=\"og:title\" content=\"Le pape appelle \u00e0 une soci\u00e9t\u00e9 civile libre en Alg\u00e9rie : analyse et r\u00e9actions\" \/>\n<meta property=\"og:description\" content=\"Le pape Fran\u00e7ois appelle \u00e0 la lib\u00e9ration de la soci\u00e9t\u00e9 civile alg\u00e9rienne, suscitant des r\u00e9actions contrast\u00e9es. Suivez notre analyse.\" \/>\n<meta property=\"og:url\" content=\"https:\/\/monmaghreb.com\/index.php\/2026\/05\/03\/le-pape-appelle-a-une-societe-civile-libre-en-algerie-analyse-et-reactions\/\" \/>\n<meta property=\"og:site_name\" content=\"Mon Maghreb\" \/>\n<meta property=\"article:author\" content=\"https:\/\/www.facebook.com\/monmaghrebcom\" \/>\n<meta property=\"article:published_time\" content=\"2026-05-03T10:58:06+00:00\" \/>\n<meta property=\"article:modified_time\" content=\"2026-05-03T10:58:12+00:00\" \/>\n<meta property=\"og:image\" content=\"https:\/\/monmaghreb.com\/wp-content\/uploads\/2026\/05\/featured-45.jpg\" \/>\n\t<meta property=\"og:image:width\" content=\"1880\" \/>\n\t<meta property=\"og:image:height\" content=\"1253\" \/>\n\t<meta property=\"og:image:type\" content=\"image\/jpeg\" \/>\n<meta name=\"author\" content=\"LaMagh\" \/>\n<meta name=\"twitter:card\" content=\"summary_large_image\" \/>\n<meta name=\"twitter:creator\" content=\"@MMaghreb50977\" \/>\n<meta name=\"twitter:label1\" content=\"Written by\" \/>\n\t<meta name=\"twitter:data1\" content=\"LaMagh\" \/>\n\t<meta name=\"twitter:label2\" content=\"Est. reading time\" \/>\n\t<meta name=\"twitter:data2\" content=\"4 minutes\" \/>\n<script type=\"application\/ld+json\" class=\"yoast-schema-graph\">{\"@context\":\"https:\\\/\\\/schema.org\",\"@graph\":[{\"@type\":\"Article\",\"@id\":\"https:\\\/\\\/monmaghreb.com\\\/index.php\\\/2026\\\/05\\\/03\\\/le-pape-appelle-a-une-societe-civile-libre-en-algerie-analyse-et-reactions\\\/#article\",\"isPartOf\":{\"@id\":\"https:\\\/\\\/monmaghreb.com\\\/index.php\\\/2026\\\/05\\\/03\\\/le-pape-appelle-a-une-societe-civile-libre-en-algerie-analyse-et-reactions\\\/\"},\"author\":{\"name\":\"LaMagh\",\"@id\":\"http:\\\/\\\/monmaghreb.com\\\/#\\\/schema\\\/person\\\/c469a89dc8c6b8987dcb438b1200d054\"},\"headline\":\"Le pape appelle \u00e0 une soci\u00e9t\u00e9 civile libre en Alg\u00e9rie : analyse et r\u00e9actions\",\"datePublished\":\"2026-05-03T10:58:06+00:00\",\"dateModified\":\"2026-05-03T10:58:12+00:00\",\"mainEntityOfPage\":{\"@id\":\"https:\\\/\\\/monmaghreb.com\\\/index.php\\\/2026\\\/05\\\/03\\\/le-pape-appelle-a-une-societe-civile-libre-en-algerie-analyse-et-reactions\\\/\"},\"wordCount\":812,\"publisher\":{\"@id\":\"http:\\\/\\\/monmaghreb.com\\\/#organization\"},\"image\":{\"@id\":\"https:\\\/\\\/monmaghreb.com\\\/index.php\\\/2026\\\/05\\\/03\\\/le-pape-appelle-a-une-societe-civile-libre-en-algerie-analyse-et-reactions\\\/#primaryimage\"},\"thumbnailUrl\":\"https:\\\/\\\/monmaghreb.com\\\/wp-content\\\/uploads\\\/2026\\\/05\\\/featured-45.jpg\",\"keywords\":[\"affairesinternationales\",\"alg\u00e9rie politique\",\"alg\u00e9riendiaspora\",\"crisepolitique algerie\",\"papefrancois\"],\"articleSection\":[\"Alg\u00e9rie\"],\"inLanguage\":\"en-US\"},{\"@type\":\"WebPage\",\"@id\":\"https:\\\/\\\/monmaghreb.com\\\/index.php\\\/2026\\\/05\\\/03\\\/le-pape-appelle-a-une-societe-civile-libre-en-algerie-analyse-et-reactions\\\/\",\"url\":\"https:\\\/\\\/monmaghreb.com\\\/index.php\\\/2026\\\/05\\\/03\\\/le-pape-appelle-a-une-societe-civile-libre-en-algerie-analyse-et-reactions\\\/\",\"name\":\"Le pape appelle \u00e0 une soci\u00e9t\u00e9 civile libre en Alg\u00e9rie : anal\",\"isPartOf\":{\"@id\":\"http:\\\/\\\/monmaghreb.com\\\/#website\"},\"primaryImageOfPage\":{\"@id\":\"https:\\\/\\\/monmaghreb.com\\\/index.php\\\/2026\\\/05\\\/03\\\/le-pape-appelle-a-une-societe-civile-libre-en-algerie-analyse-et-reactions\\\/#primaryimage\"},\"image\":{\"@id\":\"https:\\\/\\\/monmaghreb.com\\\/index.php\\\/2026\\\/05\\\/03\\\/le-pape-appelle-a-une-societe-civile-libre-en-algerie-analyse-et-reactions\\\/#primaryimage\"},\"thumbnailUrl\":\"https:\\\/\\\/monmaghreb.com\\\/wp-content\\\/uploads\\\/2026\\\/05\\\/featured-45.jpg\",\"datePublished\":\"2026-05-03T10:58:06+00:00\",\"dateModified\":\"2026-05-03T10:58:12+00:00\",\"description\":\"Le pape Fran\u00e7ois appelle \u00e0 la lib\u00e9ration de la soci\u00e9t\u00e9 civile alg\u00e9rienne, suscitant des r\u00e9actions contrast\u00e9es. Suivez notre analyse.\",\"breadcrumb\":{\"@id\":\"https:\\\/\\\/monmaghreb.com\\\/index.php\\\/2026\\\/05\\\/03\\\/le-pape-appelle-a-une-societe-civile-libre-en-algerie-analyse-et-reactions\\\/#breadcrumb\"},\"inLanguage\":\"en-US\",\"potentialAction\":[{\"@type\":\"ReadAction\",\"target\":[\"https:\\\/\\\/monmaghreb.com\\\/index.php\\\/2026\\\/05\\\/03\\\/le-pape-appelle-a-une-societe-civile-libre-en-algerie-analyse-et-reactions\\\/\"]}]},{\"@type\":\"ImageObject\",\"inLanguage\":\"en-US\",\"@id\":\"https:\\\/\\\/monmaghreb.com\\\/index.php\\\/2026\\\/05\\\/03\\\/le-pape-appelle-a-une-societe-civile-libre-en-algerie-analyse-et-reactions\\\/#primaryimage\",\"url\":\"https:\\\/\\\/monmaghreb.com\\\/wp-content\\\/uploads\\\/2026\\\/05\\\/featured-45.jpg\",\"contentUrl\":\"https:\\\/\\\/monmaghreb.com\\\/wp-content\\\/uploads\\\/2026\\\/05\\\/featured-45.jpg\",\"width\":1880,\"height\":1253,\"caption\":\"Pape Fran\u00e7ois appelle \u00e0 la lib\u00e9ration de la soci\u00e9t\u00e9 civile en Alg\u00e9rie\"},{\"@type\":\"BreadcrumbList\",\"@id\":\"https:\\\/\\\/monmaghreb.com\\\/index.php\\\/2026\\\/05\\\/03\\\/le-pape-appelle-a-une-societe-civile-libre-en-algerie-analyse-et-reactions\\\/#breadcrumb\",\"itemListElement\":[{\"@type\":\"ListItem\",\"position\":1,\"name\":\"Home\",\"item\":\"http:\\\/\\\/monmaghreb.com\\\/\"},{\"@type\":\"ListItem\",\"position\":2,\"name\":\"Le pape appelle \u00e0 une soci\u00e9t\u00e9 civile libre en Alg\u00e9rie : analyse et r\u00e9actions\"}]},{\"@type\":\"WebSite\",\"@id\":\"http:\\\/\\\/monmaghreb.com\\\/#website\",\"url\":\"http:\\\/\\\/monmaghreb.com\\\/\",\"name\":\"Mon Maghreb\",\"description\":\"MonMaghreb United\",\"publisher\":{\"@id\":\"http:\\\/\\\/monmaghreb.com\\\/#organization\"},\"alternateName\":\"Le Monde du Maghreb et au del\u00e0\",\"potentialAction\":[{\"@type\":\"SearchAction\",\"target\":{\"@type\":\"EntryPoint\",\"urlTemplate\":\"http:\\\/\\\/monmaghreb.com\\\/?s={search_term_string}\"},\"query-input\":{\"@type\":\"PropertyValueSpecification\",\"valueRequired\":true,\"valueName\":\"search_term_string\"}}],\"inLanguage\":\"en-US\"},{\"@type\":\"Organization\",\"@id\":\"http:\\\/\\\/monmaghreb.com\\\/#organization\",\"name\":\"Mon Maghreb\",\"url\":\"http:\\\/\\\/monmaghreb.com\\\/\",\"logo\":{\"@type\":\"ImageObject\",\"inLanguage\":\"en-US\",\"@id\":\"http:\\\/\\\/monmaghreb.com\\\/#\\\/schema\\\/logo\\\/image\\\/\",\"url\":\"https:\\\/\\\/monmaghreb.com\\\/wp-content\\\/uploads\\\/2025\\\/12\\\/Mon_Maghreb_Logo.jpg\",\"contentUrl\":\"https:\\\/\\\/monmaghreb.com\\\/wp-content\\\/uploads\\\/2025\\\/12\\\/Mon_Maghreb_Logo.jpg\",\"width\":814,\"height\":374,\"caption\":\"Mon Maghreb\"},\"image\":{\"@id\":\"http:\\\/\\\/monmaghreb.com\\\/#\\\/schema\\\/logo\\\/image\\\/\"}},{\"@type\":\"Person\",\"@id\":\"http:\\\/\\\/monmaghreb.com\\\/#\\\/schema\\\/person\\\/c469a89dc8c6b8987dcb438b1200d054\",\"name\":\"LaMagh\",\"image\":{\"@type\":\"ImageObject\",\"inLanguage\":\"en-US\",\"@id\":\"https:\\\/\\\/secure.gravatar.com\\\/avatar\\\/399d8144bd55fba55e056779aca52fe528bac7911f6449e54d81173d6dfd7f0a?s=96&d=mm&r=g\",\"url\":\"https:\\\/\\\/secure.gravatar.com\\\/avatar\\\/399d8144bd55fba55e056779aca52fe528bac7911f6449e54d81173d6dfd7f0a?s=96&d=mm&r=g\",\"contentUrl\":\"https:\\\/\\\/secure.gravatar.com\\\/avatar\\\/399d8144bd55fba55e056779aca52fe528bac7911f6449e54d81173d6dfd7f0a?s=96&d=mm&r=g\",\"caption\":\"LaMagh\"},\"sameAs\":[\"https:\\\/\\\/monmaghreb.com\",\"https:\\\/\\\/www.facebook.com\\\/monmaghrebcom\",\"https:\\\/\\\/x.com\\\/MMaghreb50977\"],\"url\":\"https:\\\/\\\/monmaghreb.com\\\/index.php\\\/author\\\/lamagh\\\/\"}]}<\/script>\n<!-- \/ Yoast SEO plugin. -->","yoast_head_json":{"title":"Le pape appelle \u00e0 une soci\u00e9t\u00e9 civile libre en Alg\u00e9rie : anal","description":"Le pape Fran\u00e7ois appelle \u00e0 la lib\u00e9ration de la soci\u00e9t\u00e9 civile alg\u00e9rienne, suscitant des r\u00e9actions contrast\u00e9es. Suivez notre analyse.","robots":{"index":"index","follow":"follow","max-snippet":"max-snippet:-1","max-image-preview":"max-image-preview:large","max-video-preview":"max-video-preview:-1"},"canonical":"https:\/\/monmaghreb.com\/index.php\/2026\/05\/03\/le-pape-appelle-a-une-societe-civile-libre-en-algerie-analyse-et-reactions\/","og_locale":"en_US","og_type":"article","og_title":"Le pape appelle \u00e0 une soci\u00e9t\u00e9 civile libre en Alg\u00e9rie : analyse et r\u00e9actions","og_description":"Le pape Fran\u00e7ois appelle \u00e0 la lib\u00e9ration de la soci\u00e9t\u00e9 civile alg\u00e9rienne, suscitant des r\u00e9actions contrast\u00e9es. Suivez notre analyse.","og_url":"https:\/\/monmaghreb.com\/index.php\/2026\/05\/03\/le-pape-appelle-a-une-societe-civile-libre-en-algerie-analyse-et-reactions\/","og_site_name":"Mon Maghreb","article_author":"https:\/\/www.facebook.com\/monmaghrebcom","article_published_time":"2026-05-03T10:58:06+00:00","article_modified_time":"2026-05-03T10:58:12+00:00","og_image":[{"width":1880,"height":1253,"url":"https:\/\/monmaghreb.com\/wp-content\/uploads\/2026\/05\/featured-45.jpg","type":"image\/jpeg"}],"author":"LaMagh","twitter_card":"summary_large_image","twitter_creator":"@MMaghreb50977","twitter_misc":{"Written by":"LaMagh","Est. reading time":"4 minutes"},"schema":{"@context":"https:\/\/schema.org","@graph":[{"@type":"Article","@id":"https:\/\/monmaghreb.com\/index.php\/2026\/05\/03\/le-pape-appelle-a-une-societe-civile-libre-en-algerie-analyse-et-reactions\/#article","isPartOf":{"@id":"https:\/\/monmaghreb.com\/index.php\/2026\/05\/03\/le-pape-appelle-a-une-societe-civile-libre-en-algerie-analyse-et-reactions\/"},"author":{"name":"LaMagh","@id":"http:\/\/monmaghreb.com\/#\/schema\/person\/c469a89dc8c6b8987dcb438b1200d054"},"headline":"Le pape appelle \u00e0 une soci\u00e9t\u00e9 civile libre en Alg\u00e9rie : analyse et r\u00e9actions","datePublished":"2026-05-03T10:58:06+00:00","dateModified":"2026-05-03T10:58:12+00:00","mainEntityOfPage":{"@id":"https:\/\/monmaghreb.com\/index.php\/2026\/05\/03\/le-pape-appelle-a-une-societe-civile-libre-en-algerie-analyse-et-reactions\/"},"wordCount":812,"publisher":{"@id":"http:\/\/monmaghreb.com\/#organization"},"image":{"@id":"https:\/\/monmaghreb.com\/index.php\/2026\/05\/03\/le-pape-appelle-a-une-societe-civile-libre-en-algerie-analyse-et-reactions\/#primaryimage"},"thumbnailUrl":"https:\/\/monmaghreb.com\/wp-content\/uploads\/2026\/05\/featured-45.jpg","keywords":["affairesinternationales","alg\u00e9rie politique","alg\u00e9riendiaspora","crisepolitique algerie","papefrancois"],"articleSection":["Alg\u00e9rie"],"inLanguage":"en-US"},{"@type":"WebPage","@id":"https:\/\/monmaghreb.com\/index.php\/2026\/05\/03\/le-pape-appelle-a-une-societe-civile-libre-en-algerie-analyse-et-reactions\/","url":"https:\/\/monmaghreb.com\/index.php\/2026\/05\/03\/le-pape-appelle-a-une-societe-civile-libre-en-algerie-analyse-et-reactions\/","name":"Le pape appelle \u00e0 une soci\u00e9t\u00e9 civile libre en Alg\u00e9rie : anal","isPartOf":{"@id":"http:\/\/monmaghreb.com\/#website"},"primaryImageOfPage":{"@id":"https:\/\/monmaghreb.com\/index.php\/2026\/05\/03\/le-pape-appelle-a-une-societe-civile-libre-en-algerie-analyse-et-reactions\/#primaryimage"},"image":{"@id":"https:\/\/monmaghreb.com\/index.php\/2026\/05\/03\/le-pape-appelle-a-une-societe-civile-libre-en-algerie-analyse-et-reactions\/#primaryimage"},"thumbnailUrl":"https:\/\/monmaghreb.com\/wp-content\/uploads\/2026\/05\/featured-45.jpg","datePublished":"2026-05-03T10:58:06+00:00","dateModified":"2026-05-03T10:58:12+00:00","description":"Le pape Fran\u00e7ois appelle \u00e0 la lib\u00e9ration de la soci\u00e9t\u00e9 civile alg\u00e9rienne, suscitant des r\u00e9actions contrast\u00e9es. Suivez notre analyse.","breadcrumb":{"@id":"https:\/\/monmaghreb.com\/index.php\/2026\/05\/03\/le-pape-appelle-a-une-societe-civile-libre-en-algerie-analyse-et-reactions\/#breadcrumb"},"inLanguage":"en-US","potentialAction":[{"@type":"ReadAction","target":["https:\/\/monmaghreb.com\/index.php\/2026\/05\/03\/le-pape-appelle-a-une-societe-civile-libre-en-algerie-analyse-et-reactions\/"]}]},{"@type":"ImageObject","inLanguage":"en-US","@id":"https:\/\/monmaghreb.com\/index.php\/2026\/05\/03\/le-pape-appelle-a-une-societe-civile-libre-en-algerie-analyse-et-reactions\/#primaryimage","url":"https:\/\/monmaghreb.com\/wp-content\/uploads\/2026\/05\/featured-45.jpg","contentUrl":"https:\/\/monmaghreb.com\/wp-content\/uploads\/2026\/05\/featured-45.jpg","width":1880,"height":1253,"caption":"Pape Fran\u00e7ois appelle \u00e0 la lib\u00e9ration de la soci\u00e9t\u00e9 civile en Alg\u00e9rie"},{"@type":"BreadcrumbList","@id":"https:\/\/monmaghreb.com\/index.php\/2026\/05\/03\/le-pape-appelle-a-une-societe-civile-libre-en-algerie-analyse-et-reactions\/#breadcrumb","itemListElement":[{"@type":"ListItem","position":1,"name":"Home","item":"http:\/\/monmaghreb.com\/"},{"@type":"ListItem","position":2,"name":"Le pape appelle \u00e0 une soci\u00e9t\u00e9 civile libre en Alg\u00e9rie : analyse et r\u00e9actions"}]},{"@type":"WebSite","@id":"http:\/\/monmaghreb.com\/#website","url":"http:\/\/monmaghreb.com\/","name":"Mon Maghreb","description":"MonMaghreb United","publisher":{"@id":"http:\/\/monmaghreb.com\/#organization"},"alternateName":"Le Monde du Maghreb et au del\u00e0","potentialAction":[{"@type":"SearchAction","target":{"@type":"EntryPoint","urlTemplate":"http:\/\/monmaghreb.com\/?s={search_term_string}"},"query-input":{"@type":"PropertyValueSpecification","valueRequired":true,"valueName":"search_term_string"}}],"inLanguage":"en-US"},{"@type":"Organization","@id":"http:\/\/monmaghreb.com\/#organization","name":"Mon Maghreb","url":"http:\/\/monmaghreb.com\/","logo":{"@type":"ImageObject","inLanguage":"en-US","@id":"http:\/\/monmaghreb.com\/#\/schema\/logo\/image\/","url":"https:\/\/monmaghreb.com\/wp-content\/uploads\/2025\/12\/Mon_Maghreb_Logo.jpg","contentUrl":"https:\/\/monmaghreb.com\/wp-content\/uploads\/2025\/12\/Mon_Maghreb_Logo.jpg","width":814,"height":374,"caption":"Mon Maghreb"},"image":{"@id":"http:\/\/monmaghreb.com\/#\/schema\/logo\/image\/"}},{"@type":"Person","@id":"http:\/\/monmaghreb.com\/#\/schema\/person\/c469a89dc8c6b8987dcb438b1200d054","name":"LaMagh","image":{"@type":"ImageObject","inLanguage":"en-US","@id":"https:\/\/secure.gravatar.com\/avatar\/399d8144bd55fba55e056779aca52fe528bac7911f6449e54d81173d6dfd7f0a?s=96&d=mm&r=g","url":"https:\/\/secure.gravatar.com\/avatar\/399d8144bd55fba55e056779aca52fe528bac7911f6449e54d81173d6dfd7f0a?s=96&d=mm&r=g","contentUrl":"https:\/\/secure.gravatar.com\/avatar\/399d8144bd55fba55e056779aca52fe528bac7911f6449e54d81173d6dfd7f0a?s=96&d=mm&r=g","caption":"LaMagh"},"sameAs":["https:\/\/monmaghreb.com","https:\/\/www.facebook.com\/monmaghrebcom","https:\/\/x.com\/MMaghreb50977"],"url":"https:\/\/monmaghreb.com\/index.php\/author\/lamagh\/"}]}},"_links":{"self":[{"href":"https:\/\/monmaghreb.com\/index.php\/wp-json\/wp\/v2\/posts\/3843","targetHints":{"allow":["GET"]}}],"collection":[{"href":"https:\/\/monmaghreb.com\/index.php\/wp-json\/wp\/v2\/posts"}],"about":[{"href":"https:\/\/monmaghreb.com\/index.php\/wp-json\/wp\/v2\/types\/post"}],"author":[{"embeddable":true,"href":"https:\/\/monmaghreb.com\/index.php\/wp-json\/wp\/v2\/users\/1"}],"replies":[{"embeddable":true,"href":"https:\/\/monmaghreb.com\/index.php\/wp-json\/wp\/v2\/comments?post=3843"}],"version-history":[{"count":1,"href":"https:\/\/monmaghreb.com\/index.php\/wp-json\/wp\/v2\/posts\/3843\/revisions"}],"predecessor-version":[{"id":3844,"href":"https:\/\/monmaghreb.com\/index.php\/wp-json\/wp\/v2\/posts\/3843\/revisions\/3844"}],"wp:featuredmedia":[{"embeddable":true,"href":"https:\/\/monmaghreb.com\/index.php\/wp-json\/wp\/v2\/media\/3842"}],"wp:attachment":[{"href":"https:\/\/monmaghreb.com\/index.php\/wp-json\/wp\/v2\/media?parent=3843"}],"wp:term":[{"taxonomy":"category","embeddable":true,"href":"https:\/\/monmaghreb.com\/index.php\/wp-json\/wp\/v2\/categories?post=3843"},{"taxonomy":"post_tag","embeddable":true,"href":"https:\/\/monmaghreb.com\/index.php\/wp-json\/wp\/v2\/tags?post=3843"}],"curies":[{"name":"wp","href":"https:\/\/api.w.org\/{rel}","templated":true}]}}