{"id":818,"date":"2026-03-08T15:27:35","date_gmt":"2026-03-08T15:27:35","guid":{"rendered":"https:\/\/monmaghreb.com\/index.php\/2026\/03\/08\/le-savoir-faire-artisanal-marocain-au-salon-retromobile-2026-un-evenement-a-ne-pas-rater\/"},"modified":"2026-03-18T19:43:26","modified_gmt":"2026-03-18T19:43:26","slug":"le-savoir-faire-artisanal-marocain-au-salon-retromobile-2026-un-evenement-a-ne-pas-rater","status":"publish","type":"post","link":"https:\/\/monmaghreb.com\/index.php\/2026\/03\/08\/le-savoir-faire-artisanal-marocain-au-salon-retromobile-2026-un-evenement-a-ne-pas-rater\/","title":{"rendered":"Le savoir-faire artisanal marocain au Salon R\u00e9tromobile 2026 : un \u00e9v\u00e9nement \u00e0 ne pas rater"},"content":{"rendered":"<p><!DOCTYPE html> <html lang='fr'> <head> <meta charset='UTF-8'> <meta name='viewport' content='width=device-width, initial-scale=1.0'> <title>Le savoir-faire artisanal marocain au Salon R\u00e9tromobile 2026<\/title> <\/head> <body> <\/p>\n<h1>Le savoir-faire artisanal marocain au Salon R\u00e9tromobile 2026 : un \u00e9v\u00e9nement \u00e0 ne pas rater<\/h1>\n<p>Les amoureux de l&#8217;artisanat traditionnel marocain ont une nouvelle raison d&#8217;\u00eatre excit\u00e9s. En effet, le Salon R\u00e9tromobile 2026, une manifestation internationale consacr\u00e9e aux voitures anciennes et au luxe vintage, proposera un espace sp\u00e9cialement d\u00e9di\u00e9 \u00e0 la promotion de nos savoirs-faire artisanaux. Dans ce billet, nous vous donnons les d\u00e9tails de cette collaboration unique qui devrait mettre en lumi\u00e8re le talent marocain sur une sc\u00e8ne internationale.<\/p>\n<h2>Qu\u2019est-ce que le Salon R\u00e9tromobile ?<\/h2>\n<p>Le Salon R\u00e9tromobile est un \u00e9v\u00e9nement annuel fran\u00e7ais consacr\u00e9 aux v\u00e9hicules anciens et \u00e0 l&#8217;\u00e9poque d&#8217;or du luxe. Des collections priv\u00e9es, des concessionnaires, des revendeurs sp\u00e9cialis\u00e9s dans les voitures anciennes ainsi que de nombreuses marques de luxe participent \u00e0 cette manifestation prestigieuse qui attire chaque ann\u00e9e un grand public passionn\u00e9 par la voiture d&#8217;antan et la vie de luxe.<\/p>\n<h2>Une collaboration unique entre le Salon R\u00e9tromobile et l\u2019artisanat marocain<\/h2>\n<p>Pour la premi\u00e8re fois, le Salon R\u00e9tromobile 2026 proposera un espace d\u00e9di\u00e9 \u00e0 la promotion du savoir-faire artisanal marocain. Cette initiative unique vise \u00e0 mettre en lumi\u00e8re les talents de nos artisans et \u00e0 offrir aux visiteurs une exp\u00e9rience in\u00e9dite qui m\u00eale la beaut\u00e9 des voitures d&#8217;antan et le charme des objets cr\u00e9\u00e9s par nos artisans.<\/p>\n<h2>Quels savoirs-faire marocains seront pr\u00e9sent\u00e9s ?<\/h2>\n<p>Le Salon R\u00e9tromobile 2026 offrira la possibilit\u00e9 aux visiteurs de d\u00e9couvrir des objets cr\u00e9\u00e9s par nos artisans les plus talentueux. Les produits pr\u00e9sent\u00e9s incluront des tapis, des lampes et des accessoires en cuir r\u00e9alis\u00e9s dans diff\u00e9rents styles, afin de montrer \u00e0 la fois la diversit\u00e9 et la richesse de notre savoir-faire.<\/p>\n<h2>Quel est l&#8217;objectif de cette collaboration ?<\/h2>\n<p>Le but de cette collaboration entre le Salon R\u00e9tromobile et l\u2019artisanat marocain est multiple. En premier lieu, il s&#8217;agit d&#8217;offrir \u00e0 nos artisans la chance de pr\u00e9senter leurs talents sur une sc\u00e8ne internationale prestigieuse. En second lieu, il vise \u00e0 promouvoir le Maroc en tant que pays de luxe qui poss\u00e8de un patrimoine culturel exceptionnel et des savoirs-faire traditionnels de premier ordre. Enfin, ce partenariat a pour objectif d&#8217;encourager les \u00e9changes commerciaux entre les deux parties.<\/p>\n<h2>Quel est l\u2019impact attendu de cette collaboration ?<\/h2>\n<p>Le Salon R\u00e9tromobile 2026 offrira aux artisans marocains la possibilit\u00e9 de d\u00e9velopper leurs r\u00e9seaux internationaux et d&#8217;\u00e9tendre leur client\u00e8le. De plus, cette collaboration permettra de mettre en valeur les talents de nos artisans aupr\u00e8s des professionnels du luxe et des collectionneurs priv\u00e9s, ce qui devrait cr\u00e9er une demande accrue pour leurs produits.<\/p>\n<h2>Appel \u00e0 l&#8217;action<\/h2>\n<p>Si vous \u00eates un amoureux de la voiture d&#8217;antan ou du luxe vintage, ne manquez pas le Salon R\u00e9tromobile 2026. Vous pourrez y d\u00e9couvrir les savoirs-faire artisanaux marocains qui m\u00ealeront la beaut\u00e9 des voitures d&#8217;antan et le charme des objets cr\u00e9\u00e9s par nos artisans.<\/p>\n<h2>Conclusion<\/h2>\n<p>Le Salon R\u00e9tromobile 2026 sera une manifestation unique qui permettra de mettre en lumi\u00e8re les talents de nos artisans marocains et d&#8217;offrir aux visiteurs une exp\u00e9rience in\u00e9dite qui m\u00eale la beaut\u00e9 des voitures d&#8217;antan et le charme des objets cr\u00e9\u00e9s par nos artisans. N&#8217;h\u00e9sitez pas \u00e0 le visiter pour d\u00e9couvrir les savoirs-faire marocains sur une sc\u00e8ne internationale prestigieuse.<\/p>\n<p> <\/body> <\/html><\/p>\n","protected":false},"excerpt":{"rendered":"<p>D\u00e9couvrez l&#8217;artisanat marocain au Salon R\u00e9tromobile 2026, un \u00e9v\u00e9nement unique \u00e0 ne pas rater. Soyez t\u00e9moin de notre savoir-faire exceptionnel.<\/p>\n","protected":false},"author":1,"featured_media":1432,"comment_status":"closed","ping_status":"open","sticky":false,"template":"","format":"standard","meta":{"_yoast_wpseo_focuskw":"","_yoast_wpseo_title":"","_yoast_wpseo_metadesc":"","_yoast_wpseo_canonical":"","_yoast_wpseo_opengraph-title":"","_yoast_wpseo_opengraph-description":"","_yoast_wpseo_opengraph-image":"","tdm_status":"","tdm_grid_status":"","footnotes":""},"categories":[89],"tags":[621,619,624,622,623],"class_list":["post-818","post","type-post","status-publish","format-standard","has-post-thumbnail","hentry","category-lifestyle","tag-artisanat-marocain","tag-diaspora-france","tag-luxe-vintage","tag-salon-retromobile","tag-vieille-voiture"],"yoast_head":"<!-- This site is optimized with the Yoast SEO plugin v27.4 - https:\/\/yoast.com\/product\/yoast-seo-wordpress\/ -->\n<title>Le savoir-faire artisanal marocain au Salon R\u00e9tromobile 2026 : un \u00e9v\u00e9nement \u00e0 ne pas rater - Mon Maghreb<\/title>\n<meta name=\"robots\" content=\"index, follow, max-snippet:-1, max-image-preview:large, max-video-preview:-1\" \/>\n<link rel=\"canonical\" href=\"https:\/\/monmaghreb.com\/index.php\/2026\/03\/08\/le-savoir-faire-artisanal-marocain-au-salon-retromobile-2026-un-evenement-a-ne-pas-rater\/\" \/>\n<meta property=\"og:locale\" content=\"en_US\" \/>\n<meta property=\"og:type\" content=\"article\" \/>\n<meta property=\"og:title\" content=\"Le savoir-faire artisanal marocain au Salon R\u00e9tromobile 2026 : un \u00e9v\u00e9nement \u00e0 ne pas rater - Mon Maghreb\" \/>\n<meta property=\"og:description\" content=\"D\u00e9couvrez l&#039;artisanat marocain au Salon R\u00e9tromobile 2026, un \u00e9v\u00e9nement unique \u00e0 ne pas rater. Soyez t\u00e9moin de notre savoir-faire exceptionnel.\" \/>\n<meta property=\"og:url\" content=\"https:\/\/monmaghreb.com\/index.php\/2026\/03\/08\/le-savoir-faire-artisanal-marocain-au-salon-retromobile-2026-un-evenement-a-ne-pas-rater\/\" \/>\n<meta property=\"og:site_name\" content=\"Mon Maghreb\" \/>\n<meta property=\"article:author\" content=\"https:\/\/www.facebook.com\/monmaghrebcom\" \/>\n<meta property=\"article:published_time\" content=\"2026-03-08T15:27:35+00:00\" \/>\n<meta property=\"article:modified_time\" content=\"2026-03-18T19:43:26+00:00\" \/>\n<meta property=\"og:image\" content=\"http:\/\/monmaghreb.com\/wp-content\/uploads\/2026\/03\/Screenshot_20260318_011551_Chrome.jpg\" \/>\n\t<meta property=\"og:image:width\" content=\"980\" \/>\n\t<meta property=\"og:image:height\" content=\"651\" \/>\n\t<meta property=\"og:image:type\" content=\"image\/jpeg\" \/>\n<meta name=\"author\" content=\"LaMagh\" \/>\n<meta name=\"twitter:card\" content=\"summary_large_image\" \/>\n<meta name=\"twitter:creator\" content=\"@MMaghreb50977\" \/>\n<meta name=\"twitter:label1\" content=\"Written by\" \/>\n\t<meta name=\"twitter:data1\" content=\"LaMagh\" \/>\n\t<meta name=\"twitter:label2\" content=\"Est. reading time\" \/>\n\t<meta name=\"twitter:data2\" content=\"3 minutes\" \/>\n<script type=\"application\/ld+json\" class=\"yoast-schema-graph\">{\"@context\":\"https:\\\/\\\/schema.org\",\"@graph\":[{\"@type\":\"Article\",\"@id\":\"https:\\\/\\\/monmaghreb.com\\\/index.php\\\/2026\\\/03\\\/08\\\/le-savoir-faire-artisanal-marocain-au-salon-retromobile-2026-un-evenement-a-ne-pas-rater\\\/#article\",\"isPartOf\":{\"@id\":\"https:\\\/\\\/monmaghreb.com\\\/index.php\\\/2026\\\/03\\\/08\\\/le-savoir-faire-artisanal-marocain-au-salon-retromobile-2026-un-evenement-a-ne-pas-rater\\\/\"},\"author\":{\"name\":\"LaMagh\",\"@id\":\"http:\\\/\\\/monmaghreb.com\\\/#\\\/schema\\\/person\\\/c469a89dc8c6b8987dcb438b1200d054\"},\"headline\":\"Le savoir-faire artisanal marocain au Salon R\u00e9tromobile 2026 : un \u00e9v\u00e9nement \u00e0 ne pas rater\",\"datePublished\":\"2026-03-08T15:27:35+00:00\",\"dateModified\":\"2026-03-18T19:43:26+00:00\",\"mainEntityOfPage\":{\"@id\":\"https:\\\/\\\/monmaghreb.com\\\/index.php\\\/2026\\\/03\\\/08\\\/le-savoir-faire-artisanal-marocain-au-salon-retromobile-2026-un-evenement-a-ne-pas-rater\\\/\"},\"wordCount\":598,\"publisher\":{\"@id\":\"http:\\\/\\\/monmaghreb.com\\\/#organization\"},\"image\":{\"@id\":\"https:\\\/\\\/monmaghreb.com\\\/index.php\\\/2026\\\/03\\\/08\\\/le-savoir-faire-artisanal-marocain-au-salon-retromobile-2026-un-evenement-a-ne-pas-rater\\\/#primaryimage\"},\"thumbnailUrl\":\"https:\\\/\\\/monmaghreb.com\\\/wp-content\\\/uploads\\\/2026\\\/03\\\/Screenshot_20260318_011551_Chrome.jpg\",\"keywords\":[\"artisanat marocain\",\"diaspora france\",\"luxe vintage\",\"salon retromobile\",\"vieille voiture\"],\"articleSection\":[\"Lifestyle\"],\"inLanguage\":\"en-US\"},{\"@type\":\"WebPage\",\"@id\":\"https:\\\/\\\/monmaghreb.com\\\/index.php\\\/2026\\\/03\\\/08\\\/le-savoir-faire-artisanal-marocain-au-salon-retromobile-2026-un-evenement-a-ne-pas-rater\\\/\",\"url\":\"https:\\\/\\\/monmaghreb.com\\\/index.php\\\/2026\\\/03\\\/08\\\/le-savoir-faire-artisanal-marocain-au-salon-retromobile-2026-un-evenement-a-ne-pas-rater\\\/\",\"name\":\"Le savoir-faire artisanal marocain au Salon R\u00e9tromobile 2026 : un \u00e9v\u00e9nement \u00e0 ne pas rater - Mon Maghreb\",\"isPartOf\":{\"@id\":\"http:\\\/\\\/monmaghreb.com\\\/#website\"},\"primaryImageOfPage\":{\"@id\":\"https:\\\/\\\/monmaghreb.com\\\/index.php\\\/2026\\\/03\\\/08\\\/le-savoir-faire-artisanal-marocain-au-salon-retromobile-2026-un-evenement-a-ne-pas-rater\\\/#primaryimage\"},\"image\":{\"@id\":\"https:\\\/\\\/monmaghreb.com\\\/index.php\\\/2026\\\/03\\\/08\\\/le-savoir-faire-artisanal-marocain-au-salon-retromobile-2026-un-evenement-a-ne-pas-rater\\\/#primaryimage\"},\"thumbnailUrl\":\"https:\\\/\\\/monmaghreb.com\\\/wp-content\\\/uploads\\\/2026\\\/03\\\/Screenshot_20260318_011551_Chrome.jpg\",\"datePublished\":\"2026-03-08T15:27:35+00:00\",\"dateModified\":\"2026-03-18T19:43:26+00:00\",\"breadcrumb\":{\"@id\":\"https:\\\/\\\/monmaghreb.com\\\/index.php\\\/2026\\\/03\\\/08\\\/le-savoir-faire-artisanal-marocain-au-salon-retromobile-2026-un-evenement-a-ne-pas-rater\\\/#breadcrumb\"},\"inLanguage\":\"en-US\",\"potentialAction\":[{\"@type\":\"ReadAction\",\"target\":[\"https:\\\/\\\/monmaghreb.com\\\/index.php\\\/2026\\\/03\\\/08\\\/le-savoir-faire-artisanal-marocain-au-salon-retromobile-2026-un-evenement-a-ne-pas-rater\\\/\"]}]},{\"@type\":\"ImageObject\",\"inLanguage\":\"en-US\",\"@id\":\"https:\\\/\\\/monmaghreb.com\\\/index.php\\\/2026\\\/03\\\/08\\\/le-savoir-faire-artisanal-marocain-au-salon-retromobile-2026-un-evenement-a-ne-pas-rater\\\/#primaryimage\",\"url\":\"https:\\\/\\\/monmaghreb.com\\\/wp-content\\\/uploads\\\/2026\\\/03\\\/Screenshot_20260318_011551_Chrome.jpg\",\"contentUrl\":\"https:\\\/\\\/monmaghreb.com\\\/wp-content\\\/uploads\\\/2026\\\/03\\\/Screenshot_20260318_011551_Chrome.jpg\",\"width\":980,\"height\":651},{\"@type\":\"BreadcrumbList\",\"@id\":\"https:\\\/\\\/monmaghreb.com\\\/index.php\\\/2026\\\/03\\\/08\\\/le-savoir-faire-artisanal-marocain-au-salon-retromobile-2026-un-evenement-a-ne-pas-rater\\\/#breadcrumb\",\"itemListElement\":[{\"@type\":\"ListItem\",\"position\":1,\"name\":\"Home\",\"item\":\"http:\\\/\\\/monmaghreb.com\\\/\"},{\"@type\":\"ListItem\",\"position\":2,\"name\":\"Le savoir-faire artisanal marocain au Salon R\u00e9tromobile 2026 : un \u00e9v\u00e9nement \u00e0 ne pas rater\"}]},{\"@type\":\"WebSite\",\"@id\":\"http:\\\/\\\/monmaghreb.com\\\/#website\",\"url\":\"http:\\\/\\\/monmaghreb.com\\\/\",\"name\":\"Mon Maghreb\",\"description\":\"MonMaghreb United\",\"publisher\":{\"@id\":\"http:\\\/\\\/monmaghreb.com\\\/#organization\"},\"alternateName\":\"Le Monde du Maghreb et au del\u00e0\",\"potentialAction\":[{\"@type\":\"SearchAction\",\"target\":{\"@type\":\"EntryPoint\",\"urlTemplate\":\"http:\\\/\\\/monmaghreb.com\\\/?s={search_term_string}\"},\"query-input\":{\"@type\":\"PropertyValueSpecification\",\"valueRequired\":true,\"valueName\":\"search_term_string\"}}],\"inLanguage\":\"en-US\"},{\"@type\":\"Organization\",\"@id\":\"http:\\\/\\\/monmaghreb.com\\\/#organization\",\"name\":\"Mon Maghreb\",\"url\":\"http:\\\/\\\/monmaghreb.com\\\/\",\"logo\":{\"@type\":\"ImageObject\",\"inLanguage\":\"en-US\",\"@id\":\"http:\\\/\\\/monmaghreb.com\\\/#\\\/schema\\\/logo\\\/image\\\/\",\"url\":\"https:\\\/\\\/monmaghreb.com\\\/wp-content\\\/uploads\\\/2025\\\/12\\\/Mon_Maghreb_Logo.jpg\",\"contentUrl\":\"https:\\\/\\\/monmaghreb.com\\\/wp-content\\\/uploads\\\/2025\\\/12\\\/Mon_Maghreb_Logo.jpg\",\"width\":814,\"height\":374,\"caption\":\"Mon Maghreb\"},\"image\":{\"@id\":\"http:\\\/\\\/monmaghreb.com\\\/#\\\/schema\\\/logo\\\/image\\\/\"}},{\"@type\":\"Person\",\"@id\":\"http:\\\/\\\/monmaghreb.com\\\/#\\\/schema\\\/person\\\/c469a89dc8c6b8987dcb438b1200d054\",\"name\":\"LaMagh\",\"image\":{\"@type\":\"ImageObject\",\"inLanguage\":\"en-US\",\"@id\":\"https:\\\/\\\/secure.gravatar.com\\\/avatar\\\/399d8144bd55fba55e056779aca52fe528bac7911f6449e54d81173d6dfd7f0a?s=96&d=mm&r=g\",\"url\":\"https:\\\/\\\/secure.gravatar.com\\\/avatar\\\/399d8144bd55fba55e056779aca52fe528bac7911f6449e54d81173d6dfd7f0a?s=96&d=mm&r=g\",\"contentUrl\":\"https:\\\/\\\/secure.gravatar.com\\\/avatar\\\/399d8144bd55fba55e056779aca52fe528bac7911f6449e54d81173d6dfd7f0a?s=96&d=mm&r=g\",\"caption\":\"LaMagh\"},\"sameAs\":[\"https:\\\/\\\/monmaghreb.com\",\"https:\\\/\\\/www.facebook.com\\\/monmaghrebcom\",\"https:\\\/\\\/x.com\\\/MMaghreb50977\"],\"url\":\"https:\\\/\\\/monmaghreb.com\\\/index.php\\\/author\\\/lamagh\\\/\"}]}<\/script>\n<!-- \/ Yoast SEO plugin. -->","yoast_head_json":{"title":"Le savoir-faire artisanal marocain au Salon R\u00e9tromobile 2026 : un \u00e9v\u00e9nement \u00e0 ne pas rater - Mon Maghreb","robots":{"index":"index","follow":"follow","max-snippet":"max-snippet:-1","max-image-preview":"max-image-preview:large","max-video-preview":"max-video-preview:-1"},"canonical":"https:\/\/monmaghreb.com\/index.php\/2026\/03\/08\/le-savoir-faire-artisanal-marocain-au-salon-retromobile-2026-un-evenement-a-ne-pas-rater\/","og_locale":"en_US","og_type":"article","og_title":"Le savoir-faire artisanal marocain au Salon R\u00e9tromobile 2026 : un \u00e9v\u00e9nement \u00e0 ne pas rater - Mon Maghreb","og_description":"D\u00e9couvrez l'artisanat marocain au Salon R\u00e9tromobile 2026, un \u00e9v\u00e9nement unique \u00e0 ne pas rater. Soyez t\u00e9moin de notre savoir-faire exceptionnel.","og_url":"https:\/\/monmaghreb.com\/index.php\/2026\/03\/08\/le-savoir-faire-artisanal-marocain-au-salon-retromobile-2026-un-evenement-a-ne-pas-rater\/","og_site_name":"Mon Maghreb","article_author":"https:\/\/www.facebook.com\/monmaghrebcom","article_published_time":"2026-03-08T15:27:35+00:00","article_modified_time":"2026-03-18T19:43:26+00:00","og_image":[{"width":980,"height":651,"url":"http:\/\/monmaghreb.com\/wp-content\/uploads\/2026\/03\/Screenshot_20260318_011551_Chrome.jpg","type":"image\/jpeg"}],"author":"LaMagh","twitter_card":"summary_large_image","twitter_creator":"@MMaghreb50977","twitter_misc":{"Written by":"LaMagh","Est. reading time":"3 minutes"},"schema":{"@context":"https:\/\/schema.org","@graph":[{"@type":"Article","@id":"https:\/\/monmaghreb.com\/index.php\/2026\/03\/08\/le-savoir-faire-artisanal-marocain-au-salon-retromobile-2026-un-evenement-a-ne-pas-rater\/#article","isPartOf":{"@id":"https:\/\/monmaghreb.com\/index.php\/2026\/03\/08\/le-savoir-faire-artisanal-marocain-au-salon-retromobile-2026-un-evenement-a-ne-pas-rater\/"},"author":{"name":"LaMagh","@id":"http:\/\/monmaghreb.com\/#\/schema\/person\/c469a89dc8c6b8987dcb438b1200d054"},"headline":"Le savoir-faire artisanal marocain au Salon R\u00e9tromobile 2026 : un \u00e9v\u00e9nement \u00e0 ne pas rater","datePublished":"2026-03-08T15:27:35+00:00","dateModified":"2026-03-18T19:43:26+00:00","mainEntityOfPage":{"@id":"https:\/\/monmaghreb.com\/index.php\/2026\/03\/08\/le-savoir-faire-artisanal-marocain-au-salon-retromobile-2026-un-evenement-a-ne-pas-rater\/"},"wordCount":598,"publisher":{"@id":"http:\/\/monmaghreb.com\/#organization"},"image":{"@id":"https:\/\/monmaghreb.com\/index.php\/2026\/03\/08\/le-savoir-faire-artisanal-marocain-au-salon-retromobile-2026-un-evenement-a-ne-pas-rater\/#primaryimage"},"thumbnailUrl":"https:\/\/monmaghreb.com\/wp-content\/uploads\/2026\/03\/Screenshot_20260318_011551_Chrome.jpg","keywords":["artisanat marocain","diaspora france","luxe vintage","salon retromobile","vieille voiture"],"articleSection":["Lifestyle"],"inLanguage":"en-US"},{"@type":"WebPage","@id":"https:\/\/monmaghreb.com\/index.php\/2026\/03\/08\/le-savoir-faire-artisanal-marocain-au-salon-retromobile-2026-un-evenement-a-ne-pas-rater\/","url":"https:\/\/monmaghreb.com\/index.php\/2026\/03\/08\/le-savoir-faire-artisanal-marocain-au-salon-retromobile-2026-un-evenement-a-ne-pas-rater\/","name":"Le savoir-faire artisanal marocain au Salon R\u00e9tromobile 2026 : un \u00e9v\u00e9nement \u00e0 ne pas rater - Mon Maghreb","isPartOf":{"@id":"http:\/\/monmaghreb.com\/#website"},"primaryImageOfPage":{"@id":"https:\/\/monmaghreb.com\/index.php\/2026\/03\/08\/le-savoir-faire-artisanal-marocain-au-salon-retromobile-2026-un-evenement-a-ne-pas-rater\/#primaryimage"},"image":{"@id":"https:\/\/monmaghreb.com\/index.php\/2026\/03\/08\/le-savoir-faire-artisanal-marocain-au-salon-retromobile-2026-un-evenement-a-ne-pas-rater\/#primaryimage"},"thumbnailUrl":"https:\/\/monmaghreb.com\/wp-content\/uploads\/2026\/03\/Screenshot_20260318_011551_Chrome.jpg","datePublished":"2026-03-08T15:27:35+00:00","dateModified":"2026-03-18T19:43:26+00:00","breadcrumb":{"@id":"https:\/\/monmaghreb.com\/index.php\/2026\/03\/08\/le-savoir-faire-artisanal-marocain-au-salon-retromobile-2026-un-evenement-a-ne-pas-rater\/#breadcrumb"},"inLanguage":"en-US","potentialAction":[{"@type":"ReadAction","target":["https:\/\/monmaghreb.com\/index.php\/2026\/03\/08\/le-savoir-faire-artisanal-marocain-au-salon-retromobile-2026-un-evenement-a-ne-pas-rater\/"]}]},{"@type":"ImageObject","inLanguage":"en-US","@id":"https:\/\/monmaghreb.com\/index.php\/2026\/03\/08\/le-savoir-faire-artisanal-marocain-au-salon-retromobile-2026-un-evenement-a-ne-pas-rater\/#primaryimage","url":"https:\/\/monmaghreb.com\/wp-content\/uploads\/2026\/03\/Screenshot_20260318_011551_Chrome.jpg","contentUrl":"https:\/\/monmaghreb.com\/wp-content\/uploads\/2026\/03\/Screenshot_20260318_011551_Chrome.jpg","width":980,"height":651},{"@type":"BreadcrumbList","@id":"https:\/\/monmaghreb.com\/index.php\/2026\/03\/08\/le-savoir-faire-artisanal-marocain-au-salon-retromobile-2026-un-evenement-a-ne-pas-rater\/#breadcrumb","itemListElement":[{"@type":"ListItem","position":1,"name":"Home","item":"http:\/\/monmaghreb.com\/"},{"@type":"ListItem","position":2,"name":"Le savoir-faire artisanal marocain au Salon R\u00e9tromobile 2026 : un \u00e9v\u00e9nement \u00e0 ne pas rater"}]},{"@type":"WebSite","@id":"http:\/\/monmaghreb.com\/#website","url":"http:\/\/monmaghreb.com\/","name":"Mon Maghreb","description":"MonMaghreb United","publisher":{"@id":"http:\/\/monmaghreb.com\/#organization"},"alternateName":"Le Monde du Maghreb et au del\u00e0","potentialAction":[{"@type":"SearchAction","target":{"@type":"EntryPoint","urlTemplate":"http:\/\/monmaghreb.com\/?s={search_term_string}"},"query-input":{"@type":"PropertyValueSpecification","valueRequired":true,"valueName":"search_term_string"}}],"inLanguage":"en-US"},{"@type":"Organization","@id":"http:\/\/monmaghreb.com\/#organization","name":"Mon Maghreb","url":"http:\/\/monmaghreb.com\/","logo":{"@type":"ImageObject","inLanguage":"en-US","@id":"http:\/\/monmaghreb.com\/#\/schema\/logo\/image\/","url":"https:\/\/monmaghreb.com\/wp-content\/uploads\/2025\/12\/Mon_Maghreb_Logo.jpg","contentUrl":"https:\/\/monmaghreb.com\/wp-content\/uploads\/2025\/12\/Mon_Maghreb_Logo.jpg","width":814,"height":374,"caption":"Mon Maghreb"},"image":{"@id":"http:\/\/monmaghreb.com\/#\/schema\/logo\/image\/"}},{"@type":"Person","@id":"http:\/\/monmaghreb.com\/#\/schema\/person\/c469a89dc8c6b8987dcb438b1200d054","name":"LaMagh","image":{"@type":"ImageObject","inLanguage":"en-US","@id":"https:\/\/secure.gravatar.com\/avatar\/399d8144bd55fba55e056779aca52fe528bac7911f6449e54d81173d6dfd7f0a?s=96&d=mm&r=g","url":"https:\/\/secure.gravatar.com\/avatar\/399d8144bd55fba55e056779aca52fe528bac7911f6449e54d81173d6dfd7f0a?s=96&d=mm&r=g","contentUrl":"https:\/\/secure.gravatar.com\/avatar\/399d8144bd55fba55e056779aca52fe528bac7911f6449e54d81173d6dfd7f0a?s=96&d=mm&r=g","caption":"LaMagh"},"sameAs":["https:\/\/monmaghreb.com","https:\/\/www.facebook.com\/monmaghrebcom","https:\/\/x.com\/MMaghreb50977"],"url":"https:\/\/monmaghreb.com\/index.php\/author\/lamagh\/"}]}},"_links":{"self":[{"href":"https:\/\/monmaghreb.com\/index.php\/wp-json\/wp\/v2\/posts\/818","targetHints":{"allow":["GET"]}}],"collection":[{"href":"https:\/\/monmaghreb.com\/index.php\/wp-json\/wp\/v2\/posts"}],"about":[{"href":"https:\/\/monmaghreb.com\/index.php\/wp-json\/wp\/v2\/types\/post"}],"author":[{"embeddable":true,"href":"https:\/\/monmaghreb.com\/index.php\/wp-json\/wp\/v2\/users\/1"}],"replies":[{"embeddable":true,"href":"https:\/\/monmaghreb.com\/index.php\/wp-json\/wp\/v2\/comments?post=818"}],"version-history":[{"count":1,"href":"https:\/\/monmaghreb.com\/index.php\/wp-json\/wp\/v2\/posts\/818\/revisions"}],"predecessor-version":[{"id":819,"href":"https:\/\/monmaghreb.com\/index.php\/wp-json\/wp\/v2\/posts\/818\/revisions\/819"}],"wp:featuredmedia":[{"embeddable":true,"href":"https:\/\/monmaghreb.com\/index.php\/wp-json\/wp\/v2\/media\/1432"}],"wp:attachment":[{"href":"https:\/\/monmaghreb.com\/index.php\/wp-json\/wp\/v2\/media?parent=818"}],"wp:term":[{"taxonomy":"category","embeddable":true,"href":"https:\/\/monmaghreb.com\/index.php\/wp-json\/wp\/v2\/categories?post=818"},{"taxonomy":"post_tag","embeddable":true,"href":"https:\/\/monmaghreb.com\/index.php\/wp-json\/wp\/v2\/tags?post=818"}],"curies":[{"name":"wp","href":"https:\/\/api.w.org\/{rel}","templated":true}]}}