{"id":911,"date":"2026-03-09T05:34:01","date_gmt":"2026-03-09T05:34:01","guid":{"rendered":"https:\/\/monmaghreb.com\/index.php\/2026\/03\/09\/55-caracteres-expliquer-aid-el-fitr-aux-enfants-nes-en-france\/"},"modified":"2026-03-09T05:34:05","modified_gmt":"2026-03-09T05:34:05","slug":"55-caracteres-expliquer-aid-el-fitr-aux-enfants-nes-en-france","status":"publish","type":"post","link":"https:\/\/monmaghreb.com\/index.php\/2026\/03\/09\/55-caracteres-expliquer-aid-el-fitr-aux-enfants-nes-en-france\/","title":{"rendered":"55 caract\u00e8res : Expliquer A\u00efd el-Fitr aux enfants n\u00e9s en France"},"content":{"rendered":"<p><html><br \/>\n<head><br \/>\n<\/head><br \/>\n<body><\/p>\n<p>A\u00efd el-Fitr est un des moments les plus importants de l&#8217;ann\u00e9e pour les communaut\u00e9s musulmanes du monde entier. Pour les <a href=\"https:\/\/monmaghreb.com\/index.php\/2026\/03\/09\/cadeaux-de-laid-pour-enfants-idees-originales-et-budget-maitrise\/\" title=\"Cadeaux de l&#8217;A\u00efd pour enfants : id\u00e9es originales et budget ma\u00eetris\u00e9\">enfants<\/a> n\u00e9s et \u00e9lev\u00e9s en France, il peut \u00eatre difficile d&#8217;en comprendre la signification et l&#8217;importance. Voici un guide qui leur permettra de comprendre cette f\u00eate majeure.<\/p>\n<h2>Pourquoi c&#8217;est important<\/h2>\n<p>Le Ramadan est une p\u00e9riode o\u00f9 les musulmans se d\u00e9vouent corporellement et spirituellement par le je\u00fbne. A\u00efd el-Fitr marque la fin de ce mois sacr\u00e9, symbolisant l&#8217;accomplissement de notre devoir envers Dieu, mais aussi l&#8217;unit\u00e9 de nos communaut\u00e9s et notre gratitude pour les dons que nous avons re\u00e7us.<\/p>\n<p>En effet, le Ramadan est une p\u00e9riode o\u00f9 les musulmans apprennent \u00e0 se contr\u00f4ler, \u00e0 se ma\u00eetriser et \u00e0 d\u00e9velopper leur esprit de tol\u00e9rance. Lorsque le mois de Ramadan s&#8217;ach\u00e8ve, la f\u00eate d&#8217;A\u00efd el-Fitr est l&#8217;occasion pour les musulmans de se rassembler, de partager des moments de joie et de gratitude avec leurs proches.<\/p>\n<h2>Ce dont vous avez besoin<\/h2>\n<p>Pour expliquer A\u00efd el-Fitr correctement, il est important de faire confiance \u00e0 des ressources fiables. Nous allons vous donner les cl\u00e9s pour une explication efficace.<\/p>\n<ul>\n<li><b>Connaissances fondamentales sur le Ramadan<\/b> \u2014 A\u00efd el-Fitr ne peut \u00eatre comprise que dans son contexte de la fin du Ramadan. Vous pouvez utiliser des livres ou des ressources en ligne pour apprendre plus sur cette p\u00e9riode.<\/li>\n<li><b>Explication simple et accessible<\/b> \u2014 Expliquez A\u00efd el-Fitr comme une grande f\u00eate, c\u00e9l\u00e9br\u00e9e \u00e0 la fin du mois de je\u00fbne. Discussiez-en les aspects de l&#8217;union des communaut\u00e9s, de la gratitude, ainsi que de la joie qu&#8217;elle apporte.<\/li>\n<li><b>R\u00e9cits et traditions maghr\u00e9bines<\/b> \u2014 Les histoires traditionnelles et les pratiques des f\u00eates peuvent aider \u00e0 rendre le concept plus tangible. Il est important de partager ces \u00e9l\u00e9ments culturels pour que l&#8217;exp\u00e9rience soit authentique.<\/li>\n<\/ul>\n<h2>\u00c9tapes d\u00e9taill\u00e9es<\/h2>\n<p>Cette f\u00eate se compose d&#8217;une s\u00e9rie de pratiques traditionnelles que nous allons d\u00e9crire ici. Nous avons s\u00e9par\u00e9 les \u00e9tapes en fonction de leur importance pour les enfants.<\/p>\n<ol>\n<li><b>Journ\u00e9e du je\u00fbne final<\/b> : le jour avant A\u00efd el-Fitr est un jour particulier, appel\u00e9 Journ\u00e9e du Je\u00fbne Final. Il est important de souligner qu&#8217;il s&#8217;agit d&#8217;un dernier effort pour terminer la p\u00e9riode de je\u00fbne correctement.<\/li>\n<li><b>Pujao et Eul-Adha<\/b> : ces deux pratiques sont des c\u00e9r\u00e9monies religieuses associ\u00e9es \u00e0 A\u00efd el-Fitr. Pujao est le nom donn\u00e9 \u00e0 l&#8217;offrande faite au temple de la ville, tandis que Eul-Adha est la lib\u00e9ration d&#8217;animaux.<\/li>\n<li><b>La f\u00eate des enfants<\/b> : cette partie est particuli\u00e8rement int\u00e9ressante pour les enfants. Elle inclut souvent des jeux traditionnels et des r\u00e9compenses.<\/li>\n<\/ol>\n<h2>Erreurs \u00e0 \u00e9viter<\/h2>\n<p>En expliquant A\u00efd el-Fitr, il est important d&#8217;\u00e9viter de faire certaines erreurs. Nous vous donnons ici quelques conseils pour \u00e9viter que votre explication ne soit inexacte ou offensante.<\/p>\n<ul>\n<li>Evitez tout simplisme : A\u00efd el-Fitr n&#8217;est pas une f\u00eate \u00ab de fin d&#8217;ann\u00e9e \u00bb ou un \u00ab festival national alg\u00e9rien, tunisien ou marocain \u00bb. Il s&#8217;agit d&#8217;une c\u00e9l\u00e9bration religieuse importante pour les musulmans.<\/li>\n<li>Ne minimisez pas la signification du Ramadan : il est important de souligner que le Ramadan est une p\u00e9riode de pri\u00e8res, de r\u00e9flexion et de d\u00e9votion.<\/li>\n<li>Faites attention \u00e0 l&#8217;usage des termes : certains enfants peuvent ne pas comprendre le mot \u00ab je\u00fbne \u00bb ou les pratiques associ\u00e9es. Il est donc important de l&#8217;expliquer avec pr\u00e9cision.<\/li>\n<\/ul>\n<h2>Conseils avanc\u00e9s<\/h2>\n<p>Une fois que vous avez expliqu\u00e9 les grandes lignes d&#8217;A\u00efd el-Fitr, il peut \u00eatre int\u00e9ressant de partager des d\u00e9tails suppl\u00e9mentaires. Nous vous donnons ici quelques conseils pour accro\u00eetre votre connaissance.<\/p>\n<ul>\n<li>Etudez les histoires et les traditions : les r\u00e9cits traditionnels et les coutumes sont un aspect essentiel de la f\u00eate. Elles sont souvent li\u00e9es \u00e0 l&#8217;histoire religieuse et ont une signification profonde pour les communaut\u00e9s maghr\u00e9bines.<\/li>\n<li>D\u00e9couvrez les plats et les costumes : les jeunes enfants peuvent s&#8217;int\u00e9resser aux plats traditionnels que l&#8217;on consomme \u00e0 cette p\u00e9riode ainsi qu&#8217;aux costumes port\u00e9s lors des c\u00e9r\u00e9monies. Cela peut contribuer \u00e0 rendre la f\u00eate plus tangible pour eux.<\/li>\n<\/ul>\n<h2>Conclusion<\/h2>\n<p>A\u00efd el-Fitr est une c\u00e9l\u00e9bration importante dans les communaut\u00e9s maghr\u00e9bines. Pour les enfants n\u00e9s en France, elle peut \u00eatre difficile \u00e0 comprendre. Cependant, avec un peu de patience et d&#8217;attention, vous pouvez leur expliquer cette f\u00eate majeure.<\/p>\n<p>Il est important de souligner que la compr\u00e9hension d&#8217;A\u00efd el-Fitr est \u00e9galement li\u00e9e \u00e0 la culture et \u00e0 l&#8217;histoire des communaut\u00e9s maghr\u00e9bines. Il est donc essentiel de prendre le temps de les \u00e9tudier pour mieux comprendre cette f\u00eate.<\/p>\n<div style=\"background:#f8f9fa;border-left:4px solid #0066cc;border-radius:6px;padding:20px 24px;margin:32px 0;\">\n<p style=\"font-size:13px;color:#888;text-transform:uppercase;letter-spacing:0.8px;margin:0 0 6px 0;\">Vous pourriez aussi aimer<\/p>\n<h3 style=\"font-size:18px;margin:0 0 14px 0;color:#222;\">Articles similaires<\/h3>\n<ul style=\"margin:0;padding-left:20px;list-style:disc;\">\n<li style=\"margin-bottom:10px;\"><a href=\"https:\/\/monmaghreb.com\/index.php\/2026\/03\/09\/cadeaux-de-laid-pour-enfants-idees-originales-et-budget-maitrise\/\" style=\"color:#0066cc;text-decoration:none;font-weight:500;\" title=\"Cadeaux de l&#8217;A\u00efd pour enfants : id\u00e9es originales et budget ma\u00eetris\u00e9\">Cadeaux de l&#8217;A\u00efd pour enfants : id\u00e9es originales et budget ma\u00eetris\u00e9<\/a><\/li>\n<li style=\"margin-bottom:10px;\"><a href=\"https:\/\/monmaghreb.com\/index.php\/2026\/03\/08\/le-maroc-nouveau-rival-du-tourisme-du-maghreb-en-france-en-2025-un-appel-aux-lecteurs-de-la-diaspora\/\" style=\"color:#0066cc;text-decoration:none;font-weight:500;\" title=\"Le Maroc, nouveau rival du tourisme du Maghreb en France en 2025 : un appel aux lecteurs de la diaspora\">Le Maroc, nouveau rival du tourisme du Maghreb en France en 2025 : un appel aux lecteurs de la diaspora<\/a><\/li>\n<li style=\"margin-bottom:10px;\"><a href=\"https:\/\/monmaghreb.com\/index.php\/2026\/03\/08\/ramadan-2025-idees-de-plats-pour-le-ftour-en-famille\/\" style=\"color:#0066cc;text-decoration:none;font-weight:500;\" title=\"Ramadan 2025 : id\u00e9es de plats pour le ftour en famille\">Ramadan 2025 : id\u00e9es de plats pour le ftour en famille<\/a><\/li>\n<li style=\"margin-bottom:10px;\"><a href=\"https:\/\/monmaghreb.com\/index.php\/2025\/12\/30\/mariage-entre-musulmans-et-non-musulmans-regles-conditions-et-ce-que-dit-lislam\/\" style=\"color:#0066cc;text-decoration:none;font-weight:500;\" title=\"Mariage entre Musulmans et Non-Musulmans : R\u00e8gles, Conditions et ce que dit l&#8217;Islam\">Mariage entre Musulmans et Non-Musulmans : R\u00e8gles, Conditions et ce que dit l&#8217;Islam<\/a><\/li>\n<li style=\"margin-bottom:10px;\"><a href=\"https:\/\/monmaghreb.com\/index.php\/2025\/12\/29\/visiter-la-france-guide-de-voyage-incontournables-et-meilleures-destinations\/\" style=\"color:#0066cc;text-decoration:none;font-weight:500;\" title=\"Visiter la France : Guide de Voyage, Incontournables et Meilleures Destinations\">Visiter la France : Guide de Voyage, Incontournables et Meilleures Destinations<\/a><\/li>\n<\/ul>\n<\/div>\n<p><\/body><br \/>\n<\/html><\/p>\n","protected":false},"excerpt":{"rendered":"<p>D\u00e9couvrez comment expliquer Aid el-Fitr aux enfants n\u00e9s et \u00e9lev\u00e9s en France. Guide pratique pour comprendre cette f\u00eate majeure.<\/p>\n","protected":false},"author":1,"featured_media":910,"comment_status":"closed","ping_status":"open","sticky":false,"template":"","format":"standard","meta":{"_yoast_wpseo_focuskw":"","_yoast_wpseo_title":"","_yoast_wpseo_metadesc":"","_yoast_wpseo_canonical":"","_yoast_wpseo_opengraph-title":"","_yoast_wpseo_opengraph-description":"","_yoast_wpseo_opengraph-image":"","tdm_status":"","tdm_grid_status":"","footnotes":""},"categories":[651],"tags":[676,619,677,381,373],"class_list":["post-911","post","type-post","status-publish","format-standard","has-post-thumbnail","hentry","category-ramadan-iftar","tag-aidelemfitr","tag-diaspora-france","tag-explication","tag-famille","tag-islam"],"yoast_head":"<!-- This site is optimized with the Yoast SEO plugin v27.4 - https:\/\/yoast.com\/product\/yoast-seo-wordpress\/ -->\n<title>55 caract\u00e8res : Expliquer A\u00efd el-Fitr aux enfants n\u00e9s en France - Mon Maghreb<\/title>\n<meta name=\"robots\" content=\"index, follow, max-snippet:-1, max-image-preview:large, max-video-preview:-1\" \/>\n<link rel=\"canonical\" href=\"https:\/\/monmaghreb.com\/index.php\/2026\/03\/09\/55-caracteres-expliquer-aid-el-fitr-aux-enfants-nes-en-france\/\" \/>\n<meta property=\"og:locale\" content=\"en_US\" \/>\n<meta property=\"og:type\" content=\"article\" \/>\n<meta property=\"og:title\" content=\"55 caract\u00e8res : Expliquer A\u00efd el-Fitr aux enfants n\u00e9s en France - Mon Maghreb\" \/>\n<meta property=\"og:description\" content=\"D\u00e9couvrez comment expliquer Aid el-Fitr aux enfants n\u00e9s et \u00e9lev\u00e9s en France. Guide pratique pour comprendre cette f\u00eate majeure.\" \/>\n<meta property=\"og:url\" content=\"https:\/\/monmaghreb.com\/index.php\/2026\/03\/09\/55-caracteres-expliquer-aid-el-fitr-aux-enfants-nes-en-france\/\" \/>\n<meta property=\"og:site_name\" content=\"Mon Maghreb\" \/>\n<meta property=\"article:author\" content=\"https:\/\/www.facebook.com\/monmaghrebcom\" \/>\n<meta property=\"article:published_time\" content=\"2026-03-09T05:34:01+00:00\" \/>\n<meta property=\"article:modified_time\" content=\"2026-03-09T05:34:05+00:00\" \/>\n<meta property=\"og:image\" content=\"https:\/\/monmaghreb.com\/wp-content\/uploads\/2026\/03\/featured-25.jpg\" \/>\n\t<meta property=\"og:image:width\" content=\"1733\" \/>\n\t<meta property=\"og:image:height\" content=\"1300\" \/>\n\t<meta property=\"og:image:type\" content=\"image\/jpeg\" \/>\n<meta name=\"author\" content=\"LaMagh\" \/>\n<meta name=\"twitter:card\" content=\"summary_large_image\" \/>\n<meta name=\"twitter:creator\" content=\"@MMaghreb50977\" \/>\n<meta name=\"twitter:label1\" content=\"Written by\" \/>\n\t<meta name=\"twitter:data1\" content=\"LaMagh\" \/>\n\t<meta name=\"twitter:label2\" content=\"Est. reading time\" \/>\n\t<meta name=\"twitter:data2\" content=\"4 minutes\" \/>\n<script type=\"application\/ld+json\" class=\"yoast-schema-graph\">{\"@context\":\"https:\\\/\\\/schema.org\",\"@graph\":[{\"@type\":\"Article\",\"@id\":\"https:\\\/\\\/monmaghreb.com\\\/index.php\\\/2026\\\/03\\\/09\\\/55-caracteres-expliquer-aid-el-fitr-aux-enfants-nes-en-france\\\/#article\",\"isPartOf\":{\"@id\":\"https:\\\/\\\/monmaghreb.com\\\/index.php\\\/2026\\\/03\\\/09\\\/55-caracteres-expliquer-aid-el-fitr-aux-enfants-nes-en-france\\\/\"},\"author\":{\"name\":\"LaMagh\",\"@id\":\"http:\\\/\\\/monmaghreb.com\\\/#\\\/schema\\\/person\\\/c469a89dc8c6b8987dcb438b1200d054\"},\"headline\":\"55 caract\u00e8res : Expliquer A\u00efd el-Fitr aux enfants n\u00e9s en France\",\"datePublished\":\"2026-03-09T05:34:01+00:00\",\"dateModified\":\"2026-03-09T05:34:05+00:00\",\"mainEntityOfPage\":{\"@id\":\"https:\\\/\\\/monmaghreb.com\\\/index.php\\\/2026\\\/03\\\/09\\\/55-caracteres-expliquer-aid-el-fitr-aux-enfants-nes-en-france\\\/\"},\"wordCount\":903,\"publisher\":{\"@id\":\"http:\\\/\\\/monmaghreb.com\\\/#organization\"},\"image\":{\"@id\":\"https:\\\/\\\/monmaghreb.com\\\/index.php\\\/2026\\\/03\\\/09\\\/55-caracteres-expliquer-aid-el-fitr-aux-enfants-nes-en-france\\\/#primaryimage\"},\"thumbnailUrl\":\"https:\\\/\\\/monmaghreb.com\\\/wp-content\\\/uploads\\\/2026\\\/03\\\/featured-25.jpg\",\"keywords\":[\"aidelemfitr\",\"diaspora france\",\"explication\",\"famille\",\"islam\"],\"articleSection\":[\"Ramadan &amp; Iftar\"],\"inLanguage\":\"en-US\"},{\"@type\":\"WebPage\",\"@id\":\"https:\\\/\\\/monmaghreb.com\\\/index.php\\\/2026\\\/03\\\/09\\\/55-caracteres-expliquer-aid-el-fitr-aux-enfants-nes-en-france\\\/\",\"url\":\"https:\\\/\\\/monmaghreb.com\\\/index.php\\\/2026\\\/03\\\/09\\\/55-caracteres-expliquer-aid-el-fitr-aux-enfants-nes-en-france\\\/\",\"name\":\"55 caract\u00e8res : Expliquer A\u00efd el-Fitr aux enfants n\u00e9s en France - Mon Maghreb\",\"isPartOf\":{\"@id\":\"http:\\\/\\\/monmaghreb.com\\\/#website\"},\"primaryImageOfPage\":{\"@id\":\"https:\\\/\\\/monmaghreb.com\\\/index.php\\\/2026\\\/03\\\/09\\\/55-caracteres-expliquer-aid-el-fitr-aux-enfants-nes-en-france\\\/#primaryimage\"},\"image\":{\"@id\":\"https:\\\/\\\/monmaghreb.com\\\/index.php\\\/2026\\\/03\\\/09\\\/55-caracteres-expliquer-aid-el-fitr-aux-enfants-nes-en-france\\\/#primaryimage\"},\"thumbnailUrl\":\"https:\\\/\\\/monmaghreb.com\\\/wp-content\\\/uploads\\\/2026\\\/03\\\/featured-25.jpg\",\"datePublished\":\"2026-03-09T05:34:01+00:00\",\"dateModified\":\"2026-03-09T05:34:05+00:00\",\"breadcrumb\":{\"@id\":\"https:\\\/\\\/monmaghreb.com\\\/index.php\\\/2026\\\/03\\\/09\\\/55-caracteres-expliquer-aid-el-fitr-aux-enfants-nes-en-france\\\/#breadcrumb\"},\"inLanguage\":\"en-US\",\"potentialAction\":[{\"@type\":\"ReadAction\",\"target\":[\"https:\\\/\\\/monmaghreb.com\\\/index.php\\\/2026\\\/03\\\/09\\\/55-caracteres-expliquer-aid-el-fitr-aux-enfants-nes-en-france\\\/\"]}]},{\"@type\":\"ImageObject\",\"inLanguage\":\"en-US\",\"@id\":\"https:\\\/\\\/monmaghreb.com\\\/index.php\\\/2026\\\/03\\\/09\\\/55-caracteres-expliquer-aid-el-fitr-aux-enfants-nes-en-france\\\/#primaryimage\",\"url\":\"https:\\\/\\\/monmaghreb.com\\\/wp-content\\\/uploads\\\/2026\\\/03\\\/featured-25.jpg\",\"contentUrl\":\"https:\\\/\\\/monmaghreb.com\\\/wp-content\\\/uploads\\\/2026\\\/03\\\/featured-25.jpg\",\"width\":1733,\"height\":1300,\"caption\":\"Enfants fran\u00e7ais \u00e9coutant une explication sur Aid el-Fitr en compagnie d'un parent\"},{\"@type\":\"BreadcrumbList\",\"@id\":\"https:\\\/\\\/monmaghreb.com\\\/index.php\\\/2026\\\/03\\\/09\\\/55-caracteres-expliquer-aid-el-fitr-aux-enfants-nes-en-france\\\/#breadcrumb\",\"itemListElement\":[{\"@type\":\"ListItem\",\"position\":1,\"name\":\"Home\",\"item\":\"http:\\\/\\\/monmaghreb.com\\\/\"},{\"@type\":\"ListItem\",\"position\":2,\"name\":\"55 caract\u00e8res : Expliquer A\u00efd el-Fitr aux enfants n\u00e9s en France\"}]},{\"@type\":\"WebSite\",\"@id\":\"http:\\\/\\\/monmaghreb.com\\\/#website\",\"url\":\"http:\\\/\\\/monmaghreb.com\\\/\",\"name\":\"Mon Maghreb\",\"description\":\"MonMaghreb United\",\"publisher\":{\"@id\":\"http:\\\/\\\/monmaghreb.com\\\/#organization\"},\"alternateName\":\"Le Monde du Maghreb et au del\u00e0\",\"potentialAction\":[{\"@type\":\"SearchAction\",\"target\":{\"@type\":\"EntryPoint\",\"urlTemplate\":\"http:\\\/\\\/monmaghreb.com\\\/?s={search_term_string}\"},\"query-input\":{\"@type\":\"PropertyValueSpecification\",\"valueRequired\":true,\"valueName\":\"search_term_string\"}}],\"inLanguage\":\"en-US\"},{\"@type\":\"Organization\",\"@id\":\"http:\\\/\\\/monmaghreb.com\\\/#organization\",\"name\":\"Mon Maghreb\",\"url\":\"http:\\\/\\\/monmaghreb.com\\\/\",\"logo\":{\"@type\":\"ImageObject\",\"inLanguage\":\"en-US\",\"@id\":\"http:\\\/\\\/monmaghreb.com\\\/#\\\/schema\\\/logo\\\/image\\\/\",\"url\":\"https:\\\/\\\/monmaghreb.com\\\/wp-content\\\/uploads\\\/2025\\\/12\\\/Mon_Maghreb_Logo.jpg\",\"contentUrl\":\"https:\\\/\\\/monmaghreb.com\\\/wp-content\\\/uploads\\\/2025\\\/12\\\/Mon_Maghreb_Logo.jpg\",\"width\":814,\"height\":374,\"caption\":\"Mon Maghreb\"},\"image\":{\"@id\":\"http:\\\/\\\/monmaghreb.com\\\/#\\\/schema\\\/logo\\\/image\\\/\"}},{\"@type\":\"Person\",\"@id\":\"http:\\\/\\\/monmaghreb.com\\\/#\\\/schema\\\/person\\\/c469a89dc8c6b8987dcb438b1200d054\",\"name\":\"LaMagh\",\"image\":{\"@type\":\"ImageObject\",\"inLanguage\":\"en-US\",\"@id\":\"https:\\\/\\\/secure.gravatar.com\\\/avatar\\\/399d8144bd55fba55e056779aca52fe528bac7911f6449e54d81173d6dfd7f0a?s=96&d=mm&r=g\",\"url\":\"https:\\\/\\\/secure.gravatar.com\\\/avatar\\\/399d8144bd55fba55e056779aca52fe528bac7911f6449e54d81173d6dfd7f0a?s=96&d=mm&r=g\",\"contentUrl\":\"https:\\\/\\\/secure.gravatar.com\\\/avatar\\\/399d8144bd55fba55e056779aca52fe528bac7911f6449e54d81173d6dfd7f0a?s=96&d=mm&r=g\",\"caption\":\"LaMagh\"},\"sameAs\":[\"https:\\\/\\\/monmaghreb.com\",\"https:\\\/\\\/www.facebook.com\\\/monmaghrebcom\",\"https:\\\/\\\/x.com\\\/MMaghreb50977\"],\"url\":\"https:\\\/\\\/monmaghreb.com\\\/index.php\\\/author\\\/lamagh\\\/\"}]}<\/script>\n<!-- \/ Yoast SEO plugin. -->","yoast_head_json":{"title":"55 caract\u00e8res : Expliquer A\u00efd el-Fitr aux enfants n\u00e9s en France - Mon Maghreb","robots":{"index":"index","follow":"follow","max-snippet":"max-snippet:-1","max-image-preview":"max-image-preview:large","max-video-preview":"max-video-preview:-1"},"canonical":"https:\/\/monmaghreb.com\/index.php\/2026\/03\/09\/55-caracteres-expliquer-aid-el-fitr-aux-enfants-nes-en-france\/","og_locale":"en_US","og_type":"article","og_title":"55 caract\u00e8res : Expliquer A\u00efd el-Fitr aux enfants n\u00e9s en France - Mon Maghreb","og_description":"D\u00e9couvrez comment expliquer Aid el-Fitr aux enfants n\u00e9s et \u00e9lev\u00e9s en France. Guide pratique pour comprendre cette f\u00eate majeure.","og_url":"https:\/\/monmaghreb.com\/index.php\/2026\/03\/09\/55-caracteres-expliquer-aid-el-fitr-aux-enfants-nes-en-france\/","og_site_name":"Mon Maghreb","article_author":"https:\/\/www.facebook.com\/monmaghrebcom","article_published_time":"2026-03-09T05:34:01+00:00","article_modified_time":"2026-03-09T05:34:05+00:00","og_image":[{"width":1733,"height":1300,"url":"https:\/\/monmaghreb.com\/wp-content\/uploads\/2026\/03\/featured-25.jpg","type":"image\/jpeg"}],"author":"LaMagh","twitter_card":"summary_large_image","twitter_creator":"@MMaghreb50977","twitter_misc":{"Written by":"LaMagh","Est. reading time":"4 minutes"},"schema":{"@context":"https:\/\/schema.org","@graph":[{"@type":"Article","@id":"https:\/\/monmaghreb.com\/index.php\/2026\/03\/09\/55-caracteres-expliquer-aid-el-fitr-aux-enfants-nes-en-france\/#article","isPartOf":{"@id":"https:\/\/monmaghreb.com\/index.php\/2026\/03\/09\/55-caracteres-expliquer-aid-el-fitr-aux-enfants-nes-en-france\/"},"author":{"name":"LaMagh","@id":"http:\/\/monmaghreb.com\/#\/schema\/person\/c469a89dc8c6b8987dcb438b1200d054"},"headline":"55 caract\u00e8res : Expliquer A\u00efd el-Fitr aux enfants n\u00e9s en France","datePublished":"2026-03-09T05:34:01+00:00","dateModified":"2026-03-09T05:34:05+00:00","mainEntityOfPage":{"@id":"https:\/\/monmaghreb.com\/index.php\/2026\/03\/09\/55-caracteres-expliquer-aid-el-fitr-aux-enfants-nes-en-france\/"},"wordCount":903,"publisher":{"@id":"http:\/\/monmaghreb.com\/#organization"},"image":{"@id":"https:\/\/monmaghreb.com\/index.php\/2026\/03\/09\/55-caracteres-expliquer-aid-el-fitr-aux-enfants-nes-en-france\/#primaryimage"},"thumbnailUrl":"https:\/\/monmaghreb.com\/wp-content\/uploads\/2026\/03\/featured-25.jpg","keywords":["aidelemfitr","diaspora france","explication","famille","islam"],"articleSection":["Ramadan &amp; Iftar"],"inLanguage":"en-US"},{"@type":"WebPage","@id":"https:\/\/monmaghreb.com\/index.php\/2026\/03\/09\/55-caracteres-expliquer-aid-el-fitr-aux-enfants-nes-en-france\/","url":"https:\/\/monmaghreb.com\/index.php\/2026\/03\/09\/55-caracteres-expliquer-aid-el-fitr-aux-enfants-nes-en-france\/","name":"55 caract\u00e8res : Expliquer A\u00efd el-Fitr aux enfants n\u00e9s en France - Mon Maghreb","isPartOf":{"@id":"http:\/\/monmaghreb.com\/#website"},"primaryImageOfPage":{"@id":"https:\/\/monmaghreb.com\/index.php\/2026\/03\/09\/55-caracteres-expliquer-aid-el-fitr-aux-enfants-nes-en-france\/#primaryimage"},"image":{"@id":"https:\/\/monmaghreb.com\/index.php\/2026\/03\/09\/55-caracteres-expliquer-aid-el-fitr-aux-enfants-nes-en-france\/#primaryimage"},"thumbnailUrl":"https:\/\/monmaghreb.com\/wp-content\/uploads\/2026\/03\/featured-25.jpg","datePublished":"2026-03-09T05:34:01+00:00","dateModified":"2026-03-09T05:34:05+00:00","breadcrumb":{"@id":"https:\/\/monmaghreb.com\/index.php\/2026\/03\/09\/55-caracteres-expliquer-aid-el-fitr-aux-enfants-nes-en-france\/#breadcrumb"},"inLanguage":"en-US","potentialAction":[{"@type":"ReadAction","target":["https:\/\/monmaghreb.com\/index.php\/2026\/03\/09\/55-caracteres-expliquer-aid-el-fitr-aux-enfants-nes-en-france\/"]}]},{"@type":"ImageObject","inLanguage":"en-US","@id":"https:\/\/monmaghreb.com\/index.php\/2026\/03\/09\/55-caracteres-expliquer-aid-el-fitr-aux-enfants-nes-en-france\/#primaryimage","url":"https:\/\/monmaghreb.com\/wp-content\/uploads\/2026\/03\/featured-25.jpg","contentUrl":"https:\/\/monmaghreb.com\/wp-content\/uploads\/2026\/03\/featured-25.jpg","width":1733,"height":1300,"caption":"Enfants fran\u00e7ais \u00e9coutant une explication sur Aid el-Fitr en compagnie d'un parent"},{"@type":"BreadcrumbList","@id":"https:\/\/monmaghreb.com\/index.php\/2026\/03\/09\/55-caracteres-expliquer-aid-el-fitr-aux-enfants-nes-en-france\/#breadcrumb","itemListElement":[{"@type":"ListItem","position":1,"name":"Home","item":"http:\/\/monmaghreb.com\/"},{"@type":"ListItem","position":2,"name":"55 caract\u00e8res : Expliquer A\u00efd el-Fitr aux enfants n\u00e9s en France"}]},{"@type":"WebSite","@id":"http:\/\/monmaghreb.com\/#website","url":"http:\/\/monmaghreb.com\/","name":"Mon Maghreb","description":"MonMaghreb United","publisher":{"@id":"http:\/\/monmaghreb.com\/#organization"},"alternateName":"Le Monde du Maghreb et au del\u00e0","potentialAction":[{"@type":"SearchAction","target":{"@type":"EntryPoint","urlTemplate":"http:\/\/monmaghreb.com\/?s={search_term_string}"},"query-input":{"@type":"PropertyValueSpecification","valueRequired":true,"valueName":"search_term_string"}}],"inLanguage":"en-US"},{"@type":"Organization","@id":"http:\/\/monmaghreb.com\/#organization","name":"Mon Maghreb","url":"http:\/\/monmaghreb.com\/","logo":{"@type":"ImageObject","inLanguage":"en-US","@id":"http:\/\/monmaghreb.com\/#\/schema\/logo\/image\/","url":"https:\/\/monmaghreb.com\/wp-content\/uploads\/2025\/12\/Mon_Maghreb_Logo.jpg","contentUrl":"https:\/\/monmaghreb.com\/wp-content\/uploads\/2025\/12\/Mon_Maghreb_Logo.jpg","width":814,"height":374,"caption":"Mon Maghreb"},"image":{"@id":"http:\/\/monmaghreb.com\/#\/schema\/logo\/image\/"}},{"@type":"Person","@id":"http:\/\/monmaghreb.com\/#\/schema\/person\/c469a89dc8c6b8987dcb438b1200d054","name":"LaMagh","image":{"@type":"ImageObject","inLanguage":"en-US","@id":"https:\/\/secure.gravatar.com\/avatar\/399d8144bd55fba55e056779aca52fe528bac7911f6449e54d81173d6dfd7f0a?s=96&d=mm&r=g","url":"https:\/\/secure.gravatar.com\/avatar\/399d8144bd55fba55e056779aca52fe528bac7911f6449e54d81173d6dfd7f0a?s=96&d=mm&r=g","contentUrl":"https:\/\/secure.gravatar.com\/avatar\/399d8144bd55fba55e056779aca52fe528bac7911f6449e54d81173d6dfd7f0a?s=96&d=mm&r=g","caption":"LaMagh"},"sameAs":["https:\/\/monmaghreb.com","https:\/\/www.facebook.com\/monmaghrebcom","https:\/\/x.com\/MMaghreb50977"],"url":"https:\/\/monmaghreb.com\/index.php\/author\/lamagh\/"}]}},"_links":{"self":[{"href":"https:\/\/monmaghreb.com\/index.php\/wp-json\/wp\/v2\/posts\/911","targetHints":{"allow":["GET"]}}],"collection":[{"href":"https:\/\/monmaghreb.com\/index.php\/wp-json\/wp\/v2\/posts"}],"about":[{"href":"https:\/\/monmaghreb.com\/index.php\/wp-json\/wp\/v2\/types\/post"}],"author":[{"embeddable":true,"href":"https:\/\/monmaghreb.com\/index.php\/wp-json\/wp\/v2\/users\/1"}],"replies":[{"embeddable":true,"href":"https:\/\/monmaghreb.com\/index.php\/wp-json\/wp\/v2\/comments?post=911"}],"version-history":[{"count":1,"href":"https:\/\/monmaghreb.com\/index.php\/wp-json\/wp\/v2\/posts\/911\/revisions"}],"predecessor-version":[{"id":912,"href":"https:\/\/monmaghreb.com\/index.php\/wp-json\/wp\/v2\/posts\/911\/revisions\/912"}],"wp:featuredmedia":[{"embeddable":true,"href":"https:\/\/monmaghreb.com\/index.php\/wp-json\/wp\/v2\/media\/910"}],"wp:attachment":[{"href":"https:\/\/monmaghreb.com\/index.php\/wp-json\/wp\/v2\/media?parent=911"}],"wp:term":[{"taxonomy":"category","embeddable":true,"href":"https:\/\/monmaghreb.com\/index.php\/wp-json\/wp\/v2\/categories?post=911"},{"taxonomy":"post_tag","embeddable":true,"href":"https:\/\/monmaghreb.com\/index.php\/wp-json\/wp\/v2\/tags?post=911"}],"curies":[{"name":"wp","href":"https:\/\/api.w.org\/{rel}","templated":true}]}}