{"id":914,"date":"2026-03-09T10:57:44","date_gmt":"2026-03-09T10:57:44","guid":{"rendered":"https:\/\/monmaghreb.com\/index.php\/2026\/03\/09\/garder-lelan-spirituel-du-ramadan-apres-laid-conseils-pour-les-maghrebins-de-la-diaspora\/"},"modified":"2026-03-18T04:59:14","modified_gmt":"2026-03-18T04:59:14","slug":"garder-lelan-spirituel-du-ramadan-apres-laid-conseils-pour-les-maghrebins-de-la-diaspora","status":"publish","type":"post","link":"https:\/\/monmaghreb.com\/index.php\/2026\/03\/09\/garder-lelan-spirituel-du-ramadan-apres-laid-conseils-pour-les-maghrebins-de-la-diaspora\/","title":{"rendered":"Garder l&#8217;\u00e9lan spirituel du Ramadan apr\u00e8s l&#8217;A\u00efd : Conseils pour les Maghr\u00e9bins de la diaspora"},"content":{"rendered":"<p><!DOCTYPE html><br \/>\n<html lang='fr'><br \/>\n<head><br \/>\n  <meta charset='UTF-8'><br \/>\n  <title>Garder l&#8217;\u00e9lan spirituel du Ramadan apr\u00e8s l&#8217;A\u00efd<\/title><br \/>\n<\/head><br \/>\n<body><\/p>\n<h1>Garder l&#8217;\u00e9lan spirituel du Ramadan apr\u00e8s l&#8217;A\u00efd : Conseils pour les Maghr\u00e9bins de la <a href=\"https:\/\/monmaghreb.com\/index.php\/2026\/03\/08\/le-maroc-nouveau-rival-du-tourisme-du-maghreb-en-france-en-2025-un-appel-aux-lecteurs-de-la-diaspora\/\" title=\"Le Maroc, nouveau rival du tourisme du Maghreb en France en 2025 : un appel aux lecteurs de la diaspora\">diaspora<\/a><\/h1>\n<p>Pour les Maghr\u00e9bins vivant \u00e0 l&#8217;\u00e9tranger, le retour au quotidien apr\u00e8s l&#8217;A\u00efd al-Fitr peut \u00eatre une p\u00e9riode d\u00e9licate. Le Ramadan, avec ses nuits de pri\u00e8res, sa jeune et sa fraternit\u00e9 communautaire, a pu servir de boulevard vers un fort \u00e9lan spirituel. Mais comment poursuivre cette progression apr\u00e8s l&#8217;A\u00efd ? Voici quelques conseils pour garder l&#8217;\u00e9lan spirituel du Ramadan.<\/p>\n<h2>1. Maintenir une pri\u00e8re r\u00e9guli\u00e8re<\/h2>\n<p>La pri\u00e8re est le fondement de notre religion et elle continue d&#8217;\u00eatre essentielle apr\u00e8s la fin du Ramadan. Il est important de poursuivre une pri\u00e8re r\u00e9guli\u00e8re pour continuer \u00e0 sentir la pr\u00e9sence divine.<\/p>\n<p>Pour maintenir votre \u00e9lan spirituel, vous pouvez essayez de vous fixer un horaire de pri\u00e8re quotidienne et de vous tenir \u00e0 ce rythme. Vous pouvez \u00e9galement chercher un groupe de pri\u00e8re local pour vous inspirer et vous aider \u00e0 garder la motivation.<\/p>\n<p>Par exemple, vous pouvez essayer de vous lever plus t\u00f4t chaque matin pour dire vos premi\u00e8respri\u00e8res du jour, ou de trouver un coin calme dans votre maison pour faire des pri\u00e8res sp\u00e9ciales apr\u00e8s le repas du soir.<\/p>\n<h2>2. Poursuivre l&#8217;\u00e9tude de l&#8217;islam<\/h2>\n<p>L&#8217;\u00e9tude de l&#8217;islam est un moyen efficace de continuer \u00e0 progresser apr\u00e8s le Ramadan. Il existe de nombreux livres, cours en ligne et vid\u00e9os qui peuvent \u00eatre utiles.<\/p>\n<p>Pour commencer, vous pouvez choisir un livre que vous avez toujours voulu lire ou consulter sur votre t\u00e9l\u00e9phone un app qui vous permet de lire les versets du Coran.<\/p>\n<p>Il est \u00e9galement important de consulter des sources fiables pour vous assurer que l&#8217;information que vous recevez est correcte et utile pour votre progression spirituelle.<\/p>\n<h2>3. Pratiquer des actions de charit\u00e9<\/h2>\n<p>Les actions de charit\u00e9 sont essentielles dans notre religion et elles doivent continuer apr\u00e8s l&#8217;A\u00efd al-Fitr. Ce peut \u00eatre du service volontaire, une collecte de fonds pour les n\u00e9cessiteux ou m\u00eame juste un geste simple mais efficace.<\/p>\n<p>Pour commencer, vous pouvez essayer de trouver un projet caritatif local qui correspond \u00e0 vos centres d&#8217;int\u00e9r\u00eat et \u00e0 votre disponibilit\u00e9. Vous pouvez \u00e9galement demander \u00e0 des amis ou des voisins s&#8217;ils savent d&#8217;un besoin dans leur communaut\u00e9 qui pourrait \u00eatre satisfait avec votre aide.<\/p>\n<p>Il est important de garder l&#8217;esprit de g\u00e9n\u00e9rosit\u00e9 et de compassion qui caract\u00e9rise le mois du Ramadan, m\u00eame apr\u00e8s la fin de cette p\u00e9riode sp\u00e9ciale.<\/p>\n<h2>4. Maintenir une di\u00e8te saine<\/h2>\n<p>La faste durant le Ramadan nous peut avoir permis d&#8217;am\u00e9liorer notre alimentation et de perdre quelques kilos, mais cela ne doit pas \u00eatre une excuse pour revoyager.<\/p>\n<p>Pour maintenir votre \u00e9lan spirituel, il est important de continuer \u00e0 consommer des aliments sains et \u00e9quilibr\u00e9s. Vous pouvez essayer de pr\u00e9parer des repas en amont ou de vous inspirer de recettes familiales pour varier vos plats.<\/p>\n<p>Il est \u00e9galement important de boire suffisamment d&#8217;eau pour rester hydrat\u00e9, et de se donner du temps pour se reposer et r\u00e9cup\u00e9rer apr\u00e8s la journ\u00e9e de je\u00fbne.<\/p>\n<h2>5. Maintenir un lien avec la communaut\u00e9<\/h2>\n<p>La fraternit\u00e9 est une des caract\u00e9ristiques les plus importantes du Ramadan, et il est essentiel de poursuivre cette communaut\u00e9 apr\u00e8s l&#8217;A\u00efd.<\/p>\n<p>Pour commencer, vous pouvez essayer de vous rassembler avec la communaut\u00e9 musulmane locale pour partager vos exp\u00e9riences et vos apprentissages pendant le Ramadan. Vous pouvez \u00e9galement chercher \u00e0 rester en contact avec votre famille et vos amis \u00e0 travers les messages, les appels t\u00e9l\u00e9phoniques ou les r\u00e9unions p\u00e9riodiques.<\/p>\n<p>Il est important de garder un lien avec la communaut\u00e9 pour continuer \u00e0 profiter de l&#8217;\u00e9lan spirituel que vous avez trouv\u00e9 pendant le Ramadan.<\/p>\n<h2>Conclusion<\/h2>\n<p>Le Ramadan peut \u00eatre une p\u00e9riode de grand \u00e9lan spirituel pour les Maghr\u00e9bins vivant \u00e0 l&#8217;\u00e9tranger, mais cela ne devrait pas dispara\u00eetre apr\u00e8s l&#8217;A\u00efd al-Fitr. Il est important de poursuivre des pratiques spirituelles, d&#8217;aider les n\u00e9cessiteux et de rester en contact avec la communaut\u00e9 musulmane locale pour continuer \u00e0 progresser.<\/p>\n<p>Pour terminer, il est essentiel de se rappeler que l&#8217;\u00e9lan spirituel n&#8217;est pas li\u00e9 \u00e0 une p\u00e9riode sp\u00e9cifique, mais qu&#8217;il peut \u00eatre maintenu tout au long de l&#8217;ann\u00e9e. Il suffit de trouver des moyens de le garder vivant dans votre vie quotidienne.<\/p>\n<p>Je suis ici pour vous aider \u00e0 trouver le chemin qui vous fera atteindre vos objectifs spirituels. N&#8217;h\u00e9sitez pas \u00e0 me contacter si vous avez des questions ou besoin de conseils.<\/p>\n<div style=\"background:#f8f9fa;border-left:4px solid #0066cc;border-radius:6px;padding:20px 24px;margin:32px 0;\">\n<p style=\"font-size:13px;color:#888;text-transform:uppercase;letter-spacing:0.8px;margin:0 0 6px 0;\">Vous pourriez aussi aimer<\/p>\n<h3 style=\"font-size:18px;margin:0 0 14px 0;color:#222;\">Articles similaires<\/h3>\n<ul style=\"margin:0;padding-left:20px;list-style:disc;\">\n<li style=\"margin-bottom:10px;\"><a href=\"https:\/\/monmaghreb.com\/index.php\/2026\/03\/08\/le-maroc-nouveau-rival-du-tourisme-du-maghreb-en-france-en-2025-un-appel-aux-lecteurs-de-la-diaspora\/\" style=\"color:#0066cc;text-decoration:none;font-weight:500;\" title=\"Le Maroc, nouveau rival du tourisme du Maghreb en France en 2025 : un appel aux lecteurs de la diaspora\">Le Maroc, nouveau rival du tourisme du Maghreb en France en 2025 : un appel aux lecteurs de la diaspora<\/a><\/li>\n<li style=\"margin-bottom:10px;\"><a href=\"https:\/\/monmaghreb.com\/index.php\/2026\/03\/08\/les-nouveaux-trends-au-salon-de-chasseneuil-du-poitou-pour-les-mariages-traditionnels-une-inspiration-pour-les-lecteurs-maghrebins-de-la-diaspora\/\" style=\"color:#0066cc;text-decoration:none;font-weight:500;\" title=\"Les Nouveaux Trends au Salon de Chasseneuil-du-Poitou pour les Mariages Traditionnels : Une Inspiration Pour Les Lecteurs Maghr\u00e9bins de la Diaspora\">Les Nouveaux Trends au Salon de Chasseneuil-du-Poitou pour les Mariages Traditionnels : Une Inspiration Pour Les Lecteurs Maghr\u00e9bins de la Diaspora<\/a><\/li>\n<li style=\"margin-bottom:10px;\"><a href=\"https:\/\/monmaghreb.com\/index.php\/2026\/03\/08\/le-traditionnel-henne-au-maroc-signification-et-rituels-un-rappel-pour-nos-lecteurs-maghrebins-de-la-diaspora\/\" style=\"color:#0066cc;text-decoration:none;font-weight:500;\" title=\"Le Traditionnel Henn\u00e9 au Maroc : Signification et Rituels &#8211; Un Rappel pour Nos Lecteurs Maghr\u00e9bins de la Diaspora\">Le Traditionnel Henn\u00e9 au Maroc : Signification et Rituels &#8211; Un Rappel pour Nos Lecteurs Maghr\u00e9bins de la Diaspora<\/a><\/li>\n<li style=\"margin-bottom:10px;\"><a href=\"https:\/\/monmaghreb.com\/index.php\/2025\/12\/29\/voyage-en-espagne-guide-ultime-lieux-incontournables-et-conseils-pratiques\/\" style=\"color:#0066cc;text-decoration:none;font-weight:500;\" title=\"Voyage en Espagne : Guide Ultime, Lieux Incontournables et Conseils Pratiques\">Voyage en Espagne : Guide Ultime, Lieux Incontournables et Conseils Pratiques<\/a><\/li>\n<li style=\"margin-bottom:10px;\"><a href=\"https:\/\/monmaghreb.com\/index.php\/2025\/12\/29\/voyage-en-grece-guide-complet-plus-belles-iles-et-conseils-pratiques\/\" style=\"color:#0066cc;text-decoration:none;font-weight:500;\" title=\"Voyage en Gr\u00e8ce : Guide Complet, Plus Belles \u00celes et Conseils Pratiques\">Voyage en Gr\u00e8ce : Guide Complet, Plus Belles \u00celes et Conseils Pratiques<\/a><\/li>\n<\/ul>\n<\/div>\n<p><\/body><br \/>\n<\/html><\/p>\n","protected":false},"excerpt":{"rendered":"<p>Maintien de l&#8217;esprit religieux de Ramadan apr\u00e8s A\u00efd : conseils pour les Maghr\u00e9bins vivant \u00e0 l&#8217;\u00e9tranger. Boostez votre d\u00e9votion post-A\u00efd.<\/p>\n","protected":false},"author":1,"featured_media":1420,"comment_status":"closed","ping_status":"open","sticky":false,"template":"","format":"standard","meta":{"_yoast_wpseo_focuskw":"","_yoast_wpseo_title":"","_yoast_wpseo_metadesc":"","_yoast_wpseo_canonical":"","_yoast_wpseo_opengraph-title":"","_yoast_wpseo_opengraph-description":"","_yoast_wpseo_opengraph-image":"","tdm_status":"","tdm_grid_status":"","footnotes":""},"categories":[651],"tags":[527,543,205,373,605,678],"class_list":["post-914","post","type-post","status-publish","format-standard","has-post-thumbnail","hentry","category-ramadan-iftar","tag-au-revoir-maghrebin-interminable","tag-diaspora","tag-guide","tag-islam","tag-ramadan","tag-spirituality"],"yoast_head":"<!-- This site is optimized with the Yoast SEO plugin v27.4 - https:\/\/yoast.com\/product\/yoast-seo-wordpress\/ -->\n<title>Garder l&#039;\u00e9lan spirituel du Ramadan apr\u00e8s l&#039;A\u00efd : Conseils pour les Maghr\u00e9bins de la diaspora - Mon Maghreb<\/title>\n<meta name=\"robots\" content=\"index, follow, max-snippet:-1, max-image-preview:large, max-video-preview:-1\" \/>\n<link rel=\"canonical\" href=\"https:\/\/monmaghreb.com\/index.php\/2026\/03\/09\/garder-lelan-spirituel-du-ramadan-apres-laid-conseils-pour-les-maghrebins-de-la-diaspora\/\" \/>\n<meta property=\"og:locale\" content=\"en_US\" \/>\n<meta property=\"og:type\" content=\"article\" \/>\n<meta property=\"og:title\" content=\"Garder l&#039;\u00e9lan spirituel du Ramadan apr\u00e8s l&#039;A\u00efd : Conseils pour les Maghr\u00e9bins de la diaspora - Mon Maghreb\" \/>\n<meta property=\"og:description\" content=\"Maintien de l&#039;esprit religieux de Ramadan apr\u00e8s A\u00efd : conseils pour les Maghr\u00e9bins vivant \u00e0 l&#039;\u00e9tranger. Boostez votre d\u00e9votion post-A\u00efd.\" \/>\n<meta property=\"og:url\" content=\"https:\/\/monmaghreb.com\/index.php\/2026\/03\/09\/garder-lelan-spirituel-du-ramadan-apres-laid-conseils-pour-les-maghrebins-de-la-diaspora\/\" \/>\n<meta property=\"og:site_name\" content=\"Mon Maghreb\" \/>\n<meta property=\"article:author\" content=\"https:\/\/www.facebook.com\/monmaghrebcom\" \/>\n<meta property=\"article:published_time\" content=\"2026-03-09T10:57:44+00:00\" \/>\n<meta property=\"article:modified_time\" content=\"2026-03-18T04:59:14+00:00\" \/>\n<meta property=\"og:image\" content=\"http:\/\/monmaghreb.com\/wp-content\/uploads\/2026\/03\/algerieph.jpg\" \/>\n\t<meta property=\"og:image:width\" content=\"200\" \/>\n\t<meta property=\"og:image:height\" content=\"87\" \/>\n\t<meta property=\"og:image:type\" content=\"image\/jpeg\" \/>\n<meta name=\"author\" content=\"LaMagh\" \/>\n<meta name=\"twitter:card\" content=\"summary_large_image\" \/>\n<meta name=\"twitter:creator\" content=\"@MMaghreb50977\" \/>\n<meta name=\"twitter:label1\" content=\"Written by\" \/>\n\t<meta name=\"twitter:data1\" content=\"LaMagh\" \/>\n\t<meta name=\"twitter:label2\" content=\"Est. reading time\" \/>\n\t<meta name=\"twitter:data2\" content=\"4 minutes\" \/>\n<script type=\"application\/ld+json\" class=\"yoast-schema-graph\">{\"@context\":\"https:\\\/\\\/schema.org\",\"@graph\":[{\"@type\":\"Article\",\"@id\":\"https:\\\/\\\/monmaghreb.com\\\/index.php\\\/2026\\\/03\\\/09\\\/garder-lelan-spirituel-du-ramadan-apres-laid-conseils-pour-les-maghrebins-de-la-diaspora\\\/#article\",\"isPartOf\":{\"@id\":\"https:\\\/\\\/monmaghreb.com\\\/index.php\\\/2026\\\/03\\\/09\\\/garder-lelan-spirituel-du-ramadan-apres-laid-conseils-pour-les-maghrebins-de-la-diaspora\\\/\"},\"author\":{\"name\":\"LaMagh\",\"@id\":\"http:\\\/\\\/monmaghreb.com\\\/#\\\/schema\\\/person\\\/c469a89dc8c6b8987dcb438b1200d054\"},\"headline\":\"Garder l&#8217;\u00e9lan spirituel du Ramadan apr\u00e8s l&#8217;A\u00efd : Conseils pour les Maghr\u00e9bins de la diaspora\",\"datePublished\":\"2026-03-09T10:57:44+00:00\",\"dateModified\":\"2026-03-18T04:59:14+00:00\",\"mainEntityOfPage\":{\"@id\":\"https:\\\/\\\/monmaghreb.com\\\/index.php\\\/2026\\\/03\\\/09\\\/garder-lelan-spirituel-du-ramadan-apres-laid-conseils-pour-les-maghrebins-de-la-diaspora\\\/\"},\"wordCount\":902,\"publisher\":{\"@id\":\"http:\\\/\\\/monmaghreb.com\\\/#organization\"},\"image\":{\"@id\":\"https:\\\/\\\/monmaghreb.com\\\/index.php\\\/2026\\\/03\\\/09\\\/garder-lelan-spirituel-du-ramadan-apres-laid-conseils-pour-les-maghrebins-de-la-diaspora\\\/#primaryimage\"},\"thumbnailUrl\":\"https:\\\/\\\/monmaghreb.com\\\/wp-content\\\/uploads\\\/2026\\\/03\\\/algerieph.jpg\",\"keywords\":[\"Au revoir maghr\u00e9bin interminable\",\"Diaspora\",\"Guide\",\"islam\",\"ramadan\",\"spirituality\"],\"articleSection\":[\"Ramadan &amp; Iftar\"],\"inLanguage\":\"en-US\"},{\"@type\":\"WebPage\",\"@id\":\"https:\\\/\\\/monmaghreb.com\\\/index.php\\\/2026\\\/03\\\/09\\\/garder-lelan-spirituel-du-ramadan-apres-laid-conseils-pour-les-maghrebins-de-la-diaspora\\\/\",\"url\":\"https:\\\/\\\/monmaghreb.com\\\/index.php\\\/2026\\\/03\\\/09\\\/garder-lelan-spirituel-du-ramadan-apres-laid-conseils-pour-les-maghrebins-de-la-diaspora\\\/\",\"name\":\"Garder l'\u00e9lan spirituel du Ramadan apr\u00e8s l'A\u00efd : Conseils pour les Maghr\u00e9bins de la diaspora - Mon Maghreb\",\"isPartOf\":{\"@id\":\"http:\\\/\\\/monmaghreb.com\\\/#website\"},\"primaryImageOfPage\":{\"@id\":\"https:\\\/\\\/monmaghreb.com\\\/index.php\\\/2026\\\/03\\\/09\\\/garder-lelan-spirituel-du-ramadan-apres-laid-conseils-pour-les-maghrebins-de-la-diaspora\\\/#primaryimage\"},\"image\":{\"@id\":\"https:\\\/\\\/monmaghreb.com\\\/index.php\\\/2026\\\/03\\\/09\\\/garder-lelan-spirituel-du-ramadan-apres-laid-conseils-pour-les-maghrebins-de-la-diaspora\\\/#primaryimage\"},\"thumbnailUrl\":\"https:\\\/\\\/monmaghreb.com\\\/wp-content\\\/uploads\\\/2026\\\/03\\\/algerieph.jpg\",\"datePublished\":\"2026-03-09T10:57:44+00:00\",\"dateModified\":\"2026-03-18T04:59:14+00:00\",\"breadcrumb\":{\"@id\":\"https:\\\/\\\/monmaghreb.com\\\/index.php\\\/2026\\\/03\\\/09\\\/garder-lelan-spirituel-du-ramadan-apres-laid-conseils-pour-les-maghrebins-de-la-diaspora\\\/#breadcrumb\"},\"inLanguage\":\"en-US\",\"potentialAction\":[{\"@type\":\"ReadAction\",\"target\":[\"https:\\\/\\\/monmaghreb.com\\\/index.php\\\/2026\\\/03\\\/09\\\/garder-lelan-spirituel-du-ramadan-apres-laid-conseils-pour-les-maghrebins-de-la-diaspora\\\/\"]}]},{\"@type\":\"ImageObject\",\"inLanguage\":\"en-US\",\"@id\":\"https:\\\/\\\/monmaghreb.com\\\/index.php\\\/2026\\\/03\\\/09\\\/garder-lelan-spirituel-du-ramadan-apres-laid-conseils-pour-les-maghrebins-de-la-diaspora\\\/#primaryimage\",\"url\":\"https:\\\/\\\/monmaghreb.com\\\/wp-content\\\/uploads\\\/2026\\\/03\\\/algerieph.jpg\",\"contentUrl\":\"https:\\\/\\\/monmaghreb.com\\\/wp-content\\\/uploads\\\/2026\\\/03\\\/algerieph.jpg\",\"width\":200,\"height\":87},{\"@type\":\"BreadcrumbList\",\"@id\":\"https:\\\/\\\/monmaghreb.com\\\/index.php\\\/2026\\\/03\\\/09\\\/garder-lelan-spirituel-du-ramadan-apres-laid-conseils-pour-les-maghrebins-de-la-diaspora\\\/#breadcrumb\",\"itemListElement\":[{\"@type\":\"ListItem\",\"position\":1,\"name\":\"Home\",\"item\":\"http:\\\/\\\/monmaghreb.com\\\/\"},{\"@type\":\"ListItem\",\"position\":2,\"name\":\"Garder l&#8217;\u00e9lan spirituel du Ramadan apr\u00e8s l&#8217;A\u00efd : Conseils pour les Maghr\u00e9bins de la diaspora\"}]},{\"@type\":\"WebSite\",\"@id\":\"http:\\\/\\\/monmaghreb.com\\\/#website\",\"url\":\"http:\\\/\\\/monmaghreb.com\\\/\",\"name\":\"Mon Maghreb\",\"description\":\"MonMaghreb United\",\"publisher\":{\"@id\":\"http:\\\/\\\/monmaghreb.com\\\/#organization\"},\"alternateName\":\"Le Monde du Maghreb et au del\u00e0\",\"potentialAction\":[{\"@type\":\"SearchAction\",\"target\":{\"@type\":\"EntryPoint\",\"urlTemplate\":\"http:\\\/\\\/monmaghreb.com\\\/?s={search_term_string}\"},\"query-input\":{\"@type\":\"PropertyValueSpecification\",\"valueRequired\":true,\"valueName\":\"search_term_string\"}}],\"inLanguage\":\"en-US\"},{\"@type\":\"Organization\",\"@id\":\"http:\\\/\\\/monmaghreb.com\\\/#organization\",\"name\":\"Mon Maghreb\",\"url\":\"http:\\\/\\\/monmaghreb.com\\\/\",\"logo\":{\"@type\":\"ImageObject\",\"inLanguage\":\"en-US\",\"@id\":\"http:\\\/\\\/monmaghreb.com\\\/#\\\/schema\\\/logo\\\/image\\\/\",\"url\":\"https:\\\/\\\/monmaghreb.com\\\/wp-content\\\/uploads\\\/2025\\\/12\\\/Mon_Maghreb_Logo.jpg\",\"contentUrl\":\"https:\\\/\\\/monmaghreb.com\\\/wp-content\\\/uploads\\\/2025\\\/12\\\/Mon_Maghreb_Logo.jpg\",\"width\":814,\"height\":374,\"caption\":\"Mon Maghreb\"},\"image\":{\"@id\":\"http:\\\/\\\/monmaghreb.com\\\/#\\\/schema\\\/logo\\\/image\\\/\"}},{\"@type\":\"Person\",\"@id\":\"http:\\\/\\\/monmaghreb.com\\\/#\\\/schema\\\/person\\\/c469a89dc8c6b8987dcb438b1200d054\",\"name\":\"LaMagh\",\"image\":{\"@type\":\"ImageObject\",\"inLanguage\":\"en-US\",\"@id\":\"https:\\\/\\\/secure.gravatar.com\\\/avatar\\\/399d8144bd55fba55e056779aca52fe528bac7911f6449e54d81173d6dfd7f0a?s=96&d=mm&r=g\",\"url\":\"https:\\\/\\\/secure.gravatar.com\\\/avatar\\\/399d8144bd55fba55e056779aca52fe528bac7911f6449e54d81173d6dfd7f0a?s=96&d=mm&r=g\",\"contentUrl\":\"https:\\\/\\\/secure.gravatar.com\\\/avatar\\\/399d8144bd55fba55e056779aca52fe528bac7911f6449e54d81173d6dfd7f0a?s=96&d=mm&r=g\",\"caption\":\"LaMagh\"},\"sameAs\":[\"https:\\\/\\\/monmaghreb.com\",\"https:\\\/\\\/www.facebook.com\\\/monmaghrebcom\",\"https:\\\/\\\/x.com\\\/MMaghreb50977\"],\"url\":\"https:\\\/\\\/monmaghreb.com\\\/index.php\\\/author\\\/lamagh\\\/\"}]}<\/script>\n<!-- \/ Yoast SEO plugin. -->","yoast_head_json":{"title":"Garder l'\u00e9lan spirituel du Ramadan apr\u00e8s l'A\u00efd : Conseils pour les Maghr\u00e9bins de la diaspora - Mon Maghreb","robots":{"index":"index","follow":"follow","max-snippet":"max-snippet:-1","max-image-preview":"max-image-preview:large","max-video-preview":"max-video-preview:-1"},"canonical":"https:\/\/monmaghreb.com\/index.php\/2026\/03\/09\/garder-lelan-spirituel-du-ramadan-apres-laid-conseils-pour-les-maghrebins-de-la-diaspora\/","og_locale":"en_US","og_type":"article","og_title":"Garder l'\u00e9lan spirituel du Ramadan apr\u00e8s l'A\u00efd : Conseils pour les Maghr\u00e9bins de la diaspora - Mon Maghreb","og_description":"Maintien de l'esprit religieux de Ramadan apr\u00e8s A\u00efd : conseils pour les Maghr\u00e9bins vivant \u00e0 l'\u00e9tranger. Boostez votre d\u00e9votion post-A\u00efd.","og_url":"https:\/\/monmaghreb.com\/index.php\/2026\/03\/09\/garder-lelan-spirituel-du-ramadan-apres-laid-conseils-pour-les-maghrebins-de-la-diaspora\/","og_site_name":"Mon Maghreb","article_author":"https:\/\/www.facebook.com\/monmaghrebcom","article_published_time":"2026-03-09T10:57:44+00:00","article_modified_time":"2026-03-18T04:59:14+00:00","og_image":[{"width":200,"height":87,"url":"http:\/\/monmaghreb.com\/wp-content\/uploads\/2026\/03\/algerieph.jpg","type":"image\/jpeg"}],"author":"LaMagh","twitter_card":"summary_large_image","twitter_creator":"@MMaghreb50977","twitter_misc":{"Written by":"LaMagh","Est. reading time":"4 minutes"},"schema":{"@context":"https:\/\/schema.org","@graph":[{"@type":"Article","@id":"https:\/\/monmaghreb.com\/index.php\/2026\/03\/09\/garder-lelan-spirituel-du-ramadan-apres-laid-conseils-pour-les-maghrebins-de-la-diaspora\/#article","isPartOf":{"@id":"https:\/\/monmaghreb.com\/index.php\/2026\/03\/09\/garder-lelan-spirituel-du-ramadan-apres-laid-conseils-pour-les-maghrebins-de-la-diaspora\/"},"author":{"name":"LaMagh","@id":"http:\/\/monmaghreb.com\/#\/schema\/person\/c469a89dc8c6b8987dcb438b1200d054"},"headline":"Garder l&#8217;\u00e9lan spirituel du Ramadan apr\u00e8s l&#8217;A\u00efd : Conseils pour les Maghr\u00e9bins de la diaspora","datePublished":"2026-03-09T10:57:44+00:00","dateModified":"2026-03-18T04:59:14+00:00","mainEntityOfPage":{"@id":"https:\/\/monmaghreb.com\/index.php\/2026\/03\/09\/garder-lelan-spirituel-du-ramadan-apres-laid-conseils-pour-les-maghrebins-de-la-diaspora\/"},"wordCount":902,"publisher":{"@id":"http:\/\/monmaghreb.com\/#organization"},"image":{"@id":"https:\/\/monmaghreb.com\/index.php\/2026\/03\/09\/garder-lelan-spirituel-du-ramadan-apres-laid-conseils-pour-les-maghrebins-de-la-diaspora\/#primaryimage"},"thumbnailUrl":"https:\/\/monmaghreb.com\/wp-content\/uploads\/2026\/03\/algerieph.jpg","keywords":["Au revoir maghr\u00e9bin interminable","Diaspora","Guide","islam","ramadan","spirituality"],"articleSection":["Ramadan &amp; Iftar"],"inLanguage":"en-US"},{"@type":"WebPage","@id":"https:\/\/monmaghreb.com\/index.php\/2026\/03\/09\/garder-lelan-spirituel-du-ramadan-apres-laid-conseils-pour-les-maghrebins-de-la-diaspora\/","url":"https:\/\/monmaghreb.com\/index.php\/2026\/03\/09\/garder-lelan-spirituel-du-ramadan-apres-laid-conseils-pour-les-maghrebins-de-la-diaspora\/","name":"Garder l'\u00e9lan spirituel du Ramadan apr\u00e8s l'A\u00efd : Conseils pour les Maghr\u00e9bins de la diaspora - Mon Maghreb","isPartOf":{"@id":"http:\/\/monmaghreb.com\/#website"},"primaryImageOfPage":{"@id":"https:\/\/monmaghreb.com\/index.php\/2026\/03\/09\/garder-lelan-spirituel-du-ramadan-apres-laid-conseils-pour-les-maghrebins-de-la-diaspora\/#primaryimage"},"image":{"@id":"https:\/\/monmaghreb.com\/index.php\/2026\/03\/09\/garder-lelan-spirituel-du-ramadan-apres-laid-conseils-pour-les-maghrebins-de-la-diaspora\/#primaryimage"},"thumbnailUrl":"https:\/\/monmaghreb.com\/wp-content\/uploads\/2026\/03\/algerieph.jpg","datePublished":"2026-03-09T10:57:44+00:00","dateModified":"2026-03-18T04:59:14+00:00","breadcrumb":{"@id":"https:\/\/monmaghreb.com\/index.php\/2026\/03\/09\/garder-lelan-spirituel-du-ramadan-apres-laid-conseils-pour-les-maghrebins-de-la-diaspora\/#breadcrumb"},"inLanguage":"en-US","potentialAction":[{"@type":"ReadAction","target":["https:\/\/monmaghreb.com\/index.php\/2026\/03\/09\/garder-lelan-spirituel-du-ramadan-apres-laid-conseils-pour-les-maghrebins-de-la-diaspora\/"]}]},{"@type":"ImageObject","inLanguage":"en-US","@id":"https:\/\/monmaghreb.com\/index.php\/2026\/03\/09\/garder-lelan-spirituel-du-ramadan-apres-laid-conseils-pour-les-maghrebins-de-la-diaspora\/#primaryimage","url":"https:\/\/monmaghreb.com\/wp-content\/uploads\/2026\/03\/algerieph.jpg","contentUrl":"https:\/\/monmaghreb.com\/wp-content\/uploads\/2026\/03\/algerieph.jpg","width":200,"height":87},{"@type":"BreadcrumbList","@id":"https:\/\/monmaghreb.com\/index.php\/2026\/03\/09\/garder-lelan-spirituel-du-ramadan-apres-laid-conseils-pour-les-maghrebins-de-la-diaspora\/#breadcrumb","itemListElement":[{"@type":"ListItem","position":1,"name":"Home","item":"http:\/\/monmaghreb.com\/"},{"@type":"ListItem","position":2,"name":"Garder l&#8217;\u00e9lan spirituel du Ramadan apr\u00e8s l&#8217;A\u00efd : Conseils pour les Maghr\u00e9bins de la diaspora"}]},{"@type":"WebSite","@id":"http:\/\/monmaghreb.com\/#website","url":"http:\/\/monmaghreb.com\/","name":"Mon Maghreb","description":"MonMaghreb United","publisher":{"@id":"http:\/\/monmaghreb.com\/#organization"},"alternateName":"Le Monde du Maghreb et au del\u00e0","potentialAction":[{"@type":"SearchAction","target":{"@type":"EntryPoint","urlTemplate":"http:\/\/monmaghreb.com\/?s={search_term_string}"},"query-input":{"@type":"PropertyValueSpecification","valueRequired":true,"valueName":"search_term_string"}}],"inLanguage":"en-US"},{"@type":"Organization","@id":"http:\/\/monmaghreb.com\/#organization","name":"Mon Maghreb","url":"http:\/\/monmaghreb.com\/","logo":{"@type":"ImageObject","inLanguage":"en-US","@id":"http:\/\/monmaghreb.com\/#\/schema\/logo\/image\/","url":"https:\/\/monmaghreb.com\/wp-content\/uploads\/2025\/12\/Mon_Maghreb_Logo.jpg","contentUrl":"https:\/\/monmaghreb.com\/wp-content\/uploads\/2025\/12\/Mon_Maghreb_Logo.jpg","width":814,"height":374,"caption":"Mon Maghreb"},"image":{"@id":"http:\/\/monmaghreb.com\/#\/schema\/logo\/image\/"}},{"@type":"Person","@id":"http:\/\/monmaghreb.com\/#\/schema\/person\/c469a89dc8c6b8987dcb438b1200d054","name":"LaMagh","image":{"@type":"ImageObject","inLanguage":"en-US","@id":"https:\/\/secure.gravatar.com\/avatar\/399d8144bd55fba55e056779aca52fe528bac7911f6449e54d81173d6dfd7f0a?s=96&d=mm&r=g","url":"https:\/\/secure.gravatar.com\/avatar\/399d8144bd55fba55e056779aca52fe528bac7911f6449e54d81173d6dfd7f0a?s=96&d=mm&r=g","contentUrl":"https:\/\/secure.gravatar.com\/avatar\/399d8144bd55fba55e056779aca52fe528bac7911f6449e54d81173d6dfd7f0a?s=96&d=mm&r=g","caption":"LaMagh"},"sameAs":["https:\/\/monmaghreb.com","https:\/\/www.facebook.com\/monmaghrebcom","https:\/\/x.com\/MMaghreb50977"],"url":"https:\/\/monmaghreb.com\/index.php\/author\/lamagh\/"}]}},"_links":{"self":[{"href":"https:\/\/monmaghreb.com\/index.php\/wp-json\/wp\/v2\/posts\/914","targetHints":{"allow":["GET"]}}],"collection":[{"href":"https:\/\/monmaghreb.com\/index.php\/wp-json\/wp\/v2\/posts"}],"about":[{"href":"https:\/\/monmaghreb.com\/index.php\/wp-json\/wp\/v2\/types\/post"}],"author":[{"embeddable":true,"href":"https:\/\/monmaghreb.com\/index.php\/wp-json\/wp\/v2\/users\/1"}],"replies":[{"embeddable":true,"href":"https:\/\/monmaghreb.com\/index.php\/wp-json\/wp\/v2\/comments?post=914"}],"version-history":[{"count":1,"href":"https:\/\/monmaghreb.com\/index.php\/wp-json\/wp\/v2\/posts\/914\/revisions"}],"predecessor-version":[{"id":915,"href":"https:\/\/monmaghreb.com\/index.php\/wp-json\/wp\/v2\/posts\/914\/revisions\/915"}],"wp:featuredmedia":[{"embeddable":true,"href":"https:\/\/monmaghreb.com\/index.php\/wp-json\/wp\/v2\/media\/1420"}],"wp:attachment":[{"href":"https:\/\/monmaghreb.com\/index.php\/wp-json\/wp\/v2\/media?parent=914"}],"wp:term":[{"taxonomy":"category","embeddable":true,"href":"https:\/\/monmaghreb.com\/index.php\/wp-json\/wp\/v2\/categories?post=914"},{"taxonomy":"post_tag","embeddable":true,"href":"https:\/\/monmaghreb.com\/index.php\/wp-json\/wp\/v2\/tags?post=914"}],"curies":[{"name":"wp","href":"https:\/\/api.w.org\/{rel}","templated":true}]}}