
{"id":9434,"date":"2026-08-31T12:35:17","date_gmt":"2026-08-31T12:35:17","guid":{"rendered":"https:\/\/monmaghreb.com\/index.php\/2026\/08\/31\/ramadan-2026-2027-les-dates-cles-des-fetes-musulmanes-a-lecole\/"},"modified":"2026-08-31T12:35:22","modified_gmt":"2026-08-31T12:35:22","slug":"ramadan-2026-2027-les-dates-cles-des-fetes-musulmanes-a-lecole","status":"publish","type":"post","link":"https:\/\/monmaghreb.com\/index.php\/2026\/08\/31\/ramadan-2026-2027-les-dates-cles-des-fetes-musulmanes-a-lecole\/","title":{"rendered":"Ramadan 2026-2027 : les dates cl\u00e9s des f\u00eates musulmanes \u00e0 l&#8217;\u00e9cole"},"content":{"rendered":"<p><!DOCTYPE html><br \/>\n<html lang=\"fr\"><br \/>\n<head><br \/>\n\t<meta charset=\"UTF-8\"><br \/>\n\t<meta name=\"viewport\" content=\"width=device-width, initial-scale=1.0\"><br \/>\n\t<title>Ramadan 2026-2027 : les dates cl\u00e9s des f\u00eates musulmanes \u00e0 l&#8217;\u00e9cole<\/title><br \/>\n<\/head><br \/>\n<body><\/p>\n<h1>Ramadan 2026-2027 : les dates cl\u00e9s des f\u00eates musulmanes \u00e0 l&#8217;\u00e9cole<\/h1>\n<p>\t<script type=\"application\/ld+json\">\n{\n  \"@context\": \"https:\/\/schema.org\/\",\n  \"@type\": \"Recipe\",\n  \"name\": \"Ramadan 2026-2027 : les dates cl\u00e9s des f\u00eates musulmanes \u00e0 l'\u00e9cole\",\n  \"description\": \"\",\n  \"prepTime\": \"PT30M\",\n  \"cookTime\": \"PT30M\",\n  \"totalTime\": \"PT30M\",\n  \"recipeYield\": \"4 servings\",\n  \"recipeIngredient\": [],\n  \"recipeInstructions\": [],\n  \"recipeCategory\": \"Main Course\",\n  \"recipeCuisine\": \"Maghrebi\",\n  \"keywords\": \"\",\n  \"datePublished\": \"2026-08-31\",\n  \"author\": {\n    \"@type\": \"Organization\",\n    \"name\": \"\"\n  }\n}\n<\/script><\/p>\n<p>Les f\u00eates musulmanes sont un moment privil\u00e9gi\u00e9 pour les musulmans de partout dans le monde. Dans cet article, nous vous pr\u00e9senterons les dates cl\u00e9s des f\u00eates musulmanes pour les ann\u00e9es scolaires 2026-2027. Cela vous aidera \u00e0 planifier vos activit\u00e9s scolaires et \u00e0 prendre en compte les traditions et les c\u00e9l\u00e9brations de votre communaut\u00e9.<\/p>\n<h2>Ramadan 2026<\/h2>\n<p>Le Ramadan 2026 commencera le 2 avril 2026 et s&#8217;ach\u00e8vera le 1er mai 2026. Pendant ce mois, les musulmans s&#8217;abstiendront de manger, de boire et de s&#8217;endormir pendant le jour, se mettant ainsi \u00e0 jeun de l&#8217;aube \u00e0 la nuit. Cela permet aux croyants de se concentrer sur leur foi et de se rapprocher de Dieu. Les c\u00e9l\u00e9brations de l&#8217;A\u00efd el Fitr, marquant la fin du mois de je\u00fbne, auront lieu le 2 mai 2026.<\/p>\n<p>En ce temps-l\u00e0, les <a href=\"https:\/\/monmaghreb.com\/index.php\/2026\/08\/28\/rentree-scolaire-les-options-pour-lecole-maternelle-en-france-pour-les-familles-maghrebines\/\" title=\"Rentr\u00e9e scolaire : les options pour l&#8217;\u00e9cole maternelle en France pour les familles Maghr\u00e9bines\">familles<\/a> se rassembleront pour c\u00e9l\u00e9brer la fin du Ramadan. Les enfants peuvent s&#8217;attendre \u00e0 des r\u00e9jouissances telles que des f\u00eates, des jeux et des repas traditionnels. Les enseignants pourraient \u00e9galement organiser des activit\u00e9s \u00e9ducatives pour les \u00e9l\u00e8ves, telles que des ateliers de fabrication de d\u00e9corations pour l&#8217;A\u00efd el Fitr ou des cours sur l&#8217;histoire et la signification de cette f\u00eate.<\/p>\n<h2>Eid al-Adha 2026<\/h2>\n<p>Eid al-Adha, \u00e9galement connu sous le nom de sacrifice, aura lieu le 20 juillet 2026. Cette f\u00eate c\u00e9l\u00e8bre le sacrifice d&#8217;Abraham et en offrant un agneau pour les pauvres. Les musulmans c\u00e9l\u00e8brent cette occasion en famille, en partageant des repas traditionnels et en \u00e9changeant des cadeaux.<\/p>\n<p>Pour les \u00e9coles, cela pourrait \u00eatre une opportunit\u00e9 pour les \u00e9l\u00e8ves de d\u00e9couvrir les traditions de cette f\u00eate. Les enseignants pourraient organiser des activit\u00e9s \u00e9ducatives, telles que des ateliers de fabrication de d\u00e9corations pour l&#8217;Eid al-Adha ou des cours sur l&#8217;histoire et la signification de cette f\u00eate.<\/p>\n<h2>Ramadan 2027<\/h2>\n<p>Le Ramadan 2027 commencera le 19 avril 2027 et s&#8217;ach\u00e8vera le 18 mai 2027. Les dates pr\u00e9cises peuvent varier en fonction de la lune et des conditions m\u00e9t\u00e9orologiques.<\/p>\n<p>Les enseignants pourraient pr\u00e9parer les \u00e9l\u00e8ves \u00e0 la c\u00e9l\u00e9bration du Ramadan en leur expliquant l&#8217;importance de ce mois pour les musulmans. Ils pourraient \u00e9galement organiser des activit\u00e9s \u00e9ducatives, telles que des ateliers de fabrication de d\u00e9corations pour le Ramadan ou des cours sur l&#8217;histoire et la signification de cette f\u00eate.<\/p>\n<h2>Eid al-Fitr 2027<\/h2>\n<p>Eid al-Fitr 2027 aura lieu le 19 mai 2027, marquant la fin du mois de je\u00fbne.<\/p>\n<p>Cette occasion pourrait \u00eatre une chance pour les \u00e9l\u00e8ves de d\u00e9couvrir les traditions de cette f\u00eate. Les enseignants pourraient organiser des activit\u00e9s \u00e9ducatives, telles que des ateliers de fabrication de d\u00e9corations pour l&#8217;Eid al-Fitr ou des cours sur l&#8217;histoire et la signification de cette f\u00eate.<\/p>\n<h2>Eid al-Adha 2027<\/h2>\n<p>Eid al-Adha 2027 aura lieu le 10 ao\u00fbt 2027, marquant la comm\u00e9moration du sacrifice d&#8217;Abraham.<\/p>\n<p>Les enseignants pourraient organiser des activit\u00e9s \u00e9ducatives pour les \u00e9l\u00e8ves, telles que des ateliers de fabrication de d\u00e9corations pour l&#8217;Eid al-Adha ou des cours sur l&#8217;histoire et la signification de cette f\u00eate.<\/p>\n<h2>Conclusion<\/h2>\n<p>Nous esp\u00e9rons que cette information vous aidera \u00e0 planifier vos activit\u00e9s scolaires en fonction des dates cl\u00e9s des f\u00eates musulmanes pour les ann\u00e9es 2026-2027. Nous vous invitons \u00e0 partager cet article avec vos amis et famille afin qu&#8217;ils puissent \u00e9galement prendre connaissance de ces dates.<\/p>\n<div style=\"background:#f8f9fa;border-left:4px solid #0066cc;border-radius:6px;padding:20px 24px;margin:32px 0;\">\n<p style=\"font-size:13px;color:#888;text-transform:uppercase;letter-spacing:0.8px;margin:0 0 6px 0;\">Vous pourriez aussi aimer<\/p>\n<h3 style=\"font-size:18px;margin:0 0 14px 0;color:#222;\">Articles similaires<\/h3>\n<ul style=\"margin:0;padding-left:20px;list-style:disc;\">\n<li style=\"margin-bottom:10px;\"><a href=\"https:\/\/monmaghreb.com\/index.php\/2026\/08\/28\/rentree-scolaire-les-options-pour-lecole-maternelle-en-france-pour-les-familles-maghrebines\/\" style=\"color:#0066cc;text-decoration:none;font-weight:500;\" title=\"Rentr\u00e9e scolaire : les options pour l&#8217;\u00e9cole maternelle en France pour les familles Maghr\u00e9bines\">Rentr\u00e9e scolaire : les options pour l&#8217;\u00e9cole maternelle en France pour les familles Maghr\u00e9bines<\/a><\/li>\n<li style=\"margin-bottom:10px;\"><a href=\"https:\/\/monmaghreb.com\/index.php\/2026\/08\/30\/fin-du-ramadan-2026-les-meilleures-recettes-de-desserts-gourmands-pour-celebrer-laid-el-fitr\/\" style=\"color:#0066cc;text-decoration:none;font-weight:500;\" title=\"Fin du Ramadan 2026 : les meilleures recettes de desserts gourmands pour c\u00e9l\u00e9brer l&#8217;A\u00efd-el-Fitr\">Fin du Ramadan 2026 : les meilleures recettes de desserts gourmands pour c\u00e9l\u00e9brer l&#8217;A\u00efd-el-Fitr<\/a><\/li>\n<li style=\"margin-bottom:10px;\"><a href=\"https:\/\/monmaghreb.com\/index.php\/2026\/08\/25\/dispositions-sanitaires-et-reglementaires-dans-le-cadre-de-la-fete-musulmane-de-laid-el-kebir-lot-et-garonne\/\" style=\"color:#0066cc;text-decoration:none;font-weight:500;\" title=\"Dispositions sanitaires et r\u00e9glementaires dans le cadre de la f\u00eate musulmane de l&#8217;A\u00efd el-Kebir &#8211; Lot-et-Garonne\">Dispositions sanitaires et r\u00e9glementaires dans le cadre de la f\u00eate musulmane de l&#8217;A\u00efd el-Kebir &#8211; Lot-et-Garonne<\/a><\/li>\n<li style=\"margin-bottom:10px;\"><a href=\"https:\/\/monmaghreb.com\/index.php\/2026\/08\/30\/fin-du-ramadan-2026-ces-10-recettes-de-couscous-vont-regaler-toute-la-tablee-sans-exception\/\" style=\"color:#0066cc;text-decoration:none;font-weight:500;\" title=\"Fin du Ramadan 2026 : ces 10 recettes de couscous vont r\u00e9galer toute la tabl\u00e9e sans exception\">Fin du Ramadan 2026 : ces 10 recettes de couscous vont r\u00e9galer toute la tabl\u00e9e sans exception<\/a><\/li>\n<li style=\"margin-bottom:10px;\"><a href=\"https:\/\/monmaghreb.com\/index.php\/2026\/08\/30\/trilece-la-recette-virale-du-dessert-ultra-gourmand-qui-seduit-tout-le-monde-pendant-le-ramadan\/\" style=\"color:#0066cc;text-decoration:none;font-weight:500;\" title=\"Trile\u00e7e : la recette virale du dessert ultra gourmand qui s\u00e9duit tout le monde pendant le Ramadan\">Trile\u00e7e : la recette virale du dessert ultra gourmand qui s\u00e9duit tout le monde pendant le Ramadan<\/a><\/li>\n<\/ul>\n<\/div>\n<p><\/body><br \/>\n<\/html><\/p>\n","protected":false},"excerpt":{"rendered":"<p>Planifiez vos activit\u00e9s scolaires avec les dates cl\u00e9s des f\u00eates musulmanes 2026-2027. Comprendre les traditions et les c\u00e9l\u00e9brations de votre communaut\u00e9. D\u00e9couvr<\/p>\n","protected":false},"author":1,"featured_media":9433,"comment_status":"closed","ping_status":"open","sticky":false,"template":"","format":"standard","meta":{"_yoast_wpseo_canonical":"","_yoast_wpseo_opengraph-title":"Ramadan 2026-2027 : les dates cl\u00e9s des f\u00eates musulmanes \u00e0 l'\u00e9cole","_yoast_wpseo_opengraph-description":"Planifiez vos activit\u00e9s scolaires avec les dates cl\u00e9s des f\u00eates musulmanes 2026-2027. Comprendre les traditions et les c\u00e9l\u00e9brations de votre communaut\u00e9. D\u00e9couvr","_yoast_wpseo_opengraph-image":"","tdm_status":"","tdm_grid_status":"","footnotes":""},"categories":[651],"tags":[5198,1800,2974,734,5197],"class_list":["post-9434","post","type-post","status-publish","format-standard","has-post-thumbnail","hentry","category-ramadan-iftar","tag-community-traditions","tag-france-education","tag-muslim-holidays-france","tag-practical-guide","tag-ramadan-school"],"yoast_head":"<!-- This site is optimized with the Yoast SEO plugin v28.3 - https:\/\/yoast.com\/product\/yoast-seo-wordpress\/ -->\n<title>Ramadan 2026-2027 : les dates cl\u00e9s des f\u00eates musulmanes \u00e0 l&#039;<\/title>\n<meta name=\"description\" content=\"Planifiez vos activit\u00e9s scolaires avec les dates cl\u00e9s des f\u00eates musulmanes 2026-2027. Comprendre les traditions et les c\u00e9l\u00e9brations de votre communaut\u00e9. D\u00e9couvr\" \/>\n<meta name=\"robots\" content=\"index, follow, max-snippet:-1, max-image-preview:large, max-video-preview:-1\" \/>\n<link rel=\"canonical\" href=\"https:\/\/monmaghreb.com\/index.php\/2026\/08\/31\/ramadan-2026-2027-les-dates-cles-des-fetes-musulmanes-a-lecole\/\" \/>\n<meta property=\"og:locale\" content=\"en_US\" \/>\n<meta property=\"og:type\" content=\"article\" \/>\n<meta property=\"og:title\" content=\"Ramadan 2026-2027 : les dates cl\u00e9s des f\u00eates musulmanes \u00e0 l&#039;\u00e9cole\" \/>\n<meta property=\"og:description\" content=\"Planifiez vos activit\u00e9s scolaires avec les dates cl\u00e9s des f\u00eates musulmanes 2026-2027. Comprendre les traditions et les c\u00e9l\u00e9brations de votre communaut\u00e9. D\u00e9couvr\" \/>\n<meta property=\"og:url\" content=\"https:\/\/monmaghreb.com\/index.php\/2026\/08\/31\/ramadan-2026-2027-les-dates-cles-des-fetes-musulmanes-a-lecole\/\" \/>\n<meta property=\"og:site_name\" content=\"Mon Maghreb\" \/>\n<meta property=\"article:author\" content=\"https:\/\/www.facebook.com\/monmaghrebcom\" \/>\n<meta property=\"article:published_time\" content=\"2026-08-31T12:35:17+00:00\" \/>\n<meta property=\"article:modified_time\" content=\"2026-08-31T12:35:22+00:00\" \/>\n<meta property=\"og:image\" content=\"https:\/\/monmaghreb.com\/wp-content\/uploads\/2026\/08\/featured-525.jpg\" \/>\n\t<meta property=\"og:image:width\" content=\"1880\" \/>\n\t<meta property=\"og:image:height\" content=\"1253\" \/>\n\t<meta property=\"og:image:type\" content=\"image\/jpeg\" \/>\n<meta name=\"author\" content=\"LaMagh\" \/>\n<meta name=\"twitter:card\" content=\"summary_large_image\" \/>\n<meta name=\"twitter:creator\" content=\"@MMaghreb50977\" \/>\n<meta name=\"twitter:label1\" content=\"Written by\" \/>\n\t<meta name=\"twitter:data1\" content=\"LaMagh\" \/>\n\t<meta name=\"twitter:label2\" content=\"Est. reading time\" \/>\n\t<meta name=\"twitter:data2\" content=\"3 minutes\" \/>\n<script type=\"application\/ld+json\" class=\"yoast-schema-graph\">{\"@context\":\"https:\\\/\\\/schema.org\",\"@graph\":[{\"@type\":\"Article\",\"@id\":\"https:\\\/\\\/monmaghreb.com\\\/index.php\\\/2026\\\/08\\\/31\\\/ramadan-2026-2027-les-dates-cles-des-fetes-musulmanes-a-lecole\\\/#article\",\"isPartOf\":{\"@id\":\"https:\\\/\\\/monmaghreb.com\\\/index.php\\\/2026\\\/08\\\/31\\\/ramadan-2026-2027-les-dates-cles-des-fetes-musulmanes-a-lecole\\\/\"},\"author\":{\"name\":\"LaMagh\",\"@id\":\"http:\\\/\\\/monmaghreb.com\\\/#\\\/schema\\\/person\\\/c469a89dc8c6b8987dcb438b1200d054\"},\"headline\":\"Ramadan 2026-2027 : les dates cl\u00e9s des f\u00eates musulmanes \u00e0 l&#8217;\u00e9cole\",\"datePublished\":\"2026-08-31T12:35:17+00:00\",\"dateModified\":\"2026-08-31T12:35:22+00:00\",\"mainEntityOfPage\":{\"@id\":\"https:\\\/\\\/monmaghreb.com\\\/index.php\\\/2026\\\/08\\\/31\\\/ramadan-2026-2027-les-dates-cles-des-fetes-musulmanes-a-lecole\\\/\"},\"wordCount\":708,\"publisher\":{\"@id\":\"http:\\\/\\\/monmaghreb.com\\\/#organization\"},\"image\":{\"@id\":\"https:\\\/\\\/monmaghreb.com\\\/index.php\\\/2026\\\/08\\\/31\\\/ramadan-2026-2027-les-dates-cles-des-fetes-musulmanes-a-lecole\\\/#primaryimage\"},\"thumbnailUrl\":\"https:\\\/\\\/monmaghreb.com\\\/wp-content\\\/uploads\\\/2026\\\/08\\\/featured-525.jpg\",\"keywords\":[\"community traditions\",\"france education\",\"muslim holidays france\",\"practical guide\",\"ramadan school\"],\"articleSection\":[\"Ramadan &amp; Iftar\"],\"inLanguage\":\"en-US\"},{\"@type\":\"WebPage\",\"@id\":\"https:\\\/\\\/monmaghreb.com\\\/index.php\\\/2026\\\/08\\\/31\\\/ramadan-2026-2027-les-dates-cles-des-fetes-musulmanes-a-lecole\\\/\",\"url\":\"https:\\\/\\\/monmaghreb.com\\\/index.php\\\/2026\\\/08\\\/31\\\/ramadan-2026-2027-les-dates-cles-des-fetes-musulmanes-a-lecole\\\/\",\"name\":\"Ramadan 2026-2027 : les dates cl\u00e9s des f\u00eates musulmanes \u00e0 l'\",\"isPartOf\":{\"@id\":\"http:\\\/\\\/monmaghreb.com\\\/#website\"},\"primaryImageOfPage\":{\"@id\":\"https:\\\/\\\/monmaghreb.com\\\/index.php\\\/2026\\\/08\\\/31\\\/ramadan-2026-2027-les-dates-cles-des-fetes-musulmanes-a-lecole\\\/#primaryimage\"},\"image\":{\"@id\":\"https:\\\/\\\/monmaghreb.com\\\/index.php\\\/2026\\\/08\\\/31\\\/ramadan-2026-2027-les-dates-cles-des-fetes-musulmanes-a-lecole\\\/#primaryimage\"},\"thumbnailUrl\":\"https:\\\/\\\/monmaghreb.com\\\/wp-content\\\/uploads\\\/2026\\\/08\\\/featured-525.jpg\",\"datePublished\":\"2026-08-31T12:35:17+00:00\",\"dateModified\":\"2026-08-31T12:35:22+00:00\",\"description\":\"Planifiez vos activit\u00e9s scolaires avec les dates cl\u00e9s des f\u00eates musulmanes 2026-2027. Comprendre les traditions et les c\u00e9l\u00e9brations de votre communaut\u00e9. D\u00e9couvr\",\"breadcrumb\":{\"@id\":\"https:\\\/\\\/monmaghreb.com\\\/index.php\\\/2026\\\/08\\\/31\\\/ramadan-2026-2027-les-dates-cles-des-fetes-musulmanes-a-lecole\\\/#breadcrumb\"},\"inLanguage\":\"en-US\",\"potentialAction\":[{\"@type\":\"ReadAction\",\"target\":[\"https:\\\/\\\/monmaghreb.com\\\/index.php\\\/2026\\\/08\\\/31\\\/ramadan-2026-2027-les-dates-cles-des-fetes-musulmanes-a-lecole\\\/\"]}]},{\"@type\":\"ImageObject\",\"inLanguage\":\"en-US\",\"@id\":\"https:\\\/\\\/monmaghreb.com\\\/index.php\\\/2026\\\/08\\\/31\\\/ramadan-2026-2027-les-dates-cles-des-fetes-musulmanes-a-lecole\\\/#primaryimage\",\"url\":\"https:\\\/\\\/monmaghreb.com\\\/wp-content\\\/uploads\\\/2026\\\/08\\\/featured-525.jpg\",\"contentUrl\":\"https:\\\/\\\/monmaghreb.com\\\/wp-content\\\/uploads\\\/2026\\\/08\\\/featured-525.jpg\",\"width\":1880,\"height\":1253,\"caption\":\"Enfants musulmans en pri\u00e8re \u00e0 la mosqu\u00e9e pendant Ramadan\"},{\"@type\":\"BreadcrumbList\",\"@id\":\"https:\\\/\\\/monmaghreb.com\\\/index.php\\\/2026\\\/08\\\/31\\\/ramadan-2026-2027-les-dates-cles-des-fetes-musulmanes-a-lecole\\\/#breadcrumb\",\"itemListElement\":[{\"@type\":\"ListItem\",\"position\":1,\"name\":\"Home\",\"item\":\"http:\\\/\\\/monmaghreb.com\\\/\"},{\"@type\":\"ListItem\",\"position\":2,\"name\":\"Ramadan 2026-2027 : les dates cl\u00e9s des f\u00eates musulmanes \u00e0 l&#8217;\u00e9cole\"}]},{\"@type\":\"WebSite\",\"@id\":\"http:\\\/\\\/monmaghreb.com\\\/#website\",\"url\":\"http:\\\/\\\/monmaghreb.com\\\/\",\"name\":\"Mon Maghreb\",\"description\":\"MonMaghreb United\",\"publisher\":{\"@id\":\"http:\\\/\\\/monmaghreb.com\\\/#organization\"},\"alternateName\":\"Le Monde du Maghreb et au del\u00e0\",\"potentialAction\":[{\"@type\":\"SearchAction\",\"target\":{\"@type\":\"EntryPoint\",\"urlTemplate\":\"http:\\\/\\\/monmaghreb.com\\\/?s={search_term_string}\"},\"query-input\":{\"@type\":\"PropertyValueSpecification\",\"valueRequired\":true,\"valueName\":\"search_term_string\"}}],\"inLanguage\":\"en-US\"},{\"@type\":\"Organization\",\"@id\":\"http:\\\/\\\/monmaghreb.com\\\/#organization\",\"name\":\"Mon Maghreb\",\"url\":\"http:\\\/\\\/monmaghreb.com\\\/\",\"logo\":{\"@type\":\"ImageObject\",\"inLanguage\":\"en-US\",\"@id\":\"http:\\\/\\\/monmaghreb.com\\\/#\\\/schema\\\/logo\\\/image\\\/\",\"url\":\"https:\\\/\\\/monmaghreb.com\\\/wp-content\\\/uploads\\\/2025\\\/12\\\/Mon_Maghreb_Logo.jpg\",\"contentUrl\":\"https:\\\/\\\/monmaghreb.com\\\/wp-content\\\/uploads\\\/2025\\\/12\\\/Mon_Maghreb_Logo.jpg\",\"width\":814,\"height\":374,\"caption\":\"Mon Maghreb\"},\"image\":{\"@id\":\"http:\\\/\\\/monmaghreb.com\\\/#\\\/schema\\\/logo\\\/image\\\/\"}},{\"@type\":\"Person\",\"@id\":\"http:\\\/\\\/monmaghreb.com\\\/#\\\/schema\\\/person\\\/c469a89dc8c6b8987dcb438b1200d054\",\"name\":\"LaMagh\",\"image\":{\"@type\":\"ImageObject\",\"inLanguage\":\"en-US\",\"@id\":\"https:\\\/\\\/secure.gravatar.com\\\/avatar\\\/399d8144bd55fba55e056779aca52fe528bac7911f6449e54d81173d6dfd7f0a?s=96&d=mm&r=g\",\"url\":\"https:\\\/\\\/secure.gravatar.com\\\/avatar\\\/399d8144bd55fba55e056779aca52fe528bac7911f6449e54d81173d6dfd7f0a?s=96&d=mm&r=g\",\"contentUrl\":\"https:\\\/\\\/secure.gravatar.com\\\/avatar\\\/399d8144bd55fba55e056779aca52fe528bac7911f6449e54d81173d6dfd7f0a?s=96&d=mm&r=g\",\"caption\":\"LaMagh\"},\"sameAs\":[\"https:\\\/\\\/monmaghreb.com\",\"https:\\\/\\\/www.facebook.com\\\/monmaghrebcom\",\"https:\\\/\\\/x.com\\\/MMaghreb50977\"],\"url\":\"https:\\\/\\\/monmaghreb.com\\\/index.php\\\/author\\\/lamagh\\\/\"}]}<\/script>\n<!-- \/ Yoast SEO plugin. -->","yoast_head_json":{"title":"Ramadan 2026-2027 : les dates cl\u00e9s des f\u00eates musulmanes \u00e0 l'","description":"Planifiez vos activit\u00e9s scolaires avec les dates cl\u00e9s des f\u00eates musulmanes 2026-2027. Comprendre les traditions et les c\u00e9l\u00e9brations de votre communaut\u00e9. D\u00e9couvr","robots":{"index":"index","follow":"follow","max-snippet":"max-snippet:-1","max-image-preview":"max-image-preview:large","max-video-preview":"max-video-preview:-1"},"canonical":"https:\/\/monmaghreb.com\/index.php\/2026\/08\/31\/ramadan-2026-2027-les-dates-cles-des-fetes-musulmanes-a-lecole\/","og_locale":"en_US","og_type":"article","og_title":"Ramadan 2026-2027 : les dates cl\u00e9s des f\u00eates musulmanes \u00e0 l'\u00e9cole","og_description":"Planifiez vos activit\u00e9s scolaires avec les dates cl\u00e9s des f\u00eates musulmanes 2026-2027. Comprendre les traditions et les c\u00e9l\u00e9brations de votre communaut\u00e9. D\u00e9couvr","og_url":"https:\/\/monmaghreb.com\/index.php\/2026\/08\/31\/ramadan-2026-2027-les-dates-cles-des-fetes-musulmanes-a-lecole\/","og_site_name":"Mon Maghreb","article_author":"https:\/\/www.facebook.com\/monmaghrebcom","article_published_time":"2026-08-31T12:35:17+00:00","article_modified_time":"2026-08-31T12:35:22+00:00","og_image":[{"width":1880,"height":1253,"url":"https:\/\/monmaghreb.com\/wp-content\/uploads\/2026\/08\/featured-525.jpg","type":"image\/jpeg"}],"author":"LaMagh","twitter_card":"summary_large_image","twitter_creator":"@MMaghreb50977","twitter_misc":{"Written by":"LaMagh","Est. reading time":"3 minutes"},"schema":{"@context":"https:\/\/schema.org","@graph":[{"@type":"Article","@id":"https:\/\/monmaghreb.com\/index.php\/2026\/08\/31\/ramadan-2026-2027-les-dates-cles-des-fetes-musulmanes-a-lecole\/#article","isPartOf":{"@id":"https:\/\/monmaghreb.com\/index.php\/2026\/08\/31\/ramadan-2026-2027-les-dates-cles-des-fetes-musulmanes-a-lecole\/"},"author":{"name":"LaMagh","@id":"http:\/\/monmaghreb.com\/#\/schema\/person\/c469a89dc8c6b8987dcb438b1200d054"},"headline":"Ramadan 2026-2027 : les dates cl\u00e9s des f\u00eates musulmanes \u00e0 l&#8217;\u00e9cole","datePublished":"2026-08-31T12:35:17+00:00","dateModified":"2026-08-31T12:35:22+00:00","mainEntityOfPage":{"@id":"https:\/\/monmaghreb.com\/index.php\/2026\/08\/31\/ramadan-2026-2027-les-dates-cles-des-fetes-musulmanes-a-lecole\/"},"wordCount":708,"publisher":{"@id":"http:\/\/monmaghreb.com\/#organization"},"image":{"@id":"https:\/\/monmaghreb.com\/index.php\/2026\/08\/31\/ramadan-2026-2027-les-dates-cles-des-fetes-musulmanes-a-lecole\/#primaryimage"},"thumbnailUrl":"https:\/\/monmaghreb.com\/wp-content\/uploads\/2026\/08\/featured-525.jpg","keywords":["community traditions","france education","muslim holidays france","practical guide","ramadan school"],"articleSection":["Ramadan &amp; Iftar"],"inLanguage":"en-US"},{"@type":"WebPage","@id":"https:\/\/monmaghreb.com\/index.php\/2026\/08\/31\/ramadan-2026-2027-les-dates-cles-des-fetes-musulmanes-a-lecole\/","url":"https:\/\/monmaghreb.com\/index.php\/2026\/08\/31\/ramadan-2026-2027-les-dates-cles-des-fetes-musulmanes-a-lecole\/","name":"Ramadan 2026-2027 : les dates cl\u00e9s des f\u00eates musulmanes \u00e0 l'","isPartOf":{"@id":"http:\/\/monmaghreb.com\/#website"},"primaryImageOfPage":{"@id":"https:\/\/monmaghreb.com\/index.php\/2026\/08\/31\/ramadan-2026-2027-les-dates-cles-des-fetes-musulmanes-a-lecole\/#primaryimage"},"image":{"@id":"https:\/\/monmaghreb.com\/index.php\/2026\/08\/31\/ramadan-2026-2027-les-dates-cles-des-fetes-musulmanes-a-lecole\/#primaryimage"},"thumbnailUrl":"https:\/\/monmaghreb.com\/wp-content\/uploads\/2026\/08\/featured-525.jpg","datePublished":"2026-08-31T12:35:17+00:00","dateModified":"2026-08-31T12:35:22+00:00","description":"Planifiez vos activit\u00e9s scolaires avec les dates cl\u00e9s des f\u00eates musulmanes 2026-2027. Comprendre les traditions et les c\u00e9l\u00e9brations de votre communaut\u00e9. D\u00e9couvr","breadcrumb":{"@id":"https:\/\/monmaghreb.com\/index.php\/2026\/08\/31\/ramadan-2026-2027-les-dates-cles-des-fetes-musulmanes-a-lecole\/#breadcrumb"},"inLanguage":"en-US","potentialAction":[{"@type":"ReadAction","target":["https:\/\/monmaghreb.com\/index.php\/2026\/08\/31\/ramadan-2026-2027-les-dates-cles-des-fetes-musulmanes-a-lecole\/"]}]},{"@type":"ImageObject","inLanguage":"en-US","@id":"https:\/\/monmaghreb.com\/index.php\/2026\/08\/31\/ramadan-2026-2027-les-dates-cles-des-fetes-musulmanes-a-lecole\/#primaryimage","url":"https:\/\/monmaghreb.com\/wp-content\/uploads\/2026\/08\/featured-525.jpg","contentUrl":"https:\/\/monmaghreb.com\/wp-content\/uploads\/2026\/08\/featured-525.jpg","width":1880,"height":1253,"caption":"Enfants musulmans en pri\u00e8re \u00e0 la mosqu\u00e9e pendant Ramadan"},{"@type":"BreadcrumbList","@id":"https:\/\/monmaghreb.com\/index.php\/2026\/08\/31\/ramadan-2026-2027-les-dates-cles-des-fetes-musulmanes-a-lecole\/#breadcrumb","itemListElement":[{"@type":"ListItem","position":1,"name":"Home","item":"http:\/\/monmaghreb.com\/"},{"@type":"ListItem","position":2,"name":"Ramadan 2026-2027 : les dates cl\u00e9s des f\u00eates musulmanes \u00e0 l&#8217;\u00e9cole"}]},{"@type":"WebSite","@id":"http:\/\/monmaghreb.com\/#website","url":"http:\/\/monmaghreb.com\/","name":"Mon Maghreb","description":"MonMaghreb United","publisher":{"@id":"http:\/\/monmaghreb.com\/#organization"},"alternateName":"Le Monde du Maghreb et au del\u00e0","potentialAction":[{"@type":"SearchAction","target":{"@type":"EntryPoint","urlTemplate":"http:\/\/monmaghreb.com\/?s={search_term_string}"},"query-input":{"@type":"PropertyValueSpecification","valueRequired":true,"valueName":"search_term_string"}}],"inLanguage":"en-US"},{"@type":"Organization","@id":"http:\/\/monmaghreb.com\/#organization","name":"Mon Maghreb","url":"http:\/\/monmaghreb.com\/","logo":{"@type":"ImageObject","inLanguage":"en-US","@id":"http:\/\/monmaghreb.com\/#\/schema\/logo\/image\/","url":"https:\/\/monmaghreb.com\/wp-content\/uploads\/2025\/12\/Mon_Maghreb_Logo.jpg","contentUrl":"https:\/\/monmaghreb.com\/wp-content\/uploads\/2025\/12\/Mon_Maghreb_Logo.jpg","width":814,"height":374,"caption":"Mon Maghreb"},"image":{"@id":"http:\/\/monmaghreb.com\/#\/schema\/logo\/image\/"}},{"@type":"Person","@id":"http:\/\/monmaghreb.com\/#\/schema\/person\/c469a89dc8c6b8987dcb438b1200d054","name":"LaMagh","image":{"@type":"ImageObject","inLanguage":"en-US","@id":"https:\/\/secure.gravatar.com\/avatar\/399d8144bd55fba55e056779aca52fe528bac7911f6449e54d81173d6dfd7f0a?s=96&d=mm&r=g","url":"https:\/\/secure.gravatar.com\/avatar\/399d8144bd55fba55e056779aca52fe528bac7911f6449e54d81173d6dfd7f0a?s=96&d=mm&r=g","contentUrl":"https:\/\/secure.gravatar.com\/avatar\/399d8144bd55fba55e056779aca52fe528bac7911f6449e54d81173d6dfd7f0a?s=96&d=mm&r=g","caption":"LaMagh"},"sameAs":["https:\/\/monmaghreb.com","https:\/\/www.facebook.com\/monmaghrebcom","https:\/\/x.com\/MMaghreb50977"],"url":"https:\/\/monmaghreb.com\/index.php\/author\/lamagh\/"}]}},"_links":{"self":[{"href":"https:\/\/monmaghreb.com\/index.php\/wp-json\/wp\/v2\/posts\/9434","targetHints":{"allow":["GET"]}}],"collection":[{"href":"https:\/\/monmaghreb.com\/index.php\/wp-json\/wp\/v2\/posts"}],"about":[{"href":"https:\/\/monmaghreb.com\/index.php\/wp-json\/wp\/v2\/types\/post"}],"author":[{"embeddable":true,"href":"https:\/\/monmaghreb.com\/index.php\/wp-json\/wp\/v2\/users\/1"}],"replies":[{"embeddable":true,"href":"https:\/\/monmaghreb.com\/index.php\/wp-json\/wp\/v2\/comments?post=9434"}],"version-history":[{"count":1,"href":"https:\/\/monmaghreb.com\/index.php\/wp-json\/wp\/v2\/posts\/9434\/revisions"}],"predecessor-version":[{"id":9435,"href":"https:\/\/monmaghreb.com\/index.php\/wp-json\/wp\/v2\/posts\/9434\/revisions\/9435"}],"wp:featuredmedia":[{"embeddable":true,"href":"https:\/\/monmaghreb.com\/index.php\/wp-json\/wp\/v2\/media\/9433"}],"wp:attachment":[{"href":"https:\/\/monmaghreb.com\/index.php\/wp-json\/wp\/v2\/media?parent=9434"}],"wp:term":[{"taxonomy":"category","embeddable":true,"href":"https:\/\/monmaghreb.com\/index.php\/wp-json\/wp\/v2\/categories?post=9434"},{"taxonomy":"post_tag","embeddable":true,"href":"https:\/\/monmaghreb.com\/index.php\/wp-json\/wp\/v2\/tags?post=9434"}],"curies":[{"name":"wp","href":"https:\/\/api.w.org\/{rel}","templated":true}]}}